{"id":9648,"date":"2024-04-29T09:57:11","date_gmt":"2024-04-29T09:57:11","guid":{"rendered":"https:\/\/fmc.ch\/?p=9648"},"modified":"2025-12-01T13:38:58","modified_gmt":"2025-12-01T12:38:58","slug":"webinaire-je-me-bouge-pour-ma-sante","status":"publish","type":"post","link":"https:\/\/fmc.ch\/fr\/webinar-je-me-bouge-pour-ma-sante\/","title":{"rendered":"Club de projet fmc-PGV : Promotion Sant\u00e9 Suisse - Transfert dans la pratique du projet \"je me bouge pour ma sant\u00e9\"."},"content":{"rendered":"<div data-elementor-type=\"wp-post\" data-elementor-id=\"9648\" class=\"elementor elementor-9648\" data-elementor-post-type=\"post\">\n\t\t\t\t\t\t<section class=\"elementor-section elementor-top-section elementor-element elementor-element-8b7b1d1 elementor-section-boxed elementor-section-height-default elementor-section-height-default\" data-id=\"8b7b1d1\" data-element_type=\"section\" data-e-type=\"section\">\n\t\t\t\t\t\t<div class=\"elementor-container elementor-column-gap-default\">\n\t\t\t\t\t<div class=\"elementor-column elementor-col-100 elementor-top-column elementor-element elementor-element-a6863d1\" data-id=\"a6863d1\" data-element_type=\"column\" data-e-type=\"column\">\n\t\t\t<div class=\"elementor-widget-wrap elementor-element-populated\">\n\t\t\t\t\t\t<div class=\"elementor-element elementor-element-cfd8d3f elementor-widget elementor-widget-text-editor\" data-id=\"cfd8d3f\" data-element_type=\"widget\" data-e-type=\"widget\" data-widget_type=\"text-editor.default\">\n\t\t\t\t<div class=\"elementor-widget-container\">\n\t\t\t\t\t\t\t\t\t<p>Nous sommes heureux d'organiser \u00e0 nouveau, en collaboration avec Promotion Sant\u00e9 Suisse, une s\u00e9rie de webinaires sur des projets soutenus. Le premier \u00e9v\u00e9nement de cette ann\u00e9e sera le projet \"je me bouge pour ma sant\u00e9\". <a href=\"https:\/\/che01.safelinks.protection.outlook.com\/?url=https%3A%2F%2Ffmc.us17.list-manage.com%2Ftrack%2Fclick%3Fu%3D20cc13687c1b889498b683563%26id%3D21661f3224%26e%3D649376ca99&amp;data=05%7C02%7Cnadja.blanchard%40fmc.ch%7Cfc8b57850e8241e2a1e908dc63b89f68%7Ce1291afa0b7346fcbd20b48a430d5aa8%7C1%7C0%7C638494891807748679%7CUnknown%7CTWFpbGZsb3d8eyJWIjoiMC4wLjAwMDAiLCJQIjoiV2luMzIiLCJBTiI6Ik1haWwiLCJXVCI6Mn0%3D%7C0%7C%7C%7C&amp;sdata=ChlpMM%2BJ6PsxaE%2FuxarlpLybF%2FdekKEnF%2BGId4%2FDx30%3D&amp;reserved=0\"><strong>Je bouge pour ma sant\u00e9 (jemebouge.ch)<\/strong><\/a>, une plateforme proposant des offres d'activit\u00e9 physique ambulatoire pour encourager l'activit\u00e9 physique.<\/p>\t\t\t\t\t\t\t\t<\/div>\n\t\t\t\t<\/div>\n\t\t\t\t\t<\/div>\n\t\t<\/div>\n\t\t\t\t\t<\/div>\n\t\t<\/section>\n\t\t\t\t<section class=\"elementor-section elementor-top-section elementor-element elementor-element-ada7114 elementor-section-boxed elementor-section-height-default elementor-section-height-default\" data-id=\"ada7114\" data-element_type=\"section\" data-e-type=\"section\">\n\t\t\t\t\t\t<div class=\"elementor-container elementor-column-gap-default\">\n\t\t\t\t\t<div class=\"elementor-column elementor-col-100 elementor-top-column elementor-element elementor-element-b710fb5\" data-id=\"b710fb5\" data-element_type=\"column\" data-e-type=\"column\">\n\t\t\t<div class=\"elementor-widget-wrap elementor-element-populated\">\n\t\t\t\t\t\t<div class=\"elementor-element elementor-element-3915543 elementor-widget__width-initial elementor-widget elementor-widget-text-editor\" data-id=\"3915543\" data-element_type=\"widget\" data-e-type=\"widget\" data-widget_type=\"text-editor.default\">\n\t\t\t\t<div class=\"elementor-widget-container\">\n\t\t\t\t\t\t\t\t\t<h3>Br\u00e8ve description du projet (extrait du rapport d'\u00e9valuation)<\/h3><p>Les services visant \u00e0 l'adoption de modes de vie sains sont mal connus et insuffisamment utilis\u00e9s par les personnes souffrant de maladies chroniques ou de maladies non transmissibles (MNT), ainsi que par les personnes s\u00e9dentaires et celles \u00e0 haut risque de d\u00e9velopper une MNT, en particulier les personnes les plus vuln\u00e9rables sur le plan socio-\u00e9conomique. L'offre d'activit\u00e9 physique (AP) est importante, mais organis\u00e9e par pathologie et parfois mal adapt\u00e9e aux diff\u00e9rents besoins individuels. Ces observations sont partag\u00e9es par les ligues de sant\u00e9 vaudoises et les associations de patients en lien avec les diff\u00e9rentes MNT. L'objectif du projet \"Je me bouge pour ma sant\u00e9\" \u00e9tait de cr\u00e9er des synergies entre elles afin de centraliser les offres d'Activit\u00e9s Physiques Adapt\u00e9es (APA) et de d\u00e9velopper des services compl\u00e9mentaires pour que chaque personne, quelle que soit sa pathologie, puisse trouver un service adapt\u00e9 \u00e0 ses besoins et \u00e0 ses capacit\u00e9s.<\/p><p>Le site web <a href=\"https:\/\/www.jemebouge.ch\/\" target=\"_blank\" rel=\"noopener\">jemebouge.ch<\/a>, principal r\u00e9sultat du projet, pr\u00e9sente plus de 300 APP propos\u00e9s de mani\u00e8re harmonis\u00e9e et accessible par plus de 170 prestataires de services, tant pour les personnes qui souhaitent se remettre en mouvement que pour les professionnels qui les conseillent et les guident \u00e0 cet \u00e9gard.<\/p><p>En outre, le renforcement de la coop\u00e9ration entre les partenaires du projet est un r\u00e9sultat secondaire important et durable pour le renforcement de la pr\u00e9vention dans le secteur de la sant\u00e9.<\/p><p>Vous trouverez le rapport d'\u00e9valuation d\u00e9taill\u00e9 sur le site Internet de Promotion Sant\u00e9 Suisse : <a href=\"https:\/\/che01.safelinks.protection.outlook.com\/?url=https%3A%2F%2Ffmc.us17.list-manage.com%2Ftrack%2Fclick%3Fu%3D20cc13687c1b889498b683563%26id%3D109a95ce64%26e%3D649376ca99&amp;data=05%7C02%7Cnadja.blanchard%40fmc.ch%7Cfc8b57850e8241e2a1e908dc63b89f68%7Ce1291afa0b7346fcbd20b48a430d5aa8%7C1%7C0%7C638494891807764530%7CUnknown%7CTWFpbGZsb3d8eyJWIjoiMC4wLjAwMDAiLCJQIjoiV2luMzIiLCJBTiI6Ik1haWwiLCJXVCI6Mn0%3D%7C0%7C%7C%7C&amp;sdata=wh0eU8gbbTP4QE4WADur186QqcaOb5dbWVqkmmjPiE8%3D&amp;reserved=0\"><strong>Projet \"Je me bouge pour ma sant\u00e9\" | Promotion Sant\u00e9 Suisse (promotion de la sant\u00e9.ch)<\/strong><\/a><\/p>\t\t\t\t\t\t\t\t<\/div>\n\t\t\t\t<\/div>\n\t\t\t\t\t<\/div>\n\t\t<\/div>\n\t\t\t\t\t<\/div>\n\t\t<\/section>\n\t\t\t\t<section class=\"elementor-section elementor-top-section elementor-element elementor-element-75d675e elementor-section-boxed elementor-section-height-default elementor-section-height-default\" data-id=\"75d675e\" data-element_type=\"section\" data-e-type=\"section\">\n\t\t\t\t\t\t<div class=\"elementor-container elementor-column-gap-default\">\n\t\t\t\t\t<div class=\"elementor-column elementor-col-100 elementor-top-column elementor-element elementor-element-6948743\" data-id=\"6948743\" data-element_type=\"column\" data-e-type=\"column\">\n\t\t\t<div class=\"elementor-widget-wrap elementor-element-populated\">\n\t\t\t\t\t\t<div class=\"elementor-element elementor-element-ad533fd elementor-widget elementor-widget-heading\" data-id=\"ad533fd\" data-element_type=\"widget\" data-e-type=\"widget\" data-widget_type=\"heading.default\">\n\t\t\t\t<div class=\"elementor-widget-container\">\n\t\t\t\t\t<h2 class=\"elementor-heading-title elementor-size-default\">Pr\u00e9sentation du webinaire<\/h2>\t\t\t\t<\/div>\n\t\t\t\t<\/div>\n\t\t\t\t<div class=\"elementor-element elementor-element-3c76cd1 elementor-widget elementor-widget-shortcode\" data-id=\"3c76cd1\" data-element_type=\"widget\" data-e-type=\"widget\" data-widget_type=\"shortcode.default\">\n\t\t\t\t<div class=\"elementor-widget-container\">\n\t\t\t\t\t\t\t<div class=\"elementor-shortcode\"><div class=\"_df_book df-lite\" id=\"df_9984\"  _slug=\"webinar_je-me-bouge-pou-rma-sante\" data-title=\"webinar_je-me-bouge-pour-ma-sante\" wpoptions=\"true\" thumbtype=\"\" ><\/div><script class=\"df-shortcode-script\" nowprocket type=\"application\/javascript\">window.option_df_9984 = {\"outline\":[],\"backgroundColor\":\"#f1f1f1\",\"height\":\"700\",\"autoEnableOutline\":\"false\",\"autoEnableThumbnail\":\"false\",\"overwritePDFOutline\":\"false\",\"direction\":\"1\",\"pageSize\":\"0\",\"source\":\"https:\\\/\\\/fmc.ch\\\/wp-content\\\/uploads\\\/2024\\\/06\\\/Webinar_Je-me-bouge-pour-ma-sante-final.pdf\",\"wpOptions\":\"true\"}; if(window.DFLIP && window.DFLIP.parseBooks){window.DFLIP.parseBooks();}<\/script><\/div>\n\t\t\t\t\t\t<\/div>\n\t\t\t\t<\/div>\n\t\t\t\t\t<\/div>\n\t\t<\/div>\n\t\t\t\t\t<\/div>\n\t\t<\/section>\n\t\t\t\t<section class=\"elementor-section elementor-top-section elementor-element elementor-element-6b46394 elementor-section-boxed elementor-section-height-default elementor-section-height-default\" data-id=\"6b46394\" data-element_type=\"section\" data-e-type=\"section\">\n\t\t\t\t\t\t<div class=\"elementor-container elementor-column-gap-default\">\n\t\t\t\t\t<div class=\"elementor-column elementor-col-100 elementor-top-column elementor-element elementor-element-08b0d92\" data-id=\"08b0d92\" data-element_type=\"column\" data-e-type=\"column\">\n\t\t\t<div class=\"elementor-widget-wrap elementor-element-populated\">\n\t\t\t\t\t\t<div class=\"elementor-element elementor-element-170f775 elementor-invisible elementor-widget elementor-widget-heading\" data-id=\"170f775\" data-element_type=\"widget\" data-e-type=\"widget\" data-settings=\"{&quot;_animation&quot;:&quot;fadeInUp&quot;}\" data-widget_type=\"heading.default\">\n\t\t\t\t<div class=\"elementor-widget-container\">\n\t\t\t\t\t<h2 class=\"elementor-heading-title elementor-size-default\">Dates cl\u00e9s du webinaire<\/h2>\t\t\t\t<\/div>\n\t\t\t\t<\/div>\n\t\t\t\t<div class=\"elementor-element elementor-element-b85eb5c elementor-invisible elementor-widget elementor-widget-text-editor\" data-id=\"b85eb5c\" data-element_type=\"widget\" data-e-type=\"widget\" data-settings=\"{&quot;_animation&quot;:&quot;fadeIn&quot;}\" data-widget_type=\"text-editor.default\">\n\t\t\t\t<div class=\"elementor-widget-container\">\n\t\t\t\t\t\t\t\t\t<table width=\"160\">\n<tbody>\n<tr>\n<td width=\"80\">Quand<\/td>\n<td width=\"80\">Lundi 3 juin 2024<\/td>\n<\/tr>\n<tr>\n<td>O\u00f9<\/td>\n<td>en ligne<\/td>\n<\/tr>\n<tr>\n<td>Langue :<\/td>\n<td>Fran\u00e7ais avec interpr\u00e9tation simultan\u00e9e en allemand<\/td>\n<\/tr>\n<tr>\n<td>Qui est pr\u00e9sent<\/td>\n<td><a href=\"https:\/\/che01.safelinks.protection.outlook.com\/?url=https%3A%2F%2Ffmc.us17.list-manage.com%2Ftrack%2Fclick%3Fu%3D20cc13687c1b889498b683563%26id%3D1a658f97ec%26e%3D649376ca99&amp;data=05%7C02%7Cnadja.blanchard%40fmc.ch%7Cfc8b57850e8241e2a1e908dc63b89f68%7Ce1291afa0b7346fcbd20b48a430d5aa8%7C1%7C0%7C638494891807753954%7CUnknown%7CTWFpbGZsb3d8eyJWIjoiMC4wLjAwMDAiLCJQIjoiV2luMzIiLCJBTiI6Ik1haWwiLCJXVCI6Mn0%3D%7C0%7C%7C%7C&amp;sdata=aJNSAMbbAdJj1jdYiXY%2BeRl77Ubx3o2v9zx63RCRBFA%3D&amp;reserved=0\"><strong>Tiffany Martin<\/strong><\/a>, responsable de projet<\/td>\n<\/tr>\n<tr>\n<td><\/td>\n<td>Dr Luc Ka Sing Ho, m\u00e9decin responsable medbase Lausanne, est partenaire de cabinet pour la r\u00e9flexion<\/td>\n<\/tr>\n\n<\/tbody>\n<\/table>\t\t\t\t\t\t\t\t<\/div>\n\t\t\t\t<\/div>\n\t\t\t\t\t<\/div>\n\t\t<\/div>\n\t\t\t\t\t<\/div>\n\t\t<\/section>\n\t\t\t\t<section class=\"elementor-section elementor-top-section elementor-element elementor-element-90cd1f6 elementor-section-boxed elementor-section-height-default elementor-section-height-default\" data-id=\"90cd1f6\" data-element_type=\"section\" data-e-type=\"section\">\n\t\t\t\t\t\t<div class=\"elementor-container elementor-column-gap-default\">\n\t\t\t\t\t<div class=\"elementor-column elementor-col-100 elementor-top-column elementor-element elementor-element-5477853\" data-id=\"5477853\" data-element_type=\"column\" data-e-type=\"column\">\n\t\t\t<div class=\"elementor-widget-wrap elementor-element-populated\">\n\t\t\t\t\t\t<div class=\"elementor-element elementor-element-9a3ac75 elementor-widget elementor-widget-image\" data-id=\"9a3ac75\" data-element_type=\"widget\" data-e-type=\"widget\" data-widget_type=\"image.default\">\n\t\t\t\t<div class=\"elementor-widget-container\">\n\t\t\t\t\t\t\t\t\t\t\t\t\t\t\t\t<a href=\"https:\/\/www.jemebouge.ch\/\" target=\"_blank\">\n\t\t\t\t\t\t\t<img fetchpriority=\"high\" decoding=\"async\" width=\"299\" height=\"299\" src=\"https:\/\/fmc.ch\/wp-content\/uploads\/2024\/04\/Icon-Je-me-bouge-pour-ma-sante.png\" class=\"attachment-large size-large wp-image-9649\" alt=\"\" \/>\t\t\t\t\t\t\t\t<\/a>\n\t\t\t\t\t\t\t\t\t\t\t\t\t\t\t<\/div>\n\t\t\t\t<\/div>\n\t\t\t\t\t<\/div>\n\t\t<\/div>\n\t\t\t\t\t<\/div>\n\t\t<\/section>\n\t\t\t\t<\/div>","protected":false},"excerpt":{"rendered":"<p>Casser les silos et \u00e9largir la r\u00e9flexion sur l'information - deux des objectifs du projet \"Je me bouge pour ma sant\u00e9\".<\/p>","protected":false},"author":2,"featured_media":9649,"comment_status":"closed","ping_status":"closed","sticky":false,"template":"","format":[138,141],"meta":{"footnotes":""},"strategie":[157],"thema":[170],"class_list":["post-9648","post","type-post","status-publish","format-standard","has-post-thumbnail","hentry","strategie-instrumente","thema-themenuebergreifende-fmc-aktivitaet","format-veranstaltung","format-webinare"],"yoast_head":"<!-- This site is optimized with the Yoast SEO plugin v27.5 - https:\/\/yoast.com\/product\/yoast-seo-wordpress\/ -->\n<title>fmc-PGV Projektclub: Gesundheitsf\u00f6rderung Schweiz \u2013 Transfer in die Praxis zum Projekt \u201eje me bouge pour ma sant\u00e9\u201c - FMC<\/title>\n<meta name=\"description\" content=\"Silos aufbrechen und Information breiter denken- zwei der Ziele des Projektes &quot;ich bewege mich f\u00fcr meine Gesundheit&quot; (Je me bouge pour ma sant\u00e9).\" \/>\n<meta name=\"robots\" content=\"index, follow, max-snippet:-1, max-image-preview:large, max-video-preview:-1\" \/>\n<link rel=\"canonical\" href=\"https:\/\/fmc.ch\/fr\/webinaire-je-me-bouge-pour-ma-sante\/\" \/>\n<meta property=\"og:locale\" content=\"fr_FR\" \/>\n<meta property=\"og:type\" content=\"article\" \/>\n<meta property=\"og:title\" content=\"fmc-PGV Projektclub: Gesundheitsf\u00f6rderung Schweiz \u2013 Transfer in die Praxis zum Projekt \u201eje me bouge pour ma sant\u00e9\u201c - FMC\" \/>\n<meta property=\"og:description\" content=\"Silos aufbrechen und Information breiter denken- zwei der Ziele des Projektes &quot;ich bewege mich f\u00fcr meine Gesundheit&quot; (Je me bouge pour ma sant\u00e9).\" \/>\n<meta property=\"og:url\" content=\"https:\/\/fmc.ch\/fr\/webinaire-je-me-bouge-pour-ma-sante\/\" \/>\n<meta property=\"og:site_name\" content=\"FMC\" \/>\n<meta property=\"article:published_time\" content=\"2024-04-29T09:57:11+00:00\" \/>\n<meta property=\"article:modified_time\" content=\"2025-12-01T12:38:58+00:00\" \/>\n<meta property=\"og:image\" content=\"https:\/\/fmc.ch\/wp-content\/uploads\/2024\/04\/Icon-Je-me-bouge-pour-ma-sante.png\" \/>\n\t<meta property=\"og:image:width\" content=\"299\" \/>\n\t<meta property=\"og:image:height\" content=\"299\" \/>\n\t<meta property=\"og:image:type\" content=\"image\/png\" \/>\n<meta name=\"author\" content=\"Nadja Blanchard\" \/>\n<meta name=\"twitter:card\" content=\"summary_large_image\" \/>\n<meta name=\"twitter:label1\" content=\"\u00c9crit par\" \/>\n\t<meta name=\"twitter:data1\" content=\"Nadja Blanchard\" \/>\n\t<meta name=\"twitter:label2\" content=\"Dur\u00e9e de lecture estim\u00e9e\" \/>\n\t<meta name=\"twitter:data2\" content=\"3 minutes\" \/>\n<script type=\"application\/ld+json\" class=\"yoast-schema-graph\">{\"@context\":\"https:\\\/\\\/schema.org\",\"@graph\":[{\"@type\":\"Article\",\"@id\":\"https:\\\/\\\/fmc.ch\\\/webinar-je-me-bouge-pour-ma-sante\\\/#article\",\"isPartOf\":{\"@id\":\"https:\\\/\\\/fmc.ch\\\/webinar-je-me-bouge-pour-ma-sante\\\/\"},\"author\":{\"name\":\"Nadja Blanchard\",\"@id\":\"https:\\\/\\\/fmc.ch\\\/#\\\/schema\\\/person\\\/3a7218d283691f8ef8cf410e4615e507\"},\"headline\":\"fmc-PGV Projektclub: Gesundheitsf\u00f6rderung Schweiz \u2013 Transfer in die Praxis zum Projekt \u201eje me bouge pour ma sant\u00e9\u201c\",\"datePublished\":\"2024-04-29T09:57:11+00:00\",\"dateModified\":\"2025-12-01T12:38:58+00:00\",\"mainEntityOfPage\":{\"@id\":\"https:\\\/\\\/fmc.ch\\\/webinar-je-me-bouge-pour-ma-sante\\\/\"},\"wordCount\":385,\"publisher\":{\"@id\":\"https:\\\/\\\/fmc.ch\\\/#organization\"},\"image\":{\"@id\":\"https:\\\/\\\/fmc.ch\\\/webinar-je-me-bouge-pour-ma-sante\\\/#primaryimage\"},\"thumbnailUrl\":\"https:\\\/\\\/fmc.ch\\\/wp-content\\\/uploads\\\/2024\\\/04\\\/Icon-Je-me-bouge-pour-ma-sante.png\",\"articleSection\":[\"Webinare\"],\"inLanguage\":\"fr-FR\"},{\"@type\":\"WebPage\",\"@id\":\"https:\\\/\\\/fmc.ch\\\/webinar-je-me-bouge-pour-ma-sante\\\/\",\"url\":\"https:\\\/\\\/fmc.ch\\\/webinar-je-me-bouge-pour-ma-sante\\\/\",\"name\":\"fmc-PGV Projektclub: Gesundheitsf\u00f6rderung Schweiz \u2013 Transfer in die Praxis zum Projekt \u201eje me bouge pour ma sant\u00e9\u201c - FMC\",\"isPartOf\":{\"@id\":\"https:\\\/\\\/fmc.ch\\\/#website\"},\"primaryImageOfPage\":{\"@id\":\"https:\\\/\\\/fmc.ch\\\/webinar-je-me-bouge-pour-ma-sante\\\/#primaryimage\"},\"image\":{\"@id\":\"https:\\\/\\\/fmc.ch\\\/webinar-je-me-bouge-pour-ma-sante\\\/#primaryimage\"},\"thumbnailUrl\":\"https:\\\/\\\/fmc.ch\\\/wp-content\\\/uploads\\\/2024\\\/04\\\/Icon-Je-me-bouge-pour-ma-sante.png\",\"datePublished\":\"2024-04-29T09:57:11+00:00\",\"dateModified\":\"2025-12-01T12:38:58+00:00\",\"description\":\"Silos aufbrechen und Information breiter denken- zwei der Ziele des Projektes \\\"ich bewege mich f\u00fcr meine Gesundheit\\\" (Je me bouge pour ma sant\u00e9).\",\"breadcrumb\":{\"@id\":\"https:\\\/\\\/fmc.ch\\\/webinar-je-me-bouge-pour-ma-sante\\\/#breadcrumb\"},\"inLanguage\":\"fr-FR\",\"potentialAction\":[{\"@type\":\"ReadAction\",\"target\":[\"https:\\\/\\\/fmc.ch\\\/webinar-je-me-bouge-pour-ma-sante\\\/\"]}]},{\"@type\":\"ImageObject\",\"inLanguage\":\"fr-FR\",\"@id\":\"https:\\\/\\\/fmc.ch\\\/webinar-je-me-bouge-pour-ma-sante\\\/#primaryimage\",\"url\":\"https:\\\/\\\/fmc.ch\\\/wp-content\\\/uploads\\\/2024\\\/04\\\/Icon-Je-me-bouge-pour-ma-sante.png\",\"contentUrl\":\"https:\\\/\\\/fmc.ch\\\/wp-content\\\/uploads\\\/2024\\\/04\\\/Icon-Je-me-bouge-pour-ma-sante.png\",\"width\":299,\"height\":299},{\"@type\":\"BreadcrumbList\",\"@id\":\"https:\\\/\\\/fmc.ch\\\/webinar-je-me-bouge-pour-ma-sante\\\/#breadcrumb\",\"itemListElement\":[{\"@type\":\"ListItem\",\"position\":1,\"name\":\"Home\",\"item\":\"https:\\\/\\\/fmc.ch\\\/\"},{\"@type\":\"ListItem\",\"position\":2,\"name\":\"fmc-PGV Projektclub: Gesundheitsf\u00f6rderung Schweiz \u2013 Transfer in die Praxis zum Projekt \u201eje me bouge pour ma sant\u00e9\u201c\"}]},{\"@type\":\"WebSite\",\"@id\":\"https:\\\/\\\/fmc.ch\\\/#website\",\"url\":\"https:\\\/\\\/fmc.ch\\\/\",\"name\":\"FMC\",\"description\":\"Schweizer Forum f\u00fcr Integrierte Versorgung\",\"publisher\":{\"@id\":\"https:\\\/\\\/fmc.ch\\\/#organization\"},\"potentialAction\":[{\"@type\":\"SearchAction\",\"target\":{\"@type\":\"EntryPoint\",\"urlTemplate\":\"https:\\\/\\\/fmc.ch\\\/?s={search_term_string}\"},\"query-input\":{\"@type\":\"PropertyValueSpecification\",\"valueRequired\":true,\"valueName\":\"search_term_string\"}}],\"inLanguage\":\"fr-FR\"},{\"@type\":\"Organization\",\"@id\":\"https:\\\/\\\/fmc.ch\\\/#organization\",\"name\":\"FMC\",\"url\":\"https:\\\/\\\/fmc.ch\\\/\",\"logo\":{\"@type\":\"ImageObject\",\"inLanguage\":\"fr-FR\",\"@id\":\"https:\\\/\\\/fmc.ch\\\/#\\\/schema\\\/logo\\\/image\\\/\",\"url\":\"https:\\\/\\\/fmc.ch\\\/wp-content\\\/uploads\\\/2023\\\/09\\\/fmc-logo.svg\",\"contentUrl\":\"https:\\\/\\\/fmc.ch\\\/wp-content\\\/uploads\\\/2023\\\/09\\\/fmc-logo.svg\",\"caption\":\"FMC\"},\"image\":{\"@id\":\"https:\\\/\\\/fmc.ch\\\/#\\\/schema\\\/logo\\\/image\\\/\"}},{\"@type\":\"Person\",\"@id\":\"https:\\\/\\\/fmc.ch\\\/#\\\/schema\\\/person\\\/3a7218d283691f8ef8cf410e4615e507\",\"name\":\"Nadja Blanchard\",\"image\":{\"@type\":\"ImageObject\",\"inLanguage\":\"fr-FR\",\"@id\":\"https:\\\/\\\/secure.gravatar.com\\\/avatar\\\/729fbcebbfccd7834565b1398470d6ea84a4f3e7525873a0cb368db99228ce7b?s=96&d=mm&r=g\",\"url\":\"https:\\\/\\\/secure.gravatar.com\\\/avatar\\\/729fbcebbfccd7834565b1398470d6ea84a4f3e7525873a0cb368db99228ce7b?s=96&d=mm&r=g\",\"contentUrl\":\"https:\\\/\\\/secure.gravatar.com\\\/avatar\\\/729fbcebbfccd7834565b1398470d6ea84a4f3e7525873a0cb368db99228ce7b?s=96&d=mm&r=g\",\"caption\":\"Nadja Blanchard\"},\"url\":\"https:\\\/\\\/fmc.ch\\\/fr\\\/author\\\/nadja-blanchardfmc-ch\\\/\"}]}<\/script>\n<!-- \/ Yoast SEO plugin. -->","yoast_head_json":{"title":"Club de projet fmc-PGV : Promotion Sant\u00e9 Suisse - Transfert dans la pratique du projet \"je me bouge pour ma sant\u00e9\" - FMC","description":"Casser les silos et \u00e9largir la r\u00e9flexion sur l'information : deux des objectifs du projet \"Je me bouge pour ma sant\u00e9\".","robots":{"index":"index","follow":"follow","max-snippet":"max-snippet:-1","max-image-preview":"max-image-preview:large","max-video-preview":"max-video-preview:-1"},"canonical":"https:\/\/fmc.ch\/fr\/webinaire-je-me-bouge-pour-ma-sante\/","og_locale":"fr_FR","og_type":"article","og_title":"fmc-PGV Projektclub: Gesundheitsf\u00f6rderung Schweiz \u2013 Transfer in die Praxis zum Projekt \u201eje me bouge pour ma sant\u00e9\u201c - FMC","og_description":"Silos aufbrechen und Information breiter denken- zwei der Ziele des Projektes \"ich bewege mich f\u00fcr meine Gesundheit\" (Je me bouge pour ma sant\u00e9).","og_url":"https:\/\/fmc.ch\/fr\/webinaire-je-me-bouge-pour-ma-sante\/","og_site_name":"FMC","article_published_time":"2024-04-29T09:57:11+00:00","article_modified_time":"2025-12-01T12:38:58+00:00","og_image":[{"width":299,"height":299,"url":"https:\/\/fmc.ch\/wp-content\/uploads\/2024\/04\/Icon-Je-me-bouge-pour-ma-sante.png","type":"image\/png"}],"author":"Nadja Blanchard","twitter_card":"summary_large_image","twitter_misc":{"\u00c9crit par":"Nadja Blanchard","Dur\u00e9e de lecture estim\u00e9e":"3 minutes"},"schema":{"@context":"https:\/\/schema.org","@graph":[{"@type":"Article","@id":"https:\/\/fmc.ch\/webinar-je-me-bouge-pour-ma-sante\/#article","isPartOf":{"@id":"https:\/\/fmc.ch\/webinar-je-me-bouge-pour-ma-sante\/"},"author":{"name":"Nadja Blanchard","@id":"https:\/\/fmc.ch\/#\/schema\/person\/3a7218d283691f8ef8cf410e4615e507"},"headline":"fmc-PGV Projektclub: Gesundheitsf\u00f6rderung Schweiz \u2013 Transfer in die Praxis zum Projekt \u201eje me bouge pour ma sant\u00e9\u201c","datePublished":"2024-04-29T09:57:11+00:00","dateModified":"2025-12-01T12:38:58+00:00","mainEntityOfPage":{"@id":"https:\/\/fmc.ch\/webinar-je-me-bouge-pour-ma-sante\/"},"wordCount":385,"publisher":{"@id":"https:\/\/fmc.ch\/#organization"},"image":{"@id":"https:\/\/fmc.ch\/webinar-je-me-bouge-pour-ma-sante\/#primaryimage"},"thumbnailUrl":"https:\/\/fmc.ch\/wp-content\/uploads\/2024\/04\/Icon-Je-me-bouge-pour-ma-sante.png","articleSection":["Webinare"],"inLanguage":"fr-FR"},{"@type":"WebPage","@id":"https:\/\/fmc.ch\/webinar-je-me-bouge-pour-ma-sante\/","url":"https:\/\/fmc.ch\/webinar-je-me-bouge-pour-ma-sante\/","name":"Club de projet fmc-PGV : Promotion Sant\u00e9 Suisse - Transfert dans la pratique du projet \"je me bouge pour ma sant\u00e9\" - FMC","isPartOf":{"@id":"https:\/\/fmc.ch\/#website"},"primaryImageOfPage":{"@id":"https:\/\/fmc.ch\/webinar-je-me-bouge-pour-ma-sante\/#primaryimage"},"image":{"@id":"https:\/\/fmc.ch\/webinar-je-me-bouge-pour-ma-sante\/#primaryimage"},"thumbnailUrl":"https:\/\/fmc.ch\/wp-content\/uploads\/2024\/04\/Icon-Je-me-bouge-pour-ma-sante.png","datePublished":"2024-04-29T09:57:11+00:00","dateModified":"2025-12-01T12:38:58+00:00","description":"Casser les silos et \u00e9largir la r\u00e9flexion sur l'information : deux des objectifs du projet \"Je me bouge pour ma sant\u00e9\".","breadcrumb":{"@id":"https:\/\/fmc.ch\/webinar-je-me-bouge-pour-ma-sante\/#breadcrumb"},"inLanguage":"fr-FR","potentialAction":[{"@type":"ReadAction","target":["https:\/\/fmc.ch\/webinar-je-me-bouge-pour-ma-sante\/"]}]},{"@type":"ImageObject","inLanguage":"fr-FR","@id":"https:\/\/fmc.ch\/webinar-je-me-bouge-pour-ma-sante\/#primaryimage","url":"https:\/\/fmc.ch\/wp-content\/uploads\/2024\/04\/Icon-Je-me-bouge-pour-ma-sante.png","contentUrl":"https:\/\/fmc.ch\/wp-content\/uploads\/2024\/04\/Icon-Je-me-bouge-pour-ma-sante.png","width":299,"height":299},{"@type":"BreadcrumbList","@id":"https:\/\/fmc.ch\/webinar-je-me-bouge-pour-ma-sante\/#breadcrumb","itemListElement":[{"@type":"ListItem","position":1,"name":"Home","item":"https:\/\/fmc.ch\/"},{"@type":"ListItem","position":2,"name":"fmc-PGV Projektclub: Gesundheitsf\u00f6rderung Schweiz \u2013 Transfer in die Praxis zum Projekt \u201eje me bouge pour ma sant\u00e9\u201c"}]},{"@type":"WebSite","@id":"https:\/\/fmc.ch\/#website","url":"https:\/\/fmc.ch\/","name":"FMC","description":"Forum suisse des soins int\u00e9gr\u00e9s","publisher":{"@id":"https:\/\/fmc.ch\/#organization"},"potentialAction":[{"@type":"SearchAction","target":{"@type":"EntryPoint","urlTemplate":"https:\/\/fmc.ch\/?s={search_term_string}"},"query-input":{"@type":"PropertyValueSpecification","valueRequired":true,"valueName":"search_term_string"}}],"inLanguage":"fr-FR"},{"@type":"Organization","@id":"https:\/\/fmc.ch\/#organization","name":"FMC","url":"https:\/\/fmc.ch\/","logo":{"@type":"ImageObject","inLanguage":"fr-FR","@id":"https:\/\/fmc.ch\/#\/schema\/logo\/image\/","url":"https:\/\/fmc.ch\/wp-content\/uploads\/2023\/09\/fmc-logo.svg","contentUrl":"https:\/\/fmc.ch\/wp-content\/uploads\/2023\/09\/fmc-logo.svg","caption":"FMC"},"image":{"@id":"https:\/\/fmc.ch\/#\/schema\/logo\/image\/"}},{"@type":"Person","@id":"https:\/\/fmc.ch\/#\/schema\/person\/3a7218d283691f8ef8cf410e4615e507","name":"Nadja Blanchard","image":{"@type":"ImageObject","inLanguage":"fr-FR","@id":"https:\/\/secure.gravatar.com\/avatar\/729fbcebbfccd7834565b1398470d6ea84a4f3e7525873a0cb368db99228ce7b?s=96&d=mm&r=g","url":"https:\/\/secure.gravatar.com\/avatar\/729fbcebbfccd7834565b1398470d6ea84a4f3e7525873a0cb368db99228ce7b?s=96&d=mm&r=g","contentUrl":"https:\/\/secure.gravatar.com\/avatar\/729fbcebbfccd7834565b1398470d6ea84a4f3e7525873a0cb368db99228ce7b?s=96&d=mm&r=g","caption":"Nadja Blanchard"},"url":"https:\/\/fmc.ch\/fr\/author\/nadja-blanchardfmc-ch\/"}]}},"_links":{"self":[{"href":"https:\/\/fmc.ch\/fr\/wp-json\/wp\/v2\/posts\/9648","targetHints":{"allow":["GET"]}}],"collection":[{"href":"https:\/\/fmc.ch\/fr\/wp-json\/wp\/v2\/posts"}],"about":[{"href":"https:\/\/fmc.ch\/fr\/wp-json\/wp\/v2\/types\/post"}],"author":[{"embeddable":true,"href":"https:\/\/fmc.ch\/fr\/wp-json\/wp\/v2\/users\/2"}],"replies":[{"embeddable":true,"href":"https:\/\/fmc.ch\/fr\/wp-json\/wp\/v2\/comments?post=9648"}],"version-history":[{"count":10,"href":"https:\/\/fmc.ch\/fr\/wp-json\/wp\/v2\/posts\/9648\/revisions"}],"predecessor-version":[{"id":12262,"href":"https:\/\/fmc.ch\/fr\/wp-json\/wp\/v2\/posts\/9648\/revisions\/12262"}],"wp:featuredmedia":[{"embeddable":true,"href":"https:\/\/fmc.ch\/fr\/wp-json\/wp\/v2\/media\/9649"}],"wp:attachment":[{"href":"https:\/\/fmc.ch\/fr\/wp-json\/wp\/v2\/media?parent=9648"}],"wp:term":[{"taxonomy":"strategie","embeddable":true,"href":"https:\/\/fmc.ch\/fr\/wp-json\/wp\/v2\/strategie?post=9648"},{"taxonomy":"thema","embeddable":true,"href":"https:\/\/fmc.ch\/fr\/wp-json\/wp\/v2\/thema?post=9648"},{"taxonomy":"format","embeddable":true,"href":"https:\/\/fmc.ch\/fr\/wp-json\/wp\/v2\/format?post=9648"}],"curies":[{"name":"wp","href":"https:\/\/api.w.org\/{rel}","templated":true}]}}