{"id":9626,"date":"2024-04-25T12:36:26","date_gmt":"2024-04-25T12:36:26","guid":{"rendered":"https:\/\/fmc.ch\/?p=9626"},"modified":"2024-11-11T13:05:08","modified_gmt":"2024-11-11T12:05:08","slug":"de-plus-en-plus-de-cas-complexes-pour-les-soins-a-domicile","status":"publish","type":"post","link":"https:\/\/fmc.ch\/fr\/immer-mehr-komplexe-faelle-fuer-die-spitex\/","title":{"rendered":"De plus en plus de cas complexes pour les soins \u00e0 domicile"},"content":{"rendered":"<div data-elementor-type=\"wp-post\" data-elementor-id=\"9626\" class=\"elementor elementor-9626\" data-elementor-post-type=\"post\">\n\t\t\t\t\t\t<section class=\"elementor-section elementor-top-section elementor-element elementor-element-44609eb elementor-section-boxed elementor-section-height-default elementor-section-height-default elementor-invisible\" data-id=\"44609eb\" data-element_type=\"section\" data-e-type=\"section\" data-settings=\"{&quot;animation&quot;:&quot;fadeIn&quot;}\">\n\t\t\t\t\t\t<div class=\"elementor-container elementor-column-gap-default\">\n\t\t\t\t\t<div class=\"elementor-column elementor-col-100 elementor-top-column elementor-element elementor-element-830169a\" data-id=\"830169a\" data-element_type=\"column\" data-e-type=\"column\">\n\t\t\t<div class=\"elementor-widget-wrap elementor-element-populated\">\n\t\t\t\t\t\t<div class=\"elementor-element elementor-element-c94aaab elementor-widget elementor-widget-text-editor\" data-id=\"c94aaab\" data-element_type=\"widget\" data-e-type=\"widget\" data-widget_type=\"text-editor.default\">\n\t\t\t\t<div class=\"elementor-widget-container\">\n\t\t\t\t\t\t\t\t\t<h3>Depuis longtemps, on entend et lit souvent que la complexit\u00e9 des cas de l'aide et des soins \u00e0 domicile augmente, notamment en raison de l'ambulantisation. Dans l'introduction au th\u00e8me \"Aide et soins \u00e0 domicile et complexit\u00e9\", deux expertes abordent une \u00e9tude sur la complexit\u00e9, les raisons de la complexit\u00e9 croissante et ses cons\u00e9quences pour l'aide et les soins \u00e0 domicile. Elles expliquent ensuite pourquoi les infirmi\u00e8res expertes peuvent particuli\u00e8rement bien aider \u00e0 g\u00e9rer les cas complexes.<\/h3>\t\t\t\t\t\t\t\t<\/div>\n\t\t\t\t<\/div>\n\t\t\t\t\t<\/div>\n\t\t<\/div>\n\t\t\t\t\t<\/div>\n\t\t<\/section>\n\t\t\t\t<section class=\"elementor-section elementor-top-section elementor-element elementor-element-a6711b6 elementor-section-boxed elementor-section-height-default elementor-section-height-default elementor-invisible\" data-id=\"a6711b6\" data-element_type=\"section\" data-e-type=\"section\" data-settings=\"{&quot;animation&quot;:&quot;fadeIn&quot;}\">\n\t\t\t\t\t\t<div class=\"elementor-container elementor-column-gap-default\">\n\t\t\t\t\t<div class=\"elementor-column elementor-col-100 elementor-top-column elementor-element elementor-element-77583f2\" data-id=\"77583f2\" data-element_type=\"column\" data-e-type=\"column\">\n\t\t\t<div class=\"elementor-widget-wrap elementor-element-populated\">\n\t\t\t\t\t\t<div class=\"elementor-element elementor-element-29c518f elementor-widget elementor-widget-text-editor\" data-id=\"29c518f\" data-element_type=\"widget\" data-e-type=\"widget\" data-widget_type=\"text-editor.default\">\n\t\t\t\t<div class=\"elementor-widget-container\">\n\t\t\t\t\t\t\t\t\t<p>Le texte ci-dessous est un extrait du magazine Spitex | 2\/2024<\/p>\t\t\t\t\t\t\t\t<\/div>\n\t\t\t\t<\/div>\n\t\t\t\t\t<\/div>\n\t\t<\/div>\n\t\t\t\t\t<\/div>\n\t\t<\/section>\n\t\t\t\t<section class=\"elementor-section elementor-top-section elementor-element elementor-element-2ab8c27 elementor-section-boxed elementor-section-height-default elementor-section-height-default\" data-id=\"2ab8c27\" data-element_type=\"section\" data-e-type=\"section\">\n\t\t\t\t\t\t<div class=\"elementor-container elementor-column-gap-default\">\n\t\t\t\t\t<div class=\"elementor-column elementor-col-100 elementor-top-column elementor-element elementor-element-fe29222\" data-id=\"fe29222\" data-element_type=\"column\" data-e-type=\"column\">\n\t\t\t<div class=\"elementor-widget-wrap elementor-element-populated\">\n\t\t\t\t\t\t<div class=\"elementor-element elementor-element-1fb63dd elementor-widget elementor-widget-text-editor\" data-id=\"1fb63dd\" data-element_type=\"widget\" data-e-type=\"widget\" data-widget_type=\"text-editor.default\">\n\t\t\t\t<div class=\"elementor-widget-container\">\n\t\t\t\t\t\t\t\t\t<p>L'entretien avec Claudia Aufdereggen et Flurina Meier aborde cinq questions centrales relatives au th\u00e8me central \"Aide et soins \u00e0 domicile et complexit\u00e9\". Claudia Aufdereggen est directrice de Spitex Regio Liestal et membre du comit\u00e9 directeur d'Aide et soins \u00e0 domicile Suisse - et membre du comit\u00e9 de pilotage de l'\"\u00e9tude sur la complexit\u00e9\". Aide et soins \u00e0 domicile Suisse a command\u00e9 cette \u00e9tude \u00e0 la Haute \u00e9cole des sciences appliqu\u00e9es de Zurich (ZHAW) ; les r\u00e9sultats ont \u00e9t\u00e9 pr\u00e9sent\u00e9s \u00e0 l'association fa\u00eeti\u00e8re en f\u00e9vrier 2024. Le projet a \u00e9t\u00e9 dirig\u00e9 par Flurina Meier, chercheuse en soins de sant\u00e9 et directrice adjointe du service de recherche sur les soins \u00e0 l'Institut d'\u00e9conomie de la sant\u00e9 de Winterthour (WIG).<\/p>\t\t\t\t\t\t\t\t<\/div>\n\t\t\t\t<\/div>\n\t\t\t\t\t<\/div>\n\t\t<\/div>\n\t\t\t\t\t<\/div>\n\t\t<\/section>\n\t\t\t\t<section data-dce-background-color=\"#F1F1F1\" class=\"elementor-section elementor-top-section elementor-element elementor-element-9b59190 elementor-section-full_width elementor-section-stretched elementor-section-height-default elementor-section-height-default\" data-id=\"9b59190\" data-element_type=\"section\" data-e-type=\"section\" data-settings=\"{&quot;stretch_section&quot;:&quot;section-stretched&quot;,&quot;background_background&quot;:&quot;classic&quot;}\">\n\t\t\t\t\t\t<div class=\"elementor-container elementor-column-gap-default\">\n\t\t\t\t\t<div class=\"elementor-column elementor-col-100 elementor-top-column elementor-element elementor-element-d527650\" data-id=\"d527650\" data-element_type=\"column\" data-e-type=\"column\">\n\t\t\t<div class=\"elementor-widget-wrap elementor-element-populated\">\n\t\t\t\t\t\t<div class=\"elementor-element elementor-element-5f7177b elementor-widget elementor-widget-shortcode\" data-id=\"5f7177b\" data-element_type=\"widget\" data-e-type=\"widget\" data-widget_type=\"shortcode.default\">\n\t\t\t\t<div class=\"elementor-widget-container\">\n\t\t\t\t\t\t\t<div class=\"elementor-shortcode\"><div class=\"_df_book df-lite\" id=\"df_9628\"  _slug=\"artikel-und-studien_spitexmagazin_komplexe-faelle\" data-title=\"artikel-und-studien_spitexmagazin_komplexe-faelle\" wpoptions=\"true\" thumbtype=\"\" ><\/div><script class=\"df-shortcode-script\" nowprocket type=\"application\/javascript\">window.option_df_9628 = {\"outline\":[],\"backgroundColor\":\"#f1f1f1\",\"height\":\"700\",\"autoEnableOutline\":\"false\",\"autoEnableThumbnail\":\"false\",\"overwritePDFOutline\":\"false\",\"direction\":\"1\",\"pageSize\":\"0\",\"source\":\"https:\\\/\\\/fmc.ch\\\/wp-content\\\/uploads\\\/2024\\\/04\\\/Artikel-und-Studien_-Spitexmagazin_Komplexe-Faelle.pdf\",\"wpOptions\":\"true\"}; if(window.DFLIP && window.DFLIP.parseBooks){window.DFLIP.parseBooks();}<\/script><\/div>\n\t\t\t\t\t\t<\/div>\n\t\t\t\t<\/div>\n\t\t\t\t\t<\/div>\n\t\t<\/div>\n\t\t\t\t\t<\/div>\n\t\t<\/section>\n\t\t\t\t<section data-dce-background-color=\"#F1F1F1\" class=\"elementor-section elementor-top-section elementor-element elementor-element-f1aa56f elementor-section-full_width elementor-section-stretched elementor-section-height-default elementor-section-height-default\" data-id=\"f1aa56f\" data-element_type=\"section\" data-e-type=\"section\" data-settings=\"{&quot;stretch_section&quot;:&quot;section-stretched&quot;,&quot;background_background&quot;:&quot;classic&quot;}\">\n\t\t\t\t\t\t<div class=\"elementor-container elementor-column-gap-default\">\n\t\t\t\t\t<div class=\"elementor-column elementor-col-100 elementor-top-column elementor-element elementor-element-31d89d4\" data-id=\"31d89d4\" data-element_type=\"column\" data-e-type=\"column\">\n\t\t\t<div class=\"elementor-widget-wrap elementor-element-populated\">\n\t\t\t\t\t\t<div class=\"elementor-element elementor-element-94268ab elementor-align-center elementor-widget elementor-widget-button\" data-id=\"94268ab\" data-element_type=\"widget\" data-e-type=\"widget\" data-widget_type=\"button.default\">\n\t\t\t\t<div class=\"elementor-widget-container\">\n\t\t\t\t\t\t\t\t\t<div class=\"elementor-button-wrapper\">\n\t\t\t\t\t<a class=\"elementor-button elementor-button-link elementor-size-sm\" href=\"https:\/\/fmc.ch\/wp-content\/uploads\/2024\/04\/Artikel-und-Studien_-Spitexmagazin_Komplexe-Faelle.pdf\" target=\"_blank\">\n\t\t\t\t\t\t<span class=\"elementor-button-content-wrapper\">\n\t\t\t\t\t\t\t\t\t<span class=\"elementor-button-text\">T\u00e9l\u00e9charger le PDF<\/span>\n\t\t\t\t\t<\/span>\n\t\t\t\t\t<\/a>\n\t\t\t\t<\/div>\n\t\t\t\t\t\t\t\t<\/div>\n\t\t\t\t<\/div>\n\t\t\t\t\t<\/div>\n\t\t<\/div>\n\t\t\t\t\t<\/div>\n\t\t<\/section>\n\t\t\t\t<section class=\"elementor-section elementor-top-section elementor-element elementor-element-5933df9 elementor-section-boxed elementor-section-height-default elementor-section-height-default\" data-id=\"5933df9\" data-element_type=\"section\" data-e-type=\"section\">\n\t\t\t\t\t\t<div class=\"elementor-container elementor-column-gap-default\">\n\t\t\t\t\t<div class=\"elementor-column elementor-col-100 elementor-top-column elementor-element elementor-element-f256847\" data-id=\"f256847\" data-element_type=\"column\" data-e-type=\"column\">\n\t\t\t<div class=\"elementor-widget-wrap elementor-element-populated\">\n\t\t\t\t\t\t<div class=\"elementor-element elementor-element-52e578f elementor-widget elementor-widget-text-editor\" data-id=\"52e578f\" data-element_type=\"widget\" data-e-type=\"widget\" data-widget_type=\"text-editor.default\">\n\t\t\t\t<div class=\"elementor-widget-container\">\n\t\t\t\t\t\t\t\t\t<p>Merci beaucoup d'avoir permis \u00e0 la fmc de s'exprimer sur ce sujet important.<\/p>\t\t\t\t\t\t\t\t<\/div>\n\t\t\t\t<\/div>\n\t\t\t\t\t<\/div>\n\t\t<\/div>\n\t\t\t\t\t<\/div>\n\t\t<\/section>\n\t\t\t\t<\/div>","protected":false},"excerpt":{"rendered":"<p>Depuis longtemps, on entend et lit souvent que la complexit\u00e9 des cas de l'aide et des soins \u00e0 domicile augmente, notamment en raison de l'ambulantisation.<\/p>","protected":false},"author":2,"featured_media":9625,"comment_status":"closed","ping_status":"closed","sticky":false,"template":"","format":[149,139],"meta":{"footnotes":""},"strategie":[156],"thema":[152],"class_list":["post-9626","post","type-post","status-publish","format-standard","has-post-thumbnail","hentry","strategie-zusammenarbeit","thema-interprofessionelle-zusammenarbeit","format-artikel-und-studien","format-publikation"],"yoast_head":"<!-- This site is optimized with the Yoast SEO plugin v27.5 - https:\/\/yoast.com\/product\/yoast-seo-wordpress\/ -->\n<title>Immer mehr komplexe F\u00e4lle f\u00fcr die Spitex - FMC<\/title>\n<meta name=\"description\" content=\"Seit Langem h\u00f6rt und liest man des \u00d6fteren, dass die Komplexit\u00e4t der F\u00e4lle der Spitex zunimmt, unter anderem wegen der Ambulantisierung.\" \/>\n<meta name=\"robots\" content=\"index, follow, max-snippet:-1, max-image-preview:large, max-video-preview:-1\" \/>\n<link rel=\"canonical\" href=\"https:\/\/fmc.ch\/fr\/de-plus-en-plus-de-cas-complexes-pour-les-soins-a-domicile\/\" \/>\n<meta property=\"og:locale\" content=\"fr_FR\" \/>\n<meta property=\"og:type\" content=\"article\" \/>\n<meta property=\"og:title\" content=\"Immer mehr komplexe F\u00e4lle f\u00fcr die Spitex - FMC\" \/>\n<meta property=\"og:description\" content=\"Seit Langem h\u00f6rt und liest man des \u00d6fteren, dass die Komplexit\u00e4t der F\u00e4lle der Spitex zunimmt, unter anderem wegen der Ambulantisierung.\" \/>\n<meta property=\"og:url\" content=\"https:\/\/fmc.ch\/fr\/de-plus-en-plus-de-cas-complexes-pour-les-soins-a-domicile\/\" \/>\n<meta property=\"og:site_name\" content=\"FMC\" \/>\n<meta property=\"article:published_time\" content=\"2024-04-25T12:36:26+00:00\" \/>\n<meta property=\"article:modified_time\" content=\"2024-11-11T12:05:08+00:00\" \/>\n<meta property=\"og:image\" content=\"https:\/\/fmc.ch\/wp-content\/uploads\/2024\/04\/Artikel-und-Studien_Bild-Spitex-magazin_Komplexe-Faelle.png\" \/>\n\t<meta property=\"og:image:width\" content=\"496\" \/>\n\t<meta property=\"og:image:height\" content=\"494\" \/>\n\t<meta property=\"og:image:type\" content=\"image\/png\" \/>\n<meta name=\"author\" content=\"Nadja Blanchard\" \/>\n<meta name=\"twitter:card\" content=\"summary_large_image\" \/>\n<meta name=\"twitter:label1\" content=\"\u00c9crit par\" \/>\n\t<meta name=\"twitter:data1\" content=\"Nadja Blanchard\" \/>\n\t<meta name=\"twitter:label2\" content=\"Dur\u00e9e de lecture estim\u00e9e\" \/>\n\t<meta name=\"twitter:data2\" content=\"2 minutes\" \/>\n<script type=\"application\/ld+json\" class=\"yoast-schema-graph\">{\"@context\":\"https:\\\/\\\/schema.org\",\"@graph\":[{\"@type\":\"Article\",\"@id\":\"https:\\\/\\\/fmc.ch\\\/immer-mehr-komplexe-faelle-fuer-die-spitex\\\/#article\",\"isPartOf\":{\"@id\":\"https:\\\/\\\/fmc.ch\\\/immer-mehr-komplexe-faelle-fuer-die-spitex\\\/\"},\"author\":{\"name\":\"Nadja Blanchard\",\"@id\":\"https:\\\/\\\/fmc.ch\\\/#\\\/schema\\\/person\\\/3a7218d283691f8ef8cf410e4615e507\"},\"headline\":\"Immer mehr komplexe F\u00e4lle f\u00fcr die Spitex\",\"datePublished\":\"2024-04-25T12:36:26+00:00\",\"dateModified\":\"2024-11-11T12:05:08+00:00\",\"mainEntityOfPage\":{\"@id\":\"https:\\\/\\\/fmc.ch\\\/immer-mehr-komplexe-faelle-fuer-die-spitex\\\/\"},\"wordCount\":206,\"publisher\":{\"@id\":\"https:\\\/\\\/fmc.ch\\\/#organization\"},\"image\":{\"@id\":\"https:\\\/\\\/fmc.ch\\\/immer-mehr-komplexe-faelle-fuer-die-spitex\\\/#primaryimage\"},\"thumbnailUrl\":\"https:\\\/\\\/fmc.ch\\\/wp-content\\\/uploads\\\/2024\\\/04\\\/Artikel-und-Studien_Bild-Spitex-magazin_Komplexe-Faelle.png\",\"articleSection\":[\"Artikel und Studien\"],\"inLanguage\":\"fr-FR\"},{\"@type\":\"WebPage\",\"@id\":\"https:\\\/\\\/fmc.ch\\\/immer-mehr-komplexe-faelle-fuer-die-spitex\\\/\",\"url\":\"https:\\\/\\\/fmc.ch\\\/immer-mehr-komplexe-faelle-fuer-die-spitex\\\/\",\"name\":\"Immer mehr komplexe F\u00e4lle f\u00fcr die Spitex - FMC\",\"isPartOf\":{\"@id\":\"https:\\\/\\\/fmc.ch\\\/#website\"},\"primaryImageOfPage\":{\"@id\":\"https:\\\/\\\/fmc.ch\\\/immer-mehr-komplexe-faelle-fuer-die-spitex\\\/#primaryimage\"},\"image\":{\"@id\":\"https:\\\/\\\/fmc.ch\\\/immer-mehr-komplexe-faelle-fuer-die-spitex\\\/#primaryimage\"},\"thumbnailUrl\":\"https:\\\/\\\/fmc.ch\\\/wp-content\\\/uploads\\\/2024\\\/04\\\/Artikel-und-Studien_Bild-Spitex-magazin_Komplexe-Faelle.png\",\"datePublished\":\"2024-04-25T12:36:26+00:00\",\"dateModified\":\"2024-11-11T12:05:08+00:00\",\"description\":\"Seit Langem h\u00f6rt und liest man des \u00d6fteren, dass die Komplexit\u00e4t der F\u00e4lle der Spitex zunimmt, unter anderem wegen der Ambulantisierung.\",\"breadcrumb\":{\"@id\":\"https:\\\/\\\/fmc.ch\\\/immer-mehr-komplexe-faelle-fuer-die-spitex\\\/#breadcrumb\"},\"inLanguage\":\"fr-FR\",\"potentialAction\":[{\"@type\":\"ReadAction\",\"target\":[\"https:\\\/\\\/fmc.ch\\\/immer-mehr-komplexe-faelle-fuer-die-spitex\\\/\"]}]},{\"@type\":\"ImageObject\",\"inLanguage\":\"fr-FR\",\"@id\":\"https:\\\/\\\/fmc.ch\\\/immer-mehr-komplexe-faelle-fuer-die-spitex\\\/#primaryimage\",\"url\":\"https:\\\/\\\/fmc.ch\\\/wp-content\\\/uploads\\\/2024\\\/04\\\/Artikel-und-Studien_Bild-Spitex-magazin_Komplexe-Faelle.png\",\"contentUrl\":\"https:\\\/\\\/fmc.ch\\\/wp-content\\\/uploads\\\/2024\\\/04\\\/Artikel-und-Studien_Bild-Spitex-magazin_Komplexe-Faelle.png\",\"width\":496,\"height\":494},{\"@type\":\"BreadcrumbList\",\"@id\":\"https:\\\/\\\/fmc.ch\\\/immer-mehr-komplexe-faelle-fuer-die-spitex\\\/#breadcrumb\",\"itemListElement\":[{\"@type\":\"ListItem\",\"position\":1,\"name\":\"Home\",\"item\":\"https:\\\/\\\/fmc.ch\\\/\"},{\"@type\":\"ListItem\",\"position\":2,\"name\":\"Immer mehr komplexe F\u00e4lle f\u00fcr die Spitex\"}]},{\"@type\":\"WebSite\",\"@id\":\"https:\\\/\\\/fmc.ch\\\/#website\",\"url\":\"https:\\\/\\\/fmc.ch\\\/\",\"name\":\"FMC\",\"description\":\"Schweizer Forum f\u00fcr Integrierte Versorgung\",\"publisher\":{\"@id\":\"https:\\\/\\\/fmc.ch\\\/#organization\"},\"potentialAction\":[{\"@type\":\"SearchAction\",\"target\":{\"@type\":\"EntryPoint\",\"urlTemplate\":\"https:\\\/\\\/fmc.ch\\\/?s={search_term_string}\"},\"query-input\":{\"@type\":\"PropertyValueSpecification\",\"valueRequired\":true,\"valueName\":\"search_term_string\"}}],\"inLanguage\":\"fr-FR\"},{\"@type\":\"Organization\",\"@id\":\"https:\\\/\\\/fmc.ch\\\/#organization\",\"name\":\"FMC\",\"url\":\"https:\\\/\\\/fmc.ch\\\/\",\"logo\":{\"@type\":\"ImageObject\",\"inLanguage\":\"fr-FR\",\"@id\":\"https:\\\/\\\/fmc.ch\\\/#\\\/schema\\\/logo\\\/image\\\/\",\"url\":\"https:\\\/\\\/fmc.ch\\\/wp-content\\\/uploads\\\/2023\\\/09\\\/fmc-logo.svg\",\"contentUrl\":\"https:\\\/\\\/fmc.ch\\\/wp-content\\\/uploads\\\/2023\\\/09\\\/fmc-logo.svg\",\"caption\":\"FMC\"},\"image\":{\"@id\":\"https:\\\/\\\/fmc.ch\\\/#\\\/schema\\\/logo\\\/image\\\/\"}},{\"@type\":\"Person\",\"@id\":\"https:\\\/\\\/fmc.ch\\\/#\\\/schema\\\/person\\\/3a7218d283691f8ef8cf410e4615e507\",\"name\":\"Nadja Blanchard\",\"image\":{\"@type\":\"ImageObject\",\"inLanguage\":\"fr-FR\",\"@id\":\"https:\\\/\\\/secure.gravatar.com\\\/avatar\\\/729fbcebbfccd7834565b1398470d6ea84a4f3e7525873a0cb368db99228ce7b?s=96&d=mm&r=g\",\"url\":\"https:\\\/\\\/secure.gravatar.com\\\/avatar\\\/729fbcebbfccd7834565b1398470d6ea84a4f3e7525873a0cb368db99228ce7b?s=96&d=mm&r=g\",\"contentUrl\":\"https:\\\/\\\/secure.gravatar.com\\\/avatar\\\/729fbcebbfccd7834565b1398470d6ea84a4f3e7525873a0cb368db99228ce7b?s=96&d=mm&r=g\",\"caption\":\"Nadja Blanchard\"},\"url\":\"https:\\\/\\\/fmc.ch\\\/fr\\\/author\\\/nadja-blanchardfmc-ch\\\/\"}]}<\/script>\n<!-- \/ Yoast SEO plugin. -->","yoast_head_json":{"title":"De plus en plus de cas complexes pour les soins \u00e0 domicile - FMC","description":"Depuis longtemps, on entend et lit souvent que la complexit\u00e9 des cas de l'aide et des soins \u00e0 domicile augmente, notamment en raison de l'ambulantisation.","robots":{"index":"index","follow":"follow","max-snippet":"max-snippet:-1","max-image-preview":"max-image-preview:large","max-video-preview":"max-video-preview:-1"},"canonical":"https:\/\/fmc.ch\/fr\/de-plus-en-plus-de-cas-complexes-pour-les-soins-a-domicile\/","og_locale":"fr_FR","og_type":"article","og_title":"Immer mehr komplexe F\u00e4lle f\u00fcr die Spitex - FMC","og_description":"Seit Langem h\u00f6rt und liest man des \u00d6fteren, dass die Komplexit\u00e4t der F\u00e4lle der Spitex zunimmt, unter anderem wegen der Ambulantisierung.","og_url":"https:\/\/fmc.ch\/fr\/de-plus-en-plus-de-cas-complexes-pour-les-soins-a-domicile\/","og_site_name":"FMC","article_published_time":"2024-04-25T12:36:26+00:00","article_modified_time":"2024-11-11T12:05:08+00:00","og_image":[{"width":496,"height":494,"url":"https:\/\/fmc.ch\/wp-content\/uploads\/2024\/04\/Artikel-und-Studien_Bild-Spitex-magazin_Komplexe-Faelle.png","type":"image\/png"}],"author":"Nadja Blanchard","twitter_card":"summary_large_image","twitter_misc":{"\u00c9crit par":"Nadja Blanchard","Dur\u00e9e de lecture estim\u00e9e":"2 minutes"},"schema":{"@context":"https:\/\/schema.org","@graph":[{"@type":"Article","@id":"https:\/\/fmc.ch\/immer-mehr-komplexe-faelle-fuer-die-spitex\/#article","isPartOf":{"@id":"https:\/\/fmc.ch\/immer-mehr-komplexe-faelle-fuer-die-spitex\/"},"author":{"name":"Nadja Blanchard","@id":"https:\/\/fmc.ch\/#\/schema\/person\/3a7218d283691f8ef8cf410e4615e507"},"headline":"Immer mehr komplexe F\u00e4lle f\u00fcr die Spitex","datePublished":"2024-04-25T12:36:26+00:00","dateModified":"2024-11-11T12:05:08+00:00","mainEntityOfPage":{"@id":"https:\/\/fmc.ch\/immer-mehr-komplexe-faelle-fuer-die-spitex\/"},"wordCount":206,"publisher":{"@id":"https:\/\/fmc.ch\/#organization"},"image":{"@id":"https:\/\/fmc.ch\/immer-mehr-komplexe-faelle-fuer-die-spitex\/#primaryimage"},"thumbnailUrl":"https:\/\/fmc.ch\/wp-content\/uploads\/2024\/04\/Artikel-und-Studien_Bild-Spitex-magazin_Komplexe-Faelle.png","articleSection":["Artikel und Studien"],"inLanguage":"fr-FR"},{"@type":"WebPage","@id":"https:\/\/fmc.ch\/immer-mehr-komplexe-faelle-fuer-die-spitex\/","url":"https:\/\/fmc.ch\/immer-mehr-komplexe-faelle-fuer-die-spitex\/","name":"De plus en plus de cas complexes pour les soins \u00e0 domicile - FMC","isPartOf":{"@id":"https:\/\/fmc.ch\/#website"},"primaryImageOfPage":{"@id":"https:\/\/fmc.ch\/immer-mehr-komplexe-faelle-fuer-die-spitex\/#primaryimage"},"image":{"@id":"https:\/\/fmc.ch\/immer-mehr-komplexe-faelle-fuer-die-spitex\/#primaryimage"},"thumbnailUrl":"https:\/\/fmc.ch\/wp-content\/uploads\/2024\/04\/Artikel-und-Studien_Bild-Spitex-magazin_Komplexe-Faelle.png","datePublished":"2024-04-25T12:36:26+00:00","dateModified":"2024-11-11T12:05:08+00:00","description":"Depuis longtemps, on entend et lit souvent que la complexit\u00e9 des cas de l'aide et des soins \u00e0 domicile augmente, notamment en raison de l'ambulantisation.","breadcrumb":{"@id":"https:\/\/fmc.ch\/immer-mehr-komplexe-faelle-fuer-die-spitex\/#breadcrumb"},"inLanguage":"fr-FR","potentialAction":[{"@type":"ReadAction","target":["https:\/\/fmc.ch\/immer-mehr-komplexe-faelle-fuer-die-spitex\/"]}]},{"@type":"ImageObject","inLanguage":"fr-FR","@id":"https:\/\/fmc.ch\/immer-mehr-komplexe-faelle-fuer-die-spitex\/#primaryimage","url":"https:\/\/fmc.ch\/wp-content\/uploads\/2024\/04\/Artikel-und-Studien_Bild-Spitex-magazin_Komplexe-Faelle.png","contentUrl":"https:\/\/fmc.ch\/wp-content\/uploads\/2024\/04\/Artikel-und-Studien_Bild-Spitex-magazin_Komplexe-Faelle.png","width":496,"height":494},{"@type":"BreadcrumbList","@id":"https:\/\/fmc.ch\/immer-mehr-komplexe-faelle-fuer-die-spitex\/#breadcrumb","itemListElement":[{"@type":"ListItem","position":1,"name":"Home","item":"https:\/\/fmc.ch\/"},{"@type":"ListItem","position":2,"name":"Immer mehr komplexe F\u00e4lle f\u00fcr die Spitex"}]},{"@type":"WebSite","@id":"https:\/\/fmc.ch\/#website","url":"https:\/\/fmc.ch\/","name":"FMC","description":"Forum suisse des soins int\u00e9gr\u00e9s","publisher":{"@id":"https:\/\/fmc.ch\/#organization"},"potentialAction":[{"@type":"SearchAction","target":{"@type":"EntryPoint","urlTemplate":"https:\/\/fmc.ch\/?s={search_term_string}"},"query-input":{"@type":"PropertyValueSpecification","valueRequired":true,"valueName":"search_term_string"}}],"inLanguage":"fr-FR"},{"@type":"Organization","@id":"https:\/\/fmc.ch\/#organization","name":"FMC","url":"https:\/\/fmc.ch\/","logo":{"@type":"ImageObject","inLanguage":"fr-FR","@id":"https:\/\/fmc.ch\/#\/schema\/logo\/image\/","url":"https:\/\/fmc.ch\/wp-content\/uploads\/2023\/09\/fmc-logo.svg","contentUrl":"https:\/\/fmc.ch\/wp-content\/uploads\/2023\/09\/fmc-logo.svg","caption":"FMC"},"image":{"@id":"https:\/\/fmc.ch\/#\/schema\/logo\/image\/"}},{"@type":"Person","@id":"https:\/\/fmc.ch\/#\/schema\/person\/3a7218d283691f8ef8cf410e4615e507","name":"Nadja Blanchard","image":{"@type":"ImageObject","inLanguage":"fr-FR","@id":"https:\/\/secure.gravatar.com\/avatar\/729fbcebbfccd7834565b1398470d6ea84a4f3e7525873a0cb368db99228ce7b?s=96&d=mm&r=g","url":"https:\/\/secure.gravatar.com\/avatar\/729fbcebbfccd7834565b1398470d6ea84a4f3e7525873a0cb368db99228ce7b?s=96&d=mm&r=g","contentUrl":"https:\/\/secure.gravatar.com\/avatar\/729fbcebbfccd7834565b1398470d6ea84a4f3e7525873a0cb368db99228ce7b?s=96&d=mm&r=g","caption":"Nadja Blanchard"},"url":"https:\/\/fmc.ch\/fr\/author\/nadja-blanchardfmc-ch\/"}]}},"_links":{"self":[{"href":"https:\/\/fmc.ch\/fr\/wp-json\/wp\/v2\/posts\/9626","targetHints":{"allow":["GET"]}}],"collection":[{"href":"https:\/\/fmc.ch\/fr\/wp-json\/wp\/v2\/posts"}],"about":[{"href":"https:\/\/fmc.ch\/fr\/wp-json\/wp\/v2\/types\/post"}],"author":[{"embeddable":true,"href":"https:\/\/fmc.ch\/fr\/wp-json\/wp\/v2\/users\/2"}],"replies":[{"embeddable":true,"href":"https:\/\/fmc.ch\/fr\/wp-json\/wp\/v2\/comments?post=9626"}],"version-history":[{"count":4,"href":"https:\/\/fmc.ch\/fr\/wp-json\/wp\/v2\/posts\/9626\/revisions"}],"predecessor-version":[{"id":12258,"href":"https:\/\/fmc.ch\/fr\/wp-json\/wp\/v2\/posts\/9626\/revisions\/12258"}],"wp:featuredmedia":[{"embeddable":true,"href":"https:\/\/fmc.ch\/fr\/wp-json\/wp\/v2\/media\/9625"}],"wp:attachment":[{"href":"https:\/\/fmc.ch\/fr\/wp-json\/wp\/v2\/media?parent=9626"}],"wp:term":[{"taxonomy":"strategie","embeddable":true,"href":"https:\/\/fmc.ch\/fr\/wp-json\/wp\/v2\/strategie?post=9626"},{"taxonomy":"thema","embeddable":true,"href":"https:\/\/fmc.ch\/fr\/wp-json\/wp\/v2\/thema?post=9626"},{"taxonomy":"format","embeddable":true,"href":"https:\/\/fmc.ch\/fr\/wp-json\/wp\/v2\/format?post=9626"}],"curies":[{"name":"wp","href":"https:\/\/api.w.org\/{rel}","templated":true}]}}