{"id":9449,"date":"2024-04-18T08:27:25","date_gmt":"2024-04-18T08:27:25","guid":{"rendered":"https:\/\/fmc.ch\/?p=9449"},"modified":"2024-11-11T13:00:09","modified_gmt":"2024-11-11T12:00:09","slug":"webinaire-partenariat-avec-les-patientes","status":"publish","type":"post","link":"https:\/\/fmc.ch\/fr\/webinar-partnerschaft-mit-patientinnen\/","title":{"rendered":"Deep dive sur le partenariat avec les patients"},"content":{"rendered":"<div data-elementor-type=\"wp-post\" data-elementor-id=\"9449\" class=\"elementor elementor-9449\" data-elementor-post-type=\"post\">\n\t\t\t\t\t\t<section class=\"elementor-section elementor-top-section elementor-element elementor-element-e777c0a elementor-section-boxed elementor-section-height-default elementor-section-height-default\" data-id=\"e777c0a\" data-element_type=\"section\" data-e-type=\"section\">\n\t\t\t\t\t\t<div class=\"elementor-container elementor-column-gap-default\">\n\t\t\t\t\t<div class=\"elementor-column elementor-col-100 elementor-top-column elementor-element elementor-element-b35d5a8\" data-id=\"b35d5a8\" data-element_type=\"column\" data-e-type=\"column\">\n\t\t\t<div class=\"elementor-widget-wrap elementor-element-populated\">\n\t\t\t\t\t\t<div class=\"elementor-element elementor-element-4ab0ebd elementor-invisible elementor-widget elementor-widget-text-editor\" data-id=\"4ab0ebd\" data-element_type=\"widget\" data-e-type=\"widget\" data-settings=\"{&quot;_animation&quot;:&quot;fadeIn&quot;}\" data-widget_type=\"text-editor.default\">\n\t\t\t\t<div class=\"elementor-widget-container\">\n\t\t\t\t\t\t\t\t\t<p>En partenariat avec la <a href=\"https:\/\/www.ecolelasource.ch\/\" target=\"_blank\" rel=\"noopener\">Haute \u00e9cole de sant\u00e9 La Source<\/a> nous proposons un atelier en ligne pour se familiariser avec la philosophie de l'int\u00e9gration des patients dans le domaine de la sant\u00e9.<\/p><p>Il s'agit d'un atelier interactif qui s'adresse \u00e0 toute personne, quel que soit son niveau d'implication dans le domaine de la sant\u00e9 et du m\u00e9dico-social.<\/p><p>Pendant l'atelier, les participants peuvent :<\/p><ul><li>Se familiariser avec les bases conceptuelles de l'int\u00e9gration des patients,<\/li><li>Conna\u00eetre les exp\u00e9riences de mise en \u0153uvre dans diff\u00e9rents contextes,<\/li><li>Identifier les consid\u00e9rations \u00e0 prendre en compte dans leur contexte pour clarifier la faisabilit\u00e9 du partenariat<\/li><\/ul>\t\t\t\t\t\t\t\t<\/div>\n\t\t\t\t<\/div>\n\t\t\t\t\t<\/div>\n\t\t<\/div>\n\t\t\t\t\t<\/div>\n\t\t<\/section>\n\t\t\t\t<section class=\"elementor-section elementor-top-section elementor-element elementor-element-f81f6cc elementor-section-boxed elementor-section-height-default elementor-section-height-default\" data-id=\"f81f6cc\" data-element_type=\"section\" data-e-type=\"section\">\n\t\t\t\t\t\t<div class=\"elementor-container elementor-column-gap-default\">\n\t\t\t\t\t<div class=\"elementor-column elementor-col-100 elementor-top-column elementor-element elementor-element-85f7ad3\" data-id=\"85f7ad3\" data-element_type=\"column\" data-e-type=\"column\">\n\t\t\t<div class=\"elementor-widget-wrap elementor-element-populated\">\n\t\t\t\t\t\t<div class=\"elementor-element elementor-element-881e0c9 elementor-widget__width-initial elementor-widget elementor-widget-image\" data-id=\"881e0c9\" data-element_type=\"widget\" data-e-type=\"widget\" data-widget_type=\"image.default\">\n\t\t\t\t<div class=\"elementor-widget-container\">\n\t\t\t\t\t\t\t\t\t\t\t\t\t\t\t<img fetchpriority=\"high\" decoding=\"async\" width=\"768\" height=\"425\" src=\"https:\/\/fmc.ch\/wp-content\/uploads\/2024\/04\/Webinar-Deep-dive-patientenintegration-gross-768x425.png\" class=\"attachment-medium_large size-medium_large wp-image-9450\" alt=\"\" srcset=\"https:\/\/fmc.ch\/wp-content\/uploads\/2024\/04\/Webinar-Deep-dive-patientenintegration-gross-768x425.png 768w, https:\/\/fmc.ch\/wp-content\/uploads\/2024\/04\/Webinar-Deep-dive-patientenintegration-gross-600x332.png 600w, https:\/\/fmc.ch\/wp-content\/uploads\/2024\/04\/Webinar-Deep-dive-patientenintegration-gross.png 1123w\" sizes=\"(max-width: 768px) 100vw, 768px\" \/>\t\t\t\t\t\t\t\t\t\t\t\t\t\t\t<\/div>\n\t\t\t\t<\/div>\n\t\t\t\t\t<\/div>\n\t\t<\/div>\n\t\t\t\t\t<\/div>\n\t\t<\/section>\n\t\t\t\t<section class=\"elementor-section elementor-top-section elementor-element elementor-element-be3b2ee elementor-section-boxed elementor-section-height-default elementor-section-height-default\" data-id=\"be3b2ee\" data-element_type=\"section\" data-e-type=\"section\">\n\t\t\t\t\t\t<div class=\"elementor-container elementor-column-gap-default\">\n\t\t\t\t\t<div class=\"elementor-column elementor-col-100 elementor-top-column elementor-element elementor-element-7804d21\" data-id=\"7804d21\" data-element_type=\"column\" data-e-type=\"column\">\n\t\t\t<div class=\"elementor-widget-wrap elementor-element-populated\">\n\t\t\t\t\t\t<div class=\"elementor-element elementor-element-c6135dd elementor-widget elementor-widget-text-editor\" data-id=\"c6135dd\" data-element_type=\"widget\" data-e-type=\"widget\" data-widget_type=\"text-editor.default\">\n\t\t\t\t<div class=\"elementor-widget-container\">\n\t\t\t\t\t\t\t\t\t<p>Atelier co-anim\u00e9 par :<\/p><p><a href=\"https:\/\/www.linkedin.com\/in\/severineschusselefilliettaz\/\" target=\"_blank\" rel=\"noopener\"><strong>S\u00e9verine Schussel\u00e9 Filliettaz.<\/strong><\/a> Infirmi\u00e8re, membre du conseil d'administration de la fmc et enseignante \u00e0 la Haute \u00e9cole sp\u00e9cialis\u00e9e de La Source. Elle met en \u0153uvre et \u00e9tudie le partenariat avec les patients dans le cadre de la formation.<\/p><p><a href=\"https:\/\/www.linkedin.com\/in\/lisalaroussilibeault\/\" target=\"_blank\" rel=\"noopener\"><strong>Lisa Laroussi-Libeault.<\/strong><\/a> Apr\u00e8s une carri\u00e8re dans des organisations internationales, elle s'est tourn\u00e9e vers le secteur de la sant\u00e9. Elle a suivi une formation en partenariat avec les patients et en \u00e9thique dans le domaine de la sant\u00e9 et travaille pour des institutions en Suisse et en France dans les domaines des soins, de la formation et de la recherche.<\/p>\t\t\t\t\t\t\t\t<\/div>\n\t\t\t\t<\/div>\n\t\t\t\t\t<\/div>\n\t\t<\/div>\n\t\t\t\t\t<\/div>\n\t\t<\/section>\n\t\t\t\t<section class=\"elementor-section elementor-top-section elementor-element elementor-element-6b46394 elementor-section-boxed elementor-section-height-default elementor-section-height-default\" data-id=\"6b46394\" data-element_type=\"section\" data-e-type=\"section\">\n\t\t\t\t\t\t<div class=\"elementor-container elementor-column-gap-default\">\n\t\t\t\t\t<div class=\"elementor-column elementor-col-100 elementor-top-column elementor-element elementor-element-08b0d92\" data-id=\"08b0d92\" data-element_type=\"column\" data-e-type=\"column\">\n\t\t\t<div class=\"elementor-widget-wrap elementor-element-populated\">\n\t\t\t\t\t\t<div class=\"elementor-element elementor-element-170f775 elementor-invisible elementor-widget elementor-widget-heading\" data-id=\"170f775\" data-element_type=\"widget\" data-e-type=\"widget\" data-settings=\"{&quot;_animation&quot;:&quot;fadeInUp&quot;}\" data-widget_type=\"heading.default\">\n\t\t\t\t<div class=\"elementor-widget-container\">\n\t\t\t\t\t<h2 class=\"elementor-heading-title elementor-size-default\">Commencez \u00e0 int\u00e9grer les patients dans votre environnement !<\/h2>\t\t\t\t<\/div>\n\t\t\t\t<\/div>\n\t\t\t\t<div class=\"elementor-element elementor-element-b85eb5c elementor-invisible elementor-widget elementor-widget-text-editor\" data-id=\"b85eb5c\" data-element_type=\"widget\" data-e-type=\"widget\" data-settings=\"{&quot;_animation&quot;:&quot;fadeIn&quot;}\" data-widget_type=\"text-editor.default\">\n\t\t\t\t<div class=\"elementor-widget-container\">\n\t\t\t\t\t\t\t\t\t<table width=\"160\"><tbody><tr><td width=\"80\">Quand\u00a0<\/td><td width=\"80\">Mardi 14 mai 2024 de 14h00 \u00e0 17h00<\/td><\/tr><tr><td>O\u00f9<\/td><td>en ligne<\/td><\/tr><tr><td>Langue :<\/td><td>Fran\u00e7ais<\/td><\/tr><tr><td>Pour qui\u00a0<\/td><td>Toutes les personnes travaillant dans le domaine de la sant\u00e9 et du social<\/td><\/tr><tr><td>Par qui :\u00a0<\/td><td><a href=\"https:\/\/www.linkedin.com\/in\/severineschusselefilliettaz\/\" target=\"_blank\" rel=\"noopener\">S\u00e9verine Schussel\u00e9 Filliettaz<\/a> et <a href=\"https:\/\/www.linkedin.com\/in\/lisalaroussilibeault\/\" target=\"_blank\" rel=\"noopener\">Lisa Laroussi-Libeault<\/a><\/td><\/tr><tr><td>Nombre de participant.es :<\/td><td>Limit\u00e9 \u00e0 20 participants<\/td><\/tr><tr><td>Co\u00fbts :\u00a0<\/td><td>Le Deep Dive est gratuit pour les membres de la fmc . Pour tous les externes, une contribution de 100 CHF est demand\u00e9e.<\/td><\/tr><\/tbody><\/table>\t\t\t\t\t\t\t\t<\/div>\n\t\t\t\t<\/div>\n\t\t\t\t\t<\/div>\n\t\t<\/div>\n\t\t\t\t\t<\/div>\n\t\t<\/section>\n\t\t\t\t<section class=\"elementor-section elementor-top-section elementor-element elementor-element-6283110 elementor-section-boxed elementor-section-height-default elementor-section-height-default\" data-id=\"6283110\" data-element_type=\"section\" data-e-type=\"section\">\n\t\t\t\t\t\t<div class=\"elementor-container elementor-column-gap-default\">\n\t\t\t\t\t<div class=\"elementor-column elementor-col-100 elementor-top-column elementor-element elementor-element-0275204\" data-id=\"0275204\" data-element_type=\"column\" data-e-type=\"column\">\n\t\t\t<div class=\"elementor-widget-wrap elementor-element-populated\">\n\t\t\t\t\t\t<div class=\"elementor-element elementor-element-60612e8 elementor-widget elementor-widget-button\" data-id=\"60612e8\" data-element_type=\"widget\" data-e-type=\"widget\" data-widget_type=\"button.default\">\n\t\t\t\t<div class=\"elementor-widget-container\">\n\t\t\t\t\t\t\t\t\t<div class=\"elementor-button-wrapper\">\n\t\t\t\t\t<a class=\"elementor-button elementor-button-link elementor-size-sm\" href=\"https:\/\/form.jotform.com\/241030961377353%20\">\n\t\t\t\t\t\t<span class=\"elementor-button-content-wrapper\">\n\t\t\t\t\t\t\t\t\t<span class=\"elementor-button-text\">Cliquez ici pour vous inscrire<\/span>\n\t\t\t\t\t<\/span>\n\t\t\t\t\t<\/a>\n\t\t\t\t<\/div>\n\t\t\t\t\t\t\t\t<\/div>\n\t\t\t\t<\/div>\n\t\t\t\t\t<\/div>\n\t\t<\/div>\n\t\t\t\t\t<\/div>\n\t\t<\/section>\n\t\t\t\t<\/div>","protected":false},"excerpt":{"rendered":"<p>Un atelier interactif en ligne sur les bases et la mise en \u0153uvre du partenariat avec les patients dans le secteur de la sant\u00e9. <\/p>","protected":false},"author":2,"featured_media":9451,"comment_status":"closed","ping_status":"closed","sticky":false,"template":"","format":[138,141],"meta":{"footnotes":""},"strategie":[156],"thema":[153],"class_list":["post-9449","post","type-post","status-publish","format-standard","has-post-thumbnail","hentry","strategie-zusammenarbeit","thema-integration-von-patientinnen","format-veranstaltung","format-webinare"],"yoast_head":"<!-- This site is optimized with the Yoast SEO plugin v27.5 - https:\/\/yoast.com\/product\/yoast-seo-wordpress\/ -->\n<title>Deep dive zur Partnerschaft mit Patient:innen - FMC<\/title>\n<meta name=\"description\" content=\"Ein interaktiver online-Workshop zur den Grundlagen und der Umsetzung der Partnerschaft mit Patient.innen im Gesundheitswesen.\" \/>\n<meta name=\"robots\" content=\"index, follow, max-snippet:-1, max-image-preview:large, max-video-preview:-1\" \/>\n<link rel=\"canonical\" href=\"https:\/\/fmc.ch\/fr\/webinaire-partenariat-avec-les-patientes\/\" \/>\n<meta property=\"og:locale\" content=\"fr_FR\" \/>\n<meta property=\"og:type\" content=\"article\" \/>\n<meta property=\"og:title\" content=\"Deep dive zur Partnerschaft mit Patient:innen - FMC\" \/>\n<meta property=\"og:description\" content=\"Ein interaktiver online-Workshop zur den Grundlagen und der Umsetzung der Partnerschaft mit Patient.innen im Gesundheitswesen.\" \/>\n<meta property=\"og:url\" content=\"https:\/\/fmc.ch\/fr\/webinaire-partenariat-avec-les-patientes\/\" \/>\n<meta property=\"og:site_name\" content=\"FMC\" \/>\n<meta property=\"article:published_time\" content=\"2024-04-18T08:27:25+00:00\" \/>\n<meta property=\"article:modified_time\" content=\"2024-11-11T12:00:09+00:00\" \/>\n<meta property=\"og:image\" content=\"https:\/\/fmc.ch\/wp-content\/uploads\/2024\/04\/Webinar_Deep-dive-Patientenintegration.png\" \/>\n\t<meta property=\"og:image:width\" content=\"566\" \/>\n\t<meta property=\"og:image:height\" content=\"572\" \/>\n\t<meta property=\"og:image:type\" content=\"image\/png\" \/>\n<meta name=\"author\" content=\"Nadja Blanchard\" \/>\n<meta name=\"twitter:card\" content=\"summary_large_image\" \/>\n<meta name=\"twitter:label1\" content=\"\u00c9crit par\" \/>\n\t<meta name=\"twitter:data1\" content=\"Nadja Blanchard\" \/>\n\t<meta name=\"twitter:label2\" content=\"Dur\u00e9e de lecture estim\u00e9e\" \/>\n\t<meta name=\"twitter:data2\" content=\"2 minutes\" \/>\n<script type=\"application\/ld+json\" class=\"yoast-schema-graph\">{\"@context\":\"https:\\\/\\\/schema.org\",\"@graph\":[{\"@type\":\"Article\",\"@id\":\"https:\\\/\\\/fmc.ch\\\/webinar-partnerschaft-mit-patientinnen\\\/#article\",\"isPartOf\":{\"@id\":\"https:\\\/\\\/fmc.ch\\\/webinar-partnerschaft-mit-patientinnen\\\/\"},\"author\":{\"name\":\"Nadja Blanchard\",\"@id\":\"https:\\\/\\\/fmc.ch\\\/#\\\/schema\\\/person\\\/3a7218d283691f8ef8cf410e4615e507\"},\"headline\":\"Deep dive zur Partnerschaft mit Patient:innen\",\"datePublished\":\"2024-04-18T08:27:25+00:00\",\"dateModified\":\"2024-11-11T12:00:09+00:00\",\"mainEntityOfPage\":{\"@id\":\"https:\\\/\\\/fmc.ch\\\/webinar-partnerschaft-mit-patientinnen\\\/\"},\"wordCount\":259,\"publisher\":{\"@id\":\"https:\\\/\\\/fmc.ch\\\/#organization\"},\"image\":{\"@id\":\"https:\\\/\\\/fmc.ch\\\/webinar-partnerschaft-mit-patientinnen\\\/#primaryimage\"},\"thumbnailUrl\":\"https:\\\/\\\/fmc.ch\\\/wp-content\\\/uploads\\\/2024\\\/04\\\/Webinar_Deep-dive-Patientenintegration.png\",\"keywords\":[\"Integration von Patient:innen\"],\"articleSection\":[\"Webinare\"],\"inLanguage\":\"fr-FR\"},{\"@type\":\"WebPage\",\"@id\":\"https:\\\/\\\/fmc.ch\\\/webinar-partnerschaft-mit-patientinnen\\\/\",\"url\":\"https:\\\/\\\/fmc.ch\\\/webinar-partnerschaft-mit-patientinnen\\\/\",\"name\":\"Deep dive zur Partnerschaft mit Patient:innen - FMC\",\"isPartOf\":{\"@id\":\"https:\\\/\\\/fmc.ch\\\/#website\"},\"primaryImageOfPage\":{\"@id\":\"https:\\\/\\\/fmc.ch\\\/webinar-partnerschaft-mit-patientinnen\\\/#primaryimage\"},\"image\":{\"@id\":\"https:\\\/\\\/fmc.ch\\\/webinar-partnerschaft-mit-patientinnen\\\/#primaryimage\"},\"thumbnailUrl\":\"https:\\\/\\\/fmc.ch\\\/wp-content\\\/uploads\\\/2024\\\/04\\\/Webinar_Deep-dive-Patientenintegration.png\",\"datePublished\":\"2024-04-18T08:27:25+00:00\",\"dateModified\":\"2024-11-11T12:00:09+00:00\",\"description\":\"Ein interaktiver online-Workshop zur den Grundlagen und der Umsetzung der Partnerschaft mit Patient.innen im Gesundheitswesen.\",\"breadcrumb\":{\"@id\":\"https:\\\/\\\/fmc.ch\\\/webinar-partnerschaft-mit-patientinnen\\\/#breadcrumb\"},\"inLanguage\":\"fr-FR\",\"potentialAction\":[{\"@type\":\"ReadAction\",\"target\":[\"https:\\\/\\\/fmc.ch\\\/webinar-partnerschaft-mit-patientinnen\\\/\"]}]},{\"@type\":\"ImageObject\",\"inLanguage\":\"fr-FR\",\"@id\":\"https:\\\/\\\/fmc.ch\\\/webinar-partnerschaft-mit-patientinnen\\\/#primaryimage\",\"url\":\"https:\\\/\\\/fmc.ch\\\/wp-content\\\/uploads\\\/2024\\\/04\\\/Webinar_Deep-dive-Patientenintegration.png\",\"contentUrl\":\"https:\\\/\\\/fmc.ch\\\/wp-content\\\/uploads\\\/2024\\\/04\\\/Webinar_Deep-dive-Patientenintegration.png\",\"width\":566,\"height\":572},{\"@type\":\"BreadcrumbList\",\"@id\":\"https:\\\/\\\/fmc.ch\\\/webinar-partnerschaft-mit-patientinnen\\\/#breadcrumb\",\"itemListElement\":[{\"@type\":\"ListItem\",\"position\":1,\"name\":\"Home\",\"item\":\"https:\\\/\\\/fmc.ch\\\/\"},{\"@type\":\"ListItem\",\"position\":2,\"name\":\"Deep dive zur Partnerschaft mit Patient:innen\"}]},{\"@type\":\"WebSite\",\"@id\":\"https:\\\/\\\/fmc.ch\\\/#website\",\"url\":\"https:\\\/\\\/fmc.ch\\\/\",\"name\":\"FMC\",\"description\":\"Schweizer Forum f\u00fcr Integrierte Versorgung\",\"publisher\":{\"@id\":\"https:\\\/\\\/fmc.ch\\\/#organization\"},\"potentialAction\":[{\"@type\":\"SearchAction\",\"target\":{\"@type\":\"EntryPoint\",\"urlTemplate\":\"https:\\\/\\\/fmc.ch\\\/?s={search_term_string}\"},\"query-input\":{\"@type\":\"PropertyValueSpecification\",\"valueRequired\":true,\"valueName\":\"search_term_string\"}}],\"inLanguage\":\"fr-FR\"},{\"@type\":\"Organization\",\"@id\":\"https:\\\/\\\/fmc.ch\\\/#organization\",\"name\":\"FMC\",\"url\":\"https:\\\/\\\/fmc.ch\\\/\",\"logo\":{\"@type\":\"ImageObject\",\"inLanguage\":\"fr-FR\",\"@id\":\"https:\\\/\\\/fmc.ch\\\/#\\\/schema\\\/logo\\\/image\\\/\",\"url\":\"https:\\\/\\\/fmc.ch\\\/wp-content\\\/uploads\\\/2023\\\/09\\\/fmc-logo.svg\",\"contentUrl\":\"https:\\\/\\\/fmc.ch\\\/wp-content\\\/uploads\\\/2023\\\/09\\\/fmc-logo.svg\",\"caption\":\"FMC\"},\"image\":{\"@id\":\"https:\\\/\\\/fmc.ch\\\/#\\\/schema\\\/logo\\\/image\\\/\"}},{\"@type\":\"Person\",\"@id\":\"https:\\\/\\\/fmc.ch\\\/#\\\/schema\\\/person\\\/3a7218d283691f8ef8cf410e4615e507\",\"name\":\"Nadja Blanchard\",\"image\":{\"@type\":\"ImageObject\",\"inLanguage\":\"fr-FR\",\"@id\":\"https:\\\/\\\/secure.gravatar.com\\\/avatar\\\/729fbcebbfccd7834565b1398470d6ea84a4f3e7525873a0cb368db99228ce7b?s=96&d=mm&r=g\",\"url\":\"https:\\\/\\\/secure.gravatar.com\\\/avatar\\\/729fbcebbfccd7834565b1398470d6ea84a4f3e7525873a0cb368db99228ce7b?s=96&d=mm&r=g\",\"contentUrl\":\"https:\\\/\\\/secure.gravatar.com\\\/avatar\\\/729fbcebbfccd7834565b1398470d6ea84a4f3e7525873a0cb368db99228ce7b?s=96&d=mm&r=g\",\"caption\":\"Nadja Blanchard\"},\"url\":\"https:\\\/\\\/fmc.ch\\\/fr\\\/author\\\/nadja-blanchardfmc-ch\\\/\"}]}<\/script>\n<!-- \/ Yoast SEO plugin. -->","yoast_head_json":{"title":"Deep dive sur le partenariat avec les patients - FMC","description":"Un atelier interactif en ligne sur les bases et la mise en \u0153uvre du partenariat avec les patients dans le secteur de la sant\u00e9.","robots":{"index":"index","follow":"follow","max-snippet":"max-snippet:-1","max-image-preview":"max-image-preview:large","max-video-preview":"max-video-preview:-1"},"canonical":"https:\/\/fmc.ch\/fr\/webinaire-partenariat-avec-les-patientes\/","og_locale":"fr_FR","og_type":"article","og_title":"Deep dive zur Partnerschaft mit Patient:innen - FMC","og_description":"Ein interaktiver online-Workshop zur den Grundlagen und der Umsetzung der Partnerschaft mit Patient.innen im Gesundheitswesen.","og_url":"https:\/\/fmc.ch\/fr\/webinaire-partenariat-avec-les-patientes\/","og_site_name":"FMC","article_published_time":"2024-04-18T08:27:25+00:00","article_modified_time":"2024-11-11T12:00:09+00:00","og_image":[{"width":566,"height":572,"url":"https:\/\/fmc.ch\/wp-content\/uploads\/2024\/04\/Webinar_Deep-dive-Patientenintegration.png","type":"image\/png"}],"author":"Nadja Blanchard","twitter_card":"summary_large_image","twitter_misc":{"\u00c9crit par":"Nadja Blanchard","Dur\u00e9e de lecture estim\u00e9e":"2 minutes"},"schema":{"@context":"https:\/\/schema.org","@graph":[{"@type":"Article","@id":"https:\/\/fmc.ch\/webinar-partnerschaft-mit-patientinnen\/#article","isPartOf":{"@id":"https:\/\/fmc.ch\/webinar-partnerschaft-mit-patientinnen\/"},"author":{"name":"Nadja Blanchard","@id":"https:\/\/fmc.ch\/#\/schema\/person\/3a7218d283691f8ef8cf410e4615e507"},"headline":"Deep dive zur Partnerschaft mit Patient:innen","datePublished":"2024-04-18T08:27:25+00:00","dateModified":"2024-11-11T12:00:09+00:00","mainEntityOfPage":{"@id":"https:\/\/fmc.ch\/webinar-partnerschaft-mit-patientinnen\/"},"wordCount":259,"publisher":{"@id":"https:\/\/fmc.ch\/#organization"},"image":{"@id":"https:\/\/fmc.ch\/webinar-partnerschaft-mit-patientinnen\/#primaryimage"},"thumbnailUrl":"https:\/\/fmc.ch\/wp-content\/uploads\/2024\/04\/Webinar_Deep-dive-Patientenintegration.png","keywords":["Integration von Patient:innen"],"articleSection":["Webinare"],"inLanguage":"fr-FR"},{"@type":"WebPage","@id":"https:\/\/fmc.ch\/webinar-partnerschaft-mit-patientinnen\/","url":"https:\/\/fmc.ch\/webinar-partnerschaft-mit-patientinnen\/","name":"Deep dive sur le partenariat avec les patients - FMC","isPartOf":{"@id":"https:\/\/fmc.ch\/#website"},"primaryImageOfPage":{"@id":"https:\/\/fmc.ch\/webinar-partnerschaft-mit-patientinnen\/#primaryimage"},"image":{"@id":"https:\/\/fmc.ch\/webinar-partnerschaft-mit-patientinnen\/#primaryimage"},"thumbnailUrl":"https:\/\/fmc.ch\/wp-content\/uploads\/2024\/04\/Webinar_Deep-dive-Patientenintegration.png","datePublished":"2024-04-18T08:27:25+00:00","dateModified":"2024-11-11T12:00:09+00:00","description":"Un atelier interactif en ligne sur les bases et la mise en \u0153uvre du partenariat avec les patients dans le secteur de la sant\u00e9.","breadcrumb":{"@id":"https:\/\/fmc.ch\/webinar-partnerschaft-mit-patientinnen\/#breadcrumb"},"inLanguage":"fr-FR","potentialAction":[{"@type":"ReadAction","target":["https:\/\/fmc.ch\/webinar-partnerschaft-mit-patientinnen\/"]}]},{"@type":"ImageObject","inLanguage":"fr-FR","@id":"https:\/\/fmc.ch\/webinar-partnerschaft-mit-patientinnen\/#primaryimage","url":"https:\/\/fmc.ch\/wp-content\/uploads\/2024\/04\/Webinar_Deep-dive-Patientenintegration.png","contentUrl":"https:\/\/fmc.ch\/wp-content\/uploads\/2024\/04\/Webinar_Deep-dive-Patientenintegration.png","width":566,"height":572},{"@type":"BreadcrumbList","@id":"https:\/\/fmc.ch\/webinar-partnerschaft-mit-patientinnen\/#breadcrumb","itemListElement":[{"@type":"ListItem","position":1,"name":"Home","item":"https:\/\/fmc.ch\/"},{"@type":"ListItem","position":2,"name":"Deep dive zur Partnerschaft mit Patient:innen"}]},{"@type":"WebSite","@id":"https:\/\/fmc.ch\/#website","url":"https:\/\/fmc.ch\/","name":"FMC","description":"Forum suisse des soins int\u00e9gr\u00e9s","publisher":{"@id":"https:\/\/fmc.ch\/#organization"},"potentialAction":[{"@type":"SearchAction","target":{"@type":"EntryPoint","urlTemplate":"https:\/\/fmc.ch\/?s={search_term_string}"},"query-input":{"@type":"PropertyValueSpecification","valueRequired":true,"valueName":"search_term_string"}}],"inLanguage":"fr-FR"},{"@type":"Organization","@id":"https:\/\/fmc.ch\/#organization","name":"FMC","url":"https:\/\/fmc.ch\/","logo":{"@type":"ImageObject","inLanguage":"fr-FR","@id":"https:\/\/fmc.ch\/#\/schema\/logo\/image\/","url":"https:\/\/fmc.ch\/wp-content\/uploads\/2023\/09\/fmc-logo.svg","contentUrl":"https:\/\/fmc.ch\/wp-content\/uploads\/2023\/09\/fmc-logo.svg","caption":"FMC"},"image":{"@id":"https:\/\/fmc.ch\/#\/schema\/logo\/image\/"}},{"@type":"Person","@id":"https:\/\/fmc.ch\/#\/schema\/person\/3a7218d283691f8ef8cf410e4615e507","name":"Nadja Blanchard","image":{"@type":"ImageObject","inLanguage":"fr-FR","@id":"https:\/\/secure.gravatar.com\/avatar\/729fbcebbfccd7834565b1398470d6ea84a4f3e7525873a0cb368db99228ce7b?s=96&d=mm&r=g","url":"https:\/\/secure.gravatar.com\/avatar\/729fbcebbfccd7834565b1398470d6ea84a4f3e7525873a0cb368db99228ce7b?s=96&d=mm&r=g","contentUrl":"https:\/\/secure.gravatar.com\/avatar\/729fbcebbfccd7834565b1398470d6ea84a4f3e7525873a0cb368db99228ce7b?s=96&d=mm&r=g","caption":"Nadja Blanchard"},"url":"https:\/\/fmc.ch\/fr\/author\/nadja-blanchardfmc-ch\/"}]}},"_links":{"self":[{"href":"https:\/\/fmc.ch\/fr\/wp-json\/wp\/v2\/posts\/9449","targetHints":{"allow":["GET"]}}],"collection":[{"href":"https:\/\/fmc.ch\/fr\/wp-json\/wp\/v2\/posts"}],"about":[{"href":"https:\/\/fmc.ch\/fr\/wp-json\/wp\/v2\/types\/post"}],"author":[{"embeddable":true,"href":"https:\/\/fmc.ch\/fr\/wp-json\/wp\/v2\/users\/2"}],"replies":[{"embeddable":true,"href":"https:\/\/fmc.ch\/fr\/wp-json\/wp\/v2\/comments?post=9449"}],"version-history":[{"count":5,"href":"https:\/\/fmc.ch\/fr\/wp-json\/wp\/v2\/posts\/9449\/revisions"}],"predecessor-version":[{"id":12247,"href":"https:\/\/fmc.ch\/fr\/wp-json\/wp\/v2\/posts\/9449\/revisions\/12247"}],"wp:featuredmedia":[{"embeddable":true,"href":"https:\/\/fmc.ch\/fr\/wp-json\/wp\/v2\/media\/9451"}],"wp:attachment":[{"href":"https:\/\/fmc.ch\/fr\/wp-json\/wp\/v2\/media?parent=9449"}],"wp:term":[{"taxonomy":"strategie","embeddable":true,"href":"https:\/\/fmc.ch\/fr\/wp-json\/wp\/v2\/strategie?post=9449"},{"taxonomy":"thema","embeddable":true,"href":"https:\/\/fmc.ch\/fr\/wp-json\/wp\/v2\/thema?post=9449"},{"taxonomy":"format","embeddable":true,"href":"https:\/\/fmc.ch\/fr\/wp-json\/wp\/v2\/format?post=9449"}],"curies":[{"name":"wp","href":"https:\/\/api.w.org\/{rel}","templated":true}]}}