{"id":9380,"date":"2024-04-12T13:56:12","date_gmt":"2024-04-12T13:56:12","guid":{"rendered":"https:\/\/fmc.ch\/?p=9380"},"modified":"2025-11-27T17:17:52","modified_gmt":"2025-11-27T16:17:52","slug":"bmc-fmc-voyage-detudes-a-paris","status":"publish","type":"post","link":"https:\/\/fmc.ch\/fr\/bmc-fmc-studienreise-nach-paris\/","title":{"rendered":"Voyage d'\u00e9tude BMC\/fmc \u00e0 Paris, France"},"content":{"rendered":"<div data-elementor-type=\"wp-post\" data-elementor-id=\"9380\" class=\"elementor elementor-9380\" data-elementor-post-type=\"post\">\n\t\t\t\t\t\t<section class=\"elementor-section elementor-top-section elementor-element elementor-element-ba46d81 elementor-section-boxed elementor-section-height-default elementor-section-height-default\" data-id=\"ba46d81\" data-element_type=\"section\" data-e-type=\"section\">\n\t\t\t\t\t\t<div class=\"elementor-container elementor-column-gap-default\">\n\t\t\t\t\t<div class=\"elementor-column elementor-col-50 elementor-top-column elementor-element elementor-element-30921cf\" data-id=\"30921cf\" data-element_type=\"column\" data-e-type=\"column\">\n\t\t\t<div class=\"elementor-widget-wrap elementor-element-populated\">\n\t\t\t\t\t\t<div class=\"elementor-element elementor-element-021ca3e elementor-widget__width-initial elementor-invisible elementor-widget elementor-widget-text-editor\" data-id=\"021ca3e\" data-element_type=\"widget\" data-e-type=\"widget\" data-settings=\"{&quot;_animation&quot;:&quot;fadeIn&quot;}\" data-widget_type=\"text-editor.default\">\n\t\t\t\t<div class=\"elementor-widget-container\">\n\t\t\t\t\t\t\t\t\t<p>Les co\u00fbts de la sant\u00e9 ne sont pas les seuls \u00e0 \u00eatre aussi \u00e9lev\u00e9s en France qu'en Suisse. Les d\u00e9fis dans l'organisation des soins sont \u00e9galement similaires : une coordination insuffisante entre les diff\u00e9rents prestataires de soins, une offre insuffisante dans les r\u00e9gions structurellement faibles ainsi qu'une num\u00e9risation lente. Lors de l'introduction du dossier \u00e9lectronique du patient, nos voisins fran\u00e7ais ont toutefois reconnu assez rapidement qu'une r\u00e9glementation de l'opt-out \u00e9tait absolument n\u00e9cessaire pour une diffusion \u00e0 grande \u00e9chelle. Avec le paquet de r\u00e9formes 100% sant\u00e9 et d'autres mesures, la Grande Nation tente en outre d'am\u00e9liorer notamment l'acc\u00e8s aux soins primaires et aux offres de pr\u00e9vention.<\/p>\t\t\t\t\t\t\t\t<\/div>\n\t\t\t\t<\/div>\n\t\t\t\t\t<\/div>\n\t\t<\/div>\n\t\t\t\t<div class=\"elementor-column elementor-col-50 elementor-top-column elementor-element elementor-element-4307af7\" data-id=\"4307af7\" data-element_type=\"column\" data-e-type=\"column\">\n\t\t\t<div class=\"elementor-widget-wrap elementor-element-populated\">\n\t\t\t\t\t\t<div class=\"elementor-element elementor-element-f7a1884 elementor-invisible elementor-widget elementor-widget-image\" data-id=\"f7a1884\" data-element_type=\"widget\" data-e-type=\"widget\" data-settings=\"{&quot;_animation&quot;:&quot;fadeIn&quot;,&quot;_animation_delay&quot;:300}\" data-widget_type=\"image.default\">\n\t\t\t\t<div class=\"elementor-widget-container\">\n\t\t\t\t\t\t\t\t\t\t\t\t\t\t\t<img fetchpriority=\"high\" decoding=\"async\" width=\"800\" height=\"450\" src=\"https:\/\/fmc.ch\/wp-content\/uploads\/2024\/04\/Studienreise-Paris-Anmeldungseroeffnung.png\" class=\"attachment-large size-large wp-image-9378\" alt=\"\" srcset=\"https:\/\/fmc.ch\/wp-content\/uploads\/2024\/04\/Studienreise-Paris-Anmeldungseroeffnung.png 1280w, https:\/\/fmc.ch\/wp-content\/uploads\/2024\/04\/Studienreise-Paris-Anmeldungseroeffnung-600x338.png 600w, https:\/\/fmc.ch\/wp-content\/uploads\/2024\/04\/Studienreise-Paris-Anmeldungseroeffnung-768x432.png 768w\" sizes=\"(max-width: 800px) 100vw, 800px\" \/>\t\t\t\t\t\t\t\t\t\t\t\t\t\t\t<\/div>\n\t\t\t\t<\/div>\n\t\t\t\t\t<\/div>\n\t\t<\/div>\n\t\t\t\t\t<\/div>\n\t\t<\/section>\n\t\t\t\t<section class=\"elementor-section elementor-top-section elementor-element elementor-element-e866584 elementor-section-boxed elementor-section-height-default elementor-section-height-default\" data-id=\"e866584\" data-element_type=\"section\" data-e-type=\"section\">\n\t\t\t\t\t\t<div class=\"elementor-container elementor-column-gap-default\">\n\t\t\t\t\t<div class=\"elementor-column elementor-col-100 elementor-top-column elementor-element elementor-element-6f0556b\" data-id=\"6f0556b\" data-element_type=\"column\" data-e-type=\"column\">\n\t\t\t<div class=\"elementor-widget-wrap elementor-element-populated\">\n\t\t\t\t\t\t<div class=\"elementor-element elementor-element-8c3e17c elementor-widget elementor-widget-text-editor\" data-id=\"8c3e17c\" data-element_type=\"widget\" data-e-type=\"widget\" data-widget_type=\"text-editor.default\">\n\t\t\t\t<div class=\"elementor-widget-container\">\n\t\t\t\t\t\t\t\t\t<p><strong>Dans le cadre de notre voyage d'\u00e9tude avec le BMC d'Allemagne, nous voulons nous pencher sur les autres innovations qui caract\u00e9risent le syst\u00e8me de sant\u00e9 fran\u00e7ais.<\/strong>. En collaboration avec des experts, nous vous pr\u00e9senterons des exemples de bonnes pratiques et discuterons des \u00e9l\u00e9ments qui peuvent \u00eatre transf\u00e9r\u00e9s aux syst\u00e8mes de sant\u00e9 suisse et allemand. Nous serions ravis de vous compter parmi nous !<\/p>\t\t\t\t\t\t\t\t<\/div>\n\t\t\t\t<\/div>\n\t\t\t\t\t<\/div>\n\t\t<\/div>\n\t\t\t\t\t<\/div>\n\t\t<\/section>\n\t\t\t\t<section class=\"elementor-section elementor-top-section elementor-element elementor-element-d57e907 elementor-section-boxed elementor-section-height-default elementor-section-height-default\" data-id=\"d57e907\" data-element_type=\"section\" data-e-type=\"section\">\n\t\t\t\t\t\t<div class=\"elementor-container elementor-column-gap-default\">\n\t\t\t\t\t<div class=\"elementor-column elementor-col-100 elementor-top-column elementor-element elementor-element-55ac85de\" data-id=\"55ac85de\" data-element_type=\"column\" data-e-type=\"column\">\n\t\t\t<div class=\"elementor-widget-wrap elementor-element-populated\">\n\t\t\t\t\t\t<div class=\"elementor-element elementor-element-1ac5cc6d elementor-invisible elementor-widget elementor-widget-text-editor\" data-id=\"1ac5cc6d\" data-element_type=\"widget\" data-e-type=\"widget\" data-settings=\"{&quot;_animation&quot;:&quot;fadeIn&quot;}\" data-widget_type=\"text-editor.default\">\n\t\t\t\t<div class=\"elementor-widget-container\">\n\t\t\t\t\t\t\t\t\t<h3>Ces points forts vous attendent lors de notre voyage d'\u00e9tude :<\/h3><ul><li><strong>Soins int\u00e9gr\u00e9s et orient\u00e9s vers la population en \u00e9quipe <\/strong>(Les territoires pionniers de la Responsabilit\u00e9 populationnelle, les maisons de sant\u00e9 pluriprofessionnelles)<\/li><li><strong>Num\u00e9risation des soins de sant\u00e9 <\/strong>(Mon espace sant\u00e9, SNCF cabines de t\u00e9l\u00e9consultation)<\/li><li><strong>R\u00e9ponses \u00e0 la p\u00e9nurie de soins <\/strong>(d\u00e9serts m\u00e9dicaux\/les d\u00e9serts m\u00e9dicaux)<\/li><li><strong>Mesures de pr\u00e9vention et de promotion de la sant\u00e9<\/strong><\/li><li><strong>Structures de soins et comp\u00e9tences en mati\u00e8re de soins<\/strong><\/li><\/ul><p data-testid=\"xmlBjPbe4\">Discutez avec des experts de la F\u00e9d\u00e9ration hospitali\u00e8re de France, de Sciences Po, de Doctolib et bien d'autres.<\/p>\t\t\t\t\t\t\t\t<\/div>\n\t\t\t\t<\/div>\n\t\t\t\t\t<\/div>\n\t\t<\/div>\n\t\t\t\t\t<\/div>\n\t\t<\/section>\n\t\t\t\t<section class=\"elementor-section elementor-top-section elementor-element elementor-element-178432e6 elementor-section-boxed elementor-section-height-default elementor-section-height-default\" data-id=\"178432e6\" data-element_type=\"section\" data-e-type=\"section\">\n\t\t\t\t\t\t<div class=\"elementor-container elementor-column-gap-default\">\n\t\t\t\t\t<div class=\"elementor-column elementor-col-100 elementor-top-column elementor-element elementor-element-217c483e\" data-id=\"217c483e\" data-element_type=\"column\" data-e-type=\"column\">\n\t\t\t<div class=\"elementor-widget-wrap elementor-element-populated\">\n\t\t\t\t\t\t<div class=\"elementor-element elementor-element-549c9a76 elementor-invisible elementor-widget elementor-widget-heading\" data-id=\"549c9a76\" data-element_type=\"widget\" data-e-type=\"widget\" data-settings=\"{&quot;_animation&quot;:&quot;fadeInUp&quot;}\" data-widget_type=\"heading.default\">\n\t\t\t\t<div class=\"elementor-widget-container\">\n\t\t\t\t\t<h2 class=\"elementor-heading-title elementor-size-default\">Horaire cadre du programme<\/h2>\t\t\t\t<\/div>\n\t\t\t\t<\/div>\n\t\t\t\t<div class=\"elementor-element elementor-element-1da9e74e elementor-invisible elementor-widget elementor-widget-text-editor\" data-id=\"1da9e74e\" data-element_type=\"widget\" data-e-type=\"widget\" data-settings=\"{&quot;_animation&quot;:&quot;fadeIn&quot;}\" data-widget_type=\"text-editor.default\">\n\t\t\t\t<div class=\"elementor-widget-container\">\n\t\t\t\t\t\t\t\t\t<ul><li><strong>D\u00e9but<\/strong>: jeudi 19 septembre 2024, 9h30<\/li><li><strong>Fin<\/strong>: Samedi 21 septembre 2024, 13h00<\/li><li><strong>Frais de participation<\/strong>490 \u20ac, d\u00e9jeuner et d\u00eener inclus (sans frais d'h\u00e9bergement et de d\u00e9placement).<\/li><li><strong>Participation<\/strong>: L'offre s'adresse exclusivement aux membres du BMC et de la fmc. Le nombre de participants est limit\u00e9. Si vous \u00eates int\u00e9ress\u00e9, veuillez vous inscrire avant le <strong>5 mai 2024<\/strong>. Vous recevrez une notification de votre participation \u00e0 la mi-mai. <strong>Veuillez ne pas r\u00e9server de vols, de chambres d'h\u00f4tel, etc. d'ici l\u00e0.<\/strong>\u00a0<\/li><\/ul>\t\t\t\t\t\t\t\t<\/div>\n\t\t\t\t<\/div>\n\t\t\t\t<div class=\"elementor-element elementor-element-cfd3256 elementor-widget elementor-widget-button\" data-id=\"cfd3256\" data-element_type=\"widget\" data-e-type=\"widget\" data-widget_type=\"button.default\">\n\t\t\t\t<div class=\"elementor-widget-container\">\n\t\t\t\t\t\t\t\t\t<div class=\"elementor-button-wrapper\">\n\t\t\t\t\t<a class=\"elementor-button elementor-button-link elementor-size-sm\" href=\"https:\/\/fmc.ch\/wp-content\/uploads\/2024\/04\/Studienreise-Paris-Infoflyer.pdf\">\n\t\t\t\t\t\t<span class=\"elementor-button-content-wrapper\">\n\t\t\t\t\t\t\t\t\t<span class=\"elementor-button-text\">D\u00e9pliant<\/span>\n\t\t\t\t\t<\/span>\n\t\t\t\t\t<\/a>\n\t\t\t\t<\/div>\n\t\t\t\t\t\t\t\t<\/div>\n\t\t\t\t<\/div>\n\t\t\t\t<div class=\"elementor-element elementor-element-ca877e1 elementor-widget elementor-widget-button\" data-id=\"ca877e1\" data-element_type=\"widget\" data-e-type=\"widget\" data-widget_type=\"button.default\">\n\t\t\t\t<div class=\"elementor-widget-container\">\n\t\t\t\t\t\t\t\t\t<div class=\"elementor-button-wrapper\">\n\t\t\t\t\t<a class=\"elementor-button elementor-button-link elementor-size-sm\" href=\"https:\/\/www.bmcev.de\/event\/bmc-studienreise-2024-paris-frankreich\/\">\n\t\t\t\t\t\t<span class=\"elementor-button-content-wrapper\">\n\t\t\t\t\t\t\t\t\t<span class=\"elementor-button-text\">Pour les inscriptions c'est par ici<\/span>\n\t\t\t\t\t<\/span>\n\t\t\t\t\t<\/a>\n\t\t\t\t<\/div>\n\t\t\t\t\t\t\t\t<\/div>\n\t\t\t\t<\/div>\n\t\t\t\t\t<\/div>\n\t\t<\/div>\n\t\t\t\t\t<\/div>\n\t\t<\/section>\n\t\t\t\t<\/div>","protected":false},"excerpt":{"rendered":"<p>Voyage d'\u00e9tudes BMC\/fmc \u00e0 Paris, France | 19.09.-21.09.2024<\/p>","protected":false},"author":2,"featured_media":9379,"comment_status":"closed","ping_status":"closed","sticky":false,"template":"","format":[144,138],"meta":{"footnotes":""},"strategie":[163],"thema":[170],"class_list":["post-9380","post","type-post","status-publish","format-standard","has-post-thumbnail","hentry","strategie-integrierte-versorgung-allgemein","thema-themenuebergreifende-fmc-aktivitaet","format-studienreise","format-veranstaltung"],"yoast_head":"<!-- This site is optimized with the Yoast SEO plugin v27.5 - https:\/\/yoast.com\/product\/yoast-seo-wordpress\/ -->\n<title>BMC\/fmc Studienreise nach Paris, Frankreich - FMC<\/title>\n<meta name=\"description\" content=\"BMC\/fmc Studienreise nach Paris, Frankreich | 19.09.-21.09.2024\" \/>\n<meta name=\"robots\" content=\"index, follow, max-snippet:-1, max-image-preview:large, max-video-preview:-1\" \/>\n<link rel=\"canonical\" href=\"https:\/\/fmc.ch\/fr\/bmc-fmc-voyage-detudes-a-paris\/\" \/>\n<meta property=\"og:locale\" content=\"fr_FR\" \/>\n<meta property=\"og:type\" content=\"article\" \/>\n<meta property=\"og:title\" content=\"BMC\/fmc Studienreise nach Paris, Frankreich - FMC\" \/>\n<meta property=\"og:description\" content=\"BMC\/fmc Studienreise nach Paris, Frankreich | 19.09.-21.09.2024\" \/>\n<meta property=\"og:url\" content=\"https:\/\/fmc.ch\/fr\/bmc-fmc-voyage-detudes-a-paris\/\" \/>\n<meta property=\"og:site_name\" content=\"FMC\" \/>\n<meta property=\"article:published_time\" content=\"2024-04-12T13:56:12+00:00\" \/>\n<meta property=\"article:modified_time\" content=\"2025-11-27T16:17:52+00:00\" \/>\n<meta property=\"og:image\" content=\"https:\/\/fmc.ch\/wp-content\/uploads\/2024\/04\/Studienreise-bmc-fmc-2024-klein-Website.png\" \/>\n\t<meta property=\"og:image:width\" content=\"600\" \/>\n\t<meta property=\"og:image:height\" content=\"563\" \/>\n\t<meta property=\"og:image:type\" content=\"image\/png\" \/>\n<meta name=\"author\" content=\"Nadja Blanchard\" \/>\n<meta name=\"twitter:card\" content=\"summary_large_image\" \/>\n<meta name=\"twitter:label1\" content=\"\u00c9crit par\" \/>\n\t<meta name=\"twitter:data1\" content=\"Nadja Blanchard\" \/>\n\t<meta name=\"twitter:label2\" content=\"Dur\u00e9e de lecture estim\u00e9e\" \/>\n\t<meta name=\"twitter:data2\" content=\"2 minutes\" \/>\n<script type=\"application\/ld+json\" class=\"yoast-schema-graph\">{\"@context\":\"https:\\\/\\\/schema.org\",\"@graph\":[{\"@type\":\"Article\",\"@id\":\"https:\\\/\\\/fmc.ch\\\/bmc-fmc-studienreise-nach-paris\\\/#article\",\"isPartOf\":{\"@id\":\"https:\\\/\\\/fmc.ch\\\/bmc-fmc-studienreise-nach-paris\\\/\"},\"author\":{\"name\":\"Nadja Blanchard\",\"@id\":\"https:\\\/\\\/fmc.ch\\\/#\\\/schema\\\/person\\\/3a7218d283691f8ef8cf410e4615e507\"},\"headline\":\"BMC\\\/fmc Studienreise nach Paris, Frankreich\",\"datePublished\":\"2024-04-12T13:56:12+00:00\",\"dateModified\":\"2025-11-27T16:17:52+00:00\",\"mainEntityOfPage\":{\"@id\":\"https:\\\/\\\/fmc.ch\\\/bmc-fmc-studienreise-nach-paris\\\/\"},\"wordCount\":310,\"publisher\":{\"@id\":\"https:\\\/\\\/fmc.ch\\\/#organization\"},\"image\":{\"@id\":\"https:\\\/\\\/fmc.ch\\\/bmc-fmc-studienreise-nach-paris\\\/#primaryimage\"},\"thumbnailUrl\":\"https:\\\/\\\/fmc.ch\\\/wp-content\\\/uploads\\\/2024\\\/04\\\/Studienreise-bmc-fmc-2024-klein-Website.png\",\"articleSection\":[\"Studienreise\"],\"inLanguage\":\"fr-FR\"},{\"@type\":\"WebPage\",\"@id\":\"https:\\\/\\\/fmc.ch\\\/bmc-fmc-studienreise-nach-paris\\\/\",\"url\":\"https:\\\/\\\/fmc.ch\\\/bmc-fmc-studienreise-nach-paris\\\/\",\"name\":\"BMC\\\/fmc Studienreise nach Paris, Frankreich - FMC\",\"isPartOf\":{\"@id\":\"https:\\\/\\\/fmc.ch\\\/#website\"},\"primaryImageOfPage\":{\"@id\":\"https:\\\/\\\/fmc.ch\\\/bmc-fmc-studienreise-nach-paris\\\/#primaryimage\"},\"image\":{\"@id\":\"https:\\\/\\\/fmc.ch\\\/bmc-fmc-studienreise-nach-paris\\\/#primaryimage\"},\"thumbnailUrl\":\"https:\\\/\\\/fmc.ch\\\/wp-content\\\/uploads\\\/2024\\\/04\\\/Studienreise-bmc-fmc-2024-klein-Website.png\",\"datePublished\":\"2024-04-12T13:56:12+00:00\",\"dateModified\":\"2025-11-27T16:17:52+00:00\",\"description\":\"BMC\\\/fmc Studienreise nach Paris, Frankreich | 19.09.-21.09.2024\",\"breadcrumb\":{\"@id\":\"https:\\\/\\\/fmc.ch\\\/bmc-fmc-studienreise-nach-paris\\\/#breadcrumb\"},\"inLanguage\":\"fr-FR\",\"potentialAction\":[{\"@type\":\"ReadAction\",\"target\":[\"https:\\\/\\\/fmc.ch\\\/bmc-fmc-studienreise-nach-paris\\\/\"]}]},{\"@type\":\"ImageObject\",\"inLanguage\":\"fr-FR\",\"@id\":\"https:\\\/\\\/fmc.ch\\\/bmc-fmc-studienreise-nach-paris\\\/#primaryimage\",\"url\":\"https:\\\/\\\/fmc.ch\\\/wp-content\\\/uploads\\\/2024\\\/04\\\/Studienreise-bmc-fmc-2024-klein-Website.png\",\"contentUrl\":\"https:\\\/\\\/fmc.ch\\\/wp-content\\\/uploads\\\/2024\\\/04\\\/Studienreise-bmc-fmc-2024-klein-Website.png\",\"width\":600,\"height\":563},{\"@type\":\"BreadcrumbList\",\"@id\":\"https:\\\/\\\/fmc.ch\\\/bmc-fmc-studienreise-nach-paris\\\/#breadcrumb\",\"itemListElement\":[{\"@type\":\"ListItem\",\"position\":1,\"name\":\"Home\",\"item\":\"https:\\\/\\\/fmc.ch\\\/\"},{\"@type\":\"ListItem\",\"position\":2,\"name\":\"BMC\\\/fmc Studienreise nach Paris, Frankreich\"}]},{\"@type\":\"WebSite\",\"@id\":\"https:\\\/\\\/fmc.ch\\\/#website\",\"url\":\"https:\\\/\\\/fmc.ch\\\/\",\"name\":\"FMC\",\"description\":\"Schweizer Forum f\u00fcr Integrierte Versorgung\",\"publisher\":{\"@id\":\"https:\\\/\\\/fmc.ch\\\/#organization\"},\"potentialAction\":[{\"@type\":\"SearchAction\",\"target\":{\"@type\":\"EntryPoint\",\"urlTemplate\":\"https:\\\/\\\/fmc.ch\\\/?s={search_term_string}\"},\"query-input\":{\"@type\":\"PropertyValueSpecification\",\"valueRequired\":true,\"valueName\":\"search_term_string\"}}],\"inLanguage\":\"fr-FR\"},{\"@type\":\"Organization\",\"@id\":\"https:\\\/\\\/fmc.ch\\\/#organization\",\"name\":\"FMC\",\"url\":\"https:\\\/\\\/fmc.ch\\\/\",\"logo\":{\"@type\":\"ImageObject\",\"inLanguage\":\"fr-FR\",\"@id\":\"https:\\\/\\\/fmc.ch\\\/#\\\/schema\\\/logo\\\/image\\\/\",\"url\":\"https:\\\/\\\/fmc.ch\\\/wp-content\\\/uploads\\\/2023\\\/09\\\/fmc-logo.svg\",\"contentUrl\":\"https:\\\/\\\/fmc.ch\\\/wp-content\\\/uploads\\\/2023\\\/09\\\/fmc-logo.svg\",\"caption\":\"FMC\"},\"image\":{\"@id\":\"https:\\\/\\\/fmc.ch\\\/#\\\/schema\\\/logo\\\/image\\\/\"}},{\"@type\":\"Person\",\"@id\":\"https:\\\/\\\/fmc.ch\\\/#\\\/schema\\\/person\\\/3a7218d283691f8ef8cf410e4615e507\",\"name\":\"Nadja Blanchard\",\"image\":{\"@type\":\"ImageObject\",\"inLanguage\":\"fr-FR\",\"@id\":\"https:\\\/\\\/secure.gravatar.com\\\/avatar\\\/729fbcebbfccd7834565b1398470d6ea84a4f3e7525873a0cb368db99228ce7b?s=96&d=mm&r=g\",\"url\":\"https:\\\/\\\/secure.gravatar.com\\\/avatar\\\/729fbcebbfccd7834565b1398470d6ea84a4f3e7525873a0cb368db99228ce7b?s=96&d=mm&r=g\",\"contentUrl\":\"https:\\\/\\\/secure.gravatar.com\\\/avatar\\\/729fbcebbfccd7834565b1398470d6ea84a4f3e7525873a0cb368db99228ce7b?s=96&d=mm&r=g\",\"caption\":\"Nadja Blanchard\"},\"url\":\"https:\\\/\\\/fmc.ch\\\/fr\\\/author\\\/nadja-blanchardfmc-ch\\\/\"}]}<\/script>\n<!-- \/ Yoast SEO plugin. -->","yoast_head_json":{"title":"Voyage d'\u00e9tudes BMC\/fmc \u00e0 Paris, France - FMC","description":"Voyage d'\u00e9tudes BMC\/fmc \u00e0 Paris, France | 19.09.-21.09.2024","robots":{"index":"index","follow":"follow","max-snippet":"max-snippet:-1","max-image-preview":"max-image-preview:large","max-video-preview":"max-video-preview:-1"},"canonical":"https:\/\/fmc.ch\/fr\/bmc-fmc-voyage-detudes-a-paris\/","og_locale":"fr_FR","og_type":"article","og_title":"BMC\/fmc Studienreise nach Paris, Frankreich - FMC","og_description":"BMC\/fmc Studienreise nach Paris, Frankreich | 19.09.-21.09.2024","og_url":"https:\/\/fmc.ch\/fr\/bmc-fmc-voyage-detudes-a-paris\/","og_site_name":"FMC","article_published_time":"2024-04-12T13:56:12+00:00","article_modified_time":"2025-11-27T16:17:52+00:00","og_image":[{"width":600,"height":563,"url":"https:\/\/fmc.ch\/wp-content\/uploads\/2024\/04\/Studienreise-bmc-fmc-2024-klein-Website.png","type":"image\/png"}],"author":"Nadja Blanchard","twitter_card":"summary_large_image","twitter_misc":{"\u00c9crit par":"Nadja Blanchard","Dur\u00e9e de lecture estim\u00e9e":"2 minutes"},"schema":{"@context":"https:\/\/schema.org","@graph":[{"@type":"Article","@id":"https:\/\/fmc.ch\/bmc-fmc-studienreise-nach-paris\/#article","isPartOf":{"@id":"https:\/\/fmc.ch\/bmc-fmc-studienreise-nach-paris\/"},"author":{"name":"Nadja Blanchard","@id":"https:\/\/fmc.ch\/#\/schema\/person\/3a7218d283691f8ef8cf410e4615e507"},"headline":"BMC\/fmc Studienreise nach Paris, Frankreich","datePublished":"2024-04-12T13:56:12+00:00","dateModified":"2025-11-27T16:17:52+00:00","mainEntityOfPage":{"@id":"https:\/\/fmc.ch\/bmc-fmc-studienreise-nach-paris\/"},"wordCount":310,"publisher":{"@id":"https:\/\/fmc.ch\/#organization"},"image":{"@id":"https:\/\/fmc.ch\/bmc-fmc-studienreise-nach-paris\/#primaryimage"},"thumbnailUrl":"https:\/\/fmc.ch\/wp-content\/uploads\/2024\/04\/Studienreise-bmc-fmc-2024-klein-Website.png","articleSection":["Studienreise"],"inLanguage":"fr-FR"},{"@type":"WebPage","@id":"https:\/\/fmc.ch\/bmc-fmc-studienreise-nach-paris\/","url":"https:\/\/fmc.ch\/bmc-fmc-studienreise-nach-paris\/","name":"Voyage d'\u00e9tudes BMC\/fmc \u00e0 Paris, France - FMC","isPartOf":{"@id":"https:\/\/fmc.ch\/#website"},"primaryImageOfPage":{"@id":"https:\/\/fmc.ch\/bmc-fmc-studienreise-nach-paris\/#primaryimage"},"image":{"@id":"https:\/\/fmc.ch\/bmc-fmc-studienreise-nach-paris\/#primaryimage"},"thumbnailUrl":"https:\/\/fmc.ch\/wp-content\/uploads\/2024\/04\/Studienreise-bmc-fmc-2024-klein-Website.png","datePublished":"2024-04-12T13:56:12+00:00","dateModified":"2025-11-27T16:17:52+00:00","description":"Voyage d'\u00e9tudes BMC\/fmc \u00e0 Paris, France | 19.09.-21.09.2024","breadcrumb":{"@id":"https:\/\/fmc.ch\/bmc-fmc-studienreise-nach-paris\/#breadcrumb"},"inLanguage":"fr-FR","potentialAction":[{"@type":"ReadAction","target":["https:\/\/fmc.ch\/bmc-fmc-studienreise-nach-paris\/"]}]},{"@type":"ImageObject","inLanguage":"fr-FR","@id":"https:\/\/fmc.ch\/bmc-fmc-studienreise-nach-paris\/#primaryimage","url":"https:\/\/fmc.ch\/wp-content\/uploads\/2024\/04\/Studienreise-bmc-fmc-2024-klein-Website.png","contentUrl":"https:\/\/fmc.ch\/wp-content\/uploads\/2024\/04\/Studienreise-bmc-fmc-2024-klein-Website.png","width":600,"height":563},{"@type":"BreadcrumbList","@id":"https:\/\/fmc.ch\/bmc-fmc-studienreise-nach-paris\/#breadcrumb","itemListElement":[{"@type":"ListItem","position":1,"name":"Home","item":"https:\/\/fmc.ch\/"},{"@type":"ListItem","position":2,"name":"BMC\/fmc Studienreise nach Paris, Frankreich"}]},{"@type":"WebSite","@id":"https:\/\/fmc.ch\/#website","url":"https:\/\/fmc.ch\/","name":"FMC","description":"Forum suisse des soins int\u00e9gr\u00e9s","publisher":{"@id":"https:\/\/fmc.ch\/#organization"},"potentialAction":[{"@type":"SearchAction","target":{"@type":"EntryPoint","urlTemplate":"https:\/\/fmc.ch\/?s={search_term_string}"},"query-input":{"@type":"PropertyValueSpecification","valueRequired":true,"valueName":"search_term_string"}}],"inLanguage":"fr-FR"},{"@type":"Organization","@id":"https:\/\/fmc.ch\/#organization","name":"FMC","url":"https:\/\/fmc.ch\/","logo":{"@type":"ImageObject","inLanguage":"fr-FR","@id":"https:\/\/fmc.ch\/#\/schema\/logo\/image\/","url":"https:\/\/fmc.ch\/wp-content\/uploads\/2023\/09\/fmc-logo.svg","contentUrl":"https:\/\/fmc.ch\/wp-content\/uploads\/2023\/09\/fmc-logo.svg","caption":"FMC"},"image":{"@id":"https:\/\/fmc.ch\/#\/schema\/logo\/image\/"}},{"@type":"Person","@id":"https:\/\/fmc.ch\/#\/schema\/person\/3a7218d283691f8ef8cf410e4615e507","name":"Nadja Blanchard","image":{"@type":"ImageObject","inLanguage":"fr-FR","@id":"https:\/\/secure.gravatar.com\/avatar\/729fbcebbfccd7834565b1398470d6ea84a4f3e7525873a0cb368db99228ce7b?s=96&d=mm&r=g","url":"https:\/\/secure.gravatar.com\/avatar\/729fbcebbfccd7834565b1398470d6ea84a4f3e7525873a0cb368db99228ce7b?s=96&d=mm&r=g","contentUrl":"https:\/\/secure.gravatar.com\/avatar\/729fbcebbfccd7834565b1398470d6ea84a4f3e7525873a0cb368db99228ce7b?s=96&d=mm&r=g","caption":"Nadja Blanchard"},"url":"https:\/\/fmc.ch\/fr\/author\/nadja-blanchardfmc-ch\/"}]}},"_links":{"self":[{"href":"https:\/\/fmc.ch\/fr\/wp-json\/wp\/v2\/posts\/9380","targetHints":{"allow":["GET"]}}],"collection":[{"href":"https:\/\/fmc.ch\/fr\/wp-json\/wp\/v2\/posts"}],"about":[{"href":"https:\/\/fmc.ch\/fr\/wp-json\/wp\/v2\/types\/post"}],"author":[{"embeddable":true,"href":"https:\/\/fmc.ch\/fr\/wp-json\/wp\/v2\/users\/2"}],"replies":[{"embeddable":true,"href":"https:\/\/fmc.ch\/fr\/wp-json\/wp\/v2\/comments?post=9380"}],"version-history":[{"count":8,"href":"https:\/\/fmc.ch\/fr\/wp-json\/wp\/v2\/posts\/9380\/revisions"}],"predecessor-version":[{"id":12243,"href":"https:\/\/fmc.ch\/fr\/wp-json\/wp\/v2\/posts\/9380\/revisions\/12243"}],"wp:featuredmedia":[{"embeddable":true,"href":"https:\/\/fmc.ch\/fr\/wp-json\/wp\/v2\/media\/9379"}],"wp:attachment":[{"href":"https:\/\/fmc.ch\/fr\/wp-json\/wp\/v2\/media?parent=9380"}],"wp:term":[{"taxonomy":"strategie","embeddable":true,"href":"https:\/\/fmc.ch\/fr\/wp-json\/wp\/v2\/strategie?post=9380"},{"taxonomy":"thema","embeddable":true,"href":"https:\/\/fmc.ch\/fr\/wp-json\/wp\/v2\/thema?post=9380"},{"taxonomy":"format","embeddable":true,"href":"https:\/\/fmc.ch\/fr\/wp-json\/wp\/v2\/format?post=9380"}],"curies":[{"name":"wp","href":"https:\/\/api.w.org\/{rel}","templated":true}]}}