{"id":9313,"date":"2024-04-05T12:43:05","date_gmt":"2024-04-05T12:43:05","guid":{"rendered":"https:\/\/fmc.ch\/?p=9313"},"modified":"2025-12-01T16:23:40","modified_gmt":"2025-12-01T15:23:40","slug":"ameliorer-la-qualite-et-reduire-les-couts-grace-aux-reseaux-de-medecins","status":"publish","type":"post","link":"https:\/\/fmc.ch\/fr\/qualitaet-steigern-und-kosten-senken-dank-aerztenetzen\/","title":{"rendered":"Am\u00e9liorer la qualit\u00e9 et r\u00e9duire les co\u00fbts gr\u00e2ce aux r\u00e9seaux de m\u00e9decins"},"content":{"rendered":"<div data-elementor-type=\"wp-post\" data-elementor-id=\"9313\" class=\"elementor elementor-9313\" data-elementor-post-type=\"post\">\n\t\t\t\t\t\t<section class=\"elementor-section elementor-top-section elementor-element elementor-element-44609eb elementor-section-boxed elementor-section-height-default elementor-section-height-default elementor-invisible\" data-id=\"44609eb\" data-element_type=\"section\" data-e-type=\"section\" data-settings=\"{&quot;animation&quot;:&quot;fadeIn&quot;}\">\n\t\t\t\t\t\t<div class=\"elementor-container elementor-column-gap-default\">\n\t\t\t\t\t<div class=\"elementor-column elementor-col-100 elementor-top-column elementor-element elementor-element-830169a\" data-id=\"830169a\" data-element_type=\"column\" data-e-type=\"column\">\n\t\t\t<div class=\"elementor-widget-wrap elementor-element-populated\">\n\t\t\t\t\t\t<div class=\"elementor-element elementor-element-c94aaab elementor-widget elementor-widget-text-editor\" data-id=\"c94aaab\" data-element_type=\"widget\" data-e-type=\"widget\" data-widget_type=\"text-editor.default\">\n\t\t\t\t<div class=\"elementor-widget-container\">\n\t\t\t\t\t\t\t\t\t<h3>La qualit\u00e9 des soins m\u00e9dicaux en Suisse doit \u00eatre am\u00e9lior\u00e9e. Parall\u00e8lement, des mesures politiques visant \u00e0 ma\u00eetriser les co\u00fbts sont mises en \u0153uvre. Du c\u00f4t\u00e9 des fournisseurs de prestations et des assureurs-maladie, il existe toutefois des solutions alternatives dont il est prouv\u00e9 qu'elles permettent d'am\u00e9liorer la qualit\u00e9 des soins et de r\u00e9duire les co\u00fbts.<\/h3>\t\t\t\t\t\t\t\t<\/div>\n\t\t\t\t<\/div>\n\t\t\t\t\t<\/div>\n\t\t<\/div>\n\t\t\t\t\t<\/div>\n\t\t<\/section>\n\t\t\t\t<section class=\"elementor-section elementor-top-section elementor-element elementor-element-68cdc25 elementor-section-boxed elementor-section-height-default elementor-section-height-default\" data-id=\"68cdc25\" data-element_type=\"section\" data-e-type=\"section\">\n\t\t\t\t\t\t<div class=\"elementor-container elementor-column-gap-default\">\n\t\t\t\t\t<div class=\"elementor-column elementor-col-100 elementor-top-column elementor-element elementor-element-682004f\" data-id=\"682004f\" data-element_type=\"column\" data-e-type=\"column\">\n\t\t\t<div class=\"elementor-widget-wrap elementor-element-populated\">\n\t\t\t\t\t\t<div class=\"elementor-element elementor-element-8ef9c16 elementor-widget elementor-widget-text-editor\" data-id=\"8ef9c16\" data-element_type=\"widget\" data-e-type=\"widget\" data-widget_type=\"text-editor.default\">\n\t\t\t\t<div class=\"elementor-widget-container\">\n\t\t\t\t\t\t\t\t\t<p>Le texte ci-dessous est un extrait du Bulletin des m\u00e9decins suisses | 2023 : 104 (27-28) 36-38<\/p>\t\t\t\t\t\t\t\t<\/div>\n\t\t\t\t<\/div>\n\t\t\t\t\t<\/div>\n\t\t<\/div>\n\t\t\t\t\t<\/div>\n\t\t<\/section>\n\t\t\t\t<section class=\"elementor-section elementor-top-section elementor-element elementor-element-a6711b6 elementor-section-boxed elementor-section-height-default elementor-section-height-default elementor-invisible\" data-id=\"a6711b6\" data-element_type=\"section\" data-e-type=\"section\" data-settings=\"{&quot;animation&quot;:&quot;fadeIn&quot;}\">\n\t\t\t\t\t\t<div class=\"elementor-container elementor-column-gap-default\">\n\t\t\t\t\t<div class=\"elementor-column elementor-col-100 elementor-top-column elementor-element elementor-element-77583f2\" data-id=\"77583f2\" data-element_type=\"column\" data-e-type=\"column\">\n\t\t\t<div class=\"elementor-widget-wrap elementor-element-populated\">\n\t\t\t\t\t\t<div class=\"elementor-element elementor-element-29c518f elementor-widget elementor-widget-text-editor\" data-id=\"29c518f\" data-element_type=\"widget\" data-e-type=\"widget\" data-widget_type=\"text-editor.default\">\n\t\t\t\t<div class=\"elementor-widget-container\">\n\t\t\t\t\t\t\t\t\t<p>Co\u00fbts et qualit\u00e9. Un th\u00e8me r\u00e9current dans les discussions sur le syst\u00e8me de sant\u00e9 suisse. Les politiques r\u00e9clament \u00e0 cor et \u00e0 cri une am\u00e9lioration de la qualit\u00e9 des soins m\u00e9dicaux. Les critiques portent surtout sur le manque de transparence en mati\u00e8re de qualit\u00e9. Pour ma\u00eetriser l'\u00e9volution des co\u00fbts, on assiste \u00e0 une v\u00e9ritable course aux initiatives parlementaires et aux propositions du Conseil f\u00e9d\u00e9ral, telles que le paquet de mesures 2 et la loi sur la qualit\u00e9 (article 58 r\u00e9vis\u00e9 de la loi f\u00e9d\u00e9rale sur l'assurance-maladie LAMal), compl\u00e9t\u00e9e actuellement par l'adoption du contre-projet indirect \u00e0 l'initiative sur le frein aux co\u00fbts du parti du centre.<\/p>\t\t\t\t\t\t\t\t<\/div>\n\t\t\t\t<\/div>\n\t\t\t\t\t<\/div>\n\t\t<\/div>\n\t\t\t\t\t<\/div>\n\t\t<\/section>\n\t\t\t\t<section data-dce-background-color=\"#F1F1F1\" class=\"elementor-section elementor-top-section elementor-element elementor-element-9b59190 elementor-section-full_width elementor-section-stretched elementor-section-height-default elementor-section-height-default\" data-id=\"9b59190\" data-element_type=\"section\" data-e-type=\"section\" data-settings=\"{&quot;stretch_section&quot;:&quot;section-stretched&quot;,&quot;background_background&quot;:&quot;classic&quot;}\">\n\t\t\t\t\t\t<div class=\"elementor-container elementor-column-gap-default\">\n\t\t\t\t\t<div class=\"elementor-column elementor-col-100 elementor-top-column elementor-element elementor-element-d527650\" data-id=\"d527650\" data-element_type=\"column\" data-e-type=\"column\">\n\t\t\t<div class=\"elementor-widget-wrap elementor-element-populated\">\n\t\t\t\t\t\t<div class=\"elementor-element elementor-element-5f7177b elementor-widget elementor-widget-shortcode\" data-id=\"5f7177b\" data-element_type=\"widget\" data-e-type=\"widget\" data-widget_type=\"shortcode.default\">\n\t\t\t\t<div class=\"elementor-widget-container\">\n\t\t\t\t\t\t\t<div class=\"elementor-shortcode\"><div class=\"_df_book df-lite\" id=\"df_9311\"  _slug=\"artikel-und-studien_artikel-saez_qualitaet-und-kosten\" data-title=\"artikel-und-studien_artikel-saez_qualitaet-und-kosten\" wpoptions=\"true\" thumbtype=\"\" ><\/div><script class=\"df-shortcode-script\" nowprocket type=\"application\/javascript\">window.option_df_9311 = {\"outline\":[],\"backgroundColor\":\"#f1f1f1\",\"height\":\"700\",\"autoEnableOutline\":\"false\",\"autoEnableThumbnail\":\"false\",\"overwritePDFOutline\":\"false\",\"direction\":\"1\",\"pageSize\":\"0\",\"source\":\"https:\\\/\\\/fmc.ch\\\/wp-content\\\/uploads\\\/2024\\\/04\\\/Artikel-und-Studien_Artikel-SAEZ_Qualitaet-und-Kosten.pdf\",\"wpOptions\":\"true\"}; if(window.DFLIP && window.DFLIP.parseBooks){window.DFLIP.parseBooks();}<\/script><\/div>\n\t\t\t\t\t\t<\/div>\n\t\t\t\t<\/div>\n\t\t\t\t\t<\/div>\n\t\t<\/div>\n\t\t\t\t\t<\/div>\n\t\t<\/section>\n\t\t\t\t<section data-dce-background-color=\"#F1F1F1\" class=\"elementor-section elementor-top-section elementor-element elementor-element-f1aa56f elementor-section-full_width elementor-section-stretched elementor-section-height-default elementor-section-height-default\" data-id=\"f1aa56f\" data-element_type=\"section\" data-e-type=\"section\" data-settings=\"{&quot;stretch_section&quot;:&quot;section-stretched&quot;,&quot;background_background&quot;:&quot;classic&quot;}\">\n\t\t\t\t\t\t<div class=\"elementor-container elementor-column-gap-default\">\n\t\t\t\t\t<div class=\"elementor-column elementor-col-100 elementor-top-column elementor-element elementor-element-31d89d4\" data-id=\"31d89d4\" data-element_type=\"column\" data-e-type=\"column\">\n\t\t\t<div class=\"elementor-widget-wrap elementor-element-populated\">\n\t\t\t\t\t\t<div class=\"elementor-element elementor-element-94268ab elementor-align-center elementor-widget elementor-widget-button\" data-id=\"94268ab\" data-element_type=\"widget\" data-e-type=\"widget\" data-widget_type=\"button.default\">\n\t\t\t\t<div class=\"elementor-widget-container\">\n\t\t\t\t\t\t\t\t\t<div class=\"elementor-button-wrapper\">\n\t\t\t\t\t<a class=\"elementor-button elementor-button-link elementor-size-sm\" href=\"https:\/\/fmc.ch\/wp-content\/uploads\/2024\/04\/Artikel-und-Studien_Artikel-SAEZ_Qualitaet-und-Kosten.pdf\" target=\"_blank\">\n\t\t\t\t\t\t<span class=\"elementor-button-content-wrapper\">\n\t\t\t\t\t\t\t\t\t<span class=\"elementor-button-text\">T\u00e9l\u00e9charger le PDF<\/span>\n\t\t\t\t\t<\/span>\n\t\t\t\t\t<\/a>\n\t\t\t\t<\/div>\n\t\t\t\t\t\t\t\t<\/div>\n\t\t\t\t<\/div>\n\t\t\t\t\t<\/div>\n\t\t<\/div>\n\t\t\t\t\t<\/div>\n\t\t<\/section>\n\t\t<div class=\"elementor-element elementor-element-3652c7f e-flex e-con-boxed e-con e-parent\" data-id=\"3652c7f\" data-element_type=\"container\" data-e-type=\"container\">\n\t\t\t\t\t<div class=\"e-con-inner\">\n\t\t\t\t\t<\/div>\n\t\t\t\t<\/div>\n\t\t<div class=\"elementor-element elementor-element-1da298b e-flex e-con-boxed e-con e-parent\" data-id=\"1da298b\" data-element_type=\"container\" data-e-type=\"container\">\n\t\t\t\t\t<div class=\"e-con-inner\">\n\t\t\t\t<div class=\"elementor-element elementor-element-f8fe30e elementor-widget-divider--view-line elementor-widget elementor-widget-divider\" data-id=\"f8fe30e\" data-element_type=\"widget\" data-e-type=\"widget\" data-widget_type=\"divider.default\">\n\t\t\t\t<div class=\"elementor-widget-container\">\n\t\t\t\t\t\t\t<div class=\"elementor-divider\">\n\t\t\t<span class=\"elementor-divider-separator\">\n\t\t\t\t\t\t<\/span>\n\t\t<\/div>\n\t\t\t\t\t\t<\/div>\n\t\t\t\t<\/div>\n\t\t\t\t<div class=\"elementor-element elementor-element-aea00cf elementor-widget elementor-widget-heading\" data-id=\"aea00cf\" data-element_type=\"widget\" data-e-type=\"widget\" data-widget_type=\"heading.default\">\n\t\t\t\t<div class=\"elementor-widget-container\">\n\t\t\t\t\t<h2 class=\"elementor-heading-title elementor-size-default\">Autres articles sur les r\u00e9seaux de m\u00e9decins \/ groupes de pratique<\/h2>\t\t\t\t<\/div>\n\t\t\t\t<\/div>\n\t\t\t\t\t<\/div>\n\t\t\t\t<\/div>\n\t\t<div class=\"elementor-element elementor-element-4e50626 e-flex e-con-boxed e-con e-parent\" data-id=\"4e50626\" data-element_type=\"container\" data-e-type=\"container\">\n\t\t\t\t\t<div class=\"e-con-inner\">\n\t\t\t\t<div class=\"elementor-element elementor-element-89dec54 elementor-widget elementor-widget-text-editor\" data-id=\"89dec54\" data-element_type=\"widget\" data-e-type=\"widget\" data-widget_type=\"text-editor.default\">\n\t\t\t\t<div class=\"elementor-widget-container\">\n\t\t\t\t\t\t\t\t\t<ul><li><a href=\"https:\/\/fmc.ch\/fr\/symposium-2019\/\" target=\"_blank\" rel=\"noopener\">R\u00e9seaux de m\u00e9decins et soins int\u00e9gr\u00e9s : Que coordonner ? Comment coop\u00e9rer ?<\/a><\/li><li><a href=\"https:\/\/fmc.ch\/fr\/reseau-vertical\/\" target=\"_blank\" rel=\"noopener\">Mise en r\u00e9seau verticale - mediX bern et groupe Lindenhof - De l'\u00e9tat de projet \u00e0 l'exploitation op\u00e9rationnelle<\/a><\/li><li><a href=\"https:\/\/fmc.ch\/fr\/concept-de-cabinet-dans-le-cabinet-de-groupe-de-sanacare\/\" target=\"_blank\" rel=\"noopener\">Nouveau concept de cabinet dans le cabinet de groupe de Sanacare<\/a><\/li><li><a href=\"https:\/\/fmc.ch\/fr\/travail-social-au-cabinet-medical\/\" target=\"_blank\" rel=\"noopener\">Rapport final du projet de recherche : Le travail social au cabinet m\u00e9dical<\/a><\/li><li><a href=\"https:\/\/fmc.ch\/fr\/enquete-fmc-aupres-des-assures\/\" target=\"_blank\" rel=\"noopener\">Enqu\u00eate fmc aupr\u00e8s des assur\u00e9s 2022<\/a><\/li><\/ul>\t\t\t\t\t\t\t\t<\/div>\n\t\t\t\t<\/div>\n\t\t\t\t\t<\/div>\n\t\t\t\t<\/div>\n\t\t\t\t<\/div>","protected":false},"excerpt":{"rendered":"<p>Co\u00fbts et qualit\u00e9. Pivot r\u00e9current des discussions dans le syst\u00e8me de sant\u00e9 suisse.<\/p>","protected":false},"author":2,"featured_media":9310,"comment_status":"closed","ping_status":"closed","sticky":false,"template":"","format":[149,139],"meta":{"footnotes":""},"strategie":[156],"thema":[152,168],"class_list":["post-9313","post","type-post","status-publish","format-standard","has-post-thumbnail","hentry","strategie-zusammenarbeit","thema-interprofessionelle-zusammenarbeit","thema-qualitaetsentwicklung","format-artikel-und-studien","format-publikation"],"yoast_head":"<!-- This site is optimized with the Yoast SEO plugin v27.5 - https:\/\/yoast.com\/product\/yoast-seo-wordpress\/ -->\n<title>Qualit\u00e4t steigern und Kosten senken dank \u00c4rztenetzen - FMC<\/title>\n<meta name=\"description\" content=\"Kosten und Qualit\u00e4t. Immer wiederkehrender Dreh- und Angelpunkt der Diskussionen im Schweizer Gesundheitswesen.\" \/>\n<meta name=\"robots\" content=\"index, follow, max-snippet:-1, max-image-preview:large, max-video-preview:-1\" \/>\n<link rel=\"canonical\" href=\"https:\/\/fmc.ch\/fr\/ameliorer-la-qualite-et-reduire-les-couts-grace-aux-reseaux-de-medecins\/\" \/>\n<meta property=\"og:locale\" content=\"fr_FR\" \/>\n<meta property=\"og:type\" content=\"article\" \/>\n<meta property=\"og:title\" content=\"Qualit\u00e4t steigern und Kosten senken dank \u00c4rztenetzen - FMC\" \/>\n<meta property=\"og:description\" content=\"Kosten und Qualit\u00e4t. Immer wiederkehrender Dreh- und Angelpunkt der Diskussionen im Schweizer Gesundheitswesen.\" \/>\n<meta property=\"og:url\" content=\"https:\/\/fmc.ch\/fr\/ameliorer-la-qualite-et-reduire-les-couts-grace-aux-reseaux-de-medecins\/\" \/>\n<meta property=\"og:site_name\" content=\"FMC\" \/>\n<meta property=\"article:published_time\" content=\"2024-04-05T12:43:05+00:00\" \/>\n<meta property=\"article:modified_time\" content=\"2025-12-01T15:23:40+00:00\" \/>\n<meta property=\"og:image\" content=\"https:\/\/fmc.ch\/wp-content\/uploads\/2024\/04\/Artikel-und-Studien_Artikel-SAEZ_Qualitaet-und-Kosten.png\" \/>\n\t<meta property=\"og:image:width\" content=\"517\" \/>\n\t<meta property=\"og:image:height\" content=\"517\" \/>\n\t<meta property=\"og:image:type\" content=\"image\/png\" \/>\n<meta name=\"author\" content=\"Nadja Blanchard\" \/>\n<meta name=\"twitter:card\" content=\"summary_large_image\" \/>\n<meta name=\"twitter:label1\" content=\"\u00c9crit par\" \/>\n\t<meta name=\"twitter:data1\" content=\"Nadja Blanchard\" \/>\n\t<meta name=\"twitter:label2\" content=\"Dur\u00e9e de lecture estim\u00e9e\" \/>\n\t<meta name=\"twitter:data2\" content=\"1 minute\" \/>\n<script type=\"application\/ld+json\" class=\"yoast-schema-graph\">{\"@context\":\"https:\\\/\\\/schema.org\",\"@graph\":[{\"@type\":\"Article\",\"@id\":\"https:\\\/\\\/fmc.ch\\\/qualitaet-steigern-und-kosten-senken-dank-aerztenetzen\\\/#article\",\"isPartOf\":{\"@id\":\"https:\\\/\\\/fmc.ch\\\/qualitaet-steigern-und-kosten-senken-dank-aerztenetzen\\\/\"},\"author\":{\"name\":\"Nadja Blanchard\",\"@id\":\"https:\\\/\\\/fmc.ch\\\/#\\\/schema\\\/person\\\/3a7218d283691f8ef8cf410e4615e507\"},\"headline\":\"Qualit\u00e4t steigern und Kosten senken dank \u00c4rztenetzen\",\"datePublished\":\"2024-04-05T12:43:05+00:00\",\"dateModified\":\"2025-12-01T15:23:40+00:00\",\"mainEntityOfPage\":{\"@id\":\"https:\\\/\\\/fmc.ch\\\/qualitaet-steigern-und-kosten-senken-dank-aerztenetzen\\\/\"},\"wordCount\":199,\"publisher\":{\"@id\":\"https:\\\/\\\/fmc.ch\\\/#organization\"},\"image\":{\"@id\":\"https:\\\/\\\/fmc.ch\\\/qualitaet-steigern-und-kosten-senken-dank-aerztenetzen\\\/#primaryimage\"},\"thumbnailUrl\":\"https:\\\/\\\/fmc.ch\\\/wp-content\\\/uploads\\\/2024\\\/04\\\/Artikel-und-Studien_Artikel-SAEZ_Qualitaet-und-Kosten.png\",\"articleSection\":[\"Artikel und Studien\"],\"inLanguage\":\"fr-FR\"},{\"@type\":\"WebPage\",\"@id\":\"https:\\\/\\\/fmc.ch\\\/qualitaet-steigern-und-kosten-senken-dank-aerztenetzen\\\/\",\"url\":\"https:\\\/\\\/fmc.ch\\\/qualitaet-steigern-und-kosten-senken-dank-aerztenetzen\\\/\",\"name\":\"Qualit\u00e4t steigern und Kosten senken dank \u00c4rztenetzen - FMC\",\"isPartOf\":{\"@id\":\"https:\\\/\\\/fmc.ch\\\/#website\"},\"primaryImageOfPage\":{\"@id\":\"https:\\\/\\\/fmc.ch\\\/qualitaet-steigern-und-kosten-senken-dank-aerztenetzen\\\/#primaryimage\"},\"image\":{\"@id\":\"https:\\\/\\\/fmc.ch\\\/qualitaet-steigern-und-kosten-senken-dank-aerztenetzen\\\/#primaryimage\"},\"thumbnailUrl\":\"https:\\\/\\\/fmc.ch\\\/wp-content\\\/uploads\\\/2024\\\/04\\\/Artikel-und-Studien_Artikel-SAEZ_Qualitaet-und-Kosten.png\",\"datePublished\":\"2024-04-05T12:43:05+00:00\",\"dateModified\":\"2025-12-01T15:23:40+00:00\",\"description\":\"Kosten und Qualit\u00e4t. Immer wiederkehrender Dreh- und Angelpunkt der Diskussionen im Schweizer Gesundheitswesen.\",\"breadcrumb\":{\"@id\":\"https:\\\/\\\/fmc.ch\\\/qualitaet-steigern-und-kosten-senken-dank-aerztenetzen\\\/#breadcrumb\"},\"inLanguage\":\"fr-FR\",\"potentialAction\":[{\"@type\":\"ReadAction\",\"target\":[\"https:\\\/\\\/fmc.ch\\\/qualitaet-steigern-und-kosten-senken-dank-aerztenetzen\\\/\"]}]},{\"@type\":\"ImageObject\",\"inLanguage\":\"fr-FR\",\"@id\":\"https:\\\/\\\/fmc.ch\\\/qualitaet-steigern-und-kosten-senken-dank-aerztenetzen\\\/#primaryimage\",\"url\":\"https:\\\/\\\/fmc.ch\\\/wp-content\\\/uploads\\\/2024\\\/04\\\/Artikel-und-Studien_Artikel-SAEZ_Qualitaet-und-Kosten.png\",\"contentUrl\":\"https:\\\/\\\/fmc.ch\\\/wp-content\\\/uploads\\\/2024\\\/04\\\/Artikel-und-Studien_Artikel-SAEZ_Qualitaet-und-Kosten.png\",\"width\":517,\"height\":517,\"caption\":\"\u00a9 Susan Q Yin \\\/ Unsplash\"},{\"@type\":\"BreadcrumbList\",\"@id\":\"https:\\\/\\\/fmc.ch\\\/qualitaet-steigern-und-kosten-senken-dank-aerztenetzen\\\/#breadcrumb\",\"itemListElement\":[{\"@type\":\"ListItem\",\"position\":1,\"name\":\"Home\",\"item\":\"https:\\\/\\\/fmc.ch\\\/\"},{\"@type\":\"ListItem\",\"position\":2,\"name\":\"Qualit\u00e4t steigern und Kosten senken dank \u00c4rztenetzen\"}]},{\"@type\":\"WebSite\",\"@id\":\"https:\\\/\\\/fmc.ch\\\/#website\",\"url\":\"https:\\\/\\\/fmc.ch\\\/\",\"name\":\"FMC\",\"description\":\"Schweizer Forum f\u00fcr Integrierte Versorgung\",\"publisher\":{\"@id\":\"https:\\\/\\\/fmc.ch\\\/#organization\"},\"potentialAction\":[{\"@type\":\"SearchAction\",\"target\":{\"@type\":\"EntryPoint\",\"urlTemplate\":\"https:\\\/\\\/fmc.ch\\\/?s={search_term_string}\"},\"query-input\":{\"@type\":\"PropertyValueSpecification\",\"valueRequired\":true,\"valueName\":\"search_term_string\"}}],\"inLanguage\":\"fr-FR\"},{\"@type\":\"Organization\",\"@id\":\"https:\\\/\\\/fmc.ch\\\/#organization\",\"name\":\"FMC\",\"url\":\"https:\\\/\\\/fmc.ch\\\/\",\"logo\":{\"@type\":\"ImageObject\",\"inLanguage\":\"fr-FR\",\"@id\":\"https:\\\/\\\/fmc.ch\\\/#\\\/schema\\\/logo\\\/image\\\/\",\"url\":\"https:\\\/\\\/fmc.ch\\\/wp-content\\\/uploads\\\/2023\\\/09\\\/fmc-logo.svg\",\"contentUrl\":\"https:\\\/\\\/fmc.ch\\\/wp-content\\\/uploads\\\/2023\\\/09\\\/fmc-logo.svg\",\"caption\":\"FMC\"},\"image\":{\"@id\":\"https:\\\/\\\/fmc.ch\\\/#\\\/schema\\\/logo\\\/image\\\/\"}},{\"@type\":\"Person\",\"@id\":\"https:\\\/\\\/fmc.ch\\\/#\\\/schema\\\/person\\\/3a7218d283691f8ef8cf410e4615e507\",\"name\":\"Nadja Blanchard\",\"image\":{\"@type\":\"ImageObject\",\"inLanguage\":\"fr-FR\",\"@id\":\"https:\\\/\\\/secure.gravatar.com\\\/avatar\\\/729fbcebbfccd7834565b1398470d6ea84a4f3e7525873a0cb368db99228ce7b?s=96&d=mm&r=g\",\"url\":\"https:\\\/\\\/secure.gravatar.com\\\/avatar\\\/729fbcebbfccd7834565b1398470d6ea84a4f3e7525873a0cb368db99228ce7b?s=96&d=mm&r=g\",\"contentUrl\":\"https:\\\/\\\/secure.gravatar.com\\\/avatar\\\/729fbcebbfccd7834565b1398470d6ea84a4f3e7525873a0cb368db99228ce7b?s=96&d=mm&r=g\",\"caption\":\"Nadja Blanchard\"},\"url\":\"https:\\\/\\\/fmc.ch\\\/fr\\\/author\\\/nadja-blanchardfmc-ch\\\/\"}]}<\/script>\n<!-- \/ Yoast SEO plugin. -->","yoast_head_json":{"title":"Am\u00e9liorer la qualit\u00e9 et r\u00e9duire les co\u00fbts gr\u00e2ce aux r\u00e9seaux de m\u00e9decins - FMC","description":"Co\u00fbts et qualit\u00e9. Pivot r\u00e9current des discussions dans le syst\u00e8me de sant\u00e9 suisse.","robots":{"index":"index","follow":"follow","max-snippet":"max-snippet:-1","max-image-preview":"max-image-preview:large","max-video-preview":"max-video-preview:-1"},"canonical":"https:\/\/fmc.ch\/fr\/ameliorer-la-qualite-et-reduire-les-couts-grace-aux-reseaux-de-medecins\/","og_locale":"fr_FR","og_type":"article","og_title":"Qualit\u00e4t steigern und Kosten senken dank \u00c4rztenetzen - FMC","og_description":"Kosten und Qualit\u00e4t. Immer wiederkehrender Dreh- und Angelpunkt der Diskussionen im Schweizer Gesundheitswesen.","og_url":"https:\/\/fmc.ch\/fr\/ameliorer-la-qualite-et-reduire-les-couts-grace-aux-reseaux-de-medecins\/","og_site_name":"FMC","article_published_time":"2024-04-05T12:43:05+00:00","article_modified_time":"2025-12-01T15:23:40+00:00","og_image":[{"width":517,"height":517,"url":"https:\/\/fmc.ch\/wp-content\/uploads\/2024\/04\/Artikel-und-Studien_Artikel-SAEZ_Qualitaet-und-Kosten.png","type":"image\/png"}],"author":"Nadja Blanchard","twitter_card":"summary_large_image","twitter_misc":{"\u00c9crit par":"Nadja Blanchard","Dur\u00e9e de lecture estim\u00e9e":"1 minute"},"schema":{"@context":"https:\/\/schema.org","@graph":[{"@type":"Article","@id":"https:\/\/fmc.ch\/qualitaet-steigern-und-kosten-senken-dank-aerztenetzen\/#article","isPartOf":{"@id":"https:\/\/fmc.ch\/qualitaet-steigern-und-kosten-senken-dank-aerztenetzen\/"},"author":{"name":"Nadja Blanchard","@id":"https:\/\/fmc.ch\/#\/schema\/person\/3a7218d283691f8ef8cf410e4615e507"},"headline":"Qualit\u00e4t steigern und Kosten senken dank \u00c4rztenetzen","datePublished":"2024-04-05T12:43:05+00:00","dateModified":"2025-12-01T15:23:40+00:00","mainEntityOfPage":{"@id":"https:\/\/fmc.ch\/qualitaet-steigern-und-kosten-senken-dank-aerztenetzen\/"},"wordCount":199,"publisher":{"@id":"https:\/\/fmc.ch\/#organization"},"image":{"@id":"https:\/\/fmc.ch\/qualitaet-steigern-und-kosten-senken-dank-aerztenetzen\/#primaryimage"},"thumbnailUrl":"https:\/\/fmc.ch\/wp-content\/uploads\/2024\/04\/Artikel-und-Studien_Artikel-SAEZ_Qualitaet-und-Kosten.png","articleSection":["Artikel und Studien"],"inLanguage":"fr-FR"},{"@type":"WebPage","@id":"https:\/\/fmc.ch\/qualitaet-steigern-und-kosten-senken-dank-aerztenetzen\/","url":"https:\/\/fmc.ch\/qualitaet-steigern-und-kosten-senken-dank-aerztenetzen\/","name":"Am\u00e9liorer la qualit\u00e9 et r\u00e9duire les co\u00fbts gr\u00e2ce aux r\u00e9seaux de m\u00e9decins - FMC","isPartOf":{"@id":"https:\/\/fmc.ch\/#website"},"primaryImageOfPage":{"@id":"https:\/\/fmc.ch\/qualitaet-steigern-und-kosten-senken-dank-aerztenetzen\/#primaryimage"},"image":{"@id":"https:\/\/fmc.ch\/qualitaet-steigern-und-kosten-senken-dank-aerztenetzen\/#primaryimage"},"thumbnailUrl":"https:\/\/fmc.ch\/wp-content\/uploads\/2024\/04\/Artikel-und-Studien_Artikel-SAEZ_Qualitaet-und-Kosten.png","datePublished":"2024-04-05T12:43:05+00:00","dateModified":"2025-12-01T15:23:40+00:00","description":"Co\u00fbts et qualit\u00e9. Pivot r\u00e9current des discussions dans le syst\u00e8me de sant\u00e9 suisse.","breadcrumb":{"@id":"https:\/\/fmc.ch\/qualitaet-steigern-und-kosten-senken-dank-aerztenetzen\/#breadcrumb"},"inLanguage":"fr-FR","potentialAction":[{"@type":"ReadAction","target":["https:\/\/fmc.ch\/qualitaet-steigern-und-kosten-senken-dank-aerztenetzen\/"]}]},{"@type":"ImageObject","inLanguage":"fr-FR","@id":"https:\/\/fmc.ch\/qualitaet-steigern-und-kosten-senken-dank-aerztenetzen\/#primaryimage","url":"https:\/\/fmc.ch\/wp-content\/uploads\/2024\/04\/Artikel-und-Studien_Artikel-SAEZ_Qualitaet-und-Kosten.png","contentUrl":"https:\/\/fmc.ch\/wp-content\/uploads\/2024\/04\/Artikel-und-Studien_Artikel-SAEZ_Qualitaet-und-Kosten.png","width":517,"height":517,"caption":"\u00a9 Susan Q Yin \/ Unsplash"},{"@type":"BreadcrumbList","@id":"https:\/\/fmc.ch\/qualitaet-steigern-und-kosten-senken-dank-aerztenetzen\/#breadcrumb","itemListElement":[{"@type":"ListItem","position":1,"name":"Home","item":"https:\/\/fmc.ch\/"},{"@type":"ListItem","position":2,"name":"Qualit\u00e4t steigern und Kosten senken dank \u00c4rztenetzen"}]},{"@type":"WebSite","@id":"https:\/\/fmc.ch\/#website","url":"https:\/\/fmc.ch\/","name":"FMC","description":"Forum suisse des soins int\u00e9gr\u00e9s","publisher":{"@id":"https:\/\/fmc.ch\/#organization"},"potentialAction":[{"@type":"SearchAction","target":{"@type":"EntryPoint","urlTemplate":"https:\/\/fmc.ch\/?s={search_term_string}"},"query-input":{"@type":"PropertyValueSpecification","valueRequired":true,"valueName":"search_term_string"}}],"inLanguage":"fr-FR"},{"@type":"Organization","@id":"https:\/\/fmc.ch\/#organization","name":"FMC","url":"https:\/\/fmc.ch\/","logo":{"@type":"ImageObject","inLanguage":"fr-FR","@id":"https:\/\/fmc.ch\/#\/schema\/logo\/image\/","url":"https:\/\/fmc.ch\/wp-content\/uploads\/2023\/09\/fmc-logo.svg","contentUrl":"https:\/\/fmc.ch\/wp-content\/uploads\/2023\/09\/fmc-logo.svg","caption":"FMC"},"image":{"@id":"https:\/\/fmc.ch\/#\/schema\/logo\/image\/"}},{"@type":"Person","@id":"https:\/\/fmc.ch\/#\/schema\/person\/3a7218d283691f8ef8cf410e4615e507","name":"Nadja Blanchard","image":{"@type":"ImageObject","inLanguage":"fr-FR","@id":"https:\/\/secure.gravatar.com\/avatar\/729fbcebbfccd7834565b1398470d6ea84a4f3e7525873a0cb368db99228ce7b?s=96&d=mm&r=g","url":"https:\/\/secure.gravatar.com\/avatar\/729fbcebbfccd7834565b1398470d6ea84a4f3e7525873a0cb368db99228ce7b?s=96&d=mm&r=g","contentUrl":"https:\/\/secure.gravatar.com\/avatar\/729fbcebbfccd7834565b1398470d6ea84a4f3e7525873a0cb368db99228ce7b?s=96&d=mm&r=g","caption":"Nadja Blanchard"},"url":"https:\/\/fmc.ch\/fr\/author\/nadja-blanchardfmc-ch\/"}]}},"_links":{"self":[{"href":"https:\/\/fmc.ch\/fr\/wp-json\/wp\/v2\/posts\/9313","targetHints":{"allow":["GET"]}}],"collection":[{"href":"https:\/\/fmc.ch\/fr\/wp-json\/wp\/v2\/posts"}],"about":[{"href":"https:\/\/fmc.ch\/fr\/wp-json\/wp\/v2\/types\/post"}],"author":[{"embeddable":true,"href":"https:\/\/fmc.ch\/fr\/wp-json\/wp\/v2\/users\/2"}],"replies":[{"embeddable":true,"href":"https:\/\/fmc.ch\/fr\/wp-json\/wp\/v2\/comments?post=9313"}],"version-history":[{"count":7,"href":"https:\/\/fmc.ch\/fr\/wp-json\/wp\/v2\/posts\/9313\/revisions"}],"predecessor-version":[{"id":17029,"href":"https:\/\/fmc.ch\/fr\/wp-json\/wp\/v2\/posts\/9313\/revisions\/17029"}],"wp:featuredmedia":[{"embeddable":true,"href":"https:\/\/fmc.ch\/fr\/wp-json\/wp\/v2\/media\/9310"}],"wp:attachment":[{"href":"https:\/\/fmc.ch\/fr\/wp-json\/wp\/v2\/media?parent=9313"}],"wp:term":[{"taxonomy":"strategie","embeddable":true,"href":"https:\/\/fmc.ch\/fr\/wp-json\/wp\/v2\/strategie?post=9313"},{"taxonomy":"thema","embeddable":true,"href":"https:\/\/fmc.ch\/fr\/wp-json\/wp\/v2\/thema?post=9313"},{"taxonomy":"format","embeddable":true,"href":"https:\/\/fmc.ch\/fr\/wp-json\/wp\/v2\/format?post=9313"}],"curies":[{"name":"wp","href":"https:\/\/api.w.org\/{rel}","templated":true}]}}