{"id":9077,"date":"2024-07-05T14:29:06","date_gmt":"2024-07-05T14:29:06","guid":{"rendered":"https:\/\/fmc.ch\/?p=9077"},"modified":"2025-12-01T13:47:55","modified_gmt":"2025-12-01T12:47:55","slug":"webinaire-sur-ce-qui-rend-les-formations-vraiment-efficaces","status":"publish","type":"post","link":"https:\/\/fmc.ch\/fr\/webinar-was-trainings-wirklich-wirksam-macht\/","title":{"rendered":"2\u00e8me \u00e9dition du webinaire : Deep dive sur \"ce qui rend les formations vraiment efficaces\"."},"content":{"rendered":"<div data-elementor-type=\"wp-post\" data-elementor-id=\"9077\" class=\"elementor elementor-9077\" data-elementor-post-type=\"post\">\n\t\t\t\t\t\t<section class=\"elementor-section elementor-top-section elementor-element elementor-element-e777c0a elementor-section-boxed elementor-section-height-default elementor-section-height-default\" data-id=\"e777c0a\" data-element_type=\"section\" data-e-type=\"section\">\n\t\t\t\t\t\t<div class=\"elementor-container elementor-column-gap-default\">\n\t\t\t\t\t<div class=\"elementor-column elementor-col-100 elementor-top-column elementor-element elementor-element-b35d5a8\" data-id=\"b35d5a8\" data-element_type=\"column\" data-e-type=\"column\">\n\t\t\t<div class=\"elementor-widget-wrap elementor-element-populated\">\n\t\t\t\t\t\t<div data-dce-title-color=\"#E02720\" class=\"elementor-element elementor-element-54e1a75 elementor-invisible elementor-widget elementor-widget-heading\" data-id=\"54e1a75\" data-element_type=\"widget\" data-e-type=\"widget\" data-settings=\"{&quot;_animation&quot;:&quot;fadeInUp&quot;}\" data-widget_type=\"heading.default\">\n\t\t\t\t<div class=\"elementor-widget-container\">\n\t\t\t\t\t<h2 class=\"elementor-heading-title elementor-size-default\">Ce qui rend les formations vraiment efficaces - Focus sur l'efficacit\u00e9 du transfert<\/h2>\t\t\t\t<\/div>\n\t\t\t\t<\/div>\n\t\t\t\t<div class=\"elementor-element elementor-element-4ab0ebd elementor-invisible elementor-widget elementor-widget-text-editor\" data-id=\"4ab0ebd\" data-element_type=\"widget\" data-e-type=\"widget\" data-settings=\"{&quot;_animation&quot;:&quot;fadeIn&quot;}\" data-widget_type=\"text-editor.default\">\n\t\t\t\t<div class=\"elementor-widget-container\">\n\t\t\t\t\t\t\t\t\t<p>Moins de 20 % de ce que les participants apprennent dans les formations et les formations continues est effectivement mis en pratique. C'est particuli\u00e8rement important si nous voulons obtenir des changements dans un syst\u00e8me - par exemple dans le syst\u00e8me de sant\u00e9 - par le biais de formations et de formations continues.<\/p><p>Un des leviers pour am\u00e9liorer cela est la conception des formations, des formations initiales et des formations continues. C'est pourquoi nous avons cr\u00e9\u00e9, en collaboration avec la designer de transfert Linda Fromme, un Deep dive sur le th\u00e8me de \"l'efficacit\u00e9 du transfert\". Ce Deep dive s'adresse \u00e0 tous les \"learning professionals\" tels que les responsables internes de la formation continue et les prestataires de formation.<\/p><ul><li>Gr\u00e2ce \u00e0 ce deep dive, vous apprendrez de quoi d\u00e9pend le succ\u00e8s du transfert et comment vous pouvez le contr\u00f4ler.<\/li><li>Vous avez plus de 50 id\u00e9es d'outils de bonnes pratiques qui vous permettront d'am\u00e9liorer l'efficacit\u00e9 des formations.<\/li><li>Vous disposez d'une m\u00e9thode qui vous permet de convaincre facilement vos participants internes et\/ou externes de participer \u00e0 des mesures de transfert.<\/li><li>Vous pouvez commencer imm\u00e9diatement \u00e0 rendre vos offres d'apprentissage plus efficaces.<\/li><\/ul>\t\t\t\t\t\t\t\t<\/div>\n\t\t\t\t<\/div>\n\t\t\t\t\t<\/div>\n\t\t<\/div>\n\t\t\t\t\t<\/div>\n\t\t<\/section>\n\t\t\t\t<section class=\"elementor-section elementor-top-section elementor-element elementor-element-1a42739 elementor-section-boxed elementor-section-height-default elementor-section-height-default\" data-id=\"1a42739\" data-element_type=\"section\" data-e-type=\"section\">\n\t\t\t\t\t\t<div class=\"elementor-container elementor-column-gap-default\">\n\t\t\t\t\t<div class=\"elementor-column elementor-col-100 elementor-top-column elementor-element elementor-element-e084252\" data-id=\"e084252\" data-element_type=\"column\" data-e-type=\"column\">\n\t\t\t<div class=\"elementor-widget-wrap elementor-element-populated\">\n\t\t\t\t\t\t<section class=\"elementor-section elementor-inner-section elementor-element elementor-element-c9b1a6d elementor-section-boxed elementor-section-height-default elementor-section-height-default\" data-id=\"c9b1a6d\" data-element_type=\"section\" data-e-type=\"section\">\n\t\t\t\t\t\t<div class=\"elementor-container elementor-column-gap-default\">\n\t\t\t\t\t<div class=\"elementor-column elementor-col-50 elementor-inner-column elementor-element elementor-element-3f895d6\" data-id=\"3f895d6\" data-element_type=\"column\" data-e-type=\"column\">\n\t\t\t<div class=\"elementor-widget-wrap elementor-element-populated\">\n\t\t\t\t\t\t<div class=\"elementor-element elementor-element-6fc9f9b elementor-widget elementor-widget-text-editor\" data-id=\"6fc9f9b\" data-element_type=\"widget\" data-e-type=\"widget\" data-widget_type=\"text-editor.default\">\n\t\t\t\t<div class=\"elementor-widget-container\">\n\t\t\t\t\t\t\t\t\t<h3>Que disent les anciens participants :<\/h3>\t\t\t\t\t\t\t\t<\/div>\n\t\t\t\t<\/div>\n\t\t\t\t<div class=\"elementor-element elementor-element-64e1ace elementor-widget elementor-widget-text-editor\" data-id=\"64e1ace\" data-element_type=\"widget\" data-e-type=\"widget\" data-widget_type=\"text-editor.default\">\n\t\t\t\t<div class=\"elementor-widget-container\">\n\t\t\t\t\t\t\t\t\t<p><strong>Franziska Tschirky Feratovic,\u00a0<\/strong>Responsable du processus au niveau secondaire, H\u00f4pital universitaire de Zurich, Direction des soins et MTTB :<br \/><br \/><em>\"J'ai particuli\u00e8rement appr\u00e9ci\u00e9 le fait que les possibilit\u00e9s transmises pour parvenir \u00e0 un meilleur transfert se situent \u00e0 diff\u00e9rents niveaux et qu'il n'est pas n\u00e9cessaire de tout changer d'un coup. Pas \u00e0 pas\".<\/em><\/p><p>\u00a0<\/p>\t\t\t\t\t\t\t\t<\/div>\n\t\t\t\t<\/div>\n\t\t\t\t\t<\/div>\n\t\t<\/div>\n\t\t\t\t<div class=\"elementor-column elementor-col-50 elementor-inner-column elementor-element elementor-element-23ed8f4\" data-id=\"23ed8f4\" data-element_type=\"column\" data-e-type=\"column\">\n\t\t\t<div class=\"elementor-widget-wrap elementor-element-populated\">\n\t\t\t\t\t\t<div class=\"elementor-element elementor-element-c115564 elementor-widget elementor-widget-text-editor\" data-id=\"c115564\" data-element_type=\"widget\" data-e-type=\"widget\" data-widget_type=\"text-editor.default\">\n\t\t\t\t<div class=\"elementor-widget-container\">\n\t\t\t\t\t\t\t\t\t<p><strong>Carmela Flury<\/strong> de Careum :\u00a0<\/p><p><em>\"La Deep Dive m'a donn\u00e9 une multitude d'indications pr\u00e9cieuses sur la mani\u00e8re dont je peux concr\u00e8tement favoriser l'efficacit\u00e9 du transfert. Les 12 leviers aident \u00e0 identifier les aspects qui servent \u00e0 mettre en pratique ce qui a \u00e9t\u00e9 appris. Les documents sont extr\u00eamement utiles et peuvent \u00eatre directement int\u00e9gr\u00e9s dans la vie quotidienne.<\/em><\/p><p><em>Je tiendrai notamment davantage compte de la clart\u00e9 des attentes, afin que les participants sachent \u00e0 quoi s'attendre. Cela vaut aussi bien pour les offres de formation que pour les r\u00e9unions\".<\/em><\/p>\t\t\t\t\t\t\t\t<\/div>\n\t\t\t\t<\/div>\n\t\t\t\t\t<\/div>\n\t\t<\/div>\n\t\t\t\t\t<\/div>\n\t\t<\/section>\n\t\t\t\t\t<\/div>\n\t\t<\/div>\n\t\t\t\t\t<\/div>\n\t\t<\/section>\n\t\t\t\t<section class=\"elementor-section elementor-top-section elementor-element elementor-element-f81f6cc elementor-section-boxed elementor-section-height-default elementor-section-height-default\" data-id=\"f81f6cc\" data-element_type=\"section\" data-e-type=\"section\">\n\t\t\t\t\t\t<div class=\"elementor-container elementor-column-gap-default\">\n\t\t\t\t\t<div class=\"elementor-column elementor-col-100 elementor-top-column elementor-element elementor-element-85f7ad3\" data-id=\"85f7ad3\" data-element_type=\"column\" data-e-type=\"column\">\n\t\t\t<div class=\"elementor-widget-wrap elementor-element-populated\">\n\t\t\t\t\t\t<div class=\"elementor-element elementor-element-881e0c9 elementor-widget__width-initial elementor-widget elementor-widget-image\" data-id=\"881e0c9\" data-element_type=\"widget\" data-e-type=\"widget\" data-widget_type=\"image.default\">\n\t\t\t\t<div class=\"elementor-widget-container\">\n\t\t\t\t\t\t\t\t\t\t\t\t\t\t\t<img fetchpriority=\"high\" decoding=\"async\" width=\"768\" height=\"517\" src=\"https:\/\/fmc.ch\/wp-content\/uploads\/2024\/03\/Bild-Website-768x517.png\" class=\"attachment-medium_large size-medium_large wp-image-9087\" alt=\"\" srcset=\"https:\/\/fmc.ch\/wp-content\/uploads\/2024\/03\/Bild-Website-768x517.png 768w, https:\/\/fmc.ch\/wp-content\/uploads\/2024\/03\/Bild-Website-600x404.png 600w, https:\/\/fmc.ch\/wp-content\/uploads\/2024\/03\/Bild-Website.png 1088w\" sizes=\"(max-width: 768px) 100vw, 768px\" \/>\t\t\t\t\t\t\t\t\t\t\t\t\t\t\t<\/div>\n\t\t\t\t<\/div>\n\t\t\t\t\t<\/div>\n\t\t<\/div>\n\t\t\t\t\t<\/div>\n\t\t<\/section>\n\t\t\t\t<section class=\"elementor-section elementor-top-section elementor-element elementor-element-6b46394 elementor-section-boxed elementor-section-height-default elementor-section-height-default\" data-id=\"6b46394\" data-element_type=\"section\" data-e-type=\"section\">\n\t\t\t\t\t\t<div class=\"elementor-container elementor-column-gap-default\">\n\t\t\t\t\t<div class=\"elementor-column elementor-col-100 elementor-top-column elementor-element elementor-element-08b0d92\" data-id=\"08b0d92\" data-element_type=\"column\" data-e-type=\"column\">\n\t\t\t<div class=\"elementor-widget-wrap elementor-element-populated\">\n\t\t\t\t\t\t<div class=\"elementor-element elementor-element-170f775 elementor-invisible elementor-widget elementor-widget-heading\" data-id=\"170f775\" data-element_type=\"widget\" data-e-type=\"widget\" data-settings=\"{&quot;_animation&quot;:&quot;fadeInUp&quot;}\" data-widget_type=\"heading.default\">\n\t\t\t\t<div class=\"elementor-widget-container\">\n\t\t\t\t\t<h2 class=\"elementor-heading-title elementor-size-default\">Devenez un(e) pionnier(trice) du transfert et faites bouger les gens !<\/h2>\t\t\t\t<\/div>\n\t\t\t\t<\/div>\n\t\t\t\t<div class=\"elementor-element elementor-element-b85eb5c elementor-invisible elementor-widget elementor-widget-text-editor\" data-id=\"b85eb5c\" data-element_type=\"widget\" data-e-type=\"widget\" data-settings=\"{&quot;_animation&quot;:&quot;fadeIn&quot;}\" data-widget_type=\"text-editor.default\">\n\t\t\t\t<div class=\"elementor-widget-container\">\n\t\t\t\t\t\t\t\t\t<table width=\"160\"><tbody><tr><td width=\"80\">Quand\u00a0<\/td><td width=\"80\">Mercredi 30 octobre de 9h00 \u00e0 12h00<\/td><\/tr><tr><td>O\u00f9<\/td><td>en ligne<\/td><\/tr><tr><td>Langue :<\/td><td>Allemand<\/td><\/tr><tr><td>Pour qui\u00a0<\/td><td>Learning professionals, responsables de formation dans les entreprises et les organisations, prestataires de formation<\/td><\/tr><tr><td>Par qui :\u00a0<\/td><td><a href=\"https:\/\/www.linkedin.com\/in\/lindafromme\/\">Linda Fromme<\/a>, designer de transfert<\/td><\/tr><tr><td>Nombre de participant.es :<\/td><td>Limit\u00e9 \u00e0 8 participants<\/td><\/tr><tr><td>Co\u00fbts :\u00a0<\/td><td>La bo\u00eete \u00e0 outils pour 79,- plus TVA et frais de port. Sinon, la Deep Dive est gratuite pour les membres de la fmc . Pour tous les externes, une contribution suppl\u00e9mentaire de 150 CHF, TVA en sus, est demand\u00e9e.<\/td><\/tr><\/tbody><\/table>\t\t\t\t\t\t\t\t<\/div>\n\t\t\t\t<\/div>\n\t\t\t\t\t<\/div>\n\t\t<\/div>\n\t\t\t\t\t<\/div>\n\t\t<\/section>\n\t\t\t\t<section class=\"elementor-section elementor-top-section elementor-element elementor-element-6283110 elementor-section-boxed elementor-section-height-default elementor-section-height-default\" data-id=\"6283110\" data-element_type=\"section\" data-e-type=\"section\">\n\t\t\t\t\t\t<div class=\"elementor-container elementor-column-gap-default\">\n\t\t\t\t\t<div class=\"elementor-column elementor-col-100 elementor-top-column elementor-element elementor-element-0275204\" data-id=\"0275204\" data-element_type=\"column\" data-e-type=\"column\">\n\t\t\t<div class=\"elementor-widget-wrap elementor-element-populated\">\n\t\t\t\t\t\t<div class=\"elementor-element elementor-element-60612e8 elementor-widget elementor-widget-button\" data-id=\"60612e8\" data-element_type=\"widget\" data-e-type=\"widget\" data-widget_type=\"button.default\">\n\t\t\t\t<div class=\"elementor-widget-container\">\n\t\t\t\t\t\t\t\t\t<div class=\"elementor-button-wrapper\">\n\t\t\t\t\t<a class=\"elementor-button elementor-button-link elementor-size-sm\" href=\"https:\/\/form.jotform.com\/241783917258367\">\n\t\t\t\t\t\t<span class=\"elementor-button-content-wrapper\">\n\t\t\t\t\t\t\t\t\t<span class=\"elementor-button-text\">Cliquez ici pour vous inscrire<\/span>\n\t\t\t\t\t<\/span>\n\t\t\t\t\t<\/a>\n\t\t\t\t<\/div>\n\t\t\t\t\t\t\t\t<\/div>\n\t\t\t\t<\/div>\n\t\t\t\t\t<\/div>\n\t\t<\/div>\n\t\t\t\t\t<\/div>\n\t\t<\/section>\n\t\t\t\t<\/div>","protected":false},"excerpt":{"rendered":"<p>Un webinaire pour les professionnels de l'apprentissage qui se concentre sur l'efficacit\u00e9 du transfert pour rendre les formations plus efficaces.<\/p>","protected":false},"author":2,"featured_media":9078,"comment_status":"closed","ping_status":"closed","sticky":false,"template":"","format":[138,141],"meta":{"footnotes":""},"strategie":[160],"thema":[170],"class_list":["post-9077","post","type-post","status-publish","format-standard","has-post-thumbnail","hentry","strategie-mindset","thema-themenuebergreifende-fmc-aktivitaet","format-veranstaltung","format-webinare"],"yoast_head":"<!-- This site is optimized with the Yoast SEO plugin v27.5 - https:\/\/yoast.com\/product\/yoast-seo-wordpress\/ -->\n<title>2. Ausgabe des Webinars: Deep dive zu &quot;was Trainings wirklich wirksam macht&quot; - FMC<\/title>\n<meta name=\"description\" content=\"Ein Webinar f\u00fcr Learning professionals mit Fokus auf der Transferwirksamkeit um Trainings wirksamer zu machen.\" \/>\n<meta name=\"robots\" content=\"index, follow, max-snippet:-1, max-image-preview:large, max-video-preview:-1\" \/>\n<link rel=\"canonical\" href=\"https:\/\/fmc.ch\/fr\/webinaire-sur-ce-qui-rend-les-formations-vraiment-efficaces\/\" \/>\n<meta property=\"og:locale\" content=\"fr_FR\" \/>\n<meta property=\"og:type\" content=\"article\" \/>\n<meta property=\"og:title\" content=\"2. Ausgabe des Webinars: Deep dive zu &quot;was Trainings wirklich wirksam macht&quot; - FMC\" \/>\n<meta property=\"og:description\" content=\"Ein Webinar f\u00fcr Learning professionals mit Fokus auf der Transferwirksamkeit um Trainings wirksamer zu machen.\" \/>\n<meta property=\"og:url\" content=\"https:\/\/fmc.ch\/fr\/webinaire-sur-ce-qui-rend-les-formations-vraiment-efficaces\/\" \/>\n<meta property=\"og:site_name\" content=\"FMC\" \/>\n<meta property=\"article:published_time\" content=\"2024-07-05T14:29:06+00:00\" \/>\n<meta property=\"article:modified_time\" content=\"2025-12-01T12:47:55+00:00\" \/>\n<meta property=\"og:image\" content=\"https:\/\/fmc.ch\/wp-content\/uploads\/2024\/03\/Webinar_was-trainings-wirklich-wirksam-macht_Linda-Fromme.png\" \/>\n\t<meta property=\"og:image:width\" content=\"548\" \/>\n\t<meta property=\"og:image:height\" content=\"497\" \/>\n\t<meta property=\"og:image:type\" content=\"image\/png\" \/>\n<meta name=\"author\" content=\"Nadja Blanchard\" \/>\n<meta name=\"twitter:card\" content=\"summary_large_image\" \/>\n<meta name=\"twitter:label1\" content=\"\u00c9crit par\" \/>\n\t<meta name=\"twitter:data1\" content=\"Nadja Blanchard\" \/>\n\t<meta name=\"twitter:label2\" content=\"Dur\u00e9e de lecture estim\u00e9e\" \/>\n\t<meta name=\"twitter:data2\" content=\"3 minutes\" \/>\n<script type=\"application\/ld+json\" class=\"yoast-schema-graph\">{\"@context\":\"https:\\\/\\\/schema.org\",\"@graph\":[{\"@type\":\"Article\",\"@id\":\"https:\\\/\\\/fmc.ch\\\/webinar-was-trainings-wirklich-wirksam-macht\\\/#article\",\"isPartOf\":{\"@id\":\"https:\\\/\\\/fmc.ch\\\/webinar-was-trainings-wirklich-wirksam-macht\\\/\"},\"author\":{\"name\":\"Nadja Blanchard\",\"@id\":\"https:\\\/\\\/fmc.ch\\\/#\\\/schema\\\/person\\\/3a7218d283691f8ef8cf410e4615e507\"},\"headline\":\"2. Ausgabe des Webinars: Deep dive zu &#8222;was Trainings wirklich wirksam macht&#8220;\",\"datePublished\":\"2024-07-05T14:29:06+00:00\",\"dateModified\":\"2025-12-01T12:47:55+00:00\",\"mainEntityOfPage\":{\"@id\":\"https:\\\/\\\/fmc.ch\\\/webinar-was-trainings-wirklich-wirksam-macht\\\/\"},\"wordCount\":376,\"publisher\":{\"@id\":\"https:\\\/\\\/fmc.ch\\\/#organization\"},\"image\":{\"@id\":\"https:\\\/\\\/fmc.ch\\\/webinar-was-trainings-wirklich-wirksam-macht\\\/#primaryimage\"},\"thumbnailUrl\":\"https:\\\/\\\/fmc.ch\\\/wp-content\\\/uploads\\\/2024\\\/03\\\/Webinar_was-trainings-wirklich-wirksam-macht_Linda-Fromme.png\",\"articleSection\":[\"Webinare\"],\"inLanguage\":\"fr-FR\"},{\"@type\":\"WebPage\",\"@id\":\"https:\\\/\\\/fmc.ch\\\/webinar-was-trainings-wirklich-wirksam-macht\\\/\",\"url\":\"https:\\\/\\\/fmc.ch\\\/webinar-was-trainings-wirklich-wirksam-macht\\\/\",\"name\":\"2. Ausgabe des Webinars: Deep dive zu \\\"was Trainings wirklich wirksam macht\\\" - FMC\",\"isPartOf\":{\"@id\":\"https:\\\/\\\/fmc.ch\\\/#website\"},\"primaryImageOfPage\":{\"@id\":\"https:\\\/\\\/fmc.ch\\\/webinar-was-trainings-wirklich-wirksam-macht\\\/#primaryimage\"},\"image\":{\"@id\":\"https:\\\/\\\/fmc.ch\\\/webinar-was-trainings-wirklich-wirksam-macht\\\/#primaryimage\"},\"thumbnailUrl\":\"https:\\\/\\\/fmc.ch\\\/wp-content\\\/uploads\\\/2024\\\/03\\\/Webinar_was-trainings-wirklich-wirksam-macht_Linda-Fromme.png\",\"datePublished\":\"2024-07-05T14:29:06+00:00\",\"dateModified\":\"2025-12-01T12:47:55+00:00\",\"description\":\"Ein Webinar f\u00fcr Learning professionals mit Fokus auf der Transferwirksamkeit um Trainings wirksamer zu machen.\",\"breadcrumb\":{\"@id\":\"https:\\\/\\\/fmc.ch\\\/webinar-was-trainings-wirklich-wirksam-macht\\\/#breadcrumb\"},\"inLanguage\":\"fr-FR\",\"potentialAction\":[{\"@type\":\"ReadAction\",\"target\":[\"https:\\\/\\\/fmc.ch\\\/webinar-was-trainings-wirklich-wirksam-macht\\\/\"]}]},{\"@type\":\"ImageObject\",\"inLanguage\":\"fr-FR\",\"@id\":\"https:\\\/\\\/fmc.ch\\\/webinar-was-trainings-wirklich-wirksam-macht\\\/#primaryimage\",\"url\":\"https:\\\/\\\/fmc.ch\\\/wp-content\\\/uploads\\\/2024\\\/03\\\/Webinar_was-trainings-wirklich-wirksam-macht_Linda-Fromme.png\",\"contentUrl\":\"https:\\\/\\\/fmc.ch\\\/wp-content\\\/uploads\\\/2024\\\/03\\\/Webinar_was-trainings-wirklich-wirksam-macht_Linda-Fromme.png\",\"width\":548,\"height\":497},{\"@type\":\"BreadcrumbList\",\"@id\":\"https:\\\/\\\/fmc.ch\\\/webinar-was-trainings-wirklich-wirksam-macht\\\/#breadcrumb\",\"itemListElement\":[{\"@type\":\"ListItem\",\"position\":1,\"name\":\"Home\",\"item\":\"https:\\\/\\\/fmc.ch\\\/\"},{\"@type\":\"ListItem\",\"position\":2,\"name\":\"2. Ausgabe des Webinars: Deep dive zu &#8222;was Trainings wirklich wirksam macht&#8220;\"}]},{\"@type\":\"WebSite\",\"@id\":\"https:\\\/\\\/fmc.ch\\\/#website\",\"url\":\"https:\\\/\\\/fmc.ch\\\/\",\"name\":\"FMC\",\"description\":\"Schweizer Forum f\u00fcr Integrierte Versorgung\",\"publisher\":{\"@id\":\"https:\\\/\\\/fmc.ch\\\/#organization\"},\"potentialAction\":[{\"@type\":\"SearchAction\",\"target\":{\"@type\":\"EntryPoint\",\"urlTemplate\":\"https:\\\/\\\/fmc.ch\\\/?s={search_term_string}\"},\"query-input\":{\"@type\":\"PropertyValueSpecification\",\"valueRequired\":true,\"valueName\":\"search_term_string\"}}],\"inLanguage\":\"fr-FR\"},{\"@type\":\"Organization\",\"@id\":\"https:\\\/\\\/fmc.ch\\\/#organization\",\"name\":\"FMC\",\"url\":\"https:\\\/\\\/fmc.ch\\\/\",\"logo\":{\"@type\":\"ImageObject\",\"inLanguage\":\"fr-FR\",\"@id\":\"https:\\\/\\\/fmc.ch\\\/#\\\/schema\\\/logo\\\/image\\\/\",\"url\":\"https:\\\/\\\/fmc.ch\\\/wp-content\\\/uploads\\\/2023\\\/09\\\/fmc-logo.svg\",\"contentUrl\":\"https:\\\/\\\/fmc.ch\\\/wp-content\\\/uploads\\\/2023\\\/09\\\/fmc-logo.svg\",\"caption\":\"FMC\"},\"image\":{\"@id\":\"https:\\\/\\\/fmc.ch\\\/#\\\/schema\\\/logo\\\/image\\\/\"}},{\"@type\":\"Person\",\"@id\":\"https:\\\/\\\/fmc.ch\\\/#\\\/schema\\\/person\\\/3a7218d283691f8ef8cf410e4615e507\",\"name\":\"Nadja Blanchard\",\"image\":{\"@type\":\"ImageObject\",\"inLanguage\":\"fr-FR\",\"@id\":\"https:\\\/\\\/secure.gravatar.com\\\/avatar\\\/729fbcebbfccd7834565b1398470d6ea84a4f3e7525873a0cb368db99228ce7b?s=96&d=mm&r=g\",\"url\":\"https:\\\/\\\/secure.gravatar.com\\\/avatar\\\/729fbcebbfccd7834565b1398470d6ea84a4f3e7525873a0cb368db99228ce7b?s=96&d=mm&r=g\",\"contentUrl\":\"https:\\\/\\\/secure.gravatar.com\\\/avatar\\\/729fbcebbfccd7834565b1398470d6ea84a4f3e7525873a0cb368db99228ce7b?s=96&d=mm&r=g\",\"caption\":\"Nadja Blanchard\"},\"url\":\"https:\\\/\\\/fmc.ch\\\/fr\\\/author\\\/nadja-blanchardfmc-ch\\\/\"}]}<\/script>\n<!-- \/ Yoast SEO plugin. -->","yoast_head_json":{"title":"2\u00e8me \u00e9dition du webinaire : Deep dive sur \"ce qui rend les formations vraiment efficaces\" - FMC","description":"Un webinaire pour les professionnels de l'apprentissage qui se concentre sur l'efficacit\u00e9 du transfert pour rendre les formations plus efficaces.","robots":{"index":"index","follow":"follow","max-snippet":"max-snippet:-1","max-image-preview":"max-image-preview:large","max-video-preview":"max-video-preview:-1"},"canonical":"https:\/\/fmc.ch\/fr\/webinaire-sur-ce-qui-rend-les-formations-vraiment-efficaces\/","og_locale":"fr_FR","og_type":"article","og_title":"2. Ausgabe des Webinars: Deep dive zu \"was Trainings wirklich wirksam macht\" - FMC","og_description":"Ein Webinar f\u00fcr Learning professionals mit Fokus auf der Transferwirksamkeit um Trainings wirksamer zu machen.","og_url":"https:\/\/fmc.ch\/fr\/webinaire-sur-ce-qui-rend-les-formations-vraiment-efficaces\/","og_site_name":"FMC","article_published_time":"2024-07-05T14:29:06+00:00","article_modified_time":"2025-12-01T12:47:55+00:00","og_image":[{"width":548,"height":497,"url":"https:\/\/fmc.ch\/wp-content\/uploads\/2024\/03\/Webinar_was-trainings-wirklich-wirksam-macht_Linda-Fromme.png","type":"image\/png"}],"author":"Nadja Blanchard","twitter_card":"summary_large_image","twitter_misc":{"\u00c9crit par":"Nadja Blanchard","Dur\u00e9e de lecture estim\u00e9e":"3 minutes"},"schema":{"@context":"https:\/\/schema.org","@graph":[{"@type":"Article","@id":"https:\/\/fmc.ch\/webinar-was-trainings-wirklich-wirksam-macht\/#article","isPartOf":{"@id":"https:\/\/fmc.ch\/webinar-was-trainings-wirklich-wirksam-macht\/"},"author":{"name":"Nadja Blanchard","@id":"https:\/\/fmc.ch\/#\/schema\/person\/3a7218d283691f8ef8cf410e4615e507"},"headline":"2. Ausgabe des Webinars: Deep dive zu &#8222;was Trainings wirklich wirksam macht&#8220;","datePublished":"2024-07-05T14:29:06+00:00","dateModified":"2025-12-01T12:47:55+00:00","mainEntityOfPage":{"@id":"https:\/\/fmc.ch\/webinar-was-trainings-wirklich-wirksam-macht\/"},"wordCount":376,"publisher":{"@id":"https:\/\/fmc.ch\/#organization"},"image":{"@id":"https:\/\/fmc.ch\/webinar-was-trainings-wirklich-wirksam-macht\/#primaryimage"},"thumbnailUrl":"https:\/\/fmc.ch\/wp-content\/uploads\/2024\/03\/Webinar_was-trainings-wirklich-wirksam-macht_Linda-Fromme.png","articleSection":["Webinare"],"inLanguage":"fr-FR"},{"@type":"WebPage","@id":"https:\/\/fmc.ch\/webinar-was-trainings-wirklich-wirksam-macht\/","url":"https:\/\/fmc.ch\/webinar-was-trainings-wirklich-wirksam-macht\/","name":"2\u00e8me \u00e9dition du webinaire : Deep dive sur \"ce qui rend les formations vraiment efficaces\" - FMC","isPartOf":{"@id":"https:\/\/fmc.ch\/#website"},"primaryImageOfPage":{"@id":"https:\/\/fmc.ch\/webinar-was-trainings-wirklich-wirksam-macht\/#primaryimage"},"image":{"@id":"https:\/\/fmc.ch\/webinar-was-trainings-wirklich-wirksam-macht\/#primaryimage"},"thumbnailUrl":"https:\/\/fmc.ch\/wp-content\/uploads\/2024\/03\/Webinar_was-trainings-wirklich-wirksam-macht_Linda-Fromme.png","datePublished":"2024-07-05T14:29:06+00:00","dateModified":"2025-12-01T12:47:55+00:00","description":"Un webinaire pour les professionnels de l'apprentissage qui se concentre sur l'efficacit\u00e9 du transfert pour rendre les formations plus efficaces.","breadcrumb":{"@id":"https:\/\/fmc.ch\/webinar-was-trainings-wirklich-wirksam-macht\/#breadcrumb"},"inLanguage":"fr-FR","potentialAction":[{"@type":"ReadAction","target":["https:\/\/fmc.ch\/webinar-was-trainings-wirklich-wirksam-macht\/"]}]},{"@type":"ImageObject","inLanguage":"fr-FR","@id":"https:\/\/fmc.ch\/webinar-was-trainings-wirklich-wirksam-macht\/#primaryimage","url":"https:\/\/fmc.ch\/wp-content\/uploads\/2024\/03\/Webinar_was-trainings-wirklich-wirksam-macht_Linda-Fromme.png","contentUrl":"https:\/\/fmc.ch\/wp-content\/uploads\/2024\/03\/Webinar_was-trainings-wirklich-wirksam-macht_Linda-Fromme.png","width":548,"height":497},{"@type":"BreadcrumbList","@id":"https:\/\/fmc.ch\/webinar-was-trainings-wirklich-wirksam-macht\/#breadcrumb","itemListElement":[{"@type":"ListItem","position":1,"name":"Home","item":"https:\/\/fmc.ch\/"},{"@type":"ListItem","position":2,"name":"2. Ausgabe des Webinars: Deep dive zu &#8222;was Trainings wirklich wirksam macht&#8220;"}]},{"@type":"WebSite","@id":"https:\/\/fmc.ch\/#website","url":"https:\/\/fmc.ch\/","name":"FMC","description":"Forum suisse des soins int\u00e9gr\u00e9s","publisher":{"@id":"https:\/\/fmc.ch\/#organization"},"potentialAction":[{"@type":"SearchAction","target":{"@type":"EntryPoint","urlTemplate":"https:\/\/fmc.ch\/?s={search_term_string}"},"query-input":{"@type":"PropertyValueSpecification","valueRequired":true,"valueName":"search_term_string"}}],"inLanguage":"fr-FR"},{"@type":"Organization","@id":"https:\/\/fmc.ch\/#organization","name":"FMC","url":"https:\/\/fmc.ch\/","logo":{"@type":"ImageObject","inLanguage":"fr-FR","@id":"https:\/\/fmc.ch\/#\/schema\/logo\/image\/","url":"https:\/\/fmc.ch\/wp-content\/uploads\/2023\/09\/fmc-logo.svg","contentUrl":"https:\/\/fmc.ch\/wp-content\/uploads\/2023\/09\/fmc-logo.svg","caption":"FMC"},"image":{"@id":"https:\/\/fmc.ch\/#\/schema\/logo\/image\/"}},{"@type":"Person","@id":"https:\/\/fmc.ch\/#\/schema\/person\/3a7218d283691f8ef8cf410e4615e507","name":"Nadja Blanchard","image":{"@type":"ImageObject","inLanguage":"fr-FR","@id":"https:\/\/secure.gravatar.com\/avatar\/729fbcebbfccd7834565b1398470d6ea84a4f3e7525873a0cb368db99228ce7b?s=96&d=mm&r=g","url":"https:\/\/secure.gravatar.com\/avatar\/729fbcebbfccd7834565b1398470d6ea84a4f3e7525873a0cb368db99228ce7b?s=96&d=mm&r=g","contentUrl":"https:\/\/secure.gravatar.com\/avatar\/729fbcebbfccd7834565b1398470d6ea84a4f3e7525873a0cb368db99228ce7b?s=96&d=mm&r=g","caption":"Nadja Blanchard"},"url":"https:\/\/fmc.ch\/fr\/author\/nadja-blanchardfmc-ch\/"}]}},"_links":{"self":[{"href":"https:\/\/fmc.ch\/fr\/wp-json\/wp\/v2\/posts\/9077","targetHints":{"allow":["GET"]}}],"collection":[{"href":"https:\/\/fmc.ch\/fr\/wp-json\/wp\/v2\/posts"}],"about":[{"href":"https:\/\/fmc.ch\/fr\/wp-json\/wp\/v2\/types\/post"}],"author":[{"embeddable":true,"href":"https:\/\/fmc.ch\/fr\/wp-json\/wp\/v2\/users\/2"}],"replies":[{"embeddable":true,"href":"https:\/\/fmc.ch\/fr\/wp-json\/wp\/v2\/comments?post=9077"}],"version-history":[{"count":5,"href":"https:\/\/fmc.ch\/fr\/wp-json\/wp\/v2\/posts\/9077\/revisions"}],"predecessor-version":[{"id":12282,"href":"https:\/\/fmc.ch\/fr\/wp-json\/wp\/v2\/posts\/9077\/revisions\/12282"}],"wp:featuredmedia":[{"embeddable":true,"href":"https:\/\/fmc.ch\/fr\/wp-json\/wp\/v2\/media\/9078"}],"wp:attachment":[{"href":"https:\/\/fmc.ch\/fr\/wp-json\/wp\/v2\/media?parent=9077"}],"wp:term":[{"taxonomy":"strategie","embeddable":true,"href":"https:\/\/fmc.ch\/fr\/wp-json\/wp\/v2\/strategie?post=9077"},{"taxonomy":"thema","embeddable":true,"href":"https:\/\/fmc.ch\/fr\/wp-json\/wp\/v2\/thema?post=9077"},{"taxonomy":"format","embeddable":true,"href":"https:\/\/fmc.ch\/fr\/wp-json\/wp\/v2\/format?post=9077"}],"curies":[{"name":"wp","href":"https:\/\/api.w.org\/{rel}","templated":true}]}}