{"id":9010,"date":"2024-03-25T07:29:39","date_gmt":"2024-03-25T07:29:39","guid":{"rendered":"https:\/\/fmc.ch\/?p=9010"},"modified":"2024-11-11T12:15:01","modified_gmt":"2024-11-11T11:15:01","slug":"la-sante-en-reseau-en-basse-engadine","status":"publish","type":"post","link":"https:\/\/fmc.ch\/fr\/vernetze-gesundheit-im-unterengadin\/","title":{"rendered":"La sant\u00e9 en r\u00e9seau en Basse-Engadine : h\u00f4pital, Spitex, maison de soins - tout d'une seule main"},"content":{"rendered":"<div data-elementor-type=\"wp-post\" data-elementor-id=\"9010\" class=\"elementor elementor-9010\" data-elementor-post-type=\"post\">\n\t\t\t\t\t\t<section class=\"elementor-section elementor-top-section elementor-element elementor-element-44609eb elementor-section-boxed elementor-section-height-default elementor-section-height-default elementor-invisible\" data-id=\"44609eb\" data-element_type=\"section\" data-e-type=\"section\" data-settings=\"{&quot;animation&quot;:&quot;fadeIn&quot;}\">\n\t\t\t\t\t\t<div class=\"elementor-container elementor-column-gap-default\">\n\t\t\t\t\t<div class=\"elementor-column elementor-col-100 elementor-top-column elementor-element elementor-element-830169a\" data-id=\"830169a\" data-element_type=\"column\" data-e-type=\"column\">\n\t\t\t<div class=\"elementor-widget-wrap elementor-element-populated\">\n\t\t\t\t\t\t<div class=\"elementor-element elementor-element-c94aaab elementor-widget elementor-widget-text-editor\" data-id=\"c94aaab\" data-element_type=\"widget\" data-e-type=\"widget\" data-widget_type=\"text-editor.default\">\n\t\t\t\t<div class=\"elementor-widget-container\">\n\t\t\t\t\t\t\t\t\t<h3>En Basse-Engadine, une initiative pionni\u00e8re a vu le jour dans le domaine de la sant\u00e9 : Les principaux prestataires de services m\u00e9dicaux se sont tous regroup\u00e9s dans un centre de sant\u00e9. Une nouvelle \u00e9tude de la HSG montre les effets positifs d'un syst\u00e8me de sant\u00e9 int\u00e9gr\u00e9 pour la Suisse.<\/h3>\t\t\t\t\t\t\t\t<\/div>\n\t\t\t\t<\/div>\n\t\t\t\t\t<\/div>\n\t\t<\/div>\n\t\t\t\t\t<\/div>\n\t\t<\/section>\n\t\t\t\t<section class=\"elementor-section elementor-top-section elementor-element elementor-element-68cdc25 elementor-section-boxed elementor-section-height-default elementor-section-height-default\" data-id=\"68cdc25\" data-element_type=\"section\" data-e-type=\"section\">\n\t\t\t\t\t\t<div class=\"elementor-container elementor-column-gap-default\">\n\t\t\t\t\t<div class=\"elementor-column elementor-col-100 elementor-top-column elementor-element elementor-element-682004f\" data-id=\"682004f\" data-element_type=\"column\" data-e-type=\"column\">\n\t\t\t<div class=\"elementor-widget-wrap elementor-element-populated\">\n\t\t\t\t\t\t<div class=\"elementor-element elementor-element-8ef9c16 elementor-widget elementor-widget-text-editor\" data-id=\"8ef9c16\" data-element_type=\"widget\" data-e-type=\"widget\" data-widget_type=\"text-editor.default\">\n\t\t\t\t<div class=\"elementor-widget-container\">\n\t\t\t\t\t\t\t\t\t<p>Le texte suivant sur l'\u00e9tude est tir\u00e9 du site <a href=\"https:\/\/www.unisg.ch\/de\/newsdetail\/news\/spital-spitex-pflegeheim-alles-aus-einer-hand\/\">H\u00f4pital, Spitex, maison de soins - tout d'une seule main<\/a> (unisg.ch) (\u00e9tat mars 2023).<\/p>\t\t\t\t\t\t\t\t<\/div>\n\t\t\t\t<\/div>\n\t\t\t\t\t<\/div>\n\t\t<\/div>\n\t\t\t\t\t<\/div>\n\t\t<\/section>\n\t\t\t\t<section class=\"elementor-section elementor-top-section elementor-element elementor-element-a6711b6 elementor-section-boxed elementor-section-height-default elementor-section-height-default elementor-invisible\" data-id=\"a6711b6\" data-element_type=\"section\" data-e-type=\"section\" data-settings=\"{&quot;animation&quot;:&quot;fadeIn&quot;}\">\n\t\t\t\t\t\t<div class=\"elementor-container elementor-column-gap-default\">\n\t\t\t\t\t<div class=\"elementor-column elementor-col-100 elementor-top-column elementor-element elementor-element-77583f2\" data-id=\"77583f2\" data-element_type=\"column\" data-e-type=\"column\">\n\t\t\t<div class=\"elementor-widget-wrap elementor-element-populated\">\n\t\t\t\t\t\t<div class=\"elementor-element elementor-element-29c518f elementor-widget elementor-widget-text-editor\" data-id=\"29c518f\" data-element_type=\"widget\" data-e-type=\"widget\" data-widget_type=\"text-editor.default\">\n\t\t\t\t<div class=\"elementor-widget-container\">\n\t\t\t\t\t\t\t\t\t<p>De nombreux patients ont constamment affaire \u00e0 de nouveaux acteurs lors de leur traitement. Ici un h\u00f4pital, l\u00e0 un \u00e9tablissement de soins, l\u00e0 une organisation d'aide et de soins \u00e0 domicile - et tous s'affairent sans vraiment se concerter. C'est ainsi que se pr\u00e9sentent les soins de sant\u00e9 en Suisse, presque partout. H\u00f4pital, soins \u00e0 domicile, \u00e9tablissement m\u00e9dico-social - tout d'un seul tenant : les Grisons montrent comment faire mieux. La mise en r\u00e9seau est la r\u00e9ponse aux grands d\u00e9fis auxquels notre soci\u00e9t\u00e9 sera confront\u00e9e dans les ann\u00e9es \u00e0 venir dans le domaine de la sant\u00e9. Une \u00e9tude r\u00e9alis\u00e9e par des sp\u00e9cialistes en gestion de la sant\u00e9 de la HSG et de KPMG montre comment des soins int\u00e9gr\u00e9s en r\u00e9seau am\u00e9liorent la qualit\u00e9 et l'efficacit\u00e9 du syst\u00e8me de sant\u00e9.<\/p><p>Matthias Mitterlechner s'int\u00e9resse \u00e0 la gestion des performances dans les organisations et les r\u00e9seaux de services, avec un accent particulier sur le secteur de la sant\u00e9. Il est directeur du programme de recherche HealthCare Excellence \u00e0 l'universit\u00e9 de Saint-Gall. La nouvelle \u00e9tude de Mitterlechner, r\u00e9alis\u00e9e en collaboration avec KPMG, montre les effets positifs d'une mise en r\u00e9seau r\u00e9gionale des fournisseurs de prestations du secteur de la sant\u00e9. Il en r\u00e9sulte de nombreuses implications pour l'organisation future du syst\u00e8me de sant\u00e9.<\/p><p>\u00a0<\/p>\t\t\t\t\t\t\t\t<\/div>\n\t\t\t\t<\/div>\n\t\t\t\t\t<\/div>\n\t\t<\/div>\n\t\t\t\t\t<\/div>\n\t\t<\/section>\n\t\t\t\t<section class=\"elementor-section elementor-top-section elementor-element elementor-element-2f1e4b9 elementor-section-boxed elementor-section-height-default elementor-section-height-default elementor-invisible\" data-id=\"2f1e4b9\" data-element_type=\"section\" data-e-type=\"section\" data-settings=\"{&quot;animation&quot;:&quot;fadeIn&quot;}\">\n\t\t\t\t\t\t<div class=\"elementor-container elementor-column-gap-default\">\n\t\t\t\t\t<div class=\"elementor-column elementor-col-100 elementor-top-column elementor-element elementor-element-83693fe\" data-id=\"83693fe\" data-element_type=\"column\" data-e-type=\"column\">\n\t\t\t<div class=\"elementor-widget-wrap elementor-element-populated\">\n\t\t\t\t\t\t<div class=\"elementor-element elementor-element-ed20ed7 elementor-widget elementor-widget-heading\" data-id=\"ed20ed7\" data-element_type=\"widget\" data-e-type=\"widget\" data-widget_type=\"heading.default\">\n\t\t\t\t<div class=\"elementor-widget-container\">\n\t\t\t\t\t<h2 class=\"elementor-heading-title elementor-size-default\">Soins int\u00e9gr\u00e9s en r\u00e9seau<\/h2>\t\t\t\t<\/div>\n\t\t\t\t<\/div>\n\t\t\t\t<div class=\"elementor-element elementor-element-461169d elementor-widget elementor-widget-text-editor\" data-id=\"461169d\" data-element_type=\"widget\" data-e-type=\"widget\" data-widget_type=\"text-editor.default\">\n\t\t\t\t<div class=\"elementor-widget-container\">\n\t\t\t\t\t\t\t\t\t<p>La qualit\u00e9 du syst\u00e8me de sant\u00e9 suisse est \u00e9lev\u00e9e, les temps d'attente sont faibles et la population est satisfaite des prestations. Parall\u00e8lement, le syst\u00e8me de sant\u00e9 est confront\u00e9 \u00e0 de grands d\u00e9fis : Parmi ceux-ci figurent l'\u00e9volution d\u00e9mographique, une forte demande de prestations de soins, l'augmentation des maladies chroniques, des maladies infectieuses, la diff\u00e9renciation de l'expertise, le manque de personnel, la num\u00e9risation, un \u00e9cart croissant entre les possibilit\u00e9s m\u00e9dicales et financi\u00e8res ainsi que la garantie des soins de base dans les zones rurales. Pour relever ces d\u00e9fis, la litt\u00e9rature scientifique internationale propose de coordonner davantage les activit\u00e9s de cr\u00e9ation de valeur des prestataires de soins dans le cadre de soins de sant\u00e9 int\u00e9gr\u00e9s. Ceci afin d'encourager la mise en r\u00e9seau r\u00e9gionale entre les h\u00f4pitaux, les prestataires de soins, les m\u00e9decins de famille, les sp\u00e9cialistes et d'autres acteurs. Dans ce contexte, le d\u00e9partement de la sant\u00e9 du canton des Grisons a charg\u00e9 KPMG Suisse, en collaboration avec la HSG, d'\u00e9tudier les effets de soins int\u00e9gr\u00e9s r\u00e9gionaux et d'\u00e9laborer des recommandations de conception pour la mise en place de r\u00e9seaux de soins r\u00e9gionaux.<\/p>\t\t\t\t\t\t\t\t<\/div>\n\t\t\t\t<\/div>\n\t\t\t\t\t<\/div>\n\t\t<\/div>\n\t\t\t\t\t<\/div>\n\t\t<\/section>\n\t\t\t\t<section class=\"elementor-section elementor-top-section elementor-element elementor-element-b6ef295 elementor-section-boxed elementor-section-height-default elementor-section-height-default elementor-invisible\" data-id=\"b6ef295\" data-element_type=\"section\" data-e-type=\"section\" data-settings=\"{&quot;animation&quot;:&quot;fadeIn&quot;}\">\n\t\t\t\t\t\t<div class=\"elementor-container elementor-column-gap-default\">\n\t\t\t\t\t<div class=\"elementor-column elementor-col-100 elementor-top-column elementor-element elementor-element-017aaa6\" data-id=\"017aaa6\" data-element_type=\"column\" data-e-type=\"column\">\n\t\t\t<div class=\"elementor-widget-wrap elementor-element-populated\">\n\t\t\t\t\t\t<div class=\"elementor-element elementor-element-d6d75cc elementor-widget elementor-widget-heading\" data-id=\"d6d75cc\" data-element_type=\"widget\" data-e-type=\"widget\" data-widget_type=\"heading.default\">\n\t\t\t\t<div class=\"elementor-widget-container\">\n\t\t\t\t\t<h2 class=\"elementor-heading-title elementor-size-default\">Comparaison de quatre r\u00e9gions sanitaires dans le canton des Grisons<\/h2>\t\t\t\t<\/div>\n\t\t\t\t<\/div>\n\t\t\t\t<div class=\"elementor-element elementor-element-ceb3783 elementor-widget elementor-widget-text-editor\" data-id=\"ceb3783\" data-element_type=\"widget\" data-e-type=\"widget\" data-widget_type=\"text-editor.default\">\n\t\t\t\t<div class=\"elementor-widget-container\">\n\t\t\t\t\t\t\t\t\t<p>Pour analyser ces questions, l'\u00e9tude compare les effets de la pratique de soins dans deux r\u00e9gions avec soins int\u00e9gr\u00e9s (Pr\u00e4ttigau, Basse-Engadine) avec ceux de deux r\u00e9gions sans soins int\u00e9gr\u00e9s (Haute-Engadine, Surselva). Pour la comparaison, des hypoth\u00e8ses ont \u00e9t\u00e9 formul\u00e9es, qui ont \u00e9t\u00e9 test\u00e9es au moyen d'analyses quantitatives et dont la plausibilit\u00e9 a \u00e9t\u00e9 v\u00e9rifi\u00e9e par des affirmations qualitatives. L'analyse des donn\u00e9es a \u00e9t\u00e9 effectu\u00e9e au niveau agr\u00e9g\u00e9 des r\u00e9gions de soins \"int\u00e9gr\u00e9s\" et \"non int\u00e9gr\u00e9s\". En r\u00e9sum\u00e9, l'\u00e9tude montre les effets positifs suivants d'un syst\u00e8me de sant\u00e9 r\u00e9gional int\u00e9gr\u00e9 :<\/p><ul><li>Cr\u00e9ation de valeur ax\u00e9e sur la population : les r\u00e9gions de soins int\u00e9gr\u00e9s orientent plus largement la cr\u00e9ation de valeur vers les patients et leurs proches. La qualit\u00e9 sup\u00e9rieure est due \u00e0 la gestion structur\u00e9e des interfaces entre les prestataires de soins - par exemple par le biais de services de conseil r\u00e9gionaux et de gestion de cas pour les personnes \u00e2g\u00e9es ayant des besoins complexes.<\/li><li>Avantages en termes de co\u00fbts : La mise en r\u00e9seau permet de r\u00e9aliser des \u00e9conomies de co\u00fbts d'exploitation de 20 \u00e0 30% dans les activit\u00e9s de soutien \u00e0 la cr\u00e9ation de valeur telles que les RH ou l'informatique.<\/li><li>D\u00e9veloppement des prestations en fonction des besoins : dans les activit\u00e9s primaires de cr\u00e9ation de valeur, une prise en charge int\u00e9gr\u00e9e peut tout d'abord entra\u00eener un d\u00e9veloppement des prestations et une augmentation des d\u00e9penses de sant\u00e9 dans l'assurance obligatoire des soins. Les d\u00e9penses de sant\u00e9 dans les r\u00e9gions \u00e9tudi\u00e9es sont toutefois rest\u00e9es inf\u00e9rieures \u00e0 la moyenne suisse, ce qui indique plut\u00f4t un besoin de rattrapage dans les r\u00e9gions rurales qu'une menace de surabondance de soins.<\/li><li>Gestion flexible du personnel : la gestion du personnel peut \u00eatre davantage ax\u00e9e sur les besoins et multisectorielle - avec des effets positifs sur l'attractivit\u00e9, le recrutement et la planification des affectations pour les postes sp\u00e9cialis\u00e9s et de direction.<\/li><li>Capacit\u00e9 d'innovation : les pratiques de soins innovantes, telles que la sant\u00e9 num\u00e9rique ou la gestion de la maladie, sont plus souvent utilis\u00e9es dans les r\u00e9gions de soins int\u00e9gr\u00e9s. Les collaborateurs se sentent mieux arm\u00e9s pour relever les d\u00e9fis \u00e0 venir dans le domaine de la sant\u00e9.<\/li><li>Qualit\u00e9 de vie et d'implantation pour la r\u00e9gion : l'innovation a une influence positive sur la qualit\u00e9 de vie et d'implantation des communes et cr\u00e9e des emplois.<\/li><\/ul>\t\t\t\t\t\t\t\t<\/div>\n\t\t\t\t<\/div>\n\t\t\t\t\t<\/div>\n\t\t<\/div>\n\t\t\t\t\t<\/div>\n\t\t<\/section>\n\t\t\t\t<section class=\"elementor-section elementor-top-section elementor-element elementor-element-d5f210c elementor-section-boxed elementor-section-height-default elementor-section-height-default elementor-invisible\" data-id=\"d5f210c\" data-element_type=\"section\" data-e-type=\"section\" data-settings=\"{&quot;animation&quot;:&quot;fadeIn&quot;}\">\n\t\t\t\t\t\t<div class=\"elementor-container elementor-column-gap-default\">\n\t\t\t\t\t<div class=\"elementor-column elementor-col-100 elementor-top-column elementor-element elementor-element-cdcef33\" data-id=\"cdcef33\" data-element_type=\"column\" data-e-type=\"column\">\n\t\t\t<div class=\"elementor-widget-wrap elementor-element-populated\">\n\t\t\t\t\t\t<div class=\"elementor-element elementor-element-17927c1 elementor-widget elementor-widget-heading\" data-id=\"17927c1\" data-element_type=\"widget\" data-e-type=\"widget\" data-widget_type=\"heading.default\">\n\t\t\t\t<div class=\"elementor-widget-container\">\n\t\t\t\t\t<h2 class=\"elementor-heading-title elementor-size-default\">Implications pour la recherche et la pratique des soins de sant\u00e9<\/h2>\t\t\t\t<\/div>\n\t\t\t\t<\/div>\n\t\t\t\t<div class=\"elementor-element elementor-element-fe23364 elementor-widget elementor-widget-text-editor\" data-id=\"fe23364\" data-element_type=\"widget\" data-e-type=\"widget\" data-widget_type=\"text-editor.default\">\n\t\t\t\t<div class=\"elementor-widget-container\">\n\t\t\t\t\t\t\t\t\t<p>En ce qui concerne la recherche, l'\u00e9tude montre les effets positifs d'un syst\u00e8me de sant\u00e9 r\u00e9gional int\u00e9gr\u00e9 pour la Suisse. Elle \u00e9taye ainsi des \u00e9tudes internationales qui d\u00e9montrent des effets similaires pour d'autres pays dans le domaine de la qualit\u00e9 et des co\u00fbts des soins. En outre, elle identifie les effets positifs sur la gestion du personnel, la force d'innovation dans le syst\u00e8me de sant\u00e9 et la qualit\u00e9 de vie et de localisation r\u00e9gionale.<\/p><p>Pour la pratique des soins, l'\u00e9tude implique que les d\u00e9cideurs politiques, administratifs et les fournisseurs de prestations se penchent de mani\u00e8re beaucoup plus syst\u00e9matique sur les questions de mise en r\u00e9seau dans le syst\u00e8me de sant\u00e9. Pour ce faire, l'\u00e9tude contient dix options d'action concr\u00e8tes pour le d\u00e9veloppement de r\u00e9gions de soins int\u00e9gr\u00e9s. La mise en r\u00e9seau est la r\u00e9ponse aux grands d\u00e9fis auxquels notre soci\u00e9t\u00e9 sera confront\u00e9e dans les ann\u00e9es \u00e0 venir dans le domaine de la sant\u00e9.<\/p>\t\t\t\t\t\t\t\t<\/div>\n\t\t\t\t<\/div>\n\t\t\t\t\t<\/div>\n\t\t<\/div>\n\t\t\t\t\t<\/div>\n\t\t<\/section>\n\t\t\t\t<section data-dce-background-color=\"#F1F1F1\" class=\"elementor-section elementor-top-section elementor-element elementor-element-9b59190 elementor-section-full_width elementor-section-stretched elementor-section-height-default elementor-section-height-default\" data-id=\"9b59190\" data-element_type=\"section\" data-e-type=\"section\" data-settings=\"{&quot;stretch_section&quot;:&quot;section-stretched&quot;,&quot;background_background&quot;:&quot;classic&quot;}\">\n\t\t\t\t\t\t<div class=\"elementor-container elementor-column-gap-default\">\n\t\t\t\t\t<div class=\"elementor-column elementor-col-100 elementor-top-column elementor-element elementor-element-d527650\" data-id=\"d527650\" data-element_type=\"column\" data-e-type=\"column\">\n\t\t\t<div class=\"elementor-widget-wrap elementor-element-populated\">\n\t\t\t\t\t\t<div class=\"elementor-element elementor-element-5f7177b elementor-widget elementor-widget-shortcode\" data-id=\"5f7177b\" data-element_type=\"widget\" data-e-type=\"widget\" data-widget_type=\"shortcode.default\">\n\t\t\t\t<div class=\"elementor-widget-container\">\n\t\t\t\t\t\t\t<div class=\"elementor-shortcode\"><div class=\"_df_book df-lite\" id=\"df_9028\"  _slug=\"artikel-und-studien_vernetzte-gesundheit-studie-hsg-kpmg\" data-title=\"artikel-und-studien_vernetzte-gesundheit-studie-hsg-kpmg\" wpoptions=\"true\" thumbtype=\"\" ><\/div><script class=\"df-shortcode-script\" nowprocket type=\"application\/javascript\">window.option_df_9028 = {\"outline\":[],\"backgroundColor\":\"#f1f1f1\",\"height\":\"700\",\"autoEnableOutline\":\"false\",\"autoEnableThumbnail\":\"false\",\"overwritePDFOutline\":\"false\",\"direction\":\"1\",\"pageSize\":\"0\",\"source\":\"https:\\\/\\\/fmc.ch\\\/wp-content\\\/uploads\\\/2024\\\/03\\\/Artikel-und-Studien_Studie-HSG-KPMG-VernetzteGesundheit.pdf\",\"wpOptions\":\"true\"}; if(window.DFLIP && window.DFLIP.parseBooks){window.DFLIP.parseBooks();}<\/script><\/div>\n\t\t\t\t\t\t<\/div>\n\t\t\t\t<\/div>\n\t\t\t\t\t<\/div>\n\t\t<\/div>\n\t\t\t\t\t<\/div>\n\t\t<\/section>\n\t\t\t\t<section data-dce-background-color=\"#F1F1F1\" class=\"elementor-section elementor-top-section elementor-element elementor-element-f1aa56f elementor-section-full_width elementor-section-stretched elementor-section-height-default elementor-section-height-default\" data-id=\"f1aa56f\" data-element_type=\"section\" data-e-type=\"section\" data-settings=\"{&quot;stretch_section&quot;:&quot;section-stretched&quot;,&quot;background_background&quot;:&quot;classic&quot;}\">\n\t\t\t\t\t\t<div class=\"elementor-container elementor-column-gap-default\">\n\t\t\t\t\t<div class=\"elementor-column elementor-col-100 elementor-top-column elementor-element elementor-element-31d89d4\" data-id=\"31d89d4\" data-element_type=\"column\" data-e-type=\"column\">\n\t\t\t<div class=\"elementor-widget-wrap elementor-element-populated\">\n\t\t\t\t\t\t<div class=\"elementor-element elementor-element-94268ab elementor-align-center elementor-widget elementor-widget-button\" data-id=\"94268ab\" data-element_type=\"widget\" data-e-type=\"widget\" data-widget_type=\"button.default\">\n\t\t\t\t<div class=\"elementor-widget-container\">\n\t\t\t\t\t\t\t\t\t<div class=\"elementor-button-wrapper\">\n\t\t\t\t\t<a class=\"elementor-button elementor-button-link elementor-size-sm\" href=\"https:\/\/fmc.ch\/wp-content\/uploads\/2024\/03\/Artikel-und-Studien_Studie-HSG-KPMG-VernetzteGesundheit.pdf\" target=\"_blank\">\n\t\t\t\t\t\t<span class=\"elementor-button-content-wrapper\">\n\t\t\t\t\t\t\t\t\t<span class=\"elementor-button-text\">T\u00e9l\u00e9charger le PDF<\/span>\n\t\t\t\t\t<\/span>\n\t\t\t\t\t<\/a>\n\t\t\t\t<\/div>\n\t\t\t\t\t\t\t\t<\/div>\n\t\t\t\t<\/div>\n\t\t\t\t\t<\/div>\n\t\t<\/div>\n\t\t\t\t\t<\/div>\n\t\t<\/section>\n\t\t\t\t<\/div>","protected":false},"excerpt":{"rendered":"<p>En Basse-Engadine, une initiative pionni\u00e8re a vu le jour dans le domaine de la sant\u00e9 : Les principaux prestataires de services m\u00e9dicaux se sont tous regroup\u00e9s dans un centre de sant\u00e9. Une nouvelle \u00e9tude de la HSG montre les effets positifs d'un syst\u00e8me de sant\u00e9 int\u00e9gr\u00e9 pour la Suisse.<\/p>","protected":false},"author":2,"featured_media":9011,"comment_status":"closed","ping_status":"closed","sticky":false,"template":"","format":[149,139],"meta":{"footnotes":""},"strategie":[156],"thema":[152],"class_list":["post-9010","post","type-post","status-publish","format-standard","has-post-thumbnail","hentry","strategie-zusammenarbeit","thema-interprofessionelle-zusammenarbeit","format-artikel-und-studien","format-publikation"],"yoast_head":"<!-- This site is optimized with the Yoast SEO plugin v27.5 - https:\/\/yoast.com\/product\/yoast-seo-wordpress\/ -->\n<title>Vernetze Gesundheit im Unterengadin: Spital, Spitex, Pflegeheim \u2013 alles aus einer Hand - FMC<\/title>\n<meta name=\"description\" content=\"Die wichtigsten medizinischen Dienstleister haben sich im Unterengadin in einem Gesundheitszentrum zusammengeschlossen.\" \/>\n<meta name=\"robots\" content=\"index, follow, max-snippet:-1, max-image-preview:large, max-video-preview:-1\" \/>\n<link rel=\"canonical\" href=\"https:\/\/fmc.ch\/fr\/la-sante-en-reseau-en-basse-engadine\/\" \/>\n<meta property=\"og:locale\" content=\"fr_FR\" \/>\n<meta property=\"og:type\" content=\"article\" \/>\n<meta property=\"og:title\" content=\"Vernetze Gesundheit im Unterengadin: Spital, Spitex, Pflegeheim \u2013 alles aus einer Hand - FMC\" \/>\n<meta property=\"og:description\" content=\"Die wichtigsten medizinischen Dienstleister haben sich im Unterengadin in einem Gesundheitszentrum zusammengeschlossen.\" \/>\n<meta property=\"og:url\" content=\"https:\/\/fmc.ch\/fr\/la-sante-en-reseau-en-basse-engadine\/\" \/>\n<meta property=\"og:site_name\" content=\"FMC\" \/>\n<meta property=\"article:published_time\" content=\"2024-03-25T07:29:39+00:00\" \/>\n<meta property=\"article:modified_time\" content=\"2024-11-11T11:15:01+00:00\" \/>\n<meta property=\"og:image\" content=\"https:\/\/fmc.ch\/wp-content\/uploads\/2024\/03\/Artikel-und-Studien_Vernetzte-Gesundheit-HSG-KPMG-DJSG.png\" \/>\n\t<meta property=\"og:image:width\" content=\"620\" \/>\n\t<meta property=\"og:image:height\" content=\"620\" \/>\n\t<meta property=\"og:image:type\" content=\"image\/png\" \/>\n<meta name=\"author\" content=\"Nadja Blanchard\" \/>\n<meta name=\"twitter:card\" content=\"summary_large_image\" \/>\n<meta name=\"twitter:label1\" content=\"\u00c9crit par\" \/>\n\t<meta name=\"twitter:data1\" content=\"Nadja Blanchard\" \/>\n\t<meta name=\"twitter:label2\" content=\"Dur\u00e9e de lecture estim\u00e9e\" \/>\n\t<meta name=\"twitter:data2\" content=\"5 minutes\" \/>\n<script type=\"application\/ld+json\" class=\"yoast-schema-graph\">{\"@context\":\"https:\\\/\\\/schema.org\",\"@graph\":[{\"@type\":\"Article\",\"@id\":\"https:\\\/\\\/fmc.ch\\\/vernetze-gesundheit-im-unterengadin\\\/#article\",\"isPartOf\":{\"@id\":\"https:\\\/\\\/fmc.ch\\\/vernetze-gesundheit-im-unterengadin\\\/\"},\"author\":{\"name\":\"Nadja Blanchard\",\"@id\":\"https:\\\/\\\/fmc.ch\\\/#\\\/schema\\\/person\\\/3a7218d283691f8ef8cf410e4615e507\"},\"headline\":\"Vernetze Gesundheit im Unterengadin: Spital, Spitex, Pflegeheim \u2013 alles aus einer Hand\",\"datePublished\":\"2024-03-25T07:29:39+00:00\",\"dateModified\":\"2024-11-11T11:15:01+00:00\",\"mainEntityOfPage\":{\"@id\":\"https:\\\/\\\/fmc.ch\\\/vernetze-gesundheit-im-unterengadin\\\/\"},\"wordCount\":818,\"publisher\":{\"@id\":\"https:\\\/\\\/fmc.ch\\\/#organization\"},\"image\":{\"@id\":\"https:\\\/\\\/fmc.ch\\\/vernetze-gesundheit-im-unterengadin\\\/#primaryimage\"},\"thumbnailUrl\":\"https:\\\/\\\/fmc.ch\\\/wp-content\\\/uploads\\\/2024\\\/03\\\/Artikel-und-Studien_Vernetzte-Gesundheit-HSG-KPMG-DJSG.png\",\"articleSection\":[\"Artikel und Studien\"],\"inLanguage\":\"fr-FR\"},{\"@type\":\"WebPage\",\"@id\":\"https:\\\/\\\/fmc.ch\\\/vernetze-gesundheit-im-unterengadin\\\/\",\"url\":\"https:\\\/\\\/fmc.ch\\\/vernetze-gesundheit-im-unterengadin\\\/\",\"name\":\"Vernetze Gesundheit im Unterengadin: Spital, Spitex, Pflegeheim \u2013 alles aus einer Hand - FMC\",\"isPartOf\":{\"@id\":\"https:\\\/\\\/fmc.ch\\\/#website\"},\"primaryImageOfPage\":{\"@id\":\"https:\\\/\\\/fmc.ch\\\/vernetze-gesundheit-im-unterengadin\\\/#primaryimage\"},\"image\":{\"@id\":\"https:\\\/\\\/fmc.ch\\\/vernetze-gesundheit-im-unterengadin\\\/#primaryimage\"},\"thumbnailUrl\":\"https:\\\/\\\/fmc.ch\\\/wp-content\\\/uploads\\\/2024\\\/03\\\/Artikel-und-Studien_Vernetzte-Gesundheit-HSG-KPMG-DJSG.png\",\"datePublished\":\"2024-03-25T07:29:39+00:00\",\"dateModified\":\"2024-11-11T11:15:01+00:00\",\"description\":\"Die wichtigsten medizinischen Dienstleister haben sich im Unterengadin in einem Gesundheitszentrum zusammengeschlossen.\",\"breadcrumb\":{\"@id\":\"https:\\\/\\\/fmc.ch\\\/vernetze-gesundheit-im-unterengadin\\\/#breadcrumb\"},\"inLanguage\":\"fr-FR\",\"potentialAction\":[{\"@type\":\"ReadAction\",\"target\":[\"https:\\\/\\\/fmc.ch\\\/vernetze-gesundheit-im-unterengadin\\\/\"]}]},{\"@type\":\"ImageObject\",\"inLanguage\":\"fr-FR\",\"@id\":\"https:\\\/\\\/fmc.ch\\\/vernetze-gesundheit-im-unterengadin\\\/#primaryimage\",\"url\":\"https:\\\/\\\/fmc.ch\\\/wp-content\\\/uploads\\\/2024\\\/03\\\/Artikel-und-Studien_Vernetzte-Gesundheit-HSG-KPMG-DJSG.png\",\"contentUrl\":\"https:\\\/\\\/fmc.ch\\\/wp-content\\\/uploads\\\/2024\\\/03\\\/Artikel-und-Studien_Vernetzte-Gesundheit-HSG-KPMG-DJSG.png\",\"width\":620,\"height\":620},{\"@type\":\"BreadcrumbList\",\"@id\":\"https:\\\/\\\/fmc.ch\\\/vernetze-gesundheit-im-unterengadin\\\/#breadcrumb\",\"itemListElement\":[{\"@type\":\"ListItem\",\"position\":1,\"name\":\"Home\",\"item\":\"https:\\\/\\\/fmc.ch\\\/\"},{\"@type\":\"ListItem\",\"position\":2,\"name\":\"Vernetze Gesundheit im Unterengadin: Spital, Spitex, Pflegeheim \u2013 alles aus einer Hand\"}]},{\"@type\":\"WebSite\",\"@id\":\"https:\\\/\\\/fmc.ch\\\/#website\",\"url\":\"https:\\\/\\\/fmc.ch\\\/\",\"name\":\"FMC\",\"description\":\"Schweizer Forum f\u00fcr Integrierte Versorgung\",\"publisher\":{\"@id\":\"https:\\\/\\\/fmc.ch\\\/#organization\"},\"potentialAction\":[{\"@type\":\"SearchAction\",\"target\":{\"@type\":\"EntryPoint\",\"urlTemplate\":\"https:\\\/\\\/fmc.ch\\\/?s={search_term_string}\"},\"query-input\":{\"@type\":\"PropertyValueSpecification\",\"valueRequired\":true,\"valueName\":\"search_term_string\"}}],\"inLanguage\":\"fr-FR\"},{\"@type\":\"Organization\",\"@id\":\"https:\\\/\\\/fmc.ch\\\/#organization\",\"name\":\"FMC\",\"url\":\"https:\\\/\\\/fmc.ch\\\/\",\"logo\":{\"@type\":\"ImageObject\",\"inLanguage\":\"fr-FR\",\"@id\":\"https:\\\/\\\/fmc.ch\\\/#\\\/schema\\\/logo\\\/image\\\/\",\"url\":\"https:\\\/\\\/fmc.ch\\\/wp-content\\\/uploads\\\/2023\\\/09\\\/fmc-logo.svg\",\"contentUrl\":\"https:\\\/\\\/fmc.ch\\\/wp-content\\\/uploads\\\/2023\\\/09\\\/fmc-logo.svg\",\"caption\":\"FMC\"},\"image\":{\"@id\":\"https:\\\/\\\/fmc.ch\\\/#\\\/schema\\\/logo\\\/image\\\/\"}},{\"@type\":\"Person\",\"@id\":\"https:\\\/\\\/fmc.ch\\\/#\\\/schema\\\/person\\\/3a7218d283691f8ef8cf410e4615e507\",\"name\":\"Nadja Blanchard\",\"image\":{\"@type\":\"ImageObject\",\"inLanguage\":\"fr-FR\",\"@id\":\"https:\\\/\\\/secure.gravatar.com\\\/avatar\\\/729fbcebbfccd7834565b1398470d6ea84a4f3e7525873a0cb368db99228ce7b?s=96&d=mm&r=g\",\"url\":\"https:\\\/\\\/secure.gravatar.com\\\/avatar\\\/729fbcebbfccd7834565b1398470d6ea84a4f3e7525873a0cb368db99228ce7b?s=96&d=mm&r=g\",\"contentUrl\":\"https:\\\/\\\/secure.gravatar.com\\\/avatar\\\/729fbcebbfccd7834565b1398470d6ea84a4f3e7525873a0cb368db99228ce7b?s=96&d=mm&r=g\",\"caption\":\"Nadja Blanchard\"},\"url\":\"https:\\\/\\\/fmc.ch\\\/fr\\\/author\\\/nadja-blanchardfmc-ch\\\/\"}]}<\/script>\n<!-- \/ Yoast SEO plugin. -->","yoast_head_json":{"title":"La sant\u00e9 en r\u00e9seau en Basse-Engadine : h\u00f4pital, soins \u00e0 domicile, \u00e9tablissement m\u00e9dico-social - tout d'une seule source - FMC","description":"En Basse-Engadine, les principaux prestataires de services m\u00e9dicaux se sont regroup\u00e9s dans un centre de sant\u00e9.","robots":{"index":"index","follow":"follow","max-snippet":"max-snippet:-1","max-image-preview":"max-image-preview:large","max-video-preview":"max-video-preview:-1"},"canonical":"https:\/\/fmc.ch\/fr\/la-sante-en-reseau-en-basse-engadine\/","og_locale":"fr_FR","og_type":"article","og_title":"Vernetze Gesundheit im Unterengadin: Spital, Spitex, Pflegeheim \u2013 alles aus einer Hand - FMC","og_description":"Die wichtigsten medizinischen Dienstleister haben sich im Unterengadin in einem Gesundheitszentrum zusammengeschlossen.","og_url":"https:\/\/fmc.ch\/fr\/la-sante-en-reseau-en-basse-engadine\/","og_site_name":"FMC","article_published_time":"2024-03-25T07:29:39+00:00","article_modified_time":"2024-11-11T11:15:01+00:00","og_image":[{"width":620,"height":620,"url":"https:\/\/fmc.ch\/wp-content\/uploads\/2024\/03\/Artikel-und-Studien_Vernetzte-Gesundheit-HSG-KPMG-DJSG.png","type":"image\/png"}],"author":"Nadja Blanchard","twitter_card":"summary_large_image","twitter_misc":{"\u00c9crit par":"Nadja Blanchard","Dur\u00e9e de lecture estim\u00e9e":"5 minutes"},"schema":{"@context":"https:\/\/schema.org","@graph":[{"@type":"Article","@id":"https:\/\/fmc.ch\/vernetze-gesundheit-im-unterengadin\/#article","isPartOf":{"@id":"https:\/\/fmc.ch\/vernetze-gesundheit-im-unterengadin\/"},"author":{"name":"Nadja Blanchard","@id":"https:\/\/fmc.ch\/#\/schema\/person\/3a7218d283691f8ef8cf410e4615e507"},"headline":"Vernetze Gesundheit im Unterengadin: Spital, Spitex, Pflegeheim \u2013 alles aus einer Hand","datePublished":"2024-03-25T07:29:39+00:00","dateModified":"2024-11-11T11:15:01+00:00","mainEntityOfPage":{"@id":"https:\/\/fmc.ch\/vernetze-gesundheit-im-unterengadin\/"},"wordCount":818,"publisher":{"@id":"https:\/\/fmc.ch\/#organization"},"image":{"@id":"https:\/\/fmc.ch\/vernetze-gesundheit-im-unterengadin\/#primaryimage"},"thumbnailUrl":"https:\/\/fmc.ch\/wp-content\/uploads\/2024\/03\/Artikel-und-Studien_Vernetzte-Gesundheit-HSG-KPMG-DJSG.png","articleSection":["Artikel und Studien"],"inLanguage":"fr-FR"},{"@type":"WebPage","@id":"https:\/\/fmc.ch\/vernetze-gesundheit-im-unterengadin\/","url":"https:\/\/fmc.ch\/vernetze-gesundheit-im-unterengadin\/","name":"La sant\u00e9 en r\u00e9seau en Basse-Engadine : h\u00f4pital, soins \u00e0 domicile, \u00e9tablissement m\u00e9dico-social - tout d'une seule source - FMC","isPartOf":{"@id":"https:\/\/fmc.ch\/#website"},"primaryImageOfPage":{"@id":"https:\/\/fmc.ch\/vernetze-gesundheit-im-unterengadin\/#primaryimage"},"image":{"@id":"https:\/\/fmc.ch\/vernetze-gesundheit-im-unterengadin\/#primaryimage"},"thumbnailUrl":"https:\/\/fmc.ch\/wp-content\/uploads\/2024\/03\/Artikel-und-Studien_Vernetzte-Gesundheit-HSG-KPMG-DJSG.png","datePublished":"2024-03-25T07:29:39+00:00","dateModified":"2024-11-11T11:15:01+00:00","description":"En Basse-Engadine, les principaux prestataires de services m\u00e9dicaux se sont regroup\u00e9s dans un centre de sant\u00e9.","breadcrumb":{"@id":"https:\/\/fmc.ch\/vernetze-gesundheit-im-unterengadin\/#breadcrumb"},"inLanguage":"fr-FR","potentialAction":[{"@type":"ReadAction","target":["https:\/\/fmc.ch\/vernetze-gesundheit-im-unterengadin\/"]}]},{"@type":"ImageObject","inLanguage":"fr-FR","@id":"https:\/\/fmc.ch\/vernetze-gesundheit-im-unterengadin\/#primaryimage","url":"https:\/\/fmc.ch\/wp-content\/uploads\/2024\/03\/Artikel-und-Studien_Vernetzte-Gesundheit-HSG-KPMG-DJSG.png","contentUrl":"https:\/\/fmc.ch\/wp-content\/uploads\/2024\/03\/Artikel-und-Studien_Vernetzte-Gesundheit-HSG-KPMG-DJSG.png","width":620,"height":620},{"@type":"BreadcrumbList","@id":"https:\/\/fmc.ch\/vernetze-gesundheit-im-unterengadin\/#breadcrumb","itemListElement":[{"@type":"ListItem","position":1,"name":"Home","item":"https:\/\/fmc.ch\/"},{"@type":"ListItem","position":2,"name":"Vernetze Gesundheit im Unterengadin: Spital, Spitex, Pflegeheim \u2013 alles aus einer Hand"}]},{"@type":"WebSite","@id":"https:\/\/fmc.ch\/#website","url":"https:\/\/fmc.ch\/","name":"FMC","description":"Forum suisse des soins int\u00e9gr\u00e9s","publisher":{"@id":"https:\/\/fmc.ch\/#organization"},"potentialAction":[{"@type":"SearchAction","target":{"@type":"EntryPoint","urlTemplate":"https:\/\/fmc.ch\/?s={search_term_string}"},"query-input":{"@type":"PropertyValueSpecification","valueRequired":true,"valueName":"search_term_string"}}],"inLanguage":"fr-FR"},{"@type":"Organization","@id":"https:\/\/fmc.ch\/#organization","name":"FMC","url":"https:\/\/fmc.ch\/","logo":{"@type":"ImageObject","inLanguage":"fr-FR","@id":"https:\/\/fmc.ch\/#\/schema\/logo\/image\/","url":"https:\/\/fmc.ch\/wp-content\/uploads\/2023\/09\/fmc-logo.svg","contentUrl":"https:\/\/fmc.ch\/wp-content\/uploads\/2023\/09\/fmc-logo.svg","caption":"FMC"},"image":{"@id":"https:\/\/fmc.ch\/#\/schema\/logo\/image\/"}},{"@type":"Person","@id":"https:\/\/fmc.ch\/#\/schema\/person\/3a7218d283691f8ef8cf410e4615e507","name":"Nadja Blanchard","image":{"@type":"ImageObject","inLanguage":"fr-FR","@id":"https:\/\/secure.gravatar.com\/avatar\/729fbcebbfccd7834565b1398470d6ea84a4f3e7525873a0cb368db99228ce7b?s=96&d=mm&r=g","url":"https:\/\/secure.gravatar.com\/avatar\/729fbcebbfccd7834565b1398470d6ea84a4f3e7525873a0cb368db99228ce7b?s=96&d=mm&r=g","contentUrl":"https:\/\/secure.gravatar.com\/avatar\/729fbcebbfccd7834565b1398470d6ea84a4f3e7525873a0cb368db99228ce7b?s=96&d=mm&r=g","caption":"Nadja Blanchard"},"url":"https:\/\/fmc.ch\/fr\/author\/nadja-blanchardfmc-ch\/"}]}},"_links":{"self":[{"href":"https:\/\/fmc.ch\/fr\/wp-json\/wp\/v2\/posts\/9010","targetHints":{"allow":["GET"]}}],"collection":[{"href":"https:\/\/fmc.ch\/fr\/wp-json\/wp\/v2\/posts"}],"about":[{"href":"https:\/\/fmc.ch\/fr\/wp-json\/wp\/v2\/types\/post"}],"author":[{"embeddable":true,"href":"https:\/\/fmc.ch\/fr\/wp-json\/wp\/v2\/users\/2"}],"replies":[{"embeddable":true,"href":"https:\/\/fmc.ch\/fr\/wp-json\/wp\/v2\/comments?post=9010"}],"version-history":[{"count":4,"href":"https:\/\/fmc.ch\/fr\/wp-json\/wp\/v2\/posts\/9010\/revisions"}],"predecessor-version":[{"id":12208,"href":"https:\/\/fmc.ch\/fr\/wp-json\/wp\/v2\/posts\/9010\/revisions\/12208"}],"wp:featuredmedia":[{"embeddable":true,"href":"https:\/\/fmc.ch\/fr\/wp-json\/wp\/v2\/media\/9011"}],"wp:attachment":[{"href":"https:\/\/fmc.ch\/fr\/wp-json\/wp\/v2\/media?parent=9010"}],"wp:term":[{"taxonomy":"strategie","embeddable":true,"href":"https:\/\/fmc.ch\/fr\/wp-json\/wp\/v2\/strategie?post=9010"},{"taxonomy":"thema","embeddable":true,"href":"https:\/\/fmc.ch\/fr\/wp-json\/wp\/v2\/thema?post=9010"},{"taxonomy":"format","embeddable":true,"href":"https:\/\/fmc.ch\/fr\/wp-json\/wp\/v2\/format?post=9010"}],"curies":[{"name":"wp","href":"https:\/\/api.w.org\/{rel}","templated":true}]}}