{"id":8885,"date":"2024-03-15T16:53:23","date_gmt":"2024-03-15T16:53:23","guid":{"rendered":"https:\/\/fmc.ch\/?p=8885"},"modified":"2025-12-01T13:33:44","modified_gmt":"2025-12-01T12:33:44","slug":"les-modeles-de-soins-integres-recompenses-par-le-viktor-award","status":"publish","type":"post","link":"https:\/\/fmc.ch\/fr\/integrierte-versorgungsmodelle-mit-dem-viktor-award-ausgezeichnet\/","title":{"rendered":"Des mod\u00e8les de soins int\u00e9gr\u00e9s r\u00e9compens\u00e9s par le Viktor Award"},"content":{"rendered":"<div data-elementor-type=\"wp-post\" data-elementor-id=\"8885\" class=\"elementor elementor-8885\" data-elementor-post-type=\"post\">\n\t\t\t\t\t\t<section class=\"elementor-section elementor-top-section elementor-element elementor-element-6bcb9a2 elementor-section-boxed elementor-section-height-default elementor-section-height-default elementor-invisible\" data-id=\"6bcb9a2\" data-element_type=\"section\" data-e-type=\"section\" data-settings=\"{&quot;animation&quot;:&quot;fadeIn&quot;}\">\n\t\t\t\t\t\t<div class=\"elementor-container elementor-column-gap-default\">\n\t\t\t\t\t<div class=\"elementor-column elementor-col-100 elementor-top-column elementor-element elementor-element-7cc6c3a\" data-id=\"7cc6c3a\" data-element_type=\"column\" data-e-type=\"column\">\n\t\t\t<div class=\"elementor-widget-wrap elementor-element-populated\">\n\t\t\t\t\t\t<div class=\"elementor-element elementor-element-bb569bc elementor-widget elementor-widget-text-editor\" data-id=\"bb569bc\" data-element_type=\"widget\" data-e-type=\"widget\" data-widget_type=\"text-editor.default\">\n\t\t\t\t<div class=\"elementor-widget-container\">\n\t\t\t\t\t\t\t\t\t<h3>Chaque ann\u00e9e, le Viktor Award est d\u00e9cern\u00e9 \u00e0 des personnalit\u00e9s et des organisations du syst\u00e8me de sant\u00e9 suisse qui ont fourni des prestations exceptionnelles ou particuli\u00e8rement innovantes.<\/h3>\t\t\t\t\t\t\t\t<\/div>\n\t\t\t\t<\/div>\n\t\t\t\t\t<\/div>\n\t\t<\/div>\n\t\t\t\t\t<\/div>\n\t\t<\/section>\n\t\t\t\t<section class=\"elementor-section elementor-top-section elementor-element elementor-element-d0a0ccd elementor-section-boxed elementor-section-height-default elementor-section-height-default elementor-invisible\" data-id=\"d0a0ccd\" data-element_type=\"section\" data-e-type=\"section\" data-settings=\"{&quot;animation&quot;:&quot;fadeIn&quot;}\">\n\t\t\t\t\t\t<div class=\"elementor-container elementor-column-gap-default\">\n\t\t\t\t\t<div class=\"elementor-column elementor-col-100 elementor-top-column elementor-element elementor-element-219e420\" data-id=\"219e420\" data-element_type=\"column\" data-e-type=\"column\">\n\t\t\t<div class=\"elementor-widget-wrap elementor-element-populated\">\n\t\t\t\t\t\t<div class=\"elementor-element elementor-element-367ed83 elementor-widget elementor-widget-text-editor\" data-id=\"367ed83\" data-element_type=\"widget\" data-e-type=\"widget\" data-widget_type=\"text-editor.default\">\n\t\t\t\t<div class=\"elementor-widget-container\">\n\t\t\t\t\t\t\t\t\t<p>Nous sommes extr\u00eamement heureux que les vainqueurs du prix de cette ann\u00e9e soient deux organisations qui s'engagent de mani\u00e8re av\u00e9r\u00e9e en faveur des soins int\u00e9gr\u00e9s.<\/p><p>Le vainqueur de la cat\u00e9gorie \"Newcomer de l'ann\u00e9e\" est le <a href=\"https:\/\/www.reseaudelarc.net\/de\/reseau-de-larc\">R\u00e9seau de l'Arc<\/a>\u00a0avec son offre de soins g\u00e9r\u00e9s VIVA.<\/p><p>Le vainqueur de la cat\u00e9gorie \"Coop\u00e9ration la plus innovante entre le personnel soignant, le corps m\u00e9dical et d'autres professions de sant\u00e9\" est le <a href=\"https:\/\/cseb.ch\/\">Centre de sant\u00e9 de Basse-Engadine<\/a>\u00a0avec son offre de soins large et r\u00e9gionale.<\/p><p>Les deux organisations apportent la preuve par l'acte que les soins int\u00e9gr\u00e9s peuvent \u00eatre non seulement discut\u00e9s, mais aussi v\u00e9cus, avec un esprit d'innovation, du courage et de la cr\u00e9ativit\u00e9. Et elles t\u00e9moignent que l'int\u00e9gration des soins est arriv\u00e9e sur le podium des gagnants. Nous f\u00e9licitons chaleureusement les deux organisations pour leur succ\u00e8s !<\/p>\t\t\t\t\t\t\t\t<\/div>\n\t\t\t\t<\/div>\n\t\t\t\t<div class=\"elementor-element elementor-element-62c4a3a elementor-widget elementor-widget-image\" data-id=\"62c4a3a\" data-element_type=\"widget\" data-e-type=\"widget\" data-widget_type=\"image.default\">\n\t\t\t\t<div class=\"elementor-widget-container\">\n\t\t\t\t\t\t\t\t\t\t\t\t\t\t\t<img fetchpriority=\"high\" decoding=\"async\" width=\"800\" height=\"496\" src=\"https:\/\/fmc.ch\/wp-content\/uploads\/2024\/03\/Netzwerk_Die-Gewinner-des-Viktor-Awards.png\" class=\"attachment-large size-large wp-image-8888\" alt=\"\" srcset=\"https:\/\/fmc.ch\/wp-content\/uploads\/2024\/03\/Netzwerk_Die-Gewinner-des-Viktor-Awards.png 1318w, https:\/\/fmc.ch\/wp-content\/uploads\/2024\/03\/Netzwerk_Die-Gewinner-des-Viktor-Awards-600x372.png 600w, https:\/\/fmc.ch\/wp-content\/uploads\/2024\/03\/Netzwerk_Die-Gewinner-des-Viktor-Awards-768x476.png 768w\" sizes=\"(max-width: 800px) 100vw, 800px\" \/>\t\t\t\t\t\t\t\t\t\t\t\t\t\t\t<\/div>\n\t\t\t\t<\/div>\n\t\t\t\t\t<\/div>\n\t\t<\/div>\n\t\t\t\t\t<\/div>\n\t\t<\/section>\n\t\t\t\t<section class=\"elementor-section elementor-top-section elementor-element elementor-element-6f286047 elementor-section-boxed elementor-section-height-default elementor-section-height-default elementor-invisible\" data-id=\"6f286047\" data-element_type=\"section\" data-e-type=\"section\" data-settings=\"{&quot;animation&quot;:&quot;fadeIn&quot;}\">\n\t\t\t\t\t\t<div class=\"elementor-container elementor-column-gap-default\">\n\t\t\t\t\t<div class=\"elementor-column elementor-col-100 elementor-top-column elementor-element elementor-element-4fc33bd1 elementor-invisible\" data-id=\"4fc33bd1\" data-element_type=\"column\" data-e-type=\"column\" data-settings=\"{&quot;animation&quot;:&quot;fadeIn&quot;}\">\n\t\t\t<div class=\"elementor-widget-wrap elementor-element-populated\">\n\t\t\t\t\t\t<div class=\"elementor-element elementor-element-3ee369f elementor-widget__width-auto elementor-widget elementor-widget-button\" data-id=\"3ee369f\" data-element_type=\"widget\" data-e-type=\"widget\" data-widget_type=\"button.default\">\n\t\t\t\t<div class=\"elementor-widget-container\">\n\t\t\t\t\t\t\t\t\t<div class=\"elementor-button-wrapper\">\n\t\t\t\t\t<a class=\"elementor-button elementor-button-link elementor-size-sm\" href=\"https:\/\/viktor-award.ch\/\">\n\t\t\t\t\t\t<span class=\"elementor-button-content-wrapper\">\n\t\t\t\t\t\t\t\t\t<span class=\"elementor-button-text\">Vers le site web<\/span>\n\t\t\t\t\t<\/span>\n\t\t\t\t\t<\/a>\n\t\t\t\t<\/div>\n\t\t\t\t\t\t\t\t<\/div>\n\t\t\t\t<\/div>\n\t\t\t\t\t<\/div>\n\t\t<\/div>\n\t\t\t\t\t<\/div>\n\t\t<\/section>\n\t\t\t\t<section class=\"elementor-section elementor-top-section elementor-element elementor-element-1b82663 elementor-section-boxed elementor-section-height-default elementor-section-height-default\" data-id=\"1b82663\" data-element_type=\"section\" data-e-type=\"section\">\n\t\t\t\t\t\t<div class=\"elementor-container elementor-column-gap-default\">\n\t\t\t\t\t<div class=\"elementor-column elementor-col-100 elementor-top-column elementor-element elementor-element-f3da126\" data-id=\"f3da126\" data-element_type=\"column\" data-e-type=\"column\">\n\t\t\t<div class=\"elementor-widget-wrap elementor-element-populated\">\n\t\t\t\t\t\t<div class=\"elementor-element elementor-element-63fc477 elementor-widget elementor-widget-spacer\" data-id=\"63fc477\" data-element_type=\"widget\" data-e-type=\"widget\" data-widget_type=\"spacer.default\">\n\t\t\t\t<div class=\"elementor-widget-container\">\n\t\t\t\t\t\t\t<div class=\"elementor-spacer\">\n\t\t\t<div class=\"elementor-spacer-inner\"><\/div>\n\t\t<\/div>\n\t\t\t\t\t\t<\/div>\n\t\t\t\t<\/div>\n\t\t\t\t\t<\/div>\n\t\t<\/div>\n\t\t\t\t\t<\/div>\n\t\t<\/section>\n\t\t\t\t<\/div>","protected":false},"excerpt":{"rendered":"<p>Chaque ann\u00e9e, le Viktor Award est d\u00e9cern\u00e9 \u00e0 des personnalit\u00e9s et des organisations du syst\u00e8me de sant\u00e9 suisse qui ont fourni des prestations exceptionnelles ou particuli\u00e8rement innovantes.<\/p>","protected":false},"author":2,"featured_media":8886,"comment_status":"closed","ping_status":"closed","sticky":false,"template":"","format":[],"meta":{"footnotes":""},"strategie":[156],"thema":[152],"class_list":["post-8885","post","type-post","status-publish","format-standard","has-post-thumbnail","hentry","strategie-zusammenarbeit","thema-interprofessionelle-zusammenarbeit"],"yoast_head":"<!-- This site is optimized with the Yoast SEO plugin v27.5 - https:\/\/yoast.com\/product\/yoast-seo-wordpress\/ -->\n<title>Integrierte Versorgungsmodelle mit dem Viktor-Award ausgezeichnet - FMC<\/title>\n<meta name=\"description\" content=\"Jedes Jahr werden Pers\u00f6nlichkeiten und Organisationen des schweizerischen Gesundheitswesens, die herausragende oder besonders innovative Leistungen erbracht haben, mit dem Viktor-Award ausgezeichnet.\" \/>\n<meta name=\"robots\" content=\"index, follow, max-snippet:-1, max-image-preview:large, max-video-preview:-1\" \/>\n<link rel=\"canonical\" href=\"https:\/\/fmc.ch\/fr\/les-modeles-de-soins-integres-recompenses-par-le-viktor-award\/\" \/>\n<meta property=\"og:locale\" content=\"fr_FR\" \/>\n<meta property=\"og:type\" content=\"article\" \/>\n<meta property=\"og:title\" content=\"Integrierte Versorgungsmodelle mit dem Viktor-Award ausgezeichnet - FMC\" \/>\n<meta property=\"og:description\" content=\"Jedes Jahr werden Pers\u00f6nlichkeiten und Organisationen des schweizerischen Gesundheitswesens, die herausragende oder besonders innovative Leistungen erbracht haben, mit dem Viktor-Award ausgezeichnet.\" \/>\n<meta property=\"og:url\" content=\"https:\/\/fmc.ch\/fr\/les-modeles-de-soins-integres-recompenses-par-le-viktor-award\/\" \/>\n<meta property=\"og:site_name\" content=\"FMC\" \/>\n<meta property=\"article:published_time\" content=\"2024-03-15T16:53:23+00:00\" \/>\n<meta property=\"article:modified_time\" content=\"2025-12-01T12:33:44+00:00\" \/>\n<meta property=\"og:image\" content=\"https:\/\/fmc.ch\/wp-content\/uploads\/2024\/03\/Netzwerk_Bild-Viktoraward.png\" \/>\n\t<meta property=\"og:image:width\" content=\"711\" \/>\n\t<meta property=\"og:image:height\" content=\"711\" \/>\n\t<meta property=\"og:image:type\" content=\"image\/png\" \/>\n<meta name=\"author\" content=\"Nadja Blanchard\" \/>\n<meta name=\"twitter:card\" content=\"summary_large_image\" \/>\n<meta name=\"twitter:label1\" content=\"\u00c9crit par\" \/>\n\t<meta name=\"twitter:data1\" content=\"Nadja Blanchard\" \/>\n\t<meta name=\"twitter:label2\" content=\"Dur\u00e9e de lecture estim\u00e9e\" \/>\n\t<meta name=\"twitter:data2\" content=\"2 minutes\" \/>\n<script type=\"application\/ld+json\" class=\"yoast-schema-graph\">{\"@context\":\"https:\\\/\\\/schema.org\",\"@graph\":[{\"@type\":\"Article\",\"@id\":\"https:\\\/\\\/fmc.ch\\\/integrierte-versorgungsmodelle-mit-dem-viktor-award-ausgezeichnet\\\/#article\",\"isPartOf\":{\"@id\":\"https:\\\/\\\/fmc.ch\\\/integrierte-versorgungsmodelle-mit-dem-viktor-award-ausgezeichnet\\\/\"},\"author\":{\"name\":\"Nadja Blanchard\",\"@id\":\"https:\\\/\\\/fmc.ch\\\/#\\\/schema\\\/person\\\/3a7218d283691f8ef8cf410e4615e507\"},\"headline\":\"Integrierte Versorgungsmodelle mit dem Viktor-Award ausgezeichnet\",\"datePublished\":\"2024-03-15T16:53:23+00:00\",\"dateModified\":\"2025-12-01T12:33:44+00:00\",\"mainEntityOfPage\":{\"@id\":\"https:\\\/\\\/fmc.ch\\\/integrierte-versorgungsmodelle-mit-dem-viktor-award-ausgezeichnet\\\/\"},\"wordCount\":137,\"publisher\":{\"@id\":\"https:\\\/\\\/fmc.ch\\\/#organization\"},\"image\":{\"@id\":\"https:\\\/\\\/fmc.ch\\\/integrierte-versorgungsmodelle-mit-dem-viktor-award-ausgezeichnet\\\/#primaryimage\"},\"thumbnailUrl\":\"https:\\\/\\\/fmc.ch\\\/wp-content\\\/uploads\\\/2024\\\/03\\\/Netzwerk_Bild-Viktoraward.png\",\"articleSection\":[\"Netzwerk\"],\"inLanguage\":\"fr-FR\"},{\"@type\":\"WebPage\",\"@id\":\"https:\\\/\\\/fmc.ch\\\/integrierte-versorgungsmodelle-mit-dem-viktor-award-ausgezeichnet\\\/\",\"url\":\"https:\\\/\\\/fmc.ch\\\/integrierte-versorgungsmodelle-mit-dem-viktor-award-ausgezeichnet\\\/\",\"name\":\"Integrierte Versorgungsmodelle mit dem Viktor-Award ausgezeichnet - FMC\",\"isPartOf\":{\"@id\":\"https:\\\/\\\/fmc.ch\\\/#website\"},\"primaryImageOfPage\":{\"@id\":\"https:\\\/\\\/fmc.ch\\\/integrierte-versorgungsmodelle-mit-dem-viktor-award-ausgezeichnet\\\/#primaryimage\"},\"image\":{\"@id\":\"https:\\\/\\\/fmc.ch\\\/integrierte-versorgungsmodelle-mit-dem-viktor-award-ausgezeichnet\\\/#primaryimage\"},\"thumbnailUrl\":\"https:\\\/\\\/fmc.ch\\\/wp-content\\\/uploads\\\/2024\\\/03\\\/Netzwerk_Bild-Viktoraward.png\",\"datePublished\":\"2024-03-15T16:53:23+00:00\",\"dateModified\":\"2025-12-01T12:33:44+00:00\",\"description\":\"Jedes Jahr werden Pers\u00f6nlichkeiten und Organisationen des schweizerischen Gesundheitswesens, die herausragende oder besonders innovative Leistungen erbracht haben, mit dem Viktor-Award ausgezeichnet.\",\"breadcrumb\":{\"@id\":\"https:\\\/\\\/fmc.ch\\\/integrierte-versorgungsmodelle-mit-dem-viktor-award-ausgezeichnet\\\/#breadcrumb\"},\"inLanguage\":\"fr-FR\",\"potentialAction\":[{\"@type\":\"ReadAction\",\"target\":[\"https:\\\/\\\/fmc.ch\\\/integrierte-versorgungsmodelle-mit-dem-viktor-award-ausgezeichnet\\\/\"]}]},{\"@type\":\"ImageObject\",\"inLanguage\":\"fr-FR\",\"@id\":\"https:\\\/\\\/fmc.ch\\\/integrierte-versorgungsmodelle-mit-dem-viktor-award-ausgezeichnet\\\/#primaryimage\",\"url\":\"https:\\\/\\\/fmc.ch\\\/wp-content\\\/uploads\\\/2024\\\/03\\\/Netzwerk_Bild-Viktoraward.png\",\"contentUrl\":\"https:\\\/\\\/fmc.ch\\\/wp-content\\\/uploads\\\/2024\\\/03\\\/Netzwerk_Bild-Viktoraward.png\",\"width\":711,\"height\":711},{\"@type\":\"BreadcrumbList\",\"@id\":\"https:\\\/\\\/fmc.ch\\\/integrierte-versorgungsmodelle-mit-dem-viktor-award-ausgezeichnet\\\/#breadcrumb\",\"itemListElement\":[{\"@type\":\"ListItem\",\"position\":1,\"name\":\"Home\",\"item\":\"https:\\\/\\\/fmc.ch\\\/\"},{\"@type\":\"ListItem\",\"position\":2,\"name\":\"Integrierte Versorgungsmodelle mit dem Viktor-Award ausgezeichnet\"}]},{\"@type\":\"WebSite\",\"@id\":\"https:\\\/\\\/fmc.ch\\\/#website\",\"url\":\"https:\\\/\\\/fmc.ch\\\/\",\"name\":\"FMC\",\"description\":\"Schweizer Forum f\u00fcr Integrierte Versorgung\",\"publisher\":{\"@id\":\"https:\\\/\\\/fmc.ch\\\/#organization\"},\"potentialAction\":[{\"@type\":\"SearchAction\",\"target\":{\"@type\":\"EntryPoint\",\"urlTemplate\":\"https:\\\/\\\/fmc.ch\\\/?s={search_term_string}\"},\"query-input\":{\"@type\":\"PropertyValueSpecification\",\"valueRequired\":true,\"valueName\":\"search_term_string\"}}],\"inLanguage\":\"fr-FR\"},{\"@type\":\"Organization\",\"@id\":\"https:\\\/\\\/fmc.ch\\\/#organization\",\"name\":\"FMC\",\"url\":\"https:\\\/\\\/fmc.ch\\\/\",\"logo\":{\"@type\":\"ImageObject\",\"inLanguage\":\"fr-FR\",\"@id\":\"https:\\\/\\\/fmc.ch\\\/#\\\/schema\\\/logo\\\/image\\\/\",\"url\":\"https:\\\/\\\/fmc.ch\\\/wp-content\\\/uploads\\\/2023\\\/09\\\/fmc-logo.svg\",\"contentUrl\":\"https:\\\/\\\/fmc.ch\\\/wp-content\\\/uploads\\\/2023\\\/09\\\/fmc-logo.svg\",\"caption\":\"FMC\"},\"image\":{\"@id\":\"https:\\\/\\\/fmc.ch\\\/#\\\/schema\\\/logo\\\/image\\\/\"}},{\"@type\":\"Person\",\"@id\":\"https:\\\/\\\/fmc.ch\\\/#\\\/schema\\\/person\\\/3a7218d283691f8ef8cf410e4615e507\",\"name\":\"Nadja Blanchard\",\"image\":{\"@type\":\"ImageObject\",\"inLanguage\":\"fr-FR\",\"@id\":\"https:\\\/\\\/secure.gravatar.com\\\/avatar\\\/729fbcebbfccd7834565b1398470d6ea84a4f3e7525873a0cb368db99228ce7b?s=96&d=mm&r=g\",\"url\":\"https:\\\/\\\/secure.gravatar.com\\\/avatar\\\/729fbcebbfccd7834565b1398470d6ea84a4f3e7525873a0cb368db99228ce7b?s=96&d=mm&r=g\",\"contentUrl\":\"https:\\\/\\\/secure.gravatar.com\\\/avatar\\\/729fbcebbfccd7834565b1398470d6ea84a4f3e7525873a0cb368db99228ce7b?s=96&d=mm&r=g\",\"caption\":\"Nadja Blanchard\"},\"url\":\"https:\\\/\\\/fmc.ch\\\/fr\\\/author\\\/nadja-blanchardfmc-ch\\\/\"}]}<\/script>\n<!-- \/ Yoast SEO plugin. -->","yoast_head_json":{"title":"Les mod\u00e8les de soins int\u00e9gr\u00e9s r\u00e9compens\u00e9s par le Viktor Award - FMC","description":"Chaque ann\u00e9e, le Viktor Award est d\u00e9cern\u00e9 \u00e0 des personnalit\u00e9s et des organisations du syst\u00e8me de sant\u00e9 suisse qui ont fourni des prestations exceptionnelles ou particuli\u00e8rement innovantes.","robots":{"index":"index","follow":"follow","max-snippet":"max-snippet:-1","max-image-preview":"max-image-preview:large","max-video-preview":"max-video-preview:-1"},"canonical":"https:\/\/fmc.ch\/fr\/les-modeles-de-soins-integres-recompenses-par-le-viktor-award\/","og_locale":"fr_FR","og_type":"article","og_title":"Integrierte Versorgungsmodelle mit dem Viktor-Award ausgezeichnet - FMC","og_description":"Jedes Jahr werden Pers\u00f6nlichkeiten und Organisationen des schweizerischen Gesundheitswesens, die herausragende oder besonders innovative Leistungen erbracht haben, mit dem Viktor-Award ausgezeichnet.","og_url":"https:\/\/fmc.ch\/fr\/les-modeles-de-soins-integres-recompenses-par-le-viktor-award\/","og_site_name":"FMC","article_published_time":"2024-03-15T16:53:23+00:00","article_modified_time":"2025-12-01T12:33:44+00:00","og_image":[{"width":711,"height":711,"url":"https:\/\/fmc.ch\/wp-content\/uploads\/2024\/03\/Netzwerk_Bild-Viktoraward.png","type":"image\/png"}],"author":"Nadja Blanchard","twitter_card":"summary_large_image","twitter_misc":{"\u00c9crit par":"Nadja Blanchard","Dur\u00e9e de lecture estim\u00e9e":"2 minutes"},"schema":{"@context":"https:\/\/schema.org","@graph":[{"@type":"Article","@id":"https:\/\/fmc.ch\/integrierte-versorgungsmodelle-mit-dem-viktor-award-ausgezeichnet\/#article","isPartOf":{"@id":"https:\/\/fmc.ch\/integrierte-versorgungsmodelle-mit-dem-viktor-award-ausgezeichnet\/"},"author":{"name":"Nadja Blanchard","@id":"https:\/\/fmc.ch\/#\/schema\/person\/3a7218d283691f8ef8cf410e4615e507"},"headline":"Integrierte Versorgungsmodelle mit dem Viktor-Award ausgezeichnet","datePublished":"2024-03-15T16:53:23+00:00","dateModified":"2025-12-01T12:33:44+00:00","mainEntityOfPage":{"@id":"https:\/\/fmc.ch\/integrierte-versorgungsmodelle-mit-dem-viktor-award-ausgezeichnet\/"},"wordCount":137,"publisher":{"@id":"https:\/\/fmc.ch\/#organization"},"image":{"@id":"https:\/\/fmc.ch\/integrierte-versorgungsmodelle-mit-dem-viktor-award-ausgezeichnet\/#primaryimage"},"thumbnailUrl":"https:\/\/fmc.ch\/wp-content\/uploads\/2024\/03\/Netzwerk_Bild-Viktoraward.png","articleSection":["Netzwerk"],"inLanguage":"fr-FR"},{"@type":"WebPage","@id":"https:\/\/fmc.ch\/integrierte-versorgungsmodelle-mit-dem-viktor-award-ausgezeichnet\/","url":"https:\/\/fmc.ch\/integrierte-versorgungsmodelle-mit-dem-viktor-award-ausgezeichnet\/","name":"Les mod\u00e8les de soins int\u00e9gr\u00e9s r\u00e9compens\u00e9s par le Viktor Award - FMC","isPartOf":{"@id":"https:\/\/fmc.ch\/#website"},"primaryImageOfPage":{"@id":"https:\/\/fmc.ch\/integrierte-versorgungsmodelle-mit-dem-viktor-award-ausgezeichnet\/#primaryimage"},"image":{"@id":"https:\/\/fmc.ch\/integrierte-versorgungsmodelle-mit-dem-viktor-award-ausgezeichnet\/#primaryimage"},"thumbnailUrl":"https:\/\/fmc.ch\/wp-content\/uploads\/2024\/03\/Netzwerk_Bild-Viktoraward.png","datePublished":"2024-03-15T16:53:23+00:00","dateModified":"2025-12-01T12:33:44+00:00","description":"Chaque ann\u00e9e, le Viktor Award est d\u00e9cern\u00e9 \u00e0 des personnalit\u00e9s et des organisations du syst\u00e8me de sant\u00e9 suisse qui ont fourni des prestations exceptionnelles ou particuli\u00e8rement innovantes.","breadcrumb":{"@id":"https:\/\/fmc.ch\/integrierte-versorgungsmodelle-mit-dem-viktor-award-ausgezeichnet\/#breadcrumb"},"inLanguage":"fr-FR","potentialAction":[{"@type":"ReadAction","target":["https:\/\/fmc.ch\/integrierte-versorgungsmodelle-mit-dem-viktor-award-ausgezeichnet\/"]}]},{"@type":"ImageObject","inLanguage":"fr-FR","@id":"https:\/\/fmc.ch\/integrierte-versorgungsmodelle-mit-dem-viktor-award-ausgezeichnet\/#primaryimage","url":"https:\/\/fmc.ch\/wp-content\/uploads\/2024\/03\/Netzwerk_Bild-Viktoraward.png","contentUrl":"https:\/\/fmc.ch\/wp-content\/uploads\/2024\/03\/Netzwerk_Bild-Viktoraward.png","width":711,"height":711},{"@type":"BreadcrumbList","@id":"https:\/\/fmc.ch\/integrierte-versorgungsmodelle-mit-dem-viktor-award-ausgezeichnet\/#breadcrumb","itemListElement":[{"@type":"ListItem","position":1,"name":"Home","item":"https:\/\/fmc.ch\/"},{"@type":"ListItem","position":2,"name":"Integrierte Versorgungsmodelle mit dem Viktor-Award ausgezeichnet"}]},{"@type":"WebSite","@id":"https:\/\/fmc.ch\/#website","url":"https:\/\/fmc.ch\/","name":"FMC","description":"Forum suisse des soins int\u00e9gr\u00e9s","publisher":{"@id":"https:\/\/fmc.ch\/#organization"},"potentialAction":[{"@type":"SearchAction","target":{"@type":"EntryPoint","urlTemplate":"https:\/\/fmc.ch\/?s={search_term_string}"},"query-input":{"@type":"PropertyValueSpecification","valueRequired":true,"valueName":"search_term_string"}}],"inLanguage":"fr-FR"},{"@type":"Organization","@id":"https:\/\/fmc.ch\/#organization","name":"FMC","url":"https:\/\/fmc.ch\/","logo":{"@type":"ImageObject","inLanguage":"fr-FR","@id":"https:\/\/fmc.ch\/#\/schema\/logo\/image\/","url":"https:\/\/fmc.ch\/wp-content\/uploads\/2023\/09\/fmc-logo.svg","contentUrl":"https:\/\/fmc.ch\/wp-content\/uploads\/2023\/09\/fmc-logo.svg","caption":"FMC"},"image":{"@id":"https:\/\/fmc.ch\/#\/schema\/logo\/image\/"}},{"@type":"Person","@id":"https:\/\/fmc.ch\/#\/schema\/person\/3a7218d283691f8ef8cf410e4615e507","name":"Nadja Blanchard","image":{"@type":"ImageObject","inLanguage":"fr-FR","@id":"https:\/\/secure.gravatar.com\/avatar\/729fbcebbfccd7834565b1398470d6ea84a4f3e7525873a0cb368db99228ce7b?s=96&d=mm&r=g","url":"https:\/\/secure.gravatar.com\/avatar\/729fbcebbfccd7834565b1398470d6ea84a4f3e7525873a0cb368db99228ce7b?s=96&d=mm&r=g","contentUrl":"https:\/\/secure.gravatar.com\/avatar\/729fbcebbfccd7834565b1398470d6ea84a4f3e7525873a0cb368db99228ce7b?s=96&d=mm&r=g","caption":"Nadja Blanchard"},"url":"https:\/\/fmc.ch\/fr\/author\/nadja-blanchardfmc-ch\/"}]}},"_links":{"self":[{"href":"https:\/\/fmc.ch\/fr\/wp-json\/wp\/v2\/posts\/8885","targetHints":{"allow":["GET"]}}],"collection":[{"href":"https:\/\/fmc.ch\/fr\/wp-json\/wp\/v2\/posts"}],"about":[{"href":"https:\/\/fmc.ch\/fr\/wp-json\/wp\/v2\/types\/post"}],"author":[{"embeddable":true,"href":"https:\/\/fmc.ch\/fr\/wp-json\/wp\/v2\/users\/2"}],"replies":[{"embeddable":true,"href":"https:\/\/fmc.ch\/fr\/wp-json\/wp\/v2\/comments?post=8885"}],"version-history":[{"count":3,"href":"https:\/\/fmc.ch\/fr\/wp-json\/wp\/v2\/posts\/8885\/revisions"}],"predecessor-version":[{"id":12205,"href":"https:\/\/fmc.ch\/fr\/wp-json\/wp\/v2\/posts\/8885\/revisions\/12205"}],"wp:featuredmedia":[{"embeddable":true,"href":"https:\/\/fmc.ch\/fr\/wp-json\/wp\/v2\/media\/8886"}],"wp:attachment":[{"href":"https:\/\/fmc.ch\/fr\/wp-json\/wp\/v2\/media?parent=8885"}],"wp:term":[{"taxonomy":"strategie","embeddable":true,"href":"https:\/\/fmc.ch\/fr\/wp-json\/wp\/v2\/strategie?post=8885"},{"taxonomy":"thema","embeddable":true,"href":"https:\/\/fmc.ch\/fr\/wp-json\/wp\/v2\/thema?post=8885"},{"taxonomy":"format","embeddable":true,"href":"https:\/\/fmc.ch\/fr\/wp-json\/wp\/v2\/format?post=8885"}],"curies":[{"name":"wp","href":"https:\/\/api.w.org\/{rel}","templated":true}]}}