{"id":8647,"date":"2021-10-15T14:42:00","date_gmt":"2021-10-15T14:42:00","guid":{"rendered":"https:\/\/fmc.ch\/?p=8647"},"modified":"2025-12-01T13:33:02","modified_gmt":"2025-12-01T12:33:02","slug":"centre-de-sante-de-lusz-a-laeroport-de-zurich","status":"publish","type":"post","link":"https:\/\/fmc.ch\/fr\/gesundheitszentrum-des-usz-am-zuericher-flughafen\/","title":{"rendered":"Circle - le centre de sant\u00e9 de l'USZ \u00e0 l'a\u00e9roport de Zurich"},"content":{"rendered":"<div data-elementor-type=\"wp-post\" data-elementor-id=\"8647\" class=\"elementor elementor-8647\" data-elementor-post-type=\"post\">\n\t\t\t\t\t\t<section class=\"elementor-section elementor-top-section elementor-element elementor-element-7ca2a75 elementor-section-boxed elementor-section-height-default elementor-section-height-default elementor-invisible\" data-id=\"7ca2a75\" data-element_type=\"section\" data-e-type=\"section\" data-settings=\"{&quot;animation&quot;:&quot;fadeIn&quot;}\">\n\t\t\t\t\t\t<div class=\"elementor-container elementor-column-gap-default\">\n\t\t\t\t\t<div class=\"elementor-column elementor-col-100 elementor-top-column elementor-element elementor-element-3f98917\" data-id=\"3f98917\" data-element_type=\"column\" data-e-type=\"column\">\n\t\t\t<div class=\"elementor-widget-wrap elementor-element-populated\">\n\t\t\t\t\t\t<div class=\"elementor-element elementor-element-1cf1b65 elementor-widget elementor-widget-text-editor\" data-id=\"1cf1b65\" data-element_type=\"widget\" data-e-type=\"widget\" data-widget_type=\"text-editor.default\">\n\t\t\t\t<div class=\"elementor-widget-container\">\n\t\t\t\t\t\t\t\t\t<h3>Le club fmc du 6 septembre 2021 vous invite au centre de sant\u00e9 de l'USZ \u00e0 l'a\u00e9roport de Zurich.\u00a0<\/h3>\t\t\t\t\t\t\t\t<\/div>\n\t\t\t\t<\/div>\n\t\t\t\t\t<\/div>\n\t\t<\/div>\n\t\t\t\t\t<\/div>\n\t\t<\/section>\n\t\t\t\t<section class=\"elementor-section elementor-top-section elementor-element elementor-element-4abfd0d elementor-reverse-tablet elementor-reverse-mobile elementor-section-boxed elementor-section-height-default elementor-section-height-default\" data-id=\"4abfd0d\" data-element_type=\"section\" data-e-type=\"section\">\n\t\t\t\t\t\t<div class=\"elementor-container elementor-column-gap-default\">\n\t\t\t\t\t<div class=\"elementor-column elementor-col-100 elementor-top-column elementor-element elementor-element-cc0812c\" data-id=\"cc0812c\" data-element_type=\"column\" data-e-type=\"column\">\n\t\t\t<div class=\"elementor-widget-wrap elementor-element-populated\">\n\t\t\t\t\t\t<div class=\"elementor-element elementor-element-021ca3e elementor-invisible elementor-widget elementor-widget-text-editor\" data-id=\"021ca3e\" data-element_type=\"widget\" data-e-type=\"widget\" data-settings=\"{&quot;_animation&quot;:&quot;fadeIn&quot;}\" data-widget_type=\"text-editor.default\">\n\t\t\t\t<div class=\"elementor-widget-container\">\n\t\t\t\t\t\t\t\t\t<p>Le Club fmc vous invite \u00e0 vous rendre sur place pour vous faire une id\u00e9e. Outre les prestations m\u00e9dicales, nous nous int\u00e9ressons surtout aux coop\u00e9rations d\u00e9j\u00e0 r\u00e9alis\u00e9es et pr\u00e9vues avec d'autres h\u00f4pitaux et fournisseurs de prestations ambulatoires pour une prise en charge coordonn\u00e9e des patients en amont et en aval. Patrick Eiholzer, directeur g\u00e9n\u00e9ral du projet USZ-A\u00e9roport, nous en parlera au fmc Club et nous pr\u00e9sentera comment la vision d'un site ext\u00e9rieur USZ \u00e0 l'a\u00e9roport est devenue r\u00e9alit\u00e9. La pr\u00e9sentation sera suivie d'une visite des locaux et vous permettra de d\u00e9couvrir le centre \"en direct\".<\/p>\t\t\t\t\t\t\t\t<\/div>\n\t\t\t\t<\/div>\n\t\t\t\t\t<\/div>\n\t\t<\/div>\n\t\t\t\t\t<\/div>\n\t\t<\/section>\n\t\t\t\t<section class=\"elementor-section elementor-top-section elementor-element elementor-element-dbc6dff elementor-section-boxed elementor-section-height-default elementor-section-height-default\" data-id=\"dbc6dff\" data-element_type=\"section\" data-e-type=\"section\">\n\t\t\t\t\t\t<div class=\"elementor-container elementor-column-gap-default\">\n\t\t\t\t\t<div class=\"elementor-column elementor-col-100 elementor-top-column elementor-element elementor-element-548f287\" data-id=\"548f287\" data-element_type=\"column\" data-e-type=\"column\">\n\t\t\t<div class=\"elementor-widget-wrap elementor-element-populated\">\n\t\t\t\t\t\t<div class=\"elementor-element elementor-element-9f355d7 elementor-widget elementor-widget-button\" data-id=\"9f355d7\" data-element_type=\"widget\" data-e-type=\"widget\" data-widget_type=\"button.default\">\n\t\t\t\t<div class=\"elementor-widget-container\">\n\t\t\t\t\t\t\t\t\t<div class=\"elementor-button-wrapper\">\n\t\t\t\t\t<a class=\"elementor-button elementor-button-link elementor-size-sm\" href=\"https:\/\/www.usz.ch\/ueber-das-usz\/standorte\/usz-flughafen\/\" target=\"_blank\">\n\t\t\t\t\t\t<span class=\"elementor-button-content-wrapper\">\n\t\t\t\t\t\t\t\t\t<span class=\"elementor-button-text\">Site web de \"Circle<\/span>\n\t\t\t\t\t<\/span>\n\t\t\t\t\t<\/a>\n\t\t\t\t<\/div>\n\t\t\t\t\t\t\t\t<\/div>\n\t\t\t\t<\/div>\n\t\t\t\t<div class=\"elementor-element elementor-element-39d9730 elementor-widget elementor-widget-spacer\" data-id=\"39d9730\" data-element_type=\"widget\" data-e-type=\"widget\" data-widget_type=\"spacer.default\">\n\t\t\t\t<div class=\"elementor-widget-container\">\n\t\t\t\t\t\t\t<div class=\"elementor-spacer\">\n\t\t\t<div class=\"elementor-spacer-inner\"><\/div>\n\t\t<\/div>\n\t\t\t\t\t\t<\/div>\n\t\t\t\t<\/div>\n\t\t\t\t\t<\/div>\n\t\t<\/div>\n\t\t\t\t\t<\/div>\n\t\t<\/section>\n\t\t\t\t<\/div>","protected":false},"excerpt":{"rendered":"<p>Le fmc-Club 2021 visite le centre de sant\u00e9 de l'USZ \u00e0 l'a\u00e9roport de Zurich.<\/p>","protected":false},"author":2,"featured_media":8648,"comment_status":"closed","ping_status":"closed","sticky":false,"template":"","format":[143,138],"meta":{"footnotes":""},"strategie":[156],"thema":[152],"class_list":["post-8647","post","type-post","status-publish","format-standard","has-post-thumbnail","hentry","strategie-zusammenarbeit","thema-interprofessionelle-zusammenarbeit","format-fmc-club","format-veranstaltung"],"yoast_head":"<!-- This site is optimized with the Yoast SEO plugin v27.5 - https:\/\/yoast.com\/product\/yoast-seo-wordpress\/ -->\n<title>Circle - das Gesundheitszentrum des USZ am Z\u00fcricher Flughafen - FMC<\/title>\n<meta name=\"description\" content=\"Der fmc-Club 2021 besucht das Gesundheitszentrum des USZ am Z\u00fcricher Flughafen.\" \/>\n<meta name=\"robots\" content=\"index, follow, max-snippet:-1, max-image-preview:large, max-video-preview:-1\" \/>\n<link rel=\"canonical\" href=\"https:\/\/fmc.ch\/fr\/centre-de-sante-de-lusz-a-laeroport-de-zurich\/\" \/>\n<meta property=\"og:locale\" content=\"fr_FR\" \/>\n<meta property=\"og:type\" content=\"article\" \/>\n<meta property=\"og:title\" content=\"Circle - das Gesundheitszentrum des USZ am Z\u00fcricher Flughafen - FMC\" \/>\n<meta property=\"og:description\" content=\"Der fmc-Club 2021 besucht das Gesundheitszentrum des USZ am Z\u00fcricher Flughafen.\" \/>\n<meta property=\"og:url\" content=\"https:\/\/fmc.ch\/fr\/centre-de-sante-de-lusz-a-laeroport-de-zurich\/\" \/>\n<meta property=\"og:site_name\" content=\"FMC\" \/>\n<meta property=\"article:published_time\" content=\"2021-10-15T14:42:00+00:00\" \/>\n<meta property=\"article:modified_time\" content=\"2025-12-01T12:33:02+00:00\" \/>\n<meta property=\"og:image\" content=\"https:\/\/fmc.ch\/wp-content\/uploads\/2024\/03\/fmc-Club_Visit-2021-Gesundhetiszentrum-USZ-am-Flughafen.png\" \/>\n\t<meta property=\"og:image:width\" content=\"508\" \/>\n\t<meta property=\"og:image:height\" content=\"508\" \/>\n\t<meta property=\"og:image:type\" content=\"image\/png\" \/>\n<meta name=\"author\" content=\"Nadja Blanchard\" \/>\n<meta name=\"twitter:card\" content=\"summary_large_image\" \/>\n<meta name=\"twitter:label1\" content=\"\u00c9crit par\" \/>\n\t<meta name=\"twitter:data1\" content=\"Nadja Blanchard\" \/>\n\t<meta name=\"twitter:label2\" content=\"Dur\u00e9e de lecture estim\u00e9e\" \/>\n\t<meta name=\"twitter:data2\" content=\"1 minute\" \/>\n<script type=\"application\/ld+json\" class=\"yoast-schema-graph\">{\"@context\":\"https:\\\/\\\/schema.org\",\"@graph\":[{\"@type\":\"Article\",\"@id\":\"https:\\\/\\\/fmc.ch\\\/gesundheitszentrum-des-usz-am-zuericher-flughafen\\\/#article\",\"isPartOf\":{\"@id\":\"https:\\\/\\\/fmc.ch\\\/gesundheitszentrum-des-usz-am-zuericher-flughafen\\\/\"},\"author\":{\"name\":\"Nadja Blanchard\",\"@id\":\"https:\\\/\\\/fmc.ch\\\/#\\\/schema\\\/person\\\/3a7218d283691f8ef8cf410e4615e507\"},\"headline\":\"Circle &#8211; das Gesundheitszentrum des USZ am Z\u00fcricher Flughafen\",\"datePublished\":\"2021-10-15T14:42:00+00:00\",\"dateModified\":\"2025-12-01T12:33:02+00:00\",\"mainEntityOfPage\":{\"@id\":\"https:\\\/\\\/fmc.ch\\\/gesundheitszentrum-des-usz-am-zuericher-flughafen\\\/\"},\"wordCount\":123,\"publisher\":{\"@id\":\"https:\\\/\\\/fmc.ch\\\/#organization\"},\"image\":{\"@id\":\"https:\\\/\\\/fmc.ch\\\/gesundheitszentrum-des-usz-am-zuericher-flughafen\\\/#primaryimage\"},\"thumbnailUrl\":\"https:\\\/\\\/fmc.ch\\\/wp-content\\\/uploads\\\/2024\\\/03\\\/fmc-Club_Visit-2021-Gesundhetiszentrum-USZ-am-Flughafen.png\",\"articleSection\":[\"fmc Club\"],\"inLanguage\":\"fr-FR\"},{\"@type\":\"WebPage\",\"@id\":\"https:\\\/\\\/fmc.ch\\\/gesundheitszentrum-des-usz-am-zuericher-flughafen\\\/\",\"url\":\"https:\\\/\\\/fmc.ch\\\/gesundheitszentrum-des-usz-am-zuericher-flughafen\\\/\",\"name\":\"Circle - das Gesundheitszentrum des USZ am Z\u00fcricher Flughafen - FMC\",\"isPartOf\":{\"@id\":\"https:\\\/\\\/fmc.ch\\\/#website\"},\"primaryImageOfPage\":{\"@id\":\"https:\\\/\\\/fmc.ch\\\/gesundheitszentrum-des-usz-am-zuericher-flughafen\\\/#primaryimage\"},\"image\":{\"@id\":\"https:\\\/\\\/fmc.ch\\\/gesundheitszentrum-des-usz-am-zuericher-flughafen\\\/#primaryimage\"},\"thumbnailUrl\":\"https:\\\/\\\/fmc.ch\\\/wp-content\\\/uploads\\\/2024\\\/03\\\/fmc-Club_Visit-2021-Gesundhetiszentrum-USZ-am-Flughafen.png\",\"datePublished\":\"2021-10-15T14:42:00+00:00\",\"dateModified\":\"2025-12-01T12:33:02+00:00\",\"description\":\"Der fmc-Club 2021 besucht das Gesundheitszentrum des USZ am Z\u00fcricher Flughafen.\",\"breadcrumb\":{\"@id\":\"https:\\\/\\\/fmc.ch\\\/gesundheitszentrum-des-usz-am-zuericher-flughafen\\\/#breadcrumb\"},\"inLanguage\":\"fr-FR\",\"potentialAction\":[{\"@type\":\"ReadAction\",\"target\":[\"https:\\\/\\\/fmc.ch\\\/gesundheitszentrum-des-usz-am-zuericher-flughafen\\\/\"]}]},{\"@type\":\"ImageObject\",\"inLanguage\":\"fr-FR\",\"@id\":\"https:\\\/\\\/fmc.ch\\\/gesundheitszentrum-des-usz-am-zuericher-flughafen\\\/#primaryimage\",\"url\":\"https:\\\/\\\/fmc.ch\\\/wp-content\\\/uploads\\\/2024\\\/03\\\/fmc-Club_Visit-2021-Gesundhetiszentrum-USZ-am-Flughafen.png\",\"contentUrl\":\"https:\\\/\\\/fmc.ch\\\/wp-content\\\/uploads\\\/2024\\\/03\\\/fmc-Club_Visit-2021-Gesundhetiszentrum-USZ-am-Flughafen.png\",\"width\":508,\"height\":508},{\"@type\":\"BreadcrumbList\",\"@id\":\"https:\\\/\\\/fmc.ch\\\/gesundheitszentrum-des-usz-am-zuericher-flughafen\\\/#breadcrumb\",\"itemListElement\":[{\"@type\":\"ListItem\",\"position\":1,\"name\":\"Home\",\"item\":\"https:\\\/\\\/fmc.ch\\\/\"},{\"@type\":\"ListItem\",\"position\":2,\"name\":\"Circle &#8211; das Gesundheitszentrum des USZ am Z\u00fcricher Flughafen\"}]},{\"@type\":\"WebSite\",\"@id\":\"https:\\\/\\\/fmc.ch\\\/#website\",\"url\":\"https:\\\/\\\/fmc.ch\\\/\",\"name\":\"FMC\",\"description\":\"Schweizer Forum f\u00fcr Integrierte Versorgung\",\"publisher\":{\"@id\":\"https:\\\/\\\/fmc.ch\\\/#organization\"},\"potentialAction\":[{\"@type\":\"SearchAction\",\"target\":{\"@type\":\"EntryPoint\",\"urlTemplate\":\"https:\\\/\\\/fmc.ch\\\/?s={search_term_string}\"},\"query-input\":{\"@type\":\"PropertyValueSpecification\",\"valueRequired\":true,\"valueName\":\"search_term_string\"}}],\"inLanguage\":\"fr-FR\"},{\"@type\":\"Organization\",\"@id\":\"https:\\\/\\\/fmc.ch\\\/#organization\",\"name\":\"FMC\",\"url\":\"https:\\\/\\\/fmc.ch\\\/\",\"logo\":{\"@type\":\"ImageObject\",\"inLanguage\":\"fr-FR\",\"@id\":\"https:\\\/\\\/fmc.ch\\\/#\\\/schema\\\/logo\\\/image\\\/\",\"url\":\"https:\\\/\\\/fmc.ch\\\/wp-content\\\/uploads\\\/2023\\\/09\\\/fmc-logo.svg\",\"contentUrl\":\"https:\\\/\\\/fmc.ch\\\/wp-content\\\/uploads\\\/2023\\\/09\\\/fmc-logo.svg\",\"caption\":\"FMC\"},\"image\":{\"@id\":\"https:\\\/\\\/fmc.ch\\\/#\\\/schema\\\/logo\\\/image\\\/\"}},{\"@type\":\"Person\",\"@id\":\"https:\\\/\\\/fmc.ch\\\/#\\\/schema\\\/person\\\/3a7218d283691f8ef8cf410e4615e507\",\"name\":\"Nadja Blanchard\",\"image\":{\"@type\":\"ImageObject\",\"inLanguage\":\"fr-FR\",\"@id\":\"https:\\\/\\\/secure.gravatar.com\\\/avatar\\\/729fbcebbfccd7834565b1398470d6ea84a4f3e7525873a0cb368db99228ce7b?s=96&d=mm&r=g\",\"url\":\"https:\\\/\\\/secure.gravatar.com\\\/avatar\\\/729fbcebbfccd7834565b1398470d6ea84a4f3e7525873a0cb368db99228ce7b?s=96&d=mm&r=g\",\"contentUrl\":\"https:\\\/\\\/secure.gravatar.com\\\/avatar\\\/729fbcebbfccd7834565b1398470d6ea84a4f3e7525873a0cb368db99228ce7b?s=96&d=mm&r=g\",\"caption\":\"Nadja Blanchard\"},\"url\":\"https:\\\/\\\/fmc.ch\\\/fr\\\/author\\\/nadja-blanchardfmc-ch\\\/\"}]}<\/script>\n<!-- \/ Yoast SEO plugin. -->","yoast_head_json":{"title":"Circle - le centre de sant\u00e9 de l'USZ \u00e0 l'a\u00e9roport de Zurich - FMC","description":"Le fmc-Club 2021 visite le centre de sant\u00e9 de l'USZ \u00e0 l'a\u00e9roport de Zurich.","robots":{"index":"index","follow":"follow","max-snippet":"max-snippet:-1","max-image-preview":"max-image-preview:large","max-video-preview":"max-video-preview:-1"},"canonical":"https:\/\/fmc.ch\/fr\/centre-de-sante-de-lusz-a-laeroport-de-zurich\/","og_locale":"fr_FR","og_type":"article","og_title":"Circle - das Gesundheitszentrum des USZ am Z\u00fcricher Flughafen - FMC","og_description":"Der fmc-Club 2021 besucht das Gesundheitszentrum des USZ am Z\u00fcricher Flughafen.","og_url":"https:\/\/fmc.ch\/fr\/centre-de-sante-de-lusz-a-laeroport-de-zurich\/","og_site_name":"FMC","article_published_time":"2021-10-15T14:42:00+00:00","article_modified_time":"2025-12-01T12:33:02+00:00","og_image":[{"width":508,"height":508,"url":"https:\/\/fmc.ch\/wp-content\/uploads\/2024\/03\/fmc-Club_Visit-2021-Gesundhetiszentrum-USZ-am-Flughafen.png","type":"image\/png"}],"author":"Nadja Blanchard","twitter_card":"summary_large_image","twitter_misc":{"\u00c9crit par":"Nadja Blanchard","Dur\u00e9e de lecture estim\u00e9e":"1 minute"},"schema":{"@context":"https:\/\/schema.org","@graph":[{"@type":"Article","@id":"https:\/\/fmc.ch\/gesundheitszentrum-des-usz-am-zuericher-flughafen\/#article","isPartOf":{"@id":"https:\/\/fmc.ch\/gesundheitszentrum-des-usz-am-zuericher-flughafen\/"},"author":{"name":"Nadja Blanchard","@id":"https:\/\/fmc.ch\/#\/schema\/person\/3a7218d283691f8ef8cf410e4615e507"},"headline":"Circle &#8211; das Gesundheitszentrum des USZ am Z\u00fcricher Flughafen","datePublished":"2021-10-15T14:42:00+00:00","dateModified":"2025-12-01T12:33:02+00:00","mainEntityOfPage":{"@id":"https:\/\/fmc.ch\/gesundheitszentrum-des-usz-am-zuericher-flughafen\/"},"wordCount":123,"publisher":{"@id":"https:\/\/fmc.ch\/#organization"},"image":{"@id":"https:\/\/fmc.ch\/gesundheitszentrum-des-usz-am-zuericher-flughafen\/#primaryimage"},"thumbnailUrl":"https:\/\/fmc.ch\/wp-content\/uploads\/2024\/03\/fmc-Club_Visit-2021-Gesundhetiszentrum-USZ-am-Flughafen.png","articleSection":["fmc Club"],"inLanguage":"fr-FR"},{"@type":"WebPage","@id":"https:\/\/fmc.ch\/gesundheitszentrum-des-usz-am-zuericher-flughafen\/","url":"https:\/\/fmc.ch\/gesundheitszentrum-des-usz-am-zuericher-flughafen\/","name":"Circle - le centre de sant\u00e9 de l'USZ \u00e0 l'a\u00e9roport de Zurich - FMC","isPartOf":{"@id":"https:\/\/fmc.ch\/#website"},"primaryImageOfPage":{"@id":"https:\/\/fmc.ch\/gesundheitszentrum-des-usz-am-zuericher-flughafen\/#primaryimage"},"image":{"@id":"https:\/\/fmc.ch\/gesundheitszentrum-des-usz-am-zuericher-flughafen\/#primaryimage"},"thumbnailUrl":"https:\/\/fmc.ch\/wp-content\/uploads\/2024\/03\/fmc-Club_Visit-2021-Gesundhetiszentrum-USZ-am-Flughafen.png","datePublished":"2021-10-15T14:42:00+00:00","dateModified":"2025-12-01T12:33:02+00:00","description":"Le fmc-Club 2021 visite le centre de sant\u00e9 de l'USZ \u00e0 l'a\u00e9roport de Zurich.","breadcrumb":{"@id":"https:\/\/fmc.ch\/gesundheitszentrum-des-usz-am-zuericher-flughafen\/#breadcrumb"},"inLanguage":"fr-FR","potentialAction":[{"@type":"ReadAction","target":["https:\/\/fmc.ch\/gesundheitszentrum-des-usz-am-zuericher-flughafen\/"]}]},{"@type":"ImageObject","inLanguage":"fr-FR","@id":"https:\/\/fmc.ch\/gesundheitszentrum-des-usz-am-zuericher-flughafen\/#primaryimage","url":"https:\/\/fmc.ch\/wp-content\/uploads\/2024\/03\/fmc-Club_Visit-2021-Gesundhetiszentrum-USZ-am-Flughafen.png","contentUrl":"https:\/\/fmc.ch\/wp-content\/uploads\/2024\/03\/fmc-Club_Visit-2021-Gesundhetiszentrum-USZ-am-Flughafen.png","width":508,"height":508},{"@type":"BreadcrumbList","@id":"https:\/\/fmc.ch\/gesundheitszentrum-des-usz-am-zuericher-flughafen\/#breadcrumb","itemListElement":[{"@type":"ListItem","position":1,"name":"Home","item":"https:\/\/fmc.ch\/"},{"@type":"ListItem","position":2,"name":"Circle &#8211; das Gesundheitszentrum des USZ am Z\u00fcricher Flughafen"}]},{"@type":"WebSite","@id":"https:\/\/fmc.ch\/#website","url":"https:\/\/fmc.ch\/","name":"FMC","description":"Forum suisse des soins int\u00e9gr\u00e9s","publisher":{"@id":"https:\/\/fmc.ch\/#organization"},"potentialAction":[{"@type":"SearchAction","target":{"@type":"EntryPoint","urlTemplate":"https:\/\/fmc.ch\/?s={search_term_string}"},"query-input":{"@type":"PropertyValueSpecification","valueRequired":true,"valueName":"search_term_string"}}],"inLanguage":"fr-FR"},{"@type":"Organization","@id":"https:\/\/fmc.ch\/#organization","name":"FMC","url":"https:\/\/fmc.ch\/","logo":{"@type":"ImageObject","inLanguage":"fr-FR","@id":"https:\/\/fmc.ch\/#\/schema\/logo\/image\/","url":"https:\/\/fmc.ch\/wp-content\/uploads\/2023\/09\/fmc-logo.svg","contentUrl":"https:\/\/fmc.ch\/wp-content\/uploads\/2023\/09\/fmc-logo.svg","caption":"FMC"},"image":{"@id":"https:\/\/fmc.ch\/#\/schema\/logo\/image\/"}},{"@type":"Person","@id":"https:\/\/fmc.ch\/#\/schema\/person\/3a7218d283691f8ef8cf410e4615e507","name":"Nadja Blanchard","image":{"@type":"ImageObject","inLanguage":"fr-FR","@id":"https:\/\/secure.gravatar.com\/avatar\/729fbcebbfccd7834565b1398470d6ea84a4f3e7525873a0cb368db99228ce7b?s=96&d=mm&r=g","url":"https:\/\/secure.gravatar.com\/avatar\/729fbcebbfccd7834565b1398470d6ea84a4f3e7525873a0cb368db99228ce7b?s=96&d=mm&r=g","contentUrl":"https:\/\/secure.gravatar.com\/avatar\/729fbcebbfccd7834565b1398470d6ea84a4f3e7525873a0cb368db99228ce7b?s=96&d=mm&r=g","caption":"Nadja Blanchard"},"url":"https:\/\/fmc.ch\/fr\/author\/nadja-blanchardfmc-ch\/"}]}},"_links":{"self":[{"href":"https:\/\/fmc.ch\/fr\/wp-json\/wp\/v2\/posts\/8647","targetHints":{"allow":["GET"]}}],"collection":[{"href":"https:\/\/fmc.ch\/fr\/wp-json\/wp\/v2\/posts"}],"about":[{"href":"https:\/\/fmc.ch\/fr\/wp-json\/wp\/v2\/types\/post"}],"author":[{"embeddable":true,"href":"https:\/\/fmc.ch\/fr\/wp-json\/wp\/v2\/users\/2"}],"replies":[{"embeddable":true,"href":"https:\/\/fmc.ch\/fr\/wp-json\/wp\/v2\/comments?post=8647"}],"version-history":[{"count":4,"href":"https:\/\/fmc.ch\/fr\/wp-json\/wp\/v2\/posts\/8647\/revisions"}],"predecessor-version":[{"id":12059,"href":"https:\/\/fmc.ch\/fr\/wp-json\/wp\/v2\/posts\/8647\/revisions\/12059"}],"wp:featuredmedia":[{"embeddable":true,"href":"https:\/\/fmc.ch\/fr\/wp-json\/wp\/v2\/media\/8648"}],"wp:attachment":[{"href":"https:\/\/fmc.ch\/fr\/wp-json\/wp\/v2\/media?parent=8647"}],"wp:term":[{"taxonomy":"strategie","embeddable":true,"href":"https:\/\/fmc.ch\/fr\/wp-json\/wp\/v2\/strategie?post=8647"},{"taxonomy":"thema","embeddable":true,"href":"https:\/\/fmc.ch\/fr\/wp-json\/wp\/v2\/thema?post=8647"},{"taxonomy":"format","embeddable":true,"href":"https:\/\/fmc.ch\/fr\/wp-json\/wp\/v2\/format?post=8647"}],"curies":[{"name":"wp","href":"https:\/\/api.w.org\/{rel}","templated":true}]}}