{"id":8614,"date":"2021-11-11T14:00:00","date_gmt":"2021-11-11T14:00:00","guid":{"rendered":"https:\/\/fmc.ch\/?p=8614"},"modified":"2025-11-27T17:19:54","modified_gmt":"2025-11-27T16:19:54","slug":"bmc-fmc-brown-bag-voyage-detude-a-amsterdam","status":"publish","type":"post","link":"https:\/\/fmc.ch\/fr\/bmc-fmc-brown-bag-studienreise-nach-amsterdam\/","title":{"rendered":"Voyage d'\u00e9tude BMC\/fmc Brown Bag \u00e0 Amsterdam"},"content":{"rendered":"<div data-elementor-type=\"wp-post\" data-elementor-id=\"8614\" class=\"elementor elementor-8614\" data-elementor-post-type=\"post\">\n\t\t\t\t\t\t<section class=\"elementor-section elementor-top-section elementor-element elementor-element-ba46d81 elementor-section-boxed elementor-section-height-default elementor-section-height-default\" data-id=\"ba46d81\" data-element_type=\"section\" data-e-type=\"section\">\n\t\t\t\t\t\t<div class=\"elementor-container elementor-column-gap-default\">\n\t\t\t\t\t<div class=\"elementor-column elementor-col-50 elementor-top-column elementor-element elementor-element-30921cf\" data-id=\"30921cf\" data-element_type=\"column\" data-e-type=\"column\">\n\t\t\t<div class=\"elementor-widget-wrap elementor-element-populated\">\n\t\t\t\t\t\t<div class=\"elementor-element elementor-element-021ca3e elementor-widget__width-initial elementor-invisible elementor-widget elementor-widget-text-editor\" data-id=\"021ca3e\" data-element_type=\"widget\" data-e-type=\"widget\" data-settings=\"{&quot;_animation&quot;:&quot;fadeIn&quot;}\" data-widget_type=\"text-editor.default\">\n\t\t\t\t<div class=\"elementor-widget-container\">\n\t\t\t\t\t\t\t\t\t<p>Objectifs du voyage d'\u00e9tude :<\/p><ul><li>Conna\u00eetre le syst\u00e8me de sant\u00e9 n\u00e9erlandais<\/li><li>Meilleures pratiques sur le terrain dans diff\u00e9rentes entreprises du secteur de la sant\u00e9<\/li><li>Transmission de connaissances par des experts politiques, scientifiques et pratiques<\/li><li>Mise en r\u00e9seau durable des participants<\/li><\/ul><p>\u00a0<\/p>\t\t\t\t\t\t\t\t<\/div>\n\t\t\t\t<\/div>\n\t\t\t\t<div class=\"elementor-element elementor-element-6f2d35c elementor-widget elementor-widget-button\" data-id=\"6f2d35c\" data-element_type=\"widget\" data-e-type=\"widget\" data-widget_type=\"button.default\">\n\t\t\t\t<div class=\"elementor-widget-container\">\n\t\t\t\t\t\t\t\t\t<div class=\"elementor-button-wrapper\">\n\t\t\t\t\t<a class=\"elementor-button elementor-button-link elementor-size-sm\" href=\"https:\/\/fmc.ch\/wp-content\/uploads\/2024\/03\/Studienreise-Amsterdam_Programm.pdf\">\n\t\t\t\t\t\t<span class=\"elementor-button-content-wrapper\">\n\t\t\t\t\t\t\t\t\t<span class=\"elementor-button-text\">Cliquez ici pour acc\u00e9der au programme<\/span>\n\t\t\t\t\t<\/span>\n\t\t\t\t\t<\/a>\n\t\t\t\t<\/div>\n\t\t\t\t\t\t\t\t<\/div>\n\t\t\t\t<\/div>\n\t\t\t\t\t<\/div>\n\t\t<\/div>\n\t\t\t\t<div class=\"elementor-column elementor-col-50 elementor-top-column elementor-element elementor-element-4307af7\" data-id=\"4307af7\" data-element_type=\"column\" data-e-type=\"column\">\n\t\t\t<div class=\"elementor-widget-wrap elementor-element-populated\">\n\t\t\t\t\t\t<div class=\"elementor-element elementor-element-f7a1884 elementor-invisible elementor-widget elementor-widget-image\" data-id=\"f7a1884\" data-element_type=\"widget\" data-e-type=\"widget\" data-settings=\"{&quot;_animation&quot;:&quot;fadeIn&quot;,&quot;_animation_delay&quot;:300}\" data-widget_type=\"image.default\">\n\t\t\t\t<div class=\"elementor-widget-container\">\n\t\t\t\t\t\t\t\t\t\t\t\t\t\t\t<img fetchpriority=\"high\" decoding=\"async\" width=\"800\" height=\"491\" src=\"https:\/\/fmc.ch\/wp-content\/uploads\/2024\/03\/Studienreise-2021-nach-Amsterdam-Slide.png\" class=\"attachment-large size-large wp-image-8617\" alt=\"\" srcset=\"https:\/\/fmc.ch\/wp-content\/uploads\/2024\/03\/Studienreise-2021-nach-Amsterdam-Slide.png 1194w, https:\/\/fmc.ch\/wp-content\/uploads\/2024\/03\/Studienreise-2021-nach-Amsterdam-Slide-600x368.png 600w, https:\/\/fmc.ch\/wp-content\/uploads\/2024\/03\/Studienreise-2021-nach-Amsterdam-Slide-768x471.png 768w\" sizes=\"(max-width: 800px) 100vw, 800px\" \/>\t\t\t\t\t\t\t\t\t\t\t\t\t\t\t<\/div>\n\t\t\t\t<\/div>\n\t\t\t\t\t<\/div>\n\t\t<\/div>\n\t\t\t\t\t<\/div>\n\t\t<\/section>\n\t\t\t\t<section class=\"elementor-section elementor-top-section elementor-element elementor-element-178432e6 elementor-section-boxed elementor-section-height-default elementor-section-height-default\" data-id=\"178432e6\" data-element_type=\"section\" data-e-type=\"section\">\n\t\t\t\t\t\t<div class=\"elementor-container elementor-column-gap-default\">\n\t\t\t\t\t<div class=\"elementor-column elementor-col-100 elementor-top-column elementor-element elementor-element-217c483e\" data-id=\"217c483e\" data-element_type=\"column\" data-e-type=\"column\">\n\t\t\t<div class=\"elementor-widget-wrap elementor-element-populated\">\n\t\t\t\t\t\t<div class=\"elementor-element elementor-element-549c9a76 elementor-invisible elementor-widget elementor-widget-heading\" data-id=\"549c9a76\" data-element_type=\"widget\" data-e-type=\"widget\" data-settings=\"{&quot;_animation&quot;:&quot;fadeInUp&quot;}\" data-widget_type=\"heading.default\">\n\t\t\t\t<div class=\"elementor-widget-container\">\n\t\t\t\t\t<h2 class=\"elementor-heading-title elementor-size-default\">Horaire cadre du programme<\/h2>\t\t\t\t<\/div>\n\t\t\t\t<\/div>\n\t\t\t\t<div class=\"elementor-element elementor-element-1da9e74e elementor-invisible elementor-widget elementor-widget-text-editor\" data-id=\"1da9e74e\" data-element_type=\"widget\" data-e-type=\"widget\" data-settings=\"{&quot;_animation&quot;:&quot;fadeIn&quot;}\" data-widget_type=\"text-editor.default\">\n\t\t\t\t<div class=\"elementor-widget-container\">\n\t\t\t\t\t\t\t\t\t<ul><li><strong>D\u00e9but<\/strong>: : Dimanche 17 octobre\u00a0<\/li><li><strong>Fin<\/strong>: mardi 19 octobre 2021<\/li><li><strong>Frais de participation<\/strong>: : Les frais de voyage et d'h\u00f4tel doivent \u00eatre pris en charge<br \/>Les frais sur place sont pris en charge par le BMC.<\/li><li><strong>Participation<\/strong>L'offre s'adresse exclusivement aux membres du BMC et de la fmc. Le voyage d'\u00e9tude s'adresse cette fois-ci \u00e0 <strong>Jeunes professionnels<\/strong> de votre entreprise.<\/li><\/ul>\t\t\t\t\t\t\t\t<\/div>\n\t\t\t\t<\/div>\n\t\t\t\t\t<\/div>\n\t\t<\/div>\n\t\t\t\t\t<\/div>\n\t\t<\/section>\n\t\t\t\t<section class=\"elementor-section elementor-top-section elementor-element elementor-element-a595128 elementor-section-boxed elementor-section-height-default elementor-section-height-default\" data-id=\"a595128\" data-element_type=\"section\" data-e-type=\"section\">\n\t\t\t\t\t\t<div class=\"elementor-container elementor-column-gap-default\">\n\t\t\t\t\t<div class=\"elementor-column elementor-col-100 elementor-top-column elementor-element elementor-element-9fbee21\" data-id=\"9fbee21\" data-element_type=\"column\" data-e-type=\"column\">\n\t\t\t<div class=\"elementor-widget-wrap elementor-element-populated\">\n\t\t\t\t\t\t<div class=\"elementor-element elementor-element-be8c09a elementor-widget elementor-widget-spacer\" data-id=\"be8c09a\" data-element_type=\"widget\" data-e-type=\"widget\" data-widget_type=\"spacer.default\">\n\t\t\t\t<div class=\"elementor-widget-container\">\n\t\t\t\t\t\t\t<div class=\"elementor-spacer\">\n\t\t\t<div class=\"elementor-spacer-inner\"><\/div>\n\t\t<\/div>\n\t\t\t\t\t\t<\/div>\n\t\t\t\t<\/div>\n\t\t\t\t\t<\/div>\n\t\t<\/div>\n\t\t\t\t\t<\/div>\n\t\t<\/section>\n\t\t\t\t<\/div>","protected":false},"excerpt":{"rendered":"<p>Du 17 au 19 octobre 2021<\/p>","protected":false},"author":2,"featured_media":8615,"comment_status":"closed","ping_status":"closed","sticky":false,"template":"","format":[144,138],"meta":{"footnotes":""},"strategie":[163],"thema":[170],"class_list":["post-8614","post","type-post","status-publish","format-standard","has-post-thumbnail","hentry","strategie-integrierte-versorgung-allgemein","thema-themenuebergreifende-fmc-aktivitaet","format-studienreise","format-veranstaltung"],"yoast_head":"<!-- This site is optimized with the Yoast SEO plugin v27.5 - https:\/\/yoast.com\/product\/yoast-seo-wordpress\/ -->\n<title>BMC\/fmc Brown Bag Studienreise nach Amsterdam - FMC<\/title>\n<meta name=\"description\" content=\"BMC Brown Bag Studienreise nach Amsterdam, 17.-19. Oktober 2021\" \/>\n<meta name=\"robots\" content=\"index, follow, max-snippet:-1, max-image-preview:large, max-video-preview:-1\" \/>\n<link rel=\"canonical\" href=\"https:\/\/fmc.ch\/fr\/bmc-fmc-brown-bag-voyage-detude-a-amsterdam\/\" \/>\n<meta property=\"og:locale\" content=\"fr_FR\" \/>\n<meta property=\"og:type\" content=\"article\" \/>\n<meta property=\"og:title\" content=\"BMC\/fmc Brown Bag Studienreise nach Amsterdam - FMC\" \/>\n<meta property=\"og:description\" content=\"BMC Brown Bag Studienreise nach Amsterdam, 17.-19. Oktober 2021\" \/>\n<meta property=\"og:url\" content=\"https:\/\/fmc.ch\/fr\/bmc-fmc-brown-bag-voyage-detude-a-amsterdam\/\" \/>\n<meta property=\"og:site_name\" content=\"FMC\" \/>\n<meta property=\"article:published_time\" content=\"2021-11-11T14:00:00+00:00\" \/>\n<meta property=\"article:modified_time\" content=\"2025-11-27T16:19:54+00:00\" \/>\n<meta property=\"og:image\" content=\"https:\/\/fmc.ch\/wp-content\/uploads\/2024\/03\/Studienreise-2021-nach-Amsterdam.png\" \/>\n\t<meta property=\"og:image:width\" content=\"618\" \/>\n\t<meta property=\"og:image:height\" content=\"616\" \/>\n\t<meta property=\"og:image:type\" content=\"image\/png\" \/>\n<meta name=\"author\" content=\"Nadja Blanchard\" \/>\n<meta name=\"twitter:card\" content=\"summary_large_image\" \/>\n<meta name=\"twitter:label1\" content=\"\u00c9crit par\" \/>\n\t<meta name=\"twitter:data1\" content=\"Nadja Blanchard\" \/>\n\t<meta name=\"twitter:label2\" content=\"Dur\u00e9e de lecture estim\u00e9e\" \/>\n\t<meta name=\"twitter:data2\" content=\"1 minute\" \/>\n<script type=\"application\/ld+json\" class=\"yoast-schema-graph\">{\"@context\":\"https:\\\/\\\/schema.org\",\"@graph\":[{\"@type\":\"Article\",\"@id\":\"https:\\\/\\\/fmc.ch\\\/bmc-fmc-brown-bag-studienreise-nach-amsterdam\\\/#article\",\"isPartOf\":{\"@id\":\"https:\\\/\\\/fmc.ch\\\/bmc-fmc-brown-bag-studienreise-nach-amsterdam\\\/\"},\"author\":{\"name\":\"Nadja Blanchard\",\"@id\":\"https:\\\/\\\/fmc.ch\\\/#\\\/schema\\\/person\\\/3a7218d283691f8ef8cf410e4615e507\"},\"headline\":\"BMC\\\/fmc Brown Bag Studienreise nach Amsterdam\",\"datePublished\":\"2021-11-11T14:00:00+00:00\",\"dateModified\":\"2025-11-27T16:19:54+00:00\",\"mainEntityOfPage\":{\"@id\":\"https:\\\/\\\/fmc.ch\\\/bmc-fmc-brown-bag-studienreise-nach-amsterdam\\\/\"},\"wordCount\":90,\"publisher\":{\"@id\":\"https:\\\/\\\/fmc.ch\\\/#organization\"},\"image\":{\"@id\":\"https:\\\/\\\/fmc.ch\\\/bmc-fmc-brown-bag-studienreise-nach-amsterdam\\\/#primaryimage\"},\"thumbnailUrl\":\"https:\\\/\\\/fmc.ch\\\/wp-content\\\/uploads\\\/2024\\\/03\\\/Studienreise-2021-nach-Amsterdam.png\",\"articleSection\":[\"Studienreise\"],\"inLanguage\":\"fr-FR\"},{\"@type\":\"WebPage\",\"@id\":\"https:\\\/\\\/fmc.ch\\\/bmc-fmc-brown-bag-studienreise-nach-amsterdam\\\/\",\"url\":\"https:\\\/\\\/fmc.ch\\\/bmc-fmc-brown-bag-studienreise-nach-amsterdam\\\/\",\"name\":\"BMC\\\/fmc Brown Bag Studienreise nach Amsterdam - FMC\",\"isPartOf\":{\"@id\":\"https:\\\/\\\/fmc.ch\\\/#website\"},\"primaryImageOfPage\":{\"@id\":\"https:\\\/\\\/fmc.ch\\\/bmc-fmc-brown-bag-studienreise-nach-amsterdam\\\/#primaryimage\"},\"image\":{\"@id\":\"https:\\\/\\\/fmc.ch\\\/bmc-fmc-brown-bag-studienreise-nach-amsterdam\\\/#primaryimage\"},\"thumbnailUrl\":\"https:\\\/\\\/fmc.ch\\\/wp-content\\\/uploads\\\/2024\\\/03\\\/Studienreise-2021-nach-Amsterdam.png\",\"datePublished\":\"2021-11-11T14:00:00+00:00\",\"dateModified\":\"2025-11-27T16:19:54+00:00\",\"description\":\"BMC Brown Bag Studienreise nach Amsterdam, 17.-19. Oktober 2021\",\"breadcrumb\":{\"@id\":\"https:\\\/\\\/fmc.ch\\\/bmc-fmc-brown-bag-studienreise-nach-amsterdam\\\/#breadcrumb\"},\"inLanguage\":\"fr-FR\",\"potentialAction\":[{\"@type\":\"ReadAction\",\"target\":[\"https:\\\/\\\/fmc.ch\\\/bmc-fmc-brown-bag-studienreise-nach-amsterdam\\\/\"]}]},{\"@type\":\"ImageObject\",\"inLanguage\":\"fr-FR\",\"@id\":\"https:\\\/\\\/fmc.ch\\\/bmc-fmc-brown-bag-studienreise-nach-amsterdam\\\/#primaryimage\",\"url\":\"https:\\\/\\\/fmc.ch\\\/wp-content\\\/uploads\\\/2024\\\/03\\\/Studienreise-2021-nach-Amsterdam.png\",\"contentUrl\":\"https:\\\/\\\/fmc.ch\\\/wp-content\\\/uploads\\\/2024\\\/03\\\/Studienreise-2021-nach-Amsterdam.png\",\"width\":618,\"height\":616},{\"@type\":\"BreadcrumbList\",\"@id\":\"https:\\\/\\\/fmc.ch\\\/bmc-fmc-brown-bag-studienreise-nach-amsterdam\\\/#breadcrumb\",\"itemListElement\":[{\"@type\":\"ListItem\",\"position\":1,\"name\":\"Home\",\"item\":\"https:\\\/\\\/fmc.ch\\\/\"},{\"@type\":\"ListItem\",\"position\":2,\"name\":\"BMC\\\/fmc Brown Bag Studienreise nach Amsterdam\"}]},{\"@type\":\"WebSite\",\"@id\":\"https:\\\/\\\/fmc.ch\\\/#website\",\"url\":\"https:\\\/\\\/fmc.ch\\\/\",\"name\":\"FMC\",\"description\":\"Schweizer Forum f\u00fcr Integrierte Versorgung\",\"publisher\":{\"@id\":\"https:\\\/\\\/fmc.ch\\\/#organization\"},\"potentialAction\":[{\"@type\":\"SearchAction\",\"target\":{\"@type\":\"EntryPoint\",\"urlTemplate\":\"https:\\\/\\\/fmc.ch\\\/?s={search_term_string}\"},\"query-input\":{\"@type\":\"PropertyValueSpecification\",\"valueRequired\":true,\"valueName\":\"search_term_string\"}}],\"inLanguage\":\"fr-FR\"},{\"@type\":\"Organization\",\"@id\":\"https:\\\/\\\/fmc.ch\\\/#organization\",\"name\":\"FMC\",\"url\":\"https:\\\/\\\/fmc.ch\\\/\",\"logo\":{\"@type\":\"ImageObject\",\"inLanguage\":\"fr-FR\",\"@id\":\"https:\\\/\\\/fmc.ch\\\/#\\\/schema\\\/logo\\\/image\\\/\",\"url\":\"https:\\\/\\\/fmc.ch\\\/wp-content\\\/uploads\\\/2023\\\/09\\\/fmc-logo.svg\",\"contentUrl\":\"https:\\\/\\\/fmc.ch\\\/wp-content\\\/uploads\\\/2023\\\/09\\\/fmc-logo.svg\",\"caption\":\"FMC\"},\"image\":{\"@id\":\"https:\\\/\\\/fmc.ch\\\/#\\\/schema\\\/logo\\\/image\\\/\"}},{\"@type\":\"Person\",\"@id\":\"https:\\\/\\\/fmc.ch\\\/#\\\/schema\\\/person\\\/3a7218d283691f8ef8cf410e4615e507\",\"name\":\"Nadja Blanchard\",\"image\":{\"@type\":\"ImageObject\",\"inLanguage\":\"fr-FR\",\"@id\":\"https:\\\/\\\/secure.gravatar.com\\\/avatar\\\/729fbcebbfccd7834565b1398470d6ea84a4f3e7525873a0cb368db99228ce7b?s=96&d=mm&r=g\",\"url\":\"https:\\\/\\\/secure.gravatar.com\\\/avatar\\\/729fbcebbfccd7834565b1398470d6ea84a4f3e7525873a0cb368db99228ce7b?s=96&d=mm&r=g\",\"contentUrl\":\"https:\\\/\\\/secure.gravatar.com\\\/avatar\\\/729fbcebbfccd7834565b1398470d6ea84a4f3e7525873a0cb368db99228ce7b?s=96&d=mm&r=g\",\"caption\":\"Nadja Blanchard\"},\"url\":\"https:\\\/\\\/fmc.ch\\\/fr\\\/author\\\/nadja-blanchardfmc-ch\\\/\"}]}<\/script>\n<!-- \/ Yoast SEO plugin. -->","yoast_head_json":{"title":"Voyage d'\u00e9tude BMC\/fmc Brown Bag \u00e0 Amsterdam - FMC","description":"Voyage d'\u00e9tude BMC Brown Bag \u00e0 Amsterdam, du 17 au 19 octobre 2021","robots":{"index":"index","follow":"follow","max-snippet":"max-snippet:-1","max-image-preview":"max-image-preview:large","max-video-preview":"max-video-preview:-1"},"canonical":"https:\/\/fmc.ch\/fr\/bmc-fmc-brown-bag-voyage-detude-a-amsterdam\/","og_locale":"fr_FR","og_type":"article","og_title":"BMC\/fmc Brown Bag Studienreise nach Amsterdam - FMC","og_description":"BMC Brown Bag Studienreise nach Amsterdam, 17.-19. Oktober 2021","og_url":"https:\/\/fmc.ch\/fr\/bmc-fmc-brown-bag-voyage-detude-a-amsterdam\/","og_site_name":"FMC","article_published_time":"2021-11-11T14:00:00+00:00","article_modified_time":"2025-11-27T16:19:54+00:00","og_image":[{"width":618,"height":616,"url":"https:\/\/fmc.ch\/wp-content\/uploads\/2024\/03\/Studienreise-2021-nach-Amsterdam.png","type":"image\/png"}],"author":"Nadja Blanchard","twitter_card":"summary_large_image","twitter_misc":{"\u00c9crit par":"Nadja Blanchard","Dur\u00e9e de lecture estim\u00e9e":"1 minute"},"schema":{"@context":"https:\/\/schema.org","@graph":[{"@type":"Article","@id":"https:\/\/fmc.ch\/bmc-fmc-brown-bag-studienreise-nach-amsterdam\/#article","isPartOf":{"@id":"https:\/\/fmc.ch\/bmc-fmc-brown-bag-studienreise-nach-amsterdam\/"},"author":{"name":"Nadja Blanchard","@id":"https:\/\/fmc.ch\/#\/schema\/person\/3a7218d283691f8ef8cf410e4615e507"},"headline":"BMC\/fmc Brown Bag Studienreise nach Amsterdam","datePublished":"2021-11-11T14:00:00+00:00","dateModified":"2025-11-27T16:19:54+00:00","mainEntityOfPage":{"@id":"https:\/\/fmc.ch\/bmc-fmc-brown-bag-studienreise-nach-amsterdam\/"},"wordCount":90,"publisher":{"@id":"https:\/\/fmc.ch\/#organization"},"image":{"@id":"https:\/\/fmc.ch\/bmc-fmc-brown-bag-studienreise-nach-amsterdam\/#primaryimage"},"thumbnailUrl":"https:\/\/fmc.ch\/wp-content\/uploads\/2024\/03\/Studienreise-2021-nach-Amsterdam.png","articleSection":["Studienreise"],"inLanguage":"fr-FR"},{"@type":"WebPage","@id":"https:\/\/fmc.ch\/bmc-fmc-brown-bag-studienreise-nach-amsterdam\/","url":"https:\/\/fmc.ch\/bmc-fmc-brown-bag-studienreise-nach-amsterdam\/","name":"Voyage d'\u00e9tude BMC\/fmc Brown Bag \u00e0 Amsterdam - FMC","isPartOf":{"@id":"https:\/\/fmc.ch\/#website"},"primaryImageOfPage":{"@id":"https:\/\/fmc.ch\/bmc-fmc-brown-bag-studienreise-nach-amsterdam\/#primaryimage"},"image":{"@id":"https:\/\/fmc.ch\/bmc-fmc-brown-bag-studienreise-nach-amsterdam\/#primaryimage"},"thumbnailUrl":"https:\/\/fmc.ch\/wp-content\/uploads\/2024\/03\/Studienreise-2021-nach-Amsterdam.png","datePublished":"2021-11-11T14:00:00+00:00","dateModified":"2025-11-27T16:19:54+00:00","description":"Voyage d'\u00e9tude BMC Brown Bag \u00e0 Amsterdam, du 17 au 19 octobre 2021","breadcrumb":{"@id":"https:\/\/fmc.ch\/bmc-fmc-brown-bag-studienreise-nach-amsterdam\/#breadcrumb"},"inLanguage":"fr-FR","potentialAction":[{"@type":"ReadAction","target":["https:\/\/fmc.ch\/bmc-fmc-brown-bag-studienreise-nach-amsterdam\/"]}]},{"@type":"ImageObject","inLanguage":"fr-FR","@id":"https:\/\/fmc.ch\/bmc-fmc-brown-bag-studienreise-nach-amsterdam\/#primaryimage","url":"https:\/\/fmc.ch\/wp-content\/uploads\/2024\/03\/Studienreise-2021-nach-Amsterdam.png","contentUrl":"https:\/\/fmc.ch\/wp-content\/uploads\/2024\/03\/Studienreise-2021-nach-Amsterdam.png","width":618,"height":616},{"@type":"BreadcrumbList","@id":"https:\/\/fmc.ch\/bmc-fmc-brown-bag-studienreise-nach-amsterdam\/#breadcrumb","itemListElement":[{"@type":"ListItem","position":1,"name":"Home","item":"https:\/\/fmc.ch\/"},{"@type":"ListItem","position":2,"name":"BMC\/fmc Brown Bag Studienreise nach Amsterdam"}]},{"@type":"WebSite","@id":"https:\/\/fmc.ch\/#website","url":"https:\/\/fmc.ch\/","name":"FMC","description":"Forum suisse des soins int\u00e9gr\u00e9s","publisher":{"@id":"https:\/\/fmc.ch\/#organization"},"potentialAction":[{"@type":"SearchAction","target":{"@type":"EntryPoint","urlTemplate":"https:\/\/fmc.ch\/?s={search_term_string}"},"query-input":{"@type":"PropertyValueSpecification","valueRequired":true,"valueName":"search_term_string"}}],"inLanguage":"fr-FR"},{"@type":"Organization","@id":"https:\/\/fmc.ch\/#organization","name":"FMC","url":"https:\/\/fmc.ch\/","logo":{"@type":"ImageObject","inLanguage":"fr-FR","@id":"https:\/\/fmc.ch\/#\/schema\/logo\/image\/","url":"https:\/\/fmc.ch\/wp-content\/uploads\/2023\/09\/fmc-logo.svg","contentUrl":"https:\/\/fmc.ch\/wp-content\/uploads\/2023\/09\/fmc-logo.svg","caption":"FMC"},"image":{"@id":"https:\/\/fmc.ch\/#\/schema\/logo\/image\/"}},{"@type":"Person","@id":"https:\/\/fmc.ch\/#\/schema\/person\/3a7218d283691f8ef8cf410e4615e507","name":"Nadja Blanchard","image":{"@type":"ImageObject","inLanguage":"fr-FR","@id":"https:\/\/secure.gravatar.com\/avatar\/729fbcebbfccd7834565b1398470d6ea84a4f3e7525873a0cb368db99228ce7b?s=96&d=mm&r=g","url":"https:\/\/secure.gravatar.com\/avatar\/729fbcebbfccd7834565b1398470d6ea84a4f3e7525873a0cb368db99228ce7b?s=96&d=mm&r=g","contentUrl":"https:\/\/secure.gravatar.com\/avatar\/729fbcebbfccd7834565b1398470d6ea84a4f3e7525873a0cb368db99228ce7b?s=96&d=mm&r=g","caption":"Nadja Blanchard"},"url":"https:\/\/fmc.ch\/fr\/author\/nadja-blanchardfmc-ch\/"}]}},"_links":{"self":[{"href":"https:\/\/fmc.ch\/fr\/wp-json\/wp\/v2\/posts\/8614","targetHints":{"allow":["GET"]}}],"collection":[{"href":"https:\/\/fmc.ch\/fr\/wp-json\/wp\/v2\/posts"}],"about":[{"href":"https:\/\/fmc.ch\/fr\/wp-json\/wp\/v2\/types\/post"}],"author":[{"embeddable":true,"href":"https:\/\/fmc.ch\/fr\/wp-json\/wp\/v2\/users\/2"}],"replies":[{"embeddable":true,"href":"https:\/\/fmc.ch\/fr\/wp-json\/wp\/v2\/comments?post=8614"}],"version-history":[{"count":4,"href":"https:\/\/fmc.ch\/fr\/wp-json\/wp\/v2\/posts\/8614\/revisions"}],"predecessor-version":[{"id":12071,"href":"https:\/\/fmc.ch\/fr\/wp-json\/wp\/v2\/posts\/8614\/revisions\/12071"}],"wp:featuredmedia":[{"embeddable":true,"href":"https:\/\/fmc.ch\/fr\/wp-json\/wp\/v2\/media\/8615"}],"wp:attachment":[{"href":"https:\/\/fmc.ch\/fr\/wp-json\/wp\/v2\/media?parent=8614"}],"wp:term":[{"taxonomy":"strategie","embeddable":true,"href":"https:\/\/fmc.ch\/fr\/wp-json\/wp\/v2\/strategie?post=8614"},{"taxonomy":"thema","embeddable":true,"href":"https:\/\/fmc.ch\/fr\/wp-json\/wp\/v2\/thema?post=8614"},{"taxonomy":"format","embeddable":true,"href":"https:\/\/fmc.ch\/fr\/wp-json\/wp\/v2\/format?post=8614"}],"curies":[{"name":"wp","href":"https:\/\/api.w.org\/{rel}","templated":true}]}}