{"id":8603,"date":"2022-04-11T13:41:00","date_gmt":"2022-04-11T13:41:00","guid":{"rendered":"https:\/\/fmc.ch\/?p=8603"},"modified":"2025-11-27T17:20:30","modified_gmt":"2025-11-27T16:20:30","slug":"bmc-fmc-voyage-detudes-a-new-york","status":"publish","type":"post","link":"https:\/\/fmc.ch\/fr\/bmc-fmc-studienreise-nach-new-york\/","title":{"rendered":"Voyage d'\u00e9tudes BMC\/fmc \u00e0 New York City"},"content":{"rendered":"<div data-elementor-type=\"wp-post\" data-elementor-id=\"8603\" class=\"elementor elementor-8603\" data-elementor-post-type=\"post\">\n\t\t\t\t\t\t<section class=\"elementor-section elementor-top-section elementor-element elementor-element-ba46d81 elementor-section-boxed elementor-section-height-default elementor-section-height-default\" data-id=\"ba46d81\" data-element_type=\"section\" data-e-type=\"section\">\n\t\t\t\t\t\t<div class=\"elementor-container elementor-column-gap-default\">\n\t\t\t\t\t<div class=\"elementor-column elementor-col-50 elementor-top-column elementor-element elementor-element-30921cf\" data-id=\"30921cf\" data-element_type=\"column\" data-e-type=\"column\">\n\t\t\t<div class=\"elementor-widget-wrap elementor-element-populated\">\n\t\t\t\t\t\t<div class=\"elementor-element elementor-element-021ca3e elementor-widget__width-initial elementor-invisible elementor-widget elementor-widget-text-editor\" data-id=\"021ca3e\" data-element_type=\"widget\" data-e-type=\"widget\" data-settings=\"{&quot;_animation&quot;:&quot;fadeIn&quot;}\" data-widget_type=\"text-editor.default\">\n\t\t\t\t<div class=\"elementor-widget-container\">\n\t\t\t\t\t\t\t\t\t<p>Venez d\u00e9couvrir avec nous des mod\u00e8les de bonnes pratiques, des projets de soins innovants et des institutions centrales du syst\u00e8me de sant\u00e9 am\u00e9ricain. Ce voyage d'\u00e9tude est une excellente occasion de donner de nouvelles impulsions \u00e0 votre propre travail gr\u00e2ce \u00e0 l'\u00e9change avec des experts internationaux.<\/p>\t\t\t\t\t\t\t\t<\/div>\n\t\t\t\t<\/div>\n\t\t\t\t\t<\/div>\n\t\t<\/div>\n\t\t\t\t<div class=\"elementor-column elementor-col-50 elementor-top-column elementor-element elementor-element-4307af7\" data-id=\"4307af7\" data-element_type=\"column\" data-e-type=\"column\">\n\t\t\t<div class=\"elementor-widget-wrap elementor-element-populated\">\n\t\t\t\t\t\t<div class=\"elementor-element elementor-element-f7a1884 elementor-invisible elementor-widget elementor-widget-image\" data-id=\"f7a1884\" data-element_type=\"widget\" data-e-type=\"widget\" data-settings=\"{&quot;_animation&quot;:&quot;fadeIn&quot;,&quot;_animation_delay&quot;:300}\" data-widget_type=\"image.default\">\n\t\t\t\t<div class=\"elementor-widget-container\">\n\t\t\t\t\t\t\t\t\t\t\t\t\t\t\t<img fetchpriority=\"high\" decoding=\"async\" width=\"800\" height=\"451\" src=\"https:\/\/fmc.ch\/wp-content\/uploads\/2024\/03\/Studienreise-2022-nach-New-York-Slide.png\" class=\"attachment-large size-large wp-image-8607\" alt=\"\" srcset=\"https:\/\/fmc.ch\/wp-content\/uploads\/2024\/03\/Studienreise-2022-nach-New-York-Slide.png 1375w, https:\/\/fmc.ch\/wp-content\/uploads\/2024\/03\/Studienreise-2022-nach-New-York-Slide-600x338.png 600w, https:\/\/fmc.ch\/wp-content\/uploads\/2024\/03\/Studienreise-2022-nach-New-York-Slide-768x433.png 768w\" sizes=\"(max-width: 800px) 100vw, 800px\" \/>\t\t\t\t\t\t\t\t\t\t\t\t\t\t\t<\/div>\n\t\t\t\t<\/div>\n\t\t\t\t\t<\/div>\n\t\t<\/div>\n\t\t\t\t\t<\/div>\n\t\t<\/section>\n\t\t\t\t<section class=\"elementor-section elementor-top-section elementor-element elementor-element-d57e907 elementor-section-boxed elementor-section-height-default elementor-section-height-default\" data-id=\"d57e907\" data-element_type=\"section\" data-e-type=\"section\">\n\t\t\t\t\t\t<div class=\"elementor-container elementor-column-gap-default\">\n\t\t\t\t\t<div class=\"elementor-column elementor-col-100 elementor-top-column elementor-element elementor-element-55ac85de\" data-id=\"55ac85de\" data-element_type=\"column\" data-e-type=\"column\">\n\t\t\t<div class=\"elementor-widget-wrap elementor-element-populated\">\n\t\t\t\t\t\t<div class=\"elementor-element elementor-element-1ac5cc6d elementor-invisible elementor-widget elementor-widget-text-editor\" data-id=\"1ac5cc6d\" data-element_type=\"widget\" data-e-type=\"widget\" data-settings=\"{&quot;_animation&quot;:&quot;fadeIn&quot;}\" data-widget_type=\"text-editor.default\">\n\t\t\t\t<div class=\"elementor-widget-container\">\n\t\t\t\t\t\t\t\t\t<p>Ces points forts vous attendent lors de notre voyage d'\u00e9tude :<\/p><ul><li>\"Les soins g\u00e9r\u00e9s en 2022\"<\/li><li>Sant\u00e9 publique et organisations de soins responsables<\/li><li>Points forts de l'administration Biden et gestion de la crise de la Corona<\/li><li>Sant\u00e9 et soins sociaux<\/li><li>Hospital@Home<\/li><\/ul>\t\t\t\t\t\t\t\t<\/div>\n\t\t\t\t<\/div>\n\t\t\t\t\t<\/div>\n\t\t<\/div>\n\t\t\t\t\t<\/div>\n\t\t<\/section>\n\t\t\t\t<section class=\"elementor-section elementor-top-section elementor-element elementor-element-178432e6 elementor-section-boxed elementor-section-height-default elementor-section-height-default\" data-id=\"178432e6\" data-element_type=\"section\" data-e-type=\"section\">\n\t\t\t\t\t\t<div class=\"elementor-container elementor-column-gap-default\">\n\t\t\t\t\t<div class=\"elementor-column elementor-col-100 elementor-top-column elementor-element elementor-element-217c483e\" data-id=\"217c483e\" data-element_type=\"column\" data-e-type=\"column\">\n\t\t\t<div class=\"elementor-widget-wrap elementor-element-populated\">\n\t\t\t\t\t\t<div class=\"elementor-element elementor-element-549c9a76 elementor-invisible elementor-widget elementor-widget-heading\" data-id=\"549c9a76\" data-element_type=\"widget\" data-e-type=\"widget\" data-settings=\"{&quot;_animation&quot;:&quot;fadeInUp&quot;}\" data-widget_type=\"heading.default\">\n\t\t\t\t<div class=\"elementor-widget-container\">\n\t\t\t\t\t<h2 class=\"elementor-heading-title elementor-size-default\">Horaire cadre du programme<\/h2>\t\t\t\t<\/div>\n\t\t\t\t<\/div>\n\t\t\t\t<div class=\"elementor-element elementor-element-1da9e74e elementor-invisible elementor-widget elementor-widget-text-editor\" data-id=\"1da9e74e\" data-element_type=\"widget\" data-e-type=\"widget\" data-settings=\"{&quot;_animation&quot;:&quot;fadeIn&quot;}\" data-widget_type=\"text-editor.default\">\n\t\t\t\t<div class=\"elementor-widget-container\">\n\t\t\t\t\t\t\t\t\t<ul><li><strong>D\u00e9but<\/strong>: mercredi 9 mars 2022, 16h00<\/li><li><strong>Fin<\/strong>Samedi 12 mars 2022, 13h00<\/li><li><strong>Frais de participation<\/strong>590 \u20ac, d\u00e9jeuner et d\u00eener inclus (sans frais d'h\u00e9bergement et de d\u00e9placement).<\/li><li><strong>Participation<\/strong>: L'offre s'adresse exclusivement aux membres du BMC et du fmc. Le nombre de participants pour le fmc est limit\u00e9 \u00e0 5 personnes.\u00a0<\/li><\/ul>\t\t\t\t\t\t\t\t<\/div>\n\t\t\t\t<\/div>\n\t\t\t\t\t<\/div>\n\t\t<\/div>\n\t\t\t\t\t<\/div>\n\t\t<\/section>\n\t\t\t\t<section class=\"elementor-section elementor-top-section elementor-element elementor-element-a595128 elementor-section-boxed elementor-section-height-default elementor-section-height-default\" data-id=\"a595128\" data-element_type=\"section\" data-e-type=\"section\">\n\t\t\t\t\t\t<div class=\"elementor-container elementor-column-gap-default\">\n\t\t\t\t\t<div class=\"elementor-column elementor-col-100 elementor-top-column elementor-element elementor-element-9fbee21\" data-id=\"9fbee21\" data-element_type=\"column\" data-e-type=\"column\">\n\t\t\t<div class=\"elementor-widget-wrap elementor-element-populated\">\n\t\t\t\t\t\t<div class=\"elementor-element elementor-element-be8c09a elementor-widget elementor-widget-spacer\" data-id=\"be8c09a\" data-element_type=\"widget\" data-e-type=\"widget\" data-widget_type=\"spacer.default\">\n\t\t\t\t<div class=\"elementor-widget-container\">\n\t\t\t\t\t\t\t<div class=\"elementor-spacer\">\n\t\t\t<div class=\"elementor-spacer-inner\"><\/div>\n\t\t<\/div>\n\t\t\t\t\t\t<\/div>\n\t\t\t\t<\/div>\n\t\t\t\t\t<\/div>\n\t\t<\/div>\n\t\t\t\t\t<\/div>\n\t\t<\/section>\n\t\t\t\t<\/div>","protected":false},"excerpt":{"rendered":"<p>9-12 mars 2022<\/p>","protected":false},"author":2,"featured_media":8604,"comment_status":"closed","ping_status":"closed","sticky":false,"template":"","format":[144,138],"meta":{"footnotes":""},"strategie":[163],"thema":[170],"class_list":["post-8603","post","type-post","status-publish","format-standard","has-post-thumbnail","hentry","strategie-integrierte-versorgung-allgemein","thema-themenuebergreifende-fmc-aktivitaet","format-studienreise","format-veranstaltung"],"yoast_head":"<!-- This site is optimized with the Yoast SEO plugin v27.5 - https:\/\/yoast.com\/product\/yoast-seo-wordpress\/ -->\n<title>BMC\/fmc Studienreise nach New York City - FMC<\/title>\n<meta name=\"description\" content=\"BMC Studienreise nach New York City, 9.-12 M\u00e4rz 2022\" \/>\n<meta name=\"robots\" content=\"index, follow, max-snippet:-1, max-image-preview:large, max-video-preview:-1\" \/>\n<link rel=\"canonical\" href=\"https:\/\/fmc.ch\/fr\/bmc-fmc-voyage-detudes-a-new-york\/\" \/>\n<meta property=\"og:locale\" content=\"fr_FR\" \/>\n<meta property=\"og:type\" content=\"article\" \/>\n<meta property=\"og:title\" content=\"BMC\/fmc Studienreise nach New York City - FMC\" \/>\n<meta property=\"og:description\" content=\"BMC Studienreise nach New York City, 9.-12 M\u00e4rz 2022\" \/>\n<meta property=\"og:url\" content=\"https:\/\/fmc.ch\/fr\/bmc-fmc-voyage-detudes-a-new-york\/\" \/>\n<meta property=\"og:site_name\" content=\"FMC\" \/>\n<meta property=\"article:published_time\" content=\"2022-04-11T13:41:00+00:00\" \/>\n<meta property=\"article:modified_time\" content=\"2025-11-27T16:20:30+00:00\" \/>\n<meta property=\"og:image\" content=\"https:\/\/fmc.ch\/wp-content\/uploads\/2024\/03\/Studienreise-2022-nach-New-York-V2.png\" \/>\n\t<meta property=\"og:image:width\" content=\"600\" \/>\n\t<meta property=\"og:image:height\" content=\"600\" \/>\n\t<meta property=\"og:image:type\" content=\"image\/png\" \/>\n<meta name=\"author\" content=\"Nadja Blanchard\" \/>\n<meta name=\"twitter:card\" content=\"summary_large_image\" \/>\n<meta name=\"twitter:label1\" content=\"\u00c9crit par\" \/>\n\t<meta name=\"twitter:data1\" content=\"Nadja Blanchard\" \/>\n\t<meta name=\"twitter:label2\" content=\"Dur\u00e9e de lecture estim\u00e9e\" \/>\n\t<meta name=\"twitter:data2\" content=\"2 minutes\" \/>\n<script type=\"application\/ld+json\" class=\"yoast-schema-graph\">{\"@context\":\"https:\\\/\\\/schema.org\",\"@graph\":[{\"@type\":\"Article\",\"@id\":\"https:\\\/\\\/fmc.ch\\\/bmc-fmc-studienreise-nach-new-york\\\/#article\",\"isPartOf\":{\"@id\":\"https:\\\/\\\/fmc.ch\\\/bmc-fmc-studienreise-nach-new-york\\\/\"},\"author\":{\"name\":\"Nadja Blanchard\",\"@id\":\"https:\\\/\\\/fmc.ch\\\/#\\\/schema\\\/person\\\/3a7218d283691f8ef8cf410e4615e507\"},\"headline\":\"BMC\\\/fmc Studienreise nach New York City\",\"datePublished\":\"2022-04-11T13:41:00+00:00\",\"dateModified\":\"2025-11-27T16:20:30+00:00\",\"mainEntityOfPage\":{\"@id\":\"https:\\\/\\\/fmc.ch\\\/bmc-fmc-studienreise-nach-new-york\\\/\"},\"wordCount\":120,\"publisher\":{\"@id\":\"https:\\\/\\\/fmc.ch\\\/#organization\"},\"image\":{\"@id\":\"https:\\\/\\\/fmc.ch\\\/bmc-fmc-studienreise-nach-new-york\\\/#primaryimage\"},\"thumbnailUrl\":\"https:\\\/\\\/fmc.ch\\\/wp-content\\\/uploads\\\/2024\\\/03\\\/Studienreise-2022-nach-New-York-V2.png\",\"articleSection\":[\"Studienreise\"],\"inLanguage\":\"fr-FR\"},{\"@type\":\"WebPage\",\"@id\":\"https:\\\/\\\/fmc.ch\\\/bmc-fmc-studienreise-nach-new-york\\\/\",\"url\":\"https:\\\/\\\/fmc.ch\\\/bmc-fmc-studienreise-nach-new-york\\\/\",\"name\":\"BMC\\\/fmc Studienreise nach New York City - FMC\",\"isPartOf\":{\"@id\":\"https:\\\/\\\/fmc.ch\\\/#website\"},\"primaryImageOfPage\":{\"@id\":\"https:\\\/\\\/fmc.ch\\\/bmc-fmc-studienreise-nach-new-york\\\/#primaryimage\"},\"image\":{\"@id\":\"https:\\\/\\\/fmc.ch\\\/bmc-fmc-studienreise-nach-new-york\\\/#primaryimage\"},\"thumbnailUrl\":\"https:\\\/\\\/fmc.ch\\\/wp-content\\\/uploads\\\/2024\\\/03\\\/Studienreise-2022-nach-New-York-V2.png\",\"datePublished\":\"2022-04-11T13:41:00+00:00\",\"dateModified\":\"2025-11-27T16:20:30+00:00\",\"description\":\"BMC Studienreise nach New York City, 9.-12 M\u00e4rz 2022\",\"breadcrumb\":{\"@id\":\"https:\\\/\\\/fmc.ch\\\/bmc-fmc-studienreise-nach-new-york\\\/#breadcrumb\"},\"inLanguage\":\"fr-FR\",\"potentialAction\":[{\"@type\":\"ReadAction\",\"target\":[\"https:\\\/\\\/fmc.ch\\\/bmc-fmc-studienreise-nach-new-york\\\/\"]}]},{\"@type\":\"ImageObject\",\"inLanguage\":\"fr-FR\",\"@id\":\"https:\\\/\\\/fmc.ch\\\/bmc-fmc-studienreise-nach-new-york\\\/#primaryimage\",\"url\":\"https:\\\/\\\/fmc.ch\\\/wp-content\\\/uploads\\\/2024\\\/03\\\/Studienreise-2022-nach-New-York-V2.png\",\"contentUrl\":\"https:\\\/\\\/fmc.ch\\\/wp-content\\\/uploads\\\/2024\\\/03\\\/Studienreise-2022-nach-New-York-V2.png\",\"width\":600,\"height\":600},{\"@type\":\"BreadcrumbList\",\"@id\":\"https:\\\/\\\/fmc.ch\\\/bmc-fmc-studienreise-nach-new-york\\\/#breadcrumb\",\"itemListElement\":[{\"@type\":\"ListItem\",\"position\":1,\"name\":\"Home\",\"item\":\"https:\\\/\\\/fmc.ch\\\/\"},{\"@type\":\"ListItem\",\"position\":2,\"name\":\"BMC\\\/fmc Studienreise nach New York City\"}]},{\"@type\":\"WebSite\",\"@id\":\"https:\\\/\\\/fmc.ch\\\/#website\",\"url\":\"https:\\\/\\\/fmc.ch\\\/\",\"name\":\"FMC\",\"description\":\"Schweizer Forum f\u00fcr Integrierte Versorgung\",\"publisher\":{\"@id\":\"https:\\\/\\\/fmc.ch\\\/#organization\"},\"potentialAction\":[{\"@type\":\"SearchAction\",\"target\":{\"@type\":\"EntryPoint\",\"urlTemplate\":\"https:\\\/\\\/fmc.ch\\\/?s={search_term_string}\"},\"query-input\":{\"@type\":\"PropertyValueSpecification\",\"valueRequired\":true,\"valueName\":\"search_term_string\"}}],\"inLanguage\":\"fr-FR\"},{\"@type\":\"Organization\",\"@id\":\"https:\\\/\\\/fmc.ch\\\/#organization\",\"name\":\"FMC\",\"url\":\"https:\\\/\\\/fmc.ch\\\/\",\"logo\":{\"@type\":\"ImageObject\",\"inLanguage\":\"fr-FR\",\"@id\":\"https:\\\/\\\/fmc.ch\\\/#\\\/schema\\\/logo\\\/image\\\/\",\"url\":\"https:\\\/\\\/fmc.ch\\\/wp-content\\\/uploads\\\/2023\\\/09\\\/fmc-logo.svg\",\"contentUrl\":\"https:\\\/\\\/fmc.ch\\\/wp-content\\\/uploads\\\/2023\\\/09\\\/fmc-logo.svg\",\"caption\":\"FMC\"},\"image\":{\"@id\":\"https:\\\/\\\/fmc.ch\\\/#\\\/schema\\\/logo\\\/image\\\/\"}},{\"@type\":\"Person\",\"@id\":\"https:\\\/\\\/fmc.ch\\\/#\\\/schema\\\/person\\\/3a7218d283691f8ef8cf410e4615e507\",\"name\":\"Nadja Blanchard\",\"image\":{\"@type\":\"ImageObject\",\"inLanguage\":\"fr-FR\",\"@id\":\"https:\\\/\\\/secure.gravatar.com\\\/avatar\\\/729fbcebbfccd7834565b1398470d6ea84a4f3e7525873a0cb368db99228ce7b?s=96&d=mm&r=g\",\"url\":\"https:\\\/\\\/secure.gravatar.com\\\/avatar\\\/729fbcebbfccd7834565b1398470d6ea84a4f3e7525873a0cb368db99228ce7b?s=96&d=mm&r=g\",\"contentUrl\":\"https:\\\/\\\/secure.gravatar.com\\\/avatar\\\/729fbcebbfccd7834565b1398470d6ea84a4f3e7525873a0cb368db99228ce7b?s=96&d=mm&r=g\",\"caption\":\"Nadja Blanchard\"},\"url\":\"https:\\\/\\\/fmc.ch\\\/fr\\\/author\\\/nadja-blanchardfmc-ch\\\/\"}]}<\/script>\n<!-- \/ Yoast SEO plugin. -->","yoast_head_json":{"title":"Voyage d'\u00e9tudes BMC\/fmc \u00e0 New York City - FMC","description":"Voyage d'\u00e9tudes BMC \u00e0 New York, du 9 au 12 mars 2022","robots":{"index":"index","follow":"follow","max-snippet":"max-snippet:-1","max-image-preview":"max-image-preview:large","max-video-preview":"max-video-preview:-1"},"canonical":"https:\/\/fmc.ch\/fr\/bmc-fmc-voyage-detudes-a-new-york\/","og_locale":"fr_FR","og_type":"article","og_title":"BMC\/fmc Studienreise nach New York City - FMC","og_description":"BMC Studienreise nach New York City, 9.-12 M\u00e4rz 2022","og_url":"https:\/\/fmc.ch\/fr\/bmc-fmc-voyage-detudes-a-new-york\/","og_site_name":"FMC","article_published_time":"2022-04-11T13:41:00+00:00","article_modified_time":"2025-11-27T16:20:30+00:00","og_image":[{"width":600,"height":600,"url":"https:\/\/fmc.ch\/wp-content\/uploads\/2024\/03\/Studienreise-2022-nach-New-York-V2.png","type":"image\/png"}],"author":"Nadja Blanchard","twitter_card":"summary_large_image","twitter_misc":{"\u00c9crit par":"Nadja Blanchard","Dur\u00e9e de lecture estim\u00e9e":"2 minutes"},"schema":{"@context":"https:\/\/schema.org","@graph":[{"@type":"Article","@id":"https:\/\/fmc.ch\/bmc-fmc-studienreise-nach-new-york\/#article","isPartOf":{"@id":"https:\/\/fmc.ch\/bmc-fmc-studienreise-nach-new-york\/"},"author":{"name":"Nadja Blanchard","@id":"https:\/\/fmc.ch\/#\/schema\/person\/3a7218d283691f8ef8cf410e4615e507"},"headline":"BMC\/fmc Studienreise nach New York City","datePublished":"2022-04-11T13:41:00+00:00","dateModified":"2025-11-27T16:20:30+00:00","mainEntityOfPage":{"@id":"https:\/\/fmc.ch\/bmc-fmc-studienreise-nach-new-york\/"},"wordCount":120,"publisher":{"@id":"https:\/\/fmc.ch\/#organization"},"image":{"@id":"https:\/\/fmc.ch\/bmc-fmc-studienreise-nach-new-york\/#primaryimage"},"thumbnailUrl":"https:\/\/fmc.ch\/wp-content\/uploads\/2024\/03\/Studienreise-2022-nach-New-York-V2.png","articleSection":["Studienreise"],"inLanguage":"fr-FR"},{"@type":"WebPage","@id":"https:\/\/fmc.ch\/bmc-fmc-studienreise-nach-new-york\/","url":"https:\/\/fmc.ch\/bmc-fmc-studienreise-nach-new-york\/","name":"Voyage d'\u00e9tudes BMC\/fmc \u00e0 New York City - FMC","isPartOf":{"@id":"https:\/\/fmc.ch\/#website"},"primaryImageOfPage":{"@id":"https:\/\/fmc.ch\/bmc-fmc-studienreise-nach-new-york\/#primaryimage"},"image":{"@id":"https:\/\/fmc.ch\/bmc-fmc-studienreise-nach-new-york\/#primaryimage"},"thumbnailUrl":"https:\/\/fmc.ch\/wp-content\/uploads\/2024\/03\/Studienreise-2022-nach-New-York-V2.png","datePublished":"2022-04-11T13:41:00+00:00","dateModified":"2025-11-27T16:20:30+00:00","description":"Voyage d'\u00e9tudes BMC \u00e0 New York, du 9 au 12 mars 2022","breadcrumb":{"@id":"https:\/\/fmc.ch\/bmc-fmc-studienreise-nach-new-york\/#breadcrumb"},"inLanguage":"fr-FR","potentialAction":[{"@type":"ReadAction","target":["https:\/\/fmc.ch\/bmc-fmc-studienreise-nach-new-york\/"]}]},{"@type":"ImageObject","inLanguage":"fr-FR","@id":"https:\/\/fmc.ch\/bmc-fmc-studienreise-nach-new-york\/#primaryimage","url":"https:\/\/fmc.ch\/wp-content\/uploads\/2024\/03\/Studienreise-2022-nach-New-York-V2.png","contentUrl":"https:\/\/fmc.ch\/wp-content\/uploads\/2024\/03\/Studienreise-2022-nach-New-York-V2.png","width":600,"height":600},{"@type":"BreadcrumbList","@id":"https:\/\/fmc.ch\/bmc-fmc-studienreise-nach-new-york\/#breadcrumb","itemListElement":[{"@type":"ListItem","position":1,"name":"Home","item":"https:\/\/fmc.ch\/"},{"@type":"ListItem","position":2,"name":"BMC\/fmc Studienreise nach New York City"}]},{"@type":"WebSite","@id":"https:\/\/fmc.ch\/#website","url":"https:\/\/fmc.ch\/","name":"FMC","description":"Forum suisse des soins int\u00e9gr\u00e9s","publisher":{"@id":"https:\/\/fmc.ch\/#organization"},"potentialAction":[{"@type":"SearchAction","target":{"@type":"EntryPoint","urlTemplate":"https:\/\/fmc.ch\/?s={search_term_string}"},"query-input":{"@type":"PropertyValueSpecification","valueRequired":true,"valueName":"search_term_string"}}],"inLanguage":"fr-FR"},{"@type":"Organization","@id":"https:\/\/fmc.ch\/#organization","name":"FMC","url":"https:\/\/fmc.ch\/","logo":{"@type":"ImageObject","inLanguage":"fr-FR","@id":"https:\/\/fmc.ch\/#\/schema\/logo\/image\/","url":"https:\/\/fmc.ch\/wp-content\/uploads\/2023\/09\/fmc-logo.svg","contentUrl":"https:\/\/fmc.ch\/wp-content\/uploads\/2023\/09\/fmc-logo.svg","caption":"FMC"},"image":{"@id":"https:\/\/fmc.ch\/#\/schema\/logo\/image\/"}},{"@type":"Person","@id":"https:\/\/fmc.ch\/#\/schema\/person\/3a7218d283691f8ef8cf410e4615e507","name":"Nadja Blanchard","image":{"@type":"ImageObject","inLanguage":"fr-FR","@id":"https:\/\/secure.gravatar.com\/avatar\/729fbcebbfccd7834565b1398470d6ea84a4f3e7525873a0cb368db99228ce7b?s=96&d=mm&r=g","url":"https:\/\/secure.gravatar.com\/avatar\/729fbcebbfccd7834565b1398470d6ea84a4f3e7525873a0cb368db99228ce7b?s=96&d=mm&r=g","contentUrl":"https:\/\/secure.gravatar.com\/avatar\/729fbcebbfccd7834565b1398470d6ea84a4f3e7525873a0cb368db99228ce7b?s=96&d=mm&r=g","caption":"Nadja Blanchard"},"url":"https:\/\/fmc.ch\/fr\/author\/nadja-blanchardfmc-ch\/"}]}},"_links":{"self":[{"href":"https:\/\/fmc.ch\/fr\/wp-json\/wp\/v2\/posts\/8603","targetHints":{"allow":["GET"]}}],"collection":[{"href":"https:\/\/fmc.ch\/fr\/wp-json\/wp\/v2\/posts"}],"about":[{"href":"https:\/\/fmc.ch\/fr\/wp-json\/wp\/v2\/types\/post"}],"author":[{"embeddable":true,"href":"https:\/\/fmc.ch\/fr\/wp-json\/wp\/v2\/users\/2"}],"replies":[{"embeddable":true,"href":"https:\/\/fmc.ch\/fr\/wp-json\/wp\/v2\/comments?post=8603"}],"version-history":[{"count":4,"href":"https:\/\/fmc.ch\/fr\/wp-json\/wp\/v2\/posts\/8603\/revisions"}],"predecessor-version":[{"id":12094,"href":"https:\/\/fmc.ch\/fr\/wp-json\/wp\/v2\/posts\/8603\/revisions\/12094"}],"wp:featuredmedia":[{"embeddable":true,"href":"https:\/\/fmc.ch\/fr\/wp-json\/wp\/v2\/media\/8604"}],"wp:attachment":[{"href":"https:\/\/fmc.ch\/fr\/wp-json\/wp\/v2\/media?parent=8603"}],"wp:term":[{"taxonomy":"strategie","embeddable":true,"href":"https:\/\/fmc.ch\/fr\/wp-json\/wp\/v2\/strategie?post=8603"},{"taxonomy":"thema","embeddable":true,"href":"https:\/\/fmc.ch\/fr\/wp-json\/wp\/v2\/thema?post=8603"},{"taxonomy":"format","embeddable":true,"href":"https:\/\/fmc.ch\/fr\/wp-json\/wp\/v2\/format?post=8603"}],"curies":[{"name":"wp","href":"https:\/\/api.w.org\/{rel}","templated":true}]}}