{"id":8024,"date":"2024-03-01T16:00:54","date_gmt":"2024-03-01T16:00:54","guid":{"rendered":"https:\/\/fmc.ch\/?p=8024"},"modified":"2025-11-27T17:03:30","modified_gmt":"2025-11-27T16:03:30","slug":"certificat-en-ligne-en-soins-integres","status":"publish","type":"post","link":"https:\/\/fmc.ch\/fr\/online-certificate-in-integrated-care\/","title":{"rendered":"Apprentissage en ligne : Certificat en soins int\u00e9gr\u00e9s"},"content":{"rendered":"<div data-elementor-type=\"wp-post\" data-elementor-id=\"8024\" class=\"elementor elementor-8024\" data-elementor-post-type=\"post\">\n\t\t\t\t\t\t<section class=\"elementor-section elementor-top-section elementor-element elementor-element-6bcb9a2 elementor-section-boxed elementor-section-height-default elementor-section-height-default elementor-invisible\" data-id=\"6bcb9a2\" data-element_type=\"section\" data-e-type=\"section\" data-settings=\"{&quot;animation&quot;:&quot;fadeIn&quot;}\">\n\t\t\t\t\t\t<div class=\"elementor-container elementor-column-gap-default\">\n\t\t\t\t\t<div class=\"elementor-column elementor-col-100 elementor-top-column elementor-element elementor-element-7cc6c3a\" data-id=\"7cc6c3a\" data-element_type=\"column\" data-e-type=\"column\">\n\t\t\t<div class=\"elementor-widget-wrap elementor-element-populated\">\n\t\t\t\t\t\t<div class=\"elementor-element elementor-element-bb569bc elementor-widget elementor-widget-text-editor\" data-id=\"bb569bc\" data-element_type=\"widget\" data-e-type=\"widget\" data-widget_type=\"text-editor.default\">\n\t\t\t\t<div class=\"elementor-widget-container\">\n\t\t\t\t\t\t\t\t\t<h3>Le Certificate in Integrated Care a \u00e9t\u00e9 con\u00e7u en utilisant\u00a0<a href=\"https:\/\/integratedcarefoundation.org\/realising-the-true-value-of-integrated-care-beyond-covid-19\">Les 9 piliers des soins int\u00e9gr\u00e9s de l'IFIC<\/a>\u00a0sous la forme d'un cours modulaire d'apprentissage en ligne. Le programme accessible et de haute qualit\u00e9 est propos\u00e9 par le biais de notre plateforme num\u00e9rique, innovante et dynamique d'apprentissage en ligne. Ce certificat complet d'introduction de niveau autog\u00e9r\u00e9 en soins int\u00e9gr\u00e9s, accr\u00e9dit\u00e9 par CPD Standards UK, est d\u00e9livr\u00e9 100% en ligne et dans le confort de votre propre maison.<\/h3>\t\t\t\t\t\t\t\t<\/div>\n\t\t\t\t<\/div>\n\t\t\t\t\t<\/div>\n\t\t<\/div>\n\t\t\t\t\t<\/div>\n\t\t<\/section>\n\t\t\t\t<section class=\"elementor-section elementor-top-section elementor-element elementor-element-d0a0ccd elementor-section-boxed elementor-section-height-default elementor-section-height-default elementor-invisible\" data-id=\"d0a0ccd\" data-element_type=\"section\" data-e-type=\"section\" data-settings=\"{&quot;animation&quot;:&quot;fadeIn&quot;}\">\n\t\t\t\t\t\t<div class=\"elementor-container elementor-column-gap-default\">\n\t\t\t\t\t<div class=\"elementor-column elementor-col-100 elementor-top-column elementor-element elementor-element-219e420\" data-id=\"219e420\" data-element_type=\"column\" data-e-type=\"column\">\n\t\t\t<div class=\"elementor-widget-wrap elementor-element-populated\">\n\t\t\t\t\t\t<div class=\"elementor-element elementor-element-367ed83 elementor-widget elementor-widget-text-editor\" data-id=\"367ed83\" data-element_type=\"widget\" data-e-type=\"widget\" data-widget_type=\"text-editor.default\">\n\t\t\t\t<div class=\"elementor-widget-container\">\n\t\t\t\t\t\t\t\t\t<div class=\"neos-nodetypes-text\"><div><p>Le cours est bas\u00e9 sur les 9 piliers des soins int\u00e9gr\u00e9s et comprend les 5 modules suivants :<\/p><ul><li>Module 1 : Introduction aux soins int\u00e9gr\u00e9s avec des valeurs et une vision communes<\/li><li>Module 2 : Capacit\u00e9s et aptitudes du personnel + Les personnes comme partenaires de sant\u00e9 et de soins<\/li><li>Module 3 : Gouvernance et gestion \u00e0 l'\u00e9chelle du syst\u00e8me + Syst\u00e8mes de paiement coordonn\u00e9s<\/li><li>Module 4 : Sant\u00e9 publique et contexte local + Communaut\u00e9s r\u00e9silientes et nouvelles alliances<\/li><li>Module 5 : Solutions num\u00e9riques + transparence des progr\u00e8s, des r\u00e9sultats et de l'impact<\/li><\/ul><\/div><\/div><div class=\"modal-wrapper image-modal-wrapper\"><div class=\"image-container schwabe-mosysnodetypes-image\" data-target=\"85d2d72d-7223-4d6b-83c8-cf849eba4e72\">\u00a0<\/div><\/div>\t\t\t\t\t\t\t\t<\/div>\n\t\t\t\t<\/div>\n\t\t\t\t\t<\/div>\n\t\t<\/div>\n\t\t\t\t\t<\/div>\n\t\t<\/section>\n\t\t\t\t<section class=\"elementor-section elementor-top-section elementor-element elementor-element-6f286047 elementor-section-boxed elementor-section-height-default elementor-section-height-default elementor-invisible\" data-id=\"6f286047\" data-element_type=\"section\" data-e-type=\"section\" data-settings=\"{&quot;animation&quot;:&quot;fadeIn&quot;}\">\n\t\t\t\t\t\t<div class=\"elementor-container elementor-column-gap-default\">\n\t\t\t\t\t<div class=\"elementor-column elementor-col-100 elementor-top-column elementor-element elementor-element-4fc33bd1 elementor-invisible\" data-id=\"4fc33bd1\" data-element_type=\"column\" data-e-type=\"column\" data-settings=\"{&quot;animation&quot;:&quot;fadeIn&quot;}\">\n\t\t\t<div class=\"elementor-widget-wrap elementor-element-populated\">\n\t\t\t\t\t\t<div class=\"elementor-element elementor-element-3ee369f elementor-widget__width-auto elementor-widget elementor-widget-button\" data-id=\"3ee369f\" data-element_type=\"widget\" data-e-type=\"widget\" data-widget_type=\"button.default\">\n\t\t\t\t<div class=\"elementor-widget-container\">\n\t\t\t\t\t\t\t\t\t<div class=\"elementor-button-wrapper\">\n\t\t\t\t\t<a class=\"elementor-button elementor-button-link elementor-size-sm\" href=\"https:\/\/integratedcarefoundation.org\/integrated-care-academy\/online-certificate-in-integrated-care\">\n\t\t\t\t\t\t<span class=\"elementor-button-content-wrapper\">\n\t\t\t\t\t\t\t\t\t<span class=\"elementor-button-text\">Vers le site web<\/span>\n\t\t\t\t\t<\/span>\n\t\t\t\t\t<\/a>\n\t\t\t\t<\/div>\n\t\t\t\t\t\t\t\t<\/div>\n\t\t\t\t<\/div>\n\t\t\t\t\t<\/div>\n\t\t<\/div>\n\t\t\t\t\t<\/div>\n\t\t<\/section>\n\t\t\t\t<section class=\"elementor-section elementor-top-section elementor-element elementor-element-1b82663 elementor-section-boxed elementor-section-height-default elementor-section-height-default\" data-id=\"1b82663\" data-element_type=\"section\" data-e-type=\"section\">\n\t\t\t\t\t\t<div class=\"elementor-container elementor-column-gap-default\">\n\t\t\t\t\t<div class=\"elementor-column elementor-col-100 elementor-top-column elementor-element elementor-element-f3da126\" data-id=\"f3da126\" data-element_type=\"column\" data-e-type=\"column\">\n\t\t\t<div class=\"elementor-widget-wrap elementor-element-populated\">\n\t\t\t\t\t\t<div class=\"elementor-element elementor-element-63fc477 elementor-widget elementor-widget-spacer\" data-id=\"63fc477\" data-element_type=\"widget\" data-e-type=\"widget\" data-widget_type=\"spacer.default\">\n\t\t\t\t<div class=\"elementor-widget-container\">\n\t\t\t\t\t\t\t<div class=\"elementor-spacer\">\n\t\t\t<div class=\"elementor-spacer-inner\"><\/div>\n\t\t<\/div>\n\t\t\t\t\t\t<\/div>\n\t\t\t\t<\/div>\n\t\t\t\t\t<\/div>\n\t\t<\/div>\n\t\t\t\t\t<\/div>\n\t\t<\/section>\n\t\t\t\t<\/div>","protected":false},"excerpt":{"rendered":"<p>Le Certificat en soins int\u00e9gr\u00e9s a \u00e9t\u00e9 con\u00e7u en utilisant les 9 piliers des soins int\u00e9gr\u00e9s de l'IFIC comme un cours d'apprentissage en ligne bas\u00e9 sur des modules.<\/p>","protected":false},"author":2,"featured_media":8025,"comment_status":"closed","ping_status":"closed","sticky":false,"template":"","format":[],"meta":{"footnotes":""},"strategie":[156],"thema":[152],"class_list":["post-8024","post","type-post","status-publish","format-standard","has-post-thumbnail","hentry","strategie-zusammenarbeit","thema-interprofessionelle-zusammenarbeit"],"yoast_head":"<!-- This site is optimized with the Yoast SEO plugin v27.5 - https:\/\/yoast.com\/product\/yoast-seo-wordpress\/ -->\n<title>Online Learning: Certificate in Integrated Care - FMC<\/title>\n<meta name=\"description\" content=\"The Certificate in Integrated Care has been designed using IFIC\u2019s 9 Pillars of Integrated Care as a module based course of online learning.\" \/>\n<meta name=\"robots\" content=\"index, follow, max-snippet:-1, max-image-preview:large, max-video-preview:-1\" \/>\n<link rel=\"canonical\" href=\"https:\/\/fmc.ch\/fr\/certificat-en-ligne-en-soins-integres\/\" \/>\n<meta property=\"og:locale\" content=\"fr_FR\" \/>\n<meta property=\"og:type\" content=\"article\" \/>\n<meta property=\"og:title\" content=\"Online Learning: Certificate in Integrated Care - FMC\" \/>\n<meta property=\"og:description\" content=\"The Certificate in Integrated Care has been designed using IFIC\u2019s 9 Pillars of Integrated Care as a module based course of online learning.\" \/>\n<meta property=\"og:url\" content=\"https:\/\/fmc.ch\/fr\/certificat-en-ligne-en-soins-integres\/\" \/>\n<meta property=\"og:site_name\" content=\"FMC\" \/>\n<meta property=\"article:published_time\" content=\"2024-03-01T16:00:54+00:00\" \/>\n<meta property=\"article:modified_time\" content=\"2025-11-27T16:03:30+00:00\" \/>\n<meta property=\"og:image\" content=\"https:\/\/fmc.ch\/wp-content\/uploads\/2024\/03\/Netzwerk_Integrated-Care-online-academy.png\" \/>\n\t<meta property=\"og:image:width\" content=\"523\" \/>\n\t<meta property=\"og:image:height\" content=\"524\" \/>\n\t<meta property=\"og:image:type\" content=\"image\/png\" \/>\n<meta name=\"author\" content=\"Nadja Blanchard\" \/>\n<meta name=\"twitter:card\" content=\"summary_large_image\" \/>\n<meta name=\"twitter:label1\" content=\"\u00c9crit par\" \/>\n\t<meta name=\"twitter:data1\" content=\"Nadja Blanchard\" \/>\n\t<meta name=\"twitter:label2\" content=\"Dur\u00e9e de lecture estim\u00e9e\" \/>\n\t<meta name=\"twitter:data2\" content=\"1 minute\" \/>\n<script type=\"application\/ld+json\" class=\"yoast-schema-graph\">{\"@context\":\"https:\\\/\\\/schema.org\",\"@graph\":[{\"@type\":\"Article\",\"@id\":\"https:\\\/\\\/fmc.ch\\\/online-certificate-in-integrated-care\\\/#article\",\"isPartOf\":{\"@id\":\"https:\\\/\\\/fmc.ch\\\/online-certificate-in-integrated-care\\\/\"},\"author\":{\"name\":\"Nadja Blanchard\",\"@id\":\"https:\\\/\\\/fmc.ch\\\/#\\\/schema\\\/person\\\/3a7218d283691f8ef8cf410e4615e507\"},\"headline\":\"Online Learning: Certificate in Integrated Care\",\"datePublished\":\"2024-03-01T16:00:54+00:00\",\"dateModified\":\"2025-11-27T16:03:30+00:00\",\"mainEntityOfPage\":{\"@id\":\"https:\\\/\\\/fmc.ch\\\/online-certificate-in-integrated-care\\\/\"},\"wordCount\":145,\"publisher\":{\"@id\":\"https:\\\/\\\/fmc.ch\\\/#organization\"},\"image\":{\"@id\":\"https:\\\/\\\/fmc.ch\\\/online-certificate-in-integrated-care\\\/#primaryimage\"},\"thumbnailUrl\":\"https:\\\/\\\/fmc.ch\\\/wp-content\\\/uploads\\\/2024\\\/03\\\/Netzwerk_Integrated-Care-online-academy.png\",\"articleSection\":[\"Webinare\"],\"inLanguage\":\"fr-FR\"},{\"@type\":\"WebPage\",\"@id\":\"https:\\\/\\\/fmc.ch\\\/online-certificate-in-integrated-care\\\/\",\"url\":\"https:\\\/\\\/fmc.ch\\\/online-certificate-in-integrated-care\\\/\",\"name\":\"Online Learning: Certificate in Integrated Care - FMC\",\"isPartOf\":{\"@id\":\"https:\\\/\\\/fmc.ch\\\/#website\"},\"primaryImageOfPage\":{\"@id\":\"https:\\\/\\\/fmc.ch\\\/online-certificate-in-integrated-care\\\/#primaryimage\"},\"image\":{\"@id\":\"https:\\\/\\\/fmc.ch\\\/online-certificate-in-integrated-care\\\/#primaryimage\"},\"thumbnailUrl\":\"https:\\\/\\\/fmc.ch\\\/wp-content\\\/uploads\\\/2024\\\/03\\\/Netzwerk_Integrated-Care-online-academy.png\",\"datePublished\":\"2024-03-01T16:00:54+00:00\",\"dateModified\":\"2025-11-27T16:03:30+00:00\",\"description\":\"The Certificate in Integrated Care has been designed using IFIC\u2019s 9 Pillars of Integrated Care as a module based course of online learning.\",\"breadcrumb\":{\"@id\":\"https:\\\/\\\/fmc.ch\\\/online-certificate-in-integrated-care\\\/#breadcrumb\"},\"inLanguage\":\"fr-FR\",\"potentialAction\":[{\"@type\":\"ReadAction\",\"target\":[\"https:\\\/\\\/fmc.ch\\\/online-certificate-in-integrated-care\\\/\"]}]},{\"@type\":\"ImageObject\",\"inLanguage\":\"fr-FR\",\"@id\":\"https:\\\/\\\/fmc.ch\\\/online-certificate-in-integrated-care\\\/#primaryimage\",\"url\":\"https:\\\/\\\/fmc.ch\\\/wp-content\\\/uploads\\\/2024\\\/03\\\/Netzwerk_Integrated-Care-online-academy.png\",\"contentUrl\":\"https:\\\/\\\/fmc.ch\\\/wp-content\\\/uploads\\\/2024\\\/03\\\/Netzwerk_Integrated-Care-online-academy.png\",\"width\":523,\"height\":524},{\"@type\":\"BreadcrumbList\",\"@id\":\"https:\\\/\\\/fmc.ch\\\/online-certificate-in-integrated-care\\\/#breadcrumb\",\"itemListElement\":[{\"@type\":\"ListItem\",\"position\":1,\"name\":\"Home\",\"item\":\"https:\\\/\\\/fmc.ch\\\/\"},{\"@type\":\"ListItem\",\"position\":2,\"name\":\"Online Learning: Certificate in Integrated Care\"}]},{\"@type\":\"WebSite\",\"@id\":\"https:\\\/\\\/fmc.ch\\\/#website\",\"url\":\"https:\\\/\\\/fmc.ch\\\/\",\"name\":\"FMC\",\"description\":\"Schweizer Forum f\u00fcr Integrierte Versorgung\",\"publisher\":{\"@id\":\"https:\\\/\\\/fmc.ch\\\/#organization\"},\"potentialAction\":[{\"@type\":\"SearchAction\",\"target\":{\"@type\":\"EntryPoint\",\"urlTemplate\":\"https:\\\/\\\/fmc.ch\\\/?s={search_term_string}\"},\"query-input\":{\"@type\":\"PropertyValueSpecification\",\"valueRequired\":true,\"valueName\":\"search_term_string\"}}],\"inLanguage\":\"fr-FR\"},{\"@type\":\"Organization\",\"@id\":\"https:\\\/\\\/fmc.ch\\\/#organization\",\"name\":\"FMC\",\"url\":\"https:\\\/\\\/fmc.ch\\\/\",\"logo\":{\"@type\":\"ImageObject\",\"inLanguage\":\"fr-FR\",\"@id\":\"https:\\\/\\\/fmc.ch\\\/#\\\/schema\\\/logo\\\/image\\\/\",\"url\":\"https:\\\/\\\/fmc.ch\\\/wp-content\\\/uploads\\\/2023\\\/09\\\/fmc-logo.svg\",\"contentUrl\":\"https:\\\/\\\/fmc.ch\\\/wp-content\\\/uploads\\\/2023\\\/09\\\/fmc-logo.svg\",\"caption\":\"FMC\"},\"image\":{\"@id\":\"https:\\\/\\\/fmc.ch\\\/#\\\/schema\\\/logo\\\/image\\\/\"}},{\"@type\":\"Person\",\"@id\":\"https:\\\/\\\/fmc.ch\\\/#\\\/schema\\\/person\\\/3a7218d283691f8ef8cf410e4615e507\",\"name\":\"Nadja Blanchard\",\"image\":{\"@type\":\"ImageObject\",\"inLanguage\":\"fr-FR\",\"@id\":\"https:\\\/\\\/secure.gravatar.com\\\/avatar\\\/729fbcebbfccd7834565b1398470d6ea84a4f3e7525873a0cb368db99228ce7b?s=96&d=mm&r=g\",\"url\":\"https:\\\/\\\/secure.gravatar.com\\\/avatar\\\/729fbcebbfccd7834565b1398470d6ea84a4f3e7525873a0cb368db99228ce7b?s=96&d=mm&r=g\",\"contentUrl\":\"https:\\\/\\\/secure.gravatar.com\\\/avatar\\\/729fbcebbfccd7834565b1398470d6ea84a4f3e7525873a0cb368db99228ce7b?s=96&d=mm&r=g\",\"caption\":\"Nadja Blanchard\"},\"url\":\"https:\\\/\\\/fmc.ch\\\/fr\\\/author\\\/nadja-blanchardfmc-ch\\\/\"}]}<\/script>\n<!-- \/ Yoast SEO plugin. -->","yoast_head_json":{"title":"Apprentissage en ligne : Certificat en soins int\u00e9gr\u00e9s - FMC","description":"Le Certificat en soins int\u00e9gr\u00e9s a \u00e9t\u00e9 con\u00e7u en utilisant les 9 piliers des soins int\u00e9gr\u00e9s de l'IFIC comme un cours d'apprentissage en ligne bas\u00e9 sur des modules.","robots":{"index":"index","follow":"follow","max-snippet":"max-snippet:-1","max-image-preview":"max-image-preview:large","max-video-preview":"max-video-preview:-1"},"canonical":"https:\/\/fmc.ch\/fr\/certificat-en-ligne-en-soins-integres\/","og_locale":"fr_FR","og_type":"article","og_title":"Online Learning: Certificate in Integrated Care - FMC","og_description":"The Certificate in Integrated Care has been designed using IFIC\u2019s 9 Pillars of Integrated Care as a module based course of online learning.","og_url":"https:\/\/fmc.ch\/fr\/certificat-en-ligne-en-soins-integres\/","og_site_name":"FMC","article_published_time":"2024-03-01T16:00:54+00:00","article_modified_time":"2025-11-27T16:03:30+00:00","og_image":[{"width":523,"height":524,"url":"https:\/\/fmc.ch\/wp-content\/uploads\/2024\/03\/Netzwerk_Integrated-Care-online-academy.png","type":"image\/png"}],"author":"Nadja Blanchard","twitter_card":"summary_large_image","twitter_misc":{"\u00c9crit par":"Nadja Blanchard","Dur\u00e9e de lecture estim\u00e9e":"1 minute"},"schema":{"@context":"https:\/\/schema.org","@graph":[{"@type":"Article","@id":"https:\/\/fmc.ch\/online-certificate-in-integrated-care\/#article","isPartOf":{"@id":"https:\/\/fmc.ch\/online-certificate-in-integrated-care\/"},"author":{"name":"Nadja Blanchard","@id":"https:\/\/fmc.ch\/#\/schema\/person\/3a7218d283691f8ef8cf410e4615e507"},"headline":"Online Learning: Certificate in Integrated Care","datePublished":"2024-03-01T16:00:54+00:00","dateModified":"2025-11-27T16:03:30+00:00","mainEntityOfPage":{"@id":"https:\/\/fmc.ch\/online-certificate-in-integrated-care\/"},"wordCount":145,"publisher":{"@id":"https:\/\/fmc.ch\/#organization"},"image":{"@id":"https:\/\/fmc.ch\/online-certificate-in-integrated-care\/#primaryimage"},"thumbnailUrl":"https:\/\/fmc.ch\/wp-content\/uploads\/2024\/03\/Netzwerk_Integrated-Care-online-academy.png","articleSection":["Webinare"],"inLanguage":"fr-FR"},{"@type":"WebPage","@id":"https:\/\/fmc.ch\/online-certificate-in-integrated-care\/","url":"https:\/\/fmc.ch\/online-certificate-in-integrated-care\/","name":"Apprentissage en ligne : Certificat en soins int\u00e9gr\u00e9s - FMC","isPartOf":{"@id":"https:\/\/fmc.ch\/#website"},"primaryImageOfPage":{"@id":"https:\/\/fmc.ch\/online-certificate-in-integrated-care\/#primaryimage"},"image":{"@id":"https:\/\/fmc.ch\/online-certificate-in-integrated-care\/#primaryimage"},"thumbnailUrl":"https:\/\/fmc.ch\/wp-content\/uploads\/2024\/03\/Netzwerk_Integrated-Care-online-academy.png","datePublished":"2024-03-01T16:00:54+00:00","dateModified":"2025-11-27T16:03:30+00:00","description":"Le Certificat en soins int\u00e9gr\u00e9s a \u00e9t\u00e9 con\u00e7u en utilisant les 9 piliers des soins int\u00e9gr\u00e9s de l'IFIC comme un cours d'apprentissage en ligne bas\u00e9 sur des modules.","breadcrumb":{"@id":"https:\/\/fmc.ch\/online-certificate-in-integrated-care\/#breadcrumb"},"inLanguage":"fr-FR","potentialAction":[{"@type":"ReadAction","target":["https:\/\/fmc.ch\/online-certificate-in-integrated-care\/"]}]},{"@type":"ImageObject","inLanguage":"fr-FR","@id":"https:\/\/fmc.ch\/online-certificate-in-integrated-care\/#primaryimage","url":"https:\/\/fmc.ch\/wp-content\/uploads\/2024\/03\/Netzwerk_Integrated-Care-online-academy.png","contentUrl":"https:\/\/fmc.ch\/wp-content\/uploads\/2024\/03\/Netzwerk_Integrated-Care-online-academy.png","width":523,"height":524},{"@type":"BreadcrumbList","@id":"https:\/\/fmc.ch\/online-certificate-in-integrated-care\/#breadcrumb","itemListElement":[{"@type":"ListItem","position":1,"name":"Home","item":"https:\/\/fmc.ch\/"},{"@type":"ListItem","position":2,"name":"Online Learning: Certificate in Integrated Care"}]},{"@type":"WebSite","@id":"https:\/\/fmc.ch\/#website","url":"https:\/\/fmc.ch\/","name":"FMC","description":"Forum suisse des soins int\u00e9gr\u00e9s","publisher":{"@id":"https:\/\/fmc.ch\/#organization"},"potentialAction":[{"@type":"SearchAction","target":{"@type":"EntryPoint","urlTemplate":"https:\/\/fmc.ch\/?s={search_term_string}"},"query-input":{"@type":"PropertyValueSpecification","valueRequired":true,"valueName":"search_term_string"}}],"inLanguage":"fr-FR"},{"@type":"Organization","@id":"https:\/\/fmc.ch\/#organization","name":"FMC","url":"https:\/\/fmc.ch\/","logo":{"@type":"ImageObject","inLanguage":"fr-FR","@id":"https:\/\/fmc.ch\/#\/schema\/logo\/image\/","url":"https:\/\/fmc.ch\/wp-content\/uploads\/2023\/09\/fmc-logo.svg","contentUrl":"https:\/\/fmc.ch\/wp-content\/uploads\/2023\/09\/fmc-logo.svg","caption":"FMC"},"image":{"@id":"https:\/\/fmc.ch\/#\/schema\/logo\/image\/"}},{"@type":"Person","@id":"https:\/\/fmc.ch\/#\/schema\/person\/3a7218d283691f8ef8cf410e4615e507","name":"Nadja Blanchard","image":{"@type":"ImageObject","inLanguage":"fr-FR","@id":"https:\/\/secure.gravatar.com\/avatar\/729fbcebbfccd7834565b1398470d6ea84a4f3e7525873a0cb368db99228ce7b?s=96&d=mm&r=g","url":"https:\/\/secure.gravatar.com\/avatar\/729fbcebbfccd7834565b1398470d6ea84a4f3e7525873a0cb368db99228ce7b?s=96&d=mm&r=g","contentUrl":"https:\/\/secure.gravatar.com\/avatar\/729fbcebbfccd7834565b1398470d6ea84a4f3e7525873a0cb368db99228ce7b?s=96&d=mm&r=g","caption":"Nadja Blanchard"},"url":"https:\/\/fmc.ch\/fr\/author\/nadja-blanchardfmc-ch\/"}]}},"_links":{"self":[{"href":"https:\/\/fmc.ch\/fr\/wp-json\/wp\/v2\/posts\/8024","targetHints":{"allow":["GET"]}}],"collection":[{"href":"https:\/\/fmc.ch\/fr\/wp-json\/wp\/v2\/posts"}],"about":[{"href":"https:\/\/fmc.ch\/fr\/wp-json\/wp\/v2\/types\/post"}],"author":[{"embeddable":true,"href":"https:\/\/fmc.ch\/fr\/wp-json\/wp\/v2\/users\/2"}],"replies":[{"embeddable":true,"href":"https:\/\/fmc.ch\/fr\/wp-json\/wp\/v2\/comments?post=8024"}],"version-history":[{"count":3,"href":"https:\/\/fmc.ch\/fr\/wp-json\/wp\/v2\/posts\/8024\/revisions"}],"predecessor-version":[{"id":12197,"href":"https:\/\/fmc.ch\/fr\/wp-json\/wp\/v2\/posts\/8024\/revisions\/12197"}],"wp:featuredmedia":[{"embeddable":true,"href":"https:\/\/fmc.ch\/fr\/wp-json\/wp\/v2\/media\/8025"}],"wp:attachment":[{"href":"https:\/\/fmc.ch\/fr\/wp-json\/wp\/v2\/media?parent=8024"}],"wp:term":[{"taxonomy":"strategie","embeddable":true,"href":"https:\/\/fmc.ch\/fr\/wp-json\/wp\/v2\/strategie?post=8024"},{"taxonomy":"thema","embeddable":true,"href":"https:\/\/fmc.ch\/fr\/wp-json\/wp\/v2\/thema?post=8024"},{"taxonomy":"format","embeddable":true,"href":"https:\/\/fmc.ch\/fr\/wp-json\/wp\/v2\/format?post=8024"}],"curies":[{"name":"wp","href":"https:\/\/api.w.org\/{rel}","templated":true}]}}