{"id":8016,"date":"2024-12-10T11:08:15","date_gmt":"2024-12-10T10:08:15","guid":{"rendered":"https:\/\/fmc.ch\/?p=8016"},"modified":"2025-11-27T17:02:52","modified_gmt":"2025-11-27T16:02:52","slug":"integrated-care-academy","status":"publish","type":"post","link":"https:\/\/fmc.ch\/fr\/integrated-care-academy\/","title":{"rendered":"Three unique learning opportunities\u00a0in Integrated Care"},"content":{"rendered":"<div data-elementor-type=\"wp-post\" data-elementor-id=\"8016\" class=\"elementor elementor-8016\" data-elementor-post-type=\"post\">\n\t\t\t\t\t\t<section class=\"elementor-section elementor-top-section elementor-element elementor-element-d0a0ccd elementor-section-boxed elementor-section-height-default elementor-section-height-default elementor-invisible\" data-id=\"d0a0ccd\" data-element_type=\"section\" data-e-type=\"section\" data-settings=\"{&quot;animation&quot;:&quot;fadeIn&quot;}\">\n\t\t\t\t\t\t<div class=\"elementor-container elementor-column-gap-default\">\n\t\t\t\t\t<div class=\"elementor-column elementor-col-100 elementor-top-column elementor-element elementor-element-219e420\" data-id=\"219e420\" data-element_type=\"column\" data-e-type=\"column\">\n\t\t\t<div class=\"elementor-widget-wrap elementor-element-populated\">\n\t\t\t\t<div class=\"elementor-element elementor-element-8df2ff5 e-flex e-con-boxed e-con e-parent\" data-id=\"8df2ff5\" data-element_type=\"container\" data-e-type=\"container\">\n\t\t\t\t\t<div class=\"e-con-inner\">\n\t\t\t\t<div class=\"elementor-element elementor-element-04d1501 elementor-widget elementor-widget-text-editor\" data-id=\"04d1501\" data-element_type=\"widget\" data-e-type=\"widget\" data-widget_type=\"text-editor.default\">\n\t\t\t\t<div class=\"elementor-widget-container\">\n\t\t\t\t\t\t\t\t\t<h3><strong>The International Foundation for Integrated Care (IFIC) is thrilled to announce that enrollment is now open for three unique learning opportunities in Integrated Care, each designed to meet different professional needs and objectives. Each program offers its own distinct structure, focus, and accreditation.<\/strong><\/h3>\t\t\t\t\t\t\t\t<\/div>\n\t\t\t\t<\/div>\n\t\t\t\t\t<\/div>\n\t\t\t\t<\/div>\n\t\t\t\t<div class=\"elementor-element elementor-element-ccd0a0a elementor-widget elementor-widget-heading\" data-id=\"ccd0a0a\" data-element_type=\"widget\" data-e-type=\"widget\" data-widget_type=\"heading.default\">\n\t\t\t\t<div class=\"elementor-widget-container\">\n\t\t\t\t\t<h2 class=\"elementor-heading-title elementor-size-default\">Online Certificate in Integrated Care<\/h2>\t\t\t\t<\/div>\n\t\t\t\t<\/div>\n\t\t\t\t<div class=\"elementor-element elementor-element-c2ba946 elementor-widget elementor-widget-text-editor\" data-id=\"c2ba946\" data-element_type=\"widget\" data-e-type=\"widget\" data-widget_type=\"text-editor.default\">\n\t\t\t\t<div class=\"elementor-widget-container\">\n\t\t\t\t\t\t\t\t\t<p>This flexible, self-managed programme is designed for a broad audience\u202fseeking foundational knowledge in integrated care, including health and care providers, policymakers, community care, volunteers and third sector, family and informal carers and people with lived experience. Based on IFIC\u2019s 9 Pillars of Integrated Care, this course allows you to study at your own pace, making it accessible to participants worldwide.<\/p><p><span style=\"text-decoration: underline;\">Highlights<\/span><\/p><ul><li>Self-paced learning with a strong foundation in integrated care principles.<\/li><li>Networking with a global community of learners.<\/li><\/ul><p>Best for: People seeking a flexible, introductory-level course on integrated care.<\/p><p><span style=\"text-decoration: underline;\">Specifics\u00a0<\/span><\/p><p class=\"translation-block\">The course will run from <strong>17th February \u2013 19th March 2025<\/strong> and requires 30 hours study time minimum. It does have live elements such as questions and answers session with experts in each pillar.<\/p><p class=\"translation-block\">Live sessions occur on <strong>Wednesdays 7pm \u2013 8.30pm (UK, Irish Standard Time)<\/strong><\/p>\t\t\t\t\t\t\t\t<\/div>\n\t\t\t\t<\/div>\n\t\t\t\t\t<\/div>\n\t\t<\/div>\n\t\t\t\t\t<\/div>\n\t\t<\/section>\n\t\t\t\t<section class=\"elementor-section elementor-top-section elementor-element elementor-element-6f286047 elementor-section-boxed elementor-section-height-default elementor-section-height-default elementor-invisible\" data-id=\"6f286047\" data-element_type=\"section\" data-e-type=\"section\" data-settings=\"{&quot;animation&quot;:&quot;fadeIn&quot;}\">\n\t\t\t\t\t\t<div class=\"elementor-container elementor-column-gap-default\">\n\t\t\t\t\t<div class=\"elementor-column elementor-col-100 elementor-top-column elementor-element elementor-element-4fc33bd1 elementor-invisible\" data-id=\"4fc33bd1\" data-element_type=\"column\" data-e-type=\"column\" data-settings=\"{&quot;animation&quot;:&quot;fadeIn&quot;}\">\n\t\t\t<div class=\"elementor-widget-wrap elementor-element-populated\">\n\t\t\t\t\t\t<div class=\"elementor-element elementor-element-57fc0e6 elementor-widget__width-auto elementor-widget elementor-widget-button\" data-id=\"57fc0e6\" data-element_type=\"widget\" data-e-type=\"widget\" data-widget_type=\"button.default\">\n\t\t\t\t<div class=\"elementor-widget-container\">\n\t\t\t\t\t\t\t\t\t<div class=\"elementor-button-wrapper\">\n\t\t\t\t\t<a class=\"elementor-button elementor-button-link elementor-size-sm\" href=\"https:\/\/integratedcarefoundation.org\/integrated-care-academy\/online-certificate-in-integrated-care?vgo_ee=k2C52USiOmcgVC3LlBiq3iX87t%2B9SB2hqMJt3j%2F6l00L9LS%2BcrE%3D%3ACl6GW%2B5rI6kBoRt4MjcWIi%2B8%2B56Thj4F\" target=\"_blank\">\n\t\t\t\t\t\t<span class=\"elementor-button-content-wrapper\">\n\t\t\t\t\t\t\t\t\t<span class=\"elementor-button-text\">Register here<\/span>\n\t\t\t\t\t<\/span>\n\t\t\t\t\t<\/a>\n\t\t\t\t<\/div>\n\t\t\t\t\t\t\t\t<\/div>\n\t\t\t\t<\/div>\n\t\t\t\t\t<\/div>\n\t\t<\/div>\n\t\t\t\t\t<\/div>\n\t\t<\/section>\n\t\t\t\t<section class=\"elementor-section elementor-top-section elementor-element elementor-element-1b82663 elementor-section-boxed elementor-section-height-default elementor-section-height-default\" data-id=\"1b82663\" data-element_type=\"section\" data-e-type=\"section\">\n\t\t\t\t\t\t<div class=\"elementor-container elementor-column-gap-default\">\n\t\t\t\t\t<div class=\"elementor-column elementor-col-100 elementor-top-column elementor-element elementor-element-f3da126\" data-id=\"f3da126\" data-element_type=\"column\" data-e-type=\"column\">\n\t\t\t<div class=\"elementor-widget-wrap elementor-element-populated\">\n\t\t\t\t\t\t<div class=\"elementor-element elementor-element-5f698ca elementor-widget-divider--view-line elementor-widget elementor-widget-divider\" data-id=\"5f698ca\" data-element_type=\"widget\" data-e-type=\"widget\" data-widget_type=\"divider.default\">\n\t\t\t\t<div class=\"elementor-widget-container\">\n\t\t\t\t\t\t\t<div class=\"elementor-divider\">\n\t\t\t<span class=\"elementor-divider-separator\">\n\t\t\t\t\t\t<\/span>\n\t\t<\/div>\n\t\t\t\t\t\t<\/div>\n\t\t\t\t<\/div>\n\t\t\t\t<div class=\"elementor-element elementor-element-90311b6 elementor-widget elementor-widget-heading\" data-id=\"90311b6\" data-element_type=\"widget\" data-e-type=\"widget\" data-widget_type=\"heading.default\">\n\t\t\t\t<div class=\"elementor-widget-container\">\n\t\t\t\t\t<h2 class=\"elementor-heading-title elementor-size-default\">International Summer School on Integrated Care (ISSIC25)<\/h2>\t\t\t\t<\/div>\n\t\t\t\t<\/div>\n\t\t\t\t<div class=\"elementor-element elementor-element-6e27e06 elementor-widget elementor-widget-text-editor\" data-id=\"6e27e06\" data-element_type=\"widget\" data-e-type=\"widget\" data-widget_type=\"text-editor.default\">\n\t\t\t\t<div class=\"elementor-widget-container\">\n\t\t\t\t\t\t\t\t\t<p>Join the prestigious IFIC International Summer School on Integrated Care (ISSIC25) in Oxford, UK. This immersive five-day event brings together global leaders in integrated care for face-to-face learning. Participants will explore innovative practices, network, and address real-world challenges through dynamic lectures, workshops, and practical exercises. Led by senior academics and practitioners, ISSIC25 offers CPD or CME credits, providing valuable professional development for those shaping integrated care worldwide.<\/p><p><span style=\"text-decoration: underline;\">Highlights<\/span><\/p><ul><li>Hands-on, practical learning<\/li><li>Bring your own case studies for personalised application<\/li><li>Small group sizes for direct interaction with expert faculty<\/li><li>Opportunity to network with global peers<\/li><li>Visit a local site to explore integrated care in practice<\/li><li>Fun, engaging, and collaborative learning environment<\/li><\/ul><p><span style=\"text-decoration: underline;\">Specifics<\/span><\/p><p class=\"translation-block\">The course will run from <strong>30th of June \u2013 4th of July 2025 in person, in Oxford.<\/strong> We will be joined by global leaders and managers in Integrated Care for five days of immersive, face-to-face learning.<\/p>\t\t\t\t\t\t\t\t<\/div>\n\t\t\t\t<\/div>\n\t\t\t\t<div class=\"elementor-element elementor-element-af2f186 elementor-widget elementor-widget-button\" data-id=\"af2f186\" data-element_type=\"widget\" data-e-type=\"widget\" data-widget_type=\"button.default\">\n\t\t\t\t<div class=\"elementor-widget-container\">\n\t\t\t\t\t\t\t\t\t<div class=\"elementor-button-wrapper\">\n\t\t\t\t\t<a class=\"elementor-button elementor-button-link elementor-size-sm\" href=\"https:\/\/integratedcarefoundation.org\/integrated-care-academy\/international-summer-school?vgo_ee=49fIoJM%2F9bvGGXVTVxz9FIU4EuZPoIGbBOCk02mZD3drnlq8IEw%3D%3AZhdssn8KXpISFeYQwqtKjUfm3kq%2Fc1gd\">\n\t\t\t\t\t\t<span class=\"elementor-button-content-wrapper\">\n\t\t\t\t\t\t\t\t\t<span class=\"elementor-button-text\">Register here<\/span>\n\t\t\t\t\t<\/span>\n\t\t\t\t\t<\/a>\n\t\t\t\t<\/div>\n\t\t\t\t\t\t\t\t<\/div>\n\t\t\t\t<\/div>\n\t\t\t\t\t<\/div>\n\t\t<\/div>\n\t\t\t\t\t<\/div>\n\t\t<\/section>\n\t\t\t\t<section class=\"elementor-section elementor-top-section elementor-element elementor-element-20855d6 elementor-section-boxed elementor-section-height-default elementor-section-height-default\" data-id=\"20855d6\" data-element_type=\"section\" data-e-type=\"section\">\n\t\t\t\t\t\t<div class=\"elementor-container elementor-column-gap-default\">\n\t\t\t\t\t<div class=\"elementor-column elementor-col-100 elementor-top-column elementor-element elementor-element-fea8599\" data-id=\"fea8599\" data-element_type=\"column\" data-e-type=\"column\">\n\t\t\t<div class=\"elementor-widget-wrap elementor-element-populated\">\n\t\t\t\t\t\t<div class=\"elementor-element elementor-element-0fdc63a elementor-widget-divider--view-line elementor-widget elementor-widget-divider\" data-id=\"0fdc63a\" data-element_type=\"widget\" data-e-type=\"widget\" data-widget_type=\"divider.default\">\n\t\t\t\t<div class=\"elementor-widget-container\">\n\t\t\t\t\t\t\t<div class=\"elementor-divider\">\n\t\t\t<span class=\"elementor-divider-separator\">\n\t\t\t\t\t\t<\/span>\n\t\t<\/div>\n\t\t\t\t\t\t<\/div>\n\t\t\t\t<\/div>\n\t\t\t\t<div class=\"elementor-element elementor-element-86163ae elementor-widget elementor-widget-heading\" data-id=\"86163ae\" data-element_type=\"widget\" data-e-type=\"widget\" data-widget_type=\"heading.default\">\n\t\t\t\t<div class=\"elementor-widget-container\">\n\t\t\t\t\t<h2 class=\"elementor-heading-title elementor-size-default\">Principles of Integrated Care<\/h2>\t\t\t\t<\/div>\n\t\t\t\t<\/div>\n\t\t\t\t<div class=\"elementor-element elementor-element-de5908a elementor-widget elementor-widget-text-editor\" data-id=\"de5908a\" data-element_type=\"widget\" data-e-type=\"widget\" data-widget_type=\"text-editor.default\">\n\t\t\t\t<div class=\"elementor-widget-container\">\n\t\t\t\t\t\t\t\t\t<p>This programme is a collaborative development between Munster Technological University (MTU) and the International Foundation of Integrated Care (IFIC). The aim of the programme is to critically explore the key pillars of integrated care through local and international experiences. Inclusive of a cross-sectoral mix of practitioners, it is delivered fully online to facilitate interested learners to engage in this unique and specialist programme.<\/p><p><span style=\"text-decoration: underline;\">Highlights<\/span><\/p><ul><li>Recognised level 9 qualifications with academic credits<\/li><li>Directed study material, recorded lectures and live webinars facilitated by national and international experts in integrated care.<\/li><li>Live sessions with faculty, and opportunities for peer and group learning.<\/li><li>In addition to Irish applicants, we welcome international applicants involved in health and social care service delivery.<\/li><li>Best for practitioners seeking continued professional development in integrated care at their own pace and around their work schedule.<\/li><\/ul><p><span style=\"text-decoration: underline;\">Specifics<\/span><\/p><p class=\"translation-block\">The course will run from <strong>January to June 2025<\/strong>, and it involve about 300 hours of study time.<\/p><p class=\"translation-block\">This programme will be delivered online on <strong>Thursdays from 4 pm to 7.30 pm (UK, Irish Standard) over one semester (12 weeks).<\/strong><\/p>\t\t\t\t\t\t\t\t<\/div>\n\t\t\t\t<\/div>\n\t\t\t\t<div class=\"elementor-element elementor-element-6247067 elementor-widget elementor-widget-button\" data-id=\"6247067\" data-element_type=\"widget\" data-e-type=\"widget\" data-widget_type=\"button.default\">\n\t\t\t\t<div class=\"elementor-widget-container\">\n\t\t\t\t\t\t\t\t\t<div class=\"elementor-button-wrapper\">\n\t\t\t\t\t<a class=\"elementor-button elementor-button-link elementor-size-sm\" href=\"https:\/\/integratedcarefoundation.org\/integrated-care-academy\/international-summer-school?vgo_ee=49fIoJM%2F9bvGGXVTVxz9FIU4EuZPoIGbBOCk02mZD3drnlq8IEw%3D%3AZhdssn8KXpISFeYQwqtKjUfm3kq%2Fc1gd\">\n\t\t\t\t\t\t<span class=\"elementor-button-content-wrapper\">\n\t\t\t\t\t\t\t\t\t<span class=\"elementor-button-text\">Register here<\/span>\n\t\t\t\t\t<\/span>\n\t\t\t\t\t<\/a>\n\t\t\t\t<\/div>\n\t\t\t\t\t\t\t\t<\/div>\n\t\t\t\t<\/div>\n\t\t\t\t\t<\/div>\n\t\t<\/div>\n\t\t\t\t\t<\/div>\n\t\t<\/section>\n\t\t\t\t<\/div>","protected":false},"excerpt":{"rendered":"<p>Am\u00e9liorez vos comp\u00e9tences en soins int\u00e9gr\u00e9s : trois programmes uniques disponibles<\/p>","protected":false},"author":2,"featured_media":8017,"comment_status":"closed","ping_status":"closed","sticky":false,"template":"","format":[138,141],"meta":{"footnotes":""},"strategie":[156],"thema":[152],"class_list":["post-8016","post","type-post","status-publish","format-standard","has-post-thumbnail","hentry","strategie-zusammenarbeit","thema-interprofessionelle-zusammenarbeit","format-veranstaltung","format-webinare"],"yoast_head":"<!-- This site is optimized with the Yoast SEO plugin v27.5 - https:\/\/yoast.com\/product\/yoast-seo-wordpress\/ -->\n<title>Three unique learning opportunities\u00a0in Integrated Care - FMC<\/title>\n<meta name=\"description\" content=\"IFIC is thrilled to announce that enrollment is now open for three unique learning opportunities in Integrated Care\" \/>\n<meta name=\"robots\" content=\"index, follow, max-snippet:-1, max-image-preview:large, max-video-preview:-1\" \/>\n<link rel=\"canonical\" href=\"https:\/\/fmc.ch\/fr\/integrated-care-academy\/\" \/>\n<meta property=\"og:locale\" content=\"fr_FR\" \/>\n<meta property=\"og:type\" content=\"article\" \/>\n<meta property=\"og:title\" content=\"Three unique learning opportunities\u00a0in Integrated Care - FMC\" \/>\n<meta property=\"og:description\" content=\"IFIC is thrilled to announce that enrollment is now open for three unique learning opportunities in Integrated Care\" \/>\n<meta property=\"og:url\" content=\"https:\/\/fmc.ch\/fr\/integrated-care-academy\/\" \/>\n<meta property=\"og:site_name\" content=\"FMC\" \/>\n<meta property=\"article:published_time\" content=\"2024-12-10T10:08:15+00:00\" \/>\n<meta property=\"article:modified_time\" content=\"2025-11-27T16:02:52+00:00\" \/>\n<meta property=\"og:image\" content=\"https:\/\/fmc.ch\/wp-content\/uploads\/2024\/03\/Netzwerk_Logo-ICA-fuer-Summer-Scool-Integrated-Care.png\" \/>\n\t<meta property=\"og:image:width\" content=\"564\" \/>\n\t<meta property=\"og:image:height\" content=\"564\" \/>\n\t<meta property=\"og:image:type\" content=\"image\/png\" \/>\n<meta name=\"author\" content=\"Nadja Blanchard\" \/>\n<meta name=\"twitter:card\" content=\"summary_large_image\" \/>\n<meta name=\"twitter:label1\" content=\"\u00c9crit par\" \/>\n\t<meta name=\"twitter:data1\" content=\"Nadja Blanchard\" \/>\n\t<meta name=\"twitter:label2\" content=\"Dur\u00e9e de lecture estim\u00e9e\" \/>\n\t<meta name=\"twitter:data2\" content=\"4 minutes\" \/>\n<script type=\"application\/ld+json\" class=\"yoast-schema-graph\">{\"@context\":\"https:\\\/\\\/schema.org\",\"@graph\":[{\"@type\":\"Article\",\"@id\":\"https:\\\/\\\/fmc.ch\\\/integrated-care-academy\\\/#article\",\"isPartOf\":{\"@id\":\"https:\\\/\\\/fmc.ch\\\/integrated-care-academy\\\/\"},\"author\":{\"name\":\"Nadja Blanchard\",\"@id\":\"https:\\\/\\\/fmc.ch\\\/#\\\/schema\\\/person\\\/3a7218d283691f8ef8cf410e4615e507\"},\"headline\":\"Three unique learning opportunities\u00a0in Integrated Care\",\"datePublished\":\"2024-12-10T10:08:15+00:00\",\"dateModified\":\"2025-11-27T16:02:52+00:00\",\"mainEntityOfPage\":{\"@id\":\"https:\\\/\\\/fmc.ch\\\/integrated-care-academy\\\/\"},\"wordCount\":522,\"publisher\":{\"@id\":\"https:\\\/\\\/fmc.ch\\\/#organization\"},\"image\":{\"@id\":\"https:\\\/\\\/fmc.ch\\\/integrated-care-academy\\\/#primaryimage\"},\"thumbnailUrl\":\"https:\\\/\\\/fmc.ch\\\/wp-content\\\/uploads\\\/2024\\\/03\\\/Netzwerk_Logo-ICA-fuer-Summer-Scool-Integrated-Care.png\",\"articleSection\":[\"Netzwerk\"],\"inLanguage\":\"fr-FR\"},{\"@type\":\"WebPage\",\"@id\":\"https:\\\/\\\/fmc.ch\\\/integrated-care-academy\\\/\",\"url\":\"https:\\\/\\\/fmc.ch\\\/integrated-care-academy\\\/\",\"name\":\"Three unique learning opportunities\u00a0in Integrated Care - FMC\",\"isPartOf\":{\"@id\":\"https:\\\/\\\/fmc.ch\\\/#website\"},\"primaryImageOfPage\":{\"@id\":\"https:\\\/\\\/fmc.ch\\\/integrated-care-academy\\\/#primaryimage\"},\"image\":{\"@id\":\"https:\\\/\\\/fmc.ch\\\/integrated-care-academy\\\/#primaryimage\"},\"thumbnailUrl\":\"https:\\\/\\\/fmc.ch\\\/wp-content\\\/uploads\\\/2024\\\/03\\\/Netzwerk_Logo-ICA-fuer-Summer-Scool-Integrated-Care.png\",\"datePublished\":\"2024-12-10T10:08:15+00:00\",\"dateModified\":\"2025-11-27T16:02:52+00:00\",\"description\":\"IFIC is thrilled to announce that enrollment is now open for three unique learning opportunities in Integrated Care\",\"breadcrumb\":{\"@id\":\"https:\\\/\\\/fmc.ch\\\/integrated-care-academy\\\/#breadcrumb\"},\"inLanguage\":\"fr-FR\",\"potentialAction\":[{\"@type\":\"ReadAction\",\"target\":[\"https:\\\/\\\/fmc.ch\\\/integrated-care-academy\\\/\"]}]},{\"@type\":\"ImageObject\",\"inLanguage\":\"fr-FR\",\"@id\":\"https:\\\/\\\/fmc.ch\\\/integrated-care-academy\\\/#primaryimage\",\"url\":\"https:\\\/\\\/fmc.ch\\\/wp-content\\\/uploads\\\/2024\\\/03\\\/Netzwerk_Logo-ICA-fuer-Summer-Scool-Integrated-Care.png\",\"contentUrl\":\"https:\\\/\\\/fmc.ch\\\/wp-content\\\/uploads\\\/2024\\\/03\\\/Netzwerk_Logo-ICA-fuer-Summer-Scool-Integrated-Care.png\",\"width\":564,\"height\":564},{\"@type\":\"BreadcrumbList\",\"@id\":\"https:\\\/\\\/fmc.ch\\\/integrated-care-academy\\\/#breadcrumb\",\"itemListElement\":[{\"@type\":\"ListItem\",\"position\":1,\"name\":\"Home\",\"item\":\"https:\\\/\\\/fmc.ch\\\/\"},{\"@type\":\"ListItem\",\"position\":2,\"name\":\"Three unique learning opportunities\u00a0in Integrated Care\"}]},{\"@type\":\"WebSite\",\"@id\":\"https:\\\/\\\/fmc.ch\\\/#website\",\"url\":\"https:\\\/\\\/fmc.ch\\\/\",\"name\":\"FMC\",\"description\":\"Schweizer Forum f\u00fcr Integrierte Versorgung\",\"publisher\":{\"@id\":\"https:\\\/\\\/fmc.ch\\\/#organization\"},\"potentialAction\":[{\"@type\":\"SearchAction\",\"target\":{\"@type\":\"EntryPoint\",\"urlTemplate\":\"https:\\\/\\\/fmc.ch\\\/?s={search_term_string}\"},\"query-input\":{\"@type\":\"PropertyValueSpecification\",\"valueRequired\":true,\"valueName\":\"search_term_string\"}}],\"inLanguage\":\"fr-FR\"},{\"@type\":\"Organization\",\"@id\":\"https:\\\/\\\/fmc.ch\\\/#organization\",\"name\":\"FMC\",\"url\":\"https:\\\/\\\/fmc.ch\\\/\",\"logo\":{\"@type\":\"ImageObject\",\"inLanguage\":\"fr-FR\",\"@id\":\"https:\\\/\\\/fmc.ch\\\/#\\\/schema\\\/logo\\\/image\\\/\",\"url\":\"https:\\\/\\\/fmc.ch\\\/wp-content\\\/uploads\\\/2023\\\/09\\\/fmc-logo.svg\",\"contentUrl\":\"https:\\\/\\\/fmc.ch\\\/wp-content\\\/uploads\\\/2023\\\/09\\\/fmc-logo.svg\",\"caption\":\"FMC\"},\"image\":{\"@id\":\"https:\\\/\\\/fmc.ch\\\/#\\\/schema\\\/logo\\\/image\\\/\"}},{\"@type\":\"Person\",\"@id\":\"https:\\\/\\\/fmc.ch\\\/#\\\/schema\\\/person\\\/3a7218d283691f8ef8cf410e4615e507\",\"name\":\"Nadja Blanchard\",\"image\":{\"@type\":\"ImageObject\",\"inLanguage\":\"fr-FR\",\"@id\":\"https:\\\/\\\/secure.gravatar.com\\\/avatar\\\/729fbcebbfccd7834565b1398470d6ea84a4f3e7525873a0cb368db99228ce7b?s=96&d=mm&r=g\",\"url\":\"https:\\\/\\\/secure.gravatar.com\\\/avatar\\\/729fbcebbfccd7834565b1398470d6ea84a4f3e7525873a0cb368db99228ce7b?s=96&d=mm&r=g\",\"contentUrl\":\"https:\\\/\\\/secure.gravatar.com\\\/avatar\\\/729fbcebbfccd7834565b1398470d6ea84a4f3e7525873a0cb368db99228ce7b?s=96&d=mm&r=g\",\"caption\":\"Nadja Blanchard\"},\"url\":\"https:\\\/\\\/fmc.ch\\\/fr\\\/author\\\/nadja-blanchardfmc-ch\\\/\"}]}<\/script>\n<!-- \/ Yoast SEO plugin. -->","yoast_head_json":{"title":"Trois opportunit\u00e9s uniques d'apprentissage dans les soins int\u00e9gr\u00e9s - FMC","description":"L'IFIC est heureux d'annoncer que l'inscription est d\u00e9sormais ouverte pour trois possibilit\u00e9s d'apprentissage uniques en mati\u00e8re de soins int\u00e9gr\u00e9s","robots":{"index":"index","follow":"follow","max-snippet":"max-snippet:-1","max-image-preview":"max-image-preview:large","max-video-preview":"max-video-preview:-1"},"canonical":"https:\/\/fmc.ch\/fr\/integrated-care-academy\/","og_locale":"fr_FR","og_type":"article","og_title":"Three unique learning opportunities\u00a0in Integrated Care - FMC","og_description":"IFIC is thrilled to announce that enrollment is now open for three unique learning opportunities in Integrated Care","og_url":"https:\/\/fmc.ch\/fr\/integrated-care-academy\/","og_site_name":"FMC","article_published_time":"2024-12-10T10:08:15+00:00","article_modified_time":"2025-11-27T16:02:52+00:00","og_image":[{"width":564,"height":564,"url":"https:\/\/fmc.ch\/wp-content\/uploads\/2024\/03\/Netzwerk_Logo-ICA-fuer-Summer-Scool-Integrated-Care.png","type":"image\/png"}],"author":"Nadja Blanchard","twitter_card":"summary_large_image","twitter_misc":{"\u00c9crit par":"Nadja Blanchard","Dur\u00e9e de lecture estim\u00e9e":"4 minutes"},"schema":{"@context":"https:\/\/schema.org","@graph":[{"@type":"Article","@id":"https:\/\/fmc.ch\/integrated-care-academy\/#article","isPartOf":{"@id":"https:\/\/fmc.ch\/integrated-care-academy\/"},"author":{"name":"Nadja Blanchard","@id":"https:\/\/fmc.ch\/#\/schema\/person\/3a7218d283691f8ef8cf410e4615e507"},"headline":"Three unique learning opportunities\u00a0in Integrated Care","datePublished":"2024-12-10T10:08:15+00:00","dateModified":"2025-11-27T16:02:52+00:00","mainEntityOfPage":{"@id":"https:\/\/fmc.ch\/integrated-care-academy\/"},"wordCount":522,"publisher":{"@id":"https:\/\/fmc.ch\/#organization"},"image":{"@id":"https:\/\/fmc.ch\/integrated-care-academy\/#primaryimage"},"thumbnailUrl":"https:\/\/fmc.ch\/wp-content\/uploads\/2024\/03\/Netzwerk_Logo-ICA-fuer-Summer-Scool-Integrated-Care.png","articleSection":["Netzwerk"],"inLanguage":"fr-FR"},{"@type":"WebPage","@id":"https:\/\/fmc.ch\/integrated-care-academy\/","url":"https:\/\/fmc.ch\/integrated-care-academy\/","name":"Trois opportunit\u00e9s uniques d'apprentissage dans les soins int\u00e9gr\u00e9s - FMC","isPartOf":{"@id":"https:\/\/fmc.ch\/#website"},"primaryImageOfPage":{"@id":"https:\/\/fmc.ch\/integrated-care-academy\/#primaryimage"},"image":{"@id":"https:\/\/fmc.ch\/integrated-care-academy\/#primaryimage"},"thumbnailUrl":"https:\/\/fmc.ch\/wp-content\/uploads\/2024\/03\/Netzwerk_Logo-ICA-fuer-Summer-Scool-Integrated-Care.png","datePublished":"2024-12-10T10:08:15+00:00","dateModified":"2025-11-27T16:02:52+00:00","description":"L'IFIC est heureux d'annoncer que l'inscription est d\u00e9sormais ouverte pour trois possibilit\u00e9s d'apprentissage uniques en mati\u00e8re de soins int\u00e9gr\u00e9s","breadcrumb":{"@id":"https:\/\/fmc.ch\/integrated-care-academy\/#breadcrumb"},"inLanguage":"fr-FR","potentialAction":[{"@type":"ReadAction","target":["https:\/\/fmc.ch\/integrated-care-academy\/"]}]},{"@type":"ImageObject","inLanguage":"fr-FR","@id":"https:\/\/fmc.ch\/integrated-care-academy\/#primaryimage","url":"https:\/\/fmc.ch\/wp-content\/uploads\/2024\/03\/Netzwerk_Logo-ICA-fuer-Summer-Scool-Integrated-Care.png","contentUrl":"https:\/\/fmc.ch\/wp-content\/uploads\/2024\/03\/Netzwerk_Logo-ICA-fuer-Summer-Scool-Integrated-Care.png","width":564,"height":564},{"@type":"BreadcrumbList","@id":"https:\/\/fmc.ch\/integrated-care-academy\/#breadcrumb","itemListElement":[{"@type":"ListItem","position":1,"name":"Home","item":"https:\/\/fmc.ch\/"},{"@type":"ListItem","position":2,"name":"Three unique learning opportunities\u00a0in Integrated Care"}]},{"@type":"WebSite","@id":"https:\/\/fmc.ch\/#website","url":"https:\/\/fmc.ch\/","name":"FMC","description":"Forum suisse des soins int\u00e9gr\u00e9s","publisher":{"@id":"https:\/\/fmc.ch\/#organization"},"potentialAction":[{"@type":"SearchAction","target":{"@type":"EntryPoint","urlTemplate":"https:\/\/fmc.ch\/?s={search_term_string}"},"query-input":{"@type":"PropertyValueSpecification","valueRequired":true,"valueName":"search_term_string"}}],"inLanguage":"fr-FR"},{"@type":"Organization","@id":"https:\/\/fmc.ch\/#organization","name":"FMC","url":"https:\/\/fmc.ch\/","logo":{"@type":"ImageObject","inLanguage":"fr-FR","@id":"https:\/\/fmc.ch\/#\/schema\/logo\/image\/","url":"https:\/\/fmc.ch\/wp-content\/uploads\/2023\/09\/fmc-logo.svg","contentUrl":"https:\/\/fmc.ch\/wp-content\/uploads\/2023\/09\/fmc-logo.svg","caption":"FMC"},"image":{"@id":"https:\/\/fmc.ch\/#\/schema\/logo\/image\/"}},{"@type":"Person","@id":"https:\/\/fmc.ch\/#\/schema\/person\/3a7218d283691f8ef8cf410e4615e507","name":"Nadja Blanchard","image":{"@type":"ImageObject","inLanguage":"fr-FR","@id":"https:\/\/secure.gravatar.com\/avatar\/729fbcebbfccd7834565b1398470d6ea84a4f3e7525873a0cb368db99228ce7b?s=96&d=mm&r=g","url":"https:\/\/secure.gravatar.com\/avatar\/729fbcebbfccd7834565b1398470d6ea84a4f3e7525873a0cb368db99228ce7b?s=96&d=mm&r=g","contentUrl":"https:\/\/secure.gravatar.com\/avatar\/729fbcebbfccd7834565b1398470d6ea84a4f3e7525873a0cb368db99228ce7b?s=96&d=mm&r=g","caption":"Nadja Blanchard"},"url":"https:\/\/fmc.ch\/fr\/author\/nadja-blanchardfmc-ch\/"}]}},"_links":{"self":[{"href":"https:\/\/fmc.ch\/fr\/wp-json\/wp\/v2\/posts\/8016","targetHints":{"allow":["GET"]}}],"collection":[{"href":"https:\/\/fmc.ch\/fr\/wp-json\/wp\/v2\/posts"}],"about":[{"href":"https:\/\/fmc.ch\/fr\/wp-json\/wp\/v2\/types\/post"}],"author":[{"embeddable":true,"href":"https:\/\/fmc.ch\/fr\/wp-json\/wp\/v2\/users\/2"}],"replies":[{"embeddable":true,"href":"https:\/\/fmc.ch\/fr\/wp-json\/wp\/v2\/comments?post=8016"}],"version-history":[{"count":32,"href":"https:\/\/fmc.ch\/fr\/wp-json\/wp\/v2\/posts\/8016\/revisions"}],"predecessor-version":[{"id":12968,"href":"https:\/\/fmc.ch\/fr\/wp-json\/wp\/v2\/posts\/8016\/revisions\/12968"}],"wp:featuredmedia":[{"embeddable":true,"href":"https:\/\/fmc.ch\/fr\/wp-json\/wp\/v2\/media\/8017"}],"wp:attachment":[{"href":"https:\/\/fmc.ch\/fr\/wp-json\/wp\/v2\/media?parent=8016"}],"wp:term":[{"taxonomy":"strategie","embeddable":true,"href":"https:\/\/fmc.ch\/fr\/wp-json\/wp\/v2\/strategie?post=8016"},{"taxonomy":"thema","embeddable":true,"href":"https:\/\/fmc.ch\/fr\/wp-json\/wp\/v2\/thema?post=8016"},{"taxonomy":"format","embeddable":true,"href":"https:\/\/fmc.ch\/fr\/wp-json\/wp\/v2\/format?post=8016"}],"curies":[{"name":"wp","href":"https:\/\/api.w.org\/{rel}","templated":true}]}}