{"id":7097,"date":"2024-04-19T10:11:28","date_gmt":"2024-04-19T10:11:28","guid":{"rendered":"https:\/\/fmc.ch\/?p=7097"},"modified":"2025-11-27T17:21:08","modified_gmt":"2025-11-27T16:21:08","slug":"avis-de-la-fmc-sur-le-paquet-de-mesures-2","status":"publish","type":"post","link":"https:\/\/fmc.ch\/fr\/fmc-stellungnahme-zum-massnahmenpaket-2\/","title":{"rendered":"Prise de position de la fmc sur les mesures de ma\u00eetrise des co\u00fbts - paquet 2, notamment les r\u00e9seaux de soins coordonn\u00e9s"},"content":{"rendered":"<div data-elementor-type=\"wp-post\" data-elementor-id=\"7097\" class=\"elementor elementor-7097\" data-elementor-post-type=\"post\">\n\t\t\t\t\t\t<section class=\"elementor-section elementor-top-section elementor-element elementor-element-3c69925 elementor-section-boxed elementor-section-height-default elementor-section-height-default elementor-invisible\" data-id=\"3c69925\" data-element_type=\"section\" data-e-type=\"section\" data-settings=\"{&quot;animation&quot;:&quot;fadeIn&quot;}\">\n\t\t\t\t\t\t<div class=\"elementor-container elementor-column-gap-default\">\n\t\t\t\t\t<div class=\"elementor-column elementor-col-100 elementor-top-column elementor-element elementor-element-8adddda\" data-id=\"8adddda\" data-element_type=\"column\" data-e-type=\"column\">\n\t\t\t<div class=\"elementor-widget-wrap elementor-element-populated\">\n\t\t\t\t\t\t<div class=\"elementor-element elementor-element-9b8f5b4 elementor-widget elementor-widget-text-editor\" data-id=\"9b8f5b4\" data-element_type=\"widget\" data-e-type=\"widget\" data-widget_type=\"text-editor.default\">\n\t\t\t\t<div class=\"elementor-widget-container\">\n\t\t\t\t\t\t\t\t\t<p>Le 07 septembre 2022, le Conseil f\u00e9d\u00e9ral a adopt\u00e9 la <a href=\"https:\/\/www.bag.admin.ch\/bag\/de\/home\/versicherungen\/krankenversicherung\/krankenversicherung-revisionsprojekte\/kvg-aenderung-massnahmen-zur-kostendaempfung-paket-2.html\">Adoption du message sur le paquet de mesures 2 pour la ma\u00eetrise des co\u00fbts<\/a> entre autres avec la mesure \"<a href=\"https:\/\/www.bag.admin.ch\/dam\/bag\/de\/dokumente\/kuv-leistungen\/Laufende%20Revisionsprojekte\/kvg-aenderung-massnahmen-kostendaempfung-paket-2\/faktenblatt-netzwerke-koordinierten-versorgung.pdf.download.pdf\/Faktenblatt_Netzwerke_zur_koordinierten_Versorgung_DE.pdf\">R\u00e9seaux de soins coordonn\u00e9s<\/a>\". Le Forum suisse pour les soins int\u00e9gr\u00e9s (fmc) a \u00e9t\u00e9 invit\u00e9 \u00e0 l'audition de la CSSS-N le 20 octobre et s'est exprim\u00e9 en cons\u00e9quence sur les mesures des \"r\u00e9seaux de soins coordonn\u00e9s\".<\/p>\t\t\t\t\t\t\t\t<\/div>\n\t\t\t\t<\/div>\n\t\t\t\t<div class=\"elementor-element elementor-element-bfad32c elementor-widget elementor-widget-button\" data-id=\"bfad32c\" data-element_type=\"widget\" data-e-type=\"widget\" data-widget_type=\"button.default\">\n\t\t\t\t<div class=\"elementor-widget-container\">\n\t\t\t\t\t\t\t\t\t<div class=\"elementor-button-wrapper\">\n\t\t\t\t\t<a class=\"elementor-button elementor-button-link elementor-size-sm\" href=\"https:\/\/fmc.ch\/wp-content\/uploads\/2024\/01\/Gesundheitspolitik-fmc-Position-SGK-N-Hearing-20221020_Final.pdf\">\n\t\t\t\t\t\t<span class=\"elementor-button-content-wrapper\">\n\t\t\t\t\t\t\t\t\t<span class=\"elementor-button-text\">Cliquez ici pour voir la pr\u00e9sentation du fmc de 2022<\/span>\n\t\t\t\t\t<\/span>\n\t\t\t\t\t<\/a>\n\t\t\t\t<\/div>\n\t\t\t\t\t\t\t\t<\/div>\n\t\t\t\t<\/div>\n\t\t\t\t\t<\/div>\n\t\t<\/div>\n\t\t\t\t\t<\/div>\n\t\t<\/section>\n\t\t\t\t<section class=\"elementor-section elementor-top-section elementor-element elementor-element-4622d3e elementor-section-boxed elementor-section-height-default elementor-section-height-default\" data-id=\"4622d3e\" data-element_type=\"section\" data-e-type=\"section\">\n\t\t\t\t\t\t<div class=\"elementor-container elementor-column-gap-default\">\n\t\t\t\t\t<div class=\"elementor-column elementor-col-100 elementor-top-column elementor-element elementor-element-2d56714\" data-id=\"2d56714\" data-element_type=\"column\" data-e-type=\"column\">\n\t\t\t<div class=\"elementor-widget-wrap elementor-element-populated\">\n\t\t\t\t\t\t<div class=\"elementor-element elementor-element-6db4fae elementor-widget elementor-widget-text-editor\" data-id=\"6db4fae\" data-element_type=\"widget\" data-e-type=\"widget\" data-widget_type=\"text-editor.default\">\n\t\t\t\t<div class=\"elementor-widget-container\">\n\t\t\t\t\t\t\t\t\t<p>Le Forum suisse pour les soins int\u00e9gr\u00e9s (fmc) a \u00e9t\u00e9 invit\u00e9 aux tables rondes de l'OFSP qui ont suivi et qui devaient permettre, sur mandat de la CSSS-N, de proc\u00e9der \u00e0 une \u00e9valuation compl\u00e8te des r\u00e9seaux et, le cas \u00e9ch\u00e9ant, d'\u00e9laborer des solutions de mise en \u0153uvre.<\/p><p>La fmc s'est montr\u00e9e critique \u00e0 l'\u00e9gard des r\u00e9seaux. Cela peut para\u00eetre contradictoire, compte tenu de l'orientation de la fmc. Du point de vue de la fmc, il n'est toutefois pas prouv\u00e9 que les r\u00e9seaux de soins coordonn\u00e9s propos\u00e9s contribuent \u00e0 atteindre les objectifs vis\u00e9s, raison pour laquelle leur r\u00e9glementation pr\u00e9ventive dans la LAMal est rejet\u00e9e. Les formes d'organisation existantes devraient plut\u00f4t avoir la possibilit\u00e9 de collaborer de mani\u00e8re interprofessionnelle, et de se pr\u00e9senter \u00e0 l'ext\u00e9rieur comme un seul fournisseur de prestations et de facturer en cons\u00e9quence.<\/p>\t\t\t\t\t\t\t\t<\/div>\n\t\t\t\t<\/div>\n\t\t\t\t\t<\/div>\n\t\t<\/div>\n\t\t\t\t\t<\/div>\n\t\t<\/section>\n\t\t\t\t<section data-dce-background-color=\"#F1F1F1\" class=\"elementor-section elementor-top-section elementor-element elementor-element-f1b5332 elementor-section-stretched elementor-section-boxed elementor-section-height-default elementor-section-height-default\" data-id=\"f1b5332\" data-element_type=\"section\" data-e-type=\"section\" data-settings=\"{&quot;stretch_section&quot;:&quot;section-stretched&quot;,&quot;background_background&quot;:&quot;classic&quot;}\">\n\t\t\t\t\t\t<div class=\"elementor-container elementor-column-gap-default\">\n\t\t\t\t\t<div class=\"elementor-column elementor-col-100 elementor-top-column elementor-element elementor-element-dcfdfd1\" data-id=\"dcfdfd1\" data-element_type=\"column\" data-e-type=\"column\">\n\t\t\t<div class=\"elementor-widget-wrap elementor-element-populated\">\n\t\t\t\t\t\t<div class=\"elementor-element elementor-element-3de4dc2 elementor-widget elementor-widget-shortcode\" data-id=\"3de4dc2\" data-element_type=\"widget\" data-e-type=\"widget\" data-widget_type=\"shortcode.default\">\n\t\t\t\t<div class=\"elementor-widget-container\">\n\t\t\t\t\t\t\t<div class=\"elementor-shortcode\"><div class=\"_df_book df-lite\" id=\"df_9505\"  _slug=\"gesundheitspolitik_fmc-position-nkv_bag-bericht\" data-title=\"gesundheitspolitik_fmc-position-nkv_bag-bericht\" wpoptions=\"true\" thumbtype=\"\" ><\/div><script class=\"df-shortcode-script\" nowprocket type=\"application\/javascript\">window.option_df_9505 = {\"outline\":[],\"backgroundColor\":\"#f1f1f1\",\"height\":\"700\",\"autoEnableOutline\":\"false\",\"autoEnableThumbnail\":\"false\",\"overwritePDFOutline\":\"false\",\"direction\":\"1\",\"pageSize\":\"0\",\"source\":\"https:\\\/\\\/fmc.ch\\\/wp-content\\\/uploads\\\/2024\\\/04\\\/Gesundheitspolitik_fmc-Position-NKV_BAG-Bericht.pdf\",\"wpOptions\":\"true\"}; if(window.DFLIP && window.DFLIP.parseBooks){window.DFLIP.parseBooks();}<\/script><\/div>\n\t\t\t\t\t\t<\/div>\n\t\t\t\t<\/div>\n\t\t\t\t<div class=\"elementor-element elementor-element-6b153ca elementor-align-center elementor-widget elementor-widget-button\" data-id=\"6b153ca\" data-element_type=\"widget\" data-e-type=\"widget\" data-widget_type=\"button.default\">\n\t\t\t\t<div class=\"elementor-widget-container\">\n\t\t\t\t\t\t\t\t\t<div class=\"elementor-button-wrapper\">\n\t\t\t\t\t<a class=\"elementor-button elementor-button-link elementor-size-sm\" href=\"https:\/\/fmc.ch\/wp-content\/uploads\/2024\/04\/Gesundheitspolitik_fmc-Position-NKV_BAG-Bericht.pdf\">\n\t\t\t\t\t\t<span class=\"elementor-button-content-wrapper\">\n\t\t\t\t\t\t\t\t\t<span class=\"elementor-button-text\">T\u00e9l\u00e9charger le PDF<\/span>\n\t\t\t\t\t<\/span>\n\t\t\t\t\t<\/a>\n\t\t\t\t<\/div>\n\t\t\t\t\t\t\t\t<\/div>\n\t\t\t\t<\/div>\n\t\t\t\t\t<\/div>\n\t\t<\/div>\n\t\t\t\t\t<\/div>\n\t\t<\/section>\n\t\t\t\t<section class=\"elementor-section elementor-top-section elementor-element elementor-element-8c5f9de elementor-section-boxed elementor-section-height-default elementor-section-height-default\" data-id=\"8c5f9de\" data-element_type=\"section\" data-e-type=\"section\">\n\t\t\t\t\t\t<div class=\"elementor-container elementor-column-gap-default\">\n\t\t\t\t\t<div class=\"elementor-column elementor-col-100 elementor-top-column elementor-element elementor-element-3971445\" data-id=\"3971445\" data-element_type=\"column\" data-e-type=\"column\">\n\t\t\t<div class=\"elementor-widget-wrap elementor-element-populated\">\n\t\t\t\t\t\t<div class=\"elementor-element elementor-element-36c7900 elementor-widget elementor-widget-text-editor\" data-id=\"36c7900\" data-element_type=\"widget\" data-e-type=\"widget\" data-widget_type=\"text-editor.default\">\n\t\t\t\t<div class=\"elementor-widget-container\">\n\t\t\t\t\t\t\t\t\t<p>En collaboration avec une alliance de diff\u00e9rentes organisations de prestataires de services, le fmc s'est \u00e9galement exprim\u00e9 sur les r\u00e9seaux aupr\u00e8s de parlementaires et de conseillers nationaux.<\/p>\t\t\t\t\t\t\t\t<\/div>\n\t\t\t\t<\/div>\n\t\t\t\t<div class=\"elementor-element elementor-element-6d212fb elementor-widget elementor-widget-button\" data-id=\"6d212fb\" data-element_type=\"widget\" data-e-type=\"widget\" data-widget_type=\"button.default\">\n\t\t\t\t<div class=\"elementor-widget-container\">\n\t\t\t\t\t\t\t\t\t<div class=\"elementor-button-wrapper\">\n\t\t\t\t\t<a class=\"elementor-button elementor-button-link elementor-size-sm\" href=\"https:\/\/fmc.ch\/wp-content\/uploads\/2024\/04\/Gesundheitspolitik_Brief-an-SGK-N-Netzwerke-zur-koordinierten-Versorgung-21.04.2023.pdf\">\n\t\t\t\t\t\t<span class=\"elementor-button-content-wrapper\">\n\t\t\t\t\t\t\t\t\t<span class=\"elementor-button-text\">Lettre aux membres de la CSSS-N - avril 2023<\/span>\n\t\t\t\t\t<\/span>\n\t\t\t\t\t<\/a>\n\t\t\t\t<\/div>\n\t\t\t\t\t\t\t\t<\/div>\n\t\t\t\t<\/div>\n\t\t\t\t<div class=\"elementor-element elementor-element-6133182 elementor-widget elementor-widget-spacer\" data-id=\"6133182\" data-element_type=\"widget\" data-e-type=\"widget\" data-widget_type=\"spacer.default\">\n\t\t\t\t<div class=\"elementor-widget-container\">\n\t\t\t\t\t\t\t<div class=\"elementor-spacer\">\n\t\t\t<div class=\"elementor-spacer-inner\"><\/div>\n\t\t<\/div>\n\t\t\t\t\t\t<\/div>\n\t\t\t\t<\/div>\n\t\t\t\t<div class=\"elementor-element elementor-element-1b189e6 elementor-widget elementor-widget-button\" data-id=\"1b189e6\" data-element_type=\"widget\" data-e-type=\"widget\" data-widget_type=\"button.default\">\n\t\t\t\t<div class=\"elementor-widget-container\">\n\t\t\t\t\t\t\t\t\t<div class=\"elementor-button-wrapper\">\n\t\t\t\t\t<a class=\"elementor-button elementor-button-link elementor-size-sm\" href=\"https:\/\/fmc.ch\/wp-content\/uploads\/2024\/04\/Gesundheitspolitik_Brief-an-SGK-S_Netzwerke-koordinierte-Versorgung-18.04.2024_D.pdf\">\n\t\t\t\t\t\t<span class=\"elementor-button-content-wrapper\">\n\t\t\t\t\t\t\t\t\t<span class=\"elementor-button-text\">Lettre aux membres de la CSSS-E - avril 2024 <\/span>\n\t\t\t\t\t<\/span>\n\t\t\t\t\t<\/a>\n\t\t\t\t<\/div>\n\t\t\t\t\t\t\t\t<\/div>\n\t\t\t\t<\/div>\n\t\t\t\t<div class=\"elementor-element elementor-element-4c30746 elementor-widget elementor-widget-spacer\" data-id=\"4c30746\" data-element_type=\"widget\" data-e-type=\"widget\" data-widget_type=\"spacer.default\">\n\t\t\t\t<div class=\"elementor-widget-container\">\n\t\t\t\t\t\t\t<div class=\"elementor-spacer\">\n\t\t\t<div class=\"elementor-spacer-inner\"><\/div>\n\t\t<\/div>\n\t\t\t\t\t\t<\/div>\n\t\t\t\t<\/div>\n\t\t\t\t<div class=\"elementor-element elementor-element-244b12b elementor-widget elementor-widget-button\" data-id=\"244b12b\" data-element_type=\"widget\" data-e-type=\"widget\" data-widget_type=\"button.default\">\n\t\t\t\t<div class=\"elementor-widget-container\">\n\t\t\t\t\t\t\t\t\t<div class=\"elementor-button-wrapper\">\n\t\t\t\t\t<a class=\"elementor-button elementor-button-link elementor-size-sm\" href=\"https:\/\/fmc.ch\/wp-content\/uploads\/2024\/12\/Gesundheitspolitik_Brief-an-Nationalrat-Netzwerke-der-koord.-Versorgung-Deutsch.pdf\">\n\t\t\t\t\t\t<span class=\"elementor-button-content-wrapper\">\n\t\t\t\t\t\t\t\t\t<span class=\"elementor-button-text\">Lettre aux conseill\u00e8res et conseillers nationaux - d\u00e9cembre 2024<\/span>\n\t\t\t\t\t<\/span>\n\t\t\t\t\t<\/a>\n\t\t\t\t<\/div>\n\t\t\t\t\t\t\t\t<\/div>\n\t\t\t\t<\/div>\n\t\t\t\t\t<\/div>\n\t\t<\/div>\n\t\t\t\t\t<\/div>\n\t\t<\/section>\n\t\t\t\t<\/div>","protected":false},"excerpt":{"rendered":"<p>Prise de position de la fmc sur les r\u00e9seaux de soins coordonn\u00e9s.<\/p>","protected":false},"author":2,"featured_media":7098,"comment_status":"closed","ping_status":"closed","sticky":false,"template":"","format":[140,139],"meta":{"footnotes":""},"strategie":[163],"thema":[170],"class_list":["post-7097","post","type-post","status-publish","format-standard","has-post-thumbnail","hentry","strategie-integrierte-versorgung-allgemein","thema-themenuebergreifende-fmc-aktivitaet","format-gesundheitspolitik","format-publikation"],"yoast_head":"<!-- This site is optimized with the Yoast SEO plugin v27.5 - https:\/\/yoast.com\/product\/yoast-seo-wordpress\/ -->\n<title>Stellungnahme des fmc zu den Massnahmen zur Kostend\u00e4mpfung \u2013 Paket 2, insbesondere die Netzwerke zur koordinierten Versorgung - FMC<\/title>\n<meta name=\"description\" content=\"Stellungnahme des fmc zu den Netzwerken zur koordinierten Versorgung.\" \/>\n<meta name=\"robots\" content=\"index, follow, max-snippet:-1, max-image-preview:large, max-video-preview:-1\" \/>\n<link rel=\"canonical\" href=\"https:\/\/fmc.ch\/fr\/avis-de-la-fmc-sur-le-paquet-de-mesures-2\/\" \/>\n<meta property=\"og:locale\" content=\"fr_FR\" \/>\n<meta property=\"og:type\" content=\"article\" \/>\n<meta property=\"og:title\" content=\"Stellungnahme des fmc zu den Massnahmen zur Kostend\u00e4mpfung \u2013 Paket 2, insbesondere die Netzwerke zur koordinierten Versorgung - FMC\" \/>\n<meta property=\"og:description\" content=\"Stellungnahme des fmc zu den Netzwerken zur koordinierten Versorgung.\" \/>\n<meta property=\"og:url\" content=\"https:\/\/fmc.ch\/fr\/avis-de-la-fmc-sur-le-paquet-de-mesures-2\/\" \/>\n<meta property=\"og:site_name\" content=\"FMC\" \/>\n<meta property=\"article:published_time\" content=\"2024-04-19T10:11:28+00:00\" \/>\n<meta property=\"article:modified_time\" content=\"2025-11-27T16:21:08+00:00\" \/>\n<meta property=\"og:image\" content=\"https:\/\/fmc.ch\/wp-content\/uploads\/2024\/01\/Gesundheitspolitik_fmc-Stellungnahme_Netzwerke-koordinierte-Versorgung-D.png\" \/>\n\t<meta property=\"og:image:width\" content=\"732\" \/>\n\t<meta property=\"og:image:height\" content=\"681\" \/>\n\t<meta property=\"og:image:type\" content=\"image\/png\" \/>\n<meta name=\"author\" content=\"Nadja Blanchard\" \/>\n<meta name=\"twitter:card\" content=\"summary_large_image\" \/>\n<meta name=\"twitter:label1\" content=\"\u00c9crit par\" \/>\n\t<meta name=\"twitter:data1\" content=\"Nadja Blanchard\" \/>\n\t<meta name=\"twitter:label2\" content=\"Dur\u00e9e de lecture estim\u00e9e\" \/>\n\t<meta name=\"twitter:data2\" content=\"2 minutes\" \/>\n<script type=\"application\/ld+json\" class=\"yoast-schema-graph\">{\"@context\":\"https:\\\/\\\/schema.org\",\"@graph\":[{\"@type\":\"Article\",\"@id\":\"https:\\\/\\\/fmc.ch\\\/fmc-stellungnahme-zum-massnahmenpaket-2\\\/#article\",\"isPartOf\":{\"@id\":\"https:\\\/\\\/fmc.ch\\\/fmc-stellungnahme-zum-massnahmenpaket-2\\\/\"},\"author\":{\"name\":\"Nadja Blanchard\",\"@id\":\"https:\\\/\\\/fmc.ch\\\/#\\\/schema\\\/person\\\/3a7218d283691f8ef8cf410e4615e507\"},\"headline\":\"Stellungnahme des fmc zu den Massnahmen zur Kostend\u00e4mpfung \u2013 Paket 2, insbesondere die Netzwerke zur koordinierten Versorgung\",\"datePublished\":\"2024-04-19T10:11:28+00:00\",\"dateModified\":\"2025-11-27T16:21:08+00:00\",\"mainEntityOfPage\":{\"@id\":\"https:\\\/\\\/fmc.ch\\\/fmc-stellungnahme-zum-massnahmenpaket-2\\\/\"},\"wordCount\":239,\"publisher\":{\"@id\":\"https:\\\/\\\/fmc.ch\\\/#organization\"},\"image\":{\"@id\":\"https:\\\/\\\/fmc.ch\\\/fmc-stellungnahme-zum-massnahmenpaket-2\\\/#primaryimage\"},\"thumbnailUrl\":\"https:\\\/\\\/fmc.ch\\\/wp-content\\\/uploads\\\/2024\\\/01\\\/Gesundheitspolitik_fmc-Stellungnahme_Netzwerke-koordinierte-Versorgung-D.png\",\"articleSection\":[\"Gesundheitspolitik\"],\"inLanguage\":\"fr-FR\"},{\"@type\":\"WebPage\",\"@id\":\"https:\\\/\\\/fmc.ch\\\/fmc-stellungnahme-zum-massnahmenpaket-2\\\/\",\"url\":\"https:\\\/\\\/fmc.ch\\\/fmc-stellungnahme-zum-massnahmenpaket-2\\\/\",\"name\":\"Stellungnahme des fmc zu den Massnahmen zur Kostend\u00e4mpfung \u2013 Paket 2, insbesondere die Netzwerke zur koordinierten Versorgung - FMC\",\"isPartOf\":{\"@id\":\"https:\\\/\\\/fmc.ch\\\/#website\"},\"primaryImageOfPage\":{\"@id\":\"https:\\\/\\\/fmc.ch\\\/fmc-stellungnahme-zum-massnahmenpaket-2\\\/#primaryimage\"},\"image\":{\"@id\":\"https:\\\/\\\/fmc.ch\\\/fmc-stellungnahme-zum-massnahmenpaket-2\\\/#primaryimage\"},\"thumbnailUrl\":\"https:\\\/\\\/fmc.ch\\\/wp-content\\\/uploads\\\/2024\\\/01\\\/Gesundheitspolitik_fmc-Stellungnahme_Netzwerke-koordinierte-Versorgung-D.png\",\"datePublished\":\"2024-04-19T10:11:28+00:00\",\"dateModified\":\"2025-11-27T16:21:08+00:00\",\"description\":\"Stellungnahme des fmc zu den Netzwerken zur koordinierten Versorgung.\",\"breadcrumb\":{\"@id\":\"https:\\\/\\\/fmc.ch\\\/fmc-stellungnahme-zum-massnahmenpaket-2\\\/#breadcrumb\"},\"inLanguage\":\"fr-FR\",\"potentialAction\":[{\"@type\":\"ReadAction\",\"target\":[\"https:\\\/\\\/fmc.ch\\\/fmc-stellungnahme-zum-massnahmenpaket-2\\\/\"]}]},{\"@type\":\"ImageObject\",\"inLanguage\":\"fr-FR\",\"@id\":\"https:\\\/\\\/fmc.ch\\\/fmc-stellungnahme-zum-massnahmenpaket-2\\\/#primaryimage\",\"url\":\"https:\\\/\\\/fmc.ch\\\/wp-content\\\/uploads\\\/2024\\\/01\\\/Gesundheitspolitik_fmc-Stellungnahme_Netzwerke-koordinierte-Versorgung-D.png\",\"contentUrl\":\"https:\\\/\\\/fmc.ch\\\/wp-content\\\/uploads\\\/2024\\\/01\\\/Gesundheitspolitik_fmc-Stellungnahme_Netzwerke-koordinierte-Versorgung-D.png\",\"width\":732,\"height\":681},{\"@type\":\"BreadcrumbList\",\"@id\":\"https:\\\/\\\/fmc.ch\\\/fmc-stellungnahme-zum-massnahmenpaket-2\\\/#breadcrumb\",\"itemListElement\":[{\"@type\":\"ListItem\",\"position\":1,\"name\":\"Home\",\"item\":\"https:\\\/\\\/fmc.ch\\\/\"},{\"@type\":\"ListItem\",\"position\":2,\"name\":\"Stellungnahme des fmc zu den Massnahmen zur Kostend\u00e4mpfung \u2013 Paket 2, insbesondere die Netzwerke zur koordinierten Versorgung\"}]},{\"@type\":\"WebSite\",\"@id\":\"https:\\\/\\\/fmc.ch\\\/#website\",\"url\":\"https:\\\/\\\/fmc.ch\\\/\",\"name\":\"FMC\",\"description\":\"Schweizer Forum f\u00fcr Integrierte Versorgung\",\"publisher\":{\"@id\":\"https:\\\/\\\/fmc.ch\\\/#organization\"},\"potentialAction\":[{\"@type\":\"SearchAction\",\"target\":{\"@type\":\"EntryPoint\",\"urlTemplate\":\"https:\\\/\\\/fmc.ch\\\/?s={search_term_string}\"},\"query-input\":{\"@type\":\"PropertyValueSpecification\",\"valueRequired\":true,\"valueName\":\"search_term_string\"}}],\"inLanguage\":\"fr-FR\"},{\"@type\":\"Organization\",\"@id\":\"https:\\\/\\\/fmc.ch\\\/#organization\",\"name\":\"FMC\",\"url\":\"https:\\\/\\\/fmc.ch\\\/\",\"logo\":{\"@type\":\"ImageObject\",\"inLanguage\":\"fr-FR\",\"@id\":\"https:\\\/\\\/fmc.ch\\\/#\\\/schema\\\/logo\\\/image\\\/\",\"url\":\"https:\\\/\\\/fmc.ch\\\/wp-content\\\/uploads\\\/2023\\\/09\\\/fmc-logo.svg\",\"contentUrl\":\"https:\\\/\\\/fmc.ch\\\/wp-content\\\/uploads\\\/2023\\\/09\\\/fmc-logo.svg\",\"caption\":\"FMC\"},\"image\":{\"@id\":\"https:\\\/\\\/fmc.ch\\\/#\\\/schema\\\/logo\\\/image\\\/\"}},{\"@type\":\"Person\",\"@id\":\"https:\\\/\\\/fmc.ch\\\/#\\\/schema\\\/person\\\/3a7218d283691f8ef8cf410e4615e507\",\"name\":\"Nadja Blanchard\",\"image\":{\"@type\":\"ImageObject\",\"inLanguage\":\"fr-FR\",\"@id\":\"https:\\\/\\\/secure.gravatar.com\\\/avatar\\\/729fbcebbfccd7834565b1398470d6ea84a4f3e7525873a0cb368db99228ce7b?s=96&d=mm&r=g\",\"url\":\"https:\\\/\\\/secure.gravatar.com\\\/avatar\\\/729fbcebbfccd7834565b1398470d6ea84a4f3e7525873a0cb368db99228ce7b?s=96&d=mm&r=g\",\"contentUrl\":\"https:\\\/\\\/secure.gravatar.com\\\/avatar\\\/729fbcebbfccd7834565b1398470d6ea84a4f3e7525873a0cb368db99228ce7b?s=96&d=mm&r=g\",\"caption\":\"Nadja Blanchard\"},\"url\":\"https:\\\/\\\/fmc.ch\\\/fr\\\/author\\\/nadja-blanchardfmc-ch\\\/\"}]}<\/script>\n<!-- \/ Yoast SEO plugin. -->","yoast_head_json":{"title":"Prise de position de la fmc sur les mesures de ma\u00eetrise des co\u00fbts - paquet 2, notamment les r\u00e9seaux de soins coordonn\u00e9s - FMC","description":"Prise de position de la fmc sur les r\u00e9seaux de soins coordonn\u00e9s.","robots":{"index":"index","follow":"follow","max-snippet":"max-snippet:-1","max-image-preview":"max-image-preview:large","max-video-preview":"max-video-preview:-1"},"canonical":"https:\/\/fmc.ch\/fr\/avis-de-la-fmc-sur-le-paquet-de-mesures-2\/","og_locale":"fr_FR","og_type":"article","og_title":"Stellungnahme des fmc zu den Massnahmen zur Kostend\u00e4mpfung \u2013 Paket 2, insbesondere die Netzwerke zur koordinierten Versorgung - FMC","og_description":"Stellungnahme des fmc zu den Netzwerken zur koordinierten Versorgung.","og_url":"https:\/\/fmc.ch\/fr\/avis-de-la-fmc-sur-le-paquet-de-mesures-2\/","og_site_name":"FMC","article_published_time":"2024-04-19T10:11:28+00:00","article_modified_time":"2025-11-27T16:21:08+00:00","og_image":[{"width":732,"height":681,"url":"https:\/\/fmc.ch\/wp-content\/uploads\/2024\/01\/Gesundheitspolitik_fmc-Stellungnahme_Netzwerke-koordinierte-Versorgung-D.png","type":"image\/png"}],"author":"Nadja Blanchard","twitter_card":"summary_large_image","twitter_misc":{"\u00c9crit par":"Nadja Blanchard","Dur\u00e9e de lecture estim\u00e9e":"2 minutes"},"schema":{"@context":"https:\/\/schema.org","@graph":[{"@type":"Article","@id":"https:\/\/fmc.ch\/fmc-stellungnahme-zum-massnahmenpaket-2\/#article","isPartOf":{"@id":"https:\/\/fmc.ch\/fmc-stellungnahme-zum-massnahmenpaket-2\/"},"author":{"name":"Nadja Blanchard","@id":"https:\/\/fmc.ch\/#\/schema\/person\/3a7218d283691f8ef8cf410e4615e507"},"headline":"Stellungnahme des fmc zu den Massnahmen zur Kostend\u00e4mpfung \u2013 Paket 2, insbesondere die Netzwerke zur koordinierten Versorgung","datePublished":"2024-04-19T10:11:28+00:00","dateModified":"2025-11-27T16:21:08+00:00","mainEntityOfPage":{"@id":"https:\/\/fmc.ch\/fmc-stellungnahme-zum-massnahmenpaket-2\/"},"wordCount":239,"publisher":{"@id":"https:\/\/fmc.ch\/#organization"},"image":{"@id":"https:\/\/fmc.ch\/fmc-stellungnahme-zum-massnahmenpaket-2\/#primaryimage"},"thumbnailUrl":"https:\/\/fmc.ch\/wp-content\/uploads\/2024\/01\/Gesundheitspolitik_fmc-Stellungnahme_Netzwerke-koordinierte-Versorgung-D.png","articleSection":["Gesundheitspolitik"],"inLanguage":"fr-FR"},{"@type":"WebPage","@id":"https:\/\/fmc.ch\/fmc-stellungnahme-zum-massnahmenpaket-2\/","url":"https:\/\/fmc.ch\/fmc-stellungnahme-zum-massnahmenpaket-2\/","name":"Prise de position de la fmc sur les mesures de ma\u00eetrise des co\u00fbts - paquet 2, notamment les r\u00e9seaux de soins coordonn\u00e9s - FMC","isPartOf":{"@id":"https:\/\/fmc.ch\/#website"},"primaryImageOfPage":{"@id":"https:\/\/fmc.ch\/fmc-stellungnahme-zum-massnahmenpaket-2\/#primaryimage"},"image":{"@id":"https:\/\/fmc.ch\/fmc-stellungnahme-zum-massnahmenpaket-2\/#primaryimage"},"thumbnailUrl":"https:\/\/fmc.ch\/wp-content\/uploads\/2024\/01\/Gesundheitspolitik_fmc-Stellungnahme_Netzwerke-koordinierte-Versorgung-D.png","datePublished":"2024-04-19T10:11:28+00:00","dateModified":"2025-11-27T16:21:08+00:00","description":"Prise de position de la fmc sur les r\u00e9seaux de soins coordonn\u00e9s.","breadcrumb":{"@id":"https:\/\/fmc.ch\/fmc-stellungnahme-zum-massnahmenpaket-2\/#breadcrumb"},"inLanguage":"fr-FR","potentialAction":[{"@type":"ReadAction","target":["https:\/\/fmc.ch\/fmc-stellungnahme-zum-massnahmenpaket-2\/"]}]},{"@type":"ImageObject","inLanguage":"fr-FR","@id":"https:\/\/fmc.ch\/fmc-stellungnahme-zum-massnahmenpaket-2\/#primaryimage","url":"https:\/\/fmc.ch\/wp-content\/uploads\/2024\/01\/Gesundheitspolitik_fmc-Stellungnahme_Netzwerke-koordinierte-Versorgung-D.png","contentUrl":"https:\/\/fmc.ch\/wp-content\/uploads\/2024\/01\/Gesundheitspolitik_fmc-Stellungnahme_Netzwerke-koordinierte-Versorgung-D.png","width":732,"height":681},{"@type":"BreadcrumbList","@id":"https:\/\/fmc.ch\/fmc-stellungnahme-zum-massnahmenpaket-2\/#breadcrumb","itemListElement":[{"@type":"ListItem","position":1,"name":"Home","item":"https:\/\/fmc.ch\/"},{"@type":"ListItem","position":2,"name":"Stellungnahme des fmc zu den Massnahmen zur Kostend\u00e4mpfung \u2013 Paket 2, insbesondere die Netzwerke zur koordinierten Versorgung"}]},{"@type":"WebSite","@id":"https:\/\/fmc.ch\/#website","url":"https:\/\/fmc.ch\/","name":"FMC","description":"Forum suisse des soins int\u00e9gr\u00e9s","publisher":{"@id":"https:\/\/fmc.ch\/#organization"},"potentialAction":[{"@type":"SearchAction","target":{"@type":"EntryPoint","urlTemplate":"https:\/\/fmc.ch\/?s={search_term_string}"},"query-input":{"@type":"PropertyValueSpecification","valueRequired":true,"valueName":"search_term_string"}}],"inLanguage":"fr-FR"},{"@type":"Organization","@id":"https:\/\/fmc.ch\/#organization","name":"FMC","url":"https:\/\/fmc.ch\/","logo":{"@type":"ImageObject","inLanguage":"fr-FR","@id":"https:\/\/fmc.ch\/#\/schema\/logo\/image\/","url":"https:\/\/fmc.ch\/wp-content\/uploads\/2023\/09\/fmc-logo.svg","contentUrl":"https:\/\/fmc.ch\/wp-content\/uploads\/2023\/09\/fmc-logo.svg","caption":"FMC"},"image":{"@id":"https:\/\/fmc.ch\/#\/schema\/logo\/image\/"}},{"@type":"Person","@id":"https:\/\/fmc.ch\/#\/schema\/person\/3a7218d283691f8ef8cf410e4615e507","name":"Nadja Blanchard","image":{"@type":"ImageObject","inLanguage":"fr-FR","@id":"https:\/\/secure.gravatar.com\/avatar\/729fbcebbfccd7834565b1398470d6ea84a4f3e7525873a0cb368db99228ce7b?s=96&d=mm&r=g","url":"https:\/\/secure.gravatar.com\/avatar\/729fbcebbfccd7834565b1398470d6ea84a4f3e7525873a0cb368db99228ce7b?s=96&d=mm&r=g","contentUrl":"https:\/\/secure.gravatar.com\/avatar\/729fbcebbfccd7834565b1398470d6ea84a4f3e7525873a0cb368db99228ce7b?s=96&d=mm&r=g","caption":"Nadja Blanchard"},"url":"https:\/\/fmc.ch\/fr\/author\/nadja-blanchardfmc-ch\/"}]}},"_links":{"self":[{"href":"https:\/\/fmc.ch\/fr\/wp-json\/wp\/v2\/posts\/7097","targetHints":{"allow":["GET"]}}],"collection":[{"href":"https:\/\/fmc.ch\/fr\/wp-json\/wp\/v2\/posts"}],"about":[{"href":"https:\/\/fmc.ch\/fr\/wp-json\/wp\/v2\/types\/post"}],"author":[{"embeddable":true,"href":"https:\/\/fmc.ch\/fr\/wp-json\/wp\/v2\/users\/2"}],"replies":[{"embeddable":true,"href":"https:\/\/fmc.ch\/fr\/wp-json\/wp\/v2\/comments?post=7097"}],"version-history":[{"count":19,"href":"https:\/\/fmc.ch\/fr\/wp-json\/wp\/v2\/posts\/7097\/revisions"}],"predecessor-version":[{"id":12940,"href":"https:\/\/fmc.ch\/fr\/wp-json\/wp\/v2\/posts\/7097\/revisions\/12940"}],"wp:featuredmedia":[{"embeddable":true,"href":"https:\/\/fmc.ch\/fr\/wp-json\/wp\/v2\/media\/7098"}],"wp:attachment":[{"href":"https:\/\/fmc.ch\/fr\/wp-json\/wp\/v2\/media?parent=7097"}],"wp:term":[{"taxonomy":"strategie","embeddable":true,"href":"https:\/\/fmc.ch\/fr\/wp-json\/wp\/v2\/strategie?post=7097"},{"taxonomy":"thema","embeddable":true,"href":"https:\/\/fmc.ch\/fr\/wp-json\/wp\/v2\/thema?post=7097"},{"taxonomy":"format","embeddable":true,"href":"https:\/\/fmc.ch\/fr\/wp-json\/wp\/v2\/format?post=7097"}],"curies":[{"name":"wp","href":"https:\/\/api.w.org\/{rel}","templated":true}]}}