{"id":5989,"date":"2023-12-13T10:57:20","date_gmt":"2023-12-13T10:57:20","guid":{"rendered":"https:\/\/fmc.ch\/?p=5989"},"modified":"2025-12-01T15:29:28","modified_gmt":"2025-12-01T14:29:28","slug":"pro-efas-financement-uniforme-des-prestations-ambulatoires-et-hospitalieres","status":"publish","type":"post","link":"https:\/\/fmc.ch\/fr\/pro-efas-einheitliche-finanzierung-von-ambulanten-und-stationaeren-leistungen\/","title":{"rendered":"Pro EFAS - Financement uniforme des prestations ambulatoires et hospitali\u00e8res"},"content":{"rendered":"<div data-elementor-type=\"wp-post\" data-elementor-id=\"5989\" class=\"elementor elementor-5989\" data-elementor-post-type=\"post\">\n\t\t\t\t\t\t<section class=\"elementor-section elementor-top-section elementor-element elementor-element-3c69925 elementor-section-boxed elementor-section-height-default elementor-section-height-default elementor-invisible\" data-id=\"3c69925\" data-element_type=\"section\" data-e-type=\"section\" data-settings=\"{&quot;animation&quot;:&quot;fadeIn&quot;}\">\n\t\t\t\t\t\t<div class=\"elementor-container elementor-column-gap-default\">\n\t\t\t\t\t<div class=\"elementor-column elementor-col-100 elementor-top-column elementor-element elementor-element-8adddda\" data-id=\"8adddda\" data-element_type=\"column\" data-e-type=\"column\">\n\t\t\t<div class=\"elementor-widget-wrap elementor-element-populated\">\n\t\t\t\t\t\t<div class=\"elementor-element elementor-element-9b8f5b4 elementor-widget elementor-widget-text-editor\" data-id=\"9b8f5b4\" data-element_type=\"widget\" data-e-type=\"widget\" data-widget_type=\"text-editor.default\">\n\t\t\t\t<div class=\"elementor-widget-container\">\n\t\t\t\t\t\t\t\t\t<p>La fmc est l'une des 22 organisations qui soutiennent l'alliance pro EFAS et l'introduction du financement uniforme des prestations ambulatoires et stationnaires. Le 22 d\u00e9cembre 2023, le Parlement a adopt\u00e9 une modification de la LAMal visant \u00e0 uniformiser le financement des prestations.<\/p>\t\t\t\t\t\t\t\t<\/div>\n\t\t\t\t<\/div>\n\t\t\t\t\t<\/div>\n\t\t<\/div>\n\t\t\t\t\t<\/div>\n\t\t<\/section>\n\t\t\t\t<section class=\"elementor-section elementor-top-section elementor-element elementor-element-566dd79 elementor-section-boxed elementor-section-height-default elementor-section-height-default\" data-id=\"566dd79\" data-element_type=\"section\" data-e-type=\"section\">\n\t\t\t\t\t\t<div class=\"elementor-container elementor-column-gap-default\">\n\t\t\t\t\t<div class=\"elementor-column elementor-col-50 elementor-top-column elementor-element elementor-element-7491faa\" data-id=\"7491faa\" data-element_type=\"column\" data-e-type=\"column\">\n\t\t\t<div class=\"elementor-widget-wrap elementor-element-populated\">\n\t\t\t\t\t\t<div class=\"elementor-element elementor-element-509678b elementor-widget elementor-widget-image\" data-id=\"509678b\" data-element_type=\"widget\" data-e-type=\"widget\" data-widget_type=\"image.default\">\n\t\t\t\t<div class=\"elementor-widget-container\">\n\t\t\t\t\t\t\t\t\t\t\t\t\t\t\t\t<a href=\"https:\/\/www.pro-efas.ch\/de\/\">\n\t\t\t\t\t\t\t<img fetchpriority=\"high\" decoding=\"async\" width=\"600\" height=\"338\" src=\"https:\/\/fmc.ch\/wp-content\/uploads\/2023\/12\/Gesundheitspolitik_EFAS_Quote_pro-efas_fmc_D-600x338.png\" class=\"attachment-medium size-medium wp-image-5993\" alt=\"\" srcset=\"https:\/\/fmc.ch\/wp-content\/uploads\/2023\/12\/Gesundheitspolitik_EFAS_Quote_pro-efas_fmc_D-600x338.png 600w, https:\/\/fmc.ch\/wp-content\/uploads\/2023\/12\/Gesundheitspolitik_EFAS_Quote_pro-efas_fmc_D-768x432.png 768w, https:\/\/fmc.ch\/wp-content\/uploads\/2023\/12\/Gesundheitspolitik_EFAS_Quote_pro-efas_fmc_D-1536x864.png 1536w, https:\/\/fmc.ch\/wp-content\/uploads\/2023\/12\/Gesundheitspolitik_EFAS_Quote_pro-efas_fmc_D.png 1600w\" sizes=\"(max-width: 600px) 100vw, 600px\" \/>\t\t\t\t\t\t\t\t<\/a>\n\t\t\t\t\t\t\t\t\t\t\t\t\t\t\t<\/div>\n\t\t\t\t<\/div>\n\t\t\t\t<div class=\"elementor-element elementor-element-8016d6a elementor-align-left elementor-widget elementor-widget-button\" data-id=\"8016d6a\" data-element_type=\"widget\" data-e-type=\"widget\" data-widget_type=\"button.default\">\n\t\t\t\t<div class=\"elementor-widget-container\">\n\t\t\t\t\t\t\t\t\t<div class=\"elementor-button-wrapper\">\n\t\t\t\t\t<a class=\"elementor-button elementor-button-link elementor-size-sm\" href=\"https:\/\/www.pro-efas.ch\/de\/\" target=\"_blank\">\n\t\t\t\t\t\t<span class=\"elementor-button-content-wrapper\">\n\t\t\t\t\t\t\t\t\t<span class=\"elementor-button-text\">Vers le site web Pro EFAS<\/span>\n\t\t\t\t\t<\/span>\n\t\t\t\t\t<\/a>\n\t\t\t\t<\/div>\n\t\t\t\t\t\t\t\t<\/div>\n\t\t\t\t<\/div>\n\t\t\t\t\t<\/div>\n\t\t<\/div>\n\t\t\t\t<div class=\"elementor-column elementor-col-50 elementor-top-column elementor-element elementor-element-ba64980\" data-id=\"ba64980\" data-element_type=\"column\" data-e-type=\"column\">\n\t\t\t<div class=\"elementor-widget-wrap elementor-element-populated\">\n\t\t\t\t\t\t<section class=\"elementor-section elementor-inner-section elementor-element elementor-element-397572d elementor-section-height-min-height elementor-section-boxed elementor-section-height-default\" data-id=\"397572d\" data-element_type=\"section\" data-e-type=\"section\">\n\t\t\t\t\t\t<div class=\"elementor-container elementor-column-gap-default\">\n\t\t\t\t\t<div class=\"elementor-column elementor-col-100 elementor-inner-column elementor-element elementor-element-5396917\" data-id=\"5396917\" data-element_type=\"column\" data-e-type=\"column\">\n\t\t\t<div class=\"elementor-widget-wrap elementor-element-populated\">\n\t\t\t\t\t\t<div class=\"elementor-element elementor-element-cb69fe6 elementor-widget elementor-widget-html\" data-id=\"cb69fe6\" data-element_type=\"widget\" data-e-type=\"widget\" data-widget_type=\"html.default\">\n\t\t\t\t<div class=\"elementor-widget-container\">\n\t\t\t\t\t<iframe width=\"560\" height=\"315\" src=\"https:\/\/www.rts.ch\/play\/embed?urn=urn:rts:video:14581944&subdivisions=false\" allowfullscreen allow=\"geolocation *; autoplay; encrypted-media\"><\/iframe>\t\t\t\t<\/div>\n\t\t\t\t<\/div>\n\t\t\t\t\t<\/div>\n\t\t<\/div>\n\t\t\t\t\t<\/div>\n\t\t<\/section>\n\t\t\t\t\t<\/div>\n\t\t<\/div>\n\t\t\t\t\t<\/div>\n\t\t<\/section>\n\t\t\t\t<section class=\"elementor-section elementor-top-section elementor-element elementor-element-d86a02d elementor-section-boxed elementor-section-height-default elementor-section-height-default\" data-id=\"d86a02d\" data-element_type=\"section\" data-e-type=\"section\">\n\t\t\t\t\t\t<div class=\"elementor-container elementor-column-gap-default\">\n\t\t\t\t\t<div class=\"elementor-column elementor-col-100 elementor-top-column elementor-element elementor-element-6a30558\" data-id=\"6a30558\" data-element_type=\"column\" data-e-type=\"column\">\n\t\t\t<div class=\"elementor-widget-wrap elementor-element-populated\">\n\t\t\t\t\t\t<div class=\"elementor-element elementor-element-f8e0b0b elementor-widget elementor-widget-spacer\" data-id=\"f8e0b0b\" data-element_type=\"widget\" data-e-type=\"widget\" data-widget_type=\"spacer.default\">\n\t\t\t\t<div class=\"elementor-widget-container\">\n\t\t\t\t\t\t\t<div class=\"elementor-spacer\">\n\t\t\t<div class=\"elementor-spacer-inner\"><\/div>\n\t\t<\/div>\n\t\t\t\t\t\t<\/div>\n\t\t\t\t<\/div>\n\t\t\t\t\t<\/div>\n\t\t<\/div>\n\t\t\t\t\t<\/div>\n\t\t<\/section>\n\t\t<div class=\"elementor-element elementor-element-d6cd064 e-flex e-con-boxed e-con e-parent\" data-id=\"d6cd064\" data-element_type=\"container\" data-e-type=\"container\">\n\t\t\t\t\t<div class=\"e-con-inner\">\n\t\t\t\t<div class=\"elementor-element elementor-element-54f13b8 elementor-widget-divider--view-line elementor-widget elementor-widget-divider\" data-id=\"54f13b8\" data-element_type=\"widget\" data-e-type=\"widget\" data-widget_type=\"divider.default\">\n\t\t\t\t<div class=\"elementor-widget-container\">\n\t\t\t\t\t\t\t<div class=\"elementor-divider\">\n\t\t\t<span class=\"elementor-divider-separator\">\n\t\t\t\t\t\t<\/span>\n\t\t<\/div>\n\t\t\t\t\t\t<\/div>\n\t\t\t\t<\/div>\n\t\t\t\t\t<\/div>\n\t\t\t\t<\/div>\n\t\t<div class=\"elementor-element elementor-element-9f75071 e-flex e-con-boxed e-con e-parent\" data-id=\"9f75071\" data-element_type=\"container\" data-e-type=\"container\">\n\t\t\t\t\t<div class=\"e-con-inner\">\n\t\t\t\t<div class=\"elementor-element elementor-element-061f88d elementor-widget elementor-widget-heading\" data-id=\"061f88d\" data-element_type=\"widget\" data-e-type=\"widget\" data-widget_type=\"heading.default\">\n\t\t\t\t<div class=\"elementor-widget-container\">\n\t\t\t\t\t<h2 class=\"elementor-heading-title elementor-size-default\">Plus d'articles sur EFAS<\/h2>\t\t\t\t<\/div>\n\t\t\t\t<\/div>\n\t\t\t\t\t<\/div>\n\t\t\t\t<\/div>\n\t\t<div class=\"elementor-element elementor-element-509bbd4 e-flex e-con-boxed e-con e-parent\" data-id=\"509bbd4\" data-element_type=\"container\" data-e-type=\"container\">\n\t\t\t\t\t<div class=\"e-con-inner\">\n\t\t\t\t<div class=\"elementor-element elementor-element-b26476a elementor-widget elementor-widget-text-editor\" data-id=\"b26476a\" data-element_type=\"widget\" data-e-type=\"widget\" data-widget_type=\"text-editor.default\">\n\t\t\t\t<div class=\"elementor-widget-container\">\n\t\t\t\t\t\t\t\t\t<ul><li class=\"elementor-heading-title elementor-size-default\"><a href=\"https:\/\/fmc.ch\/fr\/efas-et-les-soins-integres\/\" target=\"_blank\" rel=\"noopener\">EFAS et les soins int\u00e9gr\u00e9s - l'avenir commence<\/a><\/li><\/ul>\t\t\t\t\t\t\t\t<\/div>\n\t\t\t\t<\/div>\n\t\t\t\t\t<\/div>\n\t\t\t\t<\/div>\n\t\t\t\t<\/div>","protected":false},"excerpt":{"rendered":"<p>La fmc soutient l'alliance pro EFAS et l'introduction d'un financement uniforme des prestations ambulatoires et stationnaires. <\/p>","protected":false},"author":2,"featured_media":5990,"comment_status":"closed","ping_status":"closed","sticky":false,"template":"","format":[140],"meta":{"footnotes":""},"strategie":[158],"thema":[167],"class_list":["post-5989","post","type-post","status-publish","format-standard","has-post-thumbnail","hentry","strategie-finanzierung","thema-finanzierung-verguetung","format-gesundheitspolitik"],"yoast_head":"<!-- This site is optimized with the Yoast SEO plugin v27.5 - https:\/\/yoast.com\/product\/yoast-seo-wordpress\/ -->\n<title>Pro EFAS - Einheitliche Finanzierung von ambulanten und station\u00e4ren Leistungen - FMC<\/title>\n<meta name=\"description\" content=\"Das fmc unterst\u00fctzt die Allianz pro EFAS und die Einf\u00fchrung der einheitlichen Finanzierung ambulanter und station\u00e4rer Leistungen.\" \/>\n<meta name=\"robots\" content=\"index, follow, max-snippet:-1, max-image-preview:large, max-video-preview:-1\" \/>\n<link rel=\"canonical\" href=\"https:\/\/fmc.ch\/fr\/pro-efas-financement-uniforme-des-prestations-ambulatoires-et-hospitalieres\/\" \/>\n<meta property=\"og:locale\" content=\"fr_FR\" \/>\n<meta property=\"og:type\" content=\"article\" \/>\n<meta property=\"og:title\" content=\"Pro EFAS - Einheitliche Finanzierung von ambulanten und station\u00e4ren Leistungen - FMC\" \/>\n<meta property=\"og:description\" content=\"Das fmc unterst\u00fctzt die Allianz pro EFAS und die Einf\u00fchrung der einheitlichen Finanzierung ambulanter und station\u00e4rer Leistungen.\" \/>\n<meta property=\"og:url\" content=\"https:\/\/fmc.ch\/fr\/pro-efas-financement-uniforme-des-prestations-ambulatoires-et-hospitalieres\/\" \/>\n<meta property=\"og:site_name\" content=\"FMC\" \/>\n<meta property=\"article:published_time\" content=\"2023-12-13T10:57:20+00:00\" \/>\n<meta property=\"article:modified_time\" content=\"2025-12-01T14:29:28+00:00\" \/>\n<meta property=\"og:image\" content=\"https:\/\/fmc.ch\/wp-content\/uploads\/2023\/12\/Gesundheitspolitik_Bild-EFAS.png\" \/>\n\t<meta property=\"og:image:width\" content=\"432\" \/>\n\t<meta property=\"og:image:height\" content=\"320\" \/>\n\t<meta property=\"og:image:type\" content=\"image\/png\" \/>\n<meta name=\"author\" content=\"Nadja Blanchard\" \/>\n<meta name=\"twitter:card\" content=\"summary_large_image\" \/>\n<meta name=\"twitter:label1\" content=\"\u00c9crit par\" \/>\n\t<meta name=\"twitter:data1\" content=\"Nadja Blanchard\" \/>\n\t<meta name=\"twitter:label2\" content=\"Dur\u00e9e de lecture estim\u00e9e\" \/>\n\t<meta name=\"twitter:data2\" content=\"1 minute\" \/>\n<script type=\"application\/ld+json\" class=\"yoast-schema-graph\">{\"@context\":\"https:\\\/\\\/schema.org\",\"@graph\":[{\"@type\":\"Article\",\"@id\":\"https:\\\/\\\/fmc.ch\\\/pro-efas-einheitliche-finanzierung-von-ambulanten-und-stationaeren-leistungen\\\/#article\",\"isPartOf\":{\"@id\":\"https:\\\/\\\/fmc.ch\\\/pro-efas-einheitliche-finanzierung-von-ambulanten-und-stationaeren-leistungen\\\/\"},\"author\":{\"name\":\"Nadja Blanchard\",\"@id\":\"https:\\\/\\\/fmc.ch\\\/#\\\/schema\\\/person\\\/3a7218d283691f8ef8cf410e4615e507\"},\"headline\":\"Pro EFAS &#8211; Einheitliche Finanzierung von ambulanten und station\u00e4ren Leistungen\",\"datePublished\":\"2023-12-13T10:57:20+00:00\",\"dateModified\":\"2025-12-01T14:29:28+00:00\",\"mainEntityOfPage\":{\"@id\":\"https:\\\/\\\/fmc.ch\\\/pro-efas-einheitliche-finanzierung-von-ambulanten-und-stationaeren-leistungen\\\/\"},\"wordCount\":65,\"publisher\":{\"@id\":\"https:\\\/\\\/fmc.ch\\\/#organization\"},\"image\":{\"@id\":\"https:\\\/\\\/fmc.ch\\\/pro-efas-einheitliche-finanzierung-von-ambulanten-und-stationaeren-leistungen\\\/#primaryimage\"},\"thumbnailUrl\":\"https:\\\/\\\/fmc.ch\\\/wp-content\\\/uploads\\\/2023\\\/12\\\/Gesundheitspolitik_Bild-EFAS.png\",\"articleSection\":[\"Gesundheitspolitik\"],\"inLanguage\":\"fr-FR\"},{\"@type\":\"WebPage\",\"@id\":\"https:\\\/\\\/fmc.ch\\\/pro-efas-einheitliche-finanzierung-von-ambulanten-und-stationaeren-leistungen\\\/\",\"url\":\"https:\\\/\\\/fmc.ch\\\/pro-efas-einheitliche-finanzierung-von-ambulanten-und-stationaeren-leistungen\\\/\",\"name\":\"Pro EFAS - Einheitliche Finanzierung von ambulanten und station\u00e4ren Leistungen - FMC\",\"isPartOf\":{\"@id\":\"https:\\\/\\\/fmc.ch\\\/#website\"},\"primaryImageOfPage\":{\"@id\":\"https:\\\/\\\/fmc.ch\\\/pro-efas-einheitliche-finanzierung-von-ambulanten-und-stationaeren-leistungen\\\/#primaryimage\"},\"image\":{\"@id\":\"https:\\\/\\\/fmc.ch\\\/pro-efas-einheitliche-finanzierung-von-ambulanten-und-stationaeren-leistungen\\\/#primaryimage\"},\"thumbnailUrl\":\"https:\\\/\\\/fmc.ch\\\/wp-content\\\/uploads\\\/2023\\\/12\\\/Gesundheitspolitik_Bild-EFAS.png\",\"datePublished\":\"2023-12-13T10:57:20+00:00\",\"dateModified\":\"2025-12-01T14:29:28+00:00\",\"description\":\"Das fmc unterst\u00fctzt die Allianz pro EFAS und die Einf\u00fchrung der einheitlichen Finanzierung ambulanter und station\u00e4rer Leistungen.\",\"breadcrumb\":{\"@id\":\"https:\\\/\\\/fmc.ch\\\/pro-efas-einheitliche-finanzierung-von-ambulanten-und-stationaeren-leistungen\\\/#breadcrumb\"},\"inLanguage\":\"fr-FR\",\"potentialAction\":[{\"@type\":\"ReadAction\",\"target\":[\"https:\\\/\\\/fmc.ch\\\/pro-efas-einheitliche-finanzierung-von-ambulanten-und-stationaeren-leistungen\\\/\"]}]},{\"@type\":\"ImageObject\",\"inLanguage\":\"fr-FR\",\"@id\":\"https:\\\/\\\/fmc.ch\\\/pro-efas-einheitliche-finanzierung-von-ambulanten-und-stationaeren-leistungen\\\/#primaryimage\",\"url\":\"https:\\\/\\\/fmc.ch\\\/wp-content\\\/uploads\\\/2023\\\/12\\\/Gesundheitspolitik_Bild-EFAS.png\",\"contentUrl\":\"https:\\\/\\\/fmc.ch\\\/wp-content\\\/uploads\\\/2023\\\/12\\\/Gesundheitspolitik_Bild-EFAS.png\",\"width\":432,\"height\":320},{\"@type\":\"BreadcrumbList\",\"@id\":\"https:\\\/\\\/fmc.ch\\\/pro-efas-einheitliche-finanzierung-von-ambulanten-und-stationaeren-leistungen\\\/#breadcrumb\",\"itemListElement\":[{\"@type\":\"ListItem\",\"position\":1,\"name\":\"Home\",\"item\":\"https:\\\/\\\/fmc.ch\\\/\"},{\"@type\":\"ListItem\",\"position\":2,\"name\":\"Pro EFAS &#8211; Einheitliche Finanzierung von ambulanten und station\u00e4ren Leistungen\"}]},{\"@type\":\"WebSite\",\"@id\":\"https:\\\/\\\/fmc.ch\\\/#website\",\"url\":\"https:\\\/\\\/fmc.ch\\\/\",\"name\":\"FMC\",\"description\":\"Schweizer Forum f\u00fcr Integrierte Versorgung\",\"publisher\":{\"@id\":\"https:\\\/\\\/fmc.ch\\\/#organization\"},\"potentialAction\":[{\"@type\":\"SearchAction\",\"target\":{\"@type\":\"EntryPoint\",\"urlTemplate\":\"https:\\\/\\\/fmc.ch\\\/?s={search_term_string}\"},\"query-input\":{\"@type\":\"PropertyValueSpecification\",\"valueRequired\":true,\"valueName\":\"search_term_string\"}}],\"inLanguage\":\"fr-FR\"},{\"@type\":\"Organization\",\"@id\":\"https:\\\/\\\/fmc.ch\\\/#organization\",\"name\":\"FMC\",\"url\":\"https:\\\/\\\/fmc.ch\\\/\",\"logo\":{\"@type\":\"ImageObject\",\"inLanguage\":\"fr-FR\",\"@id\":\"https:\\\/\\\/fmc.ch\\\/#\\\/schema\\\/logo\\\/image\\\/\",\"url\":\"https:\\\/\\\/fmc.ch\\\/wp-content\\\/uploads\\\/2023\\\/09\\\/fmc-logo.svg\",\"contentUrl\":\"https:\\\/\\\/fmc.ch\\\/wp-content\\\/uploads\\\/2023\\\/09\\\/fmc-logo.svg\",\"caption\":\"FMC\"},\"image\":{\"@id\":\"https:\\\/\\\/fmc.ch\\\/#\\\/schema\\\/logo\\\/image\\\/\"}},{\"@type\":\"Person\",\"@id\":\"https:\\\/\\\/fmc.ch\\\/#\\\/schema\\\/person\\\/3a7218d283691f8ef8cf410e4615e507\",\"name\":\"Nadja Blanchard\",\"image\":{\"@type\":\"ImageObject\",\"inLanguage\":\"fr-FR\",\"@id\":\"https:\\\/\\\/secure.gravatar.com\\\/avatar\\\/729fbcebbfccd7834565b1398470d6ea84a4f3e7525873a0cb368db99228ce7b?s=96&d=mm&r=g\",\"url\":\"https:\\\/\\\/secure.gravatar.com\\\/avatar\\\/729fbcebbfccd7834565b1398470d6ea84a4f3e7525873a0cb368db99228ce7b?s=96&d=mm&r=g\",\"contentUrl\":\"https:\\\/\\\/secure.gravatar.com\\\/avatar\\\/729fbcebbfccd7834565b1398470d6ea84a4f3e7525873a0cb368db99228ce7b?s=96&d=mm&r=g\",\"caption\":\"Nadja Blanchard\"},\"url\":\"https:\\\/\\\/fmc.ch\\\/fr\\\/author\\\/nadja-blanchardfmc-ch\\\/\"}]}<\/script>\n<!-- \/ Yoast SEO plugin. -->","yoast_head_json":{"title":"Pro EFAS - Financement uniforme des prestations ambulatoires et hospitali\u00e8res - FMC","description":"La fmc soutient l'alliance pro EFAS et l'introduction d'un financement uniforme des prestations ambulatoires et stationnaires.","robots":{"index":"index","follow":"follow","max-snippet":"max-snippet:-1","max-image-preview":"max-image-preview:large","max-video-preview":"max-video-preview:-1"},"canonical":"https:\/\/fmc.ch\/fr\/pro-efas-financement-uniforme-des-prestations-ambulatoires-et-hospitalieres\/","og_locale":"fr_FR","og_type":"article","og_title":"Pro EFAS - Einheitliche Finanzierung von ambulanten und station\u00e4ren Leistungen - FMC","og_description":"Das fmc unterst\u00fctzt die Allianz pro EFAS und die Einf\u00fchrung der einheitlichen Finanzierung ambulanter und station\u00e4rer Leistungen.","og_url":"https:\/\/fmc.ch\/fr\/pro-efas-financement-uniforme-des-prestations-ambulatoires-et-hospitalieres\/","og_site_name":"FMC","article_published_time":"2023-12-13T10:57:20+00:00","article_modified_time":"2025-12-01T14:29:28+00:00","og_image":[{"width":432,"height":320,"url":"https:\/\/fmc.ch\/wp-content\/uploads\/2023\/12\/Gesundheitspolitik_Bild-EFAS.png","type":"image\/png"}],"author":"Nadja Blanchard","twitter_card":"summary_large_image","twitter_misc":{"\u00c9crit par":"Nadja Blanchard","Dur\u00e9e de lecture estim\u00e9e":"1 minute"},"schema":{"@context":"https:\/\/schema.org","@graph":[{"@type":"Article","@id":"https:\/\/fmc.ch\/pro-efas-einheitliche-finanzierung-von-ambulanten-und-stationaeren-leistungen\/#article","isPartOf":{"@id":"https:\/\/fmc.ch\/pro-efas-einheitliche-finanzierung-von-ambulanten-und-stationaeren-leistungen\/"},"author":{"name":"Nadja Blanchard","@id":"https:\/\/fmc.ch\/#\/schema\/person\/3a7218d283691f8ef8cf410e4615e507"},"headline":"Pro EFAS &#8211; Einheitliche Finanzierung von ambulanten und station\u00e4ren Leistungen","datePublished":"2023-12-13T10:57:20+00:00","dateModified":"2025-12-01T14:29:28+00:00","mainEntityOfPage":{"@id":"https:\/\/fmc.ch\/pro-efas-einheitliche-finanzierung-von-ambulanten-und-stationaeren-leistungen\/"},"wordCount":65,"publisher":{"@id":"https:\/\/fmc.ch\/#organization"},"image":{"@id":"https:\/\/fmc.ch\/pro-efas-einheitliche-finanzierung-von-ambulanten-und-stationaeren-leistungen\/#primaryimage"},"thumbnailUrl":"https:\/\/fmc.ch\/wp-content\/uploads\/2023\/12\/Gesundheitspolitik_Bild-EFAS.png","articleSection":["Gesundheitspolitik"],"inLanguage":"fr-FR"},{"@type":"WebPage","@id":"https:\/\/fmc.ch\/pro-efas-einheitliche-finanzierung-von-ambulanten-und-stationaeren-leistungen\/","url":"https:\/\/fmc.ch\/pro-efas-einheitliche-finanzierung-von-ambulanten-und-stationaeren-leistungen\/","name":"Pro EFAS - Financement uniforme des prestations ambulatoires et hospitali\u00e8res - FMC","isPartOf":{"@id":"https:\/\/fmc.ch\/#website"},"primaryImageOfPage":{"@id":"https:\/\/fmc.ch\/pro-efas-einheitliche-finanzierung-von-ambulanten-und-stationaeren-leistungen\/#primaryimage"},"image":{"@id":"https:\/\/fmc.ch\/pro-efas-einheitliche-finanzierung-von-ambulanten-und-stationaeren-leistungen\/#primaryimage"},"thumbnailUrl":"https:\/\/fmc.ch\/wp-content\/uploads\/2023\/12\/Gesundheitspolitik_Bild-EFAS.png","datePublished":"2023-12-13T10:57:20+00:00","dateModified":"2025-12-01T14:29:28+00:00","description":"La fmc soutient l'alliance pro EFAS et l'introduction d'un financement uniforme des prestations ambulatoires et stationnaires.","breadcrumb":{"@id":"https:\/\/fmc.ch\/pro-efas-einheitliche-finanzierung-von-ambulanten-und-stationaeren-leistungen\/#breadcrumb"},"inLanguage":"fr-FR","potentialAction":[{"@type":"ReadAction","target":["https:\/\/fmc.ch\/pro-efas-einheitliche-finanzierung-von-ambulanten-und-stationaeren-leistungen\/"]}]},{"@type":"ImageObject","inLanguage":"fr-FR","@id":"https:\/\/fmc.ch\/pro-efas-einheitliche-finanzierung-von-ambulanten-und-stationaeren-leistungen\/#primaryimage","url":"https:\/\/fmc.ch\/wp-content\/uploads\/2023\/12\/Gesundheitspolitik_Bild-EFAS.png","contentUrl":"https:\/\/fmc.ch\/wp-content\/uploads\/2023\/12\/Gesundheitspolitik_Bild-EFAS.png","width":432,"height":320},{"@type":"BreadcrumbList","@id":"https:\/\/fmc.ch\/pro-efas-einheitliche-finanzierung-von-ambulanten-und-stationaeren-leistungen\/#breadcrumb","itemListElement":[{"@type":"ListItem","position":1,"name":"Home","item":"https:\/\/fmc.ch\/"},{"@type":"ListItem","position":2,"name":"Pro EFAS &#8211; Einheitliche Finanzierung von ambulanten und station\u00e4ren Leistungen"}]},{"@type":"WebSite","@id":"https:\/\/fmc.ch\/#website","url":"https:\/\/fmc.ch\/","name":"FMC","description":"Forum suisse des soins int\u00e9gr\u00e9s","publisher":{"@id":"https:\/\/fmc.ch\/#organization"},"potentialAction":[{"@type":"SearchAction","target":{"@type":"EntryPoint","urlTemplate":"https:\/\/fmc.ch\/?s={search_term_string}"},"query-input":{"@type":"PropertyValueSpecification","valueRequired":true,"valueName":"search_term_string"}}],"inLanguage":"fr-FR"},{"@type":"Organization","@id":"https:\/\/fmc.ch\/#organization","name":"FMC","url":"https:\/\/fmc.ch\/","logo":{"@type":"ImageObject","inLanguage":"fr-FR","@id":"https:\/\/fmc.ch\/#\/schema\/logo\/image\/","url":"https:\/\/fmc.ch\/wp-content\/uploads\/2023\/09\/fmc-logo.svg","contentUrl":"https:\/\/fmc.ch\/wp-content\/uploads\/2023\/09\/fmc-logo.svg","caption":"FMC"},"image":{"@id":"https:\/\/fmc.ch\/#\/schema\/logo\/image\/"}},{"@type":"Person","@id":"https:\/\/fmc.ch\/#\/schema\/person\/3a7218d283691f8ef8cf410e4615e507","name":"Nadja Blanchard","image":{"@type":"ImageObject","inLanguage":"fr-FR","@id":"https:\/\/secure.gravatar.com\/avatar\/729fbcebbfccd7834565b1398470d6ea84a4f3e7525873a0cb368db99228ce7b?s=96&d=mm&r=g","url":"https:\/\/secure.gravatar.com\/avatar\/729fbcebbfccd7834565b1398470d6ea84a4f3e7525873a0cb368db99228ce7b?s=96&d=mm&r=g","contentUrl":"https:\/\/secure.gravatar.com\/avatar\/729fbcebbfccd7834565b1398470d6ea84a4f3e7525873a0cb368db99228ce7b?s=96&d=mm&r=g","caption":"Nadja Blanchard"},"url":"https:\/\/fmc.ch\/fr\/author\/nadja-blanchardfmc-ch\/"}]}},"_links":{"self":[{"href":"https:\/\/fmc.ch\/fr\/wp-json\/wp\/v2\/posts\/5989","targetHints":{"allow":["GET"]}}],"collection":[{"href":"https:\/\/fmc.ch\/fr\/wp-json\/wp\/v2\/posts"}],"about":[{"href":"https:\/\/fmc.ch\/fr\/wp-json\/wp\/v2\/types\/post"}],"author":[{"embeddable":true,"href":"https:\/\/fmc.ch\/fr\/wp-json\/wp\/v2\/users\/2"}],"replies":[{"embeddable":true,"href":"https:\/\/fmc.ch\/fr\/wp-json\/wp\/v2\/comments?post=5989"}],"version-history":[{"count":7,"href":"https:\/\/fmc.ch\/fr\/wp-json\/wp\/v2\/posts\/5989\/revisions"}],"predecessor-version":[{"id":16965,"href":"https:\/\/fmc.ch\/fr\/wp-json\/wp\/v2\/posts\/5989\/revisions\/16965"}],"wp:featuredmedia":[{"embeddable":true,"href":"https:\/\/fmc.ch\/fr\/wp-json\/wp\/v2\/media\/5990"}],"wp:attachment":[{"href":"https:\/\/fmc.ch\/fr\/wp-json\/wp\/v2\/media?parent=5989"}],"wp:term":[{"taxonomy":"strategie","embeddable":true,"href":"https:\/\/fmc.ch\/fr\/wp-json\/wp\/v2\/strategie?post=5989"},{"taxonomy":"thema","embeddable":true,"href":"https:\/\/fmc.ch\/fr\/wp-json\/wp\/v2\/thema?post=5989"},{"taxonomy":"format","embeddable":true,"href":"https:\/\/fmc.ch\/fr\/wp-json\/wp\/v2\/format?post=5989"}],"curies":[{"name":"wp","href":"https:\/\/api.w.org\/{rel}","templated":true}]}}