{"id":2625,"date":"2020-05-09T15:50:00","date_gmt":"2020-05-09T15:50:00","guid":{"rendered":"https:\/\/fmc.ch\/?p=2625"},"modified":"2025-11-27T17:00:25","modified_gmt":"2025-11-27T16:00:25","slug":"medbase-dans-la-crise-de-covid-19","status":"publish","type":"post","link":"https:\/\/fmc.ch\/fr\/medbase-in-der-covid-19-krise\/","title":{"rendered":"Medbase dans la crise Covid-19 et au-del\u00e0 ? Contribution aux soins int\u00e9gr\u00e9s ?"},"content":{"rendered":"<div data-elementor-type=\"wp-post\" data-elementor-id=\"2625\" class=\"elementor elementor-2625\" data-elementor-post-type=\"post\">\n\t\t\t\t\t\t<section class=\"elementor-section elementor-top-section elementor-element elementor-element-4abfd0d elementor-reverse-tablet elementor-reverse-mobile elementor-section-boxed elementor-section-height-default elementor-section-height-default\" data-id=\"4abfd0d\" data-element_type=\"section\" data-e-type=\"section\" data-settings=\"{&quot;animation&quot;:&quot;none&quot;}\">\n\t\t\t\t\t\t<div class=\"elementor-container elementor-column-gap-default\">\n\t\t\t\t\t<div class=\"elementor-column elementor-col-50 elementor-top-column elementor-element elementor-element-cc0812c\" data-id=\"cc0812c\" data-element_type=\"column\" data-e-type=\"column\">\n\t\t\t<div class=\"elementor-widget-wrap elementor-element-populated\">\n\t\t\t\t\t\t<div class=\"elementor-element elementor-element-021ca3e elementor-invisible elementor-widget elementor-widget-text-editor\" data-id=\"021ca3e\" data-element_type=\"widget\" data-e-type=\"widget\" data-settings=\"{&quot;_animation&quot;:&quot;fadeIn&quot;}\" data-widget_type=\"text-editor.default\">\n\t\t\t\t<div class=\"elementor-widget-container\">\n\t\t\t\t\t\t\t\t\t<p>Entretien avec <strong>Karl Metzger<\/strong>, COO du groupe Medbase<\/p><p>Quel a \u00e9t\u00e9 l'impact de la pand\u00e9mie Covid-19 sur Medbase. Quel est le r\u00f4le de Medbase dans les soins int\u00e9gr\u00e9s ? Quelle est la strat\u00e9gie de Medbase et quelles sont les collaborations\/synergies avec Migros, la maison m\u00e8re ?<\/p><p>Nous remercions M. Metzger pour cet entretien de fond.<\/p>\t\t\t\t\t\t\t\t<\/div>\n\t\t\t\t<\/div>\n\t\t\t\t\t<\/div>\n\t\t<\/div>\n\t\t\t\t<div class=\"elementor-column elementor-col-50 elementor-top-column elementor-element elementor-element-97c01ad\" data-id=\"97c01ad\" data-element_type=\"column\" data-e-type=\"column\">\n\t\t\t<div class=\"elementor-widget-wrap elementor-element-populated\">\n\t\t\t\t\t\t<div class=\"elementor-element elementor-element-c2db581 elementor-widget elementor-widget-video\" data-id=\"c2db581\" data-element_type=\"widget\" data-e-type=\"widget\" data-settings=\"{&quot;youtube_url&quot;:&quot;https:\\\/\\\/www.youtube.com\\\/watch?v=LVdX2Qq7fQs&quot;,&quot;lazy_load&quot;:&quot;yes&quot;,&quot;video_type&quot;:&quot;youtube&quot;,&quot;controls&quot;:&quot;yes&quot;}\" data-widget_type=\"video.default\">\n\t\t\t\t<div class=\"elementor-widget-container\">\n\t\t\t\t\t\t\t<div class=\"elementor-wrapper elementor-open-inline\">\n\t\t\t<div class=\"elementor-video\"><\/div>\t\t<\/div>\n\t\t\t\t\t\t<\/div>\n\t\t\t\t<\/div>\n\t\t\t\t<div class=\"elementor-element elementor-element-6d0ecb7 widget-image-caption elementor-widget elementor-widget-text-editor\" data-id=\"6d0ecb7\" data-element_type=\"widget\" data-e-type=\"widget\" data-widget_type=\"text-editor.default\">\n\t\t\t\t<div class=\"elementor-widget-container\">\n\t\t\t\t\t\t\t\t\t<p>medbase Karl Metzger\u00a0<\/p>\t\t\t\t\t\t\t\t<\/div>\n\t\t\t\t<\/div>\n\t\t\t\t\t<\/div>\n\t\t<\/div>\n\t\t\t\t\t<\/div>\n\t\t<\/section>\n\t\t\t\t<section class=\"elementor-section elementor-top-section elementor-element elementor-element-ffed084 elementor-section-boxed elementor-section-height-default elementor-section-height-default\" data-id=\"ffed084\" data-element_type=\"section\" data-e-type=\"section\">\n\t\t\t\t\t\t<div class=\"elementor-container elementor-column-gap-default\">\n\t\t\t\t\t<div class=\"elementor-column elementor-col-100 elementor-top-column elementor-element elementor-element-26f556a\" data-id=\"26f556a\" data-element_type=\"column\" data-e-type=\"column\">\n\t\t\t<div class=\"elementor-widget-wrap elementor-element-populated\">\n\t\t\t\t\t\t<div class=\"elementor-element elementor-element-1ea001e elementor-widget elementor-widget-spacer\" data-id=\"1ea001e\" data-element_type=\"widget\" data-e-type=\"widget\" data-widget_type=\"spacer.default\">\n\t\t\t\t<div class=\"elementor-widget-container\">\n\t\t\t\t\t\t\t<div class=\"elementor-spacer\">\n\t\t\t<div class=\"elementor-spacer-inner\"><\/div>\n\t\t<\/div>\n\t\t\t\t\t\t<\/div>\n\t\t\t\t<\/div>\n\t\t\t\t\t<\/div>\n\t\t<\/div>\n\t\t\t\t\t<\/div>\n\t\t<\/section>\n\t\t\t\t<\/div>","protected":false},"excerpt":{"rendered":"<p>Quel a \u00e9t\u00e9 l'impact de la pand\u00e9mie Covid-19 sur Medbase. Quel est le r\u00f4le de Medbase dans les soins int\u00e9gr\u00e9s ?<\/p>","protected":false},"author":2,"featured_media":2626,"comment_status":"closed","ping_status":"closed","sticky":false,"template":"","format":[147,139],"meta":{"footnotes":""},"strategie":[156],"thema":[152],"class_list":["post-2625","post","type-post","status-publish","format-standard","has-post-thumbnail","hentry","strategie-zusammenarbeit","thema-interprofessionelle-zusammenarbeit","format-hintergrundgespraeche","format-publikation"],"yoast_head":"<!-- This site is optimized with the Yoast SEO plugin v27.5 - https:\/\/yoast.com\/product\/yoast-seo-wordpress\/ -->\n<title>Medbase in der Covid-19 Krise und dar\u00fcber hinaus? Beitrag zur Integrierten Versorgung? - FMC<\/title>\n<meta name=\"description\" content=\"Welche Auswirkungen hatte die Covid-19 Pandemie auf Medbase. Welche Rolle nimmt Medbase in der Integrierten Versorgung ein?\" \/>\n<meta name=\"robots\" content=\"index, follow, max-snippet:-1, max-image-preview:large, max-video-preview:-1\" \/>\n<link rel=\"canonical\" href=\"https:\/\/fmc.ch\/fr\/medbase-dans-la-crise-de-covid-19\/\" \/>\n<meta property=\"og:locale\" content=\"fr_FR\" \/>\n<meta property=\"og:type\" content=\"article\" \/>\n<meta property=\"og:title\" content=\"Medbase in der Covid-19 Krise und dar\u00fcber hinaus? Beitrag zur Integrierten Versorgung? - FMC\" \/>\n<meta property=\"og:description\" content=\"Welche Auswirkungen hatte die Covid-19 Pandemie auf Medbase. Welche Rolle nimmt Medbase in der Integrierten Versorgung ein?\" \/>\n<meta property=\"og:url\" content=\"https:\/\/fmc.ch\/fr\/medbase-dans-la-crise-de-covid-19\/\" \/>\n<meta property=\"og:site_name\" content=\"FMC\" \/>\n<meta property=\"article:published_time\" content=\"2020-05-09T15:50:00+00:00\" \/>\n<meta property=\"article:modified_time\" content=\"2025-11-27T16:00:25+00:00\" \/>\n<meta property=\"og:image\" content=\"https:\/\/fmc.ch\/wp-content\/uploads\/2023\/10\/Bild-zu-Hintergrundgespraech-medbase.jpg\" \/>\n\t<meta property=\"og:image:width\" content=\"627\" \/>\n\t<meta property=\"og:image:height\" content=\"600\" \/>\n\t<meta property=\"og:image:type\" content=\"image\/jpeg\" \/>\n<meta name=\"author\" content=\"Nadja Blanchard\" \/>\n<meta name=\"twitter:card\" content=\"summary_large_image\" \/>\n<meta name=\"twitter:label1\" content=\"\u00c9crit par\" \/>\n\t<meta name=\"twitter:data1\" content=\"Nadja Blanchard\" \/>\n\t<meta name=\"twitter:label2\" content=\"Dur\u00e9e de lecture estim\u00e9e\" \/>\n\t<meta name=\"twitter:data2\" content=\"1 minute\" \/>\n<script type=\"application\/ld+json\" class=\"yoast-schema-graph\">{\"@context\":\"https:\\\/\\\/schema.org\",\"@graph\":[{\"@type\":\"Article\",\"@id\":\"https:\\\/\\\/fmc.ch\\\/medbase-in-der-covid-19-krise\\\/#article\",\"isPartOf\":{\"@id\":\"https:\\\/\\\/fmc.ch\\\/medbase-in-der-covid-19-krise\\\/\"},\"author\":{\"name\":\"Nadja Blanchard\",\"@id\":\"https:\\\/\\\/fmc.ch\\\/#\\\/schema\\\/person\\\/3a7218d283691f8ef8cf410e4615e507\"},\"headline\":\"Medbase in der Covid-19 Krise und dar\u00fcber hinaus? Beitrag zur Integrierten Versorgung?\",\"datePublished\":\"2020-05-09T15:50:00+00:00\",\"dateModified\":\"2025-11-27T16:00:25+00:00\",\"mainEntityOfPage\":{\"@id\":\"https:\\\/\\\/fmc.ch\\\/medbase-in-der-covid-19-krise\\\/\"},\"wordCount\":71,\"publisher\":{\"@id\":\"https:\\\/\\\/fmc.ch\\\/#organization\"},\"image\":{\"@id\":\"https:\\\/\\\/fmc.ch\\\/medbase-in-der-covid-19-krise\\\/#primaryimage\"},\"thumbnailUrl\":\"https:\\\/\\\/fmc.ch\\\/wp-content\\\/uploads\\\/2023\\\/10\\\/Bild-zu-Hintergrundgespraech-medbase.jpg\",\"articleSection\":[\"Hintergrundgespr\u00e4che\"],\"inLanguage\":\"fr-FR\"},{\"@type\":\"WebPage\",\"@id\":\"https:\\\/\\\/fmc.ch\\\/medbase-in-der-covid-19-krise\\\/\",\"url\":\"https:\\\/\\\/fmc.ch\\\/medbase-in-der-covid-19-krise\\\/\",\"name\":\"Medbase in der Covid-19 Krise und dar\u00fcber hinaus? Beitrag zur Integrierten Versorgung? - FMC\",\"isPartOf\":{\"@id\":\"https:\\\/\\\/fmc.ch\\\/#website\"},\"primaryImageOfPage\":{\"@id\":\"https:\\\/\\\/fmc.ch\\\/medbase-in-der-covid-19-krise\\\/#primaryimage\"},\"image\":{\"@id\":\"https:\\\/\\\/fmc.ch\\\/medbase-in-der-covid-19-krise\\\/#primaryimage\"},\"thumbnailUrl\":\"https:\\\/\\\/fmc.ch\\\/wp-content\\\/uploads\\\/2023\\\/10\\\/Bild-zu-Hintergrundgespraech-medbase.jpg\",\"datePublished\":\"2020-05-09T15:50:00+00:00\",\"dateModified\":\"2025-11-27T16:00:25+00:00\",\"description\":\"Welche Auswirkungen hatte die Covid-19 Pandemie auf Medbase. Welche Rolle nimmt Medbase in der Integrierten Versorgung ein?\",\"breadcrumb\":{\"@id\":\"https:\\\/\\\/fmc.ch\\\/medbase-in-der-covid-19-krise\\\/#breadcrumb\"},\"inLanguage\":\"fr-FR\",\"potentialAction\":[{\"@type\":\"ReadAction\",\"target\":[\"https:\\\/\\\/fmc.ch\\\/medbase-in-der-covid-19-krise\\\/\"]}]},{\"@type\":\"ImageObject\",\"inLanguage\":\"fr-FR\",\"@id\":\"https:\\\/\\\/fmc.ch\\\/medbase-in-der-covid-19-krise\\\/#primaryimage\",\"url\":\"https:\\\/\\\/fmc.ch\\\/wp-content\\\/uploads\\\/2023\\\/10\\\/Bild-zu-Hintergrundgespraech-medbase.jpg\",\"contentUrl\":\"https:\\\/\\\/fmc.ch\\\/wp-content\\\/uploads\\\/2023\\\/10\\\/Bild-zu-Hintergrundgespraech-medbase.jpg\",\"width\":627,\"height\":600},{\"@type\":\"BreadcrumbList\",\"@id\":\"https:\\\/\\\/fmc.ch\\\/medbase-in-der-covid-19-krise\\\/#breadcrumb\",\"itemListElement\":[{\"@type\":\"ListItem\",\"position\":1,\"name\":\"Home\",\"item\":\"https:\\\/\\\/fmc.ch\\\/\"},{\"@type\":\"ListItem\",\"position\":2,\"name\":\"Medbase in der Covid-19 Krise und dar\u00fcber hinaus? Beitrag zur Integrierten Versorgung?\"}]},{\"@type\":\"WebSite\",\"@id\":\"https:\\\/\\\/fmc.ch\\\/#website\",\"url\":\"https:\\\/\\\/fmc.ch\\\/\",\"name\":\"FMC\",\"description\":\"Schweizer Forum f\u00fcr Integrierte Versorgung\",\"publisher\":{\"@id\":\"https:\\\/\\\/fmc.ch\\\/#organization\"},\"potentialAction\":[{\"@type\":\"SearchAction\",\"target\":{\"@type\":\"EntryPoint\",\"urlTemplate\":\"https:\\\/\\\/fmc.ch\\\/?s={search_term_string}\"},\"query-input\":{\"@type\":\"PropertyValueSpecification\",\"valueRequired\":true,\"valueName\":\"search_term_string\"}}],\"inLanguage\":\"fr-FR\"},{\"@type\":\"Organization\",\"@id\":\"https:\\\/\\\/fmc.ch\\\/#organization\",\"name\":\"FMC\",\"url\":\"https:\\\/\\\/fmc.ch\\\/\",\"logo\":{\"@type\":\"ImageObject\",\"inLanguage\":\"fr-FR\",\"@id\":\"https:\\\/\\\/fmc.ch\\\/#\\\/schema\\\/logo\\\/image\\\/\",\"url\":\"https:\\\/\\\/fmc.ch\\\/wp-content\\\/uploads\\\/2023\\\/09\\\/fmc-logo.svg\",\"contentUrl\":\"https:\\\/\\\/fmc.ch\\\/wp-content\\\/uploads\\\/2023\\\/09\\\/fmc-logo.svg\",\"caption\":\"FMC\"},\"image\":{\"@id\":\"https:\\\/\\\/fmc.ch\\\/#\\\/schema\\\/logo\\\/image\\\/\"}},{\"@type\":\"Person\",\"@id\":\"https:\\\/\\\/fmc.ch\\\/#\\\/schema\\\/person\\\/3a7218d283691f8ef8cf410e4615e507\",\"name\":\"Nadja Blanchard\",\"image\":{\"@type\":\"ImageObject\",\"inLanguage\":\"fr-FR\",\"@id\":\"https:\\\/\\\/secure.gravatar.com\\\/avatar\\\/729fbcebbfccd7834565b1398470d6ea84a4f3e7525873a0cb368db99228ce7b?s=96&d=mm&r=g\",\"url\":\"https:\\\/\\\/secure.gravatar.com\\\/avatar\\\/729fbcebbfccd7834565b1398470d6ea84a4f3e7525873a0cb368db99228ce7b?s=96&d=mm&r=g\",\"contentUrl\":\"https:\\\/\\\/secure.gravatar.com\\\/avatar\\\/729fbcebbfccd7834565b1398470d6ea84a4f3e7525873a0cb368db99228ce7b?s=96&d=mm&r=g\",\"caption\":\"Nadja Blanchard\"},\"url\":\"https:\\\/\\\/fmc.ch\\\/fr\\\/author\\\/nadja-blanchardfmc-ch\\\/\"}]}<\/script>\n<!-- \/ Yoast SEO plugin. -->","yoast_head_json":{"title":"Medbase dans la crise Covid-19 et au-del\u00e0 ? Contribution aux soins int\u00e9gr\u00e9s ? - FMC","description":"Quel a \u00e9t\u00e9 l'impact de la pand\u00e9mie Covid-19 sur Medbase. Quel est le r\u00f4le de Medbase dans les soins int\u00e9gr\u00e9s ?","robots":{"index":"index","follow":"follow","max-snippet":"max-snippet:-1","max-image-preview":"max-image-preview:large","max-video-preview":"max-video-preview:-1"},"canonical":"https:\/\/fmc.ch\/fr\/medbase-dans-la-crise-de-covid-19\/","og_locale":"fr_FR","og_type":"article","og_title":"Medbase in der Covid-19 Krise und dar\u00fcber hinaus? Beitrag zur Integrierten Versorgung? - FMC","og_description":"Welche Auswirkungen hatte die Covid-19 Pandemie auf Medbase. Welche Rolle nimmt Medbase in der Integrierten Versorgung ein?","og_url":"https:\/\/fmc.ch\/fr\/medbase-dans-la-crise-de-covid-19\/","og_site_name":"FMC","article_published_time":"2020-05-09T15:50:00+00:00","article_modified_time":"2025-11-27T16:00:25+00:00","og_image":[{"width":627,"height":600,"url":"https:\/\/fmc.ch\/wp-content\/uploads\/2023\/10\/Bild-zu-Hintergrundgespraech-medbase.jpg","type":"image\/jpeg"}],"author":"Nadja Blanchard","twitter_card":"summary_large_image","twitter_misc":{"\u00c9crit par":"Nadja Blanchard","Dur\u00e9e de lecture estim\u00e9e":"1 minute"},"schema":{"@context":"https:\/\/schema.org","@graph":[{"@type":"Article","@id":"https:\/\/fmc.ch\/medbase-in-der-covid-19-krise\/#article","isPartOf":{"@id":"https:\/\/fmc.ch\/medbase-in-der-covid-19-krise\/"},"author":{"name":"Nadja Blanchard","@id":"https:\/\/fmc.ch\/#\/schema\/person\/3a7218d283691f8ef8cf410e4615e507"},"headline":"Medbase in der Covid-19 Krise und dar\u00fcber hinaus? Beitrag zur Integrierten Versorgung?","datePublished":"2020-05-09T15:50:00+00:00","dateModified":"2025-11-27T16:00:25+00:00","mainEntityOfPage":{"@id":"https:\/\/fmc.ch\/medbase-in-der-covid-19-krise\/"},"wordCount":71,"publisher":{"@id":"https:\/\/fmc.ch\/#organization"},"image":{"@id":"https:\/\/fmc.ch\/medbase-in-der-covid-19-krise\/#primaryimage"},"thumbnailUrl":"https:\/\/fmc.ch\/wp-content\/uploads\/2023\/10\/Bild-zu-Hintergrundgespraech-medbase.jpg","articleSection":["Hintergrundgespr\u00e4che"],"inLanguage":"fr-FR"},{"@type":"WebPage","@id":"https:\/\/fmc.ch\/medbase-in-der-covid-19-krise\/","url":"https:\/\/fmc.ch\/medbase-in-der-covid-19-krise\/","name":"Medbase dans la crise Covid-19 et au-del\u00e0 ? Contribution aux soins int\u00e9gr\u00e9s ? - FMC","isPartOf":{"@id":"https:\/\/fmc.ch\/#website"},"primaryImageOfPage":{"@id":"https:\/\/fmc.ch\/medbase-in-der-covid-19-krise\/#primaryimage"},"image":{"@id":"https:\/\/fmc.ch\/medbase-in-der-covid-19-krise\/#primaryimage"},"thumbnailUrl":"https:\/\/fmc.ch\/wp-content\/uploads\/2023\/10\/Bild-zu-Hintergrundgespraech-medbase.jpg","datePublished":"2020-05-09T15:50:00+00:00","dateModified":"2025-11-27T16:00:25+00:00","description":"Quel a \u00e9t\u00e9 l'impact de la pand\u00e9mie Covid-19 sur Medbase. Quel est le r\u00f4le de Medbase dans les soins int\u00e9gr\u00e9s ?","breadcrumb":{"@id":"https:\/\/fmc.ch\/medbase-in-der-covid-19-krise\/#breadcrumb"},"inLanguage":"fr-FR","potentialAction":[{"@type":"ReadAction","target":["https:\/\/fmc.ch\/medbase-in-der-covid-19-krise\/"]}]},{"@type":"ImageObject","inLanguage":"fr-FR","@id":"https:\/\/fmc.ch\/medbase-in-der-covid-19-krise\/#primaryimage","url":"https:\/\/fmc.ch\/wp-content\/uploads\/2023\/10\/Bild-zu-Hintergrundgespraech-medbase.jpg","contentUrl":"https:\/\/fmc.ch\/wp-content\/uploads\/2023\/10\/Bild-zu-Hintergrundgespraech-medbase.jpg","width":627,"height":600},{"@type":"BreadcrumbList","@id":"https:\/\/fmc.ch\/medbase-in-der-covid-19-krise\/#breadcrumb","itemListElement":[{"@type":"ListItem","position":1,"name":"Home","item":"https:\/\/fmc.ch\/"},{"@type":"ListItem","position":2,"name":"Medbase in der Covid-19 Krise und dar\u00fcber hinaus? Beitrag zur Integrierten Versorgung?"}]},{"@type":"WebSite","@id":"https:\/\/fmc.ch\/#website","url":"https:\/\/fmc.ch\/","name":"FMC","description":"Forum suisse des soins int\u00e9gr\u00e9s","publisher":{"@id":"https:\/\/fmc.ch\/#organization"},"potentialAction":[{"@type":"SearchAction","target":{"@type":"EntryPoint","urlTemplate":"https:\/\/fmc.ch\/?s={search_term_string}"},"query-input":{"@type":"PropertyValueSpecification","valueRequired":true,"valueName":"search_term_string"}}],"inLanguage":"fr-FR"},{"@type":"Organization","@id":"https:\/\/fmc.ch\/#organization","name":"FMC","url":"https:\/\/fmc.ch\/","logo":{"@type":"ImageObject","inLanguage":"fr-FR","@id":"https:\/\/fmc.ch\/#\/schema\/logo\/image\/","url":"https:\/\/fmc.ch\/wp-content\/uploads\/2023\/09\/fmc-logo.svg","contentUrl":"https:\/\/fmc.ch\/wp-content\/uploads\/2023\/09\/fmc-logo.svg","caption":"FMC"},"image":{"@id":"https:\/\/fmc.ch\/#\/schema\/logo\/image\/"}},{"@type":"Person","@id":"https:\/\/fmc.ch\/#\/schema\/person\/3a7218d283691f8ef8cf410e4615e507","name":"Nadja Blanchard","image":{"@type":"ImageObject","inLanguage":"fr-FR","@id":"https:\/\/secure.gravatar.com\/avatar\/729fbcebbfccd7834565b1398470d6ea84a4f3e7525873a0cb368db99228ce7b?s=96&d=mm&r=g","url":"https:\/\/secure.gravatar.com\/avatar\/729fbcebbfccd7834565b1398470d6ea84a4f3e7525873a0cb368db99228ce7b?s=96&d=mm&r=g","contentUrl":"https:\/\/secure.gravatar.com\/avatar\/729fbcebbfccd7834565b1398470d6ea84a4f3e7525873a0cb368db99228ce7b?s=96&d=mm&r=g","caption":"Nadja Blanchard"},"url":"https:\/\/fmc.ch\/fr\/author\/nadja-blanchardfmc-ch\/"}]}},"_links":{"self":[{"href":"https:\/\/fmc.ch\/fr\/wp-json\/wp\/v2\/posts\/2625","targetHints":{"allow":["GET"]}}],"collection":[{"href":"https:\/\/fmc.ch\/fr\/wp-json\/wp\/v2\/posts"}],"about":[{"href":"https:\/\/fmc.ch\/fr\/wp-json\/wp\/v2\/types\/post"}],"author":[{"embeddable":true,"href":"https:\/\/fmc.ch\/fr\/wp-json\/wp\/v2\/users\/2"}],"replies":[{"embeddable":true,"href":"https:\/\/fmc.ch\/fr\/wp-json\/wp\/v2\/comments?post=2625"}],"version-history":[{"count":4,"href":"https:\/\/fmc.ch\/fr\/wp-json\/wp\/v2\/posts\/2625\/revisions"}],"predecessor-version":[{"id":11983,"href":"https:\/\/fmc.ch\/fr\/wp-json\/wp\/v2\/posts\/2625\/revisions\/11983"}],"wp:featuredmedia":[{"embeddable":true,"href":"https:\/\/fmc.ch\/fr\/wp-json\/wp\/v2\/media\/2626"}],"wp:attachment":[{"href":"https:\/\/fmc.ch\/fr\/wp-json\/wp\/v2\/media?parent=2625"}],"wp:term":[{"taxonomy":"strategie","embeddable":true,"href":"https:\/\/fmc.ch\/fr\/wp-json\/wp\/v2\/strategie?post=2625"},{"taxonomy":"thema","embeddable":true,"href":"https:\/\/fmc.ch\/fr\/wp-json\/wp\/v2\/thema?post=2625"},{"taxonomy":"format","embeddable":true,"href":"https:\/\/fmc.ch\/fr\/wp-json\/wp\/v2\/format?post=2625"}],"curies":[{"name":"wp","href":"https:\/\/api.w.org\/{rel}","templated":true}]}}