{"id":2589,"date":"2020-05-13T15:08:00","date_gmt":"2020-05-13T15:08:00","guid":{"rendered":"https:\/\/fmc.ch\/?p=2589"},"modified":"2024-11-11T09:53:25","modified_gmt":"2024-11-11T08:53:25","slug":"travail-social-dans-le-secteur-de-la-sante","status":"publish","type":"post","link":"https:\/\/fmc.ch\/fr\/soziale-arbeit-im-gesundheitswesen\/","title":{"rendered":"SAGES : travail social dans le secteur de la sant\u00e9 en g\u00e9n\u00e9ral et \u00e0 l'\u00e9poque de Corona"},"content":{"rendered":"<div data-elementor-type=\"wp-post\" data-elementor-id=\"2589\" class=\"elementor elementor-2589\" data-elementor-post-type=\"post\">\n\t\t\t\t\t\t<section class=\"elementor-section elementor-top-section elementor-element elementor-element-4abfd0d elementor-reverse-tablet elementor-reverse-mobile elementor-section-boxed elementor-section-height-default elementor-section-height-default\" data-id=\"4abfd0d\" data-element_type=\"section\" data-e-type=\"section\">\n\t\t\t\t\t\t<div class=\"elementor-container elementor-column-gap-default\">\n\t\t\t\t\t<div class=\"elementor-column elementor-col-50 elementor-top-column elementor-element elementor-element-cc0812c\" data-id=\"cc0812c\" data-element_type=\"column\" data-e-type=\"column\">\n\t\t\t<div class=\"elementor-widget-wrap elementor-element-populated\">\n\t\t\t\t\t\t<div class=\"elementor-element elementor-element-021ca3e elementor-invisible elementor-widget elementor-widget-text-editor\" data-id=\"021ca3e\" data-element_type=\"widget\" data-e-type=\"widget\" data-settings=\"{&quot;_animation&quot;:&quot;fadeIn&quot;}\" data-widget_type=\"text-editor.default\">\n\t\t\t\t<div class=\"elementor-widget-container\">\n\t\t\t\t\t\t\t\t\t<p>Entretien avec <strong>Tom Friedli<\/strong> (Pr\u00e9sident SAGES, H\u00f4pital universitaire de Berne, H\u00f4pital de l'\u00cele) &amp; <strong>Simon S\u00fcsstrunk<\/strong> (membre du comit\u00e9 directeur de la SAGES, collaborateur scientifique FHNW)<\/p>\n<p>Quel est le r\u00f4le et les missions du travail social clinique dans le secteur de la sant\u00e9 ? Quelle est la vision et les objectifs de l'association professionnelle SAGES et comment le travail social peut-il am\u00e9liorer les soins int\u00e9gr\u00e9s. Quel a \u00e9t\u00e9 l'impact de la pand\u00e9mie Covid-19 sur le travail social ?<\/p><p>Nous remercions M. Friedli et M. S\u00fcsstrunk pour cet entretien de fond.<br><\/p>\t\t\t\t\t\t\t\t<\/div>\n\t\t\t\t<\/div>\n\t\t\t\t\t<\/div>\n\t\t<\/div>\n\t\t\t\t<div class=\"elementor-column elementor-col-50 elementor-top-column elementor-element elementor-element-97c01ad\" data-id=\"97c01ad\" data-element_type=\"column\" data-e-type=\"column\">\n\t\t\t<div class=\"elementor-widget-wrap elementor-element-populated\">\n\t\t\t\t\t\t<div class=\"elementor-element elementor-element-2122262 elementor-widget elementor-widget-video\" data-id=\"2122262\" data-element_type=\"widget\" data-e-type=\"widget\" data-settings=\"{&quot;youtube_url&quot;:&quot;https:\\\/\\\/www.youtube.com\\\/watch?v=jZNau2cA9u8&amp;t=4s&quot;,&quot;lazy_load&quot;:&quot;yes&quot;,&quot;video_type&quot;:&quot;youtube&quot;,&quot;controls&quot;:&quot;yes&quot;}\" data-widget_type=\"video.default\">\n\t\t\t\t<div class=\"elementor-widget-container\">\n\t\t\t\t\t\t\t<div class=\"elementor-wrapper elementor-open-inline\">\n\t\t\t<div class=\"elementor-video\"><\/div>\t\t<\/div>\n\t\t\t\t\t\t<\/div>\n\t\t\t\t<\/div>\n\t\t\t\t<div class=\"elementor-element elementor-element-c7be486 widget-image-caption elementor-widget elementor-widget-text-editor\" data-id=\"c7be486\" data-element_type=\"widget\" data-e-type=\"widget\" data-widget_type=\"text-editor.default\">\n\t\t\t\t<div class=\"elementor-widget-container\">\n\t\t\t\t\t\t\t\t\t<p>Travail social<\/p>\t\t\t\t\t\t\t\t<\/div>\n\t\t\t\t<\/div>\n\t\t\t\t\t<\/div>\n\t\t<\/div>\n\t\t\t\t\t<\/div>\n\t\t<\/section>\n\t\t\t\t<section class=\"elementor-section elementor-top-section elementor-element elementor-element-f75ca93 elementor-section-boxed elementor-section-height-default elementor-section-height-default\" data-id=\"f75ca93\" data-element_type=\"section\" data-e-type=\"section\">\n\t\t\t\t\t\t<div class=\"elementor-container elementor-column-gap-default\">\n\t\t\t\t\t<div class=\"elementor-column elementor-col-100 elementor-top-column elementor-element elementor-element-d6b8256\" data-id=\"d6b8256\" data-element_type=\"column\" data-e-type=\"column\">\n\t\t\t<div class=\"elementor-widget-wrap elementor-element-populated\">\n\t\t\t\t\t\t<div class=\"elementor-element elementor-element-de2e00f elementor-widget elementor-widget-spacer\" data-id=\"de2e00f\" data-element_type=\"widget\" data-e-type=\"widget\" data-widget_type=\"spacer.default\">\n\t\t\t\t<div class=\"elementor-widget-container\">\n\t\t\t\t\t\t\t<div class=\"elementor-spacer\">\n\t\t\t<div class=\"elementor-spacer-inner\"><\/div>\n\t\t<\/div>\n\t\t\t\t\t\t<\/div>\n\t\t\t\t<\/div>\n\t\t\t\t\t<\/div>\n\t\t<\/div>\n\t\t\t\t\t<\/div>\n\t\t<\/section>\n\t\t\t\t<\/div>","protected":false},"excerpt":{"rendered":"<p>Travail social dans le secteur de la sant\u00e9 - quels sont le r\u00f4le et les t\u00e2ches du travail social clinique dans le secteur de la sant\u00e9 ?<\/p>","protected":false},"author":2,"featured_media":2590,"comment_status":"closed","ping_status":"closed","sticky":false,"template":"","format":[147,139],"meta":{"footnotes":""},"strategie":[160],"thema":[154],"class_list":["post-2589","post","type-post","status-publish","format-standard","has-post-thumbnail","hentry","strategie-mindset","thema-medizin-und-soziales","format-hintergrundgespraeche","format-publikation"],"yoast_head":"<!-- This site is optimized with the Yoast SEO plugin v27.5 - https:\/\/yoast.com\/product\/yoast-seo-wordpress\/ -->\n<title>SAGES: soziale Arbeit im Gesundheitswesen generell und in Zeiten von Corona - FMC<\/title>\n<meta name=\"description\" content=\"Soziale Arbeit im Gesundheitswesen - welche Rolle und Aufgaben besitzt die klinische Sozialarbeit im Gesundheitswesen?\" \/>\n<meta name=\"robots\" content=\"index, follow, max-snippet:-1, max-image-preview:large, max-video-preview:-1\" \/>\n<link rel=\"canonical\" href=\"https:\/\/fmc.ch\/fr\/travail-social-dans-le-secteur-de-la-sante\/\" \/>\n<meta property=\"og:locale\" content=\"fr_FR\" \/>\n<meta property=\"og:type\" content=\"article\" \/>\n<meta property=\"og:title\" content=\"SAGES: soziale Arbeit im Gesundheitswesen generell und in Zeiten von Corona - FMC\" \/>\n<meta property=\"og:description\" content=\"Soziale Arbeit im Gesundheitswesen - welche Rolle und Aufgaben besitzt die klinische Sozialarbeit im Gesundheitswesen?\" \/>\n<meta property=\"og:url\" content=\"https:\/\/fmc.ch\/fr\/travail-social-dans-le-secteur-de-la-sante\/\" \/>\n<meta property=\"og:site_name\" content=\"FMC\" \/>\n<meta property=\"article:published_time\" content=\"2020-05-13T15:08:00+00:00\" \/>\n<meta property=\"article:modified_time\" content=\"2024-11-11T08:53:25+00:00\" \/>\n<meta property=\"og:image\" content=\"https:\/\/fmc.ch\/wp-content\/uploads\/2023\/10\/Bild-zu-Hintergrundgespraech-sages.jpg\" \/>\n\t<meta property=\"og:image:width\" content=\"600\" \/>\n\t<meta property=\"og:image:height\" content=\"600\" \/>\n\t<meta property=\"og:image:type\" content=\"image\/jpeg\" \/>\n<meta name=\"author\" content=\"Nadja Blanchard\" \/>\n<meta name=\"twitter:card\" content=\"summary_large_image\" \/>\n<meta name=\"twitter:label1\" content=\"\u00c9crit par\" \/>\n\t<meta name=\"twitter:data1\" content=\"Nadja Blanchard\" \/>\n\t<meta name=\"twitter:label2\" content=\"Dur\u00e9e de lecture estim\u00e9e\" \/>\n\t<meta name=\"twitter:data2\" content=\"1 minute\" \/>\n<script type=\"application\/ld+json\" class=\"yoast-schema-graph\">{\"@context\":\"https:\\\/\\\/schema.org\",\"@graph\":[{\"@type\":\"Article\",\"@id\":\"https:\\\/\\\/fmc.ch\\\/soziale-arbeit-im-gesundheitswesen\\\/#article\",\"isPartOf\":{\"@id\":\"https:\\\/\\\/fmc.ch\\\/soziale-arbeit-im-gesundheitswesen\\\/\"},\"author\":{\"name\":\"Nadja Blanchard\",\"@id\":\"https:\\\/\\\/fmc.ch\\\/#\\\/schema\\\/person\\\/3a7218d283691f8ef8cf410e4615e507\"},\"headline\":\"SAGES: soziale Arbeit im Gesundheitswesen generell und in Zeiten von Corona\",\"datePublished\":\"2020-05-13T15:08:00+00:00\",\"dateModified\":\"2024-11-11T08:53:25+00:00\",\"mainEntityOfPage\":{\"@id\":\"https:\\\/\\\/fmc.ch\\\/soziale-arbeit-im-gesundheitswesen\\\/\"},\"wordCount\":93,\"publisher\":{\"@id\":\"https:\\\/\\\/fmc.ch\\\/#organization\"},\"image\":{\"@id\":\"https:\\\/\\\/fmc.ch\\\/soziale-arbeit-im-gesundheitswesen\\\/#primaryimage\"},\"thumbnailUrl\":\"https:\\\/\\\/fmc.ch\\\/wp-content\\\/uploads\\\/2023\\\/10\\\/Bild-zu-Hintergrundgespraech-sages.jpg\",\"keywords\":[\"Medizin und Soziales\"],\"articleSection\":[\"Hintergrundgespr\u00e4che\"],\"inLanguage\":\"fr-FR\"},{\"@type\":\"WebPage\",\"@id\":\"https:\\\/\\\/fmc.ch\\\/soziale-arbeit-im-gesundheitswesen\\\/\",\"url\":\"https:\\\/\\\/fmc.ch\\\/soziale-arbeit-im-gesundheitswesen\\\/\",\"name\":\"SAGES: soziale Arbeit im Gesundheitswesen generell und in Zeiten von Corona - FMC\",\"isPartOf\":{\"@id\":\"https:\\\/\\\/fmc.ch\\\/#website\"},\"primaryImageOfPage\":{\"@id\":\"https:\\\/\\\/fmc.ch\\\/soziale-arbeit-im-gesundheitswesen\\\/#primaryimage\"},\"image\":{\"@id\":\"https:\\\/\\\/fmc.ch\\\/soziale-arbeit-im-gesundheitswesen\\\/#primaryimage\"},\"thumbnailUrl\":\"https:\\\/\\\/fmc.ch\\\/wp-content\\\/uploads\\\/2023\\\/10\\\/Bild-zu-Hintergrundgespraech-sages.jpg\",\"datePublished\":\"2020-05-13T15:08:00+00:00\",\"dateModified\":\"2024-11-11T08:53:25+00:00\",\"description\":\"Soziale Arbeit im Gesundheitswesen - welche Rolle und Aufgaben besitzt die klinische Sozialarbeit im Gesundheitswesen?\",\"breadcrumb\":{\"@id\":\"https:\\\/\\\/fmc.ch\\\/soziale-arbeit-im-gesundheitswesen\\\/#breadcrumb\"},\"inLanguage\":\"fr-FR\",\"potentialAction\":[{\"@type\":\"ReadAction\",\"target\":[\"https:\\\/\\\/fmc.ch\\\/soziale-arbeit-im-gesundheitswesen\\\/\"]}]},{\"@type\":\"ImageObject\",\"inLanguage\":\"fr-FR\",\"@id\":\"https:\\\/\\\/fmc.ch\\\/soziale-arbeit-im-gesundheitswesen\\\/#primaryimage\",\"url\":\"https:\\\/\\\/fmc.ch\\\/wp-content\\\/uploads\\\/2023\\\/10\\\/Bild-zu-Hintergrundgespraech-sages.jpg\",\"contentUrl\":\"https:\\\/\\\/fmc.ch\\\/wp-content\\\/uploads\\\/2023\\\/10\\\/Bild-zu-Hintergrundgespraech-sages.jpg\",\"width\":600,\"height\":600},{\"@type\":\"BreadcrumbList\",\"@id\":\"https:\\\/\\\/fmc.ch\\\/soziale-arbeit-im-gesundheitswesen\\\/#breadcrumb\",\"itemListElement\":[{\"@type\":\"ListItem\",\"position\":1,\"name\":\"Home\",\"item\":\"https:\\\/\\\/fmc.ch\\\/\"},{\"@type\":\"ListItem\",\"position\":2,\"name\":\"SAGES: soziale Arbeit im Gesundheitswesen generell und in Zeiten von Corona\"}]},{\"@type\":\"WebSite\",\"@id\":\"https:\\\/\\\/fmc.ch\\\/#website\",\"url\":\"https:\\\/\\\/fmc.ch\\\/\",\"name\":\"FMC\",\"description\":\"Schweizer Forum f\u00fcr Integrierte Versorgung\",\"publisher\":{\"@id\":\"https:\\\/\\\/fmc.ch\\\/#organization\"},\"potentialAction\":[{\"@type\":\"SearchAction\",\"target\":{\"@type\":\"EntryPoint\",\"urlTemplate\":\"https:\\\/\\\/fmc.ch\\\/?s={search_term_string}\"},\"query-input\":{\"@type\":\"PropertyValueSpecification\",\"valueRequired\":true,\"valueName\":\"search_term_string\"}}],\"inLanguage\":\"fr-FR\"},{\"@type\":\"Organization\",\"@id\":\"https:\\\/\\\/fmc.ch\\\/#organization\",\"name\":\"FMC\",\"url\":\"https:\\\/\\\/fmc.ch\\\/\",\"logo\":{\"@type\":\"ImageObject\",\"inLanguage\":\"fr-FR\",\"@id\":\"https:\\\/\\\/fmc.ch\\\/#\\\/schema\\\/logo\\\/image\\\/\",\"url\":\"https:\\\/\\\/fmc.ch\\\/wp-content\\\/uploads\\\/2023\\\/09\\\/fmc-logo.svg\",\"contentUrl\":\"https:\\\/\\\/fmc.ch\\\/wp-content\\\/uploads\\\/2023\\\/09\\\/fmc-logo.svg\",\"caption\":\"FMC\"},\"image\":{\"@id\":\"https:\\\/\\\/fmc.ch\\\/#\\\/schema\\\/logo\\\/image\\\/\"}},{\"@type\":\"Person\",\"@id\":\"https:\\\/\\\/fmc.ch\\\/#\\\/schema\\\/person\\\/3a7218d283691f8ef8cf410e4615e507\",\"name\":\"Nadja Blanchard\",\"image\":{\"@type\":\"ImageObject\",\"inLanguage\":\"fr-FR\",\"@id\":\"https:\\\/\\\/secure.gravatar.com\\\/avatar\\\/729fbcebbfccd7834565b1398470d6ea84a4f3e7525873a0cb368db99228ce7b?s=96&d=mm&r=g\",\"url\":\"https:\\\/\\\/secure.gravatar.com\\\/avatar\\\/729fbcebbfccd7834565b1398470d6ea84a4f3e7525873a0cb368db99228ce7b?s=96&d=mm&r=g\",\"contentUrl\":\"https:\\\/\\\/secure.gravatar.com\\\/avatar\\\/729fbcebbfccd7834565b1398470d6ea84a4f3e7525873a0cb368db99228ce7b?s=96&d=mm&r=g\",\"caption\":\"Nadja Blanchard\"},\"url\":\"https:\\\/\\\/fmc.ch\\\/fr\\\/author\\\/nadja-blanchardfmc-ch\\\/\"}]}<\/script>\n<!-- \/ Yoast SEO plugin. -->","yoast_head_json":{"title":"SAGES : travail social dans le secteur de la sant\u00e9 en g\u00e9n\u00e9ral et \u00e0 l'\u00e9poque de Corona - FMC","description":"Travail social dans le secteur de la sant\u00e9 - quels sont le r\u00f4le et les t\u00e2ches du travail social clinique dans le secteur de la sant\u00e9 ?","robots":{"index":"index","follow":"follow","max-snippet":"max-snippet:-1","max-image-preview":"max-image-preview:large","max-video-preview":"max-video-preview:-1"},"canonical":"https:\/\/fmc.ch\/fr\/travail-social-dans-le-secteur-de-la-sante\/","og_locale":"fr_FR","og_type":"article","og_title":"SAGES: soziale Arbeit im Gesundheitswesen generell und in Zeiten von Corona - FMC","og_description":"Soziale Arbeit im Gesundheitswesen - welche Rolle und Aufgaben besitzt die klinische Sozialarbeit im Gesundheitswesen?","og_url":"https:\/\/fmc.ch\/fr\/travail-social-dans-le-secteur-de-la-sante\/","og_site_name":"FMC","article_published_time":"2020-05-13T15:08:00+00:00","article_modified_time":"2024-11-11T08:53:25+00:00","og_image":[{"width":600,"height":600,"url":"https:\/\/fmc.ch\/wp-content\/uploads\/2023\/10\/Bild-zu-Hintergrundgespraech-sages.jpg","type":"image\/jpeg"}],"author":"Nadja Blanchard","twitter_card":"summary_large_image","twitter_misc":{"\u00c9crit par":"Nadja Blanchard","Dur\u00e9e de lecture estim\u00e9e":"1 minute"},"schema":{"@context":"https:\/\/schema.org","@graph":[{"@type":"Article","@id":"https:\/\/fmc.ch\/soziale-arbeit-im-gesundheitswesen\/#article","isPartOf":{"@id":"https:\/\/fmc.ch\/soziale-arbeit-im-gesundheitswesen\/"},"author":{"name":"Nadja Blanchard","@id":"https:\/\/fmc.ch\/#\/schema\/person\/3a7218d283691f8ef8cf410e4615e507"},"headline":"SAGES: soziale Arbeit im Gesundheitswesen generell und in Zeiten von Corona","datePublished":"2020-05-13T15:08:00+00:00","dateModified":"2024-11-11T08:53:25+00:00","mainEntityOfPage":{"@id":"https:\/\/fmc.ch\/soziale-arbeit-im-gesundheitswesen\/"},"wordCount":93,"publisher":{"@id":"https:\/\/fmc.ch\/#organization"},"image":{"@id":"https:\/\/fmc.ch\/soziale-arbeit-im-gesundheitswesen\/#primaryimage"},"thumbnailUrl":"https:\/\/fmc.ch\/wp-content\/uploads\/2023\/10\/Bild-zu-Hintergrundgespraech-sages.jpg","keywords":["Medizin und Soziales"],"articleSection":["Hintergrundgespr\u00e4che"],"inLanguage":"fr-FR"},{"@type":"WebPage","@id":"https:\/\/fmc.ch\/soziale-arbeit-im-gesundheitswesen\/","url":"https:\/\/fmc.ch\/soziale-arbeit-im-gesundheitswesen\/","name":"SAGES : travail social dans le secteur de la sant\u00e9 en g\u00e9n\u00e9ral et \u00e0 l'\u00e9poque de Corona - FMC","isPartOf":{"@id":"https:\/\/fmc.ch\/#website"},"primaryImageOfPage":{"@id":"https:\/\/fmc.ch\/soziale-arbeit-im-gesundheitswesen\/#primaryimage"},"image":{"@id":"https:\/\/fmc.ch\/soziale-arbeit-im-gesundheitswesen\/#primaryimage"},"thumbnailUrl":"https:\/\/fmc.ch\/wp-content\/uploads\/2023\/10\/Bild-zu-Hintergrundgespraech-sages.jpg","datePublished":"2020-05-13T15:08:00+00:00","dateModified":"2024-11-11T08:53:25+00:00","description":"Travail social dans le secteur de la sant\u00e9 - quels sont le r\u00f4le et les t\u00e2ches du travail social clinique dans le secteur de la sant\u00e9 ?","breadcrumb":{"@id":"https:\/\/fmc.ch\/soziale-arbeit-im-gesundheitswesen\/#breadcrumb"},"inLanguage":"fr-FR","potentialAction":[{"@type":"ReadAction","target":["https:\/\/fmc.ch\/soziale-arbeit-im-gesundheitswesen\/"]}]},{"@type":"ImageObject","inLanguage":"fr-FR","@id":"https:\/\/fmc.ch\/soziale-arbeit-im-gesundheitswesen\/#primaryimage","url":"https:\/\/fmc.ch\/wp-content\/uploads\/2023\/10\/Bild-zu-Hintergrundgespraech-sages.jpg","contentUrl":"https:\/\/fmc.ch\/wp-content\/uploads\/2023\/10\/Bild-zu-Hintergrundgespraech-sages.jpg","width":600,"height":600},{"@type":"BreadcrumbList","@id":"https:\/\/fmc.ch\/soziale-arbeit-im-gesundheitswesen\/#breadcrumb","itemListElement":[{"@type":"ListItem","position":1,"name":"Home","item":"https:\/\/fmc.ch\/"},{"@type":"ListItem","position":2,"name":"SAGES: soziale Arbeit im Gesundheitswesen generell und in Zeiten von Corona"}]},{"@type":"WebSite","@id":"https:\/\/fmc.ch\/#website","url":"https:\/\/fmc.ch\/","name":"FMC","description":"Forum suisse des soins int\u00e9gr\u00e9s","publisher":{"@id":"https:\/\/fmc.ch\/#organization"},"potentialAction":[{"@type":"SearchAction","target":{"@type":"EntryPoint","urlTemplate":"https:\/\/fmc.ch\/?s={search_term_string}"},"query-input":{"@type":"PropertyValueSpecification","valueRequired":true,"valueName":"search_term_string"}}],"inLanguage":"fr-FR"},{"@type":"Organization","@id":"https:\/\/fmc.ch\/#organization","name":"FMC","url":"https:\/\/fmc.ch\/","logo":{"@type":"ImageObject","inLanguage":"fr-FR","@id":"https:\/\/fmc.ch\/#\/schema\/logo\/image\/","url":"https:\/\/fmc.ch\/wp-content\/uploads\/2023\/09\/fmc-logo.svg","contentUrl":"https:\/\/fmc.ch\/wp-content\/uploads\/2023\/09\/fmc-logo.svg","caption":"FMC"},"image":{"@id":"https:\/\/fmc.ch\/#\/schema\/logo\/image\/"}},{"@type":"Person","@id":"https:\/\/fmc.ch\/#\/schema\/person\/3a7218d283691f8ef8cf410e4615e507","name":"Nadja Blanchard","image":{"@type":"ImageObject","inLanguage":"fr-FR","@id":"https:\/\/secure.gravatar.com\/avatar\/729fbcebbfccd7834565b1398470d6ea84a4f3e7525873a0cb368db99228ce7b?s=96&d=mm&r=g","url":"https:\/\/secure.gravatar.com\/avatar\/729fbcebbfccd7834565b1398470d6ea84a4f3e7525873a0cb368db99228ce7b?s=96&d=mm&r=g","contentUrl":"https:\/\/secure.gravatar.com\/avatar\/729fbcebbfccd7834565b1398470d6ea84a4f3e7525873a0cb368db99228ce7b?s=96&d=mm&r=g","caption":"Nadja Blanchard"},"url":"https:\/\/fmc.ch\/fr\/author\/nadja-blanchardfmc-ch\/"}]}},"_links":{"self":[{"href":"https:\/\/fmc.ch\/fr\/wp-json\/wp\/v2\/posts\/2589","targetHints":{"allow":["GET"]}}],"collection":[{"href":"https:\/\/fmc.ch\/fr\/wp-json\/wp\/v2\/posts"}],"about":[{"href":"https:\/\/fmc.ch\/fr\/wp-json\/wp\/v2\/types\/post"}],"author":[{"embeddable":true,"href":"https:\/\/fmc.ch\/fr\/wp-json\/wp\/v2\/users\/2"}],"replies":[{"embeddable":true,"href":"https:\/\/fmc.ch\/fr\/wp-json\/wp\/v2\/comments?post=2589"}],"version-history":[{"count":4,"href":"https:\/\/fmc.ch\/fr\/wp-json\/wp\/v2\/posts\/2589\/revisions"}],"predecessor-version":[{"id":11986,"href":"https:\/\/fmc.ch\/fr\/wp-json\/wp\/v2\/posts\/2589\/revisions\/11986"}],"wp:featuredmedia":[{"embeddable":true,"href":"https:\/\/fmc.ch\/fr\/wp-json\/wp\/v2\/media\/2590"}],"wp:attachment":[{"href":"https:\/\/fmc.ch\/fr\/wp-json\/wp\/v2\/media?parent=2589"}],"wp:term":[{"taxonomy":"strategie","embeddable":true,"href":"https:\/\/fmc.ch\/fr\/wp-json\/wp\/v2\/strategie?post=2589"},{"taxonomy":"thema","embeddable":true,"href":"https:\/\/fmc.ch\/fr\/wp-json\/wp\/v2\/thema?post=2589"},{"taxonomy":"format","embeddable":true,"href":"https:\/\/fmc.ch\/fr\/wp-json\/wp\/v2\/format?post=2589"}],"curies":[{"name":"wp","href":"https:\/\/api.w.org\/{rel}","templated":true}]}}