{"id":2583,"date":"2020-06-15T14:45:00","date_gmt":"2020-06-15T14:45:00","guid":{"rendered":"https:\/\/fmc.ch\/?p=2583"},"modified":"2024-11-11T09:56:10","modified_gmt":"2024-11-11T08:56:10","slug":"reseaux-de-communication-numerique-dans-le-domaine-des-soins-de-sante","status":"publish","type":"post","link":"https:\/\/fmc.ch\/fr\/digitale-kommunikations-netzwerkstrukturen-in-der-gesundheitsversorgung\/","title":{"rendered":"Effets de la crise Corona et impact pour les ann\u00e9es \u00e0 venir"},"content":{"rendered":"<div data-elementor-type=\"wp-post\" data-elementor-id=\"2583\" class=\"elementor elementor-2583\" data-elementor-post-type=\"post\">\n\t\t\t\t\t\t<section class=\"elementor-section elementor-top-section elementor-element elementor-element-4abfd0d elementor-reverse-tablet elementor-reverse-mobile elementor-section-boxed elementor-section-height-default elementor-section-height-default\" data-id=\"4abfd0d\" data-element_type=\"section\" data-e-type=\"section\">\n\t\t\t\t\t\t<div class=\"elementor-container elementor-column-gap-default\">\n\t\t\t\t\t<div class=\"elementor-column elementor-col-50 elementor-top-column elementor-element elementor-element-cc0812c\" data-id=\"cc0812c\" data-element_type=\"column\" data-e-type=\"column\">\n\t\t\t<div class=\"elementor-widget-wrap elementor-element-populated\">\n\t\t\t\t\t\t<div class=\"elementor-element elementor-element-021ca3e elementor-invisible elementor-widget elementor-widget-text-editor\" data-id=\"021ca3e\" data-element_type=\"widget\" data-e-type=\"widget\" data-settings=\"{&quot;_animation&quot;:&quot;fadeIn&quot;}\" data-widget_type=\"text-editor.default\">\n\t\t\t\t<div class=\"elementor-widget-container\">\n\t\t\t\t\t\t\t\t\t<p>Entretien avec <strong>Prof. Andr\u00e9a Belliger<\/strong>, Institut pour la communication et la direction IKF Lucerne<\/p>\n<p>\u00c0 quels changements la pand\u00e9mie Covid-19 va-t-elle conduire ? Quelles seront les principales cons\u00e9quences pour le syst\u00e8me de sant\u00e9 et les soins int\u00e9gr\u00e9s ? De quelles exp\u00e9riences internationales la Suisse peut-elle profiter en vue de promouvoir le changement technologique et num\u00e9rique ?<\/p><p>Nous remercions Mme Belliger pour cet entretien de fond.<br><\/p>\t\t\t\t\t\t\t\t<\/div>\n\t\t\t\t<\/div>\n\t\t\t\t\t<\/div>\n\t\t<\/div>\n\t\t\t\t<div class=\"elementor-column elementor-col-50 elementor-top-column elementor-element elementor-element-97c01ad\" data-id=\"97c01ad\" data-element_type=\"column\" data-e-type=\"column\">\n\t\t\t<div class=\"elementor-widget-wrap elementor-element-populated\">\n\t\t\t\t\t\t<div class=\"elementor-element elementor-element-2122262 elementor-widget elementor-widget-video\" data-id=\"2122262\" data-element_type=\"widget\" data-e-type=\"widget\" data-settings=\"{&quot;youtube_url&quot;:&quot;https:\\\/\\\/www.youtube.com\\\/watch?v=PTo7820A-X0&amp;t=1s&quot;,&quot;lazy_load&quot;:&quot;yes&quot;,&quot;video_type&quot;:&quot;youtube&quot;,&quot;controls&quot;:&quot;yes&quot;}\" data-widget_type=\"video.default\">\n\t\t\t\t<div class=\"elementor-widget-container\">\n\t\t\t\t\t\t\t<div class=\"elementor-wrapper elementor-open-inline\">\n\t\t\t<div class=\"elementor-video\"><\/div>\t\t<\/div>\n\t\t\t\t\t\t<\/div>\n\t\t\t\t<\/div>\n\t\t\t\t<div class=\"elementor-element elementor-element-d19dca6 widget-image-caption elementor-widget elementor-widget-text-editor\" data-id=\"d19dca6\" data-element_type=\"widget\" data-e-type=\"widget\" data-widget_type=\"text-editor.default\">\n\t\t\t\t<div class=\"elementor-widget-container\">\n\t\t\t\t\t\t\t\t\t<p>ikf - Prof. Dr. Andr\u00e9a Belliger\u00a0<\/p>\t\t\t\t\t\t\t\t<\/div>\n\t\t\t\t<\/div>\n\t\t\t\t\t<\/div>\n\t\t<\/div>\n\t\t\t\t\t<\/div>\n\t\t<\/section>\n\t\t\t\t<section class=\"elementor-section elementor-top-section elementor-element elementor-element-903cdc0 elementor-section-boxed elementor-section-height-default elementor-section-height-default\" data-id=\"903cdc0\" data-element_type=\"section\" data-e-type=\"section\">\n\t\t\t\t\t\t<div class=\"elementor-container elementor-column-gap-default\">\n\t\t\t\t\t<div class=\"elementor-column elementor-col-100 elementor-top-column elementor-element elementor-element-aaa8bce\" data-id=\"aaa8bce\" data-element_type=\"column\" data-e-type=\"column\">\n\t\t\t<div class=\"elementor-widget-wrap elementor-element-populated\">\n\t\t\t\t\t\t<div class=\"elementor-element elementor-element-aa02804 elementor-widget elementor-widget-spacer\" data-id=\"aa02804\" data-element_type=\"widget\" data-e-type=\"widget\" data-widget_type=\"spacer.default\">\n\t\t\t\t<div class=\"elementor-widget-container\">\n\t\t\t\t\t\t\t<div class=\"elementor-spacer\">\n\t\t\t<div class=\"elementor-spacer-inner\"><\/div>\n\t\t<\/div>\n\t\t\t\t\t\t<\/div>\n\t\t\t\t<\/div>\n\t\t\t\t\t<\/div>\n\t\t<\/div>\n\t\t\t\t\t<\/div>\n\t\t<\/section>\n\t\t\t\t<\/div>","protected":false},"excerpt":{"rendered":"<p>Communication num\u00e9rique &amp; structures de r\u00e9seau dans les soins de sant\u00e9.<\/p>","protected":false},"author":2,"featured_media":2584,"comment_status":"closed","ping_status":"closed","sticky":false,"template":"","format":[147,139],"meta":{"footnotes":""},"strategie":[157],"thema":[155],"class_list":["post-2583","post","type-post","status-publish","format-standard","has-post-thumbnail","hentry","strategie-instrumente","thema-digital-health","format-hintergrundgespraeche","format-publikation"],"yoast_head":"<!-- This site is optimized with the Yoast SEO plugin v27.5 - https:\/\/yoast.com\/product\/yoast-seo-wordpress\/ -->\n<title>Auswirkungen der Corona-Krise und Impact f\u00fcr die n\u00e4chsten Jahre - FMC<\/title>\n<meta name=\"description\" content=\"Digitale Kommunikations- &amp; Netzwerkstrukturen in der Gesundheitsversorgung\" \/>\n<meta name=\"robots\" content=\"index, follow, max-snippet:-1, max-image-preview:large, max-video-preview:-1\" \/>\n<link rel=\"canonical\" href=\"https:\/\/fmc.ch\/fr\/reseaux-de-communication-numerique-dans-le-domaine-des-soins-de-sante\/\" \/>\n<meta property=\"og:locale\" content=\"fr_FR\" \/>\n<meta property=\"og:type\" content=\"article\" \/>\n<meta property=\"og:title\" content=\"Auswirkungen der Corona-Krise und Impact f\u00fcr die n\u00e4chsten Jahre - FMC\" \/>\n<meta property=\"og:description\" content=\"Digitale Kommunikations- &amp; Netzwerkstrukturen in der Gesundheitsversorgung\" \/>\n<meta property=\"og:url\" content=\"https:\/\/fmc.ch\/fr\/reseaux-de-communication-numerique-dans-le-domaine-des-soins-de-sante\/\" \/>\n<meta property=\"og:site_name\" content=\"FMC\" \/>\n<meta property=\"article:published_time\" content=\"2020-06-15T14:45:00+00:00\" \/>\n<meta property=\"article:modified_time\" content=\"2024-11-11T08:56:10+00:00\" \/>\n<meta property=\"og:image\" content=\"https:\/\/fmc.ch\/wp-content\/uploads\/2023\/10\/Bild-zu-Hintergrundgespraech-digitale-Netzwerke.jpg\" \/>\n\t<meta property=\"og:image:width\" content=\"600\" \/>\n\t<meta property=\"og:image:height\" content=\"600\" \/>\n\t<meta property=\"og:image:type\" content=\"image\/jpeg\" \/>\n<meta name=\"author\" content=\"Nadja Blanchard\" \/>\n<meta name=\"twitter:card\" content=\"summary_large_image\" \/>\n<meta name=\"twitter:label1\" content=\"\u00c9crit par\" \/>\n\t<meta name=\"twitter:data1\" content=\"Nadja Blanchard\" \/>\n\t<meta name=\"twitter:label2\" content=\"Dur\u00e9e de lecture estim\u00e9e\" \/>\n\t<meta name=\"twitter:data2\" content=\"1 minute\" \/>\n<script type=\"application\/ld+json\" class=\"yoast-schema-graph\">{\"@context\":\"https:\\\/\\\/schema.org\",\"@graph\":[{\"@type\":\"Article\",\"@id\":\"https:\\\/\\\/fmc.ch\\\/digitale-kommunikations-netzwerkstrukturen-in-der-gesundheitsversorgung\\\/#article\",\"isPartOf\":{\"@id\":\"https:\\\/\\\/fmc.ch\\\/digitale-kommunikations-netzwerkstrukturen-in-der-gesundheitsversorgung\\\/\"},\"author\":{\"name\":\"Nadja Blanchard\",\"@id\":\"https:\\\/\\\/fmc.ch\\\/#\\\/schema\\\/person\\\/3a7218d283691f8ef8cf410e4615e507\"},\"headline\":\"Auswirkungen der Corona-Krise und Impact f\u00fcr die n\u00e4chsten Jahre\",\"datePublished\":\"2020-06-15T14:45:00+00:00\",\"dateModified\":\"2024-11-11T08:56:10+00:00\",\"mainEntityOfPage\":{\"@id\":\"https:\\\/\\\/fmc.ch\\\/digitale-kommunikations-netzwerkstrukturen-in-der-gesundheitsversorgung\\\/\"},\"wordCount\":91,\"publisher\":{\"@id\":\"https:\\\/\\\/fmc.ch\\\/#organization\"},\"image\":{\"@id\":\"https:\\\/\\\/fmc.ch\\\/digitale-kommunikations-netzwerkstrukturen-in-der-gesundheitsversorgung\\\/#primaryimage\"},\"thumbnailUrl\":\"https:\\\/\\\/fmc.ch\\\/wp-content\\\/uploads\\\/2023\\\/10\\\/Bild-zu-Hintergrundgespraech-digitale-Netzwerke.jpg\",\"keywords\":[\"Digital Health\"],\"articleSection\":[\"Hintergrundgespr\u00e4che\"],\"inLanguage\":\"fr-FR\"},{\"@type\":\"WebPage\",\"@id\":\"https:\\\/\\\/fmc.ch\\\/digitale-kommunikations-netzwerkstrukturen-in-der-gesundheitsversorgung\\\/\",\"url\":\"https:\\\/\\\/fmc.ch\\\/digitale-kommunikations-netzwerkstrukturen-in-der-gesundheitsversorgung\\\/\",\"name\":\"Auswirkungen der Corona-Krise und Impact f\u00fcr die n\u00e4chsten Jahre - FMC\",\"isPartOf\":{\"@id\":\"https:\\\/\\\/fmc.ch\\\/#website\"},\"primaryImageOfPage\":{\"@id\":\"https:\\\/\\\/fmc.ch\\\/digitale-kommunikations-netzwerkstrukturen-in-der-gesundheitsversorgung\\\/#primaryimage\"},\"image\":{\"@id\":\"https:\\\/\\\/fmc.ch\\\/digitale-kommunikations-netzwerkstrukturen-in-der-gesundheitsversorgung\\\/#primaryimage\"},\"thumbnailUrl\":\"https:\\\/\\\/fmc.ch\\\/wp-content\\\/uploads\\\/2023\\\/10\\\/Bild-zu-Hintergrundgespraech-digitale-Netzwerke.jpg\",\"datePublished\":\"2020-06-15T14:45:00+00:00\",\"dateModified\":\"2024-11-11T08:56:10+00:00\",\"description\":\"Digitale Kommunikations- & Netzwerkstrukturen in der Gesundheitsversorgung\",\"breadcrumb\":{\"@id\":\"https:\\\/\\\/fmc.ch\\\/digitale-kommunikations-netzwerkstrukturen-in-der-gesundheitsversorgung\\\/#breadcrumb\"},\"inLanguage\":\"fr-FR\",\"potentialAction\":[{\"@type\":\"ReadAction\",\"target\":[\"https:\\\/\\\/fmc.ch\\\/digitale-kommunikations-netzwerkstrukturen-in-der-gesundheitsversorgung\\\/\"]}]},{\"@type\":\"ImageObject\",\"inLanguage\":\"fr-FR\",\"@id\":\"https:\\\/\\\/fmc.ch\\\/digitale-kommunikations-netzwerkstrukturen-in-der-gesundheitsversorgung\\\/#primaryimage\",\"url\":\"https:\\\/\\\/fmc.ch\\\/wp-content\\\/uploads\\\/2023\\\/10\\\/Bild-zu-Hintergrundgespraech-digitale-Netzwerke.jpg\",\"contentUrl\":\"https:\\\/\\\/fmc.ch\\\/wp-content\\\/uploads\\\/2023\\\/10\\\/Bild-zu-Hintergrundgespraech-digitale-Netzwerke.jpg\",\"width\":600,\"height\":600},{\"@type\":\"BreadcrumbList\",\"@id\":\"https:\\\/\\\/fmc.ch\\\/digitale-kommunikations-netzwerkstrukturen-in-der-gesundheitsversorgung\\\/#breadcrumb\",\"itemListElement\":[{\"@type\":\"ListItem\",\"position\":1,\"name\":\"Home\",\"item\":\"https:\\\/\\\/fmc.ch\\\/\"},{\"@type\":\"ListItem\",\"position\":2,\"name\":\"Auswirkungen der Corona-Krise und Impact f\u00fcr die n\u00e4chsten Jahre\"}]},{\"@type\":\"WebSite\",\"@id\":\"https:\\\/\\\/fmc.ch\\\/#website\",\"url\":\"https:\\\/\\\/fmc.ch\\\/\",\"name\":\"FMC\",\"description\":\"Schweizer Forum f\u00fcr Integrierte Versorgung\",\"publisher\":{\"@id\":\"https:\\\/\\\/fmc.ch\\\/#organization\"},\"potentialAction\":[{\"@type\":\"SearchAction\",\"target\":{\"@type\":\"EntryPoint\",\"urlTemplate\":\"https:\\\/\\\/fmc.ch\\\/?s={search_term_string}\"},\"query-input\":{\"@type\":\"PropertyValueSpecification\",\"valueRequired\":true,\"valueName\":\"search_term_string\"}}],\"inLanguage\":\"fr-FR\"},{\"@type\":\"Organization\",\"@id\":\"https:\\\/\\\/fmc.ch\\\/#organization\",\"name\":\"FMC\",\"url\":\"https:\\\/\\\/fmc.ch\\\/\",\"logo\":{\"@type\":\"ImageObject\",\"inLanguage\":\"fr-FR\",\"@id\":\"https:\\\/\\\/fmc.ch\\\/#\\\/schema\\\/logo\\\/image\\\/\",\"url\":\"https:\\\/\\\/fmc.ch\\\/wp-content\\\/uploads\\\/2023\\\/09\\\/fmc-logo.svg\",\"contentUrl\":\"https:\\\/\\\/fmc.ch\\\/wp-content\\\/uploads\\\/2023\\\/09\\\/fmc-logo.svg\",\"caption\":\"FMC\"},\"image\":{\"@id\":\"https:\\\/\\\/fmc.ch\\\/#\\\/schema\\\/logo\\\/image\\\/\"}},{\"@type\":\"Person\",\"@id\":\"https:\\\/\\\/fmc.ch\\\/#\\\/schema\\\/person\\\/3a7218d283691f8ef8cf410e4615e507\",\"name\":\"Nadja Blanchard\",\"image\":{\"@type\":\"ImageObject\",\"inLanguage\":\"fr-FR\",\"@id\":\"https:\\\/\\\/secure.gravatar.com\\\/avatar\\\/729fbcebbfccd7834565b1398470d6ea84a4f3e7525873a0cb368db99228ce7b?s=96&d=mm&r=g\",\"url\":\"https:\\\/\\\/secure.gravatar.com\\\/avatar\\\/729fbcebbfccd7834565b1398470d6ea84a4f3e7525873a0cb368db99228ce7b?s=96&d=mm&r=g\",\"contentUrl\":\"https:\\\/\\\/secure.gravatar.com\\\/avatar\\\/729fbcebbfccd7834565b1398470d6ea84a4f3e7525873a0cb368db99228ce7b?s=96&d=mm&r=g\",\"caption\":\"Nadja Blanchard\"},\"url\":\"https:\\\/\\\/fmc.ch\\\/fr\\\/author\\\/nadja-blanchardfmc-ch\\\/\"}]}<\/script>\n<!-- \/ Yoast SEO plugin. -->","yoast_head_json":{"title":"Effets de la crise Corona et impact pour les prochaines ann\u00e9es - FMC","description":"Communication num\u00e9rique &amp; structures de r\u00e9seau dans les soins de sant\u00e9","robots":{"index":"index","follow":"follow","max-snippet":"max-snippet:-1","max-image-preview":"max-image-preview:large","max-video-preview":"max-video-preview:-1"},"canonical":"https:\/\/fmc.ch\/fr\/reseaux-de-communication-numerique-dans-le-domaine-des-soins-de-sante\/","og_locale":"fr_FR","og_type":"article","og_title":"Auswirkungen der Corona-Krise und Impact f\u00fcr die n\u00e4chsten Jahre - FMC","og_description":"Digitale Kommunikations- & Netzwerkstrukturen in der Gesundheitsversorgung","og_url":"https:\/\/fmc.ch\/fr\/reseaux-de-communication-numerique-dans-le-domaine-des-soins-de-sante\/","og_site_name":"FMC","article_published_time":"2020-06-15T14:45:00+00:00","article_modified_time":"2024-11-11T08:56:10+00:00","og_image":[{"width":600,"height":600,"url":"https:\/\/fmc.ch\/wp-content\/uploads\/2023\/10\/Bild-zu-Hintergrundgespraech-digitale-Netzwerke.jpg","type":"image\/jpeg"}],"author":"Nadja Blanchard","twitter_card":"summary_large_image","twitter_misc":{"\u00c9crit par":"Nadja Blanchard","Dur\u00e9e de lecture estim\u00e9e":"1 minute"},"schema":{"@context":"https:\/\/schema.org","@graph":[{"@type":"Article","@id":"https:\/\/fmc.ch\/digitale-kommunikations-netzwerkstrukturen-in-der-gesundheitsversorgung\/#article","isPartOf":{"@id":"https:\/\/fmc.ch\/digitale-kommunikations-netzwerkstrukturen-in-der-gesundheitsversorgung\/"},"author":{"name":"Nadja Blanchard","@id":"https:\/\/fmc.ch\/#\/schema\/person\/3a7218d283691f8ef8cf410e4615e507"},"headline":"Auswirkungen der Corona-Krise und Impact f\u00fcr die n\u00e4chsten Jahre","datePublished":"2020-06-15T14:45:00+00:00","dateModified":"2024-11-11T08:56:10+00:00","mainEntityOfPage":{"@id":"https:\/\/fmc.ch\/digitale-kommunikations-netzwerkstrukturen-in-der-gesundheitsversorgung\/"},"wordCount":91,"publisher":{"@id":"https:\/\/fmc.ch\/#organization"},"image":{"@id":"https:\/\/fmc.ch\/digitale-kommunikations-netzwerkstrukturen-in-der-gesundheitsversorgung\/#primaryimage"},"thumbnailUrl":"https:\/\/fmc.ch\/wp-content\/uploads\/2023\/10\/Bild-zu-Hintergrundgespraech-digitale-Netzwerke.jpg","keywords":["Digital Health"],"articleSection":["Hintergrundgespr\u00e4che"],"inLanguage":"fr-FR"},{"@type":"WebPage","@id":"https:\/\/fmc.ch\/digitale-kommunikations-netzwerkstrukturen-in-der-gesundheitsversorgung\/","url":"https:\/\/fmc.ch\/digitale-kommunikations-netzwerkstrukturen-in-der-gesundheitsversorgung\/","name":"Effets de la crise Corona et impact pour les prochaines ann\u00e9es - FMC","isPartOf":{"@id":"https:\/\/fmc.ch\/#website"},"primaryImageOfPage":{"@id":"https:\/\/fmc.ch\/digitale-kommunikations-netzwerkstrukturen-in-der-gesundheitsversorgung\/#primaryimage"},"image":{"@id":"https:\/\/fmc.ch\/digitale-kommunikations-netzwerkstrukturen-in-der-gesundheitsversorgung\/#primaryimage"},"thumbnailUrl":"https:\/\/fmc.ch\/wp-content\/uploads\/2023\/10\/Bild-zu-Hintergrundgespraech-digitale-Netzwerke.jpg","datePublished":"2020-06-15T14:45:00+00:00","dateModified":"2024-11-11T08:56:10+00:00","description":"Communication num\u00e9rique &amp; structures de r\u00e9seau dans les soins de sant\u00e9","breadcrumb":{"@id":"https:\/\/fmc.ch\/digitale-kommunikations-netzwerkstrukturen-in-der-gesundheitsversorgung\/#breadcrumb"},"inLanguage":"fr-FR","potentialAction":[{"@type":"ReadAction","target":["https:\/\/fmc.ch\/digitale-kommunikations-netzwerkstrukturen-in-der-gesundheitsversorgung\/"]}]},{"@type":"ImageObject","inLanguage":"fr-FR","@id":"https:\/\/fmc.ch\/digitale-kommunikations-netzwerkstrukturen-in-der-gesundheitsversorgung\/#primaryimage","url":"https:\/\/fmc.ch\/wp-content\/uploads\/2023\/10\/Bild-zu-Hintergrundgespraech-digitale-Netzwerke.jpg","contentUrl":"https:\/\/fmc.ch\/wp-content\/uploads\/2023\/10\/Bild-zu-Hintergrundgespraech-digitale-Netzwerke.jpg","width":600,"height":600},{"@type":"BreadcrumbList","@id":"https:\/\/fmc.ch\/digitale-kommunikations-netzwerkstrukturen-in-der-gesundheitsversorgung\/#breadcrumb","itemListElement":[{"@type":"ListItem","position":1,"name":"Home","item":"https:\/\/fmc.ch\/"},{"@type":"ListItem","position":2,"name":"Auswirkungen der Corona-Krise und Impact f\u00fcr die n\u00e4chsten Jahre"}]},{"@type":"WebSite","@id":"https:\/\/fmc.ch\/#website","url":"https:\/\/fmc.ch\/","name":"FMC","description":"Forum suisse des soins int\u00e9gr\u00e9s","publisher":{"@id":"https:\/\/fmc.ch\/#organization"},"potentialAction":[{"@type":"SearchAction","target":{"@type":"EntryPoint","urlTemplate":"https:\/\/fmc.ch\/?s={search_term_string}"},"query-input":{"@type":"PropertyValueSpecification","valueRequired":true,"valueName":"search_term_string"}}],"inLanguage":"fr-FR"},{"@type":"Organization","@id":"https:\/\/fmc.ch\/#organization","name":"FMC","url":"https:\/\/fmc.ch\/","logo":{"@type":"ImageObject","inLanguage":"fr-FR","@id":"https:\/\/fmc.ch\/#\/schema\/logo\/image\/","url":"https:\/\/fmc.ch\/wp-content\/uploads\/2023\/09\/fmc-logo.svg","contentUrl":"https:\/\/fmc.ch\/wp-content\/uploads\/2023\/09\/fmc-logo.svg","caption":"FMC"},"image":{"@id":"https:\/\/fmc.ch\/#\/schema\/logo\/image\/"}},{"@type":"Person","@id":"https:\/\/fmc.ch\/#\/schema\/person\/3a7218d283691f8ef8cf410e4615e507","name":"Nadja Blanchard","image":{"@type":"ImageObject","inLanguage":"fr-FR","@id":"https:\/\/secure.gravatar.com\/avatar\/729fbcebbfccd7834565b1398470d6ea84a4f3e7525873a0cb368db99228ce7b?s=96&d=mm&r=g","url":"https:\/\/secure.gravatar.com\/avatar\/729fbcebbfccd7834565b1398470d6ea84a4f3e7525873a0cb368db99228ce7b?s=96&d=mm&r=g","contentUrl":"https:\/\/secure.gravatar.com\/avatar\/729fbcebbfccd7834565b1398470d6ea84a4f3e7525873a0cb368db99228ce7b?s=96&d=mm&r=g","caption":"Nadja Blanchard"},"url":"https:\/\/fmc.ch\/fr\/author\/nadja-blanchardfmc-ch\/"}]}},"_links":{"self":[{"href":"https:\/\/fmc.ch\/fr\/wp-json\/wp\/v2\/posts\/2583","targetHints":{"allow":["GET"]}}],"collection":[{"href":"https:\/\/fmc.ch\/fr\/wp-json\/wp\/v2\/posts"}],"about":[{"href":"https:\/\/fmc.ch\/fr\/wp-json\/wp\/v2\/types\/post"}],"author":[{"embeddable":true,"href":"https:\/\/fmc.ch\/fr\/wp-json\/wp\/v2\/users\/2"}],"replies":[{"embeddable":true,"href":"https:\/\/fmc.ch\/fr\/wp-json\/wp\/v2\/comments?post=2583"}],"version-history":[{"count":5,"href":"https:\/\/fmc.ch\/fr\/wp-json\/wp\/v2\/posts\/2583\/revisions"}],"predecessor-version":[{"id":11993,"href":"https:\/\/fmc.ch\/fr\/wp-json\/wp\/v2\/posts\/2583\/revisions\/11993"}],"wp:featuredmedia":[{"embeddable":true,"href":"https:\/\/fmc.ch\/fr\/wp-json\/wp\/v2\/media\/2584"}],"wp:attachment":[{"href":"https:\/\/fmc.ch\/fr\/wp-json\/wp\/v2\/media?parent=2583"}],"wp:term":[{"taxonomy":"strategie","embeddable":true,"href":"https:\/\/fmc.ch\/fr\/wp-json\/wp\/v2\/strategie?post=2583"},{"taxonomy":"thema","embeddable":true,"href":"https:\/\/fmc.ch\/fr\/wp-json\/wp\/v2\/thema?post=2583"},{"taxonomy":"format","embeddable":true,"href":"https:\/\/fmc.ch\/fr\/wp-json\/wp\/v2\/format?post=2583"}],"curies":[{"name":"wp","href":"https:\/\/api.w.org\/{rel}","templated":true}]}}