{"id":2555,"date":"2020-12-15T14:08:00","date_gmt":"2020-12-15T14:08:00","guid":{"rendered":"https:\/\/fmc.ch\/?p=2555"},"modified":"2025-11-27T17:21:45","modified_gmt":"2025-11-27T16:21:45","slug":"interview-25-ans-de-soins-integres","status":"publish","type":"post","link":"https:\/\/fmc.ch\/fr\/interview-25-jahre-integrierte-versorgung\/","title":{"rendered":"Entretien avec l'auteur : R\u00e9trospective des 25 derni\u00e8res ann\u00e9es de soins int\u00e9gr\u00e9s et perspectives d'avenir."},"content":{"rendered":"<div data-elementor-type=\"wp-post\" data-elementor-id=\"2555\" class=\"elementor elementor-2555\" data-elementor-post-type=\"post\">\n\t\t\t\t\t\t<section class=\"elementor-section elementor-top-section elementor-element elementor-element-8516097 elementor-section-boxed elementor-section-height-default elementor-section-height-default elementor-invisible\" data-id=\"8516097\" data-element_type=\"section\" data-e-type=\"section\" data-settings=\"{&quot;animation&quot;:&quot;fadeIn&quot;}\">\n\t\t\t\t\t\t<div class=\"elementor-container elementor-column-gap-default\">\n\t\t\t\t\t<div class=\"elementor-column elementor-col-100 elementor-top-column elementor-element elementor-element-85409ca\" data-id=\"85409ca\" data-element_type=\"column\" data-e-type=\"column\">\n\t\t\t<div class=\"elementor-widget-wrap elementor-element-populated\">\n\t\t\t\t\t\t<div class=\"elementor-element elementor-element-1620ea0 elementor-widget elementor-widget-text-editor\" data-id=\"1620ea0\" data-element_type=\"widget\" data-e-type=\"widget\" data-widget_type=\"text-editor.default\">\n\t\t\t\t<div class=\"elementor-widget-container\">\n\t\t\t\t\t\t\t\t\t<h3>Dans une interview, Ursula Koch, pr\u00e9sidente de la fmc, prend position sur le d\u00e9veloppement des soins int\u00e9gr\u00e9s en Suisse.<\/h3>\t\t\t\t\t\t\t\t<\/div>\n\t\t\t\t<\/div>\n\t\t\t\t\t<\/div>\n\t\t<\/div>\n\t\t\t\t\t<\/div>\n\t\t<\/section>\n\t\t\t\t<section class=\"elementor-section elementor-top-section elementor-element elementor-element-eb457ab elementor-section-boxed elementor-section-height-default elementor-section-height-default elementor-invisible\" data-id=\"eb457ab\" data-element_type=\"section\" data-e-type=\"section\" data-settings=\"{&quot;animation&quot;:&quot;fadeIn&quot;}\">\n\t\t\t\t\t\t<div class=\"elementor-container elementor-column-gap-default\">\n\t\t\t\t\t<div class=\"elementor-column elementor-col-100 elementor-top-column elementor-element elementor-element-7010512\" data-id=\"7010512\" data-element_type=\"column\" data-e-type=\"column\">\n\t\t\t<div class=\"elementor-widget-wrap elementor-element-populated\">\n\t\t\t\t\t\t<div class=\"elementor-element elementor-element-0030f19 elementor-widget elementor-widget-text-editor\" data-id=\"0030f19\" data-element_type=\"widget\" data-e-type=\"widget\" data-widget_type=\"text-editor.default\">\n\t\t\t\t<div class=\"elementor-widget-container\">\n\t\t\t\t\t\t\t\t\tL'AI est une histoire \u00e0 succ\u00e8s. Une multitude de projets diff\u00e9rents se sont d\u00e9velopp\u00e9s dans les structures de soins ambulatoires et stationnaires et \u00e0 l'interface avec la r\u00e9adaptation et les soins de longue dur\u00e9e.\t\t\t\t\t\t\t\t<\/div>\n\t\t\t\t<\/div>\n\t\t\t\t\t<\/div>\n\t\t<\/div>\n\t\t\t\t\t<\/div>\n\t\t<\/section>\n\t\t\t\t<section class=\"elementor-section elementor-top-section elementor-element elementor-element-3956613 elementor-section-boxed elementor-section-height-default elementor-section-height-default\" data-id=\"3956613\" data-element_type=\"section\" data-e-type=\"section\">\n\t\t\t\t\t\t<div class=\"elementor-container elementor-column-gap-default\">\n\t\t\t\t\t<div class=\"elementor-column elementor-col-100 elementor-top-column elementor-element elementor-element-b06c57f\" data-id=\"b06c57f\" data-element_type=\"column\" data-e-type=\"column\">\n\t\t\t<div class=\"elementor-widget-wrap elementor-element-populated\">\n\t\t\t\t\t\t<div class=\"elementor-element elementor-element-502d5c8 elementor-invisible elementor-widget elementor-widget-heading\" data-id=\"502d5c8\" data-element_type=\"widget\" data-e-type=\"widget\" data-settings=\"{&quot;_animation&quot;:&quot;fadeInUp&quot;}\" data-widget_type=\"heading.default\">\n\t\t\t\t<div class=\"elementor-widget-container\">\n\t\t\t\t\t<h2 class=\"elementor-heading-title elementor-size-default\">Quels sont les facteurs de r\u00e9ussite des projets AI ?<\/h2>\t\t\t\t<\/div>\n\t\t\t\t<\/div>\n\t\t\t\t<div class=\"elementor-element elementor-element-3555688 elementor-invisible elementor-widget elementor-widget-text-editor\" data-id=\"3555688\" data-element_type=\"widget\" data-e-type=\"widget\" data-settings=\"{&quot;_animation&quot;:&quot;fadeIn&quot;}\" data-widget_type=\"text-editor.default\">\n\t\t\t\t<div class=\"elementor-widget-container\">\n\t\t\t\t\t\t\t\t\t<ul><li class=\"p1\">Pas de solutions standard, mais des concepts adapt\u00e9s aux structures r\u00e9gionales et aux groupes cibles de patients<\/li><li class=\"p1\">Changement de culture : des objectifs communs plut\u00f4t que des int\u00e9r\u00eats individuels<\/li><li class=\"p1\">Coop\u00e9ration structur\u00e9e et contraignante entre les parties prenantes<\/li><li class=\"p1\">Une forme de r\u00e9mun\u00e9ration qui r\u00e9mun\u00e8re le travail d'\u00e9quipe dans son ensemble et pas seulement les prestations individuelles.<\/li><li class=\"p1\">Une infrastructure num\u00e9rique pour l'\u00e9change et le partage d'informations et de donn\u00e9es<\/li><\/ul>\t\t\t\t\t\t\t\t<\/div>\n\t\t\t\t<\/div>\n\t\t\t\t\t<\/div>\n\t\t<\/div>\n\t\t\t\t\t<\/div>\n\t\t<\/section>\n\t\t\t\t<section data-dce-background-color=\"#F1F1F1\" class=\"elementor-section elementor-top-section elementor-element elementor-element-6fab1fa elementor-section-full_width elementor-section-stretched elementor-section-height-default elementor-section-height-default\" data-id=\"6fab1fa\" data-element_type=\"section\" data-e-type=\"section\" data-settings=\"{&quot;stretch_section&quot;:&quot;section-stretched&quot;,&quot;background_background&quot;:&quot;classic&quot;}\">\n\t\t\t\t\t\t<div class=\"elementor-container elementor-column-gap-default\">\n\t\t\t\t\t<div class=\"elementor-column elementor-col-100 elementor-top-column elementor-element elementor-element-b462c34\" data-id=\"b462c34\" data-element_type=\"column\" data-e-type=\"column\">\n\t\t\t<div class=\"elementor-widget-wrap elementor-element-populated\">\n\t\t\t\t\t\t<div class=\"elementor-element elementor-element-b2922fb elementor-widget elementor-widget-shortcode\" data-id=\"b2922fb\" data-element_type=\"widget\" data-e-type=\"widget\" data-widget_type=\"shortcode.default\">\n\t\t\t\t<div class=\"elementor-widget-container\">\n\t\t\t\t\t\t\t<div class=\"elementor-shortcode\"><div class=\"_df_book df-lite\" id=\"df_2561\"  _slug=\"hintergrundgespraech_koch-25-jahre-integrierte-versorgung\" data-title=\"hintergrundgespraech_koch-25-jahre-integrierte-versorgung\" wpoptions=\"true\" thumbtype=\"\" ><\/div><script class=\"df-shortcode-script\" nowprocket type=\"application\/javascript\">window.option_df_2561 = {\"outline\":[],\"backgroundColor\":\"f1f1f1\",\"height\":\"700\",\"autoEnableOutline\":\"false\",\"autoEnableThumbnail\":\"false\",\"overwritePDFOutline\":\"false\",\"direction\":\"1\",\"pageSize\":\"0\",\"source\":\"https:\\\/\\\/fmc.ch\\\/wp-content\\\/uploads\\\/2023\\\/10\\\/fmc_Hintergrundgespraech-Koch_25-Jahre-Integrierte-Versorgung.pdf\",\"wpOptions\":\"true\"}; if(window.DFLIP && window.DFLIP.parseBooks){window.DFLIP.parseBooks();}<\/script><\/div>\n\t\t\t\t\t\t<\/div>\n\t\t\t\t<\/div>\n\t\t\t\t\t<\/div>\n\t\t<\/div>\n\t\t\t\t\t<\/div>\n\t\t<\/section>\n\t\t\t\t<section data-dce-background-color=\"#F1F1F1\" class=\"elementor-section elementor-top-section elementor-element elementor-element-612b706 elementor-section-stretched elementor-section-boxed elementor-section-height-default elementor-section-height-default\" data-id=\"612b706\" data-element_type=\"section\" data-e-type=\"section\" data-settings=\"{&quot;stretch_section&quot;:&quot;section-stretched&quot;,&quot;background_background&quot;:&quot;classic&quot;}\">\n\t\t\t\t\t\t<div class=\"elementor-container elementor-column-gap-default\">\n\t\t\t\t\t<div class=\"elementor-column elementor-col-100 elementor-top-column elementor-element elementor-element-d35fd9d\" data-id=\"d35fd9d\" data-element_type=\"column\" data-e-type=\"column\">\n\t\t\t<div class=\"elementor-widget-wrap elementor-element-populated\">\n\t\t\t\t\t\t<div class=\"elementor-element elementor-element-a086bc4 elementor-align-center elementor-widget elementor-widget-button\" data-id=\"a086bc4\" data-element_type=\"widget\" data-e-type=\"widget\" data-widget_type=\"button.default\">\n\t\t\t\t<div class=\"elementor-widget-container\">\n\t\t\t\t\t\t\t\t\t<div class=\"elementor-button-wrapper\">\n\t\t\t\t\t<a class=\"elementor-button elementor-button-link elementor-size-sm\" href=\"https:\/\/fmc.ch\/wp-content\/uploads\/2023\/10\/fmc_Hintergrundgespraech-Koch_25-Jahre-Integrierte-Versorgung.pdf\">\n\t\t\t\t\t\t<span class=\"elementor-button-content-wrapper\">\n\t\t\t\t\t\t\t\t\t<span class=\"elementor-button-text\">T\u00e9l\u00e9charger le PDF<\/span>\n\t\t\t\t\t<\/span>\n\t\t\t\t\t<\/a>\n\t\t\t\t<\/div>\n\t\t\t\t\t\t\t\t<\/div>\n\t\t\t\t<\/div>\n\t\t\t\t\t<\/div>\n\t\t<\/div>\n\t\t\t\t\t<\/div>\n\t\t<\/section>\n\t\t\t\t<\/div>","protected":false},"excerpt":{"rendered":"<p>En 25 ans, une multitude de projets diff\u00e9rents se sont d\u00e9velopp\u00e9s dans les structures de soins ambulatoires et hospitaliers et \u00e0 l'interface avec la r\u00e9\u00e9ducation et les soins de longue dur\u00e9e.<\/p>","protected":false},"author":2,"featured_media":2549,"comment_status":"closed","ping_status":"closed","sticky":false,"template":"","format":[147,139],"meta":{"footnotes":""},"strategie":[163],"thema":[170],"class_list":["post-2555","post","type-post","status-publish","format-standard","has-post-thumbnail","hentry","strategie-integrierte-versorgung-allgemein","thema-themenuebergreifende-fmc-aktivitaet","format-hintergrundgespraeche","format-publikation"],"yoast_head":"<!-- This site is optimized with the Yoast SEO plugin v27.5 - https:\/\/yoast.com\/product\/yoast-seo-wordpress\/ -->\n<title>Interview: R\u00fcckblick \u00fcber die letzten 25 Jahre der Integrierten Versorgung und Ausblick in die Zukunft. - FMC<\/title>\n<meta name=\"description\" content=\"In 25 Jahren haben sich eine Vielzahl von unterschiedlichen Projekten in den ambulanten und station\u00e4ren Versorgungsstrukturen und an der Schnittstelle zur Rehabilitation und Langzeitpflege entwickelt.\" \/>\n<meta name=\"robots\" content=\"index, follow, max-snippet:-1, max-image-preview:large, max-video-preview:-1\" \/>\n<link rel=\"canonical\" href=\"https:\/\/fmc.ch\/fr\/interview-25-ans-de-soins-integres\/\" \/>\n<meta property=\"og:locale\" content=\"fr_FR\" \/>\n<meta property=\"og:type\" content=\"article\" \/>\n<meta property=\"og:title\" content=\"Interview: R\u00fcckblick \u00fcber die letzten 25 Jahre der Integrierten Versorgung und Ausblick in die Zukunft. - FMC\" \/>\n<meta property=\"og:description\" content=\"In 25 Jahren haben sich eine Vielzahl von unterschiedlichen Projekten in den ambulanten und station\u00e4ren Versorgungsstrukturen und an der Schnittstelle zur Rehabilitation und Langzeitpflege entwickelt.\" \/>\n<meta property=\"og:url\" content=\"https:\/\/fmc.ch\/fr\/interview-25-ans-de-soins-integres\/\" \/>\n<meta property=\"og:site_name\" content=\"FMC\" \/>\n<meta property=\"article:published_time\" content=\"2020-12-15T14:08:00+00:00\" \/>\n<meta property=\"article:modified_time\" content=\"2025-11-27T16:21:45+00:00\" \/>\n<meta property=\"og:image\" content=\"https:\/\/fmc.ch\/wp-content\/uploads\/2023\/10\/Bild-Mikrofon.jpg\" \/>\n\t<meta property=\"og:image:width\" content=\"600\" \/>\n\t<meta property=\"og:image:height\" content=\"600\" \/>\n\t<meta property=\"og:image:type\" content=\"image\/jpeg\" \/>\n<meta name=\"author\" content=\"Nadja Blanchard\" \/>\n<meta name=\"twitter:card\" content=\"summary_large_image\" \/>\n<meta name=\"twitter:label1\" content=\"\u00c9crit par\" \/>\n\t<meta name=\"twitter:data1\" content=\"Nadja Blanchard\" \/>\n\t<meta name=\"twitter:label2\" content=\"Dur\u00e9e de lecture estim\u00e9e\" \/>\n\t<meta name=\"twitter:data2\" content=\"1 minute\" \/>\n<script type=\"application\/ld+json\" class=\"yoast-schema-graph\">{\"@context\":\"https:\\\/\\\/schema.org\",\"@graph\":[{\"@type\":\"Article\",\"@id\":\"https:\\\/\\\/fmc.ch\\\/interview-25-jahre-integrierte-versorgung\\\/#article\",\"isPartOf\":{\"@id\":\"https:\\\/\\\/fmc.ch\\\/interview-25-jahre-integrierte-versorgung\\\/\"},\"author\":{\"name\":\"Nadja Blanchard\",\"@id\":\"https:\\\/\\\/fmc.ch\\\/#\\\/schema\\\/person\\\/3a7218d283691f8ef8cf410e4615e507\"},\"headline\":\"Interview: R\u00fcckblick \u00fcber die letzten 25 Jahre der Integrierten Versorgung und Ausblick in die Zukunft.\",\"datePublished\":\"2020-12-15T14:08:00+00:00\",\"dateModified\":\"2025-11-27T16:21:45+00:00\",\"mainEntityOfPage\":{\"@id\":\"https:\\\/\\\/fmc.ch\\\/interview-25-jahre-integrierte-versorgung\\\/\"},\"wordCount\":126,\"publisher\":{\"@id\":\"https:\\\/\\\/fmc.ch\\\/#organization\"},\"image\":{\"@id\":\"https:\\\/\\\/fmc.ch\\\/interview-25-jahre-integrierte-versorgung\\\/#primaryimage\"},\"thumbnailUrl\":\"https:\\\/\\\/fmc.ch\\\/wp-content\\\/uploads\\\/2023\\\/10\\\/Bild-Mikrofon.jpg\",\"keywords\":[\"Integrierte Versorgung\"],\"articleSection\":[\"Hintergrundgespr\u00e4che\"],\"inLanguage\":\"fr-FR\"},{\"@type\":\"WebPage\",\"@id\":\"https:\\\/\\\/fmc.ch\\\/interview-25-jahre-integrierte-versorgung\\\/\",\"url\":\"https:\\\/\\\/fmc.ch\\\/interview-25-jahre-integrierte-versorgung\\\/\",\"name\":\"Interview: R\u00fcckblick \u00fcber die letzten 25 Jahre der Integrierten Versorgung und Ausblick in die Zukunft. - FMC\",\"isPartOf\":{\"@id\":\"https:\\\/\\\/fmc.ch\\\/#website\"},\"primaryImageOfPage\":{\"@id\":\"https:\\\/\\\/fmc.ch\\\/interview-25-jahre-integrierte-versorgung\\\/#primaryimage\"},\"image\":{\"@id\":\"https:\\\/\\\/fmc.ch\\\/interview-25-jahre-integrierte-versorgung\\\/#primaryimage\"},\"thumbnailUrl\":\"https:\\\/\\\/fmc.ch\\\/wp-content\\\/uploads\\\/2023\\\/10\\\/Bild-Mikrofon.jpg\",\"datePublished\":\"2020-12-15T14:08:00+00:00\",\"dateModified\":\"2025-11-27T16:21:45+00:00\",\"description\":\"In 25 Jahren haben sich eine Vielzahl von unterschiedlichen Projekten in den ambulanten und station\u00e4ren Versorgungsstrukturen und an der Schnittstelle zur Rehabilitation und Langzeitpflege entwickelt.\",\"breadcrumb\":{\"@id\":\"https:\\\/\\\/fmc.ch\\\/interview-25-jahre-integrierte-versorgung\\\/#breadcrumb\"},\"inLanguage\":\"fr-FR\",\"potentialAction\":[{\"@type\":\"ReadAction\",\"target\":[\"https:\\\/\\\/fmc.ch\\\/interview-25-jahre-integrierte-versorgung\\\/\"]}]},{\"@type\":\"ImageObject\",\"inLanguage\":\"fr-FR\",\"@id\":\"https:\\\/\\\/fmc.ch\\\/interview-25-jahre-integrierte-versorgung\\\/#primaryimage\",\"url\":\"https:\\\/\\\/fmc.ch\\\/wp-content\\\/uploads\\\/2023\\\/10\\\/Bild-Mikrofon.jpg\",\"contentUrl\":\"https:\\\/\\\/fmc.ch\\\/wp-content\\\/uploads\\\/2023\\\/10\\\/Bild-Mikrofon.jpg\",\"width\":600,\"height\":600},{\"@type\":\"BreadcrumbList\",\"@id\":\"https:\\\/\\\/fmc.ch\\\/interview-25-jahre-integrierte-versorgung\\\/#breadcrumb\",\"itemListElement\":[{\"@type\":\"ListItem\",\"position\":1,\"name\":\"Home\",\"item\":\"https:\\\/\\\/fmc.ch\\\/\"},{\"@type\":\"ListItem\",\"position\":2,\"name\":\"Interview: R\u00fcckblick \u00fcber die letzten 25 Jahre der Integrierten Versorgung und Ausblick in die Zukunft.\"}]},{\"@type\":\"WebSite\",\"@id\":\"https:\\\/\\\/fmc.ch\\\/#website\",\"url\":\"https:\\\/\\\/fmc.ch\\\/\",\"name\":\"FMC\",\"description\":\"Schweizer Forum f\u00fcr Integrierte Versorgung\",\"publisher\":{\"@id\":\"https:\\\/\\\/fmc.ch\\\/#organization\"},\"potentialAction\":[{\"@type\":\"SearchAction\",\"target\":{\"@type\":\"EntryPoint\",\"urlTemplate\":\"https:\\\/\\\/fmc.ch\\\/?s={search_term_string}\"},\"query-input\":{\"@type\":\"PropertyValueSpecification\",\"valueRequired\":true,\"valueName\":\"search_term_string\"}}],\"inLanguage\":\"fr-FR\"},{\"@type\":\"Organization\",\"@id\":\"https:\\\/\\\/fmc.ch\\\/#organization\",\"name\":\"FMC\",\"url\":\"https:\\\/\\\/fmc.ch\\\/\",\"logo\":{\"@type\":\"ImageObject\",\"inLanguage\":\"fr-FR\",\"@id\":\"https:\\\/\\\/fmc.ch\\\/#\\\/schema\\\/logo\\\/image\\\/\",\"url\":\"https:\\\/\\\/fmc.ch\\\/wp-content\\\/uploads\\\/2023\\\/09\\\/fmc-logo.svg\",\"contentUrl\":\"https:\\\/\\\/fmc.ch\\\/wp-content\\\/uploads\\\/2023\\\/09\\\/fmc-logo.svg\",\"caption\":\"FMC\"},\"image\":{\"@id\":\"https:\\\/\\\/fmc.ch\\\/#\\\/schema\\\/logo\\\/image\\\/\"}},{\"@type\":\"Person\",\"@id\":\"https:\\\/\\\/fmc.ch\\\/#\\\/schema\\\/person\\\/3a7218d283691f8ef8cf410e4615e507\",\"name\":\"Nadja Blanchard\",\"image\":{\"@type\":\"ImageObject\",\"inLanguage\":\"fr-FR\",\"@id\":\"https:\\\/\\\/secure.gravatar.com\\\/avatar\\\/729fbcebbfccd7834565b1398470d6ea84a4f3e7525873a0cb368db99228ce7b?s=96&d=mm&r=g\",\"url\":\"https:\\\/\\\/secure.gravatar.com\\\/avatar\\\/729fbcebbfccd7834565b1398470d6ea84a4f3e7525873a0cb368db99228ce7b?s=96&d=mm&r=g\",\"contentUrl\":\"https:\\\/\\\/secure.gravatar.com\\\/avatar\\\/729fbcebbfccd7834565b1398470d6ea84a4f3e7525873a0cb368db99228ce7b?s=96&d=mm&r=g\",\"caption\":\"Nadja Blanchard\"},\"url\":\"https:\\\/\\\/fmc.ch\\\/fr\\\/author\\\/nadja-blanchardfmc-ch\\\/\"}]}<\/script>\n<!-- \/ Yoast SEO plugin. -->","yoast_head_json":{"title":"Entretien avec l'auteur : R\u00e9trospective des 25 derni\u00e8res ann\u00e9es de soins int\u00e9gr\u00e9s et perspectives d'avenir. - FMC","description":"En 25 ans, une multitude de projets diff\u00e9rents se sont d\u00e9velopp\u00e9s dans les structures de soins ambulatoires et hospitaliers et \u00e0 l'interface avec la r\u00e9\u00e9ducation et les soins de longue dur\u00e9e.","robots":{"index":"index","follow":"follow","max-snippet":"max-snippet:-1","max-image-preview":"max-image-preview:large","max-video-preview":"max-video-preview:-1"},"canonical":"https:\/\/fmc.ch\/fr\/interview-25-ans-de-soins-integres\/","og_locale":"fr_FR","og_type":"article","og_title":"Interview: R\u00fcckblick \u00fcber die letzten 25 Jahre der Integrierten Versorgung und Ausblick in die Zukunft. - FMC","og_description":"In 25 Jahren haben sich eine Vielzahl von unterschiedlichen Projekten in den ambulanten und station\u00e4ren Versorgungsstrukturen und an der Schnittstelle zur Rehabilitation und Langzeitpflege entwickelt.","og_url":"https:\/\/fmc.ch\/fr\/interview-25-ans-de-soins-integres\/","og_site_name":"FMC","article_published_time":"2020-12-15T14:08:00+00:00","article_modified_time":"2025-11-27T16:21:45+00:00","og_image":[{"width":600,"height":600,"url":"https:\/\/fmc.ch\/wp-content\/uploads\/2023\/10\/Bild-Mikrofon.jpg","type":"image\/jpeg"}],"author":"Nadja Blanchard","twitter_card":"summary_large_image","twitter_misc":{"\u00c9crit par":"Nadja Blanchard","Dur\u00e9e de lecture estim\u00e9e":"1 minute"},"schema":{"@context":"https:\/\/schema.org","@graph":[{"@type":"Article","@id":"https:\/\/fmc.ch\/interview-25-jahre-integrierte-versorgung\/#article","isPartOf":{"@id":"https:\/\/fmc.ch\/interview-25-jahre-integrierte-versorgung\/"},"author":{"name":"Nadja Blanchard","@id":"https:\/\/fmc.ch\/#\/schema\/person\/3a7218d283691f8ef8cf410e4615e507"},"headline":"Interview: R\u00fcckblick \u00fcber die letzten 25 Jahre der Integrierten Versorgung und Ausblick in die Zukunft.","datePublished":"2020-12-15T14:08:00+00:00","dateModified":"2025-11-27T16:21:45+00:00","mainEntityOfPage":{"@id":"https:\/\/fmc.ch\/interview-25-jahre-integrierte-versorgung\/"},"wordCount":126,"publisher":{"@id":"https:\/\/fmc.ch\/#organization"},"image":{"@id":"https:\/\/fmc.ch\/interview-25-jahre-integrierte-versorgung\/#primaryimage"},"thumbnailUrl":"https:\/\/fmc.ch\/wp-content\/uploads\/2023\/10\/Bild-Mikrofon.jpg","keywords":["Integrierte Versorgung"],"articleSection":["Hintergrundgespr\u00e4che"],"inLanguage":"fr-FR"},{"@type":"WebPage","@id":"https:\/\/fmc.ch\/interview-25-jahre-integrierte-versorgung\/","url":"https:\/\/fmc.ch\/interview-25-jahre-integrierte-versorgung\/","name":"Entretien avec l'auteur : R\u00e9trospective des 25 derni\u00e8res ann\u00e9es de soins int\u00e9gr\u00e9s et perspectives d'avenir. - FMC","isPartOf":{"@id":"https:\/\/fmc.ch\/#website"},"primaryImageOfPage":{"@id":"https:\/\/fmc.ch\/interview-25-jahre-integrierte-versorgung\/#primaryimage"},"image":{"@id":"https:\/\/fmc.ch\/interview-25-jahre-integrierte-versorgung\/#primaryimage"},"thumbnailUrl":"https:\/\/fmc.ch\/wp-content\/uploads\/2023\/10\/Bild-Mikrofon.jpg","datePublished":"2020-12-15T14:08:00+00:00","dateModified":"2025-11-27T16:21:45+00:00","description":"En 25 ans, une multitude de projets diff\u00e9rents se sont d\u00e9velopp\u00e9s dans les structures de soins ambulatoires et hospitaliers et \u00e0 l'interface avec la r\u00e9\u00e9ducation et les soins de longue dur\u00e9e.","breadcrumb":{"@id":"https:\/\/fmc.ch\/interview-25-jahre-integrierte-versorgung\/#breadcrumb"},"inLanguage":"fr-FR","potentialAction":[{"@type":"ReadAction","target":["https:\/\/fmc.ch\/interview-25-jahre-integrierte-versorgung\/"]}]},{"@type":"ImageObject","inLanguage":"fr-FR","@id":"https:\/\/fmc.ch\/interview-25-jahre-integrierte-versorgung\/#primaryimage","url":"https:\/\/fmc.ch\/wp-content\/uploads\/2023\/10\/Bild-Mikrofon.jpg","contentUrl":"https:\/\/fmc.ch\/wp-content\/uploads\/2023\/10\/Bild-Mikrofon.jpg","width":600,"height":600},{"@type":"BreadcrumbList","@id":"https:\/\/fmc.ch\/interview-25-jahre-integrierte-versorgung\/#breadcrumb","itemListElement":[{"@type":"ListItem","position":1,"name":"Home","item":"https:\/\/fmc.ch\/"},{"@type":"ListItem","position":2,"name":"Interview: R\u00fcckblick \u00fcber die letzten 25 Jahre der Integrierten Versorgung und Ausblick in die Zukunft."}]},{"@type":"WebSite","@id":"https:\/\/fmc.ch\/#website","url":"https:\/\/fmc.ch\/","name":"FMC","description":"Forum suisse des soins int\u00e9gr\u00e9s","publisher":{"@id":"https:\/\/fmc.ch\/#organization"},"potentialAction":[{"@type":"SearchAction","target":{"@type":"EntryPoint","urlTemplate":"https:\/\/fmc.ch\/?s={search_term_string}"},"query-input":{"@type":"PropertyValueSpecification","valueRequired":true,"valueName":"search_term_string"}}],"inLanguage":"fr-FR"},{"@type":"Organization","@id":"https:\/\/fmc.ch\/#organization","name":"FMC","url":"https:\/\/fmc.ch\/","logo":{"@type":"ImageObject","inLanguage":"fr-FR","@id":"https:\/\/fmc.ch\/#\/schema\/logo\/image\/","url":"https:\/\/fmc.ch\/wp-content\/uploads\/2023\/09\/fmc-logo.svg","contentUrl":"https:\/\/fmc.ch\/wp-content\/uploads\/2023\/09\/fmc-logo.svg","caption":"FMC"},"image":{"@id":"https:\/\/fmc.ch\/#\/schema\/logo\/image\/"}},{"@type":"Person","@id":"https:\/\/fmc.ch\/#\/schema\/person\/3a7218d283691f8ef8cf410e4615e507","name":"Nadja Blanchard","image":{"@type":"ImageObject","inLanguage":"fr-FR","@id":"https:\/\/secure.gravatar.com\/avatar\/729fbcebbfccd7834565b1398470d6ea84a4f3e7525873a0cb368db99228ce7b?s=96&d=mm&r=g","url":"https:\/\/secure.gravatar.com\/avatar\/729fbcebbfccd7834565b1398470d6ea84a4f3e7525873a0cb368db99228ce7b?s=96&d=mm&r=g","contentUrl":"https:\/\/secure.gravatar.com\/avatar\/729fbcebbfccd7834565b1398470d6ea84a4f3e7525873a0cb368db99228ce7b?s=96&d=mm&r=g","caption":"Nadja Blanchard"},"url":"https:\/\/fmc.ch\/fr\/author\/nadja-blanchardfmc-ch\/"}]}},"_links":{"self":[{"href":"https:\/\/fmc.ch\/fr\/wp-json\/wp\/v2\/posts\/2555","targetHints":{"allow":["GET"]}}],"collection":[{"href":"https:\/\/fmc.ch\/fr\/wp-json\/wp\/v2\/posts"}],"about":[{"href":"https:\/\/fmc.ch\/fr\/wp-json\/wp\/v2\/types\/post"}],"author":[{"embeddable":true,"href":"https:\/\/fmc.ch\/fr\/wp-json\/wp\/v2\/users\/2"}],"replies":[{"embeddable":true,"href":"https:\/\/fmc.ch\/fr\/wp-json\/wp\/v2\/comments?post=2555"}],"version-history":[{"count":4,"href":"https:\/\/fmc.ch\/fr\/wp-json\/wp\/v2\/posts\/2555\/revisions"}],"predecessor-version":[{"id":12009,"href":"https:\/\/fmc.ch\/fr\/wp-json\/wp\/v2\/posts\/2555\/revisions\/12009"}],"wp:featuredmedia":[{"embeddable":true,"href":"https:\/\/fmc.ch\/fr\/wp-json\/wp\/v2\/media\/2549"}],"wp:attachment":[{"href":"https:\/\/fmc.ch\/fr\/wp-json\/wp\/v2\/media?parent=2555"}],"wp:term":[{"taxonomy":"strategie","embeddable":true,"href":"https:\/\/fmc.ch\/fr\/wp-json\/wp\/v2\/strategie?post=2555"},{"taxonomy":"thema","embeddable":true,"href":"https:\/\/fmc.ch\/fr\/wp-json\/wp\/v2\/thema?post=2555"},{"taxonomy":"format","embeddable":true,"href":"https:\/\/fmc.ch\/fr\/wp-json\/wp\/v2\/format?post=2555"}],"curies":[{"name":"wp","href":"https:\/\/api.w.org\/{rel}","templated":true}]}}