{"id":2545,"date":"2022-01-26T13:17:00","date_gmt":"2022-01-26T13:17:00","guid":{"rendered":"https:\/\/fmc.ch\/?p=2545"},"modified":"2025-11-27T16:58:52","modified_gmt":"2025-11-27T15:58:52","slug":"discussion-de-fond-esprit-pionnier-pour-le-systeme-de-sante-suisse","status":"publish","type":"post","link":"https:\/\/fmc.ch\/fr\/hintergrundgespraech-pioniergeist-fuer-das-schweizer-gesundheitssystem\/","title":{"rendered":"Interview : \"Un peu plus d'esprit pionnier serait le bienvenu\"."},"content":{"rendered":"<div data-elementor-type=\"wp-post\" data-elementor-id=\"2545\" class=\"elementor elementor-2545\" data-elementor-post-type=\"post\">\n\t\t\t\t\t\t<section class=\"elementor-section elementor-top-section elementor-element elementor-element-0b2806f elementor-section-boxed elementor-section-height-default elementor-section-height-default elementor-invisible\" data-id=\"0b2806f\" data-element_type=\"section\" data-e-type=\"section\" data-settings=\"{&quot;animation&quot;:&quot;fadeIn&quot;}\">\n\t\t\t\t\t\t<div class=\"elementor-container elementor-column-gap-default\">\n\t\t\t\t\t<div class=\"elementor-column elementor-col-100 elementor-top-column elementor-element elementor-element-a440182\" data-id=\"a440182\" data-element_type=\"column\" data-e-type=\"column\">\n\t\t\t<div class=\"elementor-widget-wrap elementor-element-populated\">\n\t\t\t\t\t\t<div class=\"elementor-element elementor-element-ae785c3 elementor-widget elementor-widget-text-editor\" data-id=\"ae785c3\" data-element_type=\"widget\" data-e-type=\"widget\" data-widget_type=\"text-editor.default\">\n\t\t\t\t<div class=\"elementor-widget-container\">\n\t\t\t\t\t\t\t\t\t<h3>Duy Nguyen, Medical Data Scientific Specialist de Lausanne, a repr\u00e9sent\u00e9 le fmc en octobre 2021 lors d'un voyage d'\u00e9tude de trois jours aux Pays-Bas pour de jeunes professionnels de la sant\u00e9. Le Bundesverband Managed Care BMC d'Allemagne a organis\u00e9 le voyage. Duy Nguyen nous fait part ici de ses impressions. Ce qui l'a le plus impressionn\u00e9, c'est la force d'innovation du syst\u00e8me de sant\u00e9 n\u00e9erlandais.<\/h3>\t\t\t\t\t\t\t\t<\/div>\n\t\t\t\t<\/div>\n\t\t\t\t\t<\/div>\n\t\t<\/div>\n\t\t\t\t\t<\/div>\n\t\t<\/section>\n\t\t\t\t<section class=\"elementor-section elementor-top-section elementor-element elementor-element-2ba22f6e elementor-section-boxed elementor-section-height-default elementor-section-height-default elementor-invisible\" data-id=\"2ba22f6e\" data-element_type=\"section\" data-e-type=\"section\" data-settings=\"{&quot;animation&quot;:&quot;fadeIn&quot;}\">\n\t\t\t\t\t\t<div class=\"elementor-container elementor-column-gap-default\">\n\t\t\t\t\t<div class=\"elementor-column elementor-col-100 elementor-top-column elementor-element elementor-element-17182ba3\" data-id=\"17182ba3\" data-element_type=\"column\" data-e-type=\"column\">\n\t\t\t<div class=\"elementor-widget-wrap elementor-element-populated\">\n\t\t\t\t\t\t<div class=\"elementor-element elementor-element-2fb9a752 elementor-widget__width-initial elementor-invisible elementor-widget elementor-widget-text-editor\" data-id=\"2fb9a752\" data-element_type=\"widget\" data-e-type=\"widget\" data-settings=\"{&quot;_animation&quot;:&quot;fadeInUp&quot;}\" data-widget_type=\"text-editor.default\">\n\t\t\t\t<div class=\"elementor-widget-container\">\n\t\t\t\t\t\t\t\t\t<p><strong>Monsieur Nguyen, que faites-vous exactement dans la vie ?<\/strong><\/p><p>Je suis sp\u00e9cialiste des donn\u00e9es m\u00e9dicales et travaille pour HCI Solutions AG \u00e0 Berne. HCI Solution d\u00e9veloppe et entretient des logiciels pour les h\u00f4pitaux et les pharmacies. Mais je suis aussi pharmacien de formation et je travaille \u00e0 temps partiel environ un jour par semaine dans une pharmacie fribourgeoise.<\/p><p>\u00a0<\/p><p><strong>C'est une qualification professionnelle inhabituelle<\/strong><\/p><p>Peut-\u00eatre que si. Cela me donne un bon aper\u00e7u du syst\u00e8me de sant\u00e9 et me permet d'\u00eatre en contact avec les utilisateurs. Je sais par exemple ce que fait un pharmacien sur place et quels sont ses besoins informatiques au quotidien, ce qui me permet de l'aider \u00e0 d\u00e9velopper ses outils informatiques. Cela me pla\u00eet beaucoup.<\/p><p>\u00a0<\/p><p><strong>En octobre dernier, vous vous \u00eates rendu \u00e0 Amsterdam pour la fmc. Quel \u00e9tait le th\u00e8me de ce voyage d'\u00e9tude ?<\/strong><\/p><p>Il s'agissait d'innovations dans le syst\u00e8me de sant\u00e9, en mettant l'accent sur la technologie et les soins int\u00e9gr\u00e9s dans les soins de longue dur\u00e9e.<\/p><p>\u00a0<\/p><p><strong>Sans entrer directement dans ces termes : De mani\u00e8re g\u00e9n\u00e9rale, qu'est-ce qui vous a le plus impressionn\u00e9 ?<\/strong><\/p><p>Il y a beaucoup de points communs entre les syst\u00e8mes suisse et n\u00e9erlandais, mais aussi beaucoup de diff\u00e9rences. Ce qui m'a le plus impressionn\u00e9, c'est la force d'innovation du syst\u00e8me de sant\u00e9 n\u00e9erlandais. Il faut citer la formation innovante. D\u00e9j\u00e0 au niveau de la formation, on a aux Pays-Bas une offre beaucoup plus large que nous en Suisse. Chez nous, la m\u00e9decine, la pharmacie et les soins sont enseign\u00e9s de mani\u00e8re isol\u00e9e. Aux Pays-Bas, on pense en r\u00e9seau d\u00e8s le d\u00e9but. La collaboration interdisciplinaire y existe d\u00e8s les \u00e9tudes. Les \u00e9tudiants peuvent ainsi choisir parmi beaucoup plus de combinaisons de mati\u00e8res. Cela marque toute la culture et la volont\u00e9 de consid\u00e9rer la sant\u00e9, la m\u00e9decine et les aspects sociaux de mani\u00e8re globale.<strong><br \/><\/strong><\/p><p>\u00a0<\/p><p><strong>Qu'avez-vous remarqu\u00e9 d'autre ?<\/strong><\/p><p>J'ai \u00e9galement \u00e9t\u00e9 frapp\u00e9 par la modernit\u00e9 de l'infrastructure dans tous les domaines. On y travaille \u00e0 un niveau tr\u00e8s avanc\u00e9. D'une mani\u00e8re g\u00e9n\u00e9rale, je dirais que toute la culture des soins de sant\u00e9 aux Pays-Bas est moderne et progressiste. On sent qu'ils ont d\u00e9j\u00e0 fait quelques pas en avant. La sant\u00e9 n'est pas seulement comprise de mani\u00e8re clinique, mais elle inclut \u00e9galement le domaine social.<strong><br \/><\/strong><\/p><p>\u00a0<\/p><p><strong>Pouvez-vous donner un exemple ?<\/strong><\/p><p>Prenons la version n\u00e9erlandaise des soins \u00e0 domicile. Alors que chez nous, seules les prestations cliniques comme les soins et l'approvisionnement sont factur\u00e9es, aux Pays-Bas, on rembourse \u00e9galement les aspects sociaux comme une conversation autour d'un caf\u00e9. Un autre exemple est la pens\u00e9e hi\u00e9rarchique que nous cultivons encore en Suisse. Le corps m\u00e9dical y est au-dessus de tout le reste. C'est diff\u00e9rent aux Pays-Bas. L\u00e0-bas, par exemple, un m\u00e9decin, un infirmier et un sp\u00e9cialiste en informatique se rencontrent sur un pied d'\u00e9galit\u00e9.<\/p><p>\u00a0<\/p><p><strong>Ces caract\u00e9ristiques culturelles ont-elles des r\u00e9percussions dans d'autres domaines ?<\/strong><\/p><p>Oui, par exemple dans la collaboration entre l'industrie et les institutions telles que les h\u00f4pitaux ou les \u00e9tablissements de soins. Il y a l\u00e0 une coop\u00e9ration ouverte et \u00e9troite. Par exemple, les entreprises envoient leur personnel dans les h\u00f4pitaux pour former les sp\u00e9cialistes \u00e0 leurs appareils et optimiser leurs processus de soins. C'est la CIP v\u00e9cue. Chez nous, en revanche, tout semble beaucoup plus fragment\u00e9.<strong><br \/><\/strong><\/p><p>\u00a0<\/p><p><strong>Que souhaitez-vous pour le syst\u00e8me de sant\u00e9 suisse ?<\/strong><\/p><p>Dans les domaines doux : Il devrait \u00eatre davantage orient\u00e9 vers les personnes et leurs besoins. Et ne pas mettre l'accent sur les r\u00e9sultats mesurables comme une industrie pure. Plus de qualit\u00e9 que de quantit\u00e9, moins de technocratie et plus de temps pour l'\u00eatre humain, cela nous ferait du bien \u00e0 tous.<strong><br \/><\/strong><\/p><p>\u00a0<\/p><p><strong>Et techniquement, dans les domaines \"durs\" ?<\/strong><\/p><p><span style=\"color: var( --e-global-color-text ); font-family: var( --e-global-typography-text-font-family ), Sans-serif; font-weight: var( --e-global-typography-text-font-weight );\">La num\u00e9risation doit aller de l'avant. Exemples : le dossier \u00e9lectronique du patient (ePD) comme une sorte de Dropbox pour les donn\u00e9es de sant\u00e9 du patient, l'e-ordonnance au lieu des feuilles de papier. Ou encore la simple r\u00e9servation num\u00e9rique de rendez-vous, au lieu de demander encore au cabinet m\u00e9dical par t\u00e9l\u00e9phone, ce qui est compliqu\u00e9. Le monde moderne est aujourd'hui connect\u00e9 et le secteur de la sant\u00e9 doit l'\u00eatre davantage. Pour cela, les deux parties doivent \u00eatre plus ouvertes, le syst\u00e8me et les utilisateurs.<\/span><\/p><p><strong>Quelles sont les impressions au niveau m\u00e9ta que vous avez eues aux Pays-Bas ?<\/strong><\/p><p>Je le dis de mani\u00e8re un peu provocante : le statu quo chez nous est confortable. Peut-\u00eatre que la Suisse, riche et orient\u00e9e vers le profit, pense qu'elle ne doit pas changer rapidement. Les gens ici sont plus introvertis que les N\u00e9erlandais. L\u00e0-bas, on sent un esprit pionnier, pas chez nous. Cela rend le changement plus difficile. Nous devrions \u00eatre plus mobiles et plus dynamiques.<\/p><p>\u00a0<\/p><p>Monsieur Nguyen, nous vous remercions pour cette interview.<\/p><p>\u00a0<\/p>\t\t\t\t\t\t\t\t<\/div>\n\t\t\t\t<\/div>\n\t\t\t\t\t<\/div>\n\t\t<\/div>\n\t\t\t\t\t<\/div>\n\t\t<\/section>\n\t\t\t\t<section class=\"elementor-section elementor-top-section elementor-element elementor-element-5769aa1 elementor-section-boxed elementor-section-height-default elementor-section-height-default\" data-id=\"5769aa1\" data-element_type=\"section\" data-e-type=\"section\">\n\t\t\t\t\t\t<div class=\"elementor-container elementor-column-gap-default\">\n\t\t\t\t\t<div class=\"elementor-column elementor-col-100 elementor-top-column elementor-element elementor-element-785148f\" data-id=\"785148f\" data-element_type=\"column\" data-e-type=\"column\">\n\t\t\t<div class=\"elementor-widget-wrap elementor-element-populated\">\n\t\t\t\t\t\t<div class=\"elementor-element elementor-element-49c8156 elementor-widget elementor-widget-spacer\" data-id=\"49c8156\" data-element_type=\"widget\" data-e-type=\"widget\" data-widget_type=\"spacer.default\">\n\t\t\t\t<div class=\"elementor-widget-container\">\n\t\t\t\t\t\t\t<div class=\"elementor-spacer\">\n\t\t\t<div class=\"elementor-spacer-inner\"><\/div>\n\t\t<\/div>\n\t\t\t\t\t\t<\/div>\n\t\t\t\t<\/div>\n\t\t\t\t\t<\/div>\n\t\t<\/div>\n\t\t\t\t\t<\/div>\n\t\t<\/section>\n\t\t\t\t<\/div>","protected":false},"excerpt":{"rendered":"<p>Inspiration d'une visite aux Pays-Bas.<\/p>","protected":false},"author":2,"featured_media":2549,"comment_status":"closed","ping_status":"closed","sticky":false,"template":"","format":[147,139],"meta":{"footnotes":""},"strategie":[156],"thema":[152],"class_list":["post-2545","post","type-post","status-publish","format-standard","has-post-thumbnail","hentry","strategie-zusammenarbeit","thema-interprofessionelle-zusammenarbeit","format-hintergrundgespraeche","format-publikation"],"yoast_head":"<!-- This site is optimized with the Yoast SEO plugin v27.5 - https:\/\/yoast.com\/product\/yoast-seo-wordpress\/ -->\n<title>Interview: \u201eEtwas mehr Pioniergeist w\u00fcrde guttun\u201c - FMC<\/title>\n<meta name=\"description\" content=\"Inspirationen aus einem Besuch in den Niederlanden.\" \/>\n<meta name=\"robots\" content=\"index, follow, max-snippet:-1, max-image-preview:large, max-video-preview:-1\" \/>\n<link rel=\"canonical\" href=\"https:\/\/fmc.ch\/fr\/discussion-de-fond-esprit-pionnier-pour-le-systeme-de-sante-suisse\/\" \/>\n<meta property=\"og:locale\" content=\"fr_FR\" \/>\n<meta property=\"og:type\" content=\"article\" \/>\n<meta property=\"og:title\" content=\"Interview: \u201eEtwas mehr Pioniergeist w\u00fcrde guttun\u201c - FMC\" \/>\n<meta property=\"og:description\" content=\"Inspirationen aus einem Besuch in den Niederlanden.\" \/>\n<meta property=\"og:url\" content=\"https:\/\/fmc.ch\/fr\/discussion-de-fond-esprit-pionnier-pour-le-systeme-de-sante-suisse\/\" \/>\n<meta property=\"og:site_name\" content=\"FMC\" \/>\n<meta property=\"article:published_time\" content=\"2022-01-26T13:17:00+00:00\" \/>\n<meta property=\"article:modified_time\" content=\"2025-11-27T15:58:52+00:00\" \/>\n<meta property=\"og:image\" content=\"https:\/\/fmc.ch\/wp-content\/uploads\/2023\/10\/Bild-Mikrofon.jpg\" \/>\n\t<meta property=\"og:image:width\" content=\"600\" \/>\n\t<meta property=\"og:image:height\" content=\"600\" \/>\n\t<meta property=\"og:image:type\" content=\"image\/jpeg\" \/>\n<meta name=\"author\" content=\"Nadja Blanchard\" \/>\n<meta name=\"twitter:card\" content=\"summary_large_image\" \/>\n<meta name=\"twitter:label1\" content=\"\u00c9crit par\" \/>\n\t<meta name=\"twitter:data1\" content=\"Nadja Blanchard\" \/>\n\t<meta name=\"twitter:label2\" content=\"Dur\u00e9e de lecture estim\u00e9e\" \/>\n\t<meta name=\"twitter:data2\" content=\"5 minutes\" \/>\n<script type=\"application\/ld+json\" class=\"yoast-schema-graph\">{\"@context\":\"https:\\\/\\\/schema.org\",\"@graph\":[{\"@type\":\"Article\",\"@id\":\"https:\\\/\\\/fmc.ch\\\/hintergrundgespraech-pioniergeist-fuer-das-schweizer-gesundheitssystem\\\/#article\",\"isPartOf\":{\"@id\":\"https:\\\/\\\/fmc.ch\\\/hintergrundgespraech-pioniergeist-fuer-das-schweizer-gesundheitssystem\\\/\"},\"author\":{\"name\":\"Nadja Blanchard\",\"@id\":\"https:\\\/\\\/fmc.ch\\\/#\\\/schema\\\/person\\\/3a7218d283691f8ef8cf410e4615e507\"},\"headline\":\"Interview: \u201eEtwas mehr Pioniergeist w\u00fcrde guttun\u201c\",\"datePublished\":\"2022-01-26T13:17:00+00:00\",\"dateModified\":\"2025-11-27T15:58:52+00:00\",\"mainEntityOfPage\":{\"@id\":\"https:\\\/\\\/fmc.ch\\\/hintergrundgespraech-pioniergeist-fuer-das-schweizer-gesundheitssystem\\\/\"},\"wordCount\":754,\"publisher\":{\"@id\":\"https:\\\/\\\/fmc.ch\\\/#organization\"},\"image\":{\"@id\":\"https:\\\/\\\/fmc.ch\\\/hintergrundgespraech-pioniergeist-fuer-das-schweizer-gesundheitssystem\\\/#primaryimage\"},\"thumbnailUrl\":\"https:\\\/\\\/fmc.ch\\\/wp-content\\\/uploads\\\/2023\\\/10\\\/Bild-Mikrofon.jpg\",\"articleSection\":[\"Hintergrundgespr\u00e4che\"],\"inLanguage\":\"fr-FR\"},{\"@type\":\"WebPage\",\"@id\":\"https:\\\/\\\/fmc.ch\\\/hintergrundgespraech-pioniergeist-fuer-das-schweizer-gesundheitssystem\\\/\",\"url\":\"https:\\\/\\\/fmc.ch\\\/hintergrundgespraech-pioniergeist-fuer-das-schweizer-gesundheitssystem\\\/\",\"name\":\"Interview: \u201eEtwas mehr Pioniergeist w\u00fcrde guttun\u201c - FMC\",\"isPartOf\":{\"@id\":\"https:\\\/\\\/fmc.ch\\\/#website\"},\"primaryImageOfPage\":{\"@id\":\"https:\\\/\\\/fmc.ch\\\/hintergrundgespraech-pioniergeist-fuer-das-schweizer-gesundheitssystem\\\/#primaryimage\"},\"image\":{\"@id\":\"https:\\\/\\\/fmc.ch\\\/hintergrundgespraech-pioniergeist-fuer-das-schweizer-gesundheitssystem\\\/#primaryimage\"},\"thumbnailUrl\":\"https:\\\/\\\/fmc.ch\\\/wp-content\\\/uploads\\\/2023\\\/10\\\/Bild-Mikrofon.jpg\",\"datePublished\":\"2022-01-26T13:17:00+00:00\",\"dateModified\":\"2025-11-27T15:58:52+00:00\",\"description\":\"Inspirationen aus einem Besuch in den Niederlanden.\",\"breadcrumb\":{\"@id\":\"https:\\\/\\\/fmc.ch\\\/hintergrundgespraech-pioniergeist-fuer-das-schweizer-gesundheitssystem\\\/#breadcrumb\"},\"inLanguage\":\"fr-FR\",\"potentialAction\":[{\"@type\":\"ReadAction\",\"target\":[\"https:\\\/\\\/fmc.ch\\\/hintergrundgespraech-pioniergeist-fuer-das-schweizer-gesundheitssystem\\\/\"]}]},{\"@type\":\"ImageObject\",\"inLanguage\":\"fr-FR\",\"@id\":\"https:\\\/\\\/fmc.ch\\\/hintergrundgespraech-pioniergeist-fuer-das-schweizer-gesundheitssystem\\\/#primaryimage\",\"url\":\"https:\\\/\\\/fmc.ch\\\/wp-content\\\/uploads\\\/2023\\\/10\\\/Bild-Mikrofon.jpg\",\"contentUrl\":\"https:\\\/\\\/fmc.ch\\\/wp-content\\\/uploads\\\/2023\\\/10\\\/Bild-Mikrofon.jpg\",\"width\":600,\"height\":600},{\"@type\":\"BreadcrumbList\",\"@id\":\"https:\\\/\\\/fmc.ch\\\/hintergrundgespraech-pioniergeist-fuer-das-schweizer-gesundheitssystem\\\/#breadcrumb\",\"itemListElement\":[{\"@type\":\"ListItem\",\"position\":1,\"name\":\"Home\",\"item\":\"https:\\\/\\\/fmc.ch\\\/\"},{\"@type\":\"ListItem\",\"position\":2,\"name\":\"Interview: \u201eEtwas mehr Pioniergeist w\u00fcrde guttun\u201c\"}]},{\"@type\":\"WebSite\",\"@id\":\"https:\\\/\\\/fmc.ch\\\/#website\",\"url\":\"https:\\\/\\\/fmc.ch\\\/\",\"name\":\"FMC\",\"description\":\"Schweizer Forum f\u00fcr Integrierte Versorgung\",\"publisher\":{\"@id\":\"https:\\\/\\\/fmc.ch\\\/#organization\"},\"potentialAction\":[{\"@type\":\"SearchAction\",\"target\":{\"@type\":\"EntryPoint\",\"urlTemplate\":\"https:\\\/\\\/fmc.ch\\\/?s={search_term_string}\"},\"query-input\":{\"@type\":\"PropertyValueSpecification\",\"valueRequired\":true,\"valueName\":\"search_term_string\"}}],\"inLanguage\":\"fr-FR\"},{\"@type\":\"Organization\",\"@id\":\"https:\\\/\\\/fmc.ch\\\/#organization\",\"name\":\"FMC\",\"url\":\"https:\\\/\\\/fmc.ch\\\/\",\"logo\":{\"@type\":\"ImageObject\",\"inLanguage\":\"fr-FR\",\"@id\":\"https:\\\/\\\/fmc.ch\\\/#\\\/schema\\\/logo\\\/image\\\/\",\"url\":\"https:\\\/\\\/fmc.ch\\\/wp-content\\\/uploads\\\/2023\\\/09\\\/fmc-logo.svg\",\"contentUrl\":\"https:\\\/\\\/fmc.ch\\\/wp-content\\\/uploads\\\/2023\\\/09\\\/fmc-logo.svg\",\"caption\":\"FMC\"},\"image\":{\"@id\":\"https:\\\/\\\/fmc.ch\\\/#\\\/schema\\\/logo\\\/image\\\/\"}},{\"@type\":\"Person\",\"@id\":\"https:\\\/\\\/fmc.ch\\\/#\\\/schema\\\/person\\\/3a7218d283691f8ef8cf410e4615e507\",\"name\":\"Nadja Blanchard\",\"image\":{\"@type\":\"ImageObject\",\"inLanguage\":\"fr-FR\",\"@id\":\"https:\\\/\\\/secure.gravatar.com\\\/avatar\\\/729fbcebbfccd7834565b1398470d6ea84a4f3e7525873a0cb368db99228ce7b?s=96&d=mm&r=g\",\"url\":\"https:\\\/\\\/secure.gravatar.com\\\/avatar\\\/729fbcebbfccd7834565b1398470d6ea84a4f3e7525873a0cb368db99228ce7b?s=96&d=mm&r=g\",\"contentUrl\":\"https:\\\/\\\/secure.gravatar.com\\\/avatar\\\/729fbcebbfccd7834565b1398470d6ea84a4f3e7525873a0cb368db99228ce7b?s=96&d=mm&r=g\",\"caption\":\"Nadja Blanchard\"},\"url\":\"https:\\\/\\\/fmc.ch\\\/fr\\\/author\\\/nadja-blanchardfmc-ch\\\/\"}]}<\/script>\n<!-- \/ Yoast SEO plugin. -->","yoast_head_json":{"title":"Interview : \"Un peu plus d'esprit pionnier ferait du bien\" - FMC","description":"Inspiration d'une visite aux Pays-Bas.","robots":{"index":"index","follow":"follow","max-snippet":"max-snippet:-1","max-image-preview":"max-image-preview:large","max-video-preview":"max-video-preview:-1"},"canonical":"https:\/\/fmc.ch\/fr\/discussion-de-fond-esprit-pionnier-pour-le-systeme-de-sante-suisse\/","og_locale":"fr_FR","og_type":"article","og_title":"Interview: \u201eEtwas mehr Pioniergeist w\u00fcrde guttun\u201c - FMC","og_description":"Inspirationen aus einem Besuch in den Niederlanden.","og_url":"https:\/\/fmc.ch\/fr\/discussion-de-fond-esprit-pionnier-pour-le-systeme-de-sante-suisse\/","og_site_name":"FMC","article_published_time":"2022-01-26T13:17:00+00:00","article_modified_time":"2025-11-27T15:58:52+00:00","og_image":[{"width":600,"height":600,"url":"https:\/\/fmc.ch\/wp-content\/uploads\/2023\/10\/Bild-Mikrofon.jpg","type":"image\/jpeg"}],"author":"Nadja Blanchard","twitter_card":"summary_large_image","twitter_misc":{"\u00c9crit par":"Nadja Blanchard","Dur\u00e9e de lecture estim\u00e9e":"5 minutes"},"schema":{"@context":"https:\/\/schema.org","@graph":[{"@type":"Article","@id":"https:\/\/fmc.ch\/hintergrundgespraech-pioniergeist-fuer-das-schweizer-gesundheitssystem\/#article","isPartOf":{"@id":"https:\/\/fmc.ch\/hintergrundgespraech-pioniergeist-fuer-das-schweizer-gesundheitssystem\/"},"author":{"name":"Nadja Blanchard","@id":"https:\/\/fmc.ch\/#\/schema\/person\/3a7218d283691f8ef8cf410e4615e507"},"headline":"Interview: \u201eEtwas mehr Pioniergeist w\u00fcrde guttun\u201c","datePublished":"2022-01-26T13:17:00+00:00","dateModified":"2025-11-27T15:58:52+00:00","mainEntityOfPage":{"@id":"https:\/\/fmc.ch\/hintergrundgespraech-pioniergeist-fuer-das-schweizer-gesundheitssystem\/"},"wordCount":754,"publisher":{"@id":"https:\/\/fmc.ch\/#organization"},"image":{"@id":"https:\/\/fmc.ch\/hintergrundgespraech-pioniergeist-fuer-das-schweizer-gesundheitssystem\/#primaryimage"},"thumbnailUrl":"https:\/\/fmc.ch\/wp-content\/uploads\/2023\/10\/Bild-Mikrofon.jpg","articleSection":["Hintergrundgespr\u00e4che"],"inLanguage":"fr-FR"},{"@type":"WebPage","@id":"https:\/\/fmc.ch\/hintergrundgespraech-pioniergeist-fuer-das-schweizer-gesundheitssystem\/","url":"https:\/\/fmc.ch\/hintergrundgespraech-pioniergeist-fuer-das-schweizer-gesundheitssystem\/","name":"Interview : \"Un peu plus d'esprit pionnier ferait du bien\" - FMC","isPartOf":{"@id":"https:\/\/fmc.ch\/#website"},"primaryImageOfPage":{"@id":"https:\/\/fmc.ch\/hintergrundgespraech-pioniergeist-fuer-das-schweizer-gesundheitssystem\/#primaryimage"},"image":{"@id":"https:\/\/fmc.ch\/hintergrundgespraech-pioniergeist-fuer-das-schweizer-gesundheitssystem\/#primaryimage"},"thumbnailUrl":"https:\/\/fmc.ch\/wp-content\/uploads\/2023\/10\/Bild-Mikrofon.jpg","datePublished":"2022-01-26T13:17:00+00:00","dateModified":"2025-11-27T15:58:52+00:00","description":"Inspiration d'une visite aux Pays-Bas.","breadcrumb":{"@id":"https:\/\/fmc.ch\/hintergrundgespraech-pioniergeist-fuer-das-schweizer-gesundheitssystem\/#breadcrumb"},"inLanguage":"fr-FR","potentialAction":[{"@type":"ReadAction","target":["https:\/\/fmc.ch\/hintergrundgespraech-pioniergeist-fuer-das-schweizer-gesundheitssystem\/"]}]},{"@type":"ImageObject","inLanguage":"fr-FR","@id":"https:\/\/fmc.ch\/hintergrundgespraech-pioniergeist-fuer-das-schweizer-gesundheitssystem\/#primaryimage","url":"https:\/\/fmc.ch\/wp-content\/uploads\/2023\/10\/Bild-Mikrofon.jpg","contentUrl":"https:\/\/fmc.ch\/wp-content\/uploads\/2023\/10\/Bild-Mikrofon.jpg","width":600,"height":600},{"@type":"BreadcrumbList","@id":"https:\/\/fmc.ch\/hintergrundgespraech-pioniergeist-fuer-das-schweizer-gesundheitssystem\/#breadcrumb","itemListElement":[{"@type":"ListItem","position":1,"name":"Home","item":"https:\/\/fmc.ch\/"},{"@type":"ListItem","position":2,"name":"Interview: \u201eEtwas mehr Pioniergeist w\u00fcrde guttun\u201c"}]},{"@type":"WebSite","@id":"https:\/\/fmc.ch\/#website","url":"https:\/\/fmc.ch\/","name":"FMC","description":"Forum suisse des soins int\u00e9gr\u00e9s","publisher":{"@id":"https:\/\/fmc.ch\/#organization"},"potentialAction":[{"@type":"SearchAction","target":{"@type":"EntryPoint","urlTemplate":"https:\/\/fmc.ch\/?s={search_term_string}"},"query-input":{"@type":"PropertyValueSpecification","valueRequired":true,"valueName":"search_term_string"}}],"inLanguage":"fr-FR"},{"@type":"Organization","@id":"https:\/\/fmc.ch\/#organization","name":"FMC","url":"https:\/\/fmc.ch\/","logo":{"@type":"ImageObject","inLanguage":"fr-FR","@id":"https:\/\/fmc.ch\/#\/schema\/logo\/image\/","url":"https:\/\/fmc.ch\/wp-content\/uploads\/2023\/09\/fmc-logo.svg","contentUrl":"https:\/\/fmc.ch\/wp-content\/uploads\/2023\/09\/fmc-logo.svg","caption":"FMC"},"image":{"@id":"https:\/\/fmc.ch\/#\/schema\/logo\/image\/"}},{"@type":"Person","@id":"https:\/\/fmc.ch\/#\/schema\/person\/3a7218d283691f8ef8cf410e4615e507","name":"Nadja Blanchard","image":{"@type":"ImageObject","inLanguage":"fr-FR","@id":"https:\/\/secure.gravatar.com\/avatar\/729fbcebbfccd7834565b1398470d6ea84a4f3e7525873a0cb368db99228ce7b?s=96&d=mm&r=g","url":"https:\/\/secure.gravatar.com\/avatar\/729fbcebbfccd7834565b1398470d6ea84a4f3e7525873a0cb368db99228ce7b?s=96&d=mm&r=g","contentUrl":"https:\/\/secure.gravatar.com\/avatar\/729fbcebbfccd7834565b1398470d6ea84a4f3e7525873a0cb368db99228ce7b?s=96&d=mm&r=g","caption":"Nadja Blanchard"},"url":"https:\/\/fmc.ch\/fr\/author\/nadja-blanchardfmc-ch\/"}]}},"_links":{"self":[{"href":"https:\/\/fmc.ch\/fr\/wp-json\/wp\/v2\/posts\/2545","targetHints":{"allow":["GET"]}}],"collection":[{"href":"https:\/\/fmc.ch\/fr\/wp-json\/wp\/v2\/posts"}],"about":[{"href":"https:\/\/fmc.ch\/fr\/wp-json\/wp\/v2\/types\/post"}],"author":[{"embeddable":true,"href":"https:\/\/fmc.ch\/fr\/wp-json\/wp\/v2\/users\/2"}],"replies":[{"embeddable":true,"href":"https:\/\/fmc.ch\/fr\/wp-json\/wp\/v2\/comments?post=2545"}],"version-history":[{"count":10,"href":"https:\/\/fmc.ch\/fr\/wp-json\/wp\/v2\/posts\/2545\/revisions"}],"predecessor-version":[{"id":12088,"href":"https:\/\/fmc.ch\/fr\/wp-json\/wp\/v2\/posts\/2545\/revisions\/12088"}],"wp:featuredmedia":[{"embeddable":true,"href":"https:\/\/fmc.ch\/fr\/wp-json\/wp\/v2\/media\/2549"}],"wp:attachment":[{"href":"https:\/\/fmc.ch\/fr\/wp-json\/wp\/v2\/media?parent=2545"}],"wp:term":[{"taxonomy":"strategie","embeddable":true,"href":"https:\/\/fmc.ch\/fr\/wp-json\/wp\/v2\/strategie?post=2545"},{"taxonomy":"thema","embeddable":true,"href":"https:\/\/fmc.ch\/fr\/wp-json\/wp\/v2\/thema?post=2545"},{"taxonomy":"format","embeddable":true,"href":"https:\/\/fmc.ch\/fr\/wp-json\/wp\/v2\/format?post=2545"}],"curies":[{"name":"wp","href":"https:\/\/api.w.org\/{rel}","templated":true}]}}