{"id":2530,"date":"2020-12-27T13:04:00","date_gmt":"2020-12-27T13:04:00","guid":{"rendered":"https:\/\/fmc.ch\/?p=2530"},"modified":"2025-11-27T16:42:26","modified_gmt":"2025-11-27T15:42:26","slug":"parcours-de-soins-integres-en-cas-de-burnout-ou-de-depression","status":"publish","type":"post","link":"https:\/\/fmc.ch\/fr\/integrierter-behandlungspfad-bei-burnout-oder-depression\/","title":{"rendered":"Parcours th\u00e9rapeutique int\u00e9gr\u00e9 en cas de burnout et\/ou de d\u00e9pression - Que souhaitent les patients et qu'est-ce qui les aide ?\u00a0\u00a0"},"content":{"rendered":"<div data-elementor-type=\"wp-post\" data-elementor-id=\"2530\" class=\"elementor elementor-2530\" data-elementor-post-type=\"post\">\n\t\t\t\t\t\t<section class=\"elementor-section elementor-top-section elementor-element elementor-element-08d0f50 elementor-section-boxed elementor-section-height-default elementor-section-height-default elementor-invisible\" data-id=\"08d0f50\" data-element_type=\"section\" data-e-type=\"section\" data-settings=\"{&quot;animation&quot;:&quot;fadeIn&quot;}\">\n\t\t\t\t\t\t<div class=\"elementor-container elementor-column-gap-default\">\n\t\t\t\t\t<div class=\"elementor-column elementor-col-100 elementor-top-column elementor-element elementor-element-6b1c587\" data-id=\"6b1c587\" data-element_type=\"column\" data-e-type=\"column\">\n\t\t\t<div class=\"elementor-widget-wrap elementor-element-populated\">\n\t\t\t\t\t\t<div class=\"elementor-element elementor-element-5350553 elementor-widget elementor-widget-text-editor\" data-id=\"5350553\" data-element_type=\"widget\" data-e-type=\"widget\" data-widget_type=\"text-editor.default\">\n\t\t\t\t<div class=\"elementor-widget-container\">\n\t\t\t\t\t\t\t\t\tL'article pr\u00e9sente les r\u00e9sultats d'une \u00e9tude pilote et l'exp\u00e9rience de deux cliniques psychiatriques suisses dans le cadre de la prise en charge int\u00e9gr\u00e9e de patients souffrant de burnout\/d\u00e9pression. Il en ressort l'importance du soutien des patients \u00e0 l'interface ambulatoire\/stationnaire, le soutien du suivi dans le milieu de vie des patients et l'effet b\u00e9n\u00e9fique pour la r\u00e9insertion d'un Care Management d'accompagnement et\/ou d'un coach RTWL (Return-to-Work-Life).\t\t\t\t\t\t\t\t<\/div>\n\t\t\t\t<\/div>\n\t\t\t\t\t<\/div>\n\t\t<\/div>\n\t\t\t\t\t<\/div>\n\t\t<\/section>\n\t\t\t\t<section data-dce-background-color=\"#F1F1F1\" class=\"elementor-section elementor-top-section elementor-element elementor-element-2dd03eb elementor-section-full_width elementor-section-stretched elementor-section-height-default elementor-section-height-default\" data-id=\"2dd03eb\" data-element_type=\"section\" data-e-type=\"section\" data-settings=\"{&quot;stretch_section&quot;:&quot;section-stretched&quot;,&quot;background_background&quot;:&quot;classic&quot;}\">\n\t\t\t\t\t\t<div class=\"elementor-container elementor-column-gap-default\">\n\t\t\t\t\t<div class=\"elementor-column elementor-col-100 elementor-top-column elementor-element elementor-element-9818fed\" data-id=\"9818fed\" data-element_type=\"column\" data-e-type=\"column\">\n\t\t\t<div class=\"elementor-widget-wrap elementor-element-populated\">\n\t\t\t\t\t\t<div class=\"elementor-element elementor-element-b01e10b elementor-widget elementor-widget-shortcode\" data-id=\"b01e10b\" data-element_type=\"widget\" data-e-type=\"widget\" data-widget_type=\"shortcode.default\">\n\t\t\t\t<div class=\"elementor-widget-container\">\n\t\t\t\t\t\t\t<div class=\"elementor-shortcode\"><div class=\"_df_book df-lite\" id=\"df_2540\"  _slug=\"integrierter-behandlungspfad-bei-burnout-oder-depression\" data-title=\"integrierter-behandlungspfad-bei-burnout-oder-depression\" wpoptions=\"true\" thumbtype=\"\" ><\/div><script class=\"df-shortcode-script\" nowprocket type=\"application\/javascript\">window.option_df_2540 = {\"outline\":[],\"backgroundColor\":\"f1f1f1\",\"height\":\"700\",\"autoEnableOutline\":\"false\",\"autoEnableThumbnail\":\"false\",\"overwritePDFOutline\":\"false\",\"direction\":\"1\",\"pageSize\":\"0\",\"source\":\"https:\\\/\\\/fmc.ch\\\/wp-content\\\/uploads\\\/2023\\\/10\\\/Artikel-und-Studien_Integrierter-Behandlungspfad-bei-Burnout-oder-Depression.pdf\",\"wpOptions\":\"true\"}; if(window.DFLIP && window.DFLIP.parseBooks){window.DFLIP.parseBooks();}<\/script><\/div>\n\t\t\t\t\t\t<\/div>\n\t\t\t\t<\/div>\n\t\t\t\t\t<\/div>\n\t\t<\/div>\n\t\t\t\t\t<\/div>\n\t\t<\/section>\n\t\t\t\t<section data-dce-background-color=\"#F1F1F1\" class=\"elementor-section elementor-top-section elementor-element elementor-element-9b59190 elementor-section-stretched elementor-section-boxed elementor-section-height-default elementor-section-height-default\" data-id=\"9b59190\" data-element_type=\"section\" data-e-type=\"section\" data-settings=\"{&quot;stretch_section&quot;:&quot;section-stretched&quot;,&quot;background_background&quot;:&quot;classic&quot;}\">\n\t\t\t\t\t\t<div class=\"elementor-container elementor-column-gap-default\">\n\t\t\t\t\t<div class=\"elementor-column elementor-col-100 elementor-top-column elementor-element elementor-element-d527650\" data-id=\"d527650\" data-element_type=\"column\" data-e-type=\"column\">\n\t\t\t<div class=\"elementor-widget-wrap elementor-element-populated\">\n\t\t\t\t\t\t<div class=\"elementor-element elementor-element-fef269a elementor-align-center elementor-widget elementor-widget-button\" data-id=\"fef269a\" data-element_type=\"widget\" data-e-type=\"widget\" data-widget_type=\"button.default\">\n\t\t\t\t<div class=\"elementor-widget-container\">\n\t\t\t\t\t\t\t\t\t<div class=\"elementor-button-wrapper\">\n\t\t\t\t\t<a class=\"elementor-button elementor-button-link elementor-size-sm\" href=\"https:\/\/fmc.ch\/wp-content\/uploads\/2023\/10\/Artikel-und-Studien_Integrierter-Behandlungspfad-bei-Burnout-oder-Depression.pdf\" target=\"_blank\">\n\t\t\t\t\t\t<span class=\"elementor-button-content-wrapper\">\n\t\t\t\t\t\t\t\t\t<span class=\"elementor-button-text\">T\u00e9l\u00e9charger le PDF<\/span>\n\t\t\t\t\t<\/span>\n\t\t\t\t\t<\/a>\n\t\t\t\t<\/div>\n\t\t\t\t\t\t\t\t<\/div>\n\t\t\t\t<\/div>\n\t\t\t\t\t<\/div>\n\t\t<\/div>\n\t\t\t\t\t<\/div>\n\t\t<\/section>\n\t\t\t\t<\/div>","protected":false},"excerpt":{"rendered":"<p>L'\u00e9tude pilote montre \u00e0 quel point il est important de soutenir les patients \u00e0 l'interface ambulatoire\/stationnaire, \u00e0 quel point le suivi dans le milieu de vie des patients est un soutien et \u00e0 quel point un Care Management d'accompagnement et\/ou un coach RTWL (Return-to-Work-Life) favorise la r\u00e9insertion.<\/p>","protected":false},"author":2,"featured_media":2531,"comment_status":"closed","ping_status":"closed","sticky":false,"template":"","format":[149,139],"meta":{"footnotes":""},"strategie":[163],"thema":[153,169],"class_list":["post-2530","post","type-post","status-publish","format-standard","has-post-thumbnail","hentry","strategie-integrierte-versorgung-allgemein","thema-integration-von-patientinnen","thema-population-health","format-artikel-und-studien","format-publikation"],"yoast_head":"<!-- This site is optimized with the Yoast SEO plugin v27.5 - https:\/\/yoast.com\/product\/yoast-seo-wordpress\/ -->\n<title>Integrierter Behandlungspfad bei Burnout und\/oder Depression \u2013 Was w\u00fcnschen und was hilft den Patienten?\u00a0\u00a0 - FMC<\/title>\n<meta name=\"description\" content=\"Perspektiven f\u00fcr einen \u201eIntegrierten Behandlungspfad\u201c bei Burnout oder Depression.\" \/>\n<meta name=\"robots\" content=\"index, follow, max-snippet:-1, max-image-preview:large, max-video-preview:-1\" \/>\n<link rel=\"canonical\" href=\"https:\/\/fmc.ch\/fr\/parcours-de-soins-integres-en-cas-de-burnout-ou-de-depression\/\" \/>\n<meta property=\"og:locale\" content=\"fr_FR\" \/>\n<meta property=\"og:type\" content=\"article\" \/>\n<meta property=\"og:title\" content=\"Integrierter Behandlungspfad bei Burnout und\/oder Depression \u2013 Was w\u00fcnschen und was hilft den Patienten?\u00a0\u00a0 - FMC\" \/>\n<meta property=\"og:description\" content=\"Perspektiven f\u00fcr einen \u201eIntegrierten Behandlungspfad\u201c bei Burnout oder Depression.\" \/>\n<meta property=\"og:url\" content=\"https:\/\/fmc.ch\/fr\/parcours-de-soins-integres-en-cas-de-burnout-ou-de-depression\/\" \/>\n<meta property=\"og:site_name\" content=\"FMC\" \/>\n<meta property=\"article:published_time\" content=\"2020-12-27T13:04:00+00:00\" \/>\n<meta property=\"article:modified_time\" content=\"2025-11-27T15:42:26+00:00\" \/>\n<meta property=\"og:image\" content=\"https:\/\/fmc.ch\/wp-content\/uploads\/2023\/10\/artikel-und-studien_interprof-Behandlungspfad-bei-Burnout-oder-Depression.jpg\" \/>\n\t<meta property=\"og:image:width\" content=\"600\" \/>\n\t<meta property=\"og:image:height\" content=\"600\" \/>\n\t<meta property=\"og:image:type\" content=\"image\/jpeg\" \/>\n<meta name=\"author\" content=\"Nadja Blanchard\" \/>\n<meta name=\"twitter:card\" content=\"summary_large_image\" \/>\n<meta name=\"twitter:label1\" content=\"\u00c9crit par\" \/>\n\t<meta name=\"twitter:data1\" content=\"Nadja Blanchard\" \/>\n\t<meta name=\"twitter:label2\" content=\"Dur\u00e9e de lecture estim\u00e9e\" \/>\n\t<meta name=\"twitter:data2\" content=\"1 minute\" \/>\n<script type=\"application\/ld+json\" class=\"yoast-schema-graph\">{\"@context\":\"https:\\\/\\\/schema.org\",\"@graph\":[{\"@type\":\"Article\",\"@id\":\"https:\\\/\\\/fmc.ch\\\/integrierter-behandlungspfad-bei-burnout-oder-depression\\\/#article\",\"isPartOf\":{\"@id\":\"https:\\\/\\\/fmc.ch\\\/integrierter-behandlungspfad-bei-burnout-oder-depression\\\/\"},\"author\":{\"name\":\"Nadja Blanchard\",\"@id\":\"https:\\\/\\\/fmc.ch\\\/#\\\/schema\\\/person\\\/3a7218d283691f8ef8cf410e4615e507\"},\"headline\":\"Integrierter Behandlungspfad bei Burnout und\\\/oder Depression \u2013 Was w\u00fcnschen und was hilft den Patienten?\u00a0\u00a0\",\"datePublished\":\"2020-12-27T13:04:00+00:00\",\"dateModified\":\"2025-11-27T15:42:26+00:00\",\"mainEntityOfPage\":{\"@id\":\"https:\\\/\\\/fmc.ch\\\/integrierter-behandlungspfad-bei-burnout-oder-depression\\\/\"},\"wordCount\":90,\"publisher\":{\"@id\":\"https:\\\/\\\/fmc.ch\\\/#organization\"},\"image\":{\"@id\":\"https:\\\/\\\/fmc.ch\\\/integrierter-behandlungspfad-bei-burnout-oder-depression\\\/#primaryimage\"},\"thumbnailUrl\":\"https:\\\/\\\/fmc.ch\\\/wp-content\\\/uploads\\\/2023\\\/10\\\/artikel-und-studien_interprof-Behandlungspfad-bei-Burnout-oder-Depression.jpg\",\"articleSection\":[\"Artikel und Studien\"],\"inLanguage\":\"fr-FR\"},{\"@type\":\"WebPage\",\"@id\":\"https:\\\/\\\/fmc.ch\\\/integrierter-behandlungspfad-bei-burnout-oder-depression\\\/\",\"url\":\"https:\\\/\\\/fmc.ch\\\/integrierter-behandlungspfad-bei-burnout-oder-depression\\\/\",\"name\":\"Integrierter Behandlungspfad bei Burnout und\\\/oder Depression \u2013 Was w\u00fcnschen und was hilft den Patienten?\u00a0\u00a0 - FMC\",\"isPartOf\":{\"@id\":\"https:\\\/\\\/fmc.ch\\\/#website\"},\"primaryImageOfPage\":{\"@id\":\"https:\\\/\\\/fmc.ch\\\/integrierter-behandlungspfad-bei-burnout-oder-depression\\\/#primaryimage\"},\"image\":{\"@id\":\"https:\\\/\\\/fmc.ch\\\/integrierter-behandlungspfad-bei-burnout-oder-depression\\\/#primaryimage\"},\"thumbnailUrl\":\"https:\\\/\\\/fmc.ch\\\/wp-content\\\/uploads\\\/2023\\\/10\\\/artikel-und-studien_interprof-Behandlungspfad-bei-Burnout-oder-Depression.jpg\",\"datePublished\":\"2020-12-27T13:04:00+00:00\",\"dateModified\":\"2025-11-27T15:42:26+00:00\",\"description\":\"Perspektiven f\u00fcr einen \u201eIntegrierten Behandlungspfad\u201c bei Burnout oder Depression.\",\"breadcrumb\":{\"@id\":\"https:\\\/\\\/fmc.ch\\\/integrierter-behandlungspfad-bei-burnout-oder-depression\\\/#breadcrumb\"},\"inLanguage\":\"fr-FR\",\"potentialAction\":[{\"@type\":\"ReadAction\",\"target\":[\"https:\\\/\\\/fmc.ch\\\/integrierter-behandlungspfad-bei-burnout-oder-depression\\\/\"]}]},{\"@type\":\"ImageObject\",\"inLanguage\":\"fr-FR\",\"@id\":\"https:\\\/\\\/fmc.ch\\\/integrierter-behandlungspfad-bei-burnout-oder-depression\\\/#primaryimage\",\"url\":\"https:\\\/\\\/fmc.ch\\\/wp-content\\\/uploads\\\/2023\\\/10\\\/artikel-und-studien_interprof-Behandlungspfad-bei-Burnout-oder-Depression.jpg\",\"contentUrl\":\"https:\\\/\\\/fmc.ch\\\/wp-content\\\/uploads\\\/2023\\\/10\\\/artikel-und-studien_interprof-Behandlungspfad-bei-Burnout-oder-Depression.jpg\",\"width\":600,\"height\":600},{\"@type\":\"BreadcrumbList\",\"@id\":\"https:\\\/\\\/fmc.ch\\\/integrierter-behandlungspfad-bei-burnout-oder-depression\\\/#breadcrumb\",\"itemListElement\":[{\"@type\":\"ListItem\",\"position\":1,\"name\":\"Home\",\"item\":\"https:\\\/\\\/fmc.ch\\\/\"},{\"@type\":\"ListItem\",\"position\":2,\"name\":\"Integrierter Behandlungspfad bei Burnout und\\\/oder Depression \u2013 Was w\u00fcnschen und was hilft den Patienten?\u00a0\u00a0\"}]},{\"@type\":\"WebSite\",\"@id\":\"https:\\\/\\\/fmc.ch\\\/#website\",\"url\":\"https:\\\/\\\/fmc.ch\\\/\",\"name\":\"FMC\",\"description\":\"Schweizer Forum f\u00fcr Integrierte Versorgung\",\"publisher\":{\"@id\":\"https:\\\/\\\/fmc.ch\\\/#organization\"},\"potentialAction\":[{\"@type\":\"SearchAction\",\"target\":{\"@type\":\"EntryPoint\",\"urlTemplate\":\"https:\\\/\\\/fmc.ch\\\/?s={search_term_string}\"},\"query-input\":{\"@type\":\"PropertyValueSpecification\",\"valueRequired\":true,\"valueName\":\"search_term_string\"}}],\"inLanguage\":\"fr-FR\"},{\"@type\":\"Organization\",\"@id\":\"https:\\\/\\\/fmc.ch\\\/#organization\",\"name\":\"FMC\",\"url\":\"https:\\\/\\\/fmc.ch\\\/\",\"logo\":{\"@type\":\"ImageObject\",\"inLanguage\":\"fr-FR\",\"@id\":\"https:\\\/\\\/fmc.ch\\\/#\\\/schema\\\/logo\\\/image\\\/\",\"url\":\"https:\\\/\\\/fmc.ch\\\/wp-content\\\/uploads\\\/2023\\\/09\\\/fmc-logo.svg\",\"contentUrl\":\"https:\\\/\\\/fmc.ch\\\/wp-content\\\/uploads\\\/2023\\\/09\\\/fmc-logo.svg\",\"caption\":\"FMC\"},\"image\":{\"@id\":\"https:\\\/\\\/fmc.ch\\\/#\\\/schema\\\/logo\\\/image\\\/\"}},{\"@type\":\"Person\",\"@id\":\"https:\\\/\\\/fmc.ch\\\/#\\\/schema\\\/person\\\/3a7218d283691f8ef8cf410e4615e507\",\"name\":\"Nadja Blanchard\",\"image\":{\"@type\":\"ImageObject\",\"inLanguage\":\"fr-FR\",\"@id\":\"https:\\\/\\\/secure.gravatar.com\\\/avatar\\\/729fbcebbfccd7834565b1398470d6ea84a4f3e7525873a0cb368db99228ce7b?s=96&d=mm&r=g\",\"url\":\"https:\\\/\\\/secure.gravatar.com\\\/avatar\\\/729fbcebbfccd7834565b1398470d6ea84a4f3e7525873a0cb368db99228ce7b?s=96&d=mm&r=g\",\"contentUrl\":\"https:\\\/\\\/secure.gravatar.com\\\/avatar\\\/729fbcebbfccd7834565b1398470d6ea84a4f3e7525873a0cb368db99228ce7b?s=96&d=mm&r=g\",\"caption\":\"Nadja Blanchard\"},\"url\":\"https:\\\/\\\/fmc.ch\\\/fr\\\/author\\\/nadja-blanchardfmc-ch\\\/\"}]}<\/script>\n<!-- \/ Yoast SEO plugin. -->","yoast_head_json":{"title":"Parcours th\u00e9rapeutique int\u00e9gr\u00e9 en cas de burnout et\/ou de d\u00e9pression - Que souhaitent les patients et qu'est-ce qui les aide ?   - FMC","description":"Perspectives pour un \"parcours de soins int\u00e9gr\u00e9s\" en cas de burnout ou de d\u00e9pression.","robots":{"index":"index","follow":"follow","max-snippet":"max-snippet:-1","max-image-preview":"max-image-preview:large","max-video-preview":"max-video-preview:-1"},"canonical":"https:\/\/fmc.ch\/fr\/parcours-de-soins-integres-en-cas-de-burnout-ou-de-depression\/","og_locale":"fr_FR","og_type":"article","og_title":"Integrierter Behandlungspfad bei Burnout und\/oder Depression \u2013 Was w\u00fcnschen und was hilft den Patienten?\u00a0\u00a0 - FMC","og_description":"Perspektiven f\u00fcr einen \u201eIntegrierten Behandlungspfad\u201c bei Burnout oder Depression.","og_url":"https:\/\/fmc.ch\/fr\/parcours-de-soins-integres-en-cas-de-burnout-ou-de-depression\/","og_site_name":"FMC","article_published_time":"2020-12-27T13:04:00+00:00","article_modified_time":"2025-11-27T15:42:26+00:00","og_image":[{"width":600,"height":600,"url":"https:\/\/fmc.ch\/wp-content\/uploads\/2023\/10\/artikel-und-studien_interprof-Behandlungspfad-bei-Burnout-oder-Depression.jpg","type":"image\/jpeg"}],"author":"Nadja Blanchard","twitter_card":"summary_large_image","twitter_misc":{"\u00c9crit par":"Nadja Blanchard","Dur\u00e9e de lecture estim\u00e9e":"1 minute"},"schema":{"@context":"https:\/\/schema.org","@graph":[{"@type":"Article","@id":"https:\/\/fmc.ch\/integrierter-behandlungspfad-bei-burnout-oder-depression\/#article","isPartOf":{"@id":"https:\/\/fmc.ch\/integrierter-behandlungspfad-bei-burnout-oder-depression\/"},"author":{"name":"Nadja Blanchard","@id":"https:\/\/fmc.ch\/#\/schema\/person\/3a7218d283691f8ef8cf410e4615e507"},"headline":"Integrierter Behandlungspfad bei Burnout und\/oder Depression \u2013 Was w\u00fcnschen und was hilft den Patienten?\u00a0\u00a0","datePublished":"2020-12-27T13:04:00+00:00","dateModified":"2025-11-27T15:42:26+00:00","mainEntityOfPage":{"@id":"https:\/\/fmc.ch\/integrierter-behandlungspfad-bei-burnout-oder-depression\/"},"wordCount":90,"publisher":{"@id":"https:\/\/fmc.ch\/#organization"},"image":{"@id":"https:\/\/fmc.ch\/integrierter-behandlungspfad-bei-burnout-oder-depression\/#primaryimage"},"thumbnailUrl":"https:\/\/fmc.ch\/wp-content\/uploads\/2023\/10\/artikel-und-studien_interprof-Behandlungspfad-bei-Burnout-oder-Depression.jpg","articleSection":["Artikel und Studien"],"inLanguage":"fr-FR"},{"@type":"WebPage","@id":"https:\/\/fmc.ch\/integrierter-behandlungspfad-bei-burnout-oder-depression\/","url":"https:\/\/fmc.ch\/integrierter-behandlungspfad-bei-burnout-oder-depression\/","name":"Parcours th\u00e9rapeutique int\u00e9gr\u00e9 en cas de burnout et\/ou de d\u00e9pression - Que souhaitent les patients et qu'est-ce qui les aide ?   - FMC","isPartOf":{"@id":"https:\/\/fmc.ch\/#website"},"primaryImageOfPage":{"@id":"https:\/\/fmc.ch\/integrierter-behandlungspfad-bei-burnout-oder-depression\/#primaryimage"},"image":{"@id":"https:\/\/fmc.ch\/integrierter-behandlungspfad-bei-burnout-oder-depression\/#primaryimage"},"thumbnailUrl":"https:\/\/fmc.ch\/wp-content\/uploads\/2023\/10\/artikel-und-studien_interprof-Behandlungspfad-bei-Burnout-oder-Depression.jpg","datePublished":"2020-12-27T13:04:00+00:00","dateModified":"2025-11-27T15:42:26+00:00","description":"Perspectives pour un \"parcours de soins int\u00e9gr\u00e9s\" en cas de burnout ou de d\u00e9pression.","breadcrumb":{"@id":"https:\/\/fmc.ch\/integrierter-behandlungspfad-bei-burnout-oder-depression\/#breadcrumb"},"inLanguage":"fr-FR","potentialAction":[{"@type":"ReadAction","target":["https:\/\/fmc.ch\/integrierter-behandlungspfad-bei-burnout-oder-depression\/"]}]},{"@type":"ImageObject","inLanguage":"fr-FR","@id":"https:\/\/fmc.ch\/integrierter-behandlungspfad-bei-burnout-oder-depression\/#primaryimage","url":"https:\/\/fmc.ch\/wp-content\/uploads\/2023\/10\/artikel-und-studien_interprof-Behandlungspfad-bei-Burnout-oder-Depression.jpg","contentUrl":"https:\/\/fmc.ch\/wp-content\/uploads\/2023\/10\/artikel-und-studien_interprof-Behandlungspfad-bei-Burnout-oder-Depression.jpg","width":600,"height":600},{"@type":"BreadcrumbList","@id":"https:\/\/fmc.ch\/integrierter-behandlungspfad-bei-burnout-oder-depression\/#breadcrumb","itemListElement":[{"@type":"ListItem","position":1,"name":"Home","item":"https:\/\/fmc.ch\/"},{"@type":"ListItem","position":2,"name":"Integrierter Behandlungspfad bei Burnout und\/oder Depression \u2013 Was w\u00fcnschen und was hilft den Patienten?\u00a0\u00a0"}]},{"@type":"WebSite","@id":"https:\/\/fmc.ch\/#website","url":"https:\/\/fmc.ch\/","name":"FMC","description":"Forum suisse des soins int\u00e9gr\u00e9s","publisher":{"@id":"https:\/\/fmc.ch\/#organization"},"potentialAction":[{"@type":"SearchAction","target":{"@type":"EntryPoint","urlTemplate":"https:\/\/fmc.ch\/?s={search_term_string}"},"query-input":{"@type":"PropertyValueSpecification","valueRequired":true,"valueName":"search_term_string"}}],"inLanguage":"fr-FR"},{"@type":"Organization","@id":"https:\/\/fmc.ch\/#organization","name":"FMC","url":"https:\/\/fmc.ch\/","logo":{"@type":"ImageObject","inLanguage":"fr-FR","@id":"https:\/\/fmc.ch\/#\/schema\/logo\/image\/","url":"https:\/\/fmc.ch\/wp-content\/uploads\/2023\/09\/fmc-logo.svg","contentUrl":"https:\/\/fmc.ch\/wp-content\/uploads\/2023\/09\/fmc-logo.svg","caption":"FMC"},"image":{"@id":"https:\/\/fmc.ch\/#\/schema\/logo\/image\/"}},{"@type":"Person","@id":"https:\/\/fmc.ch\/#\/schema\/person\/3a7218d283691f8ef8cf410e4615e507","name":"Nadja Blanchard","image":{"@type":"ImageObject","inLanguage":"fr-FR","@id":"https:\/\/secure.gravatar.com\/avatar\/729fbcebbfccd7834565b1398470d6ea84a4f3e7525873a0cb368db99228ce7b?s=96&d=mm&r=g","url":"https:\/\/secure.gravatar.com\/avatar\/729fbcebbfccd7834565b1398470d6ea84a4f3e7525873a0cb368db99228ce7b?s=96&d=mm&r=g","contentUrl":"https:\/\/secure.gravatar.com\/avatar\/729fbcebbfccd7834565b1398470d6ea84a4f3e7525873a0cb368db99228ce7b?s=96&d=mm&r=g","caption":"Nadja Blanchard"},"url":"https:\/\/fmc.ch\/fr\/author\/nadja-blanchardfmc-ch\/"}]}},"_links":{"self":[{"href":"https:\/\/fmc.ch\/fr\/wp-json\/wp\/v2\/posts\/2530","targetHints":{"allow":["GET"]}}],"collection":[{"href":"https:\/\/fmc.ch\/fr\/wp-json\/wp\/v2\/posts"}],"about":[{"href":"https:\/\/fmc.ch\/fr\/wp-json\/wp\/v2\/types\/post"}],"author":[{"embeddable":true,"href":"https:\/\/fmc.ch\/fr\/wp-json\/wp\/v2\/users\/2"}],"replies":[{"embeddable":true,"href":"https:\/\/fmc.ch\/fr\/wp-json\/wp\/v2\/comments?post=2530"}],"version-history":[{"count":4,"href":"https:\/\/fmc.ch\/fr\/wp-json\/wp\/v2\/posts\/2530\/revisions"}],"predecessor-version":[{"id":12012,"href":"https:\/\/fmc.ch\/fr\/wp-json\/wp\/v2\/posts\/2530\/revisions\/12012"}],"wp:featuredmedia":[{"embeddable":true,"href":"https:\/\/fmc.ch\/fr\/wp-json\/wp\/v2\/media\/2531"}],"wp:attachment":[{"href":"https:\/\/fmc.ch\/fr\/wp-json\/wp\/v2\/media?parent=2530"}],"wp:term":[{"taxonomy":"strategie","embeddable":true,"href":"https:\/\/fmc.ch\/fr\/wp-json\/wp\/v2\/strategie?post=2530"},{"taxonomy":"thema","embeddable":true,"href":"https:\/\/fmc.ch\/fr\/wp-json\/wp\/v2\/thema?post=2530"},{"taxonomy":"format","embeddable":true,"href":"https:\/\/fmc.ch\/fr\/wp-json\/wp\/v2\/format?post=2530"}],"curies":[{"name":"wp","href":"https:\/\/api.w.org\/{rel}","templated":true}]}}