{"id":2456,"date":"2021-02-17T15:05:00","date_gmt":"2021-02-17T15:05:00","guid":{"rendered":"https:\/\/fmc.ch\/?p=2456"},"modified":"2024-11-11T10:10:21","modified_gmt":"2024-11-11T09:10:21","slug":"debat-de-fond-sur-les-soins-aux-personnes-agees","status":"publish","type":"post","link":"https:\/\/fmc.ch\/fr\/hintergrundgespraech-gute-betreuung-im-alter\/","title":{"rendered":"Une bonne prise en charge des personnes \u00e2g\u00e9es pour tous"},"content":{"rendered":"<div data-elementor-type=\"wp-post\" data-elementor-id=\"2456\" class=\"elementor elementor-2456\" data-elementor-post-type=\"post\">\n\t\t\t\t\t\t<section class=\"elementor-section elementor-top-section elementor-element elementor-element-4abfd0d elementor-reverse-tablet elementor-reverse-mobile elementor-section-boxed elementor-section-height-default elementor-section-height-default\" data-id=\"4abfd0d\" data-element_type=\"section\" data-e-type=\"section\">\n\t\t\t\t\t\t<div class=\"elementor-container elementor-column-gap-default\">\n\t\t\t\t\t<div class=\"elementor-column elementor-col-50 elementor-top-column elementor-element elementor-element-cc0812c\" data-id=\"cc0812c\" data-element_type=\"column\" data-e-type=\"column\">\n\t\t\t<div class=\"elementor-widget-wrap elementor-element-populated\">\n\t\t\t\t\t\t<div class=\"elementor-element elementor-element-021ca3e elementor-invisible elementor-widget elementor-widget-text-editor\" data-id=\"021ca3e\" data-element_type=\"widget\" data-e-type=\"widget\" data-settings=\"{&quot;_animation&quot;:&quot;fadeIn&quot;}\" data-widget_type=\"text-editor.default\">\n\t\t\t\t<div class=\"elementor-widget-container\">\n\t\t\t\t\t\t\t\t\t<p>Entretien avec <strong>Carlo Kn\u00f6pfel<\/strong>Professeur de politique sociale et de travail social \u00e0 la Haute \u00e9cole sp\u00e9cialis\u00e9e du Nord-Ouest de la Suisse.<\/p><p>La prise en charge des personnes \u00e2g\u00e9es n\u00e9cessitant un soutien est un th\u00e8me important pour l'avenir. Aujourd'hui, la prise en charge est souvent assur\u00e9e par les proches. Mais que se passera-t-il si, comme le montrent les estimations, il n'y a plus de membres de la famille disponibles pour plus de 100 000 personnes n\u00e9cessitant une assistance au cours des 10 \u00e0 20 prochaines ann\u00e9es ? La politique est appel\u00e9e \u00e0 cr\u00e9er de nouvelles conditions g\u00e9n\u00e9rales de soutien. Le professeur Kn\u00f6pfel cite \u00e0 cet effet six champs d'action et esquisse dans l'interview des solutions possibles telles qu'une offre de prise en charge globale dans le quartier d'habitation ou des bons de prise en charge pour les personnes concern\u00e9es. Pour le professeur Kn\u00f6pfel, il est clair qu'\u00e0 l'avenir, les membres de la famille n'assumeront plus la m\u00eame charge d'assistance qu'aujourd'hui. Il ne sera pas non plus la r\u00e8gle que les personnes concern\u00e9es puissent payer elles-m\u00eames les prestations d'assistance n\u00e9cessaires \"out of pocket\". Le professeur Kn\u00f6pfel explique dans l'entretien d'information de la fmc comment il est possible d'assurer malgr\u00e9 tout une \"bonne prise en charge des personnes \u00e2g\u00e9es pour tous\".<\/p><p>Nous remercions le professeur Carlo Kn\u00f6pfel pour cet entretien de fond.<\/p>\t\t\t\t\t\t\t\t<\/div>\n\t\t\t\t<\/div>\n\t\t\t\t\t<\/div>\n\t\t<\/div>\n\t\t\t\t<div class=\"elementor-column elementor-col-50 elementor-top-column elementor-element elementor-element-97c01ad\" data-id=\"97c01ad\" data-element_type=\"column\" data-e-type=\"column\">\n\t\t\t<div class=\"elementor-widget-wrap elementor-element-populated\">\n\t\t\t\t\t\t<div class=\"elementor-element elementor-element-2122262 elementor-widget elementor-widget-video\" data-id=\"2122262\" data-element_type=\"widget\" data-e-type=\"widget\" data-settings=\"{&quot;youtube_url&quot;:&quot;https:\\\/\\\/www.youtube.com\\\/watch?v=hBMIRcPhR9M&amp;t=2s&quot;,&quot;lazy_load&quot;:&quot;yes&quot;,&quot;video_type&quot;:&quot;youtube&quot;,&quot;controls&quot;:&quot;yes&quot;}\" data-widget_type=\"video.default\">\n\t\t\t\t<div class=\"elementor-widget-container\">\n\t\t\t\t\t\t\t<div class=\"elementor-wrapper elementor-open-inline\">\n\t\t\t<div class=\"elementor-video\"><\/div>\t\t<\/div>\n\t\t\t\t\t\t<\/div>\n\t\t\t\t<\/div>\n\t\t\t\t<div class=\"elementor-element elementor-element-6b7184a widget-image-caption elementor-widget elementor-widget-text-editor\" data-id=\"6b7184a\" data-element_type=\"widget\" data-e-type=\"widget\" data-widget_type=\"text-editor.default\">\n\t\t\t\t<div class=\"elementor-widget-container\">\n\t\t\t\t\t\t\t\t\t<p>Prof. Carlo Kn\u00f6pfel \"Une bonne prise en charge de la vieillesse pour tous\".<\/p>\t\t\t\t\t\t\t\t<\/div>\n\t\t\t\t<\/div>\n\t\t\t\t\t<\/div>\n\t\t<\/div>\n\t\t\t\t\t<\/div>\n\t\t<\/section>\n\t\t\t\t<section class=\"elementor-section elementor-top-section elementor-element elementor-element-0be4358 elementor-section-boxed elementor-section-height-default elementor-section-height-default\" data-id=\"0be4358\" data-element_type=\"section\" data-e-type=\"section\">\n\t\t\t\t\t\t<div class=\"elementor-container elementor-column-gap-default\">\n\t\t\t\t\t<div class=\"elementor-column elementor-col-100 elementor-top-column elementor-element elementor-element-2aad8f3\" data-id=\"2aad8f3\" data-element_type=\"column\" data-e-type=\"column\">\n\t\t\t<div class=\"elementor-widget-wrap elementor-element-populated\">\n\t\t\t\t\t\t<div class=\"elementor-element elementor-element-754f9b1 elementor-widget elementor-widget-spacer\" data-id=\"754f9b1\" data-element_type=\"widget\" data-e-type=\"widget\" data-widget_type=\"spacer.default\">\n\t\t\t\t<div class=\"elementor-widget-container\">\n\t\t\t\t\t\t\t<div class=\"elementor-spacer\">\n\t\t\t<div class=\"elementor-spacer-inner\"><\/div>\n\t\t<\/div>\n\t\t\t\t\t\t<\/div>\n\t\t\t\t<\/div>\n\t\t\t\t\t<\/div>\n\t\t<\/div>\n\t\t\t\t\t<\/div>\n\t\t<\/section>\n\t\t\t\t<\/div>","protected":false},"excerpt":{"rendered":"<p>La prise en charge des personnes \u00e2g\u00e9es n\u00e9cessitant un soutien est un th\u00e8me important pour l'avenir. Aujourd'hui, la prise en charge est souvent assur\u00e9e par les proches. Mais que se passera-t-il si, comme le montrent les estimations, il n'y a plus de membres de la famille disponibles pour plus de 100 000 personnes n\u00e9cessitant une assistance dans les 10 \u00e0 20 prochaines ann\u00e9es ?<\/p>","protected":false},"author":2,"featured_media":2457,"comment_status":"closed","ping_status":"closed","sticky":false,"template":"","format":[147,139],"meta":{"footnotes":""},"strategie":[156],"thema":[154],"class_list":["post-2456","post","type-post","status-publish","format-standard","has-post-thumbnail","hentry","strategie-zusammenarbeit","thema-medizin-und-soziales","format-hintergrundgespraeche","format-publikation"],"yoast_head":"<!-- This site is optimized with the Yoast SEO plugin v27.5 - https:\/\/yoast.com\/product\/yoast-seo-wordpress\/ -->\n<title>Gute Betreuung im Alter f\u00fcr alle - FMC<\/title>\n<meta name=\"description\" content=\"Die Betreuung von \u00e4lteren unterst\u00fctzungsbed\u00fcrftigen Personen ist ein wichtiges Zukunftsthema. Heute wird die Betreuung vielfach durch die Angeh\u00f6rigen sichergestellt.\" \/>\n<meta name=\"robots\" content=\"index, follow, max-snippet:-1, max-image-preview:large, max-video-preview:-1\" \/>\n<link rel=\"canonical\" href=\"https:\/\/fmc.ch\/fr\/debat-de-fond-sur-les-soins-aux-personnes-agees\/\" \/>\n<meta property=\"og:locale\" content=\"fr_FR\" \/>\n<meta property=\"og:type\" content=\"article\" \/>\n<meta property=\"og:title\" content=\"Gute Betreuung im Alter f\u00fcr alle - FMC\" \/>\n<meta property=\"og:description\" content=\"Die Betreuung von \u00e4lteren unterst\u00fctzungsbed\u00fcrftigen Personen ist ein wichtiges Zukunftsthema. Heute wird die Betreuung vielfach durch die Angeh\u00f6rigen sichergestellt.\" \/>\n<meta property=\"og:url\" content=\"https:\/\/fmc.ch\/fr\/debat-de-fond-sur-les-soins-aux-personnes-agees\/\" \/>\n<meta property=\"og:site_name\" content=\"FMC\" \/>\n<meta property=\"article:published_time\" content=\"2021-02-17T15:05:00+00:00\" \/>\n<meta property=\"article:modified_time\" content=\"2024-11-11T09:10:21+00:00\" \/>\n<meta property=\"og:image\" content=\"https:\/\/fmc.ch\/wp-content\/uploads\/2023\/10\/Bild-zu-Hintergrundgespraech-Betreuung-im-Alter.jpg\" \/>\n\t<meta property=\"og:image:width\" content=\"600\" \/>\n\t<meta property=\"og:image:height\" content=\"600\" \/>\n\t<meta property=\"og:image:type\" content=\"image\/jpeg\" \/>\n<meta name=\"author\" content=\"Nadja Blanchard\" \/>\n<meta name=\"twitter:card\" content=\"summary_large_image\" \/>\n<meta name=\"twitter:label1\" content=\"\u00c9crit par\" \/>\n\t<meta name=\"twitter:data1\" content=\"Nadja Blanchard\" \/>\n\t<meta name=\"twitter:label2\" content=\"Dur\u00e9e de lecture estim\u00e9e\" \/>\n\t<meta name=\"twitter:data2\" content=\"2 minutes\" \/>\n<script type=\"application\/ld+json\" class=\"yoast-schema-graph\">{\"@context\":\"https:\\\/\\\/schema.org\",\"@graph\":[{\"@type\":\"Article\",\"@id\":\"https:\\\/\\\/fmc.ch\\\/hintergrundgespraech-gute-betreuung-im-alter\\\/#article\",\"isPartOf\":{\"@id\":\"https:\\\/\\\/fmc.ch\\\/hintergrundgespraech-gute-betreuung-im-alter\\\/\"},\"author\":{\"name\":\"Nadja Blanchard\",\"@id\":\"https:\\\/\\\/fmc.ch\\\/#\\\/schema\\\/person\\\/3a7218d283691f8ef8cf410e4615e507\"},\"headline\":\"Gute Betreuung im Alter f\u00fcr alle\",\"datePublished\":\"2021-02-17T15:05:00+00:00\",\"dateModified\":\"2024-11-11T09:10:21+00:00\",\"mainEntityOfPage\":{\"@id\":\"https:\\\/\\\/fmc.ch\\\/hintergrundgespraech-gute-betreuung-im-alter\\\/\"},\"wordCount\":213,\"publisher\":{\"@id\":\"https:\\\/\\\/fmc.ch\\\/#organization\"},\"image\":{\"@id\":\"https:\\\/\\\/fmc.ch\\\/hintergrundgespraech-gute-betreuung-im-alter\\\/#primaryimage\"},\"thumbnailUrl\":\"https:\\\/\\\/fmc.ch\\\/wp-content\\\/uploads\\\/2023\\\/10\\\/Bild-zu-Hintergrundgespraech-Betreuung-im-Alter.jpg\",\"keywords\":[\"gute Betreuung im Alter\",\"Medizin und Soziales\"],\"articleSection\":[\"Hintergrundgespr\u00e4che\"],\"inLanguage\":\"fr-FR\"},{\"@type\":\"WebPage\",\"@id\":\"https:\\\/\\\/fmc.ch\\\/hintergrundgespraech-gute-betreuung-im-alter\\\/\",\"url\":\"https:\\\/\\\/fmc.ch\\\/hintergrundgespraech-gute-betreuung-im-alter\\\/\",\"name\":\"Gute Betreuung im Alter f\u00fcr alle - FMC\",\"isPartOf\":{\"@id\":\"https:\\\/\\\/fmc.ch\\\/#website\"},\"primaryImageOfPage\":{\"@id\":\"https:\\\/\\\/fmc.ch\\\/hintergrundgespraech-gute-betreuung-im-alter\\\/#primaryimage\"},\"image\":{\"@id\":\"https:\\\/\\\/fmc.ch\\\/hintergrundgespraech-gute-betreuung-im-alter\\\/#primaryimage\"},\"thumbnailUrl\":\"https:\\\/\\\/fmc.ch\\\/wp-content\\\/uploads\\\/2023\\\/10\\\/Bild-zu-Hintergrundgespraech-Betreuung-im-Alter.jpg\",\"datePublished\":\"2021-02-17T15:05:00+00:00\",\"dateModified\":\"2024-11-11T09:10:21+00:00\",\"description\":\"Die Betreuung von \u00e4lteren unterst\u00fctzungsbed\u00fcrftigen Personen ist ein wichtiges Zukunftsthema. Heute wird die Betreuung vielfach durch die Angeh\u00f6rigen sichergestellt.\",\"breadcrumb\":{\"@id\":\"https:\\\/\\\/fmc.ch\\\/hintergrundgespraech-gute-betreuung-im-alter\\\/#breadcrumb\"},\"inLanguage\":\"fr-FR\",\"potentialAction\":[{\"@type\":\"ReadAction\",\"target\":[\"https:\\\/\\\/fmc.ch\\\/hintergrundgespraech-gute-betreuung-im-alter\\\/\"]}]},{\"@type\":\"ImageObject\",\"inLanguage\":\"fr-FR\",\"@id\":\"https:\\\/\\\/fmc.ch\\\/hintergrundgespraech-gute-betreuung-im-alter\\\/#primaryimage\",\"url\":\"https:\\\/\\\/fmc.ch\\\/wp-content\\\/uploads\\\/2023\\\/10\\\/Bild-zu-Hintergrundgespraech-Betreuung-im-Alter.jpg\",\"contentUrl\":\"https:\\\/\\\/fmc.ch\\\/wp-content\\\/uploads\\\/2023\\\/10\\\/Bild-zu-Hintergrundgespraech-Betreuung-im-Alter.jpg\",\"width\":600,\"height\":600},{\"@type\":\"BreadcrumbList\",\"@id\":\"https:\\\/\\\/fmc.ch\\\/hintergrundgespraech-gute-betreuung-im-alter\\\/#breadcrumb\",\"itemListElement\":[{\"@type\":\"ListItem\",\"position\":1,\"name\":\"Home\",\"item\":\"https:\\\/\\\/fmc.ch\\\/\"},{\"@type\":\"ListItem\",\"position\":2,\"name\":\"Gute Betreuung im Alter f\u00fcr alle\"}]},{\"@type\":\"WebSite\",\"@id\":\"https:\\\/\\\/fmc.ch\\\/#website\",\"url\":\"https:\\\/\\\/fmc.ch\\\/\",\"name\":\"FMC\",\"description\":\"Schweizer Forum f\u00fcr Integrierte Versorgung\",\"publisher\":{\"@id\":\"https:\\\/\\\/fmc.ch\\\/#organization\"},\"potentialAction\":[{\"@type\":\"SearchAction\",\"target\":{\"@type\":\"EntryPoint\",\"urlTemplate\":\"https:\\\/\\\/fmc.ch\\\/?s={search_term_string}\"},\"query-input\":{\"@type\":\"PropertyValueSpecification\",\"valueRequired\":true,\"valueName\":\"search_term_string\"}}],\"inLanguage\":\"fr-FR\"},{\"@type\":\"Organization\",\"@id\":\"https:\\\/\\\/fmc.ch\\\/#organization\",\"name\":\"FMC\",\"url\":\"https:\\\/\\\/fmc.ch\\\/\",\"logo\":{\"@type\":\"ImageObject\",\"inLanguage\":\"fr-FR\",\"@id\":\"https:\\\/\\\/fmc.ch\\\/#\\\/schema\\\/logo\\\/image\\\/\",\"url\":\"https:\\\/\\\/fmc.ch\\\/wp-content\\\/uploads\\\/2023\\\/09\\\/fmc-logo.svg\",\"contentUrl\":\"https:\\\/\\\/fmc.ch\\\/wp-content\\\/uploads\\\/2023\\\/09\\\/fmc-logo.svg\",\"caption\":\"FMC\"},\"image\":{\"@id\":\"https:\\\/\\\/fmc.ch\\\/#\\\/schema\\\/logo\\\/image\\\/\"}},{\"@type\":\"Person\",\"@id\":\"https:\\\/\\\/fmc.ch\\\/#\\\/schema\\\/person\\\/3a7218d283691f8ef8cf410e4615e507\",\"name\":\"Nadja Blanchard\",\"image\":{\"@type\":\"ImageObject\",\"inLanguage\":\"fr-FR\",\"@id\":\"https:\\\/\\\/secure.gravatar.com\\\/avatar\\\/729fbcebbfccd7834565b1398470d6ea84a4f3e7525873a0cb368db99228ce7b?s=96&d=mm&r=g\",\"url\":\"https:\\\/\\\/secure.gravatar.com\\\/avatar\\\/729fbcebbfccd7834565b1398470d6ea84a4f3e7525873a0cb368db99228ce7b?s=96&d=mm&r=g\",\"contentUrl\":\"https:\\\/\\\/secure.gravatar.com\\\/avatar\\\/729fbcebbfccd7834565b1398470d6ea84a4f3e7525873a0cb368db99228ce7b?s=96&d=mm&r=g\",\"caption\":\"Nadja Blanchard\"},\"url\":\"https:\\\/\\\/fmc.ch\\\/fr\\\/author\\\/nadja-blanchardfmc-ch\\\/\"}]}<\/script>\n<!-- \/ Yoast SEO plugin. -->","yoast_head_json":{"title":"Une bonne prise en charge des personnes \u00e2g\u00e9es pour tous - FMC","description":"La prise en charge des personnes \u00e2g\u00e9es n\u00e9cessitant un soutien est un th\u00e8me important pour l'avenir. Aujourd'hui, la prise en charge est souvent assur\u00e9e par les proches.","robots":{"index":"index","follow":"follow","max-snippet":"max-snippet:-1","max-image-preview":"max-image-preview:large","max-video-preview":"max-video-preview:-1"},"canonical":"https:\/\/fmc.ch\/fr\/debat-de-fond-sur-les-soins-aux-personnes-agees\/","og_locale":"fr_FR","og_type":"article","og_title":"Gute Betreuung im Alter f\u00fcr alle - FMC","og_description":"Die Betreuung von \u00e4lteren unterst\u00fctzungsbed\u00fcrftigen Personen ist ein wichtiges Zukunftsthema. Heute wird die Betreuung vielfach durch die Angeh\u00f6rigen sichergestellt.","og_url":"https:\/\/fmc.ch\/fr\/debat-de-fond-sur-les-soins-aux-personnes-agees\/","og_site_name":"FMC","article_published_time":"2021-02-17T15:05:00+00:00","article_modified_time":"2024-11-11T09:10:21+00:00","og_image":[{"width":600,"height":600,"url":"https:\/\/fmc.ch\/wp-content\/uploads\/2023\/10\/Bild-zu-Hintergrundgespraech-Betreuung-im-Alter.jpg","type":"image\/jpeg"}],"author":"Nadja Blanchard","twitter_card":"summary_large_image","twitter_misc":{"\u00c9crit par":"Nadja Blanchard","Dur\u00e9e de lecture estim\u00e9e":"2 minutes"},"schema":{"@context":"https:\/\/schema.org","@graph":[{"@type":"Article","@id":"https:\/\/fmc.ch\/hintergrundgespraech-gute-betreuung-im-alter\/#article","isPartOf":{"@id":"https:\/\/fmc.ch\/hintergrundgespraech-gute-betreuung-im-alter\/"},"author":{"name":"Nadja Blanchard","@id":"https:\/\/fmc.ch\/#\/schema\/person\/3a7218d283691f8ef8cf410e4615e507"},"headline":"Gute Betreuung im Alter f\u00fcr alle","datePublished":"2021-02-17T15:05:00+00:00","dateModified":"2024-11-11T09:10:21+00:00","mainEntityOfPage":{"@id":"https:\/\/fmc.ch\/hintergrundgespraech-gute-betreuung-im-alter\/"},"wordCount":213,"publisher":{"@id":"https:\/\/fmc.ch\/#organization"},"image":{"@id":"https:\/\/fmc.ch\/hintergrundgespraech-gute-betreuung-im-alter\/#primaryimage"},"thumbnailUrl":"https:\/\/fmc.ch\/wp-content\/uploads\/2023\/10\/Bild-zu-Hintergrundgespraech-Betreuung-im-Alter.jpg","keywords":["gute Betreuung im Alter","Medizin und Soziales"],"articleSection":["Hintergrundgespr\u00e4che"],"inLanguage":"fr-FR"},{"@type":"WebPage","@id":"https:\/\/fmc.ch\/hintergrundgespraech-gute-betreuung-im-alter\/","url":"https:\/\/fmc.ch\/hintergrundgespraech-gute-betreuung-im-alter\/","name":"Une bonne prise en charge des personnes \u00e2g\u00e9es pour tous - FMC","isPartOf":{"@id":"https:\/\/fmc.ch\/#website"},"primaryImageOfPage":{"@id":"https:\/\/fmc.ch\/hintergrundgespraech-gute-betreuung-im-alter\/#primaryimage"},"image":{"@id":"https:\/\/fmc.ch\/hintergrundgespraech-gute-betreuung-im-alter\/#primaryimage"},"thumbnailUrl":"https:\/\/fmc.ch\/wp-content\/uploads\/2023\/10\/Bild-zu-Hintergrundgespraech-Betreuung-im-Alter.jpg","datePublished":"2021-02-17T15:05:00+00:00","dateModified":"2024-11-11T09:10:21+00:00","description":"La prise en charge des personnes \u00e2g\u00e9es n\u00e9cessitant un soutien est un th\u00e8me important pour l'avenir. Aujourd'hui, la prise en charge est souvent assur\u00e9e par les proches.","breadcrumb":{"@id":"https:\/\/fmc.ch\/hintergrundgespraech-gute-betreuung-im-alter\/#breadcrumb"},"inLanguage":"fr-FR","potentialAction":[{"@type":"ReadAction","target":["https:\/\/fmc.ch\/hintergrundgespraech-gute-betreuung-im-alter\/"]}]},{"@type":"ImageObject","inLanguage":"fr-FR","@id":"https:\/\/fmc.ch\/hintergrundgespraech-gute-betreuung-im-alter\/#primaryimage","url":"https:\/\/fmc.ch\/wp-content\/uploads\/2023\/10\/Bild-zu-Hintergrundgespraech-Betreuung-im-Alter.jpg","contentUrl":"https:\/\/fmc.ch\/wp-content\/uploads\/2023\/10\/Bild-zu-Hintergrundgespraech-Betreuung-im-Alter.jpg","width":600,"height":600},{"@type":"BreadcrumbList","@id":"https:\/\/fmc.ch\/hintergrundgespraech-gute-betreuung-im-alter\/#breadcrumb","itemListElement":[{"@type":"ListItem","position":1,"name":"Home","item":"https:\/\/fmc.ch\/"},{"@type":"ListItem","position":2,"name":"Gute Betreuung im Alter f\u00fcr alle"}]},{"@type":"WebSite","@id":"https:\/\/fmc.ch\/#website","url":"https:\/\/fmc.ch\/","name":"FMC","description":"Forum suisse des soins int\u00e9gr\u00e9s","publisher":{"@id":"https:\/\/fmc.ch\/#organization"},"potentialAction":[{"@type":"SearchAction","target":{"@type":"EntryPoint","urlTemplate":"https:\/\/fmc.ch\/?s={search_term_string}"},"query-input":{"@type":"PropertyValueSpecification","valueRequired":true,"valueName":"search_term_string"}}],"inLanguage":"fr-FR"},{"@type":"Organization","@id":"https:\/\/fmc.ch\/#organization","name":"FMC","url":"https:\/\/fmc.ch\/","logo":{"@type":"ImageObject","inLanguage":"fr-FR","@id":"https:\/\/fmc.ch\/#\/schema\/logo\/image\/","url":"https:\/\/fmc.ch\/wp-content\/uploads\/2023\/09\/fmc-logo.svg","contentUrl":"https:\/\/fmc.ch\/wp-content\/uploads\/2023\/09\/fmc-logo.svg","caption":"FMC"},"image":{"@id":"https:\/\/fmc.ch\/#\/schema\/logo\/image\/"}},{"@type":"Person","@id":"https:\/\/fmc.ch\/#\/schema\/person\/3a7218d283691f8ef8cf410e4615e507","name":"Nadja Blanchard","image":{"@type":"ImageObject","inLanguage":"fr-FR","@id":"https:\/\/secure.gravatar.com\/avatar\/729fbcebbfccd7834565b1398470d6ea84a4f3e7525873a0cb368db99228ce7b?s=96&d=mm&r=g","url":"https:\/\/secure.gravatar.com\/avatar\/729fbcebbfccd7834565b1398470d6ea84a4f3e7525873a0cb368db99228ce7b?s=96&d=mm&r=g","contentUrl":"https:\/\/secure.gravatar.com\/avatar\/729fbcebbfccd7834565b1398470d6ea84a4f3e7525873a0cb368db99228ce7b?s=96&d=mm&r=g","caption":"Nadja Blanchard"},"url":"https:\/\/fmc.ch\/fr\/author\/nadja-blanchardfmc-ch\/"}]}},"_links":{"self":[{"href":"https:\/\/fmc.ch\/fr\/wp-json\/wp\/v2\/posts\/2456","targetHints":{"allow":["GET"]}}],"collection":[{"href":"https:\/\/fmc.ch\/fr\/wp-json\/wp\/v2\/posts"}],"about":[{"href":"https:\/\/fmc.ch\/fr\/wp-json\/wp\/v2\/types\/post"}],"author":[{"embeddable":true,"href":"https:\/\/fmc.ch\/fr\/wp-json\/wp\/v2\/users\/2"}],"replies":[{"embeddable":true,"href":"https:\/\/fmc.ch\/fr\/wp-json\/wp\/v2\/comments?post=2456"}],"version-history":[{"count":4,"href":"https:\/\/fmc.ch\/fr\/wp-json\/wp\/v2\/posts\/2456\/revisions"}],"predecessor-version":[{"id":12018,"href":"https:\/\/fmc.ch\/fr\/wp-json\/wp\/v2\/posts\/2456\/revisions\/12018"}],"wp:featuredmedia":[{"embeddable":true,"href":"https:\/\/fmc.ch\/fr\/wp-json\/wp\/v2\/media\/2457"}],"wp:attachment":[{"href":"https:\/\/fmc.ch\/fr\/wp-json\/wp\/v2\/media?parent=2456"}],"wp:term":[{"taxonomy":"strategie","embeddable":true,"href":"https:\/\/fmc.ch\/fr\/wp-json\/wp\/v2\/strategie?post=2456"},{"taxonomy":"thema","embeddable":true,"href":"https:\/\/fmc.ch\/fr\/wp-json\/wp\/v2\/thema?post=2456"},{"taxonomy":"format","embeddable":true,"href":"https:\/\/fmc.ch\/fr\/wp-json\/wp\/v2\/format?post=2456"}],"curies":[{"name":"wp","href":"https:\/\/api.w.org\/{rel}","templated":true}]}}