{"id":227,"date":"2021-08-01T12:00:00","date_gmt":"2021-08-01T12:00:00","guid":{"rendered":"https:\/\/fmc.ch\/?p=227"},"modified":"2025-02-10T15:10:04","modified_gmt":"2025-02-10T14:10:04","slug":"symposium-2021","status":"publish","type":"post","link":"https:\/\/fmc.ch\/fr\/symposium-2021\/","title":{"rendered":"Meilleure interconnexion du syst\u00e8me m\u00e9dical et social. Comment y parvenir ?"},"content":{"rendered":"<div data-elementor-type=\"wp-post\" data-elementor-id=\"227\" class=\"elementor elementor-227\" data-elementor-post-type=\"post\">\n\t\t\t\t\t\t<section class=\"elementor-section elementor-top-section elementor-element elementor-element-153d010 elementor-section-boxed elementor-section-height-default elementor-section-height-default\" data-id=\"153d010\" data-element_type=\"section\" data-e-type=\"section\">\n\t\t\t\t\t\t<div class=\"elementor-container elementor-column-gap-default\">\n\t\t\t\t\t<div class=\"elementor-column elementor-col-100 elementor-top-column elementor-element elementor-element-b1e3b21\" data-id=\"b1e3b21\" data-element_type=\"column\" data-e-type=\"column\">\n\t\t\t<div class=\"elementor-widget-wrap elementor-element-populated\">\n\t\t\t\t\t\t<div class=\"elementor-element elementor-element-837aee0 elementor-widget elementor-widget-text-editor\" data-id=\"837aee0\" data-element_type=\"widget\" data-e-type=\"widget\" data-widget_type=\"text-editor.default\">\n\t\t\t\t<div class=\"elementor-widget-container\">\n\t\t\t\t\t\t\t\t\t<p>Quelle est pour vous la prise en charge id\u00e9ale des personnes atteintes de maladies chroniques et de d\u00e9ficiences psychiques et sociales ? Comment les personnes \u00e2g\u00e9es doivent-elles \u00eatre prises en charge lorsqu'elles ont besoin d'un soutien non seulement m\u00e9dical, mais aussi juridique et pratique au quotidien ? Comment concevoir un syst\u00e8me de prise en charge et de soutien lorsque deux offices f\u00e9d\u00e9raux, l'Office f\u00e9d\u00e9ral de la sant\u00e9 publique (OFSP) et l'Office f\u00e9d\u00e9ral des assurances sociales (OFAS), et un nombre infini d'autres d\u00e9cideurs sont impliqu\u00e9s ?<\/p><p>Ces questions et bien d'autres ont \u00e9t\u00e9 discut\u00e9es lors du premier symposium virtuel du fmc le 16 juin 2021 avec des sp\u00e9cialistes renomm\u00e9s de Suisse et de l'\u00e9tranger. Le Symposium du fmc 2021 a mis en \u00e9vidence l'importance de la collaboration interprofessionnelle et interinstitutionnelle pour une meilleure prise en charge des atteintes \u00e0 la sant\u00e9, psychiques et sociales. De nombreux expos\u00e9s introductifs ont expliqu\u00e9 l'importance de la collaboration et ses conditions-cadres. Diff\u00e9rentes sessions parall\u00e8les ont permis de pr\u00e9senter des exp\u00e9riences pratiques concr\u00e8tes de collaboration dans le domaine de la sant\u00e9 et du social. Le symposium du fmc 2021 a montr\u00e9 comment une meilleure mise en r\u00e9seau des acteurs du syst\u00e8me m\u00e9dical et social peut r\u00e9ussir pour le bien des personnes concern\u00e9es par des atteintes \u00e0 la sant\u00e9, psychiques et sociales.<\/p>\t\t\t\t\t\t\t\t<\/div>\n\t\t\t\t<\/div>\n\t\t\t\t\t<\/div>\n\t\t<\/div>\n\t\t\t\t\t<\/div>\n\t\t<\/section>\n\t\t\t\t<section class=\"elementor-section elementor-top-section elementor-element elementor-element-a6ff0d0 elementor-section-boxed elementor-section-height-default elementor-section-height-default\" data-id=\"a6ff0d0\" data-element_type=\"section\" data-e-type=\"section\">\n\t\t\t\t\t\t<div class=\"elementor-container elementor-column-gap-default\">\n\t\t\t\t\t<div class=\"elementor-column elementor-col-100 elementor-top-column elementor-element elementor-element-70bc222\" data-id=\"70bc222\" data-element_type=\"column\" data-e-type=\"column\">\n\t\t\t<div class=\"elementor-widget-wrap elementor-element-populated\">\n\t\t\t\t\t\t<div class=\"elementor-element elementor-element-16221d9 elementor-invisible elementor-widget elementor-widget-heading\" data-id=\"16221d9\" data-element_type=\"widget\" data-e-type=\"widget\" data-settings=\"{&quot;_animation&quot;:&quot;fadeInUp&quot;}\" data-widget_type=\"heading.default\">\n\t\t\t\t<div class=\"elementor-widget-container\">\n\t\t\t\t\t<h2 class=\"elementor-heading-title elementor-size-default\">Impressions du symposium 2021<\/h2>\t\t\t\t<\/div>\n\t\t\t\t<\/div>\n\t\t\t\t<div class=\"elementor-element elementor-element-9b1ee63 elementor-widget elementor-widget-gallery\" data-id=\"9b1ee63\" data-element_type=\"widget\" data-e-type=\"widget\" data-settings=\"{&quot;gallery_layout&quot;:&quot;masonry&quot;,&quot;lazyload&quot;:&quot;yes&quot;,&quot;columns&quot;:4,&quot;columns_tablet&quot;:2,&quot;columns_mobile&quot;:1,&quot;gap&quot;:{&quot;unit&quot;:&quot;px&quot;,&quot;size&quot;:10,&quot;sizes&quot;:[]},&quot;gap_widescreen&quot;:{&quot;unit&quot;:&quot;px&quot;,&quot;size&quot;:&quot;&quot;,&quot;sizes&quot;:[]},&quot;gap_tablet&quot;:{&quot;unit&quot;:&quot;px&quot;,&quot;size&quot;:10,&quot;sizes&quot;:[]},&quot;gap_mobile&quot;:{&quot;unit&quot;:&quot;px&quot;,&quot;size&quot;:10,&quot;sizes&quot;:[]},&quot;link_to&quot;:&quot;file&quot;,&quot;overlay_background&quot;:&quot;yes&quot;,&quot;content_hover_animation&quot;:&quot;fade-in&quot;}\" data-widget_type=\"gallery.default\">\n\t\t\t\t<div class=\"elementor-widget-container\">\n\t\t\t\t\t\t\t<div class=\"elementor-gallery__container\">\n\t\t\t\t\t\t\t<a class=\"e-gallery-item elementor-gallery-item elementor-animated-content\" href=\"https:\/\/fmc.ch\/wp-content\/uploads\/2023\/12\/fmc-Symposium-2021-IMG_6995-scaled.jpg\" data-elementor-open-lightbox=\"yes\" data-elementor-lightbox-slideshow=\"9b1ee63\" data-elementor-lightbox-title=\"fmc Symposium 2021 IMG_6995\" data-e-action-hash=\"#elementor-action%3Aaction%3Dlightbox%26settings%3DeyJpZCI6NTg4OSwidXJsIjoiaHR0cHM6XC9cL2ZtYy5jaFwvd3AtY29udGVudFwvdXBsb2Fkc1wvMjAyM1wvMTJcL2ZtYy1TeW1wb3NpdW0tMjAyMS1JTUdfNjk5NS1zY2FsZWQuanBnIiwic2xpZGVzaG93IjoiOWIxZWU2MyJ9\">\n\t\t\t\t\t<div class=\"e-gallery-image elementor-gallery-item__image\" data-thumbnail=\"https:\/\/fmc.ch\/wp-content\/uploads\/2023\/12\/fmc-Symposium-2021-IMG_6995-600x450.jpg\" data-width=\"600\" data-height=\"450\" aria-label=\"\" role=\"img\" ><\/div>\n\t\t\t\t\t\t\t\t\t\t\t<div class=\"elementor-gallery-item__overlay\"><\/div>\n\t\t\t\t\t\t\t\t\t\t\t\t\t\t<\/a>\n\t\t\t\t\t\t\t<a class=\"e-gallery-item elementor-gallery-item elementor-animated-content\" href=\"https:\/\/fmc.ch\/wp-content\/uploads\/2023\/12\/fmc-Symposium-2021-IMG_6951-scaled.jpg\" data-elementor-open-lightbox=\"yes\" data-elementor-lightbox-slideshow=\"9b1ee63\" data-elementor-lightbox-title=\"fmc Symposium 2021 IMG_6951\" data-e-action-hash=\"#elementor-action%3Aaction%3Dlightbox%26settings%3DeyJpZCI6NTg4OCwidXJsIjoiaHR0cHM6XC9cL2ZtYy5jaFwvd3AtY29udGVudFwvdXBsb2Fkc1wvMjAyM1wvMTJcL2ZtYy1TeW1wb3NpdW0tMjAyMS1JTUdfNjk1MS1zY2FsZWQuanBnIiwic2xpZGVzaG93IjoiOWIxZWU2MyJ9\">\n\t\t\t\t\t<div class=\"e-gallery-image elementor-gallery-item__image\" data-thumbnail=\"https:\/\/fmc.ch\/wp-content\/uploads\/2023\/12\/fmc-Symposium-2021-IMG_6951-600x450.jpg\" data-width=\"600\" data-height=\"450\" aria-label=\"\" role=\"img\" ><\/div>\n\t\t\t\t\t\t\t\t\t\t\t<div class=\"elementor-gallery-item__overlay\"><\/div>\n\t\t\t\t\t\t\t\t\t\t\t\t\t\t<\/a>\n\t\t\t\t\t\t\t<a class=\"e-gallery-item elementor-gallery-item elementor-animated-content\" href=\"https:\/\/fmc.ch\/wp-content\/uploads\/2023\/12\/fmc-Symposium-2021-IMG_6943-scaled.jpg\" data-elementor-open-lightbox=\"yes\" data-elementor-lightbox-slideshow=\"9b1ee63\" data-elementor-lightbox-title=\"fmc Symposium 2021 IMG_6943\" data-e-action-hash=\"#elementor-action%3Aaction%3Dlightbox%26settings%3DeyJpZCI6NTg4NywidXJsIjoiaHR0cHM6XC9cL2ZtYy5jaFwvd3AtY29udGVudFwvdXBsb2Fkc1wvMjAyM1wvMTJcL2ZtYy1TeW1wb3NpdW0tMjAyMS1JTUdfNjk0My1zY2FsZWQuanBnIiwic2xpZGVzaG93IjoiOWIxZWU2MyJ9\">\n\t\t\t\t\t<div class=\"e-gallery-image elementor-gallery-item__image\" data-thumbnail=\"https:\/\/fmc.ch\/wp-content\/uploads\/2023\/12\/fmc-Symposium-2021-IMG_6943-600x450.jpg\" data-width=\"600\" data-height=\"450\" aria-label=\"\" role=\"img\" ><\/div>\n\t\t\t\t\t\t\t\t\t\t\t<div class=\"elementor-gallery-item__overlay\"><\/div>\n\t\t\t\t\t\t\t\t\t\t\t\t\t\t<\/a>\n\t\t\t\t\t\t\t<a class=\"e-gallery-item elementor-gallery-item elementor-animated-content\" href=\"https:\/\/fmc.ch\/wp-content\/uploads\/2023\/12\/fmc-Symposium-2021-IMG_6940-scaled.jpg\" data-elementor-open-lightbox=\"yes\" data-elementor-lightbox-slideshow=\"9b1ee63\" data-elementor-lightbox-title=\"fmc Symposium 2021 IMG_6940\" data-e-action-hash=\"#elementor-action%3Aaction%3Dlightbox%26settings%3DeyJpZCI6NTg4NiwidXJsIjoiaHR0cHM6XC9cL2ZtYy5jaFwvd3AtY29udGVudFwvdXBsb2Fkc1wvMjAyM1wvMTJcL2ZtYy1TeW1wb3NpdW0tMjAyMS1JTUdfNjk0MC1zY2FsZWQuanBnIiwic2xpZGVzaG93IjoiOWIxZWU2MyJ9\">\n\t\t\t\t\t<div class=\"e-gallery-image elementor-gallery-item__image\" data-thumbnail=\"https:\/\/fmc.ch\/wp-content\/uploads\/2023\/12\/fmc-Symposium-2021-IMG_6940-600x450.jpg\" data-width=\"600\" data-height=\"450\" aria-label=\"\" role=\"img\" ><\/div>\n\t\t\t\t\t\t\t\t\t\t\t<div class=\"elementor-gallery-item__overlay\"><\/div>\n\t\t\t\t\t\t\t\t\t\t\t\t\t\t<\/a>\n\t\t\t\t\t<\/div>\n\t\t\t\t\t<\/div>\n\t\t\t\t<\/div>\n\t\t\t\t\t<\/div>\n\t\t<\/div>\n\t\t\t\t\t<\/div>\n\t\t<\/section>\n\t\t\t\t<section class=\"elementor-section elementor-top-section elementor-element elementor-element-68838bd elementor-section-boxed elementor-section-height-default elementor-section-height-default\" data-id=\"68838bd\" data-element_type=\"section\" data-e-type=\"section\">\n\t\t\t\t\t\t<div class=\"elementor-container elementor-column-gap-default\">\n\t\t\t\t\t<div class=\"elementor-column elementor-col-100 elementor-top-column elementor-element elementor-element-6f219ef\" data-id=\"6f219ef\" data-element_type=\"column\" data-e-type=\"column\">\n\t\t\t<div class=\"elementor-widget-wrap elementor-element-populated\">\n\t\t\t\t\t\t<div class=\"elementor-element elementor-element-cad9196 elementor-widget elementor-widget-heading\" data-id=\"cad9196\" data-element_type=\"widget\" data-e-type=\"widget\" data-widget_type=\"heading.default\">\n\t\t\t\t<div class=\"elementor-widget-container\">\n\t\t\t\t\t<h2 class=\"elementor-heading-title elementor-size-default\">Enregistrements publi\u00e9s du symposium 2021 du fmc<\/h2>\t\t\t\t<\/div>\n\t\t\t\t<\/div>\n\t\t\t\t\t<\/div>\n\t\t<\/div>\n\t\t\t\t\t<\/div>\n\t\t<\/section>\n\t\t\t\t<section class=\"elementor-section elementor-top-section elementor-element elementor-element-92b8d86 elementor-section-boxed elementor-section-height-default elementor-section-height-default\" data-id=\"92b8d86\" data-element_type=\"section\" data-e-type=\"section\">\n\t\t\t\t\t\t<div class=\"elementor-container elementor-column-gap-default\">\n\t\t\t\t\t<div class=\"elementor-column elementor-col-50 elementor-top-column elementor-element elementor-element-e700e6f\" data-id=\"e700e6f\" data-element_type=\"column\" data-e-type=\"column\">\n\t\t\t<div class=\"elementor-widget-wrap elementor-element-populated\">\n\t\t\t\t\t\t<div class=\"elementor-element elementor-element-8dca371 elementor-invisible elementor-widget elementor-widget-text-editor\" data-id=\"8dca371\" data-element_type=\"widget\" data-e-type=\"widget\" data-settings=\"{&quot;_animation&quot;:&quot;fadeIn&quot;}\" data-widget_type=\"text-editor.default\">\n\t\t\t\t<div class=\"elementor-widget-container\">\n\t\t\t\t\t\t\t\t\t<p class=\"translation-block\">Enregistrement de la keynote \u00ab <strong>Collaborer ou s'\u00e9loigner : int\u00e9gration des soins m\u00e9dicaux et sociaux en Grande-Bretagne<\/strong> \u00bb, <strong>Professeur Robin Miller<\/strong>, Head of Department Social Work and Social Care, Co-Director, Centre for Health &amp; Social Care Leadership, University of Birmingham<\/p>\t\t\t\t\t\t\t\t<\/div>\n\t\t\t\t<\/div>\n\t\t\t\t\t<\/div>\n\t\t<\/div>\n\t\t\t\t<div class=\"elementor-column elementor-col-50 elementor-top-column elementor-element elementor-element-687a372\" data-id=\"687a372\" data-element_type=\"column\" data-e-type=\"column\">\n\t\t\t<div class=\"elementor-widget-wrap elementor-element-populated\">\n\t\t\t\t\t\t<div class=\"elementor-element elementor-element-c639c79 elementor-widget elementor-widget-video\" data-id=\"c639c79\" data-element_type=\"widget\" data-e-type=\"widget\" data-settings=\"{&quot;youtube_url&quot;:&quot;https:\\\/\\\/www.youtube.com\\\/watch?v=fBlv2RpcqWU&quot;,&quot;video_type&quot;:&quot;youtube&quot;,&quot;controls&quot;:&quot;yes&quot;}\" data-widget_type=\"video.default\">\n\t\t\t\t<div class=\"elementor-widget-container\">\n\t\t\t\t\t\t\t<div class=\"elementor-wrapper elementor-open-inline\">\n\t\t\t<div class=\"elementor-video\"><\/div>\t\t<\/div>\n\t\t\t\t\t\t<\/div>\n\t\t\t\t<\/div>\n\t\t\t\t\t<\/div>\n\t\t<\/div>\n\t\t\t\t\t<\/div>\n\t\t<\/section>\n\t\t\t\t<section class=\"elementor-section elementor-top-section elementor-element elementor-element-5575980 elementor-section-boxed elementor-section-height-default elementor-section-height-default\" data-id=\"5575980\" data-element_type=\"section\" data-e-type=\"section\">\n\t\t\t\t\t\t<div class=\"elementor-container elementor-column-gap-default\">\n\t\t\t\t\t<div class=\"elementor-column elementor-col-50 elementor-top-column elementor-element elementor-element-6e87106\" data-id=\"6e87106\" data-element_type=\"column\" data-e-type=\"column\">\n\t\t\t<div class=\"elementor-widget-wrap elementor-element-populated\">\n\t\t\t\t\t\t<div class=\"elementor-element elementor-element-fb6e651 elementor-widget elementor-widget-video\" data-id=\"fb6e651\" data-element_type=\"widget\" data-e-type=\"widget\" data-settings=\"{&quot;youtube_url&quot;:&quot;https:\\\/\\\/www.youtube.com\\\/watch?v=ZpTS0bpNfPQ&quot;,&quot;video_type&quot;:&quot;youtube&quot;,&quot;controls&quot;:&quot;yes&quot;}\" data-widget_type=\"video.default\">\n\t\t\t\t<div class=\"elementor-widget-container\">\n\t\t\t\t\t\t\t<div class=\"elementor-wrapper elementor-open-inline\">\n\t\t\t<div class=\"elementor-video\"><\/div>\t\t<\/div>\n\t\t\t\t\t\t<\/div>\n\t\t\t\t<\/div>\n\t\t\t\t\t<\/div>\n\t\t<\/div>\n\t\t\t\t<div class=\"elementor-column elementor-col-50 elementor-top-column elementor-element elementor-element-577a450\" data-id=\"577a450\" data-element_type=\"column\" data-e-type=\"column\">\n\t\t\t<div class=\"elementor-widget-wrap elementor-element-populated\">\n\t\t\t\t\t\t<div class=\"elementor-element elementor-element-6525f7e elementor-invisible elementor-widget elementor-widget-text-editor\" data-id=\"6525f7e\" data-element_type=\"widget\" data-e-type=\"widget\" data-settings=\"{&quot;_animation&quot;:&quot;fadeIn&quot;}\" data-widget_type=\"text-editor.default\">\n\t\t\t\t<div class=\"elementor-widget-container\">\n\t\t\t\t\t\t\t\t\t<p class=\"translation-block\">Enregistrement de la session \u00ab <strong>kiosque sant\u00e9 Billstedt \/ Horn<\/strong> \u00bb, <strong>Alexander Fischer<\/strong>, directeur, Gesundheit f\u00fcr Billstedt\/Horn<\/p>\t\t\t\t\t\t\t\t<\/div>\n\t\t\t\t<\/div>\n\t\t\t\t\t<\/div>\n\t\t<\/div>\n\t\t\t\t\t<\/div>\n\t\t<\/section>\n\t\t\t\t<section class=\"elementor-section elementor-top-section elementor-element elementor-element-1da186f elementor-section-boxed elementor-section-height-default elementor-section-height-default\" data-id=\"1da186f\" data-element_type=\"section\" data-e-type=\"section\">\n\t\t\t\t\t\t<div class=\"elementor-container elementor-column-gap-default\">\n\t\t\t\t\t<div class=\"elementor-column elementor-col-50 elementor-top-column elementor-element elementor-element-62d7e45\" data-id=\"62d7e45\" data-element_type=\"column\" data-e-type=\"column\">\n\t\t\t<div class=\"elementor-widget-wrap elementor-element-populated\">\n\t\t\t\t\t\t<div class=\"elementor-element elementor-element-e1397b0 elementor-invisible elementor-widget elementor-widget-text-editor\" data-id=\"e1397b0\" data-element_type=\"widget\" data-e-type=\"widget\" data-settings=\"{&quot;_animation&quot;:&quot;fadeIn&quot;}\" data-widget_type=\"text-editor.default\">\n\t\t\t\t<div class=\"elementor-widget-container\">\n\t\t\t\t\t\t\t\t\t<p class=\"translation-block\">Enregistrement de la session \u00ab Travail social au cabinet m\u00e9dical \u00bb, <strong>Ren\u00e9 R\u00fcegg<\/strong>,<strong> <\/strong>collaborateur scientifique, travail social, Haute \u00e9cole sp\u00e9cialis\u00e9e bernoise \/ <strong>Fabian Schalch<\/strong>, travailleur social et <strong>Dr. Emil Schalch<\/strong>, m\u00e9decin de famille et VRP du cabinet, Gesundheitspunkt Ober\u00e4geri \/ <strong>Dunja Vetter<\/strong>, MA travail social, Caritas beider Basel \/ <strong>Prof. Jan Bonhoeffer<\/strong>,<strong> <\/strong>sp\u00e9cialiste en p\u00e9diatrie, infectiologie, m\u00e9decine anthroposophique (VAOAS), YouKiDoc<\/p>\t\t\t\t\t\t\t\t<\/div>\n\t\t\t\t<\/div>\n\t\t\t\t\t<\/div>\n\t\t<\/div>\n\t\t\t\t<div class=\"elementor-column elementor-col-50 elementor-top-column elementor-element elementor-element-4ed9dd6\" data-id=\"4ed9dd6\" data-element_type=\"column\" data-e-type=\"column\">\n\t\t\t<div class=\"elementor-widget-wrap elementor-element-populated\">\n\t\t\t\t\t\t<div class=\"elementor-element elementor-element-4cf5f2b elementor-widget elementor-widget-video\" data-id=\"4cf5f2b\" data-element_type=\"widget\" data-e-type=\"widget\" data-settings=\"{&quot;youtube_url&quot;:&quot;https:\\\/\\\/www.youtube.com\\\/watch?v=YoFw05QwB9k&amp;t=2s&quot;,&quot;video_type&quot;:&quot;youtube&quot;,&quot;controls&quot;:&quot;yes&quot;}\" data-widget_type=\"video.default\">\n\t\t\t\t<div class=\"elementor-widget-container\">\n\t\t\t\t\t\t\t<div class=\"elementor-wrapper elementor-open-inline\">\n\t\t\t<div class=\"elementor-video\"><\/div>\t\t<\/div>\n\t\t\t\t\t\t<\/div>\n\t\t\t\t<\/div>\n\t\t\t\t\t<\/div>\n\t\t<\/div>\n\t\t\t\t\t<\/div>\n\t\t<\/section>\n\t\t\t\t<section class=\"elementor-section elementor-top-section elementor-element elementor-element-744ee52 elementor-section-boxed elementor-section-height-default elementor-section-height-default\" data-id=\"744ee52\" data-element_type=\"section\" data-e-type=\"section\">\n\t\t\t\t\t\t<div class=\"elementor-container elementor-column-gap-default\">\n\t\t\t\t\t<div class=\"elementor-column elementor-col-50 elementor-top-column elementor-element elementor-element-4ce4aee\" data-id=\"4ce4aee\" data-element_type=\"column\" data-e-type=\"column\">\n\t\t\t<div class=\"elementor-widget-wrap elementor-element-populated\">\n\t\t\t\t\t\t<div class=\"elementor-element elementor-element-94c1e62 elementor-widget elementor-widget-video\" data-id=\"94c1e62\" data-element_type=\"widget\" data-e-type=\"widget\" data-settings=\"{&quot;youtube_url&quot;:&quot;https:\\\/\\\/www.youtube.com\\\/watch?v=rdemn82clB0&quot;,&quot;video_type&quot;:&quot;youtube&quot;,&quot;controls&quot;:&quot;yes&quot;}\" data-widget_type=\"video.default\">\n\t\t\t\t<div class=\"elementor-widget-container\">\n\t\t\t\t\t\t\t<div class=\"elementor-wrapper elementor-open-inline\">\n\t\t\t<div class=\"elementor-video\"><\/div>\t\t<\/div>\n\t\t\t\t\t\t<\/div>\n\t\t\t\t<\/div>\n\t\t\t\t\t<\/div>\n\t\t<\/div>\n\t\t\t\t<div class=\"elementor-column elementor-col-50 elementor-top-column elementor-element elementor-element-ce44148\" data-id=\"ce44148\" data-element_type=\"column\" data-e-type=\"column\">\n\t\t\t<div class=\"elementor-widget-wrap elementor-element-populated\">\n\t\t\t\t\t\t<div class=\"elementor-element elementor-element-12d0f75 elementor-invisible elementor-widget elementor-widget-text-editor\" data-id=\"12d0f75\" data-element_type=\"widget\" data-e-type=\"widget\" data-settings=\"{&quot;_animation&quot;:&quot;fadeIn&quot;}\" data-widget_type=\"text-editor.default\">\n\t\t\t\t<div class=\"elementor-widget-container\">\n\t\t\t\t\t\t\t\t\t<p>Enregistrement de la table ronde finale du symposium 2021<\/p>\t\t\t\t\t\t\t\t<\/div>\n\t\t\t\t<\/div>\n\t\t\t\t\t<\/div>\n\t\t<\/div>\n\t\t\t\t\t<\/div>\n\t\t<\/section>\n\t\t\t\t<section class=\"elementor-section elementor-top-section elementor-element elementor-element-42178fd elementor-section-boxed elementor-section-height-default elementor-section-height-default\" data-id=\"42178fd\" data-element_type=\"section\" data-e-type=\"section\">\n\t\t\t\t\t\t<div class=\"elementor-container elementor-column-gap-default\">\n\t\t\t\t\t<div class=\"elementor-column elementor-col-100 elementor-top-column elementor-element elementor-element-c9f54c6\" data-id=\"c9f54c6\" data-element_type=\"column\" data-e-type=\"column\">\n\t\t\t<div class=\"elementor-widget-wrap elementor-element-populated\">\n\t\t\t\t\t\t<div class=\"elementor-element elementor-element-70cccc3 elementor-invisible elementor-widget elementor-widget-heading\" data-id=\"70cccc3\" data-element_type=\"widget\" data-e-type=\"widget\" data-settings=\"{&quot;_animation&quot;:&quot;fadeInUp&quot;}\" data-widget_type=\"heading.default\">\n\t\t\t\t<div class=\"elementor-widget-container\">\n\t\t\t\t\t<h3 class=\"elementor-heading-title elementor-size-default\">Keynotes<\/h3>\t\t\t\t<\/div>\n\t\t\t\t<\/div>\n\t\t\t\t<div class=\"elementor-element elementor-element-72cf3f2 elementor-invisible elementor-widget elementor-widget-text-editor\" data-id=\"72cf3f2\" data-element_type=\"widget\" data-e-type=\"widget\" data-settings=\"{&quot;_animation&quot;:&quot;fadeIn&quot;}\" data-widget_type=\"text-editor.default\">\n\t\t\t\t<div class=\"elementor-widget-container\">\n\t\t\t\t\t\t\t\t\t<ul><li class=\"translation-block\"><strong>Professor Robin Miller, <\/strong>, les structures de soins m\u00e9dico-sociaux du NHS en Grande-Bretagne et en \u00c9cosse.<\/li><li class=\"translation-block\"><strong>Dre St\u00e9fanie Monod, <\/strong>, les structures de soins m\u00e9dico-sociales du canton de Vaud.<\/li><li class=\"translation-block\"><strong>Matthias Luther, Martin Peterson, Regula L\u00fcthi, Urs Hepp, <\/strong>, Mod\u00e8le de r\u00e9ussite des soins psychiatriques - un syst\u00e8me de soutien m\u00e9dico-social tout au long de la vie.<\/li><li class=\"translation-block\"><strong>Christian R\u00fcefli, Astrid W\u00fcthrich, Salome von Greyerz, Markus Kaufmann, Gaby Sz\u00f6ll\u00f6sy, <\/strong>, la collaboration interprofessionnelle \u00e0 l'interface entre les soins et l'aide sociale. Points de vue des experts des autorit\u00e9s et des cantons.<\/li><\/ul>\t\t\t\t\t\t\t\t<\/div>\n\t\t\t\t<\/div>\n\t\t\t\t\t<\/div>\n\t\t<\/div>\n\t\t\t\t\t<\/div>\n\t\t<\/section>\n\t\t\t\t<section class=\"elementor-section elementor-top-section elementor-element elementor-element-c983302 elementor-section-boxed elementor-section-height-default elementor-section-height-default\" data-id=\"c983302\" data-element_type=\"section\" data-e-type=\"section\">\n\t\t\t\t\t\t<div class=\"elementor-container elementor-column-gap-default\">\n\t\t\t\t\t<div class=\"elementor-column elementor-col-100 elementor-top-column elementor-element elementor-element-8c99992\" data-id=\"8c99992\" data-element_type=\"column\" data-e-type=\"column\">\n\t\t\t<div class=\"elementor-widget-wrap elementor-element-populated\">\n\t\t\t\t\t\t<div class=\"elementor-element elementor-element-58350c2 elementor-widget elementor-widget-heading\" data-id=\"58350c2\" data-element_type=\"widget\" data-e-type=\"widget\" data-widget_type=\"heading.default\">\n\t\t\t\t<div class=\"elementor-widget-container\">\n\t\t\t\t\t<h3 class=\"elementor-heading-title elementor-size-default\">Pr\u00e9sentations de projets dans le cadre de sessions parall\u00e8les<\/h3>\t\t\t\t<\/div>\n\t\t\t\t<\/div>\n\t\t\t\t<div class=\"elementor-element elementor-element-67361bc elementor-widget elementor-widget-text-editor\" data-id=\"67361bc\" data-element_type=\"widget\" data-e-type=\"widget\" data-widget_type=\"text-editor.default\">\n\t\t\t\t<div class=\"elementor-widget-container\">\n\t\t\t\t\t\t\t\t\t<ul><li class=\"translation-block\"><strong>R\u00e9seau Sant\u00e9 Haut-L\u00e9man<\/strong>: Soins int\u00e9gr\u00e9s dans l'Est vaudois - Exp\u00e9riences de collaboration entre le syst\u00e8me de sant\u00e9 et le syst\u00e8me social<\/li><li class=\"translation-block\"><strong>CARA \u2013 L'association romande du DEP<\/strong><br>Comment le DEP soutiendra-t-il les structures de soins m\u00e9dico-sociales ? D\u00e9fis et prochaines \u00e9tapes.<\/li><li class=\"translation-block\"><strong>Plate-forme Interprofessionnalit\u00e9<\/strong><br>La plate-forme interprofessionnalit\u00e9 est le premier interlocuteur pour les questions relatives \u00e0 l'interprofessionnalit\u00e9 dans les soins de sant\u00e9 primaires. Elle r\u00e9unit plus d'une douzaine d'associations professionnelles et sp\u00e9cialis\u00e9es du secteur de la sant\u00e9 actives dans le domaine des soins ambulatoires en Suisse.<\/li><li class=\"translation-block\"><strong>COGERIA<\/strong><br>Une \u00e9quipe pluridisciplinaire qui doit r\u00e9pondre de mani\u00e8re cibl\u00e9e et coordonn\u00e9e aux besoins en soins des personnes \u00e2g\u00e9es fragiles.<\/li><li class=\"translation-block\"><strong>Unisant\u00e9<\/strong><br>La collaboration interprofessionnelle \u00e0 Unisant\u00e9 avec des travailleurs sociaux pour une meilleure prise en charge des patients.<\/li><\/ul>\t\t\t\t\t\t\t\t<\/div>\n\t\t\t\t<\/div>\n\t\t\t\t\t<\/div>\n\t\t<\/div>\n\t\t\t\t\t<\/div>\n\t\t<\/section>\n\t\t\t\t<section data-dce-background-color=\"#F1F1F1\" class=\"elementor-section elementor-top-section elementor-element elementor-element-4bb0a34 elementor-section-stretched elementor-section-boxed elementor-section-height-default elementor-section-height-default\" data-id=\"4bb0a34\" data-element_type=\"section\" data-e-type=\"section\" data-settings=\"{&quot;stretch_section&quot;:&quot;section-stretched&quot;,&quot;background_background&quot;:&quot;classic&quot;}\">\n\t\t\t\t\t\t<div class=\"elementor-container elementor-column-gap-default\">\n\t\t\t\t\t<div class=\"elementor-column elementor-col-100 elementor-top-column elementor-element elementor-element-63806b3\" data-id=\"63806b3\" data-element_type=\"column\" data-e-type=\"column\">\n\t\t\t<div class=\"elementor-widget-wrap elementor-element-populated\">\n\t\t\t\t\t\t<div class=\"elementor-element elementor-element-c67a177 elementor-invisible elementor-widget elementor-widget-text-editor\" data-id=\"c67a177\" data-element_type=\"widget\" data-e-type=\"widget\" data-settings=\"{&quot;_animation&quot;:&quot;fadeIn&quot;}\" data-widget_type=\"text-editor.default\">\n\t\t\t\t<div class=\"elementor-widget-container\">\n\t\t\t\t\t\t\t\t\t<ul><li class=\"translation-block\"><strong>Gesundheitskiosk Billstedt \/ Horn<\/strong><br>Ce mod\u00e8le unique en Allemagne offre aux habitants du quartier de Billstedt \/ Horn un lieu d'accueil \u00e0 bas seuil qui associe le secteur m\u00e9dical aux offres du secteur social.<\/li><li class=\"translation-block\"><strong>Leuchtturm Cuxhaven - Mise en r\u00e9seau et soins d\u00e9passant le cadre de la loi sociale dans une r\u00e9gion mod\u00e8le <\/strong>.Gr\u00e2ce \u00e0 des \u00e9quipes des soins multiprofessionnelles qui se rendent sur place, \u00e0 une plateforme informatique inter-SGB pour la gestion des soins, \u00e0 laquelle ont acc\u00e8s non seulement tous les acteurs mais aussi les patients, ainsi qu'\u00e0 une structure de gestion \u00e9tablie, les personnes atteintes de maladies psychiques graves peuvent \u00eatre prises en charge de mani\u00e8re optimale dans la r\u00e9gion mod\u00e8le, m\u00eame dans les r\u00e9gions rurales.<\/li><li class=\"translation-block\">Les centres de sant\u00e9 pluriprofessionnels, ax\u00e9s sur les quartiers et la promotion de la sant\u00e9, constituent le mod\u00e8le d'avenir pour les soins ambulatoires. En mettant l'accent sur la promotion de la sant\u00e9 et les d\u00e9terminants sociaux de la sant\u00e9, les centres de sant\u00e9 ax\u00e9s sur la population contribuent \u00e0 r\u00e9duire les in\u00e9galit\u00e9s en mati\u00e8re de sant\u00e9.<\/li><\/ul>\t\t\t\t\t\t\t\t<\/div>\n\t\t\t\t<\/div>\n\t\t\t\t\t<\/div>\n\t\t<\/div>\n\t\t\t\t\t<\/div>\n\t\t<\/section>\n\t\t\t\t<section class=\"elementor-section elementor-top-section elementor-element elementor-element-d2fd3ce elementor-section-boxed elementor-section-height-default elementor-section-height-default\" data-id=\"d2fd3ce\" data-element_type=\"section\" data-e-type=\"section\">\n\t\t\t\t\t\t<div class=\"elementor-container elementor-column-gap-default\">\n\t\t\t\t\t<div class=\"elementor-column elementor-col-100 elementor-top-column elementor-element elementor-element-6727854\" data-id=\"6727854\" data-element_type=\"column\" data-e-type=\"column\">\n\t\t\t<div class=\"elementor-widget-wrap elementor-element-populated\">\n\t\t\t\t\t\t<div class=\"elementor-element elementor-element-8e366e1 elementor-widget elementor-widget-text-editor\" data-id=\"8e366e1\" data-element_type=\"widget\" data-e-type=\"widget\" data-widget_type=\"text-editor.default\">\n\t\t\t\t<div class=\"elementor-widget-container\">\n\t\t\t\t\t\t\t\t\t<ul><li class=\"translation-block\"><strong>INSPIRE<\/strong>\u00a0\u2013 D\u00e9veloppement, mise en \u0153uvre et \u00e9valuation d'un syst\u00e8me de soins coordonn\u00e9s pour les personnes \u00e2g\u00e9es dans le canton de B\u00e2le-Campagne.<\/li><li class=\"translation-block\"><strong>AROSS - Service gratuit d'information et d'orientation pour les +65 ans et leurs proches<\/strong><br>65 ans et maintenant ! Le syst\u00e8me socio-sanitaire du canton de Neuch\u00e2tel offre de nombreuses possibilit\u00e9s. Aide et soins \u00e0 domicile, accueil de jour, appartements adapt\u00e9s, logement avec encadrement, etc. L'AROSS propose aux personnes \u00e2g\u00e9es, \u00e0 leurs proches et aux prestataires des entretiens de conseil gratuits afin de les aider \u00e0 d\u00e9cider de leurs futurs projets de vie.<\/li><li class=\"translation-block\"><strong>Vieillir dans son quartier : l'exemple de Vicino Lucerne<\/strong><br>Le mod\u00e8le sur lequel repose Vicino s'appuie sur des bases scientifiques et montre ce qu'il faut pour que les personnes puissent vieillir dans leur quartier. En se basant sur des exp\u00e9riences pratiques, les intervenants expliquent comment les communes peuvent adapter et mettre en \u0153uvre le mod\u00e8le.<\/li><\/ul>\t\t\t\t\t\t\t\t<\/div>\n\t\t\t\t<\/div>\n\t\t\t\t\t<\/div>\n\t\t<\/div>\n\t\t\t\t\t<\/div>\n\t\t<\/section>\n\t\t\t\t<section data-dce-background-color=\"#F1F1F1\" class=\"elementor-section elementor-top-section elementor-element elementor-element-1456b49 elementor-section-stretched elementor-section-boxed elementor-section-height-default elementor-section-height-default\" data-id=\"1456b49\" data-element_type=\"section\" data-e-type=\"section\" data-settings=\"{&quot;stretch_section&quot;:&quot;section-stretched&quot;,&quot;background_background&quot;:&quot;classic&quot;}\">\n\t\t\t\t\t\t<div class=\"elementor-container elementor-column-gap-default\">\n\t\t\t\t\t<div class=\"elementor-column elementor-col-100 elementor-top-column elementor-element elementor-element-7a815f7\" data-id=\"7a815f7\" data-element_type=\"column\" data-e-type=\"column\">\n\t\t\t<div class=\"elementor-widget-wrap elementor-element-populated\">\n\t\t\t\t\t\t<div class=\"elementor-element elementor-element-21fa811 elementor-invisible elementor-widget elementor-widget-text-editor\" data-id=\"21fa811\" data-element_type=\"widget\" data-e-type=\"widget\" data-settings=\"{&quot;_animation&quot;:&quot;fadeIn&quot;}\" data-widget_type=\"text-editor.default\">\n\t\t\t\t<div class=\"elementor-widget-container\">\n\t\t\t\t\t\t\t\t\t<ul><li class=\"translation-block\"><strong>Anita Sch\u00fcrch \u2013 <\/strong> Comment, \u00e0 l'avenir, davantage de personnes atteintes d'une maladie ou d'un handicap peuvent-elles vivre et \u00eatre prises en charge \u00e0 domicile - Le concept des Caring Communities : enseignements tir\u00e9s de la science et du projet de recherche PNR74.<\/li><li class=\"translation-block\"><strong>Armin Kistler<\/strong> \u2013 <strong>Soins globaux dans l'espace social traditionnel<\/strong> - le projet interg\u00e9n\u00e9rationnel innovant de la commune de Reichenburg et des r\u00e9seaux partenaires.<\/li><li class=\"translation-block\"><strong>Markus Schneider <\/strong>\u2013La plate-forme de mise en r\u00e9seau f\u00fcrenand.ch<\/li><\/ul>\t\t\t\t\t\t\t\t<\/div>\n\t\t\t\t<\/div>\n\t\t\t\t\t<\/div>\n\t\t<\/div>\n\t\t\t\t\t<\/div>\n\t\t<\/section>\n\t\t\t\t<section class=\"elementor-section elementor-top-section elementor-element elementor-element-f4219af elementor-section-boxed elementor-section-height-default elementor-section-height-default\" data-id=\"f4219af\" data-element_type=\"section\" data-e-type=\"section\">\n\t\t\t\t\t\t<div class=\"elementor-container elementor-column-gap-default\">\n\t\t\t\t\t<div class=\"elementor-column elementor-col-100 elementor-top-column elementor-element elementor-element-73d8309\" data-id=\"73d8309\" data-element_type=\"column\" data-e-type=\"column\">\n\t\t\t<div class=\"elementor-widget-wrap elementor-element-populated\">\n\t\t\t\t\t\t<div class=\"elementor-element elementor-element-37a35b8 elementor-widget elementor-widget-text-editor\" data-id=\"37a35b8\" data-element_type=\"widget\" data-e-type=\"widget\" data-widget_type=\"text-editor.default\">\n\t\t\t\t<div class=\"elementor-widget-container\">\n\t\t\t\t\t\t\t\t\t<ul><li class=\"translation-block\"><strong>Die Monvia \"brochure sociale\"<\/strong><br>Un manuel destin\u00e9 \u00e0 aider les \u00e9quipes des cabinets Monvia dans leurs consultations sociales dans les cabinets.<\/li><li class=\"translation-block\"><strong>Service de conseil Ch\u00fcra \u2013 soins et soutine \u2013 au centre de sant\u00e9 basse-Engadine<\/strong><br>L'offre de soutien compl\u00e8te et int\u00e9gr\u00e9e pour le secteur des personnes \u00e2g\u00e9es et des soins par le biais du service de conseil, une offre de pr\u00e9vention pour les personnes \u00e2g\u00e9es, des visites pr\u00e9ventives \u00e0 domicile et bien plus encore.<\/li><li class=\"translation-block\"><strong>xunds-grauholz<\/strong>: Les soins primaires sont plus que nous pensons....sur l'influence des d\u00e9terminants sociaux sur la sant\u00e9.<\/li><\/ul>\t\t\t\t\t\t\t\t<\/div>\n\t\t\t\t<\/div>\n\t\t\t\t\t<\/div>\n\t\t<\/div>\n\t\t\t\t\t<\/div>\n\t\t<\/section>\n\t\t\t\t<section data-dce-background-color=\"#F1F1F1\" class=\"elementor-section elementor-top-section elementor-element elementor-element-aca094b elementor-section-stretched elementor-section-boxed elementor-section-height-default elementor-section-height-default\" data-id=\"aca094b\" data-element_type=\"section\" data-e-type=\"section\" data-settings=\"{&quot;stretch_section&quot;:&quot;section-stretched&quot;,&quot;background_background&quot;:&quot;classic&quot;}\">\n\t\t\t\t\t\t<div class=\"elementor-container elementor-column-gap-default\">\n\t\t\t\t\t<div class=\"elementor-column elementor-col-100 elementor-top-column elementor-element elementor-element-cc2e2da\" data-id=\"cc2e2da\" data-element_type=\"column\" data-e-type=\"column\">\n\t\t\t<div class=\"elementor-widget-wrap elementor-element-populated\">\n\t\t\t\t\t\t<div class=\"elementor-element elementor-element-724ce43 elementor-invisible elementor-widget elementor-widget-text-editor\" data-id=\"724ce43\" data-element_type=\"widget\" data-e-type=\"widget\" data-settings=\"{&quot;_animation&quot;:&quot;fadeIn&quot;}\" data-widget_type=\"text-editor.default\">\n\t\t\t\t<div class=\"elementor-widget-container\">\n\t\t\t\t\t\t\t\t\t<ul><li class=\"translation-block\"><strong>Ren\u00e9 R\u00fcegg: <\/strong>Travail social dans le cabinet m\u00e9dical<br>Comment fonctionne la collaboration du travail social dans le cabinet m\u00e9dical ? Pr\u00e9sentation de r\u00e9sultats de recherche actuels et de projets pilotes.<\/li><li class=\"translation-block\"><strong>Fabian Schalch, Dr. med. Emil Schalch: <\/strong>Travail social dans le cabinet m\u00e9dical<strong><br>Soins de base de m\u00e9decine de famille et travail social communs sous un m\u00eame toit. L'offre de soins et d'accompagnement m\u00e9dico-social du cabinet Gesundheitspunkt \u00e0 Ober\u00e4geri.<\/li><li class=\"translation-block\"><strong>Dunja Vetter, Prof Dr. med. Jan Bonhoeffer: <\/strong>Travail social dans le cabinet m\u00e9dical<br>Soins p\u00e9diatriques de base et travail social commun sous un m\u00eame toit. L'offre de soins et d'accompagnement m\u00e9dico-social du cabinet p\u00e9diatrique Youkidoc \u00e0 B\u00e2le-Ville.<\/li><\/ul>\t\t\t\t\t\t\t\t<\/div>\n\t\t\t\t<\/div>\n\t\t\t\t\t<\/div>\n\t\t<\/div>\n\t\t\t\t\t<\/div>\n\t\t<\/section>\n\t\t\t\t<section class=\"elementor-section elementor-top-section elementor-element elementor-element-de8b8bc elementor-section-boxed elementor-section-height-default elementor-section-height-default\" data-id=\"de8b8bc\" data-element_type=\"section\" data-e-type=\"section\">\n\t\t\t\t\t\t<div class=\"elementor-container elementor-column-gap-default\">\n\t\t\t\t\t<div class=\"elementor-column elementor-col-100 elementor-top-column elementor-element elementor-element-9f715e3\" data-id=\"9f715e3\" data-element_type=\"column\" data-e-type=\"column\">\n\t\t\t<div class=\"elementor-widget-wrap elementor-element-populated\">\n\t\t\t\t\t\t<div class=\"elementor-element elementor-element-12fff92 elementor-widget elementor-widget-text-editor\" data-id=\"12fff92\" data-element_type=\"widget\" data-e-type=\"widget\" data-widget_type=\"text-editor.default\">\n\t\t\t\t<div class=\"elementor-widget-container\">\n\t\t\t\t\t\t\t\t\t<ul><li class=\"translation-block\"><strong>La sant\u00e9 dans l'aide sociale<\/strong><br>L'office social de Berne a \u00e9labor\u00e9 un concept global pour la gestion des probl\u00e8mes de sant\u00e9 par l'aide sociale. Il comprend douze mesures permettant \u00e0 l'aide sociale de mieux g\u00e9rer la maladie et de mieux soutenir ainsi l'int\u00e9gration professionnelle et sociale des personnes qui l'assistent.<\/li><li class=\"translation-block\"><strong>Service de consultation en travail social clinique<\/strong><br>Le Service de consultation en travail social clinique conseille des professionnels en dehors du syst\u00e8me de prestations de la psychiatrie. Le coaching se focalise sur la dimension sociale des maladies psychiques et sur les d\u00e9fis qui en r\u00e9sultent et qui peuvent survenir en cas de grande complexit\u00e9 dans la gestion des cas au niveau de l'action, de l'intervention ou des processus dans le contexte du conseil de client(e)s pr\u00e9sentant une atteinte psychique connue ou suppos\u00e9e ou une situation de sant\u00e9 comorbide. Cela permet de mieux r\u00e9ussir le conseil et l'int\u00e9gration des patient(e)s et de promouvoir la collaboration multiprofessionnelle.<\/li><li class=\"translation-block\"><strong>Centres d'accueil r\u00e9gionaux (REAS) : soutien en cas de probl\u00e8mes de sant\u00e9 et de restrictions sociales complexes<\/strong><br>Dans les REAS, un case management socioth\u00e9rapeutique est mis en \u0153uvre. Celui-ci doit permettre d'optimiser tant la coordination de l'aide professionnelle que le traitement de la dimension psychosociale chez les personnes atteintes de maladies graves et chroniques.<\/li><\/ul>\t\t\t\t\t\t\t\t<\/div>\n\t\t\t\t<\/div>\n\t\t\t\t\t<\/div>\n\t\t<\/div>\n\t\t\t\t\t<\/div>\n\t\t<\/section>\n\t\t\t\t<section data-dce-background-color=\"#F1F1F1\" class=\"elementor-section elementor-top-section elementor-element elementor-element-a493925 elementor-section-stretched elementor-section-boxed elementor-section-height-default elementor-section-height-default\" data-id=\"a493925\" data-element_type=\"section\" data-e-type=\"section\" data-settings=\"{&quot;stretch_section&quot;:&quot;section-stretched&quot;,&quot;background_background&quot;:&quot;classic&quot;}\">\n\t\t\t\t\t\t<div class=\"elementor-container elementor-column-gap-default\">\n\t\t\t\t\t<div class=\"elementor-column elementor-col-100 elementor-top-column elementor-element elementor-element-039a80c\" data-id=\"039a80c\" data-element_type=\"column\" data-e-type=\"column\">\n\t\t\t<div class=\"elementor-widget-wrap elementor-element-populated\">\n\t\t\t\t\t\t<div class=\"elementor-element elementor-element-e7dfa32 elementor-invisible elementor-widget elementor-widget-text-editor\" data-id=\"e7dfa32\" data-element_type=\"widget\" data-e-type=\"widget\" data-settings=\"{&quot;_animation&quot;:&quot;fadeIn&quot;}\" data-widget_type=\"text-editor.default\">\n\t\t\t\t<div class=\"elementor-widget-container\">\n\t\t\t\t\t\t\t\t\t<ul><li class=\"translation-block\"><strong>Aper\u00e7u d'un syst\u00e8me de tarification possible des APN pour les visites \u00e0 domicile. Potentiel d'int\u00e9gration dans d'autres domaines de l'assurence sociale ?<\/strong>La session pr\u00e9sentera les activit\u00e9s des APN lors des visites \u00e0 domicile et un syst\u00e8me de tarification possible \u00e0 l'aide de diff\u00e9rents exemples.<\/li><li><strong>R\u00e9int\u00e9gration rapide et assur\u00e9e des personnes malades ou accident\u00e9es.<\/strong> Les <strong>\"Accord de coop\u00e9ration\" <\/strong>entre la Suva et les m\u00e9decins en collaboration avec les employeurs le rend possible.<\/li><\/ul>\t\t\t\t\t\t\t\t<\/div>\n\t\t\t\t<\/div>\n\t\t\t\t\t<\/div>\n\t\t<\/div>\n\t\t\t\t\t<\/div>\n\t\t<\/section>\n\t\t\t\t<section class=\"elementor-section elementor-top-section elementor-element elementor-element-5f0e2d2 elementor-section-boxed elementor-section-height-default elementor-section-height-default\" data-id=\"5f0e2d2\" data-element_type=\"section\" data-e-type=\"section\">\n\t\t\t\t\t\t<div class=\"elementor-container elementor-column-gap-default\">\n\t\t\t\t\t<div class=\"elementor-column elementor-col-100 elementor-top-column elementor-element elementor-element-4a46fb2\" data-id=\"4a46fb2\" data-element_type=\"column\" data-e-type=\"column\">\n\t\t\t<div class=\"elementor-widget-wrap elementor-element-populated\">\n\t\t\t\t\t\t<div class=\"elementor-element elementor-element-49f20db elementor-widget elementor-widget-spacer\" data-id=\"49f20db\" data-element_type=\"widget\" data-e-type=\"widget\" data-widget_type=\"spacer.default\">\n\t\t\t\t<div class=\"elementor-widget-container\">\n\t\t\t\t\t\t\t<div class=\"elementor-spacer\">\n\t\t\t<div class=\"elementor-spacer-inner\"><\/div>\n\t\t<\/div>\n\t\t\t\t\t\t<\/div>\n\t\t\t\t<\/div>\n\t\t\t\t\t<\/div>\n\t\t<\/div>\n\t\t\t\t\t<\/div>\n\t\t<\/section>\n\t\t\t\t<\/div>","protected":false},"excerpt":{"rendered":"<p>Meilleure interconnexion du syst\u00e8me m\u00e9dical et social. Comment y parvenir ?<\/p>","protected":false},"author":8,"featured_media":2706,"comment_status":"closed","ping_status":"closed","sticky":false,"template":"","format":[164,138],"meta":{"footnotes":""},"strategie":[163],"thema":[154],"class_list":["post-227","post","type-post","status-publish","format-standard","has-post-thumbnail","hentry","strategie-integrierte-versorgung-allgemein","thema-medizin-und-soziales","format-symposium-archiv","format-veranstaltung"],"yoast_head":"<!-- This site is optimized with the Yoast SEO plugin v27.5 - https:\/\/yoast.com\/product\/yoast-seo-wordpress\/ -->\n<title>Bessere Vernetzung des medizinischen und sozialen Systems. Wie gelingt das? - FMC<\/title>\n<meta name=\"description\" content=\"Wie sieht f\u00fcr Sie die ideale Versorgung von Menschen mit vielf\u00e4ltigen und vielschichtigen Gesundheitsproblemen aus?\" \/>\n<meta name=\"robots\" content=\"index, follow, max-snippet:-1, max-image-preview:large, max-video-preview:-1\" \/>\n<link rel=\"canonical\" href=\"https:\/\/fmc.ch\/fr\/symposium-2021\/\" \/>\n<meta property=\"og:locale\" content=\"fr_FR\" \/>\n<meta property=\"og:type\" content=\"article\" \/>\n<meta property=\"og:title\" content=\"Bessere Vernetzung des medizinischen und sozialen Systems. Wie gelingt das? - FMC\" \/>\n<meta property=\"og:description\" content=\"Wie sieht f\u00fcr Sie die ideale Versorgung von Menschen mit vielf\u00e4ltigen und vielschichtigen Gesundheitsproblemen aus?\" \/>\n<meta property=\"og:url\" content=\"https:\/\/fmc.ch\/fr\/symposium-2021\/\" \/>\n<meta property=\"og:site_name\" content=\"FMC\" \/>\n<meta property=\"article:published_time\" content=\"2021-08-01T12:00:00+00:00\" \/>\n<meta property=\"article:modified_time\" content=\"2025-02-10T14:10:04+00:00\" \/>\n<meta property=\"og:image\" content=\"https:\/\/fmc.ch\/wp-content\/uploads\/2021\/06\/Keyvisual_Symposim_21_jpeg.jpg\" \/>\n\t<meta property=\"og:image:width\" content=\"600\" \/>\n\t<meta property=\"og:image:height\" content=\"600\" \/>\n\t<meta property=\"og:image:type\" content=\"image\/jpeg\" \/>\n<meta name=\"author\" content=\"millywilly\" \/>\n<meta name=\"twitter:card\" content=\"summary_large_image\" \/>\n<meta name=\"twitter:label1\" content=\"\u00c9crit par\" \/>\n\t<meta name=\"twitter:data1\" content=\"millywilly\" \/>\n\t<meta name=\"twitter:label2\" content=\"Dur\u00e9e de lecture estim\u00e9e\" \/>\n\t<meta name=\"twitter:data2\" content=\"7 minutes\" \/>\n<script type=\"application\/ld+json\" class=\"yoast-schema-graph\">{\"@context\":\"https:\\\/\\\/schema.org\",\"@graph\":[{\"@type\":\"Article\",\"@id\":\"https:\\\/\\\/fmc.ch\\\/symposium-2021\\\/#article\",\"isPartOf\":{\"@id\":\"https:\\\/\\\/fmc.ch\\\/symposium-2021\\\/\"},\"author\":{\"name\":\"millywilly\",\"@id\":\"https:\\\/\\\/fmc.ch\\\/#\\\/schema\\\/person\\\/2b9ee3d0e51becbbd1dfdfb27772171f\"},\"headline\":\"Bessere Vernetzung des medizinischen und sozialen Systems. Wie gelingt das?\",\"datePublished\":\"2021-08-01T12:00:00+00:00\",\"dateModified\":\"2025-02-10T14:10:04+00:00\",\"mainEntityOfPage\":{\"@id\":\"https:\\\/\\\/fmc.ch\\\/symposium-2021\\\/\"},\"wordCount\":1260,\"publisher\":{\"@id\":\"https:\\\/\\\/fmc.ch\\\/#organization\"},\"image\":{\"@id\":\"https:\\\/\\\/fmc.ch\\\/symposium-2021\\\/#primaryimage\"},\"thumbnailUrl\":\"https:\\\/\\\/fmc.ch\\\/wp-content\\\/uploads\\\/2021\\\/06\\\/Keyvisual_Symposim_21_jpeg.jpg\",\"articleSection\":[\"Symposium Archiv\"],\"inLanguage\":\"fr-FR\"},{\"@type\":\"WebPage\",\"@id\":\"https:\\\/\\\/fmc.ch\\\/symposium-2021\\\/\",\"url\":\"https:\\\/\\\/fmc.ch\\\/symposium-2021\\\/\",\"name\":\"Bessere Vernetzung des medizinischen und sozialen Systems. Wie gelingt das? - FMC\",\"isPartOf\":{\"@id\":\"https:\\\/\\\/fmc.ch\\\/#website\"},\"primaryImageOfPage\":{\"@id\":\"https:\\\/\\\/fmc.ch\\\/symposium-2021\\\/#primaryimage\"},\"image\":{\"@id\":\"https:\\\/\\\/fmc.ch\\\/symposium-2021\\\/#primaryimage\"},\"thumbnailUrl\":\"https:\\\/\\\/fmc.ch\\\/wp-content\\\/uploads\\\/2021\\\/06\\\/Keyvisual_Symposim_21_jpeg.jpg\",\"datePublished\":\"2021-08-01T12:00:00+00:00\",\"dateModified\":\"2025-02-10T14:10:04+00:00\",\"description\":\"Wie sieht f\u00fcr Sie die ideale Versorgung von Menschen mit vielf\u00e4ltigen und vielschichtigen Gesundheitsproblemen aus?\",\"breadcrumb\":{\"@id\":\"https:\\\/\\\/fmc.ch\\\/symposium-2021\\\/#breadcrumb\"},\"inLanguage\":\"fr-FR\",\"potentialAction\":[{\"@type\":\"ReadAction\",\"target\":[\"https:\\\/\\\/fmc.ch\\\/symposium-2021\\\/\"]}]},{\"@type\":\"ImageObject\",\"inLanguage\":\"fr-FR\",\"@id\":\"https:\\\/\\\/fmc.ch\\\/symposium-2021\\\/#primaryimage\",\"url\":\"https:\\\/\\\/fmc.ch\\\/wp-content\\\/uploads\\\/2021\\\/06\\\/Keyvisual_Symposim_21_jpeg.jpg\",\"contentUrl\":\"https:\\\/\\\/fmc.ch\\\/wp-content\\\/uploads\\\/2021\\\/06\\\/Keyvisual_Symposim_21_jpeg.jpg\",\"width\":600,\"height\":600},{\"@type\":\"BreadcrumbList\",\"@id\":\"https:\\\/\\\/fmc.ch\\\/symposium-2021\\\/#breadcrumb\",\"itemListElement\":[{\"@type\":\"ListItem\",\"position\":1,\"name\":\"Home\",\"item\":\"https:\\\/\\\/fmc.ch\\\/\"},{\"@type\":\"ListItem\",\"position\":2,\"name\":\"Bessere Vernetzung des medizinischen und sozialen Systems. Wie gelingt das?\"}]},{\"@type\":\"WebSite\",\"@id\":\"https:\\\/\\\/fmc.ch\\\/#website\",\"url\":\"https:\\\/\\\/fmc.ch\\\/\",\"name\":\"FMC\",\"description\":\"Schweizer Forum f\u00fcr Integrierte Versorgung\",\"publisher\":{\"@id\":\"https:\\\/\\\/fmc.ch\\\/#organization\"},\"potentialAction\":[{\"@type\":\"SearchAction\",\"target\":{\"@type\":\"EntryPoint\",\"urlTemplate\":\"https:\\\/\\\/fmc.ch\\\/?s={search_term_string}\"},\"query-input\":{\"@type\":\"PropertyValueSpecification\",\"valueRequired\":true,\"valueName\":\"search_term_string\"}}],\"inLanguage\":\"fr-FR\"},{\"@type\":\"Organization\",\"@id\":\"https:\\\/\\\/fmc.ch\\\/#organization\",\"name\":\"FMC\",\"url\":\"https:\\\/\\\/fmc.ch\\\/\",\"logo\":{\"@type\":\"ImageObject\",\"inLanguage\":\"fr-FR\",\"@id\":\"https:\\\/\\\/fmc.ch\\\/#\\\/schema\\\/logo\\\/image\\\/\",\"url\":\"https:\\\/\\\/fmc.ch\\\/wp-content\\\/uploads\\\/2023\\\/09\\\/fmc-logo.svg\",\"contentUrl\":\"https:\\\/\\\/fmc.ch\\\/wp-content\\\/uploads\\\/2023\\\/09\\\/fmc-logo.svg\",\"caption\":\"FMC\"},\"image\":{\"@id\":\"https:\\\/\\\/fmc.ch\\\/#\\\/schema\\\/logo\\\/image\\\/\"}},{\"@type\":\"Person\",\"@id\":\"https:\\\/\\\/fmc.ch\\\/#\\\/schema\\\/person\\\/2b9ee3d0e51becbbd1dfdfb27772171f\",\"name\":\"millywilly\",\"image\":{\"@type\":\"ImageObject\",\"inLanguage\":\"fr-FR\",\"@id\":\"https:\\\/\\\/secure.gravatar.com\\\/avatar\\\/0ce41b09a186b85dbc9d2c021eefa29c0eb347cf448ddb165dcc1e3464d28b12?s=96&d=mm&r=g\",\"url\":\"https:\\\/\\\/secure.gravatar.com\\\/avatar\\\/0ce41b09a186b85dbc9d2c021eefa29c0eb347cf448ddb165dcc1e3464d28b12?s=96&d=mm&r=g\",\"contentUrl\":\"https:\\\/\\\/secure.gravatar.com\\\/avatar\\\/0ce41b09a186b85dbc9d2c021eefa29c0eb347cf448ddb165dcc1e3464d28b12?s=96&d=mm&r=g\",\"caption\":\"millywilly\"},\"url\":\"https:\\\/\\\/fmc.ch\\\/fr\\\/author\\\/millywilly\\\/\"}]}<\/script>\n<!-- \/ Yoast SEO plugin. -->","yoast_head_json":{"title":"Meilleure interconnexion du syst\u00e8me m\u00e9dical et social. Comment y parvenir ? - FMC","description":"\u00c0 quoi ressemble pour vous la prise en charge id\u00e9ale des personnes souffrant de probl\u00e8mes de sant\u00e9 multiples et complexes ?","robots":{"index":"index","follow":"follow","max-snippet":"max-snippet:-1","max-image-preview":"max-image-preview:large","max-video-preview":"max-video-preview:-1"},"canonical":"https:\/\/fmc.ch\/fr\/symposium-2021\/","og_locale":"fr_FR","og_type":"article","og_title":"Bessere Vernetzung des medizinischen und sozialen Systems. Wie gelingt das? - FMC","og_description":"Wie sieht f\u00fcr Sie die ideale Versorgung von Menschen mit vielf\u00e4ltigen und vielschichtigen Gesundheitsproblemen aus?","og_url":"https:\/\/fmc.ch\/fr\/symposium-2021\/","og_site_name":"FMC","article_published_time":"2021-08-01T12:00:00+00:00","article_modified_time":"2025-02-10T14:10:04+00:00","og_image":[{"width":600,"height":600,"url":"https:\/\/fmc.ch\/wp-content\/uploads\/2021\/06\/Keyvisual_Symposim_21_jpeg.jpg","type":"image\/jpeg"}],"author":"millywilly","twitter_card":"summary_large_image","twitter_misc":{"\u00c9crit par":"millywilly","Dur\u00e9e de lecture estim\u00e9e":"7 minutes"},"schema":{"@context":"https:\/\/schema.org","@graph":[{"@type":"Article","@id":"https:\/\/fmc.ch\/symposium-2021\/#article","isPartOf":{"@id":"https:\/\/fmc.ch\/symposium-2021\/"},"author":{"name":"millywilly","@id":"https:\/\/fmc.ch\/#\/schema\/person\/2b9ee3d0e51becbbd1dfdfb27772171f"},"headline":"Bessere Vernetzung des medizinischen und sozialen Systems. Wie gelingt das?","datePublished":"2021-08-01T12:00:00+00:00","dateModified":"2025-02-10T14:10:04+00:00","mainEntityOfPage":{"@id":"https:\/\/fmc.ch\/symposium-2021\/"},"wordCount":1260,"publisher":{"@id":"https:\/\/fmc.ch\/#organization"},"image":{"@id":"https:\/\/fmc.ch\/symposium-2021\/#primaryimage"},"thumbnailUrl":"https:\/\/fmc.ch\/wp-content\/uploads\/2021\/06\/Keyvisual_Symposim_21_jpeg.jpg","articleSection":["Symposium Archiv"],"inLanguage":"fr-FR"},{"@type":"WebPage","@id":"https:\/\/fmc.ch\/symposium-2021\/","url":"https:\/\/fmc.ch\/symposium-2021\/","name":"Meilleure interconnexion du syst\u00e8me m\u00e9dical et social. Comment y parvenir ? - FMC","isPartOf":{"@id":"https:\/\/fmc.ch\/#website"},"primaryImageOfPage":{"@id":"https:\/\/fmc.ch\/symposium-2021\/#primaryimage"},"image":{"@id":"https:\/\/fmc.ch\/symposium-2021\/#primaryimage"},"thumbnailUrl":"https:\/\/fmc.ch\/wp-content\/uploads\/2021\/06\/Keyvisual_Symposim_21_jpeg.jpg","datePublished":"2021-08-01T12:00:00+00:00","dateModified":"2025-02-10T14:10:04+00:00","description":"\u00c0 quoi ressemble pour vous la prise en charge id\u00e9ale des personnes souffrant de probl\u00e8mes de sant\u00e9 multiples et complexes ?","breadcrumb":{"@id":"https:\/\/fmc.ch\/symposium-2021\/#breadcrumb"},"inLanguage":"fr-FR","potentialAction":[{"@type":"ReadAction","target":["https:\/\/fmc.ch\/symposium-2021\/"]}]},{"@type":"ImageObject","inLanguage":"fr-FR","@id":"https:\/\/fmc.ch\/symposium-2021\/#primaryimage","url":"https:\/\/fmc.ch\/wp-content\/uploads\/2021\/06\/Keyvisual_Symposim_21_jpeg.jpg","contentUrl":"https:\/\/fmc.ch\/wp-content\/uploads\/2021\/06\/Keyvisual_Symposim_21_jpeg.jpg","width":600,"height":600},{"@type":"BreadcrumbList","@id":"https:\/\/fmc.ch\/symposium-2021\/#breadcrumb","itemListElement":[{"@type":"ListItem","position":1,"name":"Home","item":"https:\/\/fmc.ch\/"},{"@type":"ListItem","position":2,"name":"Bessere Vernetzung des medizinischen und sozialen Systems. Wie gelingt das?"}]},{"@type":"WebSite","@id":"https:\/\/fmc.ch\/#website","url":"https:\/\/fmc.ch\/","name":"FMC","description":"Forum suisse des soins int\u00e9gr\u00e9s","publisher":{"@id":"https:\/\/fmc.ch\/#organization"},"potentialAction":[{"@type":"SearchAction","target":{"@type":"EntryPoint","urlTemplate":"https:\/\/fmc.ch\/?s={search_term_string}"},"query-input":{"@type":"PropertyValueSpecification","valueRequired":true,"valueName":"search_term_string"}}],"inLanguage":"fr-FR"},{"@type":"Organization","@id":"https:\/\/fmc.ch\/#organization","name":"FMC","url":"https:\/\/fmc.ch\/","logo":{"@type":"ImageObject","inLanguage":"fr-FR","@id":"https:\/\/fmc.ch\/#\/schema\/logo\/image\/","url":"https:\/\/fmc.ch\/wp-content\/uploads\/2023\/09\/fmc-logo.svg","contentUrl":"https:\/\/fmc.ch\/wp-content\/uploads\/2023\/09\/fmc-logo.svg","caption":"FMC"},"image":{"@id":"https:\/\/fmc.ch\/#\/schema\/logo\/image\/"}},{"@type":"Person","@id":"https:\/\/fmc.ch\/#\/schema\/person\/2b9ee3d0e51becbbd1dfdfb27772171f","name":"millywilly","image":{"@type":"ImageObject","inLanguage":"fr-FR","@id":"https:\/\/secure.gravatar.com\/avatar\/0ce41b09a186b85dbc9d2c021eefa29c0eb347cf448ddb165dcc1e3464d28b12?s=96&d=mm&r=g","url":"https:\/\/secure.gravatar.com\/avatar\/0ce41b09a186b85dbc9d2c021eefa29c0eb347cf448ddb165dcc1e3464d28b12?s=96&d=mm&r=g","contentUrl":"https:\/\/secure.gravatar.com\/avatar\/0ce41b09a186b85dbc9d2c021eefa29c0eb347cf448ddb165dcc1e3464d28b12?s=96&d=mm&r=g","caption":"millywilly"},"url":"https:\/\/fmc.ch\/fr\/author\/millywilly\/"}]}},"_links":{"self":[{"href":"https:\/\/fmc.ch\/fr\/wp-json\/wp\/v2\/posts\/227","targetHints":{"allow":["GET"]}}],"collection":[{"href":"https:\/\/fmc.ch\/fr\/wp-json\/wp\/v2\/posts"}],"about":[{"href":"https:\/\/fmc.ch\/fr\/wp-json\/wp\/v2\/types\/post"}],"author":[{"embeddable":true,"href":"https:\/\/fmc.ch\/fr\/wp-json\/wp\/v2\/users\/8"}],"replies":[{"embeddable":true,"href":"https:\/\/fmc.ch\/fr\/wp-json\/wp\/v2\/comments?post=227"}],"version-history":[{"count":10,"href":"https:\/\/fmc.ch\/fr\/wp-json\/wp\/v2\/posts\/227\/revisions"}],"predecessor-version":[{"id":13446,"href":"https:\/\/fmc.ch\/fr\/wp-json\/wp\/v2\/posts\/227\/revisions\/13446"}],"wp:featuredmedia":[{"embeddable":true,"href":"https:\/\/fmc.ch\/fr\/wp-json\/wp\/v2\/media\/2706"}],"wp:attachment":[{"href":"https:\/\/fmc.ch\/fr\/wp-json\/wp\/v2\/media?parent=227"}],"wp:term":[{"taxonomy":"strategie","embeddable":true,"href":"https:\/\/fmc.ch\/fr\/wp-json\/wp\/v2\/strategie?post=227"},{"taxonomy":"thema","embeddable":true,"href":"https:\/\/fmc.ch\/fr\/wp-json\/wp\/v2\/thema?post=227"},{"taxonomy":"format","embeddable":true,"href":"https:\/\/fmc.ch\/fr\/wp-json\/wp\/v2\/format?post=227"}],"curies":[{"name":"wp","href":"https:\/\/api.w.org\/{rel}","templated":true}]}}