{"id":225,"date":"2019-08-01T12:00:00","date_gmt":"2019-08-01T12:00:00","guid":{"rendered":"https:\/\/fmc.ch\/?p=225"},"modified":"2025-12-01T16:26:21","modified_gmt":"2025-12-01T15:26:21","slug":"symposium-2019","status":"publish","type":"post","link":"https:\/\/fmc.ch\/fr\/symposium-2019\/","title":{"rendered":"R\u00e9seaux de m\u00e9decins et soins int\u00e9gr\u00e9s : Que coordonner ? Comment coop\u00e9rer ?"},"content":{"rendered":"<div data-elementor-type=\"wp-post\" data-elementor-id=\"225\" class=\"elementor elementor-225\" data-elementor-post-type=\"post\">\n\t\t\t\t\t\t<section class=\"elementor-section elementor-top-section elementor-element elementor-element-1b353615 elementor-reverse-tablet elementor-reverse-mobile elementor-section-boxed elementor-section-height-default elementor-section-height-default\" data-id=\"1b353615\" data-element_type=\"section\" data-e-type=\"section\">\n\t\t\t\t\t\t<div class=\"elementor-container elementor-column-gap-default\">\n\t\t\t\t\t<div class=\"elementor-column elementor-col-50 elementor-top-column elementor-element elementor-element-3b6ce7c8\" data-id=\"3b6ce7c8\" data-element_type=\"column\" data-e-type=\"column\">\n\t\t\t<div class=\"elementor-widget-wrap elementor-element-populated\">\n\t\t\t\t\t\t<div class=\"elementor-element elementor-element-2fb03d4e elementor-invisible elementor-widget elementor-widget-text-editor\" data-id=\"2fb03d4e\" data-element_type=\"widget\" data-e-type=\"widget\" data-settings=\"{&quot;_animation&quot;:&quot;fadeInUp&quot;}\" data-widget_type=\"text-editor.default\">\n\t\t\t\t<div class=\"elementor-widget-container\">\n\t\t\t\t\t\t\t\t\t<p class=\"translation-block\"><strong>Les soins int\u00e9gr\u00e9s du point de vue de la population<\/strong><br>Prof. Jacques Cornuz, directeur g\u00e9n\u00e9ral, Centre universitaire de m\u00e9decine g\u00e9n\u00e9rale et sant\u00e9 publique, Lausanne (Unisant\u00e9)<\/p>\t\t\t\t\t\t\t\t<\/div>\n\t\t\t\t<\/div>\n\t\t\t\t<div class=\"elementor-element elementor-element-3faa41a elementor-widget elementor-widget-button\" data-id=\"3faa41a\" data-element_type=\"widget\" data-e-type=\"widget\" data-widget_type=\"button.default\">\n\t\t\t\t<div class=\"elementor-widget-container\">\n\t\t\t\t\t\t\t\t\t<div class=\"elementor-button-wrapper\">\n\t\t\t\t\t<a class=\"elementor-button elementor-button-link elementor-size-sm\" href=\"\/wp-content\/uploads\/2023\/11\/Symposium-2019-Keynote-Cornuz_2019.pdf\">\n\t\t\t\t\t\t<span class=\"elementor-button-content-wrapper\">\n\t\t\t\t\t\t\t\t\t<span class=\"elementor-button-text\">Pr\u00e9sentation<\/span>\n\t\t\t\t\t<\/span>\n\t\t\t\t\t<\/a>\n\t\t\t\t<\/div>\n\t\t\t\t\t\t\t\t<\/div>\n\t\t\t\t<\/div>\n\t\t\t\t\t<\/div>\n\t\t<\/div>\n\t\t\t\t<div class=\"elementor-column elementor-col-50 elementor-top-column elementor-element elementor-element-54e53e56\" data-id=\"54e53e56\" data-element_type=\"column\" data-e-type=\"column\">\n\t\t\t<div class=\"elementor-widget-wrap elementor-element-populated\">\n\t\t\t\t\t\t<div class=\"elementor-element elementor-element-c59014c elementor-widget elementor-widget-video\" data-id=\"c59014c\" data-element_type=\"widget\" data-e-type=\"widget\" data-settings=\"{&quot;youtube_url&quot;:&quot;https:\\\/\\\/www.youtube.com\\\/watch?v=FJzq2_4WM5A&quot;,&quot;video_type&quot;:&quot;youtube&quot;,&quot;controls&quot;:&quot;yes&quot;}\" data-widget_type=\"video.default\">\n\t\t\t\t<div class=\"elementor-widget-container\">\n\t\t\t\t\t\t\t<div class=\"elementor-wrapper elementor-open-inline\">\n\t\t\t<div class=\"elementor-video\"><\/div>\t\t<\/div>\n\t\t\t\t\t\t<\/div>\n\t\t\t\t<\/div>\n\t\t\t\t\t<\/div>\n\t\t<\/div>\n\t\t\t\t\t<\/div>\n\t\t<\/section>\n\t\t\t\t<section class=\"elementor-section elementor-top-section elementor-element elementor-element-cf08dd3 elementor-reverse-tablet elementor-reverse-mobile elementor-section-boxed elementor-section-height-default elementor-section-height-default\" data-id=\"cf08dd3\" data-element_type=\"section\" data-e-type=\"section\">\n\t\t\t\t\t\t<div class=\"elementor-container elementor-column-gap-default\">\n\t\t\t\t\t<div class=\"elementor-column elementor-col-50 elementor-top-column elementor-element elementor-element-32209ad\" data-id=\"32209ad\" data-element_type=\"column\" data-e-type=\"column\">\n\t\t\t<div class=\"elementor-widget-wrap elementor-element-populated\">\n\t\t\t\t\t\t<div class=\"elementor-element elementor-element-d1485a5 elementor-invisible elementor-widget elementor-widget-text-editor\" data-id=\"d1485a5\" data-element_type=\"widget\" data-e-type=\"widget\" data-settings=\"{&quot;_animation&quot;:&quot;fadeInUp&quot;}\" data-widget_type=\"text-editor.default\">\n\t\t\t\t<div class=\"elementor-widget-container\">\n\t\t\t\t\t\t\t\t\t<p class=\"translation-block\"><strong>Value-based care et r\u00e9seaux de m\u00e9decins<\/strong><br>Prof. Thomas Rosemann, PhD, directeur de l'Institut de m\u00e9decine de famille, Universit\u00e9 de Zurich<\/p>\t\t\t\t\t\t\t\t<\/div>\n\t\t\t\t<\/div>\n\t\t\t\t<div class=\"elementor-element elementor-element-fa83663 elementor-widget elementor-widget-button\" data-id=\"fa83663\" data-element_type=\"widget\" data-e-type=\"widget\" data-widget_type=\"button.default\">\n\t\t\t\t<div class=\"elementor-widget-container\">\n\t\t\t\t\t\t\t\t\t<div class=\"elementor-button-wrapper\">\n\t\t\t\t\t<a class=\"elementor-button elementor-button-link elementor-size-sm\" href=\"\/wp-content\/uploads\/2023\/11\/Symposium-2019-Keynote-Rosemann_2019.pdf\">\n\t\t\t\t\t\t<span class=\"elementor-button-content-wrapper\">\n\t\t\t\t\t\t\t\t\t<span class=\"elementor-button-text\">Pr\u00e9sentation<\/span>\n\t\t\t\t\t<\/span>\n\t\t\t\t\t<\/a>\n\t\t\t\t<\/div>\n\t\t\t\t\t\t\t\t<\/div>\n\t\t\t\t<\/div>\n\t\t\t\t\t<\/div>\n\t\t<\/div>\n\t\t\t\t<div class=\"elementor-column elementor-col-50 elementor-top-column elementor-element elementor-element-99af9d6\" data-id=\"99af9d6\" data-element_type=\"column\" data-e-type=\"column\">\n\t\t\t<div class=\"elementor-widget-wrap elementor-element-populated\">\n\t\t\t\t\t\t<div class=\"elementor-element elementor-element-d6b8a36 elementor-widget elementor-widget-video\" data-id=\"d6b8a36\" data-element_type=\"widget\" data-e-type=\"widget\" data-settings=\"{&quot;youtube_url&quot;:&quot;https:\\\/\\\/www.youtube.com\\\/watch?v=FJ9kv-DtCu4&quot;,&quot;video_type&quot;:&quot;youtube&quot;,&quot;controls&quot;:&quot;yes&quot;}\" data-widget_type=\"video.default\">\n\t\t\t\t<div class=\"elementor-widget-container\">\n\t\t\t\t\t\t\t<div class=\"elementor-wrapper elementor-open-inline\">\n\t\t\t<div class=\"elementor-video\"><\/div>\t\t<\/div>\n\t\t\t\t\t\t<\/div>\n\t\t\t\t<\/div>\n\t\t\t\t\t<\/div>\n\t\t<\/div>\n\t\t\t\t\t<\/div>\n\t\t<\/section>\n\t\t\t\t<section class=\"elementor-section elementor-top-section elementor-element elementor-element-2b31118 elementor-reverse-tablet elementor-reverse-mobile elementor-section-boxed elementor-section-height-default elementor-section-height-default\" data-id=\"2b31118\" data-element_type=\"section\" data-e-type=\"section\">\n\t\t\t\t\t\t<div class=\"elementor-container elementor-column-gap-default\">\n\t\t\t\t\t<div class=\"elementor-column elementor-col-50 elementor-top-column elementor-element elementor-element-aeddd39\" data-id=\"aeddd39\" data-element_type=\"column\" data-e-type=\"column\">\n\t\t\t<div class=\"elementor-widget-wrap elementor-element-populated\">\n\t\t\t\t\t\t<div class=\"elementor-element elementor-element-33d2196 elementor-invisible elementor-widget elementor-widget-text-editor\" data-id=\"33d2196\" data-element_type=\"widget\" data-e-type=\"widget\" data-settings=\"{&quot;_animation&quot;:&quot;fadeInUp&quot;}\" data-widget_type=\"text-editor.default\">\n\t\t\t\t<div class=\"elementor-widget-container\">\n\t\t\t\t\t\t\t\t\t<p class=\"translation-block\"><strong>Du gatekeeping \u00e0 la coordination<\/strong><br>Dr. med. Regula Kaufmann, Meconex\/Centramed, directrice m\u00e9dicale des centres de sant\u00e9<\/p>\t\t\t\t\t\t\t\t<\/div>\n\t\t\t\t<\/div>\n\t\t\t\t<div class=\"elementor-element elementor-element-bae7aa4 elementor-widget elementor-widget-button\" data-id=\"bae7aa4\" data-element_type=\"widget\" data-e-type=\"widget\" data-widget_type=\"button.default\">\n\t\t\t\t<div class=\"elementor-widget-container\">\n\t\t\t\t\t\t\t\t\t<div class=\"elementor-button-wrapper\">\n\t\t\t\t\t<a class=\"elementor-button elementor-button-link elementor-size-sm\" href=\"\/wp-content\/uploads\/2023\/11\/Symposium-2019-Keynote-Kaufmann_2019.pdf\">\n\t\t\t\t\t\t<span class=\"elementor-button-content-wrapper\">\n\t\t\t\t\t\t\t\t\t<span class=\"elementor-button-text\">Pr\u00e9sentation<\/span>\n\t\t\t\t\t<\/span>\n\t\t\t\t\t<\/a>\n\t\t\t\t<\/div>\n\t\t\t\t\t\t\t\t<\/div>\n\t\t\t\t<\/div>\n\t\t\t\t\t<\/div>\n\t\t<\/div>\n\t\t\t\t<div class=\"elementor-column elementor-col-50 elementor-top-column elementor-element elementor-element-d216d0b\" data-id=\"d216d0b\" data-element_type=\"column\" data-e-type=\"column\">\n\t\t\t<div class=\"elementor-widget-wrap elementor-element-populated\">\n\t\t\t\t\t\t<div class=\"elementor-element elementor-element-051ab0d elementor-widget elementor-widget-video\" data-id=\"051ab0d\" data-element_type=\"widget\" data-e-type=\"widget\" data-settings=\"{&quot;youtube_url&quot;:&quot;https:\\\/\\\/www.youtube.com\\\/watch?v=wGo5Qr5OWJM&quot;,&quot;video_type&quot;:&quot;youtube&quot;,&quot;controls&quot;:&quot;yes&quot;}\" data-widget_type=\"video.default\">\n\t\t\t\t<div class=\"elementor-widget-container\">\n\t\t\t\t\t\t\t<div class=\"elementor-wrapper elementor-open-inline\">\n\t\t\t<div class=\"elementor-video\"><\/div>\t\t<\/div>\n\t\t\t\t\t\t<\/div>\n\t\t\t\t<\/div>\n\t\t\t\t\t<\/div>\n\t\t<\/div>\n\t\t\t\t\t<\/div>\n\t\t<\/section>\n\t\t\t\t<section class=\"elementor-section elementor-top-section elementor-element elementor-element-0af6975 elementor-section-boxed elementor-section-height-default elementor-section-height-default\" data-id=\"0af6975\" data-element_type=\"section\" data-e-type=\"section\">\n\t\t\t\t\t\t<div class=\"elementor-container elementor-column-gap-default\">\n\t\t\t\t\t<div class=\"elementor-column elementor-col-100 elementor-top-column elementor-element elementor-element-2c30f31\" data-id=\"2c30f31\" data-element_type=\"column\" data-e-type=\"column\">\n\t\t\t<div class=\"elementor-widget-wrap elementor-element-populated\">\n\t\t\t\t\t\t<div class=\"elementor-element elementor-element-7d63db1 elementor-invisible elementor-widget elementor-widget-heading\" data-id=\"7d63db1\" data-element_type=\"widget\" data-e-type=\"widget\" data-settings=\"{&quot;_animation&quot;:&quot;fadeInUp&quot;}\" data-widget_type=\"heading.default\">\n\t\t\t\t<div class=\"elementor-widget-container\">\n\t\t\t\t\t<h2 class=\"elementor-heading-title elementor-size-default\">Impressions du symposium 2019<\/h2>\t\t\t\t<\/div>\n\t\t\t\t<\/div>\n\t\t\t\t<div class=\"elementor-element elementor-element-bc5a0fc elementor-widget elementor-widget-gallery\" data-id=\"bc5a0fc\" data-element_type=\"widget\" data-e-type=\"widget\" data-settings=\"{&quot;gallery_layout&quot;:&quot;masonry&quot;,&quot;lazyload&quot;:&quot;yes&quot;,&quot;columns&quot;:4,&quot;columns_tablet&quot;:2,&quot;columns_mobile&quot;:1,&quot;gap&quot;:{&quot;unit&quot;:&quot;px&quot;,&quot;size&quot;:10,&quot;sizes&quot;:[]},&quot;gap_widescreen&quot;:{&quot;unit&quot;:&quot;px&quot;,&quot;size&quot;:&quot;&quot;,&quot;sizes&quot;:[]},&quot;gap_tablet&quot;:{&quot;unit&quot;:&quot;px&quot;,&quot;size&quot;:10,&quot;sizes&quot;:[]},&quot;gap_mobile&quot;:{&quot;unit&quot;:&quot;px&quot;,&quot;size&quot;:10,&quot;sizes&quot;:[]},&quot;link_to&quot;:&quot;file&quot;,&quot;overlay_background&quot;:&quot;yes&quot;,&quot;content_hover_animation&quot;:&quot;fade-in&quot;}\" data-widget_type=\"gallery.default\">\n\t\t\t\t<div class=\"elementor-widget-container\">\n\t\t\t\t\t\t\t<div class=\"elementor-gallery__container\">\n\t\t\t\t\t\t\t<a class=\"e-gallery-item elementor-gallery-item elementor-animated-content\" href=\"https:\/\/fmc.ch\/wp-content\/uploads\/2019\/08\/Bild-Symposium-20219-Abschlussdiskussion-scaled.jpg\" data-elementor-open-lightbox=\"yes\" data-elementor-lightbox-slideshow=\"bc5a0fc\" data-elementor-lightbox-title=\"Bild Symposium 20219 Abschlussdiskussion\" data-e-action-hash=\"#elementor-action%3Aaction%3Dlightbox%26settings%3DeyJpZCI6MjcyMSwidXJsIjoiaHR0cHM6XC9cL2ZtYy5jaFwvd3AtY29udGVudFwvdXBsb2Fkc1wvMjAxOVwvMDhcL0JpbGQtU3ltcG9zaXVtLTIwMjE5LUFic2NobHVzc2Rpc2t1c3Npb24tc2NhbGVkLmpwZyIsInNsaWRlc2hvdyI6ImJjNWEwZmMifQ%3D%3D\">\n\t\t\t\t\t<div class=\"e-gallery-image elementor-gallery-item__image\" data-thumbnail=\"https:\/\/fmc.ch\/wp-content\/uploads\/2019\/08\/Bild-Symposium-20219-Abschlussdiskussion-600x480.jpg\" data-width=\"600\" data-height=\"480\" aria-label=\"\" role=\"img\" ><\/div>\n\t\t\t\t\t\t\t\t\t\t\t<div class=\"elementor-gallery-item__overlay\"><\/div>\n\t\t\t\t\t\t\t\t\t\t\t\t\t\t<\/a>\n\t\t\t\t\t\t\t<a class=\"e-gallery-item elementor-gallery-item elementor-animated-content\" href=\"https:\/\/fmc.ch\/wp-content\/uploads\/2019\/08\/Symposium-2019-fmc_153_Sambuchli.com_-scaled.jpg\" data-elementor-open-lightbox=\"yes\" data-elementor-lightbox-slideshow=\"bc5a0fc\" data-elementor-lightbox-title=\"\u00c4rztenetze und Integrierte Versorgung:Was koordinieren? Wie kooperieren?\" data-e-action-hash=\"#elementor-action%3Aaction%3Dlightbox%26settings%3DeyJpZCI6MjcyNywidXJsIjoiaHR0cHM6XC9cL2ZtYy5jaFwvd3AtY29udGVudFwvdXBsb2Fkc1wvMjAxOVwvMDhcL1N5bXBvc2l1bS0yMDE5LWZtY18xNTNfU2FtYnVjaGxpLmNvbV8tc2NhbGVkLmpwZyIsInNsaWRlc2hvdyI6ImJjNWEwZmMifQ%3D%3D\">\n\t\t\t\t\t<div class=\"e-gallery-image elementor-gallery-item__image\" data-thumbnail=\"https:\/\/fmc.ch\/wp-content\/uploads\/2019\/08\/Symposium-2019-fmc_153_Sambuchli.com_-600x400.jpg\" data-width=\"600\" data-height=\"400\" aria-label=\"\" role=\"img\" ><\/div>\n\t\t\t\t\t\t\t\t\t\t\t<div class=\"elementor-gallery-item__overlay\"><\/div>\n\t\t\t\t\t\t\t\t\t\t\t\t\t\t<\/a>\n\t\t\t\t\t\t\t<a class=\"e-gallery-item elementor-gallery-item elementor-animated-content\" href=\"https:\/\/fmc.ch\/wp-content\/uploads\/2019\/08\/Symposium-2019-Schaller_138_Sambuchli.com_-scaled.jpg\" data-elementor-open-lightbox=\"yes\" data-elementor-lightbox-slideshow=\"bc5a0fc\" data-elementor-lightbox-title=\"\u00c4rztenetze und Integrierte Versorgung:Was koordinieren? Wie kooperieren?\" data-e-action-hash=\"#elementor-action%3Aaction%3Dlightbox%26settings%3DeyJpZCI6MjcyOSwidXJsIjoiaHR0cHM6XC9cL2ZtYy5jaFwvd3AtY29udGVudFwvdXBsb2Fkc1wvMjAxOVwvMDhcL1N5bXBvc2l1bS0yMDE5LVNjaGFsbGVyXzEzOF9TYW1idWNobGkuY29tXy1zY2FsZWQuanBnIiwic2xpZGVzaG93IjoiYmM1YTBmYyJ9\">\n\t\t\t\t\t<div class=\"e-gallery-image elementor-gallery-item__image\" data-thumbnail=\"https:\/\/fmc.ch\/wp-content\/uploads\/2019\/08\/Symposium-2019-Schaller_138_Sambuchli.com_-600x400.jpg\" data-width=\"600\" data-height=\"400\" aria-label=\"\" role=\"img\" ><\/div>\n\t\t\t\t\t\t\t\t\t\t\t<div class=\"elementor-gallery-item__overlay\"><\/div>\n\t\t\t\t\t\t\t\t\t\t\t\t\t\t<\/a>\n\t\t\t\t\t\t\t<a class=\"e-gallery-item elementor-gallery-item elementor-animated-content\" href=\"https:\/\/fmc.ch\/wp-content\/uploads\/2019\/08\/Symposium-2019_Bern_131_Sambuchli.com_-scaled.jpg\" data-elementor-open-lightbox=\"yes\" data-elementor-lightbox-slideshow=\"bc5a0fc\" data-elementor-lightbox-title=\"\u00c4rztenetze und Integrierte Versorgung:Was koordinieren? Wie kooperieren?\" data-e-action-hash=\"#elementor-action%3Aaction%3Dlightbox%26settings%3DeyJpZCI6MjczMCwidXJsIjoiaHR0cHM6XC9cL2ZtYy5jaFwvd3AtY29udGVudFwvdXBsb2Fkc1wvMjAxOVwvMDhcL1N5bXBvc2l1bS0yMDE5X0Jlcm5fMTMxX1NhbWJ1Y2hsaS5jb21fLXNjYWxlZC5qcGciLCJzbGlkZXNob3ciOiJiYzVhMGZjIn0%3D\">\n\t\t\t\t\t<div class=\"e-gallery-image elementor-gallery-item__image\" data-thumbnail=\"https:\/\/fmc.ch\/wp-content\/uploads\/2019\/08\/Symposium-2019_Bern_131_Sambuchli.com_-600x400.jpg\" data-width=\"600\" data-height=\"400\" aria-label=\"\" role=\"img\" ><\/div>\n\t\t\t\t\t\t\t\t\t\t\t<div class=\"elementor-gallery-item__overlay\"><\/div>\n\t\t\t\t\t\t\t\t\t\t\t\t\t\t<\/a>\n\t\t\t\t\t\t\t<a class=\"e-gallery-item elementor-gallery-item elementor-animated-content\" href=\"https:\/\/fmc.ch\/wp-content\/uploads\/2019\/08\/Symposium-2019_Bern_135_Sambuchli.com_-scaled.jpg\" data-elementor-open-lightbox=\"yes\" data-elementor-lightbox-slideshow=\"bc5a0fc\" data-elementor-lightbox-title=\"\u00c4rztenetze und Integrierte Versorgung:Was koordinieren? Wie kooperieren?\" data-e-action-hash=\"#elementor-action%3Aaction%3Dlightbox%26settings%3DeyJpZCI6MjczMSwidXJsIjoiaHR0cHM6XC9cL2ZtYy5jaFwvd3AtY29udGVudFwvdXBsb2Fkc1wvMjAxOVwvMDhcL1N5bXBvc2l1bS0yMDE5X0Jlcm5fMTM1X1NhbWJ1Y2hsaS5jb21fLXNjYWxlZC5qcGciLCJzbGlkZXNob3ciOiJiYzVhMGZjIn0%3D\">\n\t\t\t\t\t<div class=\"e-gallery-image elementor-gallery-item__image\" data-thumbnail=\"https:\/\/fmc.ch\/wp-content\/uploads\/2019\/08\/Symposium-2019_Bern_135_Sambuchli.com_-600x400.jpg\" data-width=\"600\" data-height=\"400\" aria-label=\"\" role=\"img\" ><\/div>\n\t\t\t\t\t\t\t\t\t\t\t<div class=\"elementor-gallery-item__overlay\"><\/div>\n\t\t\t\t\t\t\t\t\t\t\t\t\t\t<\/a>\n\t\t\t\t\t\t\t<a class=\"e-gallery-item elementor-gallery-item elementor-animated-content\" href=\"https:\/\/fmc.ch\/wp-content\/uploads\/2019\/08\/Symposium-2019-_Bern_144_Sambuchli.com_-scaled.jpg\" data-elementor-open-lightbox=\"yes\" data-elementor-lightbox-slideshow=\"bc5a0fc\" data-elementor-lightbox-title=\"\u00c4rztenetze und Integrierte Versorgung:Was koordinieren? Wie kooperieren?\" data-e-action-hash=\"#elementor-action%3Aaction%3Dlightbox%26settings%3DeyJpZCI6MjczNSwidXJsIjoiaHR0cHM6XC9cL2ZtYy5jaFwvd3AtY29udGVudFwvdXBsb2Fkc1wvMjAxOVwvMDhcL1N5bXBvc2l1bS0yMDE5LV9CZXJuXzE0NF9TYW1idWNobGkuY29tXy1zY2FsZWQuanBnIiwic2xpZGVzaG93IjoiYmM1YTBmYyJ9\">\n\t\t\t\t\t<div class=\"e-gallery-image elementor-gallery-item__image\" data-thumbnail=\"https:\/\/fmc.ch\/wp-content\/uploads\/2019\/08\/Symposium-2019-_Bern_144_Sambuchli.com_-600x400.jpg\" data-width=\"600\" data-height=\"400\" aria-label=\"\" role=\"img\" ><\/div>\n\t\t\t\t\t\t\t\t\t\t\t<div class=\"elementor-gallery-item__overlay\"><\/div>\n\t\t\t\t\t\t\t\t\t\t\t\t\t\t<\/a>\n\t\t\t\t\t\t\t<a class=\"e-gallery-item elementor-gallery-item elementor-animated-content\" href=\"https:\/\/fmc.ch\/wp-content\/uploads\/2019\/08\/Symposium-2019_Bern_162_Sambuchli.com_-scaled.jpg\" data-elementor-open-lightbox=\"yes\" data-elementor-lightbox-slideshow=\"bc5a0fc\" data-elementor-lightbox-title=\"\u00c4rztenetze und Integrierte Versorgung:Was koordinieren? Wie kooperieren?\" data-e-action-hash=\"#elementor-action%3Aaction%3Dlightbox%26settings%3DeyJpZCI6MjczNywidXJsIjoiaHR0cHM6XC9cL2ZtYy5jaFwvd3AtY29udGVudFwvdXBsb2Fkc1wvMjAxOVwvMDhcL1N5bXBvc2l1bS0yMDE5X0Jlcm5fMTYyX1NhbWJ1Y2hsaS5jb21fLXNjYWxlZC5qcGciLCJzbGlkZXNob3ciOiJiYzVhMGZjIn0%3D\">\n\t\t\t\t\t<div class=\"e-gallery-image elementor-gallery-item__image\" data-thumbnail=\"https:\/\/fmc.ch\/wp-content\/uploads\/2019\/08\/Symposium-2019_Bern_162_Sambuchli.com_-600x400.jpg\" data-width=\"600\" data-height=\"400\" aria-label=\"\" role=\"img\" ><\/div>\n\t\t\t\t\t\t\t\t\t\t\t<div class=\"elementor-gallery-item__overlay\"><\/div>\n\t\t\t\t\t\t\t\t\t\t\t\t\t\t<\/a>\n\t\t\t\t\t\t\t<a class=\"e-gallery-item elementor-gallery-item elementor-animated-content\" href=\"https:\/\/fmc.ch\/wp-content\/uploads\/2019\/08\/Symposium-2019_Bern_176_Sambuchli.com_-scaled.jpg\" data-elementor-open-lightbox=\"yes\" data-elementor-lightbox-slideshow=\"bc5a0fc\" data-elementor-lightbox-title=\"\u00c4rztenetze und Integrierte Versorgung:Was koordinieren? Wie kooperieren?\" data-e-action-hash=\"#elementor-action%3Aaction%3Dlightbox%26settings%3DeyJpZCI6MjczOCwidXJsIjoiaHR0cHM6XC9cL2ZtYy5jaFwvd3AtY29udGVudFwvdXBsb2Fkc1wvMjAxOVwvMDhcL1N5bXBvc2l1bS0yMDE5X0Jlcm5fMTc2X1NhbWJ1Y2hsaS5jb21fLXNjYWxlZC5qcGciLCJzbGlkZXNob3ciOiJiYzVhMGZjIn0%3D\">\n\t\t\t\t\t<div class=\"e-gallery-image elementor-gallery-item__image\" data-thumbnail=\"https:\/\/fmc.ch\/wp-content\/uploads\/2019\/08\/Symposium-2019_Bern_176_Sambuchli.com_-600x400.jpg\" data-width=\"600\" data-height=\"400\" aria-label=\"\" role=\"img\" ><\/div>\n\t\t\t\t\t\t\t\t\t\t\t<div class=\"elementor-gallery-item__overlay\"><\/div>\n\t\t\t\t\t\t\t\t\t\t\t\t\t\t<\/a>\n\t\t\t\t\t\t\t<a class=\"e-gallery-item elementor-gallery-item elementor-animated-content\" href=\"https:\/\/fmc.ch\/wp-content\/uploads\/2019\/08\/Symposium-2019_Bern_3_Sambuchli.com_-scaled.jpg\" data-elementor-open-lightbox=\"yes\" data-elementor-lightbox-slideshow=\"bc5a0fc\" data-elementor-lightbox-title=\"\u00c4rztenetze und Integrierte Versorgung:Was koordinieren? Wie kooperieren?\" data-e-action-hash=\"#elementor-action%3Aaction%3Dlightbox%26settings%3DeyJpZCI6MjczOSwidXJsIjoiaHR0cHM6XC9cL2ZtYy5jaFwvd3AtY29udGVudFwvdXBsb2Fkc1wvMjAxOVwvMDhcL1N5bXBvc2l1bS0yMDE5X0Jlcm5fM19TYW1idWNobGkuY29tXy1zY2FsZWQuanBnIiwic2xpZGVzaG93IjoiYmM1YTBmYyJ9\">\n\t\t\t\t\t<div class=\"e-gallery-image elementor-gallery-item__image\" data-thumbnail=\"https:\/\/fmc.ch\/wp-content\/uploads\/2019\/08\/Symposium-2019_Bern_3_Sambuchli.com_-600x400.jpg\" data-width=\"600\" data-height=\"400\" aria-label=\"\" role=\"img\" ><\/div>\n\t\t\t\t\t\t\t\t\t\t\t<div class=\"elementor-gallery-item__overlay\"><\/div>\n\t\t\t\t\t\t\t\t\t\t\t\t\t\t<\/a>\n\t\t\t\t\t\t\t<a class=\"e-gallery-item elementor-gallery-item elementor-animated-content\" href=\"https:\/\/fmc.ch\/wp-content\/uploads\/2019\/08\/Symposium-2019_Bern_166_Sambuchli.com_-scaled.jpg\" data-elementor-open-lightbox=\"yes\" data-elementor-lightbox-slideshow=\"bc5a0fc\" data-elementor-lightbox-title=\"\u00c4rztenetze und Integrierte Versorgung:Was koordinieren? Wie kooperieren?\" data-e-action-hash=\"#elementor-action%3Aaction%3Dlightbox%26settings%3DeyJpZCI6Mjc0MCwidXJsIjoiaHR0cHM6XC9cL2ZtYy5jaFwvd3AtY29udGVudFwvdXBsb2Fkc1wvMjAxOVwvMDhcL1N5bXBvc2l1bS0yMDE5X0Jlcm5fMTY2X1NhbWJ1Y2hsaS5jb21fLXNjYWxlZC5qcGciLCJzbGlkZXNob3ciOiJiYzVhMGZjIn0%3D\">\n\t\t\t\t\t<div class=\"e-gallery-image elementor-gallery-item__image\" data-thumbnail=\"https:\/\/fmc.ch\/wp-content\/uploads\/2019\/08\/Symposium-2019_Bern_166_Sambuchli.com_-600x400.jpg\" data-width=\"600\" data-height=\"400\" aria-label=\"\" role=\"img\" ><\/div>\n\t\t\t\t\t\t\t\t\t\t\t<div class=\"elementor-gallery-item__overlay\"><\/div>\n\t\t\t\t\t\t\t\t\t\t\t\t\t\t<\/a>\n\t\t\t\t\t\t\t<a class=\"e-gallery-item elementor-gallery-item elementor-animated-content\" href=\"https:\/\/fmc.ch\/wp-content\/uploads\/2019\/08\/Symposium-2019_Bern_170_Sambuchli.com_-scaled.jpg\" data-elementor-open-lightbox=\"yes\" data-elementor-lightbox-slideshow=\"bc5a0fc\" data-elementor-lightbox-title=\"\u00c4rztenetze und Integrierte Versorgung:Was koordinieren? Wie kooperieren?\" data-e-action-hash=\"#elementor-action%3Aaction%3Dlightbox%26settings%3DeyJpZCI6Mjc0MSwidXJsIjoiaHR0cHM6XC9cL2ZtYy5jaFwvd3AtY29udGVudFwvdXBsb2Fkc1wvMjAxOVwvMDhcL1N5bXBvc2l1bS0yMDE5X0Jlcm5fMTcwX1NhbWJ1Y2hsaS5jb21fLXNjYWxlZC5qcGciLCJzbGlkZXNob3ciOiJiYzVhMGZjIn0%3D\">\n\t\t\t\t\t<div class=\"e-gallery-image elementor-gallery-item__image\" data-thumbnail=\"https:\/\/fmc.ch\/wp-content\/uploads\/2019\/08\/Symposium-2019_Bern_170_Sambuchli.com_-600x400.jpg\" data-width=\"600\" data-height=\"400\" aria-label=\"\" role=\"img\" ><\/div>\n\t\t\t\t\t\t\t\t\t\t\t<div class=\"elementor-gallery-item__overlay\"><\/div>\n\t\t\t\t\t\t\t\t\t\t\t\t\t\t<\/a>\n\t\t\t\t\t\t\t<a class=\"e-gallery-item elementor-gallery-item elementor-animated-content\" href=\"https:\/\/fmc.ch\/wp-content\/uploads\/2023\/12\/fmc-Symposium-2019_Bern_24_Sambuchli.com_-scaled.jpg\" data-elementor-open-lightbox=\"yes\" data-elementor-lightbox-slideshow=\"bc5a0fc\" data-elementor-lightbox-title=\"\u00c4rztenetze und Integrierte Versorgung:Was koordinieren? Wie kooperieren?\" data-e-action-hash=\"#elementor-action%3Aaction%3Dlightbox%26settings%3DeyJpZCI6NTg5MCwidXJsIjoiaHR0cHM6XC9cL2ZtYy5jaFwvd3AtY29udGVudFwvdXBsb2Fkc1wvMjAyM1wvMTJcL2ZtYy1TeW1wb3NpdW0tMjAxOV9CZXJuXzI0X1NhbWJ1Y2hsaS5jb21fLXNjYWxlZC5qcGciLCJzbGlkZXNob3ciOiJiYzVhMGZjIn0%3D\">\n\t\t\t\t\t<div class=\"e-gallery-image elementor-gallery-item__image\" data-thumbnail=\"https:\/\/fmc.ch\/wp-content\/uploads\/2023\/12\/fmc-Symposium-2019_Bern_24_Sambuchli.com_-600x400.jpg\" data-width=\"600\" data-height=\"400\" aria-label=\"\" role=\"img\" ><\/div>\n\t\t\t\t\t\t\t\t\t\t\t<div class=\"elementor-gallery-item__overlay\"><\/div>\n\t\t\t\t\t\t\t\t\t\t\t\t\t\t<\/a>\n\t\t\t\t\t\t\t<a class=\"e-gallery-item elementor-gallery-item elementor-animated-content\" href=\"https:\/\/fmc.ch\/wp-content\/uploads\/2023\/12\/fmc-Symposium-2019_Bern_49_Sambuchli.com_-scaled.jpg\" data-elementor-open-lightbox=\"yes\" data-elementor-lightbox-slideshow=\"bc5a0fc\" data-elementor-lightbox-title=\"\u00c4rztenetze und Integrierte Versorgung:Was koordinieren? Wie kooperieren?\" data-e-action-hash=\"#elementor-action%3Aaction%3Dlightbox%26settings%3DeyJpZCI6NTg5MSwidXJsIjoiaHR0cHM6XC9cL2ZtYy5jaFwvd3AtY29udGVudFwvdXBsb2Fkc1wvMjAyM1wvMTJcL2ZtYy1TeW1wb3NpdW0tMjAxOV9CZXJuXzQ5X1NhbWJ1Y2hsaS5jb21fLXNjYWxlZC5qcGciLCJzbGlkZXNob3ciOiJiYzVhMGZjIn0%3D\">\n\t\t\t\t\t<div class=\"e-gallery-image elementor-gallery-item__image\" data-thumbnail=\"https:\/\/fmc.ch\/wp-content\/uploads\/2023\/12\/fmc-Symposium-2019_Bern_49_Sambuchli.com_-600x400.jpg\" data-width=\"600\" data-height=\"400\" aria-label=\"\" role=\"img\" ><\/div>\n\t\t\t\t\t\t\t\t\t\t\t<div class=\"elementor-gallery-item__overlay\"><\/div>\n\t\t\t\t\t\t\t\t\t\t\t\t\t\t<\/a>\n\t\t\t\t\t\t\t<a class=\"e-gallery-item elementor-gallery-item elementor-animated-content\" href=\"https:\/\/fmc.ch\/wp-content\/uploads\/2023\/12\/fmc-Symposium-2019_Bern_59_Sambuchli.com_-scaled.jpg\" data-elementor-open-lightbox=\"yes\" data-elementor-lightbox-slideshow=\"bc5a0fc\" data-elementor-lightbox-title=\"\u00c4rztenetze und Integrierte Versorgung:Was koordinieren? Wie kooperieren?\" data-e-action-hash=\"#elementor-action%3Aaction%3Dlightbox%26settings%3DeyJpZCI6NTg5MiwidXJsIjoiaHR0cHM6XC9cL2ZtYy5jaFwvd3AtY29udGVudFwvdXBsb2Fkc1wvMjAyM1wvMTJcL2ZtYy1TeW1wb3NpdW0tMjAxOV9CZXJuXzU5X1NhbWJ1Y2hsaS5jb21fLXNjYWxlZC5qcGciLCJzbGlkZXNob3ciOiJiYzVhMGZjIn0%3D\">\n\t\t\t\t\t<div class=\"e-gallery-image elementor-gallery-item__image\" data-thumbnail=\"https:\/\/fmc.ch\/wp-content\/uploads\/2023\/12\/fmc-Symposium-2019_Bern_59_Sambuchli.com_-600x400.jpg\" data-width=\"600\" data-height=\"400\" aria-label=\"\" role=\"img\" ><\/div>\n\t\t\t\t\t\t\t\t\t\t\t<div class=\"elementor-gallery-item__overlay\"><\/div>\n\t\t\t\t\t\t\t\t\t\t\t\t\t\t<\/a>\n\t\t\t\t\t\t\t<a class=\"e-gallery-item elementor-gallery-item elementor-animated-content\" href=\"https:\/\/fmc.ch\/wp-content\/uploads\/2023\/12\/fmc-Symposium-2019_Bern_64_Sambuchli.com_-scaled.jpg\" data-elementor-open-lightbox=\"yes\" data-elementor-lightbox-slideshow=\"bc5a0fc\" data-elementor-lightbox-title=\"\u00c4rztenetze und Integrierte Versorgung:Was koordinieren? Wie kooperieren?\" data-e-action-hash=\"#elementor-action%3Aaction%3Dlightbox%26settings%3DeyJpZCI6NTg5MywidXJsIjoiaHR0cHM6XC9cL2ZtYy5jaFwvd3AtY29udGVudFwvdXBsb2Fkc1wvMjAyM1wvMTJcL2ZtYy1TeW1wb3NpdW0tMjAxOV9CZXJuXzY0X1NhbWJ1Y2hsaS5jb21fLXNjYWxlZC5qcGciLCJzbGlkZXNob3ciOiJiYzVhMGZjIn0%3D\">\n\t\t\t\t\t<div class=\"e-gallery-image elementor-gallery-item__image\" data-thumbnail=\"https:\/\/fmc.ch\/wp-content\/uploads\/2023\/12\/fmc-Symposium-2019_Bern_64_Sambuchli.com_-600x400.jpg\" data-width=\"600\" data-height=\"400\" aria-label=\"\" role=\"img\" ><\/div>\n\t\t\t\t\t\t\t\t\t\t\t<div class=\"elementor-gallery-item__overlay\"><\/div>\n\t\t\t\t\t\t\t\t\t\t\t\t\t\t<\/a>\n\t\t\t\t\t\t\t<a class=\"e-gallery-item elementor-gallery-item elementor-animated-content\" href=\"https:\/\/fmc.ch\/wp-content\/uploads\/2023\/12\/fmc-Symposium-2019_Bern_65_Sambuchli.com_-scaled.jpg\" data-elementor-open-lightbox=\"yes\" data-elementor-lightbox-slideshow=\"bc5a0fc\" data-elementor-lightbox-title=\"\u00c4rztenetze und Integrierte Versorgung:Was koordinieren? Wie kooperieren?\" data-e-action-hash=\"#elementor-action%3Aaction%3Dlightbox%26settings%3DeyJpZCI6NTg5NCwidXJsIjoiaHR0cHM6XC9cL2ZtYy5jaFwvd3AtY29udGVudFwvdXBsb2Fkc1wvMjAyM1wvMTJcL2ZtYy1TeW1wb3NpdW0tMjAxOV9CZXJuXzY1X1NhbWJ1Y2hsaS5jb21fLXNjYWxlZC5qcGciLCJzbGlkZXNob3ciOiJiYzVhMGZjIn0%3D\">\n\t\t\t\t\t<div class=\"e-gallery-image elementor-gallery-item__image\" data-thumbnail=\"https:\/\/fmc.ch\/wp-content\/uploads\/2023\/12\/fmc-Symposium-2019_Bern_65_Sambuchli.com_-600x400.jpg\" data-width=\"600\" data-height=\"400\" aria-label=\"\" role=\"img\" ><\/div>\n\t\t\t\t\t\t\t\t\t\t\t<div class=\"elementor-gallery-item__overlay\"><\/div>\n\t\t\t\t\t\t\t\t\t\t\t\t\t\t<\/a>\n\t\t\t\t\t\t\t<a class=\"e-gallery-item elementor-gallery-item elementor-animated-content\" href=\"https:\/\/fmc.ch\/wp-content\/uploads\/2023\/12\/fmc-Symposium-2019_Bern_108_Sambuchli.com_-scaled.jpg\" data-elementor-open-lightbox=\"yes\" data-elementor-lightbox-slideshow=\"bc5a0fc\" data-elementor-lightbox-title=\"\u00c4rztenetze und Integrierte Versorgung:Was koordinieren? Wie kooperieren?\" data-e-action-hash=\"#elementor-action%3Aaction%3Dlightbox%26settings%3DeyJpZCI6NTg5NSwidXJsIjoiaHR0cHM6XC9cL2ZtYy5jaFwvd3AtY29udGVudFwvdXBsb2Fkc1wvMjAyM1wvMTJcL2ZtYy1TeW1wb3NpdW0tMjAxOV9CZXJuXzEwOF9TYW1idWNobGkuY29tXy1zY2FsZWQuanBnIiwic2xpZGVzaG93IjoiYmM1YTBmYyJ9\">\n\t\t\t\t\t<div class=\"e-gallery-image elementor-gallery-item__image\" data-thumbnail=\"https:\/\/fmc.ch\/wp-content\/uploads\/2023\/12\/fmc-Symposium-2019_Bern_108_Sambuchli.com_-600x400.jpg\" data-width=\"600\" data-height=\"400\" aria-label=\"\" role=\"img\" ><\/div>\n\t\t\t\t\t\t\t\t\t\t\t<div class=\"elementor-gallery-item__overlay\"><\/div>\n\t\t\t\t\t\t\t\t\t\t\t\t\t\t<\/a>\n\t\t\t\t\t\t\t<a class=\"e-gallery-item elementor-gallery-item elementor-animated-content\" href=\"https:\/\/fmc.ch\/wp-content\/uploads\/2023\/12\/fmc-Symposium-2019_Bern_139_Sambuchli.com_-scaled.jpg\" data-elementor-open-lightbox=\"yes\" data-elementor-lightbox-slideshow=\"bc5a0fc\" data-elementor-lightbox-title=\"\u00c4rztenetze und Integrierte Versorgung:Was koordinieren? Wie kooperieren?\" data-e-action-hash=\"#elementor-action%3Aaction%3Dlightbox%26settings%3DeyJpZCI6NTg5NiwidXJsIjoiaHR0cHM6XC9cL2ZtYy5jaFwvd3AtY29udGVudFwvdXBsb2Fkc1wvMjAyM1wvMTJcL2ZtYy1TeW1wb3NpdW0tMjAxOV9CZXJuXzEzOV9TYW1idWNobGkuY29tXy1zY2FsZWQuanBnIiwic2xpZGVzaG93IjoiYmM1YTBmYyJ9\">\n\t\t\t\t\t<div class=\"e-gallery-image elementor-gallery-item__image\" data-thumbnail=\"https:\/\/fmc.ch\/wp-content\/uploads\/2023\/12\/fmc-Symposium-2019_Bern_139_Sambuchli.com_-600x400.jpg\" data-width=\"600\" data-height=\"400\" aria-label=\"\" role=\"img\" ><\/div>\n\t\t\t\t\t\t\t\t\t\t\t<div class=\"elementor-gallery-item__overlay\"><\/div>\n\t\t\t\t\t\t\t\t\t\t\t\t\t\t<\/a>\n\t\t\t\t\t\t\t<a class=\"e-gallery-item elementor-gallery-item elementor-animated-content\" href=\"https:\/\/fmc.ch\/wp-content\/uploads\/2023\/12\/fmc-Symposium-2019_Bern_149_Sambuchli.com_-scaled.jpg\" data-elementor-open-lightbox=\"yes\" data-elementor-lightbox-slideshow=\"bc5a0fc\" data-elementor-lightbox-title=\"\u00c4rztenetze und Integrierte Versorgung:Was koordinieren? Wie kooperieren?\" data-e-action-hash=\"#elementor-action%3Aaction%3Dlightbox%26settings%3DeyJpZCI6NTg5NywidXJsIjoiaHR0cHM6XC9cL2ZtYy5jaFwvd3AtY29udGVudFwvdXBsb2Fkc1wvMjAyM1wvMTJcL2ZtYy1TeW1wb3NpdW0tMjAxOV9CZXJuXzE0OV9TYW1idWNobGkuY29tXy1zY2FsZWQuanBnIiwic2xpZGVzaG93IjoiYmM1YTBmYyJ9\">\n\t\t\t\t\t<div class=\"e-gallery-image elementor-gallery-item__image\" data-thumbnail=\"https:\/\/fmc.ch\/wp-content\/uploads\/2023\/12\/fmc-Symposium-2019_Bern_149_Sambuchli.com_-600x400.jpg\" data-width=\"600\" data-height=\"400\" aria-label=\"\" role=\"img\" ><\/div>\n\t\t\t\t\t\t\t\t\t\t\t<div class=\"elementor-gallery-item__overlay\"><\/div>\n\t\t\t\t\t\t\t\t\t\t\t\t\t\t<\/a>\n\t\t\t\t\t\t\t<a class=\"e-gallery-item elementor-gallery-item elementor-animated-content\" href=\"https:\/\/fmc.ch\/wp-content\/uploads\/2023\/12\/fmc-Symposium-2019_Bern_180_Sambuchli.com_-scaled.jpg\" data-elementor-open-lightbox=\"yes\" data-elementor-lightbox-slideshow=\"bc5a0fc\" data-elementor-lightbox-title=\"\u00c4rztenetze und Integrierte Versorgung:Was koordinieren? Wie kooperieren?\" data-e-action-hash=\"#elementor-action%3Aaction%3Dlightbox%26settings%3DeyJpZCI6NTg5OCwidXJsIjoiaHR0cHM6XC9cL2ZtYy5jaFwvd3AtY29udGVudFwvdXBsb2Fkc1wvMjAyM1wvMTJcL2ZtYy1TeW1wb3NpdW0tMjAxOV9CZXJuXzE4MF9TYW1idWNobGkuY29tXy1zY2FsZWQuanBnIiwic2xpZGVzaG93IjoiYmM1YTBmYyJ9\">\n\t\t\t\t\t<div class=\"e-gallery-image elementor-gallery-item__image\" data-thumbnail=\"https:\/\/fmc.ch\/wp-content\/uploads\/2023\/12\/fmc-Symposium-2019_Bern_180_Sambuchli.com_-600x400.jpg\" data-width=\"600\" data-height=\"400\" aria-label=\"\" role=\"img\" ><\/div>\n\t\t\t\t\t\t\t\t\t\t\t<div class=\"elementor-gallery-item__overlay\"><\/div>\n\t\t\t\t\t\t\t\t\t\t\t\t\t\t<\/a>\n\t\t\t\t\t\t\t<a class=\"e-gallery-item elementor-gallery-item elementor-animated-content\" href=\"https:\/\/fmc.ch\/wp-content\/uploads\/2023\/12\/fmc-Symposium-2019_Bern_195_Sambuchli.com_-scaled.jpg\" data-elementor-open-lightbox=\"yes\" data-elementor-lightbox-slideshow=\"bc5a0fc\" data-elementor-lightbox-title=\"\u00c4rztenetze und Integrierte Versorgung:Was koordinieren? Wie kooperieren?\" data-e-action-hash=\"#elementor-action%3Aaction%3Dlightbox%26settings%3DeyJpZCI6NTg5OSwidXJsIjoiaHR0cHM6XC9cL2ZtYy5jaFwvd3AtY29udGVudFwvdXBsb2Fkc1wvMjAyM1wvMTJcL2ZtYy1TeW1wb3NpdW0tMjAxOV9CZXJuXzE5NV9TYW1idWNobGkuY29tXy1zY2FsZWQuanBnIiwic2xpZGVzaG93IjoiYmM1YTBmYyJ9\">\n\t\t\t\t\t<div class=\"e-gallery-image elementor-gallery-item__image\" data-thumbnail=\"https:\/\/fmc.ch\/wp-content\/uploads\/2023\/12\/fmc-Symposium-2019_Bern_195_Sambuchli.com_-600x400.jpg\" data-width=\"600\" data-height=\"400\" aria-label=\"\" role=\"img\" ><\/div>\n\t\t\t\t\t\t\t\t\t\t\t<div class=\"elementor-gallery-item__overlay\"><\/div>\n\t\t\t\t\t\t\t\t\t\t\t\t\t\t<\/a>\n\t\t\t\t\t<\/div>\n\t\t\t\t\t<\/div>\n\t\t\t\t<\/div>\n\t\t\t\t\t<\/div>\n\t\t<\/div>\n\t\t\t\t\t<\/div>\n\t\t<\/section>\n\t\t\t\t<section data-dce-background-color=\"#F1F1F1\" class=\"elementor-section elementor-top-section elementor-element elementor-element-8d700f2 elementor-section-stretched elementor-section-boxed elementor-section-height-default elementor-section-height-default\" data-id=\"8d700f2\" data-element_type=\"section\" data-e-type=\"section\" data-settings=\"{&quot;stretch_section&quot;:&quot;section-stretched&quot;,&quot;background_background&quot;:&quot;classic&quot;}\">\n\t\t\t\t\t\t<div class=\"elementor-container elementor-column-gap-default\">\n\t\t\t\t\t<div class=\"elementor-column elementor-col-100 elementor-top-column elementor-element elementor-element-91a46f7\" data-id=\"91a46f7\" data-element_type=\"column\" data-e-type=\"column\">\n\t\t\t<div class=\"elementor-widget-wrap elementor-element-populated\">\n\t\t\t\t\t\t<div class=\"elementor-element elementor-element-6d4b45f elementor-invisible elementor-widget elementor-widget-heading\" data-id=\"6d4b45f\" data-element_type=\"widget\" data-e-type=\"widget\" data-settings=\"{&quot;_animation&quot;:&quot;fadeInUp&quot;}\" data-widget_type=\"heading.default\">\n\t\t\t\t<div class=\"elementor-widget-container\">\n\t\t\t\t\t<h3 class=\"elementor-heading-title elementor-size-default\">assur\u00e9s dans des mod\u00e8les contractuels : La croissance se poursuit<\/h3>\t\t\t\t<\/div>\n\t\t\t\t<\/div>\n\t\t\t\t<div class=\"elementor-element elementor-element-fd6ece4 elementor-widget elementor-widget-text-editor\" data-id=\"fd6ece4\" data-element_type=\"widget\" data-e-type=\"widget\" data-widget_type=\"text-editor.default\">\n\t\t\t\t<div class=\"elementor-widget-container\">\n\t\t\t\t\t\t\t\t\t<p>Ce printemps, le fmc a recueilli les chiffres actuels : 27,5% des assur\u00e9s sont suivis dans un r\u00e9seau de m\u00e9decins ou un groupe de cabinets qui ont un contrat sp\u00e9cial avec des assureurs (en 2015, ils \u00e9taient 24,3%).<\/p>\t\t\t\t\t\t\t\t<\/div>\n\t\t\t\t<\/div>\n\t\t\t\t<div class=\"elementor-element elementor-element-db6513f elementor-widget elementor-widget-button\" data-id=\"db6513f\" data-element_type=\"widget\" data-e-type=\"widget\" data-widget_type=\"button.default\">\n\t\t\t\t<div class=\"elementor-widget-container\">\n\t\t\t\t\t\t\t\t\t<div class=\"elementor-button-wrapper\">\n\t\t\t\t\t<a class=\"elementor-button elementor-button-link elementor-size-sm\" href=\"\/wp-content\/uploads\/2023\/11\/Symposium-2019-Erhebung-Versichertenanteile-2018.pdf\">\n\t\t\t\t\t\t<span class=\"elementor-button-content-wrapper\">\n\t\t\t\t\t\t\t\t\t<span class=\"elementor-button-text\">Enqu\u00eate sur les parts des assur\u00e9s 2018<\/span>\n\t\t\t\t\t<\/span>\n\t\t\t\t\t<\/a>\n\t\t\t\t<\/div>\n\t\t\t\t\t\t\t\t<\/div>\n\t\t\t\t<\/div>\n\t\t\t\t\t<\/div>\n\t\t<\/div>\n\t\t\t\t\t<\/div>\n\t\t<\/section>\n\t\t\t\t<section class=\"elementor-section elementor-top-section elementor-element elementor-element-0892f83 elementor-section-boxed elementor-section-height-default elementor-section-height-default\" data-id=\"0892f83\" data-element_type=\"section\" data-e-type=\"section\">\n\t\t\t\t\t\t<div class=\"elementor-container elementor-column-gap-default\">\n\t\t\t\t\t<div class=\"elementor-column elementor-col-100 elementor-top-column elementor-element elementor-element-8f88cb8\" data-id=\"8f88cb8\" data-element_type=\"column\" data-e-type=\"column\">\n\t\t\t<div class=\"elementor-widget-wrap elementor-element-populated\">\n\t\t\t\t\t\t<div class=\"elementor-element elementor-element-86b1f20 elementor-invisible elementor-widget elementor-widget-heading\" data-id=\"86b1f20\" data-element_type=\"widget\" data-e-type=\"widget\" data-settings=\"{&quot;_animation&quot;:&quot;fadeInUp&quot;}\" data-widget_type=\"heading.default\">\n\t\t\t\t<div class=\"elementor-widget-container\">\n\t\t\t\t\t<h3 class=\"elementor-heading-title elementor-size-default\">Table ronde : Soins primaires en r\u00e9seau - sc\u00e9narios de tendance 2028<\/h3>\t\t\t\t<\/div>\n\t\t\t\t<\/div>\n\t\t\t\t<div class=\"elementor-element elementor-element-566d5e61 elementor-invisible elementor-widget elementor-widget-text-editor\" data-id=\"566d5e61\" data-element_type=\"widget\" data-e-type=\"widget\" data-settings=\"{&quot;_animation&quot;:&quot;fadeInUp&quot;}\" data-widget_type=\"text-editor.default\">\n\t\t\t\t<div class=\"elementor-widget-container\">\n\t\t\t\t\t\t\t\t\t<p>Pour servir de base aux discussions, le fmc, soutenu par un groupe de travail et le comit\u00e9 consultatif strat\u00e9gique, a formul\u00e9 quatre sc\u00e9narios et les conditions-cadres y aff\u00e9rentes.<\/p>\t\t\t\t\t\t\t\t<\/div>\n\t\t\t\t<\/div>\n\t\t\t\t<div class=\"elementor-element elementor-element-4ae915a elementor-widget elementor-widget-button\" data-id=\"4ae915a\" data-element_type=\"widget\" data-e-type=\"widget\" data-widget_type=\"button.default\">\n\t\t\t\t<div class=\"elementor-widget-container\">\n\t\t\t\t\t\t\t\t\t<div class=\"elementor-button-wrapper\">\n\t\t\t\t\t<a class=\"elementor-button elementor-button-link elementor-size-sm\" href=\"\/wp-content\/uploads\/2023\/11\/Symposium-2019-Trendszenarien_2028.pdf\">\n\t\t\t\t\t\t<span class=\"elementor-button-content-wrapper\">\n\t\t\t\t\t\t\t\t\t<span class=\"elementor-button-text\">Sc\u00e9narios de tendance<\/span>\n\t\t\t\t\t<\/span>\n\t\t\t\t\t<\/a>\n\t\t\t\t<\/div>\n\t\t\t\t\t\t\t\t<\/div>\n\t\t\t\t<\/div>\n\t\t\t\t\t<\/div>\n\t\t<\/div>\n\t\t\t\t\t<\/div>\n\t\t<\/section>\n\t\t\t\t<section data-dce-background-color=\"#F1F1F1\" class=\"elementor-section elementor-top-section elementor-element elementor-element-a5cd0ab elementor-section-stretched elementor-section-boxed elementor-section-height-default elementor-section-height-default\" data-id=\"a5cd0ab\" data-element_type=\"section\" data-e-type=\"section\" data-settings=\"{&quot;stretch_section&quot;:&quot;section-stretched&quot;,&quot;background_background&quot;:&quot;classic&quot;}\">\n\t\t\t\t\t\t<div class=\"elementor-container elementor-column-gap-default\">\n\t\t\t\t\t<div class=\"elementor-column elementor-col-100 elementor-top-column elementor-element elementor-element-f4bbd6b\" data-id=\"f4bbd6b\" data-element_type=\"column\" data-e-type=\"column\">\n\t\t\t<div class=\"elementor-widget-wrap elementor-element-populated\">\n\t\t\t\t\t\t<section class=\"elementor-section elementor-inner-section elementor-element elementor-element-be6d76f elementor-section-boxed elementor-section-height-default elementor-section-height-default\" data-id=\"be6d76f\" data-element_type=\"section\" data-e-type=\"section\">\n\t\t\t\t\t\t<div class=\"elementor-container elementor-column-gap-default\">\n\t\t\t\t\t<div class=\"elementor-column elementor-col-50 elementor-inner-column elementor-element elementor-element-18d28c4\" data-id=\"18d28c4\" data-element_type=\"column\" data-e-type=\"column\">\n\t\t\t<div class=\"elementor-widget-wrap elementor-element-populated\">\n\t\t\t\t\t\t<div class=\"elementor-element elementor-element-16af5b0 elementor-invisible elementor-widget elementor-widget-text-editor\" data-id=\"16af5b0\" data-element_type=\"widget\" data-e-type=\"widget\" data-settings=\"{&quot;_animation&quot;:&quot;fadeIn&quot;}\" data-widget_type=\"text-editor.default\">\n\t\t\t\t<div class=\"elementor-widget-container\">\n\t\t\t\t\t\t\t\t\t<p><strong>Point final : le point de vue des personnes concern\u00e9es<\/strong><\/p><ul><li>Vanessa Grand, chanteuse et personne concern\u00e9e<\/li><li>Cristina Galfetti, psychosociologue, coach et personne concern\u00e9e<\/li><li>Susanne Hochuli, pr\u00e9sidente de l'OSP<\/li><\/ul>\t\t\t\t\t\t\t\t<\/div>\n\t\t\t\t<\/div>\n\t\t\t\t<div class=\"elementor-element elementor-element-cdeec86 elementor-widget elementor-widget-button\" data-id=\"cdeec86\" data-element_type=\"widget\" data-e-type=\"widget\" data-widget_type=\"button.default\">\n\t\t\t\t<div class=\"elementor-widget-container\">\n\t\t\t\t\t\t\t\t\t<div class=\"elementor-button-wrapper\">\n\t\t\t\t\t<a class=\"elementor-button elementor-button-link elementor-size-sm\" href=\"\/wp-content\/uploads\/2023\/11\/Symposium-2019-Schlusspunkt-2019_Sicht-der-betroffenen-Menschen.pdf\">\n\t\t\t\t\t\t<span class=\"elementor-button-content-wrapper\">\n\t\t\t\t\t\t\t\t\t<span class=\"elementor-button-text\">Quintessence<\/span>\n\t\t\t\t\t<\/span>\n\t\t\t\t\t<\/a>\n\t\t\t\t<\/div>\n\t\t\t\t\t\t\t\t<\/div>\n\t\t\t\t<\/div>\n\t\t\t\t\t<\/div>\n\t\t<\/div>\n\t\t\t\t<div class=\"elementor-column elementor-col-50 elementor-inner-column elementor-element elementor-element-2c49747\" data-id=\"2c49747\" data-element_type=\"column\" data-e-type=\"column\">\n\t\t\t<div class=\"elementor-widget-wrap elementor-element-populated\">\n\t\t\t\t\t\t<div class=\"elementor-element elementor-element-7367841 elementor-widget elementor-widget-image\" data-id=\"7367841\" data-element_type=\"widget\" data-e-type=\"widget\" data-widget_type=\"image.default\">\n\t\t\t\t<div class=\"elementor-widget-container\">\n\t\t\t\t\t\t\t\t\t\t\t\t\t\t\t<img fetchpriority=\"high\" decoding=\"async\" width=\"800\" height=\"640\" src=\"https:\/\/fmc.ch\/wp-content\/uploads\/2019\/08\/Bild-Symposium-20219-Abschlussdiskussion-2000x1600.jpg\" class=\"attachment-large size-large wp-image-2721\" alt=\"\" srcset=\"https:\/\/fmc.ch\/wp-content\/uploads\/2019\/08\/Bild-Symposium-20219-Abschlussdiskussion-2000x1600.jpg 2000w, https:\/\/fmc.ch\/wp-content\/uploads\/2019\/08\/Bild-Symposium-20219-Abschlussdiskussion-600x480.jpg 600w, https:\/\/fmc.ch\/wp-content\/uploads\/2019\/08\/Bild-Symposium-20219-Abschlussdiskussion-768x614.jpg 768w, https:\/\/fmc.ch\/wp-content\/uploads\/2019\/08\/Bild-Symposium-20219-Abschlussdiskussion-1536x1229.jpg 1536w, https:\/\/fmc.ch\/wp-content\/uploads\/2019\/08\/Bild-Symposium-20219-Abschlussdiskussion-2048x1639.jpg 2048w\" sizes=\"(max-width: 800px) 100vw, 800px\" \/>\t\t\t\t\t\t\t\t\t\t\t\t\t\t\t<\/div>\n\t\t\t\t<\/div>\n\t\t\t\t\t<\/div>\n\t\t<\/div>\n\t\t\t\t\t<\/div>\n\t\t<\/section>\n\t\t\t\t\t<\/div>\n\t\t<\/div>\n\t\t\t\t\t<\/div>\n\t\t<\/section>\n\t\t\t\t<section class=\"elementor-section elementor-top-section elementor-element elementor-element-e6eb4d8 elementor-section-boxed elementor-section-height-default elementor-section-height-default\" data-id=\"e6eb4d8\" data-element_type=\"section\" data-e-type=\"section\">\n\t\t\t\t\t\t<div class=\"elementor-container elementor-column-gap-default\">\n\t\t\t\t\t<div class=\"elementor-column elementor-col-33 elementor-top-column elementor-element elementor-element-6d5471c\" data-id=\"6d5471c\" data-element_type=\"column\" data-e-type=\"column\">\n\t\t\t<div class=\"elementor-widget-wrap elementor-element-populated\">\n\t\t\t\t\t\t<div class=\"elementor-element elementor-element-daefebf elementor-widget elementor-widget-video\" data-id=\"daefebf\" data-element_type=\"widget\" data-e-type=\"widget\" data-settings=\"{&quot;youtube_url&quot;:&quot;https:\\\/\\\/www.youtube.com\\\/watch?v=Sq4nC8TbMps&quot;,&quot;video_type&quot;:&quot;youtube&quot;,&quot;controls&quot;:&quot;yes&quot;}\" data-widget_type=\"video.default\">\n\t\t\t\t<div class=\"elementor-widget-container\">\n\t\t\t\t\t\t\t<div class=\"elementor-wrapper elementor-open-inline\">\n\t\t\t<div class=\"elementor-video\"><\/div>\t\t<\/div>\n\t\t\t\t\t\t<\/div>\n\t\t\t\t<\/div>\n\t\t\t\t\t<\/div>\n\t\t<\/div>\n\t\t\t\t<div class=\"elementor-column elementor-col-33 elementor-top-column elementor-element elementor-element-9023b91\" data-id=\"9023b91\" data-element_type=\"column\" data-e-type=\"column\">\n\t\t\t<div class=\"elementor-widget-wrap elementor-element-populated\">\n\t\t\t\t\t\t<div class=\"elementor-element elementor-element-adf0627 elementor-widget elementor-widget-video\" data-id=\"adf0627\" data-element_type=\"widget\" data-e-type=\"widget\" data-settings=\"{&quot;youtube_url&quot;:&quot;https:\\\/\\\/www.youtube.com\\\/watch?v=b80Akkdlx3o&quot;,&quot;video_type&quot;:&quot;youtube&quot;,&quot;controls&quot;:&quot;yes&quot;}\" data-widget_type=\"video.default\">\n\t\t\t\t<div class=\"elementor-widget-container\">\n\t\t\t\t\t\t\t<div class=\"elementor-wrapper elementor-open-inline\">\n\t\t\t<div class=\"elementor-video\"><\/div>\t\t<\/div>\n\t\t\t\t\t\t<\/div>\n\t\t\t\t<\/div>\n\t\t\t\t\t<\/div>\n\t\t<\/div>\n\t\t\t\t<div class=\"elementor-column elementor-col-33 elementor-top-column elementor-element elementor-element-140570f\" data-id=\"140570f\" data-element_type=\"column\" data-e-type=\"column\">\n\t\t\t<div class=\"elementor-widget-wrap elementor-element-populated\">\n\t\t\t\t\t\t<div class=\"elementor-element elementor-element-c25f77a elementor-widget elementor-widget-video\" data-id=\"c25f77a\" data-element_type=\"widget\" data-e-type=\"widget\" data-settings=\"{&quot;youtube_url&quot;:&quot;https:\\\/\\\/www.youtube.com\\\/watch?v=9V9j3sHmy-s&quot;,&quot;video_type&quot;:&quot;youtube&quot;,&quot;controls&quot;:&quot;yes&quot;}\" data-widget_type=\"video.default\">\n\t\t\t\t<div class=\"elementor-widget-container\">\n\t\t\t\t\t\t\t<div class=\"elementor-wrapper elementor-open-inline\">\n\t\t\t<div class=\"elementor-video\"><\/div>\t\t<\/div>\n\t\t\t\t\t\t<\/div>\n\t\t\t\t<\/div>\n\t\t\t\t\t<\/div>\n\t\t<\/div>\n\t\t\t\t\t<\/div>\n\t\t<\/section>\n\t\t\t\t<section data-dce-background-color=\"#F1F1F1\" class=\"elementor-section elementor-top-section elementor-element elementor-element-8061de6 elementor-section-stretched elementor-section-boxed elementor-section-height-default elementor-section-height-default\" data-id=\"8061de6\" data-element_type=\"section\" data-e-type=\"section\" data-settings=\"{&quot;stretch_section&quot;:&quot;section-stretched&quot;,&quot;background_background&quot;:&quot;classic&quot;}\">\n\t\t\t\t\t\t<div class=\"elementor-container elementor-column-gap-default\">\n\t\t\t\t\t<div class=\"elementor-column elementor-col-50 elementor-top-column elementor-element elementor-element-b83b114\" data-id=\"b83b114\" data-element_type=\"column\" data-e-type=\"column\">\n\t\t\t<div class=\"elementor-widget-wrap elementor-element-populated\">\n\t\t\t\t\t\t<div class=\"elementor-element elementor-element-ecc423d elementor-widget elementor-widget-video\" data-id=\"ecc423d\" data-element_type=\"widget\" data-e-type=\"widget\" data-settings=\"{&quot;youtube_url&quot;:&quot;https:\\\/\\\/www.youtube.com\\\/watch?v=V2RL_lyYhU4&quot;,&quot;video_type&quot;:&quot;youtube&quot;,&quot;controls&quot;:&quot;yes&quot;}\" data-widget_type=\"video.default\">\n\t\t\t\t<div class=\"elementor-widget-container\">\n\t\t\t\t\t\t\t<div class=\"elementor-wrapper elementor-open-inline\">\n\t\t\t<div class=\"elementor-video\"><\/div>\t\t<\/div>\n\t\t\t\t\t\t<\/div>\n\t\t\t\t<\/div>\n\t\t\t\t\t<\/div>\n\t\t<\/div>\n\t\t\t\t<div class=\"elementor-column elementor-col-50 elementor-top-column elementor-element elementor-element-3946564\" data-id=\"3946564\" data-element_type=\"column\" data-e-type=\"column\">\n\t\t\t<div class=\"elementor-widget-wrap elementor-element-populated\">\n\t\t\t\t\t\t<div class=\"elementor-element elementor-element-0823816 elementor-widget elementor-widget-video\" data-id=\"0823816\" data-element_type=\"widget\" data-e-type=\"widget\" data-settings=\"{&quot;youtube_url&quot;:&quot;https:\\\/\\\/www.youtube.com\\\/watch?v=YN4z5YqFWBE&quot;,&quot;video_type&quot;:&quot;youtube&quot;,&quot;controls&quot;:&quot;yes&quot;}\" data-widget_type=\"video.default\">\n\t\t\t\t<div class=\"elementor-widget-container\">\n\t\t\t\t\t\t\t<div class=\"elementor-wrapper elementor-open-inline\">\n\t\t\t<div class=\"elementor-video\"><\/div>\t\t<\/div>\n\t\t\t\t\t\t<\/div>\n\t\t\t\t<\/div>\n\t\t\t\t\t<\/div>\n\t\t<\/div>\n\t\t\t\t\t<\/div>\n\t\t<\/section>\n\t\t\t\t<section class=\"elementor-section elementor-top-section elementor-element elementor-element-dbdbf57 elementor-section-boxed elementor-section-height-default elementor-section-height-default elementor-invisible\" data-id=\"dbdbf57\" data-element_type=\"section\" data-e-type=\"section\" data-settings=\"{&quot;animation&quot;:&quot;fadeInUp&quot;}\">\n\t\t\t\t\t\t<div class=\"elementor-container elementor-column-gap-default\">\n\t\t\t\t\t<div class=\"elementor-column elementor-col-100 elementor-top-column elementor-element elementor-element-a367d5b\" data-id=\"a367d5b\" data-element_type=\"column\" data-e-type=\"column\">\n\t\t\t<div class=\"elementor-widget-wrap elementor-element-populated\">\n\t\t\t\t\t\t<div class=\"elementor-element elementor-element-51b20c5 elementor-invisible elementor-widget elementor-widget-heading\" data-id=\"51b20c5\" data-element_type=\"widget\" data-e-type=\"widget\" data-settings=\"{&quot;_animation&quot;:&quot;fadeInUp&quot;}\" data-widget_type=\"heading.default\">\n\t\t\t\t<div class=\"elementor-widget-container\">\n\t\t\t\t\t<h3 class=\"elementor-heading-title elementor-size-default\">Sessions parall\u00e8les<\/h3>\t\t\t\t<\/div>\n\t\t\t\t<\/div>\n\t\t\t\t\t<\/div>\n\t\t<\/div>\n\t\t\t\t\t<\/div>\n\t\t<\/section>\n\t\t\t\t<section class=\"elementor-section elementor-top-section elementor-element elementor-element-8a44e70 elementor-section-stretched elementor-section-boxed elementor-section-height-default elementor-section-height-default\" data-id=\"8a44e70\" data-element_type=\"section\" data-e-type=\"section\" data-settings=\"{&quot;stretch_section&quot;:&quot;section-stretched&quot;}\">\n\t\t\t\t\t\t<div class=\"elementor-container elementor-column-gap-default\">\n\t\t\t\t\t<div data-dce-background-image-url=\"https:\/\/fmc.ch\/wp-content\/uploads\/2023\/09\/BG-blue-scaled.jpg\" class=\"elementor-column elementor-col-100 elementor-top-column elementor-element elementor-element-df70dca\" data-id=\"df70dca\" data-element_type=\"column\" data-e-type=\"column\" data-settings=\"{&quot;background_background&quot;:&quot;classic&quot;}\">\n\t\t\t<div class=\"elementor-widget-wrap elementor-element-populated\">\n\t\t\t\t\t\t<section data-dce-background-overlay-image-url=\"https:\/\/fmc.ch\/wp-content\/uploads\/2023\/09\/BG-blue-scaled.jpg\" class=\"elementor-section elementor-inner-section elementor-element elementor-element-0c7f58b elementor-section-boxed elementor-section-height-default elementor-section-height-default\" data-id=\"0c7f58b\" data-element_type=\"section\" data-e-type=\"section\" data-settings=\"{&quot;background_background&quot;:&quot;classic&quot;}\">\n\t\t\t\t\t\t\t<div class=\"elementor-background-overlay\"><\/div>\n\t\t\t\t\t\t\t<div class=\"elementor-container elementor-column-gap-default\">\n\t\t\t\t\t<div class=\"elementor-column elementor-col-50 elementor-inner-column elementor-element elementor-element-e66a3a6\" data-id=\"e66a3a6\" data-element_type=\"column\" data-e-type=\"column\">\n\t\t\t<div class=\"elementor-widget-wrap elementor-element-populated\">\n\t\t\t\t\t\t<div class=\"elementor-element elementor-element-f5c4b43 elementor-widget elementor-widget-image\" data-id=\"f5c4b43\" data-element_type=\"widget\" data-e-type=\"widget\" data-widget_type=\"image.default\">\n\t\t\t\t<div class=\"elementor-widget-container\">\n\t\t\t\t\t\t\t\t\t\t\t\t\t\t\t<img decoding=\"async\" width=\"800\" height=\"534\" src=\"https:\/\/fmc.ch\/wp-content\/uploads\/2019\/08\/Symposium-2019-fmc_153_Sambuchli.com_-2000x1335.jpg\" class=\"attachment-large size-large wp-image-2727\" alt=\"\" srcset=\"https:\/\/fmc.ch\/wp-content\/uploads\/2019\/08\/Symposium-2019-fmc_153_Sambuchli.com_-2000x1335.jpg 2000w, https:\/\/fmc.ch\/wp-content\/uploads\/2019\/08\/Symposium-2019-fmc_153_Sambuchli.com_-600x400.jpg 600w, https:\/\/fmc.ch\/wp-content\/uploads\/2019\/08\/Symposium-2019-fmc_153_Sambuchli.com_-768x513.jpg 768w, https:\/\/fmc.ch\/wp-content\/uploads\/2019\/08\/Symposium-2019-fmc_153_Sambuchli.com_-1536x1025.jpg 1536w, https:\/\/fmc.ch\/wp-content\/uploads\/2019\/08\/Symposium-2019-fmc_153_Sambuchli.com_-2048x1367.jpg 2048w\" sizes=\"(max-width: 800px) 100vw, 800px\" \/>\t\t\t\t\t\t\t\t\t\t\t\t\t\t\t<\/div>\n\t\t\t\t<\/div>\n\t\t\t\t\t<\/div>\n\t\t<\/div>\n\t\t\t\t<div class=\"elementor-column elementor-col-50 elementor-inner-column elementor-element elementor-element-724d8ac\" data-id=\"724d8ac\" data-element_type=\"column\" data-e-type=\"column\">\n\t\t\t<div class=\"elementor-widget-wrap elementor-element-populated\">\n\t\t\t\t\t\t<div class=\"elementor-element elementor-element-64bd6bc elementor-widget elementor-widget-heading\" data-id=\"64bd6bc\" data-element_type=\"widget\" data-e-type=\"widget\" data-widget_type=\"heading.default\">\n\t\t\t\t<div class=\"elementor-widget-container\">\n\t\t\t\t\t<h4 class=\"elementor-heading-title elementor-size-default\">Soins aux patients en m\u00e9decine de famille dans le trio m\u00e9decin - coach - APN<\/h4>\t\t\t\t<\/div>\n\t\t\t\t<\/div>\n\t\t\t\t<div data-dce-text-color=\"#FFFFFF\" class=\"elementor-element elementor-element-c939c5b elementor-widget elementor-widget-text-editor\" data-id=\"c939c5b\" data-element_type=\"widget\" data-e-type=\"widget\" data-widget_type=\"text-editor.default\">\n\t\t\t\t<div class=\"elementor-widget-container\">\n\t\t\t\t\t\t\t\t\t<p class=\"p1\">Dr. med. Adrian G\u00f6ldlin, m\u00e9decin g\u00e9n\u00e9raliste ;<br \/>Dr. med. Svend Capol, m\u00e9decin g\u00e9n\u00e9raliste ; <br \/>Claudine L\u00fcscher, APN ;<br \/>Larissa K\u00fcng, coach CCM, Sanacare<\/p>\t\t\t\t\t\t\t\t<\/div>\n\t\t\t\t<\/div>\n\t\t\t\t<div class=\"elementor-element elementor-element-9ac7849 elementor-widget elementor-widget-button\" data-id=\"9ac7849\" data-element_type=\"widget\" data-e-type=\"widget\" data-widget_type=\"button.default\">\n\t\t\t\t<div class=\"elementor-widget-container\">\n\t\t\t\t\t\t\t\t\t<div class=\"elementor-button-wrapper\">\n\t\t\t\t\t<a class=\"elementor-button elementor-button-link elementor-size-sm\" href=\"\/wp-content\/uploads\/2023\/11\/Symposium-2019-Parallel-1_Hausaerztliche-Patientenversorgung_final.pdf\">\n\t\t\t\t\t\t<span class=\"elementor-button-content-wrapper\">\n\t\t\t\t\t\t\t\t\t<span class=\"elementor-button-text\">Vers la pr\u00e9sentation<\/span>\n\t\t\t\t\t<\/span>\n\t\t\t\t\t<\/a>\n\t\t\t\t<\/div>\n\t\t\t\t\t\t\t\t<\/div>\n\t\t\t\t<\/div>\n\t\t\t\t\t<\/div>\n\t\t<\/div>\n\t\t\t\t\t<\/div>\n\t\t<\/section>\n\t\t\t\t\t<\/div>\n\t\t<\/div>\n\t\t\t\t\t<\/div>\n\t\t<\/section>\n\t\t\t\t<section data-dce-background-color=\"#F1F1F1\" class=\"elementor-section elementor-top-section elementor-element elementor-element-ef123c8 elementor-section-stretched elementor-section-boxed elementor-section-height-default elementor-section-height-default\" data-id=\"ef123c8\" data-element_type=\"section\" data-e-type=\"section\" data-settings=\"{&quot;stretch_section&quot;:&quot;section-stretched&quot;,&quot;background_background&quot;:&quot;classic&quot;}\">\n\t\t\t\t\t\t<div class=\"elementor-container elementor-column-gap-default\">\n\t\t\t\t\t<div data-dce-background-image-url=\"https:\/\/fmc.ch\/wp-content\/uploads\/2023\/09\/BG-blue-scaled.jpg\" class=\"elementor-column elementor-col-100 elementor-top-column elementor-element elementor-element-2962b87\" data-id=\"2962b87\" data-element_type=\"column\" data-e-type=\"column\" data-settings=\"{&quot;background_background&quot;:&quot;classic&quot;}\">\n\t\t\t<div class=\"elementor-widget-wrap elementor-element-populated\">\n\t\t\t\t\t\t<section data-dce-background-overlay-image-url=\"https:\/\/fmc.ch\/wp-content\/uploads\/2023\/09\/BG-blue-scaled.jpg\" class=\"elementor-section elementor-inner-section elementor-element elementor-element-3e2409f elementor-section-boxed elementor-section-height-default elementor-section-height-default\" data-id=\"3e2409f\" data-element_type=\"section\" data-e-type=\"section\" data-settings=\"{&quot;background_background&quot;:&quot;classic&quot;}\">\n\t\t\t\t\t\t\t<div class=\"elementor-background-overlay\"><\/div>\n\t\t\t\t\t\t\t<div class=\"elementor-container elementor-column-gap-default\">\n\t\t\t\t\t<div class=\"elementor-column elementor-col-50 elementor-inner-column elementor-element elementor-element-8ac5e93\" data-id=\"8ac5e93\" data-element_type=\"column\" data-e-type=\"column\">\n\t\t\t<div class=\"elementor-widget-wrap elementor-element-populated\">\n\t\t\t\t\t\t<div class=\"elementor-element elementor-element-c19e1ce elementor-widget elementor-widget-image\" data-id=\"c19e1ce\" data-element_type=\"widget\" data-e-type=\"widget\" data-widget_type=\"image.default\">\n\t\t\t\t<div class=\"elementor-widget-container\">\n\t\t\t\t\t\t\t\t\t\t\t\t\t\t\t<img decoding=\"async\" width=\"800\" height=\"534\" src=\"https:\/\/fmc.ch\/wp-content\/uploads\/2019\/08\/Symposium-2019-Schaller_138_Sambuchli.com_-2000x1335.jpg\" class=\"attachment-large size-large wp-image-2729\" alt=\"\" srcset=\"https:\/\/fmc.ch\/wp-content\/uploads\/2019\/08\/Symposium-2019-Schaller_138_Sambuchli.com_-2000x1335.jpg 2000w, https:\/\/fmc.ch\/wp-content\/uploads\/2019\/08\/Symposium-2019-Schaller_138_Sambuchli.com_-600x400.jpg 600w, https:\/\/fmc.ch\/wp-content\/uploads\/2019\/08\/Symposium-2019-Schaller_138_Sambuchli.com_-768x513.jpg 768w, https:\/\/fmc.ch\/wp-content\/uploads\/2019\/08\/Symposium-2019-Schaller_138_Sambuchli.com_-1536x1025.jpg 1536w, https:\/\/fmc.ch\/wp-content\/uploads\/2019\/08\/Symposium-2019-Schaller_138_Sambuchli.com_-2048x1367.jpg 2048w\" sizes=\"(max-width: 800px) 100vw, 800px\" \/>\t\t\t\t\t\t\t\t\t\t\t\t\t\t\t<\/div>\n\t\t\t\t<\/div>\n\t\t\t\t\t<\/div>\n\t\t<\/div>\n\t\t\t\t<div class=\"elementor-column elementor-col-50 elementor-inner-column elementor-element elementor-element-990f75a\" data-id=\"990f75a\" data-element_type=\"column\" data-e-type=\"column\">\n\t\t\t<div class=\"elementor-widget-wrap elementor-element-populated\">\n\t\t\t\t\t\t<div class=\"elementor-element elementor-element-4998a02 elementor-widget elementor-widget-heading\" data-id=\"4998a02\" data-element_type=\"widget\" data-e-type=\"widget\" data-widget_type=\"heading.default\">\n\t\t\t\t<div class=\"elementor-widget-container\">\n\t\t\t\t\t<h4 class=\"elementor-heading-title elementor-size-default\">Perspectives de soins int\u00e9gr\u00e9s responsables et durables en Suisse romande<\/h4>\t\t\t\t<\/div>\n\t\t\t\t<\/div>\n\t\t\t\t<div data-dce-text-color=\"#FFFFFF\" class=\"elementor-element elementor-element-a8429ef elementor-widget elementor-widget-text-editor\" data-id=\"a8429ef\" data-element_type=\"widget\" data-e-type=\"widget\" data-widget_type=\"text-editor.default\">\n\t\t\t\t<div class=\"elementor-widget-container\">\n\t\t\t\t\t\t\t\t\t<p class=\"p1\">Dr. med. Philippe Schaller, co-fondateur du R\u00e9seau Delta ;<br \/>Dr. Marc Cikes, directeur, Medbase Romandie<\/p>\t\t\t\t\t\t\t\t<\/div>\n\t\t\t\t<\/div>\n\t\t\t\t<div class=\"elementor-element elementor-element-83459ec elementor-widget elementor-widget-button\" data-id=\"83459ec\" data-element_type=\"widget\" data-e-type=\"widget\" data-widget_type=\"button.default\">\n\t\t\t\t<div class=\"elementor-widget-container\">\n\t\t\t\t\t\t\t\t\t<div class=\"elementor-button-wrapper\">\n\t\t\t\t\t<a class=\"elementor-button elementor-button-link elementor-size-sm\" href=\"\/wp-content\/uploads\/2023\/11\/Symposium-2019-Parallel-2_FMC_colloque_juin_2019.pdf\">\n\t\t\t\t\t\t<span class=\"elementor-button-content-wrapper\">\n\t\t\t\t\t\t\t\t\t<span class=\"elementor-button-text\">Vers la pr\u00e9sentation<\/span>\n\t\t\t\t\t<\/span>\n\t\t\t\t\t<\/a>\n\t\t\t\t<\/div>\n\t\t\t\t\t\t\t\t<\/div>\n\t\t\t\t<\/div>\n\t\t\t\t\t<\/div>\n\t\t<\/div>\n\t\t\t\t\t<\/div>\n\t\t<\/section>\n\t\t\t\t\t<\/div>\n\t\t<\/div>\n\t\t\t\t\t<\/div>\n\t\t<\/section>\n\t\t\t\t<section class=\"elementor-section elementor-top-section elementor-element elementor-element-642848e elementor-section-stretched elementor-section-boxed elementor-section-height-default elementor-section-height-default\" data-id=\"642848e\" data-element_type=\"section\" data-e-type=\"section\" data-settings=\"{&quot;stretch_section&quot;:&quot;section-stretched&quot;}\">\n\t\t\t\t\t\t<div class=\"elementor-container elementor-column-gap-default\">\n\t\t\t\t\t<div data-dce-background-image-url=\"https:\/\/fmc.ch\/wp-content\/uploads\/2023\/09\/BG-blue-scaled.jpg\" class=\"elementor-column elementor-col-100 elementor-top-column elementor-element elementor-element-96ea63a\" data-id=\"96ea63a\" data-element_type=\"column\" data-e-type=\"column\" data-settings=\"{&quot;background_background&quot;:&quot;classic&quot;}\">\n\t\t\t<div class=\"elementor-widget-wrap elementor-element-populated\">\n\t\t\t\t\t\t<section data-dce-background-overlay-image-url=\"https:\/\/fmc.ch\/wp-content\/uploads\/2023\/09\/BG-blue-scaled.jpg\" class=\"elementor-section elementor-inner-section elementor-element elementor-element-22f341e elementor-section-boxed elementor-section-height-default elementor-section-height-default\" data-id=\"22f341e\" data-element_type=\"section\" data-e-type=\"section\" data-settings=\"{&quot;background_background&quot;:&quot;classic&quot;}\">\n\t\t\t\t\t\t\t<div class=\"elementor-background-overlay\"><\/div>\n\t\t\t\t\t\t\t<div class=\"elementor-container elementor-column-gap-default\">\n\t\t\t\t\t<div class=\"elementor-column elementor-col-50 elementor-inner-column elementor-element elementor-element-109aa54\" data-id=\"109aa54\" data-element_type=\"column\" data-e-type=\"column\">\n\t\t\t<div class=\"elementor-widget-wrap elementor-element-populated\">\n\t\t\t\t\t\t<div class=\"elementor-element elementor-element-95b9df4 elementor-widget elementor-widget-image\" data-id=\"95b9df4\" data-element_type=\"widget\" data-e-type=\"widget\" data-widget_type=\"image.default\">\n\t\t\t\t<div class=\"elementor-widget-container\">\n\t\t\t\t\t\t\t\t\t\t\t\t\t\t\t<img loading=\"lazy\" decoding=\"async\" width=\"800\" height=\"534\" src=\"https:\/\/fmc.ch\/wp-content\/uploads\/2019\/08\/Symposium-2019_Bern_131_Sambuchli.com_-2000x1335.jpg\" class=\"attachment-large size-large wp-image-2730\" alt=\"\" srcset=\"https:\/\/fmc.ch\/wp-content\/uploads\/2019\/08\/Symposium-2019_Bern_131_Sambuchli.com_-2000x1335.jpg 2000w, https:\/\/fmc.ch\/wp-content\/uploads\/2019\/08\/Symposium-2019_Bern_131_Sambuchli.com_-600x400.jpg 600w, https:\/\/fmc.ch\/wp-content\/uploads\/2019\/08\/Symposium-2019_Bern_131_Sambuchli.com_-768x513.jpg 768w, https:\/\/fmc.ch\/wp-content\/uploads\/2019\/08\/Symposium-2019_Bern_131_Sambuchli.com_-1536x1025.jpg 1536w, https:\/\/fmc.ch\/wp-content\/uploads\/2019\/08\/Symposium-2019_Bern_131_Sambuchli.com_-2048x1367.jpg 2048w\" sizes=\"(max-width: 800px) 100vw, 800px\" \/>\t\t\t\t\t\t\t\t\t\t\t\t\t\t\t<\/div>\n\t\t\t\t<\/div>\n\t\t\t\t\t<\/div>\n\t\t<\/div>\n\t\t\t\t<div class=\"elementor-column elementor-col-50 elementor-inner-column elementor-element elementor-element-8a62101\" data-id=\"8a62101\" data-element_type=\"column\" data-e-type=\"column\">\n\t\t\t<div class=\"elementor-widget-wrap elementor-element-populated\">\n\t\t\t\t\t\t<div class=\"elementor-element elementor-element-a774ef7 elementor-widget elementor-widget-heading\" data-id=\"a774ef7\" data-element_type=\"widget\" data-e-type=\"widget\" data-widget_type=\"heading.default\">\n\t\t\t\t<div class=\"elementor-widget-container\">\n\t\t\t\t\t<h4 class=\"elementor-heading-title elementor-size-default\">La red\u00e9couverte des soins primaires coordonn\u00e9s : un regard sur les \u00c9tats-Unis<\/h4>\t\t\t\t<\/div>\n\t\t\t\t<\/div>\n\t\t\t\t<div data-dce-text-color=\"#FFFFFF\" class=\"elementor-element elementor-element-33ea003 elementor-widget elementor-widget-text-editor\" data-id=\"33ea003\" data-element_type=\"widget\" data-e-type=\"widget\" data-widget_type=\"text-editor.default\">\n\t\t\t\t<div class=\"elementor-widget-container\">\n\t\t\t\t\t\t\t\t\t<p class=\"p1\">Dr. med. Leander Muheim, sp\u00e9cialiste AIM, directeur m\u00e9dical adjoint de mediX Zurich<\/p>\t\t\t\t\t\t\t\t<\/div>\n\t\t\t\t<\/div>\n\t\t\t\t<div class=\"elementor-element elementor-element-fef3e0d elementor-widget elementor-widget-button\" data-id=\"fef3e0d\" data-element_type=\"widget\" data-e-type=\"widget\" data-widget_type=\"button.default\">\n\t\t\t\t<div class=\"elementor-widget-container\">\n\t\t\t\t\t\t\t\t\t<div class=\"elementor-button-wrapper\">\n\t\t\t\t\t<a class=\"elementor-button elementor-button-link elementor-size-sm\" href=\"\/wp-content\/uploads\/2023\/11\/Symposium-2019-Parallel-3_LMU-publish.pdf\">\n\t\t\t\t\t\t<span class=\"elementor-button-content-wrapper\">\n\t\t\t\t\t\t\t\t\t<span class=\"elementor-button-text\">Vers la pr\u00e9sentation<\/span>\n\t\t\t\t\t<\/span>\n\t\t\t\t\t<\/a>\n\t\t\t\t<\/div>\n\t\t\t\t\t\t\t\t<\/div>\n\t\t\t\t<\/div>\n\t\t\t\t\t<\/div>\n\t\t<\/div>\n\t\t\t\t\t<\/div>\n\t\t<\/section>\n\t\t\t\t\t<\/div>\n\t\t<\/div>\n\t\t\t\t\t<\/div>\n\t\t<\/section>\n\t\t\t\t<section data-dce-background-color=\"#F1F1F1\" class=\"elementor-section elementor-top-section elementor-element elementor-element-f31bcb0 elementor-section-stretched elementor-section-boxed elementor-section-height-default elementor-section-height-default\" data-id=\"f31bcb0\" data-element_type=\"section\" data-e-type=\"section\" data-settings=\"{&quot;stretch_section&quot;:&quot;section-stretched&quot;,&quot;background_background&quot;:&quot;classic&quot;}\">\n\t\t\t\t\t\t<div class=\"elementor-container elementor-column-gap-default\">\n\t\t\t\t\t<div data-dce-background-image-url=\"https:\/\/fmc.ch\/wp-content\/uploads\/2023\/09\/BG-blue-scaled.jpg\" class=\"elementor-column elementor-col-100 elementor-top-column elementor-element elementor-element-beaedce\" data-id=\"beaedce\" data-element_type=\"column\" data-e-type=\"column\" data-settings=\"{&quot;background_background&quot;:&quot;classic&quot;}\">\n\t\t\t<div class=\"elementor-widget-wrap elementor-element-populated\">\n\t\t\t\t\t\t<section data-dce-background-overlay-image-url=\"https:\/\/fmc.ch\/wp-content\/uploads\/2023\/09\/BG-blue-scaled.jpg\" class=\"elementor-section elementor-inner-section elementor-element elementor-element-5de3182 elementor-section-boxed elementor-section-height-default elementor-section-height-default\" data-id=\"5de3182\" data-element_type=\"section\" data-e-type=\"section\" data-settings=\"{&quot;background_background&quot;:&quot;classic&quot;}\">\n\t\t\t\t\t\t\t<div class=\"elementor-background-overlay\"><\/div>\n\t\t\t\t\t\t\t<div class=\"elementor-container elementor-column-gap-default\">\n\t\t\t\t\t<div class=\"elementor-column elementor-col-50 elementor-inner-column elementor-element elementor-element-967a10e\" data-id=\"967a10e\" data-element_type=\"column\" data-e-type=\"column\">\n\t\t\t<div class=\"elementor-widget-wrap elementor-element-populated\">\n\t\t\t\t\t\t<div class=\"elementor-element elementor-element-7e482b6 elementor-widget elementor-widget-image\" data-id=\"7e482b6\" data-element_type=\"widget\" data-e-type=\"widget\" data-widget_type=\"image.default\">\n\t\t\t\t<div class=\"elementor-widget-container\">\n\t\t\t\t\t\t\t\t\t\t\t\t\t\t\t<img loading=\"lazy\" decoding=\"async\" width=\"800\" height=\"534\" src=\"https:\/\/fmc.ch\/wp-content\/uploads\/2019\/08\/Symposium-2019_Bern_135_Sambuchli.com_-2000x1335.jpg\" class=\"attachment-large size-large wp-image-2731\" alt=\"\" srcset=\"https:\/\/fmc.ch\/wp-content\/uploads\/2019\/08\/Symposium-2019_Bern_135_Sambuchli.com_-2000x1335.jpg 2000w, https:\/\/fmc.ch\/wp-content\/uploads\/2019\/08\/Symposium-2019_Bern_135_Sambuchli.com_-600x400.jpg 600w, https:\/\/fmc.ch\/wp-content\/uploads\/2019\/08\/Symposium-2019_Bern_135_Sambuchli.com_-768x513.jpg 768w, https:\/\/fmc.ch\/wp-content\/uploads\/2019\/08\/Symposium-2019_Bern_135_Sambuchli.com_-1536x1025.jpg 1536w, https:\/\/fmc.ch\/wp-content\/uploads\/2019\/08\/Symposium-2019_Bern_135_Sambuchli.com_-2048x1367.jpg 2048w\" sizes=\"(max-width: 800px) 100vw, 800px\" \/>\t\t\t\t\t\t\t\t\t\t\t\t\t\t\t<\/div>\n\t\t\t\t<\/div>\n\t\t\t\t\t<\/div>\n\t\t<\/div>\n\t\t\t\t<div class=\"elementor-column elementor-col-50 elementor-inner-column elementor-element elementor-element-995b88e\" data-id=\"995b88e\" data-element_type=\"column\" data-e-type=\"column\">\n\t\t\t<div class=\"elementor-widget-wrap elementor-element-populated\">\n\t\t\t\t\t\t<div class=\"elementor-element elementor-element-355669a elementor-widget elementor-widget-heading\" data-id=\"355669a\" data-element_type=\"widget\" data-e-type=\"widget\" data-widget_type=\"heading.default\">\n\t\t\t\t<div class=\"elementor-widget-container\">\n\t\t\t\t\t<h4 class=\"elementor-heading-title elementor-size-default\">La contribution des certifications \u00e0 la coordination entre les prestataires de soins : pr\u00e9sent et avenir<\/h4>\t\t\t\t<\/div>\n\t\t\t\t<\/div>\n\t\t\t\t<div data-dce-text-color=\"#FFFFFF\" class=\"elementor-element elementor-element-5981d7e elementor-widget elementor-widget-text-editor\" data-id=\"5981d7e\" data-element_type=\"widget\" data-e-type=\"widget\" data-widget_type=\"text-editor.default\">\n\t\t\t\t<div class=\"elementor-widget-container\">\n\t\t\t\t\t\t\t\t\t<p class=\"p1\">Dr. med. Felix Huber, vice-pr\u00e9sident de la Fondation EQUAM et pr\u00e9sident de mediX ; Paula Bezzola, MPH, directrice ; Dr. phil. Martin Ho\u0161ek, directeur adjoint, responsable de la recherche et du d\u00e9veloppement, Fondation EQUAM<\/p>\t\t\t\t\t\t\t\t<\/div>\n\t\t\t\t<\/div>\n\t\t\t\t<div class=\"elementor-element elementor-element-dfc3676 elementor-widget elementor-widget-button\" data-id=\"dfc3676\" data-element_type=\"widget\" data-e-type=\"widget\" data-widget_type=\"button.default\">\n\t\t\t\t<div class=\"elementor-widget-container\">\n\t\t\t\t\t\t\t\t\t<div class=\"elementor-button-wrapper\">\n\t\t\t\t\t<a class=\"elementor-button elementor-button-link elementor-size-sm\" href=\"\/wp-content\/uploads\/2023\/11\/Symposium-2019-Parallel-4_190604-fmc-Parallelsession-von-FHU.pdf\">\n\t\t\t\t\t\t<span class=\"elementor-button-content-wrapper\">\n\t\t\t\t\t\t\t\t\t<span class=\"elementor-button-text\">Vers la pr\u00e9sentation<\/span>\n\t\t\t\t\t<\/span>\n\t\t\t\t\t<\/a>\n\t\t\t\t<\/div>\n\t\t\t\t\t\t\t\t<\/div>\n\t\t\t\t<\/div>\n\t\t\t\t\t<\/div>\n\t\t<\/div>\n\t\t\t\t\t<\/div>\n\t\t<\/section>\n\t\t\t\t\t<\/div>\n\t\t<\/div>\n\t\t\t\t\t<\/div>\n\t\t<\/section>\n\t\t\t\t<section class=\"elementor-section elementor-top-section elementor-element elementor-element-5876b55 elementor-section-stretched elementor-section-boxed elementor-section-height-default elementor-section-height-default\" data-id=\"5876b55\" data-element_type=\"section\" data-e-type=\"section\" data-settings=\"{&quot;stretch_section&quot;:&quot;section-stretched&quot;}\">\n\t\t\t\t\t\t<div class=\"elementor-container elementor-column-gap-default\">\n\t\t\t\t\t<div data-dce-background-image-url=\"https:\/\/fmc.ch\/wp-content\/uploads\/2023\/09\/BG-blue-scaled.jpg\" class=\"elementor-column elementor-col-100 elementor-top-column elementor-element elementor-element-ecfbc65\" data-id=\"ecfbc65\" data-element_type=\"column\" data-e-type=\"column\" data-settings=\"{&quot;background_background&quot;:&quot;classic&quot;}\">\n\t\t\t<div class=\"elementor-widget-wrap elementor-element-populated\">\n\t\t\t\t\t\t<section data-dce-background-overlay-image-url=\"https:\/\/fmc.ch\/wp-content\/uploads\/2023\/09\/BG-blue-scaled.jpg\" class=\"elementor-section elementor-inner-section elementor-element elementor-element-66db0da elementor-section-boxed elementor-section-height-default elementor-section-height-default\" data-id=\"66db0da\" data-element_type=\"section\" data-e-type=\"section\" data-settings=\"{&quot;background_background&quot;:&quot;classic&quot;}\">\n\t\t\t\t\t\t\t<div class=\"elementor-background-overlay\"><\/div>\n\t\t\t\t\t\t\t<div class=\"elementor-container elementor-column-gap-default\">\n\t\t\t\t\t<div class=\"elementor-column elementor-col-50 elementor-inner-column elementor-element elementor-element-9a4d3e2\" data-id=\"9a4d3e2\" data-element_type=\"column\" data-e-type=\"column\">\n\t\t\t<div class=\"elementor-widget-wrap elementor-element-populated\">\n\t\t\t\t\t\t<div class=\"elementor-element elementor-element-d68ac45 elementor-widget elementor-widget-image\" data-id=\"d68ac45\" data-element_type=\"widget\" data-e-type=\"widget\" data-widget_type=\"image.default\">\n\t\t\t\t<div class=\"elementor-widget-container\">\n\t\t\t\t\t\t\t\t\t\t\t\t\t\t\t<img loading=\"lazy\" decoding=\"async\" width=\"800\" height=\"534\" src=\"https:\/\/fmc.ch\/wp-content\/uploads\/2019\/08\/Symposium-2019-_Bern_144_Sambuchli.com_-2000x1335.jpg\" class=\"attachment-large size-large wp-image-2735\" alt=\"\" srcset=\"https:\/\/fmc.ch\/wp-content\/uploads\/2019\/08\/Symposium-2019-_Bern_144_Sambuchli.com_-2000x1335.jpg 2000w, https:\/\/fmc.ch\/wp-content\/uploads\/2019\/08\/Symposium-2019-_Bern_144_Sambuchli.com_-600x400.jpg 600w, https:\/\/fmc.ch\/wp-content\/uploads\/2019\/08\/Symposium-2019-_Bern_144_Sambuchli.com_-768x513.jpg 768w, https:\/\/fmc.ch\/wp-content\/uploads\/2019\/08\/Symposium-2019-_Bern_144_Sambuchli.com_-1536x1025.jpg 1536w, https:\/\/fmc.ch\/wp-content\/uploads\/2019\/08\/Symposium-2019-_Bern_144_Sambuchli.com_-2048x1367.jpg 2048w\" sizes=\"(max-width: 800px) 100vw, 800px\" \/>\t\t\t\t\t\t\t\t\t\t\t\t\t\t\t<\/div>\n\t\t\t\t<\/div>\n\t\t\t\t\t<\/div>\n\t\t<\/div>\n\t\t\t\t<div class=\"elementor-column elementor-col-50 elementor-inner-column elementor-element elementor-element-fdc4756\" data-id=\"fdc4756\" data-element_type=\"column\" data-e-type=\"column\">\n\t\t\t<div class=\"elementor-widget-wrap elementor-element-populated\">\n\t\t\t\t\t\t<div class=\"elementor-element elementor-element-b8a3c50 elementor-widget elementor-widget-heading\" data-id=\"b8a3c50\" data-element_type=\"widget\" data-e-type=\"widget\" data-widget_type=\"heading.default\">\n\t\t\t\t<div class=\"elementor-widget-container\">\n\t\t\t\t\t<h4 class=\"elementor-heading-title elementor-size-default\">Interactions homme-technologie dans les soins<\/h4>\t\t\t\t<\/div>\n\t\t\t\t<\/div>\n\t\t\t\t<div data-dce-text-color=\"#FFFFFF\" class=\"elementor-element elementor-element-4dffd01 elementor-widget elementor-widget-text-editor\" data-id=\"4dffd01\" data-element_type=\"widget\" data-e-type=\"widget\" data-widget_type=\"text-editor.default\">\n\t\t\t\t<div class=\"elementor-widget-container\">\n\t\t\t\t\t\t\t\t\t<p class=\"p1\">Diana Heinrichs, CEO Lindera GmbH ; Lars Straubing, directeur de la division gestion de l'approvisionnement BKK VBU ; Marco Parillo, New Business Developer, Philips AG Switzerland<\/p><p class=\"p1\">Mod\u00e9ration : Dr. Patricia Ex, directrice de l'association f\u00e9d\u00e9rale Managed<\/p>\t\t\t\t\t\t\t\t<\/div>\n\t\t\t\t<\/div>\n\t\t\t\t<div class=\"elementor-element elementor-element-d8f6925 elementor-widget elementor-widget-button\" data-id=\"d8f6925\" data-element_type=\"widget\" data-e-type=\"widget\" data-widget_type=\"button.default\">\n\t\t\t\t<div class=\"elementor-widget-container\">\n\t\t\t\t\t\t\t\t\t<div class=\"elementor-button-wrapper\">\n\t\t\t\t\t<a class=\"elementor-button elementor-button-link elementor-size-sm\" href=\"\/wp-content\/uploads\/2023\/11\/Symposium-2019-Parallel-5_Lars-Straubing.pdf\">\n\t\t\t\t\t\t<span class=\"elementor-button-content-wrapper\">\n\t\t\t\t\t\t\t\t\t<span class=\"elementor-button-text\">Vers la pr\u00e9sentation<\/span>\n\t\t\t\t\t<\/span>\n\t\t\t\t\t<\/a>\n\t\t\t\t<\/div>\n\t\t\t\t\t\t\t\t<\/div>\n\t\t\t\t<\/div>\n\t\t\t\t<div class=\"elementor-element elementor-element-39e5b69 elementor-widget elementor-widget-button\" data-id=\"39e5b69\" data-element_type=\"widget\" data-e-type=\"widget\" data-widget_type=\"button.default\">\n\t\t\t\t<div class=\"elementor-widget-container\">\n\t\t\t\t\t\t\t\t\t<div class=\"elementor-button-wrapper\">\n\t\t\t\t\t<a class=\"elementor-button elementor-button-link elementor-size-sm\" href=\"\/wp-content\/uploads\/2023\/11\/Symposium-2019-Parallel-5_Marco_Parillo.pdf\">\n\t\t\t\t\t\t<span class=\"elementor-button-content-wrapper\">\n\t\t\t\t\t\t\t\t\t<span class=\"elementor-button-text\">Vers la pr\u00e9sentation<\/span>\n\t\t\t\t\t<\/span>\n\t\t\t\t\t<\/a>\n\t\t\t\t<\/div>\n\t\t\t\t\t\t\t\t<\/div>\n\t\t\t\t<\/div>\n\t\t\t\t\t<\/div>\n\t\t<\/div>\n\t\t\t\t\t<\/div>\n\t\t<\/section>\n\t\t\t\t\t<\/div>\n\t\t<\/div>\n\t\t\t\t\t<\/div>\n\t\t<\/section>\n\t\t\t\t<section data-dce-background-color=\"#F1F1F1\" class=\"elementor-section elementor-top-section elementor-element elementor-element-b482866 elementor-section-stretched elementor-section-boxed elementor-section-height-default elementor-section-height-default\" data-id=\"b482866\" data-element_type=\"section\" data-e-type=\"section\" data-settings=\"{&quot;stretch_section&quot;:&quot;section-stretched&quot;,&quot;background_background&quot;:&quot;classic&quot;}\">\n\t\t\t\t\t\t<div class=\"elementor-container elementor-column-gap-default\">\n\t\t\t\t\t<div data-dce-background-image-url=\"https:\/\/fmc.ch\/wp-content\/uploads\/2023\/09\/BG-blue-scaled.jpg\" class=\"elementor-column elementor-col-100 elementor-top-column elementor-element elementor-element-92ac116\" data-id=\"92ac116\" data-element_type=\"column\" data-e-type=\"column\" data-settings=\"{&quot;background_background&quot;:&quot;classic&quot;}\">\n\t\t\t<div class=\"elementor-widget-wrap elementor-element-populated\">\n\t\t\t\t\t\t<section data-dce-background-overlay-image-url=\"https:\/\/fmc.ch\/wp-content\/uploads\/2023\/09\/BG-blue-scaled.jpg\" class=\"elementor-section elementor-inner-section elementor-element elementor-element-5e7bd7c elementor-section-boxed elementor-section-height-default elementor-section-height-default\" data-id=\"5e7bd7c\" data-element_type=\"section\" data-e-type=\"section\" data-settings=\"{&quot;background_background&quot;:&quot;classic&quot;}\">\n\t\t\t\t\t\t\t<div class=\"elementor-background-overlay\"><\/div>\n\t\t\t\t\t\t\t<div class=\"elementor-container elementor-column-gap-default\">\n\t\t\t\t\t<div class=\"elementor-column elementor-col-50 elementor-inner-column elementor-element elementor-element-e82b63f\" data-id=\"e82b63f\" data-element_type=\"column\" data-e-type=\"column\">\n\t\t\t<div class=\"elementor-widget-wrap elementor-element-populated\">\n\t\t\t\t\t\t<div class=\"elementor-element elementor-element-9998e65 elementor-widget elementor-widget-image\" data-id=\"9998e65\" data-element_type=\"widget\" data-e-type=\"widget\" data-widget_type=\"image.default\">\n\t\t\t\t<div class=\"elementor-widget-container\">\n\t\t\t\t\t\t\t\t\t\t\t\t\t\t\t<img loading=\"lazy\" decoding=\"async\" width=\"800\" height=\"533\" src=\"https:\/\/fmc.ch\/wp-content\/uploads\/2019\/08\/Symposium-2019_Bern_162_Sambuchli.com_-2000x1333.jpg\" class=\"attachment-large size-large wp-image-2737\" alt=\"\" srcset=\"https:\/\/fmc.ch\/wp-content\/uploads\/2019\/08\/Symposium-2019_Bern_162_Sambuchli.com_-2000x1333.jpg 2000w, https:\/\/fmc.ch\/wp-content\/uploads\/2019\/08\/Symposium-2019_Bern_162_Sambuchli.com_-600x400.jpg 600w, https:\/\/fmc.ch\/wp-content\/uploads\/2019\/08\/Symposium-2019_Bern_162_Sambuchli.com_-768x512.jpg 768w, https:\/\/fmc.ch\/wp-content\/uploads\/2019\/08\/Symposium-2019_Bern_162_Sambuchli.com_-1536x1024.jpg 1536w, https:\/\/fmc.ch\/wp-content\/uploads\/2019\/08\/Symposium-2019_Bern_162_Sambuchli.com_-2048x1365.jpg 2048w\" sizes=\"(max-width: 800px) 100vw, 800px\" \/>\t\t\t\t\t\t\t\t\t\t\t\t\t\t\t<\/div>\n\t\t\t\t<\/div>\n\t\t\t\t\t<\/div>\n\t\t<\/div>\n\t\t\t\t<div class=\"elementor-column elementor-col-50 elementor-inner-column elementor-element elementor-element-e84beb3\" data-id=\"e84beb3\" data-element_type=\"column\" data-e-type=\"column\">\n\t\t\t<div class=\"elementor-widget-wrap elementor-element-populated\">\n\t\t\t\t\t\t<div class=\"elementor-element elementor-element-6e16383 elementor-widget elementor-widget-heading\" data-id=\"6e16383\" data-element_type=\"widget\" data-e-type=\"widget\" data-widget_type=\"heading.default\">\n\t\t\t\t<div class=\"elementor-widget-container\">\n\t\t\t\t\t<h4 class=\"elementor-heading-title elementor-size-default\">Projet CASE : Soutien APN coordonn\u00e9 pour les personnes \u00e2g\u00e9es<\/h4>\t\t\t\t<\/div>\n\t\t\t\t<\/div>\n\t\t\t\t<div data-dce-text-color=\"#FFFFFF\" class=\"elementor-element elementor-element-cc1b429 elementor-widget elementor-widget-text-editor\" data-id=\"cc1b429\" data-element_type=\"widget\" data-e-type=\"widget\" data-widget_type=\"text-editor.default\">\n\t\t\t\t<div class=\"elementor-widget-container\">\n\t\t\t\t\t\t\t\t\t<p class=\"p1\">Dr Devrim Yetergil Kiefer, directrice ; Deborah Janz, experte en soins APN, Spitex Zurich Sihl<\/p><p class=\"p1\">Dr. med. Annina Kaeser, mediX Zurich<\/p>\t\t\t\t\t\t\t\t<\/div>\n\t\t\t\t<\/div>\n\t\t\t\t<div class=\"elementor-element elementor-element-0077bb4 elementor-widget elementor-widget-button\" data-id=\"0077bb4\" data-element_type=\"widget\" data-e-type=\"widget\" data-widget_type=\"button.default\">\n\t\t\t\t<div class=\"elementor-widget-container\">\n\t\t\t\t\t\t\t\t\t<div class=\"elementor-button-wrapper\">\n\t\t\t\t\t<a class=\"elementor-button elementor-button-link elementor-size-sm\" href=\"\/wp-content\/uploads\/2023\/11\/Symposium-2019-Parallel-6_Praes-CASE-fmc-forum_Spitex-Zuerich-Sihl.pdf\">\n\t\t\t\t\t\t<span class=\"elementor-button-content-wrapper\">\n\t\t\t\t\t\t\t\t\t<span class=\"elementor-button-text\">Vers la pr\u00e9sentation<\/span>\n\t\t\t\t\t<\/span>\n\t\t\t\t\t<\/a>\n\t\t\t\t<\/div>\n\t\t\t\t\t\t\t\t<\/div>\n\t\t\t\t<\/div>\n\t\t\t\t\t<\/div>\n\t\t<\/div>\n\t\t\t\t\t<\/div>\n\t\t<\/section>\n\t\t\t\t\t<\/div>\n\t\t<\/div>\n\t\t\t\t\t<\/div>\n\t\t<\/section>\n\t\t\t\t<section class=\"elementor-section elementor-top-section elementor-element elementor-element-99fd1d0 elementor-section-stretched elementor-section-boxed elementor-section-height-default elementor-section-height-default\" data-id=\"99fd1d0\" data-element_type=\"section\" data-e-type=\"section\" data-settings=\"{&quot;stretch_section&quot;:&quot;section-stretched&quot;}\">\n\t\t\t\t\t\t<div class=\"elementor-container elementor-column-gap-default\">\n\t\t\t\t\t<div data-dce-background-image-url=\"https:\/\/fmc.ch\/wp-content\/uploads\/2023\/09\/BG-blue-scaled.jpg\" class=\"elementor-column elementor-col-100 elementor-top-column elementor-element elementor-element-98315bd\" data-id=\"98315bd\" data-element_type=\"column\" data-e-type=\"column\" data-settings=\"{&quot;background_background&quot;:&quot;classic&quot;}\">\n\t\t\t<div class=\"elementor-widget-wrap elementor-element-populated\">\n\t\t\t\t\t\t<section data-dce-background-overlay-image-url=\"https:\/\/fmc.ch\/wp-content\/uploads\/2023\/09\/BG-blue-scaled.jpg\" class=\"elementor-section elementor-inner-section elementor-element elementor-element-91a19d2 elementor-section-boxed elementor-section-height-default elementor-section-height-default\" data-id=\"91a19d2\" data-element_type=\"section\" data-e-type=\"section\" data-settings=\"{&quot;background_background&quot;:&quot;classic&quot;}\">\n\t\t\t\t\t\t\t<div class=\"elementor-background-overlay\"><\/div>\n\t\t\t\t\t\t\t<div class=\"elementor-container elementor-column-gap-default\">\n\t\t\t\t\t<div class=\"elementor-column elementor-col-50 elementor-inner-column elementor-element elementor-element-d7733db\" data-id=\"d7733db\" data-element_type=\"column\" data-e-type=\"column\">\n\t\t\t<div class=\"elementor-widget-wrap elementor-element-populated\">\n\t\t\t\t\t\t<div class=\"elementor-element elementor-element-07c3b08 elementor-widget elementor-widget-image\" data-id=\"07c3b08\" data-element_type=\"widget\" data-e-type=\"widget\" data-widget_type=\"image.default\">\n\t\t\t\t<div class=\"elementor-widget-container\">\n\t\t\t\t\t\t\t\t\t\t\t\t\t\t\t<img loading=\"lazy\" decoding=\"async\" width=\"800\" height=\"533\" src=\"https:\/\/fmc.ch\/wp-content\/uploads\/2019\/08\/Symposium-2019_Bern_176_Sambuchli.com_-2000x1333.jpg\" class=\"attachment-large size-large wp-image-2738\" alt=\"\" srcset=\"https:\/\/fmc.ch\/wp-content\/uploads\/2019\/08\/Symposium-2019_Bern_176_Sambuchli.com_-2000x1333.jpg 2000w, https:\/\/fmc.ch\/wp-content\/uploads\/2019\/08\/Symposium-2019_Bern_176_Sambuchli.com_-600x400.jpg 600w, https:\/\/fmc.ch\/wp-content\/uploads\/2019\/08\/Symposium-2019_Bern_176_Sambuchli.com_-768x512.jpg 768w, https:\/\/fmc.ch\/wp-content\/uploads\/2019\/08\/Symposium-2019_Bern_176_Sambuchli.com_-1536x1024.jpg 1536w, https:\/\/fmc.ch\/wp-content\/uploads\/2019\/08\/Symposium-2019_Bern_176_Sambuchli.com_-2048x1365.jpg 2048w\" sizes=\"(max-width: 800px) 100vw, 800px\" \/>\t\t\t\t\t\t\t\t\t\t\t\t\t\t\t<\/div>\n\t\t\t\t<\/div>\n\t\t\t\t\t<\/div>\n\t\t<\/div>\n\t\t\t\t<div class=\"elementor-column elementor-col-50 elementor-inner-column elementor-element elementor-element-d19cc60\" data-id=\"d19cc60\" data-element_type=\"column\" data-e-type=\"column\">\n\t\t\t<div class=\"elementor-widget-wrap elementor-element-populated\">\n\t\t\t\t\t\t<div class=\"elementor-element elementor-element-1a06b39 elementor-widget elementor-widget-heading\" data-id=\"1a06b39\" data-element_type=\"widget\" data-e-type=\"widget\" data-widget_type=\"heading.default\">\n\t\t\t\t<div class=\"elementor-widget-container\">\n\t\t\t\t\t<h4 class=\"elementor-heading-title elementor-size-default\">Les r\u00e9seaux de m\u00e9decins en Suisse : des structures de soins vari\u00e9es et durables<\/h4>\t\t\t\t<\/div>\n\t\t\t\t<\/div>\n\t\t\t\t<div data-dce-text-color=\"#FFFFFF\" class=\"elementor-element elementor-element-457c1f1 elementor-widget elementor-widget-text-editor\" data-id=\"457c1f1\" data-element_type=\"widget\" data-e-type=\"widget\" data-widget_type=\"text-editor.default\">\n\t\t\t\t<div class=\"elementor-widget-container\">\n\t\t\t\t\t\t\t\t\t<p class=\"p1\">Oliver Strehle, membre du comit\u00e9 ; Christoph L\u00fcssi, directeur, medswiss.net<\/p><p class=\"p1\">Dr. med. Luca Emmanuele, responsable de la gestion des achats de prestations, CSS<\/p>\t\t\t\t\t\t\t\t<\/div>\n\t\t\t\t<\/div>\n\t\t\t\t<div class=\"elementor-element elementor-element-b1ebabd elementor-widget elementor-widget-button\" data-id=\"b1ebabd\" data-element_type=\"widget\" data-e-type=\"widget\" data-widget_type=\"button.default\">\n\t\t\t\t<div class=\"elementor-widget-container\">\n\t\t\t\t\t\t\t\t\t<div class=\"elementor-button-wrapper\">\n\t\t\t\t\t<a class=\"elementor-button elementor-button-link elementor-size-sm\" href=\"\/wp-content\/uploads\/2023\/11\/Symposium-2019-Parallel-7_Aerztenetze-in-der-Schweiz_Emmanuele.pdf\">\n\t\t\t\t\t\t<span class=\"elementor-button-content-wrapper\">\n\t\t\t\t\t\t\t\t\t<span class=\"elementor-button-text\">Vers la pr\u00e9sentation<\/span>\n\t\t\t\t\t<\/span>\n\t\t\t\t\t<\/a>\n\t\t\t\t<\/div>\n\t\t\t\t\t\t\t\t<\/div>\n\t\t\t\t<\/div>\n\t\t\t\t<div class=\"elementor-element elementor-element-f3c46b6 elementor-widget elementor-widget-button\" data-id=\"f3c46b6\" data-element_type=\"widget\" data-e-type=\"widget\" data-widget_type=\"button.default\">\n\t\t\t\t<div class=\"elementor-widget-container\">\n\t\t\t\t\t\t\t\t\t<div class=\"elementor-button-wrapper\">\n\t\t\t\t\t<a class=\"elementor-button elementor-button-link elementor-size-sm\" href=\"\/wp-content\/uploads\/2023\/11\/Symposium-2019-Parallel-7_Aerztenetze-in-der-Schweiz_MSN_20190607.pdf\">\n\t\t\t\t\t\t<span class=\"elementor-button-content-wrapper\">\n\t\t\t\t\t\t\t\t\t<span class=\"elementor-button-text\">Vers la pr\u00e9sentation<\/span>\n\t\t\t\t\t<\/span>\n\t\t\t\t\t<\/a>\n\t\t\t\t<\/div>\n\t\t\t\t\t\t\t\t<\/div>\n\t\t\t\t<\/div>\n\t\t\t\t\t<\/div>\n\t\t<\/div>\n\t\t\t\t\t<\/div>\n\t\t<\/section>\n\t\t\t\t\t<\/div>\n\t\t<\/div>\n\t\t\t\t\t<\/div>\n\t\t<\/section>\n\t\t\t\t<section data-dce-background-color=\"#F1F1F1\" class=\"elementor-section elementor-top-section elementor-element elementor-element-14ac522 elementor-section-stretched elementor-section-boxed elementor-section-height-default elementor-section-height-default\" data-id=\"14ac522\" data-element_type=\"section\" data-e-type=\"section\" data-settings=\"{&quot;stretch_section&quot;:&quot;section-stretched&quot;,&quot;background_background&quot;:&quot;classic&quot;}\">\n\t\t\t\t\t\t<div class=\"elementor-container elementor-column-gap-default\">\n\t\t\t\t\t<div data-dce-background-image-url=\"https:\/\/fmc.ch\/wp-content\/uploads\/2023\/09\/BG-blue-scaled.jpg\" class=\"elementor-column elementor-col-100 elementor-top-column elementor-element elementor-element-dd9b882\" data-id=\"dd9b882\" data-element_type=\"column\" data-e-type=\"column\" data-settings=\"{&quot;background_background&quot;:&quot;classic&quot;}\">\n\t\t\t<div class=\"elementor-widget-wrap elementor-element-populated\">\n\t\t\t\t\t\t<section data-dce-background-overlay-image-url=\"https:\/\/fmc.ch\/wp-content\/uploads\/2023\/09\/BG-blue-scaled.jpg\" class=\"elementor-section elementor-inner-section elementor-element elementor-element-6020815 elementor-section-boxed elementor-section-height-default elementor-section-height-default\" data-id=\"6020815\" data-element_type=\"section\" data-e-type=\"section\" data-settings=\"{&quot;background_background&quot;:&quot;classic&quot;}\">\n\t\t\t\t\t\t\t<div class=\"elementor-background-overlay\"><\/div>\n\t\t\t\t\t\t\t<div class=\"elementor-container elementor-column-gap-default\">\n\t\t\t\t\t<div class=\"elementor-column elementor-col-50 elementor-inner-column elementor-element elementor-element-50758dd\" data-id=\"50758dd\" data-element_type=\"column\" data-e-type=\"column\">\n\t\t\t<div class=\"elementor-widget-wrap elementor-element-populated\">\n\t\t\t\t\t\t<div class=\"elementor-element elementor-element-9cd82d5 elementor-widget elementor-widget-image\" data-id=\"9cd82d5\" data-element_type=\"widget\" data-e-type=\"widget\" data-widget_type=\"image.default\">\n\t\t\t\t<div class=\"elementor-widget-container\">\n\t\t\t\t\t\t\t\t\t\t\t\t\t\t\t<img loading=\"lazy\" decoding=\"async\" width=\"800\" height=\"533\" src=\"https:\/\/fmc.ch\/wp-content\/uploads\/2019\/08\/Symposium-2019_Bern_3_Sambuchli.com_-2000x1333.jpg\" class=\"attachment-large size-large wp-image-2739\" alt=\"\" srcset=\"https:\/\/fmc.ch\/wp-content\/uploads\/2019\/08\/Symposium-2019_Bern_3_Sambuchli.com_-2000x1333.jpg 2000w, https:\/\/fmc.ch\/wp-content\/uploads\/2019\/08\/Symposium-2019_Bern_3_Sambuchli.com_-600x400.jpg 600w, https:\/\/fmc.ch\/wp-content\/uploads\/2019\/08\/Symposium-2019_Bern_3_Sambuchli.com_-768x512.jpg 768w, https:\/\/fmc.ch\/wp-content\/uploads\/2019\/08\/Symposium-2019_Bern_3_Sambuchli.com_-1536x1024.jpg 1536w, https:\/\/fmc.ch\/wp-content\/uploads\/2019\/08\/Symposium-2019_Bern_3_Sambuchli.com_-2048x1365.jpg 2048w\" sizes=\"(max-width: 800px) 100vw, 800px\" \/>\t\t\t\t\t\t\t\t\t\t\t\t\t\t\t<\/div>\n\t\t\t\t<\/div>\n\t\t\t\t\t<\/div>\n\t\t<\/div>\n\t\t\t\t<div class=\"elementor-column elementor-col-50 elementor-inner-column elementor-element elementor-element-cdf7dc0\" data-id=\"cdf7dc0\" data-element_type=\"column\" data-e-type=\"column\">\n\t\t\t<div class=\"elementor-widget-wrap elementor-element-populated\">\n\t\t\t\t\t\t<div class=\"elementor-element elementor-element-069efea elementor-widget elementor-widget-heading\" data-id=\"069efea\" data-element_type=\"widget\" data-e-type=\"widget\" data-widget_type=\"heading.default\">\n\t\t\t\t<div class=\"elementor-widget-container\">\n\t\t\t\t\t<h4 class=\"elementor-heading-title elementor-size-default\">Num\u00e9risation : ABILIS - Plateforme de sant\u00e9 et communaut\u00e9 de base (EPD)<\/h4>\t\t\t\t<\/div>\n\t\t\t\t<\/div>\n\t\t\t\t<div data-dce-text-color=\"#FFFFFF\" class=\"elementor-element elementor-element-6762a35 elementor-widget elementor-widget-text-editor\" data-id=\"6762a35\" data-element_type=\"widget\" data-e-type=\"widget\" data-widget_type=\"text-editor.default\">\n\t\t\t\t<div class=\"elementor-widget-container\">\n\t\t\t\t\t\t\t\t\t<p class=\"p1\">Philippe Dupont, Area Sales Manager, groupe Ofac, Zurich<\/p>\t\t\t\t\t\t\t\t<\/div>\n\t\t\t\t<\/div>\n\t\t\t\t<div class=\"elementor-element elementor-element-47087e4 elementor-widget elementor-widget-button\" data-id=\"47087e4\" data-element_type=\"widget\" data-e-type=\"widget\" data-widget_type=\"button.default\">\n\t\t\t\t<div class=\"elementor-widget-container\">\n\t\t\t\t\t\t\t\t\t<div class=\"elementor-button-wrapper\">\n\t\t\t\t\t<a class=\"elementor-button elementor-button-link elementor-size-sm\" href=\"\/wp-content\/uploads\/2023\/11\/Symposium-2019-Parallel-8_Praesentation-FMC-Symposium-Final.pdf\">\n\t\t\t\t\t\t<span class=\"elementor-button-content-wrapper\">\n\t\t\t\t\t\t\t\t\t<span class=\"elementor-button-text\">Vers la pr\u00e9sentation<\/span>\n\t\t\t\t\t<\/span>\n\t\t\t\t\t<\/a>\n\t\t\t\t<\/div>\n\t\t\t\t\t\t\t\t<\/div>\n\t\t\t\t<\/div>\n\t\t\t\t\t<\/div>\n\t\t<\/div>\n\t\t\t\t\t<\/div>\n\t\t<\/section>\n\t\t\t\t\t<\/div>\n\t\t<\/div>\n\t\t\t\t\t<\/div>\n\t\t<\/section>\n\t\t\t\t<section class=\"elementor-section elementor-top-section elementor-element elementor-element-5479358 elementor-section-stretched elementor-section-boxed elementor-section-height-default elementor-section-height-default\" data-id=\"5479358\" data-element_type=\"section\" data-e-type=\"section\" data-settings=\"{&quot;stretch_section&quot;:&quot;section-stretched&quot;}\">\n\t\t\t\t\t\t<div class=\"elementor-container elementor-column-gap-default\">\n\t\t\t\t\t<div data-dce-background-image-url=\"https:\/\/fmc.ch\/wp-content\/uploads\/2023\/09\/BG-blue-scaled.jpg\" class=\"elementor-column elementor-col-100 elementor-top-column elementor-element elementor-element-4e8e3bd\" data-id=\"4e8e3bd\" data-element_type=\"column\" data-e-type=\"column\" data-settings=\"{&quot;background_background&quot;:&quot;classic&quot;}\">\n\t\t\t<div class=\"elementor-widget-wrap elementor-element-populated\">\n\t\t\t\t\t\t<section data-dce-background-overlay-image-url=\"https:\/\/fmc.ch\/wp-content\/uploads\/2023\/09\/BG-blue-scaled.jpg\" class=\"elementor-section elementor-inner-section elementor-element elementor-element-eaa4bbe elementor-section-boxed elementor-section-height-default elementor-section-height-default\" data-id=\"eaa4bbe\" data-element_type=\"section\" data-e-type=\"section\" data-settings=\"{&quot;background_background&quot;:&quot;classic&quot;}\">\n\t\t\t\t\t\t\t<div class=\"elementor-background-overlay\"><\/div>\n\t\t\t\t\t\t\t<div class=\"elementor-container elementor-column-gap-default\">\n\t\t\t\t\t<div class=\"elementor-column elementor-col-50 elementor-inner-column elementor-element elementor-element-d512c6e\" data-id=\"d512c6e\" data-element_type=\"column\" data-e-type=\"column\">\n\t\t\t<div class=\"elementor-widget-wrap elementor-element-populated\">\n\t\t\t\t\t\t<div class=\"elementor-element elementor-element-a77aed3 elementor-widget elementor-widget-image\" data-id=\"a77aed3\" data-element_type=\"widget\" data-e-type=\"widget\" data-widget_type=\"image.default\">\n\t\t\t\t<div class=\"elementor-widget-container\">\n\t\t\t\t\t\t\t\t\t\t\t\t\t\t\t<img loading=\"lazy\" decoding=\"async\" width=\"800\" height=\"533\" src=\"https:\/\/fmc.ch\/wp-content\/uploads\/2019\/08\/Symposium-2019_Bern_166_Sambuchli.com_-2000x1333.jpg\" class=\"attachment-large size-large wp-image-2740\" alt=\"\" srcset=\"https:\/\/fmc.ch\/wp-content\/uploads\/2019\/08\/Symposium-2019_Bern_166_Sambuchli.com_-2000x1333.jpg 2000w, https:\/\/fmc.ch\/wp-content\/uploads\/2019\/08\/Symposium-2019_Bern_166_Sambuchli.com_-600x400.jpg 600w, https:\/\/fmc.ch\/wp-content\/uploads\/2019\/08\/Symposium-2019_Bern_166_Sambuchli.com_-768x512.jpg 768w, https:\/\/fmc.ch\/wp-content\/uploads\/2019\/08\/Symposium-2019_Bern_166_Sambuchli.com_-1536x1024.jpg 1536w, https:\/\/fmc.ch\/wp-content\/uploads\/2019\/08\/Symposium-2019_Bern_166_Sambuchli.com_-2048x1365.jpg 2048w\" sizes=\"(max-width: 800px) 100vw, 800px\" \/>\t\t\t\t\t\t\t\t\t\t\t\t\t\t\t<\/div>\n\t\t\t\t<\/div>\n\t\t\t\t\t<\/div>\n\t\t<\/div>\n\t\t\t\t<div class=\"elementor-column elementor-col-50 elementor-inner-column elementor-element elementor-element-920b67c\" data-id=\"920b67c\" data-element_type=\"column\" data-e-type=\"column\">\n\t\t\t<div class=\"elementor-widget-wrap elementor-element-populated\">\n\t\t\t\t\t\t<div class=\"elementor-element elementor-element-b4b5dd0 elementor-widget elementor-widget-heading\" data-id=\"b4b5dd0\" data-element_type=\"widget\" data-e-type=\"widget\" data-widget_type=\"heading.default\">\n\t\t\t\t<div class=\"elementor-widget-container\">\n\t\t\t\t\t<h4 class=\"elementor-heading-title elementor-size-default\">Indicateurs de performance fond\u00e9s sur des donn\u00e9es probantes : une approche innovante de la promotion de la qualit\u00e9 dans les soins primaires<\/h4>\t\t\t\t<\/div>\n\t\t\t\t<\/div>\n\t\t\t\t<div data-dce-text-color=\"#FFFFFF\" class=\"elementor-element elementor-element-38d4c63 elementor-widget elementor-widget-text-editor\" data-id=\"38d4c63\" data-element_type=\"widget\" data-e-type=\"widget\" data-widget_type=\"text-editor.default\">\n\t\t\t\t<div class=\"elementor-widget-container\">\n\t\t\t\t\t\t\t\t\t<p class=\"p1\">PD Dr. med. Eva Blozik, responsable des sciences de la sant\u00e9 ; Magdalena Bernzen, Data Scientist ;\u00a0<br \/>Nicole Th\u00fcring, responsable Achat de prestations MAV, Helsana<br \/>Prof. Oliver Senn, cabinet MediS, Institut de m\u00e9decine de famille, Universit\u00e9 de Zurich<\/p>\t\t\t\t\t\t\t\t<\/div>\n\t\t\t\t<\/div>\n\t\t\t\t<div class=\"elementor-element elementor-element-260e275 elementor-widget elementor-widget-button\" data-id=\"260e275\" data-element_type=\"widget\" data-e-type=\"widget\" data-widget_type=\"button.default\">\n\t\t\t\t<div class=\"elementor-widget-container\">\n\t\t\t\t\t\t\t\t\t<div class=\"elementor-button-wrapper\">\n\t\t\t\t\t<a class=\"elementor-button elementor-button-link elementor-size-sm\" href=\"\/wp-content\/uploads\/2023\/11\/Symposium-2019-Parallel-9_Praesentation_QI_fmc_final.pdf\">\n\t\t\t\t\t\t<span class=\"elementor-button-content-wrapper\">\n\t\t\t\t\t\t\t\t\t<span class=\"elementor-button-text\">Vers la pr\u00e9sentation<\/span>\n\t\t\t\t\t<\/span>\n\t\t\t\t\t<\/a>\n\t\t\t\t<\/div>\n\t\t\t\t\t\t\t\t<\/div>\n\t\t\t\t<\/div>\n\t\t\t\t\t<\/div>\n\t\t<\/div>\n\t\t\t\t\t<\/div>\n\t\t<\/section>\n\t\t\t\t\t<\/div>\n\t\t<\/div>\n\t\t\t\t\t<\/div>\n\t\t<\/section>\n\t\t\t\t<section data-dce-background-color=\"#F1F1F1\" class=\"elementor-section elementor-top-section elementor-element elementor-element-7414abf elementor-section-stretched elementor-section-boxed elementor-section-height-default elementor-section-height-default\" data-id=\"7414abf\" data-element_type=\"section\" data-e-type=\"section\" data-settings=\"{&quot;stretch_section&quot;:&quot;section-stretched&quot;,&quot;background_background&quot;:&quot;classic&quot;}\">\n\t\t\t\t\t\t<div class=\"elementor-container elementor-column-gap-default\">\n\t\t\t\t\t<div data-dce-background-image-url=\"https:\/\/fmc.ch\/wp-content\/uploads\/2023\/09\/BG-blue-scaled.jpg\" class=\"elementor-column elementor-col-100 elementor-top-column elementor-element elementor-element-e33f5a5\" data-id=\"e33f5a5\" data-element_type=\"column\" data-e-type=\"column\" data-settings=\"{&quot;background_background&quot;:&quot;classic&quot;}\">\n\t\t\t<div class=\"elementor-widget-wrap elementor-element-populated\">\n\t\t\t\t\t\t<section data-dce-background-overlay-image-url=\"https:\/\/fmc.ch\/wp-content\/uploads\/2023\/09\/BG-blue-scaled.jpg\" class=\"elementor-section elementor-inner-section elementor-element elementor-element-ca0118b elementor-section-boxed elementor-section-height-default elementor-section-height-default\" data-id=\"ca0118b\" data-element_type=\"section\" data-e-type=\"section\" data-settings=\"{&quot;background_background&quot;:&quot;classic&quot;}\">\n\t\t\t\t\t\t\t<div class=\"elementor-background-overlay\"><\/div>\n\t\t\t\t\t\t\t<div class=\"elementor-container elementor-column-gap-default\">\n\t\t\t\t\t<div class=\"elementor-column elementor-col-50 elementor-inner-column elementor-element elementor-element-c9010bc\" data-id=\"c9010bc\" data-element_type=\"column\" data-e-type=\"column\">\n\t\t\t<div class=\"elementor-widget-wrap elementor-element-populated\">\n\t\t\t\t\t\t<div class=\"elementor-element elementor-element-4e27fe9 elementor-widget elementor-widget-image\" data-id=\"4e27fe9\" data-element_type=\"widget\" data-e-type=\"widget\" data-widget_type=\"image.default\">\n\t\t\t\t<div class=\"elementor-widget-container\">\n\t\t\t\t\t\t\t\t\t\t\t\t\t\t\t<img loading=\"lazy\" decoding=\"async\" width=\"800\" height=\"533\" src=\"https:\/\/fmc.ch\/wp-content\/uploads\/2019\/08\/Symposium-2019_Bern_170_Sambuchli.com_-2000x1333.jpg\" class=\"attachment-large size-large wp-image-2741\" alt=\"\" srcset=\"https:\/\/fmc.ch\/wp-content\/uploads\/2019\/08\/Symposium-2019_Bern_170_Sambuchli.com_-2000x1333.jpg 2000w, https:\/\/fmc.ch\/wp-content\/uploads\/2019\/08\/Symposium-2019_Bern_170_Sambuchli.com_-600x400.jpg 600w, https:\/\/fmc.ch\/wp-content\/uploads\/2019\/08\/Symposium-2019_Bern_170_Sambuchli.com_-768x512.jpg 768w, https:\/\/fmc.ch\/wp-content\/uploads\/2019\/08\/Symposium-2019_Bern_170_Sambuchli.com_-1536x1024.jpg 1536w, https:\/\/fmc.ch\/wp-content\/uploads\/2019\/08\/Symposium-2019_Bern_170_Sambuchli.com_-2048x1365.jpg 2048w\" sizes=\"(max-width: 800px) 100vw, 800px\" \/>\t\t\t\t\t\t\t\t\t\t\t\t\t\t\t<\/div>\n\t\t\t\t<\/div>\n\t\t\t\t\t<\/div>\n\t\t<\/div>\n\t\t\t\t<div class=\"elementor-column elementor-col-50 elementor-inner-column elementor-element elementor-element-b3a84e6\" data-id=\"b3a84e6\" data-element_type=\"column\" data-e-type=\"column\">\n\t\t\t<div class=\"elementor-widget-wrap elementor-element-populated\">\n\t\t\t\t\t\t<div class=\"elementor-element elementor-element-6c3ed52 elementor-widget elementor-widget-heading\" data-id=\"6c3ed52\" data-element_type=\"widget\" data-e-type=\"widget\" data-widget_type=\"heading.default\">\n\t\t\t\t<div class=\"elementor-widget-container\">\n\t\t\t\t\t<h4 class=\"elementor-heading-title elementor-size-default\">Ratings des m\u00e9decins et des prestataires de soins m\u00e9dicaux : opportunit\u00e9s et d\u00e9fis\u00a0<\/h4>\t\t\t\t<\/div>\n\t\t\t\t<\/div>\n\t\t\t\t<div data-dce-text-color=\"#FFFFFF\" class=\"elementor-element elementor-element-4583ab3 elementor-widget elementor-widget-text-editor\" data-id=\"4583ab3\" data-element_type=\"widget\" data-e-type=\"widget\" data-widget_type=\"text-editor.default\">\n\t\t\t\t<div class=\"elementor-widget-container\">\n\t\t\t\t\t\t\t\t\t<p class=\"p1\">Dr. phil. Fabia Rothenfluh, Head of Health ; Felix Schneuwly, Head of Public Affairs, comparis.ch<\/p>\t\t\t\t\t\t\t\t<\/div>\n\t\t\t\t<\/div>\n\t\t\t\t<div class=\"elementor-element elementor-element-af9e6d0 elementor-widget elementor-widget-button\" data-id=\"af9e6d0\" data-element_type=\"widget\" data-e-type=\"widget\" data-widget_type=\"button.default\">\n\t\t\t\t<div class=\"elementor-widget-container\">\n\t\t\t\t\t\t\t\t\t<div class=\"elementor-button-wrapper\">\n\t\t\t\t\t<a class=\"elementor-button elementor-button-link elementor-size-sm\" href=\"\/wp-content\/uploads\/2023\/11\/Symposium-2019-Parallel10_Qualitaet_Rothenfluh-Schneuwly-2019.pdf\">\n\t\t\t\t\t\t<span class=\"elementor-button-content-wrapper\">\n\t\t\t\t\t\t\t\t\t<span class=\"elementor-button-text\">Vers la pr\u00e9sentation<\/span>\n\t\t\t\t\t<\/span>\n\t\t\t\t\t<\/a>\n\t\t\t\t<\/div>\n\t\t\t\t\t\t\t\t<\/div>\n\t\t\t\t<\/div>\n\t\t\t\t\t<\/div>\n\t\t<\/div>\n\t\t\t\t\t<\/div>\n\t\t<\/section>\n\t\t\t\t\t<\/div>\n\t\t<\/div>\n\t\t\t\t\t<\/div>\n\t\t<\/section>\n\t\t\t\t<section class=\"elementor-section elementor-top-section elementor-element elementor-element-2ac471c elementor-section-boxed elementor-section-height-default elementor-section-height-default\" data-id=\"2ac471c\" data-element_type=\"section\" data-e-type=\"section\">\n\t\t\t\t\t\t<div class=\"elementor-container elementor-column-gap-default\">\n\t\t\t\t\t<div class=\"elementor-column elementor-col-100 elementor-top-column elementor-element elementor-element-d65e407\" data-id=\"d65e407\" data-element_type=\"column\" data-e-type=\"column\">\n\t\t\t<div class=\"elementor-widget-wrap elementor-element-populated\">\n\t\t\t\t\t\t<div class=\"elementor-element elementor-element-3608ce4 elementor-widget elementor-widget-spacer\" data-id=\"3608ce4\" data-element_type=\"widget\" data-e-type=\"widget\" data-widget_type=\"spacer.default\">\n\t\t\t\t<div class=\"elementor-widget-container\">\n\t\t\t\t\t\t\t<div class=\"elementor-spacer\">\n\t\t\t<div class=\"elementor-spacer-inner\"><\/div>\n\t\t<\/div>\n\t\t\t\t\t\t<\/div>\n\t\t\t\t<\/div>\n\t\t\t\t\t<\/div>\n\t\t<\/div>\n\t\t\t\t\t<\/div>\n\t\t<\/section>\n\t\t<div class=\"elementor-element elementor-element-5b51f70 e-flex e-con-boxed e-con e-parent\" data-id=\"5b51f70\" data-element_type=\"container\" data-e-type=\"container\">\n\t\t\t\t\t<div class=\"e-con-inner\">\n\t\t\t\t<div class=\"elementor-element elementor-element-d8f0912 elementor-widget-divider--view-line elementor-widget elementor-widget-divider\" data-id=\"d8f0912\" data-element_type=\"widget\" data-e-type=\"widget\" data-widget_type=\"divider.default\">\n\t\t\t\t<div class=\"elementor-widget-container\">\n\t\t\t\t\t\t\t<div class=\"elementor-divider\">\n\t\t\t<span class=\"elementor-divider-separator\">\n\t\t\t\t\t\t<\/span>\n\t\t<\/div>\n\t\t\t\t\t\t<\/div>\n\t\t\t\t<\/div>\n\t\t\t\t\t<\/div>\n\t\t\t\t<\/div>\n\t\t<div class=\"elementor-element elementor-element-6131538 e-flex e-con-boxed e-con e-parent\" data-id=\"6131538\" data-element_type=\"container\" data-e-type=\"container\">\n\t\t\t\t\t<div class=\"e-con-inner\">\n\t\t\t\t<div class=\"elementor-element elementor-element-faf585c elementor-widget elementor-widget-heading\" data-id=\"faf585c\" data-element_type=\"widget\" data-e-type=\"widget\" data-widget_type=\"heading.default\">\n\t\t\t\t<div class=\"elementor-widget-container\">\n\t\t\t\t\t<h2 class=\"elementor-heading-title elementor-size-default\">Autres articles sur les r\u00e9seaux de m\u00e9decins \/ groupes de pratique<\/h2>\t\t\t\t<\/div>\n\t\t\t\t<\/div>\n\t\t\t\t\t<\/div>\n\t\t\t\t<\/div>\n\t\t<div class=\"elementor-element elementor-element-2d4b9c4 e-flex e-con-boxed e-con e-parent\" data-id=\"2d4b9c4\" data-element_type=\"container\" data-e-type=\"container\">\n\t\t\t\t\t<div class=\"e-con-inner\">\n\t\t\t\t<div class=\"elementor-element elementor-element-4711593 elementor-widget elementor-widget-text-editor\" data-id=\"4711593\" data-element_type=\"widget\" data-e-type=\"widget\" data-widget_type=\"text-editor.default\">\n\t\t\t\t<div class=\"elementor-widget-container\">\n\t\t\t\t\t\t\t\t\t<ul><li><a href=\"https:\/\/fmc.ch\/fr\/reseau-vertical\/\" target=\"_blank\" rel=\"noopener\">Mise en r\u00e9seau verticale - mediX bern et groupe Lindenhof - De l'\u00e9tat de projet \u00e0 l'exploitation op\u00e9rationnelle<\/a><\/li><li><a href=\"https:\/\/fmc.ch\/fr\/concept-de-cabinet-dans-le-cabinet-de-groupe-de-sanacare\/\" target=\"_blank\" rel=\"noopener\">Nouveau concept de cabinet dans le cabinet de groupe de Sanacare<\/a><\/li><li><a href=\"https:\/\/fmc.ch\/fr\/travail-social-au-cabinet-medical\/\" target=\"_blank\" rel=\"noopener\">Rapport final du projet de recherche : Le travail social au cabinet m\u00e9dical<\/a><\/li><li><a href=\"https:\/\/fmc.ch\/fr\/ameliorer-la-qualite-et-reduire-les-couts-grace-aux-reseaux-de-medecins\/\" target=\"_blank\" rel=\"noopener\">Am\u00e9liorer la qualit\u00e9 et r\u00e9duire les co\u00fbts gr\u00e2ce aux r\u00e9seaux de m\u00e9decins<\/a><\/li><li><a href=\"https:\/\/fmc.ch\/fr\/enquete-fmc-aupres-des-assures\/\" target=\"_blank\" rel=\"noopener\">Enqu\u00eate fmc aupr\u00e8s des assur\u00e9s 2022<\/a><\/li><\/ul>\t\t\t\t\t\t\t\t<\/div>\n\t\t\t\t<\/div>\n\t\t\t\t\t<\/div>\n\t\t\t\t<\/div>\n\t\t\t\t<\/div>","protected":false},"excerpt":{"rendered":"<p>R\u00e9seaux de m\u00e9decins et soins int\u00e9gr\u00e9s : Que coordonner ? Comment coop\u00e9rer ?<\/p>","protected":false},"author":8,"featured_media":2717,"comment_status":"closed","ping_status":"closed","sticky":false,"template":"","format":[164,138],"meta":{"footnotes":""},"strategie":[160,156],"thema":[152],"class_list":["post-225","post","type-post","status-publish","format-standard","has-post-thumbnail","hentry","strategie-mindset","strategie-zusammenarbeit","thema-interprofessionelle-zusammenarbeit","format-symposium-archiv","format-veranstaltung"],"yoast_head":"<!-- This site is optimized with the Yoast SEO plugin v27.5 - https:\/\/yoast.com\/product\/yoast-seo-wordpress\/ -->\n<title>\u00c4rztenetze und Integrierte Versorgung: Was koordinieren? Wie kooperieren? - FMC<\/title>\n<meta name=\"description\" content=\"Patient:innen sind in erster Linie Menschen und nicht Tr\u00e4ger von Krankheiten.\" \/>\n<meta name=\"robots\" content=\"index, follow, max-snippet:-1, max-image-preview:large, max-video-preview:-1\" \/>\n<link rel=\"canonical\" href=\"https:\/\/fmc.ch\/fr\/symposium-2019\/\" \/>\n<meta property=\"og:locale\" content=\"fr_FR\" \/>\n<meta property=\"og:type\" content=\"article\" \/>\n<meta property=\"og:title\" content=\"\u00c4rztenetze und Integrierte Versorgung: Was koordinieren? Wie kooperieren? - FMC\" \/>\n<meta property=\"og:description\" content=\"Patient:innen sind in erster Linie Menschen und nicht Tr\u00e4ger von Krankheiten.\" \/>\n<meta property=\"og:url\" content=\"https:\/\/fmc.ch\/fr\/symposium-2019\/\" \/>\n<meta property=\"og:site_name\" content=\"FMC\" \/>\n<meta property=\"article:published_time\" content=\"2019-08-01T12:00:00+00:00\" \/>\n<meta property=\"article:modified_time\" content=\"2025-12-01T15:26:21+00:00\" \/>\n<meta property=\"og:image\" content=\"https:\/\/fmc.ch\/wp-content\/uploads\/2019\/06\/Keyvisual_Symposim_19_jpeg.jpg\" \/>\n\t<meta property=\"og:image:width\" content=\"600\" \/>\n\t<meta property=\"og:image:height\" content=\"600\" \/>\n\t<meta property=\"og:image:type\" content=\"image\/jpeg\" \/>\n<meta name=\"author\" content=\"millywilly\" \/>\n<meta name=\"twitter:card\" content=\"summary_large_image\" \/>\n<meta name=\"twitter:label1\" content=\"\u00c9crit par\" \/>\n\t<meta name=\"twitter:data1\" content=\"millywilly\" \/>\n\t<meta name=\"twitter:label2\" content=\"Dur\u00e9e de lecture estim\u00e9e\" \/>\n\t<meta name=\"twitter:data2\" content=\"5 minutes\" \/>\n<script type=\"application\/ld+json\" class=\"yoast-schema-graph\">{\"@context\":\"https:\\\/\\\/schema.org\",\"@graph\":[{\"@type\":\"Article\",\"@id\":\"https:\\\/\\\/fmc.ch\\\/symposium-2019\\\/#article\",\"isPartOf\":{\"@id\":\"https:\\\/\\\/fmc.ch\\\/symposium-2019\\\/\"},\"author\":{\"name\":\"millywilly\",\"@id\":\"https:\\\/\\\/fmc.ch\\\/#\\\/schema\\\/person\\\/2b9ee3d0e51becbbd1dfdfb27772171f\"},\"headline\":\"\u00c4rztenetze und Integrierte Versorgung: Was koordinieren? Wie kooperieren?\",\"datePublished\":\"2019-08-01T12:00:00+00:00\",\"dateModified\":\"2025-12-01T15:26:21+00:00\",\"mainEntityOfPage\":{\"@id\":\"https:\\\/\\\/fmc.ch\\\/symposium-2019\\\/\"},\"wordCount\":614,\"publisher\":{\"@id\":\"https:\\\/\\\/fmc.ch\\\/#organization\"},\"image\":{\"@id\":\"https:\\\/\\\/fmc.ch\\\/symposium-2019\\\/#primaryimage\"},\"thumbnailUrl\":\"https:\\\/\\\/fmc.ch\\\/wp-content\\\/uploads\\\/2019\\\/06\\\/Keyvisual_Symposim_19_jpeg.jpg\",\"articleSection\":[\"Symposium Archiv\"],\"inLanguage\":\"fr-FR\"},{\"@type\":\"WebPage\",\"@id\":\"https:\\\/\\\/fmc.ch\\\/symposium-2019\\\/\",\"url\":\"https:\\\/\\\/fmc.ch\\\/symposium-2019\\\/\",\"name\":\"\u00c4rztenetze und Integrierte Versorgung: Was koordinieren? Wie kooperieren? - FMC\",\"isPartOf\":{\"@id\":\"https:\\\/\\\/fmc.ch\\\/#website\"},\"primaryImageOfPage\":{\"@id\":\"https:\\\/\\\/fmc.ch\\\/symposium-2019\\\/#primaryimage\"},\"image\":{\"@id\":\"https:\\\/\\\/fmc.ch\\\/symposium-2019\\\/#primaryimage\"},\"thumbnailUrl\":\"https:\\\/\\\/fmc.ch\\\/wp-content\\\/uploads\\\/2019\\\/06\\\/Keyvisual_Symposim_19_jpeg.jpg\",\"datePublished\":\"2019-08-01T12:00:00+00:00\",\"dateModified\":\"2025-12-01T15:26:21+00:00\",\"description\":\"Patient:innen sind in erster Linie Menschen und nicht Tr\u00e4ger von Krankheiten.\",\"breadcrumb\":{\"@id\":\"https:\\\/\\\/fmc.ch\\\/symposium-2019\\\/#breadcrumb\"},\"inLanguage\":\"fr-FR\",\"potentialAction\":[{\"@type\":\"ReadAction\",\"target\":[\"https:\\\/\\\/fmc.ch\\\/symposium-2019\\\/\"]}]},{\"@type\":\"ImageObject\",\"inLanguage\":\"fr-FR\",\"@id\":\"https:\\\/\\\/fmc.ch\\\/symposium-2019\\\/#primaryimage\",\"url\":\"https:\\\/\\\/fmc.ch\\\/wp-content\\\/uploads\\\/2019\\\/06\\\/Keyvisual_Symposim_19_jpeg.jpg\",\"contentUrl\":\"https:\\\/\\\/fmc.ch\\\/wp-content\\\/uploads\\\/2019\\\/06\\\/Keyvisual_Symposim_19_jpeg.jpg\",\"width\":600,\"height\":600},{\"@type\":\"BreadcrumbList\",\"@id\":\"https:\\\/\\\/fmc.ch\\\/symposium-2019\\\/#breadcrumb\",\"itemListElement\":[{\"@type\":\"ListItem\",\"position\":1,\"name\":\"Home\",\"item\":\"https:\\\/\\\/fmc.ch\\\/\"},{\"@type\":\"ListItem\",\"position\":2,\"name\":\"\u00c4rztenetze und Integrierte Versorgung: Was koordinieren? Wie kooperieren?\"}]},{\"@type\":\"WebSite\",\"@id\":\"https:\\\/\\\/fmc.ch\\\/#website\",\"url\":\"https:\\\/\\\/fmc.ch\\\/\",\"name\":\"FMC\",\"description\":\"Schweizer Forum f\u00fcr Integrierte Versorgung\",\"publisher\":{\"@id\":\"https:\\\/\\\/fmc.ch\\\/#organization\"},\"potentialAction\":[{\"@type\":\"SearchAction\",\"target\":{\"@type\":\"EntryPoint\",\"urlTemplate\":\"https:\\\/\\\/fmc.ch\\\/?s={search_term_string}\"},\"query-input\":{\"@type\":\"PropertyValueSpecification\",\"valueRequired\":true,\"valueName\":\"search_term_string\"}}],\"inLanguage\":\"fr-FR\"},{\"@type\":\"Organization\",\"@id\":\"https:\\\/\\\/fmc.ch\\\/#organization\",\"name\":\"FMC\",\"url\":\"https:\\\/\\\/fmc.ch\\\/\",\"logo\":{\"@type\":\"ImageObject\",\"inLanguage\":\"fr-FR\",\"@id\":\"https:\\\/\\\/fmc.ch\\\/#\\\/schema\\\/logo\\\/image\\\/\",\"url\":\"https:\\\/\\\/fmc.ch\\\/wp-content\\\/uploads\\\/2023\\\/09\\\/fmc-logo.svg\",\"contentUrl\":\"https:\\\/\\\/fmc.ch\\\/wp-content\\\/uploads\\\/2023\\\/09\\\/fmc-logo.svg\",\"caption\":\"FMC\"},\"image\":{\"@id\":\"https:\\\/\\\/fmc.ch\\\/#\\\/schema\\\/logo\\\/image\\\/\"}},{\"@type\":\"Person\",\"@id\":\"https:\\\/\\\/fmc.ch\\\/#\\\/schema\\\/person\\\/2b9ee3d0e51becbbd1dfdfb27772171f\",\"name\":\"millywilly\",\"image\":{\"@type\":\"ImageObject\",\"inLanguage\":\"fr-FR\",\"@id\":\"https:\\\/\\\/secure.gravatar.com\\\/avatar\\\/0ce41b09a186b85dbc9d2c021eefa29c0eb347cf448ddb165dcc1e3464d28b12?s=96&d=mm&r=g\",\"url\":\"https:\\\/\\\/secure.gravatar.com\\\/avatar\\\/0ce41b09a186b85dbc9d2c021eefa29c0eb347cf448ddb165dcc1e3464d28b12?s=96&d=mm&r=g\",\"contentUrl\":\"https:\\\/\\\/secure.gravatar.com\\\/avatar\\\/0ce41b09a186b85dbc9d2c021eefa29c0eb347cf448ddb165dcc1e3464d28b12?s=96&d=mm&r=g\",\"caption\":\"millywilly\"},\"url\":\"https:\\\/\\\/fmc.ch\\\/fr\\\/author\\\/millywilly\\\/\"}]}<\/script>\n<!-- \/ Yoast SEO plugin. -->","yoast_head_json":{"title":"R\u00e9seaux de m\u00e9decins et soins int\u00e9gr\u00e9s : Que coordonner ? Comment coop\u00e9rer ? - FMC","description":"Les patients sont avant tout des \u00eatres humains et non des porteurs de maladies.","robots":{"index":"index","follow":"follow","max-snippet":"max-snippet:-1","max-image-preview":"max-image-preview:large","max-video-preview":"max-video-preview:-1"},"canonical":"https:\/\/fmc.ch\/fr\/symposium-2019\/","og_locale":"fr_FR","og_type":"article","og_title":"\u00c4rztenetze und Integrierte Versorgung: Was koordinieren? Wie kooperieren? - FMC","og_description":"Patient:innen sind in erster Linie Menschen und nicht Tr\u00e4ger von Krankheiten.","og_url":"https:\/\/fmc.ch\/fr\/symposium-2019\/","og_site_name":"FMC","article_published_time":"2019-08-01T12:00:00+00:00","article_modified_time":"2025-12-01T15:26:21+00:00","og_image":[{"width":600,"height":600,"url":"https:\/\/fmc.ch\/wp-content\/uploads\/2019\/06\/Keyvisual_Symposim_19_jpeg.jpg","type":"image\/jpeg"}],"author":"millywilly","twitter_card":"summary_large_image","twitter_misc":{"\u00c9crit par":"millywilly","Dur\u00e9e de lecture estim\u00e9e":"5 minutes"},"schema":{"@context":"https:\/\/schema.org","@graph":[{"@type":"Article","@id":"https:\/\/fmc.ch\/symposium-2019\/#article","isPartOf":{"@id":"https:\/\/fmc.ch\/symposium-2019\/"},"author":{"name":"millywilly","@id":"https:\/\/fmc.ch\/#\/schema\/person\/2b9ee3d0e51becbbd1dfdfb27772171f"},"headline":"\u00c4rztenetze und Integrierte Versorgung: Was koordinieren? Wie kooperieren?","datePublished":"2019-08-01T12:00:00+00:00","dateModified":"2025-12-01T15:26:21+00:00","mainEntityOfPage":{"@id":"https:\/\/fmc.ch\/symposium-2019\/"},"wordCount":614,"publisher":{"@id":"https:\/\/fmc.ch\/#organization"},"image":{"@id":"https:\/\/fmc.ch\/symposium-2019\/#primaryimage"},"thumbnailUrl":"https:\/\/fmc.ch\/wp-content\/uploads\/2019\/06\/Keyvisual_Symposim_19_jpeg.jpg","articleSection":["Symposium Archiv"],"inLanguage":"fr-FR"},{"@type":"WebPage","@id":"https:\/\/fmc.ch\/symposium-2019\/","url":"https:\/\/fmc.ch\/symposium-2019\/","name":"R\u00e9seaux de m\u00e9decins et soins int\u00e9gr\u00e9s : Que coordonner ? Comment coop\u00e9rer ? - FMC","isPartOf":{"@id":"https:\/\/fmc.ch\/#website"},"primaryImageOfPage":{"@id":"https:\/\/fmc.ch\/symposium-2019\/#primaryimage"},"image":{"@id":"https:\/\/fmc.ch\/symposium-2019\/#primaryimage"},"thumbnailUrl":"https:\/\/fmc.ch\/wp-content\/uploads\/2019\/06\/Keyvisual_Symposim_19_jpeg.jpg","datePublished":"2019-08-01T12:00:00+00:00","dateModified":"2025-12-01T15:26:21+00:00","description":"Les patients sont avant tout des \u00eatres humains et non des porteurs de maladies.","breadcrumb":{"@id":"https:\/\/fmc.ch\/symposium-2019\/#breadcrumb"},"inLanguage":"fr-FR","potentialAction":[{"@type":"ReadAction","target":["https:\/\/fmc.ch\/symposium-2019\/"]}]},{"@type":"ImageObject","inLanguage":"fr-FR","@id":"https:\/\/fmc.ch\/symposium-2019\/#primaryimage","url":"https:\/\/fmc.ch\/wp-content\/uploads\/2019\/06\/Keyvisual_Symposim_19_jpeg.jpg","contentUrl":"https:\/\/fmc.ch\/wp-content\/uploads\/2019\/06\/Keyvisual_Symposim_19_jpeg.jpg","width":600,"height":600},{"@type":"BreadcrumbList","@id":"https:\/\/fmc.ch\/symposium-2019\/#breadcrumb","itemListElement":[{"@type":"ListItem","position":1,"name":"Home","item":"https:\/\/fmc.ch\/"},{"@type":"ListItem","position":2,"name":"\u00c4rztenetze und Integrierte Versorgung: Was koordinieren? Wie kooperieren?"}]},{"@type":"WebSite","@id":"https:\/\/fmc.ch\/#website","url":"https:\/\/fmc.ch\/","name":"FMC","description":"Forum suisse des soins int\u00e9gr\u00e9s","publisher":{"@id":"https:\/\/fmc.ch\/#organization"},"potentialAction":[{"@type":"SearchAction","target":{"@type":"EntryPoint","urlTemplate":"https:\/\/fmc.ch\/?s={search_term_string}"},"query-input":{"@type":"PropertyValueSpecification","valueRequired":true,"valueName":"search_term_string"}}],"inLanguage":"fr-FR"},{"@type":"Organization","@id":"https:\/\/fmc.ch\/#organization","name":"FMC","url":"https:\/\/fmc.ch\/","logo":{"@type":"ImageObject","inLanguage":"fr-FR","@id":"https:\/\/fmc.ch\/#\/schema\/logo\/image\/","url":"https:\/\/fmc.ch\/wp-content\/uploads\/2023\/09\/fmc-logo.svg","contentUrl":"https:\/\/fmc.ch\/wp-content\/uploads\/2023\/09\/fmc-logo.svg","caption":"FMC"},"image":{"@id":"https:\/\/fmc.ch\/#\/schema\/logo\/image\/"}},{"@type":"Person","@id":"https:\/\/fmc.ch\/#\/schema\/person\/2b9ee3d0e51becbbd1dfdfb27772171f","name":"millywilly","image":{"@type":"ImageObject","inLanguage":"fr-FR","@id":"https:\/\/secure.gravatar.com\/avatar\/0ce41b09a186b85dbc9d2c021eefa29c0eb347cf448ddb165dcc1e3464d28b12?s=96&d=mm&r=g","url":"https:\/\/secure.gravatar.com\/avatar\/0ce41b09a186b85dbc9d2c021eefa29c0eb347cf448ddb165dcc1e3464d28b12?s=96&d=mm&r=g","contentUrl":"https:\/\/secure.gravatar.com\/avatar\/0ce41b09a186b85dbc9d2c021eefa29c0eb347cf448ddb165dcc1e3464d28b12?s=96&d=mm&r=g","caption":"millywilly"},"url":"https:\/\/fmc.ch\/fr\/author\/millywilly\/"}]}},"_links":{"self":[{"href":"https:\/\/fmc.ch\/fr\/wp-json\/wp\/v2\/posts\/225","targetHints":{"allow":["GET"]}}],"collection":[{"href":"https:\/\/fmc.ch\/fr\/wp-json\/wp\/v2\/posts"}],"about":[{"href":"https:\/\/fmc.ch\/fr\/wp-json\/wp\/v2\/types\/post"}],"author":[{"embeddable":true,"href":"https:\/\/fmc.ch\/fr\/wp-json\/wp\/v2\/users\/8"}],"replies":[{"embeddable":true,"href":"https:\/\/fmc.ch\/fr\/wp-json\/wp\/v2\/comments?post=225"}],"version-history":[{"count":13,"href":"https:\/\/fmc.ch\/fr\/wp-json\/wp\/v2\/posts\/225\/revisions"}],"predecessor-version":[{"id":17035,"href":"https:\/\/fmc.ch\/fr\/wp-json\/wp\/v2\/posts\/225\/revisions\/17035"}],"wp:featuredmedia":[{"embeddable":true,"href":"https:\/\/fmc.ch\/fr\/wp-json\/wp\/v2\/media\/2717"}],"wp:attachment":[{"href":"https:\/\/fmc.ch\/fr\/wp-json\/wp\/v2\/media?parent=225"}],"wp:term":[{"taxonomy":"strategie","embeddable":true,"href":"https:\/\/fmc.ch\/fr\/wp-json\/wp\/v2\/strategie?post=225"},{"taxonomy":"thema","embeddable":true,"href":"https:\/\/fmc.ch\/fr\/wp-json\/wp\/v2\/thema?post=225"},{"taxonomy":"format","embeddable":true,"href":"https:\/\/fmc.ch\/fr\/wp-json\/wp\/v2\/format?post=225"}],"curies":[{"name":"wp","href":"https:\/\/api.w.org\/{rel}","templated":true}]}}