{"id":2115,"date":"2021-11-21T07:09:00","date_gmt":"2021-11-21T07:09:00","guid":{"rendered":"https:\/\/fmc.ch\/?p=2115"},"modified":"2024-11-11T10:53:53","modified_gmt":"2024-11-11T09:53:53","slug":"webinaire-sompsynet","status":"publish","type":"post","link":"https:\/\/fmc.ch\/fr\/webinar-sompsynet\/","title":{"rendered":"Pr\u00e9sentation du projet \"SomPsyNet\" \u00e0 B\u00e2le"},"content":{"rendered":"<div data-elementor-type=\"wp-post\" data-elementor-id=\"2115\" class=\"elementor elementor-2115\" data-elementor-post-type=\"post\">\n\t\t\t\t\t\t<section class=\"elementor-section elementor-top-section elementor-element elementor-element-403286f elementor-section-boxed elementor-section-height-default elementor-section-height-default elementor-invisible\" data-id=\"403286f\" data-element_type=\"section\" data-e-type=\"section\" data-settings=\"{&quot;animation&quot;:&quot;fadeIn&quot;}\">\n\t\t\t\t\t\t<div class=\"elementor-container elementor-column-gap-default\">\n\t\t\t\t\t<div class=\"elementor-column elementor-col-100 elementor-top-column elementor-element elementor-element-434d315\" data-id=\"434d315\" data-element_type=\"column\" data-e-type=\"column\">\n\t\t\t<div class=\"elementor-widget-wrap elementor-element-populated\">\n\t\t\t\t\t\t<div class=\"elementor-element elementor-element-54a9732 elementor-widget elementor-widget-text-editor\" data-id=\"54a9732\" data-element_type=\"widget\" data-e-type=\"widget\" data-widget_type=\"text-editor.default\">\n\t\t\t\t<div class=\"elementor-widget-container\">\n\t\t\t\t\t\t\t\t\t<h3>Promotion Sant\u00e9 Suisse soutient des projets qui renforcent la pr\u00e9vention dans les soins de sant\u00e9 (focus sur les maladies non transmissibles MNT, les addictions, la sant\u00e9 mentale). Les premiers projets ont d\u00e9j\u00e0 d\u00e9marr\u00e9 d\u00e9but 2019. Dans le cadre de la s\u00e9rie de webinaires, les connaissances et les r\u00e9sultats (interm\u00e9diaires) de ce premier cycle de promotion seront pr\u00e9sent\u00e9s, discut\u00e9s et r\u00e9fl\u00e9chis par un expert externe.<\/h3>\t\t\t\t\t\t\t\t<\/div>\n\t\t\t\t<\/div>\n\t\t\t\t\t<\/div>\n\t\t<\/div>\n\t\t\t\t\t<\/div>\n\t\t<\/section>\n\t\t\t\t<section class=\"elementor-section elementor-top-section elementor-element elementor-element-ddebd8a elementor-section-boxed elementor-section-height-default elementor-section-height-default elementor-invisible\" data-id=\"ddebd8a\" data-element_type=\"section\" data-e-type=\"section\" data-settings=\"{&quot;animation&quot;:&quot;fadeIn&quot;}\">\n\t\t\t\t\t\t<div class=\"elementor-container elementor-column-gap-default\">\n\t\t\t\t\t<div class=\"elementor-column elementor-col-100 elementor-top-column elementor-element elementor-element-b8caabd\" data-id=\"b8caabd\" data-element_type=\"column\" data-e-type=\"column\">\n\t\t\t<div class=\"elementor-widget-wrap elementor-element-populated\">\n\t\t\t\t\t\t<div class=\"elementor-element elementor-element-eca21c5 elementor-widget elementor-widget-text-editor\" data-id=\"eca21c5\" data-element_type=\"widget\" data-e-type=\"widget\" data-widget_type=\"text-editor.default\">\n\t\t\t\t<div class=\"elementor-widget-container\">\n\t\t\t\t\t\t\t\t\tPr\u00e9vention des cons\u00e9quences psychosociales du stress en m\u00e9decine somatique : un projet mod\u00e8le de soins collaboratifs : Dans les h\u00f4pitaux somatiques de soins aigus, environ un tiers des patientes et patients pr\u00e9sentent \u00e9galement des contraintes psychosociales, y compris des troubles psychiques. A l'avenir, ces troubles seront identifi\u00e9s \u00e0 un stade pr\u00e9coce et trait\u00e9s de mani\u00e8re coordonn\u00e9e et adapt\u00e9e aux besoins dans le cadre d'un r\u00e9seau de soins collaboratif et gradu\u00e9 en fonction de la gravit\u00e9, compos\u00e9 de quatre grands h\u00f4pitaux b\u00e2lois et d'acteurs importants des soins ambulatoires, avec une intention de pr\u00e9vention secondaire et tertiaire.\t\t\t\t\t\t\t\t<\/div>\n\t\t\t\t<\/div>\n\t\t\t\t\t<\/div>\n\t\t<\/div>\n\t\t\t\t\t<\/div>\n\t\t<\/section>\n\t\t\t\t<section class=\"elementor-section elementor-top-section elementor-element elementor-element-f0139c2 elementor-section-boxed elementor-section-height-default elementor-section-height-default elementor-invisible\" data-id=\"f0139c2\" data-element_type=\"section\" data-e-type=\"section\" data-settings=\"{&quot;animation&quot;:&quot;fadeIn&quot;}\">\n\t\t\t\t\t\t<div class=\"elementor-container elementor-column-gap-default\">\n\t\t\t\t\t<div class=\"elementor-column elementor-col-100 elementor-top-column elementor-element elementor-element-51c7b43\" data-id=\"51c7b43\" data-element_type=\"column\" data-e-type=\"column\">\n\t\t\t<div class=\"elementor-widget-wrap elementor-element-populated\">\n\t\t\t\t\t\t<div class=\"elementor-element elementor-element-759b6df elementor-invisible elementor-widget elementor-widget-heading\" data-id=\"759b6df\" data-element_type=\"widget\" data-e-type=\"widget\" data-settings=\"{&quot;_animation&quot;:&quot;fadeInUp&quot;}\" data-widget_type=\"heading.default\">\n\t\t\t\t<div class=\"elementor-widget-container\">\n\t\t\t\t\t<h4 class=\"elementor-heading-title elementor-size-default\">Pr\u00e9sentations :<\/h4>\t\t\t\t<\/div>\n\t\t\t\t<\/div>\n\t\t\t\t<div class=\"elementor-element elementor-element-b71ef3a elementor-widget elementor-widget-text-editor\" data-id=\"b71ef3a\" data-element_type=\"widget\" data-e-type=\"widget\" data-widget_type=\"text-editor.default\">\n\t\t\t\t<div class=\"elementor-widget-container\">\n\t\t\t\t\t\t\t\t\t<ul><li><a href=\"\/wp-content\/uploads\/2023\/10\/fmc-webinar-SomPsyNet-D.pdf\">Pr\u00e9vention des cons\u00e9quences psychosociales du stress en m\u00e9decine somatique : un projet pilote de soins collaboratifs<\/a><\/li><li><a href=\"\/wp-content\/uploads\/2023\/10\/fmc_webinar_SomPsyNet-Evaluation-D.pdf\">\u00c9valuation SomPsyNet\u00a0<\/a><\/li><\/ul>\t\t\t\t\t\t\t\t<\/div>\n\t\t\t\t<\/div>\n\t\t\t\t\t<\/div>\n\t\t<\/div>\n\t\t\t\t\t<\/div>\n\t\t<\/section>\n\t\t\t\t<section class=\"elementor-section elementor-top-section elementor-element elementor-element-2c3f55b elementor-section-boxed elementor-section-height-default elementor-section-height-default elementor-invisible\" data-id=\"2c3f55b\" data-element_type=\"section\" data-e-type=\"section\" data-settings=\"{&quot;animation&quot;:&quot;fadeIn&quot;}\">\n\t\t\t\t\t\t<div class=\"elementor-container elementor-column-gap-default\">\n\t\t\t\t\t<div class=\"elementor-column elementor-col-50 elementor-top-column elementor-element elementor-element-694655a\" data-id=\"694655a\" data-element_type=\"column\" data-e-type=\"column\">\n\t\t\t<div class=\"elementor-widget-wrap elementor-element-populated\">\n\t\t\t\t\t\t<div class=\"elementor-element elementor-element-43844f2a elementor-invisible elementor-widget elementor-widget-heading\" data-id=\"43844f2a\" data-element_type=\"widget\" data-e-type=\"widget\" data-settings=\"{&quot;_animation&quot;:&quot;fadeInUp&quot;}\" data-widget_type=\"heading.default\">\n\t\t\t\t<div class=\"elementor-widget-container\">\n\t\t\t\t\t<h4 class=\"elementor-heading-title elementor-size-default\">Responsables de projet :<\/h4>\t\t\t\t<\/div>\n\t\t\t\t<\/div>\n\t\t\t\t<div class=\"elementor-element elementor-element-6682d5b5 elementor-widget elementor-widget-text-editor\" data-id=\"6682d5b5\" data-element_type=\"widget\" data-e-type=\"widget\" data-widget_type=\"text-editor.default\">\n\t\t\t\t<div class=\"elementor-widget-container\">\n\t\t\t\t\t\t\t\t\t<ul><li>Prof. Rainer Sch\u00e4fert, m\u00e9decin-chef en psychosomatique, H\u00f4pital universitaire de B\u00e2le<\/li><\/ul><div>\u00a0<\/div><ul><li>Prof. Gunther Meinlschmidt, directeur de recherche, Clinique de psychosomatique, H\u00f4pital universitaire de B\u00e2le<\/li><\/ul><div>\u00a0<\/div><ul><li>Prof., PhD, MPH Kaspar Wyss, Swiss TPH, Centre suisse pour la sant\u00e9 internationale<\/li><\/ul><div>\u00a0<\/div><ul><li>MSc Christina Karpf, responsable de la division Pr\u00e9vention, D\u00e9partement de la sant\u00e9 du canton de B\u00e2le-Ville.<\/li><\/ul>\t\t\t\t\t\t\t\t<\/div>\n\t\t\t\t<\/div>\n\t\t\t\t\t<\/div>\n\t\t<\/div>\n\t\t\t\t<div class=\"elementor-column elementor-col-50 elementor-top-column elementor-element elementor-element-df51644\" data-id=\"df51644\" data-element_type=\"column\" data-e-type=\"column\">\n\t\t\t<div class=\"elementor-widget-wrap elementor-element-populated\">\n\t\t\t\t\t\t<div class=\"elementor-element elementor-element-2e0326be elementor-invisible elementor-widget elementor-widget-heading\" data-id=\"2e0326be\" data-element_type=\"widget\" data-e-type=\"widget\" data-settings=\"{&quot;_animation&quot;:&quot;fadeInUp&quot;}\" data-widget_type=\"heading.default\">\n\t\t\t\t<div class=\"elementor-widget-container\">\n\t\t\t\t\t<h4 class=\"elementor-heading-title elementor-size-default\">Collaborateurs du projet :<\/h4>\t\t\t\t<\/div>\n\t\t\t\t<\/div>\n\t\t\t\t<div class=\"elementor-element elementor-element-707fb651 elementor-widget elementor-widget-text-editor\" data-id=\"707fb651\" data-element_type=\"widget\" data-e-type=\"widget\" data-widget_type=\"text-editor.default\">\n\t\t\t\t<div class=\"elementor-widget-container\">\n\t\t\t\t\t\t\t\t\t<ul><li>ProMSc Nicola Aebi, Swiss TPH, Centre suisse pour la sant\u00e9 internationale<\/li><\/ul>\t\t\t\t\t\t\t\t<\/div>\n\t\t\t\t<\/div>\n\t\t\t\t<div class=\"elementor-element elementor-element-18f10d47 elementor-invisible elementor-widget elementor-widget-heading\" data-id=\"18f10d47\" data-element_type=\"widget\" data-e-type=\"widget\" data-settings=\"{&quot;_animation&quot;:&quot;fadeInUp&quot;}\" data-widget_type=\"heading.default\">\n\t\t\t\t<div class=\"elementor-widget-container\">\n\t\t\t\t\t<h4 class=\"elementor-heading-title elementor-size-default\">Expert de terrain :<\/h4>\t\t\t\t<\/div>\n\t\t\t\t<\/div>\n\t\t\t\t<div class=\"elementor-element elementor-element-4129d84c elementor-invisible elementor-widget elementor-widget-text-editor\" data-id=\"4129d84c\" data-element_type=\"widget\" data-e-type=\"widget\" data-settings=\"{&quot;_animation&quot;:&quot;fadeInUp&quot;}\" data-widget_type=\"text-editor.default\">\n\t\t\t\t<div class=\"elementor-widget-container\">\n\t\t\t\t\t\t\t\t\t<ul><li>Prof. Dr m\u00e9d Urs Hepp, ancien directeur m\u00e9dical, Psychiatrie int\u00e9gr\u00e9e Winterthur - Z\u00fcricher Unterland ipw<\/li><\/ul>\t\t\t\t\t\t\t\t<\/div>\n\t\t\t\t<\/div>\n\t\t\t\t\t<\/div>\n\t\t<\/div>\n\t\t\t\t\t<\/div>\n\t\t<\/section>\n\t\t\t\t<section class=\"elementor-section elementor-top-section elementor-element elementor-element-422c4f8 elementor-section-boxed elementor-section-height-default elementor-section-height-default\" data-id=\"422c4f8\" data-element_type=\"section\" data-e-type=\"section\">\n\t\t\t\t\t\t<div class=\"elementor-container elementor-column-gap-default\">\n\t\t\t\t\t<div class=\"elementor-column elementor-col-100 elementor-top-column elementor-element elementor-element-219ed8c\" data-id=\"219ed8c\" data-element_type=\"column\" data-e-type=\"column\">\n\t\t\t<div class=\"elementor-widget-wrap elementor-element-populated\">\n\t\t\t\t\t\t<div class=\"elementor-element elementor-element-3739ddd elementor-widget elementor-widget-spacer\" data-id=\"3739ddd\" data-element_type=\"widget\" data-e-type=\"widget\" data-widget_type=\"spacer.default\">\n\t\t\t\t<div class=\"elementor-widget-container\">\n\t\t\t\t\t\t\t<div class=\"elementor-spacer\">\n\t\t\t<div class=\"elementor-spacer-inner\"><\/div>\n\t\t<\/div>\n\t\t\t\t\t\t<\/div>\n\t\t\t\t<\/div>\n\t\t\t\t\t<\/div>\n\t\t<\/div>\n\t\t\t\t\t<\/div>\n\t\t<\/section>\n\t\t\t\t<\/div>","protected":false},"excerpt":{"rendered":"<p>Dans les h\u00f4pitaux somatiques de soins aigus, environ un tiers des patientes et patients pr\u00e9sentent \u00e9galement des contraintes psychosociales, y compris des troubles psychiques. \u00c0 l'avenir, ces troubles seront identifi\u00e9s de mani\u00e8re pr\u00e9coce et trait\u00e9s de mani\u00e8re coordonn\u00e9e et adapt\u00e9e aux besoins dans le cadre d'un r\u00e9seau de soins collaboratif et gradu\u00e9 en fonction du degr\u00e9 de gravit\u00e9, compos\u00e9 de quatre grands h\u00f4pitaux b\u00e2lois et d'acteurs importants des soins ambulatoires, avec une intention de pr\u00e9vention secondaire et tertiaire, d'une part.<\/p>","protected":false},"author":2,"featured_media":2113,"comment_status":"closed","ping_status":"closed","sticky":false,"template":"","format":[138,141],"meta":{"footnotes":""},"strategie":[156],"thema":[152],"class_list":["post-2115","post","type-post","status-publish","format-standard","has-post-thumbnail","hentry","strategie-zusammenarbeit","thema-interprofessionelle-zusammenarbeit","format-veranstaltung","format-webinare"],"yoast_head":"<!-- This site is optimized with the Yoast SEO plugin v27.5 - https:\/\/yoast.com\/product\/yoast-seo-wordpress\/ -->\n<title>Vorstellung des Projektes \u00abSomPsyNet\u00bb in Basel - FMC<\/title>\n<meta name=\"description\" content=\"Pr\u00e4vention psychosozialer Belastungsfolgen in der Somatik: ein Modellprojekt zur kollaborativen Versorgung.\" \/>\n<meta name=\"robots\" content=\"index, follow, max-snippet:-1, max-image-preview:large, max-video-preview:-1\" \/>\n<link rel=\"canonical\" href=\"https:\/\/fmc.ch\/fr\/webinaire-sompsynet\/\" \/>\n<meta property=\"og:locale\" content=\"fr_FR\" \/>\n<meta property=\"og:type\" content=\"article\" \/>\n<meta property=\"og:title\" content=\"Vorstellung des Projektes \u00abSomPsyNet\u00bb in Basel - FMC\" \/>\n<meta property=\"og:description\" content=\"Pr\u00e4vention psychosozialer Belastungsfolgen in der Somatik: ein Modellprojekt zur kollaborativen Versorgung.\" \/>\n<meta property=\"og:url\" content=\"https:\/\/fmc.ch\/fr\/webinaire-sompsynet\/\" \/>\n<meta property=\"og:site_name\" content=\"FMC\" \/>\n<meta property=\"article:published_time\" content=\"2021-11-21T07:09:00+00:00\" \/>\n<meta property=\"article:modified_time\" content=\"2024-11-11T09:53:53+00:00\" \/>\n<meta property=\"og:image\" content=\"https:\/\/fmc.ch\/wp-content\/uploads\/2023\/10\/Bild-Webinar-SomPsy.jpg\" \/>\n\t<meta property=\"og:image:width\" content=\"600\" \/>\n\t<meta property=\"og:image:height\" content=\"600\" \/>\n\t<meta property=\"og:image:type\" content=\"image\/jpeg\" \/>\n<meta name=\"author\" content=\"Nadja Blanchard\" \/>\n<meta name=\"twitter:card\" content=\"summary_large_image\" \/>\n<meta name=\"twitter:label1\" content=\"\u00c9crit par\" \/>\n\t<meta name=\"twitter:data1\" content=\"Nadja Blanchard\" \/>\n\t<meta name=\"twitter:label2\" content=\"Dur\u00e9e de lecture estim\u00e9e\" \/>\n\t<meta name=\"twitter:data2\" content=\"2 minutes\" \/>\n<script type=\"application\/ld+json\" class=\"yoast-schema-graph\">{\"@context\":\"https:\\\/\\\/schema.org\",\"@graph\":[{\"@type\":\"Article\",\"@id\":\"https:\\\/\\\/fmc.ch\\\/webinar-sompsynet\\\/#article\",\"isPartOf\":{\"@id\":\"https:\\\/\\\/fmc.ch\\\/webinar-sompsynet\\\/\"},\"author\":{\"name\":\"Nadja Blanchard\",\"@id\":\"https:\\\/\\\/fmc.ch\\\/#\\\/schema\\\/person\\\/3a7218d283691f8ef8cf410e4615e507\"},\"headline\":\"Vorstellung des Projektes \u00abSomPsyNet\u00bb in Basel\",\"datePublished\":\"2021-11-21T07:09:00+00:00\",\"dateModified\":\"2024-11-11T09:53:53+00:00\",\"mainEntityOfPage\":{\"@id\":\"https:\\\/\\\/fmc.ch\\\/webinar-sompsynet\\\/\"},\"wordCount\":224,\"publisher\":{\"@id\":\"https:\\\/\\\/fmc.ch\\\/#organization\"},\"image\":{\"@id\":\"https:\\\/\\\/fmc.ch\\\/webinar-sompsynet\\\/#primaryimage\"},\"thumbnailUrl\":\"https:\\\/\\\/fmc.ch\\\/wp-content\\\/uploads\\\/2023\\\/10\\\/Bild-Webinar-SomPsy.jpg\",\"keywords\":[\"Interprofessionelle Zusammenarbeit\"],\"articleSection\":[\"Webinare\"],\"inLanguage\":\"fr-FR\"},{\"@type\":\"WebPage\",\"@id\":\"https:\\\/\\\/fmc.ch\\\/webinar-sompsynet\\\/\",\"url\":\"https:\\\/\\\/fmc.ch\\\/webinar-sompsynet\\\/\",\"name\":\"Vorstellung des Projektes \u00abSomPsyNet\u00bb in Basel - FMC\",\"isPartOf\":{\"@id\":\"https:\\\/\\\/fmc.ch\\\/#website\"},\"primaryImageOfPage\":{\"@id\":\"https:\\\/\\\/fmc.ch\\\/webinar-sompsynet\\\/#primaryimage\"},\"image\":{\"@id\":\"https:\\\/\\\/fmc.ch\\\/webinar-sompsynet\\\/#primaryimage\"},\"thumbnailUrl\":\"https:\\\/\\\/fmc.ch\\\/wp-content\\\/uploads\\\/2023\\\/10\\\/Bild-Webinar-SomPsy.jpg\",\"datePublished\":\"2021-11-21T07:09:00+00:00\",\"dateModified\":\"2024-11-11T09:53:53+00:00\",\"description\":\"Pr\u00e4vention psychosozialer Belastungsfolgen in der Somatik: ein Modellprojekt zur kollaborativen Versorgung.\",\"breadcrumb\":{\"@id\":\"https:\\\/\\\/fmc.ch\\\/webinar-sompsynet\\\/#breadcrumb\"},\"inLanguage\":\"fr-FR\",\"potentialAction\":[{\"@type\":\"ReadAction\",\"target\":[\"https:\\\/\\\/fmc.ch\\\/webinar-sompsynet\\\/\"]}]},{\"@type\":\"ImageObject\",\"inLanguage\":\"fr-FR\",\"@id\":\"https:\\\/\\\/fmc.ch\\\/webinar-sompsynet\\\/#primaryimage\",\"url\":\"https:\\\/\\\/fmc.ch\\\/wp-content\\\/uploads\\\/2023\\\/10\\\/Bild-Webinar-SomPsy.jpg\",\"contentUrl\":\"https:\\\/\\\/fmc.ch\\\/wp-content\\\/uploads\\\/2023\\\/10\\\/Bild-Webinar-SomPsy.jpg\",\"width\":600,\"height\":600},{\"@type\":\"BreadcrumbList\",\"@id\":\"https:\\\/\\\/fmc.ch\\\/webinar-sompsynet\\\/#breadcrumb\",\"itemListElement\":[{\"@type\":\"ListItem\",\"position\":1,\"name\":\"Home\",\"item\":\"https:\\\/\\\/fmc.ch\\\/\"},{\"@type\":\"ListItem\",\"position\":2,\"name\":\"Vorstellung des Projektes \u00abSomPsyNet\u00bb in Basel\"}]},{\"@type\":\"WebSite\",\"@id\":\"https:\\\/\\\/fmc.ch\\\/#website\",\"url\":\"https:\\\/\\\/fmc.ch\\\/\",\"name\":\"FMC\",\"description\":\"Schweizer Forum f\u00fcr Integrierte Versorgung\",\"publisher\":{\"@id\":\"https:\\\/\\\/fmc.ch\\\/#organization\"},\"potentialAction\":[{\"@type\":\"SearchAction\",\"target\":{\"@type\":\"EntryPoint\",\"urlTemplate\":\"https:\\\/\\\/fmc.ch\\\/?s={search_term_string}\"},\"query-input\":{\"@type\":\"PropertyValueSpecification\",\"valueRequired\":true,\"valueName\":\"search_term_string\"}}],\"inLanguage\":\"fr-FR\"},{\"@type\":\"Organization\",\"@id\":\"https:\\\/\\\/fmc.ch\\\/#organization\",\"name\":\"FMC\",\"url\":\"https:\\\/\\\/fmc.ch\\\/\",\"logo\":{\"@type\":\"ImageObject\",\"inLanguage\":\"fr-FR\",\"@id\":\"https:\\\/\\\/fmc.ch\\\/#\\\/schema\\\/logo\\\/image\\\/\",\"url\":\"https:\\\/\\\/fmc.ch\\\/wp-content\\\/uploads\\\/2023\\\/09\\\/fmc-logo.svg\",\"contentUrl\":\"https:\\\/\\\/fmc.ch\\\/wp-content\\\/uploads\\\/2023\\\/09\\\/fmc-logo.svg\",\"caption\":\"FMC\"},\"image\":{\"@id\":\"https:\\\/\\\/fmc.ch\\\/#\\\/schema\\\/logo\\\/image\\\/\"}},{\"@type\":\"Person\",\"@id\":\"https:\\\/\\\/fmc.ch\\\/#\\\/schema\\\/person\\\/3a7218d283691f8ef8cf410e4615e507\",\"name\":\"Nadja Blanchard\",\"image\":{\"@type\":\"ImageObject\",\"inLanguage\":\"fr-FR\",\"@id\":\"https:\\\/\\\/secure.gravatar.com\\\/avatar\\\/729fbcebbfccd7834565b1398470d6ea84a4f3e7525873a0cb368db99228ce7b?s=96&d=mm&r=g\",\"url\":\"https:\\\/\\\/secure.gravatar.com\\\/avatar\\\/729fbcebbfccd7834565b1398470d6ea84a4f3e7525873a0cb368db99228ce7b?s=96&d=mm&r=g\",\"contentUrl\":\"https:\\\/\\\/secure.gravatar.com\\\/avatar\\\/729fbcebbfccd7834565b1398470d6ea84a4f3e7525873a0cb368db99228ce7b?s=96&d=mm&r=g\",\"caption\":\"Nadja Blanchard\"},\"url\":\"https:\\\/\\\/fmc.ch\\\/fr\\\/author\\\/nadja-blanchardfmc-ch\\\/\"}]}<\/script>\n<!-- \/ Yoast SEO plugin. -->","yoast_head_json":{"title":"Pr\u00e9sentation du projet \"SomPsyNet\" \u00e0 B\u00e2le - FMC","description":"Pr\u00e9vention des cons\u00e9quences psychosociales du stress en m\u00e9decine somatique : un projet pilote de soins collaboratifs.","robots":{"index":"index","follow":"follow","max-snippet":"max-snippet:-1","max-image-preview":"max-image-preview:large","max-video-preview":"max-video-preview:-1"},"canonical":"https:\/\/fmc.ch\/fr\/webinaire-sompsynet\/","og_locale":"fr_FR","og_type":"article","og_title":"Vorstellung des Projektes \u00abSomPsyNet\u00bb in Basel - FMC","og_description":"Pr\u00e4vention psychosozialer Belastungsfolgen in der Somatik: ein Modellprojekt zur kollaborativen Versorgung.","og_url":"https:\/\/fmc.ch\/fr\/webinaire-sompsynet\/","og_site_name":"FMC","article_published_time":"2021-11-21T07:09:00+00:00","article_modified_time":"2024-11-11T09:53:53+00:00","og_image":[{"width":600,"height":600,"url":"https:\/\/fmc.ch\/wp-content\/uploads\/2023\/10\/Bild-Webinar-SomPsy.jpg","type":"image\/jpeg"}],"author":"Nadja Blanchard","twitter_card":"summary_large_image","twitter_misc":{"\u00c9crit par":"Nadja Blanchard","Dur\u00e9e de lecture estim\u00e9e":"2 minutes"},"schema":{"@context":"https:\/\/schema.org","@graph":[{"@type":"Article","@id":"https:\/\/fmc.ch\/webinar-sompsynet\/#article","isPartOf":{"@id":"https:\/\/fmc.ch\/webinar-sompsynet\/"},"author":{"name":"Nadja Blanchard","@id":"https:\/\/fmc.ch\/#\/schema\/person\/3a7218d283691f8ef8cf410e4615e507"},"headline":"Vorstellung des Projektes \u00abSomPsyNet\u00bb in Basel","datePublished":"2021-11-21T07:09:00+00:00","dateModified":"2024-11-11T09:53:53+00:00","mainEntityOfPage":{"@id":"https:\/\/fmc.ch\/webinar-sompsynet\/"},"wordCount":224,"publisher":{"@id":"https:\/\/fmc.ch\/#organization"},"image":{"@id":"https:\/\/fmc.ch\/webinar-sompsynet\/#primaryimage"},"thumbnailUrl":"https:\/\/fmc.ch\/wp-content\/uploads\/2023\/10\/Bild-Webinar-SomPsy.jpg","keywords":["Interprofessionelle Zusammenarbeit"],"articleSection":["Webinare"],"inLanguage":"fr-FR"},{"@type":"WebPage","@id":"https:\/\/fmc.ch\/webinar-sompsynet\/","url":"https:\/\/fmc.ch\/webinar-sompsynet\/","name":"Pr\u00e9sentation du projet \"SomPsyNet\" \u00e0 B\u00e2le - FMC","isPartOf":{"@id":"https:\/\/fmc.ch\/#website"},"primaryImageOfPage":{"@id":"https:\/\/fmc.ch\/webinar-sompsynet\/#primaryimage"},"image":{"@id":"https:\/\/fmc.ch\/webinar-sompsynet\/#primaryimage"},"thumbnailUrl":"https:\/\/fmc.ch\/wp-content\/uploads\/2023\/10\/Bild-Webinar-SomPsy.jpg","datePublished":"2021-11-21T07:09:00+00:00","dateModified":"2024-11-11T09:53:53+00:00","description":"Pr\u00e9vention des cons\u00e9quences psychosociales du stress en m\u00e9decine somatique : un projet pilote de soins collaboratifs.","breadcrumb":{"@id":"https:\/\/fmc.ch\/webinar-sompsynet\/#breadcrumb"},"inLanguage":"fr-FR","potentialAction":[{"@type":"ReadAction","target":["https:\/\/fmc.ch\/webinar-sompsynet\/"]}]},{"@type":"ImageObject","inLanguage":"fr-FR","@id":"https:\/\/fmc.ch\/webinar-sompsynet\/#primaryimage","url":"https:\/\/fmc.ch\/wp-content\/uploads\/2023\/10\/Bild-Webinar-SomPsy.jpg","contentUrl":"https:\/\/fmc.ch\/wp-content\/uploads\/2023\/10\/Bild-Webinar-SomPsy.jpg","width":600,"height":600},{"@type":"BreadcrumbList","@id":"https:\/\/fmc.ch\/webinar-sompsynet\/#breadcrumb","itemListElement":[{"@type":"ListItem","position":1,"name":"Home","item":"https:\/\/fmc.ch\/"},{"@type":"ListItem","position":2,"name":"Vorstellung des Projektes \u00abSomPsyNet\u00bb in Basel"}]},{"@type":"WebSite","@id":"https:\/\/fmc.ch\/#website","url":"https:\/\/fmc.ch\/","name":"FMC","description":"Forum suisse des soins int\u00e9gr\u00e9s","publisher":{"@id":"https:\/\/fmc.ch\/#organization"},"potentialAction":[{"@type":"SearchAction","target":{"@type":"EntryPoint","urlTemplate":"https:\/\/fmc.ch\/?s={search_term_string}"},"query-input":{"@type":"PropertyValueSpecification","valueRequired":true,"valueName":"search_term_string"}}],"inLanguage":"fr-FR"},{"@type":"Organization","@id":"https:\/\/fmc.ch\/#organization","name":"FMC","url":"https:\/\/fmc.ch\/","logo":{"@type":"ImageObject","inLanguage":"fr-FR","@id":"https:\/\/fmc.ch\/#\/schema\/logo\/image\/","url":"https:\/\/fmc.ch\/wp-content\/uploads\/2023\/09\/fmc-logo.svg","contentUrl":"https:\/\/fmc.ch\/wp-content\/uploads\/2023\/09\/fmc-logo.svg","caption":"FMC"},"image":{"@id":"https:\/\/fmc.ch\/#\/schema\/logo\/image\/"}},{"@type":"Person","@id":"https:\/\/fmc.ch\/#\/schema\/person\/3a7218d283691f8ef8cf410e4615e507","name":"Nadja Blanchard","image":{"@type":"ImageObject","inLanguage":"fr-FR","@id":"https:\/\/secure.gravatar.com\/avatar\/729fbcebbfccd7834565b1398470d6ea84a4f3e7525873a0cb368db99228ce7b?s=96&d=mm&r=g","url":"https:\/\/secure.gravatar.com\/avatar\/729fbcebbfccd7834565b1398470d6ea84a4f3e7525873a0cb368db99228ce7b?s=96&d=mm&r=g","contentUrl":"https:\/\/secure.gravatar.com\/avatar\/729fbcebbfccd7834565b1398470d6ea84a4f3e7525873a0cb368db99228ce7b?s=96&d=mm&r=g","caption":"Nadja Blanchard"},"url":"https:\/\/fmc.ch\/fr\/author\/nadja-blanchardfmc-ch\/"}]}},"_links":{"self":[{"href":"https:\/\/fmc.ch\/fr\/wp-json\/wp\/v2\/posts\/2115","targetHints":{"allow":["GET"]}}],"collection":[{"href":"https:\/\/fmc.ch\/fr\/wp-json\/wp\/v2\/posts"}],"about":[{"href":"https:\/\/fmc.ch\/fr\/wp-json\/wp\/v2\/types\/post"}],"author":[{"embeddable":true,"href":"https:\/\/fmc.ch\/fr\/wp-json\/wp\/v2\/users\/2"}],"replies":[{"embeddable":true,"href":"https:\/\/fmc.ch\/fr\/wp-json\/wp\/v2\/comments?post=2115"}],"version-history":[{"count":4,"href":"https:\/\/fmc.ch\/fr\/wp-json\/wp\/v2\/posts\/2115\/revisions"}],"predecessor-version":[{"id":12074,"href":"https:\/\/fmc.ch\/fr\/wp-json\/wp\/v2\/posts\/2115\/revisions\/12074"}],"wp:featuredmedia":[{"embeddable":true,"href":"https:\/\/fmc.ch\/fr\/wp-json\/wp\/v2\/media\/2113"}],"wp:attachment":[{"href":"https:\/\/fmc.ch\/fr\/wp-json\/wp\/v2\/media?parent=2115"}],"wp:term":[{"taxonomy":"strategie","embeddable":true,"href":"https:\/\/fmc.ch\/fr\/wp-json\/wp\/v2\/strategie?post=2115"},{"taxonomy":"thema","embeddable":true,"href":"https:\/\/fmc.ch\/fr\/wp-json\/wp\/v2\/thema?post=2115"},{"taxonomy":"format","embeddable":true,"href":"https:\/\/fmc.ch\/fr\/wp-json\/wp\/v2\/format?post=2115"}],"curies":[{"name":"wp","href":"https:\/\/api.w.org\/{rel}","templated":true}]}}