{"id":2084,"date":"2022-09-12T13:21:00","date_gmt":"2022-09-12T13:21:00","guid":{"rendered":"https:\/\/fmc.ch\/?p=2084"},"modified":"2025-11-27T16:56:53","modified_gmt":"2025-11-27T15:56:53","slug":"la-sante-mentale-en-suisse","status":"publish","type":"post","link":"https:\/\/fmc.ch\/fr\/psychische-gesundheit-in-der-schweiz\/","title":{"rendered":"La sant\u00e9 mentale en Suisse"},"content":{"rendered":"<div data-elementor-type=\"wp-post\" data-elementor-id=\"2084\" class=\"elementor elementor-2084\" data-elementor-post-type=\"post\">\n\t\t\t\t\t\t<section class=\"elementor-section elementor-top-section elementor-element elementor-element-d757f75 elementor-section-boxed elementor-section-height-default elementor-section-height-default elementor-invisible\" data-id=\"d757f75\" data-element_type=\"section\" data-e-type=\"section\" data-settings=\"{&quot;animation&quot;:&quot;fadeIn&quot;}\">\n\t\t\t\t\t\t<div class=\"elementor-container elementor-column-gap-default\">\n\t\t\t\t\t<div class=\"elementor-column elementor-col-100 elementor-top-column elementor-element elementor-element-3509dac\" data-id=\"3509dac\" data-element_type=\"column\" data-e-type=\"column\">\n\t\t\t<div class=\"elementor-widget-wrap elementor-element-populated\">\n\t\t\t\t\t\t<div class=\"elementor-element elementor-element-06b3a0f elementor-widget elementor-widget-text-editor\" data-id=\"06b3a0f\" data-element_type=\"widget\" data-e-type=\"widget\" data-widget_type=\"text-editor.default\">\n\t\t\t\t<div class=\"elementor-widget-container\">\n\t\t\t\t\t\t\t\t\t<h3>Cet article est le fruit d'une coop\u00e9ration entre l'Observatoire suisse de la sant\u00e9 (obsan), le Kings College de Londres, la London School of Economics et diverses institutions psychiatriques, psychologiques et d'\u00e9conomie de la sant\u00e9 suisses des quatre r\u00e9gions linguistiques.<\/h3>\t\t\t\t\t\t\t\t<\/div>\n\t\t\t\t<\/div>\n\t\t\t\t\t<\/div>\n\t\t<\/div>\n\t\t\t\t\t<\/div>\n\t\t<\/section>\n\t\t\t\t<section class=\"elementor-section elementor-top-section elementor-element elementor-element-3529425 elementor-section-boxed elementor-section-height-default elementor-section-height-default elementor-invisible\" data-id=\"3529425\" data-element_type=\"section\" data-e-type=\"section\" data-settings=\"{&quot;animation&quot;:&quot;fadeIn&quot;}\">\n\t\t\t\t\t\t<div class=\"elementor-container elementor-column-gap-default\">\n\t\t\t\t\t<div class=\"elementor-column elementor-col-100 elementor-top-column elementor-element elementor-element-52f4434\" data-id=\"52f4434\" data-element_type=\"column\" data-e-type=\"column\">\n\t\t\t<div class=\"elementor-widget-wrap elementor-element-populated\">\n\t\t\t\t\t\t<div class=\"elementor-element elementor-element-6b8d3d6 elementor-widget elementor-widget-text-editor\" data-id=\"6b8d3d6\" data-element_type=\"widget\" data-e-type=\"widget\" data-widget_type=\"text-editor.default\">\n\t\t\t\t<div class=\"elementor-widget-container\">\n\t\t\t\t\t\t\t\t\t<p>Dans cette \u00e9tude, les donn\u00e9es des soins psychiatriques hospitaliers et ambulatoires ont \u00e9t\u00e9 analys\u00e9es et un paysage de soins avec des r\u00e9gions de soins aussi petites que possible et en m\u00eame temps un taux d'autosuffisance ambulatoire aussi grand que possible (Mental Health Service Areas - HSA-PSY) a \u00e9t\u00e9 form\u00e9.<\/p><p>Les 68 HSA-PSY permettent de mettre en \u00e9vidence les diff\u00e9rences dans les soins ambulatoires et hospitaliers r\u00e9gionaux et de les pr\u00e9senter en relation.<\/p><p><strong>L'\u00e9tude montre qu'il existe des diff\u00e9rences consid\u00e9rables entre les r\u00e9gions en mati\u00e8re de recours aux soins ambulatoires et hospitaliers.<\/strong> Pour les taux de consultations ambulatoires, on observe un facteur 5 entre la r\u00e9gion ayant les taux de consultations les plus bas et celle ayant les taux les plus \u00e9lev\u00e9s. Pour les taux de journ\u00e9es d'hospitalisation, on trouve un facteur 4.<\/p><p>L'\u00e9tude r\u00e9v\u00e8le des diff\u00e9rences significatives dans le recours aux soins au niveau r\u00e9gional. Ces diff\u00e9rences ne peuvent toutefois pas ( (encore) \u00eatre expliqu\u00e9es par l'\u00e9tude, mais il est peu probable que les divergences soient dues \u00e0 des diff\u00e9rences de pr\u00e9valence des troubles mentaux.<\/p><p>L'\u00e9tude sert de point de d\u00e9part \u00e0 d'autres \u00e9tudes pour aborder la question de l'insuffisance, de l'exc\u00e8s ou de l'inad\u00e9quation des soins.<\/p><p>Cette m\u00e9thode sera d'une grande importance pour observer l'influence sur les soins, en particulier en ce qui concerne le mod\u00e8le d'injonction en psychologie.\u00a0<\/p>\t\t\t\t\t\t\t\t<\/div>\n\t\t\t\t<\/div>\n\t\t\t\t\t<\/div>\n\t\t<\/div>\n\t\t\t\t\t<\/div>\n\t\t<\/section>\n\t\t\t\t<section data-dce-background-color=\"#F1F1F1\" class=\"elementor-section elementor-top-section elementor-element elementor-element-4abfd0d elementor-reverse-tablet elementor-reverse-mobile elementor-section-full_width elementor-section-stretched elementor-section-height-default elementor-section-height-default\" data-id=\"4abfd0d\" data-element_type=\"section\" data-e-type=\"section\" data-settings=\"{&quot;stretch_section&quot;:&quot;section-stretched&quot;,&quot;background_background&quot;:&quot;classic&quot;}\">\n\t\t\t\t\t\t<div class=\"elementor-container elementor-column-gap-default\">\n\t\t\t\t\t<div class=\"elementor-column elementor-col-100 elementor-top-column elementor-element elementor-element-97c01ad\" data-id=\"97c01ad\" data-element_type=\"column\" data-e-type=\"column\">\n\t\t\t<div class=\"elementor-widget-wrap elementor-element-populated\">\n\t\t\t\t\t\t<div class=\"elementor-element elementor-element-5f7177b elementor-widget elementor-widget-shortcode\" data-id=\"5f7177b\" data-element_type=\"widget\" data-e-type=\"widget\" data-widget_type=\"shortcode.default\">\n\t\t\t\t<div class=\"elementor-widget-container\">\n\t\t\t\t\t\t\t<div class=\"elementor-shortcode\"><div class=\"_df_book df-lite\" id=\"df_2289\"  _slug=\"fmc_artikel-und-studien_psychische-gesundheit-d\" data-title=\"fmc_artikel-und-studien_psychische-gesundheit-d\" wpoptions=\"true\" thumbtype=\"\" ><\/div><script class=\"df-shortcode-script\" nowprocket type=\"application\/javascript\">window.option_df_2289 = {\"outline\":[],\"backgroundColor\":\"f1f1f1\",\"height\":\"700\",\"autoEnableOutline\":\"false\",\"autoEnableThumbnail\":\"false\",\"overwritePDFOutline\":\"false\",\"direction\":\"1\",\"pageSize\":\"0\",\"source\":\"https:\\\/\\\/fmc.ch\\\/wp-content\\\/uploads\\\/2023\\\/10\\\/fmc_artikel-und-studien-psychische-Gesundheit-D.pdf\",\"wpOptions\":\"true\"}; if(window.DFLIP && window.DFLIP.parseBooks){window.DFLIP.parseBooks();}<\/script><\/div>\n\t\t\t\t\t\t<\/div>\n\t\t\t\t<\/div>\n\t\t\t\t\t<\/div>\n\t\t<\/div>\n\t\t\t\t\t<\/div>\n\t\t<\/section>\n\t\t\t\t<section data-dce-background-color=\"#F1F1F1\" class=\"elementor-section elementor-top-section elementor-element elementor-element-9b59190 elementor-section-stretched elementor-section-boxed elementor-section-height-default elementor-section-height-default\" data-id=\"9b59190\" data-element_type=\"section\" data-e-type=\"section\" data-settings=\"{&quot;stretch_section&quot;:&quot;section-stretched&quot;,&quot;background_background&quot;:&quot;classic&quot;}\">\n\t\t\t\t\t\t<div class=\"elementor-container elementor-column-gap-default\">\n\t\t\t\t\t<div class=\"elementor-column elementor-col-100 elementor-top-column elementor-element elementor-element-d527650\" data-id=\"d527650\" data-element_type=\"column\" data-e-type=\"column\">\n\t\t\t<div class=\"elementor-widget-wrap elementor-element-populated\">\n\t\t\t\t\t\t<div class=\"elementor-element elementor-element-fef269a elementor-align-center elementor-widget elementor-widget-button\" data-id=\"fef269a\" data-element_type=\"widget\" data-e-type=\"widget\" data-widget_type=\"button.default\">\n\t\t\t\t<div class=\"elementor-widget-container\">\n\t\t\t\t\t\t\t\t\t<div class=\"elementor-button-wrapper\">\n\t\t\t\t\t<a class=\"elementor-button elementor-button-link elementor-size-sm\" href=\"https:\/\/fmc.ch\/wp-content\/uploads\/2023\/10\/fmc_artikel-und-studien-psychische-Gesundheit-D.pdf\" target=\"_blank\">\n\t\t\t\t\t\t<span class=\"elementor-button-content-wrapper\">\n\t\t\t\t\t\t\t\t\t<span class=\"elementor-button-text\">T\u00e9l\u00e9charger le PDF<\/span>\n\t\t\t\t\t<\/span>\n\t\t\t\t\t<\/a>\n\t\t\t\t<\/div>\n\t\t\t\t\t\t\t\t<\/div>\n\t\t\t\t<\/div>\n\t\t\t\t\t<\/div>\n\t\t<\/div>\n\t\t\t\t\t<\/div>\n\t\t<\/section>\n\t\t\t\t<\/div>","protected":false},"excerpt":{"rendered":"<p>L'\u00e9tude montre qu'il existe des diff\u00e9rences consid\u00e9rables entre les r\u00e9gions en ce qui concerne le recours aux soins ambulatoires et hospitaliers. Pour les taux de consultation ambulatoire, on trouve un facteur 5 entre la r\u00e9gion ayant les taux de consultation les plus bas et celle ayant les taux les plus \u00e9lev\u00e9s. En ce qui concerne les taux de journ\u00e9es d'hospitalisation, on constate un facteur 4.<\/p>","protected":false},"author":2,"featured_media":2085,"comment_status":"closed","ping_status":"closed","sticky":false,"template":"","format":[149,139],"meta":{"footnotes":""},"strategie":[156],"thema":[152,169],"class_list":["post-2084","post","type-post","status-publish","format-standard","has-post-thumbnail","hentry","strategie-zusammenarbeit","thema-interprofessionelle-zusammenarbeit","thema-population-health","format-artikel-und-studien","format-publikation"],"yoast_head":"<!-- This site is optimized with the Yoast SEO plugin v27.5 - https:\/\/yoast.com\/product\/yoast-seo-wordpress\/ -->\n<title>Psychische Gesundheit in der Schweiz - FMC<\/title>\n<meta name=\"description\" content=\"Die Studie zeigt, dass es erhebliche Unterschiede in der ambulanten und der station\u00e4ren Inanspruchnahme zwischen den Regionen bestehen.\" \/>\n<meta name=\"robots\" content=\"index, follow, max-snippet:-1, max-image-preview:large, max-video-preview:-1\" \/>\n<link rel=\"canonical\" href=\"https:\/\/fmc.ch\/fr\/la-sante-mentale-en-suisse\/\" \/>\n<meta property=\"og:locale\" content=\"fr_FR\" \/>\n<meta property=\"og:type\" content=\"article\" \/>\n<meta property=\"og:title\" content=\"Psychische Gesundheit in der Schweiz - FMC\" \/>\n<meta property=\"og:description\" content=\"Die Studie zeigt, dass es erhebliche Unterschiede in der ambulanten und der station\u00e4ren Inanspruchnahme zwischen den Regionen bestehen.\" \/>\n<meta property=\"og:url\" content=\"https:\/\/fmc.ch\/fr\/la-sante-mentale-en-suisse\/\" \/>\n<meta property=\"og:site_name\" content=\"FMC\" \/>\n<meta property=\"article:published_time\" content=\"2022-09-12T13:21:00+00:00\" \/>\n<meta property=\"article:modified_time\" content=\"2025-11-27T15:56:53+00:00\" \/>\n<meta property=\"og:image\" content=\"https:\/\/fmc.ch\/wp-content\/uploads\/2023\/10\/Bild-fuer-Website-psychische-Gesundheit.jpg\" \/>\n\t<meta property=\"og:image:width\" content=\"924\" \/>\n\t<meta property=\"og:image:height\" content=\"924\" \/>\n\t<meta property=\"og:image:type\" content=\"image\/jpeg\" \/>\n<meta name=\"author\" content=\"Nadja Blanchard\" \/>\n<meta name=\"twitter:card\" content=\"summary_large_image\" \/>\n<meta name=\"twitter:label1\" content=\"\u00c9crit par\" \/>\n\t<meta name=\"twitter:data1\" content=\"Nadja Blanchard\" \/>\n\t<meta name=\"twitter:label2\" content=\"Dur\u00e9e de lecture estim\u00e9e\" \/>\n\t<meta name=\"twitter:data2\" content=\"2 minutes\" \/>\n<script type=\"application\/ld+json\" class=\"yoast-schema-graph\">{\"@context\":\"https:\\\/\\\/schema.org\",\"@graph\":[{\"@type\":\"Article\",\"@id\":\"https:\\\/\\\/fmc.ch\\\/psychische-gesundheit-in-der-schweiz\\\/#article\",\"isPartOf\":{\"@id\":\"https:\\\/\\\/fmc.ch\\\/psychische-gesundheit-in-der-schweiz\\\/\"},\"author\":{\"name\":\"Nadja Blanchard\",\"@id\":\"https:\\\/\\\/fmc.ch\\\/#\\\/schema\\\/person\\\/3a7218d283691f8ef8cf410e4615e507\"},\"headline\":\"Psychische Gesundheit in der Schweiz\",\"datePublished\":\"2022-09-12T13:21:00+00:00\",\"dateModified\":\"2025-11-27T15:56:53+00:00\",\"mainEntityOfPage\":{\"@id\":\"https:\\\/\\\/fmc.ch\\\/psychische-gesundheit-in-der-schweiz\\\/\"},\"wordCount\":224,\"publisher\":{\"@id\":\"https:\\\/\\\/fmc.ch\\\/#organization\"},\"image\":{\"@id\":\"https:\\\/\\\/fmc.ch\\\/psychische-gesundheit-in-der-schweiz\\\/#primaryimage\"},\"thumbnailUrl\":\"https:\\\/\\\/fmc.ch\\\/wp-content\\\/uploads\\\/2023\\\/10\\\/Bild-fuer-Website-psychische-Gesundheit.jpg\",\"articleSection\":[\"Artikel und Studien\"],\"inLanguage\":\"fr-FR\"},{\"@type\":\"WebPage\",\"@id\":\"https:\\\/\\\/fmc.ch\\\/psychische-gesundheit-in-der-schweiz\\\/\",\"url\":\"https:\\\/\\\/fmc.ch\\\/psychische-gesundheit-in-der-schweiz\\\/\",\"name\":\"Psychische Gesundheit in der Schweiz - FMC\",\"isPartOf\":{\"@id\":\"https:\\\/\\\/fmc.ch\\\/#website\"},\"primaryImageOfPage\":{\"@id\":\"https:\\\/\\\/fmc.ch\\\/psychische-gesundheit-in-der-schweiz\\\/#primaryimage\"},\"image\":{\"@id\":\"https:\\\/\\\/fmc.ch\\\/psychische-gesundheit-in-der-schweiz\\\/#primaryimage\"},\"thumbnailUrl\":\"https:\\\/\\\/fmc.ch\\\/wp-content\\\/uploads\\\/2023\\\/10\\\/Bild-fuer-Website-psychische-Gesundheit.jpg\",\"datePublished\":\"2022-09-12T13:21:00+00:00\",\"dateModified\":\"2025-11-27T15:56:53+00:00\",\"description\":\"Die Studie zeigt, dass es erhebliche Unterschiede in der ambulanten und der station\u00e4ren Inanspruchnahme zwischen den Regionen bestehen.\",\"breadcrumb\":{\"@id\":\"https:\\\/\\\/fmc.ch\\\/psychische-gesundheit-in-der-schweiz\\\/#breadcrumb\"},\"inLanguage\":\"fr-FR\",\"potentialAction\":[{\"@type\":\"ReadAction\",\"target\":[\"https:\\\/\\\/fmc.ch\\\/psychische-gesundheit-in-der-schweiz\\\/\"]}]},{\"@type\":\"ImageObject\",\"inLanguage\":\"fr-FR\",\"@id\":\"https:\\\/\\\/fmc.ch\\\/psychische-gesundheit-in-der-schweiz\\\/#primaryimage\",\"url\":\"https:\\\/\\\/fmc.ch\\\/wp-content\\\/uploads\\\/2023\\\/10\\\/Bild-fuer-Website-psychische-Gesundheit.jpg\",\"contentUrl\":\"https:\\\/\\\/fmc.ch\\\/wp-content\\\/uploads\\\/2023\\\/10\\\/Bild-fuer-Website-psychische-Gesundheit.jpg\",\"width\":924,\"height\":924},{\"@type\":\"BreadcrumbList\",\"@id\":\"https:\\\/\\\/fmc.ch\\\/psychische-gesundheit-in-der-schweiz\\\/#breadcrumb\",\"itemListElement\":[{\"@type\":\"ListItem\",\"position\":1,\"name\":\"Home\",\"item\":\"https:\\\/\\\/fmc.ch\\\/\"},{\"@type\":\"ListItem\",\"position\":2,\"name\":\"Psychische Gesundheit in der Schweiz\"}]},{\"@type\":\"WebSite\",\"@id\":\"https:\\\/\\\/fmc.ch\\\/#website\",\"url\":\"https:\\\/\\\/fmc.ch\\\/\",\"name\":\"FMC\",\"description\":\"Schweizer Forum f\u00fcr Integrierte Versorgung\",\"publisher\":{\"@id\":\"https:\\\/\\\/fmc.ch\\\/#organization\"},\"potentialAction\":[{\"@type\":\"SearchAction\",\"target\":{\"@type\":\"EntryPoint\",\"urlTemplate\":\"https:\\\/\\\/fmc.ch\\\/?s={search_term_string}\"},\"query-input\":{\"@type\":\"PropertyValueSpecification\",\"valueRequired\":true,\"valueName\":\"search_term_string\"}}],\"inLanguage\":\"fr-FR\"},{\"@type\":\"Organization\",\"@id\":\"https:\\\/\\\/fmc.ch\\\/#organization\",\"name\":\"FMC\",\"url\":\"https:\\\/\\\/fmc.ch\\\/\",\"logo\":{\"@type\":\"ImageObject\",\"inLanguage\":\"fr-FR\",\"@id\":\"https:\\\/\\\/fmc.ch\\\/#\\\/schema\\\/logo\\\/image\\\/\",\"url\":\"https:\\\/\\\/fmc.ch\\\/wp-content\\\/uploads\\\/2023\\\/09\\\/fmc-logo.svg\",\"contentUrl\":\"https:\\\/\\\/fmc.ch\\\/wp-content\\\/uploads\\\/2023\\\/09\\\/fmc-logo.svg\",\"caption\":\"FMC\"},\"image\":{\"@id\":\"https:\\\/\\\/fmc.ch\\\/#\\\/schema\\\/logo\\\/image\\\/\"}},{\"@type\":\"Person\",\"@id\":\"https:\\\/\\\/fmc.ch\\\/#\\\/schema\\\/person\\\/3a7218d283691f8ef8cf410e4615e507\",\"name\":\"Nadja Blanchard\",\"image\":{\"@type\":\"ImageObject\",\"inLanguage\":\"fr-FR\",\"@id\":\"https:\\\/\\\/secure.gravatar.com\\\/avatar\\\/729fbcebbfccd7834565b1398470d6ea84a4f3e7525873a0cb368db99228ce7b?s=96&d=mm&r=g\",\"url\":\"https:\\\/\\\/secure.gravatar.com\\\/avatar\\\/729fbcebbfccd7834565b1398470d6ea84a4f3e7525873a0cb368db99228ce7b?s=96&d=mm&r=g\",\"contentUrl\":\"https:\\\/\\\/secure.gravatar.com\\\/avatar\\\/729fbcebbfccd7834565b1398470d6ea84a4f3e7525873a0cb368db99228ce7b?s=96&d=mm&r=g\",\"caption\":\"Nadja Blanchard\"},\"url\":\"https:\\\/\\\/fmc.ch\\\/fr\\\/author\\\/nadja-blanchardfmc-ch\\\/\"}]}<\/script>\n<!-- \/ Yoast SEO plugin. -->","yoast_head_json":{"title":"Sant\u00e9 mentale en Suisse - FMC","description":"L'\u00e9tude montre qu'il existe des diff\u00e9rences consid\u00e9rables entre les r\u00e9gions en mati\u00e8re de recours aux soins ambulatoires et hospitaliers.","robots":{"index":"index","follow":"follow","max-snippet":"max-snippet:-1","max-image-preview":"max-image-preview:large","max-video-preview":"max-video-preview:-1"},"canonical":"https:\/\/fmc.ch\/fr\/la-sante-mentale-en-suisse\/","og_locale":"fr_FR","og_type":"article","og_title":"Psychische Gesundheit in der Schweiz - FMC","og_description":"Die Studie zeigt, dass es erhebliche Unterschiede in der ambulanten und der station\u00e4ren Inanspruchnahme zwischen den Regionen bestehen.","og_url":"https:\/\/fmc.ch\/fr\/la-sante-mentale-en-suisse\/","og_site_name":"FMC","article_published_time":"2022-09-12T13:21:00+00:00","article_modified_time":"2025-11-27T15:56:53+00:00","og_image":[{"width":924,"height":924,"url":"https:\/\/fmc.ch\/wp-content\/uploads\/2023\/10\/Bild-fuer-Website-psychische-Gesundheit.jpg","type":"image\/jpeg"}],"author":"Nadja Blanchard","twitter_card":"summary_large_image","twitter_misc":{"\u00c9crit par":"Nadja Blanchard","Dur\u00e9e de lecture estim\u00e9e":"2 minutes"},"schema":{"@context":"https:\/\/schema.org","@graph":[{"@type":"Article","@id":"https:\/\/fmc.ch\/psychische-gesundheit-in-der-schweiz\/#article","isPartOf":{"@id":"https:\/\/fmc.ch\/psychische-gesundheit-in-der-schweiz\/"},"author":{"name":"Nadja Blanchard","@id":"https:\/\/fmc.ch\/#\/schema\/person\/3a7218d283691f8ef8cf410e4615e507"},"headline":"Psychische Gesundheit in der Schweiz","datePublished":"2022-09-12T13:21:00+00:00","dateModified":"2025-11-27T15:56:53+00:00","mainEntityOfPage":{"@id":"https:\/\/fmc.ch\/psychische-gesundheit-in-der-schweiz\/"},"wordCount":224,"publisher":{"@id":"https:\/\/fmc.ch\/#organization"},"image":{"@id":"https:\/\/fmc.ch\/psychische-gesundheit-in-der-schweiz\/#primaryimage"},"thumbnailUrl":"https:\/\/fmc.ch\/wp-content\/uploads\/2023\/10\/Bild-fuer-Website-psychische-Gesundheit.jpg","articleSection":["Artikel und Studien"],"inLanguage":"fr-FR"},{"@type":"WebPage","@id":"https:\/\/fmc.ch\/psychische-gesundheit-in-der-schweiz\/","url":"https:\/\/fmc.ch\/psychische-gesundheit-in-der-schweiz\/","name":"Sant\u00e9 mentale en Suisse - FMC","isPartOf":{"@id":"https:\/\/fmc.ch\/#website"},"primaryImageOfPage":{"@id":"https:\/\/fmc.ch\/psychische-gesundheit-in-der-schweiz\/#primaryimage"},"image":{"@id":"https:\/\/fmc.ch\/psychische-gesundheit-in-der-schweiz\/#primaryimage"},"thumbnailUrl":"https:\/\/fmc.ch\/wp-content\/uploads\/2023\/10\/Bild-fuer-Website-psychische-Gesundheit.jpg","datePublished":"2022-09-12T13:21:00+00:00","dateModified":"2025-11-27T15:56:53+00:00","description":"L'\u00e9tude montre qu'il existe des diff\u00e9rences consid\u00e9rables entre les r\u00e9gions en mati\u00e8re de recours aux soins ambulatoires et hospitaliers.","breadcrumb":{"@id":"https:\/\/fmc.ch\/psychische-gesundheit-in-der-schweiz\/#breadcrumb"},"inLanguage":"fr-FR","potentialAction":[{"@type":"ReadAction","target":["https:\/\/fmc.ch\/psychische-gesundheit-in-der-schweiz\/"]}]},{"@type":"ImageObject","inLanguage":"fr-FR","@id":"https:\/\/fmc.ch\/psychische-gesundheit-in-der-schweiz\/#primaryimage","url":"https:\/\/fmc.ch\/wp-content\/uploads\/2023\/10\/Bild-fuer-Website-psychische-Gesundheit.jpg","contentUrl":"https:\/\/fmc.ch\/wp-content\/uploads\/2023\/10\/Bild-fuer-Website-psychische-Gesundheit.jpg","width":924,"height":924},{"@type":"BreadcrumbList","@id":"https:\/\/fmc.ch\/psychische-gesundheit-in-der-schweiz\/#breadcrumb","itemListElement":[{"@type":"ListItem","position":1,"name":"Home","item":"https:\/\/fmc.ch\/"},{"@type":"ListItem","position":2,"name":"Psychische Gesundheit in der Schweiz"}]},{"@type":"WebSite","@id":"https:\/\/fmc.ch\/#website","url":"https:\/\/fmc.ch\/","name":"FMC","description":"Forum suisse des soins int\u00e9gr\u00e9s","publisher":{"@id":"https:\/\/fmc.ch\/#organization"},"potentialAction":[{"@type":"SearchAction","target":{"@type":"EntryPoint","urlTemplate":"https:\/\/fmc.ch\/?s={search_term_string}"},"query-input":{"@type":"PropertyValueSpecification","valueRequired":true,"valueName":"search_term_string"}}],"inLanguage":"fr-FR"},{"@type":"Organization","@id":"https:\/\/fmc.ch\/#organization","name":"FMC","url":"https:\/\/fmc.ch\/","logo":{"@type":"ImageObject","inLanguage":"fr-FR","@id":"https:\/\/fmc.ch\/#\/schema\/logo\/image\/","url":"https:\/\/fmc.ch\/wp-content\/uploads\/2023\/09\/fmc-logo.svg","contentUrl":"https:\/\/fmc.ch\/wp-content\/uploads\/2023\/09\/fmc-logo.svg","caption":"FMC"},"image":{"@id":"https:\/\/fmc.ch\/#\/schema\/logo\/image\/"}},{"@type":"Person","@id":"https:\/\/fmc.ch\/#\/schema\/person\/3a7218d283691f8ef8cf410e4615e507","name":"Nadja Blanchard","image":{"@type":"ImageObject","inLanguage":"fr-FR","@id":"https:\/\/secure.gravatar.com\/avatar\/729fbcebbfccd7834565b1398470d6ea84a4f3e7525873a0cb368db99228ce7b?s=96&d=mm&r=g","url":"https:\/\/secure.gravatar.com\/avatar\/729fbcebbfccd7834565b1398470d6ea84a4f3e7525873a0cb368db99228ce7b?s=96&d=mm&r=g","contentUrl":"https:\/\/secure.gravatar.com\/avatar\/729fbcebbfccd7834565b1398470d6ea84a4f3e7525873a0cb368db99228ce7b?s=96&d=mm&r=g","caption":"Nadja Blanchard"},"url":"https:\/\/fmc.ch\/fr\/author\/nadja-blanchardfmc-ch\/"}]}},"_links":{"self":[{"href":"https:\/\/fmc.ch\/fr\/wp-json\/wp\/v2\/posts\/2084","targetHints":{"allow":["GET"]}}],"collection":[{"href":"https:\/\/fmc.ch\/fr\/wp-json\/wp\/v2\/posts"}],"about":[{"href":"https:\/\/fmc.ch\/fr\/wp-json\/wp\/v2\/types\/post"}],"author":[{"embeddable":true,"href":"https:\/\/fmc.ch\/fr\/wp-json\/wp\/v2\/users\/2"}],"replies":[{"embeddable":true,"href":"https:\/\/fmc.ch\/fr\/wp-json\/wp\/v2\/comments?post=2084"}],"version-history":[{"count":8,"href":"https:\/\/fmc.ch\/fr\/wp-json\/wp\/v2\/posts\/2084\/revisions"}],"predecessor-version":[{"id":12117,"href":"https:\/\/fmc.ch\/fr\/wp-json\/wp\/v2\/posts\/2084\/revisions\/12117"}],"wp:featuredmedia":[{"embeddable":true,"href":"https:\/\/fmc.ch\/fr\/wp-json\/wp\/v2\/media\/2085"}],"wp:attachment":[{"href":"https:\/\/fmc.ch\/fr\/wp-json\/wp\/v2\/media?parent=2084"}],"wp:term":[{"taxonomy":"strategie","embeddable":true,"href":"https:\/\/fmc.ch\/fr\/wp-json\/wp\/v2\/strategie?post=2084"},{"taxonomy":"thema","embeddable":true,"href":"https:\/\/fmc.ch\/fr\/wp-json\/wp\/v2\/thema?post=2084"},{"taxonomy":"format","embeddable":true,"href":"https:\/\/fmc.ch\/fr\/wp-json\/wp\/v2\/format?post=2084"}],"curies":[{"name":"wp","href":"https:\/\/api.w.org\/{rel}","templated":true}]}}