{"id":2030,"date":"2022-10-16T12:20:00","date_gmt":"2022-10-16T12:20:00","guid":{"rendered":"https:\/\/fmc.ch\/?p=2030"},"modified":"2025-11-27T16:55:55","modified_gmt":"2025-11-27T15:55:55","slug":"webinaire-modeles-de-soins-integres","status":"publish","type":"post","link":"https:\/\/fmc.ch\/fr\/webinar-modelle-der-integrierten-versorgung\/","title":{"rendered":"Mise en \u0153uvre et \u00e9valuation de mod\u00e8les de soins int\u00e9gr\u00e9s"},"content":{"rendered":"<div data-elementor-type=\"wp-post\" data-elementor-id=\"2030\" class=\"elementor elementor-2030\" data-elementor-post-type=\"post\">\n\t\t\t\t\t\t<section class=\"elementor-section elementor-top-section elementor-element elementor-element-552b191 elementor-section-boxed elementor-section-height-default elementor-section-height-default elementor-invisible\" data-id=\"552b191\" data-element_type=\"section\" data-e-type=\"section\" data-settings=\"{&quot;animation&quot;:&quot;fadeIn&quot;}\">\n\t\t\t\t\t\t<div class=\"elementor-container elementor-column-gap-default\">\n\t\t\t\t\t<div class=\"elementor-column elementor-col-100 elementor-top-column elementor-element elementor-element-3afa166\" data-id=\"3afa166\" data-element_type=\"column\" data-e-type=\"column\">\n\t\t\t<div class=\"elementor-widget-wrap elementor-element-populated\">\n\t\t\t\t\t\t<div class=\"elementor-element elementor-element-2a45d95 elementor-widget elementor-widget-text-editor\" data-id=\"2a45d95\" data-element_type=\"widget\" data-e-type=\"widget\" data-widget_type=\"text-editor.default\">\n\t\t\t\t<div class=\"elementor-widget-container\">\n\t\t\t\t\t\t\t\t\t<p>Le Dr Axel Kaehne m\u00e8ne des recherches internationales sur les soins int\u00e9gr\u00e9s (AI). Dans sa pr\u00e9sentation, il a bri\u00e8vement \u00e9voqu\u00e9 les quatre phases de l'AI (jusqu'\u00e0 pr\u00e9sent) : dans les ann\u00e9es 1990, elle se concentrait sur les personnes souffrant de maladies chroniques et de handicaps physiques\/psychiques. La phase deux portait principalement sur les co\u00fbts et l'exploration de mod\u00e8les alternatifs. La phase trois a \u00e9t\u00e9 marqu\u00e9e par la fragmentation professionnelle et la d\u00e9finition de parcours de patients. La phase quatre actuelle, selon Kaehne, est le domaine le moins d\u00e9velopp\u00e9 : l'accent mis sur le patient.<\/p>\t\t\t\t\t\t\t\t<\/div>\n\t\t\t\t<\/div>\n\t\t\t\t\t<\/div>\n\t\t<\/div>\n\t\t\t\t\t<\/div>\n\t\t<\/section>\n\t\t\t\t<section class=\"elementor-section elementor-top-section elementor-element elementor-element-4ed4647 elementor-section-boxed elementor-section-height-default elementor-section-height-default\" data-id=\"4ed4647\" data-element_type=\"section\" data-e-type=\"section\">\n\t\t\t\t\t\t<div class=\"elementor-container elementor-column-gap-default\">\n\t\t\t\t\t<div class=\"elementor-column elementor-col-100 elementor-top-column elementor-element elementor-element-62f63bd\" data-id=\"62f63bd\" data-element_type=\"column\" data-e-type=\"column\">\n\t\t\t<div class=\"elementor-widget-wrap elementor-element-populated\">\n\t\t\t\t\t\t<div class=\"elementor-element elementor-element-dc66315 elementor-invisible elementor-widget elementor-widget-heading\" data-id=\"dc66315\" data-element_type=\"widget\" data-e-type=\"widget\" data-settings=\"{&quot;_animation&quot;:&quot;fadeInUp&quot;}\" data-widget_type=\"heading.default\">\n\t\t\t\t<div class=\"elementor-widget-container\">\n\t\t\t\t\t<h2 class=\"elementor-heading-title elementor-size-default\">Les faits cl\u00e9s du webinaire<\/h2>\t\t\t\t<\/div>\n\t\t\t\t<\/div>\n\t\t\t\t<div class=\"elementor-element elementor-element-e82c306 elementor-invisible elementor-widget elementor-widget-text-editor\" data-id=\"e82c306\" data-element_type=\"widget\" data-e-type=\"widget\" data-settings=\"{&quot;_animation&quot;:&quot;fadeIn&quot;}\" data-widget_type=\"text-editor.default\">\n\t\t\t\t<div class=\"elementor-widget-container\">\n\t\t\t\t\t\t\t\t\t<ul><li>Les soins int\u00e9gr\u00e9s ne sont pas un mod\u00e8le, mais un ensemble de bonnes pratiques et sont intrins\u00e8quement form\u00e9s par des facteurs li\u00e9s au processus. Une simple transposition \u00e0 d'autres r\u00e9gions et situations n'est donc pas possible.<\/li><li>Les mod\u00e8les de soins int\u00e9gr\u00e9s doivent se concentrer davantage sur les besoins des patients et non plus sur l'organisation et les processus.<\/li><li>Pour d\u00e9velopper les soins int\u00e9gr\u00e9s, il faut promouvoir la num\u00e9risation, une gestion de la sant\u00e9 bas\u00e9e sur la population et une formation interprofessionnelle.<\/li><\/ul>\t\t\t\t\t\t\t\t<\/div>\n\t\t\t\t<\/div>\n\t\t\t\t\t<\/div>\n\t\t<\/div>\n\t\t\t\t\t<\/div>\n\t\t<\/section>\n\t\t\t\t<section data-dce-background-color=\"#F1F1F1\" class=\"elementor-section elementor-top-section elementor-element elementor-element-eac9d52 elementor-section-full_width elementor-section-stretched elementor-section-height-default elementor-section-height-default\" data-id=\"eac9d52\" data-element_type=\"section\" data-e-type=\"section\" data-settings=\"{&quot;stretch_section&quot;:&quot;section-stretched&quot;,&quot;background_background&quot;:&quot;classic&quot;}\">\n\t\t\t\t\t\t<div class=\"elementor-container elementor-column-gap-default\">\n\t\t\t\t\t<div class=\"elementor-column elementor-col-100 elementor-top-column elementor-element elementor-element-181ab45\" data-id=\"181ab45\" data-element_type=\"column\" data-e-type=\"column\">\n\t\t\t<div class=\"elementor-widget-wrap elementor-element-populated\">\n\t\t\t\t\t\t<div class=\"elementor-element elementor-element-b6b2fd9 elementor-widget elementor-widget-shortcode\" data-id=\"b6b2fd9\" data-element_type=\"widget\" data-e-type=\"widget\" data-widget_type=\"shortcode.default\">\n\t\t\t\t<div class=\"elementor-widget-container\">\n\t\t\t\t\t\t\t<div class=\"elementor-shortcode\"><div class=\"_df_book df-lite\" id=\"df_2350\"  _slug=\"fmc-webinar-modelle-der-integrierten-versorgung-d\" data-title=\"fmc-webinar-modelle-der-integrierten-versorgung-d\" wpoptions=\"true\" thumbtype=\"\" ><\/div><script class=\"df-shortcode-script\" nowprocket type=\"application\/javascript\">window.option_df_2350 = {\"outline\":[],\"backgroundColor\":\"f1f1f1\",\"height\":\"700\",\"autoEnableOutline\":\"false\",\"autoEnableThumbnail\":\"false\",\"overwritePDFOutline\":\"false\",\"direction\":\"1\",\"pageSize\":\"0\",\"source\":\"https:\\\/\\\/fmc.ch\\\/wp-content\\\/uploads\\\/2023\\\/10\\\/fmc-webinar-modelle-der-integrierten-Vers.-A.-Kaehne-D.pdf\",\"wpOptions\":\"true\"}; if(window.DFLIP && window.DFLIP.parseBooks){window.DFLIP.parseBooks();}<\/script><\/div>\n\t\t\t\t\t\t<\/div>\n\t\t\t\t<\/div>\n\t\t\t\t\t<\/div>\n\t\t<\/div>\n\t\t\t\t\t<\/div>\n\t\t<\/section>\n\t\t\t\t<section data-dce-background-color=\"#F1F1F1\" class=\"elementor-section elementor-top-section elementor-element elementor-element-51d7f92 elementor-section-stretched elementor-section-boxed elementor-section-height-default elementor-section-height-default\" data-id=\"51d7f92\" data-element_type=\"section\" data-e-type=\"section\" data-settings=\"{&quot;stretch_section&quot;:&quot;section-stretched&quot;,&quot;background_background&quot;:&quot;classic&quot;}\">\n\t\t\t\t\t\t<div class=\"elementor-container elementor-column-gap-default\">\n\t\t\t\t\t<div class=\"elementor-column elementor-col-100 elementor-top-column elementor-element elementor-element-77bd097\" data-id=\"77bd097\" data-element_type=\"column\" data-e-type=\"column\">\n\t\t\t<div class=\"elementor-widget-wrap elementor-element-populated\">\n\t\t\t\t\t\t<div class=\"elementor-element elementor-element-e516251 elementor-align-center elementor-widget elementor-widget-button\" data-id=\"e516251\" data-element_type=\"widget\" data-e-type=\"widget\" data-widget_type=\"button.default\">\n\t\t\t\t<div class=\"elementor-widget-container\">\n\t\t\t\t\t\t\t\t\t<div class=\"elementor-button-wrapper\">\n\t\t\t\t\t<a class=\"elementor-button elementor-button-link elementor-size-sm\" href=\"https:\/\/fmc.ch\/wp-content\/uploads\/2023\/10\/fmc-webinar-modelle-der-integrierten-Vers.-A.-Kaehne-D.pdf\" target=\"_blank\">\n\t\t\t\t\t\t<span class=\"elementor-button-content-wrapper\">\n\t\t\t\t\t\t\t\t\t<span class=\"elementor-button-text\">T\u00e9l\u00e9charger le PDF<\/span>\n\t\t\t\t\t<\/span>\n\t\t\t\t\t<\/a>\n\t\t\t\t<\/div>\n\t\t\t\t\t\t\t\t<\/div>\n\t\t\t\t<\/div>\n\t\t\t\t\t<\/div>\n\t\t<\/div>\n\t\t\t\t\t<\/div>\n\t\t<\/section>\n\t\t\t\t<section class=\"elementor-section elementor-top-section elementor-element elementor-element-742ab44 elementor-section-boxed elementor-section-height-default elementor-section-height-default\" data-id=\"742ab44\" data-element_type=\"section\" data-e-type=\"section\">\n\t\t\t\t\t\t<div class=\"elementor-container elementor-column-gap-default\">\n\t\t\t\t\t<div class=\"elementor-column elementor-col-100 elementor-top-column elementor-element elementor-element-7f790aa\" data-id=\"7f790aa\" data-element_type=\"column\" data-e-type=\"column\">\n\t\t\t<div class=\"elementor-widget-wrap elementor-element-populated\">\n\t\t\t\t\t\t<div class=\"elementor-element elementor-element-de6e13a elementor-invisible elementor-widget elementor-widget-heading\" data-id=\"de6e13a\" data-element_type=\"widget\" data-e-type=\"widget\" data-settings=\"{&quot;_animation&quot;:&quot;fadeInUp&quot;}\" data-widget_type=\"heading.default\">\n\t\t\t\t<div class=\"elementor-widget-container\">\n\t\t\t\t\t<h2 class=\"elementor-heading-title elementor-size-default\">Les soins int\u00e9gr\u00e9s ont une forme intrins\u00e8que<\/h2>\t\t\t\t<\/div>\n\t\t\t\t<\/div>\n\t\t\t\t<div class=\"elementor-element elementor-element-ae68c09 elementor-invisible elementor-widget elementor-widget-text-editor\" data-id=\"ae68c09\" data-element_type=\"widget\" data-e-type=\"widget\" data-settings=\"{&quot;_animation&quot;:&quot;fadeIn&quot;}\" data-widget_type=\"text-editor.default\">\n\t\t\t\t<div class=\"elementor-widget-container\">\n\t\t\t\t\t\t\t\t\t<p>Le temps est venu de poser des jalons. \"Car nous ne savons toujours pas exactement comment transf\u00e9rer de nouveaux programmes dans notre syst\u00e8me\". Ils seraient trop motiv\u00e9s par le professionnalisme et (encore) trop peu du point de vue des patients. On ne peut de toute fa\u00e7on pas d\u00e9velopper des mod\u00e8les IV et les imposer au syst\u00e8me. \"L'AI est un ensemble de bonnes pratiques, fa\u00e7onn\u00e9 intrins\u00e8quement par des facteurs li\u00e9s au processus\". On a longtemps sous-estim\u00e9 la difficult\u00e9 des changements dans le paysage des soins et l'immensit\u00e9 des exigences pos\u00e9es au personnel. Les programmes\/mod\u00e8les ne correspondent souvent pas \u00e0 la r\u00e9alit\u00e9 des utilisateurs et de l'organisation. \"Cela doit changer\", a demand\u00e9 Kaehne.<\/p>\t\t\t\t\t\t\t\t<\/div>\n\t\t\t\t<\/div>\n\t\t\t\t\t<\/div>\n\t\t<\/div>\n\t\t\t\t\t<\/div>\n\t\t<\/section>\n\t\t\t\t<section class=\"elementor-section elementor-top-section elementor-element elementor-element-34bf5ec elementor-section-boxed elementor-section-height-default elementor-section-height-default\" data-id=\"34bf5ec\" data-element_type=\"section\" data-e-type=\"section\">\n\t\t\t\t\t\t<div class=\"elementor-container elementor-column-gap-default\">\n\t\t\t\t\t<div class=\"elementor-column elementor-col-100 elementor-top-column elementor-element elementor-element-1e0cb86\" data-id=\"1e0cb86\" data-element_type=\"column\" data-e-type=\"column\">\n\t\t\t<div class=\"elementor-widget-wrap elementor-element-populated\">\n\t\t\t\t\t\t<div class=\"elementor-element elementor-element-1c9dd36 elementor-invisible elementor-widget elementor-widget-heading\" data-id=\"1c9dd36\" data-element_type=\"widget\" data-e-type=\"widget\" data-settings=\"{&quot;_animation&quot;:&quot;fadeInUp&quot;}\" data-widget_type=\"heading.default\">\n\t\t\t\t<div class=\"elementor-widget-container\">\n\t\t\t\t\t<h2 class=\"elementor-heading-title elementor-size-default\">Tirer les le\u00e7ons de la pand\u00e9mie<\/h2>\t\t\t\t<\/div>\n\t\t\t\t<\/div>\n\t\t\t\t<div class=\"elementor-element elementor-element-df6082d elementor-invisible elementor-widget elementor-widget-text-editor\" data-id=\"df6082d\" data-element_type=\"widget\" data-e-type=\"widget\" data-settings=\"{&quot;_animation&quot;:&quot;fadeIn&quot;}\" data-widget_type=\"text-editor.default\">\n\t\t\t\t<div class=\"elementor-widget-container\">\n\t\t\t\t\t\t\t\t\t<p>Conclusion de Kaehne : nous devons nous \u00e9loigner de l'id\u00e9e de l'AI comme intervention. La recherche dans la bo\u00eete noire est compliqu\u00e9e et n'apporte pas de preuves utiles. La pand\u00e9mie a montr\u00e9 ce dont nous avions besoin : Plus de segmentation, une gestion de la sant\u00e9 bas\u00e9e sur la population, une stratification des risques et la num\u00e9risation. Les plans de mise en \u0153uvre doivent \u00eatre plus robustes face aux impond\u00e9rables et les preuves doivent \u00eatre plus claires. Et surtout, la num\u00e9risation doit \u00eatre encourag\u00e9e.<\/p>\t\t\t\t\t\t\t\t<\/div>\n\t\t\t\t<\/div>\n\t\t\t\t\t<\/div>\n\t\t<\/div>\n\t\t\t\t\t<\/div>\n\t\t<\/section>\n\t\t\t\t<section class=\"elementor-section elementor-top-section elementor-element elementor-element-9242bdc elementor-section-boxed elementor-section-height-default elementor-section-height-default\" data-id=\"9242bdc\" data-element_type=\"section\" data-e-type=\"section\">\n\t\t\t\t\t\t<div class=\"elementor-container elementor-column-gap-default\">\n\t\t\t\t\t<div class=\"elementor-column elementor-col-100 elementor-top-column elementor-element elementor-element-128f70c\" data-id=\"128f70c\" data-element_type=\"column\" data-e-type=\"column\">\n\t\t\t<div class=\"elementor-widget-wrap elementor-element-populated\">\n\t\t\t\t\t\t<div class=\"elementor-element elementor-element-b815743 elementor-invisible elementor-widget elementor-widget-heading\" data-id=\"b815743\" data-element_type=\"widget\" data-e-type=\"widget\" data-settings=\"{&quot;_animation&quot;:&quot;fadeInUp&quot;}\" data-widget_type=\"heading.default\">\n\t\t\t\t<div class=\"elementor-widget-container\">\n\t\t\t\t\t<h2 class=\"elementor-heading-title elementor-size-default\">La fragmentation est un fait<\/h2>\t\t\t\t<\/div>\n\t\t\t\t<\/div>\n\t\t\t\t<div class=\"elementor-element elementor-element-fee63ff elementor-invisible elementor-widget elementor-widget-text-editor\" data-id=\"fee63ff\" data-element_type=\"widget\" data-e-type=\"widget\" data-settings=\"{&quot;_animation&quot;:&quot;fadeIn&quot;}\" data-widget_type=\"text-editor.default\">\n\t\t\t\t<div class=\"elementor-widget-container\">\n\t\t\t\t\t\t\t\t\t<p>Holger Auerbach a pos\u00e9 ici la question avec scepticisme : \"Pouvons-nous vraiment mettre le patient au centre avec un syst\u00e8me aussi fragmentaire ?\" Compte tenu des nombreux groupes d'int\u00e9r\u00eat, il trouve la situation de d\u00e9part plut\u00f4t d\u00e9cevante avec de petits essais pilotes et le \"principe d'espoir\". D'un autre c\u00f4t\u00e9, il voit dans le manque de personnel qualifi\u00e9 une chance d'acc\u00e9l\u00e9rer l'AI. Selon lui, les ressources ont depuis longtemps atteint leurs limites. L'AI pourrait y rem\u00e9dier en faisant pression sur les diff\u00e9rents fournisseurs de prestations.<\/p>\t\t\t\t\t\t\t\t<\/div>\n\t\t\t\t<\/div>\n\t\t\t\t\t<\/div>\n\t\t<\/div>\n\t\t\t\t\t<\/div>\n\t\t<\/section>\n\t\t\t\t<section class=\"elementor-section elementor-top-section elementor-element elementor-element-ea5aea8 elementor-section-boxed elementor-section-height-default elementor-section-height-default\" data-id=\"ea5aea8\" data-element_type=\"section\" data-e-type=\"section\">\n\t\t\t\t\t\t<div class=\"elementor-container elementor-column-gap-default\">\n\t\t\t\t\t<div class=\"elementor-column elementor-col-100 elementor-top-column elementor-element elementor-element-4d567c5\" data-id=\"4d567c5\" data-element_type=\"column\" data-e-type=\"column\">\n\t\t\t<div class=\"elementor-widget-wrap elementor-element-populated\">\n\t\t\t\t\t\t<div class=\"elementor-element elementor-element-fbcce89 elementor-invisible elementor-widget elementor-widget-heading\" data-id=\"fbcce89\" data-element_type=\"widget\" data-e-type=\"widget\" data-settings=\"{&quot;_animation&quot;:&quot;fadeInUp&quot;}\" data-widget_type=\"heading.default\">\n\t\t\t\t<div class=\"elementor-widget-container\">\n\t\t\t\t\t<h2 class=\"elementor-heading-title elementor-size-default\">L'avenir apporte des changements massifs<\/h2>\t\t\t\t<\/div>\n\t\t\t\t<\/div>\n\t\t\t\t<div class=\"elementor-element elementor-element-89ec6d8 elementor-invisible elementor-widget elementor-widget-text-editor\" data-id=\"89ec6d8\" data-element_type=\"widget\" data-e-type=\"widget\" data-settings=\"{&quot;_animation&quot;:&quot;fadeIn&quot;}\" data-widget_type=\"text-editor.default\">\n\t\t\t\t<div class=\"elementor-widget-container\">\n\t\t\t\t\t\t\t\t\t<p>Kaehne a encore fait r\u00e9f\u00e9rence \u00e0 la formation en alternance croissante dans le secteur de la sant\u00e9. C'est une voie \u00e0 suivre. Pour cela, il faut des r\u00e9seaux hyperprofessionnels. Sa conclusion : nous ne sommes pas encore pr\u00e9par\u00e9s au fait que le changement dans le secteur de la sant\u00e9 deviendra une constante \u00e0 l'avenir. \"La recherche sur les soins int\u00e9gr\u00e9s va modifier tr\u00e8s fortement ce que nous avons fait jusqu'\u00e0 pr\u00e9sent\".<\/p>\t\t\t\t\t\t\t\t<\/div>\n\t\t\t\t<\/div>\n\t\t\t\t\t<\/div>\n\t\t<\/div>\n\t\t\t\t\t<\/div>\n\t\t<\/section>\n\t\t\t\t<section class=\"elementor-section elementor-top-section elementor-element elementor-element-8101fd3 elementor-section-boxed elementor-section-height-default elementor-section-height-default\" data-id=\"8101fd3\" data-element_type=\"section\" data-e-type=\"section\">\n\t\t\t\t\t\t<div class=\"elementor-container elementor-column-gap-default\">\n\t\t\t\t\t<div class=\"elementor-column elementor-col-50 elementor-top-column elementor-element elementor-element-da1ddf0\" data-id=\"da1ddf0\" data-element_type=\"column\" data-e-type=\"column\">\n\t\t\t<div class=\"elementor-widget-wrap elementor-element-populated\">\n\t\t\t\t\t\t<div class=\"elementor-element elementor-element-2c60503 elementor-widget elementor-widget-video\" data-id=\"2c60503\" data-element_type=\"widget\" data-e-type=\"widget\" data-settings=\"{&quot;youtube_url&quot;:&quot;https:\\\/\\\/www.youtube.com\\\/watch?v=AANldHN-Tzo&quot;,&quot;lazy_load&quot;:&quot;yes&quot;,&quot;video_type&quot;:&quot;youtube&quot;,&quot;controls&quot;:&quot;yes&quot;}\" data-widget_type=\"video.default\">\n\t\t\t\t<div class=\"elementor-widget-container\">\n\t\t\t\t\t\t\t<div class=\"elementor-wrapper elementor-open-inline\">\n\t\t\t<div class=\"elementor-video\"><\/div>\t\t<\/div>\n\t\t\t\t\t\t<\/div>\n\t\t\t\t<\/div>\n\t\t\t\t<div class=\"elementor-element elementor-element-efe182e widget-image-caption elementor-widget elementor-widget-text-editor\" data-id=\"efe182e\" data-element_type=\"widget\" data-e-type=\"widget\" data-widget_type=\"text-editor.default\">\n\t\t\t\t<div class=\"elementor-widget-container\">\n\t\t\t\t\t\t\t\t\t<p>Webinaire fmc Mise en \u0153uvre et garantie d'\u00e9valuation des mod\u00e8les de soins int\u00e9gr\u00e9s\u00a0<\/p>\t\t\t\t\t\t\t\t<\/div>\n\t\t\t\t<\/div>\n\t\t\t\t\t<\/div>\n\t\t<\/div>\n\t\t\t\t<div class=\"elementor-column elementor-col-50 elementor-top-column elementor-element elementor-element-d6ad5fe\" data-id=\"d6ad5fe\" data-element_type=\"column\" data-e-type=\"column\">\n\t\t\t<div class=\"elementor-widget-wrap elementor-element-populated\">\n\t\t\t\t\t\t<div class=\"elementor-element elementor-element-878a194 elementor-invisible elementor-widget elementor-widget-text-editor\" data-id=\"878a194\" data-element_type=\"widget\" data-e-type=\"widget\" data-settings=\"{&quot;_animation&quot;:&quot;fadeIn&quot;}\" data-widget_type=\"text-editor.default\">\n\t\t\t\t<div class=\"elementor-widget-container\">\n\t\t\t\t\t\t\t\t\t<p>Nous remercions\u00a0<a href=\"https:\/\/www.linkedin.com\/in\/axel-kaehne-5b1480175\/?originalSubdomain=uk\" target=\"_blank\" rel=\"noopener\">Dr. Axel Kaehne<\/a>Professeur de recherche sur les services de sant\u00e9 \u00e0 l'universit\u00e9 Edge Hill de Liverpool.\u00a0<a href=\"https:\/\/www.linkedin.com\/in\/holger-auerbach-8185a2177\/\" target=\"_blank\" rel=\"noopener\">Dr. Holger Auerbach<\/a>, directeur g\u00e9n\u00e9ral d'Akomo GmbH, pour leur participation \u00e0 notre webinaire.<\/p>\t\t\t\t\t\t\t\t<\/div>\n\t\t\t\t<\/div>\n\t\t\t\t\t<\/div>\n\t\t<\/div>\n\t\t\t\t\t<\/div>\n\t\t<\/section>\n\t\t\t\t<section class=\"elementor-section elementor-top-section elementor-element elementor-element-15fe7d5 elementor-section-boxed elementor-section-height-default elementor-section-height-default\" data-id=\"15fe7d5\" data-element_type=\"section\" data-e-type=\"section\">\n\t\t\t\t\t\t<div class=\"elementor-container elementor-column-gap-default\">\n\t\t\t\t\t<div class=\"elementor-column elementor-col-100 elementor-top-column elementor-element elementor-element-5374ad8\" data-id=\"5374ad8\" data-element_type=\"column\" data-e-type=\"column\">\n\t\t\t<div class=\"elementor-widget-wrap elementor-element-populated\">\n\t\t\t\t\t\t<div class=\"elementor-element elementor-element-8189101 elementor-widget elementor-widget-spacer\" data-id=\"8189101\" data-element_type=\"widget\" data-e-type=\"widget\" data-widget_type=\"spacer.default\">\n\t\t\t\t<div class=\"elementor-widget-container\">\n\t\t\t\t\t\t\t<div class=\"elementor-spacer\">\n\t\t\t<div class=\"elementor-spacer-inner\"><\/div>\n\t\t<\/div>\n\t\t\t\t\t\t<\/div>\n\t\t\t\t<\/div>\n\t\t\t\t\t<\/div>\n\t\t<\/div>\n\t\t\t\t\t<\/div>\n\t\t<\/section>\n\t\t\t\t<\/div>","protected":false},"excerpt":{"rendered":"<p>Le Dr Axel Kaehne fait de la recherche sur les soins int\u00e9gr\u00e9s. Selon lui, la phase quatre actuelle est le domaine le moins d\u00e9velopp\u00e9 : l'accent est mis sur le patient.<\/p>","protected":false},"author":2,"featured_media":2031,"comment_status":"closed","ping_status":"closed","sticky":false,"template":"","format":[138,141],"meta":{"footnotes":""},"strategie":[156],"thema":[152,168],"class_list":["post-2030","post","type-post","status-publish","format-standard","has-post-thumbnail","hentry","strategie-zusammenarbeit","thema-interprofessionelle-zusammenarbeit","thema-qualitaetsentwicklung","format-veranstaltung","format-webinare"],"yoast_head":"<!-- This site is optimized with the Yoast SEO plugin v27.5 - https:\/\/yoast.com\/product\/yoast-seo-wordpress\/ -->\n<title>Implementierung und Evaluation von Modellen der Integrierten Versorgung - FMC<\/title>\n<meta name=\"description\" content=\"Dr. Axel Kaehne forscht zu Integrierter Versorgung. Die aktuelle Phase vier sei der am geringsten entwickelte Bereich: Der Fokus hin zum Patienten.\" \/>\n<meta name=\"robots\" content=\"index, follow, max-snippet:-1, max-image-preview:large, max-video-preview:-1\" \/>\n<link rel=\"canonical\" href=\"https:\/\/fmc.ch\/fr\/webinaire-modeles-de-soins-integres\/\" \/>\n<meta property=\"og:locale\" content=\"fr_FR\" \/>\n<meta property=\"og:type\" content=\"article\" \/>\n<meta property=\"og:title\" content=\"Implementierung und Evaluation von Modellen der Integrierten Versorgung - FMC\" \/>\n<meta property=\"og:description\" content=\"Dr. Axel Kaehne forscht zu Integrierter Versorgung. Die aktuelle Phase vier sei der am geringsten entwickelte Bereich: Der Fokus hin zum Patienten.\" \/>\n<meta property=\"og:url\" content=\"https:\/\/fmc.ch\/fr\/webinaire-modeles-de-soins-integres\/\" \/>\n<meta property=\"og:site_name\" content=\"FMC\" \/>\n<meta property=\"article:published_time\" content=\"2022-10-16T12:20:00+00:00\" \/>\n<meta property=\"article:modified_time\" content=\"2025-11-27T15:55:55+00:00\" \/>\n<meta property=\"og:image\" content=\"https:\/\/fmc.ch\/wp-content\/uploads\/2023\/10\/Bild-Webinar-Modelle-der-Integrierten-Versorgung.jpg\" \/>\n\t<meta property=\"og:image:width\" content=\"599\" \/>\n\t<meta property=\"og:image:height\" content=\"599\" \/>\n\t<meta property=\"og:image:type\" content=\"image\/jpeg\" \/>\n<meta name=\"author\" content=\"Nadja Blanchard\" \/>\n<meta name=\"twitter:card\" content=\"summary_large_image\" \/>\n<meta name=\"twitter:label1\" content=\"\u00c9crit par\" \/>\n\t<meta name=\"twitter:data1\" content=\"Nadja Blanchard\" \/>\n\t<meta name=\"twitter:label2\" content=\"Dur\u00e9e de lecture estim\u00e9e\" \/>\n\t<meta name=\"twitter:data2\" content=\"3 minutes\" \/>\n<script type=\"application\/ld+json\" class=\"yoast-schema-graph\">{\"@context\":\"https:\\\/\\\/schema.org\",\"@graph\":[{\"@type\":\"Article\",\"@id\":\"https:\\\/\\\/fmc.ch\\\/webinar-modelle-der-integrierten-versorgung\\\/#article\",\"isPartOf\":{\"@id\":\"https:\\\/\\\/fmc.ch\\\/webinar-modelle-der-integrierten-versorgung\\\/\"},\"author\":{\"name\":\"Nadja Blanchard\",\"@id\":\"https:\\\/\\\/fmc.ch\\\/#\\\/schema\\\/person\\\/3a7218d283691f8ef8cf410e4615e507\"},\"headline\":\"Implementierung und Evaluation von Modellen der Integrierten Versorgung\",\"datePublished\":\"2022-10-16T12:20:00+00:00\",\"dateModified\":\"2025-11-27T15:55:55+00:00\",\"mainEntityOfPage\":{\"@id\":\"https:\\\/\\\/fmc.ch\\\/webinar-modelle-der-integrierten-versorgung\\\/\"},\"wordCount\":541,\"publisher\":{\"@id\":\"https:\\\/\\\/fmc.ch\\\/#organization\"},\"image\":{\"@id\":\"https:\\\/\\\/fmc.ch\\\/webinar-modelle-der-integrierten-versorgung\\\/#primaryimage\"},\"thumbnailUrl\":\"https:\\\/\\\/fmc.ch\\\/wp-content\\\/uploads\\\/2023\\\/10\\\/Bild-Webinar-Modelle-der-Integrierten-Versorgung.jpg\",\"keywords\":[\"Integrierte Versorgung\"],\"articleSection\":[\"Webinare\"],\"inLanguage\":\"fr-FR\"},{\"@type\":\"WebPage\",\"@id\":\"https:\\\/\\\/fmc.ch\\\/webinar-modelle-der-integrierten-versorgung\\\/\",\"url\":\"https:\\\/\\\/fmc.ch\\\/webinar-modelle-der-integrierten-versorgung\\\/\",\"name\":\"Implementierung und Evaluation von Modellen der Integrierten Versorgung - FMC\",\"isPartOf\":{\"@id\":\"https:\\\/\\\/fmc.ch\\\/#website\"},\"primaryImageOfPage\":{\"@id\":\"https:\\\/\\\/fmc.ch\\\/webinar-modelle-der-integrierten-versorgung\\\/#primaryimage\"},\"image\":{\"@id\":\"https:\\\/\\\/fmc.ch\\\/webinar-modelle-der-integrierten-versorgung\\\/#primaryimage\"},\"thumbnailUrl\":\"https:\\\/\\\/fmc.ch\\\/wp-content\\\/uploads\\\/2023\\\/10\\\/Bild-Webinar-Modelle-der-Integrierten-Versorgung.jpg\",\"datePublished\":\"2022-10-16T12:20:00+00:00\",\"dateModified\":\"2025-11-27T15:55:55+00:00\",\"description\":\"Dr. Axel Kaehne forscht zu Integrierter Versorgung. Die aktuelle Phase vier sei der am geringsten entwickelte Bereich: Der Fokus hin zum Patienten.\",\"breadcrumb\":{\"@id\":\"https:\\\/\\\/fmc.ch\\\/webinar-modelle-der-integrierten-versorgung\\\/#breadcrumb\"},\"inLanguage\":\"fr-FR\",\"potentialAction\":[{\"@type\":\"ReadAction\",\"target\":[\"https:\\\/\\\/fmc.ch\\\/webinar-modelle-der-integrierten-versorgung\\\/\"]}]},{\"@type\":\"ImageObject\",\"inLanguage\":\"fr-FR\",\"@id\":\"https:\\\/\\\/fmc.ch\\\/webinar-modelle-der-integrierten-versorgung\\\/#primaryimage\",\"url\":\"https:\\\/\\\/fmc.ch\\\/wp-content\\\/uploads\\\/2023\\\/10\\\/Bild-Webinar-Modelle-der-Integrierten-Versorgung.jpg\",\"contentUrl\":\"https:\\\/\\\/fmc.ch\\\/wp-content\\\/uploads\\\/2023\\\/10\\\/Bild-Webinar-Modelle-der-Integrierten-Versorgung.jpg\",\"width\":599,\"height\":599},{\"@type\":\"BreadcrumbList\",\"@id\":\"https:\\\/\\\/fmc.ch\\\/webinar-modelle-der-integrierten-versorgung\\\/#breadcrumb\",\"itemListElement\":[{\"@type\":\"ListItem\",\"position\":1,\"name\":\"Home\",\"item\":\"https:\\\/\\\/fmc.ch\\\/\"},{\"@type\":\"ListItem\",\"position\":2,\"name\":\"Implementierung und Evaluation von Modellen der Integrierten Versorgung\"}]},{\"@type\":\"WebSite\",\"@id\":\"https:\\\/\\\/fmc.ch\\\/#website\",\"url\":\"https:\\\/\\\/fmc.ch\\\/\",\"name\":\"FMC\",\"description\":\"Schweizer Forum f\u00fcr Integrierte Versorgung\",\"publisher\":{\"@id\":\"https:\\\/\\\/fmc.ch\\\/#organization\"},\"potentialAction\":[{\"@type\":\"SearchAction\",\"target\":{\"@type\":\"EntryPoint\",\"urlTemplate\":\"https:\\\/\\\/fmc.ch\\\/?s={search_term_string}\"},\"query-input\":{\"@type\":\"PropertyValueSpecification\",\"valueRequired\":true,\"valueName\":\"search_term_string\"}}],\"inLanguage\":\"fr-FR\"},{\"@type\":\"Organization\",\"@id\":\"https:\\\/\\\/fmc.ch\\\/#organization\",\"name\":\"FMC\",\"url\":\"https:\\\/\\\/fmc.ch\\\/\",\"logo\":{\"@type\":\"ImageObject\",\"inLanguage\":\"fr-FR\",\"@id\":\"https:\\\/\\\/fmc.ch\\\/#\\\/schema\\\/logo\\\/image\\\/\",\"url\":\"https:\\\/\\\/fmc.ch\\\/wp-content\\\/uploads\\\/2023\\\/09\\\/fmc-logo.svg\",\"contentUrl\":\"https:\\\/\\\/fmc.ch\\\/wp-content\\\/uploads\\\/2023\\\/09\\\/fmc-logo.svg\",\"caption\":\"FMC\"},\"image\":{\"@id\":\"https:\\\/\\\/fmc.ch\\\/#\\\/schema\\\/logo\\\/image\\\/\"}},{\"@type\":\"Person\",\"@id\":\"https:\\\/\\\/fmc.ch\\\/#\\\/schema\\\/person\\\/3a7218d283691f8ef8cf410e4615e507\",\"name\":\"Nadja Blanchard\",\"image\":{\"@type\":\"ImageObject\",\"inLanguage\":\"fr-FR\",\"@id\":\"https:\\\/\\\/secure.gravatar.com\\\/avatar\\\/729fbcebbfccd7834565b1398470d6ea84a4f3e7525873a0cb368db99228ce7b?s=96&d=mm&r=g\",\"url\":\"https:\\\/\\\/secure.gravatar.com\\\/avatar\\\/729fbcebbfccd7834565b1398470d6ea84a4f3e7525873a0cb368db99228ce7b?s=96&d=mm&r=g\",\"contentUrl\":\"https:\\\/\\\/secure.gravatar.com\\\/avatar\\\/729fbcebbfccd7834565b1398470d6ea84a4f3e7525873a0cb368db99228ce7b?s=96&d=mm&r=g\",\"caption\":\"Nadja Blanchard\"},\"url\":\"https:\\\/\\\/fmc.ch\\\/fr\\\/author\\\/nadja-blanchardfmc-ch\\\/\"}]}<\/script>\n<!-- \/ Yoast SEO plugin. -->","yoast_head_json":{"title":"Mise en \u0153uvre et \u00e9valuation de mod\u00e8les de soins int\u00e9gr\u00e9s - FMC","description":"Le Dr Axel Kaehne fait de la recherche sur les soins int\u00e9gr\u00e9s. Selon lui, la phase quatre actuelle est le domaine le moins d\u00e9velopp\u00e9 : l'accent est mis sur le patient.","robots":{"index":"index","follow":"follow","max-snippet":"max-snippet:-1","max-image-preview":"max-image-preview:large","max-video-preview":"max-video-preview:-1"},"canonical":"https:\/\/fmc.ch\/fr\/webinaire-modeles-de-soins-integres\/","og_locale":"fr_FR","og_type":"article","og_title":"Implementierung und Evaluation von Modellen der Integrierten Versorgung - FMC","og_description":"Dr. Axel Kaehne forscht zu Integrierter Versorgung. Die aktuelle Phase vier sei der am geringsten entwickelte Bereich: Der Fokus hin zum Patienten.","og_url":"https:\/\/fmc.ch\/fr\/webinaire-modeles-de-soins-integres\/","og_site_name":"FMC","article_published_time":"2022-10-16T12:20:00+00:00","article_modified_time":"2025-11-27T15:55:55+00:00","og_image":[{"width":599,"height":599,"url":"https:\/\/fmc.ch\/wp-content\/uploads\/2023\/10\/Bild-Webinar-Modelle-der-Integrierten-Versorgung.jpg","type":"image\/jpeg"}],"author":"Nadja Blanchard","twitter_card":"summary_large_image","twitter_misc":{"\u00c9crit par":"Nadja Blanchard","Dur\u00e9e de lecture estim\u00e9e":"3 minutes"},"schema":{"@context":"https:\/\/schema.org","@graph":[{"@type":"Article","@id":"https:\/\/fmc.ch\/webinar-modelle-der-integrierten-versorgung\/#article","isPartOf":{"@id":"https:\/\/fmc.ch\/webinar-modelle-der-integrierten-versorgung\/"},"author":{"name":"Nadja Blanchard","@id":"https:\/\/fmc.ch\/#\/schema\/person\/3a7218d283691f8ef8cf410e4615e507"},"headline":"Implementierung und Evaluation von Modellen der Integrierten Versorgung","datePublished":"2022-10-16T12:20:00+00:00","dateModified":"2025-11-27T15:55:55+00:00","mainEntityOfPage":{"@id":"https:\/\/fmc.ch\/webinar-modelle-der-integrierten-versorgung\/"},"wordCount":541,"publisher":{"@id":"https:\/\/fmc.ch\/#organization"},"image":{"@id":"https:\/\/fmc.ch\/webinar-modelle-der-integrierten-versorgung\/#primaryimage"},"thumbnailUrl":"https:\/\/fmc.ch\/wp-content\/uploads\/2023\/10\/Bild-Webinar-Modelle-der-Integrierten-Versorgung.jpg","keywords":["Integrierte Versorgung"],"articleSection":["Webinare"],"inLanguage":"fr-FR"},{"@type":"WebPage","@id":"https:\/\/fmc.ch\/webinar-modelle-der-integrierten-versorgung\/","url":"https:\/\/fmc.ch\/webinar-modelle-der-integrierten-versorgung\/","name":"Mise en \u0153uvre et \u00e9valuation de mod\u00e8les de soins int\u00e9gr\u00e9s - FMC","isPartOf":{"@id":"https:\/\/fmc.ch\/#website"},"primaryImageOfPage":{"@id":"https:\/\/fmc.ch\/webinar-modelle-der-integrierten-versorgung\/#primaryimage"},"image":{"@id":"https:\/\/fmc.ch\/webinar-modelle-der-integrierten-versorgung\/#primaryimage"},"thumbnailUrl":"https:\/\/fmc.ch\/wp-content\/uploads\/2023\/10\/Bild-Webinar-Modelle-der-Integrierten-Versorgung.jpg","datePublished":"2022-10-16T12:20:00+00:00","dateModified":"2025-11-27T15:55:55+00:00","description":"Le Dr Axel Kaehne fait de la recherche sur les soins int\u00e9gr\u00e9s. Selon lui, la phase quatre actuelle est le domaine le moins d\u00e9velopp\u00e9 : l'accent est mis sur le patient.","breadcrumb":{"@id":"https:\/\/fmc.ch\/webinar-modelle-der-integrierten-versorgung\/#breadcrumb"},"inLanguage":"fr-FR","potentialAction":[{"@type":"ReadAction","target":["https:\/\/fmc.ch\/webinar-modelle-der-integrierten-versorgung\/"]}]},{"@type":"ImageObject","inLanguage":"fr-FR","@id":"https:\/\/fmc.ch\/webinar-modelle-der-integrierten-versorgung\/#primaryimage","url":"https:\/\/fmc.ch\/wp-content\/uploads\/2023\/10\/Bild-Webinar-Modelle-der-Integrierten-Versorgung.jpg","contentUrl":"https:\/\/fmc.ch\/wp-content\/uploads\/2023\/10\/Bild-Webinar-Modelle-der-Integrierten-Versorgung.jpg","width":599,"height":599},{"@type":"BreadcrumbList","@id":"https:\/\/fmc.ch\/webinar-modelle-der-integrierten-versorgung\/#breadcrumb","itemListElement":[{"@type":"ListItem","position":1,"name":"Home","item":"https:\/\/fmc.ch\/"},{"@type":"ListItem","position":2,"name":"Implementierung und Evaluation von Modellen der Integrierten Versorgung"}]},{"@type":"WebSite","@id":"https:\/\/fmc.ch\/#website","url":"https:\/\/fmc.ch\/","name":"FMC","description":"Forum suisse des soins int\u00e9gr\u00e9s","publisher":{"@id":"https:\/\/fmc.ch\/#organization"},"potentialAction":[{"@type":"SearchAction","target":{"@type":"EntryPoint","urlTemplate":"https:\/\/fmc.ch\/?s={search_term_string}"},"query-input":{"@type":"PropertyValueSpecification","valueRequired":true,"valueName":"search_term_string"}}],"inLanguage":"fr-FR"},{"@type":"Organization","@id":"https:\/\/fmc.ch\/#organization","name":"FMC","url":"https:\/\/fmc.ch\/","logo":{"@type":"ImageObject","inLanguage":"fr-FR","@id":"https:\/\/fmc.ch\/#\/schema\/logo\/image\/","url":"https:\/\/fmc.ch\/wp-content\/uploads\/2023\/09\/fmc-logo.svg","contentUrl":"https:\/\/fmc.ch\/wp-content\/uploads\/2023\/09\/fmc-logo.svg","caption":"FMC"},"image":{"@id":"https:\/\/fmc.ch\/#\/schema\/logo\/image\/"}},{"@type":"Person","@id":"https:\/\/fmc.ch\/#\/schema\/person\/3a7218d283691f8ef8cf410e4615e507","name":"Nadja Blanchard","image":{"@type":"ImageObject","inLanguage":"fr-FR","@id":"https:\/\/secure.gravatar.com\/avatar\/729fbcebbfccd7834565b1398470d6ea84a4f3e7525873a0cb368db99228ce7b?s=96&d=mm&r=g","url":"https:\/\/secure.gravatar.com\/avatar\/729fbcebbfccd7834565b1398470d6ea84a4f3e7525873a0cb368db99228ce7b?s=96&d=mm&r=g","contentUrl":"https:\/\/secure.gravatar.com\/avatar\/729fbcebbfccd7834565b1398470d6ea84a4f3e7525873a0cb368db99228ce7b?s=96&d=mm&r=g","caption":"Nadja Blanchard"},"url":"https:\/\/fmc.ch\/fr\/author\/nadja-blanchardfmc-ch\/"}]}},"_links":{"self":[{"href":"https:\/\/fmc.ch\/fr\/wp-json\/wp\/v2\/posts\/2030","targetHints":{"allow":["GET"]}}],"collection":[{"href":"https:\/\/fmc.ch\/fr\/wp-json\/wp\/v2\/posts"}],"about":[{"href":"https:\/\/fmc.ch\/fr\/wp-json\/wp\/v2\/types\/post"}],"author":[{"embeddable":true,"href":"https:\/\/fmc.ch\/fr\/wp-json\/wp\/v2\/users\/2"}],"replies":[{"embeddable":true,"href":"https:\/\/fmc.ch\/fr\/wp-json\/wp\/v2\/comments?post=2030"}],"version-history":[{"count":4,"href":"https:\/\/fmc.ch\/fr\/wp-json\/wp\/v2\/posts\/2030\/revisions"}],"predecessor-version":[{"id":12125,"href":"https:\/\/fmc.ch\/fr\/wp-json\/wp\/v2\/posts\/2030\/revisions\/12125"}],"wp:featuredmedia":[{"embeddable":true,"href":"https:\/\/fmc.ch\/fr\/wp-json\/wp\/v2\/media\/2031"}],"wp:attachment":[{"href":"https:\/\/fmc.ch\/fr\/wp-json\/wp\/v2\/media?parent=2030"}],"wp:term":[{"taxonomy":"strategie","embeddable":true,"href":"https:\/\/fmc.ch\/fr\/wp-json\/wp\/v2\/strategie?post=2030"},{"taxonomy":"thema","embeddable":true,"href":"https:\/\/fmc.ch\/fr\/wp-json\/wp\/v2\/thema?post=2030"},{"taxonomy":"format","embeddable":true,"href":"https:\/\/fmc.ch\/fr\/wp-json\/wp\/v2\/format?post=2030"}],"curies":[{"name":"wp","href":"https:\/\/api.w.org\/{rel}","templated":true}]}}