{"id":1916,"date":"2023-03-13T08:30:00","date_gmt":"2023-03-13T08:30:00","guid":{"rendered":"https:\/\/fmc.ch\/?p=1916"},"modified":"2024-11-11T11:37:49","modified_gmt":"2024-11-11T10:37:49","slug":"webinar-cercles-de-qualite-interprofessionnels-ameliorer-la-medication","status":"publish","type":"post","link":"https:\/\/fmc.ch\/fr\/webinar-interprofessionelle-qualitaetszirkel-verbessern-medikation\/","title":{"rendered":"Les cercles de qualit\u00e9 interprofessionnels am\u00e9liorent la m\u00e9dication dans les maisons de retraite et de soins"},"content":{"rendered":"<div data-elementor-type=\"wp-post\" data-elementor-id=\"1916\" class=\"elementor elementor-1916\" data-elementor-post-type=\"post\">\n\t\t\t\t\t\t<section class=\"elementor-section elementor-top-section elementor-element elementor-element-05b60ac elementor-section-boxed elementor-section-height-default elementor-section-height-default elementor-invisible\" data-id=\"05b60ac\" data-element_type=\"section\" data-e-type=\"section\" data-settings=\"{&quot;animation&quot;:&quot;fadeIn&quot;}\">\n\t\t\t\t\t\t<div class=\"elementor-container elementor-column-gap-default\">\n\t\t\t\t\t<div class=\"elementor-column elementor-col-100 elementor-top-column elementor-element elementor-element-17c85f5\" data-id=\"17c85f5\" data-element_type=\"column\" data-e-type=\"column\">\n\t\t\t<div class=\"elementor-widget-wrap elementor-element-populated\">\n\t\t\t\t\t\t<div class=\"elementor-element elementor-element-aa25917 elementor-widget elementor-widget-text-editor\" data-id=\"aa25917\" data-element_type=\"widget\" data-e-type=\"widget\" data-widget_type=\"text-editor.default\">\n\t\t\t\t<div class=\"elementor-widget-container\">\n\t\t\t\t\t\t\t\t\t<h3>Avec leur projet de recherche \u00e0 grande \u00e9chelle \"Opportunities and Limitations of Describing in Nursing Homes\", deux scientifiques ont \u00e9tudi\u00e9 la situation dans les EMS de Suisse romande en mati\u00e8re de m\u00e9dication. Les donn\u00e9es recueillies leur ont permis de d\u00e9finir des interventions cibl\u00e9es et d'\u00e9laborer un programme de recommandations dans l'optique d'un travail interprofessionnel entre soignants, m\u00e9decins et pharmaciens. L'accompagnement pharmacologique par des pharmaciens, qui existe d\u00e9j\u00e0 dans certains EMS de Suisse romande, en fait partie.<\/h3>\t\t\t\t\t\t\t\t<\/div>\n\t\t\t\t<\/div>\n\t\t\t\t\t<\/div>\n\t\t<\/div>\n\t\t\t\t\t<\/div>\n\t\t<\/section>\n\t\t\t\t<section class=\"elementor-section elementor-top-section elementor-element elementor-element-f59337c elementor-section-boxed elementor-section-height-default elementor-section-height-default elementor-invisible\" data-id=\"f59337c\" data-element_type=\"section\" data-e-type=\"section\" data-settings=\"{&quot;animation&quot;:&quot;fadeIn&quot;}\">\n\t\t\t\t\t\t<div class=\"elementor-container elementor-column-gap-default\">\n\t\t\t\t\t<div class=\"elementor-column elementor-col-100 elementor-top-column elementor-element elementor-element-6c3cf8b\" data-id=\"6c3cf8b\" data-element_type=\"column\" data-e-type=\"column\">\n\t\t\t<div class=\"elementor-widget-wrap elementor-element-populated\">\n\t\t\t\t\t\t<div class=\"elementor-element elementor-element-818e1f2 elementor-widget elementor-widget-text-editor\" data-id=\"818e1f2\" data-element_type=\"widget\" data-e-type=\"widget\" data-widget_type=\"text-editor.default\">\n\t\t\t\t<div class=\"elementor-widget-container\">\n\t\t\t\t\t\t\t\t\t<p>Les experts<\/p><ul><li class=\"p1\">Dr Anne Niquille et Dr Damien Cateau, Universit\u00e9 de Lausanne<\/li><li class=\"p1\">Dr. med Omar Kherad, Universit\u00e9 de Gen\u00e8ve<\/li><\/ul>\t\t\t\t\t\t\t\t<\/div>\n\t\t\t\t<\/div>\n\t\t\t\t\t<\/div>\n\t\t<\/div>\n\t\t\t\t\t<\/div>\n\t\t<\/section>\n\t\t\t\t<section class=\"elementor-section elementor-top-section elementor-element elementor-element-7b1f30b elementor-section-boxed elementor-section-height-default elementor-section-height-default\" data-id=\"7b1f30b\" data-element_type=\"section\" data-e-type=\"section\">\n\t\t\t\t\t\t<div class=\"elementor-container elementor-column-gap-default\">\n\t\t\t\t\t<div class=\"elementor-column elementor-col-100 elementor-top-column elementor-element elementor-element-2c5a248\" data-id=\"2c5a248\" data-element_type=\"column\" data-e-type=\"column\">\n\t\t\t<div class=\"elementor-widget-wrap elementor-element-populated\">\n\t\t\t\t\t\t<div class=\"elementor-element elementor-element-c669982 elementor-invisible elementor-widget elementor-widget-heading\" data-id=\"c669982\" data-element_type=\"widget\" data-e-type=\"widget\" data-settings=\"{&quot;_animation&quot;:&quot;fadeInUp&quot;}\" data-widget_type=\"heading.default\">\n\t\t\t\t<div class=\"elementor-widget-container\">\n\t\t\t\t\t<h2 class=\"elementor-heading-title elementor-size-default\">Obstacles dans la pratique<\/h2>\t\t\t\t<\/div>\n\t\t\t\t<\/div>\n\t\t\t\t<div class=\"elementor-element elementor-element-41a4ce5 elementor-invisible elementor-widget elementor-widget-text-editor\" data-id=\"41a4ce5\" data-element_type=\"widget\" data-e-type=\"widget\" data-settings=\"{&quot;_animation&quot;:&quot;fadeIn&quot;}\" data-widget_type=\"text-editor.default\">\n\t\t\t\t<div class=\"elementor-widget-container\">\n\t\t\t\t\t\t\t\t\t<p>Les soignants ont toutefois fait \u00e9tat de certains obstacles. La complexit\u00e9 de l'\u00e9tat de sant\u00e9 et les troubles cognitifs compliquent le processus de r\u00e9duction des m\u00e9dicaments. Le travail interprofessionnel prend du temps et n\u00e9cessite une communication efficace entre les diff\u00e9rents acteurs. Certains r\u00e9sidents n'ont pas voulu participer au choix de leur m\u00e9dication par manque d'int\u00e9r\u00eat ou de connaissances. Il est donc difficile de prendre en compte leur avis et de les impliquer activement dans le processus.<\/p>\t\t\t\t\t\t\t\t<\/div>\n\t\t\t\t<\/div>\n\t\t\t\t\t<\/div>\n\t\t<\/div>\n\t\t\t\t\t<\/div>\n\t\t<\/section>\n\t\t\t\t<section data-dce-background-color=\"#F1F1F1\" class=\"elementor-section elementor-top-section elementor-element elementor-element-418466c elementor-section-full_width elementor-section-stretched elementor-section-height-default elementor-section-height-default\" data-id=\"418466c\" data-element_type=\"section\" data-e-type=\"section\" data-settings=\"{&quot;stretch_section&quot;:&quot;section-stretched&quot;,&quot;background_background&quot;:&quot;classic&quot;}\">\n\t\t\t\t\t\t<div class=\"elementor-container elementor-column-gap-default\">\n\t\t\t\t\t<div class=\"elementor-column elementor-col-100 elementor-top-column elementor-element elementor-element-b6c370b\" data-id=\"b6c370b\" data-element_type=\"column\" data-e-type=\"column\">\n\t\t\t<div class=\"elementor-widget-wrap elementor-element-populated\">\n\t\t\t\t\t\t<div class=\"elementor-element elementor-element-b6b2fd9 elementor-widget elementor-widget-shortcode\" data-id=\"b6b2fd9\" data-element_type=\"widget\" data-e-type=\"widget\" data-widget_type=\"shortcode.default\">\n\t\t\t\t<div class=\"elementor-widget-container\">\n\t\t\t\t\t\t\t<div class=\"elementor-shortcode\"><div class=\"_df_book df-lite\" id=\"df_2322\"  _slug=\"fmc-webinar-interprof-qualitaetszirkel_niquille-und-cateau-f\" data-title=\"fmc-webinar-interprof-qualitaetszirkel_niquille-und-cateau-f\" wpoptions=\"true\" thumbtype=\"\" ><\/div><script class=\"df-shortcode-script\" nowprocket type=\"application\/javascript\">window.option_df_2322 = {\"outline\":[],\"backgroundColor\":\"#f1f1f1\",\"height\":\"700\",\"autoEnableOutline\":\"false\",\"autoEnableThumbnail\":\"false\",\"overwritePDFOutline\":\"false\",\"direction\":\"1\",\"pageSize\":\"0\",\"source\":\"https:\\\/\\\/fmc.ch\\\/wp-content\\\/uploads\\\/2023\\\/10\\\/fmc-webinar-interprof.-Qualitaeszirkel-NFP74-Cateau-und-Niquille-F.pdf\",\"wpOptions\":\"true\"}; if(window.DFLIP && window.DFLIP.parseBooks){window.DFLIP.parseBooks();}<\/script><\/div>\n\t\t\t\t\t\t<\/div>\n\t\t\t\t<\/div>\n\t\t\t\t\t<\/div>\n\t\t<\/div>\n\t\t\t\t\t<\/div>\n\t\t<\/section>\n\t\t\t\t<section data-dce-background-color=\"#F1F1F1\" class=\"elementor-section elementor-top-section elementor-element elementor-element-4997e40 elementor-section-stretched elementor-section-boxed elementor-section-height-default elementor-section-height-default\" data-id=\"4997e40\" data-element_type=\"section\" data-e-type=\"section\" data-settings=\"{&quot;stretch_section&quot;:&quot;section-stretched&quot;,&quot;background_background&quot;:&quot;classic&quot;}\">\n\t\t\t\t\t\t<div class=\"elementor-container elementor-column-gap-default\">\n\t\t\t\t\t<div class=\"elementor-column elementor-col-100 elementor-top-column elementor-element elementor-element-6561310\" data-id=\"6561310\" data-element_type=\"column\" data-e-type=\"column\">\n\t\t\t<div class=\"elementor-widget-wrap elementor-element-populated\">\n\t\t\t\t\t\t<div class=\"elementor-element elementor-element-0e20830 elementor-align-center elementor-widget elementor-widget-button\" data-id=\"0e20830\" data-element_type=\"widget\" data-e-type=\"widget\" data-widget_type=\"button.default\">\n\t\t\t\t<div class=\"elementor-widget-container\">\n\t\t\t\t\t\t\t\t\t<div class=\"elementor-button-wrapper\">\n\t\t\t\t\t<a class=\"elementor-button elementor-button-link elementor-size-sm\" href=\"https:\/\/fmc.ch\/wp-content\/uploads\/2023\/10\/fmc-webinar-interprof.-Qualitaeszirkel-NFP74-Cateau-und-Niquille-F.pdf\">\n\t\t\t\t\t\t<span class=\"elementor-button-content-wrapper\">\n\t\t\t\t\t\t\t\t\t<span class=\"elementor-button-text\">T\u00e9l\u00e9charger le PDF<\/span>\n\t\t\t\t\t<\/span>\n\t\t\t\t\t<\/a>\n\t\t\t\t<\/div>\n\t\t\t\t\t\t\t\t<\/div>\n\t\t\t\t<\/div>\n\t\t\t\t\t<\/div>\n\t\t<\/div>\n\t\t\t\t\t<\/div>\n\t\t<\/section>\n\t\t\t\t<section class=\"elementor-section elementor-top-section elementor-element elementor-element-b33ef66 elementor-section-boxed elementor-section-height-default elementor-section-height-default\" data-id=\"b33ef66\" data-element_type=\"section\" data-e-type=\"section\">\n\t\t\t\t\t\t<div class=\"elementor-container elementor-column-gap-default\">\n\t\t\t\t\t<div class=\"elementor-column elementor-col-100 elementor-top-column elementor-element elementor-element-1d77809\" data-id=\"1d77809\" data-element_type=\"column\" data-e-type=\"column\">\n\t\t\t<div class=\"elementor-widget-wrap elementor-element-populated\">\n\t\t\t\t\t\t<div class=\"elementor-element elementor-element-6424db4 elementor-invisible elementor-widget elementor-widget-heading\" data-id=\"6424db4\" data-element_type=\"widget\" data-e-type=\"widget\" data-settings=\"{&quot;_animation&quot;:&quot;fadeInUp&quot;}\" data-widget_type=\"heading.default\">\n\t\t\t\t<div class=\"elementor-widget-container\">\n\t\t\t\t\t<h2 class=\"elementor-heading-title elementor-size-default\">Trop de m\u00e9dicaments \u00e0 risque<\/h2>\t\t\t\t<\/div>\n\t\t\t\t<\/div>\n\t\t\t\t<div class=\"elementor-element elementor-element-a119172 elementor-invisible elementor-widget elementor-widget-text-editor\" data-id=\"a119172\" data-element_type=\"widget\" data-e-type=\"widget\" data-settings=\"{&quot;_animation&quot;:&quot;fadeIn&quot;}\" data-widget_type=\"text-editor.default\">\n\t\t\t\t<div class=\"elementor-widget-container\">\n\t\t\t\t\t\t\t\t\t<p>Le projet de recherche des chercheurs lausannois constate que les personnes en institution recevaient en moyenne 7,3 m\u00e9dicaments par jour. Environ un tiers de ces m\u00e9dicaments n'\u00e9taient pas appropri\u00e9s. La pratique actuelle des m\u00e9decins en mati\u00e8re de prescription peut donc \u00eatre am\u00e9lior\u00e9e. Parmi les m\u00e9dicaments \u00e0 risque, on trouve surtout les benzodiaz\u00e9pines, c'est-\u00e0-dire les tranquillisants et les somnif\u00e8res, dont le rapport entre l'effet positif et le risque pour les personnes \u00e2g\u00e9es m\u00e9rite d'\u00eatre discut\u00e9. Leur dosage doit \u00eatre adapt\u00e9 tr\u00e8s lentement et, si possible, arr\u00eat\u00e9 (supprim\u00e9) par petites \u00e9tapes. Les chercheurs ont fait \u00e9tat d'une exp\u00e9rience r\u00e9ussie chez des patients \u00e0 qui l'on a administr\u00e9 (avec leur accord) des placebos isol\u00e9s dans le paquet hebdomadaire et dont la proportion de placebos a pu \u00eatre augment\u00e9e progressivement.<\/p>\t\t\t\t\t\t\t\t<\/div>\n\t\t\t\t<\/div>\n\t\t\t\t\t<\/div>\n\t\t<\/div>\n\t\t\t\t\t<\/div>\n\t\t<\/section>\n\t\t\t\t<section class=\"elementor-section elementor-top-section elementor-element elementor-element-aebc5e3 elementor-section-boxed elementor-section-height-default elementor-section-height-default\" data-id=\"aebc5e3\" data-element_type=\"section\" data-e-type=\"section\">\n\t\t\t\t\t\t<div class=\"elementor-container elementor-column-gap-default\">\n\t\t\t\t\t<div class=\"elementor-column elementor-col-100 elementor-top-column elementor-element elementor-element-c7010b7\" data-id=\"c7010b7\" data-element_type=\"column\" data-e-type=\"column\">\n\t\t\t<div class=\"elementor-widget-wrap elementor-element-populated\">\n\t\t\t\t\t\t<div class=\"elementor-element elementor-element-9f6d143 elementor-invisible elementor-widget elementor-widget-heading\" data-id=\"9f6d143\" data-element_type=\"widget\" data-e-type=\"widget\" data-settings=\"{&quot;_animation&quot;:&quot;fadeInUp&quot;}\" data-widget_type=\"heading.default\">\n\t\t\t\t<div class=\"elementor-widget-container\">\n\t\t\t\t\t<h2 class=\"elementor-heading-title elementor-size-default\">Soutien du pharmacologue<\/h2>\t\t\t\t<\/div>\n\t\t\t\t<\/div>\n\t\t\t\t<div class=\"elementor-element elementor-element-f9dc06c elementor-invisible elementor-widget elementor-widget-text-editor\" data-id=\"f9dc06c\" data-element_type=\"widget\" data-e-type=\"widget\" data-settings=\"{&quot;_animation&quot;:&quot;fadeIn&quot;}\" data-widget_type=\"text-editor.default\">\n\t\t\t\t<div class=\"elementor-widget-container\">\n\t\t\t\t\t\t\t\t\t<p>La collaboration entre les m\u00e9decins et les pharmaciens est un facteur de qualit\u00e9 important. M\u00eame si le facteur temps est un frein, les pharmaciens peuvent contribuer \u00e0 changer les habitudes de prescription gr\u00e2ce \u00e0 leur expertise. Les m\u00e9decins doivent \u00eatre sensibilis\u00e9s et soutenus dans cette d\u00e9marche. Il est en effet difficile de ne plus prescrire de benzodiaz\u00e9pines \u00e0 un patient qui les a d\u00e9j\u00e0 re\u00e7ues pendant des ann\u00e9es.<\/p>\t\t\t\t\t\t\t\t<\/div>\n\t\t\t\t<\/div>\n\t\t\t\t\t<\/div>\n\t\t<\/div>\n\t\t\t\t\t<\/div>\n\t\t<\/section>\n\t\t\t\t<section class=\"elementor-section elementor-top-section elementor-element elementor-element-9ca895d elementor-section-boxed elementor-section-height-default elementor-section-height-default\" data-id=\"9ca895d\" data-element_type=\"section\" data-e-type=\"section\">\n\t\t\t\t\t\t<div class=\"elementor-container elementor-column-gap-default\">\n\t\t\t\t\t<div class=\"elementor-column elementor-col-100 elementor-top-column elementor-element elementor-element-4103602\" data-id=\"4103602\" data-element_type=\"column\" data-e-type=\"column\">\n\t\t\t<div class=\"elementor-widget-wrap elementor-element-populated\">\n\t\t\t\t\t\t<div class=\"elementor-element elementor-element-cd73d81 elementor-invisible elementor-widget elementor-widget-heading\" data-id=\"cd73d81\" data-element_type=\"widget\" data-e-type=\"widget\" data-settings=\"{&quot;_animation&quot;:&quot;fadeInUp&quot;}\" data-widget_type=\"heading.default\">\n\t\t\t\t<div class=\"elementor-widget-container\">\n\t\t\t\t\t<h2 class=\"elementor-heading-title elementor-size-default\">Des benchmarks d'une grande importance<\/h2>\t\t\t\t<\/div>\n\t\t\t\t<\/div>\n\t\t\t\t<div class=\"elementor-element elementor-element-9b40c0c elementor-invisible elementor-widget elementor-widget-text-editor\" data-id=\"9b40c0c\" data-element_type=\"widget\" data-e-type=\"widget\" data-settings=\"{&quot;_animation&quot;:&quot;fadeIn&quot;}\" data-widget_type=\"text-editor.default\">\n\t\t\t\t<div class=\"elementor-widget-container\">\n\t\t\t\t\t\t\t\t\t<p>Les scientifiques affirment qu'il est indispensable d'\u00e9tablir des crit\u00e8res de r\u00e9f\u00e9rence pour modifier le comportement des m\u00e9decins. Seule la comparabilit\u00e9 (p. ex. avant-apr\u00e8s) peut conduire au succ\u00e8s. Enfin, les chercheurs ont \u00e9galement soulign\u00e9 que le travail des pharmaciens devait \u00eatre r\u00e9mun\u00e9r\u00e9. Dans certains cantons, il existe d\u00e9j\u00e0 des formes de financement pour l'accompagnement pharmacologique (VD, VS, JU). La Suisse al\u00e9manique, en revanche, est \u00e0 la tra\u00eene.<\/p>\t\t\t\t\t\t\t\t<\/div>\n\t\t\t\t<\/div>\n\t\t\t\t\t<\/div>\n\t\t<\/div>\n\t\t\t\t\t<\/div>\n\t\t<\/section>\n\t\t\t\t<section class=\"elementor-section elementor-top-section elementor-element elementor-element-8109fc1 elementor-section-boxed elementor-section-height-default elementor-section-height-default\" data-id=\"8109fc1\" data-element_type=\"section\" data-e-type=\"section\">\n\t\t\t\t\t\t<div class=\"elementor-container elementor-column-gap-default\">\n\t\t\t\t\t<div class=\"elementor-column elementor-col-100 elementor-top-column elementor-element elementor-element-c7925fa\" data-id=\"c7925fa\" data-element_type=\"column\" data-e-type=\"column\">\n\t\t\t<div class=\"elementor-widget-wrap elementor-element-populated\">\n\t\t\t\t\t\t<div class=\"elementor-element elementor-element-0f7c699 elementor-invisible elementor-widget elementor-widget-heading\" data-id=\"0f7c699\" data-element_type=\"widget\" data-e-type=\"widget\" data-settings=\"{&quot;_animation&quot;:&quot;fadeInUp&quot;}\" data-widget_type=\"heading.default\">\n\t\t\t\t<div class=\"elementor-widget-container\">\n\t\t\t\t\t<h2 class=\"elementor-heading-title elementor-size-default\">Tout le monde veut du changement, mais pas chez soi<\/h2>\t\t\t\t<\/div>\n\t\t\t\t<\/div>\n\t\t\t\t<div class=\"elementor-element elementor-element-efa5643 elementor-invisible elementor-widget elementor-widget-text-editor\" data-id=\"efa5643\" data-element_type=\"widget\" data-e-type=\"widget\" data-settings=\"{&quot;_animation&quot;:&quot;fadeIn&quot;}\" data-widget_type=\"text-editor.default\">\n\t\t\t\t<div class=\"elementor-widget-container\">\n\t\t\t\t\t\t\t\t\t<p>Le professeur genevois Omar Kherad de l'Universit\u00e9 de Gen\u00e8ve a fait l'\u00e9loge du travail de Lausanne lors du webinaire. \"Nous avons besoin de telles plates-formes pour pouvoir remettre en question notre travail m\u00e9dical\", a-t-il d\u00e9clar\u00e9 en faisant r\u00e9f\u00e9rence au \"projet Old-NH\". \"Nous connaissons tous les probl\u00e8mes dans la pratique de prescription des m\u00e9dicaments\". Il y a beaucoup trop de prescriptions. Les obstacles \u00e0 l'am\u00e9lioration sont importants, mais l'int\u00e9gration de diff\u00e9rents groupes professionnels permettrait de r\u00e9aliser de grandes am\u00e9liorations dans ce domaine, a d\u00e9clar\u00e9 Kherad. Il a pr\u00e9sent\u00e9 les travaux du Swiss Medical Forum de 2019 dans le canton de Gen\u00e8ve sur ce th\u00e8me. Quelque 700 m\u00e9decins et 250 000 patients y ont particip\u00e9. Le r\u00e9sultat \u00e9quivaut \u00e0 une \"petite r\u00e9volution culturelle\" chez les acteurs. On a d'abord d\u00e9fini des indicateurs de qualit\u00e9 et des points de rep\u00e8re. Dans le cadre d'un audit, on voulait ensuite savoir comment les individus agissaient. Selon Kherad, quatre facteurs sont au c\u0153ur d'une telle transformation : le transfert de connaissances, une pratique r\u00e9fl\u00e9chie, l'apprentissage assist\u00e9 et la culture de l'interprofessionnalit\u00e9. \"Moins, c'est plus\", a constat\u00e9 Kherad. A l'instar de ses coll\u00e8gues lausannois, il s'est montr\u00e9 optimiste quant \u00e0 l'\u00e9volution positive de la situation dans les h\u00f4pitaux et les structures ambulatoires, \u00e0 condition que les acteurs soient suffisamment soutenus.<\/p>\t\t\t\t\t\t\t\t<\/div>\n\t\t\t\t<\/div>\n\t\t\t\t\t<\/div>\n\t\t<\/div>\n\t\t\t\t\t<\/div>\n\t\t<\/section>\n\t\t\t\t<section data-dce-background-color=\"#F1F1F1\" class=\"elementor-section elementor-top-section elementor-element elementor-element-57db4f7 elementor-section-full_width elementor-section-stretched elementor-section-height-default elementor-section-height-default\" data-id=\"57db4f7\" data-element_type=\"section\" data-e-type=\"section\" data-settings=\"{&quot;stretch_section&quot;:&quot;section-stretched&quot;,&quot;background_background&quot;:&quot;classic&quot;}\">\n\t\t\t\t\t\t<div class=\"elementor-container elementor-column-gap-default\">\n\t\t\t\t\t<div class=\"elementor-column elementor-col-100 elementor-top-column elementor-element elementor-element-54b3c98\" data-id=\"54b3c98\" data-element_type=\"column\" data-e-type=\"column\">\n\t\t\t<div class=\"elementor-widget-wrap elementor-element-populated\">\n\t\t\t\t\t\t<div class=\"elementor-element elementor-element-183dcd6 elementor-widget elementor-widget-shortcode\" data-id=\"183dcd6\" data-element_type=\"widget\" data-e-type=\"widget\" data-widget_type=\"shortcode.default\">\n\t\t\t\t<div class=\"elementor-widget-container\">\n\t\t\t\t\t\t\t<div class=\"elementor-shortcode\"><div class=\"_df_book df-lite\" id=\"df_2324\"  _slug=\"fmc-webinar-interprof-qualitaetszirkel_kherad-f\" data-title=\"fmc-webinar-interprof-qualitaetszirkel_kherad-f\" wpoptions=\"true\" thumbtype=\"\" ><\/div><script class=\"df-shortcode-script\" nowprocket type=\"application\/javascript\">window.option_df_2324 = {\"outline\":[],\"backgroundColor\":\"f1f1f1\",\"height\":\"700\",\"autoEnableOutline\":\"false\",\"autoEnableThumbnail\":\"false\",\"overwritePDFOutline\":\"false\",\"direction\":\"1\",\"pageSize\":\"0\",\"source\":\"https:\\\/\\\/fmc.ch\\\/wp-content\\\/uploads\\\/2023\\\/10\\\/fmc-webinar-interprof.-Qualitaeszirkel-NFP74-Kharad-F.pdf\",\"wpOptions\":\"true\"}; if(window.DFLIP && window.DFLIP.parseBooks){window.DFLIP.parseBooks();}<\/script><\/div>\n\t\t\t\t\t\t<\/div>\n\t\t\t\t<\/div>\n\t\t\t\t\t<\/div>\n\t\t<\/div>\n\t\t\t\t\t<\/div>\n\t\t<\/section>\n\t\t\t\t<section data-dce-background-color=\"#F1F1F1\" class=\"elementor-section elementor-top-section elementor-element elementor-element-51d7f92 elementor-section-stretched elementor-section-boxed elementor-section-height-default elementor-section-height-default\" data-id=\"51d7f92\" data-element_type=\"section\" data-e-type=\"section\" data-settings=\"{&quot;stretch_section&quot;:&quot;section-stretched&quot;,&quot;background_background&quot;:&quot;classic&quot;}\">\n\t\t\t\t\t\t<div class=\"elementor-container elementor-column-gap-default\">\n\t\t\t\t\t<div class=\"elementor-column elementor-col-100 elementor-top-column elementor-element elementor-element-77bd097\" data-id=\"77bd097\" data-element_type=\"column\" data-e-type=\"column\">\n\t\t\t<div class=\"elementor-widget-wrap elementor-element-populated\">\n\t\t\t\t\t\t<div class=\"elementor-element elementor-element-9b0f2cd elementor-align-center elementor-widget elementor-widget-button\" data-id=\"9b0f2cd\" data-element_type=\"widget\" data-e-type=\"widget\" data-widget_type=\"button.default\">\n\t\t\t\t<div class=\"elementor-widget-container\">\n\t\t\t\t\t\t\t\t\t<div class=\"elementor-button-wrapper\">\n\t\t\t\t\t<a class=\"elementor-button elementor-button-link elementor-size-sm\" href=\"https:\/\/fmc.ch\/wp-content\/uploads\/2023\/10\/fmc-webinar-interprof.-Qualitaeszirkel-NFP74-Kharad-F.pdf\" target=\"_blank\">\n\t\t\t\t\t\t<span class=\"elementor-button-content-wrapper\">\n\t\t\t\t\t\t\t\t\t<span class=\"elementor-button-text\">T\u00e9l\u00e9charger le PDF<\/span>\n\t\t\t\t\t<\/span>\n\t\t\t\t\t<\/a>\n\t\t\t\t<\/div>\n\t\t\t\t\t\t\t\t<\/div>\n\t\t\t\t<\/div>\n\t\t\t\t\t<\/div>\n\t\t<\/div>\n\t\t\t\t\t<\/div>\n\t\t<\/section>\n\t\t\t\t<section class=\"elementor-section elementor-top-section elementor-element elementor-element-382816e elementor-section-boxed elementor-section-height-default elementor-section-height-default\" data-id=\"382816e\" data-element_type=\"section\" data-e-type=\"section\">\n\t\t\t\t\t\t<div class=\"elementor-container elementor-column-gap-default\">\n\t\t\t\t\t<div class=\"elementor-column elementor-col-50 elementor-top-column elementor-element elementor-element-17cb8dd\" data-id=\"17cb8dd\" data-element_type=\"column\" data-e-type=\"column\">\n\t\t\t<div class=\"elementor-widget-wrap elementor-element-populated\">\n\t\t\t\t\t\t<div class=\"elementor-element elementor-element-2c60503 elementor-widget elementor-widget-video\" data-id=\"2c60503\" data-element_type=\"widget\" data-e-type=\"widget\" data-settings=\"{&quot;youtube_url&quot;:&quot;https:\\\/\\\/www.youtube.com\\\/watch?v=eNqRFY0w-4c&amp;t=3s&quot;,&quot;video_type&quot;:&quot;youtube&quot;,&quot;controls&quot;:&quot;yes&quot;}\" data-widget_type=\"video.default\">\n\t\t\t\t<div class=\"elementor-widget-container\">\n\t\t\t\t\t\t\t<div class=\"elementor-wrapper elementor-open-inline\">\n\t\t\t<div class=\"elementor-video\"><\/div>\t\t<\/div>\n\t\t\t\t\t\t<\/div>\n\t\t\t\t<\/div>\n\t\t\t\t<div class=\"elementor-element elementor-element-3aa8370 widget-image-caption elementor-widget elementor-widget-text-editor\" data-id=\"3aa8370\" data-element_type=\"widget\" data-e-type=\"widget\" data-widget_type=\"text-editor.default\">\n\t\t\t\t<div class=\"elementor-widget-container\">\n\t\t\t\t\t\t\t\t\t<p>Piste audio en fran\u00e7ais : Cercles de qualit\u00e9 interdisciplinaires<\/p>\t\t\t\t\t\t\t\t<\/div>\n\t\t\t\t<\/div>\n\t\t\t\t\t<\/div>\n\t\t<\/div>\n\t\t\t\t<div class=\"elementor-column elementor-col-50 elementor-top-column elementor-element elementor-element-717a79d\" data-id=\"717a79d\" data-element_type=\"column\" data-e-type=\"column\">\n\t\t\t<div class=\"elementor-widget-wrap elementor-element-populated\">\n\t\t\t\t\t\t<div class=\"elementor-element elementor-element-f1e46ba elementor-widget elementor-widget-video\" data-id=\"f1e46ba\" data-element_type=\"widget\" data-e-type=\"widget\" data-settings=\"{&quot;youtube_url&quot;:&quot;https:\\\/\\\/www.youtube.com\\\/watch?v=tG0AzZKEn7s&amp;t=3s&quot;,&quot;lazy_load&quot;:&quot;yes&quot;,&quot;video_type&quot;:&quot;youtube&quot;,&quot;controls&quot;:&quot;yes&quot;}\" data-widget_type=\"video.default\">\n\t\t\t\t<div class=\"elementor-widget-container\">\n\t\t\t\t\t\t\t<div class=\"elementor-wrapper elementor-open-inline\">\n\t\t\t<div class=\"elementor-video\"><\/div>\t\t<\/div>\n\t\t\t\t\t\t<\/div>\n\t\t\t\t<\/div>\n\t\t\t\t<div class=\"elementor-element elementor-element-ccb5987 widget-image-caption elementor-widget elementor-widget-text-editor\" data-id=\"ccb5987\" data-element_type=\"widget\" data-e-type=\"widget\" data-widget_type=\"text-editor.default\">\n\t\t\t\t<div class=\"elementor-widget-container\">\n\t\t\t\t\t\t\t\t\t<p>Piste audio en fran\u00e7ais : Webinaire fmc les cercles de qualit\u00e9 interprofessionnels\u00a0<\/p>\t\t\t\t\t\t\t\t<\/div>\n\t\t\t\t<\/div>\n\t\t\t\t\t<\/div>\n\t\t<\/div>\n\t\t\t\t\t<\/div>\n\t\t<\/section>\n\t\t\t\t<section class=\"elementor-section elementor-top-section elementor-element elementor-element-d4cfaff elementor-section-boxed elementor-section-height-default elementor-section-height-default\" data-id=\"d4cfaff\" data-element_type=\"section\" data-e-type=\"section\">\n\t\t\t\t\t\t<div class=\"elementor-container elementor-column-gap-default\">\n\t\t\t\t\t<div class=\"elementor-column elementor-col-100 elementor-top-column elementor-element elementor-element-613220a1\" data-id=\"613220a1\" data-element_type=\"column\" data-e-type=\"column\">\n\t\t\t<div class=\"elementor-widget-wrap elementor-element-populated\">\n\t\t\t\t\t\t<div class=\"elementor-element elementor-element-5a98d394 elementor-widget-divider--view-line elementor-widget elementor-widget-divider\" data-id=\"5a98d394\" data-element_type=\"widget\" data-e-type=\"widget\" data-widget_type=\"divider.default\">\n\t\t\t\t<div class=\"elementor-widget-container\">\n\t\t\t\t\t\t\t<div class=\"elementor-divider\">\n\t\t\t<span class=\"elementor-divider-separator\">\n\t\t\t\t\t\t<\/span>\n\t\t<\/div>\n\t\t\t\t\t\t<\/div>\n\t\t\t\t<\/div>\n\t\t\t\t\t<\/div>\n\t\t<\/div>\n\t\t\t\t\t<\/div>\n\t\t<\/section>\n\t\t\t\t<section class=\"elementor-section elementor-top-section elementor-element elementor-element-2c21951 elementor-section-boxed elementor-section-height-default elementor-section-height-default\" data-id=\"2c21951\" data-element_type=\"section\" data-e-type=\"section\">\n\t\t\t\t\t\t<div class=\"elementor-container elementor-column-gap-default\">\n\t\t\t\t\t<div class=\"elementor-column elementor-col-100 elementor-top-column elementor-element elementor-element-e5aa4af\" data-id=\"e5aa4af\" data-element_type=\"column\" data-e-type=\"column\">\n\t\t\t<div class=\"elementor-widget-wrap elementor-element-populated\">\n\t\t\t\t\t\t<div class=\"elementor-element elementor-element-8400866 elementor-invisible elementor-widget elementor-widget-heading\" data-id=\"8400866\" data-element_type=\"widget\" data-e-type=\"widget\" data-settings=\"{&quot;_animation&quot;:&quot;fadeInUp&quot;}\" data-widget_type=\"heading.default\">\n\t\t\t\t<div class=\"elementor-widget-container\">\n\t\t\t\t\t<h2 class=\"elementor-heading-title elementor-size-default\">Publications et liens mentionn\u00e9s dans les expos\u00e9s<\/h2>\t\t\t\t<\/div>\n\t\t\t\t<\/div>\n\t\t\t\t<div class=\"elementor-element elementor-element-309f9f2 elementor-invisible elementor-widget elementor-widget-text-editor\" data-id=\"309f9f2\" data-element_type=\"widget\" data-e-type=\"widget\" data-settings=\"{&quot;_animation&quot;:&quot;fadeIn&quot;}\" data-widget_type=\"text-editor.default\">\n\t\t\t\t<div class=\"elementor-widget-container\">\n\t\t\t\t\t\t\t\t\t<p>Informations et strat\u00e9gies pour r\u00e9duire la prescription de benzodiaz\u00e9pines<\/p>\t\t\t\t\t\t\t\t<\/div>\n\t\t\t\t<\/div>\n\t\t\t\t<div class=\"elementor-element elementor-element-cfa0065 elementor-invisible elementor-widget elementor-widget-text-editor\" data-id=\"cfa0065\" data-element_type=\"widget\" data-e-type=\"widget\" data-settings=\"{&quot;_animation&quot;:&quot;fadeIn&quot;}\" data-widget_type=\"text-editor.default\">\n\t\t\t\t<div class=\"elementor-widget-container\">\n\t\t\t\t\t\t\t\t\t<ul><li>Ribeiro PRS, Schlindwein AD.\u00a0<a href=\"https:\/\/pubmed.ncbi.nlm.nih.gov\/33907803\/%22%20target=\">Strat\u00e9gies de d\u00e9prescription des benzodiaz\u00e9pines chez les utilisateurs chroniques : une revue syst\u00e9matique<\/a>. Fam Pract. 2021 Sep 25;38(5):684-693. doi : 10.1093\/fampra\/cmab017. PMID : 33907803.<\/li><li>Soni A, Thiyagarajan A, Reeve J.\u00a0<a href=\"https:\/\/pubmed.ncbi.nlm.nih.gov\/35815384\/%22%20target=\">Faisabilit\u00e9 et efficacit\u00e9 de la d\u00e9prescription des benzodiaz\u00e9pines et des Z-drugs : revue syst\u00e9matique et m\u00e9ta-analyse<\/a>. Addiction. 2023 Jan;118(1):7-16. doi : 10.1111\/add.15997. Epub 2022 Jul 24. PMID : 35815384.<\/li><li>Site web contenant des recommandations pour la r\u00e9duction des m\u00e9dicaments ; Reducing medications safely to meet life's changes -\u00a0<a href=\"https:\/\/deprescribing.org\/\">https:\/\/deprescribing.org\/<\/a><\/li><\/ul>\t\t\t\t\t\t\t\t<\/div>\n\t\t\t\t<\/div>\n\t\t\t\t<div class=\"elementor-element elementor-element-acd0aa6 elementor-invisible elementor-widget elementor-widget-text-editor\" data-id=\"acd0aa6\" data-element_type=\"widget\" data-e-type=\"widget\" data-settings=\"{&quot;_animation&quot;:&quot;fadeIn&quot;}\" data-widget_type=\"text-editor.default\">\n\t\t\t\t<div class=\"elementor-widget-container\">\n\t\t\t\t\t\t\t\t\t<p>Liste des publications du projet de recherche PNR74 \".<a style=\"background-color: #ffffff;\" href=\"https:\/\/data.snf.ch\/grants\/grant\/167509\">Opportunit\u00e9s et limites de la d\u00e9prescription pour les personnes \u00e2g\u00e9es dans les maisons de soins (OLD-NH)<\/a>\".<\/p>\t\t\t\t\t\t\t\t<\/div>\n\t\t\t\t<\/div>\n\t\t\t\t<div class=\"elementor-element elementor-element-358a1b9 elementor-invisible elementor-widget elementor-widget-text-editor\" data-id=\"358a1b9\" data-element_type=\"widget\" data-e-type=\"widget\" data-settings=\"{&quot;_animation&quot;:&quot;fadeIn&quot;}\" data-widget_type=\"text-editor.default\">\n\t\t\t\t<div class=\"elementor-widget-container\">\n\t\t\t\t\t\t\t\t\t<p>Le Forum suisse pour les soins int\u00e9gr\u00e9s (fmc) remercie les experts pour leurs pr\u00e9cieuses contributions.<\/p>\t\t\t\t\t\t\t\t<\/div>\n\t\t\t\t<\/div>\n\t\t\t\t\t<\/div>\n\t\t<\/div>\n\t\t\t\t\t<\/div>\n\t\t<\/section>\n\t\t\t\t<section class=\"elementor-section elementor-top-section elementor-element elementor-element-c35af07 elementor-section-boxed elementor-section-height-default elementor-section-height-default\" data-id=\"c35af07\" data-element_type=\"section\" data-e-type=\"section\">\n\t\t\t\t\t\t<div class=\"elementor-container elementor-column-gap-default\">\n\t\t\t\t\t<div class=\"elementor-column elementor-col-100 elementor-top-column elementor-element elementor-element-048d0d1\" data-id=\"048d0d1\" data-element_type=\"column\" data-e-type=\"column\">\n\t\t\t<div class=\"elementor-widget-wrap elementor-element-populated\">\n\t\t\t\t\t\t<div class=\"elementor-element elementor-element-5f4e7e0 elementor-widget elementor-widget-spacer\" data-id=\"5f4e7e0\" data-element_type=\"widget\" data-e-type=\"widget\" data-widget_type=\"spacer.default\">\n\t\t\t\t<div class=\"elementor-widget-container\">\n\t\t\t\t\t\t\t<div class=\"elementor-spacer\">\n\t\t\t<div class=\"elementor-spacer-inner\"><\/div>\n\t\t<\/div>\n\t\t\t\t\t\t<\/div>\n\t\t\t\t<\/div>\n\t\t\t\t\t<\/div>\n\t\t<\/div>\n\t\t\t\t\t<\/div>\n\t\t<\/section>\n\t\t\t\t<\/div>","protected":false},"excerpt":{"rendered":"<p>Avec leur projet de recherche \u00e0 grande \u00e9chelle \"Opportunities and Limitations of Describing in Nursing Homes\", deux scientifiques ont \u00e9tudi\u00e9 la situation dans les EMS de Suisse romande en mati\u00e8re de m\u00e9dication.<\/p>","protected":false},"author":2,"featured_media":1917,"comment_status":"closed","ping_status":"closed","sticky":false,"template":"","format":[138,141],"meta":{"footnotes":""},"strategie":[156],"thema":[152],"class_list":["post-1916","post","type-post","status-publish","format-standard","has-post-thumbnail","hentry","strategie-zusammenarbeit","thema-interprofessionelle-zusammenarbeit","format-veranstaltung","format-webinare"],"yoast_head":"<!-- This site is optimized with the Yoast SEO plugin v27.5 - https:\/\/yoast.com\/product\/yoast-seo-wordpress\/ -->\n<title>Interprofessionelle Qualit\u00e4tszirkel verbessern Medikation in Alters- und Pflegeheimen - FMC<\/title>\n<meta name=\"description\" content=\"Das Forschungsprojekt h\u00e4lt fest, dass die Menschen in Heimen im Durchschnitt 7,3 Medikamente pro Tag erhielten. Davon waren rund ein Drittel der Medikamente nicht angemessen.\" \/>\n<meta name=\"robots\" content=\"index, follow, max-snippet:-1, max-image-preview:large, max-video-preview:-1\" \/>\n<link rel=\"canonical\" href=\"https:\/\/fmc.ch\/fr\/webinar-cercles-de-qualite-interprofessionnels-ameliorer-la-medication\/\" \/>\n<meta property=\"og:locale\" content=\"fr_FR\" \/>\n<meta property=\"og:type\" content=\"article\" \/>\n<meta property=\"og:title\" content=\"Interprofessionelle Qualit\u00e4tszirkel verbessern Medikation in Alters- und Pflegeheimen - FMC\" \/>\n<meta property=\"og:description\" content=\"Das Forschungsprojekt h\u00e4lt fest, dass die Menschen in Heimen im Durchschnitt 7,3 Medikamente pro Tag erhielten. Davon waren rund ein Drittel der Medikamente nicht angemessen.\" \/>\n<meta property=\"og:url\" content=\"https:\/\/fmc.ch\/fr\/webinar-cercles-de-qualite-interprofessionnels-ameliorer-la-medication\/\" \/>\n<meta property=\"og:site_name\" content=\"FMC\" \/>\n<meta property=\"article:published_time\" content=\"2023-03-13T08:30:00+00:00\" \/>\n<meta property=\"article:modified_time\" content=\"2024-11-11T10:37:49+00:00\" \/>\n<meta property=\"og:image\" content=\"https:\/\/fmc.ch\/wp-content\/uploads\/2023\/10\/Bild-Webinar-Interprof.-Qualitaetszirkel.jpg\" \/>\n\t<meta property=\"og:image:width\" content=\"599\" \/>\n\t<meta property=\"og:image:height\" content=\"599\" \/>\n\t<meta property=\"og:image:type\" content=\"image\/jpeg\" \/>\n<meta name=\"author\" content=\"Nadja Blanchard\" \/>\n<meta name=\"twitter:card\" content=\"summary_large_image\" \/>\n<meta name=\"twitter:label1\" content=\"\u00c9crit par\" \/>\n\t<meta name=\"twitter:data1\" content=\"Nadja Blanchard\" \/>\n\t<meta name=\"twitter:label2\" content=\"Dur\u00e9e de lecture estim\u00e9e\" \/>\n\t<meta name=\"twitter:data2\" content=\"5 minutes\" \/>\n<script type=\"application\/ld+json\" class=\"yoast-schema-graph\">{\"@context\":\"https:\\\/\\\/schema.org\",\"@graph\":[{\"@type\":\"Article\",\"@id\":\"https:\\\/\\\/fmc.ch\\\/webinar-interprofessionelle-qualitaetszirkel-verbessern-medikation\\\/#article\",\"isPartOf\":{\"@id\":\"https:\\\/\\\/fmc.ch\\\/webinar-interprofessionelle-qualitaetszirkel-verbessern-medikation\\\/\"},\"author\":{\"name\":\"Nadja Blanchard\",\"@id\":\"https:\\\/\\\/fmc.ch\\\/#\\\/schema\\\/person\\\/3a7218d283691f8ef8cf410e4615e507\"},\"headline\":\"Interprofessionelle Qualit\u00e4tszirkel verbessern Medikation in Alters- und Pflegeheimen\",\"datePublished\":\"2023-03-13T08:30:00+00:00\",\"dateModified\":\"2024-11-11T10:37:49+00:00\",\"mainEntityOfPage\":{\"@id\":\"https:\\\/\\\/fmc.ch\\\/webinar-interprofessionelle-qualitaetszirkel-verbessern-medikation\\\/\"},\"wordCount\":788,\"publisher\":{\"@id\":\"https:\\\/\\\/fmc.ch\\\/#organization\"},\"image\":{\"@id\":\"https:\\\/\\\/fmc.ch\\\/webinar-interprofessionelle-qualitaetszirkel-verbessern-medikation\\\/#primaryimage\"},\"thumbnailUrl\":\"https:\\\/\\\/fmc.ch\\\/wp-content\\\/uploads\\\/2023\\\/10\\\/Bild-Webinar-Interprof.-Qualitaetszirkel.jpg\",\"keywords\":[\"Interprofessionelle Zusammenarbeit\"],\"articleSection\":[\"Webinare\"],\"inLanguage\":\"fr-FR\"},{\"@type\":\"WebPage\",\"@id\":\"https:\\\/\\\/fmc.ch\\\/webinar-interprofessionelle-qualitaetszirkel-verbessern-medikation\\\/\",\"url\":\"https:\\\/\\\/fmc.ch\\\/webinar-interprofessionelle-qualitaetszirkel-verbessern-medikation\\\/\",\"name\":\"Interprofessionelle Qualit\u00e4tszirkel verbessern Medikation in Alters- und Pflegeheimen - FMC\",\"isPartOf\":{\"@id\":\"https:\\\/\\\/fmc.ch\\\/#website\"},\"primaryImageOfPage\":{\"@id\":\"https:\\\/\\\/fmc.ch\\\/webinar-interprofessionelle-qualitaetszirkel-verbessern-medikation\\\/#primaryimage\"},\"image\":{\"@id\":\"https:\\\/\\\/fmc.ch\\\/webinar-interprofessionelle-qualitaetszirkel-verbessern-medikation\\\/#primaryimage\"},\"thumbnailUrl\":\"https:\\\/\\\/fmc.ch\\\/wp-content\\\/uploads\\\/2023\\\/10\\\/Bild-Webinar-Interprof.-Qualitaetszirkel.jpg\",\"datePublished\":\"2023-03-13T08:30:00+00:00\",\"dateModified\":\"2024-11-11T10:37:49+00:00\",\"description\":\"Das Forschungsprojekt h\u00e4lt fest, dass die Menschen in Heimen im Durchschnitt 7,3 Medikamente pro Tag erhielten. Davon waren rund ein Drittel der Medikamente nicht angemessen.\",\"breadcrumb\":{\"@id\":\"https:\\\/\\\/fmc.ch\\\/webinar-interprofessionelle-qualitaetszirkel-verbessern-medikation\\\/#breadcrumb\"},\"inLanguage\":\"fr-FR\",\"potentialAction\":[{\"@type\":\"ReadAction\",\"target\":[\"https:\\\/\\\/fmc.ch\\\/webinar-interprofessionelle-qualitaetszirkel-verbessern-medikation\\\/\"]}]},{\"@type\":\"ImageObject\",\"inLanguage\":\"fr-FR\",\"@id\":\"https:\\\/\\\/fmc.ch\\\/webinar-interprofessionelle-qualitaetszirkel-verbessern-medikation\\\/#primaryimage\",\"url\":\"https:\\\/\\\/fmc.ch\\\/wp-content\\\/uploads\\\/2023\\\/10\\\/Bild-Webinar-Interprof.-Qualitaetszirkel.jpg\",\"contentUrl\":\"https:\\\/\\\/fmc.ch\\\/wp-content\\\/uploads\\\/2023\\\/10\\\/Bild-Webinar-Interprof.-Qualitaetszirkel.jpg\",\"width\":599,\"height\":599},{\"@type\":\"BreadcrumbList\",\"@id\":\"https:\\\/\\\/fmc.ch\\\/webinar-interprofessionelle-qualitaetszirkel-verbessern-medikation\\\/#breadcrumb\",\"itemListElement\":[{\"@type\":\"ListItem\",\"position\":1,\"name\":\"Home\",\"item\":\"https:\\\/\\\/fmc.ch\\\/\"},{\"@type\":\"ListItem\",\"position\":2,\"name\":\"Interprofessionelle Qualit\u00e4tszirkel verbessern Medikation in Alters- und Pflegeheimen\"}]},{\"@type\":\"WebSite\",\"@id\":\"https:\\\/\\\/fmc.ch\\\/#website\",\"url\":\"https:\\\/\\\/fmc.ch\\\/\",\"name\":\"FMC\",\"description\":\"Schweizer Forum f\u00fcr Integrierte Versorgung\",\"publisher\":{\"@id\":\"https:\\\/\\\/fmc.ch\\\/#organization\"},\"potentialAction\":[{\"@type\":\"SearchAction\",\"target\":{\"@type\":\"EntryPoint\",\"urlTemplate\":\"https:\\\/\\\/fmc.ch\\\/?s={search_term_string}\"},\"query-input\":{\"@type\":\"PropertyValueSpecification\",\"valueRequired\":true,\"valueName\":\"search_term_string\"}}],\"inLanguage\":\"fr-FR\"},{\"@type\":\"Organization\",\"@id\":\"https:\\\/\\\/fmc.ch\\\/#organization\",\"name\":\"FMC\",\"url\":\"https:\\\/\\\/fmc.ch\\\/\",\"logo\":{\"@type\":\"ImageObject\",\"inLanguage\":\"fr-FR\",\"@id\":\"https:\\\/\\\/fmc.ch\\\/#\\\/schema\\\/logo\\\/image\\\/\",\"url\":\"https:\\\/\\\/fmc.ch\\\/wp-content\\\/uploads\\\/2023\\\/09\\\/fmc-logo.svg\",\"contentUrl\":\"https:\\\/\\\/fmc.ch\\\/wp-content\\\/uploads\\\/2023\\\/09\\\/fmc-logo.svg\",\"caption\":\"FMC\"},\"image\":{\"@id\":\"https:\\\/\\\/fmc.ch\\\/#\\\/schema\\\/logo\\\/image\\\/\"}},{\"@type\":\"Person\",\"@id\":\"https:\\\/\\\/fmc.ch\\\/#\\\/schema\\\/person\\\/3a7218d283691f8ef8cf410e4615e507\",\"name\":\"Nadja Blanchard\",\"image\":{\"@type\":\"ImageObject\",\"inLanguage\":\"fr-FR\",\"@id\":\"https:\\\/\\\/secure.gravatar.com\\\/avatar\\\/729fbcebbfccd7834565b1398470d6ea84a4f3e7525873a0cb368db99228ce7b?s=96&d=mm&r=g\",\"url\":\"https:\\\/\\\/secure.gravatar.com\\\/avatar\\\/729fbcebbfccd7834565b1398470d6ea84a4f3e7525873a0cb368db99228ce7b?s=96&d=mm&r=g\",\"contentUrl\":\"https:\\\/\\\/secure.gravatar.com\\\/avatar\\\/729fbcebbfccd7834565b1398470d6ea84a4f3e7525873a0cb368db99228ce7b?s=96&d=mm&r=g\",\"caption\":\"Nadja Blanchard\"},\"url\":\"https:\\\/\\\/fmc.ch\\\/fr\\\/author\\\/nadja-blanchardfmc-ch\\\/\"}]}<\/script>\n<!-- \/ Yoast SEO plugin. -->","yoast_head_json":{"title":"Les cercles de qualit\u00e9 interprofessionnels am\u00e9liorent la m\u00e9dication dans les maisons de retraite et de soins - FMC","description":"Le projet de recherche constate que les personnes en institution recevaient en moyenne 7,3 m\u00e9dicaments par jour. Sur ce total, environ un tiers des m\u00e9dicaments n'\u00e9taient pas appropri\u00e9s.","robots":{"index":"index","follow":"follow","max-snippet":"max-snippet:-1","max-image-preview":"max-image-preview:large","max-video-preview":"max-video-preview:-1"},"canonical":"https:\/\/fmc.ch\/fr\/webinar-cercles-de-qualite-interprofessionnels-ameliorer-la-medication\/","og_locale":"fr_FR","og_type":"article","og_title":"Interprofessionelle Qualit\u00e4tszirkel verbessern Medikation in Alters- und Pflegeheimen - FMC","og_description":"Das Forschungsprojekt h\u00e4lt fest, dass die Menschen in Heimen im Durchschnitt 7,3 Medikamente pro Tag erhielten. Davon waren rund ein Drittel der Medikamente nicht angemessen.","og_url":"https:\/\/fmc.ch\/fr\/webinar-cercles-de-qualite-interprofessionnels-ameliorer-la-medication\/","og_site_name":"FMC","article_published_time":"2023-03-13T08:30:00+00:00","article_modified_time":"2024-11-11T10:37:49+00:00","og_image":[{"width":599,"height":599,"url":"https:\/\/fmc.ch\/wp-content\/uploads\/2023\/10\/Bild-Webinar-Interprof.-Qualitaetszirkel.jpg","type":"image\/jpeg"}],"author":"Nadja Blanchard","twitter_card":"summary_large_image","twitter_misc":{"\u00c9crit par":"Nadja Blanchard","Dur\u00e9e de lecture estim\u00e9e":"5 minutes"},"schema":{"@context":"https:\/\/schema.org","@graph":[{"@type":"Article","@id":"https:\/\/fmc.ch\/webinar-interprofessionelle-qualitaetszirkel-verbessern-medikation\/#article","isPartOf":{"@id":"https:\/\/fmc.ch\/webinar-interprofessionelle-qualitaetszirkel-verbessern-medikation\/"},"author":{"name":"Nadja Blanchard","@id":"https:\/\/fmc.ch\/#\/schema\/person\/3a7218d283691f8ef8cf410e4615e507"},"headline":"Interprofessionelle Qualit\u00e4tszirkel verbessern Medikation in Alters- und Pflegeheimen","datePublished":"2023-03-13T08:30:00+00:00","dateModified":"2024-11-11T10:37:49+00:00","mainEntityOfPage":{"@id":"https:\/\/fmc.ch\/webinar-interprofessionelle-qualitaetszirkel-verbessern-medikation\/"},"wordCount":788,"publisher":{"@id":"https:\/\/fmc.ch\/#organization"},"image":{"@id":"https:\/\/fmc.ch\/webinar-interprofessionelle-qualitaetszirkel-verbessern-medikation\/#primaryimage"},"thumbnailUrl":"https:\/\/fmc.ch\/wp-content\/uploads\/2023\/10\/Bild-Webinar-Interprof.-Qualitaetszirkel.jpg","keywords":["Interprofessionelle Zusammenarbeit"],"articleSection":["Webinare"],"inLanguage":"fr-FR"},{"@type":"WebPage","@id":"https:\/\/fmc.ch\/webinar-interprofessionelle-qualitaetszirkel-verbessern-medikation\/","url":"https:\/\/fmc.ch\/webinar-interprofessionelle-qualitaetszirkel-verbessern-medikation\/","name":"Les cercles de qualit\u00e9 interprofessionnels am\u00e9liorent la m\u00e9dication dans les maisons de retraite et de soins - FMC","isPartOf":{"@id":"https:\/\/fmc.ch\/#website"},"primaryImageOfPage":{"@id":"https:\/\/fmc.ch\/webinar-interprofessionelle-qualitaetszirkel-verbessern-medikation\/#primaryimage"},"image":{"@id":"https:\/\/fmc.ch\/webinar-interprofessionelle-qualitaetszirkel-verbessern-medikation\/#primaryimage"},"thumbnailUrl":"https:\/\/fmc.ch\/wp-content\/uploads\/2023\/10\/Bild-Webinar-Interprof.-Qualitaetszirkel.jpg","datePublished":"2023-03-13T08:30:00+00:00","dateModified":"2024-11-11T10:37:49+00:00","description":"Le projet de recherche constate que les personnes en institution recevaient en moyenne 7,3 m\u00e9dicaments par jour. Sur ce total, environ un tiers des m\u00e9dicaments n'\u00e9taient pas appropri\u00e9s.","breadcrumb":{"@id":"https:\/\/fmc.ch\/webinar-interprofessionelle-qualitaetszirkel-verbessern-medikation\/#breadcrumb"},"inLanguage":"fr-FR","potentialAction":[{"@type":"ReadAction","target":["https:\/\/fmc.ch\/webinar-interprofessionelle-qualitaetszirkel-verbessern-medikation\/"]}]},{"@type":"ImageObject","inLanguage":"fr-FR","@id":"https:\/\/fmc.ch\/webinar-interprofessionelle-qualitaetszirkel-verbessern-medikation\/#primaryimage","url":"https:\/\/fmc.ch\/wp-content\/uploads\/2023\/10\/Bild-Webinar-Interprof.-Qualitaetszirkel.jpg","contentUrl":"https:\/\/fmc.ch\/wp-content\/uploads\/2023\/10\/Bild-Webinar-Interprof.-Qualitaetszirkel.jpg","width":599,"height":599},{"@type":"BreadcrumbList","@id":"https:\/\/fmc.ch\/webinar-interprofessionelle-qualitaetszirkel-verbessern-medikation\/#breadcrumb","itemListElement":[{"@type":"ListItem","position":1,"name":"Home","item":"https:\/\/fmc.ch\/"},{"@type":"ListItem","position":2,"name":"Interprofessionelle Qualit\u00e4tszirkel verbessern Medikation in Alters- und Pflegeheimen"}]},{"@type":"WebSite","@id":"https:\/\/fmc.ch\/#website","url":"https:\/\/fmc.ch\/","name":"FMC","description":"Forum suisse des soins int\u00e9gr\u00e9s","publisher":{"@id":"https:\/\/fmc.ch\/#organization"},"potentialAction":[{"@type":"SearchAction","target":{"@type":"EntryPoint","urlTemplate":"https:\/\/fmc.ch\/?s={search_term_string}"},"query-input":{"@type":"PropertyValueSpecification","valueRequired":true,"valueName":"search_term_string"}}],"inLanguage":"fr-FR"},{"@type":"Organization","@id":"https:\/\/fmc.ch\/#organization","name":"FMC","url":"https:\/\/fmc.ch\/","logo":{"@type":"ImageObject","inLanguage":"fr-FR","@id":"https:\/\/fmc.ch\/#\/schema\/logo\/image\/","url":"https:\/\/fmc.ch\/wp-content\/uploads\/2023\/09\/fmc-logo.svg","contentUrl":"https:\/\/fmc.ch\/wp-content\/uploads\/2023\/09\/fmc-logo.svg","caption":"FMC"},"image":{"@id":"https:\/\/fmc.ch\/#\/schema\/logo\/image\/"}},{"@type":"Person","@id":"https:\/\/fmc.ch\/#\/schema\/person\/3a7218d283691f8ef8cf410e4615e507","name":"Nadja Blanchard","image":{"@type":"ImageObject","inLanguage":"fr-FR","@id":"https:\/\/secure.gravatar.com\/avatar\/729fbcebbfccd7834565b1398470d6ea84a4f3e7525873a0cb368db99228ce7b?s=96&d=mm&r=g","url":"https:\/\/secure.gravatar.com\/avatar\/729fbcebbfccd7834565b1398470d6ea84a4f3e7525873a0cb368db99228ce7b?s=96&d=mm&r=g","contentUrl":"https:\/\/secure.gravatar.com\/avatar\/729fbcebbfccd7834565b1398470d6ea84a4f3e7525873a0cb368db99228ce7b?s=96&d=mm&r=g","caption":"Nadja Blanchard"},"url":"https:\/\/fmc.ch\/fr\/author\/nadja-blanchardfmc-ch\/"}]}},"_links":{"self":[{"href":"https:\/\/fmc.ch\/fr\/wp-json\/wp\/v2\/posts\/1916","targetHints":{"allow":["GET"]}}],"collection":[{"href":"https:\/\/fmc.ch\/fr\/wp-json\/wp\/v2\/posts"}],"about":[{"href":"https:\/\/fmc.ch\/fr\/wp-json\/wp\/v2\/types\/post"}],"author":[{"embeddable":true,"href":"https:\/\/fmc.ch\/fr\/wp-json\/wp\/v2\/users\/2"}],"replies":[{"embeddable":true,"href":"https:\/\/fmc.ch\/fr\/wp-json\/wp\/v2\/comments?post=1916"}],"version-history":[{"count":4,"href":"https:\/\/fmc.ch\/fr\/wp-json\/wp\/v2\/posts\/1916\/revisions"}],"predecessor-version":[{"id":12139,"href":"https:\/\/fmc.ch\/fr\/wp-json\/wp\/v2\/posts\/1916\/revisions\/12139"}],"wp:featuredmedia":[{"embeddable":true,"href":"https:\/\/fmc.ch\/fr\/wp-json\/wp\/v2\/media\/1917"}],"wp:attachment":[{"href":"https:\/\/fmc.ch\/fr\/wp-json\/wp\/v2\/media?parent=1916"}],"wp:term":[{"taxonomy":"strategie","embeddable":true,"href":"https:\/\/fmc.ch\/fr\/wp-json\/wp\/v2\/strategie?post=1916"},{"taxonomy":"thema","embeddable":true,"href":"https:\/\/fmc.ch\/fr\/wp-json\/wp\/v2\/thema?post=1916"},{"taxonomy":"format","embeddable":true,"href":"https:\/\/fmc.ch\/fr\/wp-json\/wp\/v2\/format?post=1916"}],"curies":[{"name":"wp","href":"https:\/\/api.w.org\/{rel}","templated":true}]}}