{"id":16841,"date":"2025-11-13T17:24:36","date_gmt":"2025-11-13T16:24:36","guid":{"rendered":"https:\/\/fmc.ch\/?p=16841"},"modified":"2025-11-13T17:34:26","modified_gmt":"2025-11-13T16:34:26","slug":"fmc-club-2026-a-linselhof","status":"publish","type":"post","link":"https:\/\/fmc.ch\/fr\/fmc-club-2026-im-inselhof\/","title":{"rendered":"Visite du club fmc \u00e0 l'Inselhof"},"content":{"rendered":"<div data-elementor-type=\"wp-post\" data-elementor-id=\"16841\" class=\"elementor elementor-16841\" data-elementor-post-type=\"post\">\n\t\t\t\t\t\t<section class=\"elementor-section elementor-top-section elementor-element elementor-element-7ca2a75 elementor-section-boxed elementor-section-height-default elementor-section-height-default elementor-invisible\" data-id=\"7ca2a75\" data-element_type=\"section\" data-e-type=\"section\" data-settings=\"{&quot;animation&quot;:&quot;fadeIn&quot;}\">\n\t\t\t\t\t\t<div class=\"elementor-container elementor-column-gap-default\">\n\t\t\t\t\t<div class=\"elementor-column elementor-col-100 elementor-top-column elementor-element elementor-element-3f98917\" data-id=\"3f98917\" data-element_type=\"column\" data-e-type=\"column\">\n\t\t\t<div class=\"elementor-widget-wrap elementor-element-populated\">\n\t\t\t\t\t\t<div class=\"elementor-element elementor-element-1cf1b65 elementor-widget__width-initial elementor-widget elementor-widget-text-editor\" data-id=\"1cf1b65\" data-element_type=\"widget\" data-e-type=\"widget\" data-widget_type=\"text-editor.default\">\n\t\t\t\t<div class=\"elementor-widget-container\">\n\t\t\t\t\t\t\t\t\t<h3><strong>Centre de jour pour les m\u00e8res souffrant de d\u00e9pression post-partum et leurs jeunes enfants - une structure de jour \u00e0 orientation interprofessionnelle<\/strong><\/h3><h3>Le club fmc du 20 janvier 2026 nous emm\u00e8ne au Inselhof.<\/h3>\t\t\t\t\t\t\t\t<\/div>\n\t\t\t\t<\/div>\n\t\t\t\t\t<\/div>\n\t\t<\/div>\n\t\t\t\t\t<\/div>\n\t\t<\/section>\n\t\t\t\t<section class=\"elementor-section elementor-top-section elementor-element elementor-element-f545d7d elementor-section-boxed elementor-section-height-default elementor-section-height-default\" data-id=\"f545d7d\" data-element_type=\"section\" data-e-type=\"section\">\n\t\t\t\t\t\t<div class=\"elementor-container elementor-column-gap-default\">\n\t\t\t\t\t<div class=\"elementor-column elementor-col-100 elementor-top-column elementor-element elementor-element-618cb90\" data-id=\"618cb90\" data-element_type=\"column\" data-e-type=\"column\">\n\t\t\t<div class=\"elementor-widget-wrap elementor-element-populated\">\n\t\t\t\t<div class=\"elementor-element elementor-element-e439cd0 e-flex e-con-boxed e-con e-parent\" data-id=\"e439cd0\" data-element_type=\"container\" data-e-type=\"container\">\n\t\t\t\t\t<div class=\"e-con-inner\">\n\t\t\t\t<div class=\"elementor-element elementor-element-02003cb elementor-widget elementor-widget-text-editor\" data-id=\"02003cb\" data-element_type=\"widget\" data-e-type=\"widget\" data-widget_type=\"text-editor.default\">\n\t\t\t\t<div class=\"elementor-widget-container\">\n\t\t\t\t\t\t\t\t\t<p>Notre premier club fmc de l'ann\u00e9e 2026 nous emm\u00e8ne dans un lieu tr\u00e8s particulier : le tout nouveau <strong>Centre de jour pour les m\u00e8res souffrant de d\u00e9pression post-partum et leurs jeunes enfants<\/strong> \u00e0 l'Inselhof de Zurich, qui a ouvert ses portes en septembre 2025.<\/p><p><strong>Ursula Koch<\/strong>La directrice de l'Inselhof et ancienne pr\u00e9sidente de la fmc nous donne un aper\u00e7u passionnant du chemin parcouru depuis la premi\u00e8re id\u00e9e jusqu'\u00e0 l'ouverture festive.<\/p><p><strong>Sabin B\u00fchrer<\/strong>La directrice du centre de jour nous pr\u00e9sente son travail au cours d'une visite interactive. <strong>approche interprofessionnelle<\/strong> de la prise en charge des patientes et explique comment l'\u00e9quipe a r\u00e9agi apr\u00e8s le <strong>Principe de l'holacratie<\/strong> travaille ensemble.<\/p><p>Apr\u00e8s les inputs, nous aurons l'occasion de nous retrouver lors du <strong>Ap\u00e9ro<\/strong> de continuer \u00e0 \u00e9changer dans une atmosph\u00e8re d\u00e9tendue.<\/p><p>Nous nous r\u00e9jouissons d'un d\u00e9but d'ann\u00e9e 2026 inspirant et enrichissant pour la fmc !<\/p><p>\u00a0<\/p><p>Communiqu\u00e9s de presse sur le centre de jour pour les m\u00e8res souffrant de d\u00e9pression post-partum et leurs jeunes enfants \u00e0 l'Inselhof de Zurich :<\/p><ul><li><a href=\"https:\/\/inselhof.ch\/wp-content\/uploads\/2025\/08\/Seite_17_Tages-Anzeiger_2025-08-20.pdf\">Article du Tages-Anzeiger du 20.8.25\u00a0<\/a><\/li><li><a href=\"https:\/\/www.medinside.ch\/de\/neben-dem-triemli-spital-gibt-es-hilfe-fuer-muetter-mit-depressionen-nach-der-geburt-20250820\">medinside.ch du 20.8.25<\/a><\/li><li><a href=\"https:\/\/www.telez.ch\/telez-aktuell\/\">Reportage Tele Z du 22.8.25 (\u00e0 partir de 07.21)<\/a><\/li><li><a href=\"https:\/\/www.srf.ch\/news\/schweiz\/wenn-das-babyglueck-erdrueckt-wie-ein-zuercher-tageszentrum-muetter-mit-depressionen-auffaengt\">SRF \"Echo der Zeit\" et reportage d'actualit\u00e9 du 15.9.25<\/a><\/li><\/ul>\t\t\t\t\t\t\t\t<\/div>\n\t\t\t\t<\/div>\n\t\t\t\t\t<\/div>\n\t\t\t\t<\/div>\n\t\t\t\t\t<\/div>\n\t\t<\/div>\n\t\t\t\t\t<\/div>\n\t\t<\/section>\n\t\t\t\t<section class=\"elementor-section elementor-top-section elementor-element elementor-element-99d95f5 elementor-section-boxed elementor-section-height-default elementor-section-height-default\" data-id=\"99d95f5\" data-element_type=\"section\" data-e-type=\"section\">\n\t\t\t\t\t\t<div class=\"elementor-container elementor-column-gap-default\">\n\t\t\t\t\t<div class=\"elementor-column elementor-col-100 elementor-top-column elementor-element elementor-element-3a58297\" data-id=\"3a58297\" data-element_type=\"column\" data-e-type=\"column\">\n\t\t\t<div class=\"elementor-widget-wrap elementor-element-populated\">\n\t\t\t\t<div class=\"elementor-element elementor-element-b699f97 e-grid e-con-boxed e-con e-parent\" data-id=\"b699f97\" data-element_type=\"container\" data-e-type=\"container\">\n\t\t\t\t\t<div class=\"e-con-inner\">\n\t\t\t\t<div class=\"elementor-element elementor-element-2ce0bf3 elementor-widget elementor-widget-text-editor\" data-id=\"2ce0bf3\" data-element_type=\"widget\" data-e-type=\"widget\" data-widget_type=\"text-editor.default\">\n\t\t\t\t<div class=\"elementor-widget-container\">\n\t\t\t\t\t\t\t\t\t<p><strong><u>Dates cl\u00e9s de la visite :<\/u><\/strong><\/p><ul><li data-olk-copy-source=\"MessageBody\"><p>Date : mardi 20 janvier 2026<\/p><\/li><li data-olk-copy-source=\"MessageBody\"><p>Horaires : de 17h20 \u00e0 19h00, suivi d'un ap\u00e9ritif<\/p><\/li><li data-olk-copy-source=\"MessageBody\"><p>O\u00f9 :               Inselhof, Birmensdorferstrasse 505, CH-8055 Zurich<\/p><\/li><li data-olk-copy-source=\"MessageBody\"><p>Langue : Allemand<\/p><\/li><\/ul>\t\t\t\t\t\t\t\t<\/div>\n\t\t\t\t<\/div>\n\t\t\t\t<div class=\"elementor-element elementor-element-a06c8eb elementor-widget elementor-widget-image\" data-id=\"a06c8eb\" data-element_type=\"widget\" data-e-type=\"widget\" data-widget_type=\"image.default\">\n\t\t\t\t<div class=\"elementor-widget-container\">\n\t\t\t\t\t\t\t\t\t\t\t\t\t\t\t<img fetchpriority=\"high\" decoding=\"async\" width=\"499\" height=\"168\" src=\"https:\/\/fmc.ch\/wp-content\/uploads\/2025\/11\/fmc-Club_Logo-Inselhof.png\" class=\"attachment-large size-large wp-image-16852\" alt=\"\" srcset=\"https:\/\/fmc.ch\/wp-content\/uploads\/2025\/11\/fmc-Club_Logo-Inselhof.png 499w, https:\/\/fmc.ch\/wp-content\/uploads\/2025\/11\/fmc-Club_Logo-Inselhof-18x6.png 18w\" sizes=\"(max-width: 499px) 100vw, 499px\" \/>\t\t\t\t\t\t\t\t\t\t\t\t\t\t\t<\/div>\n\t\t\t\t<\/div>\n\t\t\t\t\t<\/div>\n\t\t\t\t<\/div>\n\t\t\t\t\t<\/div>\n\t\t<\/div>\n\t\t\t\t\t<\/div>\n\t\t<\/section>\n\t\t<div class=\"elementor-element elementor-element-678134b e-flex e-con-boxed e-con e-parent\" data-id=\"678134b\" data-element_type=\"container\" data-e-type=\"container\">\n\t\t\t\t\t<div class=\"e-con-inner\">\n\t\t\t\t<div class=\"elementor-element elementor-element-8f046c7 elementor-widget elementor-widget-shortcode\" data-id=\"8f046c7\" data-element_type=\"widget\" data-e-type=\"widget\" data-widget_type=\"shortcode.default\">\n\t\t\t\t<div class=\"elementor-widget-container\">\n\t\t\t\t\t\t\t<div class=\"elementor-shortcode\"><div class=\"_df_book df-lite\" id=\"df_16856\"  _slug=\"fmc-club-januar-2026_inselhof\" data-title=\"fmc-club-januar-2026_inselhof\" wpoptions=\"true\" thumbtype=\"\" ><\/div><script class=\"df-shortcode-script\" nowprocket type=\"application\/javascript\">window.option_df_16856 = {\"outline\":[],\"backgroundColor\":\"#f1f1f1\",\"height\":\"700\",\"autoEnableOutline\":\"false\",\"autoEnableThumbnail\":\"false\",\"overwritePDFOutline\":\"false\",\"direction\":\"1\",\"pageSize\":\"0\",\"source\":\"https:\\\/\\\/fmc.ch\\\/wp-content\\\/uploads\\\/2025\\\/11\\\/fmc-Club-2026_Inselhof_Flyer_Tageszentrum.pdf\",\"wpOptions\":\"true\"}; if(window.DFLIP && window.DFLIP.parseBooks){window.DFLIP.parseBooks();}<\/script><\/div>\n\t\t\t\t\t\t<\/div>\n\t\t\t\t<\/div>\n\t\t\t\t\t<\/div>\n\t\t\t\t<\/div>\n\t\t\t\t<section class=\"elementor-section elementor-top-section elementor-element elementor-element-1df6471 elementor-section-boxed elementor-section-height-default elementor-section-height-default\" data-id=\"1df6471\" data-element_type=\"section\" data-e-type=\"section\">\n\t\t\t\t\t\t<div class=\"elementor-container elementor-column-gap-default\">\n\t\t\t\t\t<div class=\"elementor-column elementor-col-100 elementor-top-column elementor-element elementor-element-82d522d\" data-id=\"82d522d\" data-element_type=\"column\" data-e-type=\"column\">\n\t\t\t<div class=\"elementor-widget-wrap elementor-element-populated\">\n\t\t\t\t\t\t<div class=\"elementor-element elementor-element-6fda20f elementor-widget elementor-widget-text-editor\" data-id=\"6fda20f\" data-element_type=\"widget\" data-e-type=\"widget\" data-widget_type=\"text-editor.default\">\n\t\t\t\t<div class=\"elementor-widget-container\">\n\t\t\t\t\t\t\t\t\t<p>Le club du fmc est exclusivement r\u00e9serv\u00e9 aux membres du fmc.\u00a0<\/p>\t\t\t\t\t\t\t\t<\/div>\n\t\t\t\t<\/div>\n\t\t\t\t<div class=\"elementor-element elementor-element-2fed563 elementor-widget elementor-widget-button\" data-id=\"2fed563\" data-element_type=\"widget\" data-e-type=\"widget\" data-widget_type=\"button.default\">\n\t\t\t\t<div class=\"elementor-widget-container\">\n\t\t\t\t\t\t\t\t\t<div class=\"elementor-button-wrapper\">\n\t\t\t\t\t<a class=\"elementor-button elementor-button-link elementor-size-sm\" href=\"https:\/\/eu.jotform.com\/build\/252783859444371\" target=\"_blank\">\n\t\t\t\t\t\t<span class=\"elementor-button-content-wrapper\">\n\t\t\t\t\t\t\t\t\t<span class=\"elementor-button-text\">Cliquez ici pour vous inscrire<\/span>\n\t\t\t\t\t<\/span>\n\t\t\t\t\t<\/a>\n\t\t\t\t<\/div>\n\t\t\t\t\t\t\t\t<\/div>\n\t\t\t\t<\/div>\n\t\t\t\t\t<\/div>\n\t\t<\/div>\n\t\t\t\t\t<\/div>\n\t\t<\/section>\n\t\t\t\t<\/div>","protected":false},"excerpt":{"rendered":"<p>Les objectifs de cette offre sont la stabilisation psychique, le renforcement de la relation parent-enfant et le soulagement du syst\u00e8me familial.<\/p>","protected":false},"author":2,"featured_media":16842,"comment_status":"closed","ping_status":"closed","sticky":false,"template":"","format":[143,138],"meta":{"footnotes":""},"strategie":[160],"thema":[152],"class_list":["post-16841","post","type-post","status-publish","format-standard","has-post-thumbnail","hentry","strategie-mindset","thema-interprofessionelle-zusammenarbeit","format-fmc-club","format-veranstaltung"],"yoast_head":"<!-- This site is optimized with the Yoast SEO plugin v27.5 - https:\/\/yoast.com\/product\/yoast-seo-wordpress\/ -->\n<title>Besuch des fmc-Clubs im Inselhof - FMC<\/title>\n<meta name=\"description\" content=\"Die Ziele dieses Angebotes sind die psychische Stabilisierung, die St\u00e4rkung der Eltern-Kind-Beziehung und die Entlastung des Familiensystems.\" \/>\n<meta name=\"robots\" content=\"index, follow, max-snippet:-1, max-image-preview:large, max-video-preview:-1\" \/>\n<link rel=\"canonical\" href=\"https:\/\/fmc.ch\/fr\/fmc-club-2026-a-linselhof\/\" \/>\n<meta property=\"og:locale\" content=\"fr_FR\" \/>\n<meta property=\"og:type\" content=\"article\" \/>\n<meta property=\"og:title\" content=\"Besuch des fmc-Clubs im Inselhof - FMC\" \/>\n<meta property=\"og:description\" content=\"Die Ziele dieses Angebotes sind die psychische Stabilisierung, die St\u00e4rkung der Eltern-Kind-Beziehung und die Entlastung des Familiensystems.\" \/>\n<meta property=\"og:url\" content=\"https:\/\/fmc.ch\/fr\/fmc-club-2026-a-linselhof\/\" \/>\n<meta property=\"og:site_name\" content=\"FMC\" \/>\n<meta property=\"article:published_time\" content=\"2025-11-13T16:24:36+00:00\" \/>\n<meta property=\"article:modified_time\" content=\"2025-11-13T16:34:26+00:00\" \/>\n<meta property=\"og:image\" content=\"https:\/\/fmc.ch\/wp-content\/uploads\/2025\/11\/fmc-Club_Inselhof-2026.png\" \/>\n\t<meta property=\"og:image:width\" content=\"481\" \/>\n\t<meta property=\"og:image:height\" content=\"480\" \/>\n\t<meta property=\"og:image:type\" content=\"image\/png\" \/>\n<meta name=\"author\" content=\"Nadja Blanchard\" \/>\n<meta name=\"twitter:card\" content=\"summary_large_image\" \/>\n<meta name=\"twitter:label1\" content=\"\u00c9crit par\" \/>\n\t<meta name=\"twitter:data1\" content=\"Nadja Blanchard\" \/>\n\t<meta name=\"twitter:label2\" content=\"Dur\u00e9e de lecture estim\u00e9e\" \/>\n\t<meta name=\"twitter:data2\" content=\"2 minutes\" \/>\n<script type=\"application\/ld+json\" class=\"yoast-schema-graph\">{\"@context\":\"https:\\\/\\\/schema.org\",\"@graph\":[{\"@type\":\"Article\",\"@id\":\"https:\\\/\\\/fmc.ch\\\/fmc-club-2026-im-inselhof\\\/#article\",\"isPartOf\":{\"@id\":\"https:\\\/\\\/fmc.ch\\\/fmc-club-2026-im-inselhof\\\/\"},\"author\":{\"name\":\"Nadja Blanchard\",\"@id\":\"https:\\\/\\\/fmc.ch\\\/#\\\/schema\\\/person\\\/3a7218d283691f8ef8cf410e4615e507\"},\"headline\":\"Besuch des fmc-Clubs im Inselhof\",\"datePublished\":\"2025-11-13T16:24:36+00:00\",\"dateModified\":\"2025-11-13T16:34:26+00:00\",\"mainEntityOfPage\":{\"@id\":\"https:\\\/\\\/fmc.ch\\\/fmc-club-2026-im-inselhof\\\/\"},\"wordCount\":234,\"publisher\":{\"@id\":\"https:\\\/\\\/fmc.ch\\\/#organization\"},\"image\":{\"@id\":\"https:\\\/\\\/fmc.ch\\\/fmc-club-2026-im-inselhof\\\/#primaryimage\"},\"thumbnailUrl\":\"https:\\\/\\\/fmc.ch\\\/wp-content\\\/uploads\\\/2025\\\/11\\\/fmc-Club_Inselhof-2026.png\",\"articleSection\":[\"fmc Club\"],\"inLanguage\":\"fr-FR\"},{\"@type\":\"WebPage\",\"@id\":\"https:\\\/\\\/fmc.ch\\\/fmc-club-2026-im-inselhof\\\/\",\"url\":\"https:\\\/\\\/fmc.ch\\\/fmc-club-2026-im-inselhof\\\/\",\"name\":\"Besuch des fmc-Clubs im Inselhof - FMC\",\"isPartOf\":{\"@id\":\"https:\\\/\\\/fmc.ch\\\/#website\"},\"primaryImageOfPage\":{\"@id\":\"https:\\\/\\\/fmc.ch\\\/fmc-club-2026-im-inselhof\\\/#primaryimage\"},\"image\":{\"@id\":\"https:\\\/\\\/fmc.ch\\\/fmc-club-2026-im-inselhof\\\/#primaryimage\"},\"thumbnailUrl\":\"https:\\\/\\\/fmc.ch\\\/wp-content\\\/uploads\\\/2025\\\/11\\\/fmc-Club_Inselhof-2026.png\",\"datePublished\":\"2025-11-13T16:24:36+00:00\",\"dateModified\":\"2025-11-13T16:34:26+00:00\",\"description\":\"Die Ziele dieses Angebotes sind die psychische Stabilisierung, die St\u00e4rkung der Eltern-Kind-Beziehung und die Entlastung des Familiensystems.\",\"breadcrumb\":{\"@id\":\"https:\\\/\\\/fmc.ch\\\/fmc-club-2026-im-inselhof\\\/#breadcrumb\"},\"inLanguage\":\"fr-FR\",\"potentialAction\":[{\"@type\":\"ReadAction\",\"target\":[\"https:\\\/\\\/fmc.ch\\\/fmc-club-2026-im-inselhof\\\/\"]}]},{\"@type\":\"ImageObject\",\"inLanguage\":\"fr-FR\",\"@id\":\"https:\\\/\\\/fmc.ch\\\/fmc-club-2026-im-inselhof\\\/#primaryimage\",\"url\":\"https:\\\/\\\/fmc.ch\\\/wp-content\\\/uploads\\\/2025\\\/11\\\/fmc-Club_Inselhof-2026.png\",\"contentUrl\":\"https:\\\/\\\/fmc.ch\\\/wp-content\\\/uploads\\\/2025\\\/11\\\/fmc-Club_Inselhof-2026.png\",\"width\":481,\"height\":480},{\"@type\":\"BreadcrumbList\",\"@id\":\"https:\\\/\\\/fmc.ch\\\/fmc-club-2026-im-inselhof\\\/#breadcrumb\",\"itemListElement\":[{\"@type\":\"ListItem\",\"position\":1,\"name\":\"Home\",\"item\":\"https:\\\/\\\/fmc.ch\\\/\"},{\"@type\":\"ListItem\",\"position\":2,\"name\":\"Besuch des fmc-Clubs im Inselhof\"}]},{\"@type\":\"WebSite\",\"@id\":\"https:\\\/\\\/fmc.ch\\\/#website\",\"url\":\"https:\\\/\\\/fmc.ch\\\/\",\"name\":\"FMC\",\"description\":\"Schweizer Forum f\u00fcr Integrierte Versorgung\",\"publisher\":{\"@id\":\"https:\\\/\\\/fmc.ch\\\/#organization\"},\"potentialAction\":[{\"@type\":\"SearchAction\",\"target\":{\"@type\":\"EntryPoint\",\"urlTemplate\":\"https:\\\/\\\/fmc.ch\\\/?s={search_term_string}\"},\"query-input\":{\"@type\":\"PropertyValueSpecification\",\"valueRequired\":true,\"valueName\":\"search_term_string\"}}],\"inLanguage\":\"fr-FR\"},{\"@type\":\"Organization\",\"@id\":\"https:\\\/\\\/fmc.ch\\\/#organization\",\"name\":\"FMC\",\"url\":\"https:\\\/\\\/fmc.ch\\\/\",\"logo\":{\"@type\":\"ImageObject\",\"inLanguage\":\"fr-FR\",\"@id\":\"https:\\\/\\\/fmc.ch\\\/#\\\/schema\\\/logo\\\/image\\\/\",\"url\":\"https:\\\/\\\/fmc.ch\\\/wp-content\\\/uploads\\\/2023\\\/09\\\/fmc-logo.svg\",\"contentUrl\":\"https:\\\/\\\/fmc.ch\\\/wp-content\\\/uploads\\\/2023\\\/09\\\/fmc-logo.svg\",\"caption\":\"FMC\"},\"image\":{\"@id\":\"https:\\\/\\\/fmc.ch\\\/#\\\/schema\\\/logo\\\/image\\\/\"}},{\"@type\":\"Person\",\"@id\":\"https:\\\/\\\/fmc.ch\\\/#\\\/schema\\\/person\\\/3a7218d283691f8ef8cf410e4615e507\",\"name\":\"Nadja Blanchard\",\"image\":{\"@type\":\"ImageObject\",\"inLanguage\":\"fr-FR\",\"@id\":\"https:\\\/\\\/secure.gravatar.com\\\/avatar\\\/729fbcebbfccd7834565b1398470d6ea84a4f3e7525873a0cb368db99228ce7b?s=96&d=mm&r=g\",\"url\":\"https:\\\/\\\/secure.gravatar.com\\\/avatar\\\/729fbcebbfccd7834565b1398470d6ea84a4f3e7525873a0cb368db99228ce7b?s=96&d=mm&r=g\",\"contentUrl\":\"https:\\\/\\\/secure.gravatar.com\\\/avatar\\\/729fbcebbfccd7834565b1398470d6ea84a4f3e7525873a0cb368db99228ce7b?s=96&d=mm&r=g\",\"caption\":\"Nadja Blanchard\"},\"url\":\"https:\\\/\\\/fmc.ch\\\/fr\\\/author\\\/nadja-blanchardfmc-ch\\\/\"}]}<\/script>\n<!-- \/ Yoast SEO plugin. -->","yoast_head_json":{"title":"Visite du club fmc \u00e0 Inselhof - FMC","description":"Les objectifs de cette offre sont la stabilisation psychique, le renforcement de la relation parent-enfant et le soulagement du syst\u00e8me familial.","robots":{"index":"index","follow":"follow","max-snippet":"max-snippet:-1","max-image-preview":"max-image-preview:large","max-video-preview":"max-video-preview:-1"},"canonical":"https:\/\/fmc.ch\/fr\/fmc-club-2026-a-linselhof\/","og_locale":"fr_FR","og_type":"article","og_title":"Besuch des fmc-Clubs im Inselhof - FMC","og_description":"Die Ziele dieses Angebotes sind die psychische Stabilisierung, die St\u00e4rkung der Eltern-Kind-Beziehung und die Entlastung des Familiensystems.","og_url":"https:\/\/fmc.ch\/fr\/fmc-club-2026-a-linselhof\/","og_site_name":"FMC","article_published_time":"2025-11-13T16:24:36+00:00","article_modified_time":"2025-11-13T16:34:26+00:00","og_image":[{"width":481,"height":480,"url":"https:\/\/fmc.ch\/wp-content\/uploads\/2025\/11\/fmc-Club_Inselhof-2026.png","type":"image\/png"}],"author":"Nadja Blanchard","twitter_card":"summary_large_image","twitter_misc":{"\u00c9crit par":"Nadja Blanchard","Dur\u00e9e de lecture estim\u00e9e":"2 minutes"},"schema":{"@context":"https:\/\/schema.org","@graph":[{"@type":"Article","@id":"https:\/\/fmc.ch\/fmc-club-2026-im-inselhof\/#article","isPartOf":{"@id":"https:\/\/fmc.ch\/fmc-club-2026-im-inselhof\/"},"author":{"name":"Nadja Blanchard","@id":"https:\/\/fmc.ch\/#\/schema\/person\/3a7218d283691f8ef8cf410e4615e507"},"headline":"Besuch des fmc-Clubs im Inselhof","datePublished":"2025-11-13T16:24:36+00:00","dateModified":"2025-11-13T16:34:26+00:00","mainEntityOfPage":{"@id":"https:\/\/fmc.ch\/fmc-club-2026-im-inselhof\/"},"wordCount":234,"publisher":{"@id":"https:\/\/fmc.ch\/#organization"},"image":{"@id":"https:\/\/fmc.ch\/fmc-club-2026-im-inselhof\/#primaryimage"},"thumbnailUrl":"https:\/\/fmc.ch\/wp-content\/uploads\/2025\/11\/fmc-Club_Inselhof-2026.png","articleSection":["fmc Club"],"inLanguage":"fr-FR"},{"@type":"WebPage","@id":"https:\/\/fmc.ch\/fmc-club-2026-im-inselhof\/","url":"https:\/\/fmc.ch\/fmc-club-2026-im-inselhof\/","name":"Visite du club fmc \u00e0 Inselhof - FMC","isPartOf":{"@id":"https:\/\/fmc.ch\/#website"},"primaryImageOfPage":{"@id":"https:\/\/fmc.ch\/fmc-club-2026-im-inselhof\/#primaryimage"},"image":{"@id":"https:\/\/fmc.ch\/fmc-club-2026-im-inselhof\/#primaryimage"},"thumbnailUrl":"https:\/\/fmc.ch\/wp-content\/uploads\/2025\/11\/fmc-Club_Inselhof-2026.png","datePublished":"2025-11-13T16:24:36+00:00","dateModified":"2025-11-13T16:34:26+00:00","description":"Les objectifs de cette offre sont la stabilisation psychique, le renforcement de la relation parent-enfant et le soulagement du syst\u00e8me familial.","breadcrumb":{"@id":"https:\/\/fmc.ch\/fmc-club-2026-im-inselhof\/#breadcrumb"},"inLanguage":"fr-FR","potentialAction":[{"@type":"ReadAction","target":["https:\/\/fmc.ch\/fmc-club-2026-im-inselhof\/"]}]},{"@type":"ImageObject","inLanguage":"fr-FR","@id":"https:\/\/fmc.ch\/fmc-club-2026-im-inselhof\/#primaryimage","url":"https:\/\/fmc.ch\/wp-content\/uploads\/2025\/11\/fmc-Club_Inselhof-2026.png","contentUrl":"https:\/\/fmc.ch\/wp-content\/uploads\/2025\/11\/fmc-Club_Inselhof-2026.png","width":481,"height":480},{"@type":"BreadcrumbList","@id":"https:\/\/fmc.ch\/fmc-club-2026-im-inselhof\/#breadcrumb","itemListElement":[{"@type":"ListItem","position":1,"name":"Home","item":"https:\/\/fmc.ch\/"},{"@type":"ListItem","position":2,"name":"Besuch des fmc-Clubs im Inselhof"}]},{"@type":"WebSite","@id":"https:\/\/fmc.ch\/#website","url":"https:\/\/fmc.ch\/","name":"FMC","description":"Forum suisse des soins int\u00e9gr\u00e9s","publisher":{"@id":"https:\/\/fmc.ch\/#organization"},"potentialAction":[{"@type":"SearchAction","target":{"@type":"EntryPoint","urlTemplate":"https:\/\/fmc.ch\/?s={search_term_string}"},"query-input":{"@type":"PropertyValueSpecification","valueRequired":true,"valueName":"search_term_string"}}],"inLanguage":"fr-FR"},{"@type":"Organization","@id":"https:\/\/fmc.ch\/#organization","name":"FMC","url":"https:\/\/fmc.ch\/","logo":{"@type":"ImageObject","inLanguage":"fr-FR","@id":"https:\/\/fmc.ch\/#\/schema\/logo\/image\/","url":"https:\/\/fmc.ch\/wp-content\/uploads\/2023\/09\/fmc-logo.svg","contentUrl":"https:\/\/fmc.ch\/wp-content\/uploads\/2023\/09\/fmc-logo.svg","caption":"FMC"},"image":{"@id":"https:\/\/fmc.ch\/#\/schema\/logo\/image\/"}},{"@type":"Person","@id":"https:\/\/fmc.ch\/#\/schema\/person\/3a7218d283691f8ef8cf410e4615e507","name":"Nadja Blanchard","image":{"@type":"ImageObject","inLanguage":"fr-FR","@id":"https:\/\/secure.gravatar.com\/avatar\/729fbcebbfccd7834565b1398470d6ea84a4f3e7525873a0cb368db99228ce7b?s=96&d=mm&r=g","url":"https:\/\/secure.gravatar.com\/avatar\/729fbcebbfccd7834565b1398470d6ea84a4f3e7525873a0cb368db99228ce7b?s=96&d=mm&r=g","contentUrl":"https:\/\/secure.gravatar.com\/avatar\/729fbcebbfccd7834565b1398470d6ea84a4f3e7525873a0cb368db99228ce7b?s=96&d=mm&r=g","caption":"Nadja Blanchard"},"url":"https:\/\/fmc.ch\/fr\/author\/nadja-blanchardfmc-ch\/"}]}},"_links":{"self":[{"href":"https:\/\/fmc.ch\/fr\/wp-json\/wp\/v2\/posts\/16841","targetHints":{"allow":["GET"]}}],"collection":[{"href":"https:\/\/fmc.ch\/fr\/wp-json\/wp\/v2\/posts"}],"about":[{"href":"https:\/\/fmc.ch\/fr\/wp-json\/wp\/v2\/types\/post"}],"author":[{"embeddable":true,"href":"https:\/\/fmc.ch\/fr\/wp-json\/wp\/v2\/users\/2"}],"replies":[{"embeddable":true,"href":"https:\/\/fmc.ch\/fr\/wp-json\/wp\/v2\/comments?post=16841"}],"version-history":[{"count":19,"href":"https:\/\/fmc.ch\/fr\/wp-json\/wp\/v2\/posts\/16841\/revisions"}],"predecessor-version":[{"id":16866,"href":"https:\/\/fmc.ch\/fr\/wp-json\/wp\/v2\/posts\/16841\/revisions\/16866"}],"wp:featuredmedia":[{"embeddable":true,"href":"https:\/\/fmc.ch\/fr\/wp-json\/wp\/v2\/media\/16842"}],"wp:attachment":[{"href":"https:\/\/fmc.ch\/fr\/wp-json\/wp\/v2\/media?parent=16841"}],"wp:term":[{"taxonomy":"strategie","embeddable":true,"href":"https:\/\/fmc.ch\/fr\/wp-json\/wp\/v2\/strategie?post=16841"},{"taxonomy":"thema","embeddable":true,"href":"https:\/\/fmc.ch\/fr\/wp-json\/wp\/v2\/thema?post=16841"},{"taxonomy":"format","embeddable":true,"href":"https:\/\/fmc.ch\/fr\/wp-json\/wp\/v2\/format?post=16841"}],"curies":[{"name":"wp","href":"https:\/\/api.w.org\/{rel}","templated":true}]}}