{"id":1662,"date":"2023-04-14T15:56:00","date_gmt":"2023-04-14T15:56:00","guid":{"rendered":"https:\/\/fmc.ch\/?p=1662"},"modified":"2025-11-27T16:55:02","modified_gmt":"2025-11-27T15:55:02","slug":"facteurs-dinfluence-sur-la-prise-en-charge-integree","status":"publish","type":"post","link":"https:\/\/fmc.ch\/fr\/einflussfaktoren-auf-die-integrierte-versorgung\/","title":{"rendered":"10 facteurs qui ont influenc\u00e9 - et continuent d'influencer - les soins int\u00e9gr\u00e9s"},"content":{"rendered":"<div data-elementor-type=\"wp-post\" data-elementor-id=\"1662\" class=\"elementor elementor-1662\" data-elementor-post-type=\"post\">\n\t\t\t\t\t\t<section class=\"elementor-section elementor-top-section elementor-element elementor-element-3fc0a7f elementor-section-boxed elementor-section-height-default elementor-section-height-default elementor-invisible\" data-id=\"3fc0a7f\" data-element_type=\"section\" data-e-type=\"section\" data-settings=\"{&quot;animation&quot;:&quot;fadeIn&quot;}\">\n\t\t\t\t\t\t<div class=\"elementor-container elementor-column-gap-default\">\n\t\t\t\t\t<div class=\"elementor-column elementor-col-100 elementor-top-column elementor-element elementor-element-a9803ab\" data-id=\"a9803ab\" data-element_type=\"column\" data-e-type=\"column\">\n\t\t\t<div class=\"elementor-widget-wrap elementor-element-populated\">\n\t\t\t\t\t\t<div class=\"elementor-element elementor-element-8a20dca elementor-widget elementor-widget-text-editor\" data-id=\"8a20dca\" data-element_type=\"widget\" data-e-type=\"widget\" data-widget_type=\"text-editor.default\">\n\t\t\t\t<div class=\"elementor-widget-container\">\n\t\t\t\t\t\t\t\t\t<p>Quelle est l'influence des facteurs suivants sur les soins int\u00e9gr\u00e9s...<\/p><ul><li><strong>L'approvisionnement est historiquement fragment\u00e9<\/strong><\/li><li><strong>La compensation des risques ne fonctionne que lentement<\/strong><\/li><li><strong>L'obligation de contracter se fait au d\u00e9triment de la qualit\u00e9<\/strong><\/li><li><strong>Les m\u00e9canismes de financement et de r\u00e9mun\u00e9ration cr\u00e9ent de fausses incitations<\/strong><\/li><li><strong>La num\u00e9risation est d\u00e9ficiente<\/strong><\/li><li><strong>La qualit\u00e9 n'est pas transparente<\/strong><\/li><li><strong>Les cantons manquent d'instruments de pilotage et d'une vue d'ensemble<\/strong><\/li><li><strong>Les patients veulent la libert\u00e9 de choix<\/strong><\/li><li><strong>La politique (f\u00e9d\u00e9rale) est prisonni\u00e8re de la pens\u00e9e gauche-droite<\/strong><\/li><li><strong>Tout le monde peut gagner ou perdre<\/strong><\/li><li><strong>.... et ce qui peut ou doit \u00eatre fait \u00e0 ce sujet.<\/strong><\/li><\/ul><p>\u00a0<\/p><p>Vous trouverez l'ensemble de la discussion sur les 10 facteurs et les influences sur les soins int\u00e9gr\u00e9s dans l'impulsion fmc de mars 2023.<\/p>\t\t\t\t\t\t\t\t<\/div>\n\t\t\t\t<\/div>\n\t\t\t\t\t<\/div>\n\t\t<\/div>\n\t\t\t\t\t<\/div>\n\t\t<\/section>\n\t\t\t\t<section data-dce-background-color=\"#F1F1F1\" class=\"elementor-section elementor-top-section elementor-element elementor-element-0d8c357 elementor-section-stretched elementor-section-boxed elementor-section-height-default elementor-section-height-default\" data-id=\"0d8c357\" data-element_type=\"section\" data-e-type=\"section\" data-settings=\"{&quot;stretch_section&quot;:&quot;section-stretched&quot;,&quot;background_background&quot;:&quot;classic&quot;}\">\n\t\t\t\t\t\t<div class=\"elementor-container elementor-column-gap-default\">\n\t\t\t\t\t<div class=\"elementor-column elementor-col-100 elementor-top-column elementor-element elementor-element-036e638\" data-id=\"036e638\" data-element_type=\"column\" data-e-type=\"column\">\n\t\t\t<div class=\"elementor-widget-wrap elementor-element-populated\">\n\t\t\t\t\t\t<div class=\"elementor-element elementor-element-0c5d8a2 elementor-widget elementor-widget-shortcode\" data-id=\"0c5d8a2\" data-element_type=\"widget\" data-e-type=\"widget\" data-widget_type=\"shortcode.default\">\n\t\t\t\t<div class=\"elementor-widget-container\">\n\t\t\t\t\t\t\t<div class=\"elementor-shortcode\"><div class=\"_df_book df-lite\" id=\"df_1779\"  _slug=\"10-faktoren-welche-die-integrierte-versorgung-beeinflusst-haben-und-weiter-weiterhin-beeinflussen\" data-title=\"10-faktoren-welche-die-integrierte-versorgung-beeinflusst-haben-und-weiter-weiterhin-beeinflussen\" wpoptions=\"true\" thumbtype=\"\" ><\/div><script class=\"df-shortcode-script\" nowprocket type=\"application\/javascript\">window.option_df_1779 = {\"outline\":[],\"backgroundColor\":\"#f1f1f1\",\"height\":\"700\",\"autoEnableOutline\":\"false\",\"autoEnableThumbnail\":\"false\",\"overwritePDFOutline\":\"false\",\"direction\":\"1\",\"pageSize\":\"0\",\"source\":\"https:\\\/\\\/fmc.ch\\\/wp-content\\\/uploads\\\/2023\\\/10\\\/fmc-Impuls-Gespraech-Spycher-und-Mueller.pdf\",\"wpOptions\":\"true\"}; if(window.DFLIP && window.DFLIP.parseBooks){window.DFLIP.parseBooks();}<\/script><\/div>\n\t\t\t\t\t\t<\/div>\n\t\t\t\t<\/div>\n\t\t\t\t\t<\/div>\n\t\t<\/div>\n\t\t\t\t\t<\/div>\n\t\t<\/section>\n\t\t\t\t<section data-dce-background-color=\"#F1F1F1\" class=\"elementor-section elementor-top-section elementor-element elementor-element-c9e4c96 elementor-section-stretched elementor-section-boxed elementor-section-height-default elementor-section-height-default\" data-id=\"c9e4c96\" data-element_type=\"section\" data-e-type=\"section\" data-settings=\"{&quot;stretch_section&quot;:&quot;section-stretched&quot;,&quot;background_background&quot;:&quot;classic&quot;}\">\n\t\t\t\t\t\t<div class=\"elementor-container elementor-column-gap-default\">\n\t\t\t\t\t<div class=\"elementor-column elementor-col-100 elementor-top-column elementor-element elementor-element-f45c047\" data-id=\"f45c047\" data-element_type=\"column\" data-e-type=\"column\">\n\t\t\t<div class=\"elementor-widget-wrap elementor-element-populated\">\n\t\t\t\t\t\t<div class=\"elementor-element elementor-element-b85dbd0 elementor-align-center elementor-widget elementor-widget-button\" data-id=\"b85dbd0\" data-element_type=\"widget\" data-e-type=\"widget\" data-widget_type=\"button.default\">\n\t\t\t\t<div class=\"elementor-widget-container\">\n\t\t\t\t\t\t\t\t\t<div class=\"elementor-button-wrapper\">\n\t\t\t\t\t<a class=\"elementor-button elementor-button-link elementor-size-sm\" href=\"\/wp-content\/uploads\/2023\/10\/fmc-Impuls-Gespraech-Spycher-und-Mueller.pdf\">\n\t\t\t\t\t\t<span class=\"elementor-button-content-wrapper\">\n\t\t\t\t\t\t\t\t\t<span class=\"elementor-button-text\">T\u00e9l\u00e9charger le PDF<\/span>\n\t\t\t\t\t<\/span>\n\t\t\t\t\t<\/a>\n\t\t\t\t<\/div>\n\t\t\t\t\t\t\t\t<\/div>\n\t\t\t\t<\/div>\n\t\t\t\t\t<\/div>\n\t\t<\/div>\n\t\t\t\t\t<\/div>\n\t\t<\/section>\n\t\t\t\t<\/div>","protected":false},"excerpt":{"rendered":"<p>Quelle est l'influence, entre autres, de la fragmentation, de la compensation des risques ou des structures de financement sur les soins int\u00e9gr\u00e9s. Comment pouvons-nous y faire face et quelles adaptations sont n\u00e9cessaires ? Stefan Spycher, CEO de Careum, et Annamaria M\u00fcller, pr\u00e9sidente du fmc, discuteront de ces questions \u00e0 l'occasion du 25e anniversaire du Forum suisse pour les soins int\u00e9gr\u00e9s fmc, l'ann\u00e9e derni\u00e8re.<\/p>","protected":false},"author":2,"featured_media":1663,"comment_status":"closed","ping_status":"closed","sticky":false,"template":"","format":[146,139],"meta":{"footnotes":""},"strategie":[156],"thema":[152],"class_list":["post-1662","post","type-post","status-publish","format-standard","has-post-thumbnail","hentry","strategie-zusammenarbeit","thema-interprofessionelle-zusammenarbeit","format-impulse","format-publikation"],"yoast_head":"<!-- This site is optimized with the Yoast SEO plugin v27.5 - https:\/\/yoast.com\/product\/yoast-seo-wordpress\/ -->\n<title>10 Faktoren, welche die Integrierte Versorgung beeinflusst haben \u2013 und weiter weiterhin beeinflussen - FMC<\/title>\n<meta name=\"description\" content=\"Welche Einfluss haben u.a. die Fragmentierung, der Risikoausgleich oder die Finanzierungsstrukturen auf die integrierte Versorgung.\" \/>\n<meta name=\"robots\" content=\"index, follow, max-snippet:-1, max-image-preview:large, max-video-preview:-1\" \/>\n<link rel=\"canonical\" href=\"https:\/\/fmc.ch\/fr\/facteurs-dinfluence-sur-la-prise-en-charge-integree\/\" \/>\n<meta property=\"og:locale\" content=\"fr_FR\" \/>\n<meta property=\"og:type\" content=\"article\" \/>\n<meta property=\"og:title\" content=\"10 Faktoren, welche die Integrierte Versorgung beeinflusst haben \u2013 und weiter weiterhin beeinflussen - FMC\" \/>\n<meta property=\"og:description\" content=\"Welche Einfluss haben u.a. die Fragmentierung, der Risikoausgleich oder die Finanzierungsstrukturen auf die integrierte Versorgung.\" \/>\n<meta property=\"og:url\" content=\"https:\/\/fmc.ch\/fr\/facteurs-dinfluence-sur-la-prise-en-charge-integree\/\" \/>\n<meta property=\"og:site_name\" content=\"FMC\" \/>\n<meta property=\"article:published_time\" content=\"2023-04-14T15:56:00+00:00\" \/>\n<meta property=\"article:modified_time\" content=\"2025-11-27T15:55:02+00:00\" \/>\n<meta property=\"og:image\" content=\"https:\/\/fmc.ch\/wp-content\/uploads\/2023\/10\/Gespraech-Spycher-und-Mueller.jpg\" \/>\n\t<meta property=\"og:image:width\" content=\"548\" \/>\n\t<meta property=\"og:image:height\" content=\"528\" \/>\n\t<meta property=\"og:image:type\" content=\"image\/jpeg\" \/>\n<meta name=\"author\" content=\"Nadja Blanchard\" \/>\n<meta name=\"twitter:card\" content=\"summary_large_image\" \/>\n<meta name=\"twitter:label1\" content=\"\u00c9crit par\" \/>\n\t<meta name=\"twitter:data1\" content=\"Nadja Blanchard\" \/>\n\t<meta name=\"twitter:label2\" content=\"Dur\u00e9e de lecture estim\u00e9e\" \/>\n\t<meta name=\"twitter:data2\" content=\"1 minute\" \/>\n<script type=\"application\/ld+json\" class=\"yoast-schema-graph\">{\"@context\":\"https:\\\/\\\/schema.org\",\"@graph\":[{\"@type\":\"Article\",\"@id\":\"https:\\\/\\\/fmc.ch\\\/einflussfaktoren-auf-die-integrierte-versorgung\\\/#article\",\"isPartOf\":{\"@id\":\"https:\\\/\\\/fmc.ch\\\/einflussfaktoren-auf-die-integrierte-versorgung\\\/\"},\"author\":{\"name\":\"Nadja Blanchard\",\"@id\":\"https:\\\/\\\/fmc.ch\\\/#\\\/schema\\\/person\\\/3a7218d283691f8ef8cf410e4615e507\"},\"headline\":\"10 Faktoren, welche die Integrierte Versorgung beeinflusst haben \u2013 und weiter weiterhin beeinflussen\",\"datePublished\":\"2023-04-14T15:56:00+00:00\",\"dateModified\":\"2025-11-27T15:55:02+00:00\",\"mainEntityOfPage\":{\"@id\":\"https:\\\/\\\/fmc.ch\\\/einflussfaktoren-auf-die-integrierte-versorgung\\\/\"},\"wordCount\":116,\"publisher\":{\"@id\":\"https:\\\/\\\/fmc.ch\\\/#organization\"},\"image\":{\"@id\":\"https:\\\/\\\/fmc.ch\\\/einflussfaktoren-auf-die-integrierte-versorgung\\\/#primaryimage\"},\"thumbnailUrl\":\"https:\\\/\\\/fmc.ch\\\/wp-content\\\/uploads\\\/2023\\\/10\\\/Gespraech-Spycher-und-Mueller.jpg\",\"articleSection\":[\"Impulse\"],\"inLanguage\":\"fr-FR\"},{\"@type\":\"WebPage\",\"@id\":\"https:\\\/\\\/fmc.ch\\\/einflussfaktoren-auf-die-integrierte-versorgung\\\/\",\"url\":\"https:\\\/\\\/fmc.ch\\\/einflussfaktoren-auf-die-integrierte-versorgung\\\/\",\"name\":\"10 Faktoren, welche die Integrierte Versorgung beeinflusst haben \u2013 und weiter weiterhin beeinflussen - FMC\",\"isPartOf\":{\"@id\":\"https:\\\/\\\/fmc.ch\\\/#website\"},\"primaryImageOfPage\":{\"@id\":\"https:\\\/\\\/fmc.ch\\\/einflussfaktoren-auf-die-integrierte-versorgung\\\/#primaryimage\"},\"image\":{\"@id\":\"https:\\\/\\\/fmc.ch\\\/einflussfaktoren-auf-die-integrierte-versorgung\\\/#primaryimage\"},\"thumbnailUrl\":\"https:\\\/\\\/fmc.ch\\\/wp-content\\\/uploads\\\/2023\\\/10\\\/Gespraech-Spycher-und-Mueller.jpg\",\"datePublished\":\"2023-04-14T15:56:00+00:00\",\"dateModified\":\"2025-11-27T15:55:02+00:00\",\"description\":\"Welche Einfluss haben u.a. die Fragmentierung, der Risikoausgleich oder die Finanzierungsstrukturen auf die integrierte Versorgung.\",\"breadcrumb\":{\"@id\":\"https:\\\/\\\/fmc.ch\\\/einflussfaktoren-auf-die-integrierte-versorgung\\\/#breadcrumb\"},\"inLanguage\":\"fr-FR\",\"potentialAction\":[{\"@type\":\"ReadAction\",\"target\":[\"https:\\\/\\\/fmc.ch\\\/einflussfaktoren-auf-die-integrierte-versorgung\\\/\"]}]},{\"@type\":\"ImageObject\",\"inLanguage\":\"fr-FR\",\"@id\":\"https:\\\/\\\/fmc.ch\\\/einflussfaktoren-auf-die-integrierte-versorgung\\\/#primaryimage\",\"url\":\"https:\\\/\\\/fmc.ch\\\/wp-content\\\/uploads\\\/2023\\\/10\\\/Gespraech-Spycher-und-Mueller.jpg\",\"contentUrl\":\"https:\\\/\\\/fmc.ch\\\/wp-content\\\/uploads\\\/2023\\\/10\\\/Gespraech-Spycher-und-Mueller.jpg\",\"width\":548,\"height\":528},{\"@type\":\"BreadcrumbList\",\"@id\":\"https:\\\/\\\/fmc.ch\\\/einflussfaktoren-auf-die-integrierte-versorgung\\\/#breadcrumb\",\"itemListElement\":[{\"@type\":\"ListItem\",\"position\":1,\"name\":\"Home\",\"item\":\"https:\\\/\\\/fmc.ch\\\/\"},{\"@type\":\"ListItem\",\"position\":2,\"name\":\"10 Faktoren, welche die Integrierte Versorgung beeinflusst haben \u2013 und weiter weiterhin beeinflussen\"}]},{\"@type\":\"WebSite\",\"@id\":\"https:\\\/\\\/fmc.ch\\\/#website\",\"url\":\"https:\\\/\\\/fmc.ch\\\/\",\"name\":\"FMC\",\"description\":\"Schweizer Forum f\u00fcr Integrierte Versorgung\",\"publisher\":{\"@id\":\"https:\\\/\\\/fmc.ch\\\/#organization\"},\"potentialAction\":[{\"@type\":\"SearchAction\",\"target\":{\"@type\":\"EntryPoint\",\"urlTemplate\":\"https:\\\/\\\/fmc.ch\\\/?s={search_term_string}\"},\"query-input\":{\"@type\":\"PropertyValueSpecification\",\"valueRequired\":true,\"valueName\":\"search_term_string\"}}],\"inLanguage\":\"fr-FR\"},{\"@type\":\"Organization\",\"@id\":\"https:\\\/\\\/fmc.ch\\\/#organization\",\"name\":\"FMC\",\"url\":\"https:\\\/\\\/fmc.ch\\\/\",\"logo\":{\"@type\":\"ImageObject\",\"inLanguage\":\"fr-FR\",\"@id\":\"https:\\\/\\\/fmc.ch\\\/#\\\/schema\\\/logo\\\/image\\\/\",\"url\":\"https:\\\/\\\/fmc.ch\\\/wp-content\\\/uploads\\\/2023\\\/09\\\/fmc-logo.svg\",\"contentUrl\":\"https:\\\/\\\/fmc.ch\\\/wp-content\\\/uploads\\\/2023\\\/09\\\/fmc-logo.svg\",\"caption\":\"FMC\"},\"image\":{\"@id\":\"https:\\\/\\\/fmc.ch\\\/#\\\/schema\\\/logo\\\/image\\\/\"}},{\"@type\":\"Person\",\"@id\":\"https:\\\/\\\/fmc.ch\\\/#\\\/schema\\\/person\\\/3a7218d283691f8ef8cf410e4615e507\",\"name\":\"Nadja Blanchard\",\"image\":{\"@type\":\"ImageObject\",\"inLanguage\":\"fr-FR\",\"@id\":\"https:\\\/\\\/secure.gravatar.com\\\/avatar\\\/729fbcebbfccd7834565b1398470d6ea84a4f3e7525873a0cb368db99228ce7b?s=96&d=mm&r=g\",\"url\":\"https:\\\/\\\/secure.gravatar.com\\\/avatar\\\/729fbcebbfccd7834565b1398470d6ea84a4f3e7525873a0cb368db99228ce7b?s=96&d=mm&r=g\",\"contentUrl\":\"https:\\\/\\\/secure.gravatar.com\\\/avatar\\\/729fbcebbfccd7834565b1398470d6ea84a4f3e7525873a0cb368db99228ce7b?s=96&d=mm&r=g\",\"caption\":\"Nadja Blanchard\"},\"url\":\"https:\\\/\\\/fmc.ch\\\/fr\\\/author\\\/nadja-blanchardfmc-ch\\\/\"}]}<\/script>\n<!-- \/ Yoast SEO plugin. -->","yoast_head_json":{"title":"10 facteurs qui ont influenc\u00e9 - et continuent d'influencer - les soins int\u00e9gr\u00e9s FMC","description":"Quelle est l'influence, entre autres, de la fragmentation, de la compensation des risques ou des structures de financement sur les soins int\u00e9gr\u00e9s ?","robots":{"index":"index","follow":"follow","max-snippet":"max-snippet:-1","max-image-preview":"max-image-preview:large","max-video-preview":"max-video-preview:-1"},"canonical":"https:\/\/fmc.ch\/fr\/facteurs-dinfluence-sur-la-prise-en-charge-integree\/","og_locale":"fr_FR","og_type":"article","og_title":"10 Faktoren, welche die Integrierte Versorgung beeinflusst haben \u2013 und weiter weiterhin beeinflussen - FMC","og_description":"Welche Einfluss haben u.a. die Fragmentierung, der Risikoausgleich oder die Finanzierungsstrukturen auf die integrierte Versorgung.","og_url":"https:\/\/fmc.ch\/fr\/facteurs-dinfluence-sur-la-prise-en-charge-integree\/","og_site_name":"FMC","article_published_time":"2023-04-14T15:56:00+00:00","article_modified_time":"2025-11-27T15:55:02+00:00","og_image":[{"width":548,"height":528,"url":"https:\/\/fmc.ch\/wp-content\/uploads\/2023\/10\/Gespraech-Spycher-und-Mueller.jpg","type":"image\/jpeg"}],"author":"Nadja Blanchard","twitter_card":"summary_large_image","twitter_misc":{"\u00c9crit par":"Nadja Blanchard","Dur\u00e9e de lecture estim\u00e9e":"1 minute"},"schema":{"@context":"https:\/\/schema.org","@graph":[{"@type":"Article","@id":"https:\/\/fmc.ch\/einflussfaktoren-auf-die-integrierte-versorgung\/#article","isPartOf":{"@id":"https:\/\/fmc.ch\/einflussfaktoren-auf-die-integrierte-versorgung\/"},"author":{"name":"Nadja Blanchard","@id":"https:\/\/fmc.ch\/#\/schema\/person\/3a7218d283691f8ef8cf410e4615e507"},"headline":"10 Faktoren, welche die Integrierte Versorgung beeinflusst haben \u2013 und weiter weiterhin beeinflussen","datePublished":"2023-04-14T15:56:00+00:00","dateModified":"2025-11-27T15:55:02+00:00","mainEntityOfPage":{"@id":"https:\/\/fmc.ch\/einflussfaktoren-auf-die-integrierte-versorgung\/"},"wordCount":116,"publisher":{"@id":"https:\/\/fmc.ch\/#organization"},"image":{"@id":"https:\/\/fmc.ch\/einflussfaktoren-auf-die-integrierte-versorgung\/#primaryimage"},"thumbnailUrl":"https:\/\/fmc.ch\/wp-content\/uploads\/2023\/10\/Gespraech-Spycher-und-Mueller.jpg","articleSection":["Impulse"],"inLanguage":"fr-FR"},{"@type":"WebPage","@id":"https:\/\/fmc.ch\/einflussfaktoren-auf-die-integrierte-versorgung\/","url":"https:\/\/fmc.ch\/einflussfaktoren-auf-die-integrierte-versorgung\/","name":"10 facteurs qui ont influenc\u00e9 - et continuent d'influencer - les soins int\u00e9gr\u00e9s FMC","isPartOf":{"@id":"https:\/\/fmc.ch\/#website"},"primaryImageOfPage":{"@id":"https:\/\/fmc.ch\/einflussfaktoren-auf-die-integrierte-versorgung\/#primaryimage"},"image":{"@id":"https:\/\/fmc.ch\/einflussfaktoren-auf-die-integrierte-versorgung\/#primaryimage"},"thumbnailUrl":"https:\/\/fmc.ch\/wp-content\/uploads\/2023\/10\/Gespraech-Spycher-und-Mueller.jpg","datePublished":"2023-04-14T15:56:00+00:00","dateModified":"2025-11-27T15:55:02+00:00","description":"Quelle est l'influence, entre autres, de la fragmentation, de la compensation des risques ou des structures de financement sur les soins int\u00e9gr\u00e9s ?","breadcrumb":{"@id":"https:\/\/fmc.ch\/einflussfaktoren-auf-die-integrierte-versorgung\/#breadcrumb"},"inLanguage":"fr-FR","potentialAction":[{"@type":"ReadAction","target":["https:\/\/fmc.ch\/einflussfaktoren-auf-die-integrierte-versorgung\/"]}]},{"@type":"ImageObject","inLanguage":"fr-FR","@id":"https:\/\/fmc.ch\/einflussfaktoren-auf-die-integrierte-versorgung\/#primaryimage","url":"https:\/\/fmc.ch\/wp-content\/uploads\/2023\/10\/Gespraech-Spycher-und-Mueller.jpg","contentUrl":"https:\/\/fmc.ch\/wp-content\/uploads\/2023\/10\/Gespraech-Spycher-und-Mueller.jpg","width":548,"height":528},{"@type":"BreadcrumbList","@id":"https:\/\/fmc.ch\/einflussfaktoren-auf-die-integrierte-versorgung\/#breadcrumb","itemListElement":[{"@type":"ListItem","position":1,"name":"Home","item":"https:\/\/fmc.ch\/"},{"@type":"ListItem","position":2,"name":"10 Faktoren, welche die Integrierte Versorgung beeinflusst haben \u2013 und weiter weiterhin beeinflussen"}]},{"@type":"WebSite","@id":"https:\/\/fmc.ch\/#website","url":"https:\/\/fmc.ch\/","name":"FMC","description":"Forum suisse des soins int\u00e9gr\u00e9s","publisher":{"@id":"https:\/\/fmc.ch\/#organization"},"potentialAction":[{"@type":"SearchAction","target":{"@type":"EntryPoint","urlTemplate":"https:\/\/fmc.ch\/?s={search_term_string}"},"query-input":{"@type":"PropertyValueSpecification","valueRequired":true,"valueName":"search_term_string"}}],"inLanguage":"fr-FR"},{"@type":"Organization","@id":"https:\/\/fmc.ch\/#organization","name":"FMC","url":"https:\/\/fmc.ch\/","logo":{"@type":"ImageObject","inLanguage":"fr-FR","@id":"https:\/\/fmc.ch\/#\/schema\/logo\/image\/","url":"https:\/\/fmc.ch\/wp-content\/uploads\/2023\/09\/fmc-logo.svg","contentUrl":"https:\/\/fmc.ch\/wp-content\/uploads\/2023\/09\/fmc-logo.svg","caption":"FMC"},"image":{"@id":"https:\/\/fmc.ch\/#\/schema\/logo\/image\/"}},{"@type":"Person","@id":"https:\/\/fmc.ch\/#\/schema\/person\/3a7218d283691f8ef8cf410e4615e507","name":"Nadja Blanchard","image":{"@type":"ImageObject","inLanguage":"fr-FR","@id":"https:\/\/secure.gravatar.com\/avatar\/729fbcebbfccd7834565b1398470d6ea84a4f3e7525873a0cb368db99228ce7b?s=96&d=mm&r=g","url":"https:\/\/secure.gravatar.com\/avatar\/729fbcebbfccd7834565b1398470d6ea84a4f3e7525873a0cb368db99228ce7b?s=96&d=mm&r=g","contentUrl":"https:\/\/secure.gravatar.com\/avatar\/729fbcebbfccd7834565b1398470d6ea84a4f3e7525873a0cb368db99228ce7b?s=96&d=mm&r=g","caption":"Nadja Blanchard"},"url":"https:\/\/fmc.ch\/fr\/author\/nadja-blanchardfmc-ch\/"}]}},"_links":{"self":[{"href":"https:\/\/fmc.ch\/fr\/wp-json\/wp\/v2\/posts\/1662","targetHints":{"allow":["GET"]}}],"collection":[{"href":"https:\/\/fmc.ch\/fr\/wp-json\/wp\/v2\/posts"}],"about":[{"href":"https:\/\/fmc.ch\/fr\/wp-json\/wp\/v2\/types\/post"}],"author":[{"embeddable":true,"href":"https:\/\/fmc.ch\/fr\/wp-json\/wp\/v2\/users\/2"}],"replies":[{"embeddable":true,"href":"https:\/\/fmc.ch\/fr\/wp-json\/wp\/v2\/comments?post=1662"}],"version-history":[{"count":4,"href":"https:\/\/fmc.ch\/fr\/wp-json\/wp\/v2\/posts\/1662\/revisions"}],"predecessor-version":[{"id":12149,"href":"https:\/\/fmc.ch\/fr\/wp-json\/wp\/v2\/posts\/1662\/revisions\/12149"}],"wp:featuredmedia":[{"embeddable":true,"href":"https:\/\/fmc.ch\/fr\/wp-json\/wp\/v2\/media\/1663"}],"wp:attachment":[{"href":"https:\/\/fmc.ch\/fr\/wp-json\/wp\/v2\/media?parent=1662"}],"wp:term":[{"taxonomy":"strategie","embeddable":true,"href":"https:\/\/fmc.ch\/fr\/wp-json\/wp\/v2\/strategie?post=1662"},{"taxonomy":"thema","embeddable":true,"href":"https:\/\/fmc.ch\/fr\/wp-json\/wp\/v2\/thema?post=1662"},{"taxonomy":"format","embeddable":true,"href":"https:\/\/fmc.ch\/fr\/wp-json\/wp\/v2\/format?post=1662"}],"curies":[{"name":"wp","href":"https:\/\/api.w.org\/{rel}","templated":true}]}}