{"id":16407,"date":"2025-08-29T15:26:09","date_gmt":"2025-08-29T14:26:09","guid":{"rendered":"https:\/\/fmc.ch\/?p=16407"},"modified":"2025-10-24T15:08:48","modified_gmt":"2025-10-24T14:08:48","slug":"focus-sur-les-advanced-practice-nurses-apn","status":"publish","type":"post","link":"https:\/\/fmc.ch\/fr\/fokus-auf-advanced-practice-nurses-apn\/","title":{"rendered":"Focus sur les infirmi\u00e8res de pratique avanc\u00e9e (IPA) - un document de base"},"content":{"rendered":"<div data-elementor-type=\"wp-post\" data-elementor-id=\"16407\" class=\"elementor elementor-16407\" data-elementor-post-type=\"post\">\n\t\t\t\t<div class=\"elementor-element elementor-element-062316f e-flex e-con-boxed e-con e-parent\" data-id=\"062316f\" data-element_type=\"container\" data-e-type=\"container\">\n\t\t\t\t\t<div class=\"e-con-inner\">\n\t\t\t\t<div class=\"elementor-element elementor-element-76acd7a elementor-widget elementor-widget-text-editor\" data-id=\"76acd7a\" data-element_type=\"widget\" data-e-type=\"widget\" data-widget_type=\"text-editor.default\">\n\t\t\t\t<div class=\"elementor-widget-container\">\n\t\t\t\t\t\t\t\t\t<p>L'Acad\u00e9mie Suisse des Sciences M\u00e9dicales (ASSM) a charg\u00e9 le Prof. Dr Urs Br\u00fcgger de r\u00e9diger un document de base sur les dipl\u00f4mes de formation, les comp\u00e9tences et les champs d'activit\u00e9 des professions de la sant\u00e9 - en se concentrant sur <strong>Infirmi\u00e8res de pratique avanc\u00e9e (IPA)<\/strong> - de l'ann\u00e9e derni\u00e8re. Le contexte est la deuxi\u00e8me \u00e9tape de l'initiative sur les soins infirmiers et la question de savoir comment les APN doivent \u00eatre ancr\u00e9s en Suisse sur le plan juridique, de la politique de formation et de l'offre de soins. L'objectif du rapport est d'apporter des \u00e9claircissements sur les voies de formation, les profils professionnels et les \u00e9tapes r\u00e9glementaires n\u00e9cessaires pour \u00e9tablir les APN en tant que prestataires de soins autonomes et renforcer ainsi la s\u00e9curit\u00e9 des soins \u00e0 long terme.<\/p><p>Dans de nombreux syst\u00e8mes de sant\u00e9, les infirmi\u00e8res de pratique avanc\u00e9e (IPA) jouent un r\u00f4le cl\u00e9 dans le renforcement de la qualit\u00e9 des soins, de la s\u00e9curit\u00e9 des patients et de l'efficacit\u00e9. En Suisse aussi, le potentiel d'utilisation des APN augmente - en particulier face \u00e0 la p\u00e9nurie de personnel qualifi\u00e9 et \u00e0 la complexit\u00e9 croissante des soins.<\/p><p>\u00a0<\/p><p>Pour que les APN puissent d\u00e9ployer leurs effets, des adaptations sont n\u00e9cessaires au niveau de la formation, de la profession et du syst\u00e8me. Les principaux domaines d'action suivants ont \u00e9t\u00e9 identifi\u00e9s :<\/p><ul><li>Formation - La formation APN actuelle n'est pas encore r\u00e9glement\u00e9e de mani\u00e8re uniforme.<\/li><li>Exercice de la profession - Les APN se heurtent souvent \u00e0 des limites juridiques et organisationnelles dans leur travail quotidien.<\/li><li><p>Reconnaissance LAMal en tant que fournisseur de prestations - Pour que les APN puissent fournir de mani\u00e8re autonome des prestations \u00e0 la charge de l'assurance obligatoire des soins (AOS\/LAMal), leur reconnaissance en tant que fournisseur de prestations dans la LAMal est imp\u00e9rative.<\/p><\/li><li><p>Tarification - Le syst\u00e8me de tarification actuel ne tient gu\u00e8re compte du r\u00f4le et des activit\u00e9s des APN.<\/p><\/li><\/ul><p>\u00a0<\/p><p>La Suisse est confront\u00e9e \u00e0 l'opportunit\u00e9 d'\u00e9tablir de mani\u00e8re cibl\u00e9e les APN en tant que nouveaux prestataires de services. Pour ce faire, il faut non seulement des adaptations de la formation, mais surtout une <strong>un ancrage l\u00e9gal clair dans la LFSP<\/strong>qui <strong>Reconnaissance dans la LAMal<\/strong> et enfin une <strong>Tarification par les partenaires tarifaires<\/strong>. Cette approche en trois \u00e9tapes permet de r\u00e9duire les interruptions et les lacunes de l'approvisionnement, d'augmenter l'attractivit\u00e9 de la profession et d'assurer les soins de sant\u00e9 \u00e0 long terme.<\/p>\t\t\t\t\t\t\t\t<\/div>\n\t\t\t\t<\/div>\n\t\t\t\t<div class=\"elementor-element elementor-element-4fb61c8 elementor-widget elementor-widget-shortcode\" data-id=\"4fb61c8\" data-element_type=\"widget\" data-e-type=\"widget\" data-widget_type=\"shortcode.default\">\n\t\t\t\t<div class=\"elementor-widget-container\">\n\t\t\t\t\t\t\t<div class=\"elementor-shortcode\"><div class=\"_df_book df-lite\" id=\"df_16414\"  _slug=\"artikel-und-studien_fokus-apn-2025_bruegger\" data-title=\"artikel-und-studien_fokus-apn-2025_bruegger\" wpoptions=\"true\" thumbtype=\"\" ><\/div><script class=\"df-shortcode-script\" nowprocket type=\"application\/javascript\">window.option_df_16414 = {\"outline\":[],\"backgroundColor\":\"#f1f1f1\",\"height\":\"700\",\"autoEnableOutline\":\"false\",\"autoEnableThumbnail\":\"false\",\"overwritePDFOutline\":\"false\",\"direction\":\"1\",\"pageSize\":\"0\",\"source\":\"https:\\\/\\\/fmc.ch\\\/wp-content\\\/uploads\\\/2025\\\/08\\\/Artikel-und-Studien_Fokus-APN-2025_bruegger.pdf\",\"wpOptions\":\"true\"}; if(window.DFLIP && window.DFLIP.parseBooks){window.DFLIP.parseBooks();}<\/script><\/div>\n\t\t\t\t\t\t<\/div>\n\t\t\t\t<\/div>\n\t\t\t\t<div class=\"elementor-element elementor-element-58215f4 elementor-widget elementor-widget-button\" data-id=\"58215f4\" data-element_type=\"widget\" data-e-type=\"widget\" data-widget_type=\"button.default\">\n\t\t\t\t<div class=\"elementor-widget-container\">\n\t\t\t\t\t\t\t\t\t<div class=\"elementor-button-wrapper\">\n\t\t\t\t\t<a class=\"elementor-button elementor-button-link elementor-size-sm\" href=\"https:\/\/fmc.ch\/wp-content\/uploads\/2025\/08\/Artikel-und-Studien_Fokus-APN-2025_bruegger.pdf\" target=\"_blank\">\n\t\t\t\t\t\t<span class=\"elementor-button-content-wrapper\">\n\t\t\t\t\t\t\t\t\t<span class=\"elementor-button-text\">T\u00e9l\u00e9charger le document de base<\/span>\n\t\t\t\t\t<\/span>\n\t\t\t\t\t<\/a>\n\t\t\t\t<\/div>\n\t\t\t\t\t\t\t\t<\/div>\n\t\t\t\t<\/div>\n\t\t\t\t\t<\/div>\n\t\t\t\t<\/div>\n\t\t<div class=\"elementor-element elementor-element-a7f2862 e-flex e-con-boxed e-con e-parent\" data-id=\"a7f2862\" data-element_type=\"container\" data-e-type=\"container\">\n\t\t\t\t\t<div class=\"e-con-inner\">\n\t\t\t\t<div class=\"elementor-element elementor-element-8ded9ec elementor-widget-divider--view-line elementor-widget elementor-widget-divider\" data-id=\"8ded9ec\" data-element_type=\"widget\" data-e-type=\"widget\" data-widget_type=\"divider.default\">\n\t\t\t\t<div class=\"elementor-widget-container\">\n\t\t\t\t\t\t\t<div class=\"elementor-divider\">\n\t\t\t<span class=\"elementor-divider-separator\">\n\t\t\t\t\t\t<\/span>\n\t\t<\/div>\n\t\t\t\t\t\t<\/div>\n\t\t\t\t<\/div>\n\t\t\t\t\t<\/div>\n\t\t\t\t<\/div>\n\t\t<div class=\"elementor-element elementor-element-1ed76de e-flex e-con-boxed e-con e-parent\" data-id=\"1ed76de\" data-element_type=\"container\" data-e-type=\"container\">\n\t\t\t\t\t<div class=\"e-con-inner\">\n\t\t\t\t<div class=\"elementor-element elementor-element-1eb62ec elementor-widget elementor-widget-heading\" data-id=\"1eb62ec\" data-element_type=\"widget\" data-e-type=\"widget\" data-widget_type=\"heading.default\">\n\t\t\t\t<div class=\"elementor-widget-container\">\n\t\t\t\t\t<h2 class=\"elementor-heading-title elementor-size-default\">Plus d'articles sur l'APN<\/h2>\t\t\t\t<\/div>\n\t\t\t\t<\/div>\n\t\t\t\t\t<\/div>\n\t\t\t\t<\/div>\n\t\t<div class=\"elementor-element elementor-element-8a60580 e-flex e-con-boxed e-con e-parent\" data-id=\"8a60580\" data-element_type=\"container\" data-e-type=\"container\">\n\t\t\t\t\t<div class=\"e-con-inner\">\n\t\t\t\t<div class=\"elementor-element elementor-element-f9e2a9c elementor-widget elementor-widget-text-editor\" data-id=\"f9e2a9c\" data-element_type=\"widget\" data-e-type=\"widget\" data-widget_type=\"text-editor.default\">\n\t\t\t\t<div class=\"elementor-widget-container\">\n\t\t\t\t\t\t\t\t\t<ul><li><p class=\"elementor-heading-title elementor-size-default\"><a href=\"https:\/\/fmc.ch\/fr\/lintegration-de-la-profession-dinfirmierere-praticienne-dans-les-soins-de-base-ambulatoires\/\" target=\"_blank\" rel=\"noopener\">L'int\u00e9gration de la profession d'infirmier(\u00e8re) praticien(ne) dans les soins de base ambulatoires<\/a><\/p><\/li><li><p class=\"elementor-heading-title elementor-size-default\"><a href=\"https:\/\/fmc.ch\/fr\/recommandation-pour-une-description-unifiee-des-postes-dapn-dans-les-cabinets-de-medecine-generale\/\" target=\"_blank\" rel=\"noopener\">Recommandation pour une description de poste unifi\u00e9e des APN dans les cabinets de m\u00e9decine g\u00e9n\u00e9rale<\/a><\/p><\/li><\/ul>\t\t\t\t\t\t\t\t<\/div>\n\t\t\t\t<\/div>\n\t\t\t\t\t<\/div>\n\t\t\t\t<\/div>\n\t\t\t\t<\/div>","protected":false},"excerpt":{"rendered":"<p>Focus sur les infirmi\u00e8res de pratique avanc\u00e9e (IPA) - un document de base<\/p>","protected":false},"author":2,"featured_media":16408,"comment_status":"closed","ping_status":"closed","sticky":false,"template":"","format":[149,139],"meta":{"footnotes":""},"strategie":[156],"thema":[152],"class_list":["post-16407","post","type-post","status-publish","format-standard","has-post-thumbnail","hentry","strategie-zusammenarbeit","thema-interprofessionelle-zusammenarbeit","format-artikel-und-studien","format-publikation"],"yoast_head":"<!-- This site is optimized with the Yoast SEO plugin v27.5 - https:\/\/yoast.com\/product\/yoast-seo-wordpress\/ -->\n<title>Fokus auf Advanced Practice Nurses (APN) - ein Grundlagenpapier - FMC<\/title>\n<meta name=\"description\" content=\"Die Schweizerische Akademie der Medizinischen Wissenschaften (SAMW) hat Prof. Dr. Urs Br\u00fcgger beauftragt, ein Grundlagenpapier zu den Bildungsabschl\u00fcssen, Kompetenzen und T\u00e4tigkeitsfeldern der Gesundheitsberufe \u2013 mit Fokus auf Advanced Practice Nurses (APN) \u2013 zu erstellen.\" \/>\n<meta name=\"robots\" content=\"index, follow, max-snippet:-1, max-image-preview:large, max-video-preview:-1\" \/>\n<link rel=\"canonical\" href=\"https:\/\/fmc.ch\/fr\/focus-sur-les-advanced-practice-nurses-apn\/\" \/>\n<meta property=\"og:locale\" content=\"fr_FR\" \/>\n<meta property=\"og:type\" content=\"article\" \/>\n<meta property=\"og:title\" content=\"Fokus auf Advanced Practice Nurses (APN) - ein Grundlagenpapier - FMC\" \/>\n<meta property=\"og:description\" content=\"Die Schweizerische Akademie der Medizinischen Wissenschaften (SAMW) hat Prof. Dr. Urs Br\u00fcgger beauftragt, ein Grundlagenpapier zu den Bildungsabschl\u00fcssen, Kompetenzen und T\u00e4tigkeitsfeldern der Gesundheitsberufe \u2013 mit Fokus auf Advanced Practice Nurses (APN) \u2013 zu erstellen.\" \/>\n<meta property=\"og:url\" content=\"https:\/\/fmc.ch\/fr\/focus-sur-les-advanced-practice-nurses-apn\/\" \/>\n<meta property=\"og:site_name\" content=\"FMC\" \/>\n<meta property=\"article:published_time\" content=\"2025-08-29T14:26:09+00:00\" \/>\n<meta property=\"article:modified_time\" content=\"2025-10-24T14:08:48+00:00\" \/>\n<meta property=\"og:image\" content=\"https:\/\/fmc.ch\/wp-content\/uploads\/2025\/08\/Artikel-und-Studien_Fokus-APN.png\" \/>\n\t<meta property=\"og:image:width\" content=\"510\" \/>\n\t<meta property=\"og:image:height\" content=\"506\" \/>\n\t<meta property=\"og:image:type\" content=\"image\/png\" \/>\n<meta name=\"author\" content=\"Nadja Blanchard\" \/>\n<meta name=\"twitter:card\" content=\"summary_large_image\" \/>\n<meta name=\"twitter:label1\" content=\"\u00c9crit par\" \/>\n\t<meta name=\"twitter:data1\" content=\"Nadja Blanchard\" \/>\n\t<meta name=\"twitter:label2\" content=\"Dur\u00e9e de lecture estim\u00e9e\" \/>\n\t<meta name=\"twitter:data2\" content=\"2 minutes\" \/>\n<script type=\"application\/ld+json\" class=\"yoast-schema-graph\">{\"@context\":\"https:\\\/\\\/schema.org\",\"@graph\":[{\"@type\":\"Article\",\"@id\":\"https:\\\/\\\/fmc.ch\\\/fokus-auf-advanced-practice-nurses-apn\\\/#article\",\"isPartOf\":{\"@id\":\"https:\\\/\\\/fmc.ch\\\/fokus-auf-advanced-practice-nurses-apn\\\/\"},\"author\":{\"name\":\"Nadja Blanchard\",\"@id\":\"https:\\\/\\\/fmc.ch\\\/#\\\/schema\\\/person\\\/3a7218d283691f8ef8cf410e4615e507\"},\"headline\":\"Fokus auf Advanced Practice Nurses (APN) &#8211; ein Grundlagenpapier\",\"datePublished\":\"2025-08-29T14:26:09+00:00\",\"dateModified\":\"2025-10-24T14:08:48+00:00\",\"mainEntityOfPage\":{\"@id\":\"https:\\\/\\\/fmc.ch\\\/fokus-auf-advanced-practice-nurses-apn\\\/\"},\"wordCount\":324,\"publisher\":{\"@id\":\"https:\\\/\\\/fmc.ch\\\/#organization\"},\"image\":{\"@id\":\"https:\\\/\\\/fmc.ch\\\/fokus-auf-advanced-practice-nurses-apn\\\/#primaryimage\"},\"thumbnailUrl\":\"https:\\\/\\\/fmc.ch\\\/wp-content\\\/uploads\\\/2025\\\/08\\\/Artikel-und-Studien_Fokus-APN.png\",\"articleSection\":[\"Artikel und Studien\"],\"inLanguage\":\"fr-FR\"},{\"@type\":\"WebPage\",\"@id\":\"https:\\\/\\\/fmc.ch\\\/fokus-auf-advanced-practice-nurses-apn\\\/\",\"url\":\"https:\\\/\\\/fmc.ch\\\/fokus-auf-advanced-practice-nurses-apn\\\/\",\"name\":\"Fokus auf Advanced Practice Nurses (APN) - ein Grundlagenpapier - FMC\",\"isPartOf\":{\"@id\":\"https:\\\/\\\/fmc.ch\\\/#website\"},\"primaryImageOfPage\":{\"@id\":\"https:\\\/\\\/fmc.ch\\\/fokus-auf-advanced-practice-nurses-apn\\\/#primaryimage\"},\"image\":{\"@id\":\"https:\\\/\\\/fmc.ch\\\/fokus-auf-advanced-practice-nurses-apn\\\/#primaryimage\"},\"thumbnailUrl\":\"https:\\\/\\\/fmc.ch\\\/wp-content\\\/uploads\\\/2025\\\/08\\\/Artikel-und-Studien_Fokus-APN.png\",\"datePublished\":\"2025-08-29T14:26:09+00:00\",\"dateModified\":\"2025-10-24T14:08:48+00:00\",\"description\":\"Die Schweizerische Akademie der Medizinischen Wissenschaften (SAMW) hat Prof. Dr. Urs Br\u00fcgger beauftragt, ein Grundlagenpapier zu den Bildungsabschl\u00fcssen, Kompetenzen und T\u00e4tigkeitsfeldern der Gesundheitsberufe \u2013 mit Fokus auf Advanced Practice Nurses (APN) \u2013 zu erstellen.\",\"breadcrumb\":{\"@id\":\"https:\\\/\\\/fmc.ch\\\/fokus-auf-advanced-practice-nurses-apn\\\/#breadcrumb\"},\"inLanguage\":\"fr-FR\",\"potentialAction\":[{\"@type\":\"ReadAction\",\"target\":[\"https:\\\/\\\/fmc.ch\\\/fokus-auf-advanced-practice-nurses-apn\\\/\"]}]},{\"@type\":\"ImageObject\",\"inLanguage\":\"fr-FR\",\"@id\":\"https:\\\/\\\/fmc.ch\\\/fokus-auf-advanced-practice-nurses-apn\\\/#primaryimage\",\"url\":\"https:\\\/\\\/fmc.ch\\\/wp-content\\\/uploads\\\/2025\\\/08\\\/Artikel-und-Studien_Fokus-APN.png\",\"contentUrl\":\"https:\\\/\\\/fmc.ch\\\/wp-content\\\/uploads\\\/2025\\\/08\\\/Artikel-und-Studien_Fokus-APN.png\",\"width\":510,\"height\":506},{\"@type\":\"BreadcrumbList\",\"@id\":\"https:\\\/\\\/fmc.ch\\\/fokus-auf-advanced-practice-nurses-apn\\\/#breadcrumb\",\"itemListElement\":[{\"@type\":\"ListItem\",\"position\":1,\"name\":\"Home\",\"item\":\"https:\\\/\\\/fmc.ch\\\/\"},{\"@type\":\"ListItem\",\"position\":2,\"name\":\"Fokus auf Advanced Practice Nurses (APN) &#8211; ein Grundlagenpapier\"}]},{\"@type\":\"WebSite\",\"@id\":\"https:\\\/\\\/fmc.ch\\\/#website\",\"url\":\"https:\\\/\\\/fmc.ch\\\/\",\"name\":\"FMC\",\"description\":\"Schweizer Forum f\u00fcr Integrierte Versorgung\",\"publisher\":{\"@id\":\"https:\\\/\\\/fmc.ch\\\/#organization\"},\"potentialAction\":[{\"@type\":\"SearchAction\",\"target\":{\"@type\":\"EntryPoint\",\"urlTemplate\":\"https:\\\/\\\/fmc.ch\\\/?s={search_term_string}\"},\"query-input\":{\"@type\":\"PropertyValueSpecification\",\"valueRequired\":true,\"valueName\":\"search_term_string\"}}],\"inLanguage\":\"fr-FR\"},{\"@type\":\"Organization\",\"@id\":\"https:\\\/\\\/fmc.ch\\\/#organization\",\"name\":\"FMC\",\"url\":\"https:\\\/\\\/fmc.ch\\\/\",\"logo\":{\"@type\":\"ImageObject\",\"inLanguage\":\"fr-FR\",\"@id\":\"https:\\\/\\\/fmc.ch\\\/#\\\/schema\\\/logo\\\/image\\\/\",\"url\":\"https:\\\/\\\/fmc.ch\\\/wp-content\\\/uploads\\\/2023\\\/09\\\/fmc-logo.svg\",\"contentUrl\":\"https:\\\/\\\/fmc.ch\\\/wp-content\\\/uploads\\\/2023\\\/09\\\/fmc-logo.svg\",\"caption\":\"FMC\"},\"image\":{\"@id\":\"https:\\\/\\\/fmc.ch\\\/#\\\/schema\\\/logo\\\/image\\\/\"}},{\"@type\":\"Person\",\"@id\":\"https:\\\/\\\/fmc.ch\\\/#\\\/schema\\\/person\\\/3a7218d283691f8ef8cf410e4615e507\",\"name\":\"Nadja Blanchard\",\"image\":{\"@type\":\"ImageObject\",\"inLanguage\":\"fr-FR\",\"@id\":\"https:\\\/\\\/secure.gravatar.com\\\/avatar\\\/729fbcebbfccd7834565b1398470d6ea84a4f3e7525873a0cb368db99228ce7b?s=96&d=mm&r=g\",\"url\":\"https:\\\/\\\/secure.gravatar.com\\\/avatar\\\/729fbcebbfccd7834565b1398470d6ea84a4f3e7525873a0cb368db99228ce7b?s=96&d=mm&r=g\",\"contentUrl\":\"https:\\\/\\\/secure.gravatar.com\\\/avatar\\\/729fbcebbfccd7834565b1398470d6ea84a4f3e7525873a0cb368db99228ce7b?s=96&d=mm&r=g\",\"caption\":\"Nadja Blanchard\"},\"url\":\"https:\\\/\\\/fmc.ch\\\/fr\\\/author\\\/nadja-blanchardfmc-ch\\\/\"}]}<\/script>\n<!-- \/ Yoast SEO plugin. -->","yoast_head_json":{"title":"Focus sur les infirmi\u00e8res de pratique avanc\u00e9e (IPA) - un document de base - FMC","description":"L'Acad\u00e9mie Suisse des Sciences M\u00e9dicales (ASSM) a charg\u00e9 le Prof. Dr Urs Br\u00fcgger de r\u00e9diger un document de base sur les dipl\u00f4mes de formation, les comp\u00e9tences et les champs d'activit\u00e9 des professions de la sant\u00e9 - en mettant l'accent sur les Advanced Practice Nurses (APN).","robots":{"index":"index","follow":"follow","max-snippet":"max-snippet:-1","max-image-preview":"max-image-preview:large","max-video-preview":"max-video-preview:-1"},"canonical":"https:\/\/fmc.ch\/fr\/focus-sur-les-advanced-practice-nurses-apn\/","og_locale":"fr_FR","og_type":"article","og_title":"Fokus auf Advanced Practice Nurses (APN) - ein Grundlagenpapier - FMC","og_description":"Die Schweizerische Akademie der Medizinischen Wissenschaften (SAMW) hat Prof. Dr. Urs Br\u00fcgger beauftragt, ein Grundlagenpapier zu den Bildungsabschl\u00fcssen, Kompetenzen und T\u00e4tigkeitsfeldern der Gesundheitsberufe \u2013 mit Fokus auf Advanced Practice Nurses (APN) \u2013 zu erstellen.","og_url":"https:\/\/fmc.ch\/fr\/focus-sur-les-advanced-practice-nurses-apn\/","og_site_name":"FMC","article_published_time":"2025-08-29T14:26:09+00:00","article_modified_time":"2025-10-24T14:08:48+00:00","og_image":[{"width":510,"height":506,"url":"https:\/\/fmc.ch\/wp-content\/uploads\/2025\/08\/Artikel-und-Studien_Fokus-APN.png","type":"image\/png"}],"author":"Nadja Blanchard","twitter_card":"summary_large_image","twitter_misc":{"\u00c9crit par":"Nadja Blanchard","Dur\u00e9e de lecture estim\u00e9e":"2 minutes"},"schema":{"@context":"https:\/\/schema.org","@graph":[{"@type":"Article","@id":"https:\/\/fmc.ch\/fokus-auf-advanced-practice-nurses-apn\/#article","isPartOf":{"@id":"https:\/\/fmc.ch\/fokus-auf-advanced-practice-nurses-apn\/"},"author":{"name":"Nadja Blanchard","@id":"https:\/\/fmc.ch\/#\/schema\/person\/3a7218d283691f8ef8cf410e4615e507"},"headline":"Fokus auf Advanced Practice Nurses (APN) &#8211; ein Grundlagenpapier","datePublished":"2025-08-29T14:26:09+00:00","dateModified":"2025-10-24T14:08:48+00:00","mainEntityOfPage":{"@id":"https:\/\/fmc.ch\/fokus-auf-advanced-practice-nurses-apn\/"},"wordCount":324,"publisher":{"@id":"https:\/\/fmc.ch\/#organization"},"image":{"@id":"https:\/\/fmc.ch\/fokus-auf-advanced-practice-nurses-apn\/#primaryimage"},"thumbnailUrl":"https:\/\/fmc.ch\/wp-content\/uploads\/2025\/08\/Artikel-und-Studien_Fokus-APN.png","articleSection":["Artikel und Studien"],"inLanguage":"fr-FR"},{"@type":"WebPage","@id":"https:\/\/fmc.ch\/fokus-auf-advanced-practice-nurses-apn\/","url":"https:\/\/fmc.ch\/fokus-auf-advanced-practice-nurses-apn\/","name":"Focus sur les infirmi\u00e8res de pratique avanc\u00e9e (IPA) - un document de base - FMC","isPartOf":{"@id":"https:\/\/fmc.ch\/#website"},"primaryImageOfPage":{"@id":"https:\/\/fmc.ch\/fokus-auf-advanced-practice-nurses-apn\/#primaryimage"},"image":{"@id":"https:\/\/fmc.ch\/fokus-auf-advanced-practice-nurses-apn\/#primaryimage"},"thumbnailUrl":"https:\/\/fmc.ch\/wp-content\/uploads\/2025\/08\/Artikel-und-Studien_Fokus-APN.png","datePublished":"2025-08-29T14:26:09+00:00","dateModified":"2025-10-24T14:08:48+00:00","description":"L'Acad\u00e9mie Suisse des Sciences M\u00e9dicales (ASSM) a charg\u00e9 le Prof. Dr Urs Br\u00fcgger de r\u00e9diger un document de base sur les dipl\u00f4mes de formation, les comp\u00e9tences et les champs d'activit\u00e9 des professions de la sant\u00e9 - en mettant l'accent sur les Advanced Practice Nurses (APN).","breadcrumb":{"@id":"https:\/\/fmc.ch\/fokus-auf-advanced-practice-nurses-apn\/#breadcrumb"},"inLanguage":"fr-FR","potentialAction":[{"@type":"ReadAction","target":["https:\/\/fmc.ch\/fokus-auf-advanced-practice-nurses-apn\/"]}]},{"@type":"ImageObject","inLanguage":"fr-FR","@id":"https:\/\/fmc.ch\/fokus-auf-advanced-practice-nurses-apn\/#primaryimage","url":"https:\/\/fmc.ch\/wp-content\/uploads\/2025\/08\/Artikel-und-Studien_Fokus-APN.png","contentUrl":"https:\/\/fmc.ch\/wp-content\/uploads\/2025\/08\/Artikel-und-Studien_Fokus-APN.png","width":510,"height":506},{"@type":"BreadcrumbList","@id":"https:\/\/fmc.ch\/fokus-auf-advanced-practice-nurses-apn\/#breadcrumb","itemListElement":[{"@type":"ListItem","position":1,"name":"Home","item":"https:\/\/fmc.ch\/"},{"@type":"ListItem","position":2,"name":"Fokus auf Advanced Practice Nurses (APN) &#8211; ein Grundlagenpapier"}]},{"@type":"WebSite","@id":"https:\/\/fmc.ch\/#website","url":"https:\/\/fmc.ch\/","name":"FMC","description":"Forum suisse des soins int\u00e9gr\u00e9s","publisher":{"@id":"https:\/\/fmc.ch\/#organization"},"potentialAction":[{"@type":"SearchAction","target":{"@type":"EntryPoint","urlTemplate":"https:\/\/fmc.ch\/?s={search_term_string}"},"query-input":{"@type":"PropertyValueSpecification","valueRequired":true,"valueName":"search_term_string"}}],"inLanguage":"fr-FR"},{"@type":"Organization","@id":"https:\/\/fmc.ch\/#organization","name":"FMC","url":"https:\/\/fmc.ch\/","logo":{"@type":"ImageObject","inLanguage":"fr-FR","@id":"https:\/\/fmc.ch\/#\/schema\/logo\/image\/","url":"https:\/\/fmc.ch\/wp-content\/uploads\/2023\/09\/fmc-logo.svg","contentUrl":"https:\/\/fmc.ch\/wp-content\/uploads\/2023\/09\/fmc-logo.svg","caption":"FMC"},"image":{"@id":"https:\/\/fmc.ch\/#\/schema\/logo\/image\/"}},{"@type":"Person","@id":"https:\/\/fmc.ch\/#\/schema\/person\/3a7218d283691f8ef8cf410e4615e507","name":"Nadja Blanchard","image":{"@type":"ImageObject","inLanguage":"fr-FR","@id":"https:\/\/secure.gravatar.com\/avatar\/729fbcebbfccd7834565b1398470d6ea84a4f3e7525873a0cb368db99228ce7b?s=96&d=mm&r=g","url":"https:\/\/secure.gravatar.com\/avatar\/729fbcebbfccd7834565b1398470d6ea84a4f3e7525873a0cb368db99228ce7b?s=96&d=mm&r=g","contentUrl":"https:\/\/secure.gravatar.com\/avatar\/729fbcebbfccd7834565b1398470d6ea84a4f3e7525873a0cb368db99228ce7b?s=96&d=mm&r=g","caption":"Nadja Blanchard"},"url":"https:\/\/fmc.ch\/fr\/author\/nadja-blanchardfmc-ch\/"}]}},"_links":{"self":[{"href":"https:\/\/fmc.ch\/fr\/wp-json\/wp\/v2\/posts\/16407","targetHints":{"allow":["GET"]}}],"collection":[{"href":"https:\/\/fmc.ch\/fr\/wp-json\/wp\/v2\/posts"}],"about":[{"href":"https:\/\/fmc.ch\/fr\/wp-json\/wp\/v2\/types\/post"}],"author":[{"embeddable":true,"href":"https:\/\/fmc.ch\/fr\/wp-json\/wp\/v2\/users\/2"}],"replies":[{"embeddable":true,"href":"https:\/\/fmc.ch\/fr\/wp-json\/wp\/v2\/comments?post=16407"}],"version-history":[{"count":16,"href":"https:\/\/fmc.ch\/fr\/wp-json\/wp\/v2\/posts\/16407\/revisions"}],"predecessor-version":[{"id":16729,"href":"https:\/\/fmc.ch\/fr\/wp-json\/wp\/v2\/posts\/16407\/revisions\/16729"}],"wp:featuredmedia":[{"embeddable":true,"href":"https:\/\/fmc.ch\/fr\/wp-json\/wp\/v2\/media\/16408"}],"wp:attachment":[{"href":"https:\/\/fmc.ch\/fr\/wp-json\/wp\/v2\/media?parent=16407"}],"wp:term":[{"taxonomy":"strategie","embeddable":true,"href":"https:\/\/fmc.ch\/fr\/wp-json\/wp\/v2\/strategie?post=16407"},{"taxonomy":"thema","embeddable":true,"href":"https:\/\/fmc.ch\/fr\/wp-json\/wp\/v2\/thema?post=16407"},{"taxonomy":"format","embeddable":true,"href":"https:\/\/fmc.ch\/fr\/wp-json\/wp\/v2\/format?post=16407"}],"curies":[{"name":"wp","href":"https:\/\/api.w.org\/{rel}","templated":true}]}}