{"id":16395,"date":"2025-08-29T15:05:11","date_gmt":"2025-08-29T14:05:11","guid":{"rendered":"https:\/\/fmc.ch\/?p=16395"},"modified":"2025-11-27T16:46:17","modified_gmt":"2025-11-27T15:46:17","slug":"4-colloque-national-de-la-sages","status":"publish","type":"post","link":"https:\/\/fmc.ch\/fr\/4-nationale-sages-fachtagung\/","title":{"rendered":"4e colloque national de la SAGES : \"Diversit\u00e9 des m\u00e9thodes : poursuivre la r\u00e9flexion sur les bonnes pratiques\"."},"content":{"rendered":"<div data-elementor-type=\"wp-post\" data-elementor-id=\"16395\" class=\"elementor elementor-16395\" data-elementor-post-type=\"post\">\n\t\t\t\t\t\t<section class=\"elementor-section elementor-top-section elementor-element elementor-element-d0a0ccd elementor-section-boxed elementor-section-height-default elementor-section-height-default elementor-invisible\" data-id=\"d0a0ccd\" data-element_type=\"section\" data-e-type=\"section\" data-settings=\"{&quot;animation&quot;:&quot;fadeIn&quot;}\">\n\t\t\t\t\t\t<div class=\"elementor-container elementor-column-gap-default\">\n\t\t\t\t\t<div class=\"elementor-column elementor-col-100 elementor-top-column elementor-element elementor-element-219e420\" data-id=\"219e420\" data-element_type=\"column\" data-e-type=\"column\">\n\t\t\t<div class=\"elementor-widget-wrap elementor-element-populated\">\n\t\t\t\t\t\t<div class=\"elementor-element elementor-element-367ed83 elementor-widget elementor-widget-text-editor\" data-id=\"367ed83\" data-element_type=\"widget\" data-e-type=\"widget\" data-widget_type=\"text-editor.default\">\n\t\t\t\t<div class=\"elementor-widget-container\">\n\t\t\t\t\t\t\t\t\t<p>Cette ann\u00e9e, l'accent est mis sur l'action m\u00e9thodique.<\/p><p>Une action m\u00e9thodique ? Oui !<\/p><p>La notion d'action m\u00e9thodique a de multiples facettes et m\u00e9rite \u00e0 tous \u00e9gards qu'on lui consacre un colloque sp\u00e9cifique. Le fait de savoir si nous pouvons agir bien et correctement d\u00e9pend de nombreux facteurs, par exemple des techniques de gestion des relations, du cadre institutionnel ou des convictions personnelles. Lors de la manifestation de cette ann\u00e9e, nous souhaitons nous pencher sur l'ensemble des \"bonnes pratiques\" \u00e0 l'aide d'un large \u00e9ventail de keynotes et d'ateliers. De nombreuses contributions pratiques vous attendent, allant de la gestion quotidienne des dilemmes \u00e9thiques aux nouvelles m\u00e9thodes d'\u00e9valuation des besoins.<\/p><p>Profitez de l'occasion pour obtenir de pr\u00e9cieuses impulsions pour votre pratique quotidienne et pour vous mettre en r\u00e9seau avec des coll\u00e8gues de toute la sp\u00e9cialit\u00e9. Nous nous r\u00e9jouissons de votre participation et d'un \u00e9change inspirant.<\/p>\t\t\t\t\t\t\t\t<\/div>\n\t\t\t\t<\/div>\n\t\t\t\t<div class=\"elementor-element elementor-element-882738a elementor-widget elementor-widget-shortcode\" data-id=\"882738a\" data-element_type=\"widget\" data-e-type=\"widget\" data-widget_type=\"shortcode.default\">\n\t\t\t\t<div class=\"elementor-widget-container\">\n\t\t\t\t\t\t\t<div class=\"elementor-shortcode\"><div class=\"_df_book df-lite\" id=\"df_16402\"  _slug=\"netzwerk-sages-tagung-2025\" data-title=\"netzwerk-sages-tagung-2025\" wpoptions=\"true\" thumbtype=\"\" ><\/div><script class=\"df-shortcode-script\" nowprocket type=\"application\/javascript\">window.option_df_16402 = {\"outline\":[],\"backgroundColor\":\"#f1f1f1\",\"height\":\"700\",\"autoEnableOutline\":\"false\",\"autoEnableThumbnail\":\"false\",\"overwritePDFOutline\":\"false\",\"direction\":\"1\",\"pageSize\":\"0\",\"source\":\"https:\\\/\\\/fmc.ch\\\/wp-content\\\/uploads\\\/2025\\\/08\\\/Netzwerk_sages_tagung_2025.pdf\",\"wpOptions\":\"true\"}; if(window.DFLIP && window.DFLIP.parseBooks){window.DFLIP.parseBooks();}<\/script><\/div>\n\t\t\t\t\t\t<\/div>\n\t\t\t\t<\/div>\n\t\t\t\t\t<\/div>\n\t\t<\/div>\n\t\t\t\t\t<\/div>\n\t\t<\/section>\n\t\t\t\t<section class=\"elementor-section elementor-top-section elementor-element elementor-element-6f286047 elementor-section-boxed elementor-section-height-default elementor-section-height-default elementor-invisible\" data-id=\"6f286047\" data-element_type=\"section\" data-e-type=\"section\" data-settings=\"{&quot;animation&quot;:&quot;fadeIn&quot;}\">\n\t\t\t\t\t\t<div class=\"elementor-container elementor-column-gap-default\">\n\t\t\t\t\t<div class=\"elementor-column elementor-col-100 elementor-top-column elementor-element elementor-element-4fc33bd1 elementor-invisible\" data-id=\"4fc33bd1\" data-element_type=\"column\" data-e-type=\"column\" data-settings=\"{&quot;animation&quot;:&quot;fadeIn&quot;}\">\n\t\t\t<div class=\"elementor-widget-wrap elementor-element-populated\">\n\t\t\t\t\t\t<div class=\"elementor-element elementor-element-3ee369f elementor-widget__width-auto elementor-widget elementor-widget-button\" data-id=\"3ee369f\" data-element_type=\"widget\" data-e-type=\"widget\" data-widget_type=\"button.default\">\n\t\t\t\t<div class=\"elementor-widget-container\">\n\t\t\t\t\t\t\t\t\t<div class=\"elementor-button-wrapper\">\n\t\t\t\t\t<a class=\"elementor-button elementor-button-link elementor-size-sm\" href=\"https:\/\/www.sages.ch\/agenda\/4-nationale-sages-fachtagung\/\" target=\"_blank\">\n\t\t\t\t\t\t<span class=\"elementor-button-content-wrapper\">\n\t\t\t\t\t\t\t\t\t<span class=\"elementor-button-text\">Plus d'informations sur le colloque<\/span>\n\t\t\t\t\t<\/span>\n\t\t\t\t\t<\/a>\n\t\t\t\t<\/div>\n\t\t\t\t\t\t\t\t<\/div>\n\t\t\t\t<\/div>\n\t\t\t\t<div class=\"elementor-element elementor-element-51f1d70 elementor-widget elementor-widget-button\" data-id=\"51f1d70\" data-element_type=\"widget\" data-e-type=\"widget\" data-widget_type=\"button.default\">\n\t\t\t\t<div class=\"elementor-widget-container\">\n\t\t\t\t\t\t\t\t\t<div class=\"elementor-button-wrapper\">\n\t\t\t\t\t<a class=\"elementor-button elementor-button-link elementor-size-sm\" href=\"https:\/\/www.sages.ch\/anmeldung-sages-fachtagung-tagung-uebersicht\/\" target=\"_blank\">\n\t\t\t\t\t\t<span class=\"elementor-button-content-wrapper\">\n\t\t\t\t\t\t\t\t\t<span class=\"elementor-button-text\">Vers l'inscription<\/span>\n\t\t\t\t\t<\/span>\n\t\t\t\t\t<\/a>\n\t\t\t\t<\/div>\n\t\t\t\t\t\t\t\t<\/div>\n\t\t\t\t<\/div>\n\t\t\t\t\t<\/div>\n\t\t<\/div>\n\t\t\t\t\t<\/div>\n\t\t<\/section>\n\t\t\t\t<\/div>","protected":false},"excerpt":{"rendered":"<p>4e colloque national de la SAGES : \"Diversit\u00e9 des m\u00e9thodes : poursuivre la r\u00e9flexion sur les bonnes pratiques\".<\/p>","protected":false},"author":2,"featured_media":16396,"comment_status":"closed","ping_status":"closed","sticky":false,"template":"","format":[142,138],"meta":{"footnotes":""},"strategie":[156],"thema":[152,154],"class_list":["post-16395","post","type-post","status-publish","format-standard","has-post-thumbnail","hentry","strategie-zusammenarbeit","thema-interprofessionelle-zusammenarbeit","thema-medizin-und-soziales","format-anlaesse-vor-ort","format-veranstaltung"],"yoast_head":"<!-- This site is optimized with the Yoast SEO plugin v27.5 - https:\/\/yoast.com\/product\/yoast-seo-wordpress\/ -->\n<title>4. Nationale SAGES \u2013 Fachtagung: \u00abMethodenvielfalt: gute Praxis weiterdenken\u00bb - FMC<\/title>\n<meta name=\"description\" content=\"Die Fachtagung bietet Fachpersonen der gesundheitsbezogenen Sozialen Arbeit eine Plattform zum Erfahrungsaustausch und die M\u00f6glichkeit, innovative Ans\u00e4tze zu erkunden.\" \/>\n<meta name=\"robots\" content=\"index, follow, max-snippet:-1, max-image-preview:large, max-video-preview:-1\" \/>\n<link rel=\"canonical\" href=\"https:\/\/fmc.ch\/fr\/4-colloque-national-de-la-sages\/\" \/>\n<meta property=\"og:locale\" content=\"fr_FR\" \/>\n<meta property=\"og:type\" content=\"article\" \/>\n<meta property=\"og:title\" content=\"4. Nationale SAGES \u2013 Fachtagung: \u00abMethodenvielfalt: gute Praxis weiterdenken\u00bb - FMC\" \/>\n<meta property=\"og:description\" content=\"Die Fachtagung bietet Fachpersonen der gesundheitsbezogenen Sozialen Arbeit eine Plattform zum Erfahrungsaustausch und die M\u00f6glichkeit, innovative Ans\u00e4tze zu erkunden.\" \/>\n<meta property=\"og:url\" content=\"https:\/\/fmc.ch\/fr\/4-colloque-national-de-la-sages\/\" \/>\n<meta property=\"og:site_name\" content=\"FMC\" \/>\n<meta property=\"article:published_time\" content=\"2025-08-29T14:05:11+00:00\" \/>\n<meta property=\"article:modified_time\" content=\"2025-11-27T15:46:17+00:00\" \/>\n<meta property=\"og:image\" content=\"https:\/\/fmc.ch\/wp-content\/uploads\/2025\/08\/Netzwerk_SAGES_Fachtagung-2025.png\" \/>\n\t<meta property=\"og:image:width\" content=\"468\" \/>\n\t<meta property=\"og:image:height\" content=\"460\" \/>\n\t<meta property=\"og:image:type\" content=\"image\/png\" \/>\n<meta name=\"author\" content=\"Nadja Blanchard\" \/>\n<meta name=\"twitter:card\" content=\"summary_large_image\" \/>\n<meta name=\"twitter:label1\" content=\"\u00c9crit par\" \/>\n\t<meta name=\"twitter:data1\" content=\"Nadja Blanchard\" \/>\n\t<meta name=\"twitter:label2\" content=\"Dur\u00e9e de lecture estim\u00e9e\" \/>\n\t<meta name=\"twitter:data2\" content=\"1 minute\" \/>\n<script type=\"application\/ld+json\" class=\"yoast-schema-graph\">{\"@context\":\"https:\\\/\\\/schema.org\",\"@graph\":[{\"@type\":\"Article\",\"@id\":\"https:\\\/\\\/fmc.ch\\\/4-nationale-sages-fachtagung\\\/#article\",\"isPartOf\":{\"@id\":\"https:\\\/\\\/fmc.ch\\\/4-nationale-sages-fachtagung\\\/\"},\"author\":{\"name\":\"Nadja Blanchard\",\"@id\":\"https:\\\/\\\/fmc.ch\\\/#\\\/schema\\\/person\\\/3a7218d283691f8ef8cf410e4615e507\"},\"headline\":\"4. Nationale SAGES \u2013 Fachtagung: \u00abMethodenvielfalt: gute Praxis weiterdenken\u00bb\",\"datePublished\":\"2025-08-29T14:05:11+00:00\",\"dateModified\":\"2025-11-27T15:46:17+00:00\",\"mainEntityOfPage\":{\"@id\":\"https:\\\/\\\/fmc.ch\\\/4-nationale-sages-fachtagung\\\/\"},\"wordCount\":152,\"publisher\":{\"@id\":\"https:\\\/\\\/fmc.ch\\\/#organization\"},\"image\":{\"@id\":\"https:\\\/\\\/fmc.ch\\\/4-nationale-sages-fachtagung\\\/#primaryimage\"},\"thumbnailUrl\":\"https:\\\/\\\/fmc.ch\\\/wp-content\\\/uploads\\\/2025\\\/08\\\/Netzwerk_SAGES_Fachtagung-2025.png\",\"articleSection\":[\"Anl\u00e4sse vor Ort\"],\"inLanguage\":\"fr-FR\"},{\"@type\":\"WebPage\",\"@id\":\"https:\\\/\\\/fmc.ch\\\/4-nationale-sages-fachtagung\\\/\",\"url\":\"https:\\\/\\\/fmc.ch\\\/4-nationale-sages-fachtagung\\\/\",\"name\":\"4. Nationale SAGES \u2013 Fachtagung: \u00abMethodenvielfalt: gute Praxis weiterdenken\u00bb - FMC\",\"isPartOf\":{\"@id\":\"https:\\\/\\\/fmc.ch\\\/#website\"},\"primaryImageOfPage\":{\"@id\":\"https:\\\/\\\/fmc.ch\\\/4-nationale-sages-fachtagung\\\/#primaryimage\"},\"image\":{\"@id\":\"https:\\\/\\\/fmc.ch\\\/4-nationale-sages-fachtagung\\\/#primaryimage\"},\"thumbnailUrl\":\"https:\\\/\\\/fmc.ch\\\/wp-content\\\/uploads\\\/2025\\\/08\\\/Netzwerk_SAGES_Fachtagung-2025.png\",\"datePublished\":\"2025-08-29T14:05:11+00:00\",\"dateModified\":\"2025-11-27T15:46:17+00:00\",\"description\":\"Die Fachtagung bietet Fachpersonen der gesundheitsbezogenen Sozialen Arbeit eine Plattform zum Erfahrungsaustausch und die M\u00f6glichkeit, innovative Ans\u00e4tze zu erkunden.\",\"breadcrumb\":{\"@id\":\"https:\\\/\\\/fmc.ch\\\/4-nationale-sages-fachtagung\\\/#breadcrumb\"},\"inLanguage\":\"fr-FR\",\"potentialAction\":[{\"@type\":\"ReadAction\",\"target\":[\"https:\\\/\\\/fmc.ch\\\/4-nationale-sages-fachtagung\\\/\"]}]},{\"@type\":\"ImageObject\",\"inLanguage\":\"fr-FR\",\"@id\":\"https:\\\/\\\/fmc.ch\\\/4-nationale-sages-fachtagung\\\/#primaryimage\",\"url\":\"https:\\\/\\\/fmc.ch\\\/wp-content\\\/uploads\\\/2025\\\/08\\\/Netzwerk_SAGES_Fachtagung-2025.png\",\"contentUrl\":\"https:\\\/\\\/fmc.ch\\\/wp-content\\\/uploads\\\/2025\\\/08\\\/Netzwerk_SAGES_Fachtagung-2025.png\",\"width\":468,\"height\":460},{\"@type\":\"BreadcrumbList\",\"@id\":\"https:\\\/\\\/fmc.ch\\\/4-nationale-sages-fachtagung\\\/#breadcrumb\",\"itemListElement\":[{\"@type\":\"ListItem\",\"position\":1,\"name\":\"Home\",\"item\":\"https:\\\/\\\/fmc.ch\\\/\"},{\"@type\":\"ListItem\",\"position\":2,\"name\":\"4. Nationale SAGES \u2013 Fachtagung: \u00abMethodenvielfalt: gute Praxis weiterdenken\u00bb\"}]},{\"@type\":\"WebSite\",\"@id\":\"https:\\\/\\\/fmc.ch\\\/#website\",\"url\":\"https:\\\/\\\/fmc.ch\\\/\",\"name\":\"FMC\",\"description\":\"Schweizer Forum f\u00fcr Integrierte Versorgung\",\"publisher\":{\"@id\":\"https:\\\/\\\/fmc.ch\\\/#organization\"},\"potentialAction\":[{\"@type\":\"SearchAction\",\"target\":{\"@type\":\"EntryPoint\",\"urlTemplate\":\"https:\\\/\\\/fmc.ch\\\/?s={search_term_string}\"},\"query-input\":{\"@type\":\"PropertyValueSpecification\",\"valueRequired\":true,\"valueName\":\"search_term_string\"}}],\"inLanguage\":\"fr-FR\"},{\"@type\":\"Organization\",\"@id\":\"https:\\\/\\\/fmc.ch\\\/#organization\",\"name\":\"FMC\",\"url\":\"https:\\\/\\\/fmc.ch\\\/\",\"logo\":{\"@type\":\"ImageObject\",\"inLanguage\":\"fr-FR\",\"@id\":\"https:\\\/\\\/fmc.ch\\\/#\\\/schema\\\/logo\\\/image\\\/\",\"url\":\"https:\\\/\\\/fmc.ch\\\/wp-content\\\/uploads\\\/2023\\\/09\\\/fmc-logo.svg\",\"contentUrl\":\"https:\\\/\\\/fmc.ch\\\/wp-content\\\/uploads\\\/2023\\\/09\\\/fmc-logo.svg\",\"caption\":\"FMC\"},\"image\":{\"@id\":\"https:\\\/\\\/fmc.ch\\\/#\\\/schema\\\/logo\\\/image\\\/\"}},{\"@type\":\"Person\",\"@id\":\"https:\\\/\\\/fmc.ch\\\/#\\\/schema\\\/person\\\/3a7218d283691f8ef8cf410e4615e507\",\"name\":\"Nadja Blanchard\",\"image\":{\"@type\":\"ImageObject\",\"inLanguage\":\"fr-FR\",\"@id\":\"https:\\\/\\\/secure.gravatar.com\\\/avatar\\\/729fbcebbfccd7834565b1398470d6ea84a4f3e7525873a0cb368db99228ce7b?s=96&d=mm&r=g\",\"url\":\"https:\\\/\\\/secure.gravatar.com\\\/avatar\\\/729fbcebbfccd7834565b1398470d6ea84a4f3e7525873a0cb368db99228ce7b?s=96&d=mm&r=g\",\"contentUrl\":\"https:\\\/\\\/secure.gravatar.com\\\/avatar\\\/729fbcebbfccd7834565b1398470d6ea84a4f3e7525873a0cb368db99228ce7b?s=96&d=mm&r=g\",\"caption\":\"Nadja Blanchard\"},\"url\":\"https:\\\/\\\/fmc.ch\\\/fr\\\/author\\\/nadja-blanchardfmc-ch\\\/\"}]}<\/script>\n<!-- \/ Yoast SEO plugin. -->","yoast_head_json":{"title":"4e colloque national de la SAGES : \"Diversit\u00e9 des m\u00e9thodes : poursuivre la r\u00e9flexion sur les bonnes pratiques\" - FMC","description":"Le colloque offre aux professionnels du travail social li\u00e9 \u00e0 la sant\u00e9 une plateforme d'\u00e9change d'exp\u00e9riences et la possibilit\u00e9 d'explorer des approches innovantes.","robots":{"index":"index","follow":"follow","max-snippet":"max-snippet:-1","max-image-preview":"max-image-preview:large","max-video-preview":"max-video-preview:-1"},"canonical":"https:\/\/fmc.ch\/fr\/4-colloque-national-de-la-sages\/","og_locale":"fr_FR","og_type":"article","og_title":"4. Nationale SAGES \u2013 Fachtagung: \u00abMethodenvielfalt: gute Praxis weiterdenken\u00bb - FMC","og_description":"Die Fachtagung bietet Fachpersonen der gesundheitsbezogenen Sozialen Arbeit eine Plattform zum Erfahrungsaustausch und die M\u00f6glichkeit, innovative Ans\u00e4tze zu erkunden.","og_url":"https:\/\/fmc.ch\/fr\/4-colloque-national-de-la-sages\/","og_site_name":"FMC","article_published_time":"2025-08-29T14:05:11+00:00","article_modified_time":"2025-11-27T15:46:17+00:00","og_image":[{"width":468,"height":460,"url":"https:\/\/fmc.ch\/wp-content\/uploads\/2025\/08\/Netzwerk_SAGES_Fachtagung-2025.png","type":"image\/png"}],"author":"Nadja Blanchard","twitter_card":"summary_large_image","twitter_misc":{"\u00c9crit par":"Nadja Blanchard","Dur\u00e9e de lecture estim\u00e9e":"1 minute"},"schema":{"@context":"https:\/\/schema.org","@graph":[{"@type":"Article","@id":"https:\/\/fmc.ch\/4-nationale-sages-fachtagung\/#article","isPartOf":{"@id":"https:\/\/fmc.ch\/4-nationale-sages-fachtagung\/"},"author":{"name":"Nadja Blanchard","@id":"https:\/\/fmc.ch\/#\/schema\/person\/3a7218d283691f8ef8cf410e4615e507"},"headline":"4. Nationale SAGES \u2013 Fachtagung: \u00abMethodenvielfalt: gute Praxis weiterdenken\u00bb","datePublished":"2025-08-29T14:05:11+00:00","dateModified":"2025-11-27T15:46:17+00:00","mainEntityOfPage":{"@id":"https:\/\/fmc.ch\/4-nationale-sages-fachtagung\/"},"wordCount":152,"publisher":{"@id":"https:\/\/fmc.ch\/#organization"},"image":{"@id":"https:\/\/fmc.ch\/4-nationale-sages-fachtagung\/#primaryimage"},"thumbnailUrl":"https:\/\/fmc.ch\/wp-content\/uploads\/2025\/08\/Netzwerk_SAGES_Fachtagung-2025.png","articleSection":["Anl\u00e4sse vor Ort"],"inLanguage":"fr-FR"},{"@type":"WebPage","@id":"https:\/\/fmc.ch\/4-nationale-sages-fachtagung\/","url":"https:\/\/fmc.ch\/4-nationale-sages-fachtagung\/","name":"4e colloque national de la SAGES : \"Diversit\u00e9 des m\u00e9thodes : poursuivre la r\u00e9flexion sur les bonnes pratiques\" - FMC","isPartOf":{"@id":"https:\/\/fmc.ch\/#website"},"primaryImageOfPage":{"@id":"https:\/\/fmc.ch\/4-nationale-sages-fachtagung\/#primaryimage"},"image":{"@id":"https:\/\/fmc.ch\/4-nationale-sages-fachtagung\/#primaryimage"},"thumbnailUrl":"https:\/\/fmc.ch\/wp-content\/uploads\/2025\/08\/Netzwerk_SAGES_Fachtagung-2025.png","datePublished":"2025-08-29T14:05:11+00:00","dateModified":"2025-11-27T15:46:17+00:00","description":"Le colloque offre aux professionnels du travail social li\u00e9 \u00e0 la sant\u00e9 une plateforme d'\u00e9change d'exp\u00e9riences et la possibilit\u00e9 d'explorer des approches innovantes.","breadcrumb":{"@id":"https:\/\/fmc.ch\/4-nationale-sages-fachtagung\/#breadcrumb"},"inLanguage":"fr-FR","potentialAction":[{"@type":"ReadAction","target":["https:\/\/fmc.ch\/4-nationale-sages-fachtagung\/"]}]},{"@type":"ImageObject","inLanguage":"fr-FR","@id":"https:\/\/fmc.ch\/4-nationale-sages-fachtagung\/#primaryimage","url":"https:\/\/fmc.ch\/wp-content\/uploads\/2025\/08\/Netzwerk_SAGES_Fachtagung-2025.png","contentUrl":"https:\/\/fmc.ch\/wp-content\/uploads\/2025\/08\/Netzwerk_SAGES_Fachtagung-2025.png","width":468,"height":460},{"@type":"BreadcrumbList","@id":"https:\/\/fmc.ch\/4-nationale-sages-fachtagung\/#breadcrumb","itemListElement":[{"@type":"ListItem","position":1,"name":"Home","item":"https:\/\/fmc.ch\/"},{"@type":"ListItem","position":2,"name":"4. Nationale SAGES \u2013 Fachtagung: \u00abMethodenvielfalt: gute Praxis weiterdenken\u00bb"}]},{"@type":"WebSite","@id":"https:\/\/fmc.ch\/#website","url":"https:\/\/fmc.ch\/","name":"FMC","description":"Forum suisse des soins int\u00e9gr\u00e9s","publisher":{"@id":"https:\/\/fmc.ch\/#organization"},"potentialAction":[{"@type":"SearchAction","target":{"@type":"EntryPoint","urlTemplate":"https:\/\/fmc.ch\/?s={search_term_string}"},"query-input":{"@type":"PropertyValueSpecification","valueRequired":true,"valueName":"search_term_string"}}],"inLanguage":"fr-FR"},{"@type":"Organization","@id":"https:\/\/fmc.ch\/#organization","name":"FMC","url":"https:\/\/fmc.ch\/","logo":{"@type":"ImageObject","inLanguage":"fr-FR","@id":"https:\/\/fmc.ch\/#\/schema\/logo\/image\/","url":"https:\/\/fmc.ch\/wp-content\/uploads\/2023\/09\/fmc-logo.svg","contentUrl":"https:\/\/fmc.ch\/wp-content\/uploads\/2023\/09\/fmc-logo.svg","caption":"FMC"},"image":{"@id":"https:\/\/fmc.ch\/#\/schema\/logo\/image\/"}},{"@type":"Person","@id":"https:\/\/fmc.ch\/#\/schema\/person\/3a7218d283691f8ef8cf410e4615e507","name":"Nadja Blanchard","image":{"@type":"ImageObject","inLanguage":"fr-FR","@id":"https:\/\/secure.gravatar.com\/avatar\/729fbcebbfccd7834565b1398470d6ea84a4f3e7525873a0cb368db99228ce7b?s=96&d=mm&r=g","url":"https:\/\/secure.gravatar.com\/avatar\/729fbcebbfccd7834565b1398470d6ea84a4f3e7525873a0cb368db99228ce7b?s=96&d=mm&r=g","contentUrl":"https:\/\/secure.gravatar.com\/avatar\/729fbcebbfccd7834565b1398470d6ea84a4f3e7525873a0cb368db99228ce7b?s=96&d=mm&r=g","caption":"Nadja Blanchard"},"url":"https:\/\/fmc.ch\/fr\/author\/nadja-blanchardfmc-ch\/"}]}},"_links":{"self":[{"href":"https:\/\/fmc.ch\/fr\/wp-json\/wp\/v2\/posts\/16395","targetHints":{"allow":["GET"]}}],"collection":[{"href":"https:\/\/fmc.ch\/fr\/wp-json\/wp\/v2\/posts"}],"about":[{"href":"https:\/\/fmc.ch\/fr\/wp-json\/wp\/v2\/types\/post"}],"author":[{"embeddable":true,"href":"https:\/\/fmc.ch\/fr\/wp-json\/wp\/v2\/users\/2"}],"replies":[{"embeddable":true,"href":"https:\/\/fmc.ch\/fr\/wp-json\/wp\/v2\/comments?post=16395"}],"version-history":[{"count":7,"href":"https:\/\/fmc.ch\/fr\/wp-json\/wp\/v2\/posts\/16395\/revisions"}],"predecessor-version":[{"id":16406,"href":"https:\/\/fmc.ch\/fr\/wp-json\/wp\/v2\/posts\/16395\/revisions\/16406"}],"wp:featuredmedia":[{"embeddable":true,"href":"https:\/\/fmc.ch\/fr\/wp-json\/wp\/v2\/media\/16396"}],"wp:attachment":[{"href":"https:\/\/fmc.ch\/fr\/wp-json\/wp\/v2\/media?parent=16395"}],"wp:term":[{"taxonomy":"strategie","embeddable":true,"href":"https:\/\/fmc.ch\/fr\/wp-json\/wp\/v2\/strategie?post=16395"},{"taxonomy":"thema","embeddable":true,"href":"https:\/\/fmc.ch\/fr\/wp-json\/wp\/v2\/thema?post=16395"},{"taxonomy":"format","embeddable":true,"href":"https:\/\/fmc.ch\/fr\/wp-json\/wp\/v2\/format?post=16395"}],"curies":[{"name":"wp","href":"https:\/\/api.w.org\/{rel}","templated":true}]}}