{"id":16206,"date":"2025-10-02T07:39:56","date_gmt":"2025-10-02T06:39:56","guid":{"rendered":"https:\/\/fmc.ch\/?p=16206"},"modified":"2026-01-24T14:42:49","modified_gmt":"2026-01-24T13:42:49","slug":"serie-de-webinaires-vbhc-et-soins-integres","status":"publish","type":"post","link":"https:\/\/fmc.ch\/fr\/webinarreihe-vbhc-und-integrierte-versorgung\/","title":{"rendered":"S\u00e9rie de webinaires : VBHC &amp; Integrated Care : joindre les forces pour atteindre un syst\u00e8me ax\u00e9 sur la sant\u00e9"},"content":{"rendered":"<div data-elementor-type=\"wp-post\" data-elementor-id=\"16206\" class=\"elementor elementor-16206\" data-elementor-post-type=\"post\">\n\t\t\t\t\t\t<section class=\"elementor-section elementor-top-section elementor-element elementor-element-54241ea elementor-section-boxed elementor-section-height-default elementor-section-height-default elementor-invisible\" data-id=\"54241ea\" data-element_type=\"section\" data-e-type=\"section\" data-settings=\"{&quot;animation&quot;:&quot;fadeIn&quot;}\">\n\t\t\t\t\t\t<div class=\"elementor-container elementor-column-gap-default\">\n\t\t\t\t\t<div class=\"elementor-column elementor-col-100 elementor-top-column elementor-element elementor-element-be3a7a3\" data-id=\"be3a7a3\" data-element_type=\"column\" data-e-type=\"column\">\n\t\t\t<div class=\"elementor-widget-wrap elementor-element-populated\">\n\t\t\t\t\t\t<div class=\"elementor-element elementor-element-adcd830 elementor-widget elementor-widget-text-editor\" data-id=\"adcd830\" data-element_type=\"widget\" data-e-type=\"widget\" data-widget_type=\"text-editor.default\">\n\t\t\t\t<div class=\"elementor-widget-container\">\n\t\t\t\t\t\t\t\t\t<p><i>Les syst\u00e8mes de soins int\u00e9gr\u00e9s ont besoin d'outils VBHC (tels que les PROM, les IPU) pour d\u00e9montrer et am\u00e9liorer continuellement leur qualit\u00e9, tandis que les syst\u00e8mes de sant\u00e9 ax\u00e9s sur la valeur doivent \u00eatre int\u00e9gr\u00e9s tout au long du parcours du patient afin de saisir la v\u00e9ritable valeur des soins pour les patients.<\/i><\/p>\t\t\t\t\t\t\t\t<\/div>\n\t\t\t\t<\/div>\n\t\t\t\t\t<\/div>\n\t\t<\/div>\n\t\t\t\t\t<\/div>\n\t\t<\/section>\n\t\t<div class=\"elementor-element elementor-element-2d624b1 e-grid e-con-full e-con e-parent\" data-id=\"2d624b1\" data-element_type=\"container\" data-e-type=\"container\">\n\t\t\t\t<div class=\"elementor-element elementor-element-1f0fd21 elementor-widget elementor-widget-image\" data-id=\"1f0fd21\" data-element_type=\"widget\" data-e-type=\"widget\" data-widget_type=\"image.default\">\n\t\t\t\t<div class=\"elementor-widget-container\">\n\t\t\t\t\t\t\t\t\t\t\t\t\t\t\t\t<a href=\"https:\/\/www.vbhc.ch\/\" target=\"_blank\">\n\t\t\t\t\t\t\t<img fetchpriority=\"high\" decoding=\"async\" width=\"768\" height=\"179\" src=\"https:\/\/fmc.ch\/wp-content\/uploads\/2025\/04\/VBHCSuisse.logo_.rgb_-768x179.png\" class=\"attachment-medium_large size-medium_large wp-image-14853\" alt=\"\" srcset=\"https:\/\/fmc.ch\/wp-content\/uploads\/2025\/04\/VBHCSuisse.logo_.rgb_-768x179.png 768w, https:\/\/fmc.ch\/wp-content\/uploads\/2025\/04\/VBHCSuisse.logo_.rgb_-600x140.png 600w, https:\/\/fmc.ch\/wp-content\/uploads\/2025\/04\/VBHCSuisse.logo_.rgb_-18x4.png 18w, https:\/\/fmc.ch\/wp-content\/uploads\/2025\/04\/VBHCSuisse.logo_.rgb_.png 1205w\" sizes=\"(max-width: 768px) 100vw, 768px\" \/>\t\t\t\t\t\t\t\t<\/a>\n\t\t\t\t\t\t\t\t\t\t\t\t\t\t\t<\/div>\n\t\t\t\t<\/div>\n\t\t\t\t<div class=\"elementor-element elementor-element-dd9dcaf elementor-widget elementor-widget-image\" data-id=\"dd9dcaf\" data-element_type=\"widget\" data-e-type=\"widget\" data-widget_type=\"image.default\">\n\t\t\t\t<div class=\"elementor-widget-container\">\n\t\t\t\t\t\t\t\t\t\t\t\t\t\t\t<img decoding=\"async\" width=\"568\" height=\"170\" src=\"https:\/\/fmc.ch\/wp-content\/uploads\/2024\/10\/FMC-Logo.jpg\" class=\"attachment-medium_large size-medium_large wp-image-11729\" alt=\"\" \/>\t\t\t\t\t\t\t\t\t\t\t\t\t\t\t<\/div>\n\t\t\t\t<\/div>\n\t\t\t\t<\/div>\n\t\t\t\t<section class=\"elementor-section elementor-top-section elementor-element elementor-element-5bab1ad elementor-section-boxed elementor-section-height-default elementor-section-height-default\" data-id=\"5bab1ad\" data-element_type=\"section\" data-e-type=\"section\">\n\t\t\t\t\t\t<div class=\"elementor-container elementor-column-gap-default\">\n\t\t\t\t\t<div class=\"elementor-column elementor-col-100 elementor-top-column elementor-element elementor-element-fb70341\" data-id=\"fb70341\" data-element_type=\"column\" data-e-type=\"column\">\n\t\t\t<div class=\"elementor-widget-wrap elementor-element-populated\">\n\t\t\t\t\t\t<div class=\"elementor-element elementor-element-72017ad elementor-invisible elementor-widget elementor-widget-text-editor\" data-id=\"72017ad\" data-element_type=\"widget\" data-e-type=\"widget\" data-settings=\"{&quot;_animation&quot;:&quot;fadeIn&quot;}\" data-widget_type=\"text-editor.default\">\n\t\t\t\t<div class=\"elementor-widget-container\">\n\t\t\t\t\t\t\t\t\t<p>Depuis 2025, l'organisation VBHC Suisse est partenaire de coop\u00e9ration de la fmc. Ceci parce que nos deux perspectives poursuivent le m\u00eame objectif, mais mettent l'accent sur des aspects diff\u00e9rents. Dans cette s\u00e9rie de webinaires, nous nous penchons sur les points communs des deux perspectives en mettant l'accent, \u00e0 chaque rendez-vous, sur un \u00e9l\u00e9ment pr\u00e9sent dans les deux perspectives.\u00a0<\/p>\t\t\t\t\t\t\t\t<\/div>\n\t\t\t\t<\/div>\n\t\t\t\t\t<\/div>\n\t\t<\/div>\n\t\t\t\t\t<\/div>\n\t\t<\/section>\n\t\t\t\t<section class=\"elementor-section elementor-top-section elementor-element elementor-element-d08abad elementor-section-boxed elementor-section-height-default elementor-section-height-default\" data-id=\"d08abad\" data-element_type=\"section\" data-e-type=\"section\">\n\t\t\t\t\t\t<div class=\"elementor-container elementor-column-gap-default\">\n\t\t\t\t\t<div class=\"elementor-column elementor-col-100 elementor-top-column elementor-element elementor-element-f5ea8ff\" data-id=\"f5ea8ff\" data-element_type=\"column\" data-e-type=\"column\">\n\t\t\t<div class=\"elementor-widget-wrap elementor-element-populated\">\n\t\t\t\t<!-- dce invisible element 431b8b8 -->\t\t<div class=\"elementor-element elementor-element-f2f217a elementor-widget-divider--view-line elementor-widget elementor-widget-divider\" data-id=\"f2f217a\" data-element_type=\"widget\" data-e-type=\"widget\" data-widget_type=\"divider.default\">\n\t\t\t\t<div class=\"elementor-widget-container\">\n\t\t\t\t\t\t\t<div class=\"elementor-divider\">\n\t\t\t<span class=\"elementor-divider-separator\">\n\t\t\t\t\t\t<\/span>\n\t\t<\/div>\n\t\t\t\t\t\t<\/div>\n\t\t\t\t<\/div>\n\t\t\t\t<div class=\"elementor-element elementor-element-aa27ab5 elementor-invisible elementor-widget elementor-widget-heading\" data-id=\"aa27ab5\" data-element_type=\"widget\" data-e-type=\"widget\" data-settings=\"{&quot;_animation&quot;:&quot;fadeInUp&quot;}\" data-widget_type=\"heading.default\">\n\t\t\t\t<div class=\"elementor-widget-container\">\n\t\t\t\t\t<h2 class=\"elementor-heading-title elementor-size-default\">29 octobre 2025, 12h00 \u00e0 13h00<\/h2>\t\t\t\t<\/div>\n\t\t\t\t<\/div>\n\t\t\t\t<div class=\"elementor-element elementor-element-4dbd482 elementor-invisible elementor-widget elementor-widget-heading\" data-id=\"4dbd482\" data-element_type=\"widget\" data-e-type=\"widget\" data-settings=\"{&quot;_animation&quot;:&quot;fadeInUp&quot;}\" data-widget_type=\"heading.default\">\n\t\t\t\t<div class=\"elementor-widget-container\">\n\t\t\t\t\t<h2 class=\"elementor-heading-title elementor-size-default\">Comment int\u00e9grer le point de vue du patient\/l'opinion du patient dans le processus de soins en compl\u00e9ment des preuves m\u00e9dicales ?<\/h2>\t\t\t\t<\/div>\n\t\t\t\t<\/div>\n\t\t\t\t<div class=\"elementor-element elementor-element-f2553a2 elementor-invisible elementor-widget elementor-widget-text-editor\" data-id=\"f2553a2\" data-element_type=\"widget\" data-e-type=\"widget\" data-settings=\"{&quot;_animation&quot;:&quot;fadeIn&quot;}\" data-widget_type=\"text-editor.default\">\n\t\t\t\t<div class=\"elementor-widget-container\">\n\t\t\t\t\t\t\t\t\t<p>Introduction \u00e0 l'aide du <a href=\"https:\/\/fmc.ch\/wp-content\/uploads\/2024\/03\/Symposium-2023_publication-Spectra.pdf\" target=\"_blank\" rel=\"noopener\">Mod\u00e8les de Montr\u00e9al<\/a><\/p><ul><li>Vue depuis le <strong>secteur hospitalier<\/strong>: <a href=\"https:\/\/www.linkedin.com\/in\/florian-r%C3%BCter-46b0b063\/\" target=\"_blank\" rel=\"noopener\">Florian R\u00fcter<\/a>, Direction m\u00e9dicale, H\u00f4pital universitaire de B\u00e2le (USB)<\/li><li>Vue du<strong> secteur ambulatoire<\/strong>: <a href=\"https:\/\/www.linkedin.com\/in\/joellehmann\/\" target=\"_blank\" rel=\"noopener\">Joel Lehmann<\/a>Directeur g\u00e9n\u00e9ral de la fondation EQUAM<\/li><li>Point de vue de la <strong>T\u00e9l\u00e9m\u00e9decine<\/strong>: <a href=\"https:\/\/www.linkedin.com\/in\/dr-krisztina-schmitz-grosz-mba-704727ba\/\" target=\"_blank\" rel=\"noopener\">Kristina Schmitz-Grosz<\/a>, membre de la direction du groupe Medgate<\/li><\/ul>\t\t\t\t\t\t\t\t<\/div>\n\t\t\t\t<\/div>\n\t\t\t\t<div class=\"elementor-element elementor-element-f88038c elementor-widget-divider--view-line elementor-widget elementor-widget-divider\" data-id=\"f88038c\" data-element_type=\"widget\" data-e-type=\"widget\" data-widget_type=\"divider.default\">\n\t\t\t\t<div class=\"elementor-widget-container\">\n\t\t\t\t\t\t\t<div class=\"elementor-divider\">\n\t\t\t<span class=\"elementor-divider-separator\">\n\t\t\t\t\t\t<\/span>\n\t\t<\/div>\n\t\t\t\t\t\t<\/div>\n\t\t\t\t<\/div>\n\t\t\t\t<div class=\"elementor-element elementor-element-783c14d elementor-widget elementor-widget-heading\" data-id=\"783c14d\" data-element_type=\"widget\" data-e-type=\"widget\" data-widget_type=\"heading.default\">\n\t\t\t\t<div class=\"elementor-widget-container\">\n\t\t\t\t\t<h2 class=\"elementor-heading-title elementor-size-default\">R\u00e9sum\u00e9 du webinaire<\/h2>\t\t\t\t<\/div>\n\t\t\t\t<\/div>\n\t\t\t\t<div class=\"elementor-element elementor-element-32bf529 elementor-widget elementor-widget-text-editor\" data-id=\"32bf529\" data-element_type=\"widget\" data-e-type=\"widget\" data-widget_type=\"text-editor.default\">\n\t\t\t\t<div class=\"elementor-widget-container\">\n\t\t\t\t\t\t\t\t\t<p>Le 29 octobre 2025, la fmc et VBHC Suisse ont lanc\u00e9 une s\u00e9rie de webinaires communs sur le th\u00e8me \"Int\u00e9gration du point de vue des patients dans le processus de soins - en compl\u00e9ment des preuves m\u00e9dicales\". L'objectif : montrer comment le point de vue des patients peut \u00eatre syst\u00e9matiquement int\u00e9gr\u00e9 \u00e0 l'h\u00f4pital, \u00e0 la t\u00e9l\u00e9m\u00e9decine et au cabinet du m\u00e9decin de famille.<\/p><p><strong>Oliver Strehle (fmc)<\/strong> a ouvert le webinaire en rappelant que les soins int\u00e9gr\u00e9s et les soins de sant\u00e9 bas\u00e9s sur la valeur poursuivent le m\u00eame objectif - des soins de bonne qualit\u00e9, centr\u00e9s sur le patient et abordables. Le mod\u00e8le de Montr\u00e9al a servi de cadre d'orientation : La participation va de l'information au partenariat et doit \u00eatre organis\u00e9e en fonction de la situation.<\/p>\t\t\t\t\t\t\t\t<\/div>\n\t\t\t\t<\/div>\n\t\t\t\t<div class=\"elementor-element elementor-element-04fd54d elementor-widget elementor-widget-button\" data-id=\"04fd54d\" data-element_type=\"widget\" data-e-type=\"widget\" data-widget_type=\"button.default\">\n\t\t\t\t<div class=\"elementor-widget-container\">\n\t\t\t\t\t\t\t\t\t<div class=\"elementor-button-wrapper\">\n\t\t\t\t\t<a class=\"elementor-button elementor-button-link elementor-size-sm\" href=\"https:\/\/fmc.ch\/wp-content\/uploads\/2025\/11\/1_Intro-Webinar-fmc-VBHC_29.10.2025.pdf\" target=\"_blank\">\n\t\t\t\t\t\t<span class=\"elementor-button-content-wrapper\">\n\t\t\t\t\t\t\t\t\t<span class=\"elementor-button-text\">Cliquez ici pour acc\u00e9der \u00e0 la pr\u00e9sentation<\/span>\n\t\t\t\t\t<\/span>\n\t\t\t\t\t<\/a>\n\t\t\t\t<\/div>\n\t\t\t\t\t\t\t\t<\/div>\n\t\t\t\t<\/div>\n\t\t\t\t<div class=\"elementor-element elementor-element-c2065ac elementor-widget elementor-widget-text-editor\" data-id=\"c2065ac\" data-element_type=\"widget\" data-e-type=\"widget\" data-widget_type=\"text-editor.default\">\n\t\t\t\t<div class=\"elementor-widget-container\">\n\t\t\t\t\t\t\t\t\t<p><strong>Florian R\u00fcter (H\u00f4pital universitaire de B\u00e2le)<\/strong> a montr\u00e9 comment les PROM (Patient Reported Outcome Measures) et les PREM (Patient Reported Experience Measures) aident \u00e0 mesurer le succ\u00e8s du traitement et l'exp\u00e9rience des soins du point de vue du patient. Plus de 20 sets PROM sont utilis\u00e9s de mani\u00e8re num\u00e9rique \u00e0 l'USB - avec des avantages visibles : Les patients se sentent plus impliqu\u00e9s, le traitement est plus cibl\u00e9 et personnalis\u00e9.<\/p>\t\t\t\t\t\t\t\t<\/div>\n\t\t\t\t<\/div>\n\t\t\t\t<div class=\"elementor-element elementor-element-719524b elementor-widget elementor-widget-button\" data-id=\"719524b\" data-element_type=\"widget\" data-e-type=\"widget\" data-widget_type=\"button.default\">\n\t\t\t\t<div class=\"elementor-widget-container\">\n\t\t\t\t\t\t\t\t\t<div class=\"elementor-button-wrapper\">\n\t\t\t\t\t<a class=\"elementor-button elementor-button-link elementor-size-sm\" href=\"https:\/\/fmc.ch\/wp-content\/uploads\/2025\/11\/2_20251029_fmc_VBHCSuisse_Webinar_FR_klein.pdf\" target=\"_blank\">\n\t\t\t\t\t\t<span class=\"elementor-button-content-wrapper\">\n\t\t\t\t\t\t\t\t\t<span class=\"elementor-button-text\">Cliquez ici pour acc\u00e9der \u00e0 la pr\u00e9sentation<\/span>\n\t\t\t\t\t<\/span>\n\t\t\t\t\t<\/a>\n\t\t\t\t<\/div>\n\t\t\t\t\t\t\t\t<\/div>\n\t\t\t\t<\/div>\n\t\t\t\t<div class=\"elementor-element elementor-element-c18747b elementor-widget elementor-widget-text-editor\" data-id=\"c18747b\" data-element_type=\"widget\" data-e-type=\"widget\" data-widget_type=\"text-editor.default\">\n\t\t\t\t<div class=\"elementor-widget-container\">\n\t\t\t\t\t\t\t\t\t<p><strong>Krisztina Schmitz-Grosz (Medgate)<\/strong> a expliqu\u00e9 comment la t\u00e9l\u00e9m\u00e9decine fait participer activement les patients par le biais d'entretiens structur\u00e9s, d'une prise de d\u00e9cision commune et d'un syst\u00e8me de feux tricolores pour les questionnaires de d\u00e9pistage. L'accompagnement continu et \u00e0 bas seuil est particuli\u00e8rement bien per\u00e7u.<\/p>\t\t\t\t\t\t\t\t<\/div>\n\t\t\t\t<\/div>\n\t\t\t\t<div class=\"elementor-element elementor-element-774c504 elementor-widget elementor-widget-button\" data-id=\"774c504\" data-element_type=\"widget\" data-e-type=\"widget\" data-widget_type=\"button.default\">\n\t\t\t\t<div class=\"elementor-widget-container\">\n\t\t\t\t\t\t\t\t\t<div class=\"elementor-button-wrapper\">\n\t\t\t\t\t<a class=\"elementor-button elementor-button-link elementor-size-sm\" href=\"https:\/\/fmc.ch\/wp-content\/uploads\/2025\/11\/3_medgate_Webinar_29_10_2025-1.pdf\" target=\"_blank\">\n\t\t\t\t\t\t<span class=\"elementor-button-content-wrapper\">\n\t\t\t\t\t\t\t\t\t<span class=\"elementor-button-text\">Cliquez ici pour acc\u00e9der \u00e0 la pr\u00e9sentation<\/span>\n\t\t\t\t\t<\/span>\n\t\t\t\t\t<\/a>\n\t\t\t\t<\/div>\n\t\t\t\t\t\t\t\t<\/div>\n\t\t\t\t<\/div>\n\t\t\t\t<div class=\"elementor-element elementor-element-b1dce8c elementor-widget elementor-widget-text-editor\" data-id=\"b1dce8c\" data-element_type=\"widget\" data-e-type=\"widget\" data-widget_type=\"text-editor.default\">\n\t\t\t\t<div class=\"elementor-widget-container\">\n\t\t\t\t\t\t\t\t\t<p><strong>Joel Lehmann (Fondation EQUAM)<\/strong> a pr\u00e9sent\u00e9 la perspective ambulatoire : Les m\u00e9decins de famille int\u00e8grent le point de vue des patients par le biais de questionnaires num\u00e9riques tels que les Primary PROMs et d'ateliers de participation \u00e0 la conception d'instruments de qualit\u00e9. Les donn\u00e9es sont utilis\u00e9es de mani\u00e8re interactive afin d'identifier des mod\u00e8les et d'am\u00e9liorer la qualit\u00e9 des soins.<\/p>\t\t\t\t\t\t\t\t<\/div>\n\t\t\t\t<\/div>\n\t\t\t\t<div class=\"elementor-element elementor-element-3e89462 elementor-widget elementor-widget-button\" data-id=\"3e89462\" data-element_type=\"widget\" data-e-type=\"widget\" data-widget_type=\"button.default\">\n\t\t\t\t<div class=\"elementor-widget-container\">\n\t\t\t\t\t\t\t\t\t<div class=\"elementor-button-wrapper\">\n\t\t\t\t\t<a class=\"elementor-button elementor-button-link elementor-size-sm\" href=\"https:\/\/fmc.ch\/wp-content\/uploads\/2025\/11\/4_Patientensicht-in-den-Versorgunsprozess-Integrieren-EQUAM_klein.pdf\" target=\"_blank\">\n\t\t\t\t\t\t<span class=\"elementor-button-content-wrapper\">\n\t\t\t\t\t\t\t\t\t<span class=\"elementor-button-text\">Cliquez ici pour acc\u00e9der \u00e0 la pr\u00e9sentation<\/span>\n\t\t\t\t\t<\/span>\n\t\t\t\t\t<\/a>\n\t\t\t\t<\/div>\n\t\t\t\t\t\t\t\t<\/div>\n\t\t\t\t<\/div>\n\t\t\t\t<div class=\"elementor-element elementor-element-e542119 elementor-widget elementor-widget-text-editor\" data-id=\"e542119\" data-element_type=\"widget\" data-e-type=\"widget\" data-widget_type=\"text-editor.default\">\n\t\t\t\t<div class=\"elementor-widget-container\">\n\t\t\t\t\t\t\t\t\t<p><strong>Tous les intervenants ont soulign\u00e9 : Le point de vue des patients ne d\u00e9ploie sa valeur que s'il est utilis\u00e9 activement - dans le dialogue, dans les d\u00e9cisions et dans le d\u00e9veloppement des structures. Elle devient ainsi la cl\u00e9 d'une prise en charge participative, apprenante et int\u00e9gr\u00e9e.<\/strong><\/p>\t\t\t\t\t\t\t\t<\/div>\n\t\t\t\t<\/div>\n\t\t\t\t<div class=\"elementor-element elementor-element-c435ddc elementor-widget-divider--view-line elementor-widget elementor-widget-divider\" data-id=\"c435ddc\" data-element_type=\"widget\" data-e-type=\"widget\" data-widget_type=\"divider.default\">\n\t\t\t\t<div class=\"elementor-widget-container\">\n\t\t\t\t\t\t\t<div class=\"elementor-divider\">\n\t\t\t<span class=\"elementor-divider-separator\">\n\t\t\t\t\t\t<\/span>\n\t\t<\/div>\n\t\t\t\t\t\t<\/div>\n\t\t\t\t<\/div>\n\t\t\t\t<div class=\"elementor-element elementor-element-752d257 elementor-widget elementor-widget-heading\" data-id=\"752d257\" data-element_type=\"widget\" data-e-type=\"widget\" data-widget_type=\"heading.default\">\n\t\t\t\t<div class=\"elementor-widget-container\">\n\t\t\t\t\t<h2 class=\"elementor-heading-title elementor-size-default\">R\u00e9sum\u00e9 du webinaire<\/h2>\t\t\t\t<\/div>\n\t\t\t\t<\/div>\n\t\t\t\t<div class=\"elementor-element elementor-element-3b394f5 elementor-widget elementor-widget-shortcode\" data-id=\"3b394f5\" data-element_type=\"widget\" data-e-type=\"widget\" data-widget_type=\"shortcode.default\">\n\t\t\t\t<div class=\"elementor-widget-container\">\n\t\t\t\t\t\t\t<div class=\"elementor-shortcode\"><div class=\"_df_book df-lite\" id=\"df_16752\"  _slug=\"webinar-vbhc-und-iv-1-patientensicht\" data-title=\"webinar-vbhc-und-iv-1-patientensicht\" wpoptions=\"true\" thumbtype=\"\" ><\/div><script class=\"df-shortcode-script\" nowprocket type=\"application\/javascript\">window.option_df_16752 = {\"outline\":[],\"backgroundColor\":\"#f1f1f1\",\"height\":\"700\",\"autoEnableOutline\":\"false\",\"autoEnableThumbnail\":\"false\",\"overwritePDFOutline\":\"false\",\"direction\":\"1\",\"pageSize\":\"0\",\"source\":\"https:\\\/\\\/fmc.ch\\\/wp-content\\\/uploads\\\/2025\\\/11\\\/Langzusammenfassung_Webinar_29_10_2025_Patientensicht.pdf\",\"wpOptions\":\"true\"}; if(window.DFLIP && window.DFLIP.parseBooks){window.DFLIP.parseBooks();}<\/script><\/div>\n\t\t\t\t\t\t<\/div>\n\t\t\t\t<\/div>\n\t\t\t\t<div class=\"elementor-element elementor-element-106053a elementor-widget-divider--view-line elementor-widget elementor-widget-divider\" data-id=\"106053a\" data-element_type=\"widget\" data-e-type=\"widget\" data-widget_type=\"divider.default\">\n\t\t\t\t<div class=\"elementor-widget-container\">\n\t\t\t\t\t\t\t<div class=\"elementor-divider\">\n\t\t\t<span class=\"elementor-divider-separator\">\n\t\t\t\t\t\t<\/span>\n\t\t<\/div>\n\t\t\t\t\t\t<\/div>\n\t\t\t\t<\/div>\n\t\t\t\t<div class=\"elementor-element elementor-element-c28c235 elementor-widget elementor-widget-heading\" data-id=\"c28c235\" data-element_type=\"widget\" data-e-type=\"widget\" data-widget_type=\"heading.default\">\n\t\t\t\t<div class=\"elementor-widget-container\">\n\t\t\t\t\t<h2 class=\"elementor-heading-title elementor-size-default\">Enregistrement du webinaire<\/h2>\t\t\t\t<\/div>\n\t\t\t\t<\/div>\n\t\t\t\t<div class=\"elementor-element elementor-element-35eb871 elementor-widget elementor-widget-video\" data-id=\"35eb871\" data-element_type=\"widget\" data-e-type=\"widget\" data-settings=\"{&quot;youtube_url&quot;:&quot;https:\\\/\\\/youtu.be\\\/t5TdsBDBRqg&quot;,&quot;video_type&quot;:&quot;youtube&quot;,&quot;controls&quot;:&quot;yes&quot;}\" data-widget_type=\"video.default\">\n\t\t\t\t<div class=\"elementor-widget-container\">\n\t\t\t\t\t\t\t<div class=\"elementor-wrapper elementor-open-inline\">\n\t\t\t<div class=\"elementor-video\"><\/div>\t\t<\/div>\n\t\t\t\t\t\t<\/div>\n\t\t\t\t<\/div>\n\t\t\t\t\t<\/div>\n\t\t<\/div>\n\t\t\t\t\t<\/div>\n\t\t<\/section>\n\t\t\t\t<section class=\"elementor-section elementor-top-section elementor-element elementor-element-fddbf36 elementor-section-boxed elementor-section-height-default elementor-section-height-default\" data-id=\"fddbf36\" data-element_type=\"section\" data-e-type=\"section\">\n\t\t\t\t\t\t<div class=\"elementor-container elementor-column-gap-default\">\n\t\t\t\t\t<div class=\"elementor-column elementor-col-100 elementor-top-column elementor-element elementor-element-eff9c9e\" data-id=\"eff9c9e\" data-element_type=\"column\" data-e-type=\"column\">\n\t\t\t<div class=\"elementor-widget-wrap elementor-element-populated\">\n\t\t\t\t\t\t<div class=\"elementor-element elementor-element-990d6d1 elementor-widget-divider--view-line elementor-widget elementor-widget-divider\" data-id=\"990d6d1\" data-element_type=\"widget\" data-e-type=\"widget\" data-widget_type=\"divider.default\">\n\t\t\t\t<div class=\"elementor-widget-container\">\n\t\t\t\t\t\t\t<div class=\"elementor-divider\">\n\t\t\t<span class=\"elementor-divider-separator\">\n\t\t\t\t\t\t<\/span>\n\t\t<\/div>\n\t\t\t\t\t\t<\/div>\n\t\t\t\t<\/div>\n\t\t\t\t<div class=\"elementor-element elementor-element-f9a4bb1 elementor-invisible elementor-widget elementor-widget-heading\" data-id=\"f9a4bb1\" data-element_type=\"widget\" data-e-type=\"widget\" data-settings=\"{&quot;_animation&quot;:&quot;fadeInUp&quot;}\" data-widget_type=\"heading.default\">\n\t\t\t\t<div class=\"elementor-widget-container\">\n\t\t\t\t\t<h2 class=\"elementor-heading-title elementor-size-default\">26 novembre 2025, 12h00 \u00e0 13h00<\/h2>\t\t\t\t<\/div>\n\t\t\t\t<\/div>\n\t\t\t\t<div class=\"elementor-element elementor-element-ae00d39 elementor-invisible elementor-widget elementor-widget-heading\" data-id=\"ae00d39\" data-element_type=\"widget\" data-e-type=\"widget\" data-settings=\"{&quot;_animation&quot;:&quot;fadeInUp&quot;}\" data-widget_type=\"heading.default\">\n\t\t\t\t<div class=\"elementor-widget-container\">\n\t\t\t\t\t<h2 class=\"elementor-heading-title elementor-size-default\">Comment int\u00e9grer les aspects de la qualit\u00e9 dans le processus de soins ? (point de vue du syst\u00e8me)<\/h2>\t\t\t\t<\/div>\n\t\t\t\t<\/div>\n\t\t\t\t<div class=\"elementor-element elementor-element-3a7d96d elementor-invisible elementor-widget elementor-widget-text-editor\" data-id=\"3a7d96d\" data-element_type=\"widget\" data-e-type=\"widget\" data-settings=\"{&quot;_animation&quot;:&quot;fadeIn&quot;}\" data-widget_type=\"text-editor.default\">\n\t\t\t\t<div class=\"elementor-widget-container\">\n\t\t\t\t\t\t\t\t\t<ul><li>Vue depuis le <strong>secteur hospitalier<\/strong>: <a href=\"https:\/\/www.linkedin.com\/in\/alice-giese-a70832117\/\" target=\"_blank\" rel=\"noopener\">Alice Gise<\/a>, responsable de la qualit\u00e9 \u00e0 la direction de la sant\u00e9 de Zurich<\/li><li>Vue depuis le <strong>secteur ambulatoire<\/strong>: <a href=\"https:\/\/www.linkedin.com\/in\/thomas-gadient-3b464161\/\" target=\"_blank\" rel=\"noopener\">Thomas Gadient<\/a>Directeur g\u00e9n\u00e9ral d'InoCare<\/li><li>Vue depuis la <strong>Soins de longue dur\u00e9e<\/strong>:\u00a0<a href=\"https:\/\/www.linkedin.com\/in\/marlies-petrig-32a5bb264\/\" target=\"_blank\" rel=\"noopener\">Marlies Petrig<\/a>, CHO KZU Centre de comp\u00e9tences en soins et sant\u00e9<\/li><\/ul>\t\t\t\t\t\t\t\t<\/div>\n\t\t\t\t<\/div>\n\t\t\t\t<div class=\"elementor-element elementor-element-92df1cd elementor-widget-divider--view-line elementor-widget elementor-widget-divider\" data-id=\"92df1cd\" data-element_type=\"widget\" data-e-type=\"widget\" data-widget_type=\"divider.default\">\n\t\t\t\t<div class=\"elementor-widget-container\">\n\t\t\t\t\t\t\t<div class=\"elementor-divider\">\n\t\t\t<span class=\"elementor-divider-separator\">\n\t\t\t\t\t\t<\/span>\n\t\t<\/div>\n\t\t\t\t\t\t<\/div>\n\t\t\t\t<\/div>\n\t\t\t\t<div class=\"elementor-element elementor-element-1348521 elementor-widget elementor-widget-heading\" data-id=\"1348521\" data-element_type=\"widget\" data-e-type=\"widget\" data-widget_type=\"heading.default\">\n\t\t\t\t<div class=\"elementor-widget-container\">\n\t\t\t\t\t<h2 class=\"elementor-heading-title elementor-size-default\">R\u00e9sum\u00e9 du webinaire<\/h2>\t\t\t\t<\/div>\n\t\t\t\t<\/div>\n\t\t\t\t<div class=\"elementor-element elementor-element-8d739cb elementor-widget elementor-widget-text-editor\" data-id=\"8d739cb\" data-element_type=\"widget\" data-e-type=\"widget\" data-widget_type=\"text-editor.default\">\n\t\t\t\t<div class=\"elementor-widget-container\">\n\t\t\t\t\t\t\t\t\t<p><strong>Int\u00e9gration des aspects qualitatifs dans le processus de soins<\/strong><\/p><p>Le 26 novembre 2025 a eu lieu le deuxi\u00e8me webinaire de la s\u00e9rie commune de la fmc et de VBHC Suisse. Le module \u00e9tait consacr\u00e9 \u00e0 la question de savoir comment les aspects de la qualit\u00e9 peuvent \u00eatre ancr\u00e9s dans les processus de soins hospitaliers, ambulatoires et de longue dur\u00e9e. Les objectifs du webinaire \u00e9taient de cr\u00e9er la transparence sur les diff\u00e9rentes compr\u00e9hensions de la qualit\u00e9 et de montrer comment les deux dimensions de la qualit\u00e9 \"centr\u00e9e sur le patient\" et \"int\u00e9gr\u00e9e\" d\u00e9finies par l'OFSP sont mises en \u0153uvre dans la pratique.<\/p><p><strong>\u00a0<\/strong><strong>Oliver Strehle<\/strong> (fmc) a ouvert le webinaire en classant les dimensions de la qualit\u00e9 et a soulign\u00e9 que le centrage sur le patient et l'int\u00e9gration, en particulier, sont essentiels pour la VBHC et les soins int\u00e9gr\u00e9s.<\/p>\t\t\t\t\t\t\t\t<\/div>\n\t\t\t\t<\/div>\n\t\t\t\t<div class=\"elementor-element elementor-element-b85e1c7 elementor-widget elementor-widget-button\" data-id=\"b85e1c7\" data-element_type=\"widget\" data-e-type=\"widget\" data-widget_type=\"button.default\">\n\t\t\t\t<div class=\"elementor-widget-container\">\n\t\t\t\t\t\t\t\t\t<div class=\"elementor-button-wrapper\">\n\t\t\t\t\t<a class=\"elementor-button elementor-button-link elementor-size-sm\" href=\"https:\/\/fmc.ch\/wp-content\/uploads\/2025\/12\/Webinar-fmc-VBHC_26.11.2025_Einfuehrung.pdf\">\n\t\t\t\t\t\t<span class=\"elementor-button-content-wrapper\">\n\t\t\t\t\t\t\t\t\t<span class=\"elementor-button-text\">Cliquez ici pour acc\u00e9der \u00e0 la pr\u00e9sentation<\/span>\n\t\t\t\t\t<\/span>\n\t\t\t\t\t<\/a>\n\t\t\t\t<\/div>\n\t\t\t\t\t\t\t\t<\/div>\n\t\t\t\t<\/div>\n\t\t\t\t<div class=\"elementor-element elementor-element-2864bfb elementor-widget elementor-widget-text-editor\" data-id=\"2864bfb\" data-element_type=\"widget\" data-e-type=\"widget\" data-widget_type=\"text-editor.default\">\n\t\t\t\t<div class=\"elementor-widget-container\">\n\t\t\t\t\t\t\t\t\t<p><strong>Alice Giese<\/strong> (Direction de la sant\u00e9 de Zurich) a montr\u00e9 comment le canton de Zurich \u00e9value et d\u00e9veloppe syst\u00e9matiquement les soins hospitaliers au moyen de programmes de qualit\u00e9 cantonaux. Des rapports annuels, des cercles de qualit\u00e9 transparents r\u00e9unissant jusqu'\u00e0 70 participants ainsi que des analyses de donn\u00e9es permettent de discuter de la qualit\u00e9 des r\u00e9sultats sur la base de faits. Une culture de la confiance sans sanctions constitue la base de dialogues ouverts sur la qualit\u00e9.<\/p>\t\t\t\t\t\t\t\t<\/div>\n\t\t\t\t<\/div>\n\t\t\t\t<div class=\"elementor-element elementor-element-e4a6008 elementor-widget elementor-widget-button\" data-id=\"e4a6008\" data-element_type=\"widget\" data-e-type=\"widget\" data-widget_type=\"button.default\">\n\t\t\t\t<div class=\"elementor-widget-container\">\n\t\t\t\t\t\t\t\t\t<div class=\"elementor-button-wrapper\">\n\t\t\t\t\t<a class=\"elementor-button elementor-button-link elementor-size-sm\" href=\"https:\/\/fmc.ch\/wp-content\/uploads\/2025\/12\/Webinar-fmc-VBHC_26.11.2025_Kanton-ZH.pdf\">\n\t\t\t\t\t\t<span class=\"elementor-button-content-wrapper\">\n\t\t\t\t\t\t\t\t\t<span class=\"elementor-button-text\">Cliquez ici pour acc\u00e9der \u00e0 la pr\u00e9sentation<\/span>\n\t\t\t\t\t<\/span>\n\t\t\t\t\t<\/a>\n\t\t\t\t<\/div>\n\t\t\t\t\t\t\t\t<\/div>\n\t\t\t\t<\/div>\n\t\t\t\t<div class=\"elementor-element elementor-element-474cc69 elementor-widget elementor-widget-text-editor\" data-id=\"474cc69\" data-element_type=\"widget\" data-e-type=\"widget\" data-widget_type=\"text-editor.default\">\n\t\t\t\t<div class=\"elementor-widget-container\">\n\t\t\t\t\t\t\t\t\t<p><strong>Thomas Gadient<\/strong> (iNOCARE AG) a illustr\u00e9 la mani\u00e8re dont les r\u00e9seaux de m\u00e9decins ambulatoires assurent la qualit\u00e9 par le biais d'une gestion structur\u00e9e des soins chroniques (CCM). Les solutions num\u00e9riques, telles que myCURA CCM, permettent un pilotage bas\u00e9 sur des valeurs cibles ainsi qu'un benchmarking, mais elles r\u00e9v\u00e8lent \u00e9galement des d\u00e9fis : un travail de documentation important, des syst\u00e8mes informatiques h\u00e9t\u00e9rog\u00e8nes et l'absence d'interfaces rendent difficile une \u00e9valuation continue de la qualit\u00e9.<\/p>\t\t\t\t\t\t\t\t<\/div>\n\t\t\t\t<\/div>\n\t\t\t\t<div class=\"elementor-element elementor-element-bbf83e8 elementor-widget elementor-widget-button\" data-id=\"bbf83e8\" data-element_type=\"widget\" data-e-type=\"widget\" data-widget_type=\"button.default\">\n\t\t\t\t<div class=\"elementor-widget-container\">\n\t\t\t\t\t\t\t\t\t<div class=\"elementor-button-wrapper\">\n\t\t\t\t\t<a class=\"elementor-button elementor-button-link elementor-size-sm\" href=\"https:\/\/fmc.ch\/wp-content\/uploads\/2025\/12\/Webinar-fmc-VBHC_26.11.2025_iNOCARE.pdf\">\n\t\t\t\t\t\t<span class=\"elementor-button-content-wrapper\">\n\t\t\t\t\t\t\t\t\t<span class=\"elementor-button-text\">Cliquez ici pour acc\u00e9der \u00e0 la pr\u00e9sentation<\/span>\n\t\t\t\t\t<\/span>\n\t\t\t\t\t<\/a>\n\t\t\t\t<\/div>\n\t\t\t\t\t\t\t\t<\/div>\n\t\t\t\t<\/div>\n\t\t\t\t<div class=\"elementor-element elementor-element-7c42f70 elementor-widget elementor-widget-text-editor\" data-id=\"7c42f70\" data-element_type=\"widget\" data-e-type=\"widget\" data-widget_type=\"text-editor.default\">\n\t\t\t\t<div class=\"elementor-widget-container\">\n\t\t\t\t\t\t\t\t\t<p><strong>Marlies Petrig<\/strong> et <strong>Manuel Ulrich<\/strong> (KZU) ont montr\u00e9 comment les \u00e9tablissements de soins de longue dur\u00e9e d\u00e9clinent les indicateurs de qualit\u00e9 tels que la polym\u00e9dication, les escarres ou la perte de poids jusque dans les situations de groupe de vie et individuelles. La collaboration interprofessionnelle, la qualit\u00e9 du codage et les donn\u00e9es trimestrielles actuelles sont des facteurs de r\u00e9ussite essentiels ; parall\u00e8lement, il existe des d\u00e9fis structurels dus \u00e0 des processus manuels et \u00e0 des ressources limit\u00e9es.<\/p>\t\t\t\t\t\t\t\t<\/div>\n\t\t\t\t<\/div>\n\t\t\t\t<div class=\"elementor-element elementor-element-deedd4f elementor-widget elementor-widget-button\" data-id=\"deedd4f\" data-element_type=\"widget\" data-e-type=\"widget\" data-widget_type=\"button.default\">\n\t\t\t\t<div class=\"elementor-widget-container\">\n\t\t\t\t\t\t\t\t\t<div class=\"elementor-button-wrapper\">\n\t\t\t\t\t<a class=\"elementor-button elementor-button-link elementor-size-sm\" href=\"https:\/\/fmc.ch\/wp-content\/uploads\/2025\/12\/Webinar-fmc-VBHC_26.11.2025_KZU.pdf\">\n\t\t\t\t\t\t<span class=\"elementor-button-content-wrapper\">\n\t\t\t\t\t\t\t\t\t<span class=\"elementor-button-text\">Cliquez ici pour acc\u00e9der \u00e0 la pr\u00e9sentation<\/span>\n\t\t\t\t\t<\/span>\n\t\t\t\t\t<\/a>\n\t\t\t\t<\/div>\n\t\t\t\t\t\t\t\t<\/div>\n\t\t\t\t<\/div>\n\t\t\t\t<div class=\"elementor-element elementor-element-18c73f6 elementor-widget elementor-widget-text-editor\" data-id=\"18c73f6\" data-element_type=\"widget\" data-e-type=\"widget\" data-widget_type=\"text-editor.default\">\n\t\t\t\t<div class=\"elementor-widget-container\">\n\t\t\t\t\t\t\t\t\t<p>La discussion entre experts a clairement montr\u00e9 que le travail sur la qualit\u00e9 progresse dans tous les secteurs, mais que la fragmentation du syst\u00e8me emp\u00eache jusqu'\u00e0 pr\u00e9sent une \u00e9valuation intersectorielle. La polym\u00e9dication et la gestion des soins chroniques ont \u00e9t\u00e9 identifi\u00e9es comme des domaines cl\u00e9s dans lesquels un renforcement de la mise en r\u00e9seau apporterait des avantages consid\u00e9rables. Des cultures de qualit\u00e9 transparentes, des normes contraignantes et des solutions num\u00e9riques interop\u00e9rables sont des \u00e9l\u00e9ments d\u00e9cisifs.<\/p>\t\t\t\t\t\t\t\t<\/div>\n\t\t\t\t<\/div>\n\t\t\t\t<div class=\"elementor-element elementor-element-0d70346 elementor-widget-divider--view-line elementor-widget elementor-widget-divider\" data-id=\"0d70346\" data-element_type=\"widget\" data-e-type=\"widget\" data-widget_type=\"divider.default\">\n\t\t\t\t<div class=\"elementor-widget-container\">\n\t\t\t\t\t\t\t<div class=\"elementor-divider\">\n\t\t\t<span class=\"elementor-divider-separator\">\n\t\t\t\t\t\t<\/span>\n\t\t<\/div>\n\t\t\t\t\t\t<\/div>\n\t\t\t\t<\/div>\n\t\t\t\t<div class=\"elementor-element elementor-element-6f4d9ff elementor-widget elementor-widget-heading\" data-id=\"6f4d9ff\" data-element_type=\"widget\" data-e-type=\"widget\" data-widget_type=\"heading.default\">\n\t\t\t\t<div class=\"elementor-widget-container\">\n\t\t\t\t\t<h2 class=\"elementor-heading-title elementor-size-default\">R\u00e9sum\u00e9 du webinaire<\/h2>\t\t\t\t<\/div>\n\t\t\t\t<\/div>\n\t\t\t\t<div class=\"elementor-element elementor-element-5b2a9ef elementor-widget elementor-widget-shortcode\" data-id=\"5b2a9ef\" data-element_type=\"widget\" data-e-type=\"widget\" data-widget_type=\"shortcode.default\">\n\t\t\t\t<div class=\"elementor-widget-container\">\n\t\t\t\t\t\t\t<div class=\"elementor-shortcode\"><div class=\"_df_book df-lite\" id=\"df_17061\"  _slug=\"webinar-vbhc-fmc_26-11-2025_qualitaetsaspekte_zusammenfassung\" data-title=\"webinar-vbhc-fmc_26-11-2025_qualitaetsaspekte_zusammenfassung\" wpoptions=\"true\" thumbtype=\"\" ><\/div><script class=\"df-shortcode-script\" nowprocket type=\"application\/javascript\">window.option_df_17061 = {\"outline\":[],\"backgroundColor\":\"#f1f1f1\",\"height\":\"700\",\"autoEnableOutline\":\"false\",\"autoEnableThumbnail\":\"false\",\"overwritePDFOutline\":\"false\",\"direction\":\"1\",\"pageSize\":\"0\",\"source\":\"https:\\\/\\\/fmc.ch\\\/wp-content\\\/uploads\\\/2025\\\/12\\\/Webinar-VBHC-fmc_26.11.25_Qualitaetsaspekte_Zusammenfassung.pdf\",\"wpOptions\":\"true\"}; if(window.DFLIP && window.DFLIP.parseBooks){window.DFLIP.parseBooks();}<\/script><\/div>\n\t\t\t\t\t\t<\/div>\n\t\t\t\t<\/div>\n\t\t\t\t<div class=\"elementor-element elementor-element-0b488a1 elementor-widget-divider--view-line elementor-widget elementor-widget-divider\" data-id=\"0b488a1\" data-element_type=\"widget\" data-e-type=\"widget\" data-widget_type=\"divider.default\">\n\t\t\t\t<div class=\"elementor-widget-container\">\n\t\t\t\t\t\t\t<div class=\"elementor-divider\">\n\t\t\t<span class=\"elementor-divider-separator\">\n\t\t\t\t\t\t<\/span>\n\t\t<\/div>\n\t\t\t\t\t\t<\/div>\n\t\t\t\t<\/div>\n\t\t\t\t<div class=\"elementor-element elementor-element-1e3fa52 elementor-widget elementor-widget-heading\" data-id=\"1e3fa52\" data-element_type=\"widget\" data-e-type=\"widget\" data-widget_type=\"heading.default\">\n\t\t\t\t<div class=\"elementor-widget-container\">\n\t\t\t\t\t<h2 class=\"elementor-heading-title elementor-size-default\">Enregistrement du webinaire<\/h2>\t\t\t\t<\/div>\n\t\t\t\t<\/div>\n\t\t\t\t<div class=\"elementor-element elementor-element-711b5dc elementor-widget elementor-widget-video\" data-id=\"711b5dc\" data-element_type=\"widget\" data-e-type=\"widget\" data-settings=\"{&quot;youtube_url&quot;:&quot;https:\\\/\\\/youtu.be\\\/pjSo3NpilY8&quot;,&quot;video_type&quot;:&quot;youtube&quot;,&quot;controls&quot;:&quot;yes&quot;}\" data-widget_type=\"video.default\">\n\t\t\t\t<div class=\"elementor-widget-container\">\n\t\t\t\t\t\t\t<div class=\"elementor-wrapper elementor-open-inline\">\n\t\t\t<div class=\"elementor-video\"><\/div>\t\t<\/div>\n\t\t\t\t\t\t<\/div>\n\t\t\t\t<\/div>\n\t\t\t\t\t<\/div>\n\t\t<\/div>\n\t\t\t\t\t<\/div>\n\t\t<\/section>\n\t\t\t\t<section class=\"elementor-section elementor-top-section elementor-element elementor-element-31731b1 elementor-section-boxed elementor-section-height-default elementor-section-height-default\" data-id=\"31731b1\" data-element_type=\"section\" data-e-type=\"section\">\n\t\t\t\t\t\t<div class=\"elementor-container elementor-column-gap-default\">\n\t\t\t\t\t<div class=\"elementor-column elementor-col-100 elementor-top-column elementor-element elementor-element-b1095f4\" data-id=\"b1095f4\" data-element_type=\"column\" data-e-type=\"column\">\n\t\t\t<div class=\"elementor-widget-wrap elementor-element-populated\">\n\t\t\t\t\t\t<div class=\"elementor-element elementor-element-fa04eef elementor-widget-divider--view-line elementor-widget elementor-widget-divider\" data-id=\"fa04eef\" data-element_type=\"widget\" data-e-type=\"widget\" data-widget_type=\"divider.default\">\n\t\t\t\t<div class=\"elementor-widget-container\">\n\t\t\t\t\t\t\t<div class=\"elementor-divider\">\n\t\t\t<span class=\"elementor-divider-separator\">\n\t\t\t\t\t\t<\/span>\n\t\t<\/div>\n\t\t\t\t\t\t<\/div>\n\t\t\t\t<\/div>\n\t\t\t\t<div class=\"elementor-element elementor-element-2aa548c elementor-invisible elementor-widget elementor-widget-heading\" data-id=\"2aa548c\" data-element_type=\"widget\" data-e-type=\"widget\" data-settings=\"{&quot;_animation&quot;:&quot;fadeInUp&quot;}\" data-widget_type=\"heading.default\">\n\t\t\t\t<div class=\"elementor-widget-container\">\n\t\t\t\t\t<h2 class=\"elementor-heading-title elementor-size-default\">14 janvier 2026, 12h00 \u00e0 13h00<\/h2>\t\t\t\t<\/div>\n\t\t\t\t<\/div>\n\t\t\t\t<div class=\"elementor-element elementor-element-eb0f8a7 elementor-invisible elementor-widget elementor-widget-heading\" data-id=\"eb0f8a7\" data-element_type=\"widget\" data-e-type=\"widget\" data-settings=\"{&quot;_animation&quot;:&quot;fadeInUp&quot;}\" data-widget_type=\"heading.default\">\n\t\t\t\t<div class=\"elementor-widget-container\">\n\t\t\t\t\t<h2 class=\"elementor-heading-title elementor-size-default\">Le financement de la valeur - Exp\u00e9riences pratiques et attentes<\/h2>\t\t\t\t<\/div>\n\t\t\t\t<\/div>\n\t\t\t\t<div class=\"elementor-element elementor-element-045dbc9 elementor-invisible elementor-widget elementor-widget-text-editor\" data-id=\"045dbc9\" data-element_type=\"widget\" data-e-type=\"widget\" data-settings=\"{&quot;_animation&quot;:&quot;fadeIn&quot;}\" data-widget_type=\"text-editor.default\">\n\t\t\t\t<div class=\"elementor-widget-container\">\n\t\t\t\t\t\t\t\t\t<ul><li>Vue depuis le <strong>secteur stationnaire : <\/strong><a href=\"https:\/\/www.linkedin.com\/in\/annabell-m%C3%BCller-5585761a0\/\" target=\"_blank\" rel=\"noopener\">Annabell M\u00fcller<\/a>, USB, Patient Empowerment Initiative<\/li><li>Vue depuis la <strong>ambulatoire : <\/strong><a href=\"https:\/\/www.linkedin.com\/in\/philippe-schaller-8aa09135\/\" target=\"_blank\" rel=\"noopener\">Philippe Schaller<\/a>, Res\u00e9au Delta, Mod\u00e8les de financement du Res\u00e9au Delta<\/li><li>Point de vue d'un <strong>Assureur maladie<\/strong>: <span data-olk-copy-source=\"MessageBody\"><a href=\"https:\/\/www.linkedin.com\/in\/kstugay\/\" target=\"_blank\" rel=\"noopener\">Ksenia Tugay<\/a> et <a href=\"https:\/\/www.linkedin.com\/in\/claire-galesne-371044192\/\" target=\"_blank\" rel=\"noopener\">Claire Galesne<\/a>, Groupe Mutuel, Mod\u00e8les de financement d'une assurance-maladie<\/span><\/li><\/ul>\t\t\t\t\t\t\t\t<\/div>\n\t\t\t\t<\/div>\n\t\t\t\t<div class=\"elementor-element elementor-element-fb5a23b elementor-widget-divider--view-line elementor-widget elementor-widget-divider\" data-id=\"fb5a23b\" data-element_type=\"widget\" data-e-type=\"widget\" data-widget_type=\"divider.default\">\n\t\t\t\t<div class=\"elementor-widget-container\">\n\t\t\t\t\t\t\t<div class=\"elementor-divider\">\n\t\t\t<span class=\"elementor-divider-separator\">\n\t\t\t\t\t\t<\/span>\n\t\t<\/div>\n\t\t\t\t\t\t<\/div>\n\t\t\t\t<\/div>\n\t\t\t\t<div class=\"elementor-element elementor-element-33ce81c elementor-widget elementor-widget-heading\" data-id=\"33ce81c\" data-element_type=\"widget\" data-e-type=\"widget\" data-widget_type=\"heading.default\">\n\t\t\t\t<div class=\"elementor-widget-container\">\n\t\t\t\t\t<h2 class=\"elementor-heading-title elementor-size-default\">R\u00e9sum\u00e9 du webinaire<\/h2>\t\t\t\t<\/div>\n\t\t\t\t<\/div>\n\t\t\t\t<div class=\"elementor-element elementor-element-64e9029 elementor-widget elementor-widget-text-editor\" data-id=\"64e9029\" data-element_type=\"widget\" data-e-type=\"widget\" data-widget_type=\"text-editor.default\">\n\t\t\t\t<div class=\"elementor-widget-container\">\n\t\t\t\t\t\t\t\t\t<p>Avec le troisi\u00e8me et dernier webinaire de la fmc et de VBHC Suisse, la question centrale \u00e9tait de savoir comment financer concr\u00e8tement les efforts de qualit\u00e9 dans le sens de Value Based Health Care (VBHC). A l'aide d'exemples pratiques issus des soins hospitaliers et ambulatoires ainsi que du point de vue de l'assurance-maladie, les intervenants ont montr\u00e9 o\u00f9 se situent les limites du syst\u00e8me de r\u00e9mun\u00e9ration actuel et quelles approches de financement sont n\u00e9anmoins d\u00e9j\u00e0 mises en \u0153uvre aujourd'hui.<\/p>\t\t\t\t\t\t\t\t<\/div>\n\t\t\t\t<\/div>\n\t\t\t\t<div class=\"elementor-element elementor-element-e321fb7 elementor-widget elementor-widget-button\" data-id=\"e321fb7\" data-element_type=\"widget\" data-e-type=\"widget\" data-widget_type=\"button.default\">\n\t\t\t\t<div class=\"elementor-widget-container\">\n\t\t\t\t\t\t\t\t\t<div class=\"elementor-button-wrapper\">\n\t\t\t\t\t<a class=\"elementor-button elementor-button-link elementor-size-sm\" href=\"https:\/\/fmc.ch\/wp-content\/uploads\/2026\/01\/Webinar-fmc-VBHC_14.01.2026_Einfuehrung.pdf\">\n\t\t\t\t\t\t<span class=\"elementor-button-content-wrapper\">\n\t\t\t\t\t\t\t\t\t<span class=\"elementor-button-text\">Cliquez ici pour acc\u00e9der \u00e0 la pr\u00e9sentation<\/span>\n\t\t\t\t\t<\/span>\n\t\t\t\t\t<\/a>\n\t\t\t\t<\/div>\n\t\t\t\t\t\t\t\t<\/div>\n\t\t\t\t<\/div>\n\t\t\t\t<div class=\"elementor-element elementor-element-3f181e3 elementor-widget elementor-widget-text-editor\" data-id=\"3f181e3\" data-element_type=\"widget\" data-e-type=\"widget\" data-widget_type=\"text-editor.default\">\n\t\t\t\t<div class=\"elementor-widget-container\">\n\t\t\t\t\t\t\t\t\t<p>Annabell Schramm, de l'H\u00f4pital universitaire de B\u00e2le, a pr\u00e9sent\u00e9 avec la <em>Initiative d'autonomisation des patients<\/em> pr\u00e9sente un projet pilote qui teste une adaptation bas\u00e9e sur la qualit\u00e9 du remboursement des hospitalisations dans le domaine des arthroplasties de la hanche et du genou. Par le biais d'un taux de base dynamique, les effets sur la qualit\u00e9 et la quantit\u00e9 sont combin\u00e9s afin de promouvoir une meilleure qualit\u00e9 des indications et des r\u00e9sultats. Lors de la discussion, les participants se sont demand\u00e9s de mani\u00e8re critique si les incitations financi\u00e8res actuellement possibles \u00e9taient suffisantes pour d\u00e9clencher des changements de processus durables. Parall\u00e8lement, le besoin de normes nationales pour les PROM, la qualit\u00e9 des donn\u00e9es et la transparence est apparu clairement.<\/p>\t\t\t\t\t\t\t\t<\/div>\n\t\t\t\t<\/div>\n\t\t\t\t<div class=\"elementor-element elementor-element-0c258a4 elementor-widget elementor-widget-button\" data-id=\"0c258a4\" data-element_type=\"widget\" data-e-type=\"widget\" data-widget_type=\"button.default\">\n\t\t\t\t<div class=\"elementor-widget-container\">\n\t\t\t\t\t\t\t\t\t<div class=\"elementor-button-wrapper\">\n\t\t\t\t\t<a class=\"elementor-button elementor-button-link elementor-size-sm\" href=\"https:\/\/fmc.ch\/wp-content\/uploads\/2026\/01\/Webinar-fmc-VBHC_14.01.2026_USB.pdf\">\n\t\t\t\t\t\t<span class=\"elementor-button-content-wrapper\">\n\t\t\t\t\t\t\t\t\t<span class=\"elementor-button-text\">Cliquez ici pour acc\u00e9der \u00e0 la pr\u00e9sentation<\/span>\n\t\t\t\t\t<\/span>\n\t\t\t\t\t<\/a>\n\t\t\t\t<\/div>\n\t\t\t\t\t\t\t\t<\/div>\n\t\t\t\t<\/div>\n\t\t\t\t<div class=\"elementor-element elementor-element-dcbc383 elementor-widget elementor-widget-text-editor\" data-id=\"dcbc383\" data-element_type=\"widget\" data-e-type=\"widget\" data-widget_type=\"text-editor.default\">\n\t\t\t\t<div class=\"elementor-widget-container\">\n\t\t\t\t\t\t\t\t\t<p>Philippe Schaller du R\u00e9seau Delta a montr\u00e9, dans une perspective ambulatoire, que les mod\u00e8les de financement tels que la capitation permettent pr\u00e9cis\u00e9ment de fournir les prestations qui sont centrales pour les soins int\u00e9gr\u00e9s : La coordination, la continuit\u00e9, la pr\u00e9vention et les processus de soins interprofessionnels. Les conditions pr\u00e9alables sont des partenariats de confiance, des mod\u00e8les de contrat d\u00e9veloppables avec les assureurs (et de plus en plus avec les cantons) ainsi que des donn\u00e9es fiables pour \u00e9valuer la qualit\u00e9 et l'efficacit\u00e9.<\/p>\t\t\t\t\t\t\t\t<\/div>\n\t\t\t\t<\/div>\n\t\t\t\t<div class=\"elementor-element elementor-element-636b132 elementor-widget elementor-widget-button\" data-id=\"636b132\" data-element_type=\"widget\" data-e-type=\"widget\" data-widget_type=\"button.default\">\n\t\t\t\t<div class=\"elementor-widget-container\">\n\t\t\t\t\t\t\t\t\t<div class=\"elementor-button-wrapper\">\n\t\t\t\t\t<a class=\"elementor-button elementor-button-link elementor-size-sm\" href=\"https:\/\/fmc.ch\/wp-content\/uploads\/2026\/01\/Webinar-fmc-VBHC_14.01.2026_Reseau-Delta.pdf\">\n\t\t\t\t\t\t<span class=\"elementor-button-content-wrapper\">\n\t\t\t\t\t\t\t\t\t<span class=\"elementor-button-text\">Cliquez ici pour acc\u00e9der \u00e0 la pr\u00e9sentation<\/span>\n\t\t\t\t\t<\/span>\n\t\t\t\t\t<\/a>\n\t\t\t\t<\/div>\n\t\t\t\t\t\t\t\t<\/div>\n\t\t\t\t<\/div>\n\t\t\t\t<div class=\"elementor-element elementor-element-030d2ce elementor-widget elementor-widget-text-editor\" data-id=\"030d2ce\" data-element_type=\"widget\" data-e-type=\"widget\" data-widget_type=\"text-editor.default\">\n\t\t\t\t<div class=\"elementor-widget-container\">\n\t\t\t\t\t\t\t\t\t<p>Ksenia Tugay et Claire Galesne du Groupe Mutuel ont mis en \u00e9vidence le r\u00f4le actif que les assureurs-maladie peuvent jouer dans le d\u00e9veloppement des VBHC. Le Groupe Mutuel poursuit deux approches compl\u00e9mentaires en collaboration avec les fournisseurs de prestations : D'une part, il s'engage dans la mesure et le financement de la qualit\u00e9 avec le projet <em>Payer pour la valeur du patient<\/em>, Le projet a pour but d'\u00e9tablir un lien progressif entre les indicateurs de r\u00e9sultats et les incitations financi\u00e8res. D'autre part, ils favorisent l'int\u00e9gration des soins avec le projet <em>Am\u00e9liorer les soins du diab\u00e8te de type 2<\/em>, Le projet \"Sant\u00e9 pour tous\", qui am\u00e9liore la qualit\u00e9 des soins pour les personnes atteintes de maladies chroniques gr\u00e2ce \u00e0 une collaboration interprofessionnelle, \u00e0 un suivi structur\u00e9 et \u00e0 l'utilisation syst\u00e9matique de PROMs.<\/p>\t\t\t\t\t\t\t\t<\/div>\n\t\t\t\t<\/div>\n\t\t\t\t<div class=\"elementor-element elementor-element-d8ed8c7 elementor-widget elementor-widget-button\" data-id=\"d8ed8c7\" data-element_type=\"widget\" data-e-type=\"widget\" data-widget_type=\"button.default\">\n\t\t\t\t<div class=\"elementor-widget-container\">\n\t\t\t\t\t\t\t\t\t<div class=\"elementor-button-wrapper\">\n\t\t\t\t\t<a class=\"elementor-button elementor-button-link elementor-size-sm\" href=\"https:\/\/fmc.ch\/wp-content\/uploads\/2026\/01\/Webinar-fmc-VBHC_14.01.2026_Groupe-Mutuel.pdf\">\n\t\t\t\t\t\t<span class=\"elementor-button-content-wrapper\">\n\t\t\t\t\t\t\t\t\t<span class=\"elementor-button-text\">Cliquez ici pour acc\u00e9der \u00e0 la pr\u00e9sentation<\/span>\n\t\t\t\t\t<\/span>\n\t\t\t\t\t<\/a>\n\t\t\t\t<\/div>\n\t\t\t\t\t\t\t\t<\/div>\n\t\t\t\t<\/div>\n\t\t\t\t<div class=\"elementor-element elementor-element-2b112e1 elementor-widget elementor-widget-text-editor\" data-id=\"2b112e1\" data-element_type=\"widget\" data-e-type=\"widget\" data-widget_type=\"text-editor.default\">\n\t\t\t\t<div class=\"elementor-widget-container\">\n\t\t\t\t\t\t\t\t\t<p>Le webinaire a clairement montr\u00e9 que l'essentiel n'est pas seulement le financement, mais aussi la compr\u00e9hension commune de la mani\u00e8re dont la qualit\u00e9 est mesur\u00e9e, \u00e9valu\u00e9e et r\u00e9mun\u00e9r\u00e9e financi\u00e8rement.<\/p>\t\t\t\t\t\t\t\t<\/div>\n\t\t\t\t<\/div>\n\t\t\t\t<div class=\"elementor-element elementor-element-95e8bd2 elementor-widget-divider--view-line elementor-widget elementor-widget-divider\" data-id=\"95e8bd2\" data-element_type=\"widget\" data-e-type=\"widget\" data-widget_type=\"divider.default\">\n\t\t\t\t<div class=\"elementor-widget-container\">\n\t\t\t\t\t\t\t<div class=\"elementor-divider\">\n\t\t\t<span class=\"elementor-divider-separator\">\n\t\t\t\t\t\t<\/span>\n\t\t<\/div>\n\t\t\t\t\t\t<\/div>\n\t\t\t\t<\/div>\n\t\t\t\t<div class=\"elementor-element elementor-element-b58d48e elementor-widget elementor-widget-heading\" data-id=\"b58d48e\" data-element_type=\"widget\" data-e-type=\"widget\" data-widget_type=\"heading.default\">\n\t\t\t\t<div class=\"elementor-widget-container\">\n\t\t\t\t\t<h2 class=\"elementor-heading-title elementor-size-default\">R\u00e9sum\u00e9 du webinaire<\/h2>\t\t\t\t<\/div>\n\t\t\t\t<\/div>\n\t\t\t\t<div class=\"elementor-element elementor-element-d4eb21d elementor-widget elementor-widget-shortcode\" data-id=\"d4eb21d\" data-element_type=\"widget\" data-e-type=\"widget\" data-widget_type=\"shortcode.default\">\n\t\t\t\t<div class=\"elementor-widget-container\">\n\t\t\t\t\t\t\t<div class=\"elementor-shortcode\"><div class=\"_df_book df-lite\" id=\"df_17365\"  _slug=\"webinar-vbhc-und-fmc_finanzierung-des-values\" data-title=\"webinar-vbhc-und-fmc_finanzierung-des-values\" wpoptions=\"true\" thumbtype=\"\" ><\/div><script class=\"df-shortcode-script\" nowprocket type=\"application\/javascript\">window.option_df_17365 = {\"outline\":[],\"backgroundColor\":\"#f1f1f1\",\"height\":\"700\",\"autoEnableOutline\":\"false\",\"autoEnableThumbnail\":\"false\",\"overwritePDFOutline\":\"false\",\"direction\":\"1\",\"pageSize\":\"0\",\"source\":\"https:\\\/\\\/fmc.ch\\\/wp-content\\\/uploads\\\/2026\\\/01\\\/Webinar-VBHC-fmc_14.01.2026_Finanzierung-der-Qualitaet.pdf\",\"wpOptions\":\"true\"}; if(window.DFLIP && window.DFLIP.parseBooks){window.DFLIP.parseBooks();}<\/script><\/div>\n\t\t\t\t\t\t<\/div>\n\t\t\t\t<\/div>\n\t\t\t\t<div class=\"elementor-element elementor-element-a454070 elementor-widget-divider--view-line elementor-widget elementor-widget-divider\" data-id=\"a454070\" data-element_type=\"widget\" data-e-type=\"widget\" data-widget_type=\"divider.default\">\n\t\t\t\t<div class=\"elementor-widget-container\">\n\t\t\t\t\t\t\t<div class=\"elementor-divider\">\n\t\t\t<span class=\"elementor-divider-separator\">\n\t\t\t\t\t\t<\/span>\n\t\t<\/div>\n\t\t\t\t\t\t<\/div>\n\t\t\t\t<\/div>\n\t\t\t\t<div class=\"elementor-element elementor-element-9412ea1 elementor-widget elementor-widget-heading\" data-id=\"9412ea1\" data-element_type=\"widget\" data-e-type=\"widget\" data-widget_type=\"heading.default\">\n\t\t\t\t<div class=\"elementor-widget-container\">\n\t\t\t\t\t<h2 class=\"elementor-heading-title elementor-size-default\">Enregistrement du webinaire<\/h2>\t\t\t\t<\/div>\n\t\t\t\t<\/div>\n\t\t\t\t<div class=\"elementor-element elementor-element-b1cfb0a elementor-widget elementor-widget-video\" data-id=\"b1cfb0a\" data-element_type=\"widget\" data-e-type=\"widget\" data-settings=\"{&quot;youtube_url&quot;:&quot;https:\\\/\\\/youtu.be\\\/DX7BLxP0r8g&quot;,&quot;video_type&quot;:&quot;youtube&quot;,&quot;controls&quot;:&quot;yes&quot;}\" data-widget_type=\"video.default\">\n\t\t\t\t<div class=\"elementor-widget-container\">\n\t\t\t\t\t\t\t<div class=\"elementor-wrapper elementor-open-inline\">\n\t\t\t<div class=\"elementor-video\"><\/div>\t\t<\/div>\n\t\t\t\t\t\t<\/div>\n\t\t\t\t<\/div>\n\t\t\t\t<div class=\"elementor-element elementor-element-2581bab elementor-widget-divider--view-line elementor-widget elementor-widget-divider\" data-id=\"2581bab\" data-element_type=\"widget\" data-e-type=\"widget\" data-widget_type=\"divider.default\">\n\t\t\t\t<div class=\"elementor-widget-container\">\n\t\t\t\t\t\t\t<div class=\"elementor-divider\">\n\t\t\t<span class=\"elementor-divider-separator\">\n\t\t\t\t\t\t<\/span>\n\t\t<\/div>\n\t\t\t\t\t\t<\/div>\n\t\t\t\t<\/div>\n\t\t\t\t\t<\/div>\n\t\t<\/div>\n\t\t\t\t\t<\/div>\n\t\t<\/section>\n\t\t<!-- dce invisible element 60796f8 --><div class=\"elementor-element elementor-element-c66f56e e-flex e-con-boxed e-con e-parent\" data-id=\"c66f56e\" data-element_type=\"container\" data-e-type=\"container\">\n\t\t\t\t\t<div class=\"e-con-inner\">\n\t\t\t\t<div class=\"elementor-element elementor-element-5eaa520 elementor-widget-divider--view-line elementor-widget elementor-widget-divider\" data-id=\"5eaa520\" data-element_type=\"widget\" data-e-type=\"widget\" data-widget_type=\"divider.default\">\n\t\t\t\t<div class=\"elementor-widget-container\">\n\t\t\t\t\t\t\t<div class=\"elementor-divider\">\n\t\t\t<span class=\"elementor-divider-separator\">\n\t\t\t\t\t\t<\/span>\n\t\t<\/div>\n\t\t\t\t\t\t<\/div>\n\t\t\t\t<\/div>\n\t\t\t\t\t<\/div>\n\t\t\t\t<\/div>\n\t\t<div class=\"elementor-element elementor-element-7e745f7 e-flex e-con-boxed e-con e-parent\" data-id=\"7e745f7\" data-element_type=\"container\" data-e-type=\"container\">\n\t\t\t\t\t<div class=\"e-con-inner\">\n\t\t\t\t<div class=\"elementor-element elementor-element-3de9c5c elementor-widget elementor-widget-heading\" data-id=\"3de9c5c\" data-element_type=\"widget\" data-e-type=\"widget\" data-widget_type=\"heading.default\">\n\t\t\t\t<div class=\"elementor-widget-container\">\n\t\t\t\t\t<h2 class=\"elementor-heading-title elementor-size-default\">Autres articles sur le th\u00e8me Value-based Healthcare<\/h2>\t\t\t\t<\/div>\n\t\t\t\t<\/div>\n\t\t\t\t\t<\/div>\n\t\t\t\t<\/div>\n\t\t<div class=\"elementor-element elementor-element-0b50652 e-flex e-con-boxed e-con e-parent\" data-id=\"0b50652\" data-element_type=\"container\" data-e-type=\"container\">\n\t\t\t\t\t<div class=\"e-con-inner\">\n\t\t\t\t<div class=\"elementor-element elementor-element-8240f4c elementor-widget elementor-widget-text-editor\" data-id=\"8240f4c\" data-element_type=\"widget\" data-e-type=\"widget\" data-widget_type=\"text-editor.default\">\n\t\t\t\t<div class=\"elementor-widget-container\">\n\t\t\t\t\t\t\t\t\t<ul><li><a href=\"https:\/\/fmc.ch\/fr\/webinaire-value-based-healthcare\/\" target=\"_blank\" rel=\"noopener\">Value based Cancer Care - Comment impl\u00e9menter les \"Value based Outcome Measures\" en Suisse ?<\/a><\/li><li><a href=\"https:\/\/fmc.ch\/fr\/atelier-de-sante-base-sur-la-valeur\/\" target=\"_blank\" rel=\"noopener\">\u00c9v\u00e9nement fmc : Atelier Value-based Healthcare<\/a><\/li><li><a href=\"https:\/\/fmc.ch\/fr\/guide-de-la-sante-basee-sur-la-valeur\/\" target=\"_blank\" rel=\"noopener\">Value-based Healthcare - de la th\u00e9orie \u00e0 la pratique - Un guide pour la mise en \u0153uvre<\/a><\/li><\/ul>\t\t\t\t\t\t\t\t<\/div>\n\t\t\t\t<\/div>\n\t\t\t\t\t<\/div>\n\t\t\t\t<\/div>\n\t\t\t\t<\/div>","protected":false},"excerpt":{"rendered":"<p>VBHC &amp; Integrated Care : joindre les forces pour atteindre un syst\u00e8me ax\u00e9 sur la sant\u00e9<\/p>","protected":false},"author":2,"featured_media":16208,"comment_status":"closed","ping_status":"closed","sticky":false,"template":"","format":[138,141],"meta":{"footnotes":""},"strategie":[163],"thema":[152,168],"class_list":["post-16206","post","type-post","status-publish","format-standard","has-post-thumbnail","hentry","strategie-integrierte-versorgung-allgemein","thema-interprofessionelle-zusammenarbeit","thema-qualitaetsentwicklung","format-veranstaltung","format-webinare"],"yoast_head":"<!-- This site is optimized with the Yoast SEO plugin v27.5 - https:\/\/yoast.com\/product\/yoast-seo-wordpress\/ -->\n<title>Webinarreihe: VBHC &amp; Integrated Care : joining forces to reach a health-focused system - FMC<\/title>\n<meta name=\"description\" content=\"Anhand von Beispielen wird aufgezeigt, wie in der Praxis die beiden Konzept-Elemente von Valuebased Healthcare und der integrierten Versorgung umgesetzt werden\" \/>\n<meta name=\"robots\" content=\"index, follow, max-snippet:-1, max-image-preview:large, max-video-preview:-1\" \/>\n<link rel=\"canonical\" href=\"https:\/\/fmc.ch\/fr\/serie-de-webinaires-vbhc-et-soins-integres\/\" \/>\n<meta property=\"og:locale\" content=\"fr_FR\" \/>\n<meta property=\"og:type\" content=\"article\" \/>\n<meta property=\"og:title\" content=\"Webinarreihe: VBHC &amp; Integrated Care : joining forces to reach a health-focused system - FMC\" \/>\n<meta property=\"og:description\" content=\"Anhand von Beispielen wird aufgezeigt, wie in der Praxis die beiden Konzept-Elemente von Valuebased Healthcare und der integrierten Versorgung umgesetzt werden\" \/>\n<meta property=\"og:url\" content=\"https:\/\/fmc.ch\/fr\/serie-de-webinaires-vbhc-et-soins-integres\/\" \/>\n<meta property=\"og:site_name\" content=\"FMC\" \/>\n<meta property=\"article:published_time\" content=\"2025-10-02T06:39:56+00:00\" \/>\n<meta property=\"article:modified_time\" content=\"2026-01-24T13:42:49+00:00\" \/>\n<meta property=\"og:image\" content=\"https:\/\/fmc.ch\/wp-content\/uploads\/2025\/08\/Webinar-VBHC-und-fmc-2.png\" \/>\n\t<meta property=\"og:image:width\" content=\"569\" \/>\n\t<meta property=\"og:image:height\" content=\"503\" \/>\n\t<meta property=\"og:image:type\" content=\"image\/png\" \/>\n<meta name=\"author\" content=\"Nadja Blanchard\" \/>\n<meta name=\"twitter:card\" content=\"summary_large_image\" \/>\n<meta name=\"twitter:label1\" content=\"\u00c9crit par\" \/>\n\t<meta name=\"twitter:data1\" content=\"Nadja Blanchard\" \/>\n\t<meta name=\"twitter:label2\" content=\"Dur\u00e9e de lecture estim\u00e9e\" \/>\n\t<meta name=\"twitter:data2\" content=\"7 minutes\" \/>\n<script type=\"application\/ld+json\" class=\"yoast-schema-graph\">{\"@context\":\"https:\\\/\\\/schema.org\",\"@graph\":[{\"@type\":\"Article\",\"@id\":\"https:\\\/\\\/fmc.ch\\\/webinarreihe-vbhc-und-integrierte-versorgung\\\/#article\",\"isPartOf\":{\"@id\":\"https:\\\/\\\/fmc.ch\\\/webinarreihe-vbhc-und-integrierte-versorgung\\\/\"},\"author\":{\"name\":\"Nadja Blanchard\",\"@id\":\"https:\\\/\\\/fmc.ch\\\/#\\\/schema\\\/person\\\/3a7218d283691f8ef8cf410e4615e507\"},\"headline\":\"Webinarreihe: VBHC &amp; Integrated Care : joining forces to reach a health-focused system\",\"datePublished\":\"2025-10-02T06:39:56+00:00\",\"dateModified\":\"2026-01-24T13:42:49+00:00\",\"mainEntityOfPage\":{\"@id\":\"https:\\\/\\\/fmc.ch\\\/webinarreihe-vbhc-und-integrierte-versorgung\\\/\"},\"wordCount\":1347,\"publisher\":{\"@id\":\"https:\\\/\\\/fmc.ch\\\/#organization\"},\"image\":{\"@id\":\"https:\\\/\\\/fmc.ch\\\/webinarreihe-vbhc-und-integrierte-versorgung\\\/#primaryimage\"},\"thumbnailUrl\":\"https:\\\/\\\/fmc.ch\\\/wp-content\\\/uploads\\\/2025\\\/08\\\/Webinar-VBHC-und-fmc-2.png\",\"articleSection\":[\"Webinare\"],\"inLanguage\":\"fr-FR\"},{\"@type\":\"WebPage\",\"@id\":\"https:\\\/\\\/fmc.ch\\\/webinarreihe-vbhc-und-integrierte-versorgung\\\/\",\"url\":\"https:\\\/\\\/fmc.ch\\\/webinarreihe-vbhc-und-integrierte-versorgung\\\/\",\"name\":\"Webinarreihe: VBHC &amp; Integrated Care : joining forces to reach a health-focused system - FMC\",\"isPartOf\":{\"@id\":\"https:\\\/\\\/fmc.ch\\\/#website\"},\"primaryImageOfPage\":{\"@id\":\"https:\\\/\\\/fmc.ch\\\/webinarreihe-vbhc-und-integrierte-versorgung\\\/#primaryimage\"},\"image\":{\"@id\":\"https:\\\/\\\/fmc.ch\\\/webinarreihe-vbhc-und-integrierte-versorgung\\\/#primaryimage\"},\"thumbnailUrl\":\"https:\\\/\\\/fmc.ch\\\/wp-content\\\/uploads\\\/2025\\\/08\\\/Webinar-VBHC-und-fmc-2.png\",\"datePublished\":\"2025-10-02T06:39:56+00:00\",\"dateModified\":\"2026-01-24T13:42:49+00:00\",\"description\":\"Anhand von Beispielen wird aufgezeigt, wie in der Praxis die beiden Konzept-Elemente von Valuebased Healthcare und der integrierten Versorgung umgesetzt werden\",\"breadcrumb\":{\"@id\":\"https:\\\/\\\/fmc.ch\\\/webinarreihe-vbhc-und-integrierte-versorgung\\\/#breadcrumb\"},\"inLanguage\":\"fr-FR\",\"potentialAction\":[{\"@type\":\"ReadAction\",\"target\":[\"https:\\\/\\\/fmc.ch\\\/webinarreihe-vbhc-und-integrierte-versorgung\\\/\"]}]},{\"@type\":\"ImageObject\",\"inLanguage\":\"fr-FR\",\"@id\":\"https:\\\/\\\/fmc.ch\\\/webinarreihe-vbhc-und-integrierte-versorgung\\\/#primaryimage\",\"url\":\"https:\\\/\\\/fmc.ch\\\/wp-content\\\/uploads\\\/2025\\\/08\\\/Webinar-VBHC-und-fmc-2.png\",\"contentUrl\":\"https:\\\/\\\/fmc.ch\\\/wp-content\\\/uploads\\\/2025\\\/08\\\/Webinar-VBHC-und-fmc-2.png\",\"width\":569,\"height\":503},{\"@type\":\"BreadcrumbList\",\"@id\":\"https:\\\/\\\/fmc.ch\\\/webinarreihe-vbhc-und-integrierte-versorgung\\\/#breadcrumb\",\"itemListElement\":[{\"@type\":\"ListItem\",\"position\":1,\"name\":\"Home\",\"item\":\"https:\\\/\\\/fmc.ch\\\/\"},{\"@type\":\"ListItem\",\"position\":2,\"name\":\"Webinarreihe: VBHC &amp; Integrated Care : joining forces to reach a health-focused system\"}]},{\"@type\":\"WebSite\",\"@id\":\"https:\\\/\\\/fmc.ch\\\/#website\",\"url\":\"https:\\\/\\\/fmc.ch\\\/\",\"name\":\"FMC\",\"description\":\"Schweizer Forum f\u00fcr Integrierte Versorgung\",\"publisher\":{\"@id\":\"https:\\\/\\\/fmc.ch\\\/#organization\"},\"potentialAction\":[{\"@type\":\"SearchAction\",\"target\":{\"@type\":\"EntryPoint\",\"urlTemplate\":\"https:\\\/\\\/fmc.ch\\\/?s={search_term_string}\"},\"query-input\":{\"@type\":\"PropertyValueSpecification\",\"valueRequired\":true,\"valueName\":\"search_term_string\"}}],\"inLanguage\":\"fr-FR\"},{\"@type\":\"Organization\",\"@id\":\"https:\\\/\\\/fmc.ch\\\/#organization\",\"name\":\"FMC\",\"url\":\"https:\\\/\\\/fmc.ch\\\/\",\"logo\":{\"@type\":\"ImageObject\",\"inLanguage\":\"fr-FR\",\"@id\":\"https:\\\/\\\/fmc.ch\\\/#\\\/schema\\\/logo\\\/image\\\/\",\"url\":\"https:\\\/\\\/fmc.ch\\\/wp-content\\\/uploads\\\/2023\\\/09\\\/fmc-logo.svg\",\"contentUrl\":\"https:\\\/\\\/fmc.ch\\\/wp-content\\\/uploads\\\/2023\\\/09\\\/fmc-logo.svg\",\"caption\":\"FMC\"},\"image\":{\"@id\":\"https:\\\/\\\/fmc.ch\\\/#\\\/schema\\\/logo\\\/image\\\/\"}},{\"@type\":\"Person\",\"@id\":\"https:\\\/\\\/fmc.ch\\\/#\\\/schema\\\/person\\\/3a7218d283691f8ef8cf410e4615e507\",\"name\":\"Nadja Blanchard\",\"image\":{\"@type\":\"ImageObject\",\"inLanguage\":\"fr-FR\",\"@id\":\"https:\\\/\\\/secure.gravatar.com\\\/avatar\\\/729fbcebbfccd7834565b1398470d6ea84a4f3e7525873a0cb368db99228ce7b?s=96&d=mm&r=g\",\"url\":\"https:\\\/\\\/secure.gravatar.com\\\/avatar\\\/729fbcebbfccd7834565b1398470d6ea84a4f3e7525873a0cb368db99228ce7b?s=96&d=mm&r=g\",\"contentUrl\":\"https:\\\/\\\/secure.gravatar.com\\\/avatar\\\/729fbcebbfccd7834565b1398470d6ea84a4f3e7525873a0cb368db99228ce7b?s=96&d=mm&r=g\",\"caption\":\"Nadja Blanchard\"},\"url\":\"https:\\\/\\\/fmc.ch\\\/fr\\\/author\\\/nadja-blanchardfmc-ch\\\/\"}]}<\/script>\n<!-- \/ Yoast SEO plugin. -->","yoast_head_json":{"title":"S\u00e9rie de webinaires : VBHC &amp; Integrated Care : joindre les forces pour atteindre un syst\u00e8me ax\u00e9 sur la sant\u00e9 - FMC","description":"Des exemples montrent comment les deux \u00e9l\u00e9ments du concept de Valuebased Healthcare et de soins int\u00e9gr\u00e9s sont mis en \u0153uvre dans la pratique.","robots":{"index":"index","follow":"follow","max-snippet":"max-snippet:-1","max-image-preview":"max-image-preview:large","max-video-preview":"max-video-preview:-1"},"canonical":"https:\/\/fmc.ch\/fr\/serie-de-webinaires-vbhc-et-soins-integres\/","og_locale":"fr_FR","og_type":"article","og_title":"Webinarreihe: VBHC &amp; Integrated Care : joining forces to reach a health-focused system - FMC","og_description":"Anhand von Beispielen wird aufgezeigt, wie in der Praxis die beiden Konzept-Elemente von Valuebased Healthcare und der integrierten Versorgung umgesetzt werden","og_url":"https:\/\/fmc.ch\/fr\/serie-de-webinaires-vbhc-et-soins-integres\/","og_site_name":"FMC","article_published_time":"2025-10-02T06:39:56+00:00","article_modified_time":"2026-01-24T13:42:49+00:00","og_image":[{"width":569,"height":503,"url":"https:\/\/fmc.ch\/wp-content\/uploads\/2025\/08\/Webinar-VBHC-und-fmc-2.png","type":"image\/png"}],"author":"Nadja Blanchard","twitter_card":"summary_large_image","twitter_misc":{"\u00c9crit par":"Nadja Blanchard","Dur\u00e9e de lecture estim\u00e9e":"7 minutes"},"schema":{"@context":"https:\/\/schema.org","@graph":[{"@type":"Article","@id":"https:\/\/fmc.ch\/webinarreihe-vbhc-und-integrierte-versorgung\/#article","isPartOf":{"@id":"https:\/\/fmc.ch\/webinarreihe-vbhc-und-integrierte-versorgung\/"},"author":{"name":"Nadja Blanchard","@id":"https:\/\/fmc.ch\/#\/schema\/person\/3a7218d283691f8ef8cf410e4615e507"},"headline":"Webinarreihe: VBHC &amp; Integrated Care : joining forces to reach a health-focused system","datePublished":"2025-10-02T06:39:56+00:00","dateModified":"2026-01-24T13:42:49+00:00","mainEntityOfPage":{"@id":"https:\/\/fmc.ch\/webinarreihe-vbhc-und-integrierte-versorgung\/"},"wordCount":1347,"publisher":{"@id":"https:\/\/fmc.ch\/#organization"},"image":{"@id":"https:\/\/fmc.ch\/webinarreihe-vbhc-und-integrierte-versorgung\/#primaryimage"},"thumbnailUrl":"https:\/\/fmc.ch\/wp-content\/uploads\/2025\/08\/Webinar-VBHC-und-fmc-2.png","articleSection":["Webinare"],"inLanguage":"fr-FR"},{"@type":"WebPage","@id":"https:\/\/fmc.ch\/webinarreihe-vbhc-und-integrierte-versorgung\/","url":"https:\/\/fmc.ch\/webinarreihe-vbhc-und-integrierte-versorgung\/","name":"S\u00e9rie de webinaires : VBHC &amp; Integrated Care : joindre les forces pour atteindre un syst\u00e8me ax\u00e9 sur la sant\u00e9 - FMC","isPartOf":{"@id":"https:\/\/fmc.ch\/#website"},"primaryImageOfPage":{"@id":"https:\/\/fmc.ch\/webinarreihe-vbhc-und-integrierte-versorgung\/#primaryimage"},"image":{"@id":"https:\/\/fmc.ch\/webinarreihe-vbhc-und-integrierte-versorgung\/#primaryimage"},"thumbnailUrl":"https:\/\/fmc.ch\/wp-content\/uploads\/2025\/08\/Webinar-VBHC-und-fmc-2.png","datePublished":"2025-10-02T06:39:56+00:00","dateModified":"2026-01-24T13:42:49+00:00","description":"Des exemples montrent comment les deux \u00e9l\u00e9ments du concept de Valuebased Healthcare et de soins int\u00e9gr\u00e9s sont mis en \u0153uvre dans la pratique.","breadcrumb":{"@id":"https:\/\/fmc.ch\/webinarreihe-vbhc-und-integrierte-versorgung\/#breadcrumb"},"inLanguage":"fr-FR","potentialAction":[{"@type":"ReadAction","target":["https:\/\/fmc.ch\/webinarreihe-vbhc-und-integrierte-versorgung\/"]}]},{"@type":"ImageObject","inLanguage":"fr-FR","@id":"https:\/\/fmc.ch\/webinarreihe-vbhc-und-integrierte-versorgung\/#primaryimage","url":"https:\/\/fmc.ch\/wp-content\/uploads\/2025\/08\/Webinar-VBHC-und-fmc-2.png","contentUrl":"https:\/\/fmc.ch\/wp-content\/uploads\/2025\/08\/Webinar-VBHC-und-fmc-2.png","width":569,"height":503},{"@type":"BreadcrumbList","@id":"https:\/\/fmc.ch\/webinarreihe-vbhc-und-integrierte-versorgung\/#breadcrumb","itemListElement":[{"@type":"ListItem","position":1,"name":"Home","item":"https:\/\/fmc.ch\/"},{"@type":"ListItem","position":2,"name":"Webinarreihe: VBHC &amp; Integrated Care : joining forces to reach a health-focused system"}]},{"@type":"WebSite","@id":"https:\/\/fmc.ch\/#website","url":"https:\/\/fmc.ch\/","name":"FMC","description":"Forum suisse des soins int\u00e9gr\u00e9s","publisher":{"@id":"https:\/\/fmc.ch\/#organization"},"potentialAction":[{"@type":"SearchAction","target":{"@type":"EntryPoint","urlTemplate":"https:\/\/fmc.ch\/?s={search_term_string}"},"query-input":{"@type":"PropertyValueSpecification","valueRequired":true,"valueName":"search_term_string"}}],"inLanguage":"fr-FR"},{"@type":"Organization","@id":"https:\/\/fmc.ch\/#organization","name":"FMC","url":"https:\/\/fmc.ch\/","logo":{"@type":"ImageObject","inLanguage":"fr-FR","@id":"https:\/\/fmc.ch\/#\/schema\/logo\/image\/","url":"https:\/\/fmc.ch\/wp-content\/uploads\/2023\/09\/fmc-logo.svg","contentUrl":"https:\/\/fmc.ch\/wp-content\/uploads\/2023\/09\/fmc-logo.svg","caption":"FMC"},"image":{"@id":"https:\/\/fmc.ch\/#\/schema\/logo\/image\/"}},{"@type":"Person","@id":"https:\/\/fmc.ch\/#\/schema\/person\/3a7218d283691f8ef8cf410e4615e507","name":"Nadja Blanchard","image":{"@type":"ImageObject","inLanguage":"fr-FR","@id":"https:\/\/secure.gravatar.com\/avatar\/729fbcebbfccd7834565b1398470d6ea84a4f3e7525873a0cb368db99228ce7b?s=96&d=mm&r=g","url":"https:\/\/secure.gravatar.com\/avatar\/729fbcebbfccd7834565b1398470d6ea84a4f3e7525873a0cb368db99228ce7b?s=96&d=mm&r=g","contentUrl":"https:\/\/secure.gravatar.com\/avatar\/729fbcebbfccd7834565b1398470d6ea84a4f3e7525873a0cb368db99228ce7b?s=96&d=mm&r=g","caption":"Nadja Blanchard"},"url":"https:\/\/fmc.ch\/fr\/author\/nadja-blanchardfmc-ch\/"}]}},"_links":{"self":[{"href":"https:\/\/fmc.ch\/fr\/wp-json\/wp\/v2\/posts\/16206","targetHints":{"allow":["GET"]}}],"collection":[{"href":"https:\/\/fmc.ch\/fr\/wp-json\/wp\/v2\/posts"}],"about":[{"href":"https:\/\/fmc.ch\/fr\/wp-json\/wp\/v2\/types\/post"}],"author":[{"embeddable":true,"href":"https:\/\/fmc.ch\/fr\/wp-json\/wp\/v2\/users\/2"}],"replies":[{"embeddable":true,"href":"https:\/\/fmc.ch\/fr\/wp-json\/wp\/v2\/comments?post=16206"}],"version-history":[{"count":124,"href":"https:\/\/fmc.ch\/fr\/wp-json\/wp\/v2\/posts\/16206\/revisions"}],"predecessor-version":[{"id":17386,"href":"https:\/\/fmc.ch\/fr\/wp-json\/wp\/v2\/posts\/16206\/revisions\/17386"}],"wp:featuredmedia":[{"embeddable":true,"href":"https:\/\/fmc.ch\/fr\/wp-json\/wp\/v2\/media\/16208"}],"wp:attachment":[{"href":"https:\/\/fmc.ch\/fr\/wp-json\/wp\/v2\/media?parent=16206"}],"wp:term":[{"taxonomy":"strategie","embeddable":true,"href":"https:\/\/fmc.ch\/fr\/wp-json\/wp\/v2\/strategie?post=16206"},{"taxonomy":"thema","embeddable":true,"href":"https:\/\/fmc.ch\/fr\/wp-json\/wp\/v2\/thema?post=16206"},{"taxonomy":"format","embeddable":true,"href":"https:\/\/fmc.ch\/fr\/wp-json\/wp\/v2\/format?post=16206"}],"curies":[{"name":"wp","href":"https:\/\/api.w.org\/{rel}","templated":true}]}}