{"id":16183,"date":"2025-10-02T07:40:28","date_gmt":"2025-10-02T06:40:28","guid":{"rendered":"https:\/\/fmc.ch\/?p=16183"},"modified":"2026-04-26T11:08:34","modified_gmt":"2026-04-26T10:08:34","slug":"serie-de-webinaires-fmc-hsg-management-journal-club-2","status":"publish","type":"post","link":"https:\/\/fmc.ch\/fr\/webinarreihe-fmc-hsg-management-journal-club-2\/","title":{"rendered":"S\u00e9rie de webinaires : fmc HSG Management Journal Club"},"content":{"rendered":"<div data-elementor-type=\"wp-post\" data-elementor-id=\"16183\" class=\"elementor elementor-16183\" data-elementor-post-type=\"post\">\n\t\t\t\t\t\t<section class=\"elementor-section elementor-top-section elementor-element elementor-element-54241ea elementor-section-boxed elementor-section-height-default elementor-section-height-default elementor-invisible\" data-id=\"54241ea\" data-element_type=\"section\" data-e-type=\"section\" data-settings=\"{&quot;animation&quot;:&quot;fadeIn&quot;}\">\n\t\t\t\t\t\t<div class=\"elementor-container elementor-column-gap-default\">\n\t\t\t\t\t<div class=\"elementor-column elementor-col-100 elementor-top-column elementor-element elementor-element-be3a7a3\" data-id=\"be3a7a3\" data-element_type=\"column\" data-e-type=\"column\">\n\t\t\t<div class=\"elementor-widget-wrap elementor-element-populated\">\n\t\t\t\t\t\t<div class=\"elementor-element elementor-element-adcd830 elementor-widget elementor-widget-text-editor\" data-id=\"adcd830\" data-element_type=\"widget\" data-e-type=\"widget\" data-widget_type=\"text-editor.default\">\n\t\t\t\t<div class=\"elementor-widget-container\">\n\t\t\t\t\t\t\t\t\t<h3>La promotion du transfert dans la pratique est une pr\u00e9occupation majeure du fmc. Dans le cadre d'une s\u00e9rie de webinaires organis\u00e9s avec le professeur Matthias Mitterlechner de l'HSG, nous vous pr\u00e9senterons une s\u00e9lection d'articles sp\u00e9cialis\u00e9s et leurs principales conclusions, puis nous en discuterons avec des experts de la pratique et les participants sur le plan technique et pratique.<\/h3>\t\t\t\t\t\t\t\t<\/div>\n\t\t\t\t<\/div>\n\t\t\t\t\t<\/div>\n\t\t<\/div>\n\t\t\t\t\t<\/div>\n\t\t<\/section>\n\t\t\t\t<section class=\"elementor-section elementor-top-section elementor-element elementor-element-5bab1ad elementor-section-boxed elementor-section-height-default elementor-section-height-default\" data-id=\"5bab1ad\" data-element_type=\"section\" data-e-type=\"section\">\n\t\t\t\t\t\t<div class=\"elementor-container elementor-column-gap-default\">\n\t\t\t\t\t<div class=\"elementor-column elementor-col-100 elementor-top-column elementor-element elementor-element-fb70341\" data-id=\"fb70341\" data-element_type=\"column\" data-e-type=\"column\">\n\t\t\t<div class=\"elementor-widget-wrap elementor-element-populated\">\n\t\t\t\t\t\t<div class=\"elementor-element elementor-element-72017ad elementor-invisible elementor-widget elementor-widget-text-editor\" data-id=\"72017ad\" data-element_type=\"widget\" data-e-type=\"widget\" data-settings=\"{&quot;_animation&quot;:&quot;fadeIn&quot;}\" data-widget_type=\"text-editor.default\">\n\t\t\t\t<div class=\"elementor-widget-container\">\n\t\t\t\t\t\t\t\t\t<div class=\"neos-nodetypes-text\"><div><p>Dans le fmc-HSG Management Journal Club, nous abordons la mise en \u0153uvre d'initiatives de soins int\u00e9gr\u00e9s sous diff\u00e9rentes perspectives de gestion. Outre la compr\u00e9hension des \"points chauds\" de la mise en \u0153uvre, il s'agit notamment de la conception d'initiatives d'approvisionnement en tant que travail strat\u00e9gique, de mise en sc\u00e8ne communicative, d'optimisation \u00e9volutive des processus et de travail de direction. Ces cinq perspectives se compl\u00e8tent et s'appuient les unes sur les autres.<\/p><p><strong>Objectif<\/strong><\/p><p class=\"StandardohneAbstand\" style=\"text-align: left;\">Le vieillissement d\u00e9mographique et l'augmentation des maladies chroniques exigent une mise en r\u00e9seau encore plus forte entre les acteurs du syst\u00e8me de sant\u00e9 et du secteur social suisses. La pertinence croissante d'une prise en charge int\u00e9gr\u00e9e et coordonn\u00e9e, comprise comme la coordination inter-organisationnelle d'activit\u00e9s de cr\u00e9ation de valeur centr\u00e9es sur le patient, est aujourd'hui largement accept\u00e9e. Parall\u00e8lement, de nombreuses initiatives \u00e9chouent souvent au niveau de la mise en \u0153uvre, malgr\u00e9 les meilleures intentions de tous les participants. Le fmc-HSG Management Journal Club a pour objectif de discuter et de r\u00e9fl\u00e9chir aux \u00e9tapes de travail et aux conditions de r\u00e9ussite pour la mise en \u0153uvre d'initiatives de soins int\u00e9gr\u00e9s. Il se base sur les nouvelles connaissances scientifiques publi\u00e9es dans des revues de management pertinentes.<\/p><\/div><\/div><div class=\"neos-nodetypes-text\"><div><p><strong>Groupe cible<\/strong><\/p><p>Le fmc-HSG Management Journal Club s'adresse \u00e0 tous les acteurs qui, aujourd'hui ou \u00e0 l'avenir, souhaitent planifier, faire avancer, d\u00e9velopper ou r\u00e9fl\u00e9chir \u00e0 des initiatives de soins int\u00e9gr\u00e9s. Le Journal Club est ouvert \u00e0 tous les groupes professionnels et \u00e0 tous les niveaux hi\u00e9rarchiques du secteur suisse de la sant\u00e9 et du social.\u00a0<\/p><\/div><\/div><div class=\"neos-nodetypes-text\"><p><strong>Langue<\/strong><\/p><p>Les webinaires se d\u00e9rouleront en allemand. L'interpr\u00e9tation n'est pas pr\u00e9vue.<\/p><\/div>\t\t\t\t\t\t\t\t<\/div>\n\t\t\t\t<\/div>\n\t\t\t\t\t<\/div>\n\t\t<\/div>\n\t\t\t\t\t<\/div>\n\t\t<\/section>\n\t\t<div class=\"elementor-element elementor-element-2d624b1 e-grid e-con-boxed e-con e-parent\" data-id=\"2d624b1\" data-element_type=\"container\" data-e-type=\"container\">\n\t\t\t\t\t<div class=\"e-con-inner\">\n\t\t\t\t<div class=\"elementor-element elementor-element-1f0fd21 elementor-widget elementor-widget-image\" data-id=\"1f0fd21\" data-element_type=\"widget\" data-e-type=\"widget\" data-widget_type=\"image.default\">\n\t\t\t\t<div class=\"elementor-widget-container\">\n\t\t\t\t\t\t\t\t\t\t\t\t\t\t\t<img fetchpriority=\"high\" decoding=\"async\" width=\"481\" height=\"357\" src=\"https:\/\/fmc.ch\/wp-content\/uploads\/2025\/08\/Mitterlechner-.png\" class=\"attachment-large size-large wp-image-16186\" alt=\"\" srcset=\"https:\/\/fmc.ch\/wp-content\/uploads\/2025\/08\/Mitterlechner-.png 481w, https:\/\/fmc.ch\/wp-content\/uploads\/2025\/08\/Mitterlechner--16x12.png 16w\" sizes=\"(max-width: 481px) 100vw, 481px\" \/>\t\t\t\t\t\t\t\t\t\t\t\t\t\t\t<\/div>\n\t\t\t\t<\/div>\n\t\t\t\t<div class=\"elementor-element elementor-element-17fc2c0 elementor-widget elementor-widget-text-editor\" data-id=\"17fc2c0\" data-element_type=\"widget\" data-e-type=\"widget\" data-widget_type=\"text-editor.default\">\n\t\t\t\t<div class=\"elementor-widget-container\">\n\t\t\t\t\t\t\t\t\t<p><a href=\"https:\/\/www.linkedin.com\/in\/matthias-mitterlechner-82677b82\/\">Matthias Mitterlechner <\/a>est directeur g\u00e9n\u00e9ral du <a href=\"https:\/\/chc.unisg.ch\/de\/\" target=\"_blank\" rel=\"noopener\">Centre de soins de sant\u00e9<\/a> \u00e0 l'universit\u00e9 de Saint-Gall.<\/p><p>Il y est responsable d'un programme de recherche sur les soins int\u00e9gr\u00e9s et de plusieurs programmes CAS sur le management syst\u00e9mique dans le secteur de la sant\u00e9.<\/p><p>Il est \u00e9galement professeur de Service Performance Management \u00e0 l'Institut f\u00fcr Accounting, Controlling und Auditing (ACA-HSG).<\/p>\t\t\t\t\t\t\t\t<\/div>\n\t\t\t\t<\/div>\n\t\t\t\t\t<\/div>\n\t\t\t\t<\/div>\n\t\t\t\t<section class=\"elementor-section elementor-top-section elementor-element elementor-element-d08abad elementor-section-boxed elementor-section-height-default elementor-section-height-default\" data-id=\"d08abad\" data-element_type=\"section\" data-e-type=\"section\">\n\t\t\t\t\t\t<div class=\"elementor-container elementor-column-gap-default\">\n\t\t\t\t\t<div class=\"elementor-column elementor-col-100 elementor-top-column elementor-element elementor-element-f5ea8ff\" data-id=\"f5ea8ff\" data-element_type=\"column\" data-e-type=\"column\">\n\t\t\t<div class=\"elementor-widget-wrap elementor-element-populated\">\n\t\t\t\t<!-- dce invisible element 431b8b8 -->\t\t<div class=\"elementor-element elementor-element-5024409 elementor-widget elementor-widget-text-editor\" data-id=\"5024409\" data-element_type=\"widget\" data-e-type=\"widget\" data-widget_type=\"text-editor.default\">\n\t\t\t\t<div class=\"elementor-widget-container\">\n\t\t\t\t\t\t\t\t\t<h5>En 2024, nous avons organis\u00e9 un premier fmc-HSG Management Journal Club. Celui-ci sert de base \u00e0 cette deuxi\u00e8me \u00e9dition. Vous trouverez tous les enregistrements et les pr\u00e9sentations \u00e0 cette occasion <a href=\"https:\/\/fmc.ch\/fr\/serie-de-webinaires-journalclub\/\" target=\"_blank\" rel=\"noopener\">ici<\/a>.<\/h5><h5><span data-olk-copy-source=\"MessageBody\">La 2e r\u00e9alisation mentionn\u00e9e ici approfondit et compl\u00e8te certains aspects et th\u00e8mes.<\/span><\/h5>\t\t\t\t\t\t\t\t<\/div>\n\t\t\t\t<\/div>\n\t\t\t\t<div class=\"elementor-element elementor-element-6384f79 elementor-widget-divider--view-line elementor-widget elementor-widget-divider\" data-id=\"6384f79\" data-element_type=\"widget\" data-e-type=\"widget\" data-widget_type=\"divider.default\">\n\t\t\t\t<div class=\"elementor-widget-container\">\n\t\t\t\t\t\t\t<div class=\"elementor-divider\">\n\t\t\t<span class=\"elementor-divider-separator\">\n\t\t\t\t\t\t<\/span>\n\t\t<\/div>\n\t\t\t\t\t\t<\/div>\n\t\t\t\t<\/div>\n\t\t\t\t<div class=\"elementor-element elementor-element-aa27ab5 elementor-invisible elementor-widget elementor-widget-heading\" data-id=\"aa27ab5\" data-element_type=\"widget\" data-e-type=\"widget\" data-settings=\"{&quot;_animation&quot;:&quot;fadeInUp&quot;}\" data-widget_type=\"heading.default\">\n\t\t\t\t<div class=\"elementor-widget-container\">\n\t\t\t\t\t<h2 class=\"elementor-heading-title elementor-size-default\">26 novembre 2025, 12h00 \u00e0 13h00<\/h2>\t\t\t\t<\/div>\n\t\t\t\t<\/div>\n\t\t\t\t<div class=\"elementor-element elementor-element-4dbd482 elementor-invisible elementor-widget elementor-widget-heading\" data-id=\"4dbd482\" data-element_type=\"widget\" data-e-type=\"widget\" data-settings=\"{&quot;_animation&quot;:&quot;fadeInUp&quot;}\" data-widget_type=\"heading.default\">\n\t\t\t\t<div class=\"elementor-widget-container\">\n\t\t\t\t\t<h2 class=\"elementor-heading-title elementor-size-default\">La conception de soins int\u00e9gr\u00e9s comme travail strat\u00e9gique<\/h2>\t\t\t\t<\/div>\n\t\t\t\t<\/div>\n\t\t\t\t<div class=\"elementor-element elementor-element-f2553a2 elementor-invisible elementor-widget elementor-widget-text-editor\" data-id=\"f2553a2\" data-element_type=\"widget\" data-e-type=\"widget\" data-settings=\"{&quot;_animation&quot;:&quot;fadeIn&quot;}\" data-widget_type=\"text-editor.default\">\n\t\t\t\t<div class=\"elementor-widget-container\">\n\t\t\t\t\t\t\t\t\t<p>Les participants r\u00e9fl\u00e9chissent \u00e0 la question de savoir comment, dans une initiative de soins int\u00e9gr\u00e9s, une orientation strat\u00e9gique coh\u00e9rente du r\u00e9seau ou du syst\u00e8me de soins se met en place. Les pratiques importantes sont la gestion constructive des conflits, l'\u00e9tablissement d'un engagement et la d\u00e9finition commune d'objectifs. La condition pr\u00e9alable est un mode de travail strat\u00e9gique plus inclusif qu'exclusif.<\/p><p>Partenaires de r\u00e9flexion :\u00a0<a href=\"https:\/\/www.linkedin.com\/in\/karolin-leukert-336641b0\/\" target=\"_blank\" rel=\"noopener\">Karoline Leukert<\/a>Responsable du secteur Contrats int\u00e9gr\u00e9s et sp\u00e9ciaux \u00e0 la CSS Assurance<\/p><p>Mod\u00e9ration Oliver Strehle, directeur du Forum suisse pour les soins int\u00e9gr\u00e9s (fmc).<\/p><p><i>Texte : Schmidt et al., Strategizing in an Inter-organizational Setting-The Case of a German Healthcare Partnership. Schmalbach Journal of Business Research, 2025.<\/i><\/p>\t\t\t\t\t\t\t\t<\/div>\n\t\t\t\t<\/div>\n\t\t\t\t<div class=\"elementor-element elementor-element-65648bd elementor-widget elementor-widget-button\" data-id=\"65648bd\" data-element_type=\"widget\" data-e-type=\"widget\" data-widget_type=\"button.default\">\n\t\t\t\t<div class=\"elementor-widget-container\">\n\t\t\t\t\t\t\t\t\t<div class=\"elementor-button-wrapper\">\n\t\t\t\t\t<a class=\"elementor-button elementor-button-link elementor-size-sm\" href=\"https:\/\/fmc.ch\/wp-content\/uploads\/2025\/10\/01-Schmidt-Strategizing-in-an-inter-orga-Stetting.pdf\" target=\"_blank\">\n\t\t\t\t\t\t<span class=\"elementor-button-content-wrapper\">\n\t\t\t\t\t\t\t\t\t<span class=\"elementor-button-text\">T\u00e9l\u00e9charger le texte<\/span>\n\t\t\t\t\t<\/span>\n\t\t\t\t\t<\/a>\n\t\t\t\t<\/div>\n\t\t\t\t\t\t\t\t<\/div>\n\t\t\t\t<\/div>\n\t\t\t\t<div class=\"elementor-element elementor-element-f2f217a elementor-widget-divider--view-line elementor-widget elementor-widget-divider\" data-id=\"f2f217a\" data-element_type=\"widget\" data-e-type=\"widget\" data-widget_type=\"divider.default\">\n\t\t\t\t<div class=\"elementor-widget-container\">\n\t\t\t\t\t\t\t<div class=\"elementor-divider\">\n\t\t\t<span class=\"elementor-divider-separator\">\n\t\t\t\t\t\t<\/span>\n\t\t<\/div>\n\t\t\t\t\t\t<\/div>\n\t\t\t\t<\/div>\n\t\t\t\t<div class=\"elementor-element elementor-element-63fc317 elementor-widget elementor-widget-heading\" data-id=\"63fc317\" data-element_type=\"widget\" data-e-type=\"widget\" data-widget_type=\"heading.default\">\n\t\t\t\t<div class=\"elementor-widget-container\">\n\t\t\t\t\t<h2 class=\"elementor-heading-title elementor-size-default\">R\u00e9sum\u00e9 du webinaire<\/h2>\t\t\t\t<\/div>\n\t\t\t\t<\/div>\n\t\t\t\t<div class=\"elementor-element elementor-element-bd72e43 elementor-widget elementor-widget-text-editor\" data-id=\"bd72e43\" data-element_type=\"widget\" data-e-type=\"widget\" data-widget_type=\"text-editor.default\">\n\t\t\t\t<div class=\"elementor-widget-container\">\n\t\t\t\t\t\t\t\t\t<p>Le 26 novembre 2025, la deuxi\u00e8me saison de <strong>fmc HSG Clubs de lecture sur le management<\/strong>. Le premier module \u00e9tait consacr\u00e9 au th\u00e8me <em>\u201e La mise en place d'une prise en charge int\u00e9gr\u00e9e comme travail strat\u00e9gique \u201c<\/em>. L'objectif \u00e9tait de comprendre comment une orientation strat\u00e9gique commune peut \u00e9merger dans des r\u00e9seaux d'approvisionnement complexes, et quel r\u00f4le jouent les formes de coop\u00e9ration inclusives ou exclusives dans ce processus.<\/p><p><strong>Annamaria M\u00fcller<\/strong>, pr\u00e9sidente du fmc, a ouvert le webinaire et soulign\u00e9 l'importance du Journal Club, qui transpose les d\u00e9couvertes scientifiques dans la pratique.\u00a0<\/p>\t\t\t\t\t\t\t\t<\/div>\n\t\t\t\t<\/div>\n\t\t\t\t<div class=\"elementor-element elementor-element-3487bcb elementor-widget elementor-widget-button\" data-id=\"3487bcb\" data-element_type=\"widget\" data-e-type=\"widget\" data-widget_type=\"button.default\">\n\t\t\t\t<div class=\"elementor-widget-container\">\n\t\t\t\t\t\t\t\t\t<div class=\"elementor-button-wrapper\">\n\t\t\t\t\t<a class=\"elementor-button elementor-button-link elementor-size-sm\" href=\"https:\/\/fmc.ch\/wp-content\/uploads\/2025\/12\/Webinar-fmc-HSG-1_251126_fmc-Einstiegsfolien_-Gestaltung-einer-IV-als-Strategiearbeit.pdf\" target=\"_blank\">\n\t\t\t\t\t\t<span class=\"elementor-button-content-wrapper\">\n\t\t\t\t\t\t\t\t\t<span class=\"elementor-button-text\">Cliquez ici pour acc\u00e9der \u00e0 l'introduction<\/span>\n\t\t\t\t\t<\/span>\n\t\t\t\t\t<\/a>\n\t\t\t\t<\/div>\n\t\t\t\t\t\t\t\t<\/div>\n\t\t\t\t<\/div>\n\t\t\t\t<div class=\"elementor-element elementor-element-a6cf720 elementor-widget elementor-widget-text-editor\" data-id=\"a6cf720\" data-element_type=\"widget\" data-e-type=\"widget\" data-widget_type=\"text-editor.default\">\n\t\t\t\t<div class=\"elementor-widget-container\">\n\t\t\t\t\t\t\t\t\t<p><strong>Prof. Dr Matthias Mitterlechner<\/strong> (Universit\u00e9 de Saint-Gall) a pr\u00e9sent\u00e9 les principaux r\u00e9sultats d'une \u00e9tude de cas portant sur un partenariat allemand dans le domaine de la sant\u00e9. L'\u00e9tude montre que la coop\u00e9ration strat\u00e9gique est couronn\u00e9e de succ\u00e8s lorsque <strong>Confiance, engagement et transparence<\/strong> \u00eatre cr\u00e9\u00e9s.<\/p><p>Une <em>y compris le travail strat\u00e9gique<\/em> \u2013 caract\u00e9ris\u00e9 par une communication ouverte, une prise de d\u00e9cision commune et un partage des responsabilit\u00e9s \u2013 favorise la coop\u00e9ration et la clart\u00e9 des objectifs. En revanche, <em>proc\u00e9d\u00e9s exclusifs<\/em>, Dans les organisations o\u00f9 quelques acteurs prennent des d\u00e9cisions en petit comit\u00e9, cela conduit souvent \u00e0 la m\u00e9fiance, au manque de transparence et au d\u00e9sordre strat\u00e9gique.<\/p>\t\t\t\t\t\t\t\t<\/div>\n\t\t\t\t<\/div>\n\t\t\t\t<div class=\"elementor-element elementor-element-02a55a9 elementor-widget elementor-widget-button\" data-id=\"02a55a9\" data-element_type=\"widget\" data-e-type=\"widget\" data-widget_type=\"button.default\">\n\t\t\t\t<div class=\"elementor-widget-container\">\n\t\t\t\t\t\t\t\t\t<div class=\"elementor-button-wrapper\">\n\t\t\t\t\t<a class=\"elementor-button elementor-button-link elementor-size-sm\" href=\"https:\/\/fmc.ch\/wp-content\/uploads\/2025\/12\/Webinar-fmc-HSG-1_251126-Gestaltung-einer-IV-als-Strategiearbeit.pdf\" target=\"_blank\">\n\t\t\t\t\t\t<span class=\"elementor-button-content-wrapper\">\n\t\t\t\t\t\t\t\t\t<span class=\"elementor-button-text\">Pr\u00e9sentation Matthias Mitterlechner<\/span>\n\t\t\t\t\t<\/span>\n\t\t\t\t\t<\/a>\n\t\t\t\t<\/div>\n\t\t\t\t\t\t\t\t<\/div>\n\t\t\t\t<\/div>\n\t\t\t\t<div class=\"elementor-element elementor-element-9af48b3 elementor-widget elementor-widget-text-editor\" data-id=\"9af48b3\" data-element_type=\"widget\" data-e-type=\"widget\" data-widget_type=\"text-editor.default\">\n\t\t\t\t<div class=\"elementor-widget-container\">\n\t\t\t\t\t\t\t\t\t<p>Dans la partie pratique, <strong>Dr Karolin Leukert<\/strong> (CSS Assurance), comment la CSS a r\u00e9orient\u00e9 sa conception de son r\u00f4le, passant du statut de d\u00e9veloppeur de produits classique \u00e0 celui de <strong>Co-cr\u00e9atrice des soins int\u00e9gr\u00e9s<\/strong> . Aujourd'hui, la CSS poursuit une strat\u00e9gie coh\u00e9rente <strong>approche ascendante<\/strong>, qui renforce les initiatives r\u00e9gionales, d\u00e9veloppe des solutions en partenariat avec les prestataires et propose des mod\u00e8les d'assurance flexibles.<\/p><p>Elle a identifi\u00e9 les facteurs de r\u00e9ussite suivants :<\/p><ul><li>Engagement et implication des acteurs<\/li><li>\u00c9change de donn\u00e9es et surveillance conjointe<\/li><li>Oser de nouveaux mod\u00e8les de financement et des projets pilotes ouverts<\/li><\/ul>\t\t\t\t\t\t\t\t<\/div>\n\t\t\t\t<\/div>\n\t\t\t\t<div class=\"elementor-element elementor-element-8e59332 elementor-widget elementor-widget-button\" data-id=\"8e59332\" data-element_type=\"widget\" data-e-type=\"widget\" data-widget_type=\"button.default\">\n\t\t\t\t<div class=\"elementor-widget-container\">\n\t\t\t\t\t\t\t\t\t<div class=\"elementor-button-wrapper\">\n\t\t\t\t\t<a class=\"elementor-button elementor-button-link elementor-size-sm\" href=\"https:\/\/fmc.ch\/wp-content\/uploads\/2025\/12\/Webinar-fmc-HSG-1_251126_Praesentation-Karolin-Leukert.pdf\" target=\"_blank\">\n\t\t\t\t\t\t<span class=\"elementor-button-content-wrapper\">\n\t\t\t\t\t\t\t\t\t<span class=\"elementor-button-text\">Pr\u00e9sentation Karolin Leukert<\/span>\n\t\t\t\t\t<\/span>\n\t\t\t\t\t<\/a>\n\t\t\t\t<\/div>\n\t\t\t\t\t\t\t\t<\/div>\n\t\t\t\t<\/div>\n\t\t\t\t<div class=\"elementor-element elementor-element-5fb4b69 elementor-widget elementor-widget-text-editor\" data-id=\"5fb4b69\" data-element_type=\"widget\" data-e-type=\"widget\" data-widget_type=\"text-editor.default\">\n\t\t\t\t<div class=\"elementor-widget-container\">\n\t\t\t\t\t\t\t\t\t<p>La discussion qui a suivi a clairement montr\u00e9 que les soins int\u00e9gr\u00e9s \u00e9chouent rarement par manque de comp\u00e9tences sp\u00e9cialis\u00e9es, mais plut\u00f4t \u00e0 cause <strong>D\u00e9ficits de communication, objectifs flous et manque de confiance<\/strong>. Des phases de d\u00e9marrage exclusives peuvent \u00eatre utiles, mais doivent \u00e9voluer \u00e0 long terme vers <strong>des processus inclusifs, transparents et coop\u00e9ratifs<\/strong> d\u00e9velopper afin de d\u00e9finir des objectifs communs et d'assurer une coordination durable.<\/p>\t\t\t\t\t\t\t\t<\/div>\n\t\t\t\t<\/div>\n\t\t\t\t<div class=\"elementor-element elementor-element-62a8ad4 elementor-widget-divider--view-line elementor-widget elementor-widget-divider\" data-id=\"62a8ad4\" data-element_type=\"widget\" data-e-type=\"widget\" data-widget_type=\"divider.default\">\n\t\t\t\t<div class=\"elementor-widget-container\">\n\t\t\t\t\t\t\t<div class=\"elementor-divider\">\n\t\t\t<span class=\"elementor-divider-separator\">\n\t\t\t\t\t\t<\/span>\n\t\t<\/div>\n\t\t\t\t\t\t<\/div>\n\t\t\t\t<\/div>\n\t\t\t\t<div class=\"elementor-element elementor-element-8d22001 elementor-widget elementor-widget-heading\" data-id=\"8d22001\" data-element_type=\"widget\" data-e-type=\"widget\" data-widget_type=\"heading.default\">\n\t\t\t\t<div class=\"elementor-widget-container\">\n\t\t\t\t\t<h2 class=\"elementor-heading-title elementor-size-default\">R\u00e9sum\u00e9 du webinaire<\/h2>\t\t\t\t<\/div>\n\t\t\t\t<\/div>\n\t\t\t\t<div class=\"elementor-element elementor-element-5358de9 elementor-widget elementor-widget-shortcode\" data-id=\"5358de9\" data-element_type=\"widget\" data-e-type=\"widget\" data-widget_type=\"shortcode.default\">\n\t\t\t\t<div class=\"elementor-widget-container\">\n\t\t\t\t\t\t\t<div class=\"elementor-shortcode\"><div class=\"_df_book df-lite\" id=\"df_17051\"  _slug=\"webinar-hsg-management-journal-club-2025_26-11_zusammenfassung\" data-title=\"webinar-hsg-management-journal-club-2025_26-11_zusammenfassung\" wpoptions=\"true\" thumbtype=\"\" ><\/div><script class=\"df-shortcode-script\" nowprocket type=\"application\/javascript\">window.option_df_17051 = {\"outline\":[],\"backgroundColor\":\"#f1f1f1\",\"height\":\"700\",\"autoEnableOutline\":\"false\",\"autoEnableThumbnail\":\"false\",\"overwritePDFOutline\":\"false\",\"direction\":\"1\",\"pageSize\":\"0\",\"source\":\"https:\\\/\\\/fmc.ch\\\/wp-content\\\/uploads\\\/2025\\\/12\\\/Webinar-HSG-Management-Journal-Club_26.11.25_Zusammenfassung.pdf\",\"wpOptions\":\"true\"}; if(window.DFLIP && window.DFLIP.parseBooks){window.DFLIP.parseBooks();}<\/script><\/div>\n\t\t\t\t\t\t<\/div>\n\t\t\t\t<\/div>\n\t\t\t\t<div class=\"elementor-element elementor-element-e9607ef elementor-widget-divider--view-line elementor-widget elementor-widget-divider\" data-id=\"e9607ef\" data-element_type=\"widget\" data-e-type=\"widget\" data-widget_type=\"divider.default\">\n\t\t\t\t<div class=\"elementor-widget-container\">\n\t\t\t\t\t\t\t<div class=\"elementor-divider\">\n\t\t\t<span class=\"elementor-divider-separator\">\n\t\t\t\t\t\t<\/span>\n\t\t<\/div>\n\t\t\t\t\t\t<\/div>\n\t\t\t\t<\/div>\n\t\t\t\t<div class=\"elementor-element elementor-element-4ddd6e2 elementor-widget elementor-widget-heading\" data-id=\"4ddd6e2\" data-element_type=\"widget\" data-e-type=\"widget\" data-widget_type=\"heading.default\">\n\t\t\t\t<div class=\"elementor-widget-container\">\n\t\t\t\t\t<h2 class=\"elementor-heading-title elementor-size-default\">Enregistrement du webinaire<\/h2>\t\t\t\t<\/div>\n\t\t\t\t<\/div>\n\t\t\t\t<div class=\"elementor-element elementor-element-083c777 elementor-widget elementor-widget-video\" data-id=\"083c777\" data-element_type=\"widget\" data-e-type=\"widget\" data-settings=\"{&quot;youtube_url&quot;:&quot;https:\\\/\\\/youtu.be\\\/_kvsuMNe6Po&quot;,&quot;video_type&quot;:&quot;youtube&quot;,&quot;controls&quot;:&quot;yes&quot;}\" data-widget_type=\"video.default\">\n\t\t\t\t<div class=\"elementor-widget-container\">\n\t\t\t\t\t\t\t<div class=\"elementor-wrapper elementor-open-inline\">\n\t\t\t<div class=\"elementor-video\"><\/div>\t\t<\/div>\n\t\t\t\t\t\t<\/div>\n\t\t\t\t<\/div>\n\t\t\t\t\t<\/div>\n\t\t<\/div>\n\t\t\t\t\t<\/div>\n\t\t<\/section>\n\t\t\t\t<section class=\"elementor-section elementor-top-section elementor-element elementor-element-fddbf36 elementor-section-boxed elementor-section-height-default elementor-section-height-default\" data-id=\"fddbf36\" data-element_type=\"section\" data-e-type=\"section\">\n\t\t\t\t\t\t<div class=\"elementor-container elementor-column-gap-default\">\n\t\t\t\t\t<div class=\"elementor-column elementor-col-100 elementor-top-column elementor-element elementor-element-eff9c9e\" data-id=\"eff9c9e\" data-element_type=\"column\" data-e-type=\"column\">\n\t\t\t<div class=\"elementor-widget-wrap elementor-element-populated\">\n\t\t\t\t\t\t<div class=\"elementor-element elementor-element-7d20bb5 elementor-widget-divider--view-line elementor-widget elementor-widget-divider\" data-id=\"7d20bb5\" data-element_type=\"widget\" data-e-type=\"widget\" data-widget_type=\"divider.default\">\n\t\t\t\t<div class=\"elementor-widget-container\">\n\t\t\t\t\t\t\t<div class=\"elementor-divider\">\n\t\t\t<span class=\"elementor-divider-separator\">\n\t\t\t\t\t\t<\/span>\n\t\t<\/div>\n\t\t\t\t\t\t<\/div>\n\t\t\t\t<\/div>\n\t\t\t\t<div class=\"elementor-element elementor-element-f9a4bb1 elementor-invisible elementor-widget elementor-widget-heading\" data-id=\"f9a4bb1\" data-element_type=\"widget\" data-e-type=\"widget\" data-settings=\"{&quot;_animation&quot;:&quot;fadeInUp&quot;}\" data-widget_type=\"heading.default\">\n\t\t\t\t<div class=\"elementor-widget-container\">\n\t\t\t\t\t<h2 class=\"elementor-heading-title elementor-size-default\">17 d\u00e9cembre 2025, 12h00 - 13h00<\/h2>\t\t\t\t<\/div>\n\t\t\t\t<\/div>\n\t\t\t\t<div class=\"elementor-element elementor-element-ae00d39 elementor-invisible elementor-widget elementor-widget-heading\" data-id=\"ae00d39\" data-element_type=\"widget\" data-e-type=\"widget\" data-settings=\"{&quot;_animation&quot;:&quot;fadeInUp&quot;}\" data-widget_type=\"heading.default\">\n\t\t\t\t<div class=\"elementor-widget-container\">\n\t\t\t\t\t<h2 class=\"elementor-heading-title elementor-size-default\">La conception de soins int\u00e9gr\u00e9s comme \"Learning Journey<\/h2>\t\t\t\t<\/div>\n\t\t\t\t<\/div>\n\t\t\t\t<div class=\"elementor-element elementor-element-3a7d96d elementor-invisible elementor-widget elementor-widget-text-editor\" data-id=\"3a7d96d\" data-element_type=\"widget\" data-e-type=\"widget\" data-settings=\"{&quot;_animation&quot;:&quot;fadeIn&quot;}\" data-widget_type=\"text-editor.default\">\n\t\t\t\t<div class=\"elementor-widget-container\">\n\t\t\t\t\t\t\t\t\t<p>Les participants r\u00e9fl\u00e9chissent aux conditions de r\u00e9ussite d'une collaboration intersectorielle. Selon l'article, la r\u00e9ussite d'une prise en charge int\u00e9gr\u00e9e d\u00e9pend de la mesure dans laquelle les acteurs apprennent des \u00e9checs r\u00e9guliers. Les participants \u00e9changent des pratiques utiles pour une gestion des \u00e9checs ax\u00e9e sur l'apprentissage.<\/p><p>Expert de terrain :\u00a0<a href=\"https:\/\/www.linkedin.com\/in\/peter-bodziak\/\" target=\"_blank\" rel=\"noopener\">Peter Bodziak<\/a>, chef de projet R\u00e9seau de sant\u00e9 Haute-Argovie<\/p><p>Mod\u00e9ration Oliver Strehle, directeur du Forum suisse pour les soins int\u00e9gr\u00e9s (fmc).<\/p><p><i>Texte : Gomez et al., Cross-sector collaboration in cities : learning journey or blame game ? Journal of Public Administration Research and Theory, 2025.<\/i><\/p>\t\t\t\t\t\t\t\t<\/div>\n\t\t\t\t<\/div>\n\t\t\t\t<div class=\"elementor-element elementor-element-8a6eb53 elementor-widget elementor-widget-button\" data-id=\"8a6eb53\" data-element_type=\"widget\" data-e-type=\"widget\" data-widget_type=\"button.default\">\n\t\t\t\t<div class=\"elementor-widget-container\">\n\t\t\t\t\t\t\t\t\t<div class=\"elementor-button-wrapper\">\n\t\t\t\t\t<a class=\"elementor-button elementor-button-link elementor-size-sm\" href=\"https:\/\/fmc.ch\/wp-content\/uploads\/2025\/08\/02-Gomez-Learning-Journey-JPART-2025_klein.pdf\" target=\"_blank\">\n\t\t\t\t\t\t<span class=\"elementor-button-content-wrapper\">\n\t\t\t\t\t\t\t\t\t<span class=\"elementor-button-text\">T\u00e9l\u00e9charger le texte<\/span>\n\t\t\t\t\t<\/span>\n\t\t\t\t\t<\/a>\n\t\t\t\t<\/div>\n\t\t\t\t\t\t\t\t<\/div>\n\t\t\t\t<\/div>\n\t\t\t\t<div class=\"elementor-element elementor-element-990d6d1 elementor-widget-divider--view-line elementor-widget elementor-widget-divider\" data-id=\"990d6d1\" data-element_type=\"widget\" data-e-type=\"widget\" data-widget_type=\"divider.default\">\n\t\t\t\t<div class=\"elementor-widget-container\">\n\t\t\t\t\t\t\t<div class=\"elementor-divider\">\n\t\t\t<span class=\"elementor-divider-separator\">\n\t\t\t\t\t\t<\/span>\n\t\t<\/div>\n\t\t\t\t\t\t<\/div>\n\t\t\t\t<\/div>\n\t\t\t\t<div class=\"elementor-element elementor-element-20c3278 elementor-widget elementor-widget-heading\" data-id=\"20c3278\" data-element_type=\"widget\" data-e-type=\"widget\" data-widget_type=\"heading.default\">\n\t\t\t\t<div class=\"elementor-widget-container\">\n\t\t\t\t\t<h2 class=\"elementor-heading-title elementor-size-default\">R\u00e9sum\u00e9 du webinaire<\/h2>\t\t\t\t<\/div>\n\t\t\t\t<\/div>\n\t\t\t\t<div class=\"elementor-element elementor-element-7726a9c elementor-widget elementor-widget-text-editor\" data-id=\"7726a9c\" data-element_type=\"widget\" data-e-type=\"widget\" data-widget_type=\"text-editor.default\">\n\t\t\t\t<div class=\"elementor-widget-container\">\n\t\t\t\t\t\t\t\t\t<p>Le 17 d\u00e9cembre 2025 a eu lieu le deuxi\u00e8me webinaire de la deuxi\u00e8me saison du <strong>fmc HSG Clubs de lecture sur le management<\/strong> a eu lieu. Le module \u00e9tait consacr\u00e9 \u00e0 la question de savoir comment les initiatives de soins int\u00e9gr\u00e9s g\u00e8rent les in\u00e9vitables revers et comment de telles situations peuvent d\u00e9boucher sur un apprentissage commun plut\u00f4t que sur des accusations. Il s'est bas\u00e9 sur l'article scientifique <em>\u201eCollaboration intersectorielle dans les villes : voyage d'apprentissage ou jeu de bl\u00e2me ?\u201c<\/em> de Gomez et al.<\/p>\t\t\t\t\t\t\t\t<\/div>\n\t\t\t\t<\/div>\n\t\t\t\t<div class=\"elementor-element elementor-element-12db6ad elementor-widget elementor-widget-button\" data-id=\"12db6ad\" data-element_type=\"widget\" data-e-type=\"widget\" data-widget_type=\"button.default\">\n\t\t\t\t<div class=\"elementor-widget-container\">\n\t\t\t\t\t\t\t\t\t<div class=\"elementor-button-wrapper\">\n\t\t\t\t\t<a class=\"elementor-button elementor-button-link elementor-size-sm\" href=\"https:\/\/fmc.ch\/wp-content\/uploads\/2026\/01\/Webinar-fmc-HSG-2_251217_Einstiegsfolien_Learning-Journey.pdf\" target=\"_blank\">\n\t\t\t\t\t\t<span class=\"elementor-button-content-wrapper\">\n\t\t\t\t\t\t\t\t\t<span class=\"elementor-button-text\">Cliquez ici pour acc\u00e9der \u00e0 l'introduction<\/span>\n\t\t\t\t\t<\/span>\n\t\t\t\t\t<\/a>\n\t\t\t\t<\/div>\n\t\t\t\t\t\t\t\t<\/div>\n\t\t\t\t<\/div>\n\t\t\t\t<div class=\"elementor-element elementor-element-ab2e62e elementor-widget elementor-widget-text-editor\" data-id=\"ab2e62e\" data-element_type=\"widget\" data-e-type=\"widget\" data-widget_type=\"text-editor.default\">\n\t\t\t\t<div class=\"elementor-widget-container\">\n\t\t\t\t\t\t\t\t\t<p><strong>Prof. Dr Matthias Mitterlechner<\/strong> (HSG) a pr\u00e9sent\u00e9 les principaux r\u00e9sultats de l'\u00e9tude. Celle-ci montre que le succ\u00e8s des coop\u00e9rations intersectorielles d\u00e9pend moins du contexte ou du mod\u00e8le de gouvernance que de la mani\u00e8re dont les acteurs r\u00e9agissent aux \u00e9checs. Une approche ax\u00e9e sur l'apprentissage conduit \u00e0 la confiance, \u00e0 un engagement plus important et \u00e0 une capacit\u00e9 d'action commune (\u201eLearning Loop\u201c), tandis que les reproches d\u00e9truisent la confiance et bloquent les coop\u00e9rations (\u201eBlaming Loop\u201c).<\/p><p>L'article identifie cinq pratiques qui favorisent une gestion des \u00e9checs ax\u00e9e sur l'apprentissage :<\/p><ul><li>Construire sur les relations existantes,<\/li><li>Implication de personnes cl\u00e9s de confiance,<\/li><li>la participation active de la communaut\u00e9 concern\u00e9e,<\/li><li>la prise de d\u00e9cision fond\u00e9e sur les donn\u00e9es, et<\/li><li>des formats r\u00e9guliers d'\u00e9change et de r\u00e9flexion.<\/li><\/ul><p>Il souligne en outre l'importance de structures de direction adaptables qui \u00e9voluent au cours d'une initiative.<\/p>\t\t\t\t\t\t\t\t<\/div>\n\t\t\t\t<\/div>\n\t\t\t\t<div class=\"elementor-element elementor-element-48972e4 elementor-widget elementor-widget-button\" data-id=\"48972e4\" data-element_type=\"widget\" data-e-type=\"widget\" data-widget_type=\"button.default\">\n\t\t\t\t<div class=\"elementor-widget-container\">\n\t\t\t\t\t\t\t\t\t<div class=\"elementor-button-wrapper\">\n\t\t\t\t\t<a class=\"elementor-button elementor-button-link elementor-size-sm\" href=\"https:\/\/fmc.ch\/wp-content\/uploads\/2026\/01\/Webinar-fmc-HSG2_251217_Gestaltung-einer-IV-als-Learning-Journey.pdf\" target=\"_blank\">\n\t\t\t\t\t\t<span class=\"elementor-button-content-wrapper\">\n\t\t\t\t\t\t\t\t\t<span class=\"elementor-button-text\">Pr\u00e9sentation Matthias Mitterlechner<\/span>\n\t\t\t\t\t<\/span>\n\t\t\t\t\t<\/a>\n\t\t\t\t<\/div>\n\t\t\t\t\t\t\t\t<\/div>\n\t\t\t\t<\/div>\n\t\t\t\t<div class=\"elementor-element elementor-element-7d3b811 elementor-widget elementor-widget-text-editor\" data-id=\"7d3b811\" data-element_type=\"widget\" data-e-type=\"widget\" data-widget_type=\"text-editor.default\">\n\t\t\t\t<div class=\"elementor-widget-container\">\n\t\t\t\t\t\t\t\t\t<p><strong>Peter Bodziak<\/strong> (r\u00e9seau de sant\u00e9 de Haute-Argovie) a r\u00e9fl\u00e9chi \u00e0 ces conclusions en se basant sur la pratique. Le jeune r\u00e9seau a d\u00fb surmonter tr\u00e8s t\u00f4t un revers critique lors de l'int\u00e9gration des m\u00e9decins de famille. Gr\u00e2ce \u00e0 un atelier \u00e0 grande \u00e9chelle, \u00e0 une communication cibl\u00e9e et \u00e0 une clarification commune de l'approche, il a \u00e9t\u00e9 possible d'instaurer la confiance et d'int\u00e9grer activement les m\u00e9decins de famille. L'introduction d'une structure associative cr\u00e9e aujourd'hui un caract\u00e8re obligatoire tout en \u00e9tant \u00e0 bas seuil.<\/p>\t\t\t\t\t\t\t\t<\/div>\n\t\t\t\t<\/div>\n\t\t\t\t<div class=\"elementor-element elementor-element-d9f9d6e elementor-widget elementor-widget-button\" data-id=\"d9f9d6e\" data-element_type=\"widget\" data-e-type=\"widget\" data-widget_type=\"button.default\">\n\t\t\t\t<div class=\"elementor-widget-container\">\n\t\t\t\t\t\t\t\t\t<div class=\"elementor-button-wrapper\">\n\t\t\t\t\t<a class=\"elementor-button elementor-button-link elementor-size-sm\" href=\"https:\/\/fmc.ch\/wp-content\/uploads\/2026\/01\/Webinar-fmc-HSG-2_251217_Praesentation-P.Botziak.pdf\" target=\"_blank\">\n\t\t\t\t\t\t<span class=\"elementor-button-content-wrapper\">\n\t\t\t\t\t\t\t\t\t<span class=\"elementor-button-text\">Pr\u00e9sentation Peter Bodziak<\/span>\n\t\t\t\t\t<\/span>\n\t\t\t\t\t<\/a>\n\t\t\t\t<\/div>\n\t\t\t\t\t\t\t\t<\/div>\n\t\t\t\t<\/div>\n\t\t\t\t<div class=\"elementor-element elementor-element-16f08cb elementor-widget elementor-widget-text-editor\" data-id=\"16f08cb\" data-element_type=\"widget\" data-e-type=\"widget\" data-widget_type=\"text-editor.default\">\n\t\t\t\t<div class=\"elementor-widget-container\">\n\t\t\t\t\t\t\t\t\t<p>La discussion a clairement montr\u00e9 que les soins int\u00e9gr\u00e9s ne sont pas une mise en \u0153uvre lin\u00e9aire, mais une <strong>Learning Journey<\/strong>, Il s'agit d'un processus qui exige ouverture, confiance, r\u00e9flexion et adaptation continue. Les \u00e9checs ne sont pas un signe d'\u00e9chec, mais le point de d\u00e9part d'un d\u00e9veloppement commun.<\/p>\t\t\t\t\t\t\t\t<\/div>\n\t\t\t\t<\/div>\n\t\t\t\t<div class=\"elementor-element elementor-element-59b72d5 elementor-widget-divider--view-line elementor-widget elementor-widget-divider\" data-id=\"59b72d5\" data-element_type=\"widget\" data-e-type=\"widget\" data-widget_type=\"divider.default\">\n\t\t\t\t<div class=\"elementor-widget-container\">\n\t\t\t\t\t\t\t<div class=\"elementor-divider\">\n\t\t\t<span class=\"elementor-divider-separator\">\n\t\t\t\t\t\t<\/span>\n\t\t<\/div>\n\t\t\t\t\t\t<\/div>\n\t\t\t\t<\/div>\n\t\t\t\t<div class=\"elementor-element elementor-element-239b59f elementor-widget elementor-widget-heading\" data-id=\"239b59f\" data-element_type=\"widget\" data-e-type=\"widget\" data-widget_type=\"heading.default\">\n\t\t\t\t<div class=\"elementor-widget-container\">\n\t\t\t\t\t<h2 class=\"elementor-heading-title elementor-size-default\">R\u00e9sum\u00e9 du webinaire<\/h2>\t\t\t\t<\/div>\n\t\t\t\t<\/div>\n\t\t\t\t<div class=\"elementor-element elementor-element-9fca3cb elementor-widget elementor-widget-shortcode\" data-id=\"9fca3cb\" data-element_type=\"widget\" data-e-type=\"widget\" data-widget_type=\"shortcode.default\">\n\t\t\t\t<div class=\"elementor-widget-container\">\n\t\t\t\t\t\t\t<div class=\"elementor-shortcode\"><div class=\"_df_book df-lite\" id=\"df_17151\"  _slug=\"webinar-fmc-hsg-2_zusammenfassung\" data-title=\"webinar-fmc-hsg-2_zusammenfassung\" wpoptions=\"true\" thumbtype=\"\" ><\/div><script class=\"df-shortcode-script\" nowprocket type=\"application\/javascript\">window.option_df_17151 = {\"outline\":[],\"backgroundColor\":\"#f1f1f1\",\"height\":\"700\",\"autoEnableOutline\":\"false\",\"autoEnableThumbnail\":\"false\",\"overwritePDFOutline\":\"false\",\"direction\":\"1\",\"pageSize\":\"0\",\"source\":\"https:\\\/\\\/fmc.ch\\\/wp-content\\\/uploads\\\/2026\\\/01\\\/Langzusammenfassung_HSG-Webinar_17.12.25_Modul-2.pdf\",\"wpOptions\":\"true\"}; if(window.DFLIP && window.DFLIP.parseBooks){window.DFLIP.parseBooks();}<\/script><\/div>\n\t\t\t\t\t\t<\/div>\n\t\t\t\t<\/div>\n\t\t\t\t<div class=\"elementor-element elementor-element-db608c3 elementor-widget-divider--view-line elementor-widget elementor-widget-divider\" data-id=\"db608c3\" data-element_type=\"widget\" data-e-type=\"widget\" data-widget_type=\"divider.default\">\n\t\t\t\t<div class=\"elementor-widget-container\">\n\t\t\t\t\t\t\t<div class=\"elementor-divider\">\n\t\t\t<span class=\"elementor-divider-separator\">\n\t\t\t\t\t\t<\/span>\n\t\t<\/div>\n\t\t\t\t\t\t<\/div>\n\t\t\t\t<\/div>\n\t\t\t\t<div class=\"elementor-element elementor-element-bbc7832 elementor-widget elementor-widget-heading\" data-id=\"bbc7832\" data-element_type=\"widget\" data-e-type=\"widget\" data-widget_type=\"heading.default\">\n\t\t\t\t<div class=\"elementor-widget-container\">\n\t\t\t\t\t<h2 class=\"elementor-heading-title elementor-size-default\">Enregistrement du webinaire<\/h2>\t\t\t\t<\/div>\n\t\t\t\t<\/div>\n\t\t\t\t<div class=\"elementor-element elementor-element-c8df815 elementor-widget elementor-widget-video\" data-id=\"c8df815\" data-element_type=\"widget\" data-e-type=\"widget\" data-settings=\"{&quot;youtube_url&quot;:&quot;https:\\\/\\\/youtu.be\\\/fGDI8hfA1CM&quot;,&quot;video_type&quot;:&quot;youtube&quot;,&quot;controls&quot;:&quot;yes&quot;}\" data-widget_type=\"video.default\">\n\t\t\t\t<div class=\"elementor-widget-container\">\n\t\t\t\t\t\t\t<div class=\"elementor-wrapper elementor-open-inline\">\n\t\t\t<div class=\"elementor-video\"><\/div>\t\t<\/div>\n\t\t\t\t\t\t<\/div>\n\t\t\t\t<\/div>\n\t\t\t\t\t<\/div>\n\t\t<\/div>\n\t\t\t\t\t<\/div>\n\t\t<\/section>\n\t\t\t\t<section class=\"elementor-section elementor-top-section elementor-element elementor-element-31731b1 elementor-section-boxed elementor-section-height-default elementor-section-height-default\" data-id=\"31731b1\" data-element_type=\"section\" data-e-type=\"section\">\n\t\t\t\t\t\t<div class=\"elementor-container elementor-column-gap-default\">\n\t\t\t\t\t<div class=\"elementor-column elementor-col-100 elementor-top-column elementor-element elementor-element-b1095f4\" data-id=\"b1095f4\" data-element_type=\"column\" data-e-type=\"column\">\n\t\t\t<div class=\"elementor-widget-wrap elementor-element-populated\">\n\t\t\t\t\t\t<div class=\"elementor-element elementor-element-6e4c5ab elementor-widget-divider--view-line elementor-widget elementor-widget-divider\" data-id=\"6e4c5ab\" data-element_type=\"widget\" data-e-type=\"widget\" data-widget_type=\"divider.default\">\n\t\t\t\t<div class=\"elementor-widget-container\">\n\t\t\t\t\t\t\t<div class=\"elementor-divider\">\n\t\t\t<span class=\"elementor-divider-separator\">\n\t\t\t\t\t\t<\/span>\n\t\t<\/div>\n\t\t\t\t\t\t<\/div>\n\t\t\t\t<\/div>\n\t\t\t\t<div class=\"elementor-element elementor-element-2aa548c elementor-invisible elementor-widget elementor-widget-heading\" data-id=\"2aa548c\" data-element_type=\"widget\" data-e-type=\"widget\" data-settings=\"{&quot;_animation&quot;:&quot;fadeInUp&quot;}\" data-widget_type=\"heading.default\">\n\t\t\t\t<div class=\"elementor-widget-container\">\n\t\t\t\t\t<h2 class=\"elementor-heading-title elementor-size-default\">4 f\u00e9vrier 2026, 12h00 \u00e0 13h00<\/h2>\t\t\t\t<\/div>\n\t\t\t\t<\/div>\n\t\t\t\t<div class=\"elementor-element elementor-element-eb0f8a7 elementor-invisible elementor-widget elementor-widget-heading\" data-id=\"eb0f8a7\" data-element_type=\"widget\" data-e-type=\"widget\" data-settings=\"{&quot;_animation&quot;:&quot;fadeInUp&quot;}\" data-widget_type=\"heading.default\">\n\t\t\t\t<div class=\"elementor-widget-container\">\n\t\t\t\t\t<h2 class=\"elementor-heading-title elementor-size-default\">La gestion des fronti\u00e8res professionnelles dans les soins int\u00e9gr\u00e9s<\/h2>\t\t\t\t<\/div>\n\t\t\t\t<\/div>\n\t\t\t\t<div class=\"elementor-element elementor-element-50c51d2 elementor-invisible elementor-widget elementor-widget-text-editor\" data-id=\"50c51d2\" data-element_type=\"widget\" data-e-type=\"widget\" data-settings=\"{&quot;_animation&quot;:&quot;fadeIn&quot;}\" data-widget_type=\"text-editor.default\">\n\t\t\t\t<div class=\"elementor-widget-container\">\n\t\t\t\t\t\t\t\t\t<p>Les participants r\u00e9fl\u00e9chissent aux micro-strat\u00e9gies de gestion et de d\u00e9placement des fronti\u00e8res professionnelles. Discussion des effets sur une collaboration interprofessionnelle r\u00e9ussie \u00e0 l'exemple des m\u00e9decins de famille et des maisons de soins.<\/p><p>Expert de terrain : <a href=\"https:\/\/www.linkedin.com\/in\/daniel-schibler-9565507b\/\" target=\"_blank\" rel=\"noopener\">Daniel Schibler<\/a>, CEO Concara<\/p><p>Mod\u00e9ration Oliver Strehle, directeur du Forum suisse pour les soins int\u00e9gr\u00e9s (fmc).<\/p><p><i>Texte : Weber et al., Boundary Work in Response to Professionals' Contextual Constraints : Micro-strat\u00e9gies<br \/>dans Collaboration interprofessionnelle. \u00c9tudes d'organisation, 2022.<\/i><\/p>\t\t\t\t\t\t\t\t<\/div>\n\t\t\t\t<\/div>\n\t\t\t\t<div class=\"elementor-element elementor-element-d36e3a2 elementor-widget elementor-widget-button\" data-id=\"d36e3a2\" data-element_type=\"widget\" data-e-type=\"widget\" data-widget_type=\"button.default\">\n\t\t\t\t<div class=\"elementor-widget-container\">\n\t\t\t\t\t\t\t\t\t<div class=\"elementor-button-wrapper\">\n\t\t\t\t\t<a class=\"elementor-button elementor-button-link elementor-size-sm\" href=\"https:\/\/fmc.ch\/wp-content\/uploads\/2025\/08\/03-Weber-Micro-strategies-IPZ-OST-2022.pdf\" target=\"_blank\">\n\t\t\t\t\t\t<span class=\"elementor-button-content-wrapper\">\n\t\t\t\t\t\t\t\t\t<span class=\"elementor-button-text\">T\u00e9l\u00e9charger le texte<\/span>\n\t\t\t\t\t<\/span>\n\t\t\t\t\t<\/a>\n\t\t\t\t<\/div>\n\t\t\t\t\t\t\t\t<\/div>\n\t\t\t\t<\/div>\n\t\t\t\t<div class=\"elementor-element elementor-element-f1c5c8f elementor-widget-divider--view-line elementor-widget elementor-widget-divider\" data-id=\"f1c5c8f\" data-element_type=\"widget\" data-e-type=\"widget\" data-widget_type=\"divider.default\">\n\t\t\t\t<div class=\"elementor-widget-container\">\n\t\t\t\t\t\t\t<div class=\"elementor-divider\">\n\t\t\t<span class=\"elementor-divider-separator\">\n\t\t\t\t\t\t<\/span>\n\t\t<\/div>\n\t\t\t\t\t\t<\/div>\n\t\t\t\t<\/div>\n\t\t\t\t<div class=\"elementor-element elementor-element-b421a1b elementor-widget elementor-widget-heading\" data-id=\"b421a1b\" data-element_type=\"widget\" data-e-type=\"widget\" data-widget_type=\"heading.default\">\n\t\t\t\t<div class=\"elementor-widget-container\">\n\t\t\t\t\t<h2 class=\"elementor-heading-title elementor-size-default\">R\u00e9sum\u00e9 du webinaire<\/h2>\t\t\t\t<\/div>\n\t\t\t\t<\/div>\n\t\t\t\t<div class=\"elementor-element elementor-element-632082b elementor-widget elementor-widget-text-editor\" data-id=\"632082b\" data-element_type=\"widget\" data-e-type=\"widget\" data-widget_type=\"text-editor.default\">\n\t\t\t\t<div class=\"elementor-widget-container\">\n\t\t\t\t\t\t\t\t\t<p>Le 4 f\u00e9vrier 2026 a eu lieu le troisi\u00e8me webinaire de la deuxi\u00e8me saison du fmc HSG Management Journal Club. L'accent a \u00e9t\u00e9 mis sur la gestion des fronti\u00e8res professionnelles dans les soins int\u00e9gr\u00e9s et donc sur une question centrale des mod\u00e8les de soins int\u00e9gr\u00e9s : Comment les t\u00e2ches, les comp\u00e9tences et les responsabilit\u00e9s (TCR) sont-elles concr\u00e8tement n\u00e9goci\u00e9es et organis\u00e9es entre les diff\u00e9rents groupes professionnels ? L'article scientifique Boundary Work in Response to Professionals\u2019 Contextual Constraints de Weber et al. a servi de base \u00e0 la discussion.<\/p>\t\t\t\t\t\t\t\t<\/div>\n\t\t\t\t<\/div>\n\t\t\t\t<div class=\"elementor-element elementor-element-6859c71 elementor-widget elementor-widget-button\" data-id=\"6859c71\" data-element_type=\"widget\" data-e-type=\"widget\" data-widget_type=\"button.default\">\n\t\t\t\t<div class=\"elementor-widget-container\">\n\t\t\t\t\t\t\t\t\t<div class=\"elementor-button-wrapper\">\n\t\t\t\t\t<a class=\"elementor-button elementor-button-link elementor-size-sm\" href=\"https:\/\/fmc.ch\/wp-content\/uploads\/2026\/02\/Webinar-fmc-HSG3_260204_Einfuehrung.pdf\" target=\"_blank\">\n\t\t\t\t\t\t<span class=\"elementor-button-content-wrapper\">\n\t\t\t\t\t\t\t\t\t<span class=\"elementor-button-text\">Cliquez ici pour acc\u00e9der \u00e0 l'introduction<\/span>\n\t\t\t\t\t<\/span>\n\t\t\t\t\t<\/a>\n\t\t\t\t<\/div>\n\t\t\t\t\t\t\t\t<\/div>\n\t\t\t\t<\/div>\n\t\t\t\t<div class=\"elementor-element elementor-element-5e3be72 elementor-widget elementor-widget-text-editor\" data-id=\"5e3be72\" data-element_type=\"widget\" data-e-type=\"widget\" data-widget_type=\"text-editor.default\">\n\t\t\t\t<div class=\"elementor-widget-container\">\n\t\t\t\t\t\t\t\t\t<p><strong>Prof. Dr Matthias Mitterlechner (HSG)<\/strong> a montr\u00e9, sur la base des r\u00e9sultats du travail de recherche, que la collaboration interprofessionnelle se d\u00e9roule dans un champ de tensions entre diff\u00e9rentes conditions contextuelles, telles que la pression du temps, les incitations \u00e9conomiques ou les directives juridiques. Ces conditions g\u00e9n\u00e9rales conduisent \u00e0 des int\u00e9r\u00eats parfois divergents des professions impliqu\u00e9es. L'exemple de la collaboration entre m\u00e9decins de famille et infirmiers\/infirmi\u00e8res dans les soins de longue dur\u00e9e a clairement montr\u00e9 que les m\u00e9decins de famille poursuivent entre autres un int\u00e9r\u00eat d'efficacit\u00e9, tandis que les infirmiers\/infirmi\u00e8res se focalisent sur la s\u00e9curit\u00e9 et la protection juridique. Dans des situations de patients peu claires, ces int\u00e9r\u00eats sont n\u00e9goci\u00e9s par des strat\u00e9gies dites de \u201eboundary work\u201c, qui visent soit \u00e0 d\u00e9fendre, soit \u00e0 int\u00e9grer les int\u00e9r\u00eats respectifs.<\/p>\t\t\t\t\t\t\t\t<\/div>\n\t\t\t\t<\/div>\n\t\t\t\t<div class=\"elementor-element elementor-element-0d1bcec elementor-widget elementor-widget-button\" data-id=\"0d1bcec\" data-element_type=\"widget\" data-e-type=\"widget\" data-widget_type=\"button.default\">\n\t\t\t\t<div class=\"elementor-widget-container\">\n\t\t\t\t\t\t\t\t\t<div class=\"elementor-button-wrapper\">\n\t\t\t\t\t<a class=\"elementor-button elementor-button-link elementor-size-sm\" href=\"https:\/\/fmc.ch\/wp-content\/uploads\/2026\/02\/Webinar-fmc-HSG3_260204_Management-von-Professionsgrenzen.pdf\" target=\"_blank\">\n\t\t\t\t\t\t<span class=\"elementor-button-content-wrapper\">\n\t\t\t\t\t\t\t\t\t<span class=\"elementor-button-text\">Pr\u00e9sentation Matthias Mitterlechner<\/span>\n\t\t\t\t\t<\/span>\n\t\t\t\t\t<\/a>\n\t\t\t\t<\/div>\n\t\t\t\t\t\t\t\t<\/div>\n\t\t\t\t<\/div>\n\t\t\t\t<div class=\"elementor-element elementor-element-cee62dc elementor-widget elementor-widget-button\" data-id=\"cee62dc\" data-element_type=\"widget\" data-e-type=\"widget\" data-widget_type=\"button.default\">\n\t\t\t\t<div class=\"elementor-widget-container\">\n\t\t\t\t\t\t\t\t\t<div class=\"elementor-button-wrapper\">\n\t\t\t\t\t<a class=\"elementor-button elementor-button-link elementor-size-sm\" href=\"https:\/\/fmc.ch\/wp-content\/uploads\/2026\/02\/Webinar-fmc-HSG-3_Mikro-Strategien.pdf\" target=\"_blank\">\n\t\t\t\t\t\t<span class=\"elementor-button-content-wrapper\">\n\t\t\t\t\t\t\t\t\t<span class=\"elementor-button-text\">Micro-strat\u00e9gies<\/span>\n\t\t\t\t\t<\/span>\n\t\t\t\t\t<\/a>\n\t\t\t\t<\/div>\n\t\t\t\t\t\t\t\t<\/div>\n\t\t\t\t<\/div>\n\t\t\t\t<div class=\"elementor-element elementor-element-758b44a elementor-widget elementor-widget-text-editor\" data-id=\"758b44a\" data-element_type=\"widget\" data-e-type=\"widget\" data-widget_type=\"text-editor.default\">\n\t\t\t\t<div class=\"elementor-widget-container\">\n\t\t\t\t\t\t\t\t\t<p>Le lien avec la pratique a \u00e9t\u00e9 soulign\u00e9 lors du d\u00e9bat d'experts qui a suivi par <strong>Daniel Schibler, CEO de Concara Holding AG<\/strong>, a \u00e9t\u00e9 approfondi. Il a confirm\u00e9 l'importance de r\u00e8gles claires, de processus standardis\u00e9s et de structures de communication fiables pour une collaboration interprofessionnelle qui fonctionne. Il a \u00e9galement soulign\u00e9 l'importance de la confiance, de l'entretien continu des relations et des solutions pragmatiques, en particulier dans les situations de soins complexes impliquant diff\u00e9rentes formes de coop\u00e9ration m\u00e9dicale. .<\/p>\t\t\t\t\t\t\t\t<\/div>\n\t\t\t\t<\/div>\n\t\t\t\t<div class=\"elementor-element elementor-element-aab52b8 elementor-widget elementor-widget-text-editor\" data-id=\"aab52b8\" data-element_type=\"widget\" data-e-type=\"widget\" data-widget_type=\"text-editor.default\">\n\t\t\t\t<div class=\"elementor-widget-container\">\n\t\t\t\t\t\t\t\t\t<p>Le webinaire a mis en \u00e9vidence le fait que l'absence ou le manque de clart\u00e9 des r\u00e9glementations aux fronti\u00e8res professionnelles peuvent augmenter le risque de frictions, d'escalades ainsi que de soins excessifs ou insuffisants. Une \u00ab<strong>stabilisation s\u00fbre<\/strong>\u00bbL'am\u00e9lioration de la coop\u00e9ration ne peut \u00eatre obtenue ni par une formalisation pure ni par des accords exclusivement informels. <strong>Il faut plut\u00f4t une interaction consciente d'instruments structurels (par ex. SOP, fen\u00eatres de contact fixes, aides \u00e0 la documentation) et un travail de confiance actif comme condition centrale pour des soins int\u00e9gr\u00e9s r\u00e9ussis.<\/strong>.<\/p>\t\t\t\t\t\t\t\t<\/div>\n\t\t\t\t<\/div>\n\t\t\t\t<div class=\"elementor-element elementor-element-a3a9bd4 elementor-widget-divider--view-line elementor-widget elementor-widget-divider\" data-id=\"a3a9bd4\" data-element_type=\"widget\" data-e-type=\"widget\" data-widget_type=\"divider.default\">\n\t\t\t\t<div class=\"elementor-widget-container\">\n\t\t\t\t\t\t\t<div class=\"elementor-divider\">\n\t\t\t<span class=\"elementor-divider-separator\">\n\t\t\t\t\t\t<\/span>\n\t\t<\/div>\n\t\t\t\t\t\t<\/div>\n\t\t\t\t<\/div>\n\t\t\t\t<div class=\"elementor-element elementor-element-b8d88b2 elementor-widget elementor-widget-heading\" data-id=\"b8d88b2\" data-element_type=\"widget\" data-e-type=\"widget\" data-widget_type=\"heading.default\">\n\t\t\t\t<div class=\"elementor-widget-container\">\n\t\t\t\t\t<h2 class=\"elementor-heading-title elementor-size-default\">R\u00e9sum\u00e9 du webinaire<\/h2>\t\t\t\t<\/div>\n\t\t\t\t<\/div>\n\t\t\t\t<div class=\"elementor-element elementor-element-8999d77 elementor-widget elementor-widget-shortcode\" data-id=\"8999d77\" data-element_type=\"widget\" data-e-type=\"widget\" data-widget_type=\"shortcode.default\">\n\t\t\t\t<div class=\"elementor-widget-container\">\n\t\t\t\t\t\t\t<div class=\"elementor-shortcode\"><div class=\"_df_book df-lite\" id=\"df_17424\"  _slug=\"webinar-fmc-hsg-3_zusammenfassung\" data-title=\"webinar-fmc-hsg-3_zusammenfassung\" wpoptions=\"true\" thumbtype=\"\" ><\/div><script class=\"df-shortcode-script\" nowprocket type=\"application\/javascript\">window.option_df_17424 = {\"outline\":[],\"height\":\"700\",\"autoEnableOutline\":\"false\",\"autoEnableThumbnail\":\"false\",\"overwritePDFOutline\":\"false\",\"direction\":\"1\",\"pageSize\":\"0\",\"source\":\"https:\\\/\\\/fmc.ch\\\/wp-content\\\/uploads\\\/2026\\\/02\\\/Langzusammenfassung_HSG-Webinar_04.02.26_3.-Webinar.pdf\",\"wpOptions\":\"true\"}; if(window.DFLIP && window.DFLIP.parseBooks){window.DFLIP.parseBooks();}<\/script><\/div>\n\t\t\t\t\t\t<\/div>\n\t\t\t\t<\/div>\n\t\t\t\t<div class=\"elementor-element elementor-element-5713b32 elementor-widget-divider--view-line elementor-widget elementor-widget-divider\" data-id=\"5713b32\" data-element_type=\"widget\" data-e-type=\"widget\" data-widget_type=\"divider.default\">\n\t\t\t\t<div class=\"elementor-widget-container\">\n\t\t\t\t\t\t\t<div class=\"elementor-divider\">\n\t\t\t<span class=\"elementor-divider-separator\">\n\t\t\t\t\t\t<\/span>\n\t\t<\/div>\n\t\t\t\t\t\t<\/div>\n\t\t\t\t<\/div>\n\t\t\t\t<div class=\"elementor-element elementor-element-06ea09f elementor-widget elementor-widget-heading\" data-id=\"06ea09f\" data-element_type=\"widget\" data-e-type=\"widget\" data-widget_type=\"heading.default\">\n\t\t\t\t<div class=\"elementor-widget-container\">\n\t\t\t\t\t<h2 class=\"elementor-heading-title elementor-size-default\">Enregistrement du webinaire<\/h2>\t\t\t\t<\/div>\n\t\t\t\t<\/div>\n\t\t\t\t<div class=\"elementor-element elementor-element-bf40cd6 elementor-widget elementor-widget-video\" data-id=\"bf40cd6\" data-element_type=\"widget\" data-e-type=\"widget\" data-settings=\"{&quot;youtube_url&quot;:&quot;https:\\\/\\\/youtu.be\\\/uPjQs7vqQN4&quot;,&quot;video_type&quot;:&quot;youtube&quot;,&quot;controls&quot;:&quot;yes&quot;}\" data-widget_type=\"video.default\">\n\t\t\t\t<div class=\"elementor-widget-container\">\n\t\t\t\t\t\t\t<div class=\"elementor-wrapper elementor-open-inline\">\n\t\t\t<div class=\"elementor-video\"><\/div>\t\t<\/div>\n\t\t\t\t\t\t<\/div>\n\t\t\t\t<\/div>\n\t\t\t\t\t<\/div>\n\t\t<\/div>\n\t\t\t\t\t<\/div>\n\t\t<\/section>\n\t\t\t\t<section class=\"elementor-section elementor-top-section elementor-element elementor-element-b7b8d41 elementor-section-boxed elementor-section-height-default elementor-section-height-default\" data-id=\"b7b8d41\" data-element_type=\"section\" data-e-type=\"section\">\n\t\t\t\t\t\t<div class=\"elementor-container elementor-column-gap-default\">\n\t\t\t\t\t<div class=\"elementor-column elementor-col-100 elementor-top-column elementor-element elementor-element-3fe0ea6\" data-id=\"3fe0ea6\" data-element_type=\"column\" data-e-type=\"column\">\n\t\t\t<div class=\"elementor-widget-wrap elementor-element-populated\">\n\t\t\t\t\t\t<div class=\"elementor-element elementor-element-64be6bf elementor-widget-divider--view-line elementor-widget elementor-widget-divider\" data-id=\"64be6bf\" data-element_type=\"widget\" data-e-type=\"widget\" data-widget_type=\"divider.default\">\n\t\t\t\t<div class=\"elementor-widget-container\">\n\t\t\t\t\t\t\t<div class=\"elementor-divider\">\n\t\t\t<span class=\"elementor-divider-separator\">\n\t\t\t\t\t\t<\/span>\n\t\t<\/div>\n\t\t\t\t\t\t<\/div>\n\t\t\t\t<\/div>\n\t\t\t\t<div class=\"elementor-element elementor-element-273fcc4 elementor-invisible elementor-widget elementor-widget-heading\" data-id=\"273fcc4\" data-element_type=\"widget\" data-e-type=\"widget\" data-settings=\"{&quot;_animation&quot;:&quot;fadeInUp&quot;}\" data-widget_type=\"heading.default\">\n\t\t\t\t<div class=\"elementor-widget-container\">\n\t\t\t\t\t<h2 class=\"elementor-heading-title elementor-size-default\">5 mars 2026, 12h00 \u00e0 13h00<\/h2>\t\t\t\t<\/div>\n\t\t\t\t<\/div>\n\t\t\t\t<div class=\"elementor-element elementor-element-e28767f elementor-invisible elementor-widget elementor-widget-heading\" data-id=\"e28767f\" data-element_type=\"widget\" data-e-type=\"widget\" data-settings=\"{&quot;_animation&quot;:&quot;fadeInUp&quot;}\" data-widget_type=\"heading.default\">\n\t\t\t\t<div class=\"elementor-widget-container\">\n\t\t\t\t\t<h2 class=\"elementor-heading-title elementor-size-default\">D\u00e9fis et possibilit\u00e9s de l'orchestration temporelle des initiatives de soins int\u00e9gr\u00e9s<\/h2>\t\t\t\t<\/div>\n\t\t\t\t<\/div>\n\t\t\t\t<div class=\"elementor-element elementor-element-2f9b73d elementor-invisible elementor-widget elementor-widget-text-editor\" data-id=\"2f9b73d\" data-element_type=\"widget\" data-e-type=\"widget\" data-settings=\"{&quot;_animation&quot;:&quot;fadeIn&quot;}\" data-widget_type=\"text-editor.default\">\n\t\t\t\t<div class=\"elementor-widget-container\">\n\t\t\t\t\t\t\t\t\t<p>Les participants comprennent comment les acteurs des initiatives de soins int\u00e9gr\u00e9s se basent souvent sur des horizons temporels diff\u00e9rents, dont l'interaction peut inconsciemment influencer et affecter le d\u00e9roulement de l'initiative. Dans ce contexte, les participants r\u00e9fl\u00e9chissent \u00e9galement aux possibilit\u00e9s et aux limites de l'utilisation de conseillers et de soci\u00e9t\u00e9s de conseil dans leurs initiatives.<\/p><p>Expert de terrain : <a href=\"https:\/\/www.linkedin.com\/in\/ursularueegsegger\/\" target=\"_blank\" rel=\"noopener\">Ursula R\u00fcegsegger<\/a>, CEO SanaCare<\/p><p>Mod\u00e9ration Oliver Strehle, directeur du Forum suisse pour les soins int\u00e9gr\u00e9s (fmc).<\/p><p><em>Textes :<\/em><\/p><ul><li><em>John P. Kotter : Comment les entreprises les plus innovantes capitalisent sur les d\u00e9fis strat\u00e9giques d'aujourd'hui - et font toujours leur chiffre. Harvard Busniess Review, nov. 2012<\/em><\/li><li><em>Eivor Oborn, Michael Barrett : Marching to different drum beats : a temporal perspective on coordinating occupational work. Organisation Sicence, Vol. 32, No. 2, Marc-Avril 2021<\/em><\/li><\/ul>\t\t\t\t\t\t\t\t<\/div>\n\t\t\t\t<\/div>\n\t\t\t\t<div class=\"elementor-element elementor-element-af13a6b elementor-widget elementor-widget-button\" data-id=\"af13a6b\" data-element_type=\"widget\" data-e-type=\"widget\" data-widget_type=\"button.default\">\n\t\t\t\t<div class=\"elementor-widget-container\">\n\t\t\t\t\t\t\t\t\t<div class=\"elementor-button-wrapper\">\n\t\t\t\t\t<a class=\"elementor-button elementor-button-link elementor-size-sm\" href=\"https:\/\/fmc.ch\/wp-content\/uploads\/2026\/03\/04_Kotter-Accelerate-HBR-Nov_2012_print-1.pdf\" target=\"_blank\">\n\t\t\t\t\t\t<span class=\"elementor-button-content-wrapper\">\n\t\t\t\t\t\t\t\t\t<span class=\"elementor-button-text\">T\u00e9l\u00e9charger le texte de Kotter<\/span>\n\t\t\t\t\t<\/span>\n\t\t\t\t\t<\/a>\n\t\t\t\t<\/div>\n\t\t\t\t\t\t\t\t<\/div>\n\t\t\t\t<\/div>\n\t\t\t\t<div class=\"elementor-element elementor-element-b1c51da elementor-widget elementor-widget-button\" data-id=\"b1c51da\" data-element_type=\"widget\" data-e-type=\"widget\" data-widget_type=\"button.default\">\n\t\t\t\t<div class=\"elementor-widget-container\">\n\t\t\t\t\t\t\t\t\t<div class=\"elementor-button-wrapper\">\n\t\t\t\t\t<a class=\"elementor-button elementor-button-link elementor-size-sm\" href=\"https:\/\/fmc.ch\/wp-content\/uploads\/2026\/03\/04_Oborn-Marching-to-different-beats-of-the-drum-OSc-2020.pdf\" target=\"_blank\">\n\t\t\t\t\t\t<span class=\"elementor-button-content-wrapper\">\n\t\t\t\t\t\t\t\t\t<span class=\"elementor-button-text\">T\u00e9l\u00e9charger le texte d'Oborn<\/span>\n\t\t\t\t\t<\/span>\n\t\t\t\t\t<\/a>\n\t\t\t\t<\/div>\n\t\t\t\t\t\t\t\t<\/div>\n\t\t\t\t<\/div>\n\t\t\t\t<div class=\"elementor-element elementor-element-c411b87 elementor-widget-divider--view-line elementor-widget elementor-widget-divider\" data-id=\"c411b87\" data-element_type=\"widget\" data-e-type=\"widget\" data-widget_type=\"divider.default\">\n\t\t\t\t<div class=\"elementor-widget-container\">\n\t\t\t\t\t\t\t<div class=\"elementor-divider\">\n\t\t\t<span class=\"elementor-divider-separator\">\n\t\t\t\t\t\t<\/span>\n\t\t<\/div>\n\t\t\t\t\t\t<\/div>\n\t\t\t\t<\/div>\n\t\t\t\t<div class=\"elementor-element elementor-element-7994296 elementor-widget elementor-widget-heading\" data-id=\"7994296\" data-element_type=\"widget\" data-e-type=\"widget\" data-widget_type=\"heading.default\">\n\t\t\t\t<div class=\"elementor-widget-container\">\n\t\t\t\t\t<h2 class=\"elementor-heading-title elementor-size-default\">R\u00e9sum\u00e9 du webinaire<\/h2>\t\t\t\t<\/div>\n\t\t\t\t<\/div>\n\t\t\t\t<div class=\"elementor-element elementor-element-3060ff3 elementor-widget elementor-widget-text-editor\" data-id=\"3060ff3\" data-element_type=\"widget\" data-e-type=\"widget\" data-widget_type=\"text-editor.default\">\n\t\t\t\t<div class=\"elementor-widget-container\">\n\t\t\t\t\t\t\t\t\t<p>Le 5 mars 2026 a eu lieu le quatri\u00e8me webinaire de la deuxi\u00e8me saison du fmc HSG Management Journal Club. La question centrale \u00e9tait de savoir comment des initiatives de soins int\u00e9gr\u00e9s peuvent \u00eatre coordonn\u00e9es dans le temps et mises en \u0153uvre avec succ\u00e8s dans des organisations regroupant diff\u00e9rents groupes professionnels. Deux articles ont servi de base scientifique : La contribution de John P. Kotter sur l'acc\u00e9l\u00e9ration des changements strat\u00e9giques dans les organisations et l'article de science organisationnelle d'Eivor Oborn et Michael Barrett sur la coordination temporelle de la collaboration interprofessionnelle.<\/p>\t\t\t\t\t\t\t\t<\/div>\n\t\t\t\t<\/div>\n\t\t\t\t<div class=\"elementor-element elementor-element-b333ed5 elementor-widget elementor-widget-button\" data-id=\"b333ed5\" data-element_type=\"widget\" data-e-type=\"widget\" data-widget_type=\"button.default\">\n\t\t\t\t<div class=\"elementor-widget-container\">\n\t\t\t\t\t\t\t\t\t<div class=\"elementor-button-wrapper\">\n\t\t\t\t\t<a class=\"elementor-button elementor-button-link elementor-size-sm\" href=\"https:\/\/fmc.ch\/wp-content\/uploads\/2026\/03\/Webinar-fmc-HSG4_260305_Einfuehrung.pdf\" target=\"_blank\">\n\t\t\t\t\t\t<span class=\"elementor-button-content-wrapper\">\n\t\t\t\t\t\t\t\t\t<span class=\"elementor-button-text\">Cliquez ici pour acc\u00e9der \u00e0 l'introduction<\/span>\n\t\t\t\t\t<\/span>\n\t\t\t\t\t<\/a>\n\t\t\t\t<\/div>\n\t\t\t\t\t\t\t\t<\/div>\n\t\t\t\t<\/div>\n\t\t\t\t<div class=\"elementor-element elementor-element-cc73b90 elementor-widget elementor-widget-text-editor\" data-id=\"cc73b90\" data-element_type=\"widget\" data-e-type=\"widget\" data-widget_type=\"text-editor.default\">\n\t\t\t\t<div class=\"elementor-widget-container\">\n\t\t\t\t\t\t\t\t\t<p>Le professeur Matthias Mitterlechner (HSG) a tout d'abord montr\u00e9 que les organisations de sant\u00e9 sont souvent confront\u00e9es au d\u00e9fi de mettre en \u0153uvre des initiatives strat\u00e9giques - telles que la num\u00e9risation, la gestion des soins chroniques ou les soins int\u00e9gr\u00e9s - et ce, dans un cadre temporel ambitieux. Les structures hi\u00e9rarchiques classiques sont souvent con\u00e7ues pour la stabilit\u00e9 et la routine et r\u00e9agissent donc avec r\u00e9ticence aux changements. Kotter propose donc ce qu'il appelle un \u00absyst\u00e8me d'exploitation dual\u00bb, dans lequel la hi\u00e9rarchie existante est compl\u00e9t\u00e9e par un r\u00e9seau flexible de collaborateurs engag\u00e9s volontairement. Ce r\u00e9seau peut faire avancer les initiatives strat\u00e9giques et acc\u00e9l\u00e9rer les changements, tandis que la hi\u00e9rarchie continue d'assurer le fonctionnement op\u00e9rationnel.<\/p><p>L'expos\u00e9 s'est ensuite pench\u00e9 sur la question de savoir comment les diff\u00e9rentes orientations temporelles des diff\u00e9rents groupes professionnels influencent la collaboration. L'\u00e9tude d'Oborn et Barrett montre que les professions du secteur de la sant\u00e9 travaillent souvent \u00e0 des \u00abrythmes\u00bb diff\u00e9rents - par exemple de mani\u00e8re rapide et orient\u00e9e vers la prise de d\u00e9cision ou plut\u00f4t de mani\u00e8re r\u00e9fl\u00e9chie et analytique. Lorsque ces diff\u00e9rentes logiques temporelles se rencontrent, de petites tensions r\u00e9currentes peuvent appara\u00eetre, ce qui, \u00e0 long terme, entra\u00eene une \u00abfracturation\u00bb de la collaboration interprofessionnelle et rend la coordination plus difficile.<\/p><p>Une solution possible est le concept de \u00abTemporal Resourcing\u00bb. Dans ce contexte, les diff\u00e9rentes orientations temporelles ne sont pas consid\u00e9r\u00e9es comme un probl\u00e8me, mais sont utilis\u00e9es de mani\u00e8re cibl\u00e9e comme une ressource. Gr\u00e2ce \u00e0 une r\u00e9partition flexible des r\u00f4les et \u00e0 de nouvelles pratiques de travail, diff\u00e9rents \u00abrythmes\u00bb peuvent \u00eatre utilis\u00e9s en parall\u00e8le, ce qui peut am\u00e9liorer \u00e0 la fois la collaboration et les soins aux patients.<\/p>\t\t\t\t\t\t\t\t<\/div>\n\t\t\t\t<\/div>\n\t\t\t\t<div class=\"elementor-element elementor-element-413958f elementor-widget elementor-widget-button\" data-id=\"413958f\" data-element_type=\"widget\" data-e-type=\"widget\" data-widget_type=\"button.default\">\n\t\t\t\t<div class=\"elementor-widget-container\">\n\t\t\t\t\t\t\t\t\t<div class=\"elementor-button-wrapper\">\n\t\t\t\t\t<a class=\"elementor-button elementor-button-link elementor-size-sm\" href=\"https:\/\/fmc.ch\/wp-content\/uploads\/2026\/03\/Webinar-fmc-HSG4_260305_zeitliche-Orchestrierung.pdf\" target=\"_blank\">\n\t\t\t\t\t\t<span class=\"elementor-button-content-wrapper\">\n\t\t\t\t\t\t\t\t\t<span class=\"elementor-button-text\">Pr\u00e9sentation Matthias Mitterlechner<\/span>\n\t\t\t\t\t<\/span>\n\t\t\t\t\t<\/a>\n\t\t\t\t<\/div>\n\t\t\t\t\t\t\t\t<\/div>\n\t\t\t\t<\/div>\n\t\t\t\t<div class=\"elementor-element elementor-element-fb461c5 elementor-widget elementor-widget-text-editor\" data-id=\"fb461c5\" data-element_type=\"widget\" data-e-type=\"widget\" data-widget_type=\"text-editor.default\">\n\t\t\t\t<div class=\"elementor-widget-container\">\n\t\t\t\t\t\t\t\t\t<p>Lors du d\u00e9bat d'experts qui a suivi, Ursula R\u00fcegsegger, CEO de Sanacare, a r\u00e9fl\u00e9chi \u00e0 ces conclusions dans une perspective pratique. Elle a montr\u00e9 comment Sanacare permet \u00e0 la fois l'innovation et la coordination des soins aux patients gr\u00e2ce \u00e0 une combinaison d'organisation hi\u00e9rarchique, de comit\u00e9s d'experts volontaires, de flux de travail assist\u00e9s par le num\u00e9rique et d'\u00e9quipes interprofessionnelles. Le webinaire a ainsi mis en \u00e9vidence le fait qu'une orchestration temporelle r\u00e9ussie des soins int\u00e9gr\u00e9s exige \u00e0 la fois des formes d'organisation structurelle et une gestion consciente des diff\u00e9rentes logiques temporelles entre les professions.<\/p>\t\t\t\t\t\t\t\t<\/div>\n\t\t\t\t<\/div>\n\t\t\t\t<div class=\"elementor-element elementor-element-af93b30 elementor-widget-divider--view-line elementor-widget elementor-widget-divider\" data-id=\"af93b30\" data-element_type=\"widget\" data-e-type=\"widget\" data-widget_type=\"divider.default\">\n\t\t\t\t<div class=\"elementor-widget-container\">\n\t\t\t\t\t\t\t<div class=\"elementor-divider\">\n\t\t\t<span class=\"elementor-divider-separator\">\n\t\t\t\t\t\t<\/span>\n\t\t<\/div>\n\t\t\t\t\t\t<\/div>\n\t\t\t\t<\/div>\n\t\t\t\t<div class=\"elementor-element elementor-element-a1e6beb elementor-widget elementor-widget-heading\" data-id=\"a1e6beb\" data-element_type=\"widget\" data-e-type=\"widget\" data-widget_type=\"heading.default\">\n\t\t\t\t<div class=\"elementor-widget-container\">\n\t\t\t\t\t<h2 class=\"elementor-heading-title elementor-size-default\">R\u00e9sum\u00e9 du webinaire<\/h2>\t\t\t\t<\/div>\n\t\t\t\t<\/div>\n\t\t\t\t<div class=\"elementor-element elementor-element-c78a038 elementor-widget elementor-widget-shortcode\" data-id=\"c78a038\" data-element_type=\"widget\" data-e-type=\"widget\" data-widget_type=\"shortcode.default\">\n\t\t\t\t<div class=\"elementor-widget-container\">\n\t\t\t\t\t\t\t<div class=\"elementor-shortcode\"><div class=\"_df_book df-lite\" id=\"df_18038\"  _slug=\"webinar-fmc-hsg4_zusammenfassung\" data-title=\"webinar-fmc-hsg4_zusammenfassung\" wpoptions=\"true\" thumbtype=\"\" ><\/div><script class=\"df-shortcode-script\" nowprocket type=\"application\/javascript\">window.option_df_18038 = {\"outline\":[],\"backgroundColor\":\"#f1f1f1\",\"height\":\"700\",\"autoEnableOutline\":\"false\",\"autoEnableThumbnail\":\"false\",\"overwritePDFOutline\":\"false\",\"direction\":\"1\",\"pageSize\":\"0\",\"source\":\"https:\\\/\\\/fmc.ch\\\/wp-content\\\/uploads\\\/2026\\\/03\\\/Langzusammenfassung_HSG-Webinar_260305_4.-Webinar-1.pdf\",\"wpOptions\":\"true\"}; if(window.DFLIP && window.DFLIP.parseBooks){window.DFLIP.parseBooks();}<\/script><\/div>\n\t\t\t\t\t\t<\/div>\n\t\t\t\t<\/div>\n\t\t\t\t<div class=\"elementor-element elementor-element-82a4142 elementor-widget-divider--view-line elementor-widget elementor-widget-divider\" data-id=\"82a4142\" data-element_type=\"widget\" data-e-type=\"widget\" data-widget_type=\"divider.default\">\n\t\t\t\t<div class=\"elementor-widget-container\">\n\t\t\t\t\t\t\t<div class=\"elementor-divider\">\n\t\t\t<span class=\"elementor-divider-separator\">\n\t\t\t\t\t\t<\/span>\n\t\t<\/div>\n\t\t\t\t\t\t<\/div>\n\t\t\t\t<\/div>\n\t\t\t\t<div class=\"elementor-element elementor-element-8baf4cc elementor-widget elementor-widget-heading\" data-id=\"8baf4cc\" data-element_type=\"widget\" data-e-type=\"widget\" data-widget_type=\"heading.default\">\n\t\t\t\t<div class=\"elementor-widget-container\">\n\t\t\t\t\t<h2 class=\"elementor-heading-title elementor-size-default\">Enregistrement du webinaire<\/h2>\t\t\t\t<\/div>\n\t\t\t\t<\/div>\n\t\t\t\t<div class=\"elementor-element elementor-element-d674a16 elementor-widget elementor-widget-video\" data-id=\"d674a16\" data-element_type=\"widget\" data-e-type=\"widget\" data-settings=\"{&quot;youtube_url&quot;:&quot;https:\\\/\\\/youtu.be\\\/gCKCFB1Bh-w&quot;,&quot;video_type&quot;:&quot;youtube&quot;,&quot;controls&quot;:&quot;yes&quot;}\" data-widget_type=\"video.default\">\n\t\t\t\t<div class=\"elementor-widget-container\">\n\t\t\t\t\t\t\t<div class=\"elementor-wrapper elementor-open-inline\">\n\t\t\t<div class=\"elementor-video\"><\/div>\t\t<\/div>\n\t\t\t\t\t\t<\/div>\n\t\t\t\t<\/div>\n\t\t\t\t\t<\/div>\n\t\t<\/div>\n\t\t\t\t\t<\/div>\n\t\t<\/section>\n\t\t\t\t<section class=\"elementor-section elementor-top-section elementor-element elementor-element-2a3f0a5 elementor-section-boxed elementor-section-height-default elementor-section-height-default\" data-id=\"2a3f0a5\" data-element_type=\"section\" data-e-type=\"section\">\n\t\t\t\t\t\t<div class=\"elementor-container elementor-column-gap-default\">\n\t\t\t\t\t<div class=\"elementor-column elementor-col-100 elementor-top-column elementor-element elementor-element-cc0ca8b\" data-id=\"cc0ca8b\" data-element_type=\"column\" data-e-type=\"column\">\n\t\t\t<div class=\"elementor-widget-wrap elementor-element-populated\">\n\t\t\t\t\t\t<div class=\"elementor-element elementor-element-1d0016e elementor-widget-divider--view-line elementor-widget elementor-widget-divider\" data-id=\"1d0016e\" data-element_type=\"widget\" data-e-type=\"widget\" data-widget_type=\"divider.default\">\n\t\t\t\t<div class=\"elementor-widget-container\">\n\t\t\t\t\t\t\t<div class=\"elementor-divider\">\n\t\t\t<span class=\"elementor-divider-separator\">\n\t\t\t\t\t\t<\/span>\n\t\t<\/div>\n\t\t\t\t\t\t<\/div>\n\t\t\t\t<\/div>\n\t\t\t\t<div class=\"elementor-element elementor-element-cfdfe0b elementor-invisible elementor-widget elementor-widget-heading\" data-id=\"cfdfe0b\" data-element_type=\"widget\" data-e-type=\"widget\" data-settings=\"{&quot;_animation&quot;:&quot;fadeInUp&quot;}\" data-widget_type=\"heading.default\">\n\t\t\t\t<div class=\"elementor-widget-container\">\n\t\t\t\t\t<h2 class=\"elementor-heading-title elementor-size-default\">25 mars 2026, 12h00 \u00e0 13h00<\/h2>\t\t\t\t<\/div>\n\t\t\t\t<\/div>\n\t\t\t\t<div class=\"elementor-element elementor-element-f8a082d elementor-invisible elementor-widget elementor-widget-heading\" data-id=\"f8a082d\" data-element_type=\"widget\" data-e-type=\"widget\" data-settings=\"{&quot;_animation&quot;:&quot;fadeInUp&quot;}\" data-widget_type=\"heading.default\">\n\t\t\t\t<div class=\"elementor-widget-container\">\n\t\t\t\t\t<h2 class=\"elementor-heading-title elementor-size-default\">Assurer la l\u00e9gitimit\u00e9 des processus de d\u00e9cision dans les soins int\u00e9gr\u00e9s<\/h2>\t\t\t\t<\/div>\n\t\t\t\t<\/div>\n\t\t\t\t<div class=\"elementor-element elementor-element-2472782 elementor-invisible elementor-widget elementor-widget-text-editor\" data-id=\"2472782\" data-element_type=\"widget\" data-e-type=\"widget\" data-settings=\"{&quot;_animation&quot;:&quot;fadeIn&quot;}\" data-widget_type=\"text-editor.default\">\n\t\t\t\t<div class=\"elementor-widget-container\">\n\t\t\t\t\t\t\t\t\t<p>Les participants peuvent perdre confiance dans les processus de pilotage coop\u00e9ratifs s'ils ne per\u00e7oivent pas les processus de d\u00e9cision internes comme l\u00e9gitimes. Les participants r\u00e9fl\u00e9chissent aux pratiques visant \u00e0 garantir la l\u00e9gitimit\u00e9 dans le pilotage des r\u00e9seaux de soins.<\/p><p>Expert du cabinet m\u00e9dical : Andreas Helg, conseiller m\u00e9dical sp\u00e9cialis\u00e9 Managed Care, membre de la direction d'Argomed<\/p><p>Mod\u00e9ration Oliver Strehle, directeur du Forum suisse pour les soins int\u00e9gr\u00e9s (fmc).<\/p><p><i>Texte : Mosley et al., Decision-Making in Collaborative Governance Networks : Pathways to Input and Throughput Legitimacy. Journal of Public Administration Research and Theory, 2021.<\/i><\/p>\t\t\t\t\t\t\t\t<\/div>\n\t\t\t\t<\/div>\n\t\t\t\t<div class=\"elementor-element elementor-element-df453e5 elementor-widget elementor-widget-button\" data-id=\"df453e5\" data-element_type=\"widget\" data-e-type=\"widget\" data-widget_type=\"button.default\">\n\t\t\t\t<div class=\"elementor-widget-container\">\n\t\t\t\t\t\t\t\t\t<div class=\"elementor-button-wrapper\">\n\t\t\t\t\t<a class=\"elementor-button elementor-button-link elementor-size-sm\" href=\"https:\/\/fmc.ch\/wp-content\/uploads\/2025\/08\/05-Mosley-Input-and-throughput-legitimacy-JPART-2021.pdf\" target=\"_blank\">\n\t\t\t\t\t\t<span class=\"elementor-button-content-wrapper\">\n\t\t\t\t\t\t\t\t\t<span class=\"elementor-button-text\">T\u00e9l\u00e9charger le texte<\/span>\n\t\t\t\t\t<\/span>\n\t\t\t\t\t<\/a>\n\t\t\t\t<\/div>\n\t\t\t\t\t\t\t\t<\/div>\n\t\t\t\t<\/div>\n\t\t\t\t<div class=\"elementor-element elementor-element-cf42fe8 elementor-widget-divider--view-line elementor-widget elementor-widget-divider\" data-id=\"cf42fe8\" data-element_type=\"widget\" data-e-type=\"widget\" data-widget_type=\"divider.default\">\n\t\t\t\t<div class=\"elementor-widget-container\">\n\t\t\t\t\t\t\t<div class=\"elementor-divider\">\n\t\t\t<span class=\"elementor-divider-separator\">\n\t\t\t\t\t\t<\/span>\n\t\t<\/div>\n\t\t\t\t\t\t<\/div>\n\t\t\t\t<\/div>\n\t\t\t\t<div class=\"elementor-element elementor-element-88f7b80 elementor-widget elementor-widget-heading\" data-id=\"88f7b80\" data-element_type=\"widget\" data-e-type=\"widget\" data-widget_type=\"heading.default\">\n\t\t\t\t<div class=\"elementor-widget-container\">\n\t\t\t\t\t<h2 class=\"elementor-heading-title elementor-size-default\">R\u00e9sum\u00e9 du webinaire<\/h2>\t\t\t\t<\/div>\n\t\t\t\t<\/div>\n\t\t\t\t<div class=\"elementor-element elementor-element-ea70698 elementor-widget elementor-widget-text-editor\" data-id=\"ea70698\" data-element_type=\"widget\" data-e-type=\"widget\" data-widget_type=\"text-editor.default\">\n\t\t\t\t<div class=\"elementor-widget-container\">\n\t\t\t\t\t\t\t\t\t<p>Le 25 mars 2026 a eu lieu le cinqui\u00e8me webinaire de la deuxi\u00e8me saison du fmc HSG Management Journal Club. La question centrale \u00e9tait de savoir comment garantir la l\u00e9gitimit\u00e9 dans les processus de d\u00e9cision des initiatives de soins int\u00e9gr\u00e9s.<\/p><p>L'article de Mosley et Wong (2021), qui fait la distinction entre la l\u00e9gitimit\u00e9 de la participation (\u201einput legitimacy\u201c) et la l\u00e9gitimit\u00e9 du processus (\u201ethroughput legitimacy\u201c), a servi de point de d\u00e9part. Alors que la premi\u00e8re d\u00e9crit l'acc\u00e8s et la participation des acteurs, la seconde se concentre sur la transparence, la tra\u00e7abilit\u00e9 et la qualit\u00e9 des processus de d\u00e9cision.<\/p>\t\t\t\t\t\t\t\t<\/div>\n\t\t\t\t<\/div>\n\t\t\t\t<div class=\"elementor-element elementor-element-c78ace3 elementor-widget elementor-widget-button\" data-id=\"c78ace3\" data-element_type=\"widget\" data-e-type=\"widget\" data-widget_type=\"button.default\">\n\t\t\t\t<div class=\"elementor-widget-container\">\n\t\t\t\t\t\t\t\t\t<div class=\"elementor-button-wrapper\">\n\t\t\t\t\t<a class=\"elementor-button elementor-button-link elementor-size-sm\" href=\"https:\/\/fmc.ch\/wp-content\/uploads\/2026\/04\/Webinar-fmc-HSG-5_260325-Einfuehrung.pdf\" target=\"_blank\">\n\t\t\t\t\t\t<span class=\"elementor-button-content-wrapper\">\n\t\t\t\t\t\t\t\t\t<span class=\"elementor-button-text\">Cliquez ici pour acc\u00e9der \u00e0 l'introduction<\/span>\n\t\t\t\t\t<\/span>\n\t\t\t\t\t<\/a>\n\t\t\t\t<\/div>\n\t\t\t\t\t\t\t\t<\/div>\n\t\t\t\t<\/div>\n\t\t\t\t<div class=\"elementor-element elementor-element-5e3a102 elementor-widget elementor-widget-text-editor\" data-id=\"5e3a102\" data-element_type=\"widget\" data-e-type=\"widget\" data-widget_type=\"text-editor.default\">\n\t\t\t\t<div class=\"elementor-widget-container\">\n\t\t\t\t\t\t\t\t\t<p>Les r\u00e9sultats de l'\u00e9tude pr\u00e9sent\u00e9s par Matthias Mitterlechner montrent que la l\u00e9gitimit\u00e9 de participation est plus souvent atteinte dans les r\u00e9seaux que la l\u00e9gitimit\u00e9 de processus. En m\u00eame temps, il appara\u00eet clairement que les deux dimensions sont certes li\u00e9es, mais qu'elles n'apparaissent pas automatiquement ensemble. La constellation dans laquelle les membres peuvent certes donner leur avis, mais ne peuvent pas comprendre comment les d\u00e9cisions sont prises - une situation qui entra\u00eene \u00e0 long terme une perte de confiance et une baisse de l'engagement - est particuli\u00e8rement critique.<\/p><p>Les \u00e9changes personnels, la taille du r\u00e9seau, la communication transparente en cas de changement ainsi que le r\u00f4le de la coordination du r\u00e9seau ont \u00e9t\u00e9 identifi\u00e9s comme des facteurs d'influence centraux pour une l\u00e9gitimit\u00e9 \u00e9lev\u00e9e. Les rencontres physiques et les groupes de travail actifs, en particulier, favorisent la confiance et la compr\u00e9hension des processus, tandis que les formats purement num\u00e9riques ne peuvent y parvenir que de mani\u00e8re limit\u00e9e. En outre, il s'av\u00e8re que les r\u00f4les de direction participatifs (facilitateur ou coproducteur) renforcent la l\u00e9gitimit\u00e9, tandis que le pilotage marqu\u00e9 par le top-down tend \u00e0 la saper.<\/p>\t\t\t\t\t\t\t\t<\/div>\n\t\t\t\t<\/div>\n\t\t\t\t<div class=\"elementor-element elementor-element-be2be97 elementor-widget elementor-widget-button\" data-id=\"be2be97\" data-element_type=\"widget\" data-e-type=\"widget\" data-widget_type=\"button.default\">\n\t\t\t\t<div class=\"elementor-widget-container\">\n\t\t\t\t\t\t\t\t\t<div class=\"elementor-button-wrapper\">\n\t\t\t\t\t<a class=\"elementor-button elementor-button-link elementor-size-sm\" href=\"https:\/\/fmc.ch\/wp-content\/uploads\/2026\/04\/Webinar-fmc-HSG-5_260324-Legitimitaet-in-der-IV.pdf\" target=\"_blank\">\n\t\t\t\t\t\t<span class=\"elementor-button-content-wrapper\">\n\t\t\t\t\t\t\t\t\t<span class=\"elementor-button-text\">Pr\u00e9sentation Matthias Mitterlechner<\/span>\n\t\t\t\t\t<\/span>\n\t\t\t\t\t<\/a>\n\t\t\t\t<\/div>\n\t\t\t\t\t\t\t\t<\/div>\n\t\t\t\t<\/div>\n\t\t\t\t<div class=\"elementor-element elementor-element-3c8c3fe elementor-widget elementor-widget-text-editor\" data-id=\"3c8c3fe\" data-element_type=\"widget\" data-e-type=\"widget\" data-widget_type=\"text-editor.default\">\n\t\t\t\t<div class=\"elementor-widget-container\">\n\t\t\t\t\t\t\t\t\t<p>La r\u00e9flexion d'Andreas Helg, bas\u00e9e sur la pratique des r\u00e9seaux de m\u00e9decins, a mis en \u00e9vidence le fait que ces connaissances sont en principe transf\u00e9rables, mais qu'elles sont influenc\u00e9es par des conditions structurelles telles que les directives contractuelles, la taille du r\u00e9seau et les ressources temporelles limit\u00e9es. Une tension centrale existe entre l'exigence de participation et la volont\u00e9 effective de participer activement.<\/p>\t\t\t\t\t\t\t\t<\/div>\n\t\t\t\t<\/div>\n\t\t\t\t<div class=\"elementor-element elementor-element-4e7fb84 elementor-widget elementor-widget-button\" data-id=\"4e7fb84\" data-element_type=\"widget\" data-e-type=\"widget\" data-widget_type=\"button.default\">\n\t\t\t\t<div class=\"elementor-widget-container\">\n\t\t\t\t\t\t\t\t\t<div class=\"elementor-button-wrapper\">\n\t\t\t\t\t<a class=\"elementor-button elementor-button-link elementor-size-sm\" href=\"https:\/\/fmc.ch\/wp-content\/uploads\/2026\/04\/Webinar-fmc-HSG_260324_Reflexion-Mosleyetal.pdf\" target=\"_blank\">\n\t\t\t\t\t\t<span class=\"elementor-button-content-wrapper\">\n\t\t\t\t\t\t\t\t\t<span class=\"elementor-button-text\">Pr\u00e9sentation Andi Helg<\/span>\n\t\t\t\t\t<\/span>\n\t\t\t\t\t<\/a>\n\t\t\t\t<\/div>\n\t\t\t\t\t\t\t\t<\/div>\n\t\t\t\t<\/div>\n\t\t\t\t<div class=\"elementor-element elementor-element-2d80968 elementor-widget elementor-widget-text-editor\" data-id=\"2d80968\" data-element_type=\"widget\" data-e-type=\"widget\" data-widget_type=\"text-editor.default\">\n\t\t\t\t<div class=\"elementor-widget-container\">\n\t\t\t\t\t\t\t\t\t<p>Dans l'ensemble, le webinaire souligne que la garantie de la l\u00e9gitimit\u00e9 est une condition centrale pour le fonctionnement des r\u00e9seaux de soins int\u00e9gr\u00e9s. Elle n\u00e9cessite des processus de participation d\u00e9lib\u00e9r\u00e9ment con\u00e7us, des structures d\u00e9cisionnelles transparentes ainsi qu'une culture de gestion ax\u00e9e sur l'implication et la confiance.<\/p>\t\t\t\t\t\t\t\t<\/div>\n\t\t\t\t<\/div>\n\t\t\t\t<div class=\"elementor-element elementor-element-54089b6 elementor-widget-divider--view-line elementor-widget elementor-widget-divider\" data-id=\"54089b6\" data-element_type=\"widget\" data-e-type=\"widget\" data-widget_type=\"divider.default\">\n\t\t\t\t<div class=\"elementor-widget-container\">\n\t\t\t\t\t\t\t<div class=\"elementor-divider\">\n\t\t\t<span class=\"elementor-divider-separator\">\n\t\t\t\t\t\t<\/span>\n\t\t<\/div>\n\t\t\t\t\t\t<\/div>\n\t\t\t\t<\/div>\n\t\t\t\t<div class=\"elementor-element elementor-element-4806d7e elementor-widget elementor-widget-heading\" data-id=\"4806d7e\" data-element_type=\"widget\" data-e-type=\"widget\" data-widget_type=\"heading.default\">\n\t\t\t\t<div class=\"elementor-widget-container\">\n\t\t\t\t\t<h2 class=\"elementor-heading-title elementor-size-default\">R\u00e9sum\u00e9 du webinaire<\/h2>\t\t\t\t<\/div>\n\t\t\t\t<\/div>\n\t\t\t\t<div class=\"elementor-element elementor-element-5170a42 elementor-widget elementor-widget-shortcode\" data-id=\"5170a42\" data-element_type=\"widget\" data-e-type=\"widget\" data-widget_type=\"shortcode.default\">\n\t\t\t\t<div class=\"elementor-widget-container\">\n\t\t\t\t\t\t\t<div class=\"elementor-shortcode\"><div class=\"_df_book df-lite\" id=\"df_18237\"  _slug=\"webinar-fmc-hsg-5-webinar-zusammenfassung\" data-title=\"webinar-fmc-hsg-5-webinar-zusammenfassung\" wpoptions=\"true\" thumbtype=\"\" ><\/div><script class=\"df-shortcode-script\" nowprocket type=\"application\/javascript\">window.option_df_18237 = {\"outline\":[],\"backgroundColor\":\"#f1f1f1\",\"height\":\"700\",\"autoEnableOutline\":\"false\",\"autoEnableThumbnail\":\"false\",\"overwritePDFOutline\":\"false\",\"direction\":\"1\",\"pageSize\":\"0\",\"source\":\"https:\\\/\\\/fmc.ch\\\/wp-content\\\/uploads\\\/2026\\\/04\\\/Langzusammenfassung_HSG-Webinar_260325_5.-Webinar.pdf\",\"wpOptions\":\"true\"}; if(window.DFLIP && window.DFLIP.parseBooks){window.DFLIP.parseBooks();}<\/script><\/div>\n\t\t\t\t\t\t<\/div>\n\t\t\t\t<\/div>\n\t\t\t\t<div class=\"elementor-element elementor-element-1028aa6 elementor-widget-divider--view-line elementor-widget elementor-widget-divider\" data-id=\"1028aa6\" data-element_type=\"widget\" data-e-type=\"widget\" data-widget_type=\"divider.default\">\n\t\t\t\t<div class=\"elementor-widget-container\">\n\t\t\t\t\t\t\t<div class=\"elementor-divider\">\n\t\t\t<span class=\"elementor-divider-separator\">\n\t\t\t\t\t\t<\/span>\n\t\t<\/div>\n\t\t\t\t\t\t<\/div>\n\t\t\t\t<\/div>\n\t\t\t\t<div class=\"elementor-element elementor-element-b2a9caf elementor-widget elementor-widget-heading\" data-id=\"b2a9caf\" data-element_type=\"widget\" data-e-type=\"widget\" data-widget_type=\"heading.default\">\n\t\t\t\t<div class=\"elementor-widget-container\">\n\t\t\t\t\t<h2 class=\"elementor-heading-title elementor-size-default\">Enregistrement du webinaire<\/h2>\t\t\t\t<\/div>\n\t\t\t\t<\/div>\n\t\t\t\t<div class=\"elementor-element elementor-element-fd4d8ef elementor-widget elementor-widget-video\" data-id=\"fd4d8ef\" data-element_type=\"widget\" data-e-type=\"widget\" data-settings=\"{&quot;youtube_url&quot;:&quot;https:\\\/\\\/youtu.be\\\/ejivvX1lAQU&quot;,&quot;video_type&quot;:&quot;youtube&quot;,&quot;controls&quot;:&quot;yes&quot;}\" data-widget_type=\"video.default\">\n\t\t\t\t<div class=\"elementor-widget-container\">\n\t\t\t\t\t\t\t<div class=\"elementor-wrapper elementor-open-inline\">\n\t\t\t<div class=\"elementor-video\"><\/div>\t\t<\/div>\n\t\t\t\t\t\t<\/div>\n\t\t\t\t<\/div>\n\t\t\t\t<div class=\"elementor-element elementor-element-43db746 elementor-widget-divider--view-line elementor-widget elementor-widget-divider\" data-id=\"43db746\" data-element_type=\"widget\" data-e-type=\"widget\" data-widget_type=\"divider.default\">\n\t\t\t\t<div class=\"elementor-widget-container\">\n\t\t\t\t\t\t\t<div class=\"elementor-divider\">\n\t\t\t<span class=\"elementor-divider-separator\">\n\t\t\t\t\t\t<\/span>\n\t\t<\/div>\n\t\t\t\t\t\t<\/div>\n\t\t\t\t<\/div>\n\t\t\t\t\t<\/div>\n\t\t<\/div>\n\t\t\t\t\t<\/div>\n\t\t<\/section>\n\t\t<!-- dce invisible element 60796f8 -->\t\t<\/div>","protected":false},"excerpt":{"rendered":"<p>Dans le FMC-HSG Management Journal Club, nous abordons la mise en \u0153uvre d'initiatives de soins int\u00e9gr\u00e9s sous diff\u00e9rents angles de gestion<\/p>","protected":false},"author":2,"featured_media":8053,"comment_status":"closed","ping_status":"closed","sticky":false,"template":"","format":[138,141],"meta":{"footnotes":""},"strategie":[157],"thema":[170],"class_list":["post-16183","post","type-post","status-publish","format-standard","has-post-thumbnail","hentry","strategie-instrumente","thema-themenuebergreifende-fmc-aktivitaet","format-veranstaltung","format-webinare"],"yoast_head":"<!-- This site is optimized with the Yoast SEO plugin v27.5 - https:\/\/yoast.com\/product\/yoast-seo-wordpress\/ -->\n<title>Webinarreihe: fmc HSG Management Journal Club - FMC<\/title>\n<meta name=\"description\" content=\"Im FMC-HSG Management Journal Club n\u00e4hern wir uns der Umsetzung integrierter Versorgungsinitiativen aus verschiedenen Management-Perspektiven\" \/>\n<meta name=\"robots\" content=\"index, follow, max-snippet:-1, max-image-preview:large, max-video-preview:-1\" \/>\n<link rel=\"canonical\" href=\"https:\/\/fmc.ch\/fr\/serie-de-webinaires-fmc-hsg-management-journal-club-2\/\" \/>\n<meta property=\"og:locale\" content=\"fr_FR\" \/>\n<meta property=\"og:type\" content=\"article\" \/>\n<meta property=\"og:title\" content=\"Webinarreihe: fmc HSG Management Journal Club - FMC\" \/>\n<meta property=\"og:description\" content=\"Im FMC-HSG Management Journal Club n\u00e4hern wir uns der Umsetzung integrierter Versorgungsinitiativen aus verschiedenen Management-Perspektiven\" \/>\n<meta property=\"og:url\" content=\"https:\/\/fmc.ch\/fr\/serie-de-webinaires-fmc-hsg-management-journal-club-2\/\" \/>\n<meta property=\"og:site_name\" content=\"FMC\" \/>\n<meta property=\"article:published_time\" content=\"2025-10-02T06:40:28+00:00\" \/>\n<meta property=\"article:modified_time\" content=\"2026-04-26T10:08:34+00:00\" \/>\n<meta property=\"og:image\" content=\"https:\/\/fmc.ch\/wp-content\/uploads\/2024\/03\/Webinar_Journalclub-HSG-Mitterlechner.png\" \/>\n\t<meta property=\"og:image:width\" content=\"707\" \/>\n\t<meta property=\"og:image:height\" content=\"707\" \/>\n\t<meta property=\"og:image:type\" content=\"image\/png\" \/>\n<meta name=\"author\" content=\"Nadja Blanchard\" \/>\n<meta name=\"twitter:card\" content=\"summary_large_image\" \/>\n<meta name=\"twitter:label1\" content=\"\u00c9crit par\" \/>\n\t<meta name=\"twitter:data1\" content=\"Nadja Blanchard\" \/>\n\t<meta name=\"twitter:label2\" content=\"Dur\u00e9e de lecture estim\u00e9e\" \/>\n\t<meta name=\"twitter:data2\" content=\"13 minutes\" \/>\n<script type=\"application\/ld+json\" class=\"yoast-schema-graph\">{\"@context\":\"https:\\\/\\\/schema.org\",\"@graph\":[{\"@type\":\"Article\",\"@id\":\"https:\\\/\\\/fmc.ch\\\/webinarreihe-fmc-hsg-management-journal-club-2\\\/#article\",\"isPartOf\":{\"@id\":\"https:\\\/\\\/fmc.ch\\\/webinarreihe-fmc-hsg-management-journal-club-2\\\/\"},\"author\":{\"name\":\"Nadja Blanchard\",\"@id\":\"https:\\\/\\\/fmc.ch\\\/#\\\/schema\\\/person\\\/3a7218d283691f8ef8cf410e4615e507\"},\"headline\":\"Webinarreihe: fmc HSG Management Journal Club\",\"datePublished\":\"2025-10-02T06:40:28+00:00\",\"dateModified\":\"2026-04-26T10:08:34+00:00\",\"mainEntityOfPage\":{\"@id\":\"https:\\\/\\\/fmc.ch\\\/webinarreihe-fmc-hsg-management-journal-club-2\\\/\"},\"wordCount\":2496,\"publisher\":{\"@id\":\"https:\\\/\\\/fmc.ch\\\/#organization\"},\"image\":{\"@id\":\"https:\\\/\\\/fmc.ch\\\/webinarreihe-fmc-hsg-management-journal-club-2\\\/#primaryimage\"},\"thumbnailUrl\":\"https:\\\/\\\/fmc.ch\\\/wp-content\\\/uploads\\\/2024\\\/03\\\/Webinar_Journalclub-HSG-Mitterlechner.png\",\"articleSection\":[\"Webinare\"],\"inLanguage\":\"fr-FR\"},{\"@type\":\"WebPage\",\"@id\":\"https:\\\/\\\/fmc.ch\\\/webinarreihe-fmc-hsg-management-journal-club-2\\\/\",\"url\":\"https:\\\/\\\/fmc.ch\\\/webinarreihe-fmc-hsg-management-journal-club-2\\\/\",\"name\":\"Webinarreihe: fmc HSG Management Journal Club - FMC\",\"isPartOf\":{\"@id\":\"https:\\\/\\\/fmc.ch\\\/#website\"},\"primaryImageOfPage\":{\"@id\":\"https:\\\/\\\/fmc.ch\\\/webinarreihe-fmc-hsg-management-journal-club-2\\\/#primaryimage\"},\"image\":{\"@id\":\"https:\\\/\\\/fmc.ch\\\/webinarreihe-fmc-hsg-management-journal-club-2\\\/#primaryimage\"},\"thumbnailUrl\":\"https:\\\/\\\/fmc.ch\\\/wp-content\\\/uploads\\\/2024\\\/03\\\/Webinar_Journalclub-HSG-Mitterlechner.png\",\"datePublished\":\"2025-10-02T06:40:28+00:00\",\"dateModified\":\"2026-04-26T10:08:34+00:00\",\"description\":\"Im FMC-HSG Management Journal Club n\u00e4hern wir uns der Umsetzung integrierter Versorgungsinitiativen aus verschiedenen Management-Perspektiven\",\"breadcrumb\":{\"@id\":\"https:\\\/\\\/fmc.ch\\\/webinarreihe-fmc-hsg-management-journal-club-2\\\/#breadcrumb\"},\"inLanguage\":\"fr-FR\",\"potentialAction\":[{\"@type\":\"ReadAction\",\"target\":[\"https:\\\/\\\/fmc.ch\\\/webinarreihe-fmc-hsg-management-journal-club-2\\\/\"]}]},{\"@type\":\"ImageObject\",\"inLanguage\":\"fr-FR\",\"@id\":\"https:\\\/\\\/fmc.ch\\\/webinarreihe-fmc-hsg-management-journal-club-2\\\/#primaryimage\",\"url\":\"https:\\\/\\\/fmc.ch\\\/wp-content\\\/uploads\\\/2024\\\/03\\\/Webinar_Journalclub-HSG-Mitterlechner.png\",\"contentUrl\":\"https:\\\/\\\/fmc.ch\\\/wp-content\\\/uploads\\\/2024\\\/03\\\/Webinar_Journalclub-HSG-Mitterlechner.png\",\"width\":707,\"height\":707},{\"@type\":\"BreadcrumbList\",\"@id\":\"https:\\\/\\\/fmc.ch\\\/webinarreihe-fmc-hsg-management-journal-club-2\\\/#breadcrumb\",\"itemListElement\":[{\"@type\":\"ListItem\",\"position\":1,\"name\":\"Home\",\"item\":\"https:\\\/\\\/fmc.ch\\\/\"},{\"@type\":\"ListItem\",\"position\":2,\"name\":\"Webinarreihe: fmc HSG Management Journal Club\"}]},{\"@type\":\"WebSite\",\"@id\":\"https:\\\/\\\/fmc.ch\\\/#website\",\"url\":\"https:\\\/\\\/fmc.ch\\\/\",\"name\":\"FMC\",\"description\":\"Schweizer Forum f\u00fcr Integrierte Versorgung\",\"publisher\":{\"@id\":\"https:\\\/\\\/fmc.ch\\\/#organization\"},\"potentialAction\":[{\"@type\":\"SearchAction\",\"target\":{\"@type\":\"EntryPoint\",\"urlTemplate\":\"https:\\\/\\\/fmc.ch\\\/?s={search_term_string}\"},\"query-input\":{\"@type\":\"PropertyValueSpecification\",\"valueRequired\":true,\"valueName\":\"search_term_string\"}}],\"inLanguage\":\"fr-FR\"},{\"@type\":\"Organization\",\"@id\":\"https:\\\/\\\/fmc.ch\\\/#organization\",\"name\":\"FMC\",\"url\":\"https:\\\/\\\/fmc.ch\\\/\",\"logo\":{\"@type\":\"ImageObject\",\"inLanguage\":\"fr-FR\",\"@id\":\"https:\\\/\\\/fmc.ch\\\/#\\\/schema\\\/logo\\\/image\\\/\",\"url\":\"https:\\\/\\\/fmc.ch\\\/wp-content\\\/uploads\\\/2023\\\/09\\\/fmc-logo.svg\",\"contentUrl\":\"https:\\\/\\\/fmc.ch\\\/wp-content\\\/uploads\\\/2023\\\/09\\\/fmc-logo.svg\",\"caption\":\"FMC\"},\"image\":{\"@id\":\"https:\\\/\\\/fmc.ch\\\/#\\\/schema\\\/logo\\\/image\\\/\"}},{\"@type\":\"Person\",\"@id\":\"https:\\\/\\\/fmc.ch\\\/#\\\/schema\\\/person\\\/3a7218d283691f8ef8cf410e4615e507\",\"name\":\"Nadja Blanchard\",\"image\":{\"@type\":\"ImageObject\",\"inLanguage\":\"fr-FR\",\"@id\":\"https:\\\/\\\/secure.gravatar.com\\\/avatar\\\/729fbcebbfccd7834565b1398470d6ea84a4f3e7525873a0cb368db99228ce7b?s=96&d=mm&r=g\",\"url\":\"https:\\\/\\\/secure.gravatar.com\\\/avatar\\\/729fbcebbfccd7834565b1398470d6ea84a4f3e7525873a0cb368db99228ce7b?s=96&d=mm&r=g\",\"contentUrl\":\"https:\\\/\\\/secure.gravatar.com\\\/avatar\\\/729fbcebbfccd7834565b1398470d6ea84a4f3e7525873a0cb368db99228ce7b?s=96&d=mm&r=g\",\"caption\":\"Nadja Blanchard\"},\"url\":\"https:\\\/\\\/fmc.ch\\\/fr\\\/author\\\/nadja-blanchardfmc-ch\\\/\"}]}<\/script>\n<!-- \/ Yoast SEO plugin. -->","yoast_head_json":{"title":"S\u00e9rie de webinaires : fmc HSG Management Journal Club - FMC","description":"Dans le FMC-HSG Management Journal Club, nous abordons la mise en \u0153uvre d'initiatives de soins int\u00e9gr\u00e9s sous diff\u00e9rents angles de gestion","robots":{"index":"index","follow":"follow","max-snippet":"max-snippet:-1","max-image-preview":"max-image-preview:large","max-video-preview":"max-video-preview:-1"},"canonical":"https:\/\/fmc.ch\/fr\/serie-de-webinaires-fmc-hsg-management-journal-club-2\/","og_locale":"fr_FR","og_type":"article","og_title":"Webinarreihe: fmc HSG Management Journal Club - FMC","og_description":"Im FMC-HSG Management Journal Club n\u00e4hern wir uns der Umsetzung integrierter Versorgungsinitiativen aus verschiedenen Management-Perspektiven","og_url":"https:\/\/fmc.ch\/fr\/serie-de-webinaires-fmc-hsg-management-journal-club-2\/","og_site_name":"FMC","article_published_time":"2025-10-02T06:40:28+00:00","article_modified_time":"2026-04-26T10:08:34+00:00","og_image":[{"width":707,"height":707,"url":"https:\/\/fmc.ch\/wp-content\/uploads\/2024\/03\/Webinar_Journalclub-HSG-Mitterlechner.png","type":"image\/png"}],"author":"Nadja Blanchard","twitter_card":"summary_large_image","twitter_misc":{"\u00c9crit par":"Nadja Blanchard","Dur\u00e9e de lecture estim\u00e9e":"13 minutes"},"schema":{"@context":"https:\/\/schema.org","@graph":[{"@type":"Article","@id":"https:\/\/fmc.ch\/webinarreihe-fmc-hsg-management-journal-club-2\/#article","isPartOf":{"@id":"https:\/\/fmc.ch\/webinarreihe-fmc-hsg-management-journal-club-2\/"},"author":{"name":"Nadja Blanchard","@id":"https:\/\/fmc.ch\/#\/schema\/person\/3a7218d283691f8ef8cf410e4615e507"},"headline":"Webinarreihe: fmc HSG Management Journal Club","datePublished":"2025-10-02T06:40:28+00:00","dateModified":"2026-04-26T10:08:34+00:00","mainEntityOfPage":{"@id":"https:\/\/fmc.ch\/webinarreihe-fmc-hsg-management-journal-club-2\/"},"wordCount":2496,"publisher":{"@id":"https:\/\/fmc.ch\/#organization"},"image":{"@id":"https:\/\/fmc.ch\/webinarreihe-fmc-hsg-management-journal-club-2\/#primaryimage"},"thumbnailUrl":"https:\/\/fmc.ch\/wp-content\/uploads\/2024\/03\/Webinar_Journalclub-HSG-Mitterlechner.png","articleSection":["Webinare"],"inLanguage":"fr-FR"},{"@type":"WebPage","@id":"https:\/\/fmc.ch\/webinarreihe-fmc-hsg-management-journal-club-2\/","url":"https:\/\/fmc.ch\/webinarreihe-fmc-hsg-management-journal-club-2\/","name":"S\u00e9rie de webinaires : fmc HSG Management Journal Club - FMC","isPartOf":{"@id":"https:\/\/fmc.ch\/#website"},"primaryImageOfPage":{"@id":"https:\/\/fmc.ch\/webinarreihe-fmc-hsg-management-journal-club-2\/#primaryimage"},"image":{"@id":"https:\/\/fmc.ch\/webinarreihe-fmc-hsg-management-journal-club-2\/#primaryimage"},"thumbnailUrl":"https:\/\/fmc.ch\/wp-content\/uploads\/2024\/03\/Webinar_Journalclub-HSG-Mitterlechner.png","datePublished":"2025-10-02T06:40:28+00:00","dateModified":"2026-04-26T10:08:34+00:00","description":"Dans le FMC-HSG Management Journal Club, nous abordons la mise en \u0153uvre d'initiatives de soins int\u00e9gr\u00e9s sous diff\u00e9rents angles de gestion","breadcrumb":{"@id":"https:\/\/fmc.ch\/webinarreihe-fmc-hsg-management-journal-club-2\/#breadcrumb"},"inLanguage":"fr-FR","potentialAction":[{"@type":"ReadAction","target":["https:\/\/fmc.ch\/webinarreihe-fmc-hsg-management-journal-club-2\/"]}]},{"@type":"ImageObject","inLanguage":"fr-FR","@id":"https:\/\/fmc.ch\/webinarreihe-fmc-hsg-management-journal-club-2\/#primaryimage","url":"https:\/\/fmc.ch\/wp-content\/uploads\/2024\/03\/Webinar_Journalclub-HSG-Mitterlechner.png","contentUrl":"https:\/\/fmc.ch\/wp-content\/uploads\/2024\/03\/Webinar_Journalclub-HSG-Mitterlechner.png","width":707,"height":707},{"@type":"BreadcrumbList","@id":"https:\/\/fmc.ch\/webinarreihe-fmc-hsg-management-journal-club-2\/#breadcrumb","itemListElement":[{"@type":"ListItem","position":1,"name":"Home","item":"https:\/\/fmc.ch\/"},{"@type":"ListItem","position":2,"name":"Webinarreihe: fmc HSG Management Journal Club"}]},{"@type":"WebSite","@id":"https:\/\/fmc.ch\/#website","url":"https:\/\/fmc.ch\/","name":"FMC","description":"Forum suisse des soins int\u00e9gr\u00e9s","publisher":{"@id":"https:\/\/fmc.ch\/#organization"},"potentialAction":[{"@type":"SearchAction","target":{"@type":"EntryPoint","urlTemplate":"https:\/\/fmc.ch\/?s={search_term_string}"},"query-input":{"@type":"PropertyValueSpecification","valueRequired":true,"valueName":"search_term_string"}}],"inLanguage":"fr-FR"},{"@type":"Organization","@id":"https:\/\/fmc.ch\/#organization","name":"FMC","url":"https:\/\/fmc.ch\/","logo":{"@type":"ImageObject","inLanguage":"fr-FR","@id":"https:\/\/fmc.ch\/#\/schema\/logo\/image\/","url":"https:\/\/fmc.ch\/wp-content\/uploads\/2023\/09\/fmc-logo.svg","contentUrl":"https:\/\/fmc.ch\/wp-content\/uploads\/2023\/09\/fmc-logo.svg","caption":"FMC"},"image":{"@id":"https:\/\/fmc.ch\/#\/schema\/logo\/image\/"}},{"@type":"Person","@id":"https:\/\/fmc.ch\/#\/schema\/person\/3a7218d283691f8ef8cf410e4615e507","name":"Nadja Blanchard","image":{"@type":"ImageObject","inLanguage":"fr-FR","@id":"https:\/\/secure.gravatar.com\/avatar\/729fbcebbfccd7834565b1398470d6ea84a4f3e7525873a0cb368db99228ce7b?s=96&d=mm&r=g","url":"https:\/\/secure.gravatar.com\/avatar\/729fbcebbfccd7834565b1398470d6ea84a4f3e7525873a0cb368db99228ce7b?s=96&d=mm&r=g","contentUrl":"https:\/\/secure.gravatar.com\/avatar\/729fbcebbfccd7834565b1398470d6ea84a4f3e7525873a0cb368db99228ce7b?s=96&d=mm&r=g","caption":"Nadja Blanchard"},"url":"https:\/\/fmc.ch\/fr\/author\/nadja-blanchardfmc-ch\/"}]}},"_links":{"self":[{"href":"https:\/\/fmc.ch\/fr\/wp-json\/wp\/v2\/posts\/16183","targetHints":{"allow":["GET"]}}],"collection":[{"href":"https:\/\/fmc.ch\/fr\/wp-json\/wp\/v2\/posts"}],"about":[{"href":"https:\/\/fmc.ch\/fr\/wp-json\/wp\/v2\/types\/post"}],"author":[{"embeddable":true,"href":"https:\/\/fmc.ch\/fr\/wp-json\/wp\/v2\/users\/2"}],"replies":[{"embeddable":true,"href":"https:\/\/fmc.ch\/fr\/wp-json\/wp\/v2\/comments?post=16183"}],"version-history":[{"count":214,"href":"https:\/\/fmc.ch\/fr\/wp-json\/wp\/v2\/posts\/16183\/revisions"}],"predecessor-version":[{"id":18262,"href":"https:\/\/fmc.ch\/fr\/wp-json\/wp\/v2\/posts\/16183\/revisions\/18262"}],"wp:featuredmedia":[{"embeddable":true,"href":"https:\/\/fmc.ch\/fr\/wp-json\/wp\/v2\/media\/8053"}],"wp:attachment":[{"href":"https:\/\/fmc.ch\/fr\/wp-json\/wp\/v2\/media?parent=16183"}],"wp:term":[{"taxonomy":"strategie","embeddable":true,"href":"https:\/\/fmc.ch\/fr\/wp-json\/wp\/v2\/strategie?post=16183"},{"taxonomy":"thema","embeddable":true,"href":"https:\/\/fmc.ch\/fr\/wp-json\/wp\/v2\/thema?post=16183"},{"taxonomy":"format","embeddable":true,"href":"https:\/\/fmc.ch\/fr\/wp-json\/wp\/v2\/format?post=16183"}],"curies":[{"name":"wp","href":"https:\/\/api.w.org\/{rel}","templated":true}]}}