{"id":16066,"date":"2025-07-18T10:14:46","date_gmt":"2025-07-18T09:14:46","guid":{"rendered":"https:\/\/fmc.ch\/?p=16066"},"modified":"2025-11-27T16:52:38","modified_gmt":"2025-11-27T15:52:38","slug":"fondation-lindenhof-a-oftringen","status":"publish","type":"post","link":"https:\/\/fmc.ch\/fr\/stiftung-lindenhof-in-oftringen\/","title":{"rendered":"Visite de la fondation Lindenhof \u00e0 Oftringen"},"content":{"rendered":"<div data-elementor-type=\"wp-post\" data-elementor-id=\"16066\" class=\"elementor elementor-16066\" data-elementor-post-type=\"post\">\n\t\t\t\t\t\t<section class=\"elementor-section elementor-top-section elementor-element elementor-element-7ca2a75 elementor-section-boxed elementor-section-height-default elementor-section-height-default elementor-invisible\" data-id=\"7ca2a75\" data-element_type=\"section\" data-e-type=\"section\" data-settings=\"{&quot;animation&quot;:&quot;fadeIn&quot;}\">\n\t\t\t\t\t\t<div class=\"elementor-container elementor-column-gap-default\">\n\t\t\t\t\t<div class=\"elementor-column elementor-col-100 elementor-top-column elementor-element elementor-element-3f98917\" data-id=\"3f98917\" data-element_type=\"column\" data-e-type=\"column\">\n\t\t\t<div class=\"elementor-widget-wrap elementor-element-populated\">\n\t\t\t\t\t\t<div class=\"elementor-element elementor-element-1cf1b65 elementor-widget__width-initial elementor-widget elementor-widget-text-editor\" data-id=\"1cf1b65\" data-element_type=\"widget\" data-e-type=\"widget\" data-widget_type=\"text-editor.default\">\n\t\t\t\t<div class=\"elementor-widget-container\">\n\t\t\t\t\t\t\t\t\t<h3><strong>D'une vision au d\u00e9veloppement d'une offre de soutien globale<\/strong><\/h3><h3>Le club fmc du 1er septembre 2025 nous emm\u00e8ne \u00e0 la fondation Lindenhof \u00e0 Oftringen.<\/h3>\t\t\t\t\t\t\t\t<\/div>\n\t\t\t\t<\/div>\n\t\t\t\t\t<\/div>\n\t\t<\/div>\n\t\t\t\t\t<\/div>\n\t\t<\/section>\n\t\t\t\t<section class=\"elementor-section elementor-top-section elementor-element elementor-element-f545d7d elementor-section-boxed elementor-section-height-default elementor-section-height-default\" data-id=\"f545d7d\" data-element_type=\"section\" data-e-type=\"section\">\n\t\t\t\t\t\t<div class=\"elementor-container elementor-column-gap-default\">\n\t\t\t\t\t<div class=\"elementor-column elementor-col-100 elementor-top-column elementor-element elementor-element-618cb90\" data-id=\"618cb90\" data-element_type=\"column\" data-e-type=\"column\">\n\t\t\t<div class=\"elementor-widget-wrap elementor-element-populated\">\n\t\t\t\t<div class=\"elementor-element elementor-element-e439cd0 e-flex e-con-boxed e-con e-parent\" data-id=\"e439cd0\" data-element_type=\"container\" data-e-type=\"container\">\n\t\t\t\t\t<div class=\"e-con-inner\">\n\t\t\t\t<div class=\"elementor-element elementor-element-02003cb elementor-widget elementor-widget-text-editor\" data-id=\"02003cb\" data-element_type=\"widget\" data-e-type=\"widget\" data-widget_type=\"text-editor.default\">\n\t\t\t\t<div class=\"elementor-widget-container\">\n\t\t\t\t\t\t\t\t\t<p>\"Le\" Lindenhof \u00e9tait \u00e0 l'origine une maison de retraite et de soins, avant que l'\u00e9tablissement ne devienne une fondation et propose aujourd'hui une large offre de soutien \u00e0 la population de la r\u00e9gion.<\/p><ul><li>L'offre de soutien comprend la pr\u00e9vention, les repas et la restauration, une garderie et un service de blanchisserie, les soins \u00e0 domicile, la physio et l'ergo, l'activation, l'accueil de jour et bien plus encore.<\/li><li>Leur plus jeune client actuel a trois mois, la cliente la plus \u00e2g\u00e9e 102 ans.<\/li><li>La r\u00e9gion d'approvisionnement comprend la r\u00e9gion de Zofingue et les r\u00e9gions limitrophes.<\/li><\/ul><p>Vous d\u00e9couvrirez sur place comment cette \u00e9volution s'est faite, comment la collaboration fonctionne aujourd'hui et avec quels outils la coordination s'effectue.<\/p><p>Nous visiterons trois espaces th\u00e9matiques : le cadre de cette \u00e9volution, le d\u00e9veloppement de l'offre et son financement, et les outils num\u00e9riques utilis\u00e9s pour y parvenir.<\/p>\t\t\t\t\t\t\t\t<\/div>\n\t\t\t\t<\/div>\n\t\t\t\t\t<\/div>\n\t\t\t\t<\/div>\n\t\t\t\t\t<\/div>\n\t\t<\/div>\n\t\t\t\t\t<\/div>\n\t\t<\/section>\n\t\t\t\t<section class=\"elementor-section elementor-top-section elementor-element elementor-element-99d95f5 elementor-section-boxed elementor-section-height-default elementor-section-height-default\" data-id=\"99d95f5\" data-element_type=\"section\" data-e-type=\"section\">\n\t\t\t\t\t\t<div class=\"elementor-container elementor-column-gap-default\">\n\t\t\t\t\t<div class=\"elementor-column elementor-col-100 elementor-top-column elementor-element elementor-element-3a58297\" data-id=\"3a58297\" data-element_type=\"column\" data-e-type=\"column\">\n\t\t\t<div class=\"elementor-widget-wrap elementor-element-populated\">\n\t\t\t\t<div class=\"elementor-element elementor-element-b699f97 e-grid e-con-boxed e-con e-parent\" data-id=\"b699f97\" data-element_type=\"container\" data-e-type=\"container\">\n\t\t\t\t\t<div class=\"e-con-inner\">\n\t\t\t\t<div class=\"elementor-element elementor-element-2ce0bf3 elementor-widget elementor-widget-text-editor\" data-id=\"2ce0bf3\" data-element_type=\"widget\" data-e-type=\"widget\" data-widget_type=\"text-editor.default\">\n\t\t\t\t<div class=\"elementor-widget-container\">\n\t\t\t\t\t\t\t\t\t<p><strong><u>Dates cl\u00e9s de la visite :<\/u><\/strong><\/p><ul><li data-olk-copy-source=\"MessageBody\">15h05 Accueil sur place et introduction<\/li><li>Salle 1 : Quelle est la base de ce d\u00e9veloppement ?<ul><li>Attitude \"nous sommes une famille\".<\/li><li>Entrepreneuriat<\/li><li>Chercher des solutions<\/li><\/ul><\/li><li>Salle 2 : D\u00e9veloppement de l'offre<ul><li>Quels services ont \u00e9t\u00e9 d\u00e9velopp\u00e9s<\/li><li>Pourquoi ces prestations<\/li><li>Coop\u00e9ration vs. faire soi-m\u00eame<\/li><li>Et comment tout cela est-il financ\u00e9 ?<\/li><\/ul><\/li><li><p>Salle 3 : Utilisation des outils num\u00e9riques<\/p><ul><li>Qu'est-ce qui est utilis\u00e9, o\u00f9 et comment<\/li><li>Pourrait-on s'en passer ?<\/li><li>Quelles sont les conditions pour que cela fonctionne ?\u00a0<\/li><\/ul><\/li><li>17h10 Cl\u00f4ture et ap\u00e9ritif<\/li><\/ul>\t\t\t\t\t\t\t\t<\/div>\n\t\t\t\t<\/div>\n\t\t\t\t<div class=\"elementor-element elementor-element-a06c8eb elementor-widget elementor-widget-image\" data-id=\"a06c8eb\" data-element_type=\"widget\" data-e-type=\"widget\" data-widget_type=\"image.default\">\n\t\t\t\t<div class=\"elementor-widget-container\">\n\t\t\t\t\t\t\t\t\t\t\t\t\t\t\t<img fetchpriority=\"high\" decoding=\"async\" width=\"800\" height=\"715\" src=\"https:\/\/fmc.ch\/wp-content\/uploads\/2025\/07\/fmc-Club-Oftringen-2025.png\" class=\"attachment-large size-large wp-image-16067\" alt=\"\" srcset=\"https:\/\/fmc.ch\/wp-content\/uploads\/2025\/07\/fmc-Club-Oftringen-2025.png 830w, https:\/\/fmc.ch\/wp-content\/uploads\/2025\/07\/fmc-Club-Oftringen-2025-600x536.png 600w, https:\/\/fmc.ch\/wp-content\/uploads\/2025\/07\/fmc-Club-Oftringen-2025-768x687.png 768w, https:\/\/fmc.ch\/wp-content\/uploads\/2025\/07\/fmc-Club-Oftringen-2025-13x12.png 13w\" sizes=\"(max-width: 800px) 100vw, 800px\" \/>\t\t\t\t\t\t\t\t\t\t\t\t\t\t\t<\/div>\n\t\t\t\t<\/div>\n\t\t\t\t\t<\/div>\n\t\t\t\t<\/div>\n\t\t\t\t<div class=\"elementor-element elementor-element-7a44fc2 elementor-widget elementor-widget-button\" data-id=\"7a44fc2\" data-element_type=\"widget\" data-e-type=\"widget\" data-widget_type=\"button.default\">\n\t\t\t\t<div class=\"elementor-widget-container\">\n\t\t\t\t\t\t\t\t\t<div class=\"elementor-button-wrapper\">\n\t\t\t\t\t<a class=\"elementor-button elementor-button-link elementor-size-sm\" href=\"https:\/\/www.lindenhof-oftringen.ch\/\">\n\t\t\t\t\t\t<span class=\"elementor-button-content-wrapper\">\n\t\t\t\t\t\t\t\t\t<span class=\"elementor-button-text\">Pour plus d'informations sur la Fondation Lindenhof, cliquez ici<\/span>\n\t\t\t\t\t<\/span>\n\t\t\t\t\t<\/a>\n\t\t\t\t<\/div>\n\t\t\t\t\t\t\t\t<\/div>\n\t\t\t\t<\/div>\n\t\t\t\t\t<\/div>\n\t\t<\/div>\n\t\t\t\t\t<\/div>\n\t\t<\/section>\n\t\t\t\t<section class=\"elementor-section elementor-top-section elementor-element elementor-element-1df6471 elementor-section-boxed elementor-section-height-default elementor-section-height-default\" data-id=\"1df6471\" data-element_type=\"section\" data-e-type=\"section\">\n\t\t\t\t\t\t<div class=\"elementor-container elementor-column-gap-default\">\n\t\t\t\t\t<div class=\"elementor-column elementor-col-100 elementor-top-column elementor-element elementor-element-82d522d\" data-id=\"82d522d\" data-element_type=\"column\" data-e-type=\"column\">\n\t\t\t<div class=\"elementor-widget-wrap elementor-element-populated\">\n\t\t\t\t\t\t<div class=\"elementor-element elementor-element-6fda20f elementor-widget elementor-widget-text-editor\" data-id=\"6fda20f\" data-element_type=\"widget\" data-e-type=\"widget\" data-widget_type=\"text-editor.default\">\n\t\t\t\t<div class=\"elementor-widget-container\">\n\t\t\t\t\t\t\t\t\t<p>Le club du fmc est exclusivement r\u00e9serv\u00e9 aux membres du fmc.\u00a0<\/p>\t\t\t\t\t\t\t\t<\/div>\n\t\t\t\t<\/div>\n\t\t\t\t<div class=\"elementor-element elementor-element-2fed563 elementor-widget elementor-widget-button\" data-id=\"2fed563\" data-element_type=\"widget\" data-e-type=\"widget\" data-widget_type=\"button.default\">\n\t\t\t\t<div class=\"elementor-widget-container\">\n\t\t\t\t\t\t\t\t\t<div class=\"elementor-button-wrapper\">\n\t\t\t\t\t<a class=\"elementor-button elementor-button-link elementor-size-sm\" href=\"https:\/\/form.jotform.com\/251492051671353\" target=\"_blank\">\n\t\t\t\t\t\t<span class=\"elementor-button-content-wrapper\">\n\t\t\t\t\t\t\t\t\t<span class=\"elementor-button-text\">Cliquez ici pour vous inscrire<\/span>\n\t\t\t\t\t<\/span>\n\t\t\t\t\t<\/a>\n\t\t\t\t<\/div>\n\t\t\t\t\t\t\t\t<\/div>\n\t\t\t\t<\/div>\n\t\t\t\t\t<\/div>\n\t\t<\/div>\n\t\t\t\t\t<\/div>\n\t\t<\/section>\n\t\t\t\t<\/div>","protected":false},"excerpt":{"rendered":"<p>D'une vision au d\u00e9veloppement d'une offre de soutien globale<\/p>","protected":false},"author":2,"featured_media":16067,"comment_status":"closed","ping_status":"closed","sticky":false,"template":"","format":[143,138],"meta":{"footnotes":""},"strategie":[156],"thema":[152],"class_list":["post-16066","post","type-post","status-publish","format-standard","has-post-thumbnail","hentry","strategie-zusammenarbeit","thema-interprofessionelle-zusammenarbeit","format-fmc-club","format-veranstaltung"],"yoast_head":"<!-- This site is optimized with the Yoast SEO plugin v27.5 - https:\/\/yoast.com\/product\/yoast-seo-wordpress\/ -->\n<title>Besuch bei der Stiftung Lindenhof in Oftringen - FMC<\/title>\n<meta name=\"description\" content=\"Von einer Vision zur Entwicklung eines ganzheitlichen Unterst\u00fctzungsangebotes. fmc-Club bei der Stiftung Lindenhof in Oftringen.\" \/>\n<meta name=\"robots\" content=\"index, follow, max-snippet:-1, max-image-preview:large, max-video-preview:-1\" \/>\n<link rel=\"canonical\" href=\"https:\/\/fmc.ch\/fr\/fondation-lindenhof-a-oftringen\/\" \/>\n<meta property=\"og:locale\" content=\"fr_FR\" \/>\n<meta property=\"og:type\" content=\"article\" \/>\n<meta property=\"og:title\" content=\"Besuch bei der Stiftung Lindenhof in Oftringen - FMC\" \/>\n<meta property=\"og:description\" content=\"Von einer Vision zur Entwicklung eines ganzheitlichen Unterst\u00fctzungsangebotes. fmc-Club bei der Stiftung Lindenhof in Oftringen.\" \/>\n<meta property=\"og:url\" content=\"https:\/\/fmc.ch\/fr\/fondation-lindenhof-a-oftringen\/\" \/>\n<meta property=\"og:site_name\" content=\"FMC\" \/>\n<meta property=\"article:published_time\" content=\"2025-07-18T09:14:46+00:00\" \/>\n<meta property=\"article:modified_time\" content=\"2025-11-27T15:52:38+00:00\" \/>\n<meta property=\"og:image\" content=\"https:\/\/fmc.ch\/wp-content\/uploads\/2025\/07\/fmc-Club-Oftringen-2025.png\" \/>\n\t<meta property=\"og:image:width\" content=\"830\" \/>\n\t<meta property=\"og:image:height\" content=\"742\" \/>\n\t<meta property=\"og:image:type\" content=\"image\/png\" \/>\n<meta name=\"author\" content=\"Nadja Blanchard\" \/>\n<meta name=\"twitter:card\" content=\"summary_large_image\" \/>\n<meta name=\"twitter:label1\" content=\"\u00c9crit par\" \/>\n\t<meta name=\"twitter:data1\" content=\"Nadja Blanchard\" \/>\n\t<meta name=\"twitter:label2\" content=\"Dur\u00e9e de lecture estim\u00e9e\" \/>\n\t<meta name=\"twitter:data2\" content=\"2 minutes\" \/>\n<script type=\"application\/ld+json\" class=\"yoast-schema-graph\">{\"@context\":\"https:\\\/\\\/schema.org\",\"@graph\":[{\"@type\":\"Article\",\"@id\":\"https:\\\/\\\/fmc.ch\\\/stiftung-lindenhof-in-oftringen\\\/#article\",\"isPartOf\":{\"@id\":\"https:\\\/\\\/fmc.ch\\\/stiftung-lindenhof-in-oftringen\\\/\"},\"author\":{\"name\":\"Nadja Blanchard\",\"@id\":\"https:\\\/\\\/fmc.ch\\\/#\\\/schema\\\/person\\\/3a7218d283691f8ef8cf410e4615e507\"},\"headline\":\"Besuch bei der Stiftung Lindenhof in Oftringen\",\"datePublished\":\"2025-07-18T09:14:46+00:00\",\"dateModified\":\"2025-11-27T15:52:38+00:00\",\"mainEntityOfPage\":{\"@id\":\"https:\\\/\\\/fmc.ch\\\/stiftung-lindenhof-in-oftringen\\\/\"},\"wordCount\":246,\"publisher\":{\"@id\":\"https:\\\/\\\/fmc.ch\\\/#organization\"},\"image\":{\"@id\":\"https:\\\/\\\/fmc.ch\\\/stiftung-lindenhof-in-oftringen\\\/#primaryimage\"},\"thumbnailUrl\":\"https:\\\/\\\/fmc.ch\\\/wp-content\\\/uploads\\\/2025\\\/07\\\/fmc-Club-Oftringen-2025.png\",\"articleSection\":[\"fmc Club\"],\"inLanguage\":\"fr-FR\"},{\"@type\":\"WebPage\",\"@id\":\"https:\\\/\\\/fmc.ch\\\/stiftung-lindenhof-in-oftringen\\\/\",\"url\":\"https:\\\/\\\/fmc.ch\\\/stiftung-lindenhof-in-oftringen\\\/\",\"name\":\"Besuch bei der Stiftung Lindenhof in Oftringen - FMC\",\"isPartOf\":{\"@id\":\"https:\\\/\\\/fmc.ch\\\/#website\"},\"primaryImageOfPage\":{\"@id\":\"https:\\\/\\\/fmc.ch\\\/stiftung-lindenhof-in-oftringen\\\/#primaryimage\"},\"image\":{\"@id\":\"https:\\\/\\\/fmc.ch\\\/stiftung-lindenhof-in-oftringen\\\/#primaryimage\"},\"thumbnailUrl\":\"https:\\\/\\\/fmc.ch\\\/wp-content\\\/uploads\\\/2025\\\/07\\\/fmc-Club-Oftringen-2025.png\",\"datePublished\":\"2025-07-18T09:14:46+00:00\",\"dateModified\":\"2025-11-27T15:52:38+00:00\",\"description\":\"Von einer Vision zur Entwicklung eines ganzheitlichen Unterst\u00fctzungsangebotes. fmc-Club bei der Stiftung Lindenhof in Oftringen.\",\"breadcrumb\":{\"@id\":\"https:\\\/\\\/fmc.ch\\\/stiftung-lindenhof-in-oftringen\\\/#breadcrumb\"},\"inLanguage\":\"fr-FR\",\"potentialAction\":[{\"@type\":\"ReadAction\",\"target\":[\"https:\\\/\\\/fmc.ch\\\/stiftung-lindenhof-in-oftringen\\\/\"]}]},{\"@type\":\"ImageObject\",\"inLanguage\":\"fr-FR\",\"@id\":\"https:\\\/\\\/fmc.ch\\\/stiftung-lindenhof-in-oftringen\\\/#primaryimage\",\"url\":\"https:\\\/\\\/fmc.ch\\\/wp-content\\\/uploads\\\/2025\\\/07\\\/fmc-Club-Oftringen-2025.png\",\"contentUrl\":\"https:\\\/\\\/fmc.ch\\\/wp-content\\\/uploads\\\/2025\\\/07\\\/fmc-Club-Oftringen-2025.png\",\"width\":830,\"height\":742},{\"@type\":\"BreadcrumbList\",\"@id\":\"https:\\\/\\\/fmc.ch\\\/stiftung-lindenhof-in-oftringen\\\/#breadcrumb\",\"itemListElement\":[{\"@type\":\"ListItem\",\"position\":1,\"name\":\"Home\",\"item\":\"https:\\\/\\\/fmc.ch\\\/\"},{\"@type\":\"ListItem\",\"position\":2,\"name\":\"Besuch bei der Stiftung Lindenhof in Oftringen\"}]},{\"@type\":\"WebSite\",\"@id\":\"https:\\\/\\\/fmc.ch\\\/#website\",\"url\":\"https:\\\/\\\/fmc.ch\\\/\",\"name\":\"FMC\",\"description\":\"Schweizer Forum f\u00fcr Integrierte Versorgung\",\"publisher\":{\"@id\":\"https:\\\/\\\/fmc.ch\\\/#organization\"},\"potentialAction\":[{\"@type\":\"SearchAction\",\"target\":{\"@type\":\"EntryPoint\",\"urlTemplate\":\"https:\\\/\\\/fmc.ch\\\/?s={search_term_string}\"},\"query-input\":{\"@type\":\"PropertyValueSpecification\",\"valueRequired\":true,\"valueName\":\"search_term_string\"}}],\"inLanguage\":\"fr-FR\"},{\"@type\":\"Organization\",\"@id\":\"https:\\\/\\\/fmc.ch\\\/#organization\",\"name\":\"FMC\",\"url\":\"https:\\\/\\\/fmc.ch\\\/\",\"logo\":{\"@type\":\"ImageObject\",\"inLanguage\":\"fr-FR\",\"@id\":\"https:\\\/\\\/fmc.ch\\\/#\\\/schema\\\/logo\\\/image\\\/\",\"url\":\"https:\\\/\\\/fmc.ch\\\/wp-content\\\/uploads\\\/2023\\\/09\\\/fmc-logo.svg\",\"contentUrl\":\"https:\\\/\\\/fmc.ch\\\/wp-content\\\/uploads\\\/2023\\\/09\\\/fmc-logo.svg\",\"caption\":\"FMC\"},\"image\":{\"@id\":\"https:\\\/\\\/fmc.ch\\\/#\\\/schema\\\/logo\\\/image\\\/\"}},{\"@type\":\"Person\",\"@id\":\"https:\\\/\\\/fmc.ch\\\/#\\\/schema\\\/person\\\/3a7218d283691f8ef8cf410e4615e507\",\"name\":\"Nadja Blanchard\",\"image\":{\"@type\":\"ImageObject\",\"inLanguage\":\"fr-FR\",\"@id\":\"https:\\\/\\\/secure.gravatar.com\\\/avatar\\\/729fbcebbfccd7834565b1398470d6ea84a4f3e7525873a0cb368db99228ce7b?s=96&d=mm&r=g\",\"url\":\"https:\\\/\\\/secure.gravatar.com\\\/avatar\\\/729fbcebbfccd7834565b1398470d6ea84a4f3e7525873a0cb368db99228ce7b?s=96&d=mm&r=g\",\"contentUrl\":\"https:\\\/\\\/secure.gravatar.com\\\/avatar\\\/729fbcebbfccd7834565b1398470d6ea84a4f3e7525873a0cb368db99228ce7b?s=96&d=mm&r=g\",\"caption\":\"Nadja Blanchard\"},\"url\":\"https:\\\/\\\/fmc.ch\\\/fr\\\/author\\\/nadja-blanchardfmc-ch\\\/\"}]}<\/script>\n<!-- \/ Yoast SEO plugin. -->","yoast_head_json":{"title":"Visite de la fondation Lindenhof \u00e0 Oftringen - FMC","description":"D'une vision au d\u00e9veloppement d'une offre de soutien globale. Club fmc \u00e0 la fondation Lindenhof \u00e0 Oftringen.","robots":{"index":"index","follow":"follow","max-snippet":"max-snippet:-1","max-image-preview":"max-image-preview:large","max-video-preview":"max-video-preview:-1"},"canonical":"https:\/\/fmc.ch\/fr\/fondation-lindenhof-a-oftringen\/","og_locale":"fr_FR","og_type":"article","og_title":"Besuch bei der Stiftung Lindenhof in Oftringen - FMC","og_description":"Von einer Vision zur Entwicklung eines ganzheitlichen Unterst\u00fctzungsangebotes. fmc-Club bei der Stiftung Lindenhof in Oftringen.","og_url":"https:\/\/fmc.ch\/fr\/fondation-lindenhof-a-oftringen\/","og_site_name":"FMC","article_published_time":"2025-07-18T09:14:46+00:00","article_modified_time":"2025-11-27T15:52:38+00:00","og_image":[{"width":830,"height":742,"url":"https:\/\/fmc.ch\/wp-content\/uploads\/2025\/07\/fmc-Club-Oftringen-2025.png","type":"image\/png"}],"author":"Nadja Blanchard","twitter_card":"summary_large_image","twitter_misc":{"\u00c9crit par":"Nadja Blanchard","Dur\u00e9e de lecture estim\u00e9e":"2 minutes"},"schema":{"@context":"https:\/\/schema.org","@graph":[{"@type":"Article","@id":"https:\/\/fmc.ch\/stiftung-lindenhof-in-oftringen\/#article","isPartOf":{"@id":"https:\/\/fmc.ch\/stiftung-lindenhof-in-oftringen\/"},"author":{"name":"Nadja Blanchard","@id":"https:\/\/fmc.ch\/#\/schema\/person\/3a7218d283691f8ef8cf410e4615e507"},"headline":"Besuch bei der Stiftung Lindenhof in Oftringen","datePublished":"2025-07-18T09:14:46+00:00","dateModified":"2025-11-27T15:52:38+00:00","mainEntityOfPage":{"@id":"https:\/\/fmc.ch\/stiftung-lindenhof-in-oftringen\/"},"wordCount":246,"publisher":{"@id":"https:\/\/fmc.ch\/#organization"},"image":{"@id":"https:\/\/fmc.ch\/stiftung-lindenhof-in-oftringen\/#primaryimage"},"thumbnailUrl":"https:\/\/fmc.ch\/wp-content\/uploads\/2025\/07\/fmc-Club-Oftringen-2025.png","articleSection":["fmc Club"],"inLanguage":"fr-FR"},{"@type":"WebPage","@id":"https:\/\/fmc.ch\/stiftung-lindenhof-in-oftringen\/","url":"https:\/\/fmc.ch\/stiftung-lindenhof-in-oftringen\/","name":"Visite de la fondation Lindenhof \u00e0 Oftringen - FMC","isPartOf":{"@id":"https:\/\/fmc.ch\/#website"},"primaryImageOfPage":{"@id":"https:\/\/fmc.ch\/stiftung-lindenhof-in-oftringen\/#primaryimage"},"image":{"@id":"https:\/\/fmc.ch\/stiftung-lindenhof-in-oftringen\/#primaryimage"},"thumbnailUrl":"https:\/\/fmc.ch\/wp-content\/uploads\/2025\/07\/fmc-Club-Oftringen-2025.png","datePublished":"2025-07-18T09:14:46+00:00","dateModified":"2025-11-27T15:52:38+00:00","description":"D'une vision au d\u00e9veloppement d'une offre de soutien globale. Club fmc \u00e0 la fondation Lindenhof \u00e0 Oftringen.","breadcrumb":{"@id":"https:\/\/fmc.ch\/stiftung-lindenhof-in-oftringen\/#breadcrumb"},"inLanguage":"fr-FR","potentialAction":[{"@type":"ReadAction","target":["https:\/\/fmc.ch\/stiftung-lindenhof-in-oftringen\/"]}]},{"@type":"ImageObject","inLanguage":"fr-FR","@id":"https:\/\/fmc.ch\/stiftung-lindenhof-in-oftringen\/#primaryimage","url":"https:\/\/fmc.ch\/wp-content\/uploads\/2025\/07\/fmc-Club-Oftringen-2025.png","contentUrl":"https:\/\/fmc.ch\/wp-content\/uploads\/2025\/07\/fmc-Club-Oftringen-2025.png","width":830,"height":742},{"@type":"BreadcrumbList","@id":"https:\/\/fmc.ch\/stiftung-lindenhof-in-oftringen\/#breadcrumb","itemListElement":[{"@type":"ListItem","position":1,"name":"Home","item":"https:\/\/fmc.ch\/"},{"@type":"ListItem","position":2,"name":"Besuch bei der Stiftung Lindenhof in Oftringen"}]},{"@type":"WebSite","@id":"https:\/\/fmc.ch\/#website","url":"https:\/\/fmc.ch\/","name":"FMC","description":"Forum suisse des soins int\u00e9gr\u00e9s","publisher":{"@id":"https:\/\/fmc.ch\/#organization"},"potentialAction":[{"@type":"SearchAction","target":{"@type":"EntryPoint","urlTemplate":"https:\/\/fmc.ch\/?s={search_term_string}"},"query-input":{"@type":"PropertyValueSpecification","valueRequired":true,"valueName":"search_term_string"}}],"inLanguage":"fr-FR"},{"@type":"Organization","@id":"https:\/\/fmc.ch\/#organization","name":"FMC","url":"https:\/\/fmc.ch\/","logo":{"@type":"ImageObject","inLanguage":"fr-FR","@id":"https:\/\/fmc.ch\/#\/schema\/logo\/image\/","url":"https:\/\/fmc.ch\/wp-content\/uploads\/2023\/09\/fmc-logo.svg","contentUrl":"https:\/\/fmc.ch\/wp-content\/uploads\/2023\/09\/fmc-logo.svg","caption":"FMC"},"image":{"@id":"https:\/\/fmc.ch\/#\/schema\/logo\/image\/"}},{"@type":"Person","@id":"https:\/\/fmc.ch\/#\/schema\/person\/3a7218d283691f8ef8cf410e4615e507","name":"Nadja Blanchard","image":{"@type":"ImageObject","inLanguage":"fr-FR","@id":"https:\/\/secure.gravatar.com\/avatar\/729fbcebbfccd7834565b1398470d6ea84a4f3e7525873a0cb368db99228ce7b?s=96&d=mm&r=g","url":"https:\/\/secure.gravatar.com\/avatar\/729fbcebbfccd7834565b1398470d6ea84a4f3e7525873a0cb368db99228ce7b?s=96&d=mm&r=g","contentUrl":"https:\/\/secure.gravatar.com\/avatar\/729fbcebbfccd7834565b1398470d6ea84a4f3e7525873a0cb368db99228ce7b?s=96&d=mm&r=g","caption":"Nadja Blanchard"},"url":"https:\/\/fmc.ch\/fr\/author\/nadja-blanchardfmc-ch\/"}]}},"_links":{"self":[{"href":"https:\/\/fmc.ch\/fr\/wp-json\/wp\/v2\/posts\/16066","targetHints":{"allow":["GET"]}}],"collection":[{"href":"https:\/\/fmc.ch\/fr\/wp-json\/wp\/v2\/posts"}],"about":[{"href":"https:\/\/fmc.ch\/fr\/wp-json\/wp\/v2\/types\/post"}],"author":[{"embeddable":true,"href":"https:\/\/fmc.ch\/fr\/wp-json\/wp\/v2\/users\/2"}],"replies":[{"embeddable":true,"href":"https:\/\/fmc.ch\/fr\/wp-json\/wp\/v2\/comments?post=16066"}],"version-history":[{"count":13,"href":"https:\/\/fmc.ch\/fr\/wp-json\/wp\/v2\/posts\/16066\/revisions"}],"predecessor-version":[{"id":16325,"href":"https:\/\/fmc.ch\/fr\/wp-json\/wp\/v2\/posts\/16066\/revisions\/16325"}],"wp:featuredmedia":[{"embeddable":true,"href":"https:\/\/fmc.ch\/fr\/wp-json\/wp\/v2\/media\/16067"}],"wp:attachment":[{"href":"https:\/\/fmc.ch\/fr\/wp-json\/wp\/v2\/media?parent=16066"}],"wp:term":[{"taxonomy":"strategie","embeddable":true,"href":"https:\/\/fmc.ch\/fr\/wp-json\/wp\/v2\/strategie?post=16066"},{"taxonomy":"thema","embeddable":true,"href":"https:\/\/fmc.ch\/fr\/wp-json\/wp\/v2\/thema?post=16066"},{"taxonomy":"format","embeddable":true,"href":"https:\/\/fmc.ch\/fr\/wp-json\/wp\/v2\/format?post=16066"}],"curies":[{"name":"wp","href":"https:\/\/api.w.org\/{rel}","templated":true}]}}