{"id":15317,"date":"2025-09-04T15:53:56","date_gmt":"2025-09-04T14:53:56","guid":{"rendered":"https:\/\/fmc.ch\/?p=15317"},"modified":"2025-11-27T17:12:42","modified_gmt":"2025-11-27T16:12:42","slug":"programme-transformers-2025-26","status":"publish","type":"post","link":"https:\/\/fmc.ch\/fr\/transformers-programm-2025-26\/","title":{"rendered":"Programme Transformers 2025\/26 : fa\u00e7onnez l'avenir !"},"content":{"rendered":"<div data-elementor-type=\"wp-post\" data-elementor-id=\"15317\" class=\"elementor elementor-15317\" data-elementor-post-type=\"post\">\n\t\t\t\t<div class=\"elementor-element elementor-element-9007acb e-flex e-con-boxed e-con e-parent\" data-id=\"9007acb\" data-element_type=\"container\" data-e-type=\"container\">\n\t\t\t\t\t<div class=\"e-con-inner\">\n\t\t\t\t<div class=\"elementor-element elementor-element-38901c0 elementor-widget elementor-widget-text-editor\" data-id=\"38901c0\" data-element_type=\"widget\" data-e-type=\"widget\" data-widget_type=\"text-editor.default\">\n\t\t\t\t<div class=\"elementor-widget-container\">\n\t\t\t\t\t\t\t\t\t<h2><span style=\"color: #993300;\">Le programme 2025\/26 est complet ! Nous nous r\u00e9jouissons de vous accueillir pour la prochaine \u00e9dition (informations \u00e0 venir)<\/span><\/h2>\t\t\t\t\t\t\t\t<\/div>\n\t\t\t\t<\/div>\n\t\t\t\t<div data-dce-title-color=\"#6178AC\" class=\"elementor-element elementor-element-89a43a0 elementor-widget elementor-widget-heading\" data-id=\"89a43a0\" data-element_type=\"widget\" data-e-type=\"widget\" data-widget_type=\"heading.default\">\n\t\t\t\t<div class=\"elementor-widget-container\">\n\t\t\t\t\t<h2 class=\"elementor-heading-title elementor-size-default\">Cr\u00e9er des r\u00e9seaux. D\u00e9velopper des connaissances. Cr\u00e9er de nouvelles perspectives.<\/h2>\t\t\t\t<\/div>\n\t\t\t\t<\/div>\n\t\t\t\t<div class=\"elementor-element elementor-element-4659851 elementor-widget elementor-widget-text-editor\" data-id=\"4659851\" data-element_type=\"widget\" data-e-type=\"widget\" data-widget_type=\"text-editor.default\">\n\t\t\t\t<div class=\"elementor-widget-container\">\n\t\t\t\t\t\t\t\t\t<p>Le programme fmc Transformers soutient la transformation des soins de sant\u00e9. Le m\u00e9lange de diff\u00e9rentes institutions permet de construire un r\u00e9seau stable et complet. Le format s'adresse aux collaborateurs ayant environ 3 \u00e0 7 ans d'exp\u00e9rience professionnelle. En \u00e9changeant avec les autres participants ainsi qu'avec des experts, ils apprennent \u00e0 conna\u00eetre les positions d'autres acteurs du syst\u00e8me de sant\u00e9 et d\u00e9veloppent ensemble des solutions consensuelles. Des conf\u00e9renciers et conf\u00e9renci\u00e8res proches de la pratique transmettent \u00e0 cet effet des connaissances approfondies et discutent avec vos transformers des questions d'avenir d'une conception r\u00e9siliente du syst\u00e8me de sant\u00e9.<\/p>\t\t\t\t\t\t\t\t<\/div>\n\t\t\t\t<\/div>\n\t\t<div class=\"elementor-element elementor-element-5e01812 e-grid e-con-full e-con e-child\" data-id=\"5e01812\" data-element_type=\"container\" data-e-type=\"container\">\n\t\t\t\t<div class=\"elementor-element elementor-element-5885701 elementor-widget elementor-widget-text-editor\" data-id=\"5885701\" data-element_type=\"widget\" data-e-type=\"widget\" data-widget_type=\"text-editor.default\">\n\t\t\t\t<div class=\"elementor-widget-container\">\n\t\t\t\t\t\t\t\t\t<h2>Qui participe ?<\/h2><ul><li>Collaborateurs, avec environ 3 \u00e0 7 ans d'exp\u00e9rience professionnelle<\/li><li><span data-olk-copy-source=\"MessageBody\">Les collaborateurs de tous les secteurs de l'entreprise sont les bienvenus<\/span><\/li><\/ul><p>Le nombre de participant.es est limit\u00e9 \u00e0 8-10 personnes.<\/p><p>Cette premi\u00e8re \u00e9dition se d\u00e9roulera en allemand. Si elle est r\u00e9ussie, une \u00e9dition en fran\u00e7ais sera organis\u00e9e ult\u00e9rieurement.<\/p>\t\t\t\t\t\t\t\t<\/div>\n\t\t\t\t<\/div>\n\t\t\t\t<div class=\"elementor-element elementor-element-d582bc1 elementor-widget elementor-widget-image\" data-id=\"d582bc1\" data-element_type=\"widget\" data-e-type=\"widget\" data-widget_type=\"image.default\">\n\t\t\t\t<div class=\"elementor-widget-container\">\n\t\t\t\t\t\t\t\t\t\t\t\t\t\t\t<img fetchpriority=\"high\" decoding=\"async\" width=\"625\" height=\"525\" src=\"https:\/\/fmc.ch\/wp-content\/uploads\/2025\/05\/Webinar_Transformers-2025-26.jpg\" class=\"attachment-large size-large wp-image-15318\" alt=\"\" srcset=\"https:\/\/fmc.ch\/wp-content\/uploads\/2025\/05\/Webinar_Transformers-2025-26.jpg 625w, https:\/\/fmc.ch\/wp-content\/uploads\/2025\/05\/Webinar_Transformers-2025-26-600x504.jpg 600w, https:\/\/fmc.ch\/wp-content\/uploads\/2025\/05\/Webinar_Transformers-2025-26-14x12.jpg 14w\" sizes=\"(max-width: 625px) 100vw, 625px\" \/>\t\t\t\t\t\t\t\t\t\t\t\t\t\t\t<\/div>\n\t\t\t\t<\/div>\n\t\t\t\t<\/div>\n\t\t\t\t<div class=\"elementor-element elementor-element-4acb0f1 elementor-widget elementor-widget-heading\" data-id=\"4acb0f1\" data-element_type=\"widget\" data-e-type=\"widget\" data-widget_type=\"heading.default\">\n\t\t\t\t<div class=\"elementor-widget-container\">\n\t\t\t\t\t<h3 class=\"elementor-heading-title elementor-size-default\">Structure du programme<\/h3>\t\t\t\t<\/div>\n\t\t\t\t<\/div>\n\t\t\t\t<div class=\"elementor-element elementor-element-9fbdac3 elementor-widget elementor-widget-text-editor\" data-id=\"9fbdac3\" data-element_type=\"widget\" data-e-type=\"widget\" data-widget_type=\"text-editor.default\">\n\t\t\t\t<div class=\"elementor-widget-container\">\n\t\t\t\t\t\t\t\t\t<p>Il s'agit du programme provisoire.<\/p>\t\t\t\t\t\t\t\t<\/div>\n\t\t\t\t<\/div>\n\t\t\t\t<div class=\"elementor-element elementor-element-d92075f elementor-widget elementor-widget-button\" data-id=\"d92075f\" data-element_type=\"widget\" data-e-type=\"widget\" data-widget_type=\"button.default\">\n\t\t\t\t<div class=\"elementor-widget-container\">\n\t\t\t\t\t\t\t\t\t<div class=\"elementor-button-wrapper\">\n\t\t\t\t\t<a class=\"elementor-button elementor-button-link elementor-size-sm\" href=\"https:\/\/fmc.ch\/wp-content\/uploads\/2025\/08\/Transformers-prov-Programm.pdf\" target=\"_blank\">\n\t\t\t\t\t\t<span class=\"elementor-button-content-wrapper\">\n\t\t\t\t\t\t\t\t\t<span class=\"elementor-button-text\">Programme provisoire<\/span>\n\t\t\t\t\t<\/span>\n\t\t\t\t\t<\/a>\n\t\t\t\t<\/div>\n\t\t\t\t\t\t\t\t<\/div>\n\t\t\t\t<\/div>\n\t\t\t\t<div class=\"elementor-element elementor-element-602d362 elementor-widget elementor-widget-text-editor\" data-id=\"602d362\" data-element_type=\"widget\" data-e-type=\"widget\" data-widget_type=\"text-editor.default\">\n\t\t\t\t<div class=\"elementor-widget-container\">\n\t\t\t\t\t\t\t\t\t<p><strong>Kick-off le vendredi et le samedi 7 et 8 novembre 2025 sur place \u00e0 Berne (Vatter Business Center)<\/strong><\/p><p>Les diff\u00e9rents champs d'action du fmc ainsi que les d\u00e9fis qu'ils repr\u00e9sentent pour la mise en \u0153uvre des soins int\u00e9gr\u00e9s seront pr\u00e9sent\u00e9s aux participant.es par diff\u00e9rents intervenant.es.<\/p><ul><li><a href=\"https:\/\/www.linkedin.com\/in\/annamaria-m%C3%BCller-3a11678b\/\" target=\"_blank\" rel=\"noopener\">Annamaria M\u00fcller<\/a>La pr\u00e9sidente de la fmc introduit les soins int\u00e9gr\u00e9s.<\/li><li><a href=\"https:\/\/www.linkedin.com\/in\/dr-caroline-gurtner-z%C3%BCrcher-173a68b6\/\" target=\"_blank\" rel=\"noopener\">Caroline Gurtner<\/a>Health- and Nursing Scientist, parle des d\u00e9fis dans le domaine d'action <strong>Structuration de la coop\u00e9ration<\/strong><\/li><li><a href=\"https:\/\/www.linkedin.com\/in\/sergebignens\/\" target=\"_blank\" rel=\"noopener\">Serge Bignens<\/a>Co-Head of Institute for Patient-centered Digital Health, pr\u00e9sente les d\u00e9fis des instruments analogiques et num\u00e9riques.<\/li><li><span data-olk-copy-source=\"MessageBody\"><a href=\"https:\/\/www.linkedin.com\/in\/salome-von-greyerz-962b821a4\/\" target=\"_blank\" rel=\"noopener\">Salom\u00e9 de Gruy\u00e8re<\/a>, chef de division \u00e0 l'Office f\u00e9d\u00e9ral de la sant\u00e9 publique OFSP, parle des d\u00e9fis \u00e0 relever dans les<strong> les aspects juridiques des formes innovantes de soins<\/strong><\/span><\/li><li><a href=\"https:\/\/www.linkedin.com\/in\/oliver-strehle-a67b24173\/\" target=\"_blank\" rel=\"noopener\">Oliver Strehle<\/a>, directeur de la fmc, consacre son intervention aux <strong>de nouveaux mod\u00e8les de financement<\/strong><\/li><li><a href=\"https:\/\/www.linkedin.com\/in\/nadja-blanchard-2a6422128\/\" target=\"_blank\" rel=\"noopener\">Nadja Blanchard<\/a>conseill\u00e8re sur le th\u00e8me du Future Work, d\u00e9crit les d\u00e9fis dans le domaine de l'emploi. <strong>Champ d'action Leadership et \u00e9tat d'esprit<\/strong><\/li><\/ul><p>\u00a0<\/p><p>Objectifs du coup d'envoi :<\/p><ul><li>les participant.es ont une bonne compr\u00e9hension des soins int\u00e9gr\u00e9s<\/li><li>les participant.es comprennent quels sont les d\u00e9fis dans les diff\u00e9rents champs d'action<\/li><\/ul>\t\t\t\t\t\t\t\t<\/div>\n\t\t\t\t<\/div>\n\t\t\t\t<div class=\"elementor-element elementor-element-0cdb3be elementor-widget-divider--view-line elementor-widget elementor-widget-divider\" data-id=\"0cdb3be\" data-element_type=\"widget\" data-e-type=\"widget\" data-widget_type=\"divider.default\">\n\t\t\t\t<div class=\"elementor-widget-container\">\n\t\t\t\t\t\t\t<div class=\"elementor-divider\">\n\t\t\t<span class=\"elementor-divider-separator\">\n\t\t\t\t\t\t<\/span>\n\t\t<\/div>\n\t\t\t\t\t\t<\/div>\n\t\t\t\t<\/div>\n\t\t\t\t<div class=\"elementor-element elementor-element-e7d0ec7 elementor-widget elementor-widget-text-editor\" data-id=\"e7d0ec7\" data-element_type=\"widget\" data-e-type=\"widget\" data-widget_type=\"text-editor.default\">\n\t\t\t\t<div class=\"elementor-widget-container\">\n\t\t\t\t\t\t\t\t\t<p><em>Alors que le kick-off se penche plut\u00f4t sur les d\u00e9fis, chaque session en ligne est consacr\u00e9e \u00e0 un champ d'action et pr\u00e9sente \u00e0 cet effet des solutions issues de la pratique.<\/em><\/p>\n<ul>\n<li>les participant.es connaissent les solutions possibles aux d\u00e9fis esquiss\u00e9s lors du kick-off<\/li>\n<li>les participant.es peuvent r\u00e9fl\u00e9chir aux solutions propos\u00e9es dans leur propre contexte<\/li>\n<\/ul>\t\t\t\t\t\t\t\t<\/div>\n\t\t\t\t<\/div>\n\t\t\t\t<div class=\"elementor-element elementor-element-dbb43d9 elementor-widget-divider--view-line elementor-widget elementor-widget-divider\" data-id=\"dbb43d9\" data-element_type=\"widget\" data-e-type=\"widget\" data-widget_type=\"divider.default\">\n\t\t\t\t<div class=\"elementor-widget-container\">\n\t\t\t\t\t\t\t<div class=\"elementor-divider\">\n\t\t\t<span class=\"elementor-divider-separator\">\n\t\t\t\t\t\t<\/span>\n\t\t<\/div>\n\t\t\t\t\t\t<\/div>\n\t\t\t\t<\/div>\n\t\t\t\t<div class=\"elementor-element elementor-element-c177bb1 elementor-widget elementor-widget-text-editor\" data-id=\"c177bb1\" data-element_type=\"widget\" data-e-type=\"widget\" data-widget_type=\"text-editor.default\">\n\t\t\t\t<div class=\"elementor-widget-container\">\n\t\t\t\t\t\t\t\t\t<p><strong>5 d\u00e9cembre 2025, 14h00 \u00e0 15h30 : Session en ligne - Structurer la coop\u00e9ration<\/strong><\/p><p>Le partenaire pratique est la <a href=\"https:\/\/www.lindenhofgruppe.ch\/de\/\" target=\"_blank\" rel=\"noopener\">Groupe du Lindenhof<\/a> avec le <a href=\"https:\/\/fmc.ch\/fr\/reseau-vertical\/\" target=\"_blank\" rel=\"noopener\">Focalisation sur la collaboration entre le secteur ambulatoire et le secteur hospitalier<\/a>.\u00a0<\/p>\t\t\t\t\t\t\t\t<\/div>\n\t\t\t\t<\/div>\n\t\t\t\t<div class=\"elementor-element elementor-element-32f7d59 elementor-widget-divider--view-line elementor-widget elementor-widget-divider\" data-id=\"32f7d59\" data-element_type=\"widget\" data-e-type=\"widget\" data-widget_type=\"divider.default\">\n\t\t\t\t<div class=\"elementor-widget-container\">\n\t\t\t\t\t\t\t<div class=\"elementor-divider\">\n\t\t\t<span class=\"elementor-divider-separator\">\n\t\t\t\t\t\t<\/span>\n\t\t<\/div>\n\t\t\t\t\t\t<\/div>\n\t\t\t\t<\/div>\n\t\t\t\t<div class=\"elementor-element elementor-element-9b27311 elementor-widget elementor-widget-text-editor\" data-id=\"9b27311\" data-element_type=\"widget\" data-e-type=\"widget\" data-widget_type=\"text-editor.default\">\n\t\t\t\t<div class=\"elementor-widget-container\">\n\t\t\t\t\t\t\t\t\t<p><strong>16 janvier 2026, 14h00 \u00e0 15h30 : Session en ligne - Instruments analogiques et num\u00e9riques de la pratique<\/strong><\/p><p>Le partenaire de terrain est <a href=\"https:\/\/www.santenext.ch\/innovationsprojekte\/shapehub\/\" target=\"_blank\" rel=\"noopener\">ShapeHub<\/a>, la plateforme de donn\u00e9es interop\u00e9rable<\/p>\t\t\t\t\t\t\t\t<\/div>\n\t\t\t\t<\/div>\n\t\t\t\t<div class=\"elementor-element elementor-element-d7da43a elementor-widget-divider--view-line elementor-widget elementor-widget-divider\" data-id=\"d7da43a\" data-element_type=\"widget\" data-e-type=\"widget\" data-widget_type=\"divider.default\">\n\t\t\t\t<div class=\"elementor-widget-container\">\n\t\t\t\t\t\t\t<div class=\"elementor-divider\">\n\t\t\t<span class=\"elementor-divider-separator\">\n\t\t\t\t\t\t<\/span>\n\t\t<\/div>\n\t\t\t\t\t\t<\/div>\n\t\t\t\t<\/div>\n\t\t\t\t<div class=\"elementor-element elementor-element-62f1389 elementor-widget elementor-widget-text-editor\" data-id=\"62f1389\" data-element_type=\"widget\" data-e-type=\"widget\" data-widget_type=\"text-editor.default\">\n\t\t\t\t<div class=\"elementor-widget-container\">\n\t\t\t\t\t\t\t\t\t<p><strong>20 mars 2026, 14h00 \u00e0 15h30 : Session en ligne - Nouveaux mod\u00e8les de r\u00e9mun\u00e9ration<\/strong><\/p><p>Le partenaire pratique est le <a href=\"https:\/\/www.reseau-delta.ch\/\" target=\"_blank\" rel=\"noopener\">R\u00e9seau Delta<\/a> de Gen\u00e8ve avec le financement de la capitation ainsi que <a href=\"https:\/\/www.groupemutuel.ch\/de\/Privatkunden\/Unsere-Produkte\/Gesundheit\/Obligatorische-Krankenpflegeversicherung\/Optimed\/Optimed-DeltaSante.html\" target=\"_blank\" rel=\"noopener\">Collaboration avec les caisses de maladie<\/a> et le canton.<\/p>\t\t\t\t\t\t\t\t<\/div>\n\t\t\t\t<\/div>\n\t\t\t\t<div class=\"elementor-element elementor-element-f38d772 elementor-widget-divider--view-line elementor-widget elementor-widget-divider\" data-id=\"f38d772\" data-element_type=\"widget\" data-e-type=\"widget\" data-widget_type=\"divider.default\">\n\t\t\t\t<div class=\"elementor-widget-container\">\n\t\t\t\t\t\t\t<div class=\"elementor-divider\">\n\t\t\t<span class=\"elementor-divider-separator\">\n\t\t\t\t\t\t<\/span>\n\t\t<\/div>\n\t\t\t\t\t\t<\/div>\n\t\t\t\t<\/div>\n\t\t\t\t<div class=\"elementor-element elementor-element-751fad3 elementor-widget elementor-widget-text-editor\" data-id=\"751fad3\" data-element_type=\"widget\" data-e-type=\"widget\" data-widget_type=\"text-editor.default\">\n\t\t\t\t<div class=\"elementor-widget-container\">\n\t\t\t\t\t\t\t\t\t<p><strong>24 avril 2026, 14h00 \u00e0 15h30 : Session en ligne - aspects juridiques des formes de soins innovantes<\/strong><\/p><p>Le partenaire pratique est le <a href=\"https:\/\/gesundheitspunkt.ch\/\" target=\"_blank\" rel=\"noopener\">Point sant\u00e9 d'Ober\u00e4geri<\/a> avec la <a href=\"https:\/\/fmc.ch\/fr\/rendre-la-sante-possible-un-exemple-pratique-de-soins-integres\/\" target=\"_blank\" rel=\"noopener\">R\u00e9partition des responsabilit\u00e9s<\/a><\/p>\t\t\t\t\t\t\t\t<\/div>\n\t\t\t\t<\/div>\n\t\t\t\t<div class=\"elementor-element elementor-element-84ae946 elementor-widget-divider--view-line elementor-widget elementor-widget-divider\" data-id=\"84ae946\" data-element_type=\"widget\" data-e-type=\"widget\" data-widget_type=\"divider.default\">\n\t\t\t\t<div class=\"elementor-widget-container\">\n\t\t\t\t\t\t\t<div class=\"elementor-divider\">\n\t\t\t<span class=\"elementor-divider-separator\">\n\t\t\t\t\t\t<\/span>\n\t\t<\/div>\n\t\t\t\t\t\t<\/div>\n\t\t\t\t<\/div>\n\t\t\t\t<div class=\"elementor-element elementor-element-f733b5d elementor-widget elementor-widget-text-editor\" data-id=\"f733b5d\" data-element_type=\"widget\" data-e-type=\"widget\" data-widget_type=\"text-editor.default\">\n\t\t\t\t<div class=\"elementor-widget-container\">\n\t\t\t\t\t\t\t\t\t<p><strong>22 mai 2026, 14h00 \u00e0 15h30 : Session en ligne - Leadership et \u00e9tat d'esprit<\/strong><\/p><p>Le partenaire pratique est le<a href=\"https:\/\/spitalzollikerberg.ch\/de\" target=\"_blank\" rel=\"noopener\"> H\u00f4pital de Zollikerberg<\/a> sur le th\u00e8me des \"nouveaux mod\u00e8les de leadership\" avec l'exemple de la <a href=\"https:\/\/spitalzollikerberg.ch\/de\/blog\/soziokratie-im-spital-zollikerberg\" target=\"_blank\" rel=\"noopener\">Sociocratie<\/a><\/p>\t\t\t\t\t\t\t\t<\/div>\n\t\t\t\t<\/div>\n\t\t\t\t<div class=\"elementor-element elementor-element-1c61641 elementor-widget-divider--view-line elementor-widget elementor-widget-divider\" data-id=\"1c61641\" data-element_type=\"widget\" data-e-type=\"widget\" data-widget_type=\"divider.default\">\n\t\t\t\t<div class=\"elementor-widget-container\">\n\t\t\t\t\t\t\t<div class=\"elementor-divider\">\n\t\t\t<span class=\"elementor-divider-separator\">\n\t\t\t\t\t\t<\/span>\n\t\t<\/div>\n\t\t\t\t\t\t<\/div>\n\t\t\t\t<\/div>\n\t\t\t\t<div class=\"elementor-element elementor-element-7ade57e elementor-widget elementor-widget-text-editor\" data-id=\"7ade57e\" data-element_type=\"widget\" data-e-type=\"widget\" data-widget_type=\"text-editor.default\">\n\t\t\t\t<div class=\"elementor-widget-container\">\n\t\t\t\t\t\t\t\t\t<p><strong>9 juin 2026 \u00e0 partir de 14h00 : cl\u00f4ture la veille du symposium<\/strong><\/p><ul><li>Pr\u00e9sentation des potentiels d'optimisation \u00e9labor\u00e9s dans les organisations des Transformers\u00a0<\/li><li>\u00c9valuation du programme Transformers par les participant.es<\/li><li>Participation au d\u00eener des conf\u00e9renciers<\/li><li>Le lendemain, participation gratuite au symposium 2026<\/li><\/ul>\t\t\t\t\t\t\t\t<\/div>\n\t\t\t\t<\/div>\n\t\t\t\t<div class=\"elementor-element elementor-element-e20c761 elementor-widget elementor-widget-shortcode\" data-id=\"e20c761\" data-element_type=\"widget\" data-e-type=\"widget\" data-widget_type=\"shortcode.default\">\n\t\t\t\t<div class=\"elementor-widget-container\">\n\t\t\t\t\t\t\t<div class=\"elementor-shortcode\"><div class=\"_df_book df-lite\" id=\"df_15474\"  _slug=\"transformers-programm-2025-26_flyer\" data-title=\"transformers-programm-2025-26_flyer\" wpoptions=\"true\" thumbtype=\"\" ><\/div><script class=\"df-shortcode-script\" nowprocket type=\"application\/javascript\">window.option_df_15474 = {\"outline\":[],\"backgroundColor\":\"#f1f1f1\",\"height\":\"700\",\"autoEnableOutline\":\"false\",\"autoEnableThumbnail\":\"false\",\"overwritePDFOutline\":\"false\",\"direction\":\"1\",\"pageSize\":\"0\",\"source\":\"https:\\\/\\\/fmc.ch\\\/wp-content\\\/uploads\\\/2025\\\/05\\\/FMC_Transformers-Flyer_HE_Digital-Einseitig.pdf\",\"wpOptions\":\"true\"}; if(window.DFLIP && window.DFLIP.parseBooks){window.DFLIP.parseBooks();}<\/script><\/div>\n\t\t\t\t\t\t<\/div>\n\t\t\t\t<\/div>\n\t\t\t\t<div class=\"elementor-element elementor-element-dd0d5f9 elementor-align-center elementor-widget elementor-widget-button\" data-id=\"dd0d5f9\" data-element_type=\"widget\" data-e-type=\"widget\" data-widget_type=\"button.default\">\n\t\t\t\t<div class=\"elementor-widget-container\">\n\t\t\t\t\t\t\t\t\t<div class=\"elementor-button-wrapper\">\n\t\t\t\t\t<a class=\"elementor-button elementor-button-link elementor-size-sm\" href=\"https:\/\/fmc.ch\/wp-content\/uploads\/2025\/05\/FMC_Transformers-Flyer_HE_Digital-Doppelseitig.pdf\" target=\"_blank\">\n\t\t\t\t\t\t<span class=\"elementor-button-content-wrapper\">\n\t\t\t\t\t\t\t\t\t<span class=\"elementor-button-text\">D\u00e9pliant \u00e0 t\u00e9l\u00e9charger<\/span>\n\t\t\t\t\t<\/span>\n\t\t\t\t\t<\/a>\n\t\t\t\t<\/div>\n\t\t\t\t\t\t\t\t<\/div>\n\t\t\t\t<\/div>\n\t\t\t\t\t<\/div>\n\t\t\t\t<\/div>\n\t\t<div class=\"elementor-element elementor-element-f6dc1c6 e-flex e-con-boxed e-con e-parent\" data-id=\"f6dc1c6\" data-element_type=\"container\" data-e-type=\"container\">\n\t\t\t\t\t<div class=\"e-con-inner\">\n\t\t\t\t<div class=\"elementor-element elementor-element-bbcea4e elementor-widget elementor-widget-heading\" data-id=\"bbcea4e\" data-element_type=\"widget\" data-e-type=\"widget\" data-widget_type=\"heading.default\">\n\t\t\t\t<div class=\"elementor-widget-container\">\n\t\t\t\t\t<h3 class=\"elementor-heading-title elementor-size-default\">Temps n\u00e9cessaire<\/h3>\t\t\t\t<\/div>\n\t\t\t\t<\/div>\n\t\t\t\t<div class=\"elementor-element elementor-element-f344eb0 elementor-widget elementor-widget-text-editor\" data-id=\"f344eb0\" data-element_type=\"widget\" data-e-type=\"widget\" data-widget_type=\"text-editor.default\">\n\t\t\t\t<div class=\"elementor-widget-container\">\n\t\t\t\t\t\t\t\t\t<ul><li>1 \u00bd journ\u00e9e de Kick-off \u00e0 Berne les vendredi et samedi 7 et 8 novembre 2025.<\/li><li>En ligne environ 3-4 heures\/mois de d\u00e9cembre 2025 \u00e0 juin 2026.<br \/>1,5 h de rencontre virtuelle avec des expertes et des experts ;<br \/>1,5 h Pr\u00e9paration et suivi autonome ou en groupe<\/li><li>Elaboration d'une contribution au symposium du fmc 2026 et d'un projet d'am\u00e9lioration des soins.<\/li><\/ul>\t\t\t\t\t\t\t\t<\/div>\n\t\t\t\t<\/div>\n\t\t\t\t\t<\/div>\n\t\t\t\t<\/div>\n\t\t\t\t<section class=\"elementor-section elementor-top-section elementor-element elementor-element-6b46394 elementor-section-boxed elementor-section-height-default elementor-section-height-default\" data-id=\"6b46394\" data-element_type=\"section\" data-e-type=\"section\">\n\t\t\t\t\t\t<div class=\"elementor-container elementor-column-gap-default\">\n\t\t\t\t\t<div class=\"elementor-column elementor-col-100 elementor-top-column elementor-element elementor-element-08b0d92\" data-id=\"08b0d92\" data-element_type=\"column\" data-e-type=\"column\">\n\t\t\t<div class=\"elementor-widget-wrap elementor-element-populated\">\n\t\t\t\t\t\t<div class=\"elementor-element elementor-element-170f775 elementor-invisible elementor-widget elementor-widget-heading\" data-id=\"170f775\" data-element_type=\"widget\" data-e-type=\"widget\" data-settings=\"{&quot;_animation&quot;:&quot;fadeInUp&quot;}\" data-widget_type=\"heading.default\">\n\t\t\t\t<div class=\"elementor-widget-container\">\n\t\t\t\t\t<h2 class=\"elementor-heading-title elementor-size-default\">Informations essentielles :<\/h2>\t\t\t\t<\/div>\n\t\t\t\t<\/div>\n\t\t\t\t<div class=\"elementor-element elementor-element-9b2c8b6 elementor-widget__width-initial elementor-widget elementor-widget-text-editor\" data-id=\"9b2c8b6\" data-element_type=\"widget\" data-e-type=\"widget\" data-widget_type=\"text-editor.default\">\n\t\t\t\t<div class=\"elementor-widget-container\">\n\t\t\t\t\t\t\t\t\t<table width=\"475\"><tbody><tr><td width=\"80\">Quand\u00a0<\/td><td width=\"395\">Novembre 2025 \u00e0 juin 2026<\/td><\/tr><tr><td width=\"80\">O\u00f9<\/td><td width=\"395\">Une session en pr\u00e9sentiel d'un jour et demi, suivie de 5 sessions en ligne.<br \/>Une rencontre \u00e0 la veille du symposium 2026 et le symposium lui-m\u00eame cl\u00f4tureront l'\u00e9v\u00e9nement.<\/td><\/tr><tr><td width=\"80\">Langue :<\/td><td width=\"395\">Allemand<\/td><\/tr><tr><td width=\"80\">Pour qui\u00a0<\/td><td width=\"395\">Collaborateurs de tous les secteurs de l'entreprise, avec environ 3 \u00e0 7 ans d'exp\u00e9rience professionnelle<\/td><\/tr><tr><td width=\"80\">Par qui :\u00a0<\/td><td width=\"395\">\u00a0Forum suisse des soins int\u00e9gr\u00e9s (fmc)<\/td><\/tr><tr><td width=\"80\">Nombre de participant.es :<\/td><td width=\"395\">Le programme Transformers se d\u00e9roule avec un minimum de 8 et un maximum de 10 participant.es.<\/td><\/tr><tr><td width=\"80\">Co\u00fbts :\u00a0<\/td><td width=\"395\">500 CHF pour les non-membres de la fmc, plus frais d'h\u00e9bergement et de d\u00e9placement<\/td><\/tr><\/tbody><\/table>\t\t\t\t\t\t\t\t<\/div>\n\t\t\t\t<\/div>\n\t\t\t\t\t<\/div>\n\t\t<\/div>\n\t\t\t\t\t<\/div>\n\t\t<\/section>\n\t\t\t\t<section class=\"elementor-section elementor-top-section elementor-element elementor-element-6283110 elementor-section-boxed elementor-section-height-default elementor-section-height-default\" data-id=\"6283110\" data-element_type=\"section\" data-e-type=\"section\">\n\t\t\t\t\t\t<div class=\"elementor-container elementor-column-gap-default\">\n\t\t\t\t\t<div class=\"elementor-column elementor-col-100 elementor-top-column elementor-element elementor-element-0275204\" data-id=\"0275204\" data-element_type=\"column\" data-e-type=\"column\">\n\t\t\t<div class=\"elementor-widget-wrap elementor-element-populated\">\n\t\t\t\t<!-- dce invisible element 60612e8 -->\t\t\t<\/div>\n\t\t<\/div>\n\t\t\t\t\t<\/div>\n\t\t<\/section>\n\t\t<div class=\"elementor-element elementor-element-5fd5a1a e-flex e-con-boxed e-con e-parent\" data-id=\"5fd5a1a\" data-element_type=\"container\" data-e-type=\"container\">\n\t\t\t\t\t<div class=\"e-con-inner\">\n\t\t\t\t<div class=\"elementor-element elementor-element-caba8d9 elementor-widget elementor-widget-button\" data-id=\"caba8d9\" data-element_type=\"widget\" data-e-type=\"widget\" data-widget_type=\"button.default\">\n\t\t\t\t<div class=\"elementor-widget-container\">\n\t\t\t\t\t\t\t\t\t<div class=\"elementor-button-wrapper\">\n\t\t\t\t\t<a class=\"elementor-button elementor-button-link elementor-size-sm\" href=\"https:\/\/fmc.ch\/wp-content\/uploads\/2025\/05\/Transformers-Programm-2025-26_AGB-fuer-Teilnehmende.pdf\" target=\"_blank\">\n\t\t\t\t\t\t<span class=\"elementor-button-content-wrapper\">\n\t\t\t\t\t\t\t\t\t<span class=\"elementor-button-text\">Les conditions g\u00e9n\u00e9rales se trouvent ici<\/span>\n\t\t\t\t\t<\/span>\n\t\t\t\t\t<\/a>\n\t\t\t\t<\/div>\n\t\t\t\t\t\t\t\t<\/div>\n\t\t\t\t<\/div>\n\t\t\t\t\t<\/div>\n\t\t\t\t<\/div>\n\t\t\t\t<\/div>","protected":false},"excerpt":{"rendered":"<p>Le programme Transformers soutient la transformation des soins de sant\u00e9.<\/p>","protected":false},"author":2,"featured_media":15318,"comment_status":"closed","ping_status":"closed","sticky":false,"template":"","format":[138,141],"meta":{"footnotes":""},"strategie":[163],"thema":[170],"class_list":["post-15317","post","type-post","status-publish","format-standard","has-post-thumbnail","hentry","strategie-integrierte-versorgung-allgemein","thema-themenuebergreifende-fmc-aktivitaet","format-veranstaltung","format-webinare"],"yoast_head":"<!-- This site is optimized with the Yoast SEO plugin v27.5 - https:\/\/yoast.com\/product\/yoast-seo-wordpress\/ -->\n<title>Transformers-Programm 2025\/26: Gestalten Sie die Zukunft! - FMC<\/title>\n<meta name=\"description\" content=\"Das Transformers-Programm unterst\u00fctzt die Transformation der Gesundheitsversorgung und erm\u00f6glicht den Aufbau eines stabilen und umfassenden Netzwerks.\" \/>\n<meta name=\"robots\" content=\"index, follow, max-snippet:-1, max-image-preview:large, max-video-preview:-1\" \/>\n<link rel=\"canonical\" href=\"https:\/\/fmc.ch\/fr\/programme-transformers-2025-26\/\" \/>\n<meta property=\"og:locale\" content=\"fr_FR\" \/>\n<meta property=\"og:type\" content=\"article\" \/>\n<meta property=\"og:title\" content=\"Transformers-Programm 2025\/26: Gestalten Sie die Zukunft! - FMC\" \/>\n<meta property=\"og:description\" content=\"Das Transformers-Programm unterst\u00fctzt die Transformation der Gesundheitsversorgung und erm\u00f6glicht den Aufbau eines stabilen und umfassenden Netzwerks.\" \/>\n<meta property=\"og:url\" content=\"https:\/\/fmc.ch\/fr\/programme-transformers-2025-26\/\" \/>\n<meta property=\"og:site_name\" content=\"FMC\" \/>\n<meta property=\"article:published_time\" content=\"2025-09-04T14:53:56+00:00\" \/>\n<meta property=\"article:modified_time\" content=\"2025-11-27T16:12:42+00:00\" \/>\n<meta property=\"og:image\" content=\"https:\/\/fmc.ch\/wp-content\/uploads\/2025\/05\/Webinar_Transformers-2025-26.jpg\" \/>\n\t<meta property=\"og:image:width\" content=\"625\" \/>\n\t<meta property=\"og:image:height\" content=\"525\" \/>\n\t<meta property=\"og:image:type\" content=\"image\/jpeg\" \/>\n<meta name=\"author\" content=\"Nadja Blanchard\" \/>\n<meta name=\"twitter:card\" content=\"summary_large_image\" \/>\n<meta name=\"twitter:label1\" content=\"\u00c9crit par\" \/>\n\t<meta name=\"twitter:data1\" content=\"Nadja Blanchard\" \/>\n\t<meta name=\"twitter:label2\" content=\"Dur\u00e9e de lecture estim\u00e9e\" \/>\n\t<meta name=\"twitter:data2\" content=\"5 minutes\" \/>\n<script type=\"application\/ld+json\" class=\"yoast-schema-graph\">{\"@context\":\"https:\\\/\\\/schema.org\",\"@graph\":[{\"@type\":\"Article\",\"@id\":\"https:\\\/\\\/fmc.ch\\\/transformers-programm-2025-26\\\/#article\",\"isPartOf\":{\"@id\":\"https:\\\/\\\/fmc.ch\\\/transformers-programm-2025-26\\\/\"},\"author\":{\"name\":\"Nadja Blanchard\",\"@id\":\"https:\\\/\\\/fmc.ch\\\/#\\\/schema\\\/person\\\/3a7218d283691f8ef8cf410e4615e507\"},\"headline\":\"Transformers-Programm 2025\\\/26: Gestalten Sie die Zukunft!\",\"datePublished\":\"2025-09-04T14:53:56+00:00\",\"dateModified\":\"2025-11-27T16:12:42+00:00\",\"mainEntityOfPage\":{\"@id\":\"https:\\\/\\\/fmc.ch\\\/transformers-programm-2025-26\\\/\"},\"wordCount\":666,\"publisher\":{\"@id\":\"https:\\\/\\\/fmc.ch\\\/#organization\"},\"image\":{\"@id\":\"https:\\\/\\\/fmc.ch\\\/transformers-programm-2025-26\\\/#primaryimage\"},\"thumbnailUrl\":\"https:\\\/\\\/fmc.ch\\\/wp-content\\\/uploads\\\/2025\\\/05\\\/Webinar_Transformers-2025-26.jpg\",\"articleSection\":[\"Webinare\"],\"inLanguage\":\"fr-FR\"},{\"@type\":\"WebPage\",\"@id\":\"https:\\\/\\\/fmc.ch\\\/transformers-programm-2025-26\\\/\",\"url\":\"https:\\\/\\\/fmc.ch\\\/transformers-programm-2025-26\\\/\",\"name\":\"Transformers-Programm 2025\\\/26: Gestalten Sie die Zukunft! - FMC\",\"isPartOf\":{\"@id\":\"https:\\\/\\\/fmc.ch\\\/#website\"},\"primaryImageOfPage\":{\"@id\":\"https:\\\/\\\/fmc.ch\\\/transformers-programm-2025-26\\\/#primaryimage\"},\"image\":{\"@id\":\"https:\\\/\\\/fmc.ch\\\/transformers-programm-2025-26\\\/#primaryimage\"},\"thumbnailUrl\":\"https:\\\/\\\/fmc.ch\\\/wp-content\\\/uploads\\\/2025\\\/05\\\/Webinar_Transformers-2025-26.jpg\",\"datePublished\":\"2025-09-04T14:53:56+00:00\",\"dateModified\":\"2025-11-27T16:12:42+00:00\",\"description\":\"Das Transformers-Programm unterst\u00fctzt die Transformation der Gesundheitsversorgung und erm\u00f6glicht den Aufbau eines stabilen und umfassenden Netzwerks.\",\"breadcrumb\":{\"@id\":\"https:\\\/\\\/fmc.ch\\\/transformers-programm-2025-26\\\/#breadcrumb\"},\"inLanguage\":\"fr-FR\",\"potentialAction\":[{\"@type\":\"ReadAction\",\"target\":[\"https:\\\/\\\/fmc.ch\\\/transformers-programm-2025-26\\\/\"]}]},{\"@type\":\"ImageObject\",\"inLanguage\":\"fr-FR\",\"@id\":\"https:\\\/\\\/fmc.ch\\\/transformers-programm-2025-26\\\/#primaryimage\",\"url\":\"https:\\\/\\\/fmc.ch\\\/wp-content\\\/uploads\\\/2025\\\/05\\\/Webinar_Transformers-2025-26.jpg\",\"contentUrl\":\"https:\\\/\\\/fmc.ch\\\/wp-content\\\/uploads\\\/2025\\\/05\\\/Webinar_Transformers-2025-26.jpg\",\"width\":625,\"height\":525},{\"@type\":\"BreadcrumbList\",\"@id\":\"https:\\\/\\\/fmc.ch\\\/transformers-programm-2025-26\\\/#breadcrumb\",\"itemListElement\":[{\"@type\":\"ListItem\",\"position\":1,\"name\":\"Home\",\"item\":\"https:\\\/\\\/fmc.ch\\\/\"},{\"@type\":\"ListItem\",\"position\":2,\"name\":\"Transformers-Programm 2025\\\/26: Gestalten Sie die Zukunft!\"}]},{\"@type\":\"WebSite\",\"@id\":\"https:\\\/\\\/fmc.ch\\\/#website\",\"url\":\"https:\\\/\\\/fmc.ch\\\/\",\"name\":\"FMC\",\"description\":\"Schweizer Forum f\u00fcr Integrierte Versorgung\",\"publisher\":{\"@id\":\"https:\\\/\\\/fmc.ch\\\/#organization\"},\"potentialAction\":[{\"@type\":\"SearchAction\",\"target\":{\"@type\":\"EntryPoint\",\"urlTemplate\":\"https:\\\/\\\/fmc.ch\\\/?s={search_term_string}\"},\"query-input\":{\"@type\":\"PropertyValueSpecification\",\"valueRequired\":true,\"valueName\":\"search_term_string\"}}],\"inLanguage\":\"fr-FR\"},{\"@type\":\"Organization\",\"@id\":\"https:\\\/\\\/fmc.ch\\\/#organization\",\"name\":\"FMC\",\"url\":\"https:\\\/\\\/fmc.ch\\\/\",\"logo\":{\"@type\":\"ImageObject\",\"inLanguage\":\"fr-FR\",\"@id\":\"https:\\\/\\\/fmc.ch\\\/#\\\/schema\\\/logo\\\/image\\\/\",\"url\":\"https:\\\/\\\/fmc.ch\\\/wp-content\\\/uploads\\\/2023\\\/09\\\/fmc-logo.svg\",\"contentUrl\":\"https:\\\/\\\/fmc.ch\\\/wp-content\\\/uploads\\\/2023\\\/09\\\/fmc-logo.svg\",\"caption\":\"FMC\"},\"image\":{\"@id\":\"https:\\\/\\\/fmc.ch\\\/#\\\/schema\\\/logo\\\/image\\\/\"}},{\"@type\":\"Person\",\"@id\":\"https:\\\/\\\/fmc.ch\\\/#\\\/schema\\\/person\\\/3a7218d283691f8ef8cf410e4615e507\",\"name\":\"Nadja Blanchard\",\"image\":{\"@type\":\"ImageObject\",\"inLanguage\":\"fr-FR\",\"@id\":\"https:\\\/\\\/secure.gravatar.com\\\/avatar\\\/729fbcebbfccd7834565b1398470d6ea84a4f3e7525873a0cb368db99228ce7b?s=96&d=mm&r=g\",\"url\":\"https:\\\/\\\/secure.gravatar.com\\\/avatar\\\/729fbcebbfccd7834565b1398470d6ea84a4f3e7525873a0cb368db99228ce7b?s=96&d=mm&r=g\",\"contentUrl\":\"https:\\\/\\\/secure.gravatar.com\\\/avatar\\\/729fbcebbfccd7834565b1398470d6ea84a4f3e7525873a0cb368db99228ce7b?s=96&d=mm&r=g\",\"caption\":\"Nadja Blanchard\"},\"url\":\"https:\\\/\\\/fmc.ch\\\/fr\\\/author\\\/nadja-blanchardfmc-ch\\\/\"}]}<\/script>\n<!-- \/ Yoast SEO plugin. -->","yoast_head_json":{"title":"Programme Transformers 2025\/26 : Fa\u00e7onnez l'avenir ! - FMC","description":"Le programme Transformers soutient la transformation des soins de sant\u00e9 et permet la mise en place d'un r\u00e9seau stable et complet.","robots":{"index":"index","follow":"follow","max-snippet":"max-snippet:-1","max-image-preview":"max-image-preview:large","max-video-preview":"max-video-preview:-1"},"canonical":"https:\/\/fmc.ch\/fr\/programme-transformers-2025-26\/","og_locale":"fr_FR","og_type":"article","og_title":"Transformers-Programm 2025\/26: Gestalten Sie die Zukunft! - FMC","og_description":"Das Transformers-Programm unterst\u00fctzt die Transformation der Gesundheitsversorgung und erm\u00f6glicht den Aufbau eines stabilen und umfassenden Netzwerks.","og_url":"https:\/\/fmc.ch\/fr\/programme-transformers-2025-26\/","og_site_name":"FMC","article_published_time":"2025-09-04T14:53:56+00:00","article_modified_time":"2025-11-27T16:12:42+00:00","og_image":[{"width":625,"height":525,"url":"https:\/\/fmc.ch\/wp-content\/uploads\/2025\/05\/Webinar_Transformers-2025-26.jpg","type":"image\/jpeg"}],"author":"Nadja Blanchard","twitter_card":"summary_large_image","twitter_misc":{"\u00c9crit par":"Nadja Blanchard","Dur\u00e9e de lecture estim\u00e9e":"5 minutes"},"schema":{"@context":"https:\/\/schema.org","@graph":[{"@type":"Article","@id":"https:\/\/fmc.ch\/transformers-programm-2025-26\/#article","isPartOf":{"@id":"https:\/\/fmc.ch\/transformers-programm-2025-26\/"},"author":{"name":"Nadja Blanchard","@id":"https:\/\/fmc.ch\/#\/schema\/person\/3a7218d283691f8ef8cf410e4615e507"},"headline":"Transformers-Programm 2025\/26: Gestalten Sie die Zukunft!","datePublished":"2025-09-04T14:53:56+00:00","dateModified":"2025-11-27T16:12:42+00:00","mainEntityOfPage":{"@id":"https:\/\/fmc.ch\/transformers-programm-2025-26\/"},"wordCount":666,"publisher":{"@id":"https:\/\/fmc.ch\/#organization"},"image":{"@id":"https:\/\/fmc.ch\/transformers-programm-2025-26\/#primaryimage"},"thumbnailUrl":"https:\/\/fmc.ch\/wp-content\/uploads\/2025\/05\/Webinar_Transformers-2025-26.jpg","articleSection":["Webinare"],"inLanguage":"fr-FR"},{"@type":"WebPage","@id":"https:\/\/fmc.ch\/transformers-programm-2025-26\/","url":"https:\/\/fmc.ch\/transformers-programm-2025-26\/","name":"Programme Transformers 2025\/26 : Fa\u00e7onnez l'avenir ! - FMC","isPartOf":{"@id":"https:\/\/fmc.ch\/#website"},"primaryImageOfPage":{"@id":"https:\/\/fmc.ch\/transformers-programm-2025-26\/#primaryimage"},"image":{"@id":"https:\/\/fmc.ch\/transformers-programm-2025-26\/#primaryimage"},"thumbnailUrl":"https:\/\/fmc.ch\/wp-content\/uploads\/2025\/05\/Webinar_Transformers-2025-26.jpg","datePublished":"2025-09-04T14:53:56+00:00","dateModified":"2025-11-27T16:12:42+00:00","description":"Le programme Transformers soutient la transformation des soins de sant\u00e9 et permet la mise en place d'un r\u00e9seau stable et complet.","breadcrumb":{"@id":"https:\/\/fmc.ch\/transformers-programm-2025-26\/#breadcrumb"},"inLanguage":"fr-FR","potentialAction":[{"@type":"ReadAction","target":["https:\/\/fmc.ch\/transformers-programm-2025-26\/"]}]},{"@type":"ImageObject","inLanguage":"fr-FR","@id":"https:\/\/fmc.ch\/transformers-programm-2025-26\/#primaryimage","url":"https:\/\/fmc.ch\/wp-content\/uploads\/2025\/05\/Webinar_Transformers-2025-26.jpg","contentUrl":"https:\/\/fmc.ch\/wp-content\/uploads\/2025\/05\/Webinar_Transformers-2025-26.jpg","width":625,"height":525},{"@type":"BreadcrumbList","@id":"https:\/\/fmc.ch\/transformers-programm-2025-26\/#breadcrumb","itemListElement":[{"@type":"ListItem","position":1,"name":"Home","item":"https:\/\/fmc.ch\/"},{"@type":"ListItem","position":2,"name":"Transformers-Programm 2025\/26: Gestalten Sie die Zukunft!"}]},{"@type":"WebSite","@id":"https:\/\/fmc.ch\/#website","url":"https:\/\/fmc.ch\/","name":"FMC","description":"Forum suisse des soins int\u00e9gr\u00e9s","publisher":{"@id":"https:\/\/fmc.ch\/#organization"},"potentialAction":[{"@type":"SearchAction","target":{"@type":"EntryPoint","urlTemplate":"https:\/\/fmc.ch\/?s={search_term_string}"},"query-input":{"@type":"PropertyValueSpecification","valueRequired":true,"valueName":"search_term_string"}}],"inLanguage":"fr-FR"},{"@type":"Organization","@id":"https:\/\/fmc.ch\/#organization","name":"FMC","url":"https:\/\/fmc.ch\/","logo":{"@type":"ImageObject","inLanguage":"fr-FR","@id":"https:\/\/fmc.ch\/#\/schema\/logo\/image\/","url":"https:\/\/fmc.ch\/wp-content\/uploads\/2023\/09\/fmc-logo.svg","contentUrl":"https:\/\/fmc.ch\/wp-content\/uploads\/2023\/09\/fmc-logo.svg","caption":"FMC"},"image":{"@id":"https:\/\/fmc.ch\/#\/schema\/logo\/image\/"}},{"@type":"Person","@id":"https:\/\/fmc.ch\/#\/schema\/person\/3a7218d283691f8ef8cf410e4615e507","name":"Nadja Blanchard","image":{"@type":"ImageObject","inLanguage":"fr-FR","@id":"https:\/\/secure.gravatar.com\/avatar\/729fbcebbfccd7834565b1398470d6ea84a4f3e7525873a0cb368db99228ce7b?s=96&d=mm&r=g","url":"https:\/\/secure.gravatar.com\/avatar\/729fbcebbfccd7834565b1398470d6ea84a4f3e7525873a0cb368db99228ce7b?s=96&d=mm&r=g","contentUrl":"https:\/\/secure.gravatar.com\/avatar\/729fbcebbfccd7834565b1398470d6ea84a4f3e7525873a0cb368db99228ce7b?s=96&d=mm&r=g","caption":"Nadja Blanchard"},"url":"https:\/\/fmc.ch\/fr\/author\/nadja-blanchardfmc-ch\/"}]}},"_links":{"self":[{"href":"https:\/\/fmc.ch\/fr\/wp-json\/wp\/v2\/posts\/15317","targetHints":{"allow":["GET"]}}],"collection":[{"href":"https:\/\/fmc.ch\/fr\/wp-json\/wp\/v2\/posts"}],"about":[{"href":"https:\/\/fmc.ch\/fr\/wp-json\/wp\/v2\/types\/post"}],"author":[{"embeddable":true,"href":"https:\/\/fmc.ch\/fr\/wp-json\/wp\/v2\/users\/2"}],"replies":[{"embeddable":true,"href":"https:\/\/fmc.ch\/fr\/wp-json\/wp\/v2\/comments?post=15317"}],"version-history":[{"count":197,"href":"https:\/\/fmc.ch\/fr\/wp-json\/wp\/v2\/posts\/15317\/revisions"}],"predecessor-version":[{"id":16917,"href":"https:\/\/fmc.ch\/fr\/wp-json\/wp\/v2\/posts\/15317\/revisions\/16917"}],"wp:featuredmedia":[{"embeddable":true,"href":"https:\/\/fmc.ch\/fr\/wp-json\/wp\/v2\/media\/15318"}],"wp:attachment":[{"href":"https:\/\/fmc.ch\/fr\/wp-json\/wp\/v2\/media?parent=15317"}],"wp:term":[{"taxonomy":"strategie","embeddable":true,"href":"https:\/\/fmc.ch\/fr\/wp-json\/wp\/v2\/strategie?post=15317"},{"taxonomy":"thema","embeddable":true,"href":"https:\/\/fmc.ch\/fr\/wp-json\/wp\/v2\/thema?post=15317"},{"taxonomy":"format","embeddable":true,"href":"https:\/\/fmc.ch\/fr\/wp-json\/wp\/v2\/format?post=15317"}],"curies":[{"name":"wp","href":"https:\/\/api.w.org\/{rel}","templated":true}]}}