{"id":14758,"date":"2025-04-10T12:03:35","date_gmt":"2025-04-10T11:03:35","guid":{"rendered":"https:\/\/fmc.ch\/?p=14758"},"modified":"2025-12-01T14:20:35","modified_gmt":"2025-12-01T13:20:35","slug":"bmc-fmc-voyage-detude-a-varsovie","status":"publish","type":"post","link":"https:\/\/fmc.ch\/fr\/bmc-fmc-studienreise-nach-warschau\/","title":{"rendered":"Voyage d'\u00e9tudes BMC\/fmc \u00e0 Varsovie, Pologne"},"content":{"rendered":"<div data-elementor-type=\"wp-post\" data-elementor-id=\"14758\" class=\"elementor elementor-14758\" data-elementor-post-type=\"post\">\n\t\t\t\t\t\t<section class=\"elementor-section elementor-top-section elementor-element elementor-element-ba46d81 elementor-section-boxed elementor-section-height-default elementor-section-height-default\" data-id=\"ba46d81\" data-element_type=\"section\" data-e-type=\"section\">\n\t\t\t\t\t\t<div class=\"elementor-container elementor-column-gap-default\">\n\t\t\t\t\t<div class=\"elementor-column elementor-col-50 elementor-top-column elementor-element elementor-element-30921cf\" data-id=\"30921cf\" data-element_type=\"column\" data-e-type=\"column\">\n\t\t\t<div class=\"elementor-widget-wrap elementor-element-populated\">\n\t\t\t\t\t\t<div class=\"elementor-element elementor-element-021ca3e elementor-widget__width-initial elementor-invisible elementor-widget elementor-widget-text-editor\" data-id=\"021ca3e\" data-element_type=\"widget\" data-e-type=\"widget\" data-settings=\"{&quot;_animation&quot;:&quot;fadeIn&quot;}\" data-widget_type=\"text-editor.default\">\n\t\t\t\t<div class=\"elementor-widget-container\">\n\t\t\t\t\t\t\t\t\t<p>La num\u00e9risation du secteur de la sant\u00e9 doit \u00eatre renforc\u00e9e durant la pr\u00e9sidence actuelle du Conseil de l'UE, assur\u00e9e par la Pologne. Le d\u00e9veloppement de l'espace europ\u00e9en des donn\u00e9es de sant\u00e9 est notamment au centre des pr\u00e9occupations. Au niveau national, nos voisins de l'Est font \u00e9galement avancer la transformation num\u00e9rique du syst\u00e8me de sant\u00e9: depuis 2019, il existe d\u00e9j\u00e0 une ordonnance \u00e9lectronique et la t\u00e9l\u00e9m\u00e9decine fait partie du quotidien depuis un certain temps d\u00e9j\u00e0. Avec la strat\u00e9gie eHealth Program rozwoju e-zdrowia 2022-2027, on veut aider les patients \u00e0 g\u00e9rer eux-m\u00eames leur sant\u00e9 \u00e0 l'aide d'outils num\u00e9riques, mieux utiliser les donn\u00e9es de sant\u00e9 et am\u00e9liorer les soins gr\u00e2ce \u00e0 l'utilisation de l'intelligence artificielle.<\/p><p>Mais la Pologne emprunte \u00e9galement de nouvelles voies en mati\u00e8re de soins primaires : Dans le programme POZ Plus, les soins de m\u00e9decine g\u00e9n\u00e9rale, la pr\u00e9vention et le d\u00e9pistage ainsi que les programmes de gestion des maladies sont r\u00e9unis dans un setting de soins multiprofessionnels. Outre une assurance maladie publique unique, le Fonds national de la sant\u00e9 (Narodowy Fundusz Zdrowia), la Pologne dispose \u00e9galement d'un grand march\u00e9 du tiers payant, qui ouvre de nouvelles possibilit\u00e9s aux prestataires.<\/p>\t\t\t\t\t\t\t\t<\/div>\n\t\t\t\t<\/div>\n\t\t\t\t\t<\/div>\n\t\t<\/div>\n\t\t\t\t<div class=\"elementor-column elementor-col-50 elementor-top-column elementor-element elementor-element-4307af7\" data-id=\"4307af7\" data-element_type=\"column\" data-e-type=\"column\">\n\t\t\t<div class=\"elementor-widget-wrap elementor-element-populated\">\n\t\t\t\t\t\t<div class=\"elementor-element elementor-element-f7a1884 elementor-invisible elementor-widget elementor-widget-image\" data-id=\"f7a1884\" data-element_type=\"widget\" data-e-type=\"widget\" data-settings=\"{&quot;_animation&quot;:&quot;fadeIn&quot;,&quot;_animation_delay&quot;:300}\" data-widget_type=\"image.default\">\n\t\t\t\t<div class=\"elementor-widget-container\">\n\t\t\t\t\t\t\t\t\t\t\t\t\t\t\t<img fetchpriority=\"high\" decoding=\"async\" width=\"800\" height=\"418\" src=\"https:\/\/fmc.ch\/wp-content\/uploads\/2025\/04\/Studienreise-2025_Warschau_Anmeldungseroeffnung.png\" class=\"attachment-large size-large wp-image-14759\" alt=\"\" srcset=\"https:\/\/fmc.ch\/wp-content\/uploads\/2025\/04\/Studienreise-2025_Warschau_Anmeldungseroeffnung.png 907w, https:\/\/fmc.ch\/wp-content\/uploads\/2025\/04\/Studienreise-2025_Warschau_Anmeldungseroeffnung-600x314.png 600w, https:\/\/fmc.ch\/wp-content\/uploads\/2025\/04\/Studienreise-2025_Warschau_Anmeldungseroeffnung-768x401.png 768w, https:\/\/fmc.ch\/wp-content\/uploads\/2025\/04\/Studienreise-2025_Warschau_Anmeldungseroeffnung-18x9.png 18w\" sizes=\"(max-width: 800px) 100vw, 800px\" \/>\t\t\t\t\t\t\t\t\t\t\t\t\t\t\t<\/div>\n\t\t\t\t<\/div>\n\t\t\t\t\t<\/div>\n\t\t<\/div>\n\t\t\t\t\t<\/div>\n\t\t<\/section>\n\t\t\t\t<section class=\"elementor-section elementor-top-section elementor-element elementor-element-e866584 elementor-section-boxed elementor-section-height-default elementor-section-height-default\" data-id=\"e866584\" data-element_type=\"section\" data-e-type=\"section\">\n\t\t\t\t\t\t<div class=\"elementor-container elementor-column-gap-default\">\n\t\t\t\t\t<div class=\"elementor-column elementor-col-100 elementor-top-column elementor-element elementor-element-6f0556b\" data-id=\"6f0556b\" data-element_type=\"column\" data-e-type=\"column\">\n\t\t\t<div class=\"elementor-widget-wrap elementor-element-populated\">\n\t\t\t\t\t\t<div class=\"elementor-element elementor-element-8c3e17c elementor-widget elementor-widget-text-editor\" data-id=\"8c3e17c\" data-element_type=\"widget\" data-e-type=\"widget\" data-widget_type=\"text-editor.default\">\n\t\t\t\t<div class=\"elementor-widget-container\">\n\t\t\t\t\t\t\t\t\t<p>Dans le cadre de notre voyage d'\u00e9tude, nous souhaitons nous pencher sur les autres tendances et \u00e9volutions qui caract\u00e9risent le syst\u00e8me de sant\u00e9 polonais. En collaboration avec des experts, nous vous pr\u00e9senterons des exemples de bonnes pratiques et discuterons des \u00e9l\u00e9ments qui peuvent \u00eatre appliqu\u00e9s au syst\u00e8me de sant\u00e9 allemand. Nous serions ravis de vous compter parmi nous !<\/p>\t\t\t\t\t\t\t\t<\/div>\n\t\t\t\t<\/div>\n\t\t\t\t\t<\/div>\n\t\t<\/div>\n\t\t\t\t\t<\/div>\n\t\t<\/section>\n\t\t\t\t<section class=\"elementor-section elementor-top-section elementor-element elementor-element-d57e907 elementor-section-boxed elementor-section-height-default elementor-section-height-default\" data-id=\"d57e907\" data-element_type=\"section\" data-e-type=\"section\">\n\t\t\t\t\t\t<div class=\"elementor-container elementor-column-gap-default\">\n\t\t\t\t\t<div class=\"elementor-column elementor-col-100 elementor-top-column elementor-element elementor-element-55ac85de\" data-id=\"55ac85de\" data-element_type=\"column\" data-e-type=\"column\">\n\t\t\t<div class=\"elementor-widget-wrap elementor-element-populated\">\n\t\t\t\t\t\t<div class=\"elementor-element elementor-element-790382d elementor-widget elementor-widget-heading\" data-id=\"790382d\" data-element_type=\"widget\" data-e-type=\"widget\" data-widget_type=\"heading.default\">\n\t\t\t\t<div class=\"elementor-widget-container\">\n\t\t\t\t\t<h2 class=\"elementor-heading-title elementor-size-default\">Ces points forts vous attendent lors de notre voyage d'\u00e9tude :<\/h2>\t\t\t\t<\/div>\n\t\t\t\t<\/div>\n\t\t\t\t<div class=\"elementor-element elementor-element-1ac5cc6d elementor-invisible elementor-widget elementor-widget-text-editor\" data-id=\"1ac5cc6d\" data-element_type=\"widget\" data-e-type=\"widget\" data-settings=\"{&quot;_animation&quot;:&quot;fadeIn&quot;}\" data-widget_type=\"text-editor.default\">\n\t\t\t\t<div class=\"elementor-widget-container\">\n\t\t\t\t\t\t\t\t\t<ul><li>Num\u00e9risation du syst\u00e8me de sant\u00e9 (strat\u00e9gie num\u00e9rique de la Pologne \"Program rozwoju e-zdrowia\", gestion\/triage num\u00e9rique des patients)<\/li><li>Soins primaires multiprofessionnels (entre autres POZ Plus)<\/li><li>Concepts de soins int\u00e9gr\u00e9s et intersectoriels (entre autres Medicover, SPOIWO)<\/li><li>Mesure de la qualit\u00e9 et Value-Based Care<\/li><\/ul><p>Discutez avec des experts du Fonds national de la sant\u00e9 (Narodowy Fundusz Zdrowia), de l'organisation patronale polonaise Pracodawcy, du prestataire de soins Medicover et d'autres repr\u00e9sentants des minist\u00e8res, de l'industrie et des prestataires de soins.<\/p>\t\t\t\t\t\t\t\t<\/div>\n\t\t\t\t<\/div>\n\t\t\t\t\t<\/div>\n\t\t<\/div>\n\t\t\t\t\t<\/div>\n\t\t<\/section>\n\t\t\t\t<section class=\"elementor-section elementor-top-section elementor-element elementor-element-178432e6 elementor-section-boxed elementor-section-height-default elementor-section-height-default\" data-id=\"178432e6\" data-element_type=\"section\" data-e-type=\"section\">\n\t\t\t\t\t\t<div class=\"elementor-container elementor-column-gap-default\">\n\t\t\t\t\t<div class=\"elementor-column elementor-col-100 elementor-top-column elementor-element elementor-element-217c483e\" data-id=\"217c483e\" data-element_type=\"column\" data-e-type=\"column\">\n\t\t\t<div class=\"elementor-widget-wrap elementor-element-populated\">\n\t\t\t\t\t\t<div class=\"elementor-element elementor-element-549c9a76 elementor-invisible elementor-widget elementor-widget-heading\" data-id=\"549c9a76\" data-element_type=\"widget\" data-e-type=\"widget\" data-settings=\"{&quot;_animation&quot;:&quot;fadeInUp&quot;}\" data-widget_type=\"heading.default\">\n\t\t\t\t<div class=\"elementor-widget-container\">\n\t\t\t\t\t<h2 class=\"elementor-heading-title elementor-size-default\">Horaire cadre du programme<\/h2>\t\t\t\t<\/div>\n\t\t\t\t<\/div>\n\t\t\t\t<div class=\"elementor-element elementor-element-1da9e74e elementor-invisible elementor-widget elementor-widget-text-editor\" data-id=\"1da9e74e\" data-element_type=\"widget\" data-e-type=\"widget\" data-settings=\"{&quot;_animation&quot;:&quot;fadeIn&quot;}\" data-widget_type=\"text-editor.default\">\n\t\t\t\t<div class=\"elementor-widget-container\">\n\t\t\t\t\t\t\t\t\t<ul><li><strong>D\u00e9but<\/strong> Jeudi 18 septembre 2025, 14h00, visite guid\u00e9e de la ville et r\u00e9seautage \u00e0 partir de 10h00 (en option)<\/li><li><strong>Termin\u00e9 :<\/strong> Samedi 20 septembre 2025, 13h00<\/li><li><strong>Frais de participation :<\/strong> \u20ac 390,- d\u00e9jeuner et d\u00eener inclus (sans frais d'h\u00e9bergement et de d\u00e9placement)<\/li><\/ul><p>Participation : L'offre s'adresse exclusivement aux membres du BMC et du fmc. Le nombre de participants est limit\u00e9. Si vous \u00eates int\u00e9ress\u00e9, veuillez vous inscrire avant le 4 mai 2025. Mi-mai, vous recevrez une notification concernant votre participation. Veuillez ne pas r\u00e9server de vols, de chambres d'h\u00f4tel, etc. avant cette date.\u00a0\u00a0<\/p>\t\t\t\t\t\t\t\t<\/div>\n\t\t\t\t<\/div>\n\t\t\t\t<div class=\"elementor-element elementor-element-cfd3256 elementor-widget elementor-widget-button\" data-id=\"cfd3256\" data-element_type=\"widget\" data-e-type=\"widget\" data-widget_type=\"button.default\">\n\t\t\t\t<div class=\"elementor-widget-container\">\n\t\t\t\t\t\t\t\t\t<div class=\"elementor-button-wrapper\">\n\t\t\t\t\t<a class=\"elementor-button elementor-button-link elementor-size-sm\" href=\"https:\/\/fmc.ch\/wp-content\/uploads\/2025\/04\/Studienreise-2025-Warschau-Infoflyer.pdf\">\n\t\t\t\t\t\t<span class=\"elementor-button-content-wrapper\">\n\t\t\t\t\t\t\t\t\t<span class=\"elementor-button-text\">D\u00e9pliant<\/span>\n\t\t\t\t\t<\/span>\n\t\t\t\t\t<\/a>\n\t\t\t\t<\/div>\n\t\t\t\t\t\t\t\t<\/div>\n\t\t\t\t<\/div>\n\t\t\t\t<div class=\"elementor-element elementor-element-ca877e1 elementor-widget elementor-widget-button\" data-id=\"ca877e1\" data-element_type=\"widget\" data-e-type=\"widget\" data-widget_type=\"button.default\">\n\t\t\t\t<div class=\"elementor-widget-container\">\n\t\t\t\t\t\t\t\t\t<div class=\"elementor-button-wrapper\">\n\t\t\t\t\t<a class=\"elementor-button elementor-button-link elementor-size-sm\" href=\"https:\/\/www.bmcev.de\/event\/bmc-studienreise-2025-warschau-polen\/\">\n\t\t\t\t\t\t<span class=\"elementor-button-content-wrapper\">\n\t\t\t\t\t\t\t\t\t<span class=\"elementor-button-text\">Pour les inscriptions c'est par ici<\/span>\n\t\t\t\t\t<\/span>\n\t\t\t\t\t<\/a>\n\t\t\t\t<\/div>\n\t\t\t\t\t\t\t\t<\/div>\n\t\t\t\t<\/div>\n\t\t\t\t\t<\/div>\n\t\t<\/div>\n\t\t\t\t\t<\/div>\n\t\t<\/section>\n\t\t\t\t<\/div>","protected":false},"excerpt":{"rendered":"<p>Voyage d'\u00e9tudes BMC\/fmc \u00e0 Varsovie, Pologne | 18.9-20.9.2025<\/p>","protected":false},"author":2,"featured_media":14759,"comment_status":"closed","ping_status":"closed","sticky":false,"template":"","format":[144,138],"meta":{"footnotes":""},"strategie":[163],"thema":[152],"class_list":["post-14758","post","type-post","status-publish","format-standard","has-post-thumbnail","hentry","strategie-integrierte-versorgung-allgemein","thema-interprofessionelle-zusammenarbeit","format-studienreise","format-veranstaltung"],"yoast_head":"<!-- This site is optimized with the Yoast SEO plugin v27.5 - https:\/\/yoast.com\/product\/yoast-seo-wordpress\/ -->\n<title>BMC\/fmc Studienreise nach Warschau, Polen - FMC<\/title>\n<meta name=\"description\" content=\"BMC\/fmc Studienreise nach Warschau, Polen | 18.9 - 20.9.2025\" \/>\n<meta name=\"robots\" content=\"index, follow, max-snippet:-1, max-image-preview:large, max-video-preview:-1\" \/>\n<link rel=\"canonical\" href=\"https:\/\/fmc.ch\/fr\/bmc-fmc-voyage-detude-a-varsovie\/\" \/>\n<meta property=\"og:locale\" content=\"fr_FR\" \/>\n<meta property=\"og:type\" content=\"article\" \/>\n<meta property=\"og:title\" content=\"BMC\/fmc Studienreise nach Warschau, Polen - FMC\" \/>\n<meta property=\"og:description\" content=\"BMC\/fmc Studienreise nach Warschau, Polen | 18.9 - 20.9.2025\" \/>\n<meta property=\"og:url\" content=\"https:\/\/fmc.ch\/fr\/bmc-fmc-voyage-detude-a-varsovie\/\" \/>\n<meta property=\"og:site_name\" content=\"FMC\" \/>\n<meta property=\"article:published_time\" content=\"2025-04-10T11:03:35+00:00\" \/>\n<meta property=\"article:modified_time\" content=\"2025-12-01T13:20:35+00:00\" \/>\n<meta property=\"og:image\" content=\"https:\/\/fmc.ch\/wp-content\/uploads\/2025\/04\/Studienreise-2025_Warschau_Anmeldungseroeffnung.png\" \/>\n\t<meta property=\"og:image:width\" content=\"907\" \/>\n\t<meta property=\"og:image:height\" content=\"474\" \/>\n\t<meta property=\"og:image:type\" content=\"image\/png\" \/>\n<meta name=\"author\" content=\"Nadja Blanchard\" \/>\n<meta name=\"twitter:card\" content=\"summary_large_image\" \/>\n<meta name=\"twitter:label1\" content=\"\u00c9crit par\" \/>\n\t<meta name=\"twitter:data1\" content=\"Nadja Blanchard\" \/>\n\t<meta name=\"twitter:label2\" content=\"Dur\u00e9e de lecture estim\u00e9e\" \/>\n\t<meta name=\"twitter:data2\" content=\"3 minutes\" \/>\n<script type=\"application\/ld+json\" class=\"yoast-schema-graph\">{\"@context\":\"https:\\\/\\\/schema.org\",\"@graph\":[{\"@type\":\"Article\",\"@id\":\"https:\\\/\\\/fmc.ch\\\/bmc-fmc-studienreise-nach-warschau\\\/#article\",\"isPartOf\":{\"@id\":\"https:\\\/\\\/fmc.ch\\\/bmc-fmc-studienreise-nach-warschau\\\/\"},\"author\":{\"name\":\"Nadja Blanchard\",\"@id\":\"https:\\\/\\\/fmc.ch\\\/#\\\/schema\\\/person\\\/3a7218d283691f8ef8cf410e4615e507\"},\"headline\":\"BMC\\\/fmc Studienreise nach Warschau, Polen\",\"datePublished\":\"2025-04-10T11:03:35+00:00\",\"dateModified\":\"2025-12-01T13:20:35+00:00\",\"mainEntityOfPage\":{\"@id\":\"https:\\\/\\\/fmc.ch\\\/bmc-fmc-studienreise-nach-warschau\\\/\"},\"wordCount\":361,\"publisher\":{\"@id\":\"https:\\\/\\\/fmc.ch\\\/#organization\"},\"image\":{\"@id\":\"https:\\\/\\\/fmc.ch\\\/bmc-fmc-studienreise-nach-warschau\\\/#primaryimage\"},\"thumbnailUrl\":\"https:\\\/\\\/fmc.ch\\\/wp-content\\\/uploads\\\/2025\\\/04\\\/Studienreise-2025_Warschau_Anmeldungseroeffnung.png\",\"articleSection\":[\"Studienreise\"],\"inLanguage\":\"fr-FR\"},{\"@type\":\"WebPage\",\"@id\":\"https:\\\/\\\/fmc.ch\\\/bmc-fmc-studienreise-nach-warschau\\\/\",\"url\":\"https:\\\/\\\/fmc.ch\\\/bmc-fmc-studienreise-nach-warschau\\\/\",\"name\":\"BMC\\\/fmc Studienreise nach Warschau, Polen - FMC\",\"isPartOf\":{\"@id\":\"https:\\\/\\\/fmc.ch\\\/#website\"},\"primaryImageOfPage\":{\"@id\":\"https:\\\/\\\/fmc.ch\\\/bmc-fmc-studienreise-nach-warschau\\\/#primaryimage\"},\"image\":{\"@id\":\"https:\\\/\\\/fmc.ch\\\/bmc-fmc-studienreise-nach-warschau\\\/#primaryimage\"},\"thumbnailUrl\":\"https:\\\/\\\/fmc.ch\\\/wp-content\\\/uploads\\\/2025\\\/04\\\/Studienreise-2025_Warschau_Anmeldungseroeffnung.png\",\"datePublished\":\"2025-04-10T11:03:35+00:00\",\"dateModified\":\"2025-12-01T13:20:35+00:00\",\"description\":\"BMC\\\/fmc Studienreise nach Warschau, Polen | 18.9 - 20.9.2025\",\"breadcrumb\":{\"@id\":\"https:\\\/\\\/fmc.ch\\\/bmc-fmc-studienreise-nach-warschau\\\/#breadcrumb\"},\"inLanguage\":\"fr-FR\",\"potentialAction\":[{\"@type\":\"ReadAction\",\"target\":[\"https:\\\/\\\/fmc.ch\\\/bmc-fmc-studienreise-nach-warschau\\\/\"]}]},{\"@type\":\"ImageObject\",\"inLanguage\":\"fr-FR\",\"@id\":\"https:\\\/\\\/fmc.ch\\\/bmc-fmc-studienreise-nach-warschau\\\/#primaryimage\",\"url\":\"https:\\\/\\\/fmc.ch\\\/wp-content\\\/uploads\\\/2025\\\/04\\\/Studienreise-2025_Warschau_Anmeldungseroeffnung.png\",\"contentUrl\":\"https:\\\/\\\/fmc.ch\\\/wp-content\\\/uploads\\\/2025\\\/04\\\/Studienreise-2025_Warschau_Anmeldungseroeffnung.png\",\"width\":907,\"height\":474},{\"@type\":\"BreadcrumbList\",\"@id\":\"https:\\\/\\\/fmc.ch\\\/bmc-fmc-studienreise-nach-warschau\\\/#breadcrumb\",\"itemListElement\":[{\"@type\":\"ListItem\",\"position\":1,\"name\":\"Home\",\"item\":\"https:\\\/\\\/fmc.ch\\\/\"},{\"@type\":\"ListItem\",\"position\":2,\"name\":\"BMC\\\/fmc Studienreise nach Warschau, Polen\"}]},{\"@type\":\"WebSite\",\"@id\":\"https:\\\/\\\/fmc.ch\\\/#website\",\"url\":\"https:\\\/\\\/fmc.ch\\\/\",\"name\":\"FMC\",\"description\":\"Schweizer Forum f\u00fcr Integrierte Versorgung\",\"publisher\":{\"@id\":\"https:\\\/\\\/fmc.ch\\\/#organization\"},\"potentialAction\":[{\"@type\":\"SearchAction\",\"target\":{\"@type\":\"EntryPoint\",\"urlTemplate\":\"https:\\\/\\\/fmc.ch\\\/?s={search_term_string}\"},\"query-input\":{\"@type\":\"PropertyValueSpecification\",\"valueRequired\":true,\"valueName\":\"search_term_string\"}}],\"inLanguage\":\"fr-FR\"},{\"@type\":\"Organization\",\"@id\":\"https:\\\/\\\/fmc.ch\\\/#organization\",\"name\":\"FMC\",\"url\":\"https:\\\/\\\/fmc.ch\\\/\",\"logo\":{\"@type\":\"ImageObject\",\"inLanguage\":\"fr-FR\",\"@id\":\"https:\\\/\\\/fmc.ch\\\/#\\\/schema\\\/logo\\\/image\\\/\",\"url\":\"https:\\\/\\\/fmc.ch\\\/wp-content\\\/uploads\\\/2023\\\/09\\\/fmc-logo.svg\",\"contentUrl\":\"https:\\\/\\\/fmc.ch\\\/wp-content\\\/uploads\\\/2023\\\/09\\\/fmc-logo.svg\",\"caption\":\"FMC\"},\"image\":{\"@id\":\"https:\\\/\\\/fmc.ch\\\/#\\\/schema\\\/logo\\\/image\\\/\"}},{\"@type\":\"Person\",\"@id\":\"https:\\\/\\\/fmc.ch\\\/#\\\/schema\\\/person\\\/3a7218d283691f8ef8cf410e4615e507\",\"name\":\"Nadja Blanchard\",\"image\":{\"@type\":\"ImageObject\",\"inLanguage\":\"fr-FR\",\"@id\":\"https:\\\/\\\/secure.gravatar.com\\\/avatar\\\/729fbcebbfccd7834565b1398470d6ea84a4f3e7525873a0cb368db99228ce7b?s=96&d=mm&r=g\",\"url\":\"https:\\\/\\\/secure.gravatar.com\\\/avatar\\\/729fbcebbfccd7834565b1398470d6ea84a4f3e7525873a0cb368db99228ce7b?s=96&d=mm&r=g\",\"contentUrl\":\"https:\\\/\\\/secure.gravatar.com\\\/avatar\\\/729fbcebbfccd7834565b1398470d6ea84a4f3e7525873a0cb368db99228ce7b?s=96&d=mm&r=g\",\"caption\":\"Nadja Blanchard\"},\"url\":\"https:\\\/\\\/fmc.ch\\\/fr\\\/author\\\/nadja-blanchardfmc-ch\\\/\"}]}<\/script>\n<!-- \/ Yoast SEO plugin. -->","yoast_head_json":{"title":"Voyage d'\u00e9tudes BMC\/fmc \u00e0 Varsovie, Pologne - FMC","description":"Voyage d'\u00e9tudes BMC\/fmc \u00e0 Varsovie, Pologne | 18.9 - 20.9.2025","robots":{"index":"index","follow":"follow","max-snippet":"max-snippet:-1","max-image-preview":"max-image-preview:large","max-video-preview":"max-video-preview:-1"},"canonical":"https:\/\/fmc.ch\/fr\/bmc-fmc-voyage-detude-a-varsovie\/","og_locale":"fr_FR","og_type":"article","og_title":"BMC\/fmc Studienreise nach Warschau, Polen - FMC","og_description":"BMC\/fmc Studienreise nach Warschau, Polen | 18.9 - 20.9.2025","og_url":"https:\/\/fmc.ch\/fr\/bmc-fmc-voyage-detude-a-varsovie\/","og_site_name":"FMC","article_published_time":"2025-04-10T11:03:35+00:00","article_modified_time":"2025-12-01T13:20:35+00:00","og_image":[{"width":907,"height":474,"url":"https:\/\/fmc.ch\/wp-content\/uploads\/2025\/04\/Studienreise-2025_Warschau_Anmeldungseroeffnung.png","type":"image\/png"}],"author":"Nadja Blanchard","twitter_card":"summary_large_image","twitter_misc":{"\u00c9crit par":"Nadja Blanchard","Dur\u00e9e de lecture estim\u00e9e":"3 minutes"},"schema":{"@context":"https:\/\/schema.org","@graph":[{"@type":"Article","@id":"https:\/\/fmc.ch\/bmc-fmc-studienreise-nach-warschau\/#article","isPartOf":{"@id":"https:\/\/fmc.ch\/bmc-fmc-studienreise-nach-warschau\/"},"author":{"name":"Nadja Blanchard","@id":"https:\/\/fmc.ch\/#\/schema\/person\/3a7218d283691f8ef8cf410e4615e507"},"headline":"BMC\/fmc Studienreise nach Warschau, Polen","datePublished":"2025-04-10T11:03:35+00:00","dateModified":"2025-12-01T13:20:35+00:00","mainEntityOfPage":{"@id":"https:\/\/fmc.ch\/bmc-fmc-studienreise-nach-warschau\/"},"wordCount":361,"publisher":{"@id":"https:\/\/fmc.ch\/#organization"},"image":{"@id":"https:\/\/fmc.ch\/bmc-fmc-studienreise-nach-warschau\/#primaryimage"},"thumbnailUrl":"https:\/\/fmc.ch\/wp-content\/uploads\/2025\/04\/Studienreise-2025_Warschau_Anmeldungseroeffnung.png","articleSection":["Studienreise"],"inLanguage":"fr-FR"},{"@type":"WebPage","@id":"https:\/\/fmc.ch\/bmc-fmc-studienreise-nach-warschau\/","url":"https:\/\/fmc.ch\/bmc-fmc-studienreise-nach-warschau\/","name":"Voyage d'\u00e9tudes BMC\/fmc \u00e0 Varsovie, Pologne - FMC","isPartOf":{"@id":"https:\/\/fmc.ch\/#website"},"primaryImageOfPage":{"@id":"https:\/\/fmc.ch\/bmc-fmc-studienreise-nach-warschau\/#primaryimage"},"image":{"@id":"https:\/\/fmc.ch\/bmc-fmc-studienreise-nach-warschau\/#primaryimage"},"thumbnailUrl":"https:\/\/fmc.ch\/wp-content\/uploads\/2025\/04\/Studienreise-2025_Warschau_Anmeldungseroeffnung.png","datePublished":"2025-04-10T11:03:35+00:00","dateModified":"2025-12-01T13:20:35+00:00","description":"Voyage d'\u00e9tudes BMC\/fmc \u00e0 Varsovie, Pologne | 18.9 - 20.9.2025","breadcrumb":{"@id":"https:\/\/fmc.ch\/bmc-fmc-studienreise-nach-warschau\/#breadcrumb"},"inLanguage":"fr-FR","potentialAction":[{"@type":"ReadAction","target":["https:\/\/fmc.ch\/bmc-fmc-studienreise-nach-warschau\/"]}]},{"@type":"ImageObject","inLanguage":"fr-FR","@id":"https:\/\/fmc.ch\/bmc-fmc-studienreise-nach-warschau\/#primaryimage","url":"https:\/\/fmc.ch\/wp-content\/uploads\/2025\/04\/Studienreise-2025_Warschau_Anmeldungseroeffnung.png","contentUrl":"https:\/\/fmc.ch\/wp-content\/uploads\/2025\/04\/Studienreise-2025_Warschau_Anmeldungseroeffnung.png","width":907,"height":474},{"@type":"BreadcrumbList","@id":"https:\/\/fmc.ch\/bmc-fmc-studienreise-nach-warschau\/#breadcrumb","itemListElement":[{"@type":"ListItem","position":1,"name":"Home","item":"https:\/\/fmc.ch\/"},{"@type":"ListItem","position":2,"name":"BMC\/fmc Studienreise nach Warschau, Polen"}]},{"@type":"WebSite","@id":"https:\/\/fmc.ch\/#website","url":"https:\/\/fmc.ch\/","name":"FMC","description":"Forum suisse des soins int\u00e9gr\u00e9s","publisher":{"@id":"https:\/\/fmc.ch\/#organization"},"potentialAction":[{"@type":"SearchAction","target":{"@type":"EntryPoint","urlTemplate":"https:\/\/fmc.ch\/?s={search_term_string}"},"query-input":{"@type":"PropertyValueSpecification","valueRequired":true,"valueName":"search_term_string"}}],"inLanguage":"fr-FR"},{"@type":"Organization","@id":"https:\/\/fmc.ch\/#organization","name":"FMC","url":"https:\/\/fmc.ch\/","logo":{"@type":"ImageObject","inLanguage":"fr-FR","@id":"https:\/\/fmc.ch\/#\/schema\/logo\/image\/","url":"https:\/\/fmc.ch\/wp-content\/uploads\/2023\/09\/fmc-logo.svg","contentUrl":"https:\/\/fmc.ch\/wp-content\/uploads\/2023\/09\/fmc-logo.svg","caption":"FMC"},"image":{"@id":"https:\/\/fmc.ch\/#\/schema\/logo\/image\/"}},{"@type":"Person","@id":"https:\/\/fmc.ch\/#\/schema\/person\/3a7218d283691f8ef8cf410e4615e507","name":"Nadja Blanchard","image":{"@type":"ImageObject","inLanguage":"fr-FR","@id":"https:\/\/secure.gravatar.com\/avatar\/729fbcebbfccd7834565b1398470d6ea84a4f3e7525873a0cb368db99228ce7b?s=96&d=mm&r=g","url":"https:\/\/secure.gravatar.com\/avatar\/729fbcebbfccd7834565b1398470d6ea84a4f3e7525873a0cb368db99228ce7b?s=96&d=mm&r=g","contentUrl":"https:\/\/secure.gravatar.com\/avatar\/729fbcebbfccd7834565b1398470d6ea84a4f3e7525873a0cb368db99228ce7b?s=96&d=mm&r=g","caption":"Nadja Blanchard"},"url":"https:\/\/fmc.ch\/fr\/author\/nadja-blanchardfmc-ch\/"}]}},"_links":{"self":[{"href":"https:\/\/fmc.ch\/fr\/wp-json\/wp\/v2\/posts\/14758","targetHints":{"allow":["GET"]}}],"collection":[{"href":"https:\/\/fmc.ch\/fr\/wp-json\/wp\/v2\/posts"}],"about":[{"href":"https:\/\/fmc.ch\/fr\/wp-json\/wp\/v2\/types\/post"}],"author":[{"embeddable":true,"href":"https:\/\/fmc.ch\/fr\/wp-json\/wp\/v2\/users\/2"}],"replies":[{"embeddable":true,"href":"https:\/\/fmc.ch\/fr\/wp-json\/wp\/v2\/comments?post=14758"}],"version-history":[{"count":31,"href":"https:\/\/fmc.ch\/fr\/wp-json\/wp\/v2\/posts\/14758\/revisions"}],"predecessor-version":[{"id":14792,"href":"https:\/\/fmc.ch\/fr\/wp-json\/wp\/v2\/posts\/14758\/revisions\/14792"}],"wp:featuredmedia":[{"embeddable":true,"href":"https:\/\/fmc.ch\/fr\/wp-json\/wp\/v2\/media\/14759"}],"wp:attachment":[{"href":"https:\/\/fmc.ch\/fr\/wp-json\/wp\/v2\/media?parent=14758"}],"wp:term":[{"taxonomy":"strategie","embeddable":true,"href":"https:\/\/fmc.ch\/fr\/wp-json\/wp\/v2\/strategie?post=14758"},{"taxonomy":"thema","embeddable":true,"href":"https:\/\/fmc.ch\/fr\/wp-json\/wp\/v2\/thema?post=14758"},{"taxonomy":"format","embeddable":true,"href":"https:\/\/fmc.ch\/fr\/wp-json\/wp\/v2\/format?post=14758"}],"curies":[{"name":"wp","href":"https:\/\/api.w.org\/{rel}","templated":true}]}}