{"id":14376,"date":"2025-03-10T21:01:34","date_gmt":"2025-03-10T20:01:34","guid":{"rendered":"https:\/\/fmc.ch\/?p=14376"},"modified":"2025-12-01T13:58:31","modified_gmt":"2025-12-01T12:58:31","slug":"esprit-de-berne-2025","status":"publish","type":"post","link":"https:\/\/fmc.ch\/fr\/spirit-of-bern-2025\/","title":{"rendered":"Spirit of Bern 2025 : le syst\u00e8me de sant\u00e9 suisse - comment continuer ?"},"content":{"rendered":"<div data-elementor-type=\"wp-post\" data-elementor-id=\"14376\" class=\"elementor elementor-14376\" data-elementor-post-type=\"post\">\n\t\t\t\t<div class=\"elementor-element elementor-element-bb1e10e e-flex e-con-boxed e-con e-parent\" data-id=\"bb1e10e\" data-element_type=\"container\" data-e-type=\"container\">\n\t\t\t\t\t<div class=\"e-con-inner\">\n\t\t\t\t<div class=\"elementor-element elementor-element-42b4d5c elementor-widget elementor-widget-text-editor\" data-id=\"42b4d5c\" data-element_type=\"widget\" data-e-type=\"widget\" data-widget_type=\"text-editor.default\">\n\t\t\t\t<div class=\"elementor-widget-container\">\n\t\t\t\t\t\t\t\t\t<p>La dixi\u00e8me \u00e9dition du Spirit of Bern se penche sur la crise actuelle dans le secteur de la sant\u00e9 et met en lumi\u00e8re les raisons de la croissance des co\u00fbts.<\/p>\n<p>Le congr\u00e8s se concentrera sur les solutions innovantes, les nouveaux mod\u00e8les de soins et les mod\u00e8les de comparaison internationaux qui peuvent aider \u00e0 r\u00e9\u00e9quilibrer un syst\u00e8me de sant\u00e9 d\u00e9s\u00e9quilibr\u00e9.<\/p>\n<p class=\"translation-block\">Le Forum suisse des soins int\u00e9gr\u00e9s a eu l'honneur d'organiser une session sur le th\u00e8me \u00ab<strong>Les mod\u00e8les de soins de demain<\/strong>\u00bb et s'est r\u00e9joui de l'affluence.<\/p>\t\t\t\t\t\t\t\t<\/div>\n\t\t\t\t<\/div>\n\t\t\t\t\t<\/div>\n\t\t\t\t<\/div>\n\t\t<div class=\"elementor-element elementor-element-8021d78 e-flex e-con-boxed e-con e-parent\" data-id=\"8021d78\" data-element_type=\"container\" data-e-type=\"container\">\n\t\t\t\t\t<div class=\"e-con-inner\">\n\t\t\t\t<div class=\"elementor-element elementor-element-fc5cb81 elementor-widget elementor-widget-heading\" data-id=\"fc5cb81\" data-element_type=\"widget\" data-e-type=\"widget\" data-widget_type=\"heading.default\">\n\t\t\t\t<div class=\"elementor-widget-container\">\n\t\t\t\t\t<h2 class=\"elementor-heading-title elementor-size-default\">Les mod\u00e8les de soins de demain - de quoi s'agit-il dans la session ?<\/h2>\t\t\t\t<\/div>\n\t\t\t\t<\/div>\n\t\t\t\t<div class=\"elementor-element elementor-element-cc0cd78 elementor-widget elementor-widget-text-editor\" data-id=\"cc0cd78\" data-element_type=\"widget\" data-e-type=\"widget\" data-widget_type=\"text-editor.default\">\n\t\t\t\t<div class=\"elementor-widget-container\">\n\t\t\t\t\t\t\t\t\t<p>Au cours des derni\u00e8res ann\u00e9es, de nouveaux mod\u00e8les de soins tels que \"Care@home\" ou le regroupement de fournisseurs de prestations m\u00e9dicales en organisations de sant\u00e9 int\u00e9gr\u00e9es ont pris pied dans le syst\u00e8me de sant\u00e9 suisse. Les premiers enseignements tir\u00e9s de ces nouvelles formes de soins m\u00e9dicaux montrent que le bien-\u00eatre des patients et la qualit\u00e9 des soins m\u00e9dicaux peuvent \u00eatre am\u00e9lior\u00e9s.<br \/>Parall\u00e8lement, ces nouveaux mod\u00e8les offrent des points de d\u00e9part prometteurs pour minimiser les doublons et les inefficacit\u00e9s et ainsi r\u00e9duire les co\u00fbts de la sant\u00e9.<\/p>\n<p>\u00a0<\/p>\n<p>Sont pr\u00e9sents:<\/p>\n<ul>\n<li>Visit - Hospital@Home \u00e0 l'exemple pratique de l'h\u00f4pital Zollikerberg<\/li>\n<li>Soins int\u00e9gr\u00e9s au sein de mediX bern AG<\/li>\n<li>Les soins int\u00e9gr\u00e9s : Mise en \u0153uvre dans le R\u00e9seau de l'Arc<\/li>\n<li>Swiss Center for Care@home - une contribution innovante aux soins int\u00e9gr\u00e9s<\/li>\n<\/ul>\t\t\t\t\t\t\t\t<\/div>\n\t\t\t\t<\/div>\n\t\t\t\t<div class=\"elementor-element elementor-element-cf1d9db elementor-widget elementor-widget-heading\" data-id=\"cf1d9db\" data-element_type=\"widget\" data-e-type=\"widget\" data-widget_type=\"heading.default\">\n\t\t\t\t<div class=\"elementor-widget-container\">\n\t\t\t\t\t<h2 class=\"elementor-heading-title elementor-size-default\">Enregistrement de la session<\/h2>\t\t\t\t<\/div>\n\t\t\t\t<\/div>\n\t\t\t\t<div class=\"elementor-element elementor-element-c0dcb12 elementor-widget elementor-widget-video\" data-id=\"c0dcb12\" data-element_type=\"widget\" data-e-type=\"widget\" data-settings=\"{&quot;youtube_url&quot;:&quot;https:\\\/\\\/www.youtube.com\\\/watch?v=qf646oA0eoo&quot;,&quot;video_type&quot;:&quot;youtube&quot;,&quot;controls&quot;:&quot;yes&quot;}\" data-widget_type=\"video.default\">\n\t\t\t\t<div class=\"elementor-widget-container\">\n\t\t\t\t\t\t\t<div class=\"elementor-wrapper elementor-open-inline\">\n\t\t\t<div class=\"elementor-video\"><\/div>\t\t<\/div>\n\t\t\t\t\t\t<\/div>\n\t\t\t\t<\/div>\n\t\t\t\t\t<\/div>\n\t\t\t\t<\/div>\n\t\t\t\t<\/div>","protected":false},"excerpt":{"rendered":"<p>Le 27 f\u00e9vrier 2025 au Kursaal \u00e0 Berne : Spirit of Bern avec le th\u00e8me : Syst\u00e8me de sant\u00e9 suisse - comment continuer ?<\/p>","protected":false},"author":2,"featured_media":14378,"comment_status":"closed","ping_status":"closed","sticky":false,"template":"","format":[142,138],"meta":{"footnotes":""},"strategie":[163],"thema":[152],"class_list":["post-14376","post","type-post","status-publish","format-standard","has-post-thumbnail","hentry","strategie-integrierte-versorgung-allgemein","thema-interprofessionelle-zusammenarbeit","format-anlaesse-vor-ort","format-veranstaltung"],"yoast_head":"<!-- This site is optimized with the Yoast SEO plugin v27.5 - https:\/\/yoast.com\/product\/yoast-seo-wordpress\/ -->\n<title>Spirit of Bern 2025: Gesundheitswesen Schweiz - wie weiter? - FMC<\/title>\n<meta name=\"description\" content=\"Im Zentrum der Tagung stehen innovative L\u00f6sungsans\u00e4tze, neue Versorgungsmodelle und internationale Vergleichsmodelle.\" \/>\n<meta name=\"robots\" content=\"index, follow, max-snippet:-1, max-image-preview:large, max-video-preview:-1\" \/>\n<link rel=\"canonical\" href=\"https:\/\/fmc.ch\/fr\/esprit-de-berne-2025\/\" \/>\n<meta property=\"og:locale\" content=\"fr_FR\" \/>\n<meta property=\"og:type\" content=\"article\" \/>\n<meta property=\"og:title\" content=\"Spirit of Bern 2025: Gesundheitswesen Schweiz - wie weiter? - FMC\" \/>\n<meta property=\"og:description\" content=\"Im Zentrum der Tagung stehen innovative L\u00f6sungsans\u00e4tze, neue Versorgungsmodelle und internationale Vergleichsmodelle.\" \/>\n<meta property=\"og:url\" content=\"https:\/\/fmc.ch\/fr\/esprit-de-berne-2025\/\" \/>\n<meta property=\"og:site_name\" content=\"FMC\" \/>\n<meta property=\"article:published_time\" content=\"2025-03-10T20:01:34+00:00\" \/>\n<meta property=\"article:modified_time\" content=\"2025-12-01T12:58:31+00:00\" \/>\n<meta property=\"og:image\" content=\"https:\/\/fmc.ch\/wp-content\/uploads\/2025\/03\/Anlass-vor-Ort_Spirit-of-Bern.jpg\" \/>\n\t<meta property=\"og:image:width\" content=\"820\" \/>\n\t<meta property=\"og:image:height\" content=\"826\" \/>\n\t<meta property=\"og:image:type\" content=\"image\/jpeg\" \/>\n<meta name=\"author\" content=\"Nadja Blanchard\" \/>\n<meta name=\"twitter:card\" content=\"summary_large_image\" \/>\n<meta name=\"twitter:label1\" content=\"\u00c9crit par\" \/>\n\t<meta name=\"twitter:data1\" content=\"Nadja Blanchard\" \/>\n\t<meta name=\"twitter:label2\" content=\"Dur\u00e9e de lecture estim\u00e9e\" \/>\n\t<meta name=\"twitter:data2\" content=\"2 minutes\" \/>\n<script type=\"application\/ld+json\" class=\"yoast-schema-graph\">{\"@context\":\"https:\\\/\\\/schema.org\",\"@graph\":[{\"@type\":\"Article\",\"@id\":\"https:\\\/\\\/fmc.ch\\\/spirit-of-bern-2025\\\/#article\",\"isPartOf\":{\"@id\":\"https:\\\/\\\/fmc.ch\\\/spirit-of-bern-2025\\\/\"},\"author\":{\"name\":\"Nadja Blanchard\",\"@id\":\"https:\\\/\\\/fmc.ch\\\/#\\\/schema\\\/person\\\/3a7218d283691f8ef8cf410e4615e507\"},\"headline\":\"Spirit of Bern 2025: Gesundheitswesen Schweiz &#8211; wie weiter?\",\"datePublished\":\"2025-03-10T20:01:34+00:00\",\"dateModified\":\"2025-12-01T12:58:31+00:00\",\"mainEntityOfPage\":{\"@id\":\"https:\\\/\\\/fmc.ch\\\/spirit-of-bern-2025\\\/\"},\"wordCount\":215,\"publisher\":{\"@id\":\"https:\\\/\\\/fmc.ch\\\/#organization\"},\"image\":{\"@id\":\"https:\\\/\\\/fmc.ch\\\/spirit-of-bern-2025\\\/#primaryimage\"},\"thumbnailUrl\":\"https:\\\/\\\/fmc.ch\\\/wp-content\\\/uploads\\\/2025\\\/03\\\/Anlass-vor-Ort_Spirit-of-Bern.jpg\",\"articleSection\":[\"Anl\u00e4sse vor Ort\"],\"inLanguage\":\"fr-FR\"},{\"@type\":\"WebPage\",\"@id\":\"https:\\\/\\\/fmc.ch\\\/spirit-of-bern-2025\\\/\",\"url\":\"https:\\\/\\\/fmc.ch\\\/spirit-of-bern-2025\\\/\",\"name\":\"Spirit of Bern 2025: Gesundheitswesen Schweiz - wie weiter? - FMC\",\"isPartOf\":{\"@id\":\"https:\\\/\\\/fmc.ch\\\/#website\"},\"primaryImageOfPage\":{\"@id\":\"https:\\\/\\\/fmc.ch\\\/spirit-of-bern-2025\\\/#primaryimage\"},\"image\":{\"@id\":\"https:\\\/\\\/fmc.ch\\\/spirit-of-bern-2025\\\/#primaryimage\"},\"thumbnailUrl\":\"https:\\\/\\\/fmc.ch\\\/wp-content\\\/uploads\\\/2025\\\/03\\\/Anlass-vor-Ort_Spirit-of-Bern.jpg\",\"datePublished\":\"2025-03-10T20:01:34+00:00\",\"dateModified\":\"2025-12-01T12:58:31+00:00\",\"description\":\"Im Zentrum der Tagung stehen innovative L\u00f6sungsans\u00e4tze, neue Versorgungsmodelle und internationale Vergleichsmodelle.\",\"breadcrumb\":{\"@id\":\"https:\\\/\\\/fmc.ch\\\/spirit-of-bern-2025\\\/#breadcrumb\"},\"inLanguage\":\"fr-FR\",\"potentialAction\":[{\"@type\":\"ReadAction\",\"target\":[\"https:\\\/\\\/fmc.ch\\\/spirit-of-bern-2025\\\/\"]}]},{\"@type\":\"ImageObject\",\"inLanguage\":\"fr-FR\",\"@id\":\"https:\\\/\\\/fmc.ch\\\/spirit-of-bern-2025\\\/#primaryimage\",\"url\":\"https:\\\/\\\/fmc.ch\\\/wp-content\\\/uploads\\\/2025\\\/03\\\/Anlass-vor-Ort_Spirit-of-Bern.jpg\",\"contentUrl\":\"https:\\\/\\\/fmc.ch\\\/wp-content\\\/uploads\\\/2025\\\/03\\\/Anlass-vor-Ort_Spirit-of-Bern.jpg\",\"width\":820,\"height\":826},{\"@type\":\"BreadcrumbList\",\"@id\":\"https:\\\/\\\/fmc.ch\\\/spirit-of-bern-2025\\\/#breadcrumb\",\"itemListElement\":[{\"@type\":\"ListItem\",\"position\":1,\"name\":\"Home\",\"item\":\"https:\\\/\\\/fmc.ch\\\/\"},{\"@type\":\"ListItem\",\"position\":2,\"name\":\"Spirit of Bern 2025: Gesundheitswesen Schweiz &#8211; wie weiter?\"}]},{\"@type\":\"WebSite\",\"@id\":\"https:\\\/\\\/fmc.ch\\\/#website\",\"url\":\"https:\\\/\\\/fmc.ch\\\/\",\"name\":\"FMC\",\"description\":\"Schweizer Forum f\u00fcr Integrierte Versorgung\",\"publisher\":{\"@id\":\"https:\\\/\\\/fmc.ch\\\/#organization\"},\"potentialAction\":[{\"@type\":\"SearchAction\",\"target\":{\"@type\":\"EntryPoint\",\"urlTemplate\":\"https:\\\/\\\/fmc.ch\\\/?s={search_term_string}\"},\"query-input\":{\"@type\":\"PropertyValueSpecification\",\"valueRequired\":true,\"valueName\":\"search_term_string\"}}],\"inLanguage\":\"fr-FR\"},{\"@type\":\"Organization\",\"@id\":\"https:\\\/\\\/fmc.ch\\\/#organization\",\"name\":\"FMC\",\"url\":\"https:\\\/\\\/fmc.ch\\\/\",\"logo\":{\"@type\":\"ImageObject\",\"inLanguage\":\"fr-FR\",\"@id\":\"https:\\\/\\\/fmc.ch\\\/#\\\/schema\\\/logo\\\/image\\\/\",\"url\":\"https:\\\/\\\/fmc.ch\\\/wp-content\\\/uploads\\\/2023\\\/09\\\/fmc-logo.svg\",\"contentUrl\":\"https:\\\/\\\/fmc.ch\\\/wp-content\\\/uploads\\\/2023\\\/09\\\/fmc-logo.svg\",\"caption\":\"FMC\"},\"image\":{\"@id\":\"https:\\\/\\\/fmc.ch\\\/#\\\/schema\\\/logo\\\/image\\\/\"}},{\"@type\":\"Person\",\"@id\":\"https:\\\/\\\/fmc.ch\\\/#\\\/schema\\\/person\\\/3a7218d283691f8ef8cf410e4615e507\",\"name\":\"Nadja Blanchard\",\"image\":{\"@type\":\"ImageObject\",\"inLanguage\":\"fr-FR\",\"@id\":\"https:\\\/\\\/secure.gravatar.com\\\/avatar\\\/729fbcebbfccd7834565b1398470d6ea84a4f3e7525873a0cb368db99228ce7b?s=96&d=mm&r=g\",\"url\":\"https:\\\/\\\/secure.gravatar.com\\\/avatar\\\/729fbcebbfccd7834565b1398470d6ea84a4f3e7525873a0cb368db99228ce7b?s=96&d=mm&r=g\",\"contentUrl\":\"https:\\\/\\\/secure.gravatar.com\\\/avatar\\\/729fbcebbfccd7834565b1398470d6ea84a4f3e7525873a0cb368db99228ce7b?s=96&d=mm&r=g\",\"caption\":\"Nadja Blanchard\"},\"url\":\"https:\\\/\\\/fmc.ch\\\/fr\\\/author\\\/nadja-blanchardfmc-ch\\\/\"}]}<\/script>\n<!-- \/ Yoast SEO plugin. -->","yoast_head_json":{"title":"Spirit of Bern 2025 : le syst\u00e8me de sant\u00e9 suisse - comment continuer ? - FMC","description":"Le congr\u00e8s sera ax\u00e9 sur des solutions innovantes, de nouveaux mod\u00e8les de soins et des mod\u00e8les de comparaison internationale.","robots":{"index":"index","follow":"follow","max-snippet":"max-snippet:-1","max-image-preview":"max-image-preview:large","max-video-preview":"max-video-preview:-1"},"canonical":"https:\/\/fmc.ch\/fr\/esprit-de-berne-2025\/","og_locale":"fr_FR","og_type":"article","og_title":"Spirit of Bern 2025: Gesundheitswesen Schweiz - wie weiter? - FMC","og_description":"Im Zentrum der Tagung stehen innovative L\u00f6sungsans\u00e4tze, neue Versorgungsmodelle und internationale Vergleichsmodelle.","og_url":"https:\/\/fmc.ch\/fr\/esprit-de-berne-2025\/","og_site_name":"FMC","article_published_time":"2025-03-10T20:01:34+00:00","article_modified_time":"2025-12-01T12:58:31+00:00","og_image":[{"width":820,"height":826,"url":"https:\/\/fmc.ch\/wp-content\/uploads\/2025\/03\/Anlass-vor-Ort_Spirit-of-Bern.jpg","type":"image\/jpeg"}],"author":"Nadja Blanchard","twitter_card":"summary_large_image","twitter_misc":{"\u00c9crit par":"Nadja Blanchard","Dur\u00e9e de lecture estim\u00e9e":"2 minutes"},"schema":{"@context":"https:\/\/schema.org","@graph":[{"@type":"Article","@id":"https:\/\/fmc.ch\/spirit-of-bern-2025\/#article","isPartOf":{"@id":"https:\/\/fmc.ch\/spirit-of-bern-2025\/"},"author":{"name":"Nadja Blanchard","@id":"https:\/\/fmc.ch\/#\/schema\/person\/3a7218d283691f8ef8cf410e4615e507"},"headline":"Spirit of Bern 2025: Gesundheitswesen Schweiz &#8211; wie weiter?","datePublished":"2025-03-10T20:01:34+00:00","dateModified":"2025-12-01T12:58:31+00:00","mainEntityOfPage":{"@id":"https:\/\/fmc.ch\/spirit-of-bern-2025\/"},"wordCount":215,"publisher":{"@id":"https:\/\/fmc.ch\/#organization"},"image":{"@id":"https:\/\/fmc.ch\/spirit-of-bern-2025\/#primaryimage"},"thumbnailUrl":"https:\/\/fmc.ch\/wp-content\/uploads\/2025\/03\/Anlass-vor-Ort_Spirit-of-Bern.jpg","articleSection":["Anl\u00e4sse vor Ort"],"inLanguage":"fr-FR"},{"@type":"WebPage","@id":"https:\/\/fmc.ch\/spirit-of-bern-2025\/","url":"https:\/\/fmc.ch\/spirit-of-bern-2025\/","name":"Spirit of Bern 2025 : le syst\u00e8me de sant\u00e9 suisse - comment continuer ? - FMC","isPartOf":{"@id":"https:\/\/fmc.ch\/#website"},"primaryImageOfPage":{"@id":"https:\/\/fmc.ch\/spirit-of-bern-2025\/#primaryimage"},"image":{"@id":"https:\/\/fmc.ch\/spirit-of-bern-2025\/#primaryimage"},"thumbnailUrl":"https:\/\/fmc.ch\/wp-content\/uploads\/2025\/03\/Anlass-vor-Ort_Spirit-of-Bern.jpg","datePublished":"2025-03-10T20:01:34+00:00","dateModified":"2025-12-01T12:58:31+00:00","description":"Le congr\u00e8s sera ax\u00e9 sur des solutions innovantes, de nouveaux mod\u00e8les de soins et des mod\u00e8les de comparaison internationale.","breadcrumb":{"@id":"https:\/\/fmc.ch\/spirit-of-bern-2025\/#breadcrumb"},"inLanguage":"fr-FR","potentialAction":[{"@type":"ReadAction","target":["https:\/\/fmc.ch\/spirit-of-bern-2025\/"]}]},{"@type":"ImageObject","inLanguage":"fr-FR","@id":"https:\/\/fmc.ch\/spirit-of-bern-2025\/#primaryimage","url":"https:\/\/fmc.ch\/wp-content\/uploads\/2025\/03\/Anlass-vor-Ort_Spirit-of-Bern.jpg","contentUrl":"https:\/\/fmc.ch\/wp-content\/uploads\/2025\/03\/Anlass-vor-Ort_Spirit-of-Bern.jpg","width":820,"height":826},{"@type":"BreadcrumbList","@id":"https:\/\/fmc.ch\/spirit-of-bern-2025\/#breadcrumb","itemListElement":[{"@type":"ListItem","position":1,"name":"Home","item":"https:\/\/fmc.ch\/"},{"@type":"ListItem","position":2,"name":"Spirit of Bern 2025: Gesundheitswesen Schweiz &#8211; wie weiter?"}]},{"@type":"WebSite","@id":"https:\/\/fmc.ch\/#website","url":"https:\/\/fmc.ch\/","name":"FMC","description":"Forum suisse des soins int\u00e9gr\u00e9s","publisher":{"@id":"https:\/\/fmc.ch\/#organization"},"potentialAction":[{"@type":"SearchAction","target":{"@type":"EntryPoint","urlTemplate":"https:\/\/fmc.ch\/?s={search_term_string}"},"query-input":{"@type":"PropertyValueSpecification","valueRequired":true,"valueName":"search_term_string"}}],"inLanguage":"fr-FR"},{"@type":"Organization","@id":"https:\/\/fmc.ch\/#organization","name":"FMC","url":"https:\/\/fmc.ch\/","logo":{"@type":"ImageObject","inLanguage":"fr-FR","@id":"https:\/\/fmc.ch\/#\/schema\/logo\/image\/","url":"https:\/\/fmc.ch\/wp-content\/uploads\/2023\/09\/fmc-logo.svg","contentUrl":"https:\/\/fmc.ch\/wp-content\/uploads\/2023\/09\/fmc-logo.svg","caption":"FMC"},"image":{"@id":"https:\/\/fmc.ch\/#\/schema\/logo\/image\/"}},{"@type":"Person","@id":"https:\/\/fmc.ch\/#\/schema\/person\/3a7218d283691f8ef8cf410e4615e507","name":"Nadja Blanchard","image":{"@type":"ImageObject","inLanguage":"fr-FR","@id":"https:\/\/secure.gravatar.com\/avatar\/729fbcebbfccd7834565b1398470d6ea84a4f3e7525873a0cb368db99228ce7b?s=96&d=mm&r=g","url":"https:\/\/secure.gravatar.com\/avatar\/729fbcebbfccd7834565b1398470d6ea84a4f3e7525873a0cb368db99228ce7b?s=96&d=mm&r=g","contentUrl":"https:\/\/secure.gravatar.com\/avatar\/729fbcebbfccd7834565b1398470d6ea84a4f3e7525873a0cb368db99228ce7b?s=96&d=mm&r=g","caption":"Nadja Blanchard"},"url":"https:\/\/fmc.ch\/fr\/author\/nadja-blanchardfmc-ch\/"}]}},"_links":{"self":[{"href":"https:\/\/fmc.ch\/fr\/wp-json\/wp\/v2\/posts\/14376","targetHints":{"allow":["GET"]}}],"collection":[{"href":"https:\/\/fmc.ch\/fr\/wp-json\/wp\/v2\/posts"}],"about":[{"href":"https:\/\/fmc.ch\/fr\/wp-json\/wp\/v2\/types\/post"}],"author":[{"embeddable":true,"href":"https:\/\/fmc.ch\/fr\/wp-json\/wp\/v2\/users\/2"}],"replies":[{"embeddable":true,"href":"https:\/\/fmc.ch\/fr\/wp-json\/wp\/v2\/comments?post=14376"}],"version-history":[{"count":37,"href":"https:\/\/fmc.ch\/fr\/wp-json\/wp\/v2\/posts\/14376\/revisions"}],"predecessor-version":[{"id":14416,"href":"https:\/\/fmc.ch\/fr\/wp-json\/wp\/v2\/posts\/14376\/revisions\/14416"}],"wp:featuredmedia":[{"embeddable":true,"href":"https:\/\/fmc.ch\/fr\/wp-json\/wp\/v2\/media\/14378"}],"wp:attachment":[{"href":"https:\/\/fmc.ch\/fr\/wp-json\/wp\/v2\/media?parent=14376"}],"wp:term":[{"taxonomy":"strategie","embeddable":true,"href":"https:\/\/fmc.ch\/fr\/wp-json\/wp\/v2\/strategie?post=14376"},{"taxonomy":"thema","embeddable":true,"href":"https:\/\/fmc.ch\/fr\/wp-json\/wp\/v2\/thema?post=14376"},{"taxonomy":"format","embeddable":true,"href":"https:\/\/fmc.ch\/fr\/wp-json\/wp\/v2\/format?post=14376"}],"curies":[{"name":"wp","href":"https:\/\/api.w.org\/{rel}","templated":true}]}}