{"id":1329,"date":"2023-07-03T14:55:00","date_gmt":"2023-07-03T14:55:00","guid":{"rendered":"https:\/\/fmc.ch\/?p=1329"},"modified":"2025-12-01T13:38:00","modified_gmt":"2025-12-01T12:38:00","slug":"voyage-detudes-2023","status":"publish","type":"post","link":"https:\/\/fmc.ch\/fr\/studienreise-2023\/","title":{"rendered":"Voyage d'\u00e9tudes BMC\/fmc \u00e0 Helsinki, Finlande"},"content":{"rendered":"<div data-elementor-type=\"wp-post\" data-elementor-id=\"1329\" class=\"elementor elementor-1329\" data-elementor-post-type=\"post\">\n\t\t\t\t\t\t<section class=\"elementor-section elementor-top-section elementor-element elementor-element-ba46d81 elementor-section-boxed elementor-section-height-default elementor-section-height-default\" data-id=\"ba46d81\" data-element_type=\"section\" data-e-type=\"section\">\n\t\t\t\t\t\t<div class=\"elementor-container elementor-column-gap-default\">\n\t\t\t\t\t<div class=\"elementor-column elementor-col-50 elementor-top-column elementor-element elementor-element-30921cf\" data-id=\"30921cf\" data-element_type=\"column\" data-e-type=\"column\">\n\t\t\t<div class=\"elementor-widget-wrap elementor-element-populated\">\n\t\t\t\t\t\t<div class=\"elementor-element elementor-element-021ca3e elementor-widget__width-initial elementor-invisible elementor-widget elementor-widget-text-editor\" data-id=\"021ca3e\" data-element_type=\"widget\" data-e-type=\"widget\" data-settings=\"{&quot;_animation&quot;:&quot;fadeIn&quot;}\" data-widget_type=\"text-editor.default\">\n\t\t\t\t<div class=\"elementor-widget-container\">\n\t\t\t\t\t\t\t\t\t<p>Venez avec le <strong>Bundesverband Managed Care (BMC)<\/strong> et le <strong>Forum suisse des soins int\u00e9gr\u00e9s (fmc)<\/strong> sur <strong>Tour d'horizon du syst\u00e8me de sant\u00e9 finlandais<\/strong>.<\/p>\n<p>Comme nous vous l'avons expliqu\u00e9 lors du Symposium fmc 2022 \u00e0 travers la pr\u00e9sentation d'Eksote (<a href=\"https:\/\/fmc.ch\/wp-content\/uploads\/2023\/10\/Praesentation-Merja-Tepponen_finale-Praesentation.pdf\">Pr\u00e9sentation fmc Symposium 22<\/a>), la plus grande r\u00e9forme sanitaire et sociale \u00e0 ce jour a regroup\u00e9 d\u00e9but 2023 les ressources destin\u00e9es aux soins des citoyens finlandais au niveau r\u00e9gional. Une raison suffisante pour nous d'aller voir ce que la r\u00e9forme signifie concr\u00e8tement pour la pratique des soins. En outre, pour assurer les soins primaires, les Finlandais misent sur des approches de soins interdisciplinaires et multiprofessionnelles et sur des soins de base int\u00e9gr\u00e9s et coordonn\u00e9s par le biais de centres de sant\u00e9 communaux.<\/p>\t\t\t\t\t\t\t\t<\/div>\n\t\t\t\t<\/div>\n\t\t\t\t\t<\/div>\n\t\t<\/div>\n\t\t\t\t<div class=\"elementor-column elementor-col-50 elementor-top-column elementor-element elementor-element-4307af7\" data-id=\"4307af7\" data-element_type=\"column\" data-e-type=\"column\">\n\t\t\t<div class=\"elementor-widget-wrap elementor-element-populated\">\n\t\t\t\t\t\t<div class=\"elementor-element elementor-element-f7a1884 elementor-invisible elementor-widget elementor-widget-image\" data-id=\"f7a1884\" data-element_type=\"widget\" data-e-type=\"widget\" data-settings=\"{&quot;_animation&quot;:&quot;fadeIn&quot;,&quot;_animation_delay&quot;:300}\" data-widget_type=\"image.default\">\n\t\t\t\t<div class=\"elementor-widget-container\">\n\t\t\t\t\t\t\t\t\t\t\t\t\t\t\t<img fetchpriority=\"high\" decoding=\"async\" width=\"800\" height=\"448\" src=\"https:\/\/fmc.ch\/wp-content\/uploads\/2023\/09\/BMC-Studienreise-2023.jpg\" class=\"attachment-large size-large wp-image-1588\" alt=\"\" srcset=\"https:\/\/fmc.ch\/wp-content\/uploads\/2023\/09\/BMC-Studienreise-2023.jpg 1290w, https:\/\/fmc.ch\/wp-content\/uploads\/2023\/09\/BMC-Studienreise-2023-600x336.jpg 600w, https:\/\/fmc.ch\/wp-content\/uploads\/2023\/09\/BMC-Studienreise-2023-768x430.jpg 768w\" sizes=\"(max-width: 800px) 100vw, 800px\" \/>\t\t\t\t\t\t\t\t\t\t\t\t\t\t\t<\/div>\n\t\t\t\t<\/div>\n\t\t\t\t\t<\/div>\n\t\t<\/div>\n\t\t\t\t\t<\/div>\n\t\t<\/section>\n\t\t\t\t<section class=\"elementor-section elementor-top-section elementor-element elementor-element-d57e907 elementor-section-boxed elementor-section-height-default elementor-section-height-default\" data-id=\"d57e907\" data-element_type=\"section\" data-e-type=\"section\">\n\t\t\t\t\t\t<div class=\"elementor-container elementor-column-gap-default\">\n\t\t\t\t\t<div class=\"elementor-column elementor-col-100 elementor-top-column elementor-element elementor-element-55ac85de\" data-id=\"55ac85de\" data-element_type=\"column\" data-e-type=\"column\">\n\t\t\t<div class=\"elementor-widget-wrap elementor-element-populated\">\n\t\t\t\t\t\t<div class=\"elementor-element elementor-element-1ac5cc6d elementor-invisible elementor-widget elementor-widget-text-editor\" data-id=\"1ac5cc6d\" data-element_type=\"widget\" data-e-type=\"widget\" data-settings=\"{&quot;_animation&quot;:&quot;fadeIn&quot;}\" data-widget_type=\"text-editor.default\">\n\t\t\t\t<div class=\"elementor-widget-container\">\n\t\t\t\t\t\t\t\t\t<p><span style=\"color: var( --e-global-color-text ); font-family: var( --e-global-typography-text-font-family ), Sans-serif; font-weight: var( --e-global-typography-text-font-weight );\">Dans le cadre du voyage d'\u00e9tude commun BMC\/fmc, nous voulons nous pencher sur les autres innovations qui caract\u00e9risent le syst\u00e8me de sant\u00e9 finlandais. En collaboration avec des experts, nous vous pr\u00e9senterons des exemples de bonnes pratiques et discuterons des \u00e9l\u00e9ments qui peuvent \u00eatre appliqu\u00e9s aux syst\u00e8mes de sant\u00e9 suisse et allemand. Nous serions ravis de vous compter parmi nous !<\/span><\/p><p>Ces points forts vous attendent lors de notre voyage d'\u00e9tude :<\/p><ul><li>R\u00e9gionalisation et gestion des zones de peuplement<\/li><li>Nouveaux mod\u00e8les de soins primaires<\/li><li>Solutions num\u00e9riques pour les soins<\/li><li>Utilisation des donn\u00e9es relatives \u00e0 la sant\u00e9<\/li><li>Approvisionnement en m\u00e9dicaments innovants<\/li><\/ul><p><span style=\"color: var( --e-global-color-text ); font-family: var( --e-global-typography-text-font-family ), Sans-serif; font-weight: var( --e-global-typography-text-font-weight );\"><br \/>Discutez entre autres avec des experts du\u00a0<\/span><strong style=\"font-family: var( --e-global-typography-text-font-family ), Sans-serif;\">Institut finlandais pour la sant\u00e9 et le bien-\u00eatre<\/strong><span style=\"color: var( --e-global-color-text ); font-family: var( --e-global-typography-text-font-family ), Sans-serif; font-weight: var( --e-global-typography-text-font-weight );\">,<\/span><strong style=\"font-family: var( --e-global-typography-text-font-family ), Sans-serif;\">\u00a0Le comt\u00e9 des services de bien-\u00eatre de la Car\u00e9lie du Sud<\/strong><span style=\"color: var( --e-global-color-text ); font-family: var( --e-global-typography-text-font-family ), Sans-serif; font-weight: var( --e-global-typography-text-font-weight );\">,\u00a0<\/span><strong style=\"font-family: var( --e-global-typography-text-font-family ), Sans-serif;\">Apotti<\/strong><span style=\"color: var( --e-global-color-text ); font-family: var( --e-global-typography-text-font-family ), Sans-serif; font-weight: var( --e-global-typography-text-font-weight );\">\u00a0et bien d'autres choses encore.<\/span><\/p>\t\t\t\t\t\t\t\t<\/div>\n\t\t\t\t<\/div>\n\t\t\t\t\t<\/div>\n\t\t<\/div>\n\t\t\t\t\t<\/div>\n\t\t<\/section>\n\t\t\t\t<section class=\"elementor-section elementor-top-section elementor-element elementor-element-178432e6 elementor-section-boxed elementor-section-height-default elementor-section-height-default\" data-id=\"178432e6\" data-element_type=\"section\" data-e-type=\"section\">\n\t\t\t\t\t\t<div class=\"elementor-container elementor-column-gap-default\">\n\t\t\t\t\t<div class=\"elementor-column elementor-col-100 elementor-top-column elementor-element elementor-element-217c483e\" data-id=\"217c483e\" data-element_type=\"column\" data-e-type=\"column\">\n\t\t\t<div class=\"elementor-widget-wrap elementor-element-populated\">\n\t\t\t\t\t\t<div class=\"elementor-element elementor-element-549c9a76 elementor-invisible elementor-widget elementor-widget-heading\" data-id=\"549c9a76\" data-element_type=\"widget\" data-e-type=\"widget\" data-settings=\"{&quot;_animation&quot;:&quot;fadeInUp&quot;}\" data-widget_type=\"heading.default\">\n\t\t\t\t<div class=\"elementor-widget-container\">\n\t\t\t\t\t<h2 class=\"elementor-heading-title elementor-size-default\">Horaire cadre du programme<\/h2>\t\t\t\t<\/div>\n\t\t\t\t<\/div>\n\t\t\t\t<div class=\"elementor-element elementor-element-1da9e74e elementor-invisible elementor-widget elementor-widget-text-editor\" data-id=\"1da9e74e\" data-element_type=\"widget\" data-e-type=\"widget\" data-settings=\"{&quot;_animation&quot;:&quot;fadeIn&quot;}\" data-widget_type=\"text-editor.default\">\n\t\t\t\t<div class=\"elementor-widget-container\">\n\t\t\t\t\t\t\t\t\t<ul><li><strong>D\u00e9but<\/strong>: mercredi 20 septembre 2023, 16h00<\/li><li><strong>Fin<\/strong>: vendredi 22 septembre 2023, 13h00<\/li><li><strong>Frais de participation<\/strong>590 \u20ac, d\u00e9jeuner et d\u00eener inclus (sans frais d'h\u00e9bergement et de d\u00e9placement).<\/li><li><strong>Participation<\/strong>: L'offre s'adresse exclusivement aux membres du BMC et du fmc. Le nombre de participants pour le fmc est limit\u00e9 \u00e0 5 personnes.\u00a0<strong>Si vous \u00eates int\u00e9ress\u00e9(e), veuillez vous inscrire avant le 21 mai 2023.<\/strong>. Fin mai, vous recevrez une notification concernant votre participation. Veuillez ne pas r\u00e9server de vols, de chambres d'h\u00f4tel, etc. avant cette date.<\/li><\/ul>\t\t\t\t\t\t\t\t<\/div>\n\t\t\t\t<\/div>\n\t\t\t\t\t<\/div>\n\t\t<\/div>\n\t\t\t\t\t<\/div>\n\t\t<\/section>\n\t\t\t\t<section class=\"elementor-section elementor-top-section elementor-element elementor-element-a595128 elementor-section-boxed elementor-section-height-default elementor-section-height-default\" data-id=\"a595128\" data-element_type=\"section\" data-e-type=\"section\">\n\t\t\t\t\t\t<div class=\"elementor-container elementor-column-gap-default\">\n\t\t\t\t\t<div class=\"elementor-column elementor-col-100 elementor-top-column elementor-element elementor-element-9fbee21\" data-id=\"9fbee21\" data-element_type=\"column\" data-e-type=\"column\">\n\t\t\t<div class=\"elementor-widget-wrap elementor-element-populated\">\n\t\t\t\t\t\t<div class=\"elementor-element elementor-element-be8c09a elementor-widget elementor-widget-spacer\" data-id=\"be8c09a\" data-element_type=\"widget\" data-e-type=\"widget\" data-widget_type=\"spacer.default\">\n\t\t\t\t<div class=\"elementor-widget-container\">\n\t\t\t\t\t\t\t<div class=\"elementor-spacer\">\n\t\t\t<div class=\"elementor-spacer-inner\"><\/div>\n\t\t<\/div>\n\t\t\t\t\t\t<\/div>\n\t\t\t\t<\/div>\n\t\t\t\t\t<\/div>\n\t\t<\/div>\n\t\t\t\t\t<\/div>\n\t\t<\/section>\n\t\t\t\t<\/div>","protected":false},"excerpt":{"rendered":"<p>20-22 septembre 2023<\/p>","protected":false},"author":8,"featured_media":1585,"comment_status":"closed","ping_status":"closed","sticky":false,"template":"","format":[144,138],"meta":{"footnotes":""},"strategie":[163],"thema":[170],"class_list":["post-1329","post","type-post","status-publish","format-standard","has-post-thumbnail","hentry","strategie-integrierte-versorgung-allgemein","thema-themenuebergreifende-fmc-aktivitaet","format-studienreise","format-veranstaltung"],"yoast_head":"<!-- This site is optimized with the Yoast SEO plugin v27.5 - https:\/\/yoast.com\/product\/yoast-seo-wordpress\/ -->\n<title>BMC\/fmc Studienreise nach Helsinki, Finnland - FMC<\/title>\n<meta name=\"description\" content=\"BMC Studienreise nach Helsinki, Finnland vom 20.-22. September 2023\" \/>\n<meta name=\"robots\" content=\"index, follow, max-snippet:-1, max-image-preview:large, max-video-preview:-1\" \/>\n<link rel=\"canonical\" href=\"https:\/\/fmc.ch\/fr\/voyage-detudes-2023\/\" \/>\n<meta property=\"og:locale\" content=\"fr_FR\" \/>\n<meta property=\"og:type\" content=\"article\" \/>\n<meta property=\"og:title\" content=\"BMC\/fmc Studienreise nach Helsinki, Finnland - FMC\" \/>\n<meta property=\"og:description\" content=\"BMC Studienreise nach Helsinki, Finnland vom 20.-22. September 2023\" \/>\n<meta property=\"og:url\" content=\"https:\/\/fmc.ch\/fr\/voyage-detudes-2023\/\" \/>\n<meta property=\"og:site_name\" content=\"FMC\" \/>\n<meta property=\"article:published_time\" content=\"2023-07-03T14:55:00+00:00\" \/>\n<meta property=\"article:modified_time\" content=\"2025-12-01T12:38:00+00:00\" \/>\n<meta property=\"og:image\" content=\"https:\/\/fmc.ch\/wp-content\/uploads\/2023\/09\/Studienreise-2023-nach-Finnland.jpg\" \/>\n\t<meta property=\"og:image:width\" content=\"601\" \/>\n\t<meta property=\"og:image:height\" content=\"601\" \/>\n\t<meta property=\"og:image:type\" content=\"image\/jpeg\" \/>\n<meta name=\"author\" content=\"millywilly\" \/>\n<meta name=\"twitter:card\" content=\"summary_large_image\" \/>\n<meta name=\"twitter:label1\" content=\"\u00c9crit par\" \/>\n\t<meta name=\"twitter:data1\" content=\"millywilly\" \/>\n\t<meta name=\"twitter:label2\" content=\"Dur\u00e9e de lecture estim\u00e9e\" \/>\n\t<meta name=\"twitter:data2\" content=\"2 minutes\" \/>\n<script type=\"application\/ld+json\" class=\"yoast-schema-graph\">{\"@context\":\"https:\\\/\\\/schema.org\",\"@graph\":[{\"@type\":\"Article\",\"@id\":\"https:\\\/\\\/fmc.ch\\\/studienreise-2023\\\/#article\",\"isPartOf\":{\"@id\":\"https:\\\/\\\/fmc.ch\\\/studienreise-2023\\\/\"},\"author\":{\"name\":\"millywilly\",\"@id\":\"https:\\\/\\\/fmc.ch\\\/#\\\/schema\\\/person\\\/2b9ee3d0e51becbbd1dfdfb27772171f\"},\"headline\":\"BMC\\\/fmc Studienreise nach Helsinki, Finnland\",\"datePublished\":\"2023-07-03T14:55:00+00:00\",\"dateModified\":\"2025-12-01T12:38:00+00:00\",\"mainEntityOfPage\":{\"@id\":\"https:\\\/\\\/fmc.ch\\\/studienreise-2023\\\/\"},\"wordCount\":295,\"publisher\":{\"@id\":\"https:\\\/\\\/fmc.ch\\\/#organization\"},\"image\":{\"@id\":\"https:\\\/\\\/fmc.ch\\\/studienreise-2023\\\/#primaryimage\"},\"thumbnailUrl\":\"https:\\\/\\\/fmc.ch\\\/wp-content\\\/uploads\\\/2023\\\/09\\\/Studienreise-2023-nach-Finnland.jpg\",\"articleSection\":[\"Studienreise\"],\"inLanguage\":\"fr-FR\"},{\"@type\":\"WebPage\",\"@id\":\"https:\\\/\\\/fmc.ch\\\/studienreise-2023\\\/\",\"url\":\"https:\\\/\\\/fmc.ch\\\/studienreise-2023\\\/\",\"name\":\"BMC\\\/fmc Studienreise nach Helsinki, Finnland - FMC\",\"isPartOf\":{\"@id\":\"https:\\\/\\\/fmc.ch\\\/#website\"},\"primaryImageOfPage\":{\"@id\":\"https:\\\/\\\/fmc.ch\\\/studienreise-2023\\\/#primaryimage\"},\"image\":{\"@id\":\"https:\\\/\\\/fmc.ch\\\/studienreise-2023\\\/#primaryimage\"},\"thumbnailUrl\":\"https:\\\/\\\/fmc.ch\\\/wp-content\\\/uploads\\\/2023\\\/09\\\/Studienreise-2023-nach-Finnland.jpg\",\"datePublished\":\"2023-07-03T14:55:00+00:00\",\"dateModified\":\"2025-12-01T12:38:00+00:00\",\"description\":\"BMC Studienreise nach Helsinki, Finnland vom 20.-22. September 2023\",\"breadcrumb\":{\"@id\":\"https:\\\/\\\/fmc.ch\\\/studienreise-2023\\\/#breadcrumb\"},\"inLanguage\":\"fr-FR\",\"potentialAction\":[{\"@type\":\"ReadAction\",\"target\":[\"https:\\\/\\\/fmc.ch\\\/studienreise-2023\\\/\"]}]},{\"@type\":\"ImageObject\",\"inLanguage\":\"fr-FR\",\"@id\":\"https:\\\/\\\/fmc.ch\\\/studienreise-2023\\\/#primaryimage\",\"url\":\"https:\\\/\\\/fmc.ch\\\/wp-content\\\/uploads\\\/2023\\\/09\\\/Studienreise-2023-nach-Finnland.jpg\",\"contentUrl\":\"https:\\\/\\\/fmc.ch\\\/wp-content\\\/uploads\\\/2023\\\/09\\\/Studienreise-2023-nach-Finnland.jpg\",\"width\":601,\"height\":601,\"caption\":\"Studienreise 2023 nach Finnland\"},{\"@type\":\"BreadcrumbList\",\"@id\":\"https:\\\/\\\/fmc.ch\\\/studienreise-2023\\\/#breadcrumb\",\"itemListElement\":[{\"@type\":\"ListItem\",\"position\":1,\"name\":\"Home\",\"item\":\"https:\\\/\\\/fmc.ch\\\/\"},{\"@type\":\"ListItem\",\"position\":2,\"name\":\"BMC\\\/fmc Studienreise nach Helsinki, Finnland\"}]},{\"@type\":\"WebSite\",\"@id\":\"https:\\\/\\\/fmc.ch\\\/#website\",\"url\":\"https:\\\/\\\/fmc.ch\\\/\",\"name\":\"FMC\",\"description\":\"Schweizer Forum f\u00fcr Integrierte Versorgung\",\"publisher\":{\"@id\":\"https:\\\/\\\/fmc.ch\\\/#organization\"},\"potentialAction\":[{\"@type\":\"SearchAction\",\"target\":{\"@type\":\"EntryPoint\",\"urlTemplate\":\"https:\\\/\\\/fmc.ch\\\/?s={search_term_string}\"},\"query-input\":{\"@type\":\"PropertyValueSpecification\",\"valueRequired\":true,\"valueName\":\"search_term_string\"}}],\"inLanguage\":\"fr-FR\"},{\"@type\":\"Organization\",\"@id\":\"https:\\\/\\\/fmc.ch\\\/#organization\",\"name\":\"FMC\",\"url\":\"https:\\\/\\\/fmc.ch\\\/\",\"logo\":{\"@type\":\"ImageObject\",\"inLanguage\":\"fr-FR\",\"@id\":\"https:\\\/\\\/fmc.ch\\\/#\\\/schema\\\/logo\\\/image\\\/\",\"url\":\"https:\\\/\\\/fmc.ch\\\/wp-content\\\/uploads\\\/2023\\\/09\\\/fmc-logo.svg\",\"contentUrl\":\"https:\\\/\\\/fmc.ch\\\/wp-content\\\/uploads\\\/2023\\\/09\\\/fmc-logo.svg\",\"caption\":\"FMC\"},\"image\":{\"@id\":\"https:\\\/\\\/fmc.ch\\\/#\\\/schema\\\/logo\\\/image\\\/\"}},{\"@type\":\"Person\",\"@id\":\"https:\\\/\\\/fmc.ch\\\/#\\\/schema\\\/person\\\/2b9ee3d0e51becbbd1dfdfb27772171f\",\"name\":\"millywilly\",\"image\":{\"@type\":\"ImageObject\",\"inLanguage\":\"fr-FR\",\"@id\":\"https:\\\/\\\/secure.gravatar.com\\\/avatar\\\/0ce41b09a186b85dbc9d2c021eefa29c0eb347cf448ddb165dcc1e3464d28b12?s=96&d=mm&r=g\",\"url\":\"https:\\\/\\\/secure.gravatar.com\\\/avatar\\\/0ce41b09a186b85dbc9d2c021eefa29c0eb347cf448ddb165dcc1e3464d28b12?s=96&d=mm&r=g\",\"contentUrl\":\"https:\\\/\\\/secure.gravatar.com\\\/avatar\\\/0ce41b09a186b85dbc9d2c021eefa29c0eb347cf448ddb165dcc1e3464d28b12?s=96&d=mm&r=g\",\"caption\":\"millywilly\"},\"url\":\"https:\\\/\\\/fmc.ch\\\/fr\\\/author\\\/millywilly\\\/\"}]}<\/script>\n<!-- \/ Yoast SEO plugin. -->","yoast_head_json":{"title":"Voyage d'\u00e9tudes BMC\/fmc \u00e0 Helsinki, Finlande - FMC","description":"Voyage d'\u00e9tude BMC \u00e0 Helsinki, Finlande du 20 au 22 septembre 2023","robots":{"index":"index","follow":"follow","max-snippet":"max-snippet:-1","max-image-preview":"max-image-preview:large","max-video-preview":"max-video-preview:-1"},"canonical":"https:\/\/fmc.ch\/fr\/voyage-detudes-2023\/","og_locale":"fr_FR","og_type":"article","og_title":"BMC\/fmc Studienreise nach Helsinki, Finnland - FMC","og_description":"BMC Studienreise nach Helsinki, Finnland vom 20.-22. September 2023","og_url":"https:\/\/fmc.ch\/fr\/voyage-detudes-2023\/","og_site_name":"FMC","article_published_time":"2023-07-03T14:55:00+00:00","article_modified_time":"2025-12-01T12:38:00+00:00","og_image":[{"width":601,"height":601,"url":"https:\/\/fmc.ch\/wp-content\/uploads\/2023\/09\/Studienreise-2023-nach-Finnland.jpg","type":"image\/jpeg"}],"author":"millywilly","twitter_card":"summary_large_image","twitter_misc":{"\u00c9crit par":"millywilly","Dur\u00e9e de lecture estim\u00e9e":"2 minutes"},"schema":{"@context":"https:\/\/schema.org","@graph":[{"@type":"Article","@id":"https:\/\/fmc.ch\/studienreise-2023\/#article","isPartOf":{"@id":"https:\/\/fmc.ch\/studienreise-2023\/"},"author":{"name":"millywilly","@id":"https:\/\/fmc.ch\/#\/schema\/person\/2b9ee3d0e51becbbd1dfdfb27772171f"},"headline":"BMC\/fmc Studienreise nach Helsinki, Finnland","datePublished":"2023-07-03T14:55:00+00:00","dateModified":"2025-12-01T12:38:00+00:00","mainEntityOfPage":{"@id":"https:\/\/fmc.ch\/studienreise-2023\/"},"wordCount":295,"publisher":{"@id":"https:\/\/fmc.ch\/#organization"},"image":{"@id":"https:\/\/fmc.ch\/studienreise-2023\/#primaryimage"},"thumbnailUrl":"https:\/\/fmc.ch\/wp-content\/uploads\/2023\/09\/Studienreise-2023-nach-Finnland.jpg","articleSection":["Studienreise"],"inLanguage":"fr-FR"},{"@type":"WebPage","@id":"https:\/\/fmc.ch\/studienreise-2023\/","url":"https:\/\/fmc.ch\/studienreise-2023\/","name":"Voyage d'\u00e9tudes BMC\/fmc \u00e0 Helsinki, Finlande - FMC","isPartOf":{"@id":"https:\/\/fmc.ch\/#website"},"primaryImageOfPage":{"@id":"https:\/\/fmc.ch\/studienreise-2023\/#primaryimage"},"image":{"@id":"https:\/\/fmc.ch\/studienreise-2023\/#primaryimage"},"thumbnailUrl":"https:\/\/fmc.ch\/wp-content\/uploads\/2023\/09\/Studienreise-2023-nach-Finnland.jpg","datePublished":"2023-07-03T14:55:00+00:00","dateModified":"2025-12-01T12:38:00+00:00","description":"Voyage d'\u00e9tude BMC \u00e0 Helsinki, Finlande du 20 au 22 septembre 2023","breadcrumb":{"@id":"https:\/\/fmc.ch\/studienreise-2023\/#breadcrumb"},"inLanguage":"fr-FR","potentialAction":[{"@type":"ReadAction","target":["https:\/\/fmc.ch\/studienreise-2023\/"]}]},{"@type":"ImageObject","inLanguage":"fr-FR","@id":"https:\/\/fmc.ch\/studienreise-2023\/#primaryimage","url":"https:\/\/fmc.ch\/wp-content\/uploads\/2023\/09\/Studienreise-2023-nach-Finnland.jpg","contentUrl":"https:\/\/fmc.ch\/wp-content\/uploads\/2023\/09\/Studienreise-2023-nach-Finnland.jpg","width":601,"height":601,"caption":"Studienreise 2023 nach Finnland"},{"@type":"BreadcrumbList","@id":"https:\/\/fmc.ch\/studienreise-2023\/#breadcrumb","itemListElement":[{"@type":"ListItem","position":1,"name":"Home","item":"https:\/\/fmc.ch\/"},{"@type":"ListItem","position":2,"name":"BMC\/fmc Studienreise nach Helsinki, Finnland"}]},{"@type":"WebSite","@id":"https:\/\/fmc.ch\/#website","url":"https:\/\/fmc.ch\/","name":"FMC","description":"Forum suisse des soins int\u00e9gr\u00e9s","publisher":{"@id":"https:\/\/fmc.ch\/#organization"},"potentialAction":[{"@type":"SearchAction","target":{"@type":"EntryPoint","urlTemplate":"https:\/\/fmc.ch\/?s={search_term_string}"},"query-input":{"@type":"PropertyValueSpecification","valueRequired":true,"valueName":"search_term_string"}}],"inLanguage":"fr-FR"},{"@type":"Organization","@id":"https:\/\/fmc.ch\/#organization","name":"FMC","url":"https:\/\/fmc.ch\/","logo":{"@type":"ImageObject","inLanguage":"fr-FR","@id":"https:\/\/fmc.ch\/#\/schema\/logo\/image\/","url":"https:\/\/fmc.ch\/wp-content\/uploads\/2023\/09\/fmc-logo.svg","contentUrl":"https:\/\/fmc.ch\/wp-content\/uploads\/2023\/09\/fmc-logo.svg","caption":"FMC"},"image":{"@id":"https:\/\/fmc.ch\/#\/schema\/logo\/image\/"}},{"@type":"Person","@id":"https:\/\/fmc.ch\/#\/schema\/person\/2b9ee3d0e51becbbd1dfdfb27772171f","name":"millywilly","image":{"@type":"ImageObject","inLanguage":"fr-FR","@id":"https:\/\/secure.gravatar.com\/avatar\/0ce41b09a186b85dbc9d2c021eefa29c0eb347cf448ddb165dcc1e3464d28b12?s=96&d=mm&r=g","url":"https:\/\/secure.gravatar.com\/avatar\/0ce41b09a186b85dbc9d2c021eefa29c0eb347cf448ddb165dcc1e3464d28b12?s=96&d=mm&r=g","contentUrl":"https:\/\/secure.gravatar.com\/avatar\/0ce41b09a186b85dbc9d2c021eefa29c0eb347cf448ddb165dcc1e3464d28b12?s=96&d=mm&r=g","caption":"millywilly"},"url":"https:\/\/fmc.ch\/fr\/author\/millywilly\/"}]}},"_links":{"self":[{"href":"https:\/\/fmc.ch\/fr\/wp-json\/wp\/v2\/posts\/1329","targetHints":{"allow":["GET"]}}],"collection":[{"href":"https:\/\/fmc.ch\/fr\/wp-json\/wp\/v2\/posts"}],"about":[{"href":"https:\/\/fmc.ch\/fr\/wp-json\/wp\/v2\/types\/post"}],"author":[{"embeddable":true,"href":"https:\/\/fmc.ch\/fr\/wp-json\/wp\/v2\/users\/8"}],"replies":[{"embeddable":true,"href":"https:\/\/fmc.ch\/fr\/wp-json\/wp\/v2\/comments?post=1329"}],"version-history":[{"count":4,"href":"https:\/\/fmc.ch\/fr\/wp-json\/wp\/v2\/posts\/1329\/revisions"}],"predecessor-version":[{"id":12155,"href":"https:\/\/fmc.ch\/fr\/wp-json\/wp\/v2\/posts\/1329\/revisions\/12155"}],"wp:featuredmedia":[{"embeddable":true,"href":"https:\/\/fmc.ch\/fr\/wp-json\/wp\/v2\/media\/1585"}],"wp:attachment":[{"href":"https:\/\/fmc.ch\/fr\/wp-json\/wp\/v2\/media?parent=1329"}],"wp:term":[{"taxonomy":"strategie","embeddable":true,"href":"https:\/\/fmc.ch\/fr\/wp-json\/wp\/v2\/strategie?post=1329"},{"taxonomy":"thema","embeddable":true,"href":"https:\/\/fmc.ch\/fr\/wp-json\/wp\/v2\/thema?post=1329"},{"taxonomy":"format","embeddable":true,"href":"https:\/\/fmc.ch\/fr\/wp-json\/wp\/v2\/format?post=1329"}],"curies":[{"name":"wp","href":"https:\/\/api.w.org\/{rel}","templated":true}]}}