{"id":1325,"date":"2021-03-09T14:53:00","date_gmt":"2021-03-09T14:53:00","guid":{"rendered":"https:\/\/fmc.ch\/?p=1325"},"modified":"2024-11-11T10:17:08","modified_gmt":"2024-11-11T09:17:08","slug":"collaboration-entre-le-travail-social-et-les-soins-de-sante","status":"publish","type":"post","link":"https:\/\/fmc.ch\/fr\/zusammenarbeit-zwischen-sozialer-arbeit-und-gesundheitsversorgung\/","title":{"rendered":"Pourquoi le travail social et les soins de sant\u00e9 doivent-ils collaborer davantage ?"},"content":{"rendered":"<div data-elementor-type=\"wp-post\" data-elementor-id=\"1325\" class=\"elementor elementor-1325\" data-elementor-post-type=\"post\">\n\t\t\t\t\t\t<section class=\"elementor-section elementor-top-section elementor-element elementor-element-4abfd0d elementor-reverse-tablet elementor-reverse-mobile elementor-section-boxed elementor-section-height-default elementor-section-height-default\" data-id=\"4abfd0d\" data-element_type=\"section\" data-e-type=\"section\">\n\t\t\t\t\t\t<div class=\"elementor-container elementor-column-gap-default\">\n\t\t\t\t\t<div class=\"elementor-column elementor-col-50 elementor-top-column elementor-element elementor-element-cc0812c\" data-id=\"cc0812c\" data-element_type=\"column\" data-e-type=\"column\">\n\t\t\t<div class=\"elementor-widget-wrap elementor-element-populated\">\n\t\t\t\t\t\t<div class=\"elementor-element elementor-element-021ca3e elementor-invisible elementor-widget elementor-widget-text-editor\" data-id=\"021ca3e\" data-element_type=\"widget\" data-e-type=\"widget\" data-settings=\"{&quot;_animation&quot;:&quot;fadeIn&quot;}\" data-widget_type=\"text-editor.default\">\n\t\t\t\t<div class=\"elementor-widget-container\">\n\t\t\t\t\t\t\t\t\t<p>Entretien avec Dr. phil. <strong>Nicole Bachmann<\/strong>Institut de travail social et de sant\u00e9, Haute \u00e9cole sp\u00e9cialis\u00e9e du nord-ouest de la Suisse\u00a0<\/p><p>\"La pauvret\u00e9 provoque la maladie, la maladie provoque la pauvret\u00e9\". Madame Dr Nicole Bachmann de la HES du Nord-Ouest de la Suisse explique de mani\u00e8re impressionnante et fond\u00e9e, lors de la discussion de fond, comment la situation\/l'in\u00e9galit\u00e9 sociale influence la sant\u00e9 et la maladie. Gr\u00e2ce \u00e0 l'\u00e9tude SIHOS, Madame Bachmann peut notamment prouver que le risque d'hospitalisation pour BPCO ou diab\u00e8te est nettement plus \u00e9lev\u00e9 chez les personnes ayant suivi la scolarit\u00e9 obligatoire que chez celles ayant une formation de niveau tertiaire. Pour que les personnes concern\u00e9es puissent \u00eatre aid\u00e9es, l'\u00e9tude montre en outre qu'elles souhaitent avant tout que leur maladie soit prise en compte dans leur vie quotidienne individuelle, et qu'elles passent plus de temps avec les experts sp\u00e9cialis\u00e9s.<\/p><p>Nous remercions le Dr Nicole Bachmann pour cet entretien de fond.<\/p>\t\t\t\t\t\t\t\t<\/div>\n\t\t\t\t<\/div>\n\t\t\t\t<section class=\"elementor-section elementor-inner-section elementor-element elementor-element-91255bb elementor-section-boxed elementor-section-height-default elementor-section-height-default\" data-id=\"91255bb\" data-element_type=\"section\" data-e-type=\"section\">\n\t\t\t\t\t\t<div class=\"elementor-container elementor-column-gap-default\">\n\t\t\t\t\t<div class=\"elementor-column elementor-col-50 elementor-inner-column elementor-element elementor-element-d7d85e0\" data-id=\"d7d85e0\" data-element_type=\"column\" data-e-type=\"column\">\n\t\t\t<div class=\"elementor-widget-wrap elementor-element-populated\">\n\t\t\t\t\t\t<div class=\"elementor-element elementor-element-e959492 elementor-widget elementor-widget-button\" data-id=\"e959492\" data-element_type=\"widget\" data-e-type=\"widget\" data-widget_type=\"button.default\">\n\t\t\t\t<div class=\"elementor-widget-container\">\n\t\t\t\t\t\t\t\t\t<div class=\"elementor-button-wrapper\">\n\t\t\t\t\t<a class=\"elementor-button elementor-button-link elementor-size-sm\" href=\"https:\/\/fmc.ch\/wp-content\/uploads\/2023\/10\/fmc_Hintergrundgespraech-Bachmann-Studie-obsan-D.pdf\" target=\"_blank\">\n\t\t\t\t\t\t<span class=\"elementor-button-content-wrapper\">\n\t\t\t\t\t\t\t\t\t<span class=\"elementor-button-text\">\u00c9tude SIHOS Obsan<\/span>\n\t\t\t\t\t<\/span>\n\t\t\t\t\t<\/a>\n\t\t\t\t<\/div>\n\t\t\t\t\t\t\t\t<\/div>\n\t\t\t\t<\/div>\n\t\t\t\t\t<\/div>\n\t\t<\/div>\n\t\t\t\t<div class=\"elementor-column elementor-col-50 elementor-inner-column elementor-element elementor-element-e5b1103\" data-id=\"e5b1103\" data-element_type=\"column\" data-e-type=\"column\">\n\t\t\t<div class=\"elementor-widget-wrap elementor-element-populated\">\n\t\t\t\t\t\t<div class=\"elementor-element elementor-element-94b6c4f elementor-widget elementor-widget-button\" data-id=\"94b6c4f\" data-element_type=\"widget\" data-e-type=\"widget\" data-widget_type=\"button.default\">\n\t\t\t\t<div class=\"elementor-widget-container\">\n\t\t\t\t\t\t\t\t\t<div class=\"elementor-button-wrapper\">\n\t\t\t\t\t<a class=\"elementor-button elementor-button-link elementor-size-sm\" href=\"https:\/\/fmc.ch\/wp-content\/uploads\/2023\/10\/fmc_Hintergrundgespraech-Bachmann-Literaturuebersicht_D.pdf\" target=\"_blank\">\n\t\t\t\t\t\t<span class=\"elementor-button-content-wrapper\">\n\t\t\t\t\t\t\t\t\t<span class=\"elementor-button-text\">Revue de litt\u00e9rature<\/span>\n\t\t\t\t\t<\/span>\n\t\t\t\t\t<\/a>\n\t\t\t\t<\/div>\n\t\t\t\t\t\t\t\t<\/div>\n\t\t\t\t<\/div>\n\t\t\t\t\t<\/div>\n\t\t<\/div>\n\t\t\t\t\t<\/div>\n\t\t<\/section>\n\t\t\t\t\t<\/div>\n\t\t<\/div>\n\t\t\t\t<div class=\"elementor-column elementor-col-50 elementor-top-column elementor-element elementor-element-97c01ad\" data-id=\"97c01ad\" data-element_type=\"column\" data-e-type=\"column\">\n\t\t\t<div class=\"elementor-widget-wrap elementor-element-populated\">\n\t\t\t\t\t\t<div class=\"elementor-element elementor-element-2122262 elementor-widget elementor-widget-video\" data-id=\"2122262\" data-element_type=\"widget\" data-e-type=\"widget\" data-settings=\"{&quot;youtube_url&quot;:&quot;https:\\\/\\\/www.youtube.com\\\/watch?v=oCHPsdniGvY&quot;,&quot;lazy_load&quot;:&quot;yes&quot;,&quot;video_type&quot;:&quot;youtube&quot;,&quot;controls&quot;:&quot;yes&quot;}\" data-widget_type=\"video.default\">\n\t\t\t\t<div class=\"elementor-widget-container\">\n\t\t\t\t\t\t\t<div class=\"elementor-wrapper elementor-open-inline\">\n\t\t\t<div class=\"elementor-video\"><\/div>\t\t<\/div>\n\t\t\t\t\t\t<\/div>\n\t\t\t\t<\/div>\n\t\t\t\t<div class=\"elementor-element elementor-element-0cb5cb1 widget-image-caption elementor-widget elementor-widget-text-editor\" data-id=\"0cb5cb1\" data-element_type=\"widget\" data-e-type=\"widget\" data-widget_type=\"text-editor.default\">\n\t\t\t\t<div class=\"elementor-widget-container\">\n\t\t\t\t\t\t\t\t\t<p>fmc : Dr. N. Bachmann : Pourquoi le travail social et les soins de sant\u00e9 doivent-ils collaborer davantage ?<\/p>\t\t\t\t\t\t\t\t<\/div>\n\t\t\t\t<\/div>\n\t\t\t\t\t<\/div>\n\t\t<\/div>\n\t\t\t\t\t<\/div>\n\t\t<\/section>\n\t\t\t\t<section class=\"elementor-section elementor-top-section elementor-element elementor-element-7847ecb elementor-section-boxed elementor-section-height-default elementor-section-height-default\" data-id=\"7847ecb\" data-element_type=\"section\" data-e-type=\"section\">\n\t\t\t\t\t\t<div class=\"elementor-container elementor-column-gap-default\">\n\t\t\t\t\t<div class=\"elementor-column elementor-col-100 elementor-top-column elementor-element elementor-element-e5157dc\" data-id=\"e5157dc\" data-element_type=\"column\" data-e-type=\"column\">\n\t\t\t<div class=\"elementor-widget-wrap elementor-element-populated\">\n\t\t\t\t\t\t<div class=\"elementor-element elementor-element-747b011 elementor-widget elementor-widget-spacer\" data-id=\"747b011\" data-element_type=\"widget\" data-e-type=\"widget\" data-widget_type=\"spacer.default\">\n\t\t\t\t<div class=\"elementor-widget-container\">\n\t\t\t\t\t\t\t<div class=\"elementor-spacer\">\n\t\t\t<div class=\"elementor-spacer-inner\"><\/div>\n\t\t<\/div>\n\t\t\t\t\t\t<\/div>\n\t\t\t\t<\/div>\n\t\t\t\t\t<\/div>\n\t\t<\/div>\n\t\t\t\t\t<\/div>\n\t\t<\/section>\n\t\t\t\t<\/div>","protected":false},"excerpt":{"rendered":"<p>\"La pauvret\u00e9 provoque la maladie, la maladie provoque la pauvret\u00e9\". La discussion explique comment la situation\/l'in\u00e9galit\u00e9 sociale influence la sant\u00e9 et la maladie.<\/p>","protected":false},"author":8,"featured_media":2442,"comment_status":"closed","ping_status":"closed","sticky":false,"template":"","format":[147,139],"meta":{"footnotes":""},"strategie":[156],"thema":[154],"class_list":["post-1325","post","type-post","status-publish","format-standard","has-post-thumbnail","hentry","strategie-zusammenarbeit","thema-medizin-und-soziales","format-hintergrundgespraeche","format-publikation"],"yoast_head":"<!-- This site is optimized with the Yoast SEO plugin v27.5 - https:\/\/yoast.com\/product\/yoast-seo-wordpress\/ -->\n<title>Warum Soziale Arbeit und Gesundheitsversorgung st\u00e4rker zusammenarbeiten m\u00fcssen - FMC<\/title>\n<meta name=\"description\" content=\"\u00abArmut verursacht Krankheit, Krankheit verursacht Armut\u00bb. Im Gespr\u00e4ch wird erl\u00e4utert, wie die soziale Lage\/Ungleichheit die Gesundheit und Krankheit beeinflusst.\" \/>\n<meta name=\"robots\" content=\"index, follow, max-snippet:-1, max-image-preview:large, max-video-preview:-1\" \/>\n<link rel=\"canonical\" href=\"https:\/\/fmc.ch\/fr\/collaboration-entre-le-travail-social-et-les-soins-de-sante\/\" \/>\n<meta property=\"og:locale\" content=\"fr_FR\" \/>\n<meta property=\"og:type\" content=\"article\" \/>\n<meta property=\"og:title\" content=\"Warum Soziale Arbeit und Gesundheitsversorgung st\u00e4rker zusammenarbeiten m\u00fcssen - FMC\" \/>\n<meta property=\"og:description\" content=\"\u00abArmut verursacht Krankheit, Krankheit verursacht Armut\u00bb. Im Gespr\u00e4ch wird erl\u00e4utert, wie die soziale Lage\/Ungleichheit die Gesundheit und Krankheit beeinflusst.\" \/>\n<meta property=\"og:url\" content=\"https:\/\/fmc.ch\/fr\/collaboration-entre-le-travail-social-et-les-soins-de-sante\/\" \/>\n<meta property=\"og:site_name\" content=\"FMC\" \/>\n<meta property=\"article:published_time\" content=\"2021-03-09T14:53:00+00:00\" \/>\n<meta property=\"article:modified_time\" content=\"2024-11-11T09:17:08+00:00\" \/>\n<meta property=\"og:image\" content=\"https:\/\/fmc.ch\/wp-content\/uploads\/2023\/09\/Bild-zu-Hintergrundgespraech-Bachmann_soziale-Arbeit-und-Gesundheitsversorgung-D.jpg\" \/>\n\t<meta property=\"og:image:width\" content=\"600\" \/>\n\t<meta property=\"og:image:height\" content=\"600\" \/>\n\t<meta property=\"og:image:type\" content=\"image\/jpeg\" \/>\n<meta name=\"author\" content=\"millywilly\" \/>\n<meta name=\"twitter:card\" content=\"summary_large_image\" \/>\n<meta name=\"twitter:label1\" content=\"\u00c9crit par\" \/>\n\t<meta name=\"twitter:data1\" content=\"millywilly\" \/>\n\t<meta name=\"twitter:label2\" content=\"Dur\u00e9e de lecture estim\u00e9e\" \/>\n\t<meta name=\"twitter:data2\" content=\"1 minute\" \/>\n<script type=\"application\/ld+json\" class=\"yoast-schema-graph\">{\"@context\":\"https:\\\/\\\/schema.org\",\"@graph\":[{\"@type\":\"Article\",\"@id\":\"https:\\\/\\\/fmc.ch\\\/zusammenarbeit-zwischen-sozialer-arbeit-und-gesundheitsversorgung\\\/#article\",\"isPartOf\":{\"@id\":\"https:\\\/\\\/fmc.ch\\\/zusammenarbeit-zwischen-sozialer-arbeit-und-gesundheitsversorgung\\\/\"},\"author\":{\"name\":\"millywilly\",\"@id\":\"https:\\\/\\\/fmc.ch\\\/#\\\/schema\\\/person\\\/2b9ee3d0e51becbbd1dfdfb27772171f\"},\"headline\":\"Warum Soziale Arbeit und Gesundheitsversorgung st\u00e4rker zusammenarbeiten m\u00fcssen\",\"datePublished\":\"2021-03-09T14:53:00+00:00\",\"dateModified\":\"2024-11-11T09:17:08+00:00\",\"mainEntityOfPage\":{\"@id\":\"https:\\\/\\\/fmc.ch\\\/zusammenarbeit-zwischen-sozialer-arbeit-und-gesundheitsversorgung\\\/\"},\"wordCount\":164,\"publisher\":{\"@id\":\"https:\\\/\\\/fmc.ch\\\/#organization\"},\"image\":{\"@id\":\"https:\\\/\\\/fmc.ch\\\/zusammenarbeit-zwischen-sozialer-arbeit-und-gesundheitsversorgung\\\/#primaryimage\"},\"thumbnailUrl\":\"https:\\\/\\\/fmc.ch\\\/wp-content\\\/uploads\\\/2023\\\/09\\\/Bild-zu-Hintergrundgespraech-Bachmann_soziale-Arbeit-und-Gesundheitsversorgung-D.jpg\",\"keywords\":[\"Medizin und Soziales\"],\"articleSection\":[\"Hintergrundgespr\u00e4che\"],\"inLanguage\":\"fr-FR\"},{\"@type\":\"WebPage\",\"@id\":\"https:\\\/\\\/fmc.ch\\\/zusammenarbeit-zwischen-sozialer-arbeit-und-gesundheitsversorgung\\\/\",\"url\":\"https:\\\/\\\/fmc.ch\\\/zusammenarbeit-zwischen-sozialer-arbeit-und-gesundheitsversorgung\\\/\",\"name\":\"Warum Soziale Arbeit und Gesundheitsversorgung st\u00e4rker zusammenarbeiten m\u00fcssen - FMC\",\"isPartOf\":{\"@id\":\"https:\\\/\\\/fmc.ch\\\/#website\"},\"primaryImageOfPage\":{\"@id\":\"https:\\\/\\\/fmc.ch\\\/zusammenarbeit-zwischen-sozialer-arbeit-und-gesundheitsversorgung\\\/#primaryimage\"},\"image\":{\"@id\":\"https:\\\/\\\/fmc.ch\\\/zusammenarbeit-zwischen-sozialer-arbeit-und-gesundheitsversorgung\\\/#primaryimage\"},\"thumbnailUrl\":\"https:\\\/\\\/fmc.ch\\\/wp-content\\\/uploads\\\/2023\\\/09\\\/Bild-zu-Hintergrundgespraech-Bachmann_soziale-Arbeit-und-Gesundheitsversorgung-D.jpg\",\"datePublished\":\"2021-03-09T14:53:00+00:00\",\"dateModified\":\"2024-11-11T09:17:08+00:00\",\"description\":\"\u00abArmut verursacht Krankheit, Krankheit verursacht Armut\u00bb. Im Gespr\u00e4ch wird erl\u00e4utert, wie die soziale Lage\\\/Ungleichheit die Gesundheit und Krankheit beeinflusst.\",\"breadcrumb\":{\"@id\":\"https:\\\/\\\/fmc.ch\\\/zusammenarbeit-zwischen-sozialer-arbeit-und-gesundheitsversorgung\\\/#breadcrumb\"},\"inLanguage\":\"fr-FR\",\"potentialAction\":[{\"@type\":\"ReadAction\",\"target\":[\"https:\\\/\\\/fmc.ch\\\/zusammenarbeit-zwischen-sozialer-arbeit-und-gesundheitsversorgung\\\/\"]}]},{\"@type\":\"ImageObject\",\"inLanguage\":\"fr-FR\",\"@id\":\"https:\\\/\\\/fmc.ch\\\/zusammenarbeit-zwischen-sozialer-arbeit-und-gesundheitsversorgung\\\/#primaryimage\",\"url\":\"https:\\\/\\\/fmc.ch\\\/wp-content\\\/uploads\\\/2023\\\/09\\\/Bild-zu-Hintergrundgespraech-Bachmann_soziale-Arbeit-und-Gesundheitsversorgung-D.jpg\",\"contentUrl\":\"https:\\\/\\\/fmc.ch\\\/wp-content\\\/uploads\\\/2023\\\/09\\\/Bild-zu-Hintergrundgespraech-Bachmann_soziale-Arbeit-und-Gesundheitsversorgung-D.jpg\",\"width\":600,\"height\":600},{\"@type\":\"BreadcrumbList\",\"@id\":\"https:\\\/\\\/fmc.ch\\\/zusammenarbeit-zwischen-sozialer-arbeit-und-gesundheitsversorgung\\\/#breadcrumb\",\"itemListElement\":[{\"@type\":\"ListItem\",\"position\":1,\"name\":\"Home\",\"item\":\"https:\\\/\\\/fmc.ch\\\/\"},{\"@type\":\"ListItem\",\"position\":2,\"name\":\"Warum Soziale Arbeit und Gesundheitsversorgung st\u00e4rker zusammenarbeiten m\u00fcssen\"}]},{\"@type\":\"WebSite\",\"@id\":\"https:\\\/\\\/fmc.ch\\\/#website\",\"url\":\"https:\\\/\\\/fmc.ch\\\/\",\"name\":\"FMC\",\"description\":\"Schweizer Forum f\u00fcr Integrierte Versorgung\",\"publisher\":{\"@id\":\"https:\\\/\\\/fmc.ch\\\/#organization\"},\"potentialAction\":[{\"@type\":\"SearchAction\",\"target\":{\"@type\":\"EntryPoint\",\"urlTemplate\":\"https:\\\/\\\/fmc.ch\\\/?s={search_term_string}\"},\"query-input\":{\"@type\":\"PropertyValueSpecification\",\"valueRequired\":true,\"valueName\":\"search_term_string\"}}],\"inLanguage\":\"fr-FR\"},{\"@type\":\"Organization\",\"@id\":\"https:\\\/\\\/fmc.ch\\\/#organization\",\"name\":\"FMC\",\"url\":\"https:\\\/\\\/fmc.ch\\\/\",\"logo\":{\"@type\":\"ImageObject\",\"inLanguage\":\"fr-FR\",\"@id\":\"https:\\\/\\\/fmc.ch\\\/#\\\/schema\\\/logo\\\/image\\\/\",\"url\":\"https:\\\/\\\/fmc.ch\\\/wp-content\\\/uploads\\\/2023\\\/09\\\/fmc-logo.svg\",\"contentUrl\":\"https:\\\/\\\/fmc.ch\\\/wp-content\\\/uploads\\\/2023\\\/09\\\/fmc-logo.svg\",\"caption\":\"FMC\"},\"image\":{\"@id\":\"https:\\\/\\\/fmc.ch\\\/#\\\/schema\\\/logo\\\/image\\\/\"}},{\"@type\":\"Person\",\"@id\":\"https:\\\/\\\/fmc.ch\\\/#\\\/schema\\\/person\\\/2b9ee3d0e51becbbd1dfdfb27772171f\",\"name\":\"millywilly\",\"image\":{\"@type\":\"ImageObject\",\"inLanguage\":\"fr-FR\",\"@id\":\"https:\\\/\\\/secure.gravatar.com\\\/avatar\\\/0ce41b09a186b85dbc9d2c021eefa29c0eb347cf448ddb165dcc1e3464d28b12?s=96&d=mm&r=g\",\"url\":\"https:\\\/\\\/secure.gravatar.com\\\/avatar\\\/0ce41b09a186b85dbc9d2c021eefa29c0eb347cf448ddb165dcc1e3464d28b12?s=96&d=mm&r=g\",\"contentUrl\":\"https:\\\/\\\/secure.gravatar.com\\\/avatar\\\/0ce41b09a186b85dbc9d2c021eefa29c0eb347cf448ddb165dcc1e3464d28b12?s=96&d=mm&r=g\",\"caption\":\"millywilly\"},\"url\":\"https:\\\/\\\/fmc.ch\\\/fr\\\/author\\\/millywilly\\\/\"}]}<\/script>\n<!-- \/ Yoast SEO plugin. -->","yoast_head_json":{"title":"Pourquoi le travail social et les soins de sant\u00e9 doivent collaborer davantage - FMC","description":"\"La pauvret\u00e9 provoque la maladie, la maladie provoque la pauvret\u00e9\". La discussion explique comment la situation\/l'in\u00e9galit\u00e9 sociale influence la sant\u00e9 et la maladie.","robots":{"index":"index","follow":"follow","max-snippet":"max-snippet:-1","max-image-preview":"max-image-preview:large","max-video-preview":"max-video-preview:-1"},"canonical":"https:\/\/fmc.ch\/fr\/collaboration-entre-le-travail-social-et-les-soins-de-sante\/","og_locale":"fr_FR","og_type":"article","og_title":"Warum Soziale Arbeit und Gesundheitsversorgung st\u00e4rker zusammenarbeiten m\u00fcssen - FMC","og_description":"\u00abArmut verursacht Krankheit, Krankheit verursacht Armut\u00bb. Im Gespr\u00e4ch wird erl\u00e4utert, wie die soziale Lage\/Ungleichheit die Gesundheit und Krankheit beeinflusst.","og_url":"https:\/\/fmc.ch\/fr\/collaboration-entre-le-travail-social-et-les-soins-de-sante\/","og_site_name":"FMC","article_published_time":"2021-03-09T14:53:00+00:00","article_modified_time":"2024-11-11T09:17:08+00:00","og_image":[{"width":600,"height":600,"url":"https:\/\/fmc.ch\/wp-content\/uploads\/2023\/09\/Bild-zu-Hintergrundgespraech-Bachmann_soziale-Arbeit-und-Gesundheitsversorgung-D.jpg","type":"image\/jpeg"}],"author":"millywilly","twitter_card":"summary_large_image","twitter_misc":{"\u00c9crit par":"millywilly","Dur\u00e9e de lecture estim\u00e9e":"1 minute"},"schema":{"@context":"https:\/\/schema.org","@graph":[{"@type":"Article","@id":"https:\/\/fmc.ch\/zusammenarbeit-zwischen-sozialer-arbeit-und-gesundheitsversorgung\/#article","isPartOf":{"@id":"https:\/\/fmc.ch\/zusammenarbeit-zwischen-sozialer-arbeit-und-gesundheitsversorgung\/"},"author":{"name":"millywilly","@id":"https:\/\/fmc.ch\/#\/schema\/person\/2b9ee3d0e51becbbd1dfdfb27772171f"},"headline":"Warum Soziale Arbeit und Gesundheitsversorgung st\u00e4rker zusammenarbeiten m\u00fcssen","datePublished":"2021-03-09T14:53:00+00:00","dateModified":"2024-11-11T09:17:08+00:00","mainEntityOfPage":{"@id":"https:\/\/fmc.ch\/zusammenarbeit-zwischen-sozialer-arbeit-und-gesundheitsversorgung\/"},"wordCount":164,"publisher":{"@id":"https:\/\/fmc.ch\/#organization"},"image":{"@id":"https:\/\/fmc.ch\/zusammenarbeit-zwischen-sozialer-arbeit-und-gesundheitsversorgung\/#primaryimage"},"thumbnailUrl":"https:\/\/fmc.ch\/wp-content\/uploads\/2023\/09\/Bild-zu-Hintergrundgespraech-Bachmann_soziale-Arbeit-und-Gesundheitsversorgung-D.jpg","keywords":["Medizin und Soziales"],"articleSection":["Hintergrundgespr\u00e4che"],"inLanguage":"fr-FR"},{"@type":"WebPage","@id":"https:\/\/fmc.ch\/zusammenarbeit-zwischen-sozialer-arbeit-und-gesundheitsversorgung\/","url":"https:\/\/fmc.ch\/zusammenarbeit-zwischen-sozialer-arbeit-und-gesundheitsversorgung\/","name":"Pourquoi le travail social et les soins de sant\u00e9 doivent collaborer davantage - FMC","isPartOf":{"@id":"https:\/\/fmc.ch\/#website"},"primaryImageOfPage":{"@id":"https:\/\/fmc.ch\/zusammenarbeit-zwischen-sozialer-arbeit-und-gesundheitsversorgung\/#primaryimage"},"image":{"@id":"https:\/\/fmc.ch\/zusammenarbeit-zwischen-sozialer-arbeit-und-gesundheitsversorgung\/#primaryimage"},"thumbnailUrl":"https:\/\/fmc.ch\/wp-content\/uploads\/2023\/09\/Bild-zu-Hintergrundgespraech-Bachmann_soziale-Arbeit-und-Gesundheitsversorgung-D.jpg","datePublished":"2021-03-09T14:53:00+00:00","dateModified":"2024-11-11T09:17:08+00:00","description":"\"La pauvret\u00e9 provoque la maladie, la maladie provoque la pauvret\u00e9\". La discussion explique comment la situation\/l'in\u00e9galit\u00e9 sociale influence la sant\u00e9 et la maladie.","breadcrumb":{"@id":"https:\/\/fmc.ch\/zusammenarbeit-zwischen-sozialer-arbeit-und-gesundheitsversorgung\/#breadcrumb"},"inLanguage":"fr-FR","potentialAction":[{"@type":"ReadAction","target":["https:\/\/fmc.ch\/zusammenarbeit-zwischen-sozialer-arbeit-und-gesundheitsversorgung\/"]}]},{"@type":"ImageObject","inLanguage":"fr-FR","@id":"https:\/\/fmc.ch\/zusammenarbeit-zwischen-sozialer-arbeit-und-gesundheitsversorgung\/#primaryimage","url":"https:\/\/fmc.ch\/wp-content\/uploads\/2023\/09\/Bild-zu-Hintergrundgespraech-Bachmann_soziale-Arbeit-und-Gesundheitsversorgung-D.jpg","contentUrl":"https:\/\/fmc.ch\/wp-content\/uploads\/2023\/09\/Bild-zu-Hintergrundgespraech-Bachmann_soziale-Arbeit-und-Gesundheitsversorgung-D.jpg","width":600,"height":600},{"@type":"BreadcrumbList","@id":"https:\/\/fmc.ch\/zusammenarbeit-zwischen-sozialer-arbeit-und-gesundheitsversorgung\/#breadcrumb","itemListElement":[{"@type":"ListItem","position":1,"name":"Home","item":"https:\/\/fmc.ch\/"},{"@type":"ListItem","position":2,"name":"Warum Soziale Arbeit und Gesundheitsversorgung st\u00e4rker zusammenarbeiten m\u00fcssen"}]},{"@type":"WebSite","@id":"https:\/\/fmc.ch\/#website","url":"https:\/\/fmc.ch\/","name":"FMC","description":"Forum suisse des soins int\u00e9gr\u00e9s","publisher":{"@id":"https:\/\/fmc.ch\/#organization"},"potentialAction":[{"@type":"SearchAction","target":{"@type":"EntryPoint","urlTemplate":"https:\/\/fmc.ch\/?s={search_term_string}"},"query-input":{"@type":"PropertyValueSpecification","valueRequired":true,"valueName":"search_term_string"}}],"inLanguage":"fr-FR"},{"@type":"Organization","@id":"https:\/\/fmc.ch\/#organization","name":"FMC","url":"https:\/\/fmc.ch\/","logo":{"@type":"ImageObject","inLanguage":"fr-FR","@id":"https:\/\/fmc.ch\/#\/schema\/logo\/image\/","url":"https:\/\/fmc.ch\/wp-content\/uploads\/2023\/09\/fmc-logo.svg","contentUrl":"https:\/\/fmc.ch\/wp-content\/uploads\/2023\/09\/fmc-logo.svg","caption":"FMC"},"image":{"@id":"https:\/\/fmc.ch\/#\/schema\/logo\/image\/"}},{"@type":"Person","@id":"https:\/\/fmc.ch\/#\/schema\/person\/2b9ee3d0e51becbbd1dfdfb27772171f","name":"millywilly","image":{"@type":"ImageObject","inLanguage":"fr-FR","@id":"https:\/\/secure.gravatar.com\/avatar\/0ce41b09a186b85dbc9d2c021eefa29c0eb347cf448ddb165dcc1e3464d28b12?s=96&d=mm&r=g","url":"https:\/\/secure.gravatar.com\/avatar\/0ce41b09a186b85dbc9d2c021eefa29c0eb347cf448ddb165dcc1e3464d28b12?s=96&d=mm&r=g","contentUrl":"https:\/\/secure.gravatar.com\/avatar\/0ce41b09a186b85dbc9d2c021eefa29c0eb347cf448ddb165dcc1e3464d28b12?s=96&d=mm&r=g","caption":"millywilly"},"url":"https:\/\/fmc.ch\/fr\/author\/millywilly\/"}]}},"_links":{"self":[{"href":"https:\/\/fmc.ch\/fr\/wp-json\/wp\/v2\/posts\/1325","targetHints":{"allow":["GET"]}}],"collection":[{"href":"https:\/\/fmc.ch\/fr\/wp-json\/wp\/v2\/posts"}],"about":[{"href":"https:\/\/fmc.ch\/fr\/wp-json\/wp\/v2\/types\/post"}],"author":[{"embeddable":true,"href":"https:\/\/fmc.ch\/fr\/wp-json\/wp\/v2\/users\/8"}],"replies":[{"embeddable":true,"href":"https:\/\/fmc.ch\/fr\/wp-json\/wp\/v2\/comments?post=1325"}],"version-history":[{"count":6,"href":"https:\/\/fmc.ch\/fr\/wp-json\/wp\/v2\/posts\/1325\/revisions"}],"predecessor-version":[{"id":12029,"href":"https:\/\/fmc.ch\/fr\/wp-json\/wp\/v2\/posts\/1325\/revisions\/12029"}],"wp:featuredmedia":[{"embeddable":true,"href":"https:\/\/fmc.ch\/fr\/wp-json\/wp\/v2\/media\/2442"}],"wp:attachment":[{"href":"https:\/\/fmc.ch\/fr\/wp-json\/wp\/v2\/media?parent=1325"}],"wp:term":[{"taxonomy":"strategie","embeddable":true,"href":"https:\/\/fmc.ch\/fr\/wp-json\/wp\/v2\/strategie?post=1325"},{"taxonomy":"thema","embeddable":true,"href":"https:\/\/fmc.ch\/fr\/wp-json\/wp\/v2\/thema?post=1325"},{"taxonomy":"format","embeddable":true,"href":"https:\/\/fmc.ch\/fr\/wp-json\/wp\/v2\/format?post=1325"}],"curies":[{"name":"wp","href":"https:\/\/api.w.org\/{rel}","templated":true}]}}