{"id":12879,"date":"2024-12-06T11:48:58","date_gmt":"2024-12-06T10:48:58","guid":{"rendered":"https:\/\/fmc.ch\/?p=12879"},"modified":"2025-12-01T13:43:42","modified_gmt":"2025-12-01T12:43:42","slug":"innovation-lab-de-lhopital-universitaire-de-bale","status":"publish","type":"post","link":"https:\/\/fmc.ch\/fr\/innovation-lab-des-universitaetsspitals-basel\/","title":{"rendered":"Visite de l'Innovation-Lab de l'H\u00f4pital universitaire de B\u00e2le"},"content":{"rendered":"<div data-elementor-type=\"wp-post\" data-elementor-id=\"12879\" class=\"elementor elementor-12879\" data-elementor-post-type=\"post\">\n\t\t\t\t\t\t<section class=\"elementor-section elementor-top-section elementor-element elementor-element-7ca2a75 elementor-section-boxed elementor-section-height-default elementor-section-height-default elementor-invisible\" data-id=\"7ca2a75\" data-element_type=\"section\" data-e-type=\"section\" data-settings=\"{&quot;animation&quot;:&quot;fadeIn&quot;}\">\n\t\t\t\t\t\t<div class=\"elementor-container elementor-column-gap-default\">\n\t\t\t\t\t<div class=\"elementor-column elementor-col-100 elementor-top-column elementor-element elementor-element-3f98917\" data-id=\"3f98917\" data-element_type=\"column\" data-e-type=\"column\">\n\t\t\t<div class=\"elementor-widget-wrap elementor-element-populated\">\n\t\t\t\t\t\t<div class=\"elementor-element elementor-element-1cf1b65 elementor-widget__width-initial elementor-widget elementor-widget-text-editor\" data-id=\"1cf1b65\" data-element_type=\"widget\" data-e-type=\"widget\" data-widget_type=\"text-editor.default\">\n\t\t\t\t<div class=\"elementor-widget-container\">\n\t\t\t\t\t\t\t\t\t<h3>Le club du fmc du 21 janvier 2025 nous emm\u00e8ne dans l'Innovation-Lab de l'H\u00f4pital universitaire de B\u00e2le.<\/h3>\t\t\t\t\t\t\t\t<\/div>\n\t\t\t\t<\/div>\n\t\t\t\t\t<\/div>\n\t\t<\/div>\n\t\t\t\t\t<\/div>\n\t\t<\/section>\n\t\t\t\t<section class=\"elementor-section elementor-top-section elementor-element elementor-element-f545d7d elementor-section-boxed elementor-section-height-default elementor-section-height-default\" data-id=\"f545d7d\" data-element_type=\"section\" data-e-type=\"section\">\n\t\t\t\t\t\t<div class=\"elementor-container elementor-column-gap-default\">\n\t\t\t\t\t<div class=\"elementor-column elementor-col-100 elementor-top-column elementor-element elementor-element-618cb90\" data-id=\"618cb90\" data-element_type=\"column\" data-e-type=\"column\">\n\t\t\t<div class=\"elementor-widget-wrap elementor-element-populated\">\n\t\t\t\t\t\t<div class=\"elementor-element elementor-element-0ca1440 elementor-widget elementor-widget-text-editor\" data-id=\"0ca1440\" data-element_type=\"widget\" data-e-type=\"widget\" data-widget_type=\"text-editor.default\">\n\t\t\t\t<div class=\"elementor-widget-container\">\n\t\t\t\t\t\t\t\t\t<div><b><i data-olk-copy-source=\"MessageBody\">L'innovation est clairement au centre de cette visite ; la mise en \u0153uvre pratique dans le laboratoire, mais aussi ce qu'est l'innovation, comment elle se produit et comment elle est encourag\u00e9e.<\/i><\/b><\/div><div>\u00a0<\/div><div class=\"translation-block\">L'\u00e9quipe de gestion de l'innovation du \u00a0<a id=\"OWA082e0da3-21b5-1ac8-df05-053199f1ae69\" class=\"x_x_OWAAutoLink\" title=\"https:\/\/www.linkedin.com\/in\/jens-eckstein-551a148\/\" href=\"https:\/\/www.linkedin.com\/in\/jens-eckstein-551a148\/\" data-auth=\"NotApplicable\" data-linkindex=\"3\" target=\"_self\">professeur Jens Eckstein<\/a>, m\u00e9decin-chef en m\u00e9decine interne et CMIO, s'occupe de l'utilisation et de la validation de nouvelles technologies telles que les capteurs mobiles et de leur application dans le domaine de la sant\u00e9.<\/div><div>\u00a0<\/div><div>Actuellement, l'\u00e9quipe se concentre sur les contenus suivants :<\/div><ul><li>Le d\u00e9veloppement d'un portail pour les patient.e.s afin d'am\u00e9liorer la communication avec nos patient.e.s, mais aussi pour leur apporter un soutien th\u00e9rapeutique.<\/li><li>L'introduction de technologies modernes telles que la r\u00e9alit\u00e9 \u00e9tendue et l'utilisation de capteurs mobiles \u00e0 l'h\u00f4pital.<\/li><li>L'utilisation de capteurs mobiles est int\u00e9gr\u00e9e dans le concept global de la \"bande de B\u00e2le\", sur lequel le laboratoire travaille intensivement et avec succ\u00e8s depuis des ann\u00e9es, \u00e9galement avec des partenaires externes.<\/li><li>Plusieurs projets sur l'intelligence artificielle en m\u00e9decine, notamment en utilisant des mod\u00e8les dits de large language.<\/li><li>Outre ces projets tr\u00e8s innovants et tr\u00e8s techniques, des questions pratiques simples et centr\u00e9es sur les patients constituent une part importante du travail du laboratoire.<\/li><\/ul><div>L'\u00e9quipe se caract\u00e9rise par son enthousiasme pour l'innovation appliqu\u00e9e au b\u00e9n\u00e9fice des patient.e.s et par son ouverture permanente \u00e0 la nouveaut\u00e9. En m\u00eame temps, les collaborateurs et collaboratrices sont conscient.e.s de la responsabilit\u00e9 qui d\u00e9coule des donn\u00e9es et des applications de plus en plus d\u00e9taill\u00e9es. L'objectif d\u00e9clar\u00e9 est d'utiliser ces multiples nouvelles possibilit\u00e9s pour am\u00e9liorer la m\u00e9decine, mais il serait na\u00eff de penser qu'un abus n'est pas possible. Afin d'encourager cette discussion et de cr\u00e9er de la transparence, l'\u00e9quipe de l'USB organise chaque ann\u00e9e depuis 2018 le Digital Ethics Symposium Basel.<\/div>\t\t\t\t\t\t\t\t<\/div>\n\t\t\t\t<\/div>\n\t\t\t\t\t<\/div>\n\t\t<\/div>\n\t\t\t\t\t<\/div>\n\t\t<\/section>\n\t\t\t\t<section class=\"elementor-section elementor-top-section elementor-element elementor-element-dbc6dff elementor-section-boxed elementor-section-height-default elementor-section-height-default\" data-id=\"dbc6dff\" data-element_type=\"section\" data-e-type=\"section\">\n\t\t\t\t\t\t<div class=\"elementor-container elementor-column-gap-default\">\n\t\t\t\t\t<div class=\"elementor-column elementor-col-100 elementor-top-column elementor-element elementor-element-548f287\" data-id=\"548f287\" data-element_type=\"column\" data-e-type=\"column\">\n\t\t\t<div class=\"elementor-widget-wrap elementor-element-populated\">\n\t\t\t\t\t\t<div class=\"elementor-element elementor-element-7431ca8 elementor-widget elementor-widget-text-editor\" data-id=\"7431ca8\" data-element_type=\"widget\" data-e-type=\"widget\" data-widget_type=\"text-editor.default\">\n\t\t\t\t<div class=\"elementor-widget-container\">\n\t\t\t\t\t\t\t\t\t<p><strong><u>Dates cl\u00e9s de la visite :<\/u><\/strong><\/p>\n<ul>\n<li data-olk-copy-source=\"MessageBody\">14h00 Accueil sur place et introduction \u00e0 l'Innovation-Lab<\/li>\n<li>14h10 Que sont les innovations, o\u00f9 et comment naissent-elles, qu'est-ce qui les favorise - m\u00eame sans lab ?<\/li>\n<li>14h30 Pr\u00e9sentation de projets en deux groupes<\/li>\n<li>15h30 Vos questions sur le Lab, les projets et tout le reste<\/li>\n<li>15h45 Et quel est le rapport avec les soins int\u00e9gr\u00e9s ?<\/li>\n<li>16h00 Ap\u00e9ro<\/li>\n<li>16h30 Cl\u00f4ture<\/li>\n<\/ul>\t\t\t\t\t\t\t\t<\/div>\n\t\t\t\t<\/div>\n\t\t\t\t\t<\/div>\n\t\t<\/div>\n\t\t\t\t\t<\/div>\n\t\t<\/section>\n\t\t\t\t<section class=\"elementor-section elementor-top-section elementor-element elementor-element-99d95f5 elementor-section-boxed elementor-section-height-default elementor-section-height-default\" data-id=\"99d95f5\" data-element_type=\"section\" data-e-type=\"section\">\n\t\t\t\t\t\t<div class=\"elementor-container elementor-column-gap-default\">\n\t\t\t\t\t<div class=\"elementor-column elementor-col-100 elementor-top-column elementor-element elementor-element-3a58297\" data-id=\"3a58297\" data-element_type=\"column\" data-e-type=\"column\">\n\t\t\t<div class=\"elementor-widget-wrap elementor-element-populated\">\n\t\t\t\t\t\t<div class=\"elementor-element elementor-element-7a44fc2 elementor-widget elementor-widget-button\" data-id=\"7a44fc2\" data-element_type=\"widget\" data-e-type=\"widget\" data-widget_type=\"button.default\">\n\t\t\t\t<div class=\"elementor-widget-container\">\n\t\t\t\t\t\t\t\t\t<div class=\"elementor-button-wrapper\">\n\t\t\t\t\t<a class=\"elementor-button elementor-button-link elementor-size-sm\" href=\"http:\/\/www.innovation.usb.ch\">\n\t\t\t\t\t\t<span class=\"elementor-button-content-wrapper\">\n\t\t\t\t\t\t\t\t\t<span class=\"elementor-button-text\">Pour plus d'informations sur le laboratoire d'innovation, cliquez ici<\/span>\n\t\t\t\t\t<\/span>\n\t\t\t\t\t<\/a>\n\t\t\t\t<\/div>\n\t\t\t\t\t\t\t\t<\/div>\n\t\t\t\t<\/div>\n\t\t\t\t\t<\/div>\n\t\t<\/div>\n\t\t\t\t\t<\/div>\n\t\t<\/section>\n\t\t\t\t<section class=\"elementor-section elementor-top-section elementor-element elementor-element-1df6471 elementor-section-boxed elementor-section-height-default elementor-section-height-default\" data-id=\"1df6471\" data-element_type=\"section\" data-e-type=\"section\">\n\t\t\t\t\t\t<div class=\"elementor-container elementor-column-gap-default\">\n\t\t\t\t\t<div class=\"elementor-column elementor-col-100 elementor-top-column elementor-element elementor-element-82d522d\" data-id=\"82d522d\" data-element_type=\"column\" data-e-type=\"column\">\n\t\t\t<div class=\"elementor-widget-wrap elementor-element-populated\">\n\t\t\t\t\t\t<div class=\"elementor-element elementor-element-6fda20f elementor-widget elementor-widget-text-editor\" data-id=\"6fda20f\" data-element_type=\"widget\" data-e-type=\"widget\" data-widget_type=\"text-editor.default\">\n\t\t\t\t<div class=\"elementor-widget-container\">\n\t\t\t\t\t\t\t\t\t<p>Le club du fmc est exclusivement r\u00e9serv\u00e9 aux membres du fmc.\u00a0<\/p>\t\t\t\t\t\t\t\t<\/div>\n\t\t\t\t<\/div>\n\t\t\t\t<div class=\"elementor-element elementor-element-2fed563 elementor-widget elementor-widget-button\" data-id=\"2fed563\" data-element_type=\"widget\" data-e-type=\"widget\" data-widget_type=\"button.default\">\n\t\t\t\t<div class=\"elementor-widget-container\">\n\t\t\t\t\t\t\t\t\t<div class=\"elementor-button-wrapper\">\n\t\t\t\t\t<a class=\"elementor-button elementor-button-link elementor-size-sm\" href=\"https:\/\/form.jotform.com\/243054306421344\" target=\"_blank\">\n\t\t\t\t\t\t<span class=\"elementor-button-content-wrapper\">\n\t\t\t\t\t\t\t\t\t<span class=\"elementor-button-text\">Cliquez ici pour vous inscrire<\/span>\n\t\t\t\t\t<\/span>\n\t\t\t\t\t<\/a>\n\t\t\t\t<\/div>\n\t\t\t\t\t\t\t\t<\/div>\n\t\t\t\t<\/div>\n\t\t\t\t\t<\/div>\n\t\t<\/div>\n\t\t\t\t\t<\/div>\n\t\t<\/section>\n\t\t\t\t<\/div>","protected":false},"excerpt":{"rendered":"<p>L'innovation est clairement au centre de cette visite ; la mise en \u0153uvre pratique dans le laboratoire, mais aussi ce qu'est l'innovation, comment elle se produit et comment elle est encourag\u00e9e.<\/p>","protected":false},"author":2,"featured_media":12880,"comment_status":"closed","ping_status":"closed","sticky":false,"template":"","format":[143,138],"meta":{"footnotes":""},"strategie":[157],"thema":[155,168],"class_list":["post-12879","post","type-post","status-publish","format-standard","has-post-thumbnail","hentry","strategie-instrumente","thema-digital-health","thema-qualitaetsentwicklung","format-fmc-club","format-veranstaltung"],"yoast_head":"<!-- This site is optimized with the Yoast SEO plugin v27.5 - https:\/\/yoast.com\/product\/yoast-seo-wordpress\/ -->\n<title>Besuch im Innovation-Lab des Universit\u00e4tsspitals Basel - FMC<\/title>\n<meta name=\"description\" content=\"Innovation steht klar im Fokus dieses Besuchs; die praktische Umsetzung im Lab, aber auch, was Innovation ist, wie sie zu Stande kommt und wie sie gef\u00f6rdert wird.\" \/>\n<meta name=\"robots\" content=\"index, follow, max-snippet:-1, max-image-preview:large, max-video-preview:-1\" \/>\n<link rel=\"canonical\" href=\"https:\/\/fmc.ch\/fr\/innovation-lab-de-lhopital-universitaire-de-bale\/\" \/>\n<meta property=\"og:locale\" content=\"fr_FR\" \/>\n<meta property=\"og:type\" content=\"article\" \/>\n<meta property=\"og:title\" content=\"Besuch im Innovation-Lab des Universit\u00e4tsspitals Basel - FMC\" \/>\n<meta property=\"og:description\" content=\"Innovation steht klar im Fokus dieses Besuchs; die praktische Umsetzung im Lab, aber auch, was Innovation ist, wie sie zu Stande kommt und wie sie gef\u00f6rdert wird.\" \/>\n<meta property=\"og:url\" content=\"https:\/\/fmc.ch\/fr\/innovation-lab-de-lhopital-universitaire-de-bale\/\" \/>\n<meta property=\"og:site_name\" content=\"FMC\" \/>\n<meta property=\"article:published_time\" content=\"2024-12-06T10:48:58+00:00\" \/>\n<meta property=\"article:modified_time\" content=\"2025-12-01T12:43:42+00:00\" \/>\n<meta property=\"og:image\" content=\"https:\/\/fmc.ch\/wp-content\/uploads\/2024\/12\/fmc-Club_Innovation-Lab-Universitaetsspital-Basel.png\" \/>\n\t<meta property=\"og:image:width\" content=\"635\" \/>\n\t<meta property=\"og:image:height\" content=\"631\" \/>\n\t<meta property=\"og:image:type\" content=\"image\/png\" \/>\n<meta name=\"author\" content=\"Nadja Blanchard\" \/>\n<meta name=\"twitter:card\" content=\"summary_large_image\" \/>\n<meta name=\"twitter:label1\" content=\"\u00c9crit par\" \/>\n\t<meta name=\"twitter:data1\" content=\"Nadja Blanchard\" \/>\n\t<meta name=\"twitter:label2\" content=\"Dur\u00e9e de lecture estim\u00e9e\" \/>\n\t<meta name=\"twitter:data2\" content=\"3 minutes\" \/>\n<script type=\"application\/ld+json\" class=\"yoast-schema-graph\">{\"@context\":\"https:\\\/\\\/schema.org\",\"@graph\":[{\"@type\":\"Article\",\"@id\":\"https:\\\/\\\/fmc.ch\\\/innovation-lab-des-universitaetsspitals-basel\\\/#article\",\"isPartOf\":{\"@id\":\"https:\\\/\\\/fmc.ch\\\/innovation-lab-des-universitaetsspitals-basel\\\/\"},\"author\":{\"name\":\"Nadja Blanchard\",\"@id\":\"https:\\\/\\\/fmc.ch\\\/#\\\/schema\\\/person\\\/3a7218d283691f8ef8cf410e4615e507\"},\"headline\":\"Besuch im Innovation-Lab des Universit\u00e4tsspitals Basel\",\"datePublished\":\"2024-12-06T10:48:58+00:00\",\"dateModified\":\"2025-12-01T12:43:42+00:00\",\"mainEntityOfPage\":{\"@id\":\"https:\\\/\\\/fmc.ch\\\/innovation-lab-des-universitaetsspitals-basel\\\/\"},\"wordCount\":363,\"publisher\":{\"@id\":\"https:\\\/\\\/fmc.ch\\\/#organization\"},\"image\":{\"@id\":\"https:\\\/\\\/fmc.ch\\\/innovation-lab-des-universitaetsspitals-basel\\\/#primaryimage\"},\"thumbnailUrl\":\"https:\\\/\\\/fmc.ch\\\/wp-content\\\/uploads\\\/2024\\\/12\\\/fmc-Club_Innovation-Lab-Universitaetsspital-Basel.png\",\"articleSection\":[\"fmc Club\"],\"inLanguage\":\"fr-FR\"},{\"@type\":\"WebPage\",\"@id\":\"https:\\\/\\\/fmc.ch\\\/innovation-lab-des-universitaetsspitals-basel\\\/\",\"url\":\"https:\\\/\\\/fmc.ch\\\/innovation-lab-des-universitaetsspitals-basel\\\/\",\"name\":\"Besuch im Innovation-Lab des Universit\u00e4tsspitals Basel - FMC\",\"isPartOf\":{\"@id\":\"https:\\\/\\\/fmc.ch\\\/#website\"},\"primaryImageOfPage\":{\"@id\":\"https:\\\/\\\/fmc.ch\\\/innovation-lab-des-universitaetsspitals-basel\\\/#primaryimage\"},\"image\":{\"@id\":\"https:\\\/\\\/fmc.ch\\\/innovation-lab-des-universitaetsspitals-basel\\\/#primaryimage\"},\"thumbnailUrl\":\"https:\\\/\\\/fmc.ch\\\/wp-content\\\/uploads\\\/2024\\\/12\\\/fmc-Club_Innovation-Lab-Universitaetsspital-Basel.png\",\"datePublished\":\"2024-12-06T10:48:58+00:00\",\"dateModified\":\"2025-12-01T12:43:42+00:00\",\"description\":\"Innovation steht klar im Fokus dieses Besuchs; die praktische Umsetzung im Lab, aber auch, was Innovation ist, wie sie zu Stande kommt und wie sie gef\u00f6rdert wird.\",\"breadcrumb\":{\"@id\":\"https:\\\/\\\/fmc.ch\\\/innovation-lab-des-universitaetsspitals-basel\\\/#breadcrumb\"},\"inLanguage\":\"fr-FR\",\"potentialAction\":[{\"@type\":\"ReadAction\",\"target\":[\"https:\\\/\\\/fmc.ch\\\/innovation-lab-des-universitaetsspitals-basel\\\/\"]}]},{\"@type\":\"ImageObject\",\"inLanguage\":\"fr-FR\",\"@id\":\"https:\\\/\\\/fmc.ch\\\/innovation-lab-des-universitaetsspitals-basel\\\/#primaryimage\",\"url\":\"https:\\\/\\\/fmc.ch\\\/wp-content\\\/uploads\\\/2024\\\/12\\\/fmc-Club_Innovation-Lab-Universitaetsspital-Basel.png\",\"contentUrl\":\"https:\\\/\\\/fmc.ch\\\/wp-content\\\/uploads\\\/2024\\\/12\\\/fmc-Club_Innovation-Lab-Universitaetsspital-Basel.png\",\"width\":635,\"height\":631},{\"@type\":\"BreadcrumbList\",\"@id\":\"https:\\\/\\\/fmc.ch\\\/innovation-lab-des-universitaetsspitals-basel\\\/#breadcrumb\",\"itemListElement\":[{\"@type\":\"ListItem\",\"position\":1,\"name\":\"Home\",\"item\":\"https:\\\/\\\/fmc.ch\\\/\"},{\"@type\":\"ListItem\",\"position\":2,\"name\":\"Besuch im Innovation-Lab des Universit\u00e4tsspitals Basel\"}]},{\"@type\":\"WebSite\",\"@id\":\"https:\\\/\\\/fmc.ch\\\/#website\",\"url\":\"https:\\\/\\\/fmc.ch\\\/\",\"name\":\"FMC\",\"description\":\"Schweizer Forum f\u00fcr Integrierte Versorgung\",\"publisher\":{\"@id\":\"https:\\\/\\\/fmc.ch\\\/#organization\"},\"potentialAction\":[{\"@type\":\"SearchAction\",\"target\":{\"@type\":\"EntryPoint\",\"urlTemplate\":\"https:\\\/\\\/fmc.ch\\\/?s={search_term_string}\"},\"query-input\":{\"@type\":\"PropertyValueSpecification\",\"valueRequired\":true,\"valueName\":\"search_term_string\"}}],\"inLanguage\":\"fr-FR\"},{\"@type\":\"Organization\",\"@id\":\"https:\\\/\\\/fmc.ch\\\/#organization\",\"name\":\"FMC\",\"url\":\"https:\\\/\\\/fmc.ch\\\/\",\"logo\":{\"@type\":\"ImageObject\",\"inLanguage\":\"fr-FR\",\"@id\":\"https:\\\/\\\/fmc.ch\\\/#\\\/schema\\\/logo\\\/image\\\/\",\"url\":\"https:\\\/\\\/fmc.ch\\\/wp-content\\\/uploads\\\/2023\\\/09\\\/fmc-logo.svg\",\"contentUrl\":\"https:\\\/\\\/fmc.ch\\\/wp-content\\\/uploads\\\/2023\\\/09\\\/fmc-logo.svg\",\"caption\":\"FMC\"},\"image\":{\"@id\":\"https:\\\/\\\/fmc.ch\\\/#\\\/schema\\\/logo\\\/image\\\/\"}},{\"@type\":\"Person\",\"@id\":\"https:\\\/\\\/fmc.ch\\\/#\\\/schema\\\/person\\\/3a7218d283691f8ef8cf410e4615e507\",\"name\":\"Nadja Blanchard\",\"image\":{\"@type\":\"ImageObject\",\"inLanguage\":\"fr-FR\",\"@id\":\"https:\\\/\\\/secure.gravatar.com\\\/avatar\\\/729fbcebbfccd7834565b1398470d6ea84a4f3e7525873a0cb368db99228ce7b?s=96&d=mm&r=g\",\"url\":\"https:\\\/\\\/secure.gravatar.com\\\/avatar\\\/729fbcebbfccd7834565b1398470d6ea84a4f3e7525873a0cb368db99228ce7b?s=96&d=mm&r=g\",\"contentUrl\":\"https:\\\/\\\/secure.gravatar.com\\\/avatar\\\/729fbcebbfccd7834565b1398470d6ea84a4f3e7525873a0cb368db99228ce7b?s=96&d=mm&r=g\",\"caption\":\"Nadja Blanchard\"},\"url\":\"https:\\\/\\\/fmc.ch\\\/fr\\\/author\\\/nadja-blanchardfmc-ch\\\/\"}]}<\/script>\n<!-- \/ Yoast SEO plugin. -->","yoast_head_json":{"title":"Visite de l'Innovation-Lab de l'H\u00f4pital universitaire de B\u00e2le - FMC","description":"L'innovation est clairement au centre de cette visite ; la mise en \u0153uvre pratique dans le laboratoire, mais aussi ce qu'est l'innovation, comment elle se produit et comment elle est encourag\u00e9e.","robots":{"index":"index","follow":"follow","max-snippet":"max-snippet:-1","max-image-preview":"max-image-preview:large","max-video-preview":"max-video-preview:-1"},"canonical":"https:\/\/fmc.ch\/fr\/innovation-lab-de-lhopital-universitaire-de-bale\/","og_locale":"fr_FR","og_type":"article","og_title":"Besuch im Innovation-Lab des Universit\u00e4tsspitals Basel - FMC","og_description":"Innovation steht klar im Fokus dieses Besuchs; die praktische Umsetzung im Lab, aber auch, was Innovation ist, wie sie zu Stande kommt und wie sie gef\u00f6rdert wird.","og_url":"https:\/\/fmc.ch\/fr\/innovation-lab-de-lhopital-universitaire-de-bale\/","og_site_name":"FMC","article_published_time":"2024-12-06T10:48:58+00:00","article_modified_time":"2025-12-01T12:43:42+00:00","og_image":[{"width":635,"height":631,"url":"https:\/\/fmc.ch\/wp-content\/uploads\/2024\/12\/fmc-Club_Innovation-Lab-Universitaetsspital-Basel.png","type":"image\/png"}],"author":"Nadja Blanchard","twitter_card":"summary_large_image","twitter_misc":{"\u00c9crit par":"Nadja Blanchard","Dur\u00e9e de lecture estim\u00e9e":"3 minutes"},"schema":{"@context":"https:\/\/schema.org","@graph":[{"@type":"Article","@id":"https:\/\/fmc.ch\/innovation-lab-des-universitaetsspitals-basel\/#article","isPartOf":{"@id":"https:\/\/fmc.ch\/innovation-lab-des-universitaetsspitals-basel\/"},"author":{"name":"Nadja Blanchard","@id":"https:\/\/fmc.ch\/#\/schema\/person\/3a7218d283691f8ef8cf410e4615e507"},"headline":"Besuch im Innovation-Lab des Universit\u00e4tsspitals Basel","datePublished":"2024-12-06T10:48:58+00:00","dateModified":"2025-12-01T12:43:42+00:00","mainEntityOfPage":{"@id":"https:\/\/fmc.ch\/innovation-lab-des-universitaetsspitals-basel\/"},"wordCount":363,"publisher":{"@id":"https:\/\/fmc.ch\/#organization"},"image":{"@id":"https:\/\/fmc.ch\/innovation-lab-des-universitaetsspitals-basel\/#primaryimage"},"thumbnailUrl":"https:\/\/fmc.ch\/wp-content\/uploads\/2024\/12\/fmc-Club_Innovation-Lab-Universitaetsspital-Basel.png","articleSection":["fmc Club"],"inLanguage":"fr-FR"},{"@type":"WebPage","@id":"https:\/\/fmc.ch\/innovation-lab-des-universitaetsspitals-basel\/","url":"https:\/\/fmc.ch\/innovation-lab-des-universitaetsspitals-basel\/","name":"Visite de l'Innovation-Lab de l'H\u00f4pital universitaire de B\u00e2le - FMC","isPartOf":{"@id":"https:\/\/fmc.ch\/#website"},"primaryImageOfPage":{"@id":"https:\/\/fmc.ch\/innovation-lab-des-universitaetsspitals-basel\/#primaryimage"},"image":{"@id":"https:\/\/fmc.ch\/innovation-lab-des-universitaetsspitals-basel\/#primaryimage"},"thumbnailUrl":"https:\/\/fmc.ch\/wp-content\/uploads\/2024\/12\/fmc-Club_Innovation-Lab-Universitaetsspital-Basel.png","datePublished":"2024-12-06T10:48:58+00:00","dateModified":"2025-12-01T12:43:42+00:00","description":"L'innovation est clairement au centre de cette visite ; la mise en \u0153uvre pratique dans le laboratoire, mais aussi ce qu'est l'innovation, comment elle se produit et comment elle est encourag\u00e9e.","breadcrumb":{"@id":"https:\/\/fmc.ch\/innovation-lab-des-universitaetsspitals-basel\/#breadcrumb"},"inLanguage":"fr-FR","potentialAction":[{"@type":"ReadAction","target":["https:\/\/fmc.ch\/innovation-lab-des-universitaetsspitals-basel\/"]}]},{"@type":"ImageObject","inLanguage":"fr-FR","@id":"https:\/\/fmc.ch\/innovation-lab-des-universitaetsspitals-basel\/#primaryimage","url":"https:\/\/fmc.ch\/wp-content\/uploads\/2024\/12\/fmc-Club_Innovation-Lab-Universitaetsspital-Basel.png","contentUrl":"https:\/\/fmc.ch\/wp-content\/uploads\/2024\/12\/fmc-Club_Innovation-Lab-Universitaetsspital-Basel.png","width":635,"height":631},{"@type":"BreadcrumbList","@id":"https:\/\/fmc.ch\/innovation-lab-des-universitaetsspitals-basel\/#breadcrumb","itemListElement":[{"@type":"ListItem","position":1,"name":"Home","item":"https:\/\/fmc.ch\/"},{"@type":"ListItem","position":2,"name":"Besuch im Innovation-Lab des Universit\u00e4tsspitals Basel"}]},{"@type":"WebSite","@id":"https:\/\/fmc.ch\/#website","url":"https:\/\/fmc.ch\/","name":"FMC","description":"Forum suisse des soins int\u00e9gr\u00e9s","publisher":{"@id":"https:\/\/fmc.ch\/#organization"},"potentialAction":[{"@type":"SearchAction","target":{"@type":"EntryPoint","urlTemplate":"https:\/\/fmc.ch\/?s={search_term_string}"},"query-input":{"@type":"PropertyValueSpecification","valueRequired":true,"valueName":"search_term_string"}}],"inLanguage":"fr-FR"},{"@type":"Organization","@id":"https:\/\/fmc.ch\/#organization","name":"FMC","url":"https:\/\/fmc.ch\/","logo":{"@type":"ImageObject","inLanguage":"fr-FR","@id":"https:\/\/fmc.ch\/#\/schema\/logo\/image\/","url":"https:\/\/fmc.ch\/wp-content\/uploads\/2023\/09\/fmc-logo.svg","contentUrl":"https:\/\/fmc.ch\/wp-content\/uploads\/2023\/09\/fmc-logo.svg","caption":"FMC"},"image":{"@id":"https:\/\/fmc.ch\/#\/schema\/logo\/image\/"}},{"@type":"Person","@id":"https:\/\/fmc.ch\/#\/schema\/person\/3a7218d283691f8ef8cf410e4615e507","name":"Nadja Blanchard","image":{"@type":"ImageObject","inLanguage":"fr-FR","@id":"https:\/\/secure.gravatar.com\/avatar\/729fbcebbfccd7834565b1398470d6ea84a4f3e7525873a0cb368db99228ce7b?s=96&d=mm&r=g","url":"https:\/\/secure.gravatar.com\/avatar\/729fbcebbfccd7834565b1398470d6ea84a4f3e7525873a0cb368db99228ce7b?s=96&d=mm&r=g","contentUrl":"https:\/\/secure.gravatar.com\/avatar\/729fbcebbfccd7834565b1398470d6ea84a4f3e7525873a0cb368db99228ce7b?s=96&d=mm&r=g","caption":"Nadja Blanchard"},"url":"https:\/\/fmc.ch\/fr\/author\/nadja-blanchardfmc-ch\/"}]}},"_links":{"self":[{"href":"https:\/\/fmc.ch\/fr\/wp-json\/wp\/v2\/posts\/12879","targetHints":{"allow":["GET"]}}],"collection":[{"href":"https:\/\/fmc.ch\/fr\/wp-json\/wp\/v2\/posts"}],"about":[{"href":"https:\/\/fmc.ch\/fr\/wp-json\/wp\/v2\/types\/post"}],"author":[{"embeddable":true,"href":"https:\/\/fmc.ch\/fr\/wp-json\/wp\/v2\/users\/2"}],"replies":[{"embeddable":true,"href":"https:\/\/fmc.ch\/fr\/wp-json\/wp\/v2\/comments?post=12879"}],"version-history":[{"count":16,"href":"https:\/\/fmc.ch\/fr\/wp-json\/wp\/v2\/posts\/12879\/revisions"}],"predecessor-version":[{"id":12908,"href":"https:\/\/fmc.ch\/fr\/wp-json\/wp\/v2\/posts\/12879\/revisions\/12908"}],"wp:featuredmedia":[{"embeddable":true,"href":"https:\/\/fmc.ch\/fr\/wp-json\/wp\/v2\/media\/12880"}],"wp:attachment":[{"href":"https:\/\/fmc.ch\/fr\/wp-json\/wp\/v2\/media?parent=12879"}],"wp:term":[{"taxonomy":"strategie","embeddable":true,"href":"https:\/\/fmc.ch\/fr\/wp-json\/wp\/v2\/strategie?post=12879"},{"taxonomy":"thema","embeddable":true,"href":"https:\/\/fmc.ch\/fr\/wp-json\/wp\/v2\/thema?post=12879"},{"taxonomy":"format","embeddable":true,"href":"https:\/\/fmc.ch\/fr\/wp-json\/wp\/v2\/format?post=12879"}],"curies":[{"name":"wp","href":"https:\/\/api.w.org\/{rel}","templated":true}]}}