{"id":1253,"date":"2023-03-15T13:31:00","date_gmt":"2023-03-15T13:31:00","guid":{"rendered":"https:\/\/fmc.ch\/?p=1253"},"modified":"2025-12-01T16:25:45","modified_gmt":"2025-12-01T15:25:45","slug":"enquete-fmc-aupres-des-assures","status":"publish","type":"post","link":"https:\/\/fmc.ch\/fr\/fmc-versichertenumfrage\/","title":{"rendered":"Enqu\u00eate fmc aupr\u00e8s des assur\u00e9s 2022"},"content":{"rendered":"<div data-elementor-type=\"wp-post\" data-elementor-id=\"1253\" class=\"elementor elementor-1253\" data-elementor-post-type=\"post\">\n\t\t\t\t\t\t<section class=\"elementor-section elementor-top-section elementor-element elementor-element-577cd5f elementor-section-boxed elementor-section-height-default elementor-section-height-default elementor-invisible\" data-id=\"577cd5f\" data-element_type=\"section\" data-e-type=\"section\" data-settings=\"{&quot;animation&quot;:&quot;fadeIn&quot;}\">\n\t\t\t\t\t\t<div class=\"elementor-container elementor-column-gap-default\">\n\t\t\t\t\t<div class=\"elementor-column elementor-col-100 elementor-top-column elementor-element elementor-element-4fb3ced\" data-id=\"4fb3ced\" data-element_type=\"column\" data-e-type=\"column\">\n\t\t\t<div class=\"elementor-widget-wrap elementor-element-populated\">\n\t\t\t\t\t\t<div class=\"elementor-element elementor-element-682ef03 elementor-widget elementor-widget-text-editor\" data-id=\"682ef03\" data-element_type=\"widget\" data-e-type=\"widget\" data-widget_type=\"text-editor.default\">\n\t\t\t\t<div class=\"elementor-widget-container\">\n\t\t\t\t\t\t\t\t\t<h3>Les mod\u00e8les alternatifs d'assurance (MAA) avec une r\u00e9glementation contractuelle entre les assureurs-maladie et les fournisseurs de prestations m\u00e9dicales sont le produit d'assurance le plus fr\u00e9quent - Croissance continue impressionnante<\/h3>\t\t\t\t\t\t\t\t<\/div>\n\t\t\t\t<\/div>\n\t\t\t\t\t<\/div>\n\t\t<\/div>\n\t\t\t\t\t<\/div>\n\t\t<\/section>\n\t\t\t\t<section class=\"elementor-section elementor-top-section elementor-element elementor-element-af1c47c elementor-section-boxed elementor-section-height-default elementor-section-height-default\" data-id=\"af1c47c\" data-element_type=\"section\" data-e-type=\"section\">\n\t\t\t\t\t\t<div class=\"elementor-container elementor-column-gap-default\">\n\t\t\t\t\t<div class=\"elementor-column elementor-col-50 elementor-top-column elementor-element elementor-element-daf1101\" data-id=\"daf1101\" data-element_type=\"column\" data-e-type=\"column\">\n\t\t\t<div class=\"elementor-widget-wrap elementor-element-populated\">\n\t\t\t\t\t\t<div class=\"elementor-element elementor-element-021ca3e elementor-invisible elementor-widget elementor-widget-text-editor\" data-id=\"021ca3e\" data-element_type=\"widget\" data-e-type=\"widget\" data-settings=\"{&quot;_animation&quot;:&quot;fadeIn&quot;}\" data-widget_type=\"text-editor.default\">\n\t\t\t\t<div class=\"elementor-widget-container\">\n\t\t\t\t\t\t\t\t\t<p>En 2022, tous les r\u00e9seaux de m\u00e9decins et cabinets de groupe suisses ont particip\u00e9 \u00e0 l'enqu\u00eate fmc aupr\u00e8s des assur\u00e9s. Pour la premi\u00e8re fois, l'enqu\u00eate permet de consid\u00e9rer les MAA de mani\u00e8re plus diff\u00e9renci\u00e9e, et ce gr\u00e2ce \u00e0 une coop\u00e9ration avec l'OFSP. L'enqu\u00eate fmc aupr\u00e8s des assur\u00e9s 2022 pr\u00e9sente les r\u00e9sultats suivants :<\/p><ul><li><strong>32 pour cent<\/strong>\u00a0des assur\u00e9s ont comme\u00a0<strong>produit MAA un mod\u00e8le de m\u00e9decin de famille\/HMO avec un accord contractuel entre le r\u00e9seau de m\u00e9decins et l'assurance maladie<\/strong>\u00a0choisi (v\u00e9ritable mod\u00e8le m\u00e9decin de famille\/HMO)<br \/><br \/><\/li><li>A peine\u00a0<strong>30 pour cent<\/strong>\u00a0des assur\u00e9s ont comme<strong>\u00a0produit MAA un mod\u00e8le de m\u00e9decin de famille sans contrat entre les assureurs maladie et les fournisseurs de prestations m\u00e9dicales ou un mod\u00e8le Flex,<\/strong>qui ne pr\u00e9voit plus seulement l'acc\u00e8s par le biais d'un m\u00e9decin de famille<br \/><br \/><\/li><li>Le\u00a0<strong>Le mod\u00e8le standard<\/strong>\u00a0de l'assurance maladie obligatoire est estim\u00e9 \u00e0 pr\u00e8s de\u00a0<strong>24 pour cent,<\/strong>\u00a0\u00e9lu par un groupe de population en constante diminution<br \/><br \/><\/li><li><strong>La Suisse orientale reste la r\u00e9gion qui compte le plus grand nombre d'assur\u00e9s dans les \"vrais mod\u00e8les m\u00e9decin de famille\/HMO<\/strong><br \/><br \/><\/li><li><strong>77 pour cent<\/strong>\u00a0le\u00a0<strong>des m\u00e9decins de premier recours sont membres d'un r\u00e9seau de m\u00e9decins.<\/strong><br \/><br \/><\/li><li>Jusqu'\u00e0\u00a0<strong>704 assur\u00e9s<\/strong>\u00a0dans un\u00a0<strong>v\u00e9ritable mod\u00e8le m\u00e9decin de famille\/HMO par m\u00e9decin de premier recours<\/strong><\/li><\/ul>\t\t\t\t\t\t\t\t<\/div>\n\t\t\t\t<\/div>\n\t\t\t\t\t<\/div>\n\t\t<\/div>\n\t\t\t\t<div class=\"elementor-column elementor-col-50 elementor-top-column elementor-element elementor-element-adcbbeb\" data-id=\"adcbbeb\" data-element_type=\"column\" data-e-type=\"column\">\n\t\t\t<div class=\"elementor-widget-wrap elementor-element-populated\">\n\t\t\t\t<!-- dce invisible element f7a1884 -->\t\t<div class=\"dce-visibility-event elementor-element elementor-element-936ea0a elementor-invisible elementor-widget elementor-widget-image\" data-id=\"936ea0a\" data-element_type=\"widget\" data-e-type=\"widget\" data-settings=\"{&quot;_animation&quot;:&quot;fadeIn&quot;,&quot;_animation_delay&quot;:300,&quot;enabled_visibility&quot;:&quot;yes&quot;,&quot;dce_visibility_selected&quot;:&quot;yes&quot;}\" data-widget_type=\"image.default\">\n\t\t\t\t<div class=\"elementor-widget-container\">\n\t\t\t\t\t\t\t\t\t\t\t\t\t\t\t\t<a href=\"https:\/\/fmc.ch\/wp-content\/uploads\/2023\/10\/Auswertung_FR.png\" data-elementor-open-lightbox=\"yes\" data-elementor-lightbox-title=\"Auswertung_FR\" data-e-action-hash=\"#elementor-action%3Aaction%3Dlightbox%26settings%3DeyJpZCI6MTY0OCwidXJsIjoiaHR0cHM6XC9cL2ZtYy5jaFwvd3AtY29udGVudFwvdXBsb2Fkc1wvMjAyM1wvMTBcL0F1c3dlcnR1bmdfRlIucG5nIn0%3D\">\n\t\t\t\t\t\t\t<img fetchpriority=\"high\" decoding=\"async\" width=\"800\" height=\"452\" src=\"https:\/\/fmc.ch\/wp-content\/uploads\/2023\/10\/Auswertung_FR-2000x1129.png\" class=\"attachment-large size-large wp-image-1648\" alt=\"\" srcset=\"https:\/\/fmc.ch\/wp-content\/uploads\/2023\/10\/Auswertung_FR-2000x1129.png 2000w, https:\/\/fmc.ch\/wp-content\/uploads\/2023\/10\/Auswertung_FR-600x339.png 600w, https:\/\/fmc.ch\/wp-content\/uploads\/2023\/10\/Auswertung_FR-768x433.png 768w, https:\/\/fmc.ch\/wp-content\/uploads\/2023\/10\/Auswertung_FR-1536x867.png 1536w, https:\/\/fmc.ch\/wp-content\/uploads\/2023\/10\/Auswertung_FR-2048x1156.png 2048w\" sizes=\"(max-width: 800px) 100vw, 800px\" \/>\t\t\t\t\t\t\t\t<\/a>\n\t\t\t\t\t\t\t\t\t\t\t\t\t\t\t<\/div>\n\t\t\t\t<\/div>\n\t\t\t\t\t<\/div>\n\t\t<\/div>\n\t\t\t\t\t<\/div>\n\t\t<\/section>\n\t\t\t\t<section class=\"elementor-section elementor-top-section elementor-element elementor-element-d7521fd elementor-section-boxed elementor-section-height-default elementor-section-height-default\" data-id=\"d7521fd\" data-element_type=\"section\" data-e-type=\"section\">\n\t\t\t\t\t\t<div class=\"elementor-container elementor-column-gap-default\">\n\t\t\t\t\t<div class=\"elementor-column elementor-col-100 elementor-top-column elementor-element elementor-element-befd048\" data-id=\"befd048\" data-element_type=\"column\" data-e-type=\"column\">\n\t\t\t<div class=\"elementor-widget-wrap elementor-element-populated\">\n\t\t\t\t\t\t<div class=\"elementor-element elementor-element-2577d5f elementor-invisible elementor-widget elementor-widget-text-editor\" data-id=\"2577d5f\" data-element_type=\"widget\" data-e-type=\"widget\" data-settings=\"{&quot;_animation&quot;:&quot;fadeIn&quot;}\" data-widget_type=\"text-editor.default\">\n\t\t\t\t<div class=\"elementor-widget-container\">\n\t\t\t\t\t\t\t\t\t<p>Dans l'impulsion fmc sondage des assur\u00e9s 2022, vous trouverez les explications d\u00e9taill\u00e9es sur les r\u00e9sultats.<br \/>Le fmc remercie tous les r\u00e9seaux de m\u00e9decins, les cabinets de groupe et l'OFSP pour leur collaboration.<\/p>\t\t\t\t\t\t\t\t<\/div>\n\t\t\t\t<\/div>\n\t\t<!-- dce invisible element 0010b41 -->\t\t<div class=\"dce-visibility-event elementor-element elementor-element-378477a elementor-widget elementor-widget-shortcode\" data-id=\"378477a\" data-element_type=\"widget\" data-e-type=\"widget\" data-settings=\"{&quot;enabled_visibility&quot;:&quot;yes&quot;,&quot;dce_visibility_selected&quot;:&quot;yes&quot;}\" data-widget_type=\"shortcode.default\">\n\t\t\t\t<div class=\"elementor-widget-container\">\n\t\t\t\t\t\t\t<div class=\"elementor-shortcode\"><div class=\"_df_book df-lite\" id=\"df_15804\"  _slug=\"impuls-fmc-versichertenumfrage-avm-modelle-2022-franzoesisch\" data-title=\"impuls-fmc-versichertenumfrage-avm-modelle-2022-franzoesisch\" wpoptions=\"true\" thumbtype=\"\" ><\/div><script class=\"df-shortcode-script\" nowprocket type=\"application\/javascript\">window.option_df_15804 = {\"outline\":[],\"backgroundColor\":\"#f1f1f1\",\"height\":\"700\",\"autoEnableOutline\":\"false\",\"autoEnableThumbnail\":\"false\",\"overwritePDFOutline\":\"false\",\"direction\":\"1\",\"pageSize\":\"0\",\"source\":\"https:\\\/\\\/fmc.ch\\\/wp-content\\\/uploads\\\/2023\\\/10\\\/AVM-Versicherte-2022_fmc-Impuls-01.2023-fr.pdf\",\"wpOptions\":\"true\"}; if(window.DFLIP && window.DFLIP.parseBooks){window.DFLIP.parseBooks();}<\/script><\/div>\n\t\t\t\t\t\t<\/div>\n\t\t\t\t<\/div>\n\t\t\t\t<div class=\"elementor-element elementor-element-9ec2fa0 elementor-widget elementor-widget-button\" data-id=\"9ec2fa0\" data-element_type=\"widget\" data-e-type=\"widget\" data-widget_type=\"button.default\">\n\t\t\t\t<div class=\"elementor-widget-container\">\n\t\t\t\t\t\t\t\t\t<div class=\"elementor-button-wrapper\">\n\t\t\t\t\t<a class=\"elementor-button elementor-button-link elementor-size-sm\" href=\"https:\/\/fmc.ch\/wp-content\/uploads\/2023\/10\/AVM-Versicherte-2022_fmc-Impuls-01.2023-fr.pdf\" target=\"_blank\">\n\t\t\t\t\t\t<span class=\"elementor-button-content-wrapper\">\n\t\t\t\t\t\t\t\t\t<span class=\"elementor-button-text\">PDF impulsion<\/span>\n\t\t\t\t\t<\/span>\n\t\t\t\t\t<\/a>\n\t\t\t\t<\/div>\n\t\t\t\t\t\t\t\t<\/div>\n\t\t\t\t<\/div>\n\t\t\t\t\t<\/div>\n\t\t<\/div>\n\t\t\t\t\t<\/div>\n\t\t<\/section>\n\t\t\t\t<section class=\"elementor-section elementor-top-section elementor-element elementor-element-29f92d2 elementor-section-boxed elementor-section-height-default elementor-section-height-default\" data-id=\"29f92d2\" data-element_type=\"section\" data-e-type=\"section\">\n\t\t\t\t\t\t<div class=\"elementor-container elementor-column-gap-default\">\n\t\t\t\t\t<div class=\"elementor-column elementor-col-100 elementor-top-column elementor-element elementor-element-50790f0\" data-id=\"50790f0\" data-element_type=\"column\" data-e-type=\"column\">\n\t\t\t<div class=\"elementor-widget-wrap elementor-element-populated\">\n\t\t\t\t\t\t<div class=\"elementor-element elementor-element-c823f9d elementor-widget-divider--view-line elementor-widget elementor-widget-divider\" data-id=\"c823f9d\" data-element_type=\"widget\" data-e-type=\"widget\" data-widget_type=\"divider.default\">\n\t\t\t\t<div class=\"elementor-widget-container\">\n\t\t\t\t\t\t\t<div class=\"elementor-divider\">\n\t\t\t<span class=\"elementor-divider-separator\">\n\t\t\t\t\t\t<\/span>\n\t\t<\/div>\n\t\t\t\t\t\t<\/div>\n\t\t\t\t<\/div>\n\t\t\t\t\t<\/div>\n\t\t<\/div>\n\t\t\t\t\t<\/div>\n\t\t<\/section>\n\t\t<div class=\"elementor-element elementor-element-1b0ccfd e-flex e-con-boxed e-con e-parent\" data-id=\"1b0ccfd\" data-element_type=\"container\" data-e-type=\"container\">\n\t\t\t\t\t<div class=\"e-con-inner\">\n\t\t\t\t<div class=\"elementor-element elementor-element-f879d59 elementor-widget elementor-widget-heading\" data-id=\"f879d59\" data-element_type=\"widget\" data-e-type=\"widget\" data-widget_type=\"heading.default\">\n\t\t\t\t<div class=\"elementor-widget-container\">\n\t\t\t\t\t<h2 class=\"elementor-heading-title elementor-size-default\">Autres articles sur les r\u00e9seaux de m\u00e9decins \/ groupes de pratique<\/h2>\t\t\t\t<\/div>\n\t\t\t\t<\/div>\n\t\t\t\t\t<\/div>\n\t\t\t\t<\/div>\n\t\t<div class=\"elementor-element elementor-element-431bad2 e-flex e-con-boxed e-con e-parent\" data-id=\"431bad2\" data-element_type=\"container\" data-e-type=\"container\">\n\t\t\t\t\t<div class=\"e-con-inner\">\n\t\t\t\t<div class=\"elementor-element elementor-element-3c4e7c3 elementor-widget elementor-widget-text-editor\" data-id=\"3c4e7c3\" data-element_type=\"widget\" data-e-type=\"widget\" data-widget_type=\"text-editor.default\">\n\t\t\t\t<div class=\"elementor-widget-container\">\n\t\t\t\t\t\t\t\t\t<ul><li style=\"list-style-type: none\"><ul><li><a href=\"https:\/\/fmc.ch\/fr\/symposium-2019\/\" target=\"_blank\" rel=\"noopener\">R\u00e9seaux de m\u00e9decins et soins int\u00e9gr\u00e9s : Que coordonner ? Comment coop\u00e9rer ?<\/a><\/li><li><a href=\"https:\/\/fmc.ch\/fr\/reseau-vertical\/\" target=\"_blank\" rel=\"noopener\">Mise en r\u00e9seau verticale - mediX bern et groupe Lindenhof - De l'\u00e9tat de projet \u00e0 l'exploitation op\u00e9rationnelle<\/a><\/li><li><a href=\"https:\/\/fmc.ch\/fr\/concept-de-cabinet-dans-le-cabinet-de-groupe-de-sanacare\/\" target=\"_blank\" rel=\"noopener\">Nouveau concept de cabinet dans le cabinet de groupe de Sanacare<\/a><\/li><li><a href=\"https:\/\/fmc.ch\/fr\/travail-social-au-cabinet-medical\/\" target=\"_blank\" rel=\"noopener\">Rapport final du projet de recherche : Le travail social au cabinet m\u00e9dical<\/a><\/li><li><a href=\"https:\/\/fmc.ch\/fr\/ameliorer-la-qualite-et-reduire-les-couts-grace-aux-reseaux-de-medecins\/\" target=\"_blank\" rel=\"noopener\">Am\u00e9liorer la qualit\u00e9 et r\u00e9duire les co\u00fbts gr\u00e2ce aux r\u00e9seaux de m\u00e9decins<\/a><\/li><\/ul><\/li><\/ul><p>\u00a0<\/p>\t\t\t\t\t\t\t\t<\/div>\n\t\t\t\t<\/div>\n\t\t\t\t\t<\/div>\n\t\t\t\t<\/div>\n\t\t\t\t<\/div>","protected":false},"excerpt":{"rendered":"<p>Les mod\u00e8les alternatifs d'assurance (MAA) avec une r\u00e9glementation contractuelle entre les assureurs-maladie et les fournisseurs de prestations m\u00e9dicales sont le produit d'assurance le plus fr\u00e9quent - Croissance continue impressionnante<\/p>","protected":false},"author":8,"featured_media":1653,"comment_status":"closed","ping_status":"closed","sticky":false,"template":"","format":[146,139],"meta":{"footnotes":""},"strategie":[163],"thema":[169],"class_list":["post-1253","post","type-post","status-publish","format-standard","has-post-thumbnail","hentry","strategie-integrierte-versorgung-allgemein","thema-population-health","format-impulse","format-publikation"],"yoast_head":"<!-- This site is optimized with the Yoast SEO plugin v27.5 - https:\/\/yoast.com\/product\/yoast-seo-wordpress\/ -->\n<title>fmc Versichertenumfrage 2022 - FMC<\/title>\n<meta name=\"description\" content=\"Alternative Versicherungsmodellmodelle mit einer vertraglichen Regelung zwischen Krankenversicherern und \u00e4rztlichen Leistungserbringern sind das h\u00e4ufigste Versicherungsprodukt\" \/>\n<meta name=\"robots\" content=\"index, follow, max-snippet:-1, max-image-preview:large, max-video-preview:-1\" \/>\n<link rel=\"canonical\" href=\"https:\/\/fmc.ch\/fr\/enquete-fmc-aupres-des-assures\/\" \/>\n<meta property=\"og:locale\" content=\"fr_FR\" \/>\n<meta property=\"og:type\" content=\"article\" \/>\n<meta property=\"og:title\" content=\"fmc Versichertenumfrage 2022 - FMC\" \/>\n<meta property=\"og:description\" content=\"Alternative Versicherungsmodellmodelle mit einer vertraglichen Regelung zwischen Krankenversicherern und \u00e4rztlichen Leistungserbringern sind das h\u00e4ufigste Versicherungsprodukt\" \/>\n<meta property=\"og:url\" content=\"https:\/\/fmc.ch\/fr\/enquete-fmc-aupres-des-assures\/\" \/>\n<meta property=\"og:site_name\" content=\"FMC\" \/>\n<meta property=\"article:published_time\" content=\"2023-03-15T13:31:00+00:00\" \/>\n<meta property=\"article:modified_time\" content=\"2025-12-01T15:25:45+00:00\" \/>\n<meta property=\"og:image\" content=\"https:\/\/fmc.ch\/wp-content\/uploads\/2023\/10\/Grafik-Versicherte-nach-Versicherungsform-Impuls-2023-fuer-Website_Ausschnitt.jpg\" \/>\n\t<meta property=\"og:image:width\" content=\"600\" \/>\n\t<meta property=\"og:image:height\" content=\"601\" \/>\n\t<meta property=\"og:image:type\" content=\"image\/jpeg\" \/>\n<meta name=\"author\" content=\"millywilly\" \/>\n<meta name=\"twitter:card\" content=\"summary_large_image\" \/>\n<meta name=\"twitter:label1\" content=\"\u00c9crit par\" \/>\n\t<meta name=\"twitter:data1\" content=\"millywilly\" \/>\n\t<meta name=\"twitter:label2\" content=\"Dur\u00e9e de lecture estim\u00e9e\" \/>\n\t<meta name=\"twitter:data2\" content=\"2 minutes\" \/>\n<script type=\"application\/ld+json\" class=\"yoast-schema-graph\">{\"@context\":\"https:\\\/\\\/schema.org\",\"@graph\":[{\"@type\":\"Article\",\"@id\":\"https:\\\/\\\/fmc.ch\\\/fmc-versichertenumfrage\\\/#article\",\"isPartOf\":{\"@id\":\"https:\\\/\\\/fmc.ch\\\/fmc-versichertenumfrage\\\/\"},\"author\":{\"name\":\"millywilly\",\"@id\":\"https:\\\/\\\/fmc.ch\\\/#\\\/schema\\\/person\\\/2b9ee3d0e51becbbd1dfdfb27772171f\"},\"headline\":\"fmc Versichertenumfrage 2022\",\"datePublished\":\"2023-03-15T13:31:00+00:00\",\"dateModified\":\"2025-12-01T15:25:45+00:00\",\"mainEntityOfPage\":{\"@id\":\"https:\\\/\\\/fmc.ch\\\/fmc-versichertenumfrage\\\/\"},\"wordCount\":252,\"publisher\":{\"@id\":\"https:\\\/\\\/fmc.ch\\\/#organization\"},\"image\":{\"@id\":\"https:\\\/\\\/fmc.ch\\\/fmc-versichertenumfrage\\\/#primaryimage\"},\"thumbnailUrl\":\"https:\\\/\\\/fmc.ch\\\/wp-content\\\/uploads\\\/2023\\\/10\\\/Grafik-Versicherte-nach-Versicherungsform-Impuls-2023-fuer-Website_Ausschnitt.jpg\",\"articleSection\":[\"Impulse\"],\"inLanguage\":\"fr-FR\"},{\"@type\":\"WebPage\",\"@id\":\"https:\\\/\\\/fmc.ch\\\/fmc-versichertenumfrage\\\/\",\"url\":\"https:\\\/\\\/fmc.ch\\\/fmc-versichertenumfrage\\\/\",\"name\":\"fmc Versichertenumfrage 2022 - FMC\",\"isPartOf\":{\"@id\":\"https:\\\/\\\/fmc.ch\\\/#website\"},\"primaryImageOfPage\":{\"@id\":\"https:\\\/\\\/fmc.ch\\\/fmc-versichertenumfrage\\\/#primaryimage\"},\"image\":{\"@id\":\"https:\\\/\\\/fmc.ch\\\/fmc-versichertenumfrage\\\/#primaryimage\"},\"thumbnailUrl\":\"https:\\\/\\\/fmc.ch\\\/wp-content\\\/uploads\\\/2023\\\/10\\\/Grafik-Versicherte-nach-Versicherungsform-Impuls-2023-fuer-Website_Ausschnitt.jpg\",\"datePublished\":\"2023-03-15T13:31:00+00:00\",\"dateModified\":\"2025-12-01T15:25:45+00:00\",\"description\":\"Alternative Versicherungsmodellmodelle mit einer vertraglichen Regelung zwischen Krankenversicherern und \u00e4rztlichen Leistungserbringern sind das h\u00e4ufigste Versicherungsprodukt\",\"breadcrumb\":{\"@id\":\"https:\\\/\\\/fmc.ch\\\/fmc-versichertenumfrage\\\/#breadcrumb\"},\"inLanguage\":\"fr-FR\",\"potentialAction\":[{\"@type\":\"ReadAction\",\"target\":[\"https:\\\/\\\/fmc.ch\\\/fmc-versichertenumfrage\\\/\"]}]},{\"@type\":\"ImageObject\",\"inLanguage\":\"fr-FR\",\"@id\":\"https:\\\/\\\/fmc.ch\\\/fmc-versichertenumfrage\\\/#primaryimage\",\"url\":\"https:\\\/\\\/fmc.ch\\\/wp-content\\\/uploads\\\/2023\\\/10\\\/Grafik-Versicherte-nach-Versicherungsform-Impuls-2023-fuer-Website_Ausschnitt.jpg\",\"contentUrl\":\"https:\\\/\\\/fmc.ch\\\/wp-content\\\/uploads\\\/2023\\\/10\\\/Grafik-Versicherte-nach-Versicherungsform-Impuls-2023-fuer-Website_Ausschnitt.jpg\",\"width\":600,\"height\":601},{\"@type\":\"BreadcrumbList\",\"@id\":\"https:\\\/\\\/fmc.ch\\\/fmc-versichertenumfrage\\\/#breadcrumb\",\"itemListElement\":[{\"@type\":\"ListItem\",\"position\":1,\"name\":\"Home\",\"item\":\"https:\\\/\\\/fmc.ch\\\/\"},{\"@type\":\"ListItem\",\"position\":2,\"name\":\"fmc Versichertenumfrage 2022\"}]},{\"@type\":\"WebSite\",\"@id\":\"https:\\\/\\\/fmc.ch\\\/#website\",\"url\":\"https:\\\/\\\/fmc.ch\\\/\",\"name\":\"FMC\",\"description\":\"Schweizer Forum f\u00fcr Integrierte Versorgung\",\"publisher\":{\"@id\":\"https:\\\/\\\/fmc.ch\\\/#organization\"},\"potentialAction\":[{\"@type\":\"SearchAction\",\"target\":{\"@type\":\"EntryPoint\",\"urlTemplate\":\"https:\\\/\\\/fmc.ch\\\/?s={search_term_string}\"},\"query-input\":{\"@type\":\"PropertyValueSpecification\",\"valueRequired\":true,\"valueName\":\"search_term_string\"}}],\"inLanguage\":\"fr-FR\"},{\"@type\":\"Organization\",\"@id\":\"https:\\\/\\\/fmc.ch\\\/#organization\",\"name\":\"FMC\",\"url\":\"https:\\\/\\\/fmc.ch\\\/\",\"logo\":{\"@type\":\"ImageObject\",\"inLanguage\":\"fr-FR\",\"@id\":\"https:\\\/\\\/fmc.ch\\\/#\\\/schema\\\/logo\\\/image\\\/\",\"url\":\"https:\\\/\\\/fmc.ch\\\/wp-content\\\/uploads\\\/2023\\\/09\\\/fmc-logo.svg\",\"contentUrl\":\"https:\\\/\\\/fmc.ch\\\/wp-content\\\/uploads\\\/2023\\\/09\\\/fmc-logo.svg\",\"caption\":\"FMC\"},\"image\":{\"@id\":\"https:\\\/\\\/fmc.ch\\\/#\\\/schema\\\/logo\\\/image\\\/\"}},{\"@type\":\"Person\",\"@id\":\"https:\\\/\\\/fmc.ch\\\/#\\\/schema\\\/person\\\/2b9ee3d0e51becbbd1dfdfb27772171f\",\"name\":\"millywilly\",\"image\":{\"@type\":\"ImageObject\",\"inLanguage\":\"fr-FR\",\"@id\":\"https:\\\/\\\/secure.gravatar.com\\\/avatar\\\/0ce41b09a186b85dbc9d2c021eefa29c0eb347cf448ddb165dcc1e3464d28b12?s=96&d=mm&r=g\",\"url\":\"https:\\\/\\\/secure.gravatar.com\\\/avatar\\\/0ce41b09a186b85dbc9d2c021eefa29c0eb347cf448ddb165dcc1e3464d28b12?s=96&d=mm&r=g\",\"contentUrl\":\"https:\\\/\\\/secure.gravatar.com\\\/avatar\\\/0ce41b09a186b85dbc9d2c021eefa29c0eb347cf448ddb165dcc1e3464d28b12?s=96&d=mm&r=g\",\"caption\":\"millywilly\"},\"url\":\"https:\\\/\\\/fmc.ch\\\/fr\\\/author\\\/millywilly\\\/\"}]}<\/script>\n<!-- \/ Yoast SEO plugin. -->","yoast_head_json":{"title":"Enqu\u00eate fmc aupr\u00e8s des assur\u00e9s 2022 - FMC","description":"Les mod\u00e8les alternatifs d'assurance avec une r\u00e9glementation contractuelle entre les assureurs-maladie et les fournisseurs de prestations m\u00e9dicales sont le produit d'assurance le plus fr\u00e9quent.","robots":{"index":"index","follow":"follow","max-snippet":"max-snippet:-1","max-image-preview":"max-image-preview:large","max-video-preview":"max-video-preview:-1"},"canonical":"https:\/\/fmc.ch\/fr\/enquete-fmc-aupres-des-assures\/","og_locale":"fr_FR","og_type":"article","og_title":"fmc Versichertenumfrage 2022 - FMC","og_description":"Alternative Versicherungsmodellmodelle mit einer vertraglichen Regelung zwischen Krankenversicherern und \u00e4rztlichen Leistungserbringern sind das h\u00e4ufigste Versicherungsprodukt","og_url":"https:\/\/fmc.ch\/fr\/enquete-fmc-aupres-des-assures\/","og_site_name":"FMC","article_published_time":"2023-03-15T13:31:00+00:00","article_modified_time":"2025-12-01T15:25:45+00:00","og_image":[{"width":600,"height":601,"url":"https:\/\/fmc.ch\/wp-content\/uploads\/2023\/10\/Grafik-Versicherte-nach-Versicherungsform-Impuls-2023-fuer-Website_Ausschnitt.jpg","type":"image\/jpeg"}],"author":"millywilly","twitter_card":"summary_large_image","twitter_misc":{"\u00c9crit par":"millywilly","Dur\u00e9e de lecture estim\u00e9e":"2 minutes"},"schema":{"@context":"https:\/\/schema.org","@graph":[{"@type":"Article","@id":"https:\/\/fmc.ch\/fmc-versichertenumfrage\/#article","isPartOf":{"@id":"https:\/\/fmc.ch\/fmc-versichertenumfrage\/"},"author":{"name":"millywilly","@id":"https:\/\/fmc.ch\/#\/schema\/person\/2b9ee3d0e51becbbd1dfdfb27772171f"},"headline":"fmc Versichertenumfrage 2022","datePublished":"2023-03-15T13:31:00+00:00","dateModified":"2025-12-01T15:25:45+00:00","mainEntityOfPage":{"@id":"https:\/\/fmc.ch\/fmc-versichertenumfrage\/"},"wordCount":252,"publisher":{"@id":"https:\/\/fmc.ch\/#organization"},"image":{"@id":"https:\/\/fmc.ch\/fmc-versichertenumfrage\/#primaryimage"},"thumbnailUrl":"https:\/\/fmc.ch\/wp-content\/uploads\/2023\/10\/Grafik-Versicherte-nach-Versicherungsform-Impuls-2023-fuer-Website_Ausschnitt.jpg","articleSection":["Impulse"],"inLanguage":"fr-FR"},{"@type":"WebPage","@id":"https:\/\/fmc.ch\/fmc-versichertenumfrage\/","url":"https:\/\/fmc.ch\/fmc-versichertenumfrage\/","name":"Enqu\u00eate fmc aupr\u00e8s des assur\u00e9s 2022 - FMC","isPartOf":{"@id":"https:\/\/fmc.ch\/#website"},"primaryImageOfPage":{"@id":"https:\/\/fmc.ch\/fmc-versichertenumfrage\/#primaryimage"},"image":{"@id":"https:\/\/fmc.ch\/fmc-versichertenumfrage\/#primaryimage"},"thumbnailUrl":"https:\/\/fmc.ch\/wp-content\/uploads\/2023\/10\/Grafik-Versicherte-nach-Versicherungsform-Impuls-2023-fuer-Website_Ausschnitt.jpg","datePublished":"2023-03-15T13:31:00+00:00","dateModified":"2025-12-01T15:25:45+00:00","description":"Les mod\u00e8les alternatifs d'assurance avec une r\u00e9glementation contractuelle entre les assureurs-maladie et les fournisseurs de prestations m\u00e9dicales sont le produit d'assurance le plus fr\u00e9quent.","breadcrumb":{"@id":"https:\/\/fmc.ch\/fmc-versichertenumfrage\/#breadcrumb"},"inLanguage":"fr-FR","potentialAction":[{"@type":"ReadAction","target":["https:\/\/fmc.ch\/fmc-versichertenumfrage\/"]}]},{"@type":"ImageObject","inLanguage":"fr-FR","@id":"https:\/\/fmc.ch\/fmc-versichertenumfrage\/#primaryimage","url":"https:\/\/fmc.ch\/wp-content\/uploads\/2023\/10\/Grafik-Versicherte-nach-Versicherungsform-Impuls-2023-fuer-Website_Ausschnitt.jpg","contentUrl":"https:\/\/fmc.ch\/wp-content\/uploads\/2023\/10\/Grafik-Versicherte-nach-Versicherungsform-Impuls-2023-fuer-Website_Ausschnitt.jpg","width":600,"height":601},{"@type":"BreadcrumbList","@id":"https:\/\/fmc.ch\/fmc-versichertenumfrage\/#breadcrumb","itemListElement":[{"@type":"ListItem","position":1,"name":"Home","item":"https:\/\/fmc.ch\/"},{"@type":"ListItem","position":2,"name":"fmc Versichertenumfrage 2022"}]},{"@type":"WebSite","@id":"https:\/\/fmc.ch\/#website","url":"https:\/\/fmc.ch\/","name":"FMC","description":"Forum suisse des soins int\u00e9gr\u00e9s","publisher":{"@id":"https:\/\/fmc.ch\/#organization"},"potentialAction":[{"@type":"SearchAction","target":{"@type":"EntryPoint","urlTemplate":"https:\/\/fmc.ch\/?s={search_term_string}"},"query-input":{"@type":"PropertyValueSpecification","valueRequired":true,"valueName":"search_term_string"}}],"inLanguage":"fr-FR"},{"@type":"Organization","@id":"https:\/\/fmc.ch\/#organization","name":"FMC","url":"https:\/\/fmc.ch\/","logo":{"@type":"ImageObject","inLanguage":"fr-FR","@id":"https:\/\/fmc.ch\/#\/schema\/logo\/image\/","url":"https:\/\/fmc.ch\/wp-content\/uploads\/2023\/09\/fmc-logo.svg","contentUrl":"https:\/\/fmc.ch\/wp-content\/uploads\/2023\/09\/fmc-logo.svg","caption":"FMC"},"image":{"@id":"https:\/\/fmc.ch\/#\/schema\/logo\/image\/"}},{"@type":"Person","@id":"https:\/\/fmc.ch\/#\/schema\/person\/2b9ee3d0e51becbbd1dfdfb27772171f","name":"millywilly","image":{"@type":"ImageObject","inLanguage":"fr-FR","@id":"https:\/\/secure.gravatar.com\/avatar\/0ce41b09a186b85dbc9d2c021eefa29c0eb347cf448ddb165dcc1e3464d28b12?s=96&d=mm&r=g","url":"https:\/\/secure.gravatar.com\/avatar\/0ce41b09a186b85dbc9d2c021eefa29c0eb347cf448ddb165dcc1e3464d28b12?s=96&d=mm&r=g","contentUrl":"https:\/\/secure.gravatar.com\/avatar\/0ce41b09a186b85dbc9d2c021eefa29c0eb347cf448ddb165dcc1e3464d28b12?s=96&d=mm&r=g","caption":"millywilly"},"url":"https:\/\/fmc.ch\/fr\/author\/millywilly\/"}]}},"_links":{"self":[{"href":"https:\/\/fmc.ch\/fr\/wp-json\/wp\/v2\/posts\/1253","targetHints":{"allow":["GET"]}}],"collection":[{"href":"https:\/\/fmc.ch\/fr\/wp-json\/wp\/v2\/posts"}],"about":[{"href":"https:\/\/fmc.ch\/fr\/wp-json\/wp\/v2\/types\/post"}],"author":[{"embeddable":true,"href":"https:\/\/fmc.ch\/fr\/wp-json\/wp\/v2\/users\/8"}],"replies":[{"embeddable":true,"href":"https:\/\/fmc.ch\/fr\/wp-json\/wp\/v2\/comments?post=1253"}],"version-history":[{"count":25,"href":"https:\/\/fmc.ch\/fr\/wp-json\/wp\/v2\/posts\/1253\/revisions"}],"predecessor-version":[{"id":17032,"href":"https:\/\/fmc.ch\/fr\/wp-json\/wp\/v2\/posts\/1253\/revisions\/17032"}],"wp:featuredmedia":[{"embeddable":true,"href":"https:\/\/fmc.ch\/fr\/wp-json\/wp\/v2\/media\/1653"}],"wp:attachment":[{"href":"https:\/\/fmc.ch\/fr\/wp-json\/wp\/v2\/media?parent=1253"}],"wp:term":[{"taxonomy":"strategie","embeddable":true,"href":"https:\/\/fmc.ch\/fr\/wp-json\/wp\/v2\/strategie?post=1253"},{"taxonomy":"thema","embeddable":true,"href":"https:\/\/fmc.ch\/fr\/wp-json\/wp\/v2\/thema?post=1253"},{"taxonomy":"format","embeddable":true,"href":"https:\/\/fmc.ch\/fr\/wp-json\/wp\/v2\/format?post=1253"}],"curies":[{"name":"wp","href":"https:\/\/api.w.org\/{rel}","templated":true}]}}