{"id":11338,"date":"2024-10-11T14:11:21","date_gmt":"2024-10-11T14:11:21","guid":{"rendered":"https:\/\/fmc.ch\/?p=11338"},"modified":"2025-03-25T10:43:28","modified_gmt":"2025-03-25T09:43:28","slug":"serie-de-webinaires-sur-les-soins-integres","status":"publish","type":"post","link":"https:\/\/fmc.ch\/fr\/webinarreihe-zur-integrierten-versorgung\/","title":{"rendered":"S\u00e9rie de webinaires sur les soins int\u00e9gr\u00e9s"},"content":{"rendered":"<div data-elementor-type=\"wp-post\" data-elementor-id=\"11338\" class=\"elementor elementor-11338\" data-elementor-post-type=\"post\">\n\t\t\t\t\t\t<section class=\"elementor-section elementor-top-section elementor-element elementor-element-e777c0a elementor-section-boxed elementor-section-height-default elementor-section-height-default\" data-id=\"e777c0a\" data-element_type=\"section\" data-e-type=\"section\">\n\t\t\t\t\t\t<div class=\"elementor-container elementor-column-gap-default\">\n\t\t\t\t\t<div class=\"elementor-column elementor-col-100 elementor-top-column elementor-element elementor-element-b35d5a8\" data-id=\"b35d5a8\" data-element_type=\"column\" data-e-type=\"column\">\n\t\t\t<div class=\"elementor-widget-wrap elementor-element-populated\">\n\t\t\t\t\t\t<div class=\"elementor-element elementor-element-4ab0ebd elementor-invisible elementor-widget elementor-widget-text-editor\" data-id=\"4ab0ebd\" data-element_type=\"widget\" data-e-type=\"widget\" data-settings=\"{&quot;_animation&quot;:&quot;fadeIn&quot;}\" data-widget_type=\"text-editor.default\">\n\t\t\t\t<div class=\"elementor-widget-container\">\n\t\t\t\t\t\t\t\t\t<p>Cette s\u00e9rie de webinaires en quatre parties porte sur les soins int\u00e9gr\u00e9s. Chaque webinaire peut \u00eatre suivi s\u00e9par\u00e9ment, mais le premier webinaire de la s\u00e9rie pr\u00e9sente les bases des soins int\u00e9gr\u00e9s.<br \/>Dans les trois webinaires suivants, diff\u00e9rents aspects des soins int\u00e9gr\u00e9s seront successivement abord\u00e9s : Il s'agit tout d'abord des soins int\u00e9gr\u00e9s dans le cadre des soins de base, puis de la question du financement et enfin des approches bas\u00e9es sur la population.<\/p><p>Ces webinaires ont pour but de montrer des possibilit\u00e9s d'action et d'inspirer les participants par des exemples concrets et des r\u00e9f\u00e9rences acad\u00e9miques.<\/p><p>Chaque webinaire commence par une br\u00e8ve pr\u00e9sentation, suivie d'une discussion approfondie entre les invit\u00e9s et les participants.<\/p><p>La participation \u00e0 ces webinaires est possible sur place ou en ligne (Unisant\u00e9, route de la Corniche 10, 1010 Lausanne, salle Delachaux, 1er \u00e9tage).<\/p><ul><li><strong>La participation est gratuite et ne n\u00e9cessite pas d'inscription.<\/strong><\/li><li><strong>Les webinaires sont enregistr\u00e9s.<\/strong><\/li><li><strong>Les webinaires se d\u00e9roulent en fran\u00e7ais.<\/strong><\/li><\/ul>\t\t\t\t\t\t\t\t<\/div>\n\t\t\t\t<\/div>\n\t\t\t\t\t<\/div>\n\t\t<\/div>\n\t\t\t\t\t<\/div>\n\t\t<\/section>\n\t\t<div class=\"elementor-element elementor-element-1f95d82 e-flex e-con-boxed e-con e-parent\" data-id=\"1f95d82\" data-element_type=\"container\" data-e-type=\"container\">\n\t\t\t\t\t<div class=\"e-con-inner\">\n\t\t\t\t<div class=\"elementor-element elementor-element-42db197 elementor-widget elementor-widget-text-editor\" data-id=\"42db197\" data-element_type=\"widget\" data-e-type=\"widget\" data-widget_type=\"text-editor.default\">\n\t\t\t\t<div class=\"elementor-widget-container\">\n\t\t\t\t\t\t\t\t\t<p>Organis\u00e9 par Unisant\u00e9 en partenariat avec le Forum suisse pour les soins int\u00e9gr\u00e9s.<\/p>\t\t\t\t\t\t\t\t<\/div>\n\t\t\t\t<\/div>\n\t\t\t\t<div class=\"elementor-element elementor-element-23febee elementor-widget elementor-widget-heading\" data-id=\"23febee\" data-element_type=\"widget\" data-e-type=\"widget\" data-widget_type=\"heading.default\">\n\t\t\t\t<div class=\"elementor-widget-container\">\n\t\t\t\t\t<h2 class=\"elementor-heading-title elementor-size-default\">Contenus<\/h2>\t\t\t\t<\/div>\n\t\t\t\t<\/div>\n\t\t\t\t\t<\/div>\n\t\t\t\t<\/div>\n\t\t<div class=\"elementor-element elementor-element-7db1cff e-flex e-con-boxed e-con e-parent\" data-id=\"7db1cff\" data-element_type=\"container\" data-e-type=\"container\">\n\t\t\t\t\t<div class=\"e-con-inner\">\n\t\t\t\t<div class=\"elementor-element elementor-element-01f8e35 elementor-widget elementor-widget-text-editor\" data-id=\"01f8e35\" data-element_type=\"widget\" data-e-type=\"widget\" data-widget_type=\"text-editor.default\">\n\t\t\t\t<div class=\"elementor-widget-container\">\n\t\t\t\t\t\t\t\t\t<p><strong>Mardi 5 novembre 2024 de 11h00 et 12h00 : Qu'est-ce que les soins int\u00e9gr\u00e9s ?<\/strong><\/p><p>Objectifs :<\/p><ul><li>Clarifier la compr\u00e9hension des soins int\u00e9gr\u00e9s et leur importance pour la durabilit\u00e9 des syst\u00e8mes de sant\u00e9.<\/li><li>Reconna\u00eetre la diversit\u00e9 des d\u00e9finitions.<\/li><li>Saisir l'aspect syst\u00e9mique des soins int\u00e9gr\u00e9s (interd\u00e9pendance des diff\u00e9rents \u00e9l\u00e9ments).<\/li><li>Reconna\u00eetre la diversit\u00e9 des mod\u00e8les mis en \u0153uvre<\/li><li>Connaissance de l'efficacit\u00e9 et de l'efficience des soins int\u00e9gr\u00e9s<\/li><\/ul><p>Avec eux :<\/p><ul><li>Isabelle Peytremann Bridevaux, Prof., responsable du secteur des services de sant\u00e9 Unisant\u00e9<\/li><li>S\u00e9verine Schussel\u00e9-Filliettaz, membre du comit\u00e9 de la fmc et charg\u00e9e de cours \u00e0 la Haute \u00e9cole de sant\u00e9 La Source<\/li><\/ul>\t\t\t\t\t\t\t\t<\/div>\n\t\t\t\t<\/div>\n\t\t\t\t<div class=\"elementor-element elementor-element-43083e4 elementor-widget elementor-widget-video\" data-id=\"43083e4\" data-element_type=\"widget\" data-e-type=\"widget\" data-settings=\"{&quot;youtube_url&quot;:&quot;https:\\\/\\\/youtu.be\\\/ofV48R7munQ&quot;,&quot;video_type&quot;:&quot;youtube&quot;,&quot;controls&quot;:&quot;yes&quot;}\" data-widget_type=\"video.default\">\n\t\t\t\t<div class=\"elementor-widget-container\">\n\t\t\t\t\t\t\t<div class=\"elementor-wrapper elementor-open-inline\">\n\t\t\t<div class=\"elementor-video\"><\/div>\t\t<\/div>\n\t\t\t\t\t\t<\/div>\n\t\t\t\t<\/div>\n\t\t\t\t<div class=\"elementor-element elementor-element-799e082 elementor-widget-divider--view-line elementor-widget elementor-widget-divider\" data-id=\"799e082\" data-element_type=\"widget\" data-e-type=\"widget\" data-widget_type=\"divider.default\">\n\t\t\t\t<div class=\"elementor-widget-container\">\n\t\t\t\t\t\t\t<div class=\"elementor-divider\">\n\t\t\t<span class=\"elementor-divider-separator\">\n\t\t\t\t\t\t<\/span>\n\t\t<\/div>\n\t\t\t\t\t\t<\/div>\n\t\t\t\t<\/div>\n\t\t\t\t\t<\/div>\n\t\t\t\t<\/div>\n\t\t<div class=\"elementor-element elementor-element-88eccd4 e-flex e-con-boxed e-con e-parent\" data-id=\"88eccd4\" data-element_type=\"container\" data-e-type=\"container\">\n\t\t\t\t\t<div class=\"e-con-inner\">\n\t\t\t\t<div class=\"elementor-element elementor-element-372a396 elementor-widget elementor-widget-text-editor\" data-id=\"372a396\" data-element_type=\"widget\" data-e-type=\"widget\" data-widget_type=\"text-editor.default\">\n\t\t\t\t<div class=\"elementor-widget-container\">\n\t\t\t\t\t\t\t\t\t<p><strong>Mardi 26 novembre 2024 de 11h00 \u00e0 12h00 : Les soins int\u00e9gr\u00e9s en m\u00e9decine de premier recours<\/strong><\/p><p>Objectifs :<\/p><ul><li>Reconna\u00eetre la diversit\u00e9 des mod\u00e8les \/ pratiques mis en \u0153uvre en m\u00e9decine g\u00e9n\u00e9rale.<\/li><li>Identifier les principaux d\u00e9fis dans ce contexte.<\/li><li>Identification des mesures favorables et des obstacles \u00e0 la mise en \u0153uvre<\/li><\/ul><p>Avec eux :<\/p><ul><li>Isabelle Peytremann Bridevaux, Prof., responsable du secteur des services de sant\u00e9 Unisant\u00e9<\/li><li>Nicolas Perone, m\u00e9decin, Maison de sant\u00e9 de Lancy (GE)<\/li><\/ul><p>Le point de d\u00e9part est l'article suivant : Carron et al. (2021) \"Integrated Care Modelsin Swiss PrimaryCare : An Embedded Multiple Case Study\". Journal of Evaluation in ClinicalPractice29, 6:1025-38. <a href=\"https:\/\/onlinelibrary.wiley.com\/doi\/10.1111\/jep.13891\" target=\"_blank\" rel=\"noopener\">https:\/\/doi.org\/10.1111\/jep.13891<\/a>.<\/p>\t\t\t\t\t\t\t\t<\/div>\n\t\t\t\t<\/div>\n\t\t\t\t<div class=\"elementor-element elementor-element-cd28d44 elementor-widget elementor-widget-spacer\" data-id=\"cd28d44\" data-element_type=\"widget\" data-e-type=\"widget\" data-widget_type=\"spacer.default\">\n\t\t\t\t<div class=\"elementor-widget-container\">\n\t\t\t\t\t\t\t<div class=\"elementor-spacer\">\n\t\t\t<div class=\"elementor-spacer-inner\"><\/div>\n\t\t<\/div>\n\t\t\t\t\t\t<\/div>\n\t\t\t\t<\/div>\n\t\t\t\t<div class=\"elementor-element elementor-element-49f6636 elementor-widget elementor-widget-video\" data-id=\"49f6636\" data-element_type=\"widget\" data-e-type=\"widget\" data-settings=\"{&quot;youtube_url&quot;:&quot;https:\\\/\\\/youtu.be\\\/dN39-PD9-XE&quot;,&quot;video_type&quot;:&quot;youtube&quot;,&quot;controls&quot;:&quot;yes&quot;}\" data-widget_type=\"video.default\">\n\t\t\t\t<div class=\"elementor-widget-container\">\n\t\t\t\t\t\t\t<div class=\"elementor-wrapper elementor-open-inline\">\n\t\t\t<div class=\"elementor-video\"><\/div>\t\t<\/div>\n\t\t\t\t\t\t<\/div>\n\t\t\t\t<\/div>\n\t\t\t\t<div class=\"elementor-element elementor-element-fda2dc9 elementor-widget-divider--view-line elementor-widget elementor-widget-divider\" data-id=\"fda2dc9\" data-element_type=\"widget\" data-e-type=\"widget\" data-widget_type=\"divider.default\">\n\t\t\t\t<div class=\"elementor-widget-container\">\n\t\t\t\t\t\t\t<div class=\"elementor-divider\">\n\t\t\t<span class=\"elementor-divider-separator\">\n\t\t\t\t\t\t<\/span>\n\t\t<\/div>\n\t\t\t\t\t\t<\/div>\n\t\t\t\t<\/div>\n\t\t\t\t\t<\/div>\n\t\t\t\t<\/div>\n\t\t<div class=\"elementor-element elementor-element-02a7e65 e-flex e-con-boxed e-con e-parent\" data-id=\"02a7e65\" data-element_type=\"container\" data-e-type=\"container\">\n\t\t\t\t\t<div class=\"e-con-inner\">\n\t\t\t\t<div class=\"elementor-element elementor-element-24ec8c7 elementor-widget elementor-widget-text-editor\" data-id=\"24ec8c7\" data-element_type=\"widget\" data-e-type=\"widget\" data-widget_type=\"text-editor.default\">\n\t\t\t\t<div class=\"elementor-widget-container\">\n\t\t\t\t\t\t\t\t\t<p><strong>Mardi 4 f\u00e9vrier 2025 de 11h00 \u00e0 12h00 : Mod\u00e8les de financement pour les soins int\u00e9gr\u00e9s<\/strong><\/p><p>Objectifs :<\/p><ul><li>Clarifier le financement actuel des soins int\u00e9gr\u00e9s.<\/li><li>Identifier quels m\u00e9canismes de financement existants peuvent \u00eatre utilis\u00e9s pour faciliter les soins int\u00e9gr\u00e9s et dans quelles conditions.<\/li><li>discuter des perspectives de d\u00e9veloppement de ces m\u00e9canismes, notamment en ce qui concerne la question de la durabilit\u00e9 des projets innovants.<\/li><\/ul><p>Sont pr\u00e9sents:<\/p><ul><li>Joachim Marti, professeur associ\u00e9, \u00e9conomiste de la sant\u00e9, coresponsable du secteur \u00c9conomie et politique de la sant\u00e9 \u00e0 Unisant\u00e9<\/li><li>Vincent Huguenin-Dumittan, chef du Service cantonal de la sant\u00e9 publique du canton de Neuch\u00e2tel depuis 2015, infirmier et psychologue de formation, actuel pr\u00e9sident du GRSP (Groupement romand des services de sant\u00e9 publique), pr\u00e9sident du comit\u00e9 de pilotage de REFORMER (R\u00e9organisation de la formation m\u00e9dicale continue en Suisse romande).<\/li><li>Alain P\u00e9riat, directeur g\u00e9n\u00e9ral du R\u00e9seau Sant\u00e9 Balcon du Jura (RSBJ), infirmier de formation, titulaire d'un brevet f\u00e9d\u00e9ral en gestion de la sant\u00e9 (2020) et d'un dipl\u00f4me f\u00e9d\u00e9ral d'expert en gestion d'institutions de sant\u00e9 (2022)<\/li><\/ul><p><a href=\"https:\/\/fmc.ch\/wp-content\/uploads\/2025\/01\/Webinaire_Unisante_Soins_integres_4.2.25.pdf\" target=\"_blank\" rel=\"noopener\">D\u00e9pliant<\/a><\/p>\t\t\t\t\t\t\t\t<\/div>\n\t\t\t\t<\/div>\n\t\t\t\t<div class=\"elementor-element elementor-element-cba0c36 elementor-widget elementor-widget-video\" data-id=\"cba0c36\" data-element_type=\"widget\" data-e-type=\"widget\" data-settings=\"{&quot;youtube_url&quot;:&quot;https:\\\/\\\/youtu.be\\\/Gbuep_5NugI&quot;,&quot;video_type&quot;:&quot;youtube&quot;,&quot;controls&quot;:&quot;yes&quot;}\" data-widget_type=\"video.default\">\n\t\t\t\t<div class=\"elementor-widget-container\">\n\t\t\t\t\t\t\t<div class=\"elementor-wrapper elementor-open-inline\">\n\t\t\t<div class=\"elementor-video\"><\/div>\t\t<\/div>\n\t\t\t\t\t\t<\/div>\n\t\t\t\t<\/div>\n\t\t\t\t<div class=\"elementor-element elementor-element-e86d87e elementor-widget-divider--view-line elementor-widget elementor-widget-divider\" data-id=\"e86d87e\" data-element_type=\"widget\" data-e-type=\"widget\" data-widget_type=\"divider.default\">\n\t\t\t\t<div class=\"elementor-widget-container\">\n\t\t\t\t\t\t\t<div class=\"elementor-divider\">\n\t\t\t<span class=\"elementor-divider-separator\">\n\t\t\t\t\t\t<\/span>\n\t\t<\/div>\n\t\t\t\t\t\t<\/div>\n\t\t\t\t<\/div>\n\t\t\t\t\t<\/div>\n\t\t\t\t<\/div>\n\t\t<div class=\"elementor-element elementor-element-22b1c1f e-flex e-con-boxed e-con e-parent\" data-id=\"22b1c1f\" data-element_type=\"container\" data-e-type=\"container\">\n\t\t\t\t\t<div class=\"e-con-inner\">\n\t\t\t\t<div class=\"elementor-element elementor-element-6e32aec elementor-widget elementor-widget-text-editor\" data-id=\"6e32aec\" data-element_type=\"widget\" data-e-type=\"widget\" data-widget_type=\"text-editor.default\">\n\t\t\t\t<div class=\"elementor-widget-container\">\n\t\t\t\t\t\t\t\t\t<p><strong>Mardi 11 f\u00e9vrier 2025 | 16h00 \u00e0 18h00 | Aspects des soins int\u00e9gr\u00e9s li\u00e9s \u00e0 la population<\/strong><\/p><p>Objectifs :<\/p><ul><li>Pr\u00e9senter des mod\u00e8les r\u00e9cents mis en place au niveau r\u00e9gional.<\/li><li>Discuter des principaux d\u00e9fis de ces mod\u00e8les.<\/li><li>Discussion sur les facilitateurs et les obstacles \u00e0 leur mise en \u0153uvre<\/li><\/ul><p>Sont pr\u00e9sents:<\/p><ul><li>Ambroise Ecoffey: Master en administration publique \u00e0 Berne apr\u00e8s des \u00e9tudes en sciences sociales \u00e0 l\u2019Universit\u00e9 de Lausanne. Apr\u00e8s un passage chez \npolsan, une agence priv\u00e9e dans le domaine de la politique de sant\u00e9, il rejoint l'OFSP pour la Plateforme nationale d\u00e9mence, puis l'Office de la sant\u00e9 du canton de Berne en septembre 2022.<\/li><li>Alain Kenfak: M\u00e9decin g\u00e9n\u00e9raliste dipl\u00f4m\u00e9 de l\u2019Universit\u00e9 de Yaound\u00e9, avec sp\u00e9cialit\u00e9 en infectiologie, qui a rejoint le R\u00e9seau de l\u2019Arc en 2018 et est devenu directeur m\u00e9dical en janvier 2020, participant \u00e0 un projet de soins int\u00e9gr\u00e9s avec la compagnie d'assurance maladie VIVA.<\/li><li>Philippe Schaller: M\u00e9decin interniste qui rel\u00e8ve les d\u00e9fis du syst\u00e8me de sant\u00e9 en d\u00e9veloppant des projets novateurs. Il est \u00e0 l\u2019origine de la premi\u00e8re Maison de Sant\u00e9 en Suisse, Cit\u00e9 g\u00e9n\u00e9rations \u00e0 Gen\u00e8ve, du R\u00e9seau Delta, une communaut\u00e9 de m\u00e9decins de famille, ainsi que de l'organisation int\u00e9gr\u00e9e Arsant\u00e9. R\u00e9cemment, il a initi\u00e9 une approche populationnelle en partenariat avec le Groupe Mutuel, pour mieux connecter prestataires et patients gr\u00e2ce aux outils num\u00e9riques.<\/li><li>Christian Wille: Licenci\u00e9 en Sciences \u00e9conomique, mention \u00e9conom\u00e9trie \u00e0 l\u2019universit\u00e9 de Gen\u00e8ve en 1989, successivement Directeur des syst\u00e8mes d\u2019information, Directeur des Finances puis d\u00e8s 2019 Directeur G\u00e9n\u00e9ral Adjoint de l\u2019Ensemble Hospitalier de la C\u00f4te (EHC).<\/li><\/ul><p><a href=\"https:\/\/fmc.ch\/wp-content\/uploads\/2025\/01\/Webinaire_Unisante_Soins_integres_11.2.25.pdf\" target=\"_blank\" rel=\"noopener\">D\u00e9pliant<\/a><\/p><p>\u00a0<\/p><p>En raison d'une erreur technique, l'enregistrement ne peut pas \u00eatre mis \u00e0 disposition. <a href=\"https:\/\/fmc.ch\/wp-content\/uploads\/2025\/03\/Webinaire_Unisante_fmc_20250211_presentations_V2-klein.pdf\" target=\"_blank\" rel=\"noopener\">Vous trouverez ici les pr\u00e9sentations des intervenant(e)s<\/a><\/p>\t\t\t\t\t\t\t\t<\/div>\n\t\t\t\t<\/div>\n\t\t\t\t<div class=\"elementor-element elementor-element-2511068 elementor-widget-divider--view-line elementor-widget elementor-widget-divider\" data-id=\"2511068\" data-element_type=\"widget\" data-e-type=\"widget\" data-widget_type=\"divider.default\">\n\t\t\t\t<div class=\"elementor-widget-container\">\n\t\t\t\t\t\t\t<div class=\"elementor-divider\">\n\t\t\t<span class=\"elementor-divider-separator\">\n\t\t\t\t\t\t<\/span>\n\t\t<\/div>\n\t\t\t\t\t\t<\/div>\n\t\t\t\t<\/div>\n\t\t\t\t\t<\/div>\n\t\t\t\t<\/div>\n\t\t\t\t<section class=\"elementor-section elementor-top-section elementor-element elementor-element-0df4bc1 elementor-section-boxed elementor-section-height-default elementor-section-height-default\" data-id=\"0df4bc1\" data-element_type=\"section\" data-e-type=\"section\">\n\t\t\t\t\t\t<div class=\"elementor-container elementor-column-gap-default\">\n\t\t\t\t\t<div class=\"elementor-column elementor-col-100 elementor-top-column elementor-element elementor-element-2a54459\" data-id=\"2a54459\" data-element_type=\"column\" data-e-type=\"column\">\n\t\t\t<div class=\"elementor-widget-wrap elementor-element-populated\">\n\t\t\t\t\t\t<div class=\"elementor-element elementor-element-276f708 elementor-widget elementor-widget-text-editor\" data-id=\"276f708\" data-element_type=\"widget\" data-e-type=\"widget\" data-widget_type=\"text-editor.default\">\n\t\t\t\t<div class=\"elementor-widget-container\">\n\t\t\t\t\t\t\t\t\t<p><strong>Un grand merci \u00e0 Unisant\u00e9 et \u00e0 Isabelle Peytremann Bridevaux ainsi qu'\u00e0 tous les intervenants pour cette collaboration r\u00e9ussie !<\/strong><\/p>\t\t\t\t\t\t\t\t<\/div>\n\t\t\t\t<\/div>\n\t\t\t\t\t<\/div>\n\t\t<\/div>\n\t\t\t\t\t<\/div>\n\t\t<\/section>\n\t\t\t\t<\/div>","protected":false},"excerpt":{"rendered":"<p>Cette s\u00e9rie de webinaires en quatre parties est consacr\u00e9e aux soins int\u00e9gr\u00e9s.<\/p>","protected":false},"author":2,"featured_media":11339,"comment_status":"closed","ping_status":"closed","sticky":false,"template":"","format":[138,141],"meta":{"footnotes":""},"strategie":[158,160,156],"thema":[152],"class_list":["post-11338","post","type-post","status-publish","format-standard","has-post-thumbnail","hentry","strategie-finanzierung","strategie-mindset","strategie-zusammenarbeit","thema-interprofessionelle-zusammenarbeit","format-veranstaltung","format-webinare"],"yoast_head":"<!-- This site is optimized with the Yoast SEO plugin v27.5 - https:\/\/yoast.com\/product\/yoast-seo-wordpress\/ -->\n<title>Webinarreihe zur integrierten Versorgung - FMC<\/title>\n<meta name=\"description\" content=\"In dieser vierteiligen Webinarreihe geht es um die integrierte Versorgung.\" \/>\n<meta name=\"robots\" content=\"index, follow, max-snippet:-1, max-image-preview:large, max-video-preview:-1\" \/>\n<link rel=\"canonical\" href=\"https:\/\/fmc.ch\/fr\/serie-de-webinaires-sur-les-soins-integres\/\" \/>\n<meta property=\"og:locale\" content=\"fr_FR\" \/>\n<meta property=\"og:type\" content=\"article\" \/>\n<meta property=\"og:title\" content=\"Webinarreihe zur integrierten Versorgung - FMC\" \/>\n<meta property=\"og:description\" content=\"In dieser vierteiligen Webinarreihe geht es um die integrierte Versorgung.\" \/>\n<meta property=\"og:url\" content=\"https:\/\/fmc.ch\/fr\/serie-de-webinaires-sur-les-soins-integres\/\" \/>\n<meta property=\"og:site_name\" content=\"FMC\" \/>\n<meta property=\"article:published_time\" content=\"2024-10-11T14:11:21+00:00\" \/>\n<meta property=\"article:modified_time\" content=\"2025-03-25T09:43:28+00:00\" \/>\n<meta property=\"og:image\" content=\"https:\/\/fmc.ch\/wp-content\/uploads\/2024\/10\/Webinar_Reihe-mit-Unisante_Bild.png\" \/>\n\t<meta property=\"og:image:width\" content=\"447\" \/>\n\t<meta property=\"og:image:height\" content=\"447\" \/>\n\t<meta property=\"og:image:type\" content=\"image\/png\" \/>\n<meta name=\"author\" content=\"Nadja Blanchard\" \/>\n<meta name=\"twitter:card\" content=\"summary_large_image\" \/>\n<meta name=\"twitter:label1\" content=\"\u00c9crit par\" \/>\n\t<meta name=\"twitter:data1\" content=\"Nadja Blanchard\" \/>\n\t<meta name=\"twitter:label2\" content=\"Dur\u00e9e de lecture estim\u00e9e\" \/>\n\t<meta name=\"twitter:data2\" content=\"5 minutes\" \/>\n<script type=\"application\/ld+json\" class=\"yoast-schema-graph\">{\"@context\":\"https:\\\/\\\/schema.org\",\"@graph\":[{\"@type\":\"Article\",\"@id\":\"https:\\\/\\\/fmc.ch\\\/webinarreihe-zur-integrierten-versorgung\\\/#article\",\"isPartOf\":{\"@id\":\"https:\\\/\\\/fmc.ch\\\/webinarreihe-zur-integrierten-versorgung\\\/\"},\"author\":{\"name\":\"Nadja Blanchard\",\"@id\":\"https:\\\/\\\/fmc.ch\\\/#\\\/schema\\\/person\\\/3a7218d283691f8ef8cf410e4615e507\"},\"headline\":\"Webinarreihe zur integrierten Versorgung\",\"datePublished\":\"2024-10-11T14:11:21+00:00\",\"dateModified\":\"2025-03-25T09:43:28+00:00\",\"mainEntityOfPage\":{\"@id\":\"https:\\\/\\\/fmc.ch\\\/webinarreihe-zur-integrierten-versorgung\\\/\"},\"wordCount\":773,\"publisher\":{\"@id\":\"https:\\\/\\\/fmc.ch\\\/#organization\"},\"image\":{\"@id\":\"https:\\\/\\\/fmc.ch\\\/webinarreihe-zur-integrierten-versorgung\\\/#primaryimage\"},\"thumbnailUrl\":\"https:\\\/\\\/fmc.ch\\\/wp-content\\\/uploads\\\/2024\\\/10\\\/Webinar_Reihe-mit-Unisante_Bild.png\",\"articleSection\":[\"Webinare\"],\"inLanguage\":\"fr-FR\"},{\"@type\":\"WebPage\",\"@id\":\"https:\\\/\\\/fmc.ch\\\/webinarreihe-zur-integrierten-versorgung\\\/\",\"url\":\"https:\\\/\\\/fmc.ch\\\/webinarreihe-zur-integrierten-versorgung\\\/\",\"name\":\"Webinarreihe zur integrierten Versorgung - FMC\",\"isPartOf\":{\"@id\":\"https:\\\/\\\/fmc.ch\\\/#website\"},\"primaryImageOfPage\":{\"@id\":\"https:\\\/\\\/fmc.ch\\\/webinarreihe-zur-integrierten-versorgung\\\/#primaryimage\"},\"image\":{\"@id\":\"https:\\\/\\\/fmc.ch\\\/webinarreihe-zur-integrierten-versorgung\\\/#primaryimage\"},\"thumbnailUrl\":\"https:\\\/\\\/fmc.ch\\\/wp-content\\\/uploads\\\/2024\\\/10\\\/Webinar_Reihe-mit-Unisante_Bild.png\",\"datePublished\":\"2024-10-11T14:11:21+00:00\",\"dateModified\":\"2025-03-25T09:43:28+00:00\",\"description\":\"In dieser vierteiligen Webinarreihe geht es um die integrierte Versorgung.\",\"breadcrumb\":{\"@id\":\"https:\\\/\\\/fmc.ch\\\/webinarreihe-zur-integrierten-versorgung\\\/#breadcrumb\"},\"inLanguage\":\"fr-FR\",\"potentialAction\":[{\"@type\":\"ReadAction\",\"target\":[\"https:\\\/\\\/fmc.ch\\\/webinarreihe-zur-integrierten-versorgung\\\/\"]}]},{\"@type\":\"ImageObject\",\"inLanguage\":\"fr-FR\",\"@id\":\"https:\\\/\\\/fmc.ch\\\/webinarreihe-zur-integrierten-versorgung\\\/#primaryimage\",\"url\":\"https:\\\/\\\/fmc.ch\\\/wp-content\\\/uploads\\\/2024\\\/10\\\/Webinar_Reihe-mit-Unisante_Bild.png\",\"contentUrl\":\"https:\\\/\\\/fmc.ch\\\/wp-content\\\/uploads\\\/2024\\\/10\\\/Webinar_Reihe-mit-Unisante_Bild.png\",\"width\":447,\"height\":447},{\"@type\":\"BreadcrumbList\",\"@id\":\"https:\\\/\\\/fmc.ch\\\/webinarreihe-zur-integrierten-versorgung\\\/#breadcrumb\",\"itemListElement\":[{\"@type\":\"ListItem\",\"position\":1,\"name\":\"Home\",\"item\":\"https:\\\/\\\/fmc.ch\\\/\"},{\"@type\":\"ListItem\",\"position\":2,\"name\":\"Webinarreihe zur integrierten Versorgung\"}]},{\"@type\":\"WebSite\",\"@id\":\"https:\\\/\\\/fmc.ch\\\/#website\",\"url\":\"https:\\\/\\\/fmc.ch\\\/\",\"name\":\"FMC\",\"description\":\"Schweizer Forum f\u00fcr Integrierte Versorgung\",\"publisher\":{\"@id\":\"https:\\\/\\\/fmc.ch\\\/#organization\"},\"potentialAction\":[{\"@type\":\"SearchAction\",\"target\":{\"@type\":\"EntryPoint\",\"urlTemplate\":\"https:\\\/\\\/fmc.ch\\\/?s={search_term_string}\"},\"query-input\":{\"@type\":\"PropertyValueSpecification\",\"valueRequired\":true,\"valueName\":\"search_term_string\"}}],\"inLanguage\":\"fr-FR\"},{\"@type\":\"Organization\",\"@id\":\"https:\\\/\\\/fmc.ch\\\/#organization\",\"name\":\"FMC\",\"url\":\"https:\\\/\\\/fmc.ch\\\/\",\"logo\":{\"@type\":\"ImageObject\",\"inLanguage\":\"fr-FR\",\"@id\":\"https:\\\/\\\/fmc.ch\\\/#\\\/schema\\\/logo\\\/image\\\/\",\"url\":\"https:\\\/\\\/fmc.ch\\\/wp-content\\\/uploads\\\/2023\\\/09\\\/fmc-logo.svg\",\"contentUrl\":\"https:\\\/\\\/fmc.ch\\\/wp-content\\\/uploads\\\/2023\\\/09\\\/fmc-logo.svg\",\"caption\":\"FMC\"},\"image\":{\"@id\":\"https:\\\/\\\/fmc.ch\\\/#\\\/schema\\\/logo\\\/image\\\/\"}},{\"@type\":\"Person\",\"@id\":\"https:\\\/\\\/fmc.ch\\\/#\\\/schema\\\/person\\\/3a7218d283691f8ef8cf410e4615e507\",\"name\":\"Nadja Blanchard\",\"image\":{\"@type\":\"ImageObject\",\"inLanguage\":\"fr-FR\",\"@id\":\"https:\\\/\\\/secure.gravatar.com\\\/avatar\\\/729fbcebbfccd7834565b1398470d6ea84a4f3e7525873a0cb368db99228ce7b?s=96&d=mm&r=g\",\"url\":\"https:\\\/\\\/secure.gravatar.com\\\/avatar\\\/729fbcebbfccd7834565b1398470d6ea84a4f3e7525873a0cb368db99228ce7b?s=96&d=mm&r=g\",\"contentUrl\":\"https:\\\/\\\/secure.gravatar.com\\\/avatar\\\/729fbcebbfccd7834565b1398470d6ea84a4f3e7525873a0cb368db99228ce7b?s=96&d=mm&r=g\",\"caption\":\"Nadja Blanchard\"},\"url\":\"https:\\\/\\\/fmc.ch\\\/fr\\\/author\\\/nadja-blanchardfmc-ch\\\/\"}]}<\/script>\n<!-- \/ Yoast SEO plugin. -->","yoast_head_json":{"title":"S\u00e9rie de webinaires sur les soins int\u00e9gr\u00e9s - FMC","description":"Cette s\u00e9rie de webinaires en quatre parties est consacr\u00e9e aux soins int\u00e9gr\u00e9s.","robots":{"index":"index","follow":"follow","max-snippet":"max-snippet:-1","max-image-preview":"max-image-preview:large","max-video-preview":"max-video-preview:-1"},"canonical":"https:\/\/fmc.ch\/fr\/serie-de-webinaires-sur-les-soins-integres\/","og_locale":"fr_FR","og_type":"article","og_title":"Webinarreihe zur integrierten Versorgung - FMC","og_description":"In dieser vierteiligen Webinarreihe geht es um die integrierte Versorgung.","og_url":"https:\/\/fmc.ch\/fr\/serie-de-webinaires-sur-les-soins-integres\/","og_site_name":"FMC","article_published_time":"2024-10-11T14:11:21+00:00","article_modified_time":"2025-03-25T09:43:28+00:00","og_image":[{"width":447,"height":447,"url":"https:\/\/fmc.ch\/wp-content\/uploads\/2024\/10\/Webinar_Reihe-mit-Unisante_Bild.png","type":"image\/png"}],"author":"Nadja Blanchard","twitter_card":"summary_large_image","twitter_misc":{"\u00c9crit par":"Nadja Blanchard","Dur\u00e9e de lecture estim\u00e9e":"5 minutes"},"schema":{"@context":"https:\/\/schema.org","@graph":[{"@type":"Article","@id":"https:\/\/fmc.ch\/webinarreihe-zur-integrierten-versorgung\/#article","isPartOf":{"@id":"https:\/\/fmc.ch\/webinarreihe-zur-integrierten-versorgung\/"},"author":{"name":"Nadja Blanchard","@id":"https:\/\/fmc.ch\/#\/schema\/person\/3a7218d283691f8ef8cf410e4615e507"},"headline":"Webinarreihe zur integrierten Versorgung","datePublished":"2024-10-11T14:11:21+00:00","dateModified":"2025-03-25T09:43:28+00:00","mainEntityOfPage":{"@id":"https:\/\/fmc.ch\/webinarreihe-zur-integrierten-versorgung\/"},"wordCount":773,"publisher":{"@id":"https:\/\/fmc.ch\/#organization"},"image":{"@id":"https:\/\/fmc.ch\/webinarreihe-zur-integrierten-versorgung\/#primaryimage"},"thumbnailUrl":"https:\/\/fmc.ch\/wp-content\/uploads\/2024\/10\/Webinar_Reihe-mit-Unisante_Bild.png","articleSection":["Webinare"],"inLanguage":"fr-FR"},{"@type":"WebPage","@id":"https:\/\/fmc.ch\/webinarreihe-zur-integrierten-versorgung\/","url":"https:\/\/fmc.ch\/webinarreihe-zur-integrierten-versorgung\/","name":"S\u00e9rie de webinaires sur les soins int\u00e9gr\u00e9s - FMC","isPartOf":{"@id":"https:\/\/fmc.ch\/#website"},"primaryImageOfPage":{"@id":"https:\/\/fmc.ch\/webinarreihe-zur-integrierten-versorgung\/#primaryimage"},"image":{"@id":"https:\/\/fmc.ch\/webinarreihe-zur-integrierten-versorgung\/#primaryimage"},"thumbnailUrl":"https:\/\/fmc.ch\/wp-content\/uploads\/2024\/10\/Webinar_Reihe-mit-Unisante_Bild.png","datePublished":"2024-10-11T14:11:21+00:00","dateModified":"2025-03-25T09:43:28+00:00","description":"Cette s\u00e9rie de webinaires en quatre parties est consacr\u00e9e aux soins int\u00e9gr\u00e9s.","breadcrumb":{"@id":"https:\/\/fmc.ch\/webinarreihe-zur-integrierten-versorgung\/#breadcrumb"},"inLanguage":"fr-FR","potentialAction":[{"@type":"ReadAction","target":["https:\/\/fmc.ch\/webinarreihe-zur-integrierten-versorgung\/"]}]},{"@type":"ImageObject","inLanguage":"fr-FR","@id":"https:\/\/fmc.ch\/webinarreihe-zur-integrierten-versorgung\/#primaryimage","url":"https:\/\/fmc.ch\/wp-content\/uploads\/2024\/10\/Webinar_Reihe-mit-Unisante_Bild.png","contentUrl":"https:\/\/fmc.ch\/wp-content\/uploads\/2024\/10\/Webinar_Reihe-mit-Unisante_Bild.png","width":447,"height":447},{"@type":"BreadcrumbList","@id":"https:\/\/fmc.ch\/webinarreihe-zur-integrierten-versorgung\/#breadcrumb","itemListElement":[{"@type":"ListItem","position":1,"name":"Home","item":"https:\/\/fmc.ch\/"},{"@type":"ListItem","position":2,"name":"Webinarreihe zur integrierten Versorgung"}]},{"@type":"WebSite","@id":"https:\/\/fmc.ch\/#website","url":"https:\/\/fmc.ch\/","name":"FMC","description":"Forum suisse des soins int\u00e9gr\u00e9s","publisher":{"@id":"https:\/\/fmc.ch\/#organization"},"potentialAction":[{"@type":"SearchAction","target":{"@type":"EntryPoint","urlTemplate":"https:\/\/fmc.ch\/?s={search_term_string}"},"query-input":{"@type":"PropertyValueSpecification","valueRequired":true,"valueName":"search_term_string"}}],"inLanguage":"fr-FR"},{"@type":"Organization","@id":"https:\/\/fmc.ch\/#organization","name":"FMC","url":"https:\/\/fmc.ch\/","logo":{"@type":"ImageObject","inLanguage":"fr-FR","@id":"https:\/\/fmc.ch\/#\/schema\/logo\/image\/","url":"https:\/\/fmc.ch\/wp-content\/uploads\/2023\/09\/fmc-logo.svg","contentUrl":"https:\/\/fmc.ch\/wp-content\/uploads\/2023\/09\/fmc-logo.svg","caption":"FMC"},"image":{"@id":"https:\/\/fmc.ch\/#\/schema\/logo\/image\/"}},{"@type":"Person","@id":"https:\/\/fmc.ch\/#\/schema\/person\/3a7218d283691f8ef8cf410e4615e507","name":"Nadja Blanchard","image":{"@type":"ImageObject","inLanguage":"fr-FR","@id":"https:\/\/secure.gravatar.com\/avatar\/729fbcebbfccd7834565b1398470d6ea84a4f3e7525873a0cb368db99228ce7b?s=96&d=mm&r=g","url":"https:\/\/secure.gravatar.com\/avatar\/729fbcebbfccd7834565b1398470d6ea84a4f3e7525873a0cb368db99228ce7b?s=96&d=mm&r=g","contentUrl":"https:\/\/secure.gravatar.com\/avatar\/729fbcebbfccd7834565b1398470d6ea84a4f3e7525873a0cb368db99228ce7b?s=96&d=mm&r=g","caption":"Nadja Blanchard"},"url":"https:\/\/fmc.ch\/fr\/author\/nadja-blanchardfmc-ch\/"}]}},"_links":{"self":[{"href":"https:\/\/fmc.ch\/fr\/wp-json\/wp\/v2\/posts\/11338","targetHints":{"allow":["GET"]}}],"collection":[{"href":"https:\/\/fmc.ch\/fr\/wp-json\/wp\/v2\/posts"}],"about":[{"href":"https:\/\/fmc.ch\/fr\/wp-json\/wp\/v2\/types\/post"}],"author":[{"embeddable":true,"href":"https:\/\/fmc.ch\/fr\/wp-json\/wp\/v2\/users\/2"}],"replies":[{"embeddable":true,"href":"https:\/\/fmc.ch\/fr\/wp-json\/wp\/v2\/comments?post=11338"}],"version-history":[{"count":139,"href":"https:\/\/fmc.ch\/fr\/wp-json\/wp\/v2\/posts\/11338\/revisions"}],"predecessor-version":[{"id":14581,"href":"https:\/\/fmc.ch\/fr\/wp-json\/wp\/v2\/posts\/11338\/revisions\/14581"}],"wp:featuredmedia":[{"embeddable":true,"href":"https:\/\/fmc.ch\/fr\/wp-json\/wp\/v2\/media\/11339"}],"wp:attachment":[{"href":"https:\/\/fmc.ch\/fr\/wp-json\/wp\/v2\/media?parent=11338"}],"wp:term":[{"taxonomy":"strategie","embeddable":true,"href":"https:\/\/fmc.ch\/fr\/wp-json\/wp\/v2\/strategie?post=11338"},{"taxonomy":"thema","embeddable":true,"href":"https:\/\/fmc.ch\/fr\/wp-json\/wp\/v2\/thema?post=11338"},{"taxonomy":"format","embeddable":true,"href":"https:\/\/fmc.ch\/fr\/wp-json\/wp\/v2\/format?post=11338"}],"curies":[{"name":"wp","href":"https:\/\/api.w.org\/{rel}","templated":true}]}}