{"id":11329,"date":"2024-10-10T08:36:11","date_gmt":"2024-10-10T08:36:11","guid":{"rendered":"https:\/\/fmc.ch\/?p=11329"},"modified":"2024-11-11T13:27:19","modified_gmt":"2024-11-11T12:27:19","slug":"symposium-suisse-sur-les-patients-et-la-participation-du-public","status":"publish","type":"post","link":"https:\/\/fmc.ch\/fr\/schweizer-symposium-zu-patienten-und-oeffentlichkeitsbeteiligung\/","title":{"rendered":"Premier symposium suisse sur la participation \/ l'engagement des patients et du public dans le syst\u00e8me de sant\u00e9"},"content":{"rendered":"<div data-elementor-type=\"wp-post\" data-elementor-id=\"11329\" class=\"elementor elementor-11329\" data-elementor-post-type=\"post\">\n\t\t\t\t\t\t<section class=\"elementor-section elementor-top-section elementor-element elementor-element-d0a0ccd elementor-section-boxed elementor-section-height-default elementor-section-height-default elementor-invisible\" data-id=\"d0a0ccd\" data-element_type=\"section\" data-e-type=\"section\" data-settings=\"{&quot;animation&quot;:&quot;fadeIn&quot;}\">\n\t\t\t\t\t\t<div class=\"elementor-container elementor-column-gap-default\">\n\t\t\t\t\t<div class=\"elementor-column elementor-col-100 elementor-top-column elementor-element elementor-element-219e420\" data-id=\"219e420\" data-element_type=\"column\" data-e-type=\"column\">\n\t\t\t<div class=\"elementor-widget-wrap elementor-element-populated\">\n\t\t\t\t\t\t<div class=\"elementor-element elementor-element-367ed83 elementor-widget elementor-widget-text-editor\" data-id=\"367ed83\" data-element_type=\"widget\" data-e-type=\"widget\" data-widget_type=\"text-editor.default\">\n\t\t\t\t<div class=\"elementor-widget-container\">\n\t\t\t\t\t\t\t\t\t<p>Sur le site\u00a0<strong>16 novembre 2024<\/strong>\u00a0aura lieu le premier\u00a0<strong>Symposium sur la participation\/l'engagement des patients et du public (PPIE)<\/strong>\u00a0dans le secteur de la sant\u00e9. L'accent sera mis sur l'\u00e9change d'id\u00e9es, l'apprentissage en commun et la promotion des processus de changement afin de rendre le syst\u00e8me de sant\u00e9 plus transparent, plus accessible et plus centr\u00e9 sur le patient.<\/p><p>Le symposium offre une plate-forme aux professionnels, aux patients et au public pour\u00a0<strong>des approches innovantes<\/strong>\u00a0et d'apprendre les uns des autres. Ensemble, nous voulons renforcer la coop\u00e9ration et\u00a0<strong>changements positifs<\/strong>\u00a0de trinquer.<\/p><p>Participez \u00e0 ce d\u00e9bat important et fa\u00e7onnez\u00a0<strong>l'avenir du syst\u00e8me de sant\u00e9<\/strong>\u00a0avec !<\/p><ul><li>Quand : Samedi 16 novembre 2024<\/li><li>O\u00f9 : YB - Stade Wankdorf, Papierm\u00fchlestrasse 71, CH-3014 Berne<\/li><li>Horaire : 9h00 \u00e0 17h00<\/li><\/ul>\t\t\t\t\t\t\t\t<\/div>\n\t\t\t\t<\/div>\n\t\t\t\t\t<\/div>\n\t\t<\/div>\n\t\t\t\t\t<\/div>\n\t\t<\/section>\n\t\t\t\t<section class=\"elementor-section elementor-top-section elementor-element elementor-element-6f286047 elementor-section-boxed elementor-section-height-default elementor-section-height-default elementor-invisible\" data-id=\"6f286047\" data-element_type=\"section\" data-e-type=\"section\" data-settings=\"{&quot;animation&quot;:&quot;fadeIn&quot;}\">\n\t\t\t\t\t\t<div class=\"elementor-container elementor-column-gap-default\">\n\t\t\t\t\t<div class=\"elementor-column elementor-col-100 elementor-top-column elementor-element elementor-element-4fc33bd1 elementor-invisible\" data-id=\"4fc33bd1\" data-element_type=\"column\" data-e-type=\"column\" data-settings=\"{&quot;animation&quot;:&quot;fadeIn&quot;}\">\n\t\t\t<div class=\"elementor-widget-wrap elementor-element-populated\">\n\t\t\t\t\t\t<div class=\"elementor-element elementor-element-3ee369f elementor-widget__width-auto elementor-widget elementor-widget-button\" data-id=\"3ee369f\" data-element_type=\"widget\" data-e-type=\"widget\" data-widget_type=\"button.default\">\n\t\t\t\t<div class=\"elementor-widget-container\">\n\t\t\t\t\t\t\t\t\t<div class=\"elementor-button-wrapper\">\n\t\t\t\t\t<a class=\"elementor-button elementor-button-link elementor-size-sm\" href=\"https:\/\/www.ppienet.ch\/event\/erstes-schweizer-symposium\/\" target=\"_blank\">\n\t\t\t\t\t\t<span class=\"elementor-button-content-wrapper\">\n\t\t\t\t\t\t\t\t\t<span class=\"elementor-button-text\">Site web avec programme<\/span>\n\t\t\t\t\t<\/span>\n\t\t\t\t\t<\/a>\n\t\t\t\t<\/div>\n\t\t\t\t\t\t\t\t<\/div>\n\t\t\t\t<\/div>\n\t\t\t\t\t<\/div>\n\t\t<\/div>\n\t\t\t\t\t<\/div>\n\t\t<\/section>\n\t\t\t\t<section class=\"elementor-section elementor-top-section elementor-element elementor-element-1b82663 elementor-section-boxed elementor-section-height-default elementor-section-height-default\" data-id=\"1b82663\" data-element_type=\"section\" data-e-type=\"section\">\n\t\t\t\t\t\t<div class=\"elementor-container elementor-column-gap-default\">\n\t\t\t\t\t<div class=\"elementor-column elementor-col-100 elementor-top-column elementor-element elementor-element-f3da126\" data-id=\"f3da126\" data-element_type=\"column\" data-e-type=\"column\">\n\t\t\t<div class=\"elementor-widget-wrap elementor-element-populated\">\n\t\t\t\t\t\t<div class=\"elementor-element elementor-element-51f1d70 elementor-widget elementor-widget-button\" data-id=\"51f1d70\" data-element_type=\"widget\" data-e-type=\"widget\" data-widget_type=\"button.default\">\n\t\t\t\t<div class=\"elementor-widget-container\">\n\t\t\t\t\t\t\t\t\t<div class=\"elementor-button-wrapper\">\n\t\t\t\t\t<a class=\"elementor-button elementor-button-link elementor-size-sm\" href=\"https:\/\/eventfrog.ch\/de\/p\/messen\/kongress-tagung\/swiss-ppie-symposium-7209442745462521527.html\" target=\"_blank\">\n\t\t\t\t\t\t<span class=\"elementor-button-content-wrapper\">\n\t\t\t\t\t\t\t\t\t<span class=\"elementor-button-text\">Vers l'inscription<\/span>\n\t\t\t\t\t<\/span>\n\t\t\t\t\t<\/a>\n\t\t\t\t<\/div>\n\t\t\t\t\t\t\t\t<\/div>\n\t\t\t\t<\/div>\n\t\t\t\t<div class=\"elementor-element elementor-element-63fc477 elementor-widget elementor-widget-spacer\" data-id=\"63fc477\" data-element_type=\"widget\" data-e-type=\"widget\" data-widget_type=\"spacer.default\">\n\t\t\t\t<div class=\"elementor-widget-container\">\n\t\t\t\t\t\t\t<div class=\"elementor-spacer\">\n\t\t\t<div class=\"elementor-spacer-inner\"><\/div>\n\t\t<\/div>\n\t\t\t\t\t\t<\/div>\n\t\t\t\t<\/div>\n\t\t\t\t\t<\/div>\n\t\t<\/div>\n\t\t\t\t\t<\/div>\n\t\t<\/section>\n\t\t\t\t<\/div>","protected":false},"excerpt":{"rendered":"<p>Le 16 novembre 2024 aura lieu le premier symposium suisse sur la participation \/ l'engagement des patients et du public (PPIE) dans le domaine de la sant\u00e9.<\/p>","protected":false},"author":2,"featured_media":11330,"comment_status":"closed","ping_status":"closed","sticky":false,"template":"","format":[142],"meta":{"footnotes":""},"strategie":[156],"thema":[153],"class_list":["post-11329","post","type-post","status-publish","format-standard","has-post-thumbnail","hentry","strategie-zusammenarbeit","thema-integration-von-patientinnen","format-anlaesse-vor-ort"],"yoast_head":"<!-- This site is optimized with the Yoast SEO plugin v27.5 - https:\/\/yoast.com\/product\/yoast-seo-wordpress\/ -->\n<title>Erstes Schweizer Symposium zu Patienten- und \u00d6ffentlichkeitsbeteiligung \/ -engagement im Gesundheitswesen - FMC<\/title>\n<meta name=\"description\" content=\"Im Mittelpunkt stehen der Austausch von Ideen, das gemeinsame Lernen und die F\u00f6rderung von Ver\u00e4nderungsprozessen, um das Gesundheitssystem transparenter, zug\u00e4nglicher und patientenzentrierter zu gestalten.\" \/>\n<meta name=\"robots\" content=\"index, follow, max-snippet:-1, max-image-preview:large, max-video-preview:-1\" \/>\n<link rel=\"canonical\" href=\"https:\/\/fmc.ch\/fr\/symposium-suisse-sur-les-patients-et-la-participation-du-public\/\" \/>\n<meta property=\"og:locale\" content=\"fr_FR\" \/>\n<meta property=\"og:type\" content=\"article\" \/>\n<meta property=\"og:title\" content=\"Erstes Schweizer Symposium zu Patienten- und \u00d6ffentlichkeitsbeteiligung \/ -engagement im Gesundheitswesen - FMC\" \/>\n<meta property=\"og:description\" content=\"Im Mittelpunkt stehen der Austausch von Ideen, das gemeinsame Lernen und die F\u00f6rderung von Ver\u00e4nderungsprozessen, um das Gesundheitssystem transparenter, zug\u00e4nglicher und patientenzentrierter zu gestalten.\" \/>\n<meta property=\"og:url\" content=\"https:\/\/fmc.ch\/fr\/symposium-suisse-sur-les-patients-et-la-participation-du-public\/\" \/>\n<meta property=\"og:site_name\" content=\"FMC\" \/>\n<meta property=\"article:published_time\" content=\"2024-10-10T08:36:11+00:00\" \/>\n<meta property=\"article:modified_time\" content=\"2024-11-11T12:27:19+00:00\" \/>\n<meta property=\"og:image\" content=\"https:\/\/fmc.ch\/wp-content\/uploads\/2024\/10\/Netzwerk_Patientenbeteiligung.png\" \/>\n\t<meta property=\"og:image:width\" content=\"669\" \/>\n\t<meta property=\"og:image:height\" content=\"669\" \/>\n\t<meta property=\"og:image:type\" content=\"image\/png\" \/>\n<meta name=\"author\" content=\"Nadja Blanchard\" \/>\n<meta name=\"twitter:card\" content=\"summary_large_image\" \/>\n<meta name=\"twitter:label1\" content=\"\u00c9crit par\" \/>\n\t<meta name=\"twitter:data1\" content=\"Nadja Blanchard\" \/>\n\t<meta name=\"twitter:label2\" content=\"Dur\u00e9e de lecture estim\u00e9e\" \/>\n\t<meta name=\"twitter:data2\" content=\"1 minute\" \/>\n<script type=\"application\/ld+json\" class=\"yoast-schema-graph\">{\"@context\":\"https:\\\/\\\/schema.org\",\"@graph\":[{\"@type\":\"Article\",\"@id\":\"https:\\\/\\\/fmc.ch\\\/schweizer-symposium-zu-patienten-und-oeffentlichkeitsbeteiligung\\\/#article\",\"isPartOf\":{\"@id\":\"https:\\\/\\\/fmc.ch\\\/schweizer-symposium-zu-patienten-und-oeffentlichkeitsbeteiligung\\\/\"},\"author\":{\"name\":\"Nadja Blanchard\",\"@id\":\"https:\\\/\\\/fmc.ch\\\/#\\\/schema\\\/person\\\/3a7218d283691f8ef8cf410e4615e507\"},\"headline\":\"Erstes Schweizer Symposium zu Patienten- und \u00d6ffentlichkeitsbeteiligung \\\/ -engagement im Gesundheitswesen\",\"datePublished\":\"2024-10-10T08:36:11+00:00\",\"dateModified\":\"2024-11-11T12:27:19+00:00\",\"mainEntityOfPage\":{\"@id\":\"https:\\\/\\\/fmc.ch\\\/schweizer-symposium-zu-patienten-und-oeffentlichkeitsbeteiligung\\\/\"},\"wordCount\":122,\"publisher\":{\"@id\":\"https:\\\/\\\/fmc.ch\\\/#organization\"},\"image\":{\"@id\":\"https:\\\/\\\/fmc.ch\\\/schweizer-symposium-zu-patienten-und-oeffentlichkeitsbeteiligung\\\/#primaryimage\"},\"thumbnailUrl\":\"https:\\\/\\\/fmc.ch\\\/wp-content\\\/uploads\\\/2024\\\/10\\\/Netzwerk_Patientenbeteiligung.png\",\"keywords\":[\"Integration von Patient:innen\"],\"articleSection\":[\"Anl\u00e4sse vor Ort\"],\"inLanguage\":\"fr-FR\"},{\"@type\":\"WebPage\",\"@id\":\"https:\\\/\\\/fmc.ch\\\/schweizer-symposium-zu-patienten-und-oeffentlichkeitsbeteiligung\\\/\",\"url\":\"https:\\\/\\\/fmc.ch\\\/schweizer-symposium-zu-patienten-und-oeffentlichkeitsbeteiligung\\\/\",\"name\":\"Erstes Schweizer Symposium zu Patienten- und \u00d6ffentlichkeitsbeteiligung \\\/ -engagement im Gesundheitswesen - FMC\",\"isPartOf\":{\"@id\":\"https:\\\/\\\/fmc.ch\\\/#website\"},\"primaryImageOfPage\":{\"@id\":\"https:\\\/\\\/fmc.ch\\\/schweizer-symposium-zu-patienten-und-oeffentlichkeitsbeteiligung\\\/#primaryimage\"},\"image\":{\"@id\":\"https:\\\/\\\/fmc.ch\\\/schweizer-symposium-zu-patienten-und-oeffentlichkeitsbeteiligung\\\/#primaryimage\"},\"thumbnailUrl\":\"https:\\\/\\\/fmc.ch\\\/wp-content\\\/uploads\\\/2024\\\/10\\\/Netzwerk_Patientenbeteiligung.png\",\"datePublished\":\"2024-10-10T08:36:11+00:00\",\"dateModified\":\"2024-11-11T12:27:19+00:00\",\"description\":\"Im Mittelpunkt stehen der Austausch von Ideen, das gemeinsame Lernen und die F\u00f6rderung von Ver\u00e4nderungsprozessen, um das Gesundheitssystem transparenter, zug\u00e4nglicher und patientenzentrierter zu gestalten.\",\"breadcrumb\":{\"@id\":\"https:\\\/\\\/fmc.ch\\\/schweizer-symposium-zu-patienten-und-oeffentlichkeitsbeteiligung\\\/#breadcrumb\"},\"inLanguage\":\"fr-FR\",\"potentialAction\":[{\"@type\":\"ReadAction\",\"target\":[\"https:\\\/\\\/fmc.ch\\\/schweizer-symposium-zu-patienten-und-oeffentlichkeitsbeteiligung\\\/\"]}]},{\"@type\":\"ImageObject\",\"inLanguage\":\"fr-FR\",\"@id\":\"https:\\\/\\\/fmc.ch\\\/schweizer-symposium-zu-patienten-und-oeffentlichkeitsbeteiligung\\\/#primaryimage\",\"url\":\"https:\\\/\\\/fmc.ch\\\/wp-content\\\/uploads\\\/2024\\\/10\\\/Netzwerk_Patientenbeteiligung.png\",\"contentUrl\":\"https:\\\/\\\/fmc.ch\\\/wp-content\\\/uploads\\\/2024\\\/10\\\/Netzwerk_Patientenbeteiligung.png\",\"width\":669,\"height\":669},{\"@type\":\"BreadcrumbList\",\"@id\":\"https:\\\/\\\/fmc.ch\\\/schweizer-symposium-zu-patienten-und-oeffentlichkeitsbeteiligung\\\/#breadcrumb\",\"itemListElement\":[{\"@type\":\"ListItem\",\"position\":1,\"name\":\"Home\",\"item\":\"https:\\\/\\\/fmc.ch\\\/\"},{\"@type\":\"ListItem\",\"position\":2,\"name\":\"Erstes Schweizer Symposium zu Patienten- und \u00d6ffentlichkeitsbeteiligung \\\/ -engagement im Gesundheitswesen\"}]},{\"@type\":\"WebSite\",\"@id\":\"https:\\\/\\\/fmc.ch\\\/#website\",\"url\":\"https:\\\/\\\/fmc.ch\\\/\",\"name\":\"FMC\",\"description\":\"Schweizer Forum f\u00fcr Integrierte Versorgung\",\"publisher\":{\"@id\":\"https:\\\/\\\/fmc.ch\\\/#organization\"},\"potentialAction\":[{\"@type\":\"SearchAction\",\"target\":{\"@type\":\"EntryPoint\",\"urlTemplate\":\"https:\\\/\\\/fmc.ch\\\/?s={search_term_string}\"},\"query-input\":{\"@type\":\"PropertyValueSpecification\",\"valueRequired\":true,\"valueName\":\"search_term_string\"}}],\"inLanguage\":\"fr-FR\"},{\"@type\":\"Organization\",\"@id\":\"https:\\\/\\\/fmc.ch\\\/#organization\",\"name\":\"FMC\",\"url\":\"https:\\\/\\\/fmc.ch\\\/\",\"logo\":{\"@type\":\"ImageObject\",\"inLanguage\":\"fr-FR\",\"@id\":\"https:\\\/\\\/fmc.ch\\\/#\\\/schema\\\/logo\\\/image\\\/\",\"url\":\"https:\\\/\\\/fmc.ch\\\/wp-content\\\/uploads\\\/2023\\\/09\\\/fmc-logo.svg\",\"contentUrl\":\"https:\\\/\\\/fmc.ch\\\/wp-content\\\/uploads\\\/2023\\\/09\\\/fmc-logo.svg\",\"caption\":\"FMC\"},\"image\":{\"@id\":\"https:\\\/\\\/fmc.ch\\\/#\\\/schema\\\/logo\\\/image\\\/\"}},{\"@type\":\"Person\",\"@id\":\"https:\\\/\\\/fmc.ch\\\/#\\\/schema\\\/person\\\/3a7218d283691f8ef8cf410e4615e507\",\"name\":\"Nadja Blanchard\",\"image\":{\"@type\":\"ImageObject\",\"inLanguage\":\"fr-FR\",\"@id\":\"https:\\\/\\\/secure.gravatar.com\\\/avatar\\\/729fbcebbfccd7834565b1398470d6ea84a4f3e7525873a0cb368db99228ce7b?s=96&d=mm&r=g\",\"url\":\"https:\\\/\\\/secure.gravatar.com\\\/avatar\\\/729fbcebbfccd7834565b1398470d6ea84a4f3e7525873a0cb368db99228ce7b?s=96&d=mm&r=g\",\"contentUrl\":\"https:\\\/\\\/secure.gravatar.com\\\/avatar\\\/729fbcebbfccd7834565b1398470d6ea84a4f3e7525873a0cb368db99228ce7b?s=96&d=mm&r=g\",\"caption\":\"Nadja Blanchard\"},\"url\":\"https:\\\/\\\/fmc.ch\\\/fr\\\/author\\\/nadja-blanchardfmc-ch\\\/\"}]}<\/script>\n<!-- \/ Yoast SEO plugin. -->","yoast_head_json":{"title":"Premier symposium suisse sur la participation \/ l'engagement des patients et du public dans le domaine de la sant\u00e9 - FMC","description":"L'accent est mis sur l'\u00e9change d'id\u00e9es, l'apprentissage en commun et la promotion des processus de changement afin de rendre le syst\u00e8me de sant\u00e9 plus transparent, plus accessible et plus centr\u00e9 sur le patient.","robots":{"index":"index","follow":"follow","max-snippet":"max-snippet:-1","max-image-preview":"max-image-preview:large","max-video-preview":"max-video-preview:-1"},"canonical":"https:\/\/fmc.ch\/fr\/symposium-suisse-sur-les-patients-et-la-participation-du-public\/","og_locale":"fr_FR","og_type":"article","og_title":"Erstes Schweizer Symposium zu Patienten- und \u00d6ffentlichkeitsbeteiligung \/ -engagement im Gesundheitswesen - FMC","og_description":"Im Mittelpunkt stehen der Austausch von Ideen, das gemeinsame Lernen und die F\u00f6rderung von Ver\u00e4nderungsprozessen, um das Gesundheitssystem transparenter, zug\u00e4nglicher und patientenzentrierter zu gestalten.","og_url":"https:\/\/fmc.ch\/fr\/symposium-suisse-sur-les-patients-et-la-participation-du-public\/","og_site_name":"FMC","article_published_time":"2024-10-10T08:36:11+00:00","article_modified_time":"2024-11-11T12:27:19+00:00","og_image":[{"width":669,"height":669,"url":"https:\/\/fmc.ch\/wp-content\/uploads\/2024\/10\/Netzwerk_Patientenbeteiligung.png","type":"image\/png"}],"author":"Nadja Blanchard","twitter_card":"summary_large_image","twitter_misc":{"\u00c9crit par":"Nadja Blanchard","Dur\u00e9e de lecture estim\u00e9e":"1 minute"},"schema":{"@context":"https:\/\/schema.org","@graph":[{"@type":"Article","@id":"https:\/\/fmc.ch\/schweizer-symposium-zu-patienten-und-oeffentlichkeitsbeteiligung\/#article","isPartOf":{"@id":"https:\/\/fmc.ch\/schweizer-symposium-zu-patienten-und-oeffentlichkeitsbeteiligung\/"},"author":{"name":"Nadja Blanchard","@id":"https:\/\/fmc.ch\/#\/schema\/person\/3a7218d283691f8ef8cf410e4615e507"},"headline":"Erstes Schweizer Symposium zu Patienten- und \u00d6ffentlichkeitsbeteiligung \/ -engagement im Gesundheitswesen","datePublished":"2024-10-10T08:36:11+00:00","dateModified":"2024-11-11T12:27:19+00:00","mainEntityOfPage":{"@id":"https:\/\/fmc.ch\/schweizer-symposium-zu-patienten-und-oeffentlichkeitsbeteiligung\/"},"wordCount":122,"publisher":{"@id":"https:\/\/fmc.ch\/#organization"},"image":{"@id":"https:\/\/fmc.ch\/schweizer-symposium-zu-patienten-und-oeffentlichkeitsbeteiligung\/#primaryimage"},"thumbnailUrl":"https:\/\/fmc.ch\/wp-content\/uploads\/2024\/10\/Netzwerk_Patientenbeteiligung.png","keywords":["Integration von Patient:innen"],"articleSection":["Anl\u00e4sse vor Ort"],"inLanguage":"fr-FR"},{"@type":"WebPage","@id":"https:\/\/fmc.ch\/schweizer-symposium-zu-patienten-und-oeffentlichkeitsbeteiligung\/","url":"https:\/\/fmc.ch\/schweizer-symposium-zu-patienten-und-oeffentlichkeitsbeteiligung\/","name":"Premier symposium suisse sur la participation \/ l'engagement des patients et du public dans le domaine de la sant\u00e9 - FMC","isPartOf":{"@id":"https:\/\/fmc.ch\/#website"},"primaryImageOfPage":{"@id":"https:\/\/fmc.ch\/schweizer-symposium-zu-patienten-und-oeffentlichkeitsbeteiligung\/#primaryimage"},"image":{"@id":"https:\/\/fmc.ch\/schweizer-symposium-zu-patienten-und-oeffentlichkeitsbeteiligung\/#primaryimage"},"thumbnailUrl":"https:\/\/fmc.ch\/wp-content\/uploads\/2024\/10\/Netzwerk_Patientenbeteiligung.png","datePublished":"2024-10-10T08:36:11+00:00","dateModified":"2024-11-11T12:27:19+00:00","description":"L'accent est mis sur l'\u00e9change d'id\u00e9es, l'apprentissage en commun et la promotion des processus de changement afin de rendre le syst\u00e8me de sant\u00e9 plus transparent, plus accessible et plus centr\u00e9 sur le patient.","breadcrumb":{"@id":"https:\/\/fmc.ch\/schweizer-symposium-zu-patienten-und-oeffentlichkeitsbeteiligung\/#breadcrumb"},"inLanguage":"fr-FR","potentialAction":[{"@type":"ReadAction","target":["https:\/\/fmc.ch\/schweizer-symposium-zu-patienten-und-oeffentlichkeitsbeteiligung\/"]}]},{"@type":"ImageObject","inLanguage":"fr-FR","@id":"https:\/\/fmc.ch\/schweizer-symposium-zu-patienten-und-oeffentlichkeitsbeteiligung\/#primaryimage","url":"https:\/\/fmc.ch\/wp-content\/uploads\/2024\/10\/Netzwerk_Patientenbeteiligung.png","contentUrl":"https:\/\/fmc.ch\/wp-content\/uploads\/2024\/10\/Netzwerk_Patientenbeteiligung.png","width":669,"height":669},{"@type":"BreadcrumbList","@id":"https:\/\/fmc.ch\/schweizer-symposium-zu-patienten-und-oeffentlichkeitsbeteiligung\/#breadcrumb","itemListElement":[{"@type":"ListItem","position":1,"name":"Home","item":"https:\/\/fmc.ch\/"},{"@type":"ListItem","position":2,"name":"Erstes Schweizer Symposium zu Patienten- und \u00d6ffentlichkeitsbeteiligung \/ -engagement im Gesundheitswesen"}]},{"@type":"WebSite","@id":"https:\/\/fmc.ch\/#website","url":"https:\/\/fmc.ch\/","name":"FMC","description":"Forum suisse des soins int\u00e9gr\u00e9s","publisher":{"@id":"https:\/\/fmc.ch\/#organization"},"potentialAction":[{"@type":"SearchAction","target":{"@type":"EntryPoint","urlTemplate":"https:\/\/fmc.ch\/?s={search_term_string}"},"query-input":{"@type":"PropertyValueSpecification","valueRequired":true,"valueName":"search_term_string"}}],"inLanguage":"fr-FR"},{"@type":"Organization","@id":"https:\/\/fmc.ch\/#organization","name":"FMC","url":"https:\/\/fmc.ch\/","logo":{"@type":"ImageObject","inLanguage":"fr-FR","@id":"https:\/\/fmc.ch\/#\/schema\/logo\/image\/","url":"https:\/\/fmc.ch\/wp-content\/uploads\/2023\/09\/fmc-logo.svg","contentUrl":"https:\/\/fmc.ch\/wp-content\/uploads\/2023\/09\/fmc-logo.svg","caption":"FMC"},"image":{"@id":"https:\/\/fmc.ch\/#\/schema\/logo\/image\/"}},{"@type":"Person","@id":"https:\/\/fmc.ch\/#\/schema\/person\/3a7218d283691f8ef8cf410e4615e507","name":"Nadja Blanchard","image":{"@type":"ImageObject","inLanguage":"fr-FR","@id":"https:\/\/secure.gravatar.com\/avatar\/729fbcebbfccd7834565b1398470d6ea84a4f3e7525873a0cb368db99228ce7b?s=96&d=mm&r=g","url":"https:\/\/secure.gravatar.com\/avatar\/729fbcebbfccd7834565b1398470d6ea84a4f3e7525873a0cb368db99228ce7b?s=96&d=mm&r=g","contentUrl":"https:\/\/secure.gravatar.com\/avatar\/729fbcebbfccd7834565b1398470d6ea84a4f3e7525873a0cb368db99228ce7b?s=96&d=mm&r=g","caption":"Nadja Blanchard"},"url":"https:\/\/fmc.ch\/fr\/author\/nadja-blanchardfmc-ch\/"}]}},"_links":{"self":[{"href":"https:\/\/fmc.ch\/fr\/wp-json\/wp\/v2\/posts\/11329","targetHints":{"allow":["GET"]}}],"collection":[{"href":"https:\/\/fmc.ch\/fr\/wp-json\/wp\/v2\/posts"}],"about":[{"href":"https:\/\/fmc.ch\/fr\/wp-json\/wp\/v2\/types\/post"}],"author":[{"embeddable":true,"href":"https:\/\/fmc.ch\/fr\/wp-json\/wp\/v2\/users\/2"}],"replies":[{"embeddable":true,"href":"https:\/\/fmc.ch\/fr\/wp-json\/wp\/v2\/comments?post=11329"}],"version-history":[{"count":10,"href":"https:\/\/fmc.ch\/fr\/wp-json\/wp\/v2\/posts\/11329\/revisions"}],"predecessor-version":[{"id":12309,"href":"https:\/\/fmc.ch\/fr\/wp-json\/wp\/v2\/posts\/11329\/revisions\/12309"}],"wp:featuredmedia":[{"embeddable":true,"href":"https:\/\/fmc.ch\/fr\/wp-json\/wp\/v2\/media\/11330"}],"wp:attachment":[{"href":"https:\/\/fmc.ch\/fr\/wp-json\/wp\/v2\/media?parent=11329"}],"wp:term":[{"taxonomy":"strategie","embeddable":true,"href":"https:\/\/fmc.ch\/fr\/wp-json\/wp\/v2\/strategie?post=11329"},{"taxonomy":"thema","embeddable":true,"href":"https:\/\/fmc.ch\/fr\/wp-json\/wp\/v2\/thema?post=11329"},{"taxonomy":"format","embeddable":true,"href":"https:\/\/fmc.ch\/fr\/wp-json\/wp\/v2\/format?post=11329"}],"curies":[{"name":"wp","href":"https:\/\/api.w.org\/{rel}","templated":true}]}}