{"id":10776,"date":"2024-08-26T11:33:49","date_gmt":"2024-08-26T11:33:49","guid":{"rendered":"https:\/\/fmc.ch\/?p=10776"},"modified":"2025-12-01T13:50:52","modified_gmt":"2025-12-01T12:50:52","slug":"prise-de-position-de-la-fmc-sur-linitiative-de-soins","status":"publish","type":"post","link":"https:\/\/fmc.ch\/fr\/stellungnahme-des-fmc-zur-pflegeinitiative\/","title":{"rendered":"Prise de position de la fmc sur la consultation de la 2e \u00e9tape de l'initiative sur les soins infirmiers"},"content":{"rendered":"<div data-elementor-type=\"wp-post\" data-elementor-id=\"10776\" class=\"elementor elementor-10776\" data-elementor-post-type=\"post\">\n\t\t\t\t\t\t<section class=\"elementor-section elementor-top-section elementor-element elementor-element-3c69925 elementor-section-boxed elementor-section-height-default elementor-section-height-default elementor-invisible\" data-id=\"3c69925\" data-element_type=\"section\" data-e-type=\"section\" data-settings=\"{&quot;animation&quot;:&quot;fadeIn&quot;}\">\n\t\t\t\t\t\t<div class=\"elementor-container elementor-column-gap-default\">\n\t\t\t\t\t<div class=\"elementor-column elementor-col-100 elementor-top-column elementor-element elementor-element-8adddda\" data-id=\"8adddda\" data-element_type=\"column\" data-e-type=\"column\">\n\t\t\t<div class=\"elementor-widget-wrap elementor-element-populated\">\n\t\t\t\t\t\t<div class=\"elementor-element elementor-element-9b8f5b4 elementor-widget elementor-widget-text-editor\" data-id=\"9b8f5b4\" data-element_type=\"widget\" data-e-type=\"widget\" data-widget_type=\"text-editor.default\">\n\t\t\t\t<div class=\"elementor-widget-container\">\n\t\t\t\t\t\t\t\t\t<p>Jusqu'au 29.08.2024 a lieu la consultation sur la \"<strong>2e \u00e9tape de la mise en \u0153uvre de l'initiative populaire \"Pour des soins infirmiers forts (initiative sur les soins infirmiers)\". Loi f\u00e9d\u00e9rale sur les conditions de travail dans le domaine des soins et modification de la loi sur les professions de la sant\u00e9<\/strong>\" a lieu.<\/p><p>Le fmc a examin\u00e9 les documents de consultation et a d\u00e9cid\u00e9 de s'engager <strong>en principe \u00e0 cette<\/strong> ainsi que sur le <strong>Dipl\u00f4me de master comme condition pr\u00e9alable \u00e0 l'APN<\/strong> de se prononcer (pages 8 et 9). En revanche, nous nous abstenons de prendre position sur la CCT.<\/p>\t\t\t\t\t\t\t\t<\/div>\n\t\t\t\t<\/div>\n\t\t\t\t<div class=\"elementor-element elementor-element-bfad32c elementor-widget elementor-widget-button\" data-id=\"bfad32c\" data-element_type=\"widget\" data-e-type=\"widget\" data-widget_type=\"button.default\">\n\t\t\t\t<div class=\"elementor-widget-container\">\n\t\t\t\t\t\t\t\t\t<div class=\"elementor-button-wrapper\">\n\t\t\t\t\t<a class=\"elementor-button elementor-button-link elementor-size-sm\" href=\"https:\/\/fmc.ch\/wp-content\/uploads\/2024\/08\/Gesundheitspolitik_Stellungname-fmc-2.-Etappe-Pflegeinitiative.pdf\" target=\"_blank\">\n\t\t\t\t\t\t<span class=\"elementor-button-content-wrapper\">\n\t\t\t\t\t\t\t\t\t<span class=\"elementor-button-text\">Cliquez ici pour lire la prise de position de la fmc<\/span>\n\t\t\t\t\t<\/span>\n\t\t\t\t\t<\/a>\n\t\t\t\t<\/div>\n\t\t\t\t\t\t\t\t<\/div>\n\t\t\t\t<\/div>\n\t\t\t\t\t<\/div>\n\t\t<\/div>\n\t\t\t\t\t<\/div>\n\t\t<\/section>\n\t\t\t\t<\/div>","protected":false},"excerpt":{"rendered":"<p>Prise de position de la fmc sur la consultation de la 2e \u00e9tape de l'initiative sur les soins infirmiers<\/p>","protected":false},"author":2,"featured_media":10777,"comment_status":"closed","ping_status":"closed","sticky":false,"template":"","format":[140],"meta":{"footnotes":""},"strategie":[159],"thema":[152],"class_list":["post-10776","post","type-post","status-publish","format-standard","has-post-thumbnail","hentry","strategie-rechtliche-aspekte","thema-interprofessionelle-zusammenarbeit","format-gesundheitspolitik"],"yoast_head":"<!-- This site is optimized with the Yoast SEO plugin v27.5 - https:\/\/yoast.com\/product\/yoast-seo-wordpress\/ -->\n<title>Stellungnahme des fmc zur Vernehmlassung der 2. Etappe zur Pflegeinitiative - FMC<\/title>\n<meta name=\"description\" content=\"Stellungnahme des fmc zur Vernehmlassung der 2. Etappe zur Pflegeinitiative\" \/>\n<meta name=\"robots\" content=\"index, follow, max-snippet:-1, max-image-preview:large, max-video-preview:-1\" \/>\n<link rel=\"canonical\" href=\"https:\/\/fmc.ch\/fr\/prise-de-position-de-la-fmc-sur-linitiative-de-soins\/\" \/>\n<meta property=\"og:locale\" content=\"fr_FR\" \/>\n<meta property=\"og:type\" content=\"article\" \/>\n<meta property=\"og:title\" content=\"Stellungnahme des fmc zur Vernehmlassung der 2. Etappe zur Pflegeinitiative - FMC\" \/>\n<meta property=\"og:description\" content=\"Stellungnahme des fmc zur Vernehmlassung der 2. Etappe zur Pflegeinitiative\" \/>\n<meta property=\"og:url\" content=\"https:\/\/fmc.ch\/fr\/prise-de-position-de-la-fmc-sur-linitiative-de-soins\/\" \/>\n<meta property=\"og:site_name\" content=\"FMC\" \/>\n<meta property=\"article:published_time\" content=\"2024-08-26T11:33:49+00:00\" \/>\n<meta property=\"article:modified_time\" content=\"2025-12-01T12:50:52+00:00\" \/>\n<meta property=\"og:image\" content=\"https:\/\/fmc.ch\/wp-content\/uploads\/2024\/08\/Gesundheitspolitik-Bild-Pflegeinitiative-2.0.png\" \/>\n\t<meta property=\"og:image:width\" content=\"535\" \/>\n\t<meta property=\"og:image:height\" content=\"499\" \/>\n\t<meta property=\"og:image:type\" content=\"image\/png\" \/>\n<meta name=\"author\" content=\"Nadja Blanchard\" \/>\n<meta name=\"twitter:card\" content=\"summary_large_image\" \/>\n<meta name=\"twitter:label1\" content=\"\u00c9crit par\" \/>\n\t<meta name=\"twitter:data1\" content=\"Nadja Blanchard\" \/>\n\t<meta name=\"twitter:label2\" content=\"Dur\u00e9e de lecture estim\u00e9e\" \/>\n\t<meta name=\"twitter:data2\" content=\"1 minute\" \/>\n<script type=\"application\/ld+json\" class=\"yoast-schema-graph\">{\"@context\":\"https:\\\/\\\/schema.org\",\"@graph\":[{\"@type\":\"Article\",\"@id\":\"https:\\\/\\\/fmc.ch\\\/stellungnahme-des-fmc-zur-pflegeinitiative\\\/#article\",\"isPartOf\":{\"@id\":\"https:\\\/\\\/fmc.ch\\\/stellungnahme-des-fmc-zur-pflegeinitiative\\\/\"},\"author\":{\"name\":\"Nadja Blanchard\",\"@id\":\"https:\\\/\\\/fmc.ch\\\/#\\\/schema\\\/person\\\/3a7218d283691f8ef8cf410e4615e507\"},\"headline\":\"Stellungnahme des fmc zur Vernehmlassung der 2. Etappe zur Pflegeinitiative\",\"datePublished\":\"2024-08-26T11:33:49+00:00\",\"dateModified\":\"2025-12-01T12:50:52+00:00\",\"mainEntityOfPage\":{\"@id\":\"https:\\\/\\\/fmc.ch\\\/stellungnahme-des-fmc-zur-pflegeinitiative\\\/\"},\"wordCount\":75,\"publisher\":{\"@id\":\"https:\\\/\\\/fmc.ch\\\/#organization\"},\"image\":{\"@id\":\"https:\\\/\\\/fmc.ch\\\/stellungnahme-des-fmc-zur-pflegeinitiative\\\/#primaryimage\"},\"thumbnailUrl\":\"https:\\\/\\\/fmc.ch\\\/wp-content\\\/uploads\\\/2024\\\/08\\\/Gesundheitspolitik-Bild-Pflegeinitiative-2.0.png\",\"articleSection\":[\"Gesundheitspolitik\"],\"inLanguage\":\"fr-FR\"},{\"@type\":\"WebPage\",\"@id\":\"https:\\\/\\\/fmc.ch\\\/stellungnahme-des-fmc-zur-pflegeinitiative\\\/\",\"url\":\"https:\\\/\\\/fmc.ch\\\/stellungnahme-des-fmc-zur-pflegeinitiative\\\/\",\"name\":\"Stellungnahme des fmc zur Vernehmlassung der 2. Etappe zur Pflegeinitiative - FMC\",\"isPartOf\":{\"@id\":\"https:\\\/\\\/fmc.ch\\\/#website\"},\"primaryImageOfPage\":{\"@id\":\"https:\\\/\\\/fmc.ch\\\/stellungnahme-des-fmc-zur-pflegeinitiative\\\/#primaryimage\"},\"image\":{\"@id\":\"https:\\\/\\\/fmc.ch\\\/stellungnahme-des-fmc-zur-pflegeinitiative\\\/#primaryimage\"},\"thumbnailUrl\":\"https:\\\/\\\/fmc.ch\\\/wp-content\\\/uploads\\\/2024\\\/08\\\/Gesundheitspolitik-Bild-Pflegeinitiative-2.0.png\",\"datePublished\":\"2024-08-26T11:33:49+00:00\",\"dateModified\":\"2025-12-01T12:50:52+00:00\",\"description\":\"Stellungnahme des fmc zur Vernehmlassung der 2. Etappe zur Pflegeinitiative\",\"breadcrumb\":{\"@id\":\"https:\\\/\\\/fmc.ch\\\/stellungnahme-des-fmc-zur-pflegeinitiative\\\/#breadcrumb\"},\"inLanguage\":\"fr-FR\",\"potentialAction\":[{\"@type\":\"ReadAction\",\"target\":[\"https:\\\/\\\/fmc.ch\\\/stellungnahme-des-fmc-zur-pflegeinitiative\\\/\"]}]},{\"@type\":\"ImageObject\",\"inLanguage\":\"fr-FR\",\"@id\":\"https:\\\/\\\/fmc.ch\\\/stellungnahme-des-fmc-zur-pflegeinitiative\\\/#primaryimage\",\"url\":\"https:\\\/\\\/fmc.ch\\\/wp-content\\\/uploads\\\/2024\\\/08\\\/Gesundheitspolitik-Bild-Pflegeinitiative-2.0.png\",\"contentUrl\":\"https:\\\/\\\/fmc.ch\\\/wp-content\\\/uploads\\\/2024\\\/08\\\/Gesundheitspolitik-Bild-Pflegeinitiative-2.0.png\",\"width\":535,\"height\":499},{\"@type\":\"BreadcrumbList\",\"@id\":\"https:\\\/\\\/fmc.ch\\\/stellungnahme-des-fmc-zur-pflegeinitiative\\\/#breadcrumb\",\"itemListElement\":[{\"@type\":\"ListItem\",\"position\":1,\"name\":\"Home\",\"item\":\"https:\\\/\\\/fmc.ch\\\/\"},{\"@type\":\"ListItem\",\"position\":2,\"name\":\"Stellungnahme des fmc zur Vernehmlassung der 2. Etappe zur Pflegeinitiative\"}]},{\"@type\":\"WebSite\",\"@id\":\"https:\\\/\\\/fmc.ch\\\/#website\",\"url\":\"https:\\\/\\\/fmc.ch\\\/\",\"name\":\"FMC\",\"description\":\"Schweizer Forum f\u00fcr Integrierte Versorgung\",\"publisher\":{\"@id\":\"https:\\\/\\\/fmc.ch\\\/#organization\"},\"potentialAction\":[{\"@type\":\"SearchAction\",\"target\":{\"@type\":\"EntryPoint\",\"urlTemplate\":\"https:\\\/\\\/fmc.ch\\\/?s={search_term_string}\"},\"query-input\":{\"@type\":\"PropertyValueSpecification\",\"valueRequired\":true,\"valueName\":\"search_term_string\"}}],\"inLanguage\":\"fr-FR\"},{\"@type\":\"Organization\",\"@id\":\"https:\\\/\\\/fmc.ch\\\/#organization\",\"name\":\"FMC\",\"url\":\"https:\\\/\\\/fmc.ch\\\/\",\"logo\":{\"@type\":\"ImageObject\",\"inLanguage\":\"fr-FR\",\"@id\":\"https:\\\/\\\/fmc.ch\\\/#\\\/schema\\\/logo\\\/image\\\/\",\"url\":\"https:\\\/\\\/fmc.ch\\\/wp-content\\\/uploads\\\/2023\\\/09\\\/fmc-logo.svg\",\"contentUrl\":\"https:\\\/\\\/fmc.ch\\\/wp-content\\\/uploads\\\/2023\\\/09\\\/fmc-logo.svg\",\"caption\":\"FMC\"},\"image\":{\"@id\":\"https:\\\/\\\/fmc.ch\\\/#\\\/schema\\\/logo\\\/image\\\/\"}},{\"@type\":\"Person\",\"@id\":\"https:\\\/\\\/fmc.ch\\\/#\\\/schema\\\/person\\\/3a7218d283691f8ef8cf410e4615e507\",\"name\":\"Nadja Blanchard\",\"image\":{\"@type\":\"ImageObject\",\"inLanguage\":\"fr-FR\",\"@id\":\"https:\\\/\\\/secure.gravatar.com\\\/avatar\\\/729fbcebbfccd7834565b1398470d6ea84a4f3e7525873a0cb368db99228ce7b?s=96&d=mm&r=g\",\"url\":\"https:\\\/\\\/secure.gravatar.com\\\/avatar\\\/729fbcebbfccd7834565b1398470d6ea84a4f3e7525873a0cb368db99228ce7b?s=96&d=mm&r=g\",\"contentUrl\":\"https:\\\/\\\/secure.gravatar.com\\\/avatar\\\/729fbcebbfccd7834565b1398470d6ea84a4f3e7525873a0cb368db99228ce7b?s=96&d=mm&r=g\",\"caption\":\"Nadja Blanchard\"},\"url\":\"https:\\\/\\\/fmc.ch\\\/fr\\\/author\\\/nadja-blanchardfmc-ch\\\/\"}]}<\/script>\n<!-- \/ Yoast SEO plugin. -->","yoast_head_json":{"title":"Prise de position de la fmc sur la consultation de la 2e \u00e9tape de l'initiative sur les soins - FMC","description":"Prise de position de la fmc sur la consultation de la 2e \u00e9tape de l'initiative sur les soins infirmiers","robots":{"index":"index","follow":"follow","max-snippet":"max-snippet:-1","max-image-preview":"max-image-preview:large","max-video-preview":"max-video-preview:-1"},"canonical":"https:\/\/fmc.ch\/fr\/prise-de-position-de-la-fmc-sur-linitiative-de-soins\/","og_locale":"fr_FR","og_type":"article","og_title":"Stellungnahme des fmc zur Vernehmlassung der 2. Etappe zur Pflegeinitiative - FMC","og_description":"Stellungnahme des fmc zur Vernehmlassung der 2. Etappe zur Pflegeinitiative","og_url":"https:\/\/fmc.ch\/fr\/prise-de-position-de-la-fmc-sur-linitiative-de-soins\/","og_site_name":"FMC","article_published_time":"2024-08-26T11:33:49+00:00","article_modified_time":"2025-12-01T12:50:52+00:00","og_image":[{"width":535,"height":499,"url":"https:\/\/fmc.ch\/wp-content\/uploads\/2024\/08\/Gesundheitspolitik-Bild-Pflegeinitiative-2.0.png","type":"image\/png"}],"author":"Nadja Blanchard","twitter_card":"summary_large_image","twitter_misc":{"\u00c9crit par":"Nadja Blanchard","Dur\u00e9e de lecture estim\u00e9e":"1 minute"},"schema":{"@context":"https:\/\/schema.org","@graph":[{"@type":"Article","@id":"https:\/\/fmc.ch\/stellungnahme-des-fmc-zur-pflegeinitiative\/#article","isPartOf":{"@id":"https:\/\/fmc.ch\/stellungnahme-des-fmc-zur-pflegeinitiative\/"},"author":{"name":"Nadja Blanchard","@id":"https:\/\/fmc.ch\/#\/schema\/person\/3a7218d283691f8ef8cf410e4615e507"},"headline":"Stellungnahme des fmc zur Vernehmlassung der 2. Etappe zur Pflegeinitiative","datePublished":"2024-08-26T11:33:49+00:00","dateModified":"2025-12-01T12:50:52+00:00","mainEntityOfPage":{"@id":"https:\/\/fmc.ch\/stellungnahme-des-fmc-zur-pflegeinitiative\/"},"wordCount":75,"publisher":{"@id":"https:\/\/fmc.ch\/#organization"},"image":{"@id":"https:\/\/fmc.ch\/stellungnahme-des-fmc-zur-pflegeinitiative\/#primaryimage"},"thumbnailUrl":"https:\/\/fmc.ch\/wp-content\/uploads\/2024\/08\/Gesundheitspolitik-Bild-Pflegeinitiative-2.0.png","articleSection":["Gesundheitspolitik"],"inLanguage":"fr-FR"},{"@type":"WebPage","@id":"https:\/\/fmc.ch\/stellungnahme-des-fmc-zur-pflegeinitiative\/","url":"https:\/\/fmc.ch\/stellungnahme-des-fmc-zur-pflegeinitiative\/","name":"Prise de position de la fmc sur la consultation de la 2e \u00e9tape de l'initiative sur les soins - FMC","isPartOf":{"@id":"https:\/\/fmc.ch\/#website"},"primaryImageOfPage":{"@id":"https:\/\/fmc.ch\/stellungnahme-des-fmc-zur-pflegeinitiative\/#primaryimage"},"image":{"@id":"https:\/\/fmc.ch\/stellungnahme-des-fmc-zur-pflegeinitiative\/#primaryimage"},"thumbnailUrl":"https:\/\/fmc.ch\/wp-content\/uploads\/2024\/08\/Gesundheitspolitik-Bild-Pflegeinitiative-2.0.png","datePublished":"2024-08-26T11:33:49+00:00","dateModified":"2025-12-01T12:50:52+00:00","description":"Prise de position de la fmc sur la consultation de la 2e \u00e9tape de l'initiative sur les soins infirmiers","breadcrumb":{"@id":"https:\/\/fmc.ch\/stellungnahme-des-fmc-zur-pflegeinitiative\/#breadcrumb"},"inLanguage":"fr-FR","potentialAction":[{"@type":"ReadAction","target":["https:\/\/fmc.ch\/stellungnahme-des-fmc-zur-pflegeinitiative\/"]}]},{"@type":"ImageObject","inLanguage":"fr-FR","@id":"https:\/\/fmc.ch\/stellungnahme-des-fmc-zur-pflegeinitiative\/#primaryimage","url":"https:\/\/fmc.ch\/wp-content\/uploads\/2024\/08\/Gesundheitspolitik-Bild-Pflegeinitiative-2.0.png","contentUrl":"https:\/\/fmc.ch\/wp-content\/uploads\/2024\/08\/Gesundheitspolitik-Bild-Pflegeinitiative-2.0.png","width":535,"height":499},{"@type":"BreadcrumbList","@id":"https:\/\/fmc.ch\/stellungnahme-des-fmc-zur-pflegeinitiative\/#breadcrumb","itemListElement":[{"@type":"ListItem","position":1,"name":"Home","item":"https:\/\/fmc.ch\/"},{"@type":"ListItem","position":2,"name":"Stellungnahme des fmc zur Vernehmlassung der 2. Etappe zur Pflegeinitiative"}]},{"@type":"WebSite","@id":"https:\/\/fmc.ch\/#website","url":"https:\/\/fmc.ch\/","name":"FMC","description":"Forum suisse des soins int\u00e9gr\u00e9s","publisher":{"@id":"https:\/\/fmc.ch\/#organization"},"potentialAction":[{"@type":"SearchAction","target":{"@type":"EntryPoint","urlTemplate":"https:\/\/fmc.ch\/?s={search_term_string}"},"query-input":{"@type":"PropertyValueSpecification","valueRequired":true,"valueName":"search_term_string"}}],"inLanguage":"fr-FR"},{"@type":"Organization","@id":"https:\/\/fmc.ch\/#organization","name":"FMC","url":"https:\/\/fmc.ch\/","logo":{"@type":"ImageObject","inLanguage":"fr-FR","@id":"https:\/\/fmc.ch\/#\/schema\/logo\/image\/","url":"https:\/\/fmc.ch\/wp-content\/uploads\/2023\/09\/fmc-logo.svg","contentUrl":"https:\/\/fmc.ch\/wp-content\/uploads\/2023\/09\/fmc-logo.svg","caption":"FMC"},"image":{"@id":"https:\/\/fmc.ch\/#\/schema\/logo\/image\/"}},{"@type":"Person","@id":"https:\/\/fmc.ch\/#\/schema\/person\/3a7218d283691f8ef8cf410e4615e507","name":"Nadja Blanchard","image":{"@type":"ImageObject","inLanguage":"fr-FR","@id":"https:\/\/secure.gravatar.com\/avatar\/729fbcebbfccd7834565b1398470d6ea84a4f3e7525873a0cb368db99228ce7b?s=96&d=mm&r=g","url":"https:\/\/secure.gravatar.com\/avatar\/729fbcebbfccd7834565b1398470d6ea84a4f3e7525873a0cb368db99228ce7b?s=96&d=mm&r=g","contentUrl":"https:\/\/secure.gravatar.com\/avatar\/729fbcebbfccd7834565b1398470d6ea84a4f3e7525873a0cb368db99228ce7b?s=96&d=mm&r=g","caption":"Nadja Blanchard"},"url":"https:\/\/fmc.ch\/fr\/author\/nadja-blanchardfmc-ch\/"}]}},"_links":{"self":[{"href":"https:\/\/fmc.ch\/fr\/wp-json\/wp\/v2\/posts\/10776","targetHints":{"allow":["GET"]}}],"collection":[{"href":"https:\/\/fmc.ch\/fr\/wp-json\/wp\/v2\/posts"}],"about":[{"href":"https:\/\/fmc.ch\/fr\/wp-json\/wp\/v2\/types\/post"}],"author":[{"embeddable":true,"href":"https:\/\/fmc.ch\/fr\/wp-json\/wp\/v2\/users\/2"}],"replies":[{"embeddable":true,"href":"https:\/\/fmc.ch\/fr\/wp-json\/wp\/v2\/comments?post=10776"}],"version-history":[{"count":4,"href":"https:\/\/fmc.ch\/fr\/wp-json\/wp\/v2\/posts\/10776\/revisions"}],"predecessor-version":[{"id":12296,"href":"https:\/\/fmc.ch\/fr\/wp-json\/wp\/v2\/posts\/10776\/revisions\/12296"}],"wp:featuredmedia":[{"embeddable":true,"href":"https:\/\/fmc.ch\/fr\/wp-json\/wp\/v2\/media\/10777"}],"wp:attachment":[{"href":"https:\/\/fmc.ch\/fr\/wp-json\/wp\/v2\/media?parent=10776"}],"wp:term":[{"taxonomy":"strategie","embeddable":true,"href":"https:\/\/fmc.ch\/fr\/wp-json\/wp\/v2\/strategie?post=10776"},{"taxonomy":"thema","embeddable":true,"href":"https:\/\/fmc.ch\/fr\/wp-json\/wp\/v2\/thema?post=10776"},{"taxonomy":"format","embeddable":true,"href":"https:\/\/fmc.ch\/fr\/wp-json\/wp\/v2\/format?post=10776"}],"curies":[{"name":"wp","href":"https:\/\/api.w.org\/{rel}","templated":true}]}}