{"id":10710,"date":"2025-09-15T09:42:00","date_gmt":"2025-09-15T08:42:00","guid":{"rendered":"https:\/\/fmc.ch\/?p=10710"},"modified":"2025-12-01T13:53:50","modified_gmt":"2025-12-01T12:53:50","slug":"la-sante-mentale-en-suisse-en-2025","status":"publish","type":"post","link":"https:\/\/fmc.ch\/fr\/psychische-gesundheit-in-der-schweiz-2025\/","title":{"rendered":"Obsan Rapport 08\/2025 : La sant\u00e9 psychique en Suisse : d\u00e9veloppement, promotion, pr\u00e9vention et prise en charge"},"content":{"rendered":"<div data-elementor-type=\"wp-post\" data-elementor-id=\"10710\" class=\"elementor elementor-10710\" data-elementor-post-type=\"post\">\n\t\t\t\t\t\t<section class=\"elementor-section elementor-top-section elementor-element elementor-element-6bcb9a2 elementor-section-boxed elementor-section-height-default elementor-section-height-default elementor-invisible\" data-id=\"6bcb9a2\" data-element_type=\"section\" data-e-type=\"section\" data-settings=\"{&quot;animation&quot;:&quot;fadeIn&quot;}\">\n\t\t\t\t\t\t<div class=\"elementor-container elementor-column-gap-default\">\n\t\t\t\t\t<div class=\"elementor-column elementor-col-100 elementor-top-column elementor-element elementor-element-7cc6c3a\" data-id=\"7cc6c3a\" data-element_type=\"column\" data-e-type=\"column\">\n\t\t\t<div class=\"elementor-widget-wrap elementor-element-populated\">\n\t\t\t\t\t\t<div class=\"elementor-element elementor-element-bb569bc elementor-widget elementor-widget-text-editor\" data-id=\"bb569bc\" data-element_type=\"widget\" data-e-type=\"widget\" data-widget_type=\"text-editor.default\">\n\t\t\t\t<div class=\"elementor-widget-container\">\n\t\t\t\t\t\t\t\t\t<p>Le Rapport national sur la sant\u00e9 2025 offre une vue d'ensemble de la sant\u00e9 psychique en Suisse. Il montre comment la sant\u00e9 psychique de la population a \u00e9volu\u00e9 et avec quels facteurs sociaux, soci\u00e9taux et environnementaux elle est li\u00e9e - du monde du travail \u00e0 l'environnement naturel et construit, en passant par l'utilisation des m\u00e9dias num\u00e9riques.<\/p>\n<p>Le rapport met en lumi\u00e8re les comp\u00e9tences en mati\u00e8re de sant\u00e9 mentale au sein de la population ainsi que les offres et les d\u00e9fis existants en mati\u00e8re de promotion de la sant\u00e9 et de pr\u00e9vention. Il est compl\u00e9t\u00e9 par une analyse de la situation des soins, des co\u00fbts et du financement. Le rapport fournit ainsi une base solide aux d\u00e9cideurs, aux professionnels et au public int\u00e9ress\u00e9.\u00a0<\/p>\n<p>Sur le site web du rapport, vous trouverez, outre le rapport complet, les messages cl\u00e9s, le r\u00e9sum\u00e9 ainsi que des recommandations d'action.\u00a0\u00a0<\/p>\t\t\t\t\t\t\t\t<\/div>\n\t\t\t\t<\/div>\n\t\t\t\t\t<\/div>\n\t\t<\/div>\n\t\t\t\t\t<\/div>\n\t\t<\/section>\n\t\t\t\t<section class=\"elementor-section elementor-top-section elementor-element elementor-element-233601d elementor-section-boxed elementor-section-height-default elementor-section-height-default\" data-id=\"233601d\" data-element_type=\"section\" data-e-type=\"section\">\n\t\t\t\t\t\t<div class=\"elementor-container elementor-column-gap-default\">\n\t\t\t\t\t<div class=\"elementor-column elementor-col-100 elementor-top-column elementor-element elementor-element-a9e16f8\" data-id=\"a9e16f8\" data-element_type=\"column\" data-e-type=\"column\">\n\t\t\t<div class=\"elementor-widget-wrap elementor-element-populated\">\n\t\t\t\t\t\t<div class=\"elementor-element elementor-element-8d96f28 elementor-widget elementor-widget-button\" data-id=\"8d96f28\" data-element_type=\"widget\" data-e-type=\"widget\" data-widget_type=\"button.default\">\n\t\t\t\t<div class=\"elementor-widget-container\">\n\t\t\t\t\t\t\t\t\t<div class=\"elementor-button-wrapper\">\n\t\t\t\t\t<a class=\"elementor-button elementor-button-link elementor-size-sm\" href=\"https:\/\/www.gesundheitsbericht2025.ch\/\" target=\"_blank\">\n\t\t\t\t\t\t<span class=\"elementor-button-content-wrapper\">\n\t\t\t\t\t\t\t\t\t<span class=\"elementor-button-text\">Cliquez ici pour lire le rapport<\/span>\n\t\t\t\t\t<\/span>\n\t\t\t\t\t<\/a>\n\t\t\t\t<\/div>\n\t\t\t\t\t\t\t\t<\/div>\n\t\t\t\t<\/div>\n\t\t\t\t\t<\/div>\n\t\t<\/div>\n\t\t\t\t\t<\/div>\n\t\t<\/section>\n\t\t<div class=\"elementor-element elementor-element-577db9f e-flex e-con-boxed e-con e-parent\" data-id=\"577db9f\" data-element_type=\"container\" data-e-type=\"container\">\n\t\t\t\t\t<div class=\"e-con-inner\">\n\t\t\t\t<div class=\"elementor-element elementor-element-253205e elementor-widget elementor-widget-text-editor\" data-id=\"253205e\" data-element_type=\"widget\" data-e-type=\"widget\" data-widget_type=\"text-editor.default\">\n\t\t\t\t<div class=\"elementor-widget-container\">\n\t\t\t\t\t\t\t\t\t<p>La SRF s'est pench\u00e9e sur le sujet dans \"Rendez-vous\" et a r\u00e9alis\u00e9 une interview avec Urs Hepp, co-\u00e9diteur du rapport et psychiatre.<\/p>\t\t\t\t\t\t\t\t<\/div>\n\t\t\t\t<\/div>\n\t\t\t\t\t<\/div>\n\t\t\t\t<\/div>\n\t\t\t\t<section class=\"elementor-section elementor-top-section elementor-element elementor-element-4490f73 elementor-section-boxed elementor-section-height-default elementor-section-height-default\" data-id=\"4490f73\" data-element_type=\"section\" data-e-type=\"section\">\n\t\t\t\t\t\t<div class=\"elementor-container elementor-column-gap-default\">\n\t\t\t\t\t<div class=\"elementor-column elementor-col-100 elementor-top-column elementor-element elementor-element-af60942\" data-id=\"af60942\" data-element_type=\"column\" data-e-type=\"column\">\n\t\t\t<div class=\"elementor-widget-wrap elementor-element-populated\">\n\t\t\t\t\t\t<div class=\"elementor-element elementor-element-b87294a elementor-widget elementor-widget-button\" data-id=\"b87294a\" data-element_type=\"widget\" data-e-type=\"widget\" data-widget_type=\"button.default\">\n\t\t\t\t<div class=\"elementor-widget-container\">\n\t\t\t\t\t\t\t\t\t<div class=\"elementor-button-wrapper\">\n\t\t\t\t\t<a class=\"elementor-button elementor-button-link elementor-size-sm\" href=\"https:\/\/www.srf.ch\/news\/schweiz\/nationaler-gesundheitsbericht-behandlungen-haben-zugenommen-nicht-psychische-krankheiten\" target=\"_blank\">\n\t\t\t\t\t\t<span class=\"elementor-button-content-wrapper\">\n\t\t\t\t\t\t\t\t\t<span class=\"elementor-button-text\">Cliquez ici pour acc\u00e9der au site de la SRF<\/span>\n\t\t\t\t\t<\/span>\n\t\t\t\t\t<\/a>\n\t\t\t\t<\/div>\n\t\t\t\t\t\t\t\t<\/div>\n\t\t\t\t<\/div>\n\t\t\t\t\t<\/div>\n\t\t<\/div>\n\t\t\t\t\t<\/div>\n\t\t<\/section>\n\t\t\t\t<\/div>","protected":false},"excerpt":{"rendered":"<p>Le rapport national sur la sant\u00e9 2025 offre une vue d'ensemble de la sant\u00e9 psychique en Suisse.<\/p>","protected":false},"author":2,"featured_media":10711,"comment_status":"closed","ping_status":"closed","sticky":false,"template":"","format":[149,139],"meta":{"footnotes":""},"strategie":[163],"thema":[169],"class_list":["post-10710","post","type-post","status-publish","format-standard","has-post-thumbnail","hentry","strategie-integrierte-versorgung-allgemein","thema-population-health","format-artikel-und-studien","format-publikation"],"yoast_head":"<!-- This site is optimized with the Yoast SEO plugin v27.5 - https:\/\/yoast.com\/product\/yoast-seo-wordpress\/ -->\n<title>Obsan Bericht 08\/2025: Psychische Gesundheit in der Schweiz: Entwicklung, F\u00f6rderung, Pr\u00e4vention und Versorgung - FMC<\/title>\n<meta name=\"description\" content=\"Der Nationale Gesundheitsbericht 2025 bietet einen \u00dcberblick \u00fcber die psychische Gesundheit in der Schweiz.\" \/>\n<meta name=\"robots\" content=\"index, follow, max-snippet:-1, max-image-preview:large, max-video-preview:-1\" \/>\n<link rel=\"canonical\" href=\"https:\/\/fmc.ch\/fr\/la-sante-mentale-en-suisse-en-2025\/\" \/>\n<meta property=\"og:locale\" content=\"fr_FR\" \/>\n<meta property=\"og:type\" content=\"article\" \/>\n<meta property=\"og:title\" content=\"Obsan Bericht 08\/2025: Psychische Gesundheit in der Schweiz: Entwicklung, F\u00f6rderung, Pr\u00e4vention und Versorgung - FMC\" \/>\n<meta property=\"og:description\" content=\"Der Nationale Gesundheitsbericht 2025 bietet einen \u00dcberblick \u00fcber die psychische Gesundheit in der Schweiz.\" \/>\n<meta property=\"og:url\" content=\"https:\/\/fmc.ch\/fr\/la-sante-mentale-en-suisse-en-2025\/\" \/>\n<meta property=\"og:site_name\" content=\"FMC\" \/>\n<meta property=\"article:published_time\" content=\"2025-09-15T08:42:00+00:00\" \/>\n<meta property=\"article:modified_time\" content=\"2025-12-01T12:53:50+00:00\" \/>\n<meta property=\"og:image\" content=\"https:\/\/fmc.ch\/wp-content\/uploads\/2024\/08\/Netzwerk_Obsan-Bulletin-03-2024.png\" \/>\n\t<meta property=\"og:image:width\" content=\"766\" \/>\n\t<meta property=\"og:image:height\" content=\"768\" \/>\n\t<meta property=\"og:image:type\" content=\"image\/png\" \/>\n<meta name=\"author\" content=\"Nadja Blanchard\" \/>\n<meta name=\"twitter:card\" content=\"summary_large_image\" \/>\n<meta name=\"twitter:label1\" content=\"\u00c9crit par\" \/>\n\t<meta name=\"twitter:data1\" content=\"Nadja Blanchard\" \/>\n\t<meta name=\"twitter:label2\" content=\"Dur\u00e9e de lecture estim\u00e9e\" \/>\n\t<meta name=\"twitter:data2\" content=\"2 minutes\" \/>\n<script type=\"application\/ld+json\" class=\"yoast-schema-graph\">{\"@context\":\"https:\\\/\\\/schema.org\",\"@graph\":[{\"@type\":\"Article\",\"@id\":\"https:\\\/\\\/fmc.ch\\\/psychische-gesundheit-in-der-schweiz-2025\\\/#article\",\"isPartOf\":{\"@id\":\"https:\\\/\\\/fmc.ch\\\/psychische-gesundheit-in-der-schweiz-2025\\\/\"},\"author\":{\"name\":\"Nadja Blanchard\",\"@id\":\"https:\\\/\\\/fmc.ch\\\/#\\\/schema\\\/person\\\/3a7218d283691f8ef8cf410e4615e507\"},\"headline\":\"Obsan Bericht 08\\\/2025: Psychische Gesundheit in der Schweiz: Entwicklung, F\u00f6rderung, Pr\u00e4vention und Versorgung\",\"datePublished\":\"2025-09-15T08:42:00+00:00\",\"dateModified\":\"2025-12-01T12:53:50+00:00\",\"mainEntityOfPage\":{\"@id\":\"https:\\\/\\\/fmc.ch\\\/psychische-gesundheit-in-der-schweiz-2025\\\/\"},\"wordCount\":172,\"publisher\":{\"@id\":\"https:\\\/\\\/fmc.ch\\\/#organization\"},\"image\":{\"@id\":\"https:\\\/\\\/fmc.ch\\\/psychische-gesundheit-in-der-schweiz-2025\\\/#primaryimage\"},\"thumbnailUrl\":\"https:\\\/\\\/fmc.ch\\\/wp-content\\\/uploads\\\/2024\\\/08\\\/Netzwerk_Obsan-Bulletin-03-2024.png\",\"articleSection\":[\"Artikel und Studien\"],\"inLanguage\":\"fr-FR\"},{\"@type\":\"WebPage\",\"@id\":\"https:\\\/\\\/fmc.ch\\\/psychische-gesundheit-in-der-schweiz-2025\\\/\",\"url\":\"https:\\\/\\\/fmc.ch\\\/psychische-gesundheit-in-der-schweiz-2025\\\/\",\"name\":\"Obsan Bericht 08\\\/2025: Psychische Gesundheit in der Schweiz: Entwicklung, F\u00f6rderung, Pr\u00e4vention und Versorgung - FMC\",\"isPartOf\":{\"@id\":\"https:\\\/\\\/fmc.ch\\\/#website\"},\"primaryImageOfPage\":{\"@id\":\"https:\\\/\\\/fmc.ch\\\/psychische-gesundheit-in-der-schweiz-2025\\\/#primaryimage\"},\"image\":{\"@id\":\"https:\\\/\\\/fmc.ch\\\/psychische-gesundheit-in-der-schweiz-2025\\\/#primaryimage\"},\"thumbnailUrl\":\"https:\\\/\\\/fmc.ch\\\/wp-content\\\/uploads\\\/2024\\\/08\\\/Netzwerk_Obsan-Bulletin-03-2024.png\",\"datePublished\":\"2025-09-15T08:42:00+00:00\",\"dateModified\":\"2025-12-01T12:53:50+00:00\",\"description\":\"Der Nationale Gesundheitsbericht 2025 bietet einen \u00dcberblick \u00fcber die psychische Gesundheit in der Schweiz.\",\"breadcrumb\":{\"@id\":\"https:\\\/\\\/fmc.ch\\\/psychische-gesundheit-in-der-schweiz-2025\\\/#breadcrumb\"},\"inLanguage\":\"fr-FR\",\"potentialAction\":[{\"@type\":\"ReadAction\",\"target\":[\"https:\\\/\\\/fmc.ch\\\/psychische-gesundheit-in-der-schweiz-2025\\\/\"]}]},{\"@type\":\"ImageObject\",\"inLanguage\":\"fr-FR\",\"@id\":\"https:\\\/\\\/fmc.ch\\\/psychische-gesundheit-in-der-schweiz-2025\\\/#primaryimage\",\"url\":\"https:\\\/\\\/fmc.ch\\\/wp-content\\\/uploads\\\/2024\\\/08\\\/Netzwerk_Obsan-Bulletin-03-2024.png\",\"contentUrl\":\"https:\\\/\\\/fmc.ch\\\/wp-content\\\/uploads\\\/2024\\\/08\\\/Netzwerk_Obsan-Bulletin-03-2024.png\",\"width\":766,\"height\":768},{\"@type\":\"BreadcrumbList\",\"@id\":\"https:\\\/\\\/fmc.ch\\\/psychische-gesundheit-in-der-schweiz-2025\\\/#breadcrumb\",\"itemListElement\":[{\"@type\":\"ListItem\",\"position\":1,\"name\":\"Home\",\"item\":\"https:\\\/\\\/fmc.ch\\\/\"},{\"@type\":\"ListItem\",\"position\":2,\"name\":\"Obsan Bericht 08\\\/2025: Psychische Gesundheit in der Schweiz: Entwicklung, F\u00f6rderung, Pr\u00e4vention und Versorgung\"}]},{\"@type\":\"WebSite\",\"@id\":\"https:\\\/\\\/fmc.ch\\\/#website\",\"url\":\"https:\\\/\\\/fmc.ch\\\/\",\"name\":\"FMC\",\"description\":\"Schweizer Forum f\u00fcr Integrierte Versorgung\",\"publisher\":{\"@id\":\"https:\\\/\\\/fmc.ch\\\/#organization\"},\"potentialAction\":[{\"@type\":\"SearchAction\",\"target\":{\"@type\":\"EntryPoint\",\"urlTemplate\":\"https:\\\/\\\/fmc.ch\\\/?s={search_term_string}\"},\"query-input\":{\"@type\":\"PropertyValueSpecification\",\"valueRequired\":true,\"valueName\":\"search_term_string\"}}],\"inLanguage\":\"fr-FR\"},{\"@type\":\"Organization\",\"@id\":\"https:\\\/\\\/fmc.ch\\\/#organization\",\"name\":\"FMC\",\"url\":\"https:\\\/\\\/fmc.ch\\\/\",\"logo\":{\"@type\":\"ImageObject\",\"inLanguage\":\"fr-FR\",\"@id\":\"https:\\\/\\\/fmc.ch\\\/#\\\/schema\\\/logo\\\/image\\\/\",\"url\":\"https:\\\/\\\/fmc.ch\\\/wp-content\\\/uploads\\\/2023\\\/09\\\/fmc-logo.svg\",\"contentUrl\":\"https:\\\/\\\/fmc.ch\\\/wp-content\\\/uploads\\\/2023\\\/09\\\/fmc-logo.svg\",\"caption\":\"FMC\"},\"image\":{\"@id\":\"https:\\\/\\\/fmc.ch\\\/#\\\/schema\\\/logo\\\/image\\\/\"}},{\"@type\":\"Person\",\"@id\":\"https:\\\/\\\/fmc.ch\\\/#\\\/schema\\\/person\\\/3a7218d283691f8ef8cf410e4615e507\",\"name\":\"Nadja Blanchard\",\"image\":{\"@type\":\"ImageObject\",\"inLanguage\":\"fr-FR\",\"@id\":\"https:\\\/\\\/secure.gravatar.com\\\/avatar\\\/729fbcebbfccd7834565b1398470d6ea84a4f3e7525873a0cb368db99228ce7b?s=96&d=mm&r=g\",\"url\":\"https:\\\/\\\/secure.gravatar.com\\\/avatar\\\/729fbcebbfccd7834565b1398470d6ea84a4f3e7525873a0cb368db99228ce7b?s=96&d=mm&r=g\",\"contentUrl\":\"https:\\\/\\\/secure.gravatar.com\\\/avatar\\\/729fbcebbfccd7834565b1398470d6ea84a4f3e7525873a0cb368db99228ce7b?s=96&d=mm&r=g\",\"caption\":\"Nadja Blanchard\"},\"url\":\"https:\\\/\\\/fmc.ch\\\/fr\\\/author\\\/nadja-blanchardfmc-ch\\\/\"}]}<\/script>\n<!-- \/ Yoast SEO plugin. -->","yoast_head_json":{"title":"Obsan Rapport 08\/2025 : La sant\u00e9 mentale en Suisse : d\u00e9veloppement, promotion, pr\u00e9vention et prise en charge - FMC","description":"Le rapport national sur la sant\u00e9 2025 offre une vue d'ensemble de la sant\u00e9 psychique en Suisse.","robots":{"index":"index","follow":"follow","max-snippet":"max-snippet:-1","max-image-preview":"max-image-preview:large","max-video-preview":"max-video-preview:-1"},"canonical":"https:\/\/fmc.ch\/fr\/la-sante-mentale-en-suisse-en-2025\/","og_locale":"fr_FR","og_type":"article","og_title":"Obsan Bericht 08\/2025: Psychische Gesundheit in der Schweiz: Entwicklung, F\u00f6rderung, Pr\u00e4vention und Versorgung - FMC","og_description":"Der Nationale Gesundheitsbericht 2025 bietet einen \u00dcberblick \u00fcber die psychische Gesundheit in der Schweiz.","og_url":"https:\/\/fmc.ch\/fr\/la-sante-mentale-en-suisse-en-2025\/","og_site_name":"FMC","article_published_time":"2025-09-15T08:42:00+00:00","article_modified_time":"2025-12-01T12:53:50+00:00","og_image":[{"width":766,"height":768,"url":"https:\/\/fmc.ch\/wp-content\/uploads\/2024\/08\/Netzwerk_Obsan-Bulletin-03-2024.png","type":"image\/png"}],"author":"Nadja Blanchard","twitter_card":"summary_large_image","twitter_misc":{"\u00c9crit par":"Nadja Blanchard","Dur\u00e9e de lecture estim\u00e9e":"2 minutes"},"schema":{"@context":"https:\/\/schema.org","@graph":[{"@type":"Article","@id":"https:\/\/fmc.ch\/psychische-gesundheit-in-der-schweiz-2025\/#article","isPartOf":{"@id":"https:\/\/fmc.ch\/psychische-gesundheit-in-der-schweiz-2025\/"},"author":{"name":"Nadja Blanchard","@id":"https:\/\/fmc.ch\/#\/schema\/person\/3a7218d283691f8ef8cf410e4615e507"},"headline":"Obsan Bericht 08\/2025: Psychische Gesundheit in der Schweiz: Entwicklung, F\u00f6rderung, Pr\u00e4vention und Versorgung","datePublished":"2025-09-15T08:42:00+00:00","dateModified":"2025-12-01T12:53:50+00:00","mainEntityOfPage":{"@id":"https:\/\/fmc.ch\/psychische-gesundheit-in-der-schweiz-2025\/"},"wordCount":172,"publisher":{"@id":"https:\/\/fmc.ch\/#organization"},"image":{"@id":"https:\/\/fmc.ch\/psychische-gesundheit-in-der-schweiz-2025\/#primaryimage"},"thumbnailUrl":"https:\/\/fmc.ch\/wp-content\/uploads\/2024\/08\/Netzwerk_Obsan-Bulletin-03-2024.png","articleSection":["Artikel und Studien"],"inLanguage":"fr-FR"},{"@type":"WebPage","@id":"https:\/\/fmc.ch\/psychische-gesundheit-in-der-schweiz-2025\/","url":"https:\/\/fmc.ch\/psychische-gesundheit-in-der-schweiz-2025\/","name":"Obsan Rapport 08\/2025 : La sant\u00e9 mentale en Suisse : d\u00e9veloppement, promotion, pr\u00e9vention et prise en charge - FMC","isPartOf":{"@id":"https:\/\/fmc.ch\/#website"},"primaryImageOfPage":{"@id":"https:\/\/fmc.ch\/psychische-gesundheit-in-der-schweiz-2025\/#primaryimage"},"image":{"@id":"https:\/\/fmc.ch\/psychische-gesundheit-in-der-schweiz-2025\/#primaryimage"},"thumbnailUrl":"https:\/\/fmc.ch\/wp-content\/uploads\/2024\/08\/Netzwerk_Obsan-Bulletin-03-2024.png","datePublished":"2025-09-15T08:42:00+00:00","dateModified":"2025-12-01T12:53:50+00:00","description":"Le rapport national sur la sant\u00e9 2025 offre une vue d'ensemble de la sant\u00e9 psychique en Suisse.","breadcrumb":{"@id":"https:\/\/fmc.ch\/psychische-gesundheit-in-der-schweiz-2025\/#breadcrumb"},"inLanguage":"fr-FR","potentialAction":[{"@type":"ReadAction","target":["https:\/\/fmc.ch\/psychische-gesundheit-in-der-schweiz-2025\/"]}]},{"@type":"ImageObject","inLanguage":"fr-FR","@id":"https:\/\/fmc.ch\/psychische-gesundheit-in-der-schweiz-2025\/#primaryimage","url":"https:\/\/fmc.ch\/wp-content\/uploads\/2024\/08\/Netzwerk_Obsan-Bulletin-03-2024.png","contentUrl":"https:\/\/fmc.ch\/wp-content\/uploads\/2024\/08\/Netzwerk_Obsan-Bulletin-03-2024.png","width":766,"height":768},{"@type":"BreadcrumbList","@id":"https:\/\/fmc.ch\/psychische-gesundheit-in-der-schweiz-2025\/#breadcrumb","itemListElement":[{"@type":"ListItem","position":1,"name":"Home","item":"https:\/\/fmc.ch\/"},{"@type":"ListItem","position":2,"name":"Obsan Bericht 08\/2025: Psychische Gesundheit in der Schweiz: Entwicklung, F\u00f6rderung, Pr\u00e4vention und Versorgung"}]},{"@type":"WebSite","@id":"https:\/\/fmc.ch\/#website","url":"https:\/\/fmc.ch\/","name":"FMC","description":"Forum suisse des soins int\u00e9gr\u00e9s","publisher":{"@id":"https:\/\/fmc.ch\/#organization"},"potentialAction":[{"@type":"SearchAction","target":{"@type":"EntryPoint","urlTemplate":"https:\/\/fmc.ch\/?s={search_term_string}"},"query-input":{"@type":"PropertyValueSpecification","valueRequired":true,"valueName":"search_term_string"}}],"inLanguage":"fr-FR"},{"@type":"Organization","@id":"https:\/\/fmc.ch\/#organization","name":"FMC","url":"https:\/\/fmc.ch\/","logo":{"@type":"ImageObject","inLanguage":"fr-FR","@id":"https:\/\/fmc.ch\/#\/schema\/logo\/image\/","url":"https:\/\/fmc.ch\/wp-content\/uploads\/2023\/09\/fmc-logo.svg","contentUrl":"https:\/\/fmc.ch\/wp-content\/uploads\/2023\/09\/fmc-logo.svg","caption":"FMC"},"image":{"@id":"https:\/\/fmc.ch\/#\/schema\/logo\/image\/"}},{"@type":"Person","@id":"https:\/\/fmc.ch\/#\/schema\/person\/3a7218d283691f8ef8cf410e4615e507","name":"Nadja Blanchard","image":{"@type":"ImageObject","inLanguage":"fr-FR","@id":"https:\/\/secure.gravatar.com\/avatar\/729fbcebbfccd7834565b1398470d6ea84a4f3e7525873a0cb368db99228ce7b?s=96&d=mm&r=g","url":"https:\/\/secure.gravatar.com\/avatar\/729fbcebbfccd7834565b1398470d6ea84a4f3e7525873a0cb368db99228ce7b?s=96&d=mm&r=g","contentUrl":"https:\/\/secure.gravatar.com\/avatar\/729fbcebbfccd7834565b1398470d6ea84a4f3e7525873a0cb368db99228ce7b?s=96&d=mm&r=g","caption":"Nadja Blanchard"},"url":"https:\/\/fmc.ch\/fr\/author\/nadja-blanchardfmc-ch\/"}]}},"_links":{"self":[{"href":"https:\/\/fmc.ch\/fr\/wp-json\/wp\/v2\/posts\/10710","targetHints":{"allow":["GET"]}}],"collection":[{"href":"https:\/\/fmc.ch\/fr\/wp-json\/wp\/v2\/posts"}],"about":[{"href":"https:\/\/fmc.ch\/fr\/wp-json\/wp\/v2\/types\/post"}],"author":[{"embeddable":true,"href":"https:\/\/fmc.ch\/fr\/wp-json\/wp\/v2\/users\/2"}],"replies":[{"embeddable":true,"href":"https:\/\/fmc.ch\/fr\/wp-json\/wp\/v2\/comments?post=10710"}],"version-history":[{"count":14,"href":"https:\/\/fmc.ch\/fr\/wp-json\/wp\/v2\/posts\/10710\/revisions"}],"predecessor-version":[{"id":16523,"href":"https:\/\/fmc.ch\/fr\/wp-json\/wp\/v2\/posts\/10710\/revisions\/16523"}],"wp:featuredmedia":[{"embeddable":true,"href":"https:\/\/fmc.ch\/fr\/wp-json\/wp\/v2\/media\/10711"}],"wp:attachment":[{"href":"https:\/\/fmc.ch\/fr\/wp-json\/wp\/v2\/media?parent=10710"}],"wp:term":[{"taxonomy":"strategie","embeddable":true,"href":"https:\/\/fmc.ch\/fr\/wp-json\/wp\/v2\/strategie?post=10710"},{"taxonomy":"thema","embeddable":true,"href":"https:\/\/fmc.ch\/fr\/wp-json\/wp\/v2\/thema?post=10710"},{"taxonomy":"format","embeddable":true,"href":"https:\/\/fmc.ch\/fr\/wp-json\/wp\/v2\/format?post=10710"}],"curies":[{"name":"wp","href":"https:\/\/api.w.org\/{rel}","templated":true}]}}