{"id":10541,"date":"2023-09-29T11:17:08","date_gmt":"2023-09-29T11:17:08","guid":{"rendered":"https:\/\/fmc.ch\/?p=10541"},"modified":"2025-12-01T14:15:22","modified_gmt":"2025-12-01T13:15:22","slug":"atelier-de-sante-base-sur-la-valeur","status":"publish","type":"post","link":"https:\/\/fmc.ch\/fr\/value-based-healthcare-workshop\/","title":{"rendered":"\u00c9v\u00e9nement fmc : Atelier Value-based Healthcare"},"content":{"rendered":"<div data-elementor-type=\"wp-post\" data-elementor-id=\"10541\" class=\"elementor elementor-10541\" data-elementor-post-type=\"post\">\n\t\t\t\t\t\t<section class=\"elementor-section elementor-top-section elementor-element elementor-element-4fe8b04 elementor-section-boxed elementor-section-height-default elementor-section-height-default elementor-invisible\" data-id=\"4fe8b04\" data-element_type=\"section\" data-e-type=\"section\" data-settings=\"{&quot;animation&quot;:&quot;fadeIn&quot;}\">\n\t\t\t\t\t\t<div class=\"elementor-container elementor-column-gap-default\">\n\t\t\t\t\t<div class=\"elementor-column elementor-col-100 elementor-top-column elementor-element elementor-element-d639bf6\" data-id=\"d639bf6\" data-element_type=\"column\" data-e-type=\"column\">\n\t\t\t<div class=\"elementor-widget-wrap elementor-element-populated\">\n\t\t\t\t\t\t<div class=\"elementor-element elementor-element-a778861 elementor-widget elementor-widget-image\" data-id=\"a778861\" data-element_type=\"widget\" data-e-type=\"widget\" data-widget_type=\"image.default\">\n\t\t\t\t<div class=\"elementor-widget-container\">\n\t\t\t\t\t\t\t\t\t\t\t\t\t\t\t<img fetchpriority=\"high\" decoding=\"async\" width=\"800\" height=\"86\" src=\"https:\/\/fmc.ch\/wp-content\/uploads\/2023\/09\/Logos-Veranstalter-2000x215.png\" class=\"attachment-large size-large wp-image-10544\" alt=\"\" srcset=\"https:\/\/fmc.ch\/wp-content\/uploads\/2023\/09\/Logos-Veranstalter-2000x215.png 2000w, https:\/\/fmc.ch\/wp-content\/uploads\/2023\/09\/Logos-Veranstalter-600x64.png 600w, https:\/\/fmc.ch\/wp-content\/uploads\/2023\/09\/Logos-Veranstalter-768x83.png 768w, https:\/\/fmc.ch\/wp-content\/uploads\/2023\/09\/Logos-Veranstalter-1536x165.png 1536w, https:\/\/fmc.ch\/wp-content\/uploads\/2023\/09\/Logos-Veranstalter-2048x220.png 2048w\" sizes=\"(max-width: 800px) 100vw, 800px\" \/>\t\t\t\t\t\t\t\t\t\t\t\t\t\t\t<\/div>\n\t\t\t\t<\/div>\n\t\t\t\t\t<\/div>\n\t\t<\/div>\n\t\t\t\t\t<\/div>\n\t\t<\/section>\n\t\t\t\t<section class=\"elementor-section elementor-top-section elementor-element elementor-element-5bed6b4 elementor-section-boxed elementor-section-height-default elementor-section-height-default\" data-id=\"5bed6b4\" data-element_type=\"section\" data-e-type=\"section\">\n\t\t\t\t\t\t<div class=\"elementor-container elementor-column-gap-default\">\n\t\t\t\t\t<div class=\"elementor-column elementor-col-100 elementor-top-column elementor-element elementor-element-02e860c\" data-id=\"02e860c\" data-element_type=\"column\" data-e-type=\"column\">\n\t\t\t<div class=\"elementor-widget-wrap elementor-element-populated\">\n\t\t\t\t\t\t<div class=\"elementor-element elementor-element-8ad3a7d elementor-invisible elementor-widget elementor-widget-heading\" data-id=\"8ad3a7d\" data-element_type=\"widget\" data-e-type=\"widget\" data-settings=\"{&quot;_animation&quot;:&quot;fadeInUp&quot;}\" data-widget_type=\"heading.default\">\n\t\t\t\t<div class=\"elementor-widget-container\">\n\t\t\t\t\t<h2 class=\"elementor-heading-title elementor-size-default\">De quoi s'agissait-il ?<\/h2>\t\t\t\t<\/div>\n\t\t\t\t<\/div>\n\t\t\t\t<div class=\"elementor-element elementor-element-a4d38f2 elementor-invisible elementor-widget elementor-widget-text-editor\" data-id=\"a4d38f2\" data-element_type=\"widget\" data-e-type=\"widget\" data-settings=\"{&quot;_animation&quot;:&quot;fadeIn&quot;}\" data-widget_type=\"text-editor.default\">\n\t\t\t\t<div class=\"elementor-widget-container\">\n\t\t\t\t\t\t\t\t\t<p>L'augmentation des co\u00fbts, l'allongement de l'esp\u00e9rance de vie, la multimorbidit\u00e9, l'\u00e9volution rapide des technologies : les syst\u00e8mes de sant\u00e9 du monde entier sont confront\u00e9s \u00e0 des d\u00e9fis similaires. Au cours des deux derni\u00e8res d\u00e9cennies, diff\u00e9rentes approches de gestion et de solutions ont \u00e9t\u00e9 utilis\u00e9es pour corriger les faiblesses du syst\u00e8me : prise de d\u00e9cision bas\u00e9e sur des preuves, am\u00e9lioration de la qualit\u00e9 des soins, programmes de r\u00e9duction des co\u00fbts, etc. Ce sont toutes de bonnes approches, mais aucune de ces m\u00e9thodes n'a jusqu'\u00e0 pr\u00e9sent produit tous les effets escompt\u00e9s.<\/p><p>Porter et E. Teisberg de la Harvard Business School sont les fondateurs du concept VBHC. En r\u00e9ponse aux d\u00e9fis, ils ont propos\u00e9 d\u00e8s 2006 de passer d'un syst\u00e8me de sant\u00e9 ax\u00e9 sur l'offre \u00e0 un syst\u00e8me centr\u00e9 sur le patient. Leur id\u00e9e est de d\u00e9placer l'accent de l'activit\u00e9 vers les r\u00e9sultats. VBHC se d\u00e9marque ainsi d'un syst\u00e8me de sant\u00e9 ax\u00e9 sur l'offre, guid\u00e9 par l'activit\u00e9 des professionnels de la sant\u00e9 et r\u00e9mun\u00e9r\u00e9 en fonction des volumes, vers un syst\u00e8me centr\u00e9 sur la personne et organis\u00e9 dans l'environnement dont elle\/il a besoin.<\/p><p>En d'autres termes, Value-based Healthcare est une mesure de l'impact dans le domaine de la sant\u00e9.<\/p><p>De nombreuses discussions sur le Value-based Healthcare portent sur les PREM et les PROM, car ce sont des \u00e9l\u00e9ments essentiels de l'approche. Dans notre atelier, nous les laissons de c\u00f4t\u00e9 et nous nous concentrons sur le changement de culture n\u00e9cessaire pour que la VBHC ne soit pas seulement mesur\u00e9e, mais aussi v\u00e9cue.<\/p>\t\t\t\t\t\t\t\t<\/div>\n\t\t\t\t<\/div>\n\t\t\t\t\t<\/div>\n\t\t<\/div>\n\t\t\t\t\t<\/div>\n\t\t<\/section>\n\t\t\t\t<section class=\"elementor-section elementor-top-section elementor-element elementor-element-0213ff1 elementor-section-boxed elementor-section-height-default elementor-section-height-default\" data-id=\"0213ff1\" data-element_type=\"section\" data-e-type=\"section\">\n\t\t\t\t\t\t<div class=\"elementor-container elementor-column-gap-default\">\n\t\t\t\t\t<div class=\"elementor-column elementor-col-100 elementor-top-column elementor-element elementor-element-8b19f39\" data-id=\"8b19f39\" data-element_type=\"column\" data-e-type=\"column\">\n\t\t\t<div class=\"elementor-widget-wrap elementor-element-populated\">\n\t\t\t\t\t\t<div class=\"elementor-element elementor-element-3eab56a elementor-widget elementor-widget-text-editor\" data-id=\"3eab56a\" data-element_type=\"widget\" data-e-type=\"widget\" data-widget_type=\"text-editor.default\">\n\t\t\t\t<div class=\"elementor-widget-container\">\n\t\t\t\t\t\t\t\t\t<p>Tout d'abord, diff\u00e9rentes perspectives sur le Value-based Healthcare ont \u00e9t\u00e9 pr\u00e9sent\u00e9es :<\/p><ul><li>Unisant\u00e9, qui met en lumi\u00e8re l'aspect \u00e9conomique de VBHC<\/li><li>L'h\u00f4pital de La Tour, qui fonctionne selon l'approche VBHC<\/li><li>La caisse maladie Groupe Mutuel, qui soutient la d\u00e9marche VBHC<\/li><li>Le R\u00e9seau Delta, un r\u00e9seau de m\u00e9decins qui vit de l'\u00e9coulement des VBHC dans le secteur ambulatoire<\/li><\/ul>\t\t\t\t\t\t\t\t<\/div>\n\t\t\t\t<\/div>\n\t\t\t\t\t<\/div>\n\t\t<\/div>\n\t\t\t\t\t<\/div>\n\t\t<\/section>\n\t\t\t\t<section class=\"elementor-section elementor-top-section elementor-element elementor-element-6242ec6 elementor-section-boxed elementor-section-height-default elementor-section-height-default\" data-id=\"6242ec6\" data-element_type=\"section\" data-e-type=\"section\">\n\t\t\t\t\t\t<div class=\"elementor-container elementor-column-gap-default\">\n\t\t\t\t\t<div class=\"elementor-column elementor-col-100 elementor-top-column elementor-element elementor-element-545ea01\" data-id=\"545ea01\" data-element_type=\"column\" data-e-type=\"column\">\n\t\t\t<div class=\"elementor-widget-wrap elementor-element-populated\">\n\t\t\t\t\t\t<div class=\"elementor-element elementor-element-73ee3b5 elementor-widget elementor-widget-text-editor\" data-id=\"73ee3b5\" data-element_type=\"widget\" data-e-type=\"widget\" data-widget_type=\"text-editor.default\">\n\t\t\t\t<div class=\"elementor-widget-container\">\n\t\t\t\t\t\t\t\t\t<p>Les participants avaient ensuite le choix entre deux ateliers pratiques :<\/p><ul><li>Comment \u00e9tablir une culture VBHC ?<\/li><li>Elaboration d'un parcours de soins, \u00e0 partir du patient, avec la participation de Magali Bilien, patiente.<\/li><\/ul>\t\t\t\t\t\t\t\t<\/div>\n\t\t\t\t<\/div>\n\t\t\t\t\t<\/div>\n\t\t<\/div>\n\t\t\t\t\t<\/div>\n\t\t<\/section>\n\t\t\t\t<section class=\"elementor-section elementor-top-section elementor-element elementor-element-1b82663 elementor-section-boxed elementor-section-height-default elementor-section-height-default\" data-id=\"1b82663\" data-element_type=\"section\" data-e-type=\"section\">\n\t\t\t\t\t\t<div class=\"elementor-container elementor-column-gap-default\">\n\t\t\t\t\t<div class=\"elementor-column elementor-col-100 elementor-top-column elementor-element elementor-element-f3da126\" data-id=\"f3da126\" data-element_type=\"column\" data-e-type=\"column\">\n\t\t\t<div class=\"elementor-widget-wrap elementor-element-populated\">\n\t\t\t\t\t\t<div class=\"elementor-element elementor-element-c7396f2 elementor-widget elementor-widget-image\" data-id=\"c7396f2\" data-element_type=\"widget\" data-e-type=\"widget\" data-widget_type=\"image.default\">\n\t\t\t\t<div class=\"elementor-widget-container\">\n\t\t\t\t\t\t\t\t\t\t\t\t\t\t\t<img decoding=\"async\" width=\"800\" height=\"450\" src=\"https:\/\/fmc.ch\/wp-content\/uploads\/2023\/09\/Folie1.jpg\" class=\"attachment-large size-large wp-image-10546\" alt=\"\" srcset=\"https:\/\/fmc.ch\/wp-content\/uploads\/2023\/09\/Folie1.jpg 1280w, https:\/\/fmc.ch\/wp-content\/uploads\/2023\/09\/Folie1-600x338.jpg 600w, https:\/\/fmc.ch\/wp-content\/uploads\/2023\/09\/Folie1-768x432.jpg 768w\" sizes=\"(max-width: 800px) 100vw, 800px\" \/>\t\t\t\t\t\t\t\t\t\t\t\t\t\t\t<\/div>\n\t\t\t\t<\/div>\n\t\t\t\t\t<\/div>\n\t\t<\/div>\n\t\t\t\t\t<\/div>\n\t\t<\/section>\n\t\t\t\t<section class=\"elementor-section elementor-top-section elementor-element elementor-element-d20d4cd elementor-section-boxed elementor-section-height-default elementor-section-height-default\" data-id=\"d20d4cd\" data-element_type=\"section\" data-e-type=\"section\">\n\t\t\t\t\t\t<div class=\"elementor-container elementor-column-gap-default\">\n\t\t\t\t\t<div class=\"elementor-column elementor-col-100 elementor-top-column elementor-element elementor-element-90c6f89\" data-id=\"90c6f89\" data-element_type=\"column\" data-e-type=\"column\">\n\t\t\t<div class=\"elementor-widget-wrap elementor-element-populated\">\n\t\t\t\t\t\t<div class=\"elementor-element elementor-element-db37ca2 elementor-widget elementor-widget-text-editor\" data-id=\"db37ca2\" data-element_type=\"widget\" data-e-type=\"widget\" data-widget_type=\"text-editor.default\">\n\t\t\t\t<div class=\"elementor-widget-container\">\n\t\t\t\t\t\t\t\t\t<p>Pour plus d'informations sur Value-based Healthcare et sa mise en \u0153uvre, consultez notre guide.<\/p>\t\t\t\t\t\t\t\t<\/div>\n\t\t\t\t<\/div>\n\t\t\t\t\t<\/div>\n\t\t<\/div>\n\t\t\t\t\t<\/div>\n\t\t<\/section>\n\t\t\t\t<section class=\"elementor-section elementor-top-section elementor-element elementor-element-c755391 elementor-section-boxed elementor-section-height-default elementor-section-height-default\" data-id=\"c755391\" data-element_type=\"section\" data-e-type=\"section\">\n\t\t\t\t\t\t<div class=\"elementor-container elementor-column-gap-default\">\n\t\t\t\t\t<div class=\"elementor-column elementor-col-100 elementor-top-column elementor-element elementor-element-16a1a75\" data-id=\"16a1a75\" data-element_type=\"column\" data-e-type=\"column\">\n\t\t\t<div class=\"elementor-widget-wrap elementor-element-populated\">\n\t\t\t\t\t\t<div class=\"elementor-element elementor-element-e0d7ec8 elementor-widget elementor-widget-button\" data-id=\"e0d7ec8\" data-element_type=\"widget\" data-e-type=\"widget\" data-widget_type=\"button.default\">\n\t\t\t\t<div class=\"elementor-widget-container\">\n\t\t\t\t\t\t\t\t\t<div class=\"elementor-button-wrapper\">\n\t\t\t\t\t<a class=\"elementor-button elementor-button-link elementor-size-sm\" href=\"https:\/\/fmc.ch\/fr\/guide-de-la-sante-basee-sur-la-valeur\/\">\n\t\t\t\t\t\t<span class=\"elementor-button-content-wrapper\">\n\t\t\t\t\t\t\t\t\t<span class=\"elementor-button-text\">Cliquez ici pour acc\u00e9der \u00e0 notre guide<\/span>\n\t\t\t\t\t<\/span>\n\t\t\t\t\t<\/a>\n\t\t\t\t<\/div>\n\t\t\t\t\t\t\t\t<\/div>\n\t\t\t\t<\/div>\n\t\t\t\t\t<\/div>\n\t\t<\/div>\n\t\t\t\t\t<\/div>\n\t\t<\/section>\n\t\t<div class=\"elementor-element elementor-element-bf85f3e e-flex e-con-boxed e-con e-parent\" data-id=\"bf85f3e\" data-element_type=\"container\" data-e-type=\"container\">\n\t\t\t\t\t<div class=\"e-con-inner\">\n\t\t\t\t<div class=\"elementor-element elementor-element-6669dce elementor-widget-divider--view-line elementor-widget elementor-widget-divider\" data-id=\"6669dce\" data-element_type=\"widget\" data-e-type=\"widget\" data-widget_type=\"divider.default\">\n\t\t\t\t<div class=\"elementor-widget-container\">\n\t\t\t\t\t\t\t<div class=\"elementor-divider\">\n\t\t\t<span class=\"elementor-divider-separator\">\n\t\t\t\t\t\t<\/span>\n\t\t<\/div>\n\t\t\t\t\t\t<\/div>\n\t\t\t\t<\/div>\n\t\t\t\t\t<\/div>\n\t\t\t\t<\/div>\n\t\t<div class=\"elementor-element elementor-element-8edc928 e-flex e-con-boxed e-con e-parent\" data-id=\"8edc928\" data-element_type=\"container\" data-e-type=\"container\">\n\t\t\t\t\t<div class=\"e-con-inner\">\n\t\t\t\t<div class=\"elementor-element elementor-element-170f07e elementor-widget elementor-widget-heading\" data-id=\"170f07e\" data-element_type=\"widget\" data-e-type=\"widget\" data-widget_type=\"heading.default\">\n\t\t\t\t<div class=\"elementor-widget-container\">\n\t\t\t\t\t<h2 class=\"elementor-heading-title elementor-size-default\">Autres articles sur le th\u00e8me Value-based Healthcare<\/h2>\t\t\t\t<\/div>\n\t\t\t\t<\/div>\n\t\t\t\t\t<\/div>\n\t\t\t\t<\/div>\n\t\t<div class=\"elementor-element elementor-element-e88e852 e-flex e-con-boxed e-con e-parent\" data-id=\"e88e852\" data-element_type=\"container\" data-e-type=\"container\">\n\t\t\t\t\t<div class=\"e-con-inner\">\n\t\t\t\t<div class=\"elementor-element elementor-element-896f006 elementor-widget elementor-widget-text-editor\" data-id=\"896f006\" data-element_type=\"widget\" data-e-type=\"widget\" data-widget_type=\"text-editor.default\">\n\t\t\t\t<div class=\"elementor-widget-container\">\n\t\t\t\t\t\t\t\t\t<ul><li><a href=\"https:\/\/fmc.ch\/fr\/webinaire-value-based-healthcare\/\" target=\"_blank\" rel=\"noopener\">Value based Cancer Care - Comment impl\u00e9menter les \"Value based Outcome Measures\" en Suisse ?<\/a><\/li><li><a href=\"https:\/\/fmc.ch\/fr\/serie-de-webinaires-vbhc-et-soins-integres\/\" target=\"_blank\" rel=\"noopener\">S\u00e9rie de webinaires : VBHC &amp; Integrated Care : joindre les forces pour atteindre un syst\u00e8me ax\u00e9 sur la sant\u00e9<\/a><\/li><li><a href=\"https:\/\/fmc.ch\/fr\/guide-de-la-sante-basee-sur-la-valeur\/\" target=\"_blank\" rel=\"noopener\">Value-based Healthcare - de la th\u00e9orie \u00e0 la pratique - Un guide pour la mise en \u0153uvre<\/a><\/li><\/ul>\t\t\t\t\t\t\t\t<\/div>\n\t\t\t\t<\/div>\n\t\t\t\t\t<\/div>\n\t\t\t\t<\/div>\n\t\t\t\t<\/div>","protected":false},"excerpt":{"rendered":"<p>Lors de cet atelier, nous nous pencherons sur le changement culturel n\u00e9cessaire pour que la VBHC ne soit pas seulement mesur\u00e9e, mais v\u00e9cue.<\/p>","protected":false},"author":2,"featured_media":10542,"comment_status":"closed","ping_status":"closed","sticky":false,"template":"","format":[142,138],"meta":{"footnotes":""},"strategie":[156],"thema":[153,168],"class_list":["post-10541","post","type-post","status-publish","format-standard","has-post-thumbnail","hentry","strategie-zusammenarbeit","thema-integration-von-patientinnen","thema-qualitaetsentwicklung","format-anlaesse-vor-ort","format-veranstaltung"],"yoast_head":"<!-- This site is optimized with the Yoast SEO plugin v27.5 - https:\/\/yoast.com\/product\/yoast-seo-wordpress\/ -->\n<title>fmc Event: Value-based Healthcare Workshop - FMC<\/title>\n<meta name=\"description\" content=\"An diesem Workshop befassen wir uns mit dem notwendigen Kulturwandel, um VBHC nicht nur zu messen, sondern zu leben.\" \/>\n<meta name=\"robots\" content=\"index, follow, max-snippet:-1, max-image-preview:large, max-video-preview:-1\" \/>\n<link rel=\"canonical\" href=\"https:\/\/fmc.ch\/fr\/atelier-de-sante-base-sur-la-valeur\/\" \/>\n<meta property=\"og:locale\" content=\"fr_FR\" \/>\n<meta property=\"og:type\" content=\"article\" \/>\n<meta property=\"og:title\" content=\"fmc Event: Value-based Healthcare Workshop - FMC\" \/>\n<meta property=\"og:description\" content=\"An diesem Workshop befassen wir uns mit dem notwendigen Kulturwandel, um VBHC nicht nur zu messen, sondern zu leben.\" \/>\n<meta property=\"og:url\" content=\"https:\/\/fmc.ch\/fr\/atelier-de-sante-base-sur-la-valeur\/\" \/>\n<meta property=\"og:site_name\" content=\"FMC\" \/>\n<meta property=\"article:published_time\" content=\"2023-09-29T11:17:08+00:00\" \/>\n<meta property=\"article:modified_time\" content=\"2025-12-01T13:15:22+00:00\" \/>\n<meta property=\"og:image\" content=\"https:\/\/fmc.ch\/wp-content\/uploads\/2024\/07\/Anlaesse-vor-Ort_VBHC-Workshop-in-Lausanne.png\" \/>\n\t<meta property=\"og:image:width\" content=\"635\" \/>\n\t<meta property=\"og:image:height\" content=\"591\" \/>\n\t<meta property=\"og:image:type\" content=\"image\/png\" \/>\n<meta name=\"author\" content=\"Nadja Blanchard\" \/>\n<meta name=\"twitter:card\" content=\"summary_large_image\" \/>\n<meta name=\"twitter:label1\" content=\"\u00c9crit par\" \/>\n\t<meta name=\"twitter:data1\" content=\"Nadja Blanchard\" \/>\n\t<meta name=\"twitter:label2\" content=\"Dur\u00e9e de lecture estim\u00e9e\" \/>\n\t<meta name=\"twitter:data2\" content=\"3 minutes\" \/>\n<script type=\"application\/ld+json\" class=\"yoast-schema-graph\">{\"@context\":\"https:\\\/\\\/schema.org\",\"@graph\":[{\"@type\":\"Article\",\"@id\":\"https:\\\/\\\/fmc.ch\\\/value-based-healthcare-workshop\\\/#article\",\"isPartOf\":{\"@id\":\"https:\\\/\\\/fmc.ch\\\/value-based-healthcare-workshop\\\/\"},\"author\":{\"name\":\"Nadja Blanchard\",\"@id\":\"https:\\\/\\\/fmc.ch\\\/#\\\/schema\\\/person\\\/3a7218d283691f8ef8cf410e4615e507\"},\"headline\":\"fmc Event: Value-based Healthcare Workshop\",\"datePublished\":\"2023-09-29T11:17:08+00:00\",\"dateModified\":\"2025-12-01T13:15:22+00:00\",\"mainEntityOfPage\":{\"@id\":\"https:\\\/\\\/fmc.ch\\\/value-based-healthcare-workshop\\\/\"},\"wordCount\":373,\"publisher\":{\"@id\":\"https:\\\/\\\/fmc.ch\\\/#organization\"},\"image\":{\"@id\":\"https:\\\/\\\/fmc.ch\\\/value-based-healthcare-workshop\\\/#primaryimage\"},\"thumbnailUrl\":\"https:\\\/\\\/fmc.ch\\\/wp-content\\\/uploads\\\/2024\\\/07\\\/Anlaesse-vor-Ort_VBHC-Workshop-in-Lausanne.png\",\"keywords\":[\"value-based healthcare\"],\"articleSection\":[\"Anl\u00e4sse vor Ort\"],\"inLanguage\":\"fr-FR\"},{\"@type\":\"WebPage\",\"@id\":\"https:\\\/\\\/fmc.ch\\\/value-based-healthcare-workshop\\\/\",\"url\":\"https:\\\/\\\/fmc.ch\\\/value-based-healthcare-workshop\\\/\",\"name\":\"fmc Event: Value-based Healthcare Workshop - FMC\",\"isPartOf\":{\"@id\":\"https:\\\/\\\/fmc.ch\\\/#website\"},\"primaryImageOfPage\":{\"@id\":\"https:\\\/\\\/fmc.ch\\\/value-based-healthcare-workshop\\\/#primaryimage\"},\"image\":{\"@id\":\"https:\\\/\\\/fmc.ch\\\/value-based-healthcare-workshop\\\/#primaryimage\"},\"thumbnailUrl\":\"https:\\\/\\\/fmc.ch\\\/wp-content\\\/uploads\\\/2024\\\/07\\\/Anlaesse-vor-Ort_VBHC-Workshop-in-Lausanne.png\",\"datePublished\":\"2023-09-29T11:17:08+00:00\",\"dateModified\":\"2025-12-01T13:15:22+00:00\",\"description\":\"An diesem Workshop befassen wir uns mit dem notwendigen Kulturwandel, um VBHC nicht nur zu messen, sondern zu leben.\",\"breadcrumb\":{\"@id\":\"https:\\\/\\\/fmc.ch\\\/value-based-healthcare-workshop\\\/#breadcrumb\"},\"inLanguage\":\"fr-FR\",\"potentialAction\":[{\"@type\":\"ReadAction\",\"target\":[\"https:\\\/\\\/fmc.ch\\\/value-based-healthcare-workshop\\\/\"]}]},{\"@type\":\"ImageObject\",\"inLanguage\":\"fr-FR\",\"@id\":\"https:\\\/\\\/fmc.ch\\\/value-based-healthcare-workshop\\\/#primaryimage\",\"url\":\"https:\\\/\\\/fmc.ch\\\/wp-content\\\/uploads\\\/2024\\\/07\\\/Anlaesse-vor-Ort_VBHC-Workshop-in-Lausanne.png\",\"contentUrl\":\"https:\\\/\\\/fmc.ch\\\/wp-content\\\/uploads\\\/2024\\\/07\\\/Anlaesse-vor-Ort_VBHC-Workshop-in-Lausanne.png\",\"width\":635,\"height\":591},{\"@type\":\"BreadcrumbList\",\"@id\":\"https:\\\/\\\/fmc.ch\\\/value-based-healthcare-workshop\\\/#breadcrumb\",\"itemListElement\":[{\"@type\":\"ListItem\",\"position\":1,\"name\":\"Home\",\"item\":\"https:\\\/\\\/fmc.ch\\\/\"},{\"@type\":\"ListItem\",\"position\":2,\"name\":\"fmc Event: Value-based Healthcare Workshop\"}]},{\"@type\":\"WebSite\",\"@id\":\"https:\\\/\\\/fmc.ch\\\/#website\",\"url\":\"https:\\\/\\\/fmc.ch\\\/\",\"name\":\"FMC\",\"description\":\"Schweizer Forum f\u00fcr Integrierte Versorgung\",\"publisher\":{\"@id\":\"https:\\\/\\\/fmc.ch\\\/#organization\"},\"potentialAction\":[{\"@type\":\"SearchAction\",\"target\":{\"@type\":\"EntryPoint\",\"urlTemplate\":\"https:\\\/\\\/fmc.ch\\\/?s={search_term_string}\"},\"query-input\":{\"@type\":\"PropertyValueSpecification\",\"valueRequired\":true,\"valueName\":\"search_term_string\"}}],\"inLanguage\":\"fr-FR\"},{\"@type\":\"Organization\",\"@id\":\"https:\\\/\\\/fmc.ch\\\/#organization\",\"name\":\"FMC\",\"url\":\"https:\\\/\\\/fmc.ch\\\/\",\"logo\":{\"@type\":\"ImageObject\",\"inLanguage\":\"fr-FR\",\"@id\":\"https:\\\/\\\/fmc.ch\\\/#\\\/schema\\\/logo\\\/image\\\/\",\"url\":\"https:\\\/\\\/fmc.ch\\\/wp-content\\\/uploads\\\/2023\\\/09\\\/fmc-logo.svg\",\"contentUrl\":\"https:\\\/\\\/fmc.ch\\\/wp-content\\\/uploads\\\/2023\\\/09\\\/fmc-logo.svg\",\"caption\":\"FMC\"},\"image\":{\"@id\":\"https:\\\/\\\/fmc.ch\\\/#\\\/schema\\\/logo\\\/image\\\/\"}},{\"@type\":\"Person\",\"@id\":\"https:\\\/\\\/fmc.ch\\\/#\\\/schema\\\/person\\\/3a7218d283691f8ef8cf410e4615e507\",\"name\":\"Nadja Blanchard\",\"image\":{\"@type\":\"ImageObject\",\"inLanguage\":\"fr-FR\",\"@id\":\"https:\\\/\\\/secure.gravatar.com\\\/avatar\\\/729fbcebbfccd7834565b1398470d6ea84a4f3e7525873a0cb368db99228ce7b?s=96&d=mm&r=g\",\"url\":\"https:\\\/\\\/secure.gravatar.com\\\/avatar\\\/729fbcebbfccd7834565b1398470d6ea84a4f3e7525873a0cb368db99228ce7b?s=96&d=mm&r=g\",\"contentUrl\":\"https:\\\/\\\/secure.gravatar.com\\\/avatar\\\/729fbcebbfccd7834565b1398470d6ea84a4f3e7525873a0cb368db99228ce7b?s=96&d=mm&r=g\",\"caption\":\"Nadja Blanchard\"},\"url\":\"https:\\\/\\\/fmc.ch\\\/fr\\\/author\\\/nadja-blanchardfmc-ch\\\/\"}]}<\/script>\n<!-- \/ Yoast SEO plugin. -->","yoast_head_json":{"title":"\u00c9v\u00e9nement fmc : Atelier Value-based Healthcare - FMC","description":"Lors de cet atelier, nous nous pencherons sur le changement culturel n\u00e9cessaire pour que la VBHC ne soit pas seulement mesur\u00e9e, mais v\u00e9cue.","robots":{"index":"index","follow":"follow","max-snippet":"max-snippet:-1","max-image-preview":"max-image-preview:large","max-video-preview":"max-video-preview:-1"},"canonical":"https:\/\/fmc.ch\/fr\/atelier-de-sante-base-sur-la-valeur\/","og_locale":"fr_FR","og_type":"article","og_title":"fmc Event: Value-based Healthcare Workshop - FMC","og_description":"An diesem Workshop befassen wir uns mit dem notwendigen Kulturwandel, um VBHC nicht nur zu messen, sondern zu leben.","og_url":"https:\/\/fmc.ch\/fr\/atelier-de-sante-base-sur-la-valeur\/","og_site_name":"FMC","article_published_time":"2023-09-29T11:17:08+00:00","article_modified_time":"2025-12-01T13:15:22+00:00","og_image":[{"width":635,"height":591,"url":"https:\/\/fmc.ch\/wp-content\/uploads\/2024\/07\/Anlaesse-vor-Ort_VBHC-Workshop-in-Lausanne.png","type":"image\/png"}],"author":"Nadja Blanchard","twitter_card":"summary_large_image","twitter_misc":{"\u00c9crit par":"Nadja Blanchard","Dur\u00e9e de lecture estim\u00e9e":"3 minutes"},"schema":{"@context":"https:\/\/schema.org","@graph":[{"@type":"Article","@id":"https:\/\/fmc.ch\/value-based-healthcare-workshop\/#article","isPartOf":{"@id":"https:\/\/fmc.ch\/value-based-healthcare-workshop\/"},"author":{"name":"Nadja Blanchard","@id":"https:\/\/fmc.ch\/#\/schema\/person\/3a7218d283691f8ef8cf410e4615e507"},"headline":"fmc Event: Value-based Healthcare Workshop","datePublished":"2023-09-29T11:17:08+00:00","dateModified":"2025-12-01T13:15:22+00:00","mainEntityOfPage":{"@id":"https:\/\/fmc.ch\/value-based-healthcare-workshop\/"},"wordCount":373,"publisher":{"@id":"https:\/\/fmc.ch\/#organization"},"image":{"@id":"https:\/\/fmc.ch\/value-based-healthcare-workshop\/#primaryimage"},"thumbnailUrl":"https:\/\/fmc.ch\/wp-content\/uploads\/2024\/07\/Anlaesse-vor-Ort_VBHC-Workshop-in-Lausanne.png","keywords":["value-based healthcare"],"articleSection":["Anl\u00e4sse vor Ort"],"inLanguage":"fr-FR"},{"@type":"WebPage","@id":"https:\/\/fmc.ch\/value-based-healthcare-workshop\/","url":"https:\/\/fmc.ch\/value-based-healthcare-workshop\/","name":"\u00c9v\u00e9nement fmc : Atelier Value-based Healthcare - FMC","isPartOf":{"@id":"https:\/\/fmc.ch\/#website"},"primaryImageOfPage":{"@id":"https:\/\/fmc.ch\/value-based-healthcare-workshop\/#primaryimage"},"image":{"@id":"https:\/\/fmc.ch\/value-based-healthcare-workshop\/#primaryimage"},"thumbnailUrl":"https:\/\/fmc.ch\/wp-content\/uploads\/2024\/07\/Anlaesse-vor-Ort_VBHC-Workshop-in-Lausanne.png","datePublished":"2023-09-29T11:17:08+00:00","dateModified":"2025-12-01T13:15:22+00:00","description":"Lors de cet atelier, nous nous pencherons sur le changement culturel n\u00e9cessaire pour que la VBHC ne soit pas seulement mesur\u00e9e, mais v\u00e9cue.","breadcrumb":{"@id":"https:\/\/fmc.ch\/value-based-healthcare-workshop\/#breadcrumb"},"inLanguage":"fr-FR","potentialAction":[{"@type":"ReadAction","target":["https:\/\/fmc.ch\/value-based-healthcare-workshop\/"]}]},{"@type":"ImageObject","inLanguage":"fr-FR","@id":"https:\/\/fmc.ch\/value-based-healthcare-workshop\/#primaryimage","url":"https:\/\/fmc.ch\/wp-content\/uploads\/2024\/07\/Anlaesse-vor-Ort_VBHC-Workshop-in-Lausanne.png","contentUrl":"https:\/\/fmc.ch\/wp-content\/uploads\/2024\/07\/Anlaesse-vor-Ort_VBHC-Workshop-in-Lausanne.png","width":635,"height":591},{"@type":"BreadcrumbList","@id":"https:\/\/fmc.ch\/value-based-healthcare-workshop\/#breadcrumb","itemListElement":[{"@type":"ListItem","position":1,"name":"Home","item":"https:\/\/fmc.ch\/"},{"@type":"ListItem","position":2,"name":"fmc Event: Value-based Healthcare Workshop"}]},{"@type":"WebSite","@id":"https:\/\/fmc.ch\/#website","url":"https:\/\/fmc.ch\/","name":"FMC","description":"Forum suisse des soins int\u00e9gr\u00e9s","publisher":{"@id":"https:\/\/fmc.ch\/#organization"},"potentialAction":[{"@type":"SearchAction","target":{"@type":"EntryPoint","urlTemplate":"https:\/\/fmc.ch\/?s={search_term_string}"},"query-input":{"@type":"PropertyValueSpecification","valueRequired":true,"valueName":"search_term_string"}}],"inLanguage":"fr-FR"},{"@type":"Organization","@id":"https:\/\/fmc.ch\/#organization","name":"FMC","url":"https:\/\/fmc.ch\/","logo":{"@type":"ImageObject","inLanguage":"fr-FR","@id":"https:\/\/fmc.ch\/#\/schema\/logo\/image\/","url":"https:\/\/fmc.ch\/wp-content\/uploads\/2023\/09\/fmc-logo.svg","contentUrl":"https:\/\/fmc.ch\/wp-content\/uploads\/2023\/09\/fmc-logo.svg","caption":"FMC"},"image":{"@id":"https:\/\/fmc.ch\/#\/schema\/logo\/image\/"}},{"@type":"Person","@id":"https:\/\/fmc.ch\/#\/schema\/person\/3a7218d283691f8ef8cf410e4615e507","name":"Nadja Blanchard","image":{"@type":"ImageObject","inLanguage":"fr-FR","@id":"https:\/\/secure.gravatar.com\/avatar\/729fbcebbfccd7834565b1398470d6ea84a4f3e7525873a0cb368db99228ce7b?s=96&d=mm&r=g","url":"https:\/\/secure.gravatar.com\/avatar\/729fbcebbfccd7834565b1398470d6ea84a4f3e7525873a0cb368db99228ce7b?s=96&d=mm&r=g","contentUrl":"https:\/\/secure.gravatar.com\/avatar\/729fbcebbfccd7834565b1398470d6ea84a4f3e7525873a0cb368db99228ce7b?s=96&d=mm&r=g","caption":"Nadja Blanchard"},"url":"https:\/\/fmc.ch\/fr\/author\/nadja-blanchardfmc-ch\/"}]}},"_links":{"self":[{"href":"https:\/\/fmc.ch\/fr\/wp-json\/wp\/v2\/posts\/10541","targetHints":{"allow":["GET"]}}],"collection":[{"href":"https:\/\/fmc.ch\/fr\/wp-json\/wp\/v2\/posts"}],"about":[{"href":"https:\/\/fmc.ch\/fr\/wp-json\/wp\/v2\/types\/post"}],"author":[{"embeddable":true,"href":"https:\/\/fmc.ch\/fr\/wp-json\/wp\/v2\/users\/2"}],"replies":[{"embeddable":true,"href":"https:\/\/fmc.ch\/fr\/wp-json\/wp\/v2\/comments?post=10541"}],"version-history":[{"count":8,"href":"https:\/\/fmc.ch\/fr\/wp-json\/wp\/v2\/posts\/10541\/revisions"}],"predecessor-version":[{"id":16941,"href":"https:\/\/fmc.ch\/fr\/wp-json\/wp\/v2\/posts\/10541\/revisions\/16941"}],"wp:featuredmedia":[{"embeddable":true,"href":"https:\/\/fmc.ch\/fr\/wp-json\/wp\/v2\/media\/10542"}],"wp:attachment":[{"href":"https:\/\/fmc.ch\/fr\/wp-json\/wp\/v2\/media?parent=10541"}],"wp:term":[{"taxonomy":"strategie","embeddable":true,"href":"https:\/\/fmc.ch\/fr\/wp-json\/wp\/v2\/strategie?post=10541"},{"taxonomy":"thema","embeddable":true,"href":"https:\/\/fmc.ch\/fr\/wp-json\/wp\/v2\/thema?post=10541"},{"taxonomy":"format","embeddable":true,"href":"https:\/\/fmc.ch\/fr\/wp-json\/wp\/v2\/format?post=10541"}],"curies":[{"name":"wp","href":"https:\/\/api.w.org\/{rel}","templated":true}]}}