{"id":10531,"date":"2024-04-12T11:07:00","date_gmt":"2024-04-12T11:07:00","guid":{"rendered":"https:\/\/fmc.ch\/?p=10531"},"modified":"2025-11-27T17:16:39","modified_gmt":"2025-11-27T16:16:39","slug":"1-dialogue-de-la-fmc-avec-la-politique-de-la-sante","status":"publish","type":"post","link":"https:\/\/fmc.ch\/fr\/1-fmc-dialog-mit-der-gesundheits-politik\/","title":{"rendered":"Dialogue de la fmc avec la politique de sant\u00e9"},"content":{"rendered":"<div data-elementor-type=\"wp-post\" data-elementor-id=\"10531\" class=\"elementor elementor-10531\" data-elementor-post-type=\"post\">\n\t\t\t\t\t\t<section class=\"elementor-section elementor-top-section elementor-element elementor-element-4fe8b04 elementor-section-boxed elementor-section-height-default elementor-section-height-default elementor-invisible\" data-id=\"4fe8b04\" data-element_type=\"section\" data-e-type=\"section\" data-settings=\"{&quot;animation&quot;:&quot;fadeIn&quot;}\">\n\t\t\t\t\t\t<div class=\"elementor-container elementor-column-gap-default\">\n\t\t\t\t\t<div class=\"elementor-column elementor-col-100 elementor-top-column elementor-element elementor-element-d639bf6\" data-id=\"d639bf6\" data-element_type=\"column\" data-e-type=\"column\">\n\t\t\t<div class=\"elementor-widget-wrap elementor-element-populated\">\n\t\t\t\t\t\t<div class=\"elementor-element elementor-element-c423f10 elementor-widget elementor-widget-text-editor\" data-id=\"c423f10\" data-element_type=\"widget\" data-e-type=\"widget\" data-widget_type=\"text-editor.default\">\n\t\t\t\t<div class=\"elementor-widget-container\">\n\t\t\t\t\t\t\t\t\t<h3>Apr\u00e8s les \u00e9lections et avec la nouvelle conseill\u00e8re f\u00e9d\u00e9rale en charge du DFI, le Parlement est en train de se reformer. En raison de l'\u00e9volution du personnel qualifi\u00e9 et des co\u00fbts, les r\u00e9flexions et les concepts des partis politiques sur le syst\u00e8me de sant\u00e9 ont une grande importance et une grande priorit\u00e9. Les approches visant \u00e0 promouvoir les soins int\u00e9gr\u00e9s sont pr\u00e9sentes dans tous les concepts, tous partis confondus. Lors du 1er dialogue de la fmc avec la politique de sant\u00e9, ces th\u00e8mes et leurs diff\u00e9rentes positions seront discut\u00e9s avec les politiciens et les partenaires et partenaires or de la fmc.<\/h3>\t\t\t\t\t\t\t\t<\/div>\n\t\t\t\t<\/div>\n\t\t\t\t\t<\/div>\n\t\t<\/div>\n\t\t\t\t\t<\/div>\n\t\t<\/section>\n\t\t\t\t<section class=\"elementor-section elementor-top-section elementor-element elementor-element-5bed6b4 elementor-section-boxed elementor-section-height-default elementor-section-height-default\" data-id=\"5bed6b4\" data-element_type=\"section\" data-e-type=\"section\">\n\t\t\t\t\t\t<div class=\"elementor-container elementor-column-gap-default\">\n\t\t\t\t\t<div class=\"elementor-column elementor-col-100 elementor-top-column elementor-element elementor-element-02e860c\" data-id=\"02e860c\" data-element_type=\"column\" data-e-type=\"column\">\n\t\t\t<div class=\"elementor-widget-wrap elementor-element-populated\">\n\t\t\t\t\t\t<div class=\"elementor-element elementor-element-8ad3a7d elementor-invisible elementor-widget elementor-widget-heading\" data-id=\"8ad3a7d\" data-element_type=\"widget\" data-e-type=\"widget\" data-settings=\"{&quot;_animation&quot;:&quot;fadeInUp&quot;}\" data-widget_type=\"heading.default\">\n\t\t\t\t<div class=\"elementor-widget-container\">\n\t\t\t\t\t<h2 class=\"elementor-heading-title elementor-size-default\">De quoi s'agissait-il ?<\/h2>\t\t\t\t<\/div>\n\t\t\t\t<\/div>\n\t\t\t\t<div class=\"elementor-element elementor-element-a4d38f2 elementor-invisible elementor-widget elementor-widget-text-editor\" data-id=\"a4d38f2\" data-element_type=\"widget\" data-e-type=\"widget\" data-settings=\"{&quot;_animation&quot;:&quot;fadeIn&quot;}\" data-widget_type=\"text-editor.default\">\n\t\t\t\t<div class=\"elementor-widget-container\">\n\t\t\t\t\t\t\t\t\t<p>Mercredi soir, nous avons tent\u00e9 une exp\u00e9rience. Nous avons invit\u00e9 nos membres \u00e0 un dialogue fmc avec la politique de sant\u00e9. Nous n'avons pas parl\u00e9 de politique de sant\u00e9, mais nous avons cherch\u00e9 \u00e0 dialoguer avec des politiciens de la sant\u00e9. C'est ce que beaucoup souhaitent - c'est pourquoi nous avons tout de suite r\u00e9alis\u00e9 cela en coop\u00e9ration avec VBHC Suisse, la plate-forme Interprofessionnalit\u00e9, la FSAS et medswiss.net. Outre les repr\u00e9sentants du Conseil national et du Conseil des Etats, les participants \u00e9taient \u00e0 l'image des soins int\u00e9gr\u00e9s, largement repr\u00e9sent\u00e9s dans tous les domaines de la sant\u00e9, fournisseurs de prestations, assureurs-maladie, industrie, administration. Etc.<\/p><p>Quatre th\u00e8ses ont \u00e9t\u00e9 discut\u00e9es :<\/p><ul><li>Th\u00e8se 1 : <strong>Les structures tarifaires actuelles permettent de financer les soins int\u00e9gr\u00e9s <\/strong><\/li><li>Th\u00e8se 2 : <strong>Les formations initiales, continues et postgradu\u00e9es actuelles doivent encourager le travail interprofessionnel.<\/strong><\/li><li>Th\u00e8se 3 : <strong>La situation juridique actuelle emp\u00eache l'analyse des donn\u00e9es des assur\u00e9s et des soins, qui est importante pour les soins int\u00e9gr\u00e9s.<\/strong><\/li><li>Th\u00e8se 4 : <strong>La LAMal actuelle offre aux acteurs et aux partenaires tarifaires la marge de man\u0153uvre n\u00e9cessaire pour collaborer de mani\u00e8re interprofessionnelle. <\/strong><\/li><\/ul><p>La conclusion g\u00e9n\u00e9rale de la table ronde :<\/p><ul><li>Les th\u00e8mes sont pertinents pour les soins int\u00e9gr\u00e9s<\/li><li>Selon l'angle de vue, il existe des perspectives de confirmation et d'infirmation des th\u00e8ses.<\/li><li>Le dialogue en vaut toujours la peine et favorise la compr\u00e9hension des diff\u00e9rents points de vue.<\/li><\/ul><p>Dans cet esprit, nous nous r\u00e9jouissons des prochains \u00e9changes et remercions Barbara Gysi, Thomas de Courten et Josef Dittli pour leur participation au premier dialogue fmc avec la politique de sant\u00e9.<\/p>\t\t\t\t\t\t\t\t<\/div>\n\t\t\t\t<\/div>\n\t\t\t\t\t<\/div>\n\t\t<\/div>\n\t\t\t\t\t<\/div>\n\t\t<\/section>\n\t\t\t\t<section class=\"elementor-section elementor-top-section elementor-element elementor-element-1b82663 elementor-section-boxed elementor-section-height-default elementor-section-height-default\" data-id=\"1b82663\" data-element_type=\"section\" data-e-type=\"section\">\n\t\t\t\t\t\t<div class=\"elementor-container elementor-column-gap-default\">\n\t\t\t\t\t<div class=\"elementor-column elementor-col-100 elementor-top-column elementor-element elementor-element-f3da126\" data-id=\"f3da126\" data-element_type=\"column\" data-e-type=\"column\">\n\t\t\t<div class=\"elementor-widget-wrap elementor-element-populated\">\n\t\t\t\t\t\t<div class=\"elementor-element elementor-element-bc5e5a4 elementor-widget elementor-widget-image\" data-id=\"bc5e5a4\" data-element_type=\"widget\" data-e-type=\"widget\" data-widget_type=\"image.default\">\n\t\t\t\t<div class=\"elementor-widget-container\">\n\t\t\t\t\t\t\t\t\t\t\t\t\t\t\t<img fetchpriority=\"high\" decoding=\"async\" width=\"800\" height=\"450\" src=\"https:\/\/fmc.ch\/wp-content\/uploads\/2024\/07\/1.-fmc-Dialog-mit-der-Gesundheitspolitik.jpg\" class=\"attachment-large size-large wp-image-10537\" alt=\"\" srcset=\"https:\/\/fmc.ch\/wp-content\/uploads\/2024\/07\/1.-fmc-Dialog-mit-der-Gesundheitspolitik.jpg 1280w, https:\/\/fmc.ch\/wp-content\/uploads\/2024\/07\/1.-fmc-Dialog-mit-der-Gesundheitspolitik-600x338.jpg 600w, https:\/\/fmc.ch\/wp-content\/uploads\/2024\/07\/1.-fmc-Dialog-mit-der-Gesundheitspolitik-768x432.jpg 768w\" sizes=\"(max-width: 800px) 100vw, 800px\" \/>\t\t\t\t\t\t\t\t\t\t\t\t\t\t\t<\/div>\n\t\t\t\t<\/div>\n\t\t\t\t\t<\/div>\n\t\t<\/div>\n\t\t\t\t\t<\/div>\n\t\t<\/section>\n\t\t\t\t<\/div>","protected":false},"excerpt":{"rendered":"<p>Lors de la manifestation consacr\u00e9e \u00e0 la politique de la sant\u00e9, les \"r\u00e9seaux de soins coordonn\u00e9s (RSC)\" ont \u00e9t\u00e9 pr\u00e9sent\u00e9s et les possibilit\u00e9s fondamentales de \"promotion des soins coordonn\u00e9s\" ont \u00e9t\u00e9 discut\u00e9es.<\/p>","protected":false},"author":2,"featured_media":10532,"comment_status":"closed","ping_status":"closed","sticky":false,"template":"","format":[142,140,138],"meta":{"footnotes":""},"strategie":[163],"thema":[170],"class_list":["post-10531","post","type-post","status-publish","format-standard","has-post-thumbnail","hentry","strategie-integrierte-versorgung-allgemein","thema-themenuebergreifende-fmc-aktivitaet","format-anlaesse-vor-ort","format-gesundheitspolitik","format-veranstaltung"],"yoast_head":"<!-- This site is optimized with the Yoast SEO plugin v27.5 - https:\/\/yoast.com\/product\/yoast-seo-wordpress\/ -->\n<title>fmc-Dialog mit der Gesundheitspolitik - FMC<\/title>\n<meta name=\"description\" content=\"Mit dem Dialog will das fmc mit seinen Mitgliedern und Politiker:innen in den Austausch zur Integrierten Versorgung treten.\" \/>\n<meta name=\"robots\" content=\"index, follow, max-snippet:-1, max-image-preview:large, max-video-preview:-1\" \/>\n<link rel=\"canonical\" href=\"https:\/\/fmc.ch\/fr\/1-dialogue-de-la-fmc-avec-la-politique-de-la-sante\/\" \/>\n<meta property=\"og:locale\" content=\"fr_FR\" \/>\n<meta property=\"og:type\" content=\"article\" \/>\n<meta property=\"og:title\" content=\"fmc-Dialog mit der Gesundheitspolitik - FMC\" \/>\n<meta property=\"og:description\" content=\"Mit dem Dialog will das fmc mit seinen Mitgliedern und Politiker:innen in den Austausch zur Integrierten Versorgung treten.\" \/>\n<meta property=\"og:url\" content=\"https:\/\/fmc.ch\/fr\/1-dialogue-de-la-fmc-avec-la-politique-de-la-sante\/\" \/>\n<meta property=\"og:site_name\" content=\"FMC\" \/>\n<meta property=\"article:published_time\" content=\"2024-04-12T11:07:00+00:00\" \/>\n<meta property=\"article:modified_time\" content=\"2025-11-27T16:16:39+00:00\" \/>\n<meta property=\"og:image\" content=\"https:\/\/fmc.ch\/wp-content\/uploads\/2024\/07\/fmc-Dialog-mit-der-Gesundheitspolitik.png\" \/>\n\t<meta property=\"og:image:width\" content=\"583\" \/>\n\t<meta property=\"og:image:height\" content=\"541\" \/>\n\t<meta property=\"og:image:type\" content=\"image\/png\" \/>\n<meta name=\"author\" content=\"Nadja Blanchard\" \/>\n<meta name=\"twitter:card\" content=\"summary_large_image\" \/>\n<meta name=\"twitter:label1\" content=\"\u00c9crit par\" \/>\n\t<meta name=\"twitter:data1\" content=\"Nadja Blanchard\" \/>\n\t<meta name=\"twitter:label2\" content=\"Dur\u00e9e de lecture estim\u00e9e\" \/>\n\t<meta name=\"twitter:data2\" content=\"2 minutes\" \/>\n<script type=\"application\/ld+json\" class=\"yoast-schema-graph\">{\"@context\":\"https:\\\/\\\/schema.org\",\"@graph\":[{\"@type\":\"Article\",\"@id\":\"https:\\\/\\\/fmc.ch\\\/1-fmc-dialog-mit-der-gesundheits-politik\\\/#article\",\"isPartOf\":{\"@id\":\"https:\\\/\\\/fmc.ch\\\/1-fmc-dialog-mit-der-gesundheits-politik\\\/\"},\"author\":{\"name\":\"Nadja Blanchard\",\"@id\":\"https:\\\/\\\/fmc.ch\\\/#\\\/schema\\\/person\\\/3a7218d283691f8ef8cf410e4615e507\"},\"headline\":\"fmc-Dialog mit der Gesundheitspolitik\",\"datePublished\":\"2024-04-12T11:07:00+00:00\",\"dateModified\":\"2025-11-27T16:16:39+00:00\",\"mainEntityOfPage\":{\"@id\":\"https:\\\/\\\/fmc.ch\\\/1-fmc-dialog-mit-der-gesundheits-politik\\\/\"},\"wordCount\":305,\"publisher\":{\"@id\":\"https:\\\/\\\/fmc.ch\\\/#organization\"},\"image\":{\"@id\":\"https:\\\/\\\/fmc.ch\\\/1-fmc-dialog-mit-der-gesundheits-politik\\\/#primaryimage\"},\"thumbnailUrl\":\"https:\\\/\\\/fmc.ch\\\/wp-content\\\/uploads\\\/2024\\\/07\\\/fmc-Dialog-mit-der-Gesundheitspolitik.png\",\"articleSection\":[\"Anl\u00e4sse vor Ort\",\"Gesundheitspolitik\"],\"inLanguage\":\"fr-FR\"},{\"@type\":\"WebPage\",\"@id\":\"https:\\\/\\\/fmc.ch\\\/1-fmc-dialog-mit-der-gesundheits-politik\\\/\",\"url\":\"https:\\\/\\\/fmc.ch\\\/1-fmc-dialog-mit-der-gesundheits-politik\\\/\",\"name\":\"fmc-Dialog mit der Gesundheitspolitik - FMC\",\"isPartOf\":{\"@id\":\"https:\\\/\\\/fmc.ch\\\/#website\"},\"primaryImageOfPage\":{\"@id\":\"https:\\\/\\\/fmc.ch\\\/1-fmc-dialog-mit-der-gesundheits-politik\\\/#primaryimage\"},\"image\":{\"@id\":\"https:\\\/\\\/fmc.ch\\\/1-fmc-dialog-mit-der-gesundheits-politik\\\/#primaryimage\"},\"thumbnailUrl\":\"https:\\\/\\\/fmc.ch\\\/wp-content\\\/uploads\\\/2024\\\/07\\\/fmc-Dialog-mit-der-Gesundheitspolitik.png\",\"datePublished\":\"2024-04-12T11:07:00+00:00\",\"dateModified\":\"2025-11-27T16:16:39+00:00\",\"description\":\"Mit dem Dialog will das fmc mit seinen Mitgliedern und Politiker:innen in den Austausch zur Integrierten Versorgung treten.\",\"breadcrumb\":{\"@id\":\"https:\\\/\\\/fmc.ch\\\/1-fmc-dialog-mit-der-gesundheits-politik\\\/#breadcrumb\"},\"inLanguage\":\"fr-FR\",\"potentialAction\":[{\"@type\":\"ReadAction\",\"target\":[\"https:\\\/\\\/fmc.ch\\\/1-fmc-dialog-mit-der-gesundheits-politik\\\/\"]}]},{\"@type\":\"ImageObject\",\"inLanguage\":\"fr-FR\",\"@id\":\"https:\\\/\\\/fmc.ch\\\/1-fmc-dialog-mit-der-gesundheits-politik\\\/#primaryimage\",\"url\":\"https:\\\/\\\/fmc.ch\\\/wp-content\\\/uploads\\\/2024\\\/07\\\/fmc-Dialog-mit-der-Gesundheitspolitik.png\",\"contentUrl\":\"https:\\\/\\\/fmc.ch\\\/wp-content\\\/uploads\\\/2024\\\/07\\\/fmc-Dialog-mit-der-Gesundheitspolitik.png\",\"width\":583,\"height\":541},{\"@type\":\"BreadcrumbList\",\"@id\":\"https:\\\/\\\/fmc.ch\\\/1-fmc-dialog-mit-der-gesundheits-politik\\\/#breadcrumb\",\"itemListElement\":[{\"@type\":\"ListItem\",\"position\":1,\"name\":\"Home\",\"item\":\"https:\\\/\\\/fmc.ch\\\/\"},{\"@type\":\"ListItem\",\"position\":2,\"name\":\"fmc-Dialog mit der Gesundheitspolitik\"}]},{\"@type\":\"WebSite\",\"@id\":\"https:\\\/\\\/fmc.ch\\\/#website\",\"url\":\"https:\\\/\\\/fmc.ch\\\/\",\"name\":\"FMC\",\"description\":\"Schweizer Forum f\u00fcr Integrierte Versorgung\",\"publisher\":{\"@id\":\"https:\\\/\\\/fmc.ch\\\/#organization\"},\"potentialAction\":[{\"@type\":\"SearchAction\",\"target\":{\"@type\":\"EntryPoint\",\"urlTemplate\":\"https:\\\/\\\/fmc.ch\\\/?s={search_term_string}\"},\"query-input\":{\"@type\":\"PropertyValueSpecification\",\"valueRequired\":true,\"valueName\":\"search_term_string\"}}],\"inLanguage\":\"fr-FR\"},{\"@type\":\"Organization\",\"@id\":\"https:\\\/\\\/fmc.ch\\\/#organization\",\"name\":\"FMC\",\"url\":\"https:\\\/\\\/fmc.ch\\\/\",\"logo\":{\"@type\":\"ImageObject\",\"inLanguage\":\"fr-FR\",\"@id\":\"https:\\\/\\\/fmc.ch\\\/#\\\/schema\\\/logo\\\/image\\\/\",\"url\":\"https:\\\/\\\/fmc.ch\\\/wp-content\\\/uploads\\\/2023\\\/09\\\/fmc-logo.svg\",\"contentUrl\":\"https:\\\/\\\/fmc.ch\\\/wp-content\\\/uploads\\\/2023\\\/09\\\/fmc-logo.svg\",\"caption\":\"FMC\"},\"image\":{\"@id\":\"https:\\\/\\\/fmc.ch\\\/#\\\/schema\\\/logo\\\/image\\\/\"}},{\"@type\":\"Person\",\"@id\":\"https:\\\/\\\/fmc.ch\\\/#\\\/schema\\\/person\\\/3a7218d283691f8ef8cf410e4615e507\",\"name\":\"Nadja Blanchard\",\"image\":{\"@type\":\"ImageObject\",\"inLanguage\":\"fr-FR\",\"@id\":\"https:\\\/\\\/secure.gravatar.com\\\/avatar\\\/729fbcebbfccd7834565b1398470d6ea84a4f3e7525873a0cb368db99228ce7b?s=96&d=mm&r=g\",\"url\":\"https:\\\/\\\/secure.gravatar.com\\\/avatar\\\/729fbcebbfccd7834565b1398470d6ea84a4f3e7525873a0cb368db99228ce7b?s=96&d=mm&r=g\",\"contentUrl\":\"https:\\\/\\\/secure.gravatar.com\\\/avatar\\\/729fbcebbfccd7834565b1398470d6ea84a4f3e7525873a0cb368db99228ce7b?s=96&d=mm&r=g\",\"caption\":\"Nadja Blanchard\"},\"url\":\"https:\\\/\\\/fmc.ch\\\/fr\\\/author\\\/nadja-blanchardfmc-ch\\\/\"}]}<\/script>\n<!-- \/ Yoast SEO plugin. -->","yoast_head_json":{"title":"Dialogue de la fmc avec la politique de sant\u00e9 - FMC","description":"Par le biais de ce dialogue, la fmc souhaite engager un \u00e9change sur les soins int\u00e9gr\u00e9s avec ses membres et les politiciens.","robots":{"index":"index","follow":"follow","max-snippet":"max-snippet:-1","max-image-preview":"max-image-preview:large","max-video-preview":"max-video-preview:-1"},"canonical":"https:\/\/fmc.ch\/fr\/1-dialogue-de-la-fmc-avec-la-politique-de-la-sante\/","og_locale":"fr_FR","og_type":"article","og_title":"fmc-Dialog mit der Gesundheitspolitik - FMC","og_description":"Mit dem Dialog will das fmc mit seinen Mitgliedern und Politiker:innen in den Austausch zur Integrierten Versorgung treten.","og_url":"https:\/\/fmc.ch\/fr\/1-dialogue-de-la-fmc-avec-la-politique-de-la-sante\/","og_site_name":"FMC","article_published_time":"2024-04-12T11:07:00+00:00","article_modified_time":"2025-11-27T16:16:39+00:00","og_image":[{"width":583,"height":541,"url":"https:\/\/fmc.ch\/wp-content\/uploads\/2024\/07\/fmc-Dialog-mit-der-Gesundheitspolitik.png","type":"image\/png"}],"author":"Nadja Blanchard","twitter_card":"summary_large_image","twitter_misc":{"\u00c9crit par":"Nadja Blanchard","Dur\u00e9e de lecture estim\u00e9e":"2 minutes"},"schema":{"@context":"https:\/\/schema.org","@graph":[{"@type":"Article","@id":"https:\/\/fmc.ch\/1-fmc-dialog-mit-der-gesundheits-politik\/#article","isPartOf":{"@id":"https:\/\/fmc.ch\/1-fmc-dialog-mit-der-gesundheits-politik\/"},"author":{"name":"Nadja Blanchard","@id":"https:\/\/fmc.ch\/#\/schema\/person\/3a7218d283691f8ef8cf410e4615e507"},"headline":"fmc-Dialog mit der Gesundheitspolitik","datePublished":"2024-04-12T11:07:00+00:00","dateModified":"2025-11-27T16:16:39+00:00","mainEntityOfPage":{"@id":"https:\/\/fmc.ch\/1-fmc-dialog-mit-der-gesundheits-politik\/"},"wordCount":305,"publisher":{"@id":"https:\/\/fmc.ch\/#organization"},"image":{"@id":"https:\/\/fmc.ch\/1-fmc-dialog-mit-der-gesundheits-politik\/#primaryimage"},"thumbnailUrl":"https:\/\/fmc.ch\/wp-content\/uploads\/2024\/07\/fmc-Dialog-mit-der-Gesundheitspolitik.png","articleSection":["Anl\u00e4sse vor Ort","Gesundheitspolitik"],"inLanguage":"fr-FR"},{"@type":"WebPage","@id":"https:\/\/fmc.ch\/1-fmc-dialog-mit-der-gesundheits-politik\/","url":"https:\/\/fmc.ch\/1-fmc-dialog-mit-der-gesundheits-politik\/","name":"Dialogue de la fmc avec la politique de sant\u00e9 - FMC","isPartOf":{"@id":"https:\/\/fmc.ch\/#website"},"primaryImageOfPage":{"@id":"https:\/\/fmc.ch\/1-fmc-dialog-mit-der-gesundheits-politik\/#primaryimage"},"image":{"@id":"https:\/\/fmc.ch\/1-fmc-dialog-mit-der-gesundheits-politik\/#primaryimage"},"thumbnailUrl":"https:\/\/fmc.ch\/wp-content\/uploads\/2024\/07\/fmc-Dialog-mit-der-Gesundheitspolitik.png","datePublished":"2024-04-12T11:07:00+00:00","dateModified":"2025-11-27T16:16:39+00:00","description":"Par le biais de ce dialogue, la fmc souhaite engager un \u00e9change sur les soins int\u00e9gr\u00e9s avec ses membres et les politiciens.","breadcrumb":{"@id":"https:\/\/fmc.ch\/1-fmc-dialog-mit-der-gesundheits-politik\/#breadcrumb"},"inLanguage":"fr-FR","potentialAction":[{"@type":"ReadAction","target":["https:\/\/fmc.ch\/1-fmc-dialog-mit-der-gesundheits-politik\/"]}]},{"@type":"ImageObject","inLanguage":"fr-FR","@id":"https:\/\/fmc.ch\/1-fmc-dialog-mit-der-gesundheits-politik\/#primaryimage","url":"https:\/\/fmc.ch\/wp-content\/uploads\/2024\/07\/fmc-Dialog-mit-der-Gesundheitspolitik.png","contentUrl":"https:\/\/fmc.ch\/wp-content\/uploads\/2024\/07\/fmc-Dialog-mit-der-Gesundheitspolitik.png","width":583,"height":541},{"@type":"BreadcrumbList","@id":"https:\/\/fmc.ch\/1-fmc-dialog-mit-der-gesundheits-politik\/#breadcrumb","itemListElement":[{"@type":"ListItem","position":1,"name":"Home","item":"https:\/\/fmc.ch\/"},{"@type":"ListItem","position":2,"name":"fmc-Dialog mit der Gesundheitspolitik"}]},{"@type":"WebSite","@id":"https:\/\/fmc.ch\/#website","url":"https:\/\/fmc.ch\/","name":"FMC","description":"Forum suisse des soins int\u00e9gr\u00e9s","publisher":{"@id":"https:\/\/fmc.ch\/#organization"},"potentialAction":[{"@type":"SearchAction","target":{"@type":"EntryPoint","urlTemplate":"https:\/\/fmc.ch\/?s={search_term_string}"},"query-input":{"@type":"PropertyValueSpecification","valueRequired":true,"valueName":"search_term_string"}}],"inLanguage":"fr-FR"},{"@type":"Organization","@id":"https:\/\/fmc.ch\/#organization","name":"FMC","url":"https:\/\/fmc.ch\/","logo":{"@type":"ImageObject","inLanguage":"fr-FR","@id":"https:\/\/fmc.ch\/#\/schema\/logo\/image\/","url":"https:\/\/fmc.ch\/wp-content\/uploads\/2023\/09\/fmc-logo.svg","contentUrl":"https:\/\/fmc.ch\/wp-content\/uploads\/2023\/09\/fmc-logo.svg","caption":"FMC"},"image":{"@id":"https:\/\/fmc.ch\/#\/schema\/logo\/image\/"}},{"@type":"Person","@id":"https:\/\/fmc.ch\/#\/schema\/person\/3a7218d283691f8ef8cf410e4615e507","name":"Nadja Blanchard","image":{"@type":"ImageObject","inLanguage":"fr-FR","@id":"https:\/\/secure.gravatar.com\/avatar\/729fbcebbfccd7834565b1398470d6ea84a4f3e7525873a0cb368db99228ce7b?s=96&d=mm&r=g","url":"https:\/\/secure.gravatar.com\/avatar\/729fbcebbfccd7834565b1398470d6ea84a4f3e7525873a0cb368db99228ce7b?s=96&d=mm&r=g","contentUrl":"https:\/\/secure.gravatar.com\/avatar\/729fbcebbfccd7834565b1398470d6ea84a4f3e7525873a0cb368db99228ce7b?s=96&d=mm&r=g","caption":"Nadja Blanchard"},"url":"https:\/\/fmc.ch\/fr\/author\/nadja-blanchardfmc-ch\/"}]}},"_links":{"self":[{"href":"https:\/\/fmc.ch\/fr\/wp-json\/wp\/v2\/posts\/10531","targetHints":{"allow":["GET"]}}],"collection":[{"href":"https:\/\/fmc.ch\/fr\/wp-json\/wp\/v2\/posts"}],"about":[{"href":"https:\/\/fmc.ch\/fr\/wp-json\/wp\/v2\/types\/post"}],"author":[{"embeddable":true,"href":"https:\/\/fmc.ch\/fr\/wp-json\/wp\/v2\/users\/2"}],"replies":[{"embeddable":true,"href":"https:\/\/fmc.ch\/fr\/wp-json\/wp\/v2\/comments?post=10531"}],"version-history":[{"count":6,"href":"https:\/\/fmc.ch\/fr\/wp-json\/wp\/v2\/posts\/10531\/revisions"}],"predecessor-version":[{"id":14800,"href":"https:\/\/fmc.ch\/fr\/wp-json\/wp\/v2\/posts\/10531\/revisions\/14800"}],"wp:featuredmedia":[{"embeddable":true,"href":"https:\/\/fmc.ch\/fr\/wp-json\/wp\/v2\/media\/10532"}],"wp:attachment":[{"href":"https:\/\/fmc.ch\/fr\/wp-json\/wp\/v2\/media?parent=10531"}],"wp:term":[{"taxonomy":"strategie","embeddable":true,"href":"https:\/\/fmc.ch\/fr\/wp-json\/wp\/v2\/strategie?post=10531"},{"taxonomy":"thema","embeddable":true,"href":"https:\/\/fmc.ch\/fr\/wp-json\/wp\/v2\/thema?post=10531"},{"taxonomy":"format","embeddable":true,"href":"https:\/\/fmc.ch\/fr\/wp-json\/wp\/v2\/format?post=10531"}],"curies":[{"name":"wp","href":"https:\/\/api.w.org\/{rel}","templated":true}]}}