{"id":10508,"date":"2024-07-05T16:22:14","date_gmt":"2024-07-05T16:22:14","guid":{"rendered":"https:\/\/fmc.ch\/?p=10508"},"modified":"2025-12-01T16:20:34","modified_gmt":"2025-12-01T15:20:34","slug":"concept-de-cabinet-dans-le-cabinet-de-groupe-de-sanacare","status":"publish","type":"post","link":"https:\/\/fmc.ch\/fr\/praxiskonzept-in-der-gruppenpraxis-der-sanacare\/","title":{"rendered":"Nouveau concept de cabinet dans le cabinet de groupe de Sanacare"},"content":{"rendered":"<div data-elementor-type=\"wp-post\" data-elementor-id=\"10508\" class=\"elementor elementor-10508\" data-elementor-post-type=\"post\">\n\t\t\t\t\t\t<section class=\"elementor-section elementor-top-section elementor-element elementor-element-7ca2a75 elementor-section-boxed elementor-section-height-default elementor-section-height-default elementor-invisible\" data-id=\"7ca2a75\" data-element_type=\"section\" data-e-type=\"section\" data-settings=\"{&quot;animation&quot;:&quot;fadeIn&quot;}\">\n\t\t\t\t\t\t<div class=\"elementor-container elementor-column-gap-default\">\n\t\t\t\t\t<div class=\"elementor-column elementor-col-100 elementor-top-column elementor-element elementor-element-3f98917\" data-id=\"3f98917\" data-element_type=\"column\" data-e-type=\"column\">\n\t\t\t<div class=\"elementor-widget-wrap elementor-element-populated\">\n\t\t\t\t\t\t<div class=\"elementor-element elementor-element-1cf1b65 elementor-widget elementor-widget-text-editor\" data-id=\"1cf1b65\" data-element_type=\"widget\" data-e-type=\"widget\" data-widget_type=\"text-editor.default\">\n\t\t\t\t<div class=\"elementor-widget-container\">\n\t\t\t\t\t\t\t\t\t<h3>Le fmc- club du 2 septembre 2024 nous emm\u00e8ne chez Sanacare, Welle 7, pr\u00e8s de la gare de Berne.<\/h3>\t\t\t\t\t\t\t\t<\/div>\n\t\t\t\t<\/div>\n\t\t\t\t\t<\/div>\n\t\t<\/div>\n\t\t\t\t\t<\/div>\n\t\t<\/section>\n\t\t\t\t<section class=\"elementor-section elementor-top-section elementor-element elementor-element-f545d7d elementor-section-boxed elementor-section-height-default elementor-section-height-default\" data-id=\"f545d7d\" data-element_type=\"section\" data-e-type=\"section\">\n\t\t\t\t\t\t<div class=\"elementor-container elementor-column-gap-default\">\n\t\t\t\t\t<div class=\"elementor-column elementor-col-100 elementor-top-column elementor-element elementor-element-618cb90\" data-id=\"618cb90\" data-element_type=\"column\" data-e-type=\"column\">\n\t\t\t<div class=\"elementor-widget-wrap elementor-element-populated\">\n\t\t\t\t\t\t<div class=\"elementor-element elementor-element-0ca1440 elementor-widget elementor-widget-text-editor\" data-id=\"0ca1440\" data-element_type=\"widget\" data-e-type=\"widget\" data-widget_type=\"text-editor.default\">\n\t\t\t\t<div class=\"elementor-widget-container\">\n\t\t\t\t\t\t\t\t\t<p>Le cabinet de groupe n'a cess\u00e9 de cro\u00eetre et, lors du d\u00e9m\u00e9nagement dans les nouveaux locaux, l'\u00e9quipe s'est pench\u00e9e de mani\u00e8re intensive sur la mani\u00e8re d'optimiser les espaces et les trajets dans le nouveau cabinet. Nous ne nous contenterons pas de visiter le r\u00e9sultat. Nous entendrons comment le processus a \u00e9t\u00e9 organis\u00e9 pour parvenir \u00e0 ce r\u00e9sultat et comment celui-ci a fait ses preuves.<\/p><p>Les r\u00e9flexions faites sont bas\u00e9es sur l'approche du lean management. Pour mieux comprendre ces r\u00e9flexions, nous faisons appel \u00e0 un expert avant la visite et apprenons de lui ce que signifie le Lean et comment il peut \u00eatre mis en \u0153uvre dans le setting ambulatoire.<\/p>\t\t\t\t\t\t\t\t<\/div>\n\t\t\t\t<\/div>\n\t\t\t\t\t<\/div>\n\t\t<\/div>\n\t\t\t\t\t<\/div>\n\t\t<\/section>\n\t\t\t\t<section class=\"elementor-section elementor-top-section elementor-element elementor-element-dbc6dff elementor-section-boxed elementor-section-height-default elementor-section-height-default\" data-id=\"dbc6dff\" data-element_type=\"section\" data-e-type=\"section\">\n\t\t\t\t\t\t<div class=\"elementor-container elementor-column-gap-default\">\n\t\t\t\t\t<div class=\"elementor-column elementor-col-100 elementor-top-column elementor-element elementor-element-548f287\" data-id=\"548f287\" data-element_type=\"column\" data-e-type=\"column\">\n\t\t\t<div class=\"elementor-widget-wrap elementor-element-populated\">\n\t\t\t\t\t\t<div class=\"elementor-element elementor-element-7431ca8 elementor-widget elementor-widget-text-editor\" data-id=\"7431ca8\" data-element_type=\"widget\" data-e-type=\"widget\" data-widget_type=\"text-editor.default\">\n\t\t\t\t<div class=\"elementor-widget-container\">\n\t\t\t\t\t\t\t\t\t<p><strong><u>Dates cl\u00e9s de la visite :<\/u><\/strong><\/p><p>16h00 \u00e0 17h00 Input sur le lean management par <a href=\"https:\/\/www.linkedin.com\/in\/stefan-m%C3%A4rke-81712429\/\" target=\"_blank\" rel=\"noopener\">Stefan M\u00e4rke<\/a> de Vetterli, Roth et partenaires<\/p><p>17h15 Visite de sanacare avec :<\/p><ul><li>Markus Steiner, m\u00e9decin sp\u00e9cialiste en m\u00e9decine interne g\u00e9n\u00e9rale FMH chez sanacare, qui a initi\u00e9 et accompagn\u00e9 le processus, ainsi que<\/li><li>Anita Stalder, m\u00e9decin-chef du cabinet de groupe Sanacare<\/li><\/ul><p>18h30 Ap\u00e9ro sur place<\/p>\t\t\t\t\t\t\t\t<\/div>\n\t\t\t\t<\/div>\n\t\t\t\t\t<\/div>\n\t\t<\/div>\n\t\t\t\t\t<\/div>\n\t\t<\/section>\n\t\t\t\t<section class=\"elementor-section elementor-top-section elementor-element elementor-element-4b729cc elementor-section-boxed elementor-section-height-default elementor-section-height-default\" data-id=\"4b729cc\" data-element_type=\"section\" data-e-type=\"section\">\n\t\t\t\t\t\t<div class=\"elementor-container elementor-column-gap-default\">\n\t\t\t\t\t<div class=\"elementor-column elementor-col-100 elementor-top-column elementor-element elementor-element-77c519b\" data-id=\"77c519b\" data-element_type=\"column\" data-e-type=\"column\">\n\t\t\t<div class=\"elementor-widget-wrap elementor-element-populated\">\n\t\t\t\t\t\t<div class=\"elementor-element elementor-element-d3fed01 elementor-widget elementor-widget-text-editor\" data-id=\"d3fed01\" data-element_type=\"widget\" data-e-type=\"widget\" data-widget_type=\"text-editor.default\">\n\t\t\t\t<div class=\"elementor-widget-container\">\n\t\t\t\t\t\t\t\t\t<p>Les deux articles suivants constituent une introduction au sujet. Apportez vos questions au club fmc !<\/p>\t\t\t\t\t\t\t\t<\/div>\n\t\t\t\t<\/div>\n\t\t\t\t\t<\/div>\n\t\t<\/div>\n\t\t\t\t\t<\/div>\n\t\t<\/section>\n\t\t\t\t<section class=\"elementor-section elementor-top-section elementor-element elementor-element-b7dd732 elementor-section-boxed elementor-section-height-default elementor-section-height-default\" data-id=\"b7dd732\" data-element_type=\"section\" data-e-type=\"section\">\n\t\t\t\t\t\t<div class=\"elementor-container elementor-column-gap-default\">\n\t\t\t\t\t<div class=\"elementor-column elementor-col-100 elementor-top-column elementor-element elementor-element-a0d9df3\" data-id=\"a0d9df3\" data-element_type=\"column\" data-e-type=\"column\">\n\t\t\t<div class=\"elementor-widget-wrap elementor-element-populated\">\n\t\t\t\t\t\t<div class=\"elementor-element elementor-element-2e909db elementor-widget elementor-widget-button\" data-id=\"2e909db\" data-element_type=\"widget\" data-e-type=\"widget\" data-widget_type=\"button.default\">\n\t\t\t\t<div class=\"elementor-widget-container\">\n\t\t\t\t\t\t\t\t\t<div class=\"elementor-button-wrapper\">\n\t\t\t\t\t<a class=\"elementor-button elementor-button-link elementor-size-sm\" href=\"https:\/\/phc.swisshealthweb.ch\/e-papers\/phc-2024-04-de\/\" target=\"_blank\">\n\t\t\t\t\t\t<span class=\"elementor-button-content-wrapper\">\n\t\t\t\t\t\t\t\t\t<span class=\"elementor-button-text\">Un nouveau concept de pratique en m\u00e9decine g\u00e9n\u00e9rale - 1\u00e8re partie. In : Primary and Hospital Care<\/span>\n\t\t\t\t\t<\/span>\n\t\t\t\t\t<\/a>\n\t\t\t\t<\/div>\n\t\t\t\t\t\t\t\t<\/div>\n\t\t\t\t<\/div>\n\t\t\t\t\t<\/div>\n\t\t<\/div>\n\t\t\t\t\t<\/div>\n\t\t<\/section>\n\t\t\t\t<section class=\"elementor-section elementor-top-section elementor-element elementor-element-c0aeaea elementor-section-boxed elementor-section-height-default elementor-section-height-default\" data-id=\"c0aeaea\" data-element_type=\"section\" data-e-type=\"section\">\n\t\t\t\t\t\t<div class=\"elementor-container elementor-column-gap-default\">\n\t\t\t\t\t<div class=\"elementor-column elementor-col-100 elementor-top-column elementor-element elementor-element-8e5b719\" data-id=\"8e5b719\" data-element_type=\"column\" data-e-type=\"column\">\n\t\t\t<div class=\"elementor-widget-wrap elementor-element-populated\">\n\t\t\t\t\t\t<div class=\"elementor-element elementor-element-20b8e71 elementor-widget elementor-widget-button\" data-id=\"20b8e71\" data-element_type=\"widget\" data-e-type=\"widget\" data-widget_type=\"button.default\">\n\t\t\t\t<div class=\"elementor-widget-container\">\n\t\t\t\t\t\t\t\t\t<div class=\"elementor-button-wrapper\">\n\t\t\t\t\t<a class=\"elementor-button elementor-button-link elementor-size-sm\" href=\"https:\/\/phc.swisshealthweb.ch\/e-papers\/phc-2024-05-de\/\" target=\"_blank\">\n\t\t\t\t\t\t<span class=\"elementor-button-content-wrapper\">\n\t\t\t\t\t\t\t\t\t<span class=\"elementor-button-text\">Un nouveau concept de pratique en m\u00e9decine g\u00e9n\u00e9rale - 2\u00e8me partie. In : Primary and Hospital Care<\/span>\n\t\t\t\t\t<\/span>\n\t\t\t\t\t<\/a>\n\t\t\t\t<\/div>\n\t\t\t\t\t\t\t\t<\/div>\n\t\t\t\t<\/div>\n\t\t\t\t\t<\/div>\n\t\t<\/div>\n\t\t\t\t\t<\/div>\n\t\t<\/section>\n\t\t\t\t<section class=\"elementor-section elementor-top-section elementor-element elementor-element-99d95f5 elementor-section-boxed elementor-section-height-default elementor-section-height-default\" data-id=\"99d95f5\" data-element_type=\"section\" data-e-type=\"section\">\n\t\t\t\t\t\t<div class=\"elementor-container elementor-column-gap-default\">\n\t\t\t\t\t<div class=\"elementor-column elementor-col-100 elementor-top-column elementor-element elementor-element-3a58297\" data-id=\"3a58297\" data-element_type=\"column\" data-e-type=\"column\">\n\t\t\t<div class=\"elementor-widget-wrap elementor-element-populated\">\n\t\t\t\t\t\t<div class=\"elementor-element elementor-element-5cffdea elementor-widget elementor-widget-spacer\" data-id=\"5cffdea\" data-element_type=\"widget\" data-e-type=\"widget\" data-widget_type=\"spacer.default\">\n\t\t\t\t<div class=\"elementor-widget-container\">\n\t\t\t\t\t\t\t<div class=\"elementor-spacer\">\n\t\t\t<div class=\"elementor-spacer-inner\"><\/div>\n\t\t<\/div>\n\t\t\t\t\t\t<\/div>\n\t\t\t\t<\/div>\n\t\t\t\t\t<\/div>\n\t\t<\/div>\n\t\t\t\t\t<\/div>\n\t\t<\/section>\n\t\t\t\t<section class=\"elementor-section elementor-top-section elementor-element elementor-element-1df6471 elementor-section-boxed elementor-section-height-default elementor-section-height-default\" data-id=\"1df6471\" data-element_type=\"section\" data-e-type=\"section\">\n\t\t\t\t\t\t<div class=\"elementor-container elementor-column-gap-default\">\n\t\t\t\t\t<div class=\"elementor-column elementor-col-100 elementor-top-column elementor-element elementor-element-82d522d\" data-id=\"82d522d\" data-element_type=\"column\" data-e-type=\"column\">\n\t\t\t<div class=\"elementor-widget-wrap elementor-element-populated\">\n\t\t\t\t\t\t<div class=\"elementor-element elementor-element-6fda20f elementor-widget elementor-widget-text-editor\" data-id=\"6fda20f\" data-element_type=\"widget\" data-e-type=\"widget\" data-widget_type=\"text-editor.default\">\n\t\t\t\t<div class=\"elementor-widget-container\">\n\t\t\t\t\t\t\t\t\t<p>Le club du fmc est exclusivement r\u00e9serv\u00e9 aux membres du fmc.\u00a0<\/p>\t\t\t\t\t\t\t\t<\/div>\n\t\t\t\t<\/div>\n\t\t\t\t<div class=\"elementor-element elementor-element-2fed563 elementor-widget elementor-widget-button\" data-id=\"2fed563\" data-element_type=\"widget\" data-e-type=\"widget\" data-widget_type=\"button.default\">\n\t\t\t\t<div class=\"elementor-widget-container\">\n\t\t\t\t\t\t\t\t\t<div class=\"elementor-button-wrapper\">\n\t\t\t\t\t<a class=\"elementor-button elementor-button-link elementor-size-sm\" href=\"https:\/\/form.jotform.com\/241711967527362\" target=\"_blank\">\n\t\t\t\t\t\t<span class=\"elementor-button-content-wrapper\">\n\t\t\t\t\t\t\t\t\t<span class=\"elementor-button-text\">Cliquez ici pour vous inscrire<\/span>\n\t\t\t\t\t<\/span>\n\t\t\t\t\t<\/a>\n\t\t\t\t<\/div>\n\t\t\t\t\t\t\t\t<\/div>\n\t\t\t\t<\/div>\n\t\t\t\t\t<\/div>\n\t\t<\/div>\n\t\t\t\t\t<\/div>\n\t\t<\/section>\n\t\t<div class=\"elementor-element elementor-element-4821062 e-flex e-con-boxed e-con e-parent\" data-id=\"4821062\" data-element_type=\"container\" data-e-type=\"container\">\n\t\t\t\t\t<div class=\"e-con-inner\">\n\t\t\t\t<div class=\"elementor-element elementor-element-e7f77b9 elementor-widget-divider--view-line elementor-widget elementor-widget-divider\" data-id=\"e7f77b9\" data-element_type=\"widget\" data-e-type=\"widget\" data-widget_type=\"divider.default\">\n\t\t\t\t<div class=\"elementor-widget-container\">\n\t\t\t\t\t\t\t<div class=\"elementor-divider\">\n\t\t\t<span class=\"elementor-divider-separator\">\n\t\t\t\t\t\t<\/span>\n\t\t<\/div>\n\t\t\t\t\t\t<\/div>\n\t\t\t\t<\/div>\n\t\t\t\t\t<\/div>\n\t\t\t\t<\/div>\n\t\t<div class=\"elementor-element elementor-element-d7909aa e-flex e-con-boxed e-con e-parent\" data-id=\"d7909aa\" data-element_type=\"container\" data-e-type=\"container\">\n\t\t\t\t\t<div class=\"e-con-inner\">\n\t\t\t\t<div class=\"elementor-element elementor-element-a9cc9fe elementor-widget elementor-widget-heading\" data-id=\"a9cc9fe\" data-element_type=\"widget\" data-e-type=\"widget\" data-widget_type=\"heading.default\">\n\t\t\t\t<div class=\"elementor-widget-container\">\n\t\t\t\t\t<h2 class=\"elementor-heading-title elementor-size-default\">Autres articles sur les r\u00e9seaux de m\u00e9decins \/ groupes de pratique<\/h2>\t\t\t\t<\/div>\n\t\t\t\t<\/div>\n\t\t\t\t\t<\/div>\n\t\t\t\t<\/div>\n\t\t<div class=\"elementor-element elementor-element-6a10c69 e-flex e-con-boxed e-con e-parent\" data-id=\"6a10c69\" data-element_type=\"container\" data-e-type=\"container\">\n\t\t\t\t\t<div class=\"e-con-inner\">\n\t\t\t\t<div class=\"elementor-element elementor-element-9c7dc2c elementor-widget elementor-widget-text-editor\" data-id=\"9c7dc2c\" data-element_type=\"widget\" data-e-type=\"widget\" data-widget_type=\"text-editor.default\">\n\t\t\t\t<div class=\"elementor-widget-container\">\n\t\t\t\t\t\t\t\t\t<ul><li><a href=\"https:\/\/fmc.ch\/fr\/symposium-2019\/\" target=\"_blank\" rel=\"noopener\">R\u00e9seaux de m\u00e9decins et soins int\u00e9gr\u00e9s : Que coordonner ? Comment coop\u00e9rer ?<\/a><\/li><li><a href=\"https:\/\/fmc.ch\/fr\/reseau-vertical\/\" target=\"_blank\" rel=\"noopener\">Mise en r\u00e9seau verticale - mediX bern et groupe Lindenhof - De l'\u00e9tat de projet \u00e0 l'exploitation op\u00e9rationnelle<\/a><\/li><li><a href=\"https:\/\/fmc.ch\/fr\/travail-social-au-cabinet-medical\/\" target=\"_blank\" rel=\"noopener\">Rapport final du projet de recherche : Le travail social au cabinet m\u00e9dical<\/a><\/li><li><a href=\"https:\/\/fmc.ch\/fr\/ameliorer-la-qualite-et-reduire-les-couts-grace-aux-reseaux-de-medecins\/\" target=\"_blank\" rel=\"noopener\">Am\u00e9liorer la qualit\u00e9 et r\u00e9duire les co\u00fbts gr\u00e2ce aux r\u00e9seaux de m\u00e9decins<\/a><\/li><li><a href=\"https:\/\/fmc.ch\/fr\/enquete-fmc-aupres-des-assures\/\" target=\"_blank\" rel=\"noopener\">Enqu\u00eate fmc aupr\u00e8s des assur\u00e9s 2022<\/a><\/li><\/ul>\t\t\t\t\t\t\t\t<\/div>\n\t\t\t\t<\/div>\n\t\t\t\t\t<\/div>\n\t\t\t\t<\/div>\n\t\t\t\t<\/div>","protected":false},"excerpt":{"rendered":"<p>Le cabinet de groupe n'a cess\u00e9 de cro\u00eetre et, lors du d\u00e9m\u00e9nagement dans les nouveaux locaux, l'\u00e9quipe s'est pench\u00e9e de pr\u00e8s sur la mani\u00e8re d'optimiser les espaces et les trajets dans le nouveau cabinet. <\/p>","protected":false},"author":2,"featured_media":10509,"comment_status":"closed","ping_status":"closed","sticky":false,"template":"","format":[143,138],"meta":{"footnotes":""},"strategie":[156],"thema":[152],"class_list":["post-10508","post","type-post","status-publish","format-standard","has-post-thumbnail","hentry","strategie-zusammenarbeit","thema-interprofessionelle-zusammenarbeit","format-fmc-club","format-veranstaltung"],"yoast_head":"<!-- This site is optimized with the Yoast SEO plugin v27.5 - https:\/\/yoast.com\/product\/yoast-seo-wordpress\/ -->\n<title>Neues Praxiskonzept in der Gruppenpraxis der Sanacare - FMC<\/title>\n<meta name=\"description\" content=\"Die Gruppenpraxis ist stetig gewachsen und beim Umzug in die neuen R\u00e4umlichkeiten hat sich das Team intensiv damit auseinander gesetzt, wie die R\u00e4umlichkeiten und Wege in der neuen Praxis optimiert werden k\u00f6nnen.\" \/>\n<meta name=\"robots\" content=\"index, follow, max-snippet:-1, max-image-preview:large, max-video-preview:-1\" \/>\n<link rel=\"canonical\" href=\"https:\/\/fmc.ch\/fr\/concept-de-cabinet-dans-le-cabinet-de-groupe-de-sanacare\/\" \/>\n<meta property=\"og:locale\" content=\"fr_FR\" \/>\n<meta property=\"og:type\" content=\"article\" \/>\n<meta property=\"og:title\" content=\"Neues Praxiskonzept in der Gruppenpraxis der Sanacare - FMC\" \/>\n<meta property=\"og:description\" content=\"Die Gruppenpraxis ist stetig gewachsen und beim Umzug in die neuen R\u00e4umlichkeiten hat sich das Team intensiv damit auseinander gesetzt, wie die R\u00e4umlichkeiten und Wege in der neuen Praxis optimiert werden k\u00f6nnen.\" \/>\n<meta property=\"og:url\" content=\"https:\/\/fmc.ch\/fr\/concept-de-cabinet-dans-le-cabinet-de-groupe-de-sanacare\/\" \/>\n<meta property=\"og:site_name\" content=\"FMC\" \/>\n<meta property=\"article:published_time\" content=\"2024-07-05T16:22:14+00:00\" \/>\n<meta property=\"article:modified_time\" content=\"2025-12-01T15:20:34+00:00\" \/>\n<meta property=\"og:image\" content=\"https:\/\/fmc.ch\/wp-content\/uploads\/2024\/07\/Logo-sanacare.png\" \/>\n\t<meta property=\"og:image:width\" content=\"493\" \/>\n\t<meta property=\"og:image:height\" content=\"493\" \/>\n\t<meta property=\"og:image:type\" content=\"image\/png\" \/>\n<meta name=\"author\" content=\"Nadja Blanchard\" \/>\n<meta name=\"twitter:card\" content=\"summary_large_image\" \/>\n<meta name=\"twitter:label1\" content=\"\u00c9crit par\" \/>\n\t<meta name=\"twitter:data1\" content=\"Nadja Blanchard\" \/>\n\t<meta name=\"twitter:label2\" content=\"Dur\u00e9e de lecture estim\u00e9e\" \/>\n\t<meta name=\"twitter:data2\" content=\"2 minutes\" \/>\n<script type=\"application\/ld+json\" class=\"yoast-schema-graph\">{\"@context\":\"https:\\\/\\\/schema.org\",\"@graph\":[{\"@type\":\"Article\",\"@id\":\"https:\\\/\\\/fmc.ch\\\/praxiskonzept-in-der-gruppenpraxis-der-sanacare\\\/#article\",\"isPartOf\":{\"@id\":\"https:\\\/\\\/fmc.ch\\\/praxiskonzept-in-der-gruppenpraxis-der-sanacare\\\/\"},\"author\":{\"name\":\"Nadja Blanchard\",\"@id\":\"https:\\\/\\\/fmc.ch\\\/#\\\/schema\\\/person\\\/3a7218d283691f8ef8cf410e4615e507\"},\"headline\":\"Neues Praxiskonzept in der Gruppenpraxis der Sanacare\",\"datePublished\":\"2024-07-05T16:22:14+00:00\",\"dateModified\":\"2025-12-01T15:20:34+00:00\",\"mainEntityOfPage\":{\"@id\":\"https:\\\/\\\/fmc.ch\\\/praxiskonzept-in-der-gruppenpraxis-der-sanacare\\\/\"},\"wordCount\":278,\"publisher\":{\"@id\":\"https:\\\/\\\/fmc.ch\\\/#organization\"},\"image\":{\"@id\":\"https:\\\/\\\/fmc.ch\\\/praxiskonzept-in-der-gruppenpraxis-der-sanacare\\\/#primaryimage\"},\"thumbnailUrl\":\"https:\\\/\\\/fmc.ch\\\/wp-content\\\/uploads\\\/2024\\\/07\\\/Logo-sanacare.png\",\"articleSection\":[\"fmc Club\"],\"inLanguage\":\"fr-FR\"},{\"@type\":\"WebPage\",\"@id\":\"https:\\\/\\\/fmc.ch\\\/praxiskonzept-in-der-gruppenpraxis-der-sanacare\\\/\",\"url\":\"https:\\\/\\\/fmc.ch\\\/praxiskonzept-in-der-gruppenpraxis-der-sanacare\\\/\",\"name\":\"Neues Praxiskonzept in der Gruppenpraxis der Sanacare - FMC\",\"isPartOf\":{\"@id\":\"https:\\\/\\\/fmc.ch\\\/#website\"},\"primaryImageOfPage\":{\"@id\":\"https:\\\/\\\/fmc.ch\\\/praxiskonzept-in-der-gruppenpraxis-der-sanacare\\\/#primaryimage\"},\"image\":{\"@id\":\"https:\\\/\\\/fmc.ch\\\/praxiskonzept-in-der-gruppenpraxis-der-sanacare\\\/#primaryimage\"},\"thumbnailUrl\":\"https:\\\/\\\/fmc.ch\\\/wp-content\\\/uploads\\\/2024\\\/07\\\/Logo-sanacare.png\",\"datePublished\":\"2024-07-05T16:22:14+00:00\",\"dateModified\":\"2025-12-01T15:20:34+00:00\",\"description\":\"Die Gruppenpraxis ist stetig gewachsen und beim Umzug in die neuen R\u00e4umlichkeiten hat sich das Team intensiv damit auseinander gesetzt, wie die R\u00e4umlichkeiten und Wege in der neuen Praxis optimiert werden k\u00f6nnen.\",\"breadcrumb\":{\"@id\":\"https:\\\/\\\/fmc.ch\\\/praxiskonzept-in-der-gruppenpraxis-der-sanacare\\\/#breadcrumb\"},\"inLanguage\":\"fr-FR\",\"potentialAction\":[{\"@type\":\"ReadAction\",\"target\":[\"https:\\\/\\\/fmc.ch\\\/praxiskonzept-in-der-gruppenpraxis-der-sanacare\\\/\"]}]},{\"@type\":\"ImageObject\",\"inLanguage\":\"fr-FR\",\"@id\":\"https:\\\/\\\/fmc.ch\\\/praxiskonzept-in-der-gruppenpraxis-der-sanacare\\\/#primaryimage\",\"url\":\"https:\\\/\\\/fmc.ch\\\/wp-content\\\/uploads\\\/2024\\\/07\\\/Logo-sanacare.png\",\"contentUrl\":\"https:\\\/\\\/fmc.ch\\\/wp-content\\\/uploads\\\/2024\\\/07\\\/Logo-sanacare.png\",\"width\":493,\"height\":493},{\"@type\":\"BreadcrumbList\",\"@id\":\"https:\\\/\\\/fmc.ch\\\/praxiskonzept-in-der-gruppenpraxis-der-sanacare\\\/#breadcrumb\",\"itemListElement\":[{\"@type\":\"ListItem\",\"position\":1,\"name\":\"Home\",\"item\":\"https:\\\/\\\/fmc.ch\\\/\"},{\"@type\":\"ListItem\",\"position\":2,\"name\":\"Neues Praxiskonzept in der Gruppenpraxis der Sanacare\"}]},{\"@type\":\"WebSite\",\"@id\":\"https:\\\/\\\/fmc.ch\\\/#website\",\"url\":\"https:\\\/\\\/fmc.ch\\\/\",\"name\":\"FMC\",\"description\":\"Schweizer Forum f\u00fcr Integrierte Versorgung\",\"publisher\":{\"@id\":\"https:\\\/\\\/fmc.ch\\\/#organization\"},\"potentialAction\":[{\"@type\":\"SearchAction\",\"target\":{\"@type\":\"EntryPoint\",\"urlTemplate\":\"https:\\\/\\\/fmc.ch\\\/?s={search_term_string}\"},\"query-input\":{\"@type\":\"PropertyValueSpecification\",\"valueRequired\":true,\"valueName\":\"search_term_string\"}}],\"inLanguage\":\"fr-FR\"},{\"@type\":\"Organization\",\"@id\":\"https:\\\/\\\/fmc.ch\\\/#organization\",\"name\":\"FMC\",\"url\":\"https:\\\/\\\/fmc.ch\\\/\",\"logo\":{\"@type\":\"ImageObject\",\"inLanguage\":\"fr-FR\",\"@id\":\"https:\\\/\\\/fmc.ch\\\/#\\\/schema\\\/logo\\\/image\\\/\",\"url\":\"https:\\\/\\\/fmc.ch\\\/wp-content\\\/uploads\\\/2023\\\/09\\\/fmc-logo.svg\",\"contentUrl\":\"https:\\\/\\\/fmc.ch\\\/wp-content\\\/uploads\\\/2023\\\/09\\\/fmc-logo.svg\",\"caption\":\"FMC\"},\"image\":{\"@id\":\"https:\\\/\\\/fmc.ch\\\/#\\\/schema\\\/logo\\\/image\\\/\"}},{\"@type\":\"Person\",\"@id\":\"https:\\\/\\\/fmc.ch\\\/#\\\/schema\\\/person\\\/3a7218d283691f8ef8cf410e4615e507\",\"name\":\"Nadja Blanchard\",\"image\":{\"@type\":\"ImageObject\",\"inLanguage\":\"fr-FR\",\"@id\":\"https:\\\/\\\/secure.gravatar.com\\\/avatar\\\/729fbcebbfccd7834565b1398470d6ea84a4f3e7525873a0cb368db99228ce7b?s=96&d=mm&r=g\",\"url\":\"https:\\\/\\\/secure.gravatar.com\\\/avatar\\\/729fbcebbfccd7834565b1398470d6ea84a4f3e7525873a0cb368db99228ce7b?s=96&d=mm&r=g\",\"contentUrl\":\"https:\\\/\\\/secure.gravatar.com\\\/avatar\\\/729fbcebbfccd7834565b1398470d6ea84a4f3e7525873a0cb368db99228ce7b?s=96&d=mm&r=g\",\"caption\":\"Nadja Blanchard\"},\"url\":\"https:\\\/\\\/fmc.ch\\\/fr\\\/author\\\/nadja-blanchardfmc-ch\\\/\"}]}<\/script>\n<!-- \/ Yoast SEO plugin. -->","yoast_head_json":{"title":"Nouveau concept de cabinet dans le cabinet de groupe de Sanacare - FMC","description":"Le cabinet de groupe n'a cess\u00e9 de cro\u00eetre et, lors du d\u00e9m\u00e9nagement dans les nouveaux locaux, l'\u00e9quipe s'est pench\u00e9e de pr\u00e8s sur la mani\u00e8re d'optimiser les espaces et les trajets dans le nouveau cabinet.","robots":{"index":"index","follow":"follow","max-snippet":"max-snippet:-1","max-image-preview":"max-image-preview:large","max-video-preview":"max-video-preview:-1"},"canonical":"https:\/\/fmc.ch\/fr\/concept-de-cabinet-dans-le-cabinet-de-groupe-de-sanacare\/","og_locale":"fr_FR","og_type":"article","og_title":"Neues Praxiskonzept in der Gruppenpraxis der Sanacare - FMC","og_description":"Die Gruppenpraxis ist stetig gewachsen und beim Umzug in die neuen R\u00e4umlichkeiten hat sich das Team intensiv damit auseinander gesetzt, wie die R\u00e4umlichkeiten und Wege in der neuen Praxis optimiert werden k\u00f6nnen.","og_url":"https:\/\/fmc.ch\/fr\/concept-de-cabinet-dans-le-cabinet-de-groupe-de-sanacare\/","og_site_name":"FMC","article_published_time":"2024-07-05T16:22:14+00:00","article_modified_time":"2025-12-01T15:20:34+00:00","og_image":[{"width":493,"height":493,"url":"https:\/\/fmc.ch\/wp-content\/uploads\/2024\/07\/Logo-sanacare.png","type":"image\/png"}],"author":"Nadja Blanchard","twitter_card":"summary_large_image","twitter_misc":{"\u00c9crit par":"Nadja Blanchard","Dur\u00e9e de lecture estim\u00e9e":"2 minutes"},"schema":{"@context":"https:\/\/schema.org","@graph":[{"@type":"Article","@id":"https:\/\/fmc.ch\/praxiskonzept-in-der-gruppenpraxis-der-sanacare\/#article","isPartOf":{"@id":"https:\/\/fmc.ch\/praxiskonzept-in-der-gruppenpraxis-der-sanacare\/"},"author":{"name":"Nadja Blanchard","@id":"https:\/\/fmc.ch\/#\/schema\/person\/3a7218d283691f8ef8cf410e4615e507"},"headline":"Neues Praxiskonzept in der Gruppenpraxis der Sanacare","datePublished":"2024-07-05T16:22:14+00:00","dateModified":"2025-12-01T15:20:34+00:00","mainEntityOfPage":{"@id":"https:\/\/fmc.ch\/praxiskonzept-in-der-gruppenpraxis-der-sanacare\/"},"wordCount":278,"publisher":{"@id":"https:\/\/fmc.ch\/#organization"},"image":{"@id":"https:\/\/fmc.ch\/praxiskonzept-in-der-gruppenpraxis-der-sanacare\/#primaryimage"},"thumbnailUrl":"https:\/\/fmc.ch\/wp-content\/uploads\/2024\/07\/Logo-sanacare.png","articleSection":["fmc Club"],"inLanguage":"fr-FR"},{"@type":"WebPage","@id":"https:\/\/fmc.ch\/praxiskonzept-in-der-gruppenpraxis-der-sanacare\/","url":"https:\/\/fmc.ch\/praxiskonzept-in-der-gruppenpraxis-der-sanacare\/","name":"Nouveau concept de cabinet dans le cabinet de groupe de Sanacare - FMC","isPartOf":{"@id":"https:\/\/fmc.ch\/#website"},"primaryImageOfPage":{"@id":"https:\/\/fmc.ch\/praxiskonzept-in-der-gruppenpraxis-der-sanacare\/#primaryimage"},"image":{"@id":"https:\/\/fmc.ch\/praxiskonzept-in-der-gruppenpraxis-der-sanacare\/#primaryimage"},"thumbnailUrl":"https:\/\/fmc.ch\/wp-content\/uploads\/2024\/07\/Logo-sanacare.png","datePublished":"2024-07-05T16:22:14+00:00","dateModified":"2025-12-01T15:20:34+00:00","description":"Le cabinet de groupe n'a cess\u00e9 de cro\u00eetre et, lors du d\u00e9m\u00e9nagement dans les nouveaux locaux, l'\u00e9quipe s'est pench\u00e9e de pr\u00e8s sur la mani\u00e8re d'optimiser les espaces et les trajets dans le nouveau cabinet.","breadcrumb":{"@id":"https:\/\/fmc.ch\/praxiskonzept-in-der-gruppenpraxis-der-sanacare\/#breadcrumb"},"inLanguage":"fr-FR","potentialAction":[{"@type":"ReadAction","target":["https:\/\/fmc.ch\/praxiskonzept-in-der-gruppenpraxis-der-sanacare\/"]}]},{"@type":"ImageObject","inLanguage":"fr-FR","@id":"https:\/\/fmc.ch\/praxiskonzept-in-der-gruppenpraxis-der-sanacare\/#primaryimage","url":"https:\/\/fmc.ch\/wp-content\/uploads\/2024\/07\/Logo-sanacare.png","contentUrl":"https:\/\/fmc.ch\/wp-content\/uploads\/2024\/07\/Logo-sanacare.png","width":493,"height":493},{"@type":"BreadcrumbList","@id":"https:\/\/fmc.ch\/praxiskonzept-in-der-gruppenpraxis-der-sanacare\/#breadcrumb","itemListElement":[{"@type":"ListItem","position":1,"name":"Home","item":"https:\/\/fmc.ch\/"},{"@type":"ListItem","position":2,"name":"Neues Praxiskonzept in der Gruppenpraxis der Sanacare"}]},{"@type":"WebSite","@id":"https:\/\/fmc.ch\/#website","url":"https:\/\/fmc.ch\/","name":"FMC","description":"Forum suisse des soins int\u00e9gr\u00e9s","publisher":{"@id":"https:\/\/fmc.ch\/#organization"},"potentialAction":[{"@type":"SearchAction","target":{"@type":"EntryPoint","urlTemplate":"https:\/\/fmc.ch\/?s={search_term_string}"},"query-input":{"@type":"PropertyValueSpecification","valueRequired":true,"valueName":"search_term_string"}}],"inLanguage":"fr-FR"},{"@type":"Organization","@id":"https:\/\/fmc.ch\/#organization","name":"FMC","url":"https:\/\/fmc.ch\/","logo":{"@type":"ImageObject","inLanguage":"fr-FR","@id":"https:\/\/fmc.ch\/#\/schema\/logo\/image\/","url":"https:\/\/fmc.ch\/wp-content\/uploads\/2023\/09\/fmc-logo.svg","contentUrl":"https:\/\/fmc.ch\/wp-content\/uploads\/2023\/09\/fmc-logo.svg","caption":"FMC"},"image":{"@id":"https:\/\/fmc.ch\/#\/schema\/logo\/image\/"}},{"@type":"Person","@id":"https:\/\/fmc.ch\/#\/schema\/person\/3a7218d283691f8ef8cf410e4615e507","name":"Nadja Blanchard","image":{"@type":"ImageObject","inLanguage":"fr-FR","@id":"https:\/\/secure.gravatar.com\/avatar\/729fbcebbfccd7834565b1398470d6ea84a4f3e7525873a0cb368db99228ce7b?s=96&d=mm&r=g","url":"https:\/\/secure.gravatar.com\/avatar\/729fbcebbfccd7834565b1398470d6ea84a4f3e7525873a0cb368db99228ce7b?s=96&d=mm&r=g","contentUrl":"https:\/\/secure.gravatar.com\/avatar\/729fbcebbfccd7834565b1398470d6ea84a4f3e7525873a0cb368db99228ce7b?s=96&d=mm&r=g","caption":"Nadja Blanchard"},"url":"https:\/\/fmc.ch\/fr\/author\/nadja-blanchardfmc-ch\/"}]}},"_links":{"self":[{"href":"https:\/\/fmc.ch\/fr\/wp-json\/wp\/v2\/posts\/10508","targetHints":{"allow":["GET"]}}],"collection":[{"href":"https:\/\/fmc.ch\/fr\/wp-json\/wp\/v2\/posts"}],"about":[{"href":"https:\/\/fmc.ch\/fr\/wp-json\/wp\/v2\/types\/post"}],"author":[{"embeddable":true,"href":"https:\/\/fmc.ch\/fr\/wp-json\/wp\/v2\/users\/2"}],"replies":[{"embeddable":true,"href":"https:\/\/fmc.ch\/fr\/wp-json\/wp\/v2\/comments?post=10508"}],"version-history":[{"count":8,"href":"https:\/\/fmc.ch\/fr\/wp-json\/wp\/v2\/posts\/10508\/revisions"}],"predecessor-version":[{"id":17022,"href":"https:\/\/fmc.ch\/fr\/wp-json\/wp\/v2\/posts\/10508\/revisions\/17022"}],"wp:featuredmedia":[{"embeddable":true,"href":"https:\/\/fmc.ch\/fr\/wp-json\/wp\/v2\/media\/10509"}],"wp:attachment":[{"href":"https:\/\/fmc.ch\/fr\/wp-json\/wp\/v2\/media?parent=10508"}],"wp:term":[{"taxonomy":"strategie","embeddable":true,"href":"https:\/\/fmc.ch\/fr\/wp-json\/wp\/v2\/strategie?post=10508"},{"taxonomy":"thema","embeddable":true,"href":"https:\/\/fmc.ch\/fr\/wp-json\/wp\/v2\/thema?post=10508"},{"taxonomy":"format","embeddable":true,"href":"https:\/\/fmc.ch\/fr\/wp-json\/wp\/v2\/format?post=10508"}],"curies":[{"name":"wp","href":"https:\/\/api.w.org\/{rel}","templated":true}]}}