{"id":10488,"date":"2024-10-28T08:24:39","date_gmt":"2024-10-28T08:24:39","guid":{"rendered":"https:\/\/fmc.ch\/?p=10488"},"modified":"2025-11-27T16:39:43","modified_gmt":"2025-11-27T15:39:43","slug":"shared-decision-making-webinaire-sur-le-plan-de-crise-conjoint","status":"publish","type":"post","link":"https:\/\/fmc.ch\/fr\/shared-decision-making-webinar-zum-instrument-gemeinsamer-krisenplan\/","title":{"rendered":"Shared Decision Making : webinaire sur l'outil \"plan de crise conjoint\"."},"content":{"rendered":"<div data-elementor-type=\"wp-post\" data-elementor-id=\"10488\" class=\"elementor elementor-10488\" data-elementor-post-type=\"post\">\n\t\t\t\t\t\t<section class=\"elementor-section elementor-top-section elementor-element elementor-element-0eeafa8 elementor-section-boxed elementor-section-height-default elementor-section-height-default\" data-id=\"0eeafa8\" data-element_type=\"section\" data-e-type=\"section\">\n\t\t\t\t\t\t<div class=\"elementor-container elementor-column-gap-default\">\n\t\t\t\t\t<div class=\"elementor-column elementor-col-50 elementor-top-column elementor-element elementor-element-768ed72\" data-id=\"768ed72\" data-element_type=\"column\" data-e-type=\"column\">\n\t\t\t<div class=\"elementor-widget-wrap elementor-element-populated\">\n\t\t\t\t\t\t<div class=\"elementor-element elementor-element-92a3116 elementor-widget elementor-widget-text-editor\" data-id=\"92a3116\" data-element_type=\"widget\" data-e-type=\"widget\" data-widget_type=\"text-editor.default\">\n\t\t\t\t<div class=\"elementor-widget-container\">\n\t\t\t\t\t\t\t\t\t<p>Le \"plan de crise conjoint\" est un instrument qui permet de:<\/p><ul><li>int\u00e9grer de mani\u00e8re centrale les objectifs et les pr\u00e9f\u00e9rences des patient.e.s,<\/li><li>am\u00e9liorer la qualit\u00e9 de vie des patient.e.s,<\/li><li>Promouvoir l\u2019autogestion des troubles,<\/li><li>Augmenter l'adh\u00e9sion au traitement,<\/li><li>Soulager les proches aidant.e.s,<\/li><li>Eviter les hospitalisations \u00e9vitables et les r\u00e9admissions sous contrainte et r\u00e9duire ainsi les co\u00fbts.<\/li><\/ul><p>Le plan de crise conjoint a \u00e9t\u00e9 d\u00e9velopp\u00e9 \u00e0 l'origine comme un instrument th\u00e9rapeutique de soutien dans le domaine de la sant\u00e9 mentale. Lors du webinaire, nous aborderons entre autres la mani\u00e8re dont cet instrument peut \u00e9galement \u00eatre utilis\u00e9 en m\u00e9decine somatique, notamment en cas de maladies non transmissibles.<\/p>\t\t\t\t\t\t\t\t<\/div>\n\t\t\t\t<\/div>\n\t\t\t\t\t<\/div>\n\t\t<\/div>\n\t\t\t\t<div class=\"elementor-column elementor-col-50 elementor-top-column elementor-element elementor-element-c9f94f3\" data-id=\"c9f94f3\" data-element_type=\"column\" data-e-type=\"column\">\n\t\t\t<div class=\"elementor-widget-wrap elementor-element-populated\">\n\t\t\t\t\t\t<div class=\"elementor-element elementor-element-1b6c937 elementor-widget__width-initial elementor-widget elementor-widget-image\" data-id=\"1b6c937\" data-element_type=\"widget\" data-e-type=\"widget\" data-widget_type=\"image.default\">\n\t\t\t\t<div class=\"elementor-widget-container\">\n\t\t\t\t\t\t\t\t\t\t\t\t\t\t\t<img fetchpriority=\"high\" decoding=\"async\" width=\"800\" height=\"464\" src=\"https:\/\/fmc.ch\/wp-content\/uploads\/2024\/10\/Bild-Gemeinsamer-Krisenplan.png\" class=\"attachment-large size-large wp-image-11702\" alt=\"\" srcset=\"https:\/\/fmc.ch\/wp-content\/uploads\/2024\/10\/Bild-Gemeinsamer-Krisenplan.png 1269w, https:\/\/fmc.ch\/wp-content\/uploads\/2024\/10\/Bild-Gemeinsamer-Krisenplan-600x348.png 600w, https:\/\/fmc.ch\/wp-content\/uploads\/2024\/10\/Bild-Gemeinsamer-Krisenplan-768x445.png 768w\" sizes=\"(max-width: 800px) 100vw, 800px\" \/>\t\t\t\t\t\t\t\t\t\t\t\t\t\t\t<\/div>\n\t\t\t\t<\/div>\n\t\t\t\t\t<\/div>\n\t\t<\/div>\n\t\t\t\t\t<\/div>\n\t\t<\/section>\n\t\t\t\t<section class=\"elementor-section elementor-top-section elementor-element elementor-element-00acc07 elementor-section-boxed elementor-section-height-default elementor-section-height-default\" data-id=\"00acc07\" data-element_type=\"section\" data-e-type=\"section\">\n\t\t\t\t\t\t<div class=\"elementor-container elementor-column-gap-default\">\n\t\t\t\t\t<div class=\"elementor-column elementor-col-100 elementor-top-column elementor-element elementor-element-22d05cd\" data-id=\"22d05cd\" data-element_type=\"column\" data-e-type=\"column\">\n\t\t\t<div class=\"elementor-widget-wrap elementor-element-populated\">\n\t\t\t\t\t\t<div class=\"elementor-element elementor-element-823e314 elementor-widget elementor-widget-text-editor\" data-id=\"823e314\" data-element_type=\"widget\" data-e-type=\"widget\" data-widget_type=\"text-editor.default\">\n\t\t\t\t<div class=\"elementor-widget-container\">\n\t\t\t\t\t\t\t\t\t<p>Le webinaire est structur\u00e9 comme suit :<\/p><ul><li>Pascale Ferrari (charg\u00e9e de cours \u00e0 la Haute \u00e9cole de sant\u00e9 La Source, infirmi\u00e8re clinicienne sp\u00e9cialis\u00e9e dans le service de psychiatrie du CHUV et chef de projet plan de crise commun) pr\u00e9sentera l'outil et ses domaines d'application avec Philippe Proz, patient.\u00a0\u00a0<\/li><li>Le Dr J\u00e9r\u00f4me Cluzeau (m\u00e9decin de l'\u00e9quipe mobile d'addictologie de l'association Itin\u00e9raires et consultant, membre du R\u00e9seau de l'Arc) parlera de l'utilisation de cet outil dans ses activit\u00e9s, tant en \u00e9quipe mobile qu'en clinique.<\/li><li>Le Dr Adrian G\u00f6ldlin (responsable op\u00e9rationnel du domaine sp\u00e9cialis\u00e9 de la m\u00e9decine chez sanacare) r\u00e9fl\u00e9chit \u00e0 la mesure dans laquelle cet instrument peut \u00e9galement \u00eatre utilis\u00e9 dans son cabinet de m\u00e9decine de famille et aux adaptations n\u00e9cessaires.<\/li><\/ul>\t\t\t\t\t\t\t\t<\/div>\n\t\t\t\t<\/div>\n\t\t\t\t\t<\/div>\n\t\t<\/div>\n\t\t\t\t\t<\/div>\n\t\t<\/section>\n\t\t\t\t<section class=\"elementor-section elementor-top-section elementor-element elementor-element-c4559df elementor-section-boxed elementor-section-height-default elementor-section-height-default\" data-id=\"c4559df\" data-element_type=\"section\" data-e-type=\"section\">\n\t\t\t\t\t\t<div class=\"elementor-container elementor-column-gap-default\">\n\t\t\t\t\t<div class=\"elementor-column elementor-col-100 elementor-top-column elementor-element elementor-element-42cfa2a\" data-id=\"42cfa2a\" data-element_type=\"column\" data-e-type=\"column\">\n\t\t\t<div class=\"elementor-widget-wrap elementor-element-populated\">\n\t\t\t\t\t\t<div class=\"elementor-element elementor-element-da53793 elementor-widget elementor-widget-text-editor\" data-id=\"da53793\" data-element_type=\"widget\" data-e-type=\"widget\" data-widget_type=\"text-editor.default\">\n\t\t\t\t<div class=\"elementor-widget-container\">\n\t\t\t\t\t\t\t\t\t<p>Ce webinaire s'adresse aux patients et patientes, aux professionnels de la m\u00e9decine, de la psychiatrie et du secteur social, ainsi qu'aux repr\u00e9sentants et repr\u00e9sentantes des caisses maladie.<\/p><p>Les diff\u00e9rents intervenants s'exprimeront chacun dans leur langue (fran\u00e7ais ou allemand). Une traduction dans l'autre langue (fran\u00e7ais ou allemand) sera propos\u00e9e.<\/p>\t\t\t\t\t\t\t\t<\/div>\n\t\t\t\t<\/div>\n\t\t\t\t\t<\/div>\n\t\t<\/div>\n\t\t\t\t\t<\/div>\n\t\t<\/section>\n\t\t\t\t<section class=\"elementor-section elementor-top-section elementor-element elementor-element-2135ebc elementor-section-boxed elementor-section-height-default elementor-section-height-default\" data-id=\"2135ebc\" data-element_type=\"section\" data-e-type=\"section\">\n\t\t\t\t\t\t<div class=\"elementor-container elementor-column-gap-default\">\n\t\t\t\t\t<div class=\"elementor-column elementor-col-100 elementor-top-column elementor-element elementor-element-586e7a6\" data-id=\"586e7a6\" data-element_type=\"column\" data-e-type=\"column\">\n\t\t\t<div class=\"elementor-widget-wrap elementor-element-populated\">\n\t\t\t\t\t\t<div class=\"elementor-element elementor-element-d8c5514 elementor-widget elementor-widget-button\" data-id=\"d8c5514\" data-element_type=\"widget\" data-e-type=\"widget\" data-widget_type=\"button.default\">\n\t\t\t\t<div class=\"elementor-widget-container\">\n\t\t\t\t\t\t\t\t\t<div class=\"elementor-button-wrapper\">\n\t\t\t\t\t<a class=\"elementor-button elementor-button-link elementor-size-sm\" href=\"https:\/\/plandecriseconjoint.ch\/\" target=\"_blank\">\n\t\t\t\t\t\t<span class=\"elementor-button-content-wrapper\">\n\t\t\t\t\t\t\t\t\t<span class=\"elementor-button-text\">Cliquez ici pour acc\u00e9der au site web du plan de crise conjoint (en fran\u00e7ais)<\/span>\n\t\t\t\t\t<\/span>\n\t\t\t\t\t<\/a>\n\t\t\t\t<\/div>\n\t\t\t\t\t\t\t\t<\/div>\n\t\t\t\t<\/div>\n\t\t\t\t\t<\/div>\n\t\t<\/div>\n\t\t\t\t\t<\/div>\n\t\t<\/section>\n\t\t<div class=\"elementor-element elementor-element-c599cf8 e-flex e-con-boxed e-con e-parent\" data-id=\"c599cf8\" data-element_type=\"container\" data-e-type=\"container\">\n\t\t\t\t\t<div class=\"e-con-inner\">\n\t\t\t\t<div class=\"elementor-element elementor-element-955f86b elementor-widget elementor-widget-heading\" data-id=\"955f86b\" data-element_type=\"widget\" data-e-type=\"widget\" data-widget_type=\"heading.default\">\n\t\t\t\t<div class=\"elementor-widget-container\">\n\t\t\t\t\t<h2 class=\"elementor-heading-title elementor-size-default\">Enregistrement du webinaire<\/h2>\t\t\t\t<\/div>\n\t\t\t\t<\/div>\n\t\t\t\t<div class=\"elementor-element elementor-element-d256b56 elementor-widget elementor-widget-text-editor\" data-id=\"d256b56\" data-element_type=\"widget\" data-e-type=\"widget\" data-widget_type=\"text-editor.default\">\n\t\t\t\t<div class=\"elementor-widget-container\">\n\t\t\t\t\t\t\t\t\t<p>En raison de probl\u00e8mes techniques, les versions linguistiques ne sont pas enregistr\u00e9es s\u00e9par\u00e9ment. Dans cet enregistrement, chaque intervenant.e parle sa langue.<\/p>\t\t\t\t\t\t\t\t<\/div>\n\t\t\t\t<\/div>\n\t\t\t\t<div class=\"elementor-element elementor-element-68ed951 elementor-widget elementor-widget-video\" data-id=\"68ed951\" data-element_type=\"widget\" data-e-type=\"widget\" data-settings=\"{&quot;youtube_url&quot;:&quot;https:\\\/\\\/youtu.be\\\/FZ9ymNZAjYU&quot;,&quot;video_type&quot;:&quot;youtube&quot;,&quot;controls&quot;:&quot;yes&quot;}\" data-widget_type=\"video.default\">\n\t\t\t\t<div class=\"elementor-widget-container\">\n\t\t\t\t\t\t\t<div class=\"elementor-wrapper elementor-open-inline\">\n\t\t\t<div class=\"elementor-video\"><\/div>\t\t<\/div>\n\t\t\t\t\t\t<\/div>\n\t\t\t\t<\/div>\n\t\t\t\t\t<\/div>\n\t\t\t\t<\/div>\n\t\t<div class=\"elementor-element elementor-element-d0360be e-flex e-con-boxed e-con e-parent\" data-id=\"d0360be\" data-element_type=\"container\" data-e-type=\"container\">\n\t\t\t\t\t<div class=\"e-con-inner\">\n\t\t\t\t<div class=\"elementor-element elementor-element-537d401 elementor-widget elementor-widget-heading\" data-id=\"537d401\" data-element_type=\"widget\" data-e-type=\"widget\" data-widget_type=\"heading.default\">\n\t\t\t\t<div class=\"elementor-widget-container\">\n\t\t\t\t\t<h2 class=\"elementor-heading-title elementor-size-default\">La pr\u00e9sentation de Pascale Ferrari<\/h2>\t\t\t\t<\/div>\n\t\t\t\t<\/div>\n\t\t\t\t<div class=\"elementor-element elementor-element-da0eabe elementor-widget elementor-widget-shortcode\" data-id=\"da0eabe\" data-element_type=\"widget\" data-e-type=\"widget\" data-widget_type=\"shortcode.default\">\n\t\t\t\t<div class=\"elementor-widget-container\">\n\t\t\t\t\t\t\t<div class=\"elementor-shortcode\"><div class=\"_df_book df-lite\" id=\"df_13307\"  _slug=\"webinar-shared-decision-making-le-plan-de-crise-conjoint_praesentation-pascale-ferrari\" data-title=\"webinar-shared-decision-making-le-plan-de-crise-conjoint_praesentation-pascale-ferrari\" wpoptions=\"true\" thumbtype=\"\" ><\/div><script class=\"df-shortcode-script\" nowprocket type=\"application\/javascript\">window.option_df_13307 = {\"outline\":[],\"backgroundColor\":\"#f1f1f1\",\"height\":\"700\",\"autoEnableOutline\":\"false\",\"autoEnableThumbnail\":\"false\",\"overwritePDFOutline\":\"false\",\"direction\":\"1\",\"pageSize\":\"0\",\"source\":\"https:\\\/\\\/fmc.ch\\\/wp-content\\\/uploads\\\/2025\\\/01\\\/Webinaire-Shared-decision-making-le-plan-de-crise-conjoint_Pascale-Ferrari.pdf\",\"wpOptions\":\"true\"}; if(window.DFLIP && window.DFLIP.parseBooks){window.DFLIP.parseBooks();}<\/script><\/div>\n\t\t\t\t\t\t<\/div>\n\t\t\t\t<\/div>\n\t\t\t\t\t<\/div>\n\t\t\t\t<\/div>\n\t\t<div class=\"elementor-element elementor-element-67d14bf e-flex e-con-boxed e-con e-parent\" data-id=\"67d14bf\" data-element_type=\"container\" data-e-type=\"container\">\n\t\t\t\t\t<div class=\"e-con-inner\">\n\t\t\t\t<div class=\"elementor-element elementor-element-129452b elementor-widget elementor-widget-text-editor\" data-id=\"129452b\" data-element_type=\"widget\" data-e-type=\"widget\" data-widget_type=\"text-editor.default\">\n\t\t\t\t<div class=\"elementor-widget-container\">\n\t\t\t\t\t\t\t\t\t<p class=\"translation-block\">Nous remercions vivement tous les contributeurs, <b>Pascale Ferrari <\/b>(Haute \u00e9cole de sant\u00e9 La Source), <b>Philippe <\/b><b>Proz<\/b>, (pair en sant\u00e9 mentale), <b>Dr J\u00e9r\u00f4me Cluzeau <\/b>(membre du R\u00e9seau de l'Arc) et <b>Dr Adrian <\/b><b>G\u00f6ldlin<\/b> (sanacare).<\/p>\t\t\t\t\t\t\t\t<\/div>\n\t\t\t\t<\/div>\n\t\t\t\t\t<\/div>\n\t\t\t\t<\/div>\n\t\t\t\t<\/div>","protected":false},"excerpt":{"rendered":"<p>Le plan de crise commun est le r\u00e9sultat d'une d\u00e9cision commune entre une personne concern\u00e9e et un(e) professionnel(le), ainsi que, si possible, un(e) proche.<\/p>","protected":false},"author":2,"featured_media":10489,"comment_status":"closed","ping_status":"closed","sticky":false,"template":"","format":[138,141],"meta":{"footnotes":""},"strategie":[156],"thema":[153,168],"class_list":["post-10488","post","type-post","status-publish","format-standard","has-post-thumbnail","hentry","strategie-zusammenarbeit","thema-integration-von-patientinnen","thema-qualitaetsentwicklung","format-veranstaltung","format-webinare"],"yoast_head":"<!-- This site is optimized with the Yoast SEO plugin v27.5 - https:\/\/yoast.com\/product\/yoast-seo-wordpress\/ -->\n<title>Shared Decision Making: Webinar zum Instrument &quot;gemeinsamer Krisenplan&quot; - FMC<\/title>\n<meta name=\"description\" content=\"Der gemeinsame Krisenplant ist das Ergebnis einer gemeinsamen Entscheidung zwischen einer oder einem Betroffenen und einer Fachperson sowie, wo m\u00f6glich, einer oder einem Angeh\u00f6rigen.\" \/>\n<meta name=\"robots\" content=\"index, follow, max-snippet:-1, max-image-preview:large, max-video-preview:-1\" \/>\n<link rel=\"canonical\" href=\"https:\/\/fmc.ch\/fr\/shared-decision-making-webinaire-sur-le-plan-de-crise-conjoint\/\" \/>\n<meta property=\"og:locale\" content=\"fr_FR\" \/>\n<meta property=\"og:type\" content=\"article\" \/>\n<meta property=\"og:title\" content=\"Shared Decision Making: Webinar zum Instrument &quot;gemeinsamer Krisenplan&quot; - FMC\" \/>\n<meta property=\"og:description\" content=\"Der gemeinsame Krisenplant ist das Ergebnis einer gemeinsamen Entscheidung zwischen einer oder einem Betroffenen und einer Fachperson sowie, wo m\u00f6glich, einer oder einem Angeh\u00f6rigen.\" \/>\n<meta property=\"og:url\" content=\"https:\/\/fmc.ch\/fr\/shared-decision-making-webinaire-sur-le-plan-de-crise-conjoint\/\" \/>\n<meta property=\"og:site_name\" content=\"FMC\" \/>\n<meta property=\"article:published_time\" content=\"2024-10-28T08:24:39+00:00\" \/>\n<meta property=\"article:modified_time\" content=\"2025-11-27T15:39:43+00:00\" \/>\n<meta property=\"og:image\" content=\"https:\/\/fmc.ch\/wp-content\/uploads\/2024\/07\/Webinar-ProPCC.png\" \/>\n\t<meta property=\"og:image:width\" content=\"465\" \/>\n\t<meta property=\"og:image:height\" content=\"465\" \/>\n\t<meta property=\"og:image:type\" content=\"image\/png\" \/>\n<meta name=\"author\" content=\"Nadja Blanchard\" \/>\n<meta name=\"twitter:card\" content=\"summary_large_image\" \/>\n<meta name=\"twitter:label1\" content=\"\u00c9crit par\" \/>\n\t<meta name=\"twitter:data1\" content=\"Nadja Blanchard\" \/>\n\t<meta name=\"twitter:label2\" content=\"Dur\u00e9e de lecture estim\u00e9e\" \/>\n\t<meta name=\"twitter:data2\" content=\"3 minutes\" \/>\n<script type=\"application\/ld+json\" class=\"yoast-schema-graph\">{\"@context\":\"https:\\\/\\\/schema.org\",\"@graph\":[{\"@type\":\"Article\",\"@id\":\"https:\\\/\\\/fmc.ch\\\/shared-decision-making-webinar-zum-instrument-gemeinsamer-krisenplan\\\/#article\",\"isPartOf\":{\"@id\":\"https:\\\/\\\/fmc.ch\\\/shared-decision-making-webinar-zum-instrument-gemeinsamer-krisenplan\\\/\"},\"author\":{\"name\":\"Nadja Blanchard\",\"@id\":\"https:\\\/\\\/fmc.ch\\\/#\\\/schema\\\/person\\\/3a7218d283691f8ef8cf410e4615e507\"},\"headline\":\"Shared Decision Making: Webinar zum Instrument &#8222;gemeinsamer Krisenplan&#8220;\",\"datePublished\":\"2024-10-28T08:24:39+00:00\",\"dateModified\":\"2025-11-27T15:39:43+00:00\",\"mainEntityOfPage\":{\"@id\":\"https:\\\/\\\/fmc.ch\\\/shared-decision-making-webinar-zum-instrument-gemeinsamer-krisenplan\\\/\"},\"wordCount\":355,\"publisher\":{\"@id\":\"https:\\\/\\\/fmc.ch\\\/#organization\"},\"image\":{\"@id\":\"https:\\\/\\\/fmc.ch\\\/shared-decision-making-webinar-zum-instrument-gemeinsamer-krisenplan\\\/#primaryimage\"},\"thumbnailUrl\":\"https:\\\/\\\/fmc.ch\\\/wp-content\\\/uploads\\\/2024\\\/07\\\/Webinar-ProPCC.png\",\"keywords\":[\"Integration von Patient:innen\"],\"articleSection\":[\"Webinare\"],\"inLanguage\":\"fr-FR\"},{\"@type\":\"WebPage\",\"@id\":\"https:\\\/\\\/fmc.ch\\\/shared-decision-making-webinar-zum-instrument-gemeinsamer-krisenplan\\\/\",\"url\":\"https:\\\/\\\/fmc.ch\\\/shared-decision-making-webinar-zum-instrument-gemeinsamer-krisenplan\\\/\",\"name\":\"Shared Decision Making: Webinar zum Instrument \\\"gemeinsamer Krisenplan\\\" - FMC\",\"isPartOf\":{\"@id\":\"https:\\\/\\\/fmc.ch\\\/#website\"},\"primaryImageOfPage\":{\"@id\":\"https:\\\/\\\/fmc.ch\\\/shared-decision-making-webinar-zum-instrument-gemeinsamer-krisenplan\\\/#primaryimage\"},\"image\":{\"@id\":\"https:\\\/\\\/fmc.ch\\\/shared-decision-making-webinar-zum-instrument-gemeinsamer-krisenplan\\\/#primaryimage\"},\"thumbnailUrl\":\"https:\\\/\\\/fmc.ch\\\/wp-content\\\/uploads\\\/2024\\\/07\\\/Webinar-ProPCC.png\",\"datePublished\":\"2024-10-28T08:24:39+00:00\",\"dateModified\":\"2025-11-27T15:39:43+00:00\",\"description\":\"Der gemeinsame Krisenplant ist das Ergebnis einer gemeinsamen Entscheidung zwischen einer oder einem Betroffenen und einer Fachperson sowie, wo m\u00f6glich, einer oder einem Angeh\u00f6rigen.\",\"breadcrumb\":{\"@id\":\"https:\\\/\\\/fmc.ch\\\/shared-decision-making-webinar-zum-instrument-gemeinsamer-krisenplan\\\/#breadcrumb\"},\"inLanguage\":\"fr-FR\",\"potentialAction\":[{\"@type\":\"ReadAction\",\"target\":[\"https:\\\/\\\/fmc.ch\\\/shared-decision-making-webinar-zum-instrument-gemeinsamer-krisenplan\\\/\"]}]},{\"@type\":\"ImageObject\",\"inLanguage\":\"fr-FR\",\"@id\":\"https:\\\/\\\/fmc.ch\\\/shared-decision-making-webinar-zum-instrument-gemeinsamer-krisenplan\\\/#primaryimage\",\"url\":\"https:\\\/\\\/fmc.ch\\\/wp-content\\\/uploads\\\/2024\\\/07\\\/Webinar-ProPCC.png\",\"contentUrl\":\"https:\\\/\\\/fmc.ch\\\/wp-content\\\/uploads\\\/2024\\\/07\\\/Webinar-ProPCC.png\",\"width\":465,\"height\":465},{\"@type\":\"BreadcrumbList\",\"@id\":\"https:\\\/\\\/fmc.ch\\\/shared-decision-making-webinar-zum-instrument-gemeinsamer-krisenplan\\\/#breadcrumb\",\"itemListElement\":[{\"@type\":\"ListItem\",\"position\":1,\"name\":\"Home\",\"item\":\"https:\\\/\\\/fmc.ch\\\/\"},{\"@type\":\"ListItem\",\"position\":2,\"name\":\"Shared Decision Making: Webinar zum Instrument &#8222;gemeinsamer Krisenplan&#8220;\"}]},{\"@type\":\"WebSite\",\"@id\":\"https:\\\/\\\/fmc.ch\\\/#website\",\"url\":\"https:\\\/\\\/fmc.ch\\\/\",\"name\":\"FMC\",\"description\":\"Schweizer Forum f\u00fcr Integrierte Versorgung\",\"publisher\":{\"@id\":\"https:\\\/\\\/fmc.ch\\\/#organization\"},\"potentialAction\":[{\"@type\":\"SearchAction\",\"target\":{\"@type\":\"EntryPoint\",\"urlTemplate\":\"https:\\\/\\\/fmc.ch\\\/?s={search_term_string}\"},\"query-input\":{\"@type\":\"PropertyValueSpecification\",\"valueRequired\":true,\"valueName\":\"search_term_string\"}}],\"inLanguage\":\"fr-FR\"},{\"@type\":\"Organization\",\"@id\":\"https:\\\/\\\/fmc.ch\\\/#organization\",\"name\":\"FMC\",\"url\":\"https:\\\/\\\/fmc.ch\\\/\",\"logo\":{\"@type\":\"ImageObject\",\"inLanguage\":\"fr-FR\",\"@id\":\"https:\\\/\\\/fmc.ch\\\/#\\\/schema\\\/logo\\\/image\\\/\",\"url\":\"https:\\\/\\\/fmc.ch\\\/wp-content\\\/uploads\\\/2023\\\/09\\\/fmc-logo.svg\",\"contentUrl\":\"https:\\\/\\\/fmc.ch\\\/wp-content\\\/uploads\\\/2023\\\/09\\\/fmc-logo.svg\",\"caption\":\"FMC\"},\"image\":{\"@id\":\"https:\\\/\\\/fmc.ch\\\/#\\\/schema\\\/logo\\\/image\\\/\"}},{\"@type\":\"Person\",\"@id\":\"https:\\\/\\\/fmc.ch\\\/#\\\/schema\\\/person\\\/3a7218d283691f8ef8cf410e4615e507\",\"name\":\"Nadja Blanchard\",\"image\":{\"@type\":\"ImageObject\",\"inLanguage\":\"fr-FR\",\"@id\":\"https:\\\/\\\/secure.gravatar.com\\\/avatar\\\/729fbcebbfccd7834565b1398470d6ea84a4f3e7525873a0cb368db99228ce7b?s=96&d=mm&r=g\",\"url\":\"https:\\\/\\\/secure.gravatar.com\\\/avatar\\\/729fbcebbfccd7834565b1398470d6ea84a4f3e7525873a0cb368db99228ce7b?s=96&d=mm&r=g\",\"contentUrl\":\"https:\\\/\\\/secure.gravatar.com\\\/avatar\\\/729fbcebbfccd7834565b1398470d6ea84a4f3e7525873a0cb368db99228ce7b?s=96&d=mm&r=g\",\"caption\":\"Nadja Blanchard\"},\"url\":\"https:\\\/\\\/fmc.ch\\\/fr\\\/author\\\/nadja-blanchardfmc-ch\\\/\"}]}<\/script>\n<!-- \/ Yoast SEO plugin. -->","yoast_head_json":{"title":"Prise de d\u00e9cision partag\u00e9e : webinaire sur l'outil \"plan de crise commun\" - FMC","description":"Le plan de crise commun est le r\u00e9sultat d'une d\u00e9cision commune entre une personne concern\u00e9e et un professionnel de la sant\u00e9 ainsi que, si possible, un proche.","robots":{"index":"index","follow":"follow","max-snippet":"max-snippet:-1","max-image-preview":"max-image-preview:large","max-video-preview":"max-video-preview:-1"},"canonical":"https:\/\/fmc.ch\/fr\/shared-decision-making-webinaire-sur-le-plan-de-crise-conjoint\/","og_locale":"fr_FR","og_type":"article","og_title":"Shared Decision Making: Webinar zum Instrument \"gemeinsamer Krisenplan\" - FMC","og_description":"Der gemeinsame Krisenplant ist das Ergebnis einer gemeinsamen Entscheidung zwischen einer oder einem Betroffenen und einer Fachperson sowie, wo m\u00f6glich, einer oder einem Angeh\u00f6rigen.","og_url":"https:\/\/fmc.ch\/fr\/shared-decision-making-webinaire-sur-le-plan-de-crise-conjoint\/","og_site_name":"FMC","article_published_time":"2024-10-28T08:24:39+00:00","article_modified_time":"2025-11-27T15:39:43+00:00","og_image":[{"width":465,"height":465,"url":"https:\/\/fmc.ch\/wp-content\/uploads\/2024\/07\/Webinar-ProPCC.png","type":"image\/png"}],"author":"Nadja Blanchard","twitter_card":"summary_large_image","twitter_misc":{"\u00c9crit par":"Nadja Blanchard","Dur\u00e9e de lecture estim\u00e9e":"3 minutes"},"schema":{"@context":"https:\/\/schema.org","@graph":[{"@type":"Article","@id":"https:\/\/fmc.ch\/shared-decision-making-webinar-zum-instrument-gemeinsamer-krisenplan\/#article","isPartOf":{"@id":"https:\/\/fmc.ch\/shared-decision-making-webinar-zum-instrument-gemeinsamer-krisenplan\/"},"author":{"name":"Nadja Blanchard","@id":"https:\/\/fmc.ch\/#\/schema\/person\/3a7218d283691f8ef8cf410e4615e507"},"headline":"Shared Decision Making: Webinar zum Instrument &#8222;gemeinsamer Krisenplan&#8220;","datePublished":"2024-10-28T08:24:39+00:00","dateModified":"2025-11-27T15:39:43+00:00","mainEntityOfPage":{"@id":"https:\/\/fmc.ch\/shared-decision-making-webinar-zum-instrument-gemeinsamer-krisenplan\/"},"wordCount":355,"publisher":{"@id":"https:\/\/fmc.ch\/#organization"},"image":{"@id":"https:\/\/fmc.ch\/shared-decision-making-webinar-zum-instrument-gemeinsamer-krisenplan\/#primaryimage"},"thumbnailUrl":"https:\/\/fmc.ch\/wp-content\/uploads\/2024\/07\/Webinar-ProPCC.png","keywords":["Integration von Patient:innen"],"articleSection":["Webinare"],"inLanguage":"fr-FR"},{"@type":"WebPage","@id":"https:\/\/fmc.ch\/shared-decision-making-webinar-zum-instrument-gemeinsamer-krisenplan\/","url":"https:\/\/fmc.ch\/shared-decision-making-webinar-zum-instrument-gemeinsamer-krisenplan\/","name":"Prise de d\u00e9cision partag\u00e9e : webinaire sur l'outil \"plan de crise commun\" - FMC","isPartOf":{"@id":"https:\/\/fmc.ch\/#website"},"primaryImageOfPage":{"@id":"https:\/\/fmc.ch\/shared-decision-making-webinar-zum-instrument-gemeinsamer-krisenplan\/#primaryimage"},"image":{"@id":"https:\/\/fmc.ch\/shared-decision-making-webinar-zum-instrument-gemeinsamer-krisenplan\/#primaryimage"},"thumbnailUrl":"https:\/\/fmc.ch\/wp-content\/uploads\/2024\/07\/Webinar-ProPCC.png","datePublished":"2024-10-28T08:24:39+00:00","dateModified":"2025-11-27T15:39:43+00:00","description":"Le plan de crise commun est le r\u00e9sultat d'une d\u00e9cision commune entre une personne concern\u00e9e et un professionnel de la sant\u00e9 ainsi que, si possible, un proche.","breadcrumb":{"@id":"https:\/\/fmc.ch\/shared-decision-making-webinar-zum-instrument-gemeinsamer-krisenplan\/#breadcrumb"},"inLanguage":"fr-FR","potentialAction":[{"@type":"ReadAction","target":["https:\/\/fmc.ch\/shared-decision-making-webinar-zum-instrument-gemeinsamer-krisenplan\/"]}]},{"@type":"ImageObject","inLanguage":"fr-FR","@id":"https:\/\/fmc.ch\/shared-decision-making-webinar-zum-instrument-gemeinsamer-krisenplan\/#primaryimage","url":"https:\/\/fmc.ch\/wp-content\/uploads\/2024\/07\/Webinar-ProPCC.png","contentUrl":"https:\/\/fmc.ch\/wp-content\/uploads\/2024\/07\/Webinar-ProPCC.png","width":465,"height":465},{"@type":"BreadcrumbList","@id":"https:\/\/fmc.ch\/shared-decision-making-webinar-zum-instrument-gemeinsamer-krisenplan\/#breadcrumb","itemListElement":[{"@type":"ListItem","position":1,"name":"Home","item":"https:\/\/fmc.ch\/"},{"@type":"ListItem","position":2,"name":"Shared Decision Making: Webinar zum Instrument &#8222;gemeinsamer Krisenplan&#8220;"}]},{"@type":"WebSite","@id":"https:\/\/fmc.ch\/#website","url":"https:\/\/fmc.ch\/","name":"FMC","description":"Forum suisse des soins int\u00e9gr\u00e9s","publisher":{"@id":"https:\/\/fmc.ch\/#organization"},"potentialAction":[{"@type":"SearchAction","target":{"@type":"EntryPoint","urlTemplate":"https:\/\/fmc.ch\/?s={search_term_string}"},"query-input":{"@type":"PropertyValueSpecification","valueRequired":true,"valueName":"search_term_string"}}],"inLanguage":"fr-FR"},{"@type":"Organization","@id":"https:\/\/fmc.ch\/#organization","name":"FMC","url":"https:\/\/fmc.ch\/","logo":{"@type":"ImageObject","inLanguage":"fr-FR","@id":"https:\/\/fmc.ch\/#\/schema\/logo\/image\/","url":"https:\/\/fmc.ch\/wp-content\/uploads\/2023\/09\/fmc-logo.svg","contentUrl":"https:\/\/fmc.ch\/wp-content\/uploads\/2023\/09\/fmc-logo.svg","caption":"FMC"},"image":{"@id":"https:\/\/fmc.ch\/#\/schema\/logo\/image\/"}},{"@type":"Person","@id":"https:\/\/fmc.ch\/#\/schema\/person\/3a7218d283691f8ef8cf410e4615e507","name":"Nadja Blanchard","image":{"@type":"ImageObject","inLanguage":"fr-FR","@id":"https:\/\/secure.gravatar.com\/avatar\/729fbcebbfccd7834565b1398470d6ea84a4f3e7525873a0cb368db99228ce7b?s=96&d=mm&r=g","url":"https:\/\/secure.gravatar.com\/avatar\/729fbcebbfccd7834565b1398470d6ea84a4f3e7525873a0cb368db99228ce7b?s=96&d=mm&r=g","contentUrl":"https:\/\/secure.gravatar.com\/avatar\/729fbcebbfccd7834565b1398470d6ea84a4f3e7525873a0cb368db99228ce7b?s=96&d=mm&r=g","caption":"Nadja Blanchard"},"url":"https:\/\/fmc.ch\/fr\/author\/nadja-blanchardfmc-ch\/"}]}},"_links":{"self":[{"href":"https:\/\/fmc.ch\/fr\/wp-json\/wp\/v2\/posts\/10488","targetHints":{"allow":["GET"]}}],"collection":[{"href":"https:\/\/fmc.ch\/fr\/wp-json\/wp\/v2\/posts"}],"about":[{"href":"https:\/\/fmc.ch\/fr\/wp-json\/wp\/v2\/types\/post"}],"author":[{"embeddable":true,"href":"https:\/\/fmc.ch\/fr\/wp-json\/wp\/v2\/users\/2"}],"replies":[{"embeddable":true,"href":"https:\/\/fmc.ch\/fr\/wp-json\/wp\/v2\/comments?post=10488"}],"version-history":[{"count":62,"href":"https:\/\/fmc.ch\/fr\/wp-json\/wp\/v2\/posts\/10488\/revisions"}],"predecessor-version":[{"id":13335,"href":"https:\/\/fmc.ch\/fr\/wp-json\/wp\/v2\/posts\/10488\/revisions\/13335"}],"wp:featuredmedia":[{"embeddable":true,"href":"https:\/\/fmc.ch\/fr\/wp-json\/wp\/v2\/media\/10489"}],"wp:attachment":[{"href":"https:\/\/fmc.ch\/fr\/wp-json\/wp\/v2\/media?parent=10488"}],"wp:term":[{"taxonomy":"strategie","embeddable":true,"href":"https:\/\/fmc.ch\/fr\/wp-json\/wp\/v2\/strategie?post=10488"},{"taxonomy":"thema","embeddable":true,"href":"https:\/\/fmc.ch\/fr\/wp-json\/wp\/v2\/thema?post=10488"},{"taxonomy":"format","embeddable":true,"href":"https:\/\/fmc.ch\/fr\/wp-json\/wp\/v2\/format?post=10488"}],"curies":[{"name":"wp","href":"https:\/\/api.w.org\/{rel}","templated":true}]}}